{"id":36660,"date":"2019-07-20T11:33:57","date_gmt":"2019-07-20T16:33:57","guid":{"rendered":"https:\/\/canal7slp.tv\/2019\/?p=36660"},"modified":"2019-07-20T11:33:57","modified_gmt":"2019-07-20T16:33:57","slug":"merkel-llama-patriotas-a-quienes-ejecutaron-la-operacion-valquiria","status":"publish","type":"post","link":"https:\/\/canal7slp.tv\/2019\/merkel-llama-patriotas-a-quienes-ejecutaron-la-operacion-valquiria\/","title":{"rendered":"Merkel llama \u201cpatriotas\u201d a quienes ejecutaron la \u201cOperaci\u00f3n Valquiria\u201d"},"content":{"rendered":"<p style=\"text-align: justify;\">Berl\u00edn.- La canciller federal de Alemania, Angela Merkel, encabez\u00f3 este d\u00eda la ceremonia del 75 aniversario de la llamada \u201cOperaci\u00f3n Valquiria\u201d, el atentado contra Adolf Hitler de 1944, y llam\u00f3 \u201cpatriotas\u201d a los que llevaron a cabo ese fallido ataque, en el que el l\u00edder alem\u00e1n result\u00f3 con heridas leves.<\/p>\n<p style=\"text-align: justify;\">Merkel, acompa\u00f1ada por la nueva ministra de Defensa, Annegret Kramp-Karrenbauer, enalteci\u00f3 a quienes realizaron el atentado contra el f\u00fchrer, y argument\u00f3 que actuaron bajo la &#8220;obligaci\u00f3n a desobedecer\u201d a la dictadura nazi.<\/p>\n<p style=\"text-align: justify;\">&#8220;Hay momentos en que la desobediencia es obligatoria\u201d, enfatiz\u00f3 Merkel, de acuerdo con reportes de la cadena alemana de informaci\u00f3n Deutsche Welle.<\/p>\n<p style=\"text-align: justify;\">La canciller federal destac\u00f3 la figura del coronel Claus Schenk von Stauffenberg, autor material del ataque y el m\u00e1s visible de la &#8220;Operaci\u00f3n Valquiria&#8221;, durante la ceremonia del 75 aniversario realizada ante 400 nuevos reclutas del ej\u00e9rcito alem\u00e1n en la sede del Ministerio de Defensa.<\/p>\n<p style=\"text-align: justify;\">Llam\u00f3 a &#8220;cuidar su memoria (de Stauffenberg) para que las lecciones de la historia no se desvanezcan\u201d.<\/p>\n<p style=\"text-align: justify;\">La nueva ministra de Defensa, quien reemplaz\u00f3 a Ursula von der Leyen, resalt\u00f3 que quienes participaron en el atentado contra Hitler &#8220;fueron soldados modelos que se levantaron contra la tiran\u00eda\u201d.<\/p>\n<p style=\"text-align: justify;\">La ceremonia sigui\u00f3 a la tradicional jura de la bandera en el Bendlerblock, sede del Ministerio de Defensa.<\/p>\n<p style=\"text-align: justify;\">Von Stauffenberg fue quien el 20 de julio de 1944 coloc\u00f3 una maleta con explosivos bajo una mesa en el cuartel donde Hitler se reun\u00eda con el Estado Mayor, en Prusia Oriental.<\/p>\n<p style=\"text-align: justify;\">En la maleta hab\u00eda dos bombas, pero solo estall\u00f3 una, causando la muerte a cuatro personas de las m\u00e1s de 20 que se encontraban reunidas con Hitler, quien sufri\u00f3 heridas leves.<\/p>\n<p style=\"text-align: justify;\">El coronel Von Stauffenberg abandon\u00f3 el cuartel poco antes del estallido y regres\u00f3 a Berl\u00edn, sin saber a\u00fan que Hitler segu\u00eda vivo, donde pretend\u00eda negociar el fin de la guerra con los aliados.<\/p>\n<p style=\"text-align: justify;\">Sin embargo, esa misma noche fue ejecutado con varios de los que participaron en el fallido atentado. En los d\u00edas siguientes cientos de implicados en la &#8220;Operaci\u00f3n Valquiria&#8221; fueron asesinados, mientras que sus familias sufrieron la represi\u00f3n nazi.<\/p>\n<p style=\"text-align: justify;\">La &#8220;Operaci\u00f3n Valquiria&#8221; fue preparada durante meses por un grupo de arist\u00f3cratas y militares como\u00a0 Friedirch Fromm, Werner Karl von Haeften, G\u00fcnther Adolf Ferdinand von Kluge, Carl-Heinrich von St\u00fclpnagel, Henning Hermann Robert Karl von Tresckow, Ludwig Beck, Berthold Schenk Graf v. Stauffenberg,\u00a0 y Friedrich Olbricht, entre otros.<\/p>\n","protected":false},"excerpt":{"rendered":"<p>Berl\u00edn.- La canciller federal de Alemania, Angela Merkel, encabez\u00f3 este d\u00eda la ceremonia del 75 aniversario de la llamada \u201cOperaci\u00f3n Valquiria\u201d, el atentado contra Adolf Hitler de 1944, y llam\u00f3 \u201cpatriotas\u201d a los que llevaron a cabo ese fallido ataque, en el que el l\u00edder alem\u00e1n result\u00f3 con heridas leves. Merkel, acompa\u00f1ada por la nueva [&hellip;]<\/p>\n","protected":false},"author":2,"featured_media":36661,"comment_status":"open","ping_status":"closed","sticky":false,"template":"","format":"standard","meta":{"footnotes":""},"categories":[18],"tags":[],"class_list":["post-36660","post","type-post","status-publish","format-standard","has-post-thumbnail","hentry","category-internacional"],"yoast_head":"<!-- This site is optimized with the Yoast SEO plugin v27.4 - https:\/\/yoast.com\/product\/yoast-seo-wordpress\/ -->\n<title>Merkel llama \u201cpatriotas\u201d a quienes ejecutaron la \u201cOperaci\u00f3n Valquiria\u201d - Canal 7 SLP - 2019<\/title>\n<meta name=\"robots\" content=\"index, follow, max-snippet:-1, max-image-preview:large, max-video-preview:-1\" \/>\n<link rel=\"canonical\" href=\"https:\/\/canal7slp.tv\/2019\/merkel-llama-patriotas-a-quienes-ejecutaron-la-operacion-valquiria\/\" \/>\n<meta property=\"og:locale\" content=\"es_ES\" \/>\n<meta property=\"og:type\" content=\"article\" \/>\n<meta property=\"og:title\" content=\"Merkel llama \u201cpatriotas\u201d a quienes ejecutaron la \u201cOperaci\u00f3n Valquiria\u201d - Canal 7 SLP - 2019\" \/>\n<meta property=\"og:description\" content=\"Berl\u00edn.- La canciller federal de Alemania, Angela Merkel, encabez\u00f3 este d\u00eda la ceremonia del 75 aniversario de la llamada \u201cOperaci\u00f3n Valquiria\u201d, el atentado contra Adolf Hitler de 1944, y llam\u00f3 \u201cpatriotas\u201d a los que llevaron a cabo ese fallido ataque, en el que el l\u00edder alem\u00e1n result\u00f3 con heridas leves. Merkel, acompa\u00f1ada por la nueva [&hellip;]\" \/>\n<meta property=\"og:url\" content=\"https:\/\/canal7slp.tv\/2019\/merkel-llama-patriotas-a-quienes-ejecutaron-la-operacion-valquiria\/\" \/>\n<meta property=\"og:site_name\" content=\"Canal 7 SLP - 2019\" \/>\n<meta property=\"article:publisher\" content=\"https:\/\/www.facebook.com\/CANAL7SLP\/\" \/>\n<meta property=\"article:published_time\" content=\"2019-07-20T16:33:57+00:00\" \/>\n<meta property=\"og:image\" content=\"https:\/\/canal7slp.tv\/2019\/wp-content\/uploads\/2019\/07\/1345-1.jpg\" \/>\n\t<meta property=\"og:image:width\" content=\"702\" \/>\n\t<meta property=\"og:image:height\" content=\"410\" \/>\n\t<meta property=\"og:image:type\" content=\"image\/jpeg\" \/>\n<meta name=\"author\" content=\"edicionweb\" \/>\n<meta name=\"twitter:card\" content=\"summary_large_image\" \/>\n<meta name=\"twitter:creator\" content=\"@canal7_slp\" \/>\n<meta name=\"twitter:site\" content=\"@canal7_slp\" \/>\n<meta name=\"twitter:label1\" content=\"Escrito por\" \/>\n\t<meta name=\"twitter:data1\" content=\"edicionweb\" \/>\n\t<meta name=\"twitter:label2\" content=\"Tiempo de lectura\" \/>\n\t<meta name=\"twitter:data2\" content=\"2 minutos\" \/>\n<script type=\"application\/ld+json\" class=\"yoast-schema-graph\">{\"@context\":\"https:\\\/\\\/schema.org\",\"@graph\":[{\"@type\":\"Article\",\"@id\":\"https:\\\/\\\/canal7slp.tv\\\/2019\\\/merkel-llama-patriotas-a-quienes-ejecutaron-la-operacion-valquiria\\\/#article\",\"isPartOf\":{\"@id\":\"https:\\\/\\\/canal7slp.tv\\\/2019\\\/merkel-llama-patriotas-a-quienes-ejecutaron-la-operacion-valquiria\\\/\"},\"author\":{\"name\":\"edicionweb\",\"@id\":\"https:\\\/\\\/canal7slp.tv\\\/2019\\\/#\\\/schema\\\/person\\\/11d941c1c6ca30ac0a46b95fa37aa2e3\"},\"headline\":\"Merkel llama \u201cpatriotas\u201d a quienes ejecutaron la \u201cOperaci\u00f3n Valquiria\u201d\",\"datePublished\":\"2019-07-20T16:33:57+00:00\",\"mainEntityOfPage\":{\"@id\":\"https:\\\/\\\/canal7slp.tv\\\/2019\\\/merkel-llama-patriotas-a-quienes-ejecutaron-la-operacion-valquiria\\\/\"},\"wordCount\":427,\"commentCount\":0,\"publisher\":{\"@id\":\"https:\\\/\\\/canal7slp.tv\\\/2019\\\/#organization\"},\"image\":{\"@id\":\"https:\\\/\\\/canal7slp.tv\\\/2019\\\/merkel-llama-patriotas-a-quienes-ejecutaron-la-operacion-valquiria\\\/#primaryimage\"},\"thumbnailUrl\":\"https:\\\/\\\/canal7slp.tv\\\/2019\\\/wp-content\\\/uploads\\\/2019\\\/07\\\/1345-1.jpg\",\"articleSection\":[\"INTERNACIONAL\"],\"inLanguage\":\"es\",\"potentialAction\":[{\"@type\":\"CommentAction\",\"name\":\"Comment\",\"target\":[\"https:\\\/\\\/canal7slp.tv\\\/2019\\\/merkel-llama-patriotas-a-quienes-ejecutaron-la-operacion-valquiria\\\/#respond\"]}]},{\"@type\":\"WebPage\",\"@id\":\"https:\\\/\\\/canal7slp.tv\\\/2019\\\/merkel-llama-patriotas-a-quienes-ejecutaron-la-operacion-valquiria\\\/\",\"url\":\"https:\\\/\\\/canal7slp.tv\\\/2019\\\/merkel-llama-patriotas-a-quienes-ejecutaron-la-operacion-valquiria\\\/\",\"name\":\"Merkel llama \u201cpatriotas\u201d a quienes ejecutaron la \u201cOperaci\u00f3n Valquiria\u201d - Canal 7 SLP - 2019\",\"isPartOf\":{\"@id\":\"https:\\\/\\\/canal7slp.tv\\\/2019\\\/#website\"},\"primaryImageOfPage\":{\"@id\":\"https:\\\/\\\/canal7slp.tv\\\/2019\\\/merkel-llama-patriotas-a-quienes-ejecutaron-la-operacion-valquiria\\\/#primaryimage\"},\"image\":{\"@id\":\"https:\\\/\\\/canal7slp.tv\\\/2019\\\/merkel-llama-patriotas-a-quienes-ejecutaron-la-operacion-valquiria\\\/#primaryimage\"},\"thumbnailUrl\":\"https:\\\/\\\/canal7slp.tv\\\/2019\\\/wp-content\\\/uploads\\\/2019\\\/07\\\/1345-1.jpg\",\"datePublished\":\"2019-07-20T16:33:57+00:00\",\"breadcrumb\":{\"@id\":\"https:\\\/\\\/canal7slp.tv\\\/2019\\\/merkel-llama-patriotas-a-quienes-ejecutaron-la-operacion-valquiria\\\/#breadcrumb\"},\"inLanguage\":\"es\",\"potentialAction\":[{\"@type\":\"ReadAction\",\"target\":[\"https:\\\/\\\/canal7slp.tv\\\/2019\\\/merkel-llama-patriotas-a-quienes-ejecutaron-la-operacion-valquiria\\\/\"]}]},{\"@type\":\"ImageObject\",\"inLanguage\":\"es\",\"@id\":\"https:\\\/\\\/canal7slp.tv\\\/2019\\\/merkel-llama-patriotas-a-quienes-ejecutaron-la-operacion-valquiria\\\/#primaryimage\",\"url\":\"https:\\\/\\\/canal7slp.tv\\\/2019\\\/wp-content\\\/uploads\\\/2019\\\/07\\\/1345-1.jpg\",\"contentUrl\":\"https:\\\/\\\/canal7slp.tv\\\/2019\\\/wp-content\\\/uploads\\\/2019\\\/07\\\/1345-1.jpg\",\"width\":702,\"height\":410},{\"@type\":\"BreadcrumbList\",\"@id\":\"https:\\\/\\\/canal7slp.tv\\\/2019\\\/merkel-llama-patriotas-a-quienes-ejecutaron-la-operacion-valquiria\\\/#breadcrumb\",\"itemListElement\":[{\"@type\":\"ListItem\",\"position\":1,\"name\":\"Home\",\"item\":\"https:\\\/\\\/canal7slp.tv\\\/2019\\\/\"},{\"@type\":\"ListItem\",\"position\":2,\"name\":\"Merkel llama \u201cpatriotas\u201d a quienes ejecutaron la \u201cOperaci\u00f3n Valquiria\u201d\"}]},{\"@type\":\"WebSite\",\"@id\":\"https:\\\/\\\/canal7slp.tv\\\/2019\\\/#website\",\"url\":\"https:\\\/\\\/canal7slp.tv\\\/2019\\\/\",\"name\":\"Canal 7 SLP - Somos TV\",\"description\":\"Somos un Canal de 10\",\"publisher\":{\"@id\":\"https:\\\/\\\/canal7slp.tv\\\/2019\\\/#organization\"},\"potentialAction\":[{\"@type\":\"SearchAction\",\"target\":{\"@type\":\"EntryPoint\",\"urlTemplate\":\"https:\\\/\\\/canal7slp.tv\\\/2019\\\/?s={search_term_string}\"},\"query-input\":{\"@type\":\"PropertyValueSpecification\",\"valueRequired\":true,\"valueName\":\"search_term_string\"}}],\"inLanguage\":\"es\"},{\"@type\":\"Organization\",\"@id\":\"https:\\\/\\\/canal7slp.tv\\\/2019\\\/#organization\",\"name\":\"Comunicaci\u00f3n 2000 S.A. de C.V.\",\"url\":\"https:\\\/\\\/canal7slp.tv\\\/2019\\\/\",\"logo\":{\"@type\":\"ImageObject\",\"inLanguage\":\"es\",\"@id\":\"https:\\\/\\\/canal7slp.tv\\\/2019\\\/#\\\/schema\\\/logo\\\/image\\\/\",\"url\":\"https:\\\/\\\/canal7slp.tv\\\/2019\\\/wp-content\\\/uploads\\\/2019\\\/07\\\/logo-c7.png\",\"contentUrl\":\"https:\\\/\\\/canal7slp.tv\\\/2019\\\/wp-content\\\/uploads\\\/2019\\\/07\\\/logo-c7.png\",\"width\":220,\"height\":60,\"caption\":\"Comunicaci\u00f3n 2000 S.A. de C.V.\"},\"image\":{\"@id\":\"https:\\\/\\\/canal7slp.tv\\\/2019\\\/#\\\/schema\\\/logo\\\/image\\\/\"},\"sameAs\":[\"https:\\\/\\\/www.facebook.com\\\/CANAL7SLP\\\/\",\"https:\\\/\\\/x.com\\\/canal7_slp\",\"https:\\\/\\\/www.instagram.com\\\/canal7_slp\",\"https:\\\/\\\/www.youtube.com\\\/user\\\/NOTICIEROSCANAL7SLP\\\/\"]},{\"@type\":\"Person\",\"@id\":\"https:\\\/\\\/canal7slp.tv\\\/2019\\\/#\\\/schema\\\/person\\\/11d941c1c6ca30ac0a46b95fa37aa2e3\",\"name\":\"edicionweb\",\"image\":{\"@type\":\"ImageObject\",\"inLanguage\":\"es\",\"@id\":\"https:\\\/\\\/secure.gravatar.com\\\/avatar\\\/eee448fc3f7164808013b816ba91ac7e43bbe82a70bebac296f8bc6f0addaa1a?s=96&d=mm&r=g\",\"url\":\"https:\\\/\\\/secure.gravatar.com\\\/avatar\\\/eee448fc3f7164808013b816ba91ac7e43bbe82a70bebac296f8bc6f0addaa1a?s=96&d=mm&r=g\",\"contentUrl\":\"https:\\\/\\\/secure.gravatar.com\\\/avatar\\\/eee448fc3f7164808013b816ba91ac7e43bbe82a70bebac296f8bc6f0addaa1a?s=96&d=mm&r=g\",\"caption\":\"edicionweb\"}}]}<\/script>\n<!-- \/ Yoast SEO plugin. -->","yoast_head_json":{"title":"Merkel llama \u201cpatriotas\u201d a quienes ejecutaron la \u201cOperaci\u00f3n Valquiria\u201d - Canal 7 SLP - 2019","robots":{"index":"index","follow":"follow","max-snippet":"max-snippet:-1","max-image-preview":"max-image-preview:large","max-video-preview":"max-video-preview:-1"},"canonical":"https:\/\/canal7slp.tv\/2019\/merkel-llama-patriotas-a-quienes-ejecutaron-la-operacion-valquiria\/","og_locale":"es_ES","og_type":"article","og_title":"Merkel llama \u201cpatriotas\u201d a quienes ejecutaron la \u201cOperaci\u00f3n Valquiria\u201d - Canal 7 SLP - 2019","og_description":"Berl\u00edn.- La canciller federal de Alemania, Angela Merkel, encabez\u00f3 este d\u00eda la ceremonia del 75 aniversario de la llamada \u201cOperaci\u00f3n Valquiria\u201d, el atentado contra Adolf Hitler de 1944, y llam\u00f3 \u201cpatriotas\u201d a los que llevaron a cabo ese fallido ataque, en el que el l\u00edder alem\u00e1n result\u00f3 con heridas leves. Merkel, acompa\u00f1ada por la nueva [&hellip;]","og_url":"https:\/\/canal7slp.tv\/2019\/merkel-llama-patriotas-a-quienes-ejecutaron-la-operacion-valquiria\/","og_site_name":"Canal 7 SLP - 2019","article_publisher":"https:\/\/www.facebook.com\/CANAL7SLP\/","article_published_time":"2019-07-20T16:33:57+00:00","og_image":[{"width":702,"height":410,"url":"https:\/\/canal7slp.tv\/2019\/wp-content\/uploads\/2019\/07\/1345-1.jpg","type":"image\/jpeg"}],"author":"edicionweb","twitter_card":"summary_large_image","twitter_creator":"@canal7_slp","twitter_site":"@canal7_slp","twitter_misc":{"Escrito por":"edicionweb","Tiempo de lectura":"2 minutos"},"schema":{"@context":"https:\/\/schema.org","@graph":[{"@type":"Article","@id":"https:\/\/canal7slp.tv\/2019\/merkel-llama-patriotas-a-quienes-ejecutaron-la-operacion-valquiria\/#article","isPartOf":{"@id":"https:\/\/canal7slp.tv\/2019\/merkel-llama-patriotas-a-quienes-ejecutaron-la-operacion-valquiria\/"},"author":{"name":"edicionweb","@id":"https:\/\/canal7slp.tv\/2019\/#\/schema\/person\/11d941c1c6ca30ac0a46b95fa37aa2e3"},"headline":"Merkel llama \u201cpatriotas\u201d a quienes ejecutaron la \u201cOperaci\u00f3n Valquiria\u201d","datePublished":"2019-07-20T16:33:57+00:00","mainEntityOfPage":{"@id":"https:\/\/canal7slp.tv\/2019\/merkel-llama-patriotas-a-quienes-ejecutaron-la-operacion-valquiria\/"},"wordCount":427,"commentCount":0,"publisher":{"@id":"https:\/\/canal7slp.tv\/2019\/#organization"},"image":{"@id":"https:\/\/canal7slp.tv\/2019\/merkel-llama-patriotas-a-quienes-ejecutaron-la-operacion-valquiria\/#primaryimage"},"thumbnailUrl":"https:\/\/canal7slp.tv\/2019\/wp-content\/uploads\/2019\/07\/1345-1.jpg","articleSection":["INTERNACIONAL"],"inLanguage":"es","potentialAction":[{"@type":"CommentAction","name":"Comment","target":["https:\/\/canal7slp.tv\/2019\/merkel-llama-patriotas-a-quienes-ejecutaron-la-operacion-valquiria\/#respond"]}]},{"@type":"WebPage","@id":"https:\/\/canal7slp.tv\/2019\/merkel-llama-patriotas-a-quienes-ejecutaron-la-operacion-valquiria\/","url":"https:\/\/canal7slp.tv\/2019\/merkel-llama-patriotas-a-quienes-ejecutaron-la-operacion-valquiria\/","name":"Merkel llama \u201cpatriotas\u201d a quienes ejecutaron la \u201cOperaci\u00f3n Valquiria\u201d - Canal 7 SLP - 2019","isPartOf":{"@id":"https:\/\/canal7slp.tv\/2019\/#website"},"primaryImageOfPage":{"@id":"https:\/\/canal7slp.tv\/2019\/merkel-llama-patriotas-a-quienes-ejecutaron-la-operacion-valquiria\/#primaryimage"},"image":{"@id":"https:\/\/canal7slp.tv\/2019\/merkel-llama-patriotas-a-quienes-ejecutaron-la-operacion-valquiria\/#primaryimage"},"thumbnailUrl":"https:\/\/canal7slp.tv\/2019\/wp-content\/uploads\/2019\/07\/1345-1.jpg","datePublished":"2019-07-20T16:33:57+00:00","breadcrumb":{"@id":"https:\/\/canal7slp.tv\/2019\/merkel-llama-patriotas-a-quienes-ejecutaron-la-operacion-valquiria\/#breadcrumb"},"inLanguage":"es","potentialAction":[{"@type":"ReadAction","target":["https:\/\/canal7slp.tv\/2019\/merkel-llama-patriotas-a-quienes-ejecutaron-la-operacion-valquiria\/"]}]},{"@type":"ImageObject","inLanguage":"es","@id":"https:\/\/canal7slp.tv\/2019\/merkel-llama-patriotas-a-quienes-ejecutaron-la-operacion-valquiria\/#primaryimage","url":"https:\/\/canal7slp.tv\/2019\/wp-content\/uploads\/2019\/07\/1345-1.jpg","contentUrl":"https:\/\/canal7slp.tv\/2019\/wp-content\/uploads\/2019\/07\/1345-1.jpg","width":702,"height":410},{"@type":"BreadcrumbList","@id":"https:\/\/canal7slp.tv\/2019\/merkel-llama-patriotas-a-quienes-ejecutaron-la-operacion-valquiria\/#breadcrumb","itemListElement":[{"@type":"ListItem","position":1,"name":"Home","item":"https:\/\/canal7slp.tv\/2019\/"},{"@type":"ListItem","position":2,"name":"Merkel llama \u201cpatriotas\u201d a quienes ejecutaron la \u201cOperaci\u00f3n Valquiria\u201d"}]},{"@type":"WebSite","@id":"https:\/\/canal7slp.tv\/2019\/#website","url":"https:\/\/canal7slp.tv\/2019\/","name":"Canal 7 SLP - Somos TV","description":"Somos un Canal de 10","publisher":{"@id":"https:\/\/canal7slp.tv\/2019\/#organization"},"potentialAction":[{"@type":"SearchAction","target":{"@type":"EntryPoint","urlTemplate":"https:\/\/canal7slp.tv\/2019\/?s={search_term_string}"},"query-input":{"@type":"PropertyValueSpecification","valueRequired":true,"valueName":"search_term_string"}}],"inLanguage":"es"},{"@type":"Organization","@id":"https:\/\/canal7slp.tv\/2019\/#organization","name":"Comunicaci\u00f3n 2000 S.A. de C.V.","url":"https:\/\/canal7slp.tv\/2019\/","logo":{"@type":"ImageObject","inLanguage":"es","@id":"https:\/\/canal7slp.tv\/2019\/#\/schema\/logo\/image\/","url":"https:\/\/canal7slp.tv\/2019\/wp-content\/uploads\/2019\/07\/logo-c7.png","contentUrl":"https:\/\/canal7slp.tv\/2019\/wp-content\/uploads\/2019\/07\/logo-c7.png","width":220,"height":60,"caption":"Comunicaci\u00f3n 2000 S.A. de C.V."},"image":{"@id":"https:\/\/canal7slp.tv\/2019\/#\/schema\/logo\/image\/"},"sameAs":["https:\/\/www.facebook.com\/CANAL7SLP\/","https:\/\/x.com\/canal7_slp","https:\/\/www.instagram.com\/canal7_slp","https:\/\/www.youtube.com\/user\/NOTICIEROSCANAL7SLP\/"]},{"@type":"Person","@id":"https:\/\/canal7slp.tv\/2019\/#\/schema\/person\/11d941c1c6ca30ac0a46b95fa37aa2e3","name":"edicionweb","image":{"@type":"ImageObject","inLanguage":"es","@id":"https:\/\/secure.gravatar.com\/avatar\/eee448fc3f7164808013b816ba91ac7e43bbe82a70bebac296f8bc6f0addaa1a?s=96&d=mm&r=g","url":"https:\/\/secure.gravatar.com\/avatar\/eee448fc3f7164808013b816ba91ac7e43bbe82a70bebac296f8bc6f0addaa1a?s=96&d=mm&r=g","contentUrl":"https:\/\/secure.gravatar.com\/avatar\/eee448fc3f7164808013b816ba91ac7e43bbe82a70bebac296f8bc6f0addaa1a?s=96&d=mm&r=g","caption":"edicionweb"}}]}},"amp_enabled":true,"cmb2":{"video_ids_in_playlist":{"vid_p_videos":""},"video_ids_in_channel":{"vid_c_videos":""},"playlist_ids_in_channel":{"vid_c_playlists":""},"series_ids_in_channel":{"vid_c_series":""},"channel_images":{"vid_c_logo":"","vid_c_banner":""},"poster_feature_image":{"vid_m_poster_image":""},"gif_feature_image":{"vid_m_gif_image":""},"video_movie_settings":{"vid_m_director":"","vid_m_actor":"","vid_m_imdb_ratings":"","vid_m_amazon_associates":""},"vid_youtube_broadcasts_settings":{"vid_yb_broadcast_title":"","vid_yb_q":"","vid_yb_channelid":"","vid_yb_videocategoryid":"","vid_yb_maxresults":"","vid_yb_order":"","vid_yb_regioncode":"","vid_yb_videosyndicated":"","vid_yb_style":"","vid_yb_reload_first":""},"video_series_settings":{"vid_m_director":"","vid_m_actor":"","vid_m_imdb_ratings":"","video_series_group":""},"amazon_associates_settings":{"amazon_associates":"","amazon_native_ad":""},"vid_youtube_automatic_settings":{"vid_ya_youtube_source":"","vid_ya_update_every":"","vid_ya_update_unit":"","vid_ya_categories":"","vid_ya_published_after":"","vid_ya_published_before":"","vid_ya_playlists":"","vid_ya_channels":"","vid_ya_director":"","vid_ya_actor":"","vid_ya_author":"","vid_ya_import_post_date":"","vid_ya_status":"","vid_ya_sub_api_key":""},"vid_ads_m_videoads_settings_post":{"vid_ads_m_video_ads":"","vid_ads_m_video_ads_type":"","vid_ads_m_group_google_ima":"","vid_ads_m_group_image":"","vid_ads_m_group_html5_video":"","vid_ads_m_group_html":"","vid_ads_m_vast_preroll":"","vid_ads_m_vast_postroll":"","vid_ads_m_vast_pauseroll":"","vid_ads_m_vast_midroll":[{"vid_ads_m_vast_timer_seconds":"50"}],"vid_ads_m_time_to_show_ads":"","vid_ads_m_time_skip_ads":"","vid_ads_m_time_to_hide_ads":""},"page_slider_settings":{"display_slider_group":"","page_slider_group":""},"blog_page_settings":{"blog_page_title":"","blog_page_heading":"","blog_page_ic":"","blog_page_it":"","blog_page_ec":"","blog_page_ip":"","archive_loop_style":"","blog_image_ratio":"","blog_show_categories":"","blog_show_excerpt":"","blog_show_author":"","blog_show_date":"","blog_show_comment_count":"","blog_show_view_count":"","blog_show_like_count":"","blog_show_dislike_count":"","blog_items_per_page":"","blog_pag_type":""},"page_options":{"get_page_template":"","color_mode":"","main_layout":"","main_layout_full_with":"","main_logo":"","main_logo_retina":"","main_logo_mobile":"","main_logo_mobile_retina":"","sticky_logo":"","sticky_logo_retina":"","main_nav_layout":"","ajax_search":"","header_background":"","theme_sidebar":"","instagram_feed":"","instagram_feed_position":"","popular_videos":"","popular_videos_title_1":"","popular_videos_title_2":"","popular_videos_ic":"","popular_videos_it":"","theme_background":"","page_custom_css":""},"feature_image_settings":{"feature_image_position":""},"video_player_settings":{"single_video_style":"","video_player_position":"","vm_video_url":"","video_player_library":"","video_streaming":"","vm_media_sources":"","vid_auto_play":"","vm_video_shortcode":"","vid_p_sync_playlist":"","vid_c_sync_channel":"","get_post_format":"","multiple_links_structure":"default","multi_links_title":"","vm_video_multi_links":"","vm_duration":"","vid_social_locker":"off","vid_social_locker_id":"","vid_membership_action":"content-video","vm_video_trailer_url":"","vid_download_type":"free","vid_download_target":"download","vid_woo_product":"","vm_media_download":"","user_rating":"","user_rating_position":"","user_rating_mode":"","user_rating_multi_sets":""},"video_auto_fetch_settings":{"vm_video_fetch":"on"},"video_fake_views_likes":{"vm_fake_views":"","vm_fake_likes":"","vm_fake_dislikes":""},"gallery_settings":{"gallery_position":""},"quote_settings":{"quote_position":""},"post_options":{"main_layout":"","main_logo":"","main_logo_retina":"","main_logo_mobile":"","main_logo_mobile_retina":"","sticky_logo":"","sticky_logo_retina":"","main_nav_layout":"","header_background":"","theme_sidebar":"","single_post_comment_type":"","theme_background":""}},"_links":{"self":[{"href":"https:\/\/canal7slp.tv\/2019\/wp-json\/wp\/v2\/posts\/36660","targetHints":{"allow":["GET"]}}],"collection":[{"href":"https:\/\/canal7slp.tv\/2019\/wp-json\/wp\/v2\/posts"}],"about":[{"href":"https:\/\/canal7slp.tv\/2019\/wp-json\/wp\/v2\/types\/post"}],"author":[{"embeddable":true,"href":"https:\/\/canal7slp.tv\/2019\/wp-json\/wp\/v2\/users\/2"}],"replies":[{"embeddable":true,"href":"https:\/\/canal7slp.tv\/2019\/wp-json\/wp\/v2\/comments?post=36660"}],"version-history":[{"count":0,"href":"https:\/\/canal7slp.tv\/2019\/wp-json\/wp\/v2\/posts\/36660\/revisions"}],"wp:featuredmedia":[{"embeddable":true,"href":"https:\/\/canal7slp.tv\/2019\/wp-json\/wp\/v2\/media\/36661"}],"wp:attachment":[{"href":"https:\/\/canal7slp.tv\/2019\/wp-json\/wp\/v2\/media?parent=36660"}],"wp:term":[{"taxonomy":"category","embeddable":true,"href":"https:\/\/canal7slp.tv\/2019\/wp-json\/wp\/v2\/categories?post=36660"},{"taxonomy":"post_tag","embeddable":true,"href":"https:\/\/canal7slp.tv\/2019\/wp-json\/wp\/v2\/tags?post=36660"}],"curies":[{"name":"wp","href":"https:\/\/api.w.org\/{rel}","templated":true}]}}