{"id":36657,"date":"2019-07-20T11:30:16","date_gmt":"2019-07-20T16:30:16","guid":{"rendered":"https:\/\/canal7slp.tv\/2019\/?p=36657"},"modified":"2019-07-20T11:30:16","modified_gmt":"2019-07-20T16:30:16","slug":"la-union-sovietica-lanzo-la-primera-mision-a-la-luna","status":"publish","type":"post","link":"https:\/\/canal7slp.tv\/2019\/la-union-sovietica-lanzo-la-primera-mision-a-la-luna\/","title":{"rendered":"La Uni\u00f3n Sovi\u00e9tica lanz\u00f3 la primera misi\u00f3n a la Luna"},"content":{"rendered":"<p style=\"text-align: justify;\">M\u00e9xico.- La carrera espacial empez\u00f3 m\u00e1s de 10 a\u00f1os antes con los Estados Unidos y la Uni\u00f3n Sovi\u00e9tica en busca de conquistar el espacio y la cereza del pastel era llegar a la Luna, afirm\u00f3 la directora de Comunicaci\u00f3n P\u00fablica de la Ciencia en el Conacyt, Anah\u00ed Cald\u00fa.<\/p>\n<p style=\"text-align: justify;\">En la televisi\u00f3n hab\u00eda dos astronautas que caminaban sobre la superficie de la Luna. Cual competencia internacional deb\u00eda ser vista a nivel mundial: el trofeo se lo llev\u00f3 Estados Unidos, el 20 de julio de 1969, en una carrera en la que compet\u00eda contra la Uni\u00f3n Sovi\u00e9tica.<\/p>\n<p style=\"text-align: justify;\">Una hora antes de regresar a la Tierra, Edwin \u201cBuzz\u201d Aldrin y Neil Armstromg dejaron un panel de espejos que apunta a la Tierra.<\/p>\n<p style=\"text-align: justify;\">Anah\u00ed Cald\u00fa explic\u00f3 que \u201csi t\u00fa tienes un l\u00e1ser muy potente le puedes apuntar a la Luna y como conocemos a qu\u00e9 velocidad se mueve la luz, etc\u00e9tera, podemos conocer m\u00e1s precisamente la distancia a la Luna, y eso sirve para los sat\u00e9lites de telecomunicaciones. Son algunas de las cosas que se lograron con la llegada a la Luna\u201d.<\/p>\n<p style=\"text-align: justify;\">Seg\u00fan la astr\u00f3noma, la distancia, para darse una idea, es de 30 veces el di\u00e1metro de la Tierra. Adem\u00e1s, de la Luna solo se conoce un lado, debido a la fuerza de gravedad que ejerce el planeta. Aunque los \u00faltimos estudios han revelado que se est\u00e1 alejando.<\/p>\n<p style=\"text-align: justify;\">\u201cEsto hace tambi\u00e9n que la Tierra y la Luna vayan sincroniz\u00e1ndose un poco y un poco. La teor\u00eda dice que si nos esperamos miles de millones de a\u00f1os va a llegar un momento en que en la Luna tambi\u00e9n solo vean una cara de la Tierra y eso lo que significa es que solo en un hemisferio de la Tierra se va a poder ver la Luna\u201d.<\/p>\n<p style=\"text-align: justify;\">De igual forma, a\u00f1adi\u00f3, \u201csi tenemos suerte en M\u00e9xico nos toca ver la Luna, pero en China nunca van a poder ver la Luna\u201d.<\/p>\n<p style=\"text-align: justify;\">A principios de 2019, China se sum\u00f3 a la carrera espacial, con la llegada al lado oscuro de la Luna. Pero lo m\u00e1s importante es que se estableci\u00f3 comunicaci\u00f3n.<\/p>\n<p style=\"text-align: justify;\">\u201cEsto es muy impresionante tecnol\u00f3gicamente, que tal vez nos cuesta trabajo entender porque para nosotros es muy f\u00e1cil comunicarnos: tomas el celular y le hablas a quien sea y cualquier parte del mundo\u201d, se\u00f1al\u00f3 la integrante del Consejo Nacional de Ciencia y Tecnolog\u00eda (Conacyt).<\/p>\n<p style=\"text-align: justify;\">Apunt\u00f3 que \u201cestar en el lado oculto de la Luna implica que entre nosotros y esa nave est\u00e1 la Luna, las se\u00f1ales no pueden atravesar y aun as\u00ed lograron con sat\u00e9lites mandar se\u00f1ales del lado oculto de la Luna a la Tierra\u201d.<\/p>\n<p style=\"text-align: justify;\">No obstante, estos \u00faltimos avances son resultado de las misiones que hizo la Uni\u00f3n Sovi\u00e9tica.<\/p>\n<p style=\"text-align: justify;\">Detall\u00f3 que \u201cuna de las primeras misiones que se lanz\u00f3 a la Luna no fue de Estados Unidos sino de la Uni\u00f3n Sovi\u00e9tica que se llam\u00f3, Luna I y justo la idea era que la nave espacial saliera de la Tierra y chocara con la Luna. Para hacer estos c\u00e1lculos se necesitaban much\u00edsimas personas porque las computadoras apenas estaban funcionando\u201d.<\/p>\n<p style=\"text-align: justify;\">Explic\u00f3 que ese proyecto \u201cLuna 1 que quer\u00edan que chocara en la Luna hicieron todos sus c\u00e1lculos; entonces dijeron: \u00b4Ok. La Luna se va a ir moviendo. Entonces tenemos que lanzar la nave en este momento para que choque\u00b4. Y pues le fallaron. Hicieron alg\u00fan error en el c\u00e1lculo y la nave no choc\u00f3 con la luna; de hecho, se qued\u00f3 d\u00e1ndole vueltas\u201d.<\/p>\n<p style=\"text-align: justify;\">Una etapa de la carrera espacial terminar\u00eda en\u00a0 1975, con la misi\u00f3n: Apolo-Soyuz, que logr\u00f3 la primera uni\u00f3n entre dos naciones en el espacio: la Uni\u00f3n Sovi\u00e9tica y Estados Unidos.<\/p>\n<p style=\"text-align: justify;\">\u201cEsto es el inicio, por ejemplo, de la Estaci\u00f3n Espacial Internacional, que es una colaboraci\u00f3n de muchos pa\u00edses que justo es mucho m\u00e1s abierta a d\u00f3nde han ido astronautas de diferentes pa\u00edses, han ido astronautas mujeres\u201d, resalt\u00f3.<\/p>\n<p style=\"text-align: justify;\">Por \u00faltimo, la astr\u00f3noma mexicana dijo que \u201cojal\u00e1 m\u00e1s bien hayamos aprendido de la carrera espacial, de qu\u00e9 bueno, est\u00e1 bien competir, pero tal vez uniendo esfuerzos se pueden lograr m\u00e1s cosas\u201d.<\/p>\n","protected":false},"excerpt":{"rendered":"<p>M\u00e9xico.- La carrera espacial empez\u00f3 m\u00e1s de 10 a\u00f1os antes con los Estados Unidos y la Uni\u00f3n Sovi\u00e9tica en busca de conquistar el espacio y la cereza del pastel era llegar a la Luna, afirm\u00f3 la directora de Comunicaci\u00f3n P\u00fablica de la Ciencia en el Conacyt, Anah\u00ed Cald\u00fa. En la televisi\u00f3n hab\u00eda dos astronautas que [&hellip;]<\/p>\n","protected":false},"author":2,"featured_media":36658,"comment_status":"open","ping_status":"closed","sticky":false,"template":"","format":"standard","meta":{"footnotes":""},"categories":[18],"tags":[],"class_list":["post-36657","post","type-post","status-publish","format-standard","has-post-thumbnail","hentry","category-internacional"],"yoast_head":"<!-- This site is optimized with the Yoast SEO plugin v27.4 - https:\/\/yoast.com\/product\/yoast-seo-wordpress\/ -->\n<title>La Uni\u00f3n Sovi\u00e9tica lanz\u00f3 la primera misi\u00f3n a la Luna - Canal 7 SLP - 2019<\/title>\n<meta name=\"robots\" content=\"index, follow, max-snippet:-1, max-image-preview:large, max-video-preview:-1\" \/>\n<link rel=\"canonical\" href=\"https:\/\/canal7slp.tv\/2019\/la-union-sovietica-lanzo-la-primera-mision-a-la-luna\/\" \/>\n<meta property=\"og:locale\" content=\"es_ES\" \/>\n<meta property=\"og:type\" content=\"article\" \/>\n<meta property=\"og:title\" content=\"La Uni\u00f3n Sovi\u00e9tica lanz\u00f3 la primera misi\u00f3n a la Luna - Canal 7 SLP - 2019\" \/>\n<meta property=\"og:description\" content=\"M\u00e9xico.- La carrera espacial empez\u00f3 m\u00e1s de 10 a\u00f1os antes con los Estados Unidos y la Uni\u00f3n Sovi\u00e9tica en busca de conquistar el espacio y la cereza del pastel era llegar a la Luna, afirm\u00f3 la directora de Comunicaci\u00f3n P\u00fablica de la Ciencia en el Conacyt, Anah\u00ed Cald\u00fa. En la televisi\u00f3n hab\u00eda dos astronautas que [&hellip;]\" \/>\n<meta property=\"og:url\" content=\"https:\/\/canal7slp.tv\/2019\/la-union-sovietica-lanzo-la-primera-mision-a-la-luna\/\" \/>\n<meta property=\"og:site_name\" content=\"Canal 7 SLP - 2019\" \/>\n<meta property=\"article:publisher\" content=\"https:\/\/www.facebook.com\/CANAL7SLP\/\" \/>\n<meta property=\"article:published_time\" content=\"2019-07-20T16:30:16+00:00\" \/>\n<meta property=\"og:image\" content=\"https:\/\/canal7slp.tv\/2019\/wp-content\/uploads\/2019\/07\/1330-4.jpg\" \/>\n\t<meta property=\"og:image:width\" content=\"546\" \/>\n\t<meta property=\"og:image:height\" content=\"410\" \/>\n\t<meta property=\"og:image:type\" content=\"image\/jpeg\" \/>\n<meta name=\"author\" content=\"edicionweb\" \/>\n<meta name=\"twitter:card\" content=\"summary_large_image\" \/>\n<meta name=\"twitter:creator\" content=\"@canal7_slp\" \/>\n<meta name=\"twitter:site\" content=\"@canal7_slp\" \/>\n<meta name=\"twitter:label1\" content=\"Escrito por\" \/>\n\t<meta name=\"twitter:data1\" content=\"edicionweb\" \/>\n\t<meta name=\"twitter:label2\" content=\"Tiempo de lectura\" \/>\n\t<meta name=\"twitter:data2\" content=\"4 minutos\" \/>\n<script type=\"application\/ld+json\" class=\"yoast-schema-graph\">{\"@context\":\"https:\\\/\\\/schema.org\",\"@graph\":[{\"@type\":\"Article\",\"@id\":\"https:\\\/\\\/canal7slp.tv\\\/2019\\\/la-union-sovietica-lanzo-la-primera-mision-a-la-luna\\\/#article\",\"isPartOf\":{\"@id\":\"https:\\\/\\\/canal7slp.tv\\\/2019\\\/la-union-sovietica-lanzo-la-primera-mision-a-la-luna\\\/\"},\"author\":{\"name\":\"edicionweb\",\"@id\":\"https:\\\/\\\/canal7slp.tv\\\/2019\\\/#\\\/schema\\\/person\\\/11d941c1c6ca30ac0a46b95fa37aa2e3\"},\"headline\":\"La Uni\u00f3n Sovi\u00e9tica lanz\u00f3 la primera misi\u00f3n a la Luna\",\"datePublished\":\"2019-07-20T16:30:16+00:00\",\"mainEntityOfPage\":{\"@id\":\"https:\\\/\\\/canal7slp.tv\\\/2019\\\/la-union-sovietica-lanzo-la-primera-mision-a-la-luna\\\/\"},\"wordCount\":737,\"commentCount\":0,\"publisher\":{\"@id\":\"https:\\\/\\\/canal7slp.tv\\\/2019\\\/#organization\"},\"image\":{\"@id\":\"https:\\\/\\\/canal7slp.tv\\\/2019\\\/la-union-sovietica-lanzo-la-primera-mision-a-la-luna\\\/#primaryimage\"},\"thumbnailUrl\":\"https:\\\/\\\/canal7slp.tv\\\/2019\\\/wp-content\\\/uploads\\\/2019\\\/07\\\/1330-4.jpg\",\"articleSection\":[\"INTERNACIONAL\"],\"inLanguage\":\"es\",\"potentialAction\":[{\"@type\":\"CommentAction\",\"name\":\"Comment\",\"target\":[\"https:\\\/\\\/canal7slp.tv\\\/2019\\\/la-union-sovietica-lanzo-la-primera-mision-a-la-luna\\\/#respond\"]}]},{\"@type\":\"WebPage\",\"@id\":\"https:\\\/\\\/canal7slp.tv\\\/2019\\\/la-union-sovietica-lanzo-la-primera-mision-a-la-luna\\\/\",\"url\":\"https:\\\/\\\/canal7slp.tv\\\/2019\\\/la-union-sovietica-lanzo-la-primera-mision-a-la-luna\\\/\",\"name\":\"La Uni\u00f3n Sovi\u00e9tica lanz\u00f3 la primera misi\u00f3n a la Luna - Canal 7 SLP - 2019\",\"isPartOf\":{\"@id\":\"https:\\\/\\\/canal7slp.tv\\\/2019\\\/#website\"},\"primaryImageOfPage\":{\"@id\":\"https:\\\/\\\/canal7slp.tv\\\/2019\\\/la-union-sovietica-lanzo-la-primera-mision-a-la-luna\\\/#primaryimage\"},\"image\":{\"@id\":\"https:\\\/\\\/canal7slp.tv\\\/2019\\\/la-union-sovietica-lanzo-la-primera-mision-a-la-luna\\\/#primaryimage\"},\"thumbnailUrl\":\"https:\\\/\\\/canal7slp.tv\\\/2019\\\/wp-content\\\/uploads\\\/2019\\\/07\\\/1330-4.jpg\",\"datePublished\":\"2019-07-20T16:30:16+00:00\",\"breadcrumb\":{\"@id\":\"https:\\\/\\\/canal7slp.tv\\\/2019\\\/la-union-sovietica-lanzo-la-primera-mision-a-la-luna\\\/#breadcrumb\"},\"inLanguage\":\"es\",\"potentialAction\":[{\"@type\":\"ReadAction\",\"target\":[\"https:\\\/\\\/canal7slp.tv\\\/2019\\\/la-union-sovietica-lanzo-la-primera-mision-a-la-luna\\\/\"]}]},{\"@type\":\"ImageObject\",\"inLanguage\":\"es\",\"@id\":\"https:\\\/\\\/canal7slp.tv\\\/2019\\\/la-union-sovietica-lanzo-la-primera-mision-a-la-luna\\\/#primaryimage\",\"url\":\"https:\\\/\\\/canal7slp.tv\\\/2019\\\/wp-content\\\/uploads\\\/2019\\\/07\\\/1330-4.jpg\",\"contentUrl\":\"https:\\\/\\\/canal7slp.tv\\\/2019\\\/wp-content\\\/uploads\\\/2019\\\/07\\\/1330-4.jpg\",\"width\":546,\"height\":410},{\"@type\":\"BreadcrumbList\",\"@id\":\"https:\\\/\\\/canal7slp.tv\\\/2019\\\/la-union-sovietica-lanzo-la-primera-mision-a-la-luna\\\/#breadcrumb\",\"itemListElement\":[{\"@type\":\"ListItem\",\"position\":1,\"name\":\"Home\",\"item\":\"https:\\\/\\\/canal7slp.tv\\\/2019\\\/\"},{\"@type\":\"ListItem\",\"position\":2,\"name\":\"La Uni\u00f3n Sovi\u00e9tica lanz\u00f3 la primera misi\u00f3n a la Luna\"}]},{\"@type\":\"WebSite\",\"@id\":\"https:\\\/\\\/canal7slp.tv\\\/2019\\\/#website\",\"url\":\"https:\\\/\\\/canal7slp.tv\\\/2019\\\/\",\"name\":\"Canal 7 SLP - Somos TV\",\"description\":\"Somos un Canal de 10\",\"publisher\":{\"@id\":\"https:\\\/\\\/canal7slp.tv\\\/2019\\\/#organization\"},\"potentialAction\":[{\"@type\":\"SearchAction\",\"target\":{\"@type\":\"EntryPoint\",\"urlTemplate\":\"https:\\\/\\\/canal7slp.tv\\\/2019\\\/?s={search_term_string}\"},\"query-input\":{\"@type\":\"PropertyValueSpecification\",\"valueRequired\":true,\"valueName\":\"search_term_string\"}}],\"inLanguage\":\"es\"},{\"@type\":\"Organization\",\"@id\":\"https:\\\/\\\/canal7slp.tv\\\/2019\\\/#organization\",\"name\":\"Comunicaci\u00f3n 2000 S.A. de C.V.\",\"url\":\"https:\\\/\\\/canal7slp.tv\\\/2019\\\/\",\"logo\":{\"@type\":\"ImageObject\",\"inLanguage\":\"es\",\"@id\":\"https:\\\/\\\/canal7slp.tv\\\/2019\\\/#\\\/schema\\\/logo\\\/image\\\/\",\"url\":\"https:\\\/\\\/canal7slp.tv\\\/2019\\\/wp-content\\\/uploads\\\/2019\\\/07\\\/logo-c7.png\",\"contentUrl\":\"https:\\\/\\\/canal7slp.tv\\\/2019\\\/wp-content\\\/uploads\\\/2019\\\/07\\\/logo-c7.png\",\"width\":220,\"height\":60,\"caption\":\"Comunicaci\u00f3n 2000 S.A. de C.V.\"},\"image\":{\"@id\":\"https:\\\/\\\/canal7slp.tv\\\/2019\\\/#\\\/schema\\\/logo\\\/image\\\/\"},\"sameAs\":[\"https:\\\/\\\/www.facebook.com\\\/CANAL7SLP\\\/\",\"https:\\\/\\\/x.com\\\/canal7_slp\",\"https:\\\/\\\/www.instagram.com\\\/canal7_slp\",\"https:\\\/\\\/www.youtube.com\\\/user\\\/NOTICIEROSCANAL7SLP\\\/\"]},{\"@type\":\"Person\",\"@id\":\"https:\\\/\\\/canal7slp.tv\\\/2019\\\/#\\\/schema\\\/person\\\/11d941c1c6ca30ac0a46b95fa37aa2e3\",\"name\":\"edicionweb\",\"image\":{\"@type\":\"ImageObject\",\"inLanguage\":\"es\",\"@id\":\"https:\\\/\\\/secure.gravatar.com\\\/avatar\\\/eee448fc3f7164808013b816ba91ac7e43bbe82a70bebac296f8bc6f0addaa1a?s=96&d=mm&r=g\",\"url\":\"https:\\\/\\\/secure.gravatar.com\\\/avatar\\\/eee448fc3f7164808013b816ba91ac7e43bbe82a70bebac296f8bc6f0addaa1a?s=96&d=mm&r=g\",\"contentUrl\":\"https:\\\/\\\/secure.gravatar.com\\\/avatar\\\/eee448fc3f7164808013b816ba91ac7e43bbe82a70bebac296f8bc6f0addaa1a?s=96&d=mm&r=g\",\"caption\":\"edicionweb\"}}]}<\/script>\n<!-- \/ Yoast SEO plugin. -->","yoast_head_json":{"title":"La Uni\u00f3n Sovi\u00e9tica lanz\u00f3 la primera misi\u00f3n a la Luna - Canal 7 SLP - 2019","robots":{"index":"index","follow":"follow","max-snippet":"max-snippet:-1","max-image-preview":"max-image-preview:large","max-video-preview":"max-video-preview:-1"},"canonical":"https:\/\/canal7slp.tv\/2019\/la-union-sovietica-lanzo-la-primera-mision-a-la-luna\/","og_locale":"es_ES","og_type":"article","og_title":"La Uni\u00f3n Sovi\u00e9tica lanz\u00f3 la primera misi\u00f3n a la Luna - Canal 7 SLP - 2019","og_description":"M\u00e9xico.- La carrera espacial empez\u00f3 m\u00e1s de 10 a\u00f1os antes con los Estados Unidos y la Uni\u00f3n Sovi\u00e9tica en busca de conquistar el espacio y la cereza del pastel era llegar a la Luna, afirm\u00f3 la directora de Comunicaci\u00f3n P\u00fablica de la Ciencia en el Conacyt, Anah\u00ed Cald\u00fa. En la televisi\u00f3n hab\u00eda dos astronautas que [&hellip;]","og_url":"https:\/\/canal7slp.tv\/2019\/la-union-sovietica-lanzo-la-primera-mision-a-la-luna\/","og_site_name":"Canal 7 SLP - 2019","article_publisher":"https:\/\/www.facebook.com\/CANAL7SLP\/","article_published_time":"2019-07-20T16:30:16+00:00","og_image":[{"width":546,"height":410,"url":"https:\/\/canal7slp.tv\/2019\/wp-content\/uploads\/2019\/07\/1330-4.jpg","type":"image\/jpeg"}],"author":"edicionweb","twitter_card":"summary_large_image","twitter_creator":"@canal7_slp","twitter_site":"@canal7_slp","twitter_misc":{"Escrito por":"edicionweb","Tiempo de lectura":"4 minutos"},"schema":{"@context":"https:\/\/schema.org","@graph":[{"@type":"Article","@id":"https:\/\/canal7slp.tv\/2019\/la-union-sovietica-lanzo-la-primera-mision-a-la-luna\/#article","isPartOf":{"@id":"https:\/\/canal7slp.tv\/2019\/la-union-sovietica-lanzo-la-primera-mision-a-la-luna\/"},"author":{"name":"edicionweb","@id":"https:\/\/canal7slp.tv\/2019\/#\/schema\/person\/11d941c1c6ca30ac0a46b95fa37aa2e3"},"headline":"La Uni\u00f3n Sovi\u00e9tica lanz\u00f3 la primera misi\u00f3n a la Luna","datePublished":"2019-07-20T16:30:16+00:00","mainEntityOfPage":{"@id":"https:\/\/canal7slp.tv\/2019\/la-union-sovietica-lanzo-la-primera-mision-a-la-luna\/"},"wordCount":737,"commentCount":0,"publisher":{"@id":"https:\/\/canal7slp.tv\/2019\/#organization"},"image":{"@id":"https:\/\/canal7slp.tv\/2019\/la-union-sovietica-lanzo-la-primera-mision-a-la-luna\/#primaryimage"},"thumbnailUrl":"https:\/\/canal7slp.tv\/2019\/wp-content\/uploads\/2019\/07\/1330-4.jpg","articleSection":["INTERNACIONAL"],"inLanguage":"es","potentialAction":[{"@type":"CommentAction","name":"Comment","target":["https:\/\/canal7slp.tv\/2019\/la-union-sovietica-lanzo-la-primera-mision-a-la-luna\/#respond"]}]},{"@type":"WebPage","@id":"https:\/\/canal7slp.tv\/2019\/la-union-sovietica-lanzo-la-primera-mision-a-la-luna\/","url":"https:\/\/canal7slp.tv\/2019\/la-union-sovietica-lanzo-la-primera-mision-a-la-luna\/","name":"La Uni\u00f3n Sovi\u00e9tica lanz\u00f3 la primera misi\u00f3n a la Luna - Canal 7 SLP - 2019","isPartOf":{"@id":"https:\/\/canal7slp.tv\/2019\/#website"},"primaryImageOfPage":{"@id":"https:\/\/canal7slp.tv\/2019\/la-union-sovietica-lanzo-la-primera-mision-a-la-luna\/#primaryimage"},"image":{"@id":"https:\/\/canal7slp.tv\/2019\/la-union-sovietica-lanzo-la-primera-mision-a-la-luna\/#primaryimage"},"thumbnailUrl":"https:\/\/canal7slp.tv\/2019\/wp-content\/uploads\/2019\/07\/1330-4.jpg","datePublished":"2019-07-20T16:30:16+00:00","breadcrumb":{"@id":"https:\/\/canal7slp.tv\/2019\/la-union-sovietica-lanzo-la-primera-mision-a-la-luna\/#breadcrumb"},"inLanguage":"es","potentialAction":[{"@type":"ReadAction","target":["https:\/\/canal7slp.tv\/2019\/la-union-sovietica-lanzo-la-primera-mision-a-la-luna\/"]}]},{"@type":"ImageObject","inLanguage":"es","@id":"https:\/\/canal7slp.tv\/2019\/la-union-sovietica-lanzo-la-primera-mision-a-la-luna\/#primaryimage","url":"https:\/\/canal7slp.tv\/2019\/wp-content\/uploads\/2019\/07\/1330-4.jpg","contentUrl":"https:\/\/canal7slp.tv\/2019\/wp-content\/uploads\/2019\/07\/1330-4.jpg","width":546,"height":410},{"@type":"BreadcrumbList","@id":"https:\/\/canal7slp.tv\/2019\/la-union-sovietica-lanzo-la-primera-mision-a-la-luna\/#breadcrumb","itemListElement":[{"@type":"ListItem","position":1,"name":"Home","item":"https:\/\/canal7slp.tv\/2019\/"},{"@type":"ListItem","position":2,"name":"La Uni\u00f3n Sovi\u00e9tica lanz\u00f3 la primera misi\u00f3n a la Luna"}]},{"@type":"WebSite","@id":"https:\/\/canal7slp.tv\/2019\/#website","url":"https:\/\/canal7slp.tv\/2019\/","name":"Canal 7 SLP - Somos TV","description":"Somos un Canal de 10","publisher":{"@id":"https:\/\/canal7slp.tv\/2019\/#organization"},"potentialAction":[{"@type":"SearchAction","target":{"@type":"EntryPoint","urlTemplate":"https:\/\/canal7slp.tv\/2019\/?s={search_term_string}"},"query-input":{"@type":"PropertyValueSpecification","valueRequired":true,"valueName":"search_term_string"}}],"inLanguage":"es"},{"@type":"Organization","@id":"https:\/\/canal7slp.tv\/2019\/#organization","name":"Comunicaci\u00f3n 2000 S.A. de C.V.","url":"https:\/\/canal7slp.tv\/2019\/","logo":{"@type":"ImageObject","inLanguage":"es","@id":"https:\/\/canal7slp.tv\/2019\/#\/schema\/logo\/image\/","url":"https:\/\/canal7slp.tv\/2019\/wp-content\/uploads\/2019\/07\/logo-c7.png","contentUrl":"https:\/\/canal7slp.tv\/2019\/wp-content\/uploads\/2019\/07\/logo-c7.png","width":220,"height":60,"caption":"Comunicaci\u00f3n 2000 S.A. de C.V."},"image":{"@id":"https:\/\/canal7slp.tv\/2019\/#\/schema\/logo\/image\/"},"sameAs":["https:\/\/www.facebook.com\/CANAL7SLP\/","https:\/\/x.com\/canal7_slp","https:\/\/www.instagram.com\/canal7_slp","https:\/\/www.youtube.com\/user\/NOTICIEROSCANAL7SLP\/"]},{"@type":"Person","@id":"https:\/\/canal7slp.tv\/2019\/#\/schema\/person\/11d941c1c6ca30ac0a46b95fa37aa2e3","name":"edicionweb","image":{"@type":"ImageObject","inLanguage":"es","@id":"https:\/\/secure.gravatar.com\/avatar\/eee448fc3f7164808013b816ba91ac7e43bbe82a70bebac296f8bc6f0addaa1a?s=96&d=mm&r=g","url":"https:\/\/secure.gravatar.com\/avatar\/eee448fc3f7164808013b816ba91ac7e43bbe82a70bebac296f8bc6f0addaa1a?s=96&d=mm&r=g","contentUrl":"https:\/\/secure.gravatar.com\/avatar\/eee448fc3f7164808013b816ba91ac7e43bbe82a70bebac296f8bc6f0addaa1a?s=96&d=mm&r=g","caption":"edicionweb"}}]}},"amp_enabled":true,"cmb2":{"video_ids_in_playlist":{"vid_p_videos":""},"video_ids_in_channel":{"vid_c_videos":""},"playlist_ids_in_channel":{"vid_c_playlists":""},"series_ids_in_channel":{"vid_c_series":""},"channel_images":{"vid_c_logo":"","vid_c_banner":""},"poster_feature_image":{"vid_m_poster_image":""},"gif_feature_image":{"vid_m_gif_image":""},"video_movie_settings":{"vid_m_director":"","vid_m_actor":"","vid_m_imdb_ratings":"","vid_m_amazon_associates":""},"vid_youtube_broadcasts_settings":{"vid_yb_broadcast_title":"","vid_yb_q":"","vid_yb_channelid":"","vid_yb_videocategoryid":"","vid_yb_maxresults":"","vid_yb_order":"","vid_yb_regioncode":"","vid_yb_videosyndicated":"","vid_yb_style":"","vid_yb_reload_first":""},"video_series_settings":{"vid_m_director":"","vid_m_actor":"","vid_m_imdb_ratings":"","video_series_group":""},"amazon_associates_settings":{"amazon_associates":"","amazon_native_ad":""},"vid_youtube_automatic_settings":{"vid_ya_youtube_source":"","vid_ya_update_every":"","vid_ya_update_unit":"","vid_ya_categories":"","vid_ya_published_after":"","vid_ya_published_before":"","vid_ya_playlists":"","vid_ya_channels":"","vid_ya_director":"","vid_ya_actor":"","vid_ya_author":"","vid_ya_import_post_date":"","vid_ya_status":"","vid_ya_sub_api_key":""},"vid_ads_m_videoads_settings_post":{"vid_ads_m_video_ads":"","vid_ads_m_video_ads_type":"","vid_ads_m_group_google_ima":"","vid_ads_m_group_image":"","vid_ads_m_group_html5_video":"","vid_ads_m_group_html":"","vid_ads_m_vast_preroll":"","vid_ads_m_vast_postroll":"","vid_ads_m_vast_pauseroll":"","vid_ads_m_vast_midroll":[{"vid_ads_m_vast_timer_seconds":"50"}],"vid_ads_m_time_to_show_ads":"","vid_ads_m_time_skip_ads":"","vid_ads_m_time_to_hide_ads":""},"page_slider_settings":{"display_slider_group":"","page_slider_group":""},"blog_page_settings":{"blog_page_title":"","blog_page_heading":"","blog_page_ic":"","blog_page_it":"","blog_page_ec":"","blog_page_ip":"","archive_loop_style":"","blog_image_ratio":"","blog_show_categories":"","blog_show_excerpt":"","blog_show_author":"","blog_show_date":"","blog_show_comment_count":"","blog_show_view_count":"","blog_show_like_count":"","blog_show_dislike_count":"","blog_items_per_page":"","blog_pag_type":""},"page_options":{"get_page_template":"","color_mode":"","main_layout":"","main_layout_full_with":"","main_logo":"","main_logo_retina":"","main_logo_mobile":"","main_logo_mobile_retina":"","sticky_logo":"","sticky_logo_retina":"","main_nav_layout":"","ajax_search":"","header_background":"","theme_sidebar":"","instagram_feed":"","instagram_feed_position":"","popular_videos":"","popular_videos_title_1":"","popular_videos_title_2":"","popular_videos_ic":"","popular_videos_it":"","theme_background":"","page_custom_css":""},"feature_image_settings":{"feature_image_position":""},"video_player_settings":{"single_video_style":"","video_player_position":"","vm_video_url":"","video_player_library":"","video_streaming":"","vm_media_sources":"","vid_auto_play":"","vm_video_shortcode":"","vid_p_sync_playlist":"","vid_c_sync_channel":"","get_post_format":"","multiple_links_structure":"default","multi_links_title":"","vm_video_multi_links":"","vm_duration":"","vid_social_locker":"off","vid_social_locker_id":"","vid_membership_action":"content-video","vm_video_trailer_url":"","vid_download_type":"free","vid_download_target":"download","vid_woo_product":"","vm_media_download":"","user_rating":"","user_rating_position":"","user_rating_mode":"","user_rating_multi_sets":""},"video_auto_fetch_settings":{"vm_video_fetch":"on"},"video_fake_views_likes":{"vm_fake_views":"","vm_fake_likes":"","vm_fake_dislikes":""},"gallery_settings":{"gallery_position":""},"quote_settings":{"quote_position":""},"post_options":{"main_layout":"","main_logo":"","main_logo_retina":"","main_logo_mobile":"","main_logo_mobile_retina":"","sticky_logo":"","sticky_logo_retina":"","main_nav_layout":"","header_background":"","theme_sidebar":"","single_post_comment_type":"","theme_background":""}},"_links":{"self":[{"href":"https:\/\/canal7slp.tv\/2019\/wp-json\/wp\/v2\/posts\/36657","targetHints":{"allow":["GET"]}}],"collection":[{"href":"https:\/\/canal7slp.tv\/2019\/wp-json\/wp\/v2\/posts"}],"about":[{"href":"https:\/\/canal7slp.tv\/2019\/wp-json\/wp\/v2\/types\/post"}],"author":[{"embeddable":true,"href":"https:\/\/canal7slp.tv\/2019\/wp-json\/wp\/v2\/users\/2"}],"replies":[{"embeddable":true,"href":"https:\/\/canal7slp.tv\/2019\/wp-json\/wp\/v2\/comments?post=36657"}],"version-history":[{"count":0,"href":"https:\/\/canal7slp.tv\/2019\/wp-json\/wp\/v2\/posts\/36657\/revisions"}],"wp:featuredmedia":[{"embeddable":true,"href":"https:\/\/canal7slp.tv\/2019\/wp-json\/wp\/v2\/media\/36658"}],"wp:attachment":[{"href":"https:\/\/canal7slp.tv\/2019\/wp-json\/wp\/v2\/media?parent=36657"}],"wp:term":[{"taxonomy":"category","embeddable":true,"href":"https:\/\/canal7slp.tv\/2019\/wp-json\/wp\/v2\/categories?post=36657"},{"taxonomy":"post_tag","embeddable":true,"href":"https:\/\/canal7slp.tv\/2019\/wp-json\/wp\/v2\/tags?post=36657"}],"curies":[{"name":"wp","href":"https:\/\/api.w.org\/{rel}","templated":true}]}}