{"id":36608,"date":"2019-07-19T21:47:25","date_gmt":"2019-07-20T02:47:25","guid":{"rendered":"https:\/\/canal7slp.tv\/2019\/?p=36608"},"modified":"2019-07-20T08:41:07","modified_gmt":"2019-07-20T13:41:07","slug":"amlo-y-jmcl-reafirman-su-compromiso-a-favor-de-la-salud-de-las-y-los-potosinos","status":"publish","type":"post","link":"https:\/\/canal7slp.tv\/2019\/amlo-y-jmcl-reafirman-su-compromiso-a-favor-de-la-salud-de-las-y-los-potosinos\/","title":{"rendered":"AMLO y JMCL reafirman su compromiso a favor de la salud de las y los potosinos"},"content":{"rendered":"<p style=\"text-align: justify;\">Cerritos.- Al sostener un di\u00e1logo con la comunidad del Hospital Rural 41 de este municipio, el Presidente de M\u00e9xico, Andr\u00e9s Manuel L\u00f3pez Obrador y el Gobernador del Estado, Juan Manuel Carreras L\u00f3pez, reafirmaron su compromiso a favor de la salud para las familias potosinas, con apoyos directos y esquemas enfocados en la equidad social, donde el jefe del Ejecutivo Nacional destac\u00f3 que trabaja coordinadamente con el mandatario estatal.<\/p>\n<p style=\"text-align: justify;\">Tras su explicaci\u00f3n de los esquemas de salud que se pondr\u00e1n en marcha en el pa\u00eds, L\u00f3pez Obrador indic\u00f3 que en la entidad potosina se ha logrado establecer un esquema democr\u00e1tico por arriba de la diversidad pol\u00edtica, \u201cme llevo muy bien con el Gobernador Carreras\u201d, resalt\u00f3.<\/p>\n<p style=\"text-align: justify;\">En su participaci\u00f3n, el mandatario estatal solicit\u00f3 el apoyo del presidente Andr\u00e9s Manuel L\u00f3pez Obrador, para el equipamiento del centro medico m\u00e1s importante del estado, el Hospital Central \u201cIgnacio Morones Prieto\u201d, luego de firmar y entregar una carta compromiso a Andr\u00e9s Manuel L\u00f3pez Obrador, que manifiesta la voluntad de todos y todas las potosinas para trabajar de la mano con la federaci\u00f3n.<\/p>\n<p style=\"text-align: justify;\">Margarita Garc\u00eda Mu\u00f1oz, Directora del Hospital Rural Rural no. 41; explic\u00f3 que este centro lo atienden 145 trabajadores a personas de 15 municipios: Alaquines, C\u00e1rdenas, Cerritos, Ciudad del Ma\u00edz, Ciudad Fern\u00e1ndez, Guadalc\u00e1zar, Lagunillas, Ray\u00f3n, Rioverde, San Ciro, San Nicol\u00e1s Tolentino, Santa Catarina, Tamasopo, Villa Hidalgo y Villa Ju\u00e1rez.<\/p>\n<p style=\"text-align: justify;\">Durante el a\u00f1o pasado realiz\u00f3 366 intervenciones quir\u00fargicas y brinda atenci\u00f3n de emergencias los 365 d\u00edas del a\u00f1o.<\/p>\n<p style=\"text-align: justify;\">El director de IMSS, Zo\u00e9 Alejandro Robledo Aburto, puntualiz\u00f3 que la salud p\u00fablica es una prioridad para el gobierno federal que tiene como finalidad atender con rumbo a las familias de M\u00e9xico.<\/p>\n<p style=\"text-align: justify;\">Posteriormente, el Gobernador, Juan Manuel Carreras L\u00f3pez y el Presidente, Andr\u00e9s Manuel L\u00f3pez Obrador, en el municipio de Rioverde, tras entregar los apoyos de los programas de Bienestar, el mandatario solicit\u00f3 a nombre de todos y todas las habitantes de las regi\u00f3n la continuaci\u00f3n y conclusi\u00f3n del bulevar Bicentenario, obra que fortalecer\u00e1 la infraestructura de la Zona Media, propuesta que fue aceptada por el primer mandatario.<\/p>\n<p style=\"text-align: justify;\">En el marco de la entrega de los Programas Integrales para el Bienestar, el mandatario estatal indic\u00f3 que este proyecto de infraestructura permitir\u00e1 conectar a la regi\u00f3n, adem\u00e1s de que es una obra necesaria para el desarrollo de Rioverde.<\/p>\n<p style=\"text-align: justify;\">De la misma manera, la Carreras L\u00f3pez explic\u00f3 que este proyecto conectar\u00e1 a carretera 75 con la Supercarretera.<\/p>\n<p style=\"text-align: justify;\">Agreg\u00f3 que desde esta administraci\u00f3n de mantiene el respaldo para la educaci\u00f3n, ejemplo de ello es el Centro de Investigaci\u00f3n \u201cEl Balandr\u00e1n\u201d en Ciudad Fern\u00e1ndez, que fortalecer\u00e1 la Universidad para el Bienestar en Ray\u00f3n.<\/p>\n<p style=\"text-align: justify;\">Al respecto, el Presidente de M\u00e9xico, Andr\u00e9s Manuel L\u00f3pez Obrador, indic\u00f3 que continua la entrega de becas para estudiantes de nivel superior en Rioverde, y que este esquema se ampliar\u00e1.<\/p>\n<p style=\"text-align: justify;\">Estuvieron presentes Jorge Carlos Alcocer Varela, Secretario de Salud; Zo\u00e9 Alejandro Robledo Aburto, Director General del IMSS; Luis Antonio Ram\u00edrez Pineda, Director General del ISSSTE; Juan Antonio Ferrer, Titular del Instituto Nacional de Salud para el Bienestar; Gisela Juliana Lara Salda\u00f1a, Titular de la Unidad del Programa IMSS-Bienestar, Mar\u00eda Leticia V\u00e1zquez Hern\u00e1ndez, Presidenta Municipal de Cerritos y Jos\u00e9 Ram\u00f3n Torres Garc\u00eda, Presidente Municipal de Rioverde.<\/p>\n<p style=\"text-align: justify;\">\n","protected":false},"excerpt":{"rendered":"<p>Cerritos.- Al sostener un di\u00e1logo con la comunidad del Hospital Rural 41 de este municipio, el Presidente de M\u00e9xico, Andr\u00e9s Manuel L\u00f3pez Obrador y el Gobernador del Estado, Juan Manuel Carreras L\u00f3pez, reafirmaron su compromiso a favor de la salud para las familias potosinas, con apoyos directos y esquemas enfocados en la equidad social, donde [&hellip;]<\/p>\n","protected":false},"author":2,"featured_media":36610,"comment_status":"open","ping_status":"closed","sticky":false,"template":"","format":"standard","meta":{"footnotes":""},"categories":[17],"tags":[],"class_list":["post-36608","post","type-post","status-publish","format-standard","has-post-thumbnail","hentry","category-localesyregionales"],"yoast_head":"<!-- This site is optimized with the Yoast SEO plugin v27.4 - https:\/\/yoast.com\/product\/yoast-seo-wordpress\/ -->\n<title>AMLO y JMCL reafirman su compromiso a favor de la salud de las y los potosinos - Canal 7 SLP - 2019<\/title>\n<meta name=\"robots\" content=\"index, follow, max-snippet:-1, max-image-preview:large, max-video-preview:-1\" \/>\n<link rel=\"canonical\" href=\"https:\/\/canal7slp.tv\/2019\/amlo-y-jmcl-reafirman-su-compromiso-a-favor-de-la-salud-de-las-y-los-potosinos\/\" \/>\n<meta property=\"og:locale\" content=\"es_ES\" \/>\n<meta property=\"og:type\" content=\"article\" \/>\n<meta property=\"og:title\" content=\"AMLO y JMCL reafirman su compromiso a favor de la salud de las y los potosinos - Canal 7 SLP - 2019\" \/>\n<meta property=\"og:description\" content=\"Cerritos.- Al sostener un di\u00e1logo con la comunidad del Hospital Rural 41 de este municipio, el Presidente de M\u00e9xico, Andr\u00e9s Manuel L\u00f3pez Obrador y el Gobernador del Estado, Juan Manuel Carreras L\u00f3pez, reafirmaron su compromiso a favor de la salud para las familias potosinas, con apoyos directos y esquemas enfocados en la equidad social, donde [&hellip;]\" \/>\n<meta property=\"og:url\" content=\"https:\/\/canal7slp.tv\/2019\/amlo-y-jmcl-reafirman-su-compromiso-a-favor-de-la-salud-de-las-y-los-potosinos\/\" \/>\n<meta property=\"og:site_name\" content=\"Canal 7 SLP - 2019\" \/>\n<meta property=\"article:publisher\" content=\"https:\/\/www.facebook.com\/CANAL7SLP\/\" \/>\n<meta property=\"article:published_time\" content=\"2019-07-20T02:47:25+00:00\" \/>\n<meta property=\"article:modified_time\" content=\"2019-07-20T13:41:07+00:00\" \/>\n<meta property=\"og:image\" content=\"https:\/\/canal7slp.tv\/2019\/wp-content\/uploads\/2019\/07\/zz1-22.jpg\" \/>\n\t<meta property=\"og:image:width\" content=\"1280\" \/>\n\t<meta property=\"og:image:height\" content=\"853\" \/>\n\t<meta property=\"og:image:type\" content=\"image\/jpeg\" \/>\n<meta name=\"author\" content=\"edicionweb\" \/>\n<meta name=\"twitter:card\" content=\"summary_large_image\" \/>\n<meta name=\"twitter:creator\" content=\"@canal7_slp\" \/>\n<meta name=\"twitter:site\" content=\"@canal7_slp\" \/>\n<meta name=\"twitter:label1\" content=\"Escrito por\" \/>\n\t<meta name=\"twitter:data1\" content=\"edicionweb\" \/>\n\t<meta name=\"twitter:label2\" content=\"Tiempo de lectura\" \/>\n\t<meta name=\"twitter:data2\" content=\"3 minutos\" \/>\n<script type=\"application\/ld+json\" class=\"yoast-schema-graph\">{\"@context\":\"https:\\\/\\\/schema.org\",\"@graph\":[{\"@type\":\"Article\",\"@id\":\"https:\\\/\\\/canal7slp.tv\\\/2019\\\/amlo-y-jmcl-reafirman-su-compromiso-a-favor-de-la-salud-de-las-y-los-potosinos\\\/#article\",\"isPartOf\":{\"@id\":\"https:\\\/\\\/canal7slp.tv\\\/2019\\\/amlo-y-jmcl-reafirman-su-compromiso-a-favor-de-la-salud-de-las-y-los-potosinos\\\/\"},\"author\":{\"name\":\"edicionweb\",\"@id\":\"https:\\\/\\\/canal7slp.tv\\\/2019\\\/#\\\/schema\\\/person\\\/11d941c1c6ca30ac0a46b95fa37aa2e3\"},\"headline\":\"AMLO y JMCL reafirman su compromiso a favor de la salud de las y los potosinos\",\"datePublished\":\"2019-07-20T02:47:25+00:00\",\"dateModified\":\"2019-07-20T13:41:07+00:00\",\"mainEntityOfPage\":{\"@id\":\"https:\\\/\\\/canal7slp.tv\\\/2019\\\/amlo-y-jmcl-reafirman-su-compromiso-a-favor-de-la-salud-de-las-y-los-potosinos\\\/\"},\"wordCount\":595,\"commentCount\":0,\"publisher\":{\"@id\":\"https:\\\/\\\/canal7slp.tv\\\/2019\\\/#organization\"},\"image\":{\"@id\":\"https:\\\/\\\/canal7slp.tv\\\/2019\\\/amlo-y-jmcl-reafirman-su-compromiso-a-favor-de-la-salud-de-las-y-los-potosinos\\\/#primaryimage\"},\"thumbnailUrl\":\"https:\\\/\\\/canal7slp.tv\\\/2019\\\/wp-content\\\/uploads\\\/2019\\\/07\\\/zz1-22.jpg\",\"articleSection\":[\"LOCALES Y REGIONALES\"],\"inLanguage\":\"es\",\"potentialAction\":[{\"@type\":\"CommentAction\",\"name\":\"Comment\",\"target\":[\"https:\\\/\\\/canal7slp.tv\\\/2019\\\/amlo-y-jmcl-reafirman-su-compromiso-a-favor-de-la-salud-de-las-y-los-potosinos\\\/#respond\"]}]},{\"@type\":\"WebPage\",\"@id\":\"https:\\\/\\\/canal7slp.tv\\\/2019\\\/amlo-y-jmcl-reafirman-su-compromiso-a-favor-de-la-salud-de-las-y-los-potosinos\\\/\",\"url\":\"https:\\\/\\\/canal7slp.tv\\\/2019\\\/amlo-y-jmcl-reafirman-su-compromiso-a-favor-de-la-salud-de-las-y-los-potosinos\\\/\",\"name\":\"AMLO y JMCL reafirman su compromiso a favor de la salud de las y los potosinos - Canal 7 SLP - 2019\",\"isPartOf\":{\"@id\":\"https:\\\/\\\/canal7slp.tv\\\/2019\\\/#website\"},\"primaryImageOfPage\":{\"@id\":\"https:\\\/\\\/canal7slp.tv\\\/2019\\\/amlo-y-jmcl-reafirman-su-compromiso-a-favor-de-la-salud-de-las-y-los-potosinos\\\/#primaryimage\"},\"image\":{\"@id\":\"https:\\\/\\\/canal7slp.tv\\\/2019\\\/amlo-y-jmcl-reafirman-su-compromiso-a-favor-de-la-salud-de-las-y-los-potosinos\\\/#primaryimage\"},\"thumbnailUrl\":\"https:\\\/\\\/canal7slp.tv\\\/2019\\\/wp-content\\\/uploads\\\/2019\\\/07\\\/zz1-22.jpg\",\"datePublished\":\"2019-07-20T02:47:25+00:00\",\"dateModified\":\"2019-07-20T13:41:07+00:00\",\"breadcrumb\":{\"@id\":\"https:\\\/\\\/canal7slp.tv\\\/2019\\\/amlo-y-jmcl-reafirman-su-compromiso-a-favor-de-la-salud-de-las-y-los-potosinos\\\/#breadcrumb\"},\"inLanguage\":\"es\",\"potentialAction\":[{\"@type\":\"ReadAction\",\"target\":[\"https:\\\/\\\/canal7slp.tv\\\/2019\\\/amlo-y-jmcl-reafirman-su-compromiso-a-favor-de-la-salud-de-las-y-los-potosinos\\\/\"]}]},{\"@type\":\"ImageObject\",\"inLanguage\":\"es\",\"@id\":\"https:\\\/\\\/canal7slp.tv\\\/2019\\\/amlo-y-jmcl-reafirman-su-compromiso-a-favor-de-la-salud-de-las-y-los-potosinos\\\/#primaryimage\",\"url\":\"https:\\\/\\\/canal7slp.tv\\\/2019\\\/wp-content\\\/uploads\\\/2019\\\/07\\\/zz1-22.jpg\",\"contentUrl\":\"https:\\\/\\\/canal7slp.tv\\\/2019\\\/wp-content\\\/uploads\\\/2019\\\/07\\\/zz1-22.jpg\",\"width\":1280,\"height\":853},{\"@type\":\"BreadcrumbList\",\"@id\":\"https:\\\/\\\/canal7slp.tv\\\/2019\\\/amlo-y-jmcl-reafirman-su-compromiso-a-favor-de-la-salud-de-las-y-los-potosinos\\\/#breadcrumb\",\"itemListElement\":[{\"@type\":\"ListItem\",\"position\":1,\"name\":\"Home\",\"item\":\"https:\\\/\\\/canal7slp.tv\\\/2019\\\/\"},{\"@type\":\"ListItem\",\"position\":2,\"name\":\"AMLO y JMCL reafirman su compromiso a favor de la salud de las y los potosinos\"}]},{\"@type\":\"WebSite\",\"@id\":\"https:\\\/\\\/canal7slp.tv\\\/2019\\\/#website\",\"url\":\"https:\\\/\\\/canal7slp.tv\\\/2019\\\/\",\"name\":\"Canal 7 SLP - Somos TV\",\"description\":\"Somos un Canal de 10\",\"publisher\":{\"@id\":\"https:\\\/\\\/canal7slp.tv\\\/2019\\\/#organization\"},\"potentialAction\":[{\"@type\":\"SearchAction\",\"target\":{\"@type\":\"EntryPoint\",\"urlTemplate\":\"https:\\\/\\\/canal7slp.tv\\\/2019\\\/?s={search_term_string}\"},\"query-input\":{\"@type\":\"PropertyValueSpecification\",\"valueRequired\":true,\"valueName\":\"search_term_string\"}}],\"inLanguage\":\"es\"},{\"@type\":\"Organization\",\"@id\":\"https:\\\/\\\/canal7slp.tv\\\/2019\\\/#organization\",\"name\":\"Comunicaci\u00f3n 2000 S.A. de C.V.\",\"url\":\"https:\\\/\\\/canal7slp.tv\\\/2019\\\/\",\"logo\":{\"@type\":\"ImageObject\",\"inLanguage\":\"es\",\"@id\":\"https:\\\/\\\/canal7slp.tv\\\/2019\\\/#\\\/schema\\\/logo\\\/image\\\/\",\"url\":\"https:\\\/\\\/canal7slp.tv\\\/2019\\\/wp-content\\\/uploads\\\/2019\\\/07\\\/logo-c7.png\",\"contentUrl\":\"https:\\\/\\\/canal7slp.tv\\\/2019\\\/wp-content\\\/uploads\\\/2019\\\/07\\\/logo-c7.png\",\"width\":220,\"height\":60,\"caption\":\"Comunicaci\u00f3n 2000 S.A. de C.V.\"},\"image\":{\"@id\":\"https:\\\/\\\/canal7slp.tv\\\/2019\\\/#\\\/schema\\\/logo\\\/image\\\/\"},\"sameAs\":[\"https:\\\/\\\/www.facebook.com\\\/CANAL7SLP\\\/\",\"https:\\\/\\\/x.com\\\/canal7_slp\",\"https:\\\/\\\/www.instagram.com\\\/canal7_slp\",\"https:\\\/\\\/www.youtube.com\\\/user\\\/NOTICIEROSCANAL7SLP\\\/\"]},{\"@type\":\"Person\",\"@id\":\"https:\\\/\\\/canal7slp.tv\\\/2019\\\/#\\\/schema\\\/person\\\/11d941c1c6ca30ac0a46b95fa37aa2e3\",\"name\":\"edicionweb\",\"image\":{\"@type\":\"ImageObject\",\"inLanguage\":\"es\",\"@id\":\"https:\\\/\\\/secure.gravatar.com\\\/avatar\\\/eee448fc3f7164808013b816ba91ac7e43bbe82a70bebac296f8bc6f0addaa1a?s=96&d=mm&r=g\",\"url\":\"https:\\\/\\\/secure.gravatar.com\\\/avatar\\\/eee448fc3f7164808013b816ba91ac7e43bbe82a70bebac296f8bc6f0addaa1a?s=96&d=mm&r=g\",\"contentUrl\":\"https:\\\/\\\/secure.gravatar.com\\\/avatar\\\/eee448fc3f7164808013b816ba91ac7e43bbe82a70bebac296f8bc6f0addaa1a?s=96&d=mm&r=g\",\"caption\":\"edicionweb\"}}]}<\/script>\n<!-- \/ Yoast SEO plugin. -->","yoast_head_json":{"title":"AMLO y JMCL reafirman su compromiso a favor de la salud de las y los potosinos - Canal 7 SLP - 2019","robots":{"index":"index","follow":"follow","max-snippet":"max-snippet:-1","max-image-preview":"max-image-preview:large","max-video-preview":"max-video-preview:-1"},"canonical":"https:\/\/canal7slp.tv\/2019\/amlo-y-jmcl-reafirman-su-compromiso-a-favor-de-la-salud-de-las-y-los-potosinos\/","og_locale":"es_ES","og_type":"article","og_title":"AMLO y JMCL reafirman su compromiso a favor de la salud de las y los potosinos - Canal 7 SLP - 2019","og_description":"Cerritos.- Al sostener un di\u00e1logo con la comunidad del Hospital Rural 41 de este municipio, el Presidente de M\u00e9xico, Andr\u00e9s Manuel L\u00f3pez Obrador y el Gobernador del Estado, Juan Manuel Carreras L\u00f3pez, reafirmaron su compromiso a favor de la salud para las familias potosinas, con apoyos directos y esquemas enfocados en la equidad social, donde [&hellip;]","og_url":"https:\/\/canal7slp.tv\/2019\/amlo-y-jmcl-reafirman-su-compromiso-a-favor-de-la-salud-de-las-y-los-potosinos\/","og_site_name":"Canal 7 SLP - 2019","article_publisher":"https:\/\/www.facebook.com\/CANAL7SLP\/","article_published_time":"2019-07-20T02:47:25+00:00","article_modified_time":"2019-07-20T13:41:07+00:00","og_image":[{"width":1280,"height":853,"url":"https:\/\/canal7slp.tv\/2019\/wp-content\/uploads\/2019\/07\/zz1-22.jpg","type":"image\/jpeg"}],"author":"edicionweb","twitter_card":"summary_large_image","twitter_creator":"@canal7_slp","twitter_site":"@canal7_slp","twitter_misc":{"Escrito por":"edicionweb","Tiempo de lectura":"3 minutos"},"schema":{"@context":"https:\/\/schema.org","@graph":[{"@type":"Article","@id":"https:\/\/canal7slp.tv\/2019\/amlo-y-jmcl-reafirman-su-compromiso-a-favor-de-la-salud-de-las-y-los-potosinos\/#article","isPartOf":{"@id":"https:\/\/canal7slp.tv\/2019\/amlo-y-jmcl-reafirman-su-compromiso-a-favor-de-la-salud-de-las-y-los-potosinos\/"},"author":{"name":"edicionweb","@id":"https:\/\/canal7slp.tv\/2019\/#\/schema\/person\/11d941c1c6ca30ac0a46b95fa37aa2e3"},"headline":"AMLO y JMCL reafirman su compromiso a favor de la salud de las y los potosinos","datePublished":"2019-07-20T02:47:25+00:00","dateModified":"2019-07-20T13:41:07+00:00","mainEntityOfPage":{"@id":"https:\/\/canal7slp.tv\/2019\/amlo-y-jmcl-reafirman-su-compromiso-a-favor-de-la-salud-de-las-y-los-potosinos\/"},"wordCount":595,"commentCount":0,"publisher":{"@id":"https:\/\/canal7slp.tv\/2019\/#organization"},"image":{"@id":"https:\/\/canal7slp.tv\/2019\/amlo-y-jmcl-reafirman-su-compromiso-a-favor-de-la-salud-de-las-y-los-potosinos\/#primaryimage"},"thumbnailUrl":"https:\/\/canal7slp.tv\/2019\/wp-content\/uploads\/2019\/07\/zz1-22.jpg","articleSection":["LOCALES Y REGIONALES"],"inLanguage":"es","potentialAction":[{"@type":"CommentAction","name":"Comment","target":["https:\/\/canal7slp.tv\/2019\/amlo-y-jmcl-reafirman-su-compromiso-a-favor-de-la-salud-de-las-y-los-potosinos\/#respond"]}]},{"@type":"WebPage","@id":"https:\/\/canal7slp.tv\/2019\/amlo-y-jmcl-reafirman-su-compromiso-a-favor-de-la-salud-de-las-y-los-potosinos\/","url":"https:\/\/canal7slp.tv\/2019\/amlo-y-jmcl-reafirman-su-compromiso-a-favor-de-la-salud-de-las-y-los-potosinos\/","name":"AMLO y JMCL reafirman su compromiso a favor de la salud de las y los potosinos - Canal 7 SLP - 2019","isPartOf":{"@id":"https:\/\/canal7slp.tv\/2019\/#website"},"primaryImageOfPage":{"@id":"https:\/\/canal7slp.tv\/2019\/amlo-y-jmcl-reafirman-su-compromiso-a-favor-de-la-salud-de-las-y-los-potosinos\/#primaryimage"},"image":{"@id":"https:\/\/canal7slp.tv\/2019\/amlo-y-jmcl-reafirman-su-compromiso-a-favor-de-la-salud-de-las-y-los-potosinos\/#primaryimage"},"thumbnailUrl":"https:\/\/canal7slp.tv\/2019\/wp-content\/uploads\/2019\/07\/zz1-22.jpg","datePublished":"2019-07-20T02:47:25+00:00","dateModified":"2019-07-20T13:41:07+00:00","breadcrumb":{"@id":"https:\/\/canal7slp.tv\/2019\/amlo-y-jmcl-reafirman-su-compromiso-a-favor-de-la-salud-de-las-y-los-potosinos\/#breadcrumb"},"inLanguage":"es","potentialAction":[{"@type":"ReadAction","target":["https:\/\/canal7slp.tv\/2019\/amlo-y-jmcl-reafirman-su-compromiso-a-favor-de-la-salud-de-las-y-los-potosinos\/"]}]},{"@type":"ImageObject","inLanguage":"es","@id":"https:\/\/canal7slp.tv\/2019\/amlo-y-jmcl-reafirman-su-compromiso-a-favor-de-la-salud-de-las-y-los-potosinos\/#primaryimage","url":"https:\/\/canal7slp.tv\/2019\/wp-content\/uploads\/2019\/07\/zz1-22.jpg","contentUrl":"https:\/\/canal7slp.tv\/2019\/wp-content\/uploads\/2019\/07\/zz1-22.jpg","width":1280,"height":853},{"@type":"BreadcrumbList","@id":"https:\/\/canal7slp.tv\/2019\/amlo-y-jmcl-reafirman-su-compromiso-a-favor-de-la-salud-de-las-y-los-potosinos\/#breadcrumb","itemListElement":[{"@type":"ListItem","position":1,"name":"Home","item":"https:\/\/canal7slp.tv\/2019\/"},{"@type":"ListItem","position":2,"name":"AMLO y JMCL reafirman su compromiso a favor de la salud de las y los potosinos"}]},{"@type":"WebSite","@id":"https:\/\/canal7slp.tv\/2019\/#website","url":"https:\/\/canal7slp.tv\/2019\/","name":"Canal 7 SLP - Somos TV","description":"Somos un Canal de 10","publisher":{"@id":"https:\/\/canal7slp.tv\/2019\/#organization"},"potentialAction":[{"@type":"SearchAction","target":{"@type":"EntryPoint","urlTemplate":"https:\/\/canal7slp.tv\/2019\/?s={search_term_string}"},"query-input":{"@type":"PropertyValueSpecification","valueRequired":true,"valueName":"search_term_string"}}],"inLanguage":"es"},{"@type":"Organization","@id":"https:\/\/canal7slp.tv\/2019\/#organization","name":"Comunicaci\u00f3n 2000 S.A. de C.V.","url":"https:\/\/canal7slp.tv\/2019\/","logo":{"@type":"ImageObject","inLanguage":"es","@id":"https:\/\/canal7slp.tv\/2019\/#\/schema\/logo\/image\/","url":"https:\/\/canal7slp.tv\/2019\/wp-content\/uploads\/2019\/07\/logo-c7.png","contentUrl":"https:\/\/canal7slp.tv\/2019\/wp-content\/uploads\/2019\/07\/logo-c7.png","width":220,"height":60,"caption":"Comunicaci\u00f3n 2000 S.A. de C.V."},"image":{"@id":"https:\/\/canal7slp.tv\/2019\/#\/schema\/logo\/image\/"},"sameAs":["https:\/\/www.facebook.com\/CANAL7SLP\/","https:\/\/x.com\/canal7_slp","https:\/\/www.instagram.com\/canal7_slp","https:\/\/www.youtube.com\/user\/NOTICIEROSCANAL7SLP\/"]},{"@type":"Person","@id":"https:\/\/canal7slp.tv\/2019\/#\/schema\/person\/11d941c1c6ca30ac0a46b95fa37aa2e3","name":"edicionweb","image":{"@type":"ImageObject","inLanguage":"es","@id":"https:\/\/secure.gravatar.com\/avatar\/eee448fc3f7164808013b816ba91ac7e43bbe82a70bebac296f8bc6f0addaa1a?s=96&d=mm&r=g","url":"https:\/\/secure.gravatar.com\/avatar\/eee448fc3f7164808013b816ba91ac7e43bbe82a70bebac296f8bc6f0addaa1a?s=96&d=mm&r=g","contentUrl":"https:\/\/secure.gravatar.com\/avatar\/eee448fc3f7164808013b816ba91ac7e43bbe82a70bebac296f8bc6f0addaa1a?s=96&d=mm&r=g","caption":"edicionweb"}}]}},"amp_enabled":true,"cmb2":{"video_ids_in_playlist":{"vid_p_videos":""},"video_ids_in_channel":{"vid_c_videos":""},"playlist_ids_in_channel":{"vid_c_playlists":""},"series_ids_in_channel":{"vid_c_series":""},"channel_images":{"vid_c_logo":"","vid_c_banner":""},"poster_feature_image":{"vid_m_poster_image":""},"gif_feature_image":{"vid_m_gif_image":""},"video_movie_settings":{"vid_m_director":"","vid_m_actor":"","vid_m_imdb_ratings":"","vid_m_amazon_associates":""},"vid_youtube_broadcasts_settings":{"vid_yb_broadcast_title":"","vid_yb_q":"","vid_yb_channelid":"","vid_yb_videocategoryid":"","vid_yb_maxresults":"","vid_yb_order":"","vid_yb_regioncode":"","vid_yb_videosyndicated":"","vid_yb_style":"","vid_yb_reload_first":""},"video_series_settings":{"vid_m_director":"","vid_m_actor":"","vid_m_imdb_ratings":"","video_series_group":""},"amazon_associates_settings":{"amazon_associates":"","amazon_native_ad":""},"vid_youtube_automatic_settings":{"vid_ya_youtube_source":"","vid_ya_update_every":"","vid_ya_update_unit":"","vid_ya_categories":"","vid_ya_published_after":"","vid_ya_published_before":"","vid_ya_playlists":"","vid_ya_channels":"","vid_ya_director":"","vid_ya_actor":"","vid_ya_author":"","vid_ya_import_post_date":"","vid_ya_status":"","vid_ya_sub_api_key":""},"vid_ads_m_videoads_settings_post":{"vid_ads_m_video_ads":"","vid_ads_m_video_ads_type":"","vid_ads_m_group_google_ima":"","vid_ads_m_group_image":"","vid_ads_m_group_html5_video":"","vid_ads_m_group_html":"","vid_ads_m_vast_preroll":"","vid_ads_m_vast_postroll":"","vid_ads_m_vast_pauseroll":"","vid_ads_m_vast_midroll":[{"vid_ads_m_vast_timer_seconds":"50"}],"vid_ads_m_time_to_show_ads":"","vid_ads_m_time_skip_ads":"","vid_ads_m_time_to_hide_ads":""},"page_slider_settings":{"display_slider_group":"","page_slider_group":""},"blog_page_settings":{"blog_page_title":"","blog_page_heading":"","blog_page_ic":"","blog_page_it":"","blog_page_ec":"","blog_page_ip":"","archive_loop_style":"","blog_image_ratio":"","blog_show_categories":"","blog_show_excerpt":"","blog_show_author":"","blog_show_date":"","blog_show_comment_count":"","blog_show_view_count":"","blog_show_like_count":"","blog_show_dislike_count":"","blog_items_per_page":"","blog_pag_type":""},"page_options":{"get_page_template":"","color_mode":"","main_layout":"","main_layout_full_with":"","main_logo":"","main_logo_retina":"","main_logo_mobile":"","main_logo_mobile_retina":"","sticky_logo":"","sticky_logo_retina":"","main_nav_layout":"","ajax_search":"","header_background":"","theme_sidebar":"","instagram_feed":"","instagram_feed_position":"","popular_videos":"","popular_videos_title_1":"","popular_videos_title_2":"","popular_videos_ic":"","popular_videos_it":"","theme_background":"","page_custom_css":""},"feature_image_settings":{"feature_image_position":""},"video_player_settings":{"single_video_style":"","video_player_position":"","vm_video_url":"","video_player_library":"","video_streaming":"","vm_media_sources":"","vid_auto_play":"","vm_video_shortcode":"","vid_p_sync_playlist":"","vid_c_sync_channel":"","get_post_format":"","multiple_links_structure":"default","multi_links_title":"","vm_video_multi_links":"","vm_duration":"","vid_social_locker":"off","vid_social_locker_id":"","vid_membership_action":"content-video","vm_video_trailer_url":"","vid_download_type":"free","vid_download_target":"download","vid_woo_product":"","vm_media_download":"","user_rating":"","user_rating_position":"","user_rating_mode":"","user_rating_multi_sets":""},"video_auto_fetch_settings":{"vm_video_fetch":"on"},"video_fake_views_likes":{"vm_fake_views":"","vm_fake_likes":"","vm_fake_dislikes":""},"gallery_settings":{"gallery_position":""},"quote_settings":{"quote_position":""},"post_options":{"main_layout":"","main_logo":"","main_logo_retina":"","main_logo_mobile":"","main_logo_mobile_retina":"","sticky_logo":"","sticky_logo_retina":"","main_nav_layout":"","header_background":"","theme_sidebar":"","single_post_comment_type":"","theme_background":""}},"_links":{"self":[{"href":"https:\/\/canal7slp.tv\/2019\/wp-json\/wp\/v2\/posts\/36608","targetHints":{"allow":["GET"]}}],"collection":[{"href":"https:\/\/canal7slp.tv\/2019\/wp-json\/wp\/v2\/posts"}],"about":[{"href":"https:\/\/canal7slp.tv\/2019\/wp-json\/wp\/v2\/types\/post"}],"author":[{"embeddable":true,"href":"https:\/\/canal7slp.tv\/2019\/wp-json\/wp\/v2\/users\/2"}],"replies":[{"embeddable":true,"href":"https:\/\/canal7slp.tv\/2019\/wp-json\/wp\/v2\/comments?post=36608"}],"version-history":[{"count":0,"href":"https:\/\/canal7slp.tv\/2019\/wp-json\/wp\/v2\/posts\/36608\/revisions"}],"wp:featuredmedia":[{"embeddable":true,"href":"https:\/\/canal7slp.tv\/2019\/wp-json\/wp\/v2\/media\/36610"}],"wp:attachment":[{"href":"https:\/\/canal7slp.tv\/2019\/wp-json\/wp\/v2\/media?parent=36608"}],"wp:term":[{"taxonomy":"category","embeddable":true,"href":"https:\/\/canal7slp.tv\/2019\/wp-json\/wp\/v2\/categories?post=36608"},{"taxonomy":"post_tag","embeddable":true,"href":"https:\/\/canal7slp.tv\/2019\/wp-json\/wp\/v2\/tags?post=36608"}],"curies":[{"name":"wp","href":"https:\/\/api.w.org\/{rel}","templated":true}]}}