{"id":35818,"date":"2019-07-18T19:31:15","date_gmt":"2019-07-19T00:31:15","guid":{"rendered":"https:\/\/canal7slp.tv\/2019\/?p=35818"},"modified":"2019-07-18T19:31:15","modified_gmt":"2019-07-19T00:31:15","slug":"en-dos-anos-gama-de-autos-electricos-e-hibridos-en-europa-se-triplicara","status":"publish","type":"post","link":"https:\/\/canal7slp.tv\/2019\/en-dos-anos-gama-de-autos-electricos-e-hibridos-en-europa-se-triplicara\/","title":{"rendered":"En dos a\u00f1os, gama de autos el\u00e9ctricos e h\u00edbridos en Europa se triplicar\u00e1"},"content":{"rendered":"<p style=\"text-align: justify;\">Bruselas.- Los compradores europeos de autom\u00f3viles tendr\u00e1n 214 modelos el\u00e9ctricos e h\u00edbridos entre los que elegir para el a\u00f1o 2021, ya que los fabricantes compiten para capitalizar la creciente demanda de veh\u00edculos de bajas emisiones, con la que se pretende ayudar a combatir el cambio clim\u00e1tico.<\/p>\n<p style=\"text-align: justify;\">Se prev\u00e9 que la variedad de modelos el\u00e9ctricos se triplique de aqu\u00ed a 2021 gracias a una inversi\u00f3n de 145 mil millones de euros del sector, de acuerdo con un an\u00e1lisis publicado este jueves por la organizaci\u00f3n no gubernamental verde Transporte y Medio Ambiente (T&amp;E).<\/p>\n<p style=\"text-align: justify;\">Seg\u00fan el documento, para ese a\u00f1o los fabricantes de autom\u00f3viles de la Uni\u00f3n Europea (UE) tendr\u00e1n colectivamente en el mercado 92 modelos h\u00edbridos y 118 completamente el\u00e9ctricos enchufables, frente a los 60 que exist\u00edan a finales de 2018.<\/p>\n<p style=\"text-align: justify;\">El aumento de modelos de este tipo de veh\u00edculos ser\u00e1 continuo durante los pr\u00f3ximos dos a\u00f1os mientras la industria se apresura a capitalizar la creciente demanda de los consumidores y el impulso regulatorio de los veh\u00edculos de bajas emisiones.<\/p>\n<p style=\"text-align: justify;\">Los fabricantes de autom\u00f3viles se enfrentan a regulaciones m\u00e1s estrictas de la UE, que exige un objetivo de emisiones de di\u00f3xido de carbono (CO2) promedio de 95 kilogramos por kil\u00f3metro por veh\u00edculo vendido para 2021, as\u00ed que el desarrollo masivo de autos el\u00e9ctricos significar\u00eda que bloque podr\u00eda cumplir con el l\u00edmite de emisiones para 2025.<\/p>\n<p style=\"text-align: justify;\">Si bien, la l\u00ednea de producci\u00f3n del sector automotriz es una buena noticia para los entusiastas de los autom\u00f3viles el\u00e9ctricos, los pron\u00f3sticos para los veh\u00edculos de gasolina y diesel son menos positivos.<\/p>\n<p style=\"text-align: justify;\">Solo nueve mil autos con celdas de combustible de hidr\u00f3geno ser\u00e1n fabricados en la UE para 2025, en comparaci\u00f3n con los cuatro millones de veh\u00edculos el\u00e9ctricos que lo ser\u00e1n en el mismo periodo. Mientras tanto, la producci\u00f3n de automotores a gas natural comprimido en realidad disminuir\u00e1 en los pr\u00f3ximos a\u00f1os.<\/p>\n<p style=\"text-align: justify;\">Hasta ahora, la utilizaci\u00f3n de autom\u00f3viles el\u00e9ctricos se hab\u00eda estancado, debido a la falta de infraestructura de carga y precios muy altos, pero la presi\u00f3n de la crisis ambiental est\u00e1 ayudando a generar una \u201cola de el\u00e9ctricos nuevos de mayor alcance y m\u00e1s asequibles\u201d para el mercado, estac\u00f3 el reporte.<\/p>\n<p style=\"text-align: justify;\">\u201cNecesitamos que los gobiernos ayuden, necesitamos cambios en el impuesto a los autom\u00f3viles para hacer que los el\u00e9ctricos sean a\u00fan m\u00e1s atractivos que los motores diesel contaminantes\u201d, sostuvo Lucien Mathieu, analista de transporte y movilidad el\u00e9ctrica de T&amp;E.<\/p>\n","protected":false},"excerpt":{"rendered":"<p>Bruselas.- Los compradores europeos de autom\u00f3viles tendr\u00e1n 214 modelos el\u00e9ctricos e h\u00edbridos entre los que elegir para el a\u00f1o 2021, ya que los fabricantes compiten para capitalizar la creciente demanda de veh\u00edculos de bajas emisiones, con la que se pretende ayudar a combatir el cambio clim\u00e1tico. Se prev\u00e9 que la variedad de modelos el\u00e9ctricos se [&hellip;]<\/p>\n","protected":false},"author":2,"featured_media":35819,"comment_status":"open","ping_status":"closed","sticky":false,"template":"","format":"standard","meta":{"footnotes":""},"categories":[98],"tags":[],"class_list":["post-35818","post","type-post","status-publish","format-standard","has-post-thumbnail","hentry","category-finanzas"],"yoast_head":"<!-- This site is optimized with the Yoast SEO plugin v27.5 - https:\/\/yoast.com\/product\/yoast-seo-wordpress\/ -->\n<title>En dos a\u00f1os, gama de autos el\u00e9ctricos e h\u00edbridos en Europa se triplicar\u00e1 - Canal 7 SLP - 2019<\/title>\n<meta name=\"robots\" content=\"index, follow, max-snippet:-1, max-image-preview:large, max-video-preview:-1\" \/>\n<link rel=\"canonical\" href=\"https:\/\/canal7slp.tv\/2019\/en-dos-anos-gama-de-autos-electricos-e-hibridos-en-europa-se-triplicara\/\" \/>\n<meta property=\"og:locale\" content=\"es_ES\" \/>\n<meta property=\"og:type\" content=\"article\" \/>\n<meta property=\"og:title\" content=\"En dos a\u00f1os, gama de autos el\u00e9ctricos e h\u00edbridos en Europa se triplicar\u00e1 - Canal 7 SLP - 2019\" \/>\n<meta property=\"og:description\" content=\"Bruselas.- Los compradores europeos de autom\u00f3viles tendr\u00e1n 214 modelos el\u00e9ctricos e h\u00edbridos entre los que elegir para el a\u00f1o 2021, ya que los fabricantes compiten para capitalizar la creciente demanda de veh\u00edculos de bajas emisiones, con la que se pretende ayudar a combatir el cambio clim\u00e1tico. Se prev\u00e9 que la variedad de modelos el\u00e9ctricos se [&hellip;]\" \/>\n<meta property=\"og:url\" content=\"https:\/\/canal7slp.tv\/2019\/en-dos-anos-gama-de-autos-electricos-e-hibridos-en-europa-se-triplicara\/\" \/>\n<meta property=\"og:site_name\" content=\"Canal 7 SLP - 2019\" \/>\n<meta property=\"article:publisher\" content=\"https:\/\/www.facebook.com\/CANAL7SLP\/\" \/>\n<meta property=\"article:published_time\" content=\"2019-07-19T00:31:15+00:00\" \/>\n<meta property=\"og:image\" content=\"https:\/\/canal7slp.tv\/2019\/wp-content\/uploads\/2019\/07\/z6.jpg\" \/>\n\t<meta property=\"og:image:width\" content=\"554\" \/>\n\t<meta property=\"og:image:height\" content=\"410\" \/>\n\t<meta property=\"og:image:type\" content=\"image\/jpeg\" \/>\n<meta name=\"author\" content=\"edicionweb\" \/>\n<meta name=\"twitter:card\" content=\"summary_large_image\" \/>\n<meta name=\"twitter:creator\" content=\"@canal7_slp\" \/>\n<meta name=\"twitter:site\" content=\"@canal7_slp\" \/>\n<meta name=\"twitter:label1\" content=\"Escrito por\" \/>\n\t<meta name=\"twitter:data1\" content=\"edicionweb\" \/>\n\t<meta name=\"twitter:label2\" content=\"Tiempo de lectura\" \/>\n\t<meta name=\"twitter:data2\" content=\"2 minutos\" \/>\n<script type=\"application\/ld+json\" class=\"yoast-schema-graph\">{\"@context\":\"https:\\\/\\\/schema.org\",\"@graph\":[{\"@type\":\"Article\",\"@id\":\"https:\\\/\\\/canal7slp.tv\\\/2019\\\/en-dos-anos-gama-de-autos-electricos-e-hibridos-en-europa-se-triplicara\\\/#article\",\"isPartOf\":{\"@id\":\"https:\\\/\\\/canal7slp.tv\\\/2019\\\/en-dos-anos-gama-de-autos-electricos-e-hibridos-en-europa-se-triplicara\\\/\"},\"author\":{\"name\":\"edicionweb\",\"@id\":\"https:\\\/\\\/canal7slp.tv\\\/2019\\\/#\\\/schema\\\/person\\\/11d941c1c6ca30ac0a46b95fa37aa2e3\"},\"headline\":\"En dos a\u00f1os, gama de autos el\u00e9ctricos e h\u00edbridos en Europa se triplicar\u00e1\",\"datePublished\":\"2019-07-19T00:31:15+00:00\",\"mainEntityOfPage\":{\"@id\":\"https:\\\/\\\/canal7slp.tv\\\/2019\\\/en-dos-anos-gama-de-autos-electricos-e-hibridos-en-europa-se-triplicara\\\/\"},\"wordCount\":461,\"commentCount\":0,\"publisher\":{\"@id\":\"https:\\\/\\\/canal7slp.tv\\\/2019\\\/#organization\"},\"image\":{\"@id\":\"https:\\\/\\\/canal7slp.tv\\\/2019\\\/en-dos-anos-gama-de-autos-electricos-e-hibridos-en-europa-se-triplicara\\\/#primaryimage\"},\"thumbnailUrl\":\"https:\\\/\\\/canal7slp.tv\\\/2019\\\/wp-content\\\/uploads\\\/2019\\\/07\\\/z6.jpg\",\"articleSection\":[\"FINANZAS\"],\"inLanguage\":\"es\",\"potentialAction\":[{\"@type\":\"CommentAction\",\"name\":\"Comment\",\"target\":[\"https:\\\/\\\/canal7slp.tv\\\/2019\\\/en-dos-anos-gama-de-autos-electricos-e-hibridos-en-europa-se-triplicara\\\/#respond\"]}]},{\"@type\":\"WebPage\",\"@id\":\"https:\\\/\\\/canal7slp.tv\\\/2019\\\/en-dos-anos-gama-de-autos-electricos-e-hibridos-en-europa-se-triplicara\\\/\",\"url\":\"https:\\\/\\\/canal7slp.tv\\\/2019\\\/en-dos-anos-gama-de-autos-electricos-e-hibridos-en-europa-se-triplicara\\\/\",\"name\":\"En dos a\u00f1os, gama de autos el\u00e9ctricos e h\u00edbridos en Europa se triplicar\u00e1 - Canal 7 SLP - 2019\",\"isPartOf\":{\"@id\":\"https:\\\/\\\/canal7slp.tv\\\/2019\\\/#website\"},\"primaryImageOfPage\":{\"@id\":\"https:\\\/\\\/canal7slp.tv\\\/2019\\\/en-dos-anos-gama-de-autos-electricos-e-hibridos-en-europa-se-triplicara\\\/#primaryimage\"},\"image\":{\"@id\":\"https:\\\/\\\/canal7slp.tv\\\/2019\\\/en-dos-anos-gama-de-autos-electricos-e-hibridos-en-europa-se-triplicara\\\/#primaryimage\"},\"thumbnailUrl\":\"https:\\\/\\\/canal7slp.tv\\\/2019\\\/wp-content\\\/uploads\\\/2019\\\/07\\\/z6.jpg\",\"datePublished\":\"2019-07-19T00:31:15+00:00\",\"breadcrumb\":{\"@id\":\"https:\\\/\\\/canal7slp.tv\\\/2019\\\/en-dos-anos-gama-de-autos-electricos-e-hibridos-en-europa-se-triplicara\\\/#breadcrumb\"},\"inLanguage\":\"es\",\"potentialAction\":[{\"@type\":\"ReadAction\",\"target\":[\"https:\\\/\\\/canal7slp.tv\\\/2019\\\/en-dos-anos-gama-de-autos-electricos-e-hibridos-en-europa-se-triplicara\\\/\"]}]},{\"@type\":\"ImageObject\",\"inLanguage\":\"es\",\"@id\":\"https:\\\/\\\/canal7slp.tv\\\/2019\\\/en-dos-anos-gama-de-autos-electricos-e-hibridos-en-europa-se-triplicara\\\/#primaryimage\",\"url\":\"https:\\\/\\\/canal7slp.tv\\\/2019\\\/wp-content\\\/uploads\\\/2019\\\/07\\\/z6.jpg\",\"contentUrl\":\"https:\\\/\\\/canal7slp.tv\\\/2019\\\/wp-content\\\/uploads\\\/2019\\\/07\\\/z6.jpg\",\"width\":554,\"height\":410},{\"@type\":\"BreadcrumbList\",\"@id\":\"https:\\\/\\\/canal7slp.tv\\\/2019\\\/en-dos-anos-gama-de-autos-electricos-e-hibridos-en-europa-se-triplicara\\\/#breadcrumb\",\"itemListElement\":[{\"@type\":\"ListItem\",\"position\":1,\"name\":\"Home\",\"item\":\"https:\\\/\\\/canal7slp.tv\\\/2019\\\/\"},{\"@type\":\"ListItem\",\"position\":2,\"name\":\"En dos a\u00f1os, gama de autos el\u00e9ctricos e h\u00edbridos en Europa se triplicar\u00e1\"}]},{\"@type\":\"WebSite\",\"@id\":\"https:\\\/\\\/canal7slp.tv\\\/2019\\\/#website\",\"url\":\"https:\\\/\\\/canal7slp.tv\\\/2019\\\/\",\"name\":\"Canal 7 SLP - Somos TV\",\"description\":\"Somos un Canal de 10\",\"publisher\":{\"@id\":\"https:\\\/\\\/canal7slp.tv\\\/2019\\\/#organization\"},\"potentialAction\":[{\"@type\":\"SearchAction\",\"target\":{\"@type\":\"EntryPoint\",\"urlTemplate\":\"https:\\\/\\\/canal7slp.tv\\\/2019\\\/?s={search_term_string}\"},\"query-input\":{\"@type\":\"PropertyValueSpecification\",\"valueRequired\":true,\"valueName\":\"search_term_string\"}}],\"inLanguage\":\"es\"},{\"@type\":\"Organization\",\"@id\":\"https:\\\/\\\/canal7slp.tv\\\/2019\\\/#organization\",\"name\":\"Comunicaci\u00f3n 2000 S.A. de C.V.\",\"url\":\"https:\\\/\\\/canal7slp.tv\\\/2019\\\/\",\"logo\":{\"@type\":\"ImageObject\",\"inLanguage\":\"es\",\"@id\":\"https:\\\/\\\/canal7slp.tv\\\/2019\\\/#\\\/schema\\\/logo\\\/image\\\/\",\"url\":\"https:\\\/\\\/canal7slp.tv\\\/2019\\\/wp-content\\\/uploads\\\/2019\\\/07\\\/logo-c7.png\",\"contentUrl\":\"https:\\\/\\\/canal7slp.tv\\\/2019\\\/wp-content\\\/uploads\\\/2019\\\/07\\\/logo-c7.png\",\"width\":220,\"height\":60,\"caption\":\"Comunicaci\u00f3n 2000 S.A. de C.V.\"},\"image\":{\"@id\":\"https:\\\/\\\/canal7slp.tv\\\/2019\\\/#\\\/schema\\\/logo\\\/image\\\/\"},\"sameAs\":[\"https:\\\/\\\/www.facebook.com\\\/CANAL7SLP\\\/\",\"https:\\\/\\\/x.com\\\/canal7_slp\",\"https:\\\/\\\/www.instagram.com\\\/canal7_slp\",\"https:\\\/\\\/www.youtube.com\\\/user\\\/NOTICIEROSCANAL7SLP\\\/\"]},{\"@type\":\"Person\",\"@id\":\"https:\\\/\\\/canal7slp.tv\\\/2019\\\/#\\\/schema\\\/person\\\/11d941c1c6ca30ac0a46b95fa37aa2e3\",\"name\":\"edicionweb\",\"image\":{\"@type\":\"ImageObject\",\"inLanguage\":\"es\",\"@id\":\"https:\\\/\\\/secure.gravatar.com\\\/avatar\\\/eee448fc3f7164808013b816ba91ac7e43bbe82a70bebac296f8bc6f0addaa1a?s=96&d=mm&r=g\",\"url\":\"https:\\\/\\\/secure.gravatar.com\\\/avatar\\\/eee448fc3f7164808013b816ba91ac7e43bbe82a70bebac296f8bc6f0addaa1a?s=96&d=mm&r=g\",\"contentUrl\":\"https:\\\/\\\/secure.gravatar.com\\\/avatar\\\/eee448fc3f7164808013b816ba91ac7e43bbe82a70bebac296f8bc6f0addaa1a?s=96&d=mm&r=g\",\"caption\":\"edicionweb\"}}]}<\/script>\n<!-- \/ Yoast SEO plugin. -->","yoast_head_json":{"title":"En dos a\u00f1os, gama de autos el\u00e9ctricos e h\u00edbridos en Europa se triplicar\u00e1 - Canal 7 SLP - 2019","robots":{"index":"index","follow":"follow","max-snippet":"max-snippet:-1","max-image-preview":"max-image-preview:large","max-video-preview":"max-video-preview:-1"},"canonical":"https:\/\/canal7slp.tv\/2019\/en-dos-anos-gama-de-autos-electricos-e-hibridos-en-europa-se-triplicara\/","og_locale":"es_ES","og_type":"article","og_title":"En dos a\u00f1os, gama de autos el\u00e9ctricos e h\u00edbridos en Europa se triplicar\u00e1 - Canal 7 SLP - 2019","og_description":"Bruselas.- Los compradores europeos de autom\u00f3viles tendr\u00e1n 214 modelos el\u00e9ctricos e h\u00edbridos entre los que elegir para el a\u00f1o 2021, ya que los fabricantes compiten para capitalizar la creciente demanda de veh\u00edculos de bajas emisiones, con la que se pretende ayudar a combatir el cambio clim\u00e1tico. Se prev\u00e9 que la variedad de modelos el\u00e9ctricos se [&hellip;]","og_url":"https:\/\/canal7slp.tv\/2019\/en-dos-anos-gama-de-autos-electricos-e-hibridos-en-europa-se-triplicara\/","og_site_name":"Canal 7 SLP - 2019","article_publisher":"https:\/\/www.facebook.com\/CANAL7SLP\/","article_published_time":"2019-07-19T00:31:15+00:00","og_image":[{"width":554,"height":410,"url":"https:\/\/canal7slp.tv\/2019\/wp-content\/uploads\/2019\/07\/z6.jpg","type":"image\/jpeg"}],"author":"edicionweb","twitter_card":"summary_large_image","twitter_creator":"@canal7_slp","twitter_site":"@canal7_slp","twitter_misc":{"Escrito por":"edicionweb","Tiempo de lectura":"2 minutos"},"schema":{"@context":"https:\/\/schema.org","@graph":[{"@type":"Article","@id":"https:\/\/canal7slp.tv\/2019\/en-dos-anos-gama-de-autos-electricos-e-hibridos-en-europa-se-triplicara\/#article","isPartOf":{"@id":"https:\/\/canal7slp.tv\/2019\/en-dos-anos-gama-de-autos-electricos-e-hibridos-en-europa-se-triplicara\/"},"author":{"name":"edicionweb","@id":"https:\/\/canal7slp.tv\/2019\/#\/schema\/person\/11d941c1c6ca30ac0a46b95fa37aa2e3"},"headline":"En dos a\u00f1os, gama de autos el\u00e9ctricos e h\u00edbridos en Europa se triplicar\u00e1","datePublished":"2019-07-19T00:31:15+00:00","mainEntityOfPage":{"@id":"https:\/\/canal7slp.tv\/2019\/en-dos-anos-gama-de-autos-electricos-e-hibridos-en-europa-se-triplicara\/"},"wordCount":461,"commentCount":0,"publisher":{"@id":"https:\/\/canal7slp.tv\/2019\/#organization"},"image":{"@id":"https:\/\/canal7slp.tv\/2019\/en-dos-anos-gama-de-autos-electricos-e-hibridos-en-europa-se-triplicara\/#primaryimage"},"thumbnailUrl":"https:\/\/canal7slp.tv\/2019\/wp-content\/uploads\/2019\/07\/z6.jpg","articleSection":["FINANZAS"],"inLanguage":"es","potentialAction":[{"@type":"CommentAction","name":"Comment","target":["https:\/\/canal7slp.tv\/2019\/en-dos-anos-gama-de-autos-electricos-e-hibridos-en-europa-se-triplicara\/#respond"]}]},{"@type":"WebPage","@id":"https:\/\/canal7slp.tv\/2019\/en-dos-anos-gama-de-autos-electricos-e-hibridos-en-europa-se-triplicara\/","url":"https:\/\/canal7slp.tv\/2019\/en-dos-anos-gama-de-autos-electricos-e-hibridos-en-europa-se-triplicara\/","name":"En dos a\u00f1os, gama de autos el\u00e9ctricos e h\u00edbridos en Europa se triplicar\u00e1 - Canal 7 SLP - 2019","isPartOf":{"@id":"https:\/\/canal7slp.tv\/2019\/#website"},"primaryImageOfPage":{"@id":"https:\/\/canal7slp.tv\/2019\/en-dos-anos-gama-de-autos-electricos-e-hibridos-en-europa-se-triplicara\/#primaryimage"},"image":{"@id":"https:\/\/canal7slp.tv\/2019\/en-dos-anos-gama-de-autos-electricos-e-hibridos-en-europa-se-triplicara\/#primaryimage"},"thumbnailUrl":"https:\/\/canal7slp.tv\/2019\/wp-content\/uploads\/2019\/07\/z6.jpg","datePublished":"2019-07-19T00:31:15+00:00","breadcrumb":{"@id":"https:\/\/canal7slp.tv\/2019\/en-dos-anos-gama-de-autos-electricos-e-hibridos-en-europa-se-triplicara\/#breadcrumb"},"inLanguage":"es","potentialAction":[{"@type":"ReadAction","target":["https:\/\/canal7slp.tv\/2019\/en-dos-anos-gama-de-autos-electricos-e-hibridos-en-europa-se-triplicara\/"]}]},{"@type":"ImageObject","inLanguage":"es","@id":"https:\/\/canal7slp.tv\/2019\/en-dos-anos-gama-de-autos-electricos-e-hibridos-en-europa-se-triplicara\/#primaryimage","url":"https:\/\/canal7slp.tv\/2019\/wp-content\/uploads\/2019\/07\/z6.jpg","contentUrl":"https:\/\/canal7slp.tv\/2019\/wp-content\/uploads\/2019\/07\/z6.jpg","width":554,"height":410},{"@type":"BreadcrumbList","@id":"https:\/\/canal7slp.tv\/2019\/en-dos-anos-gama-de-autos-electricos-e-hibridos-en-europa-se-triplicara\/#breadcrumb","itemListElement":[{"@type":"ListItem","position":1,"name":"Home","item":"https:\/\/canal7slp.tv\/2019\/"},{"@type":"ListItem","position":2,"name":"En dos a\u00f1os, gama de autos el\u00e9ctricos e h\u00edbridos en Europa se triplicar\u00e1"}]},{"@type":"WebSite","@id":"https:\/\/canal7slp.tv\/2019\/#website","url":"https:\/\/canal7slp.tv\/2019\/","name":"Canal 7 SLP - Somos TV","description":"Somos un Canal de 10","publisher":{"@id":"https:\/\/canal7slp.tv\/2019\/#organization"},"potentialAction":[{"@type":"SearchAction","target":{"@type":"EntryPoint","urlTemplate":"https:\/\/canal7slp.tv\/2019\/?s={search_term_string}"},"query-input":{"@type":"PropertyValueSpecification","valueRequired":true,"valueName":"search_term_string"}}],"inLanguage":"es"},{"@type":"Organization","@id":"https:\/\/canal7slp.tv\/2019\/#organization","name":"Comunicaci\u00f3n 2000 S.A. de C.V.","url":"https:\/\/canal7slp.tv\/2019\/","logo":{"@type":"ImageObject","inLanguage":"es","@id":"https:\/\/canal7slp.tv\/2019\/#\/schema\/logo\/image\/","url":"https:\/\/canal7slp.tv\/2019\/wp-content\/uploads\/2019\/07\/logo-c7.png","contentUrl":"https:\/\/canal7slp.tv\/2019\/wp-content\/uploads\/2019\/07\/logo-c7.png","width":220,"height":60,"caption":"Comunicaci\u00f3n 2000 S.A. de C.V."},"image":{"@id":"https:\/\/canal7slp.tv\/2019\/#\/schema\/logo\/image\/"},"sameAs":["https:\/\/www.facebook.com\/CANAL7SLP\/","https:\/\/x.com\/canal7_slp","https:\/\/www.instagram.com\/canal7_slp","https:\/\/www.youtube.com\/user\/NOTICIEROSCANAL7SLP\/"]},{"@type":"Person","@id":"https:\/\/canal7slp.tv\/2019\/#\/schema\/person\/11d941c1c6ca30ac0a46b95fa37aa2e3","name":"edicionweb","image":{"@type":"ImageObject","inLanguage":"es","@id":"https:\/\/secure.gravatar.com\/avatar\/eee448fc3f7164808013b816ba91ac7e43bbe82a70bebac296f8bc6f0addaa1a?s=96&d=mm&r=g","url":"https:\/\/secure.gravatar.com\/avatar\/eee448fc3f7164808013b816ba91ac7e43bbe82a70bebac296f8bc6f0addaa1a?s=96&d=mm&r=g","contentUrl":"https:\/\/secure.gravatar.com\/avatar\/eee448fc3f7164808013b816ba91ac7e43bbe82a70bebac296f8bc6f0addaa1a?s=96&d=mm&r=g","caption":"edicionweb"}}]}},"amp_enabled":true,"cmb2":{"video_ids_in_playlist":{"vid_p_videos":""},"video_ids_in_channel":{"vid_c_videos":""},"playlist_ids_in_channel":{"vid_c_playlists":""},"series_ids_in_channel":{"vid_c_series":""},"channel_images":{"vid_c_logo":"","vid_c_banner":""},"poster_feature_image":{"vid_m_poster_image":""},"gif_feature_image":{"vid_m_gif_image":""},"video_movie_settings":{"vid_m_director":"","vid_m_actor":"","vid_m_imdb_ratings":"","vid_m_amazon_associates":""},"vid_youtube_broadcasts_settings":{"vid_yb_broadcast_title":"","vid_yb_q":"","vid_yb_channelid":"","vid_yb_videocategoryid":"","vid_yb_maxresults":"","vid_yb_order":"","vid_yb_regioncode":"","vid_yb_videosyndicated":"","vid_yb_style":"","vid_yb_reload_first":""},"video_series_settings":{"vid_m_director":"","vid_m_actor":"","vid_m_imdb_ratings":"","video_series_group":""},"amazon_associates_settings":{"amazon_associates":"","amazon_native_ad":""},"vid_youtube_automatic_settings":{"vid_ya_youtube_source":"","vid_ya_update_every":"","vid_ya_update_unit":"","vid_ya_categories":"","vid_ya_published_after":"","vid_ya_published_before":"","vid_ya_playlists":"","vid_ya_channels":"","vid_ya_director":"","vid_ya_actor":"","vid_ya_author":"","vid_ya_import_post_date":"","vid_ya_status":"","vid_ya_sub_api_key":""},"vid_ads_m_videoads_settings_post":{"vid_ads_m_video_ads":"","vid_ads_m_video_ads_type":"","vid_ads_m_group_google_ima":"","vid_ads_m_group_image":"","vid_ads_m_group_html5_video":"","vid_ads_m_group_html":"","vid_ads_m_vast_preroll":"","vid_ads_m_vast_postroll":"","vid_ads_m_vast_pauseroll":"","vid_ads_m_vast_midroll":[{"vid_ads_m_vast_timer_seconds":"50"}],"vid_ads_m_time_to_show_ads":"","vid_ads_m_time_skip_ads":"","vid_ads_m_time_to_hide_ads":""},"page_slider_settings":{"display_slider_group":"","page_slider_group":""},"blog_page_settings":{"blog_page_title":"","blog_page_heading":"","blog_page_ic":"","blog_page_it":"","blog_page_ec":"","blog_page_ip":"","archive_loop_style":"","blog_image_ratio":"","blog_show_categories":"","blog_show_excerpt":"","blog_show_author":"","blog_show_date":"","blog_show_comment_count":"","blog_show_view_count":"","blog_show_like_count":"","blog_show_dislike_count":"","blog_items_per_page":"","blog_pag_type":""},"page_options":{"get_page_template":"","color_mode":"","main_layout":"","main_layout_full_with":"","main_logo":"","main_logo_retina":"","main_logo_mobile":"","main_logo_mobile_retina":"","sticky_logo":"","sticky_logo_retina":"","main_nav_layout":"","ajax_search":"","header_background":"","theme_sidebar":"","instagram_feed":"","instagram_feed_position":"","popular_videos":"","popular_videos_title_1":"","popular_videos_title_2":"","popular_videos_ic":"","popular_videos_it":"","theme_background":"","page_custom_css":""},"feature_image_settings":{"feature_image_position":""},"video_player_settings":{"single_video_style":"","video_player_position":"","vm_video_url":"","video_player_library":"","video_streaming":"","vm_media_sources":"","vid_auto_play":"","vm_video_shortcode":"","vid_p_sync_playlist":"","vid_c_sync_channel":"","get_post_format":"","multiple_links_structure":"default","multi_links_title":"","vm_video_multi_links":"","vm_duration":"","vid_social_locker":"off","vid_social_locker_id":"","vid_membership_action":"content-video","vm_video_trailer_url":"","vid_download_type":"free","vid_download_target":"download","vid_woo_product":"","vm_media_download":"","user_rating":"","user_rating_position":"","user_rating_mode":"","user_rating_multi_sets":""},"video_auto_fetch_settings":{"vm_video_fetch":"on"},"video_fake_views_likes":{"vm_fake_views":"","vm_fake_likes":"","vm_fake_dislikes":""},"gallery_settings":{"gallery_position":""},"quote_settings":{"quote_position":""},"post_options":{"main_layout":"","main_logo":"","main_logo_retina":"","main_logo_mobile":"","main_logo_mobile_retina":"","sticky_logo":"","sticky_logo_retina":"","main_nav_layout":"","header_background":"","theme_sidebar":"","single_post_comment_type":"","theme_background":""}},"_links":{"self":[{"href":"https:\/\/canal7slp.tv\/2019\/wp-json\/wp\/v2\/posts\/35818","targetHints":{"allow":["GET"]}}],"collection":[{"href":"https:\/\/canal7slp.tv\/2019\/wp-json\/wp\/v2\/posts"}],"about":[{"href":"https:\/\/canal7slp.tv\/2019\/wp-json\/wp\/v2\/types\/post"}],"author":[{"embeddable":true,"href":"https:\/\/canal7slp.tv\/2019\/wp-json\/wp\/v2\/users\/2"}],"replies":[{"embeddable":true,"href":"https:\/\/canal7slp.tv\/2019\/wp-json\/wp\/v2\/comments?post=35818"}],"version-history":[{"count":0,"href":"https:\/\/canal7slp.tv\/2019\/wp-json\/wp\/v2\/posts\/35818\/revisions"}],"wp:featuredmedia":[{"embeddable":true,"href":"https:\/\/canal7slp.tv\/2019\/wp-json\/wp\/v2\/media\/35819"}],"wp:attachment":[{"href":"https:\/\/canal7slp.tv\/2019\/wp-json\/wp\/v2\/media?parent=35818"}],"wp:term":[{"taxonomy":"category","embeddable":true,"href":"https:\/\/canal7slp.tv\/2019\/wp-json\/wp\/v2\/categories?post=35818"},{"taxonomy":"post_tag","embeddable":true,"href":"https:\/\/canal7slp.tv\/2019\/wp-json\/wp\/v2\/tags?post=35818"}],"curies":[{"name":"wp","href":"https:\/\/api.w.org\/{rel}","templated":true}]}}