{"id":35801,"date":"2019-07-18T19:05:19","date_gmt":"2019-07-19T00:05:19","guid":{"rendered":"https:\/\/canal7slp.tv\/2019\/?p=35801"},"modified":"2019-07-18T19:05:19","modified_gmt":"2019-07-19T00:05:19","slug":"suman-cuatro-detenidos-por-secuestro-y-asesinato-de-norberto-ronquillo","status":"publish","type":"post","link":"https:\/\/canal7slp.tv\/2019\/suman-cuatro-detenidos-por-secuestro-y-asesinato-de-norberto-ronquillo\/","title":{"rendered":"Suman cuatro detenidos por secuestro y asesinato de Norberto Ronquillo"},"content":{"rendered":"<p>M\u00e9xico.- Autoridades de justicia de la Ciudad de M\u00e9xico informaron que suman cuatro los detenidos en el caso del secuestro y asesinato del joven Norberto Ronquillo, cuyo cuerpo fue hallado el 10 de junio en Xochimilco, en la Ciudad de M\u00e9xico.<\/p>\n<p>Indicaron que algunos de los implicados fueron aprehendidos con paquetes de presunta droga, por lo que se investiga la relaci\u00f3n del crimen con una deuda.<\/p>\n<p>En conferencia de prensa,\u00a0la titular de la Procuradur\u00eda General de Justicia (PGJ) de la Ciudad de M\u00e9xico, Ernestina Godoy Ramos, se\u00f1al\u00f3 que se ubic\u00f3 la casa de seguridad donde mantuvieron cautivo a Norberto y la identidad del negociador.<\/p>\n<p>Subray\u00f3 que\u00a0el caso est\u00e1 en manos del Poder Judicial y que seguir\u00e1n las indagaciones hasta que se esclarezcan los hechos.<\/p>\n<p>La funcionaria mencion\u00f3 en tal sentido que se estableci\u00f3 la operaci\u00f3n y participaci\u00f3n de m\u00e1s personas en el secuestro y asesinato del universitario.<\/p>\n<p>Al hacer un recuento de los hechos,\u00a0Rodrigo de la Riva Robles, subprocurador de Averigaciones\u00a0Previas Centrales de la PGJ, record\u00f3 que el 5 de junio se inici\u00f3 la carpeta de investigaci\u00f3n correspondiente.<\/p>\n<p>Aun cuando la\u00a0familia declin\u00f3 la participaci\u00f3n de la procuradur\u00eda, se activ\u00f3 el protocolo para iniciar la investigaci\u00f3n, que deriv\u00f3 en la localizaci\u00f3n,\u00a0en la alcald\u00eda Tlalpan, del auto en el que viajaba la v\u00edctima.<\/p>\n<p>Derivado de ex\u00e1menes periciales y seg\u00fan la necropsia practicada a Ronquillo se atribuy\u00f3 su muerte a asfixia por estrangulamiento.<\/p>\n<p>En su oportunidad el jefe general de la Polic\u00eda de Investigaci\u00f3n, Omar Garc\u00eda, explic\u00f3 que en una primera acci\u00f3n, el 11 de julio, fue detenido uno de los probables participantes en el secuestro y homicidio, identificado como Fernando \u201cN\u201d, a quien se le aseguraron narc\u00f3ticos.<\/p>\n<p>Posteriormente se ubic\u00f3 un autom\u00f3vil compacto utilizado como servicio de transporte de pasajeros mediante plataforma digital, que intercept\u00f3 el veh\u00edculo en el que iba Ronquillo, por lo que el 12 de julio fue aprehendido\u00a0\u00a0Daniel \u201cN\u201d en la alcald\u00eda Coyoac\u00e1n.<\/p>\n<p>Derivado de las declaraciones de este \u00faltimo se identific\u00f3 a Oscar \u201cN\u201d, quien conduc\u00eda ese veh\u00edculo. Daniel se lo habr\u00eda rentado a Oscar para usarlo durante el periodo de secuestro y homicidio del joven. A Oscar \u201cN\u201d se le detuvo\u00a0en la v\u00edspera en la alcald\u00eda Miguel Hidalgo.<\/p>\n<p>A partir de la informaci\u00f3n recabada, Oscar \u201cN\u201d habr\u00eda estado el 4 de junio,\u00a0cuando fue secuestrada la v\u00edctima, en las inmediaciones de la colonia Arenal Tepepan, en la alcald\u00eda Tlalpan.<\/p>\n<p>Seg\u00fan las investigaciones, \u00e9l tambi\u00e9n estuvo el d\u00eda y la hora en el que pag\u00f3 el\u00a0 rescate y en el per\u00edmetro en el que fue identificado el cuerpo.<\/p>\n<p>Esa persona cuenta con antecedentes penales por abuso de confianza y al momento de su detenci\u00f3n le fueron aseguradas diversas dosis de narc\u00f3ticos.<\/p>\n<p>En la conferencia,\u00a0en la que se advirti\u00f3 que no habr\u00eda preguntas ante el sigilo con el que se debe seguir el caso, se inform\u00f3 que la madrugada de este jueves tambi\u00e9n fue detenido Jos\u00e9 \u201cN\u201d, quien habr\u00eda participado en el traslado e intercepci\u00f3n del estudiante a la casa de seguridad y el cobro del rescate.<\/p>\n","protected":false},"excerpt":{"rendered":"<p>M\u00e9xico.- Autoridades de justicia de la Ciudad de M\u00e9xico informaron que suman cuatro los detenidos en el caso del secuestro y asesinato del joven Norberto Ronquillo, cuyo cuerpo fue hallado el 10 de junio en Xochimilco, en la Ciudad de M\u00e9xico. Indicaron que algunos de los implicados fueron aprehendidos con paquetes de presunta droga, por [&hellip;]<\/p>\n","protected":false},"author":2,"featured_media":35802,"comment_status":"open","ping_status":"closed","sticky":false,"template":"","format":"standard","meta":{"footnotes":""},"categories":[30],"tags":[],"class_list":["post-35801","post","type-post","status-publish","format-standard","has-post-thumbnail","hentry","category-nacional"],"yoast_head":"<!-- This site is optimized with the Yoast SEO plugin v27.4 - https:\/\/yoast.com\/product\/yoast-seo-wordpress\/ -->\n<title>Suman cuatro detenidos por secuestro y asesinato de Norberto Ronquillo - Canal 7 SLP - 2019<\/title>\n<meta name=\"robots\" content=\"index, follow, max-snippet:-1, max-image-preview:large, max-video-preview:-1\" \/>\n<link rel=\"canonical\" href=\"https:\/\/canal7slp.tv\/2019\/suman-cuatro-detenidos-por-secuestro-y-asesinato-de-norberto-ronquillo\/\" \/>\n<meta property=\"og:locale\" content=\"es_ES\" \/>\n<meta property=\"og:type\" content=\"article\" \/>\n<meta property=\"og:title\" content=\"Suman cuatro detenidos por secuestro y asesinato de Norberto Ronquillo - Canal 7 SLP - 2019\" \/>\n<meta property=\"og:description\" content=\"M\u00e9xico.- Autoridades de justicia de la Ciudad de M\u00e9xico informaron que suman cuatro los detenidos en el caso del secuestro y asesinato del joven Norberto Ronquillo, cuyo cuerpo fue hallado el 10 de junio en Xochimilco, en la Ciudad de M\u00e9xico. Indicaron que algunos de los implicados fueron aprehendidos con paquetes de presunta droga, por [&hellip;]\" \/>\n<meta property=\"og:url\" content=\"https:\/\/canal7slp.tv\/2019\/suman-cuatro-detenidos-por-secuestro-y-asesinato-de-norberto-ronquillo\/\" \/>\n<meta property=\"og:site_name\" content=\"Canal 7 SLP - 2019\" \/>\n<meta property=\"article:publisher\" content=\"https:\/\/www.facebook.com\/CANAL7SLP\/\" \/>\n<meta property=\"article:published_time\" content=\"2019-07-19T00:05:19+00:00\" \/>\n<meta property=\"og:image\" content=\"https:\/\/canal7slp.tv\/2019\/wp-content\/uploads\/2019\/07\/90718070.jpg\" \/>\n\t<meta property=\"og:image:width\" content=\"750\" \/>\n\t<meta property=\"og:image:height\" content=\"499\" \/>\n\t<meta property=\"og:image:type\" content=\"image\/jpeg\" \/>\n<meta name=\"author\" content=\"edicionweb\" \/>\n<meta name=\"twitter:card\" content=\"summary_large_image\" \/>\n<meta name=\"twitter:creator\" content=\"@canal7_slp\" \/>\n<meta name=\"twitter:site\" content=\"@canal7_slp\" \/>\n<meta name=\"twitter:label1\" content=\"Escrito por\" \/>\n\t<meta name=\"twitter:data1\" content=\"edicionweb\" \/>\n\t<meta name=\"twitter:label2\" content=\"Tiempo de lectura\" \/>\n\t<meta name=\"twitter:data2\" content=\"3 minutos\" \/>\n<script type=\"application\/ld+json\" class=\"yoast-schema-graph\">{\"@context\":\"https:\\\/\\\/schema.org\",\"@graph\":[{\"@type\":\"Article\",\"@id\":\"https:\\\/\\\/canal7slp.tv\\\/2019\\\/suman-cuatro-detenidos-por-secuestro-y-asesinato-de-norberto-ronquillo\\\/#article\",\"isPartOf\":{\"@id\":\"https:\\\/\\\/canal7slp.tv\\\/2019\\\/suman-cuatro-detenidos-por-secuestro-y-asesinato-de-norberto-ronquillo\\\/\"},\"author\":{\"name\":\"edicionweb\",\"@id\":\"https:\\\/\\\/canal7slp.tv\\\/2019\\\/#\\\/schema\\\/person\\\/11d941c1c6ca30ac0a46b95fa37aa2e3\"},\"headline\":\"Suman cuatro detenidos por secuestro y asesinato de Norberto Ronquillo\",\"datePublished\":\"2019-07-19T00:05:19+00:00\",\"mainEntityOfPage\":{\"@id\":\"https:\\\/\\\/canal7slp.tv\\\/2019\\\/suman-cuatro-detenidos-por-secuestro-y-asesinato-de-norberto-ronquillo\\\/\"},\"wordCount\":561,\"commentCount\":0,\"publisher\":{\"@id\":\"https:\\\/\\\/canal7slp.tv\\\/2019\\\/#organization\"},\"image\":{\"@id\":\"https:\\\/\\\/canal7slp.tv\\\/2019\\\/suman-cuatro-detenidos-por-secuestro-y-asesinato-de-norberto-ronquillo\\\/#primaryimage\"},\"thumbnailUrl\":\"https:\\\/\\\/canal7slp.tv\\\/2019\\\/wp-content\\\/uploads\\\/2019\\\/07\\\/90718070.jpg\",\"articleSection\":[\"NACIONAL\"],\"inLanguage\":\"es\",\"potentialAction\":[{\"@type\":\"CommentAction\",\"name\":\"Comment\",\"target\":[\"https:\\\/\\\/canal7slp.tv\\\/2019\\\/suman-cuatro-detenidos-por-secuestro-y-asesinato-de-norberto-ronquillo\\\/#respond\"]}]},{\"@type\":\"WebPage\",\"@id\":\"https:\\\/\\\/canal7slp.tv\\\/2019\\\/suman-cuatro-detenidos-por-secuestro-y-asesinato-de-norberto-ronquillo\\\/\",\"url\":\"https:\\\/\\\/canal7slp.tv\\\/2019\\\/suman-cuatro-detenidos-por-secuestro-y-asesinato-de-norberto-ronquillo\\\/\",\"name\":\"Suman cuatro detenidos por secuestro y asesinato de Norberto Ronquillo - Canal 7 SLP - 2019\",\"isPartOf\":{\"@id\":\"https:\\\/\\\/canal7slp.tv\\\/2019\\\/#website\"},\"primaryImageOfPage\":{\"@id\":\"https:\\\/\\\/canal7slp.tv\\\/2019\\\/suman-cuatro-detenidos-por-secuestro-y-asesinato-de-norberto-ronquillo\\\/#primaryimage\"},\"image\":{\"@id\":\"https:\\\/\\\/canal7slp.tv\\\/2019\\\/suman-cuatro-detenidos-por-secuestro-y-asesinato-de-norberto-ronquillo\\\/#primaryimage\"},\"thumbnailUrl\":\"https:\\\/\\\/canal7slp.tv\\\/2019\\\/wp-content\\\/uploads\\\/2019\\\/07\\\/90718070.jpg\",\"datePublished\":\"2019-07-19T00:05:19+00:00\",\"breadcrumb\":{\"@id\":\"https:\\\/\\\/canal7slp.tv\\\/2019\\\/suman-cuatro-detenidos-por-secuestro-y-asesinato-de-norberto-ronquillo\\\/#breadcrumb\"},\"inLanguage\":\"es\",\"potentialAction\":[{\"@type\":\"ReadAction\",\"target\":[\"https:\\\/\\\/canal7slp.tv\\\/2019\\\/suman-cuatro-detenidos-por-secuestro-y-asesinato-de-norberto-ronquillo\\\/\"]}]},{\"@type\":\"ImageObject\",\"inLanguage\":\"es\",\"@id\":\"https:\\\/\\\/canal7slp.tv\\\/2019\\\/suman-cuatro-detenidos-por-secuestro-y-asesinato-de-norberto-ronquillo\\\/#primaryimage\",\"url\":\"https:\\\/\\\/canal7slp.tv\\\/2019\\\/wp-content\\\/uploads\\\/2019\\\/07\\\/90718070.jpg\",\"contentUrl\":\"https:\\\/\\\/canal7slp.tv\\\/2019\\\/wp-content\\\/uploads\\\/2019\\\/07\\\/90718070.jpg\",\"width\":750,\"height\":499,\"caption\":\"90718070. M\u00e9xico, 18 Jul 2019 (Notimex-Ernesto Alvarez).- Rodrigo de la Riva Subprocurador de Averiguaciones Previas de la Ciudad de M\u00e9xico, Ernestina Godoy Procuradora General de Justicia y Omar Garc\u00eda Jefe de la Polic\u00eda de Investigaci\u00f3n en conferencia de prensa sobre el caso Norberto Ronquillo. M\u00e9xico 18 de julio del 2019. M\u00e9xico 18 de julio del 2019. NOTIMEX\\\/FOTO\\\/ERNESTO ALVAREZ\\\/EAA\\\/JUSTICIA\"},{\"@type\":\"BreadcrumbList\",\"@id\":\"https:\\\/\\\/canal7slp.tv\\\/2019\\\/suman-cuatro-detenidos-por-secuestro-y-asesinato-de-norberto-ronquillo\\\/#breadcrumb\",\"itemListElement\":[{\"@type\":\"ListItem\",\"position\":1,\"name\":\"Home\",\"item\":\"https:\\\/\\\/canal7slp.tv\\\/2019\\\/\"},{\"@type\":\"ListItem\",\"position\":2,\"name\":\"Suman cuatro detenidos por secuestro y asesinato de Norberto Ronquillo\"}]},{\"@type\":\"WebSite\",\"@id\":\"https:\\\/\\\/canal7slp.tv\\\/2019\\\/#website\",\"url\":\"https:\\\/\\\/canal7slp.tv\\\/2019\\\/\",\"name\":\"Canal 7 SLP - Somos TV\",\"description\":\"Somos un Canal de 10\",\"publisher\":{\"@id\":\"https:\\\/\\\/canal7slp.tv\\\/2019\\\/#organization\"},\"potentialAction\":[{\"@type\":\"SearchAction\",\"target\":{\"@type\":\"EntryPoint\",\"urlTemplate\":\"https:\\\/\\\/canal7slp.tv\\\/2019\\\/?s={search_term_string}\"},\"query-input\":{\"@type\":\"PropertyValueSpecification\",\"valueRequired\":true,\"valueName\":\"search_term_string\"}}],\"inLanguage\":\"es\"},{\"@type\":\"Organization\",\"@id\":\"https:\\\/\\\/canal7slp.tv\\\/2019\\\/#organization\",\"name\":\"Comunicaci\u00f3n 2000 S.A. de C.V.\",\"url\":\"https:\\\/\\\/canal7slp.tv\\\/2019\\\/\",\"logo\":{\"@type\":\"ImageObject\",\"inLanguage\":\"es\",\"@id\":\"https:\\\/\\\/canal7slp.tv\\\/2019\\\/#\\\/schema\\\/logo\\\/image\\\/\",\"url\":\"https:\\\/\\\/canal7slp.tv\\\/2019\\\/wp-content\\\/uploads\\\/2019\\\/07\\\/logo-c7.png\",\"contentUrl\":\"https:\\\/\\\/canal7slp.tv\\\/2019\\\/wp-content\\\/uploads\\\/2019\\\/07\\\/logo-c7.png\",\"width\":220,\"height\":60,\"caption\":\"Comunicaci\u00f3n 2000 S.A. de C.V.\"},\"image\":{\"@id\":\"https:\\\/\\\/canal7slp.tv\\\/2019\\\/#\\\/schema\\\/logo\\\/image\\\/\"},\"sameAs\":[\"https:\\\/\\\/www.facebook.com\\\/CANAL7SLP\\\/\",\"https:\\\/\\\/x.com\\\/canal7_slp\",\"https:\\\/\\\/www.instagram.com\\\/canal7_slp\",\"https:\\\/\\\/www.youtube.com\\\/user\\\/NOTICIEROSCANAL7SLP\\\/\"]},{\"@type\":\"Person\",\"@id\":\"https:\\\/\\\/canal7slp.tv\\\/2019\\\/#\\\/schema\\\/person\\\/11d941c1c6ca30ac0a46b95fa37aa2e3\",\"name\":\"edicionweb\",\"image\":{\"@type\":\"ImageObject\",\"inLanguage\":\"es\",\"@id\":\"https:\\\/\\\/secure.gravatar.com\\\/avatar\\\/eee448fc3f7164808013b816ba91ac7e43bbe82a70bebac296f8bc6f0addaa1a?s=96&d=mm&r=g\",\"url\":\"https:\\\/\\\/secure.gravatar.com\\\/avatar\\\/eee448fc3f7164808013b816ba91ac7e43bbe82a70bebac296f8bc6f0addaa1a?s=96&d=mm&r=g\",\"contentUrl\":\"https:\\\/\\\/secure.gravatar.com\\\/avatar\\\/eee448fc3f7164808013b816ba91ac7e43bbe82a70bebac296f8bc6f0addaa1a?s=96&d=mm&r=g\",\"caption\":\"edicionweb\"}}]}<\/script>\n<!-- \/ Yoast SEO plugin. -->","yoast_head_json":{"title":"Suman cuatro detenidos por secuestro y asesinato de Norberto Ronquillo - Canal 7 SLP - 2019","robots":{"index":"index","follow":"follow","max-snippet":"max-snippet:-1","max-image-preview":"max-image-preview:large","max-video-preview":"max-video-preview:-1"},"canonical":"https:\/\/canal7slp.tv\/2019\/suman-cuatro-detenidos-por-secuestro-y-asesinato-de-norberto-ronquillo\/","og_locale":"es_ES","og_type":"article","og_title":"Suman cuatro detenidos por secuestro y asesinato de Norberto Ronquillo - Canal 7 SLP - 2019","og_description":"M\u00e9xico.- Autoridades de justicia de la Ciudad de M\u00e9xico informaron que suman cuatro los detenidos en el caso del secuestro y asesinato del joven Norberto Ronquillo, cuyo cuerpo fue hallado el 10 de junio en Xochimilco, en la Ciudad de M\u00e9xico. Indicaron que algunos de los implicados fueron aprehendidos con paquetes de presunta droga, por [&hellip;]","og_url":"https:\/\/canal7slp.tv\/2019\/suman-cuatro-detenidos-por-secuestro-y-asesinato-de-norberto-ronquillo\/","og_site_name":"Canal 7 SLP - 2019","article_publisher":"https:\/\/www.facebook.com\/CANAL7SLP\/","article_published_time":"2019-07-19T00:05:19+00:00","og_image":[{"width":750,"height":499,"url":"https:\/\/canal7slp.tv\/2019\/wp-content\/uploads\/2019\/07\/90718070.jpg","type":"image\/jpeg"}],"author":"edicionweb","twitter_card":"summary_large_image","twitter_creator":"@canal7_slp","twitter_site":"@canal7_slp","twitter_misc":{"Escrito por":"edicionweb","Tiempo de lectura":"3 minutos"},"schema":{"@context":"https:\/\/schema.org","@graph":[{"@type":"Article","@id":"https:\/\/canal7slp.tv\/2019\/suman-cuatro-detenidos-por-secuestro-y-asesinato-de-norberto-ronquillo\/#article","isPartOf":{"@id":"https:\/\/canal7slp.tv\/2019\/suman-cuatro-detenidos-por-secuestro-y-asesinato-de-norberto-ronquillo\/"},"author":{"name":"edicionweb","@id":"https:\/\/canal7slp.tv\/2019\/#\/schema\/person\/11d941c1c6ca30ac0a46b95fa37aa2e3"},"headline":"Suman cuatro detenidos por secuestro y asesinato de Norberto Ronquillo","datePublished":"2019-07-19T00:05:19+00:00","mainEntityOfPage":{"@id":"https:\/\/canal7slp.tv\/2019\/suman-cuatro-detenidos-por-secuestro-y-asesinato-de-norberto-ronquillo\/"},"wordCount":561,"commentCount":0,"publisher":{"@id":"https:\/\/canal7slp.tv\/2019\/#organization"},"image":{"@id":"https:\/\/canal7slp.tv\/2019\/suman-cuatro-detenidos-por-secuestro-y-asesinato-de-norberto-ronquillo\/#primaryimage"},"thumbnailUrl":"https:\/\/canal7slp.tv\/2019\/wp-content\/uploads\/2019\/07\/90718070.jpg","articleSection":["NACIONAL"],"inLanguage":"es","potentialAction":[{"@type":"CommentAction","name":"Comment","target":["https:\/\/canal7slp.tv\/2019\/suman-cuatro-detenidos-por-secuestro-y-asesinato-de-norberto-ronquillo\/#respond"]}]},{"@type":"WebPage","@id":"https:\/\/canal7slp.tv\/2019\/suman-cuatro-detenidos-por-secuestro-y-asesinato-de-norberto-ronquillo\/","url":"https:\/\/canal7slp.tv\/2019\/suman-cuatro-detenidos-por-secuestro-y-asesinato-de-norberto-ronquillo\/","name":"Suman cuatro detenidos por secuestro y asesinato de Norberto Ronquillo - Canal 7 SLP - 2019","isPartOf":{"@id":"https:\/\/canal7slp.tv\/2019\/#website"},"primaryImageOfPage":{"@id":"https:\/\/canal7slp.tv\/2019\/suman-cuatro-detenidos-por-secuestro-y-asesinato-de-norberto-ronquillo\/#primaryimage"},"image":{"@id":"https:\/\/canal7slp.tv\/2019\/suman-cuatro-detenidos-por-secuestro-y-asesinato-de-norberto-ronquillo\/#primaryimage"},"thumbnailUrl":"https:\/\/canal7slp.tv\/2019\/wp-content\/uploads\/2019\/07\/90718070.jpg","datePublished":"2019-07-19T00:05:19+00:00","breadcrumb":{"@id":"https:\/\/canal7slp.tv\/2019\/suman-cuatro-detenidos-por-secuestro-y-asesinato-de-norberto-ronquillo\/#breadcrumb"},"inLanguage":"es","potentialAction":[{"@type":"ReadAction","target":["https:\/\/canal7slp.tv\/2019\/suman-cuatro-detenidos-por-secuestro-y-asesinato-de-norberto-ronquillo\/"]}]},{"@type":"ImageObject","inLanguage":"es","@id":"https:\/\/canal7slp.tv\/2019\/suman-cuatro-detenidos-por-secuestro-y-asesinato-de-norberto-ronquillo\/#primaryimage","url":"https:\/\/canal7slp.tv\/2019\/wp-content\/uploads\/2019\/07\/90718070.jpg","contentUrl":"https:\/\/canal7slp.tv\/2019\/wp-content\/uploads\/2019\/07\/90718070.jpg","width":750,"height":499,"caption":"90718070. M\u00e9xico, 18 Jul 2019 (Notimex-Ernesto Alvarez).- Rodrigo de la Riva Subprocurador de Averiguaciones Previas de la Ciudad de M\u00e9xico, Ernestina Godoy Procuradora General de Justicia y Omar Garc\u00eda Jefe de la Polic\u00eda de Investigaci\u00f3n en conferencia de prensa sobre el caso Norberto Ronquillo. M\u00e9xico 18 de julio del 2019. M\u00e9xico 18 de julio del 2019. NOTIMEX\/FOTO\/ERNESTO ALVAREZ\/EAA\/JUSTICIA"},{"@type":"BreadcrumbList","@id":"https:\/\/canal7slp.tv\/2019\/suman-cuatro-detenidos-por-secuestro-y-asesinato-de-norberto-ronquillo\/#breadcrumb","itemListElement":[{"@type":"ListItem","position":1,"name":"Home","item":"https:\/\/canal7slp.tv\/2019\/"},{"@type":"ListItem","position":2,"name":"Suman cuatro detenidos por secuestro y asesinato de Norberto Ronquillo"}]},{"@type":"WebSite","@id":"https:\/\/canal7slp.tv\/2019\/#website","url":"https:\/\/canal7slp.tv\/2019\/","name":"Canal 7 SLP - Somos TV","description":"Somos un Canal de 10","publisher":{"@id":"https:\/\/canal7slp.tv\/2019\/#organization"},"potentialAction":[{"@type":"SearchAction","target":{"@type":"EntryPoint","urlTemplate":"https:\/\/canal7slp.tv\/2019\/?s={search_term_string}"},"query-input":{"@type":"PropertyValueSpecification","valueRequired":true,"valueName":"search_term_string"}}],"inLanguage":"es"},{"@type":"Organization","@id":"https:\/\/canal7slp.tv\/2019\/#organization","name":"Comunicaci\u00f3n 2000 S.A. de C.V.","url":"https:\/\/canal7slp.tv\/2019\/","logo":{"@type":"ImageObject","inLanguage":"es","@id":"https:\/\/canal7slp.tv\/2019\/#\/schema\/logo\/image\/","url":"https:\/\/canal7slp.tv\/2019\/wp-content\/uploads\/2019\/07\/logo-c7.png","contentUrl":"https:\/\/canal7slp.tv\/2019\/wp-content\/uploads\/2019\/07\/logo-c7.png","width":220,"height":60,"caption":"Comunicaci\u00f3n 2000 S.A. de C.V."},"image":{"@id":"https:\/\/canal7slp.tv\/2019\/#\/schema\/logo\/image\/"},"sameAs":["https:\/\/www.facebook.com\/CANAL7SLP\/","https:\/\/x.com\/canal7_slp","https:\/\/www.instagram.com\/canal7_slp","https:\/\/www.youtube.com\/user\/NOTICIEROSCANAL7SLP\/"]},{"@type":"Person","@id":"https:\/\/canal7slp.tv\/2019\/#\/schema\/person\/11d941c1c6ca30ac0a46b95fa37aa2e3","name":"edicionweb","image":{"@type":"ImageObject","inLanguage":"es","@id":"https:\/\/secure.gravatar.com\/avatar\/eee448fc3f7164808013b816ba91ac7e43bbe82a70bebac296f8bc6f0addaa1a?s=96&d=mm&r=g","url":"https:\/\/secure.gravatar.com\/avatar\/eee448fc3f7164808013b816ba91ac7e43bbe82a70bebac296f8bc6f0addaa1a?s=96&d=mm&r=g","contentUrl":"https:\/\/secure.gravatar.com\/avatar\/eee448fc3f7164808013b816ba91ac7e43bbe82a70bebac296f8bc6f0addaa1a?s=96&d=mm&r=g","caption":"edicionweb"}}]}},"amp_enabled":true,"cmb2":{"video_ids_in_playlist":{"vid_p_videos":""},"video_ids_in_channel":{"vid_c_videos":""},"playlist_ids_in_channel":{"vid_c_playlists":""},"series_ids_in_channel":{"vid_c_series":""},"channel_images":{"vid_c_logo":"","vid_c_banner":""},"poster_feature_image":{"vid_m_poster_image":""},"gif_feature_image":{"vid_m_gif_image":""},"video_movie_settings":{"vid_m_director":"","vid_m_actor":"","vid_m_imdb_ratings":"","vid_m_amazon_associates":""},"vid_youtube_broadcasts_settings":{"vid_yb_broadcast_title":"","vid_yb_q":"","vid_yb_channelid":"","vid_yb_videocategoryid":"","vid_yb_maxresults":"","vid_yb_order":"","vid_yb_regioncode":"","vid_yb_videosyndicated":"","vid_yb_style":"","vid_yb_reload_first":""},"video_series_settings":{"vid_m_director":"","vid_m_actor":"","vid_m_imdb_ratings":"","video_series_group":""},"amazon_associates_settings":{"amazon_associates":"","amazon_native_ad":""},"vid_youtube_automatic_settings":{"vid_ya_youtube_source":"","vid_ya_update_every":"","vid_ya_update_unit":"","vid_ya_categories":"","vid_ya_published_after":"","vid_ya_published_before":"","vid_ya_playlists":"","vid_ya_channels":"","vid_ya_director":"","vid_ya_actor":"","vid_ya_author":"","vid_ya_import_post_date":"","vid_ya_status":"","vid_ya_sub_api_key":""},"vid_ads_m_videoads_settings_post":{"vid_ads_m_video_ads":"","vid_ads_m_video_ads_type":"","vid_ads_m_group_google_ima":"","vid_ads_m_group_image":"","vid_ads_m_group_html5_video":"","vid_ads_m_group_html":"","vid_ads_m_vast_preroll":"","vid_ads_m_vast_postroll":"","vid_ads_m_vast_pauseroll":"","vid_ads_m_vast_midroll":[{"vid_ads_m_vast_timer_seconds":"50"}],"vid_ads_m_time_to_show_ads":"","vid_ads_m_time_skip_ads":"","vid_ads_m_time_to_hide_ads":""},"page_slider_settings":{"display_slider_group":"","page_slider_group":""},"blog_page_settings":{"blog_page_title":"","blog_page_heading":"","blog_page_ic":"","blog_page_it":"","blog_page_ec":"","blog_page_ip":"","archive_loop_style":"","blog_image_ratio":"","blog_show_categories":"","blog_show_excerpt":"","blog_show_author":"","blog_show_date":"","blog_show_comment_count":"","blog_show_view_count":"","blog_show_like_count":"","blog_show_dislike_count":"","blog_items_per_page":"","blog_pag_type":""},"page_options":{"get_page_template":"","color_mode":"","main_layout":"","main_layout_full_with":"","main_logo":"","main_logo_retina":"","main_logo_mobile":"","main_logo_mobile_retina":"","sticky_logo":"","sticky_logo_retina":"","main_nav_layout":"","ajax_search":"","header_background":"","theme_sidebar":"","instagram_feed":"","instagram_feed_position":"","popular_videos":"","popular_videos_title_1":"","popular_videos_title_2":"","popular_videos_ic":"","popular_videos_it":"","theme_background":"","page_custom_css":""},"feature_image_settings":{"feature_image_position":""},"video_player_settings":{"single_video_style":"","video_player_position":"","vm_video_url":"","video_player_library":"","video_streaming":"","vm_media_sources":"","vid_auto_play":"","vm_video_shortcode":"","vid_p_sync_playlist":"","vid_c_sync_channel":"","get_post_format":"","multiple_links_structure":"default","multi_links_title":"","vm_video_multi_links":"","vm_duration":"","vid_social_locker":"off","vid_social_locker_id":"","vid_membership_action":"content-video","vm_video_trailer_url":"","vid_download_type":"free","vid_download_target":"download","vid_woo_product":"","vm_media_download":"","user_rating":"","user_rating_position":"","user_rating_mode":"","user_rating_multi_sets":""},"video_auto_fetch_settings":{"vm_video_fetch":"on"},"video_fake_views_likes":{"vm_fake_views":"","vm_fake_likes":"","vm_fake_dislikes":""},"gallery_settings":{"gallery_position":""},"quote_settings":{"quote_position":""},"post_options":{"main_layout":"","main_logo":"","main_logo_retina":"","main_logo_mobile":"","main_logo_mobile_retina":"","sticky_logo":"","sticky_logo_retina":"","main_nav_layout":"","header_background":"","theme_sidebar":"","single_post_comment_type":"","theme_background":""}},"_links":{"self":[{"href":"https:\/\/canal7slp.tv\/2019\/wp-json\/wp\/v2\/posts\/35801","targetHints":{"allow":["GET"]}}],"collection":[{"href":"https:\/\/canal7slp.tv\/2019\/wp-json\/wp\/v2\/posts"}],"about":[{"href":"https:\/\/canal7slp.tv\/2019\/wp-json\/wp\/v2\/types\/post"}],"author":[{"embeddable":true,"href":"https:\/\/canal7slp.tv\/2019\/wp-json\/wp\/v2\/users\/2"}],"replies":[{"embeddable":true,"href":"https:\/\/canal7slp.tv\/2019\/wp-json\/wp\/v2\/comments?post=35801"}],"version-history":[{"count":0,"href":"https:\/\/canal7slp.tv\/2019\/wp-json\/wp\/v2\/posts\/35801\/revisions"}],"wp:featuredmedia":[{"embeddable":true,"href":"https:\/\/canal7slp.tv\/2019\/wp-json\/wp\/v2\/media\/35802"}],"wp:attachment":[{"href":"https:\/\/canal7slp.tv\/2019\/wp-json\/wp\/v2\/media?parent=35801"}],"wp:term":[{"taxonomy":"category","embeddable":true,"href":"https:\/\/canal7slp.tv\/2019\/wp-json\/wp\/v2\/categories?post=35801"},{"taxonomy":"post_tag","embeddable":true,"href":"https:\/\/canal7slp.tv\/2019\/wp-json\/wp\/v2\/tags?post=35801"}],"curies":[{"name":"wp","href":"https:\/\/api.w.org\/{rel}","templated":true}]}}