{"id":35644,"date":"2019-07-18T17:31:21","date_gmt":"2019-07-18T22:31:21","guid":{"rendered":"https:\/\/canal7slp.tv\/2019\/?p=35644"},"modified":"2019-07-18T17:31:21","modified_gmt":"2019-07-18T22:31:21","slug":"diputacion-permanente-se-turnan-iniciativas-a-comisiones-legislativas","status":"publish","type":"post","link":"https:\/\/canal7slp.tv\/2019\/diputacion-permanente-se-turnan-iniciativas-a-comisiones-legislativas\/","title":{"rendered":"Diputaci\u00f3n Permanente: Se turnan iniciativas a Comisiones Legislativas"},"content":{"rendered":"<p style=\"text-align: justify;\">SLP.- En sesi\u00f3n de la Diputaci\u00f3n Permanente, se presentaron iniciativas de reforma a diversos ordenamientos, las cuales fueron turnadas para su an\u00e1lisis a las comisiones legislativas.<\/p>\n<p style=\"text-align: justify;\">\n<p style=\"text-align: justify;\">A la Comisi\u00f3n de Justicia, se turn\u00f3 la iniciativa presentada por el Licenciado Luis Alejandro Padr\u00f3n Moncada, para reformar el art\u00edculo 32 en sus fracciones, I, y II, del C\u00f3digo de Procedimientos Civiles para el Estado de San Luis Potos\u00ed, a efecto de eliminar de la legislaci\u00f3n la acci\u00f3n de jactancia para los procedimientos del orden civil.<\/p>\n<p style=\"text-align: justify;\">\n<p style=\"text-align: justify;\">A la Comisi\u00f3n de Desarrollo Econ\u00f3mico y Social se turnaron dos iniciativas presentadas por la diputada Laura Patricia Silva Celis; la primera, para adicionar el art\u00edculo 33 Bis, de la Ley para el Desarrollo Econ\u00f3mico Sustentable, y la Competitividad del Estado de San Luis Potos\u00ed, con el fin de establecer acciones en materia de combate a la crisis alimentaria.<\/p>\n<p style=\"text-align: justify;\">\n<p style=\"text-align: justify;\">La segunda iniciativa presentada por la diputada Patricia Silva Celis, busca reformar el art\u00edculo 56, de la Ley para el Desarrollo Econ\u00f3mico Sustentable, y la Competitividad, del Estado De San Luis Potos\u00ed, para impulsar la mejora de procesos industriales.<\/p>\n<p style=\"text-align: justify;\">\n<p style=\"text-align: justify;\">El diputado Edgardo Hern\u00e1ndez Contreras, present\u00f3 iniciativa de reforma a los art\u00edculos, 5\u00b0, 6\u00b0 en sus fracciones, IV, y VIII, 8\u00b0 en sus fracciones, I, III, VI, VIII, y XI, 9\u00b0, 11 en su fracci\u00f3n I, 14 en su fracci\u00f3n I, y 24 en sus fracciones, I, y IV; adici\u00f3n al art\u00edculo 8\u00b0 seis fracciones, \u00e9stas como XII a XVII, por lo que actual XVII pasa a ser fracci\u00f3n XVIII; y derogar del art\u00edculo 4\u00b0 la fracci\u00f3n II, del Reglamento Interior del Instituto de Investigaciones Legislativas del Congreso del Estado, a fin de integrar mejor las funciones de este \u00f3rgano. La iniciativa se turn\u00f3 a las comisiones de Puntos Constitucionales; y Gobernaci\u00f3n; Comit\u00e9 del Instituto de Investigaciones Legislativas.<\/p>\n<p style=\"text-align: justify;\">\n<p style=\"text-align: justify;\">A la Comisi\u00f3n de Puntos Constitucionales se turn\u00f3 la iniciativa para reformar el art\u00edculo 77 en su fracci\u00f3n III, de la Ley Org\u00e1nica del Municipio Libre del Estado de San Luis Potos\u00ed, presentada por el diputado Rub\u00e9n Guajardo Barrera, para establecer en la citada legislaci\u00f3n que para ejercer el cargo de secretario del Ayuntamiento en los casos de los municipios de m\u00e1s de 100 mil habitantes se deba contar c\u00e9dula profesional de Licenciatura en Derecho o Abogado al momento de asumir el cargo.<\/p>\n<p style=\"text-align: justify;\">\n<p style=\"text-align: justify;\">Finalmente, a la Comisi\u00f3n de Justicia, se turn\u00f3 la iniciativa del C. Ricardo S\u00e1nchez M\u00e1rquez para reformar el art\u00edculo 481.12 en su fracci\u00f3n V, del C\u00f3digo de Procedimientos Civiles para el Estado de San Luis Potos\u00ed; en relaci\u00f3n al procedimiento de remate de bienes.<\/p>\n<p style=\"text-align: justify;\">\n<p style=\"text-align: justify;\">Adem\u00e1s, se turn\u00f3 a las diversas comisiones legislativas, la correspondencia enviada al Poder Legislativo por los ayuntamientos del estado, entes paraestatales y aut\u00f3nomos, poderes del estado, poderes de otras entidades del pa\u00eds, y particulares.<\/p>\n<p style=\"text-align: justify;\">\n<p style=\"text-align: justify;\">Agotados los asuntos, se cit\u00f3 a sesi\u00f3n de la Diputaci\u00f3n Permanente para el pr\u00f3ximo jueves 25 de julio de 2019, a las 10:00 horas, en el sal\u00f3n \u201cPonciano Arriaga Leija\u201d de Jard\u00edn Hidalgo 19.<\/p>\n","protected":false},"excerpt":{"rendered":"<p>SLP.- En sesi\u00f3n de la Diputaci\u00f3n Permanente, se presentaron iniciativas de reforma a diversos ordenamientos, las cuales fueron turnadas para su an\u00e1lisis a las comisiones legislativas. A la Comisi\u00f3n de Justicia, se turn\u00f3 la iniciativa presentada por el Licenciado Luis Alejandro Padr\u00f3n Moncada, para reformar el art\u00edculo 32 en sus fracciones, I, y II, del [&hellip;]<\/p>\n","protected":false},"author":2,"featured_media":35655,"comment_status":"open","ping_status":"closed","sticky":false,"template":"","format":"standard","meta":{"footnotes":""},"categories":[17],"tags":[109],"class_list":["post-35644","post","type-post","status-publish","format-standard","has-post-thumbnail","hentry","category-localesyregionales","tag-congreso-slp"],"yoast_head":"<!-- This site is optimized with the Yoast SEO plugin v27.5 - https:\/\/yoast.com\/product\/yoast-seo-wordpress\/ -->\n<title>Diputaci\u00f3n Permanente: Se turnan iniciativas a Comisiones Legislativas - Canal 7 SLP - 2019<\/title>\n<meta name=\"robots\" content=\"index, follow, max-snippet:-1, max-image-preview:large, max-video-preview:-1\" \/>\n<link rel=\"canonical\" href=\"https:\/\/canal7slp.tv\/2019\/diputacion-permanente-se-turnan-iniciativas-a-comisiones-legislativas\/\" \/>\n<meta property=\"og:locale\" content=\"es_ES\" \/>\n<meta property=\"og:type\" content=\"article\" \/>\n<meta property=\"og:title\" content=\"Diputaci\u00f3n Permanente: Se turnan iniciativas a Comisiones Legislativas - Canal 7 SLP - 2019\" \/>\n<meta property=\"og:description\" content=\"SLP.- En sesi\u00f3n de la Diputaci\u00f3n Permanente, se presentaron iniciativas de reforma a diversos ordenamientos, las cuales fueron turnadas para su an\u00e1lisis a las comisiones legislativas. A la Comisi\u00f3n de Justicia, se turn\u00f3 la iniciativa presentada por el Licenciado Luis Alejandro Padr\u00f3n Moncada, para reformar el art\u00edculo 32 en sus fracciones, I, y II, del [&hellip;]\" \/>\n<meta property=\"og:url\" content=\"https:\/\/canal7slp.tv\/2019\/diputacion-permanente-se-turnan-iniciativas-a-comisiones-legislativas\/\" \/>\n<meta property=\"og:site_name\" content=\"Canal 7 SLP - 2019\" \/>\n<meta property=\"article:publisher\" content=\"https:\/\/www.facebook.com\/CANAL7SLP\/\" \/>\n<meta property=\"article:published_time\" content=\"2019-07-18T22:31:21+00:00\" \/>\n<meta property=\"og:image\" content=\"https:\/\/canal7slp.tv\/2019\/wp-content\/uploads\/2019\/07\/c4-6.jpg\" \/>\n\t<meta property=\"og:image:width\" content=\"936\" \/>\n\t<meta property=\"og:image:height\" content=\"648\" \/>\n\t<meta property=\"og:image:type\" content=\"image\/jpeg\" \/>\n<meta name=\"author\" content=\"edicionweb\" \/>\n<meta name=\"twitter:card\" content=\"summary_large_image\" \/>\n<meta name=\"twitter:creator\" content=\"@canal7_slp\" \/>\n<meta name=\"twitter:site\" content=\"@canal7_slp\" \/>\n<meta name=\"twitter:label1\" content=\"Escrito por\" \/>\n\t<meta name=\"twitter:data1\" content=\"edicionweb\" \/>\n\t<meta name=\"twitter:label2\" content=\"Tiempo de lectura\" \/>\n\t<meta name=\"twitter:data2\" content=\"3 minutos\" \/>\n<script type=\"application\/ld+json\" class=\"yoast-schema-graph\">{\"@context\":\"https:\\\/\\\/schema.org\",\"@graph\":[{\"@type\":\"Article\",\"@id\":\"https:\\\/\\\/canal7slp.tv\\\/2019\\\/diputacion-permanente-se-turnan-iniciativas-a-comisiones-legislativas\\\/#article\",\"isPartOf\":{\"@id\":\"https:\\\/\\\/canal7slp.tv\\\/2019\\\/diputacion-permanente-se-turnan-iniciativas-a-comisiones-legislativas\\\/\"},\"author\":{\"name\":\"edicionweb\",\"@id\":\"https:\\\/\\\/canal7slp.tv\\\/2019\\\/#\\\/schema\\\/person\\\/11d941c1c6ca30ac0a46b95fa37aa2e3\"},\"headline\":\"Diputaci\u00f3n Permanente: Se turnan iniciativas a Comisiones Legislativas\",\"datePublished\":\"2019-07-18T22:31:21+00:00\",\"mainEntityOfPage\":{\"@id\":\"https:\\\/\\\/canal7slp.tv\\\/2019\\\/diputacion-permanente-se-turnan-iniciativas-a-comisiones-legislativas\\\/\"},\"wordCount\":533,\"commentCount\":0,\"publisher\":{\"@id\":\"https:\\\/\\\/canal7slp.tv\\\/2019\\\/#organization\"},\"image\":{\"@id\":\"https:\\\/\\\/canal7slp.tv\\\/2019\\\/diputacion-permanente-se-turnan-iniciativas-a-comisiones-legislativas\\\/#primaryimage\"},\"thumbnailUrl\":\"https:\\\/\\\/canal7slp.tv\\\/2019\\\/wp-content\\\/uploads\\\/2019\\\/07\\\/c4-6.jpg\",\"keywords\":[\"Congreso SLP\"],\"articleSection\":[\"LOCALES Y REGIONALES\"],\"inLanguage\":\"es\",\"potentialAction\":[{\"@type\":\"CommentAction\",\"name\":\"Comment\",\"target\":[\"https:\\\/\\\/canal7slp.tv\\\/2019\\\/diputacion-permanente-se-turnan-iniciativas-a-comisiones-legislativas\\\/#respond\"]}]},{\"@type\":\"WebPage\",\"@id\":\"https:\\\/\\\/canal7slp.tv\\\/2019\\\/diputacion-permanente-se-turnan-iniciativas-a-comisiones-legislativas\\\/\",\"url\":\"https:\\\/\\\/canal7slp.tv\\\/2019\\\/diputacion-permanente-se-turnan-iniciativas-a-comisiones-legislativas\\\/\",\"name\":\"Diputaci\u00f3n Permanente: Se turnan iniciativas a Comisiones Legislativas - Canal 7 SLP - 2019\",\"isPartOf\":{\"@id\":\"https:\\\/\\\/canal7slp.tv\\\/2019\\\/#website\"},\"primaryImageOfPage\":{\"@id\":\"https:\\\/\\\/canal7slp.tv\\\/2019\\\/diputacion-permanente-se-turnan-iniciativas-a-comisiones-legislativas\\\/#primaryimage\"},\"image\":{\"@id\":\"https:\\\/\\\/canal7slp.tv\\\/2019\\\/diputacion-permanente-se-turnan-iniciativas-a-comisiones-legislativas\\\/#primaryimage\"},\"thumbnailUrl\":\"https:\\\/\\\/canal7slp.tv\\\/2019\\\/wp-content\\\/uploads\\\/2019\\\/07\\\/c4-6.jpg\",\"datePublished\":\"2019-07-18T22:31:21+00:00\",\"breadcrumb\":{\"@id\":\"https:\\\/\\\/canal7slp.tv\\\/2019\\\/diputacion-permanente-se-turnan-iniciativas-a-comisiones-legislativas\\\/#breadcrumb\"},\"inLanguage\":\"es\",\"potentialAction\":[{\"@type\":\"ReadAction\",\"target\":[\"https:\\\/\\\/canal7slp.tv\\\/2019\\\/diputacion-permanente-se-turnan-iniciativas-a-comisiones-legislativas\\\/\"]}]},{\"@type\":\"ImageObject\",\"inLanguage\":\"es\",\"@id\":\"https:\\\/\\\/canal7slp.tv\\\/2019\\\/diputacion-permanente-se-turnan-iniciativas-a-comisiones-legislativas\\\/#primaryimage\",\"url\":\"https:\\\/\\\/canal7slp.tv\\\/2019\\\/wp-content\\\/uploads\\\/2019\\\/07\\\/c4-6.jpg\",\"contentUrl\":\"https:\\\/\\\/canal7slp.tv\\\/2019\\\/wp-content\\\/uploads\\\/2019\\\/07\\\/c4-6.jpg\",\"width\":936,\"height\":648},{\"@type\":\"BreadcrumbList\",\"@id\":\"https:\\\/\\\/canal7slp.tv\\\/2019\\\/diputacion-permanente-se-turnan-iniciativas-a-comisiones-legislativas\\\/#breadcrumb\",\"itemListElement\":[{\"@type\":\"ListItem\",\"position\":1,\"name\":\"Home\",\"item\":\"https:\\\/\\\/canal7slp.tv\\\/2019\\\/\"},{\"@type\":\"ListItem\",\"position\":2,\"name\":\"Diputaci\u00f3n Permanente: Se turnan iniciativas a Comisiones Legislativas\"}]},{\"@type\":\"WebSite\",\"@id\":\"https:\\\/\\\/canal7slp.tv\\\/2019\\\/#website\",\"url\":\"https:\\\/\\\/canal7slp.tv\\\/2019\\\/\",\"name\":\"Canal 7 SLP - Somos TV\",\"description\":\"Somos un Canal de 10\",\"publisher\":{\"@id\":\"https:\\\/\\\/canal7slp.tv\\\/2019\\\/#organization\"},\"potentialAction\":[{\"@type\":\"SearchAction\",\"target\":{\"@type\":\"EntryPoint\",\"urlTemplate\":\"https:\\\/\\\/canal7slp.tv\\\/2019\\\/?s={search_term_string}\"},\"query-input\":{\"@type\":\"PropertyValueSpecification\",\"valueRequired\":true,\"valueName\":\"search_term_string\"}}],\"inLanguage\":\"es\"},{\"@type\":\"Organization\",\"@id\":\"https:\\\/\\\/canal7slp.tv\\\/2019\\\/#organization\",\"name\":\"Comunicaci\u00f3n 2000 S.A. de C.V.\",\"url\":\"https:\\\/\\\/canal7slp.tv\\\/2019\\\/\",\"logo\":{\"@type\":\"ImageObject\",\"inLanguage\":\"es\",\"@id\":\"https:\\\/\\\/canal7slp.tv\\\/2019\\\/#\\\/schema\\\/logo\\\/image\\\/\",\"url\":\"https:\\\/\\\/canal7slp.tv\\\/2019\\\/wp-content\\\/uploads\\\/2019\\\/07\\\/logo-c7.png\",\"contentUrl\":\"https:\\\/\\\/canal7slp.tv\\\/2019\\\/wp-content\\\/uploads\\\/2019\\\/07\\\/logo-c7.png\",\"width\":220,\"height\":60,\"caption\":\"Comunicaci\u00f3n 2000 S.A. de C.V.\"},\"image\":{\"@id\":\"https:\\\/\\\/canal7slp.tv\\\/2019\\\/#\\\/schema\\\/logo\\\/image\\\/\"},\"sameAs\":[\"https:\\\/\\\/www.facebook.com\\\/CANAL7SLP\\\/\",\"https:\\\/\\\/x.com\\\/canal7_slp\",\"https:\\\/\\\/www.instagram.com\\\/canal7_slp\",\"https:\\\/\\\/www.youtube.com\\\/user\\\/NOTICIEROSCANAL7SLP\\\/\"]},{\"@type\":\"Person\",\"@id\":\"https:\\\/\\\/canal7slp.tv\\\/2019\\\/#\\\/schema\\\/person\\\/11d941c1c6ca30ac0a46b95fa37aa2e3\",\"name\":\"edicionweb\",\"image\":{\"@type\":\"ImageObject\",\"inLanguage\":\"es\",\"@id\":\"https:\\\/\\\/secure.gravatar.com\\\/avatar\\\/eee448fc3f7164808013b816ba91ac7e43bbe82a70bebac296f8bc6f0addaa1a?s=96&d=mm&r=g\",\"url\":\"https:\\\/\\\/secure.gravatar.com\\\/avatar\\\/eee448fc3f7164808013b816ba91ac7e43bbe82a70bebac296f8bc6f0addaa1a?s=96&d=mm&r=g\",\"contentUrl\":\"https:\\\/\\\/secure.gravatar.com\\\/avatar\\\/eee448fc3f7164808013b816ba91ac7e43bbe82a70bebac296f8bc6f0addaa1a?s=96&d=mm&r=g\",\"caption\":\"edicionweb\"}}]}<\/script>\n<!-- \/ Yoast SEO plugin. -->","yoast_head_json":{"title":"Diputaci\u00f3n Permanente: Se turnan iniciativas a Comisiones Legislativas - Canal 7 SLP - 2019","robots":{"index":"index","follow":"follow","max-snippet":"max-snippet:-1","max-image-preview":"max-image-preview:large","max-video-preview":"max-video-preview:-1"},"canonical":"https:\/\/canal7slp.tv\/2019\/diputacion-permanente-se-turnan-iniciativas-a-comisiones-legislativas\/","og_locale":"es_ES","og_type":"article","og_title":"Diputaci\u00f3n Permanente: Se turnan iniciativas a Comisiones Legislativas - Canal 7 SLP - 2019","og_description":"SLP.- En sesi\u00f3n de la Diputaci\u00f3n Permanente, se presentaron iniciativas de reforma a diversos ordenamientos, las cuales fueron turnadas para su an\u00e1lisis a las comisiones legislativas. A la Comisi\u00f3n de Justicia, se turn\u00f3 la iniciativa presentada por el Licenciado Luis Alejandro Padr\u00f3n Moncada, para reformar el art\u00edculo 32 en sus fracciones, I, y II, del [&hellip;]","og_url":"https:\/\/canal7slp.tv\/2019\/diputacion-permanente-se-turnan-iniciativas-a-comisiones-legislativas\/","og_site_name":"Canal 7 SLP - 2019","article_publisher":"https:\/\/www.facebook.com\/CANAL7SLP\/","article_published_time":"2019-07-18T22:31:21+00:00","og_image":[{"width":936,"height":648,"url":"https:\/\/canal7slp.tv\/2019\/wp-content\/uploads\/2019\/07\/c4-6.jpg","type":"image\/jpeg"}],"author":"edicionweb","twitter_card":"summary_large_image","twitter_creator":"@canal7_slp","twitter_site":"@canal7_slp","twitter_misc":{"Escrito por":"edicionweb","Tiempo de lectura":"3 minutos"},"schema":{"@context":"https:\/\/schema.org","@graph":[{"@type":"Article","@id":"https:\/\/canal7slp.tv\/2019\/diputacion-permanente-se-turnan-iniciativas-a-comisiones-legislativas\/#article","isPartOf":{"@id":"https:\/\/canal7slp.tv\/2019\/diputacion-permanente-se-turnan-iniciativas-a-comisiones-legislativas\/"},"author":{"name":"edicionweb","@id":"https:\/\/canal7slp.tv\/2019\/#\/schema\/person\/11d941c1c6ca30ac0a46b95fa37aa2e3"},"headline":"Diputaci\u00f3n Permanente: Se turnan iniciativas a Comisiones Legislativas","datePublished":"2019-07-18T22:31:21+00:00","mainEntityOfPage":{"@id":"https:\/\/canal7slp.tv\/2019\/diputacion-permanente-se-turnan-iniciativas-a-comisiones-legislativas\/"},"wordCount":533,"commentCount":0,"publisher":{"@id":"https:\/\/canal7slp.tv\/2019\/#organization"},"image":{"@id":"https:\/\/canal7slp.tv\/2019\/diputacion-permanente-se-turnan-iniciativas-a-comisiones-legislativas\/#primaryimage"},"thumbnailUrl":"https:\/\/canal7slp.tv\/2019\/wp-content\/uploads\/2019\/07\/c4-6.jpg","keywords":["Congreso SLP"],"articleSection":["LOCALES Y REGIONALES"],"inLanguage":"es","potentialAction":[{"@type":"CommentAction","name":"Comment","target":["https:\/\/canal7slp.tv\/2019\/diputacion-permanente-se-turnan-iniciativas-a-comisiones-legislativas\/#respond"]}]},{"@type":"WebPage","@id":"https:\/\/canal7slp.tv\/2019\/diputacion-permanente-se-turnan-iniciativas-a-comisiones-legislativas\/","url":"https:\/\/canal7slp.tv\/2019\/diputacion-permanente-se-turnan-iniciativas-a-comisiones-legislativas\/","name":"Diputaci\u00f3n Permanente: Se turnan iniciativas a Comisiones Legislativas - Canal 7 SLP - 2019","isPartOf":{"@id":"https:\/\/canal7slp.tv\/2019\/#website"},"primaryImageOfPage":{"@id":"https:\/\/canal7slp.tv\/2019\/diputacion-permanente-se-turnan-iniciativas-a-comisiones-legislativas\/#primaryimage"},"image":{"@id":"https:\/\/canal7slp.tv\/2019\/diputacion-permanente-se-turnan-iniciativas-a-comisiones-legislativas\/#primaryimage"},"thumbnailUrl":"https:\/\/canal7slp.tv\/2019\/wp-content\/uploads\/2019\/07\/c4-6.jpg","datePublished":"2019-07-18T22:31:21+00:00","breadcrumb":{"@id":"https:\/\/canal7slp.tv\/2019\/diputacion-permanente-se-turnan-iniciativas-a-comisiones-legislativas\/#breadcrumb"},"inLanguage":"es","potentialAction":[{"@type":"ReadAction","target":["https:\/\/canal7slp.tv\/2019\/diputacion-permanente-se-turnan-iniciativas-a-comisiones-legislativas\/"]}]},{"@type":"ImageObject","inLanguage":"es","@id":"https:\/\/canal7slp.tv\/2019\/diputacion-permanente-se-turnan-iniciativas-a-comisiones-legislativas\/#primaryimage","url":"https:\/\/canal7slp.tv\/2019\/wp-content\/uploads\/2019\/07\/c4-6.jpg","contentUrl":"https:\/\/canal7slp.tv\/2019\/wp-content\/uploads\/2019\/07\/c4-6.jpg","width":936,"height":648},{"@type":"BreadcrumbList","@id":"https:\/\/canal7slp.tv\/2019\/diputacion-permanente-se-turnan-iniciativas-a-comisiones-legislativas\/#breadcrumb","itemListElement":[{"@type":"ListItem","position":1,"name":"Home","item":"https:\/\/canal7slp.tv\/2019\/"},{"@type":"ListItem","position":2,"name":"Diputaci\u00f3n Permanente: Se turnan iniciativas a Comisiones Legislativas"}]},{"@type":"WebSite","@id":"https:\/\/canal7slp.tv\/2019\/#website","url":"https:\/\/canal7slp.tv\/2019\/","name":"Canal 7 SLP - Somos TV","description":"Somos un Canal de 10","publisher":{"@id":"https:\/\/canal7slp.tv\/2019\/#organization"},"potentialAction":[{"@type":"SearchAction","target":{"@type":"EntryPoint","urlTemplate":"https:\/\/canal7slp.tv\/2019\/?s={search_term_string}"},"query-input":{"@type":"PropertyValueSpecification","valueRequired":true,"valueName":"search_term_string"}}],"inLanguage":"es"},{"@type":"Organization","@id":"https:\/\/canal7slp.tv\/2019\/#organization","name":"Comunicaci\u00f3n 2000 S.A. de C.V.","url":"https:\/\/canal7slp.tv\/2019\/","logo":{"@type":"ImageObject","inLanguage":"es","@id":"https:\/\/canal7slp.tv\/2019\/#\/schema\/logo\/image\/","url":"https:\/\/canal7slp.tv\/2019\/wp-content\/uploads\/2019\/07\/logo-c7.png","contentUrl":"https:\/\/canal7slp.tv\/2019\/wp-content\/uploads\/2019\/07\/logo-c7.png","width":220,"height":60,"caption":"Comunicaci\u00f3n 2000 S.A. de C.V."},"image":{"@id":"https:\/\/canal7slp.tv\/2019\/#\/schema\/logo\/image\/"},"sameAs":["https:\/\/www.facebook.com\/CANAL7SLP\/","https:\/\/x.com\/canal7_slp","https:\/\/www.instagram.com\/canal7_slp","https:\/\/www.youtube.com\/user\/NOTICIEROSCANAL7SLP\/"]},{"@type":"Person","@id":"https:\/\/canal7slp.tv\/2019\/#\/schema\/person\/11d941c1c6ca30ac0a46b95fa37aa2e3","name":"edicionweb","image":{"@type":"ImageObject","inLanguage":"es","@id":"https:\/\/secure.gravatar.com\/avatar\/eee448fc3f7164808013b816ba91ac7e43bbe82a70bebac296f8bc6f0addaa1a?s=96&d=mm&r=g","url":"https:\/\/secure.gravatar.com\/avatar\/eee448fc3f7164808013b816ba91ac7e43bbe82a70bebac296f8bc6f0addaa1a?s=96&d=mm&r=g","contentUrl":"https:\/\/secure.gravatar.com\/avatar\/eee448fc3f7164808013b816ba91ac7e43bbe82a70bebac296f8bc6f0addaa1a?s=96&d=mm&r=g","caption":"edicionweb"}}]}},"amp_enabled":true,"cmb2":{"video_ids_in_playlist":{"vid_p_videos":""},"video_ids_in_channel":{"vid_c_videos":""},"playlist_ids_in_channel":{"vid_c_playlists":""},"series_ids_in_channel":{"vid_c_series":""},"channel_images":{"vid_c_logo":"","vid_c_banner":""},"poster_feature_image":{"vid_m_poster_image":""},"gif_feature_image":{"vid_m_gif_image":""},"video_movie_settings":{"vid_m_director":"","vid_m_actor":"","vid_m_imdb_ratings":"","vid_m_amazon_associates":""},"vid_youtube_broadcasts_settings":{"vid_yb_broadcast_title":"","vid_yb_q":"","vid_yb_channelid":"","vid_yb_videocategoryid":"","vid_yb_maxresults":"","vid_yb_order":"","vid_yb_regioncode":"","vid_yb_videosyndicated":"","vid_yb_style":"","vid_yb_reload_first":""},"video_series_settings":{"vid_m_director":"","vid_m_actor":"","vid_m_imdb_ratings":"","video_series_group":""},"amazon_associates_settings":{"amazon_associates":"","amazon_native_ad":""},"vid_youtube_automatic_settings":{"vid_ya_youtube_source":"","vid_ya_update_every":"","vid_ya_update_unit":"","vid_ya_categories":"","vid_ya_published_after":"","vid_ya_published_before":"","vid_ya_playlists":"","vid_ya_channels":"","vid_ya_director":"","vid_ya_actor":"","vid_ya_author":"","vid_ya_import_post_date":"","vid_ya_status":"","vid_ya_sub_api_key":""},"vid_ads_m_videoads_settings_post":{"vid_ads_m_video_ads":"","vid_ads_m_video_ads_type":"","vid_ads_m_group_google_ima":"","vid_ads_m_group_image":"","vid_ads_m_group_html5_video":"","vid_ads_m_group_html":"","vid_ads_m_vast_preroll":"","vid_ads_m_vast_postroll":"","vid_ads_m_vast_pauseroll":"","vid_ads_m_vast_midroll":[{"vid_ads_m_vast_timer_seconds":"50"}],"vid_ads_m_time_to_show_ads":"","vid_ads_m_time_skip_ads":"","vid_ads_m_time_to_hide_ads":""},"page_slider_settings":{"display_slider_group":"","page_slider_group":""},"blog_page_settings":{"blog_page_title":"","blog_page_heading":"","blog_page_ic":"","blog_page_it":"","blog_page_ec":"","blog_page_ip":"","archive_loop_style":"","blog_image_ratio":"","blog_show_categories":"","blog_show_excerpt":"","blog_show_author":"","blog_show_date":"","blog_show_comment_count":"","blog_show_view_count":"","blog_show_like_count":"","blog_show_dislike_count":"","blog_items_per_page":"","blog_pag_type":""},"page_options":{"get_page_template":"","color_mode":"","main_layout":"","main_layout_full_with":"","main_logo":"","main_logo_retina":"","main_logo_mobile":"","main_logo_mobile_retina":"","sticky_logo":"","sticky_logo_retina":"","main_nav_layout":"","ajax_search":"","header_background":"","theme_sidebar":"","instagram_feed":"","instagram_feed_position":"","popular_videos":"","popular_videos_title_1":"","popular_videos_title_2":"","popular_videos_ic":"","popular_videos_it":"","theme_background":"","page_custom_css":""},"feature_image_settings":{"feature_image_position":""},"video_player_settings":{"single_video_style":"","video_player_position":"","vm_video_url":"","video_player_library":"","video_streaming":"","vm_media_sources":"","vid_auto_play":"","vm_video_shortcode":"","vid_p_sync_playlist":"","vid_c_sync_channel":"","get_post_format":"","multiple_links_structure":"default","multi_links_title":"","vm_video_multi_links":"","vm_duration":"","vid_social_locker":"off","vid_social_locker_id":"","vid_membership_action":"content-video","vm_video_trailer_url":"","vid_download_type":"free","vid_download_target":"download","vid_woo_product":"","vm_media_download":"","user_rating":"","user_rating_position":"","user_rating_mode":"","user_rating_multi_sets":""},"video_auto_fetch_settings":{"vm_video_fetch":"on"},"video_fake_views_likes":{"vm_fake_views":"","vm_fake_likes":"","vm_fake_dislikes":""},"gallery_settings":{"gallery_position":""},"quote_settings":{"quote_position":""},"post_options":{"main_layout":"","main_logo":"","main_logo_retina":"","main_logo_mobile":"","main_logo_mobile_retina":"","sticky_logo":"","sticky_logo_retina":"","main_nav_layout":"","header_background":"","theme_sidebar":"","single_post_comment_type":"","theme_background":""}},"_links":{"self":[{"href":"https:\/\/canal7slp.tv\/2019\/wp-json\/wp\/v2\/posts\/35644","targetHints":{"allow":["GET"]}}],"collection":[{"href":"https:\/\/canal7slp.tv\/2019\/wp-json\/wp\/v2\/posts"}],"about":[{"href":"https:\/\/canal7slp.tv\/2019\/wp-json\/wp\/v2\/types\/post"}],"author":[{"embeddable":true,"href":"https:\/\/canal7slp.tv\/2019\/wp-json\/wp\/v2\/users\/2"}],"replies":[{"embeddable":true,"href":"https:\/\/canal7slp.tv\/2019\/wp-json\/wp\/v2\/comments?post=35644"}],"version-history":[{"count":0,"href":"https:\/\/canal7slp.tv\/2019\/wp-json\/wp\/v2\/posts\/35644\/revisions"}],"wp:featuredmedia":[{"embeddable":true,"href":"https:\/\/canal7slp.tv\/2019\/wp-json\/wp\/v2\/media\/35655"}],"wp:attachment":[{"href":"https:\/\/canal7slp.tv\/2019\/wp-json\/wp\/v2\/media?parent=35644"}],"wp:term":[{"taxonomy":"category","embeddable":true,"href":"https:\/\/canal7slp.tv\/2019\/wp-json\/wp\/v2\/categories?post=35644"},{"taxonomy":"post_tag","embeddable":true,"href":"https:\/\/canal7slp.tv\/2019\/wp-json\/wp\/v2\/tags?post=35644"}],"curies":[{"name":"wp","href":"https:\/\/api.w.org\/{rel}","templated":true}]}}