{"id":35430,"date":"2019-07-18T14:44:28","date_gmt":"2019-07-18T19:44:28","guid":{"rendered":"https:\/\/canal7slp.tv\/2019\/?p=35430"},"modified":"2019-07-18T14:44:28","modified_gmt":"2019-07-18T19:44:28","slug":"guillermo-del-toro-beca-a-otra-mexicana-para-estudiar-en-francia","status":"publish","type":"post","link":"https:\/\/canal7slp.tv\/2019\/guillermo-del-toro-beca-a-otra-mexicana-para-estudiar-en-francia\/","title":{"rendered":"Guillermo del Toro beca a otra mexicana para estudiar en Francia"},"content":{"rendered":"<p style=\"text-align: justify;\">M\u00e9xico.- El cineasta mexicano Guillermo del Toro, ganador del Oscar en 2018 por <em>La forma del agua<\/em>, otorg\u00f3 una beca a la joven mexicana Deborah Balboa para estudiar una maestr\u00eda en artes y animaci\u00f3n en Par\u00eds, Francia.<\/p>\n<p style=\"text-align: justify;\">La beca, que forma parte del programa de la\u00a0<em>Gobelins, l\u2019ecole de l\u2019image,<\/em>\u00a0considerada la mejor escuela de animaci\u00f3n del mundo, busca promover la igualdad de oportunidades al expandirse a talentos de todo el orbe.<\/p>\n<p style=\"text-align: justify;\">El a\u00f1o pasado, durante la edici\u00f3n 15 del Festival Internacional de Cine de Morelia (FICM), Del Toro otorg\u00f3 esta beca a Christian Arredondo, Ramiro Tamez y Gabriela Camarillo, quienes forman parte de la generaci\u00f3n 2018-2020 del Master en Artes de Gobelins.<\/p>\n<p style=\"text-align: justify;\">Deborah Balboa, quien se gradu\u00f3 en Animaci\u00f3n y Efectos Digitales en 2015 en la Universidad de Monterrey y trabaj\u00f3 dos a\u00f1os como animadora y artista conceptual, estudiar\u00e1 la maestr\u00eda en Artes, Animaci\u00f3n de Personajes y Realizaci\u00f3n de Cine Animado 2019-2021 junto con otros estudiantes de 16 nacionalidades distintas.<\/p>\n<p style=\"text-align: justify;\">\u201cSEGUNDA beca Animexico para estudiar animacion en\u00a0@gobelins_paris. Felicidades a la ganadora. SECOND Animexico scolarship to study animation in @gobelins_paris. Congratulations to the winner.\u201d, escribi\u00f3 Guillermo del Toro en sus redes sociales, al compartir la noticia difundida por el FICM.<\/p>\n<p style=\"text-align: justify;\">A su vez, la directora de Relaciones Internacionales del Gobelins, C\u00e9cile Blondel, destac\u00f3 la importancia de este tipo de apoyos para impulsar a los talentos femeninos en el mundo de la animaci\u00f3n.<\/p>\n<p style=\"text-align: justify;\">\u201cEstamos encantados de darle este reconocimiento a una joven artista como Deborah. Su motivaci\u00f3n y su capacidad de trabajo son excepcionales. Su creatividad y entusiasmo ser\u00e1n bien recibidos en Gobelins, donde conocer\u00e1 talentos de todo el mundo y con quienes trabajar\u00e1 en conjunto en su primer proyecto cinematogr\u00e1fico para fortalecer sus habilidades\u201d, se\u00f1al\u00f3 en un comunicado.<\/p>\n<p style=\"text-align: justify;\">Balboa detall\u00f3 que en 2018 intent\u00f3 conseguir la beca, pues acudir a la escuela francesa era uno de sus m\u00e1s grandes sue\u00f1os, pero \u201cno ten\u00eda dinero para irme a otro pa\u00eds a estudiar animaci\u00f3n\u201d.<\/p>\n<p style=\"text-align: justify;\">\u201cDesde el a\u00f1o pasado lo intent\u00e9, fui aceptada en la escuela, pero no consegu\u00ed la beca. No me rend\u00ed, lo intent\u00e9 otra vez y este a\u00f1o s\u00ed fui seleccionada\u201d, indic\u00f3 al FICM en su p\u00e1gina oficial.<\/p>\n","protected":false},"excerpt":{"rendered":"<p>M\u00e9xico.- El cineasta mexicano Guillermo del Toro, ganador del Oscar en 2018 por La forma del agua, otorg\u00f3 una beca a la joven mexicana Deborah Balboa para estudiar una maestr\u00eda en artes y animaci\u00f3n en Par\u00eds, Francia. La beca, que forma parte del programa de la\u00a0Gobelins, l\u2019ecole de l\u2019image,\u00a0considerada la mejor escuela de animaci\u00f3n del [&hellip;]<\/p>\n","protected":false},"author":2,"featured_media":35431,"comment_status":"open","ping_status":"closed","sticky":false,"template":"","format":"standard","meta":{"footnotes":""},"categories":[24],"tags":[],"class_list":["post-35430","post","type-post","status-publish","format-standard","has-post-thumbnail","hentry","category-espectaculos"],"yoast_head":"<!-- This site is optimized with the Yoast SEO plugin v27.5 - https:\/\/yoast.com\/product\/yoast-seo-wordpress\/ -->\n<title>Guillermo del Toro beca a otra mexicana para estudiar en Francia - Canal 7 SLP - 2019<\/title>\n<meta name=\"robots\" content=\"index, follow, max-snippet:-1, max-image-preview:large, max-video-preview:-1\" \/>\n<link rel=\"canonical\" href=\"https:\/\/canal7slp.tv\/2019\/guillermo-del-toro-beca-a-otra-mexicana-para-estudiar-en-francia\/\" \/>\n<meta property=\"og:locale\" content=\"es_ES\" \/>\n<meta property=\"og:type\" content=\"article\" \/>\n<meta property=\"og:title\" content=\"Guillermo del Toro beca a otra mexicana para estudiar en Francia - Canal 7 SLP - 2019\" \/>\n<meta property=\"og:description\" content=\"M\u00e9xico.- El cineasta mexicano Guillermo del Toro, ganador del Oscar en 2018 por La forma del agua, otorg\u00f3 una beca a la joven mexicana Deborah Balboa para estudiar una maestr\u00eda en artes y animaci\u00f3n en Par\u00eds, Francia. La beca, que forma parte del programa de la\u00a0Gobelins, l\u2019ecole de l\u2019image,\u00a0considerada la mejor escuela de animaci\u00f3n del [&hellip;]\" \/>\n<meta property=\"og:url\" content=\"https:\/\/canal7slp.tv\/2019\/guillermo-del-toro-beca-a-otra-mexicana-para-estudiar-en-francia\/\" \/>\n<meta property=\"og:site_name\" content=\"Canal 7 SLP - 2019\" \/>\n<meta property=\"article:publisher\" content=\"https:\/\/www.facebook.com\/CANAL7SLP\/\" \/>\n<meta property=\"article:published_time\" content=\"2019-07-18T19:44:28+00:00\" \/>\n<meta property=\"og:image\" content=\"https:\/\/canal7slp.tv\/2019\/wp-content\/uploads\/2019\/07\/16-9.jpg\" \/>\n\t<meta property=\"og:image:width\" content=\"646\" \/>\n\t<meta property=\"og:image:height\" content=\"410\" \/>\n\t<meta property=\"og:image:type\" content=\"image\/jpeg\" \/>\n<meta name=\"author\" content=\"edicionweb\" \/>\n<meta name=\"twitter:card\" content=\"summary_large_image\" \/>\n<meta name=\"twitter:creator\" content=\"@canal7_slp\" \/>\n<meta name=\"twitter:site\" content=\"@canal7_slp\" \/>\n<meta name=\"twitter:label1\" content=\"Escrito por\" \/>\n\t<meta name=\"twitter:data1\" content=\"edicionweb\" \/>\n\t<meta name=\"twitter:label2\" content=\"Tiempo de lectura\" \/>\n\t<meta name=\"twitter:data2\" content=\"2 minutos\" \/>\n<script type=\"application\/ld+json\" class=\"yoast-schema-graph\">{\"@context\":\"https:\\\/\\\/schema.org\",\"@graph\":[{\"@type\":\"Article\",\"@id\":\"https:\\\/\\\/canal7slp.tv\\\/2019\\\/guillermo-del-toro-beca-a-otra-mexicana-para-estudiar-en-francia\\\/#article\",\"isPartOf\":{\"@id\":\"https:\\\/\\\/canal7slp.tv\\\/2019\\\/guillermo-del-toro-beca-a-otra-mexicana-para-estudiar-en-francia\\\/\"},\"author\":{\"name\":\"edicionweb\",\"@id\":\"https:\\\/\\\/canal7slp.tv\\\/2019\\\/#\\\/schema\\\/person\\\/11d941c1c6ca30ac0a46b95fa37aa2e3\"},\"headline\":\"Guillermo del Toro beca a otra mexicana para estudiar en Francia\",\"datePublished\":\"2019-07-18T19:44:28+00:00\",\"mainEntityOfPage\":{\"@id\":\"https:\\\/\\\/canal7slp.tv\\\/2019\\\/guillermo-del-toro-beca-a-otra-mexicana-para-estudiar-en-francia\\\/\"},\"wordCount\":397,\"commentCount\":0,\"publisher\":{\"@id\":\"https:\\\/\\\/canal7slp.tv\\\/2019\\\/#organization\"},\"image\":{\"@id\":\"https:\\\/\\\/canal7slp.tv\\\/2019\\\/guillermo-del-toro-beca-a-otra-mexicana-para-estudiar-en-francia\\\/#primaryimage\"},\"thumbnailUrl\":\"https:\\\/\\\/canal7slp.tv\\\/2019\\\/wp-content\\\/uploads\\\/2019\\\/07\\\/16-9.jpg\",\"articleSection\":[\"ESPECTACULOS\"],\"inLanguage\":\"es\",\"potentialAction\":[{\"@type\":\"CommentAction\",\"name\":\"Comment\",\"target\":[\"https:\\\/\\\/canal7slp.tv\\\/2019\\\/guillermo-del-toro-beca-a-otra-mexicana-para-estudiar-en-francia\\\/#respond\"]}]},{\"@type\":\"WebPage\",\"@id\":\"https:\\\/\\\/canal7slp.tv\\\/2019\\\/guillermo-del-toro-beca-a-otra-mexicana-para-estudiar-en-francia\\\/\",\"url\":\"https:\\\/\\\/canal7slp.tv\\\/2019\\\/guillermo-del-toro-beca-a-otra-mexicana-para-estudiar-en-francia\\\/\",\"name\":\"Guillermo del Toro beca a otra mexicana para estudiar en Francia - Canal 7 SLP - 2019\",\"isPartOf\":{\"@id\":\"https:\\\/\\\/canal7slp.tv\\\/2019\\\/#website\"},\"primaryImageOfPage\":{\"@id\":\"https:\\\/\\\/canal7slp.tv\\\/2019\\\/guillermo-del-toro-beca-a-otra-mexicana-para-estudiar-en-francia\\\/#primaryimage\"},\"image\":{\"@id\":\"https:\\\/\\\/canal7slp.tv\\\/2019\\\/guillermo-del-toro-beca-a-otra-mexicana-para-estudiar-en-francia\\\/#primaryimage\"},\"thumbnailUrl\":\"https:\\\/\\\/canal7slp.tv\\\/2019\\\/wp-content\\\/uploads\\\/2019\\\/07\\\/16-9.jpg\",\"datePublished\":\"2019-07-18T19:44:28+00:00\",\"breadcrumb\":{\"@id\":\"https:\\\/\\\/canal7slp.tv\\\/2019\\\/guillermo-del-toro-beca-a-otra-mexicana-para-estudiar-en-francia\\\/#breadcrumb\"},\"inLanguage\":\"es\",\"potentialAction\":[{\"@type\":\"ReadAction\",\"target\":[\"https:\\\/\\\/canal7slp.tv\\\/2019\\\/guillermo-del-toro-beca-a-otra-mexicana-para-estudiar-en-francia\\\/\"]}]},{\"@type\":\"ImageObject\",\"inLanguage\":\"es\",\"@id\":\"https:\\\/\\\/canal7slp.tv\\\/2019\\\/guillermo-del-toro-beca-a-otra-mexicana-para-estudiar-en-francia\\\/#primaryimage\",\"url\":\"https:\\\/\\\/canal7slp.tv\\\/2019\\\/wp-content\\\/uploads\\\/2019\\\/07\\\/16-9.jpg\",\"contentUrl\":\"https:\\\/\\\/canal7slp.tv\\\/2019\\\/wp-content\\\/uploads\\\/2019\\\/07\\\/16-9.jpg\",\"width\":646,\"height\":410},{\"@type\":\"BreadcrumbList\",\"@id\":\"https:\\\/\\\/canal7slp.tv\\\/2019\\\/guillermo-del-toro-beca-a-otra-mexicana-para-estudiar-en-francia\\\/#breadcrumb\",\"itemListElement\":[{\"@type\":\"ListItem\",\"position\":1,\"name\":\"Home\",\"item\":\"https:\\\/\\\/canal7slp.tv\\\/2019\\\/\"},{\"@type\":\"ListItem\",\"position\":2,\"name\":\"Guillermo del Toro beca a otra mexicana para estudiar en Francia\"}]},{\"@type\":\"WebSite\",\"@id\":\"https:\\\/\\\/canal7slp.tv\\\/2019\\\/#website\",\"url\":\"https:\\\/\\\/canal7slp.tv\\\/2019\\\/\",\"name\":\"Canal 7 SLP - Somos TV\",\"description\":\"Somos un Canal de 10\",\"publisher\":{\"@id\":\"https:\\\/\\\/canal7slp.tv\\\/2019\\\/#organization\"},\"potentialAction\":[{\"@type\":\"SearchAction\",\"target\":{\"@type\":\"EntryPoint\",\"urlTemplate\":\"https:\\\/\\\/canal7slp.tv\\\/2019\\\/?s={search_term_string}\"},\"query-input\":{\"@type\":\"PropertyValueSpecification\",\"valueRequired\":true,\"valueName\":\"search_term_string\"}}],\"inLanguage\":\"es\"},{\"@type\":\"Organization\",\"@id\":\"https:\\\/\\\/canal7slp.tv\\\/2019\\\/#organization\",\"name\":\"Comunicaci\u00f3n 2000 S.A. de C.V.\",\"url\":\"https:\\\/\\\/canal7slp.tv\\\/2019\\\/\",\"logo\":{\"@type\":\"ImageObject\",\"inLanguage\":\"es\",\"@id\":\"https:\\\/\\\/canal7slp.tv\\\/2019\\\/#\\\/schema\\\/logo\\\/image\\\/\",\"url\":\"https:\\\/\\\/canal7slp.tv\\\/2019\\\/wp-content\\\/uploads\\\/2019\\\/07\\\/logo-c7.png\",\"contentUrl\":\"https:\\\/\\\/canal7slp.tv\\\/2019\\\/wp-content\\\/uploads\\\/2019\\\/07\\\/logo-c7.png\",\"width\":220,\"height\":60,\"caption\":\"Comunicaci\u00f3n 2000 S.A. de C.V.\"},\"image\":{\"@id\":\"https:\\\/\\\/canal7slp.tv\\\/2019\\\/#\\\/schema\\\/logo\\\/image\\\/\"},\"sameAs\":[\"https:\\\/\\\/www.facebook.com\\\/CANAL7SLP\\\/\",\"https:\\\/\\\/x.com\\\/canal7_slp\",\"https:\\\/\\\/www.instagram.com\\\/canal7_slp\",\"https:\\\/\\\/www.youtube.com\\\/user\\\/NOTICIEROSCANAL7SLP\\\/\"]},{\"@type\":\"Person\",\"@id\":\"https:\\\/\\\/canal7slp.tv\\\/2019\\\/#\\\/schema\\\/person\\\/11d941c1c6ca30ac0a46b95fa37aa2e3\",\"name\":\"edicionweb\",\"image\":{\"@type\":\"ImageObject\",\"inLanguage\":\"es\",\"@id\":\"https:\\\/\\\/secure.gravatar.com\\\/avatar\\\/eee448fc3f7164808013b816ba91ac7e43bbe82a70bebac296f8bc6f0addaa1a?s=96&d=mm&r=g\",\"url\":\"https:\\\/\\\/secure.gravatar.com\\\/avatar\\\/eee448fc3f7164808013b816ba91ac7e43bbe82a70bebac296f8bc6f0addaa1a?s=96&d=mm&r=g\",\"contentUrl\":\"https:\\\/\\\/secure.gravatar.com\\\/avatar\\\/eee448fc3f7164808013b816ba91ac7e43bbe82a70bebac296f8bc6f0addaa1a?s=96&d=mm&r=g\",\"caption\":\"edicionweb\"}}]}<\/script>\n<!-- \/ Yoast SEO plugin. -->","yoast_head_json":{"title":"Guillermo del Toro beca a otra mexicana para estudiar en Francia - Canal 7 SLP - 2019","robots":{"index":"index","follow":"follow","max-snippet":"max-snippet:-1","max-image-preview":"max-image-preview:large","max-video-preview":"max-video-preview:-1"},"canonical":"https:\/\/canal7slp.tv\/2019\/guillermo-del-toro-beca-a-otra-mexicana-para-estudiar-en-francia\/","og_locale":"es_ES","og_type":"article","og_title":"Guillermo del Toro beca a otra mexicana para estudiar en Francia - Canal 7 SLP - 2019","og_description":"M\u00e9xico.- El cineasta mexicano Guillermo del Toro, ganador del Oscar en 2018 por La forma del agua, otorg\u00f3 una beca a la joven mexicana Deborah Balboa para estudiar una maestr\u00eda en artes y animaci\u00f3n en Par\u00eds, Francia. La beca, que forma parte del programa de la\u00a0Gobelins, l\u2019ecole de l\u2019image,\u00a0considerada la mejor escuela de animaci\u00f3n del [&hellip;]","og_url":"https:\/\/canal7slp.tv\/2019\/guillermo-del-toro-beca-a-otra-mexicana-para-estudiar-en-francia\/","og_site_name":"Canal 7 SLP - 2019","article_publisher":"https:\/\/www.facebook.com\/CANAL7SLP\/","article_published_time":"2019-07-18T19:44:28+00:00","og_image":[{"width":646,"height":410,"url":"https:\/\/canal7slp.tv\/2019\/wp-content\/uploads\/2019\/07\/16-9.jpg","type":"image\/jpeg"}],"author":"edicionweb","twitter_card":"summary_large_image","twitter_creator":"@canal7_slp","twitter_site":"@canal7_slp","twitter_misc":{"Escrito por":"edicionweb","Tiempo de lectura":"2 minutos"},"schema":{"@context":"https:\/\/schema.org","@graph":[{"@type":"Article","@id":"https:\/\/canal7slp.tv\/2019\/guillermo-del-toro-beca-a-otra-mexicana-para-estudiar-en-francia\/#article","isPartOf":{"@id":"https:\/\/canal7slp.tv\/2019\/guillermo-del-toro-beca-a-otra-mexicana-para-estudiar-en-francia\/"},"author":{"name":"edicionweb","@id":"https:\/\/canal7slp.tv\/2019\/#\/schema\/person\/11d941c1c6ca30ac0a46b95fa37aa2e3"},"headline":"Guillermo del Toro beca a otra mexicana para estudiar en Francia","datePublished":"2019-07-18T19:44:28+00:00","mainEntityOfPage":{"@id":"https:\/\/canal7slp.tv\/2019\/guillermo-del-toro-beca-a-otra-mexicana-para-estudiar-en-francia\/"},"wordCount":397,"commentCount":0,"publisher":{"@id":"https:\/\/canal7slp.tv\/2019\/#organization"},"image":{"@id":"https:\/\/canal7slp.tv\/2019\/guillermo-del-toro-beca-a-otra-mexicana-para-estudiar-en-francia\/#primaryimage"},"thumbnailUrl":"https:\/\/canal7slp.tv\/2019\/wp-content\/uploads\/2019\/07\/16-9.jpg","articleSection":["ESPECTACULOS"],"inLanguage":"es","potentialAction":[{"@type":"CommentAction","name":"Comment","target":["https:\/\/canal7slp.tv\/2019\/guillermo-del-toro-beca-a-otra-mexicana-para-estudiar-en-francia\/#respond"]}]},{"@type":"WebPage","@id":"https:\/\/canal7slp.tv\/2019\/guillermo-del-toro-beca-a-otra-mexicana-para-estudiar-en-francia\/","url":"https:\/\/canal7slp.tv\/2019\/guillermo-del-toro-beca-a-otra-mexicana-para-estudiar-en-francia\/","name":"Guillermo del Toro beca a otra mexicana para estudiar en Francia - Canal 7 SLP - 2019","isPartOf":{"@id":"https:\/\/canal7slp.tv\/2019\/#website"},"primaryImageOfPage":{"@id":"https:\/\/canal7slp.tv\/2019\/guillermo-del-toro-beca-a-otra-mexicana-para-estudiar-en-francia\/#primaryimage"},"image":{"@id":"https:\/\/canal7slp.tv\/2019\/guillermo-del-toro-beca-a-otra-mexicana-para-estudiar-en-francia\/#primaryimage"},"thumbnailUrl":"https:\/\/canal7slp.tv\/2019\/wp-content\/uploads\/2019\/07\/16-9.jpg","datePublished":"2019-07-18T19:44:28+00:00","breadcrumb":{"@id":"https:\/\/canal7slp.tv\/2019\/guillermo-del-toro-beca-a-otra-mexicana-para-estudiar-en-francia\/#breadcrumb"},"inLanguage":"es","potentialAction":[{"@type":"ReadAction","target":["https:\/\/canal7slp.tv\/2019\/guillermo-del-toro-beca-a-otra-mexicana-para-estudiar-en-francia\/"]}]},{"@type":"ImageObject","inLanguage":"es","@id":"https:\/\/canal7slp.tv\/2019\/guillermo-del-toro-beca-a-otra-mexicana-para-estudiar-en-francia\/#primaryimage","url":"https:\/\/canal7slp.tv\/2019\/wp-content\/uploads\/2019\/07\/16-9.jpg","contentUrl":"https:\/\/canal7slp.tv\/2019\/wp-content\/uploads\/2019\/07\/16-9.jpg","width":646,"height":410},{"@type":"BreadcrumbList","@id":"https:\/\/canal7slp.tv\/2019\/guillermo-del-toro-beca-a-otra-mexicana-para-estudiar-en-francia\/#breadcrumb","itemListElement":[{"@type":"ListItem","position":1,"name":"Home","item":"https:\/\/canal7slp.tv\/2019\/"},{"@type":"ListItem","position":2,"name":"Guillermo del Toro beca a otra mexicana para estudiar en Francia"}]},{"@type":"WebSite","@id":"https:\/\/canal7slp.tv\/2019\/#website","url":"https:\/\/canal7slp.tv\/2019\/","name":"Canal 7 SLP - Somos TV","description":"Somos un Canal de 10","publisher":{"@id":"https:\/\/canal7slp.tv\/2019\/#organization"},"potentialAction":[{"@type":"SearchAction","target":{"@type":"EntryPoint","urlTemplate":"https:\/\/canal7slp.tv\/2019\/?s={search_term_string}"},"query-input":{"@type":"PropertyValueSpecification","valueRequired":true,"valueName":"search_term_string"}}],"inLanguage":"es"},{"@type":"Organization","@id":"https:\/\/canal7slp.tv\/2019\/#organization","name":"Comunicaci\u00f3n 2000 S.A. de C.V.","url":"https:\/\/canal7slp.tv\/2019\/","logo":{"@type":"ImageObject","inLanguage":"es","@id":"https:\/\/canal7slp.tv\/2019\/#\/schema\/logo\/image\/","url":"https:\/\/canal7slp.tv\/2019\/wp-content\/uploads\/2019\/07\/logo-c7.png","contentUrl":"https:\/\/canal7slp.tv\/2019\/wp-content\/uploads\/2019\/07\/logo-c7.png","width":220,"height":60,"caption":"Comunicaci\u00f3n 2000 S.A. de C.V."},"image":{"@id":"https:\/\/canal7slp.tv\/2019\/#\/schema\/logo\/image\/"},"sameAs":["https:\/\/www.facebook.com\/CANAL7SLP\/","https:\/\/x.com\/canal7_slp","https:\/\/www.instagram.com\/canal7_slp","https:\/\/www.youtube.com\/user\/NOTICIEROSCANAL7SLP\/"]},{"@type":"Person","@id":"https:\/\/canal7slp.tv\/2019\/#\/schema\/person\/11d941c1c6ca30ac0a46b95fa37aa2e3","name":"edicionweb","image":{"@type":"ImageObject","inLanguage":"es","@id":"https:\/\/secure.gravatar.com\/avatar\/eee448fc3f7164808013b816ba91ac7e43bbe82a70bebac296f8bc6f0addaa1a?s=96&d=mm&r=g","url":"https:\/\/secure.gravatar.com\/avatar\/eee448fc3f7164808013b816ba91ac7e43bbe82a70bebac296f8bc6f0addaa1a?s=96&d=mm&r=g","contentUrl":"https:\/\/secure.gravatar.com\/avatar\/eee448fc3f7164808013b816ba91ac7e43bbe82a70bebac296f8bc6f0addaa1a?s=96&d=mm&r=g","caption":"edicionweb"}}]}},"amp_enabled":true,"cmb2":{"video_ids_in_playlist":{"vid_p_videos":""},"video_ids_in_channel":{"vid_c_videos":""},"playlist_ids_in_channel":{"vid_c_playlists":""},"series_ids_in_channel":{"vid_c_series":""},"channel_images":{"vid_c_logo":"","vid_c_banner":""},"poster_feature_image":{"vid_m_poster_image":""},"gif_feature_image":{"vid_m_gif_image":""},"video_movie_settings":{"vid_m_director":"","vid_m_actor":"","vid_m_imdb_ratings":"","vid_m_amazon_associates":""},"vid_youtube_broadcasts_settings":{"vid_yb_broadcast_title":"","vid_yb_q":"","vid_yb_channelid":"","vid_yb_videocategoryid":"","vid_yb_maxresults":"","vid_yb_order":"","vid_yb_regioncode":"","vid_yb_videosyndicated":"","vid_yb_style":"","vid_yb_reload_first":""},"video_series_settings":{"vid_m_director":"","vid_m_actor":"","vid_m_imdb_ratings":"","video_series_group":""},"amazon_associates_settings":{"amazon_associates":"","amazon_native_ad":""},"vid_youtube_automatic_settings":{"vid_ya_youtube_source":"","vid_ya_update_every":"","vid_ya_update_unit":"","vid_ya_categories":"","vid_ya_published_after":"","vid_ya_published_before":"","vid_ya_playlists":"","vid_ya_channels":"","vid_ya_director":"","vid_ya_actor":"","vid_ya_author":"","vid_ya_import_post_date":"","vid_ya_status":"","vid_ya_sub_api_key":""},"vid_ads_m_videoads_settings_post":{"vid_ads_m_video_ads":"","vid_ads_m_video_ads_type":"","vid_ads_m_group_google_ima":"","vid_ads_m_group_image":"","vid_ads_m_group_html5_video":"","vid_ads_m_group_html":"","vid_ads_m_vast_preroll":"","vid_ads_m_vast_postroll":"","vid_ads_m_vast_pauseroll":"","vid_ads_m_vast_midroll":[{"vid_ads_m_vast_timer_seconds":"50"}],"vid_ads_m_time_to_show_ads":"","vid_ads_m_time_skip_ads":"","vid_ads_m_time_to_hide_ads":""},"page_slider_settings":{"display_slider_group":"","page_slider_group":""},"blog_page_settings":{"blog_page_title":"","blog_page_heading":"","blog_page_ic":"","blog_page_it":"","blog_page_ec":"","blog_page_ip":"","archive_loop_style":"","blog_image_ratio":"","blog_show_categories":"","blog_show_excerpt":"","blog_show_author":"","blog_show_date":"","blog_show_comment_count":"","blog_show_view_count":"","blog_show_like_count":"","blog_show_dislike_count":"","blog_items_per_page":"","blog_pag_type":""},"page_options":{"get_page_template":"","color_mode":"","main_layout":"","main_layout_full_with":"","main_logo":"","main_logo_retina":"","main_logo_mobile":"","main_logo_mobile_retina":"","sticky_logo":"","sticky_logo_retina":"","main_nav_layout":"","ajax_search":"","header_background":"","theme_sidebar":"","instagram_feed":"","instagram_feed_position":"","popular_videos":"","popular_videos_title_1":"","popular_videos_title_2":"","popular_videos_ic":"","popular_videos_it":"","theme_background":"","page_custom_css":""},"feature_image_settings":{"feature_image_position":""},"video_player_settings":{"single_video_style":"","video_player_position":"","vm_video_url":"","video_player_library":"","video_streaming":"","vm_media_sources":"","vid_auto_play":"","vm_video_shortcode":"","vid_p_sync_playlist":"","vid_c_sync_channel":"","get_post_format":"","multiple_links_structure":"default","multi_links_title":"","vm_video_multi_links":"","vm_duration":"","vid_social_locker":"off","vid_social_locker_id":"","vid_membership_action":"content-video","vm_video_trailer_url":"","vid_download_type":"free","vid_download_target":"download","vid_woo_product":"","vm_media_download":"","user_rating":"","user_rating_position":"","user_rating_mode":"","user_rating_multi_sets":""},"video_auto_fetch_settings":{"vm_video_fetch":"on"},"video_fake_views_likes":{"vm_fake_views":"","vm_fake_likes":"","vm_fake_dislikes":""},"gallery_settings":{"gallery_position":""},"quote_settings":{"quote_position":""},"post_options":{"main_layout":"","main_logo":"","main_logo_retina":"","main_logo_mobile":"","main_logo_mobile_retina":"","sticky_logo":"","sticky_logo_retina":"","main_nav_layout":"","header_background":"","theme_sidebar":"","single_post_comment_type":"","theme_background":""}},"_links":{"self":[{"href":"https:\/\/canal7slp.tv\/2019\/wp-json\/wp\/v2\/posts\/35430","targetHints":{"allow":["GET"]}}],"collection":[{"href":"https:\/\/canal7slp.tv\/2019\/wp-json\/wp\/v2\/posts"}],"about":[{"href":"https:\/\/canal7slp.tv\/2019\/wp-json\/wp\/v2\/types\/post"}],"author":[{"embeddable":true,"href":"https:\/\/canal7slp.tv\/2019\/wp-json\/wp\/v2\/users\/2"}],"replies":[{"embeddable":true,"href":"https:\/\/canal7slp.tv\/2019\/wp-json\/wp\/v2\/comments?post=35430"}],"version-history":[{"count":0,"href":"https:\/\/canal7slp.tv\/2019\/wp-json\/wp\/v2\/posts\/35430\/revisions"}],"wp:featuredmedia":[{"embeddable":true,"href":"https:\/\/canal7slp.tv\/2019\/wp-json\/wp\/v2\/media\/35431"}],"wp:attachment":[{"href":"https:\/\/canal7slp.tv\/2019\/wp-json\/wp\/v2\/media?parent=35430"}],"wp:term":[{"taxonomy":"category","embeddable":true,"href":"https:\/\/canal7slp.tv\/2019\/wp-json\/wp\/v2\/categories?post=35430"},{"taxonomy":"post_tag","embeddable":true,"href":"https:\/\/canal7slp.tv\/2019\/wp-json\/wp\/v2\/tags?post=35430"}],"curies":[{"name":"wp","href":"https:\/\/api.w.org\/{rel}","templated":true}]}}