{"id":35071,"date":"2019-07-17T18:46:03","date_gmt":"2019-07-17T23:46:03","guid":{"rendered":"https:\/\/canal7slp.tv\/2019\/?p=35071"},"modified":"2019-07-17T18:46:22","modified_gmt":"2019-07-17T23:46:22","slug":"se-presentan-propuestas-a-legislacion-secundaria-en-materia-educativa","status":"publish","type":"post","link":"https:\/\/canal7slp.tv\/2019\/se-presentan-propuestas-a-legislacion-secundaria-en-materia-educativa\/","title":{"rendered":"Se presentan propuestas a legislaci\u00f3n secundaria en materia educativa"},"content":{"rendered":"<p style=\"text-align: justify;\">SLP.- Con el fin de presentar las propuestas recogidas en los foros de legislaci\u00f3n secundaria en materia educativa, la diputada Mar\u00eda del Consuelo Carmona Salas, asisti\u00f3 a la reuni\u00f3n de trabajo realizada con las presidentas y presidentes de las Comisiones de Educaci\u00f3n de los Congresos de los 32 estados, convocada por la Comisi\u00f3n de Educaci\u00f3n del Congreso de la Uni\u00f3n.<\/p>\n<p style=\"text-align: justify;\">La legisladora reconoci\u00f3 el compromiso de padres y madres de familia, as\u00ed como de maestras y maestros que se dieron cita a los diferentes foros realizados en la capital potosina y el interior del estado, donde se discutieron temas referentes a planes de estudio, derechos laborales, acceso a nuevas tecnolog\u00edas, entre otros.<\/p>\n<p style=\"text-align: justify;\">Durante la reuni\u00f3n dijo que, en algunas comunidades de la huasteca potosina, se observan \u00edndices de exclusi\u00f3n econ\u00f3mica, social y pol\u00edtica que juegan en contra de la mejora continua de la educaci\u00f3n, lo que hace que est\u00e9n en desventaja frente a las escuelas urbanas que cuentan con mayor equipamiento en las aulas.<\/p>\n<p style=\"text-align: justify;\">Por lo que dijo que propuso estandarizar el equipamiento en todas las aulas de la educaci\u00f3n b\u00e1sica, tomando en cuenta que se debe tomar en cuenta el contexto de las regiones, as\u00ed como sus condiciones de infraestructura.,<\/p>\n<p style=\"text-align: justify;\">Pidi\u00f3 que para San Luis potos\u00ed es urgente priorizar aquellas escuelas que no cuentan con servicio de energ\u00eda el\u00e9ctrica, y considerar la opci\u00f3n de instalar paneles solares para el uso de computadoras o televisores que ayudan al complemento de los programas de estudio.<\/p>\n<p style=\"text-align: justify;\">Asimismo entre las propuestas presentadas, destac\u00f3 las oportunidades para que maestras y maestros tengan acceso a la formaci\u00f3n, capacitaci\u00f3n, actualizaci\u00f3n y desarrollo profesional, as\u00ed como de la retroalimentaci\u00f3n derivada de las evaluaciones diagn\u00f3sticas, para propiciar la mejora continua del desempe\u00f1o docente.<\/p>\n<p style=\"text-align: justify;\">Carmona Salas dijo que, se debe considerar preservar la figura de las diversas modalidades en materia de educaci\u00f3n especial como las USAER, CRIE y CAM para la atenci\u00f3n de alumnos de educaci\u00f3n b\u00e1sica, y que se integre un p\u00e1rrafo espec\u00edfico que establezca que en el caso de las personas con discapacidad severa, se continuar\u00e1 brindando la atenci\u00f3n en los Centros de Atenci\u00f3n M\u00faltiple (CAM) o instituciones an\u00e1logas.<\/p>\n<p style=\"text-align: justify;\">Finalmente se\u00f1al\u00f3 que, el sueldo del magisterio mexicano es de los m\u00e1s bajos, por lo que tambi\u00e9n se debe considerar este t\u00f3pico al legislar en materia educativa, y que los incrementos anuales se realicen conforme a la inflaci\u00f3n de manera autom\u00e1tica y sin la mediaci\u00f3n del sindicato, as\u00ed como que \u00e9ste no intervenga tampoco en las bonificaciones, compensaciones ni bonos.<\/p>\n","protected":false},"excerpt":{"rendered":"<p>SLP.- Con el fin de presentar las propuestas recogidas en los foros de legislaci\u00f3n secundaria en materia educativa, la diputada Mar\u00eda del Consuelo Carmona Salas, asisti\u00f3 a la reuni\u00f3n de trabajo realizada con las presidentas y presidentes de las Comisiones de Educaci\u00f3n de los Congresos de los 32 estados, convocada por la Comisi\u00f3n de Educaci\u00f3n [&hellip;]<\/p>\n","protected":false},"author":2,"featured_media":35083,"comment_status":"open","ping_status":"closed","sticky":false,"template":"","format":"standard","meta":{"footnotes":""},"categories":[17],"tags":[109],"class_list":["post-35071","post","type-post","status-publish","format-standard","has-post-thumbnail","hentry","category-localesyregionales","tag-congreso-slp"],"yoast_head":"<!-- This site is optimized with the Yoast SEO plugin v27.4 - https:\/\/yoast.com\/product\/yoast-seo-wordpress\/ -->\n<title>Se presentan propuestas a legislaci\u00f3n secundaria en materia educativa - Canal 7 SLP - 2019<\/title>\n<meta name=\"robots\" content=\"index, follow, max-snippet:-1, max-image-preview:large, max-video-preview:-1\" \/>\n<link rel=\"canonical\" href=\"https:\/\/canal7slp.tv\/2019\/se-presentan-propuestas-a-legislacion-secundaria-en-materia-educativa\/\" \/>\n<meta property=\"og:locale\" content=\"es_ES\" \/>\n<meta property=\"og:type\" content=\"article\" \/>\n<meta property=\"og:title\" content=\"Se presentan propuestas a legislaci\u00f3n secundaria en materia educativa - Canal 7 SLP - 2019\" \/>\n<meta property=\"og:description\" content=\"SLP.- Con el fin de presentar las propuestas recogidas en los foros de legislaci\u00f3n secundaria en materia educativa, la diputada Mar\u00eda del Consuelo Carmona Salas, asisti\u00f3 a la reuni\u00f3n de trabajo realizada con las presidentas y presidentes de las Comisiones de Educaci\u00f3n de los Congresos de los 32 estados, convocada por la Comisi\u00f3n de Educaci\u00f3n [&hellip;]\" \/>\n<meta property=\"og:url\" content=\"https:\/\/canal7slp.tv\/2019\/se-presentan-propuestas-a-legislacion-secundaria-en-materia-educativa\/\" \/>\n<meta property=\"og:site_name\" content=\"Canal 7 SLP - 2019\" \/>\n<meta property=\"article:publisher\" content=\"https:\/\/www.facebook.com\/CANAL7SLP\/\" \/>\n<meta property=\"article:published_time\" content=\"2019-07-17T23:46:03+00:00\" \/>\n<meta property=\"article:modified_time\" content=\"2019-07-17T23:46:22+00:00\" \/>\n<meta property=\"og:image\" content=\"https:\/\/canal7slp.tv\/2019\/wp-content\/uploads\/2019\/07\/c4-5.jpg\" \/>\n\t<meta property=\"og:image:width\" content=\"936\" \/>\n\t<meta property=\"og:image:height\" content=\"624\" \/>\n\t<meta property=\"og:image:type\" content=\"image\/jpeg\" \/>\n<meta name=\"author\" content=\"edicionweb\" \/>\n<meta name=\"twitter:card\" content=\"summary_large_image\" \/>\n<meta name=\"twitter:creator\" content=\"@canal7_slp\" \/>\n<meta name=\"twitter:site\" content=\"@canal7_slp\" \/>\n<meta name=\"twitter:label1\" content=\"Escrito por\" \/>\n\t<meta name=\"twitter:data1\" content=\"edicionweb\" \/>\n\t<meta name=\"twitter:label2\" content=\"Tiempo de lectura\" \/>\n\t<meta name=\"twitter:data2\" content=\"2 minutos\" \/>\n<script type=\"application\/ld+json\" class=\"yoast-schema-graph\">{\"@context\":\"https:\\\/\\\/schema.org\",\"@graph\":[{\"@type\":\"Article\",\"@id\":\"https:\\\/\\\/canal7slp.tv\\\/2019\\\/se-presentan-propuestas-a-legislacion-secundaria-en-materia-educativa\\\/#article\",\"isPartOf\":{\"@id\":\"https:\\\/\\\/canal7slp.tv\\\/2019\\\/se-presentan-propuestas-a-legislacion-secundaria-en-materia-educativa\\\/\"},\"author\":{\"name\":\"edicionweb\",\"@id\":\"https:\\\/\\\/canal7slp.tv\\\/2019\\\/#\\\/schema\\\/person\\\/11d941c1c6ca30ac0a46b95fa37aa2e3\"},\"headline\":\"Se presentan propuestas a legislaci\u00f3n secundaria en materia educativa\",\"datePublished\":\"2019-07-17T23:46:03+00:00\",\"dateModified\":\"2019-07-17T23:46:22+00:00\",\"mainEntityOfPage\":{\"@id\":\"https:\\\/\\\/canal7slp.tv\\\/2019\\\/se-presentan-propuestas-a-legislacion-secundaria-en-materia-educativa\\\/\"},\"wordCount\":464,\"commentCount\":0,\"publisher\":{\"@id\":\"https:\\\/\\\/canal7slp.tv\\\/2019\\\/#organization\"},\"image\":{\"@id\":\"https:\\\/\\\/canal7slp.tv\\\/2019\\\/se-presentan-propuestas-a-legislacion-secundaria-en-materia-educativa\\\/#primaryimage\"},\"thumbnailUrl\":\"https:\\\/\\\/canal7slp.tv\\\/2019\\\/wp-content\\\/uploads\\\/2019\\\/07\\\/c4-5.jpg\",\"keywords\":[\"Congreso SLP\"],\"articleSection\":[\"LOCALES Y REGIONALES\"],\"inLanguage\":\"es\",\"potentialAction\":[{\"@type\":\"CommentAction\",\"name\":\"Comment\",\"target\":[\"https:\\\/\\\/canal7slp.tv\\\/2019\\\/se-presentan-propuestas-a-legislacion-secundaria-en-materia-educativa\\\/#respond\"]}]},{\"@type\":\"WebPage\",\"@id\":\"https:\\\/\\\/canal7slp.tv\\\/2019\\\/se-presentan-propuestas-a-legislacion-secundaria-en-materia-educativa\\\/\",\"url\":\"https:\\\/\\\/canal7slp.tv\\\/2019\\\/se-presentan-propuestas-a-legislacion-secundaria-en-materia-educativa\\\/\",\"name\":\"Se presentan propuestas a legislaci\u00f3n secundaria en materia educativa - Canal 7 SLP - 2019\",\"isPartOf\":{\"@id\":\"https:\\\/\\\/canal7slp.tv\\\/2019\\\/#website\"},\"primaryImageOfPage\":{\"@id\":\"https:\\\/\\\/canal7slp.tv\\\/2019\\\/se-presentan-propuestas-a-legislacion-secundaria-en-materia-educativa\\\/#primaryimage\"},\"image\":{\"@id\":\"https:\\\/\\\/canal7slp.tv\\\/2019\\\/se-presentan-propuestas-a-legislacion-secundaria-en-materia-educativa\\\/#primaryimage\"},\"thumbnailUrl\":\"https:\\\/\\\/canal7slp.tv\\\/2019\\\/wp-content\\\/uploads\\\/2019\\\/07\\\/c4-5.jpg\",\"datePublished\":\"2019-07-17T23:46:03+00:00\",\"dateModified\":\"2019-07-17T23:46:22+00:00\",\"breadcrumb\":{\"@id\":\"https:\\\/\\\/canal7slp.tv\\\/2019\\\/se-presentan-propuestas-a-legislacion-secundaria-en-materia-educativa\\\/#breadcrumb\"},\"inLanguage\":\"es\",\"potentialAction\":[{\"@type\":\"ReadAction\",\"target\":[\"https:\\\/\\\/canal7slp.tv\\\/2019\\\/se-presentan-propuestas-a-legislacion-secundaria-en-materia-educativa\\\/\"]}]},{\"@type\":\"ImageObject\",\"inLanguage\":\"es\",\"@id\":\"https:\\\/\\\/canal7slp.tv\\\/2019\\\/se-presentan-propuestas-a-legislacion-secundaria-en-materia-educativa\\\/#primaryimage\",\"url\":\"https:\\\/\\\/canal7slp.tv\\\/2019\\\/wp-content\\\/uploads\\\/2019\\\/07\\\/c4-5.jpg\",\"contentUrl\":\"https:\\\/\\\/canal7slp.tv\\\/2019\\\/wp-content\\\/uploads\\\/2019\\\/07\\\/c4-5.jpg\",\"width\":936,\"height\":624},{\"@type\":\"BreadcrumbList\",\"@id\":\"https:\\\/\\\/canal7slp.tv\\\/2019\\\/se-presentan-propuestas-a-legislacion-secundaria-en-materia-educativa\\\/#breadcrumb\",\"itemListElement\":[{\"@type\":\"ListItem\",\"position\":1,\"name\":\"Home\",\"item\":\"https:\\\/\\\/canal7slp.tv\\\/2019\\\/\"},{\"@type\":\"ListItem\",\"position\":2,\"name\":\"Se presentan propuestas a legislaci\u00f3n secundaria en materia educativa\"}]},{\"@type\":\"WebSite\",\"@id\":\"https:\\\/\\\/canal7slp.tv\\\/2019\\\/#website\",\"url\":\"https:\\\/\\\/canal7slp.tv\\\/2019\\\/\",\"name\":\"Canal 7 SLP - Somos TV\",\"description\":\"Somos un Canal de 10\",\"publisher\":{\"@id\":\"https:\\\/\\\/canal7slp.tv\\\/2019\\\/#organization\"},\"potentialAction\":[{\"@type\":\"SearchAction\",\"target\":{\"@type\":\"EntryPoint\",\"urlTemplate\":\"https:\\\/\\\/canal7slp.tv\\\/2019\\\/?s={search_term_string}\"},\"query-input\":{\"@type\":\"PropertyValueSpecification\",\"valueRequired\":true,\"valueName\":\"search_term_string\"}}],\"inLanguage\":\"es\"},{\"@type\":\"Organization\",\"@id\":\"https:\\\/\\\/canal7slp.tv\\\/2019\\\/#organization\",\"name\":\"Comunicaci\u00f3n 2000 S.A. de C.V.\",\"url\":\"https:\\\/\\\/canal7slp.tv\\\/2019\\\/\",\"logo\":{\"@type\":\"ImageObject\",\"inLanguage\":\"es\",\"@id\":\"https:\\\/\\\/canal7slp.tv\\\/2019\\\/#\\\/schema\\\/logo\\\/image\\\/\",\"url\":\"https:\\\/\\\/canal7slp.tv\\\/2019\\\/wp-content\\\/uploads\\\/2019\\\/07\\\/logo-c7.png\",\"contentUrl\":\"https:\\\/\\\/canal7slp.tv\\\/2019\\\/wp-content\\\/uploads\\\/2019\\\/07\\\/logo-c7.png\",\"width\":220,\"height\":60,\"caption\":\"Comunicaci\u00f3n 2000 S.A. de C.V.\"},\"image\":{\"@id\":\"https:\\\/\\\/canal7slp.tv\\\/2019\\\/#\\\/schema\\\/logo\\\/image\\\/\"},\"sameAs\":[\"https:\\\/\\\/www.facebook.com\\\/CANAL7SLP\\\/\",\"https:\\\/\\\/x.com\\\/canal7_slp\",\"https:\\\/\\\/www.instagram.com\\\/canal7_slp\",\"https:\\\/\\\/www.youtube.com\\\/user\\\/NOTICIEROSCANAL7SLP\\\/\"]},{\"@type\":\"Person\",\"@id\":\"https:\\\/\\\/canal7slp.tv\\\/2019\\\/#\\\/schema\\\/person\\\/11d941c1c6ca30ac0a46b95fa37aa2e3\",\"name\":\"edicionweb\",\"image\":{\"@type\":\"ImageObject\",\"inLanguage\":\"es\",\"@id\":\"https:\\\/\\\/secure.gravatar.com\\\/avatar\\\/eee448fc3f7164808013b816ba91ac7e43bbe82a70bebac296f8bc6f0addaa1a?s=96&d=mm&r=g\",\"url\":\"https:\\\/\\\/secure.gravatar.com\\\/avatar\\\/eee448fc3f7164808013b816ba91ac7e43bbe82a70bebac296f8bc6f0addaa1a?s=96&d=mm&r=g\",\"contentUrl\":\"https:\\\/\\\/secure.gravatar.com\\\/avatar\\\/eee448fc3f7164808013b816ba91ac7e43bbe82a70bebac296f8bc6f0addaa1a?s=96&d=mm&r=g\",\"caption\":\"edicionweb\"}}]}<\/script>\n<!-- \/ Yoast SEO plugin. -->","yoast_head_json":{"title":"Se presentan propuestas a legislaci\u00f3n secundaria en materia educativa - Canal 7 SLP - 2019","robots":{"index":"index","follow":"follow","max-snippet":"max-snippet:-1","max-image-preview":"max-image-preview:large","max-video-preview":"max-video-preview:-1"},"canonical":"https:\/\/canal7slp.tv\/2019\/se-presentan-propuestas-a-legislacion-secundaria-en-materia-educativa\/","og_locale":"es_ES","og_type":"article","og_title":"Se presentan propuestas a legislaci\u00f3n secundaria en materia educativa - Canal 7 SLP - 2019","og_description":"SLP.- Con el fin de presentar las propuestas recogidas en los foros de legislaci\u00f3n secundaria en materia educativa, la diputada Mar\u00eda del Consuelo Carmona Salas, asisti\u00f3 a la reuni\u00f3n de trabajo realizada con las presidentas y presidentes de las Comisiones de Educaci\u00f3n de los Congresos de los 32 estados, convocada por la Comisi\u00f3n de Educaci\u00f3n [&hellip;]","og_url":"https:\/\/canal7slp.tv\/2019\/se-presentan-propuestas-a-legislacion-secundaria-en-materia-educativa\/","og_site_name":"Canal 7 SLP - 2019","article_publisher":"https:\/\/www.facebook.com\/CANAL7SLP\/","article_published_time":"2019-07-17T23:46:03+00:00","article_modified_time":"2019-07-17T23:46:22+00:00","og_image":[{"width":936,"height":624,"url":"https:\/\/canal7slp.tv\/2019\/wp-content\/uploads\/2019\/07\/c4-5.jpg","type":"image\/jpeg"}],"author":"edicionweb","twitter_card":"summary_large_image","twitter_creator":"@canal7_slp","twitter_site":"@canal7_slp","twitter_misc":{"Escrito por":"edicionweb","Tiempo de lectura":"2 minutos"},"schema":{"@context":"https:\/\/schema.org","@graph":[{"@type":"Article","@id":"https:\/\/canal7slp.tv\/2019\/se-presentan-propuestas-a-legislacion-secundaria-en-materia-educativa\/#article","isPartOf":{"@id":"https:\/\/canal7slp.tv\/2019\/se-presentan-propuestas-a-legislacion-secundaria-en-materia-educativa\/"},"author":{"name":"edicionweb","@id":"https:\/\/canal7slp.tv\/2019\/#\/schema\/person\/11d941c1c6ca30ac0a46b95fa37aa2e3"},"headline":"Se presentan propuestas a legislaci\u00f3n secundaria en materia educativa","datePublished":"2019-07-17T23:46:03+00:00","dateModified":"2019-07-17T23:46:22+00:00","mainEntityOfPage":{"@id":"https:\/\/canal7slp.tv\/2019\/se-presentan-propuestas-a-legislacion-secundaria-en-materia-educativa\/"},"wordCount":464,"commentCount":0,"publisher":{"@id":"https:\/\/canal7slp.tv\/2019\/#organization"},"image":{"@id":"https:\/\/canal7slp.tv\/2019\/se-presentan-propuestas-a-legislacion-secundaria-en-materia-educativa\/#primaryimage"},"thumbnailUrl":"https:\/\/canal7slp.tv\/2019\/wp-content\/uploads\/2019\/07\/c4-5.jpg","keywords":["Congreso SLP"],"articleSection":["LOCALES Y REGIONALES"],"inLanguage":"es","potentialAction":[{"@type":"CommentAction","name":"Comment","target":["https:\/\/canal7slp.tv\/2019\/se-presentan-propuestas-a-legislacion-secundaria-en-materia-educativa\/#respond"]}]},{"@type":"WebPage","@id":"https:\/\/canal7slp.tv\/2019\/se-presentan-propuestas-a-legislacion-secundaria-en-materia-educativa\/","url":"https:\/\/canal7slp.tv\/2019\/se-presentan-propuestas-a-legislacion-secundaria-en-materia-educativa\/","name":"Se presentan propuestas a legislaci\u00f3n secundaria en materia educativa - Canal 7 SLP - 2019","isPartOf":{"@id":"https:\/\/canal7slp.tv\/2019\/#website"},"primaryImageOfPage":{"@id":"https:\/\/canal7slp.tv\/2019\/se-presentan-propuestas-a-legislacion-secundaria-en-materia-educativa\/#primaryimage"},"image":{"@id":"https:\/\/canal7slp.tv\/2019\/se-presentan-propuestas-a-legislacion-secundaria-en-materia-educativa\/#primaryimage"},"thumbnailUrl":"https:\/\/canal7slp.tv\/2019\/wp-content\/uploads\/2019\/07\/c4-5.jpg","datePublished":"2019-07-17T23:46:03+00:00","dateModified":"2019-07-17T23:46:22+00:00","breadcrumb":{"@id":"https:\/\/canal7slp.tv\/2019\/se-presentan-propuestas-a-legislacion-secundaria-en-materia-educativa\/#breadcrumb"},"inLanguage":"es","potentialAction":[{"@type":"ReadAction","target":["https:\/\/canal7slp.tv\/2019\/se-presentan-propuestas-a-legislacion-secundaria-en-materia-educativa\/"]}]},{"@type":"ImageObject","inLanguage":"es","@id":"https:\/\/canal7slp.tv\/2019\/se-presentan-propuestas-a-legislacion-secundaria-en-materia-educativa\/#primaryimage","url":"https:\/\/canal7slp.tv\/2019\/wp-content\/uploads\/2019\/07\/c4-5.jpg","contentUrl":"https:\/\/canal7slp.tv\/2019\/wp-content\/uploads\/2019\/07\/c4-5.jpg","width":936,"height":624},{"@type":"BreadcrumbList","@id":"https:\/\/canal7slp.tv\/2019\/se-presentan-propuestas-a-legislacion-secundaria-en-materia-educativa\/#breadcrumb","itemListElement":[{"@type":"ListItem","position":1,"name":"Home","item":"https:\/\/canal7slp.tv\/2019\/"},{"@type":"ListItem","position":2,"name":"Se presentan propuestas a legislaci\u00f3n secundaria en materia educativa"}]},{"@type":"WebSite","@id":"https:\/\/canal7slp.tv\/2019\/#website","url":"https:\/\/canal7slp.tv\/2019\/","name":"Canal 7 SLP - Somos TV","description":"Somos un Canal de 10","publisher":{"@id":"https:\/\/canal7slp.tv\/2019\/#organization"},"potentialAction":[{"@type":"SearchAction","target":{"@type":"EntryPoint","urlTemplate":"https:\/\/canal7slp.tv\/2019\/?s={search_term_string}"},"query-input":{"@type":"PropertyValueSpecification","valueRequired":true,"valueName":"search_term_string"}}],"inLanguage":"es"},{"@type":"Organization","@id":"https:\/\/canal7slp.tv\/2019\/#organization","name":"Comunicaci\u00f3n 2000 S.A. de C.V.","url":"https:\/\/canal7slp.tv\/2019\/","logo":{"@type":"ImageObject","inLanguage":"es","@id":"https:\/\/canal7slp.tv\/2019\/#\/schema\/logo\/image\/","url":"https:\/\/canal7slp.tv\/2019\/wp-content\/uploads\/2019\/07\/logo-c7.png","contentUrl":"https:\/\/canal7slp.tv\/2019\/wp-content\/uploads\/2019\/07\/logo-c7.png","width":220,"height":60,"caption":"Comunicaci\u00f3n 2000 S.A. de C.V."},"image":{"@id":"https:\/\/canal7slp.tv\/2019\/#\/schema\/logo\/image\/"},"sameAs":["https:\/\/www.facebook.com\/CANAL7SLP\/","https:\/\/x.com\/canal7_slp","https:\/\/www.instagram.com\/canal7_slp","https:\/\/www.youtube.com\/user\/NOTICIEROSCANAL7SLP\/"]},{"@type":"Person","@id":"https:\/\/canal7slp.tv\/2019\/#\/schema\/person\/11d941c1c6ca30ac0a46b95fa37aa2e3","name":"edicionweb","image":{"@type":"ImageObject","inLanguage":"es","@id":"https:\/\/secure.gravatar.com\/avatar\/eee448fc3f7164808013b816ba91ac7e43bbe82a70bebac296f8bc6f0addaa1a?s=96&d=mm&r=g","url":"https:\/\/secure.gravatar.com\/avatar\/eee448fc3f7164808013b816ba91ac7e43bbe82a70bebac296f8bc6f0addaa1a?s=96&d=mm&r=g","contentUrl":"https:\/\/secure.gravatar.com\/avatar\/eee448fc3f7164808013b816ba91ac7e43bbe82a70bebac296f8bc6f0addaa1a?s=96&d=mm&r=g","caption":"edicionweb"}}]}},"amp_enabled":true,"cmb2":{"video_ids_in_playlist":{"vid_p_videos":""},"video_ids_in_channel":{"vid_c_videos":""},"playlist_ids_in_channel":{"vid_c_playlists":""},"series_ids_in_channel":{"vid_c_series":""},"channel_images":{"vid_c_logo":"","vid_c_banner":""},"poster_feature_image":{"vid_m_poster_image":""},"gif_feature_image":{"vid_m_gif_image":""},"video_movie_settings":{"vid_m_director":"","vid_m_actor":"","vid_m_imdb_ratings":"","vid_m_amazon_associates":""},"vid_youtube_broadcasts_settings":{"vid_yb_broadcast_title":"","vid_yb_q":"","vid_yb_channelid":"","vid_yb_videocategoryid":"","vid_yb_maxresults":"","vid_yb_order":"","vid_yb_regioncode":"","vid_yb_videosyndicated":"","vid_yb_style":"","vid_yb_reload_first":""},"video_series_settings":{"vid_m_director":"","vid_m_actor":"","vid_m_imdb_ratings":"","video_series_group":""},"amazon_associates_settings":{"amazon_associates":"","amazon_native_ad":""},"vid_youtube_automatic_settings":{"vid_ya_youtube_source":"","vid_ya_update_every":"","vid_ya_update_unit":"","vid_ya_categories":"","vid_ya_published_after":"","vid_ya_published_before":"","vid_ya_playlists":"","vid_ya_channels":"","vid_ya_director":"","vid_ya_actor":"","vid_ya_author":"","vid_ya_import_post_date":"","vid_ya_status":"","vid_ya_sub_api_key":""},"vid_ads_m_videoads_settings_post":{"vid_ads_m_video_ads":"","vid_ads_m_video_ads_type":"","vid_ads_m_group_google_ima":"","vid_ads_m_group_image":"","vid_ads_m_group_html5_video":"","vid_ads_m_group_html":"","vid_ads_m_vast_preroll":"","vid_ads_m_vast_postroll":"","vid_ads_m_vast_pauseroll":"","vid_ads_m_vast_midroll":[{"vid_ads_m_vast_timer_seconds":"50"}],"vid_ads_m_time_to_show_ads":"","vid_ads_m_time_skip_ads":"","vid_ads_m_time_to_hide_ads":""},"page_slider_settings":{"display_slider_group":"","page_slider_group":""},"blog_page_settings":{"blog_page_title":"","blog_page_heading":"","blog_page_ic":"","blog_page_it":"","blog_page_ec":"","blog_page_ip":"","archive_loop_style":"","blog_image_ratio":"","blog_show_categories":"","blog_show_excerpt":"","blog_show_author":"","blog_show_date":"","blog_show_comment_count":"","blog_show_view_count":"","blog_show_like_count":"","blog_show_dislike_count":"","blog_items_per_page":"","blog_pag_type":""},"page_options":{"get_page_template":"","color_mode":"","main_layout":"","main_layout_full_with":"","main_logo":"","main_logo_retina":"","main_logo_mobile":"","main_logo_mobile_retina":"","sticky_logo":"","sticky_logo_retina":"","main_nav_layout":"","ajax_search":"","header_background":"","theme_sidebar":"","instagram_feed":"","instagram_feed_position":"","popular_videos":"","popular_videos_title_1":"","popular_videos_title_2":"","popular_videos_ic":"","popular_videos_it":"","theme_background":"","page_custom_css":""},"feature_image_settings":{"feature_image_position":""},"video_player_settings":{"single_video_style":"","video_player_position":"","vm_video_url":"","video_player_library":"","video_streaming":"","vm_media_sources":"","vid_auto_play":"","vm_video_shortcode":"","vid_p_sync_playlist":"","vid_c_sync_channel":"","get_post_format":"","multiple_links_structure":"default","multi_links_title":"","vm_video_multi_links":"","vm_duration":"","vid_social_locker":"off","vid_social_locker_id":"","vid_membership_action":"content-video","vm_video_trailer_url":"","vid_download_type":"free","vid_download_target":"download","vid_woo_product":"","vm_media_download":"","user_rating":"","user_rating_position":"","user_rating_mode":"","user_rating_multi_sets":""},"video_auto_fetch_settings":{"vm_video_fetch":"on"},"video_fake_views_likes":{"vm_fake_views":"","vm_fake_likes":"","vm_fake_dislikes":""},"gallery_settings":{"gallery_position":""},"quote_settings":{"quote_position":""},"post_options":{"main_layout":"","main_logo":"","main_logo_retina":"","main_logo_mobile":"","main_logo_mobile_retina":"","sticky_logo":"","sticky_logo_retina":"","main_nav_layout":"","header_background":"","theme_sidebar":"","single_post_comment_type":"","theme_background":""}},"_links":{"self":[{"href":"https:\/\/canal7slp.tv\/2019\/wp-json\/wp\/v2\/posts\/35071","targetHints":{"allow":["GET"]}}],"collection":[{"href":"https:\/\/canal7slp.tv\/2019\/wp-json\/wp\/v2\/posts"}],"about":[{"href":"https:\/\/canal7slp.tv\/2019\/wp-json\/wp\/v2\/types\/post"}],"author":[{"embeddable":true,"href":"https:\/\/canal7slp.tv\/2019\/wp-json\/wp\/v2\/users\/2"}],"replies":[{"embeddable":true,"href":"https:\/\/canal7slp.tv\/2019\/wp-json\/wp\/v2\/comments?post=35071"}],"version-history":[{"count":0,"href":"https:\/\/canal7slp.tv\/2019\/wp-json\/wp\/v2\/posts\/35071\/revisions"}],"wp:featuredmedia":[{"embeddable":true,"href":"https:\/\/canal7slp.tv\/2019\/wp-json\/wp\/v2\/media\/35083"}],"wp:attachment":[{"href":"https:\/\/canal7slp.tv\/2019\/wp-json\/wp\/v2\/media?parent=35071"}],"wp:term":[{"taxonomy":"category","embeddable":true,"href":"https:\/\/canal7slp.tv\/2019\/wp-json\/wp\/v2\/categories?post=35071"},{"taxonomy":"post_tag","embeddable":true,"href":"https:\/\/canal7slp.tv\/2019\/wp-json\/wp\/v2\/tags?post=35071"}],"curies":[{"name":"wp","href":"https:\/\/api.w.org\/{rel}","templated":true}]}}