{"id":35013,"date":"2019-07-17T18:28:34","date_gmt":"2019-07-17T23:28:34","guid":{"rendered":"https:\/\/canal7slp.tv\/2019\/?p=35013"},"modified":"2019-07-17T18:28:34","modified_gmt":"2019-07-17T23:28:34","slug":"generar-politicas-publicas-y-espacios-de-expresion-para-jovenes","status":"publish","type":"post","link":"https:\/\/canal7slp.tv\/2019\/generar-politicas-publicas-y-espacios-de-expresion-para-jovenes\/","title":{"rendered":"Generar pol\u00edticas p\u00fablicas y espacios de expresi\u00f3n para j\u00f3venes"},"content":{"rendered":"<p style=\"text-align: justify;\">SLp.- La problem\u00e1tica del grafiti que se presenta en la zona metropolitana de San Luis Potos\u00ed, es una consecuencia de la falta de pol\u00edticas sociales efectivas para atender adecuadamente a los j\u00f3venes y generarles espacios donde puedan manifestar libremente este tipo de expresiones, se\u00f1al\u00f3 el vocal de la Comisi\u00f3n de Justicia de la LXII Legislatura, diputado Edgardo Hern\u00e1ndez Contreras.<\/p>\n<p style=\"text-align: justify;\">Consider\u00f3 que este problema social vinculado con las pintas en edificios hist\u00f3ricos, edificios o viviendas debe ser atendido desde un punto de vista social y preventivo, pues desgraciadamente esta pr\u00e1ctica obedece al rechazo y resentimiento que tienen los j\u00f3venes en torno a la sociedad y sus autoridades.<\/p>\n<p style=\"text-align: justify;\">Adem\u00e1s, se\u00f1al\u00f3 que el problema del grafiti, no se soluciona mediante el incremento de las penas, sino a trav\u00e9s de pol\u00edticas sociales que est\u00e9n debidamente coordinadas entre el Gobierno del Estado y los Ayuntamientos, pues existen una serie de acciones que se han implementado en otras entidades del pa\u00eds con resultados satisfactorios que e incluso se pudieran retomar en San Luis Potos\u00ed, a trav\u00e9s del rescate de espacios que est\u00e9n destinados exclusivamente para la realizaci\u00f3n de pintas.<\/p>\n<p style=\"text-align: justify;\">El diputado Edgardo Hern\u00e1ndez, record\u00f3 que anteriormente hab\u00eda un programa en favor de los chavos banda que contemplaba el uso de la barda perimetral del boulevard del R\u00edo Santiago, el cual ser\u00eda destinado para la realizaci\u00f3n de grafitis a fin de que se evitar\u00e1 que estas pintas las realizaran los j\u00f3venes en los edificios p\u00fablicos, que no s\u00f3lo da\u00f1an la arquitectura, sino el patrimonio de los potosinos.<\/p>\n<p style=\"text-align: justify;\">El legislador, tambi\u00e9n consider\u00f3 que el tema del grafiti, est\u00e1 vinculado con \u00e1reas espec\u00edficas en la prevenci\u00f3n del delito, mismo que se debe tomar en cuenta por parte las corporaciones de seguridad dentro de sus esquemas preventivos y en favor de la generaci\u00f3n de nuevas alternativas para la juventud.<\/p>\n<p style=\"text-align: justify;\">Dijo que \u201cen el tema de los grafitis se ha trabajado desde el Congreso del Estado, porque es un problema complejo que tambi\u00e9n tiene su encanto, sin embargo, para que funcione tiene que haber voluntad del Gobierno del Estado y los Ayuntamientos, aunque tambi\u00e9n tiene que intervenir como parte fundamental, la Secretaria de Seguridad<\/p>\n<p style=\"text-align: justify;\">La problem\u00e1tica del grafiti que se presenta en la zona metropolitana de San Luis Potos\u00ed, es una consecuencia de la falta de pol\u00edticas sociales efectivas para atender adecuadamente a los j\u00f3venes y generarles espacios donde puedan manifestar libremente este tipo de expresiones, se\u00f1al\u00f3 el vocal de la Comisi\u00f3n de Justicia de la LXII Legislatura, diputado Edgardo Hern\u00e1ndez Contreras.<\/p>\n<p style=\"text-align: justify;\">Consider\u00f3 que este problema social vinculado con las pintas en edificios hist\u00f3ricos, edificios o viviendas debe ser atendido desde un punto de vista social y preventivo, pues desgraciadamente esta pr\u00e1ctica obedece al rechazo y resentimiento que tienen los j\u00f3venes en torno a la sociedad y sus autoridades.<\/p>\n<p style=\"text-align: justify;\">Adem\u00e1s, se\u00f1al\u00f3 que el problema del grafiti, no se soluciona mediante el incremento de las penas, sino a trav\u00e9s de pol\u00edticas sociales que est\u00e9n debidamente coordinadas entre el Gobierno del Estado y los Ayuntamientos, pues existen una serie de acciones que se han implementado en otras entidades del pa\u00eds con resultados satisfactorios que e incluso se pudieran retomar en San Luis Potos\u00ed, a trav\u00e9s del rescate de espacios que est\u00e9n destinados exclusivamente para la realizaci\u00f3n de pintas.<\/p>\n<p style=\"text-align: justify;\">El diputado Edgardo Hern\u00e1ndez, record\u00f3 que anteriormente hab\u00eda un programa en favor de los chavos banda que contemplaba el uso de la barda perimetral del boulevard del R\u00edo Santiago, el cual ser\u00eda destinado para la realizaci\u00f3n de grafitis a fin de que se evitar\u00e1 que estas pintas las realizaran los j\u00f3venes en los edificios p\u00fablicos, que no s\u00f3lo da\u00f1an la arquitectura, sino el patrimonio de los potosinos.<\/p>\n<p style=\"text-align: justify;\">El legislador, tambi\u00e9n consider\u00f3 que el tema del grafiti, est\u00e1 vinculado con \u00e1reas espec\u00edficas en la prevenci\u00f3n del delito, mismo que se debe tomar en cuenta por parte las corporaciones de seguridad dentro de sus esquemas preventivos y en favor de la generaci\u00f3n de nuevas alternativas para la juventud.<\/p>\n<p style=\"text-align: justify;\">Dijo que \u201cen el tema de los grafitis se ha trabajado desde el Congreso del Estado, porque es un problema complejo que tambi\u00e9n tiene su encanto, sin embargo, para que funcione tiene que haber voluntad del Gobierno del Estado y los Ayuntamientos, aunque tambi\u00e9n tiene que intervenir como parte fundamental, la Secretaria de Seguridad P\u00fablica en materia de prevenci\u00f3n de delito\u201d.<\/p>\n<p style=\"text-align: justify;\">Sostuvo que la clave para solucionar este problema est\u00e1 en la importancia de hacer part\u00edcipes a los chavos banda a fin de que no se sientan marginados sino \u00fatiles. Adem\u00e1s, insisti\u00f3 en que \u201cse deben retomar algunas alternativas para terminar con este problema como sucedi\u00f3 en Quer\u00e9taro o Pachuca donde se han implementado espacios exclusivos para estas pintas y donde se han tenido buenos resultados, porque el problema del joven es el resentimiento y aislamiento, cuando por otra parte se le pueden generar programas de participaci\u00f3n que les permite integrarse a otras actividades de \u00edndole deportivo, acad\u00e9mico y cultural\u201d.<\/p>\n<p style=\"text-align: justify;\">P\u00fablica en materia de prevenci\u00f3n de delito\u201d.<\/p>\n<p style=\"text-align: justify;\">Sostuvo que la clave para solucionar este problema est\u00e1 en la importancia de hacer part\u00edcipes a los chavos banda a fin de que no se sientan marginados sino \u00fatiles. Adem\u00e1s, insisti\u00f3 en que \u201cse deben retomar algunas alternativas para terminar con este problema como sucedi\u00f3 en Quer\u00e9taro o Pachuca donde se han implementado espacios exclusivos para estas pintas y donde se han tenido buenos resultados, porque el problema del joven es el resentimiento y aislamiento, cuando por otra parte se le pueden generar programas de participaci\u00f3n que les permite integrarse a otras actividades de \u00edndole deportivo, acad\u00e9mico y cultural\u201d.<\/p>\n","protected":false},"excerpt":{"rendered":"<p>SLp.- La problem\u00e1tica del grafiti que se presenta en la zona metropolitana de San Luis Potos\u00ed, es una consecuencia de la falta de pol\u00edticas sociales efectivas para atender adecuadamente a los j\u00f3venes y generarles espacios donde puedan manifestar libremente este tipo de expresiones, se\u00f1al\u00f3 el vocal de la Comisi\u00f3n de Justicia de la LXII Legislatura, [&hellip;]<\/p>\n","protected":false},"author":2,"featured_media":35025,"comment_status":"open","ping_status":"closed","sticky":false,"template":"","format":"standard","meta":{"footnotes":""},"categories":[17],"tags":[109],"class_list":["post-35013","post","type-post","status-publish","format-standard","has-post-thumbnail","hentry","category-localesyregionales","tag-congreso-slp"],"yoast_head":"<!-- This site is optimized with the Yoast SEO plugin v27.4 - https:\/\/yoast.com\/product\/yoast-seo-wordpress\/ -->\n<title>Generar pol\u00edticas p\u00fablicas y espacios de expresi\u00f3n para j\u00f3venes - Canal 7 SLP - 2019<\/title>\n<meta name=\"robots\" content=\"index, follow, max-snippet:-1, max-image-preview:large, max-video-preview:-1\" \/>\n<link rel=\"canonical\" href=\"https:\/\/canal7slp.tv\/2019\/generar-politicas-publicas-y-espacios-de-expresion-para-jovenes\/\" \/>\n<meta property=\"og:locale\" content=\"es_ES\" \/>\n<meta property=\"og:type\" content=\"article\" \/>\n<meta property=\"og:title\" content=\"Generar pol\u00edticas p\u00fablicas y espacios de expresi\u00f3n para j\u00f3venes - Canal 7 SLP - 2019\" \/>\n<meta property=\"og:description\" content=\"SLp.- La problem\u00e1tica del grafiti que se presenta en la zona metropolitana de San Luis Potos\u00ed, es una consecuencia de la falta de pol\u00edticas sociales efectivas para atender adecuadamente a los j\u00f3venes y generarles espacios donde puedan manifestar libremente este tipo de expresiones, se\u00f1al\u00f3 el vocal de la Comisi\u00f3n de Justicia de la LXII Legislatura, [&hellip;]\" \/>\n<meta property=\"og:url\" content=\"https:\/\/canal7slp.tv\/2019\/generar-politicas-publicas-y-espacios-de-expresion-para-jovenes\/\" \/>\n<meta property=\"og:site_name\" content=\"Canal 7 SLP - 2019\" \/>\n<meta property=\"article:publisher\" content=\"https:\/\/www.facebook.com\/CANAL7SLP\/\" \/>\n<meta property=\"article:published_time\" content=\"2019-07-17T23:28:34+00:00\" \/>\n<meta property=\"og:image\" content=\"https:\/\/canal7slp.tv\/2019\/wp-content\/uploads\/2019\/07\/c1-11.jpg\" \/>\n\t<meta property=\"og:image:width\" content=\"936\" \/>\n\t<meta property=\"og:image:height\" content=\"648\" \/>\n\t<meta property=\"og:image:type\" content=\"image\/jpeg\" \/>\n<meta name=\"author\" content=\"edicionweb\" \/>\n<meta name=\"twitter:card\" content=\"summary_large_image\" \/>\n<meta name=\"twitter:creator\" content=\"@canal7_slp\" \/>\n<meta name=\"twitter:site\" content=\"@canal7_slp\" \/>\n<meta name=\"twitter:label1\" content=\"Escrito por\" \/>\n\t<meta name=\"twitter:data1\" content=\"edicionweb\" \/>\n\t<meta name=\"twitter:label2\" content=\"Tiempo de lectura\" \/>\n\t<meta name=\"twitter:data2\" content=\"5 minutos\" \/>\n<script type=\"application\/ld+json\" class=\"yoast-schema-graph\">{\"@context\":\"https:\\\/\\\/schema.org\",\"@graph\":[{\"@type\":\"Article\",\"@id\":\"https:\\\/\\\/canal7slp.tv\\\/2019\\\/generar-politicas-publicas-y-espacios-de-expresion-para-jovenes\\\/#article\",\"isPartOf\":{\"@id\":\"https:\\\/\\\/canal7slp.tv\\\/2019\\\/generar-politicas-publicas-y-espacios-de-expresion-para-jovenes\\\/\"},\"author\":{\"name\":\"edicionweb\",\"@id\":\"https:\\\/\\\/canal7slp.tv\\\/2019\\\/#\\\/schema\\\/person\\\/11d941c1c6ca30ac0a46b95fa37aa2e3\"},\"headline\":\"Generar pol\u00edticas p\u00fablicas y espacios de expresi\u00f3n para j\u00f3venes\",\"datePublished\":\"2019-07-17T23:28:34+00:00\",\"mainEntityOfPage\":{\"@id\":\"https:\\\/\\\/canal7slp.tv\\\/2019\\\/generar-politicas-publicas-y-espacios-de-expresion-para-jovenes\\\/\"},\"wordCount\":1011,\"commentCount\":0,\"publisher\":{\"@id\":\"https:\\\/\\\/canal7slp.tv\\\/2019\\\/#organization\"},\"image\":{\"@id\":\"https:\\\/\\\/canal7slp.tv\\\/2019\\\/generar-politicas-publicas-y-espacios-de-expresion-para-jovenes\\\/#primaryimage\"},\"thumbnailUrl\":\"https:\\\/\\\/canal7slp.tv\\\/2019\\\/wp-content\\\/uploads\\\/2019\\\/07\\\/c1-11.jpg\",\"keywords\":[\"Congreso SLP\"],\"articleSection\":[\"LOCALES Y REGIONALES\"],\"inLanguage\":\"es\",\"potentialAction\":[{\"@type\":\"CommentAction\",\"name\":\"Comment\",\"target\":[\"https:\\\/\\\/canal7slp.tv\\\/2019\\\/generar-politicas-publicas-y-espacios-de-expresion-para-jovenes\\\/#respond\"]}]},{\"@type\":\"WebPage\",\"@id\":\"https:\\\/\\\/canal7slp.tv\\\/2019\\\/generar-politicas-publicas-y-espacios-de-expresion-para-jovenes\\\/\",\"url\":\"https:\\\/\\\/canal7slp.tv\\\/2019\\\/generar-politicas-publicas-y-espacios-de-expresion-para-jovenes\\\/\",\"name\":\"Generar pol\u00edticas p\u00fablicas y espacios de expresi\u00f3n para j\u00f3venes - Canal 7 SLP - 2019\",\"isPartOf\":{\"@id\":\"https:\\\/\\\/canal7slp.tv\\\/2019\\\/#website\"},\"primaryImageOfPage\":{\"@id\":\"https:\\\/\\\/canal7slp.tv\\\/2019\\\/generar-politicas-publicas-y-espacios-de-expresion-para-jovenes\\\/#primaryimage\"},\"image\":{\"@id\":\"https:\\\/\\\/canal7slp.tv\\\/2019\\\/generar-politicas-publicas-y-espacios-de-expresion-para-jovenes\\\/#primaryimage\"},\"thumbnailUrl\":\"https:\\\/\\\/canal7slp.tv\\\/2019\\\/wp-content\\\/uploads\\\/2019\\\/07\\\/c1-11.jpg\",\"datePublished\":\"2019-07-17T23:28:34+00:00\",\"breadcrumb\":{\"@id\":\"https:\\\/\\\/canal7slp.tv\\\/2019\\\/generar-politicas-publicas-y-espacios-de-expresion-para-jovenes\\\/#breadcrumb\"},\"inLanguage\":\"es\",\"potentialAction\":[{\"@type\":\"ReadAction\",\"target\":[\"https:\\\/\\\/canal7slp.tv\\\/2019\\\/generar-politicas-publicas-y-espacios-de-expresion-para-jovenes\\\/\"]}]},{\"@type\":\"ImageObject\",\"inLanguage\":\"es\",\"@id\":\"https:\\\/\\\/canal7slp.tv\\\/2019\\\/generar-politicas-publicas-y-espacios-de-expresion-para-jovenes\\\/#primaryimage\",\"url\":\"https:\\\/\\\/canal7slp.tv\\\/2019\\\/wp-content\\\/uploads\\\/2019\\\/07\\\/c1-11.jpg\",\"contentUrl\":\"https:\\\/\\\/canal7slp.tv\\\/2019\\\/wp-content\\\/uploads\\\/2019\\\/07\\\/c1-11.jpg\",\"width\":936,\"height\":648},{\"@type\":\"BreadcrumbList\",\"@id\":\"https:\\\/\\\/canal7slp.tv\\\/2019\\\/generar-politicas-publicas-y-espacios-de-expresion-para-jovenes\\\/#breadcrumb\",\"itemListElement\":[{\"@type\":\"ListItem\",\"position\":1,\"name\":\"Home\",\"item\":\"https:\\\/\\\/canal7slp.tv\\\/2019\\\/\"},{\"@type\":\"ListItem\",\"position\":2,\"name\":\"Generar pol\u00edticas p\u00fablicas y espacios de expresi\u00f3n para j\u00f3venes\"}]},{\"@type\":\"WebSite\",\"@id\":\"https:\\\/\\\/canal7slp.tv\\\/2019\\\/#website\",\"url\":\"https:\\\/\\\/canal7slp.tv\\\/2019\\\/\",\"name\":\"Canal 7 SLP - Somos TV\",\"description\":\"Somos un Canal de 10\",\"publisher\":{\"@id\":\"https:\\\/\\\/canal7slp.tv\\\/2019\\\/#organization\"},\"potentialAction\":[{\"@type\":\"SearchAction\",\"target\":{\"@type\":\"EntryPoint\",\"urlTemplate\":\"https:\\\/\\\/canal7slp.tv\\\/2019\\\/?s={search_term_string}\"},\"query-input\":{\"@type\":\"PropertyValueSpecification\",\"valueRequired\":true,\"valueName\":\"search_term_string\"}}],\"inLanguage\":\"es\"},{\"@type\":\"Organization\",\"@id\":\"https:\\\/\\\/canal7slp.tv\\\/2019\\\/#organization\",\"name\":\"Comunicaci\u00f3n 2000 S.A. de C.V.\",\"url\":\"https:\\\/\\\/canal7slp.tv\\\/2019\\\/\",\"logo\":{\"@type\":\"ImageObject\",\"inLanguage\":\"es\",\"@id\":\"https:\\\/\\\/canal7slp.tv\\\/2019\\\/#\\\/schema\\\/logo\\\/image\\\/\",\"url\":\"https:\\\/\\\/canal7slp.tv\\\/2019\\\/wp-content\\\/uploads\\\/2019\\\/07\\\/logo-c7.png\",\"contentUrl\":\"https:\\\/\\\/canal7slp.tv\\\/2019\\\/wp-content\\\/uploads\\\/2019\\\/07\\\/logo-c7.png\",\"width\":220,\"height\":60,\"caption\":\"Comunicaci\u00f3n 2000 S.A. de C.V.\"},\"image\":{\"@id\":\"https:\\\/\\\/canal7slp.tv\\\/2019\\\/#\\\/schema\\\/logo\\\/image\\\/\"},\"sameAs\":[\"https:\\\/\\\/www.facebook.com\\\/CANAL7SLP\\\/\",\"https:\\\/\\\/x.com\\\/canal7_slp\",\"https:\\\/\\\/www.instagram.com\\\/canal7_slp\",\"https:\\\/\\\/www.youtube.com\\\/user\\\/NOTICIEROSCANAL7SLP\\\/\"]},{\"@type\":\"Person\",\"@id\":\"https:\\\/\\\/canal7slp.tv\\\/2019\\\/#\\\/schema\\\/person\\\/11d941c1c6ca30ac0a46b95fa37aa2e3\",\"name\":\"edicionweb\",\"image\":{\"@type\":\"ImageObject\",\"inLanguage\":\"es\",\"@id\":\"https:\\\/\\\/secure.gravatar.com\\\/avatar\\\/eee448fc3f7164808013b816ba91ac7e43bbe82a70bebac296f8bc6f0addaa1a?s=96&d=mm&r=g\",\"url\":\"https:\\\/\\\/secure.gravatar.com\\\/avatar\\\/eee448fc3f7164808013b816ba91ac7e43bbe82a70bebac296f8bc6f0addaa1a?s=96&d=mm&r=g\",\"contentUrl\":\"https:\\\/\\\/secure.gravatar.com\\\/avatar\\\/eee448fc3f7164808013b816ba91ac7e43bbe82a70bebac296f8bc6f0addaa1a?s=96&d=mm&r=g\",\"caption\":\"edicionweb\"}}]}<\/script>\n<!-- \/ Yoast SEO plugin. -->","yoast_head_json":{"title":"Generar pol\u00edticas p\u00fablicas y espacios de expresi\u00f3n para j\u00f3venes - Canal 7 SLP - 2019","robots":{"index":"index","follow":"follow","max-snippet":"max-snippet:-1","max-image-preview":"max-image-preview:large","max-video-preview":"max-video-preview:-1"},"canonical":"https:\/\/canal7slp.tv\/2019\/generar-politicas-publicas-y-espacios-de-expresion-para-jovenes\/","og_locale":"es_ES","og_type":"article","og_title":"Generar pol\u00edticas p\u00fablicas y espacios de expresi\u00f3n para j\u00f3venes - Canal 7 SLP - 2019","og_description":"SLp.- La problem\u00e1tica del grafiti que se presenta en la zona metropolitana de San Luis Potos\u00ed, es una consecuencia de la falta de pol\u00edticas sociales efectivas para atender adecuadamente a los j\u00f3venes y generarles espacios donde puedan manifestar libremente este tipo de expresiones, se\u00f1al\u00f3 el vocal de la Comisi\u00f3n de Justicia de la LXII Legislatura, [&hellip;]","og_url":"https:\/\/canal7slp.tv\/2019\/generar-politicas-publicas-y-espacios-de-expresion-para-jovenes\/","og_site_name":"Canal 7 SLP - 2019","article_publisher":"https:\/\/www.facebook.com\/CANAL7SLP\/","article_published_time":"2019-07-17T23:28:34+00:00","og_image":[{"width":936,"height":648,"url":"https:\/\/canal7slp.tv\/2019\/wp-content\/uploads\/2019\/07\/c1-11.jpg","type":"image\/jpeg"}],"author":"edicionweb","twitter_card":"summary_large_image","twitter_creator":"@canal7_slp","twitter_site":"@canal7_slp","twitter_misc":{"Escrito por":"edicionweb","Tiempo de lectura":"5 minutos"},"schema":{"@context":"https:\/\/schema.org","@graph":[{"@type":"Article","@id":"https:\/\/canal7slp.tv\/2019\/generar-politicas-publicas-y-espacios-de-expresion-para-jovenes\/#article","isPartOf":{"@id":"https:\/\/canal7slp.tv\/2019\/generar-politicas-publicas-y-espacios-de-expresion-para-jovenes\/"},"author":{"name":"edicionweb","@id":"https:\/\/canal7slp.tv\/2019\/#\/schema\/person\/11d941c1c6ca30ac0a46b95fa37aa2e3"},"headline":"Generar pol\u00edticas p\u00fablicas y espacios de expresi\u00f3n para j\u00f3venes","datePublished":"2019-07-17T23:28:34+00:00","mainEntityOfPage":{"@id":"https:\/\/canal7slp.tv\/2019\/generar-politicas-publicas-y-espacios-de-expresion-para-jovenes\/"},"wordCount":1011,"commentCount":0,"publisher":{"@id":"https:\/\/canal7slp.tv\/2019\/#organization"},"image":{"@id":"https:\/\/canal7slp.tv\/2019\/generar-politicas-publicas-y-espacios-de-expresion-para-jovenes\/#primaryimage"},"thumbnailUrl":"https:\/\/canal7slp.tv\/2019\/wp-content\/uploads\/2019\/07\/c1-11.jpg","keywords":["Congreso SLP"],"articleSection":["LOCALES Y REGIONALES"],"inLanguage":"es","potentialAction":[{"@type":"CommentAction","name":"Comment","target":["https:\/\/canal7slp.tv\/2019\/generar-politicas-publicas-y-espacios-de-expresion-para-jovenes\/#respond"]}]},{"@type":"WebPage","@id":"https:\/\/canal7slp.tv\/2019\/generar-politicas-publicas-y-espacios-de-expresion-para-jovenes\/","url":"https:\/\/canal7slp.tv\/2019\/generar-politicas-publicas-y-espacios-de-expresion-para-jovenes\/","name":"Generar pol\u00edticas p\u00fablicas y espacios de expresi\u00f3n para j\u00f3venes - Canal 7 SLP - 2019","isPartOf":{"@id":"https:\/\/canal7slp.tv\/2019\/#website"},"primaryImageOfPage":{"@id":"https:\/\/canal7slp.tv\/2019\/generar-politicas-publicas-y-espacios-de-expresion-para-jovenes\/#primaryimage"},"image":{"@id":"https:\/\/canal7slp.tv\/2019\/generar-politicas-publicas-y-espacios-de-expresion-para-jovenes\/#primaryimage"},"thumbnailUrl":"https:\/\/canal7slp.tv\/2019\/wp-content\/uploads\/2019\/07\/c1-11.jpg","datePublished":"2019-07-17T23:28:34+00:00","breadcrumb":{"@id":"https:\/\/canal7slp.tv\/2019\/generar-politicas-publicas-y-espacios-de-expresion-para-jovenes\/#breadcrumb"},"inLanguage":"es","potentialAction":[{"@type":"ReadAction","target":["https:\/\/canal7slp.tv\/2019\/generar-politicas-publicas-y-espacios-de-expresion-para-jovenes\/"]}]},{"@type":"ImageObject","inLanguage":"es","@id":"https:\/\/canal7slp.tv\/2019\/generar-politicas-publicas-y-espacios-de-expresion-para-jovenes\/#primaryimage","url":"https:\/\/canal7slp.tv\/2019\/wp-content\/uploads\/2019\/07\/c1-11.jpg","contentUrl":"https:\/\/canal7slp.tv\/2019\/wp-content\/uploads\/2019\/07\/c1-11.jpg","width":936,"height":648},{"@type":"BreadcrumbList","@id":"https:\/\/canal7slp.tv\/2019\/generar-politicas-publicas-y-espacios-de-expresion-para-jovenes\/#breadcrumb","itemListElement":[{"@type":"ListItem","position":1,"name":"Home","item":"https:\/\/canal7slp.tv\/2019\/"},{"@type":"ListItem","position":2,"name":"Generar pol\u00edticas p\u00fablicas y espacios de expresi\u00f3n para j\u00f3venes"}]},{"@type":"WebSite","@id":"https:\/\/canal7slp.tv\/2019\/#website","url":"https:\/\/canal7slp.tv\/2019\/","name":"Canal 7 SLP - Somos TV","description":"Somos un Canal de 10","publisher":{"@id":"https:\/\/canal7slp.tv\/2019\/#organization"},"potentialAction":[{"@type":"SearchAction","target":{"@type":"EntryPoint","urlTemplate":"https:\/\/canal7slp.tv\/2019\/?s={search_term_string}"},"query-input":{"@type":"PropertyValueSpecification","valueRequired":true,"valueName":"search_term_string"}}],"inLanguage":"es"},{"@type":"Organization","@id":"https:\/\/canal7slp.tv\/2019\/#organization","name":"Comunicaci\u00f3n 2000 S.A. de C.V.","url":"https:\/\/canal7slp.tv\/2019\/","logo":{"@type":"ImageObject","inLanguage":"es","@id":"https:\/\/canal7slp.tv\/2019\/#\/schema\/logo\/image\/","url":"https:\/\/canal7slp.tv\/2019\/wp-content\/uploads\/2019\/07\/logo-c7.png","contentUrl":"https:\/\/canal7slp.tv\/2019\/wp-content\/uploads\/2019\/07\/logo-c7.png","width":220,"height":60,"caption":"Comunicaci\u00f3n 2000 S.A. de C.V."},"image":{"@id":"https:\/\/canal7slp.tv\/2019\/#\/schema\/logo\/image\/"},"sameAs":["https:\/\/www.facebook.com\/CANAL7SLP\/","https:\/\/x.com\/canal7_slp","https:\/\/www.instagram.com\/canal7_slp","https:\/\/www.youtube.com\/user\/NOTICIEROSCANAL7SLP\/"]},{"@type":"Person","@id":"https:\/\/canal7slp.tv\/2019\/#\/schema\/person\/11d941c1c6ca30ac0a46b95fa37aa2e3","name":"edicionweb","image":{"@type":"ImageObject","inLanguage":"es","@id":"https:\/\/secure.gravatar.com\/avatar\/eee448fc3f7164808013b816ba91ac7e43bbe82a70bebac296f8bc6f0addaa1a?s=96&d=mm&r=g","url":"https:\/\/secure.gravatar.com\/avatar\/eee448fc3f7164808013b816ba91ac7e43bbe82a70bebac296f8bc6f0addaa1a?s=96&d=mm&r=g","contentUrl":"https:\/\/secure.gravatar.com\/avatar\/eee448fc3f7164808013b816ba91ac7e43bbe82a70bebac296f8bc6f0addaa1a?s=96&d=mm&r=g","caption":"edicionweb"}}]}},"amp_enabled":true,"cmb2":{"video_ids_in_playlist":{"vid_p_videos":""},"video_ids_in_channel":{"vid_c_videos":""},"playlist_ids_in_channel":{"vid_c_playlists":""},"series_ids_in_channel":{"vid_c_series":""},"channel_images":{"vid_c_logo":"","vid_c_banner":""},"poster_feature_image":{"vid_m_poster_image":""},"gif_feature_image":{"vid_m_gif_image":""},"video_movie_settings":{"vid_m_director":"","vid_m_actor":"","vid_m_imdb_ratings":"","vid_m_amazon_associates":""},"vid_youtube_broadcasts_settings":{"vid_yb_broadcast_title":"","vid_yb_q":"","vid_yb_channelid":"","vid_yb_videocategoryid":"","vid_yb_maxresults":"","vid_yb_order":"","vid_yb_regioncode":"","vid_yb_videosyndicated":"","vid_yb_style":"","vid_yb_reload_first":""},"video_series_settings":{"vid_m_director":"","vid_m_actor":"","vid_m_imdb_ratings":"","video_series_group":""},"amazon_associates_settings":{"amazon_associates":"","amazon_native_ad":""},"vid_youtube_automatic_settings":{"vid_ya_youtube_source":"","vid_ya_update_every":"","vid_ya_update_unit":"","vid_ya_categories":"","vid_ya_published_after":"","vid_ya_published_before":"","vid_ya_playlists":"","vid_ya_channels":"","vid_ya_director":"","vid_ya_actor":"","vid_ya_author":"","vid_ya_import_post_date":"","vid_ya_status":"","vid_ya_sub_api_key":""},"vid_ads_m_videoads_settings_post":{"vid_ads_m_video_ads":"","vid_ads_m_video_ads_type":"","vid_ads_m_group_google_ima":"","vid_ads_m_group_image":"","vid_ads_m_group_html5_video":"","vid_ads_m_group_html":"","vid_ads_m_vast_preroll":"","vid_ads_m_vast_postroll":"","vid_ads_m_vast_pauseroll":"","vid_ads_m_vast_midroll":[{"vid_ads_m_vast_timer_seconds":"50"}],"vid_ads_m_time_to_show_ads":"","vid_ads_m_time_skip_ads":"","vid_ads_m_time_to_hide_ads":""},"page_slider_settings":{"display_slider_group":"","page_slider_group":""},"blog_page_settings":{"blog_page_title":"","blog_page_heading":"","blog_page_ic":"","blog_page_it":"","blog_page_ec":"","blog_page_ip":"","archive_loop_style":"","blog_image_ratio":"","blog_show_categories":"","blog_show_excerpt":"","blog_show_author":"","blog_show_date":"","blog_show_comment_count":"","blog_show_view_count":"","blog_show_like_count":"","blog_show_dislike_count":"","blog_items_per_page":"","blog_pag_type":""},"page_options":{"get_page_template":"","color_mode":"","main_layout":"","main_layout_full_with":"","main_logo":"","main_logo_retina":"","main_logo_mobile":"","main_logo_mobile_retina":"","sticky_logo":"","sticky_logo_retina":"","main_nav_layout":"","ajax_search":"","header_background":"","theme_sidebar":"","instagram_feed":"","instagram_feed_position":"","popular_videos":"","popular_videos_title_1":"","popular_videos_title_2":"","popular_videos_ic":"","popular_videos_it":"","theme_background":"","page_custom_css":""},"feature_image_settings":{"feature_image_position":""},"video_player_settings":{"single_video_style":"","video_player_position":"","vm_video_url":"","video_player_library":"","video_streaming":"","vm_media_sources":"","vid_auto_play":"","vm_video_shortcode":"","vid_p_sync_playlist":"","vid_c_sync_channel":"","get_post_format":"","multiple_links_structure":"default","multi_links_title":"","vm_video_multi_links":"","vm_duration":"","vid_social_locker":"off","vid_social_locker_id":"","vid_membership_action":"content-video","vm_video_trailer_url":"","vid_download_type":"free","vid_download_target":"download","vid_woo_product":"","vm_media_download":"","user_rating":"","user_rating_position":"","user_rating_mode":"","user_rating_multi_sets":""},"video_auto_fetch_settings":{"vm_video_fetch":"on"},"video_fake_views_likes":{"vm_fake_views":"","vm_fake_likes":"","vm_fake_dislikes":""},"gallery_settings":{"gallery_position":""},"quote_settings":{"quote_position":""},"post_options":{"main_layout":"","main_logo":"","main_logo_retina":"","main_logo_mobile":"","main_logo_mobile_retina":"","sticky_logo":"","sticky_logo_retina":"","main_nav_layout":"","header_background":"","theme_sidebar":"","single_post_comment_type":"","theme_background":""}},"_links":{"self":[{"href":"https:\/\/canal7slp.tv\/2019\/wp-json\/wp\/v2\/posts\/35013","targetHints":{"allow":["GET"]}}],"collection":[{"href":"https:\/\/canal7slp.tv\/2019\/wp-json\/wp\/v2\/posts"}],"about":[{"href":"https:\/\/canal7slp.tv\/2019\/wp-json\/wp\/v2\/types\/post"}],"author":[{"embeddable":true,"href":"https:\/\/canal7slp.tv\/2019\/wp-json\/wp\/v2\/users\/2"}],"replies":[{"embeddable":true,"href":"https:\/\/canal7slp.tv\/2019\/wp-json\/wp\/v2\/comments?post=35013"}],"version-history":[{"count":0,"href":"https:\/\/canal7slp.tv\/2019\/wp-json\/wp\/v2\/posts\/35013\/revisions"}],"wp:featuredmedia":[{"embeddable":true,"href":"https:\/\/canal7slp.tv\/2019\/wp-json\/wp\/v2\/media\/35025"}],"wp:attachment":[{"href":"https:\/\/canal7slp.tv\/2019\/wp-json\/wp\/v2\/media?parent=35013"}],"wp:term":[{"taxonomy":"category","embeddable":true,"href":"https:\/\/canal7slp.tv\/2019\/wp-json\/wp\/v2\/categories?post=35013"},{"taxonomy":"post_tag","embeddable":true,"href":"https:\/\/canal7slp.tv\/2019\/wp-json\/wp\/v2\/tags?post=35013"}],"curies":[{"name":"wp","href":"https:\/\/api.w.org\/{rel}","templated":true}]}}