{"id":34415,"date":"2019-07-16T19:57:51","date_gmt":"2019-07-17T00:57:51","guid":{"rendered":"https:\/\/canal7slp.tv\/2019\/?p=34415"},"modified":"2019-07-16T19:57:51","modified_gmt":"2019-07-17T00:57:51","slug":"productores-anuncian-bloqueos-carreteros-desde-este-miercoles","status":"publish","type":"post","link":"https:\/\/canal7slp.tv\/2019\/productores-anuncian-bloqueos-carreteros-desde-este-miercoles\/","title":{"rendered":"Productores anuncian bloqueos carreteros desde este mi\u00e9rcoles"},"content":{"rendered":"<p style=\"text-align: justify;\">M\u00e9xico.- Productores de diversas partes del pa\u00eds acordaron realizar bloqueos carreteros a partir de las 8:00 horas del mi\u00e9rcoles, ante lo que consideraron \u201cpocas ganas\u201d del Gobierno Federal por atender su petici\u00f3n de que se libere el presupuesto aprobado por el Congreso de la Uni\u00f3n para este sector.<\/p>\n<p style=\"text-align: justify;\">El presidente del Comit\u00e9 Sistema Producto de Oleaginosas, Roberto Candelas Rom\u00e1n, asegur\u00f3 que est\u00e1n confirmados bloqueos en al menos 23 entidades de la Rep\u00fablica, algunos con hasta siete por estado, en virtud de que la atenci\u00f3n que recibieron s\u00f3lo fue \u201cmedi\u00e1tica\u201d.<\/p>\n<p style=\"text-align: justify;\">\u201cLo que nosotros estamos pidiendo, el enojo, es que los diputados y los senadores pelearon por el presupuesto para el campo, o sea se pele\u00f3 lo que fue el presupuesto para el campo, y del presupuesto que es para el campo no han ejercido ni un solo cinco para los productores comerciales y est\u00e1n hablando de que ya llevan el 70 por ciento ejercido en el campo\u201d, acus\u00f3.<\/p>\n<p style=\"text-align: justify;\">Explic\u00f3 que \u201cno estamos viendo d\u00f3nde est\u00e1 ese recurso, d\u00f3nde se est\u00e1 aplicando\u201d y, por otra parte, perciben un desmantelamiento de instituciones como la Secretar\u00eda de Agricultura, los Centros de Apoyo al Desarrollo Rural (Cader) y el Servicio Nacional de Sanidad, Inocuidad y Calidad Agroalimentaria (Senasica).<\/p>\n<p style=\"text-align: justify;\">\u201cEn todo esto ha habido un despido masivo de gente y pr\u00e1cticamente est\u00e1n desmantelando las instituciones operativas, las que nos atienden a nosotros en el campo\u201d, refiri\u00f3 Candelas Rom\u00e1n.<\/p>\n<p style=\"text-align: justify;\">Inform\u00f3 que el pleno de las Cadenas Productivas Nacionales tuvo una reuni\u00f3n el lunes con el jefe de la Oficina de la Presidencia, Alfonso Romo, el secretario de Agricultura, V\u00edctor Villalobos, as\u00ed como diputados y senadores, y quedaron de dar seguimiento a ese encuentro este martes.<\/p>\n<p style=\"text-align: justify;\">Coment\u00f3 que ellos esperaban reunirse con el titular de la Secretar\u00eda de Hacienda y Cr\u00e9dito P\u00fablico, Arturo Herrera, pero \u00e9ste \u201cmand\u00f3 una Secretaria T\u00e9cnica\u201d y subray\u00f3 que \u201cen vez de haber avanzado lo que supuestamente se avanz\u00f3 ayer hoy se vio m\u00e1s d\u00e9bil la reuni\u00f3n en cuanto a la atenci\u00f3n\u201d.<\/p>\n<p style=\"text-align: justify;\">Refiri\u00f3 que los bloqueos ser\u00e1n permanentes, aunque \u201cno hubi\u00e9ramos querido que llegara\u201d, pero ante la falta de atenci\u00f3n \u201cno podemos estar jugando, es como decir que estamos de acuerdo en lo que est\u00e1n haciendo con nosotros\u201d.<\/p>\n<p style=\"text-align: justify;\">\u201cDimos el tiempo suficiente, si quieren atender que hagan la declaraci\u00f3n p\u00fablicamente, ya no vamos a venir, hemos estado viniendo desde principios de a\u00f1o, llevamos f\u00e1cil m\u00e1s de 30 reuniones, entonces ya venir a buscarlos, ya no\u201d, afirm\u00f3.<\/p>\n<p style=\"text-align: justify;\">Agreg\u00f3\u00a0que cuentan con la gente suficiente para la realizaci\u00f3n de los bloqueos carreteros, \u201cy una vez que empiece esto hay mucha gente que a lo mejor no han visto o creen que no se hace, pero hay mucha gente que a \u00faltima hora se est\u00e1 sumando\u201d.<\/p>\n","protected":false},"excerpt":{"rendered":"<p>M\u00e9xico.- Productores de diversas partes del pa\u00eds acordaron realizar bloqueos carreteros a partir de las 8:00 horas del mi\u00e9rcoles, ante lo que consideraron \u201cpocas ganas\u201d del Gobierno Federal por atender su petici\u00f3n de que se libere el presupuesto aprobado por el Congreso de la Uni\u00f3n para este sector. El presidente del Comit\u00e9 Sistema Producto de [&hellip;]<\/p>\n","protected":false},"author":2,"featured_media":34416,"comment_status":"open","ping_status":"closed","sticky":false,"template":"","format":"standard","meta":{"footnotes":""},"categories":[30],"tags":[],"class_list":["post-34415","post","type-post","status-publish","format-standard","has-post-thumbnail","hentry","category-nacional"],"yoast_head":"<!-- This site is optimized with the Yoast SEO plugin v27.4 - https:\/\/yoast.com\/product\/yoast-seo-wordpress\/ -->\n<title>Productores anuncian bloqueos carreteros desde este mi\u00e9rcoles - Canal 7 SLP - 2019<\/title>\n<meta name=\"robots\" content=\"index, follow, max-snippet:-1, max-image-preview:large, max-video-preview:-1\" \/>\n<link rel=\"canonical\" href=\"https:\/\/canal7slp.tv\/2019\/productores-anuncian-bloqueos-carreteros-desde-este-miercoles\/\" \/>\n<meta property=\"og:locale\" content=\"es_ES\" \/>\n<meta property=\"og:type\" content=\"article\" \/>\n<meta property=\"og:title\" content=\"Productores anuncian bloqueos carreteros desde este mi\u00e9rcoles - Canal 7 SLP - 2019\" \/>\n<meta property=\"og:description\" content=\"M\u00e9xico.- Productores de diversas partes del pa\u00eds acordaron realizar bloqueos carreteros a partir de las 8:00 horas del mi\u00e9rcoles, ante lo que consideraron \u201cpocas ganas\u201d del Gobierno Federal por atender su petici\u00f3n de que se libere el presupuesto aprobado por el Congreso de la Uni\u00f3n para este sector. El presidente del Comit\u00e9 Sistema Producto de [&hellip;]\" \/>\n<meta property=\"og:url\" content=\"https:\/\/canal7slp.tv\/2019\/productores-anuncian-bloqueos-carreteros-desde-este-miercoles\/\" \/>\n<meta property=\"og:site_name\" content=\"Canal 7 SLP - 2019\" \/>\n<meta property=\"article:publisher\" content=\"https:\/\/www.facebook.com\/CANAL7SLP\/\" \/>\n<meta property=\"article:published_time\" content=\"2019-07-17T00:57:51+00:00\" \/>\n<meta property=\"og:image\" content=\"https:\/\/canal7slp.tv\/2019\/wp-content\/uploads\/2019\/07\/04-14.jpg\" \/>\n\t<meta property=\"og:image:width\" content=\"554\" \/>\n\t<meta property=\"og:image:height\" content=\"410\" \/>\n\t<meta property=\"og:image:type\" content=\"image\/jpeg\" \/>\n<meta name=\"author\" content=\"edicionweb\" \/>\n<meta name=\"twitter:card\" content=\"summary_large_image\" \/>\n<meta name=\"twitter:creator\" content=\"@canal7_slp\" \/>\n<meta name=\"twitter:site\" content=\"@canal7_slp\" \/>\n<meta name=\"twitter:label1\" content=\"Escrito por\" \/>\n\t<meta name=\"twitter:data1\" content=\"edicionweb\" \/>\n\t<meta name=\"twitter:label2\" content=\"Tiempo de lectura\" \/>\n\t<meta name=\"twitter:data2\" content=\"2 minutos\" \/>\n<script type=\"application\/ld+json\" class=\"yoast-schema-graph\">{\"@context\":\"https:\\\/\\\/schema.org\",\"@graph\":[{\"@type\":\"Article\",\"@id\":\"https:\\\/\\\/canal7slp.tv\\\/2019\\\/productores-anuncian-bloqueos-carreteros-desde-este-miercoles\\\/#article\",\"isPartOf\":{\"@id\":\"https:\\\/\\\/canal7slp.tv\\\/2019\\\/productores-anuncian-bloqueos-carreteros-desde-este-miercoles\\\/\"},\"author\":{\"name\":\"edicionweb\",\"@id\":\"https:\\\/\\\/canal7slp.tv\\\/2019\\\/#\\\/schema\\\/person\\\/11d941c1c6ca30ac0a46b95fa37aa2e3\"},\"headline\":\"Productores anuncian bloqueos carreteros desde este mi\u00e9rcoles\",\"datePublished\":\"2019-07-17T00:57:51+00:00\",\"mainEntityOfPage\":{\"@id\":\"https:\\\/\\\/canal7slp.tv\\\/2019\\\/productores-anuncian-bloqueos-carreteros-desde-este-miercoles\\\/\"},\"wordCount\":492,\"commentCount\":0,\"publisher\":{\"@id\":\"https:\\\/\\\/canal7slp.tv\\\/2019\\\/#organization\"},\"image\":{\"@id\":\"https:\\\/\\\/canal7slp.tv\\\/2019\\\/productores-anuncian-bloqueos-carreteros-desde-este-miercoles\\\/#primaryimage\"},\"thumbnailUrl\":\"https:\\\/\\\/canal7slp.tv\\\/2019\\\/wp-content\\\/uploads\\\/2019\\\/07\\\/04-14.jpg\",\"articleSection\":[\"NACIONAL\"],\"inLanguage\":\"es\",\"potentialAction\":[{\"@type\":\"CommentAction\",\"name\":\"Comment\",\"target\":[\"https:\\\/\\\/canal7slp.tv\\\/2019\\\/productores-anuncian-bloqueos-carreteros-desde-este-miercoles\\\/#respond\"]}]},{\"@type\":\"WebPage\",\"@id\":\"https:\\\/\\\/canal7slp.tv\\\/2019\\\/productores-anuncian-bloqueos-carreteros-desde-este-miercoles\\\/\",\"url\":\"https:\\\/\\\/canal7slp.tv\\\/2019\\\/productores-anuncian-bloqueos-carreteros-desde-este-miercoles\\\/\",\"name\":\"Productores anuncian bloqueos carreteros desde este mi\u00e9rcoles - Canal 7 SLP - 2019\",\"isPartOf\":{\"@id\":\"https:\\\/\\\/canal7slp.tv\\\/2019\\\/#website\"},\"primaryImageOfPage\":{\"@id\":\"https:\\\/\\\/canal7slp.tv\\\/2019\\\/productores-anuncian-bloqueos-carreteros-desde-este-miercoles\\\/#primaryimage\"},\"image\":{\"@id\":\"https:\\\/\\\/canal7slp.tv\\\/2019\\\/productores-anuncian-bloqueos-carreteros-desde-este-miercoles\\\/#primaryimage\"},\"thumbnailUrl\":\"https:\\\/\\\/canal7slp.tv\\\/2019\\\/wp-content\\\/uploads\\\/2019\\\/07\\\/04-14.jpg\",\"datePublished\":\"2019-07-17T00:57:51+00:00\",\"breadcrumb\":{\"@id\":\"https:\\\/\\\/canal7slp.tv\\\/2019\\\/productores-anuncian-bloqueos-carreteros-desde-este-miercoles\\\/#breadcrumb\"},\"inLanguage\":\"es\",\"potentialAction\":[{\"@type\":\"ReadAction\",\"target\":[\"https:\\\/\\\/canal7slp.tv\\\/2019\\\/productores-anuncian-bloqueos-carreteros-desde-este-miercoles\\\/\"]}]},{\"@type\":\"ImageObject\",\"inLanguage\":\"es\",\"@id\":\"https:\\\/\\\/canal7slp.tv\\\/2019\\\/productores-anuncian-bloqueos-carreteros-desde-este-miercoles\\\/#primaryimage\",\"url\":\"https:\\\/\\\/canal7slp.tv\\\/2019\\\/wp-content\\\/uploads\\\/2019\\\/07\\\/04-14.jpg\",\"contentUrl\":\"https:\\\/\\\/canal7slp.tv\\\/2019\\\/wp-content\\\/uploads\\\/2019\\\/07\\\/04-14.jpg\",\"width\":554,\"height\":410},{\"@type\":\"BreadcrumbList\",\"@id\":\"https:\\\/\\\/canal7slp.tv\\\/2019\\\/productores-anuncian-bloqueos-carreteros-desde-este-miercoles\\\/#breadcrumb\",\"itemListElement\":[{\"@type\":\"ListItem\",\"position\":1,\"name\":\"Home\",\"item\":\"https:\\\/\\\/canal7slp.tv\\\/2019\\\/\"},{\"@type\":\"ListItem\",\"position\":2,\"name\":\"Productores anuncian bloqueos carreteros desde este mi\u00e9rcoles\"}]},{\"@type\":\"WebSite\",\"@id\":\"https:\\\/\\\/canal7slp.tv\\\/2019\\\/#website\",\"url\":\"https:\\\/\\\/canal7slp.tv\\\/2019\\\/\",\"name\":\"Canal 7 SLP - Somos TV\",\"description\":\"Somos un Canal de 10\",\"publisher\":{\"@id\":\"https:\\\/\\\/canal7slp.tv\\\/2019\\\/#organization\"},\"potentialAction\":[{\"@type\":\"SearchAction\",\"target\":{\"@type\":\"EntryPoint\",\"urlTemplate\":\"https:\\\/\\\/canal7slp.tv\\\/2019\\\/?s={search_term_string}\"},\"query-input\":{\"@type\":\"PropertyValueSpecification\",\"valueRequired\":true,\"valueName\":\"search_term_string\"}}],\"inLanguage\":\"es\"},{\"@type\":\"Organization\",\"@id\":\"https:\\\/\\\/canal7slp.tv\\\/2019\\\/#organization\",\"name\":\"Comunicaci\u00f3n 2000 S.A. de C.V.\",\"url\":\"https:\\\/\\\/canal7slp.tv\\\/2019\\\/\",\"logo\":{\"@type\":\"ImageObject\",\"inLanguage\":\"es\",\"@id\":\"https:\\\/\\\/canal7slp.tv\\\/2019\\\/#\\\/schema\\\/logo\\\/image\\\/\",\"url\":\"https:\\\/\\\/canal7slp.tv\\\/2019\\\/wp-content\\\/uploads\\\/2019\\\/07\\\/logo-c7.png\",\"contentUrl\":\"https:\\\/\\\/canal7slp.tv\\\/2019\\\/wp-content\\\/uploads\\\/2019\\\/07\\\/logo-c7.png\",\"width\":220,\"height\":60,\"caption\":\"Comunicaci\u00f3n 2000 S.A. de C.V.\"},\"image\":{\"@id\":\"https:\\\/\\\/canal7slp.tv\\\/2019\\\/#\\\/schema\\\/logo\\\/image\\\/\"},\"sameAs\":[\"https:\\\/\\\/www.facebook.com\\\/CANAL7SLP\\\/\",\"https:\\\/\\\/x.com\\\/canal7_slp\",\"https:\\\/\\\/www.instagram.com\\\/canal7_slp\",\"https:\\\/\\\/www.youtube.com\\\/user\\\/NOTICIEROSCANAL7SLP\\\/\"]},{\"@type\":\"Person\",\"@id\":\"https:\\\/\\\/canal7slp.tv\\\/2019\\\/#\\\/schema\\\/person\\\/11d941c1c6ca30ac0a46b95fa37aa2e3\",\"name\":\"edicionweb\",\"image\":{\"@type\":\"ImageObject\",\"inLanguage\":\"es\",\"@id\":\"https:\\\/\\\/secure.gravatar.com\\\/avatar\\\/eee448fc3f7164808013b816ba91ac7e43bbe82a70bebac296f8bc6f0addaa1a?s=96&d=mm&r=g\",\"url\":\"https:\\\/\\\/secure.gravatar.com\\\/avatar\\\/eee448fc3f7164808013b816ba91ac7e43bbe82a70bebac296f8bc6f0addaa1a?s=96&d=mm&r=g\",\"contentUrl\":\"https:\\\/\\\/secure.gravatar.com\\\/avatar\\\/eee448fc3f7164808013b816ba91ac7e43bbe82a70bebac296f8bc6f0addaa1a?s=96&d=mm&r=g\",\"caption\":\"edicionweb\"}}]}<\/script>\n<!-- \/ Yoast SEO plugin. -->","yoast_head_json":{"title":"Productores anuncian bloqueos carreteros desde este mi\u00e9rcoles - Canal 7 SLP - 2019","robots":{"index":"index","follow":"follow","max-snippet":"max-snippet:-1","max-image-preview":"max-image-preview:large","max-video-preview":"max-video-preview:-1"},"canonical":"https:\/\/canal7slp.tv\/2019\/productores-anuncian-bloqueos-carreteros-desde-este-miercoles\/","og_locale":"es_ES","og_type":"article","og_title":"Productores anuncian bloqueos carreteros desde este mi\u00e9rcoles - Canal 7 SLP - 2019","og_description":"M\u00e9xico.- Productores de diversas partes del pa\u00eds acordaron realizar bloqueos carreteros a partir de las 8:00 horas del mi\u00e9rcoles, ante lo que consideraron \u201cpocas ganas\u201d del Gobierno Federal por atender su petici\u00f3n de que se libere el presupuesto aprobado por el Congreso de la Uni\u00f3n para este sector. El presidente del Comit\u00e9 Sistema Producto de [&hellip;]","og_url":"https:\/\/canal7slp.tv\/2019\/productores-anuncian-bloqueos-carreteros-desde-este-miercoles\/","og_site_name":"Canal 7 SLP - 2019","article_publisher":"https:\/\/www.facebook.com\/CANAL7SLP\/","article_published_time":"2019-07-17T00:57:51+00:00","og_image":[{"width":554,"height":410,"url":"https:\/\/canal7slp.tv\/2019\/wp-content\/uploads\/2019\/07\/04-14.jpg","type":"image\/jpeg"}],"author":"edicionweb","twitter_card":"summary_large_image","twitter_creator":"@canal7_slp","twitter_site":"@canal7_slp","twitter_misc":{"Escrito por":"edicionweb","Tiempo de lectura":"2 minutos"},"schema":{"@context":"https:\/\/schema.org","@graph":[{"@type":"Article","@id":"https:\/\/canal7slp.tv\/2019\/productores-anuncian-bloqueos-carreteros-desde-este-miercoles\/#article","isPartOf":{"@id":"https:\/\/canal7slp.tv\/2019\/productores-anuncian-bloqueos-carreteros-desde-este-miercoles\/"},"author":{"name":"edicionweb","@id":"https:\/\/canal7slp.tv\/2019\/#\/schema\/person\/11d941c1c6ca30ac0a46b95fa37aa2e3"},"headline":"Productores anuncian bloqueos carreteros desde este mi\u00e9rcoles","datePublished":"2019-07-17T00:57:51+00:00","mainEntityOfPage":{"@id":"https:\/\/canal7slp.tv\/2019\/productores-anuncian-bloqueos-carreteros-desde-este-miercoles\/"},"wordCount":492,"commentCount":0,"publisher":{"@id":"https:\/\/canal7slp.tv\/2019\/#organization"},"image":{"@id":"https:\/\/canal7slp.tv\/2019\/productores-anuncian-bloqueos-carreteros-desde-este-miercoles\/#primaryimage"},"thumbnailUrl":"https:\/\/canal7slp.tv\/2019\/wp-content\/uploads\/2019\/07\/04-14.jpg","articleSection":["NACIONAL"],"inLanguage":"es","potentialAction":[{"@type":"CommentAction","name":"Comment","target":["https:\/\/canal7slp.tv\/2019\/productores-anuncian-bloqueos-carreteros-desde-este-miercoles\/#respond"]}]},{"@type":"WebPage","@id":"https:\/\/canal7slp.tv\/2019\/productores-anuncian-bloqueos-carreteros-desde-este-miercoles\/","url":"https:\/\/canal7slp.tv\/2019\/productores-anuncian-bloqueos-carreteros-desde-este-miercoles\/","name":"Productores anuncian bloqueos carreteros desde este mi\u00e9rcoles - Canal 7 SLP - 2019","isPartOf":{"@id":"https:\/\/canal7slp.tv\/2019\/#website"},"primaryImageOfPage":{"@id":"https:\/\/canal7slp.tv\/2019\/productores-anuncian-bloqueos-carreteros-desde-este-miercoles\/#primaryimage"},"image":{"@id":"https:\/\/canal7slp.tv\/2019\/productores-anuncian-bloqueos-carreteros-desde-este-miercoles\/#primaryimage"},"thumbnailUrl":"https:\/\/canal7slp.tv\/2019\/wp-content\/uploads\/2019\/07\/04-14.jpg","datePublished":"2019-07-17T00:57:51+00:00","breadcrumb":{"@id":"https:\/\/canal7slp.tv\/2019\/productores-anuncian-bloqueos-carreteros-desde-este-miercoles\/#breadcrumb"},"inLanguage":"es","potentialAction":[{"@type":"ReadAction","target":["https:\/\/canal7slp.tv\/2019\/productores-anuncian-bloqueos-carreteros-desde-este-miercoles\/"]}]},{"@type":"ImageObject","inLanguage":"es","@id":"https:\/\/canal7slp.tv\/2019\/productores-anuncian-bloqueos-carreteros-desde-este-miercoles\/#primaryimage","url":"https:\/\/canal7slp.tv\/2019\/wp-content\/uploads\/2019\/07\/04-14.jpg","contentUrl":"https:\/\/canal7slp.tv\/2019\/wp-content\/uploads\/2019\/07\/04-14.jpg","width":554,"height":410},{"@type":"BreadcrumbList","@id":"https:\/\/canal7slp.tv\/2019\/productores-anuncian-bloqueos-carreteros-desde-este-miercoles\/#breadcrumb","itemListElement":[{"@type":"ListItem","position":1,"name":"Home","item":"https:\/\/canal7slp.tv\/2019\/"},{"@type":"ListItem","position":2,"name":"Productores anuncian bloqueos carreteros desde este mi\u00e9rcoles"}]},{"@type":"WebSite","@id":"https:\/\/canal7slp.tv\/2019\/#website","url":"https:\/\/canal7slp.tv\/2019\/","name":"Canal 7 SLP - Somos TV","description":"Somos un Canal de 10","publisher":{"@id":"https:\/\/canal7slp.tv\/2019\/#organization"},"potentialAction":[{"@type":"SearchAction","target":{"@type":"EntryPoint","urlTemplate":"https:\/\/canal7slp.tv\/2019\/?s={search_term_string}"},"query-input":{"@type":"PropertyValueSpecification","valueRequired":true,"valueName":"search_term_string"}}],"inLanguage":"es"},{"@type":"Organization","@id":"https:\/\/canal7slp.tv\/2019\/#organization","name":"Comunicaci\u00f3n 2000 S.A. de C.V.","url":"https:\/\/canal7slp.tv\/2019\/","logo":{"@type":"ImageObject","inLanguage":"es","@id":"https:\/\/canal7slp.tv\/2019\/#\/schema\/logo\/image\/","url":"https:\/\/canal7slp.tv\/2019\/wp-content\/uploads\/2019\/07\/logo-c7.png","contentUrl":"https:\/\/canal7slp.tv\/2019\/wp-content\/uploads\/2019\/07\/logo-c7.png","width":220,"height":60,"caption":"Comunicaci\u00f3n 2000 S.A. de C.V."},"image":{"@id":"https:\/\/canal7slp.tv\/2019\/#\/schema\/logo\/image\/"},"sameAs":["https:\/\/www.facebook.com\/CANAL7SLP\/","https:\/\/x.com\/canal7_slp","https:\/\/www.instagram.com\/canal7_slp","https:\/\/www.youtube.com\/user\/NOTICIEROSCANAL7SLP\/"]},{"@type":"Person","@id":"https:\/\/canal7slp.tv\/2019\/#\/schema\/person\/11d941c1c6ca30ac0a46b95fa37aa2e3","name":"edicionweb","image":{"@type":"ImageObject","inLanguage":"es","@id":"https:\/\/secure.gravatar.com\/avatar\/eee448fc3f7164808013b816ba91ac7e43bbe82a70bebac296f8bc6f0addaa1a?s=96&d=mm&r=g","url":"https:\/\/secure.gravatar.com\/avatar\/eee448fc3f7164808013b816ba91ac7e43bbe82a70bebac296f8bc6f0addaa1a?s=96&d=mm&r=g","contentUrl":"https:\/\/secure.gravatar.com\/avatar\/eee448fc3f7164808013b816ba91ac7e43bbe82a70bebac296f8bc6f0addaa1a?s=96&d=mm&r=g","caption":"edicionweb"}}]}},"amp_enabled":true,"cmb2":{"video_ids_in_playlist":{"vid_p_videos":""},"video_ids_in_channel":{"vid_c_videos":""},"playlist_ids_in_channel":{"vid_c_playlists":""},"series_ids_in_channel":{"vid_c_series":""},"channel_images":{"vid_c_logo":"","vid_c_banner":""},"poster_feature_image":{"vid_m_poster_image":""},"gif_feature_image":{"vid_m_gif_image":""},"video_movie_settings":{"vid_m_director":"","vid_m_actor":"","vid_m_imdb_ratings":"","vid_m_amazon_associates":""},"vid_youtube_broadcasts_settings":{"vid_yb_broadcast_title":"","vid_yb_q":"","vid_yb_channelid":"","vid_yb_videocategoryid":"","vid_yb_maxresults":"","vid_yb_order":"","vid_yb_regioncode":"","vid_yb_videosyndicated":"","vid_yb_style":"","vid_yb_reload_first":""},"video_series_settings":{"vid_m_director":"","vid_m_actor":"","vid_m_imdb_ratings":"","video_series_group":""},"amazon_associates_settings":{"amazon_associates":"","amazon_native_ad":""},"vid_youtube_automatic_settings":{"vid_ya_youtube_source":"","vid_ya_update_every":"","vid_ya_update_unit":"","vid_ya_categories":"","vid_ya_published_after":"","vid_ya_published_before":"","vid_ya_playlists":"","vid_ya_channels":"","vid_ya_director":"","vid_ya_actor":"","vid_ya_author":"","vid_ya_import_post_date":"","vid_ya_status":"","vid_ya_sub_api_key":""},"vid_ads_m_videoads_settings_post":{"vid_ads_m_video_ads":"","vid_ads_m_video_ads_type":"","vid_ads_m_group_google_ima":"","vid_ads_m_group_image":"","vid_ads_m_group_html5_video":"","vid_ads_m_group_html":"","vid_ads_m_vast_preroll":"","vid_ads_m_vast_postroll":"","vid_ads_m_vast_pauseroll":"","vid_ads_m_vast_midroll":[{"vid_ads_m_vast_timer_seconds":"50"}],"vid_ads_m_time_to_show_ads":"","vid_ads_m_time_skip_ads":"","vid_ads_m_time_to_hide_ads":""},"page_slider_settings":{"display_slider_group":"","page_slider_group":""},"blog_page_settings":{"blog_page_title":"","blog_page_heading":"","blog_page_ic":"","blog_page_it":"","blog_page_ec":"","blog_page_ip":"","archive_loop_style":"","blog_image_ratio":"","blog_show_categories":"","blog_show_excerpt":"","blog_show_author":"","blog_show_date":"","blog_show_comment_count":"","blog_show_view_count":"","blog_show_like_count":"","blog_show_dislike_count":"","blog_items_per_page":"","blog_pag_type":""},"page_options":{"get_page_template":"","color_mode":"","main_layout":"","main_layout_full_with":"","main_logo":"","main_logo_retina":"","main_logo_mobile":"","main_logo_mobile_retina":"","sticky_logo":"","sticky_logo_retina":"","main_nav_layout":"","ajax_search":"","header_background":"","theme_sidebar":"","instagram_feed":"","instagram_feed_position":"","popular_videos":"","popular_videos_title_1":"","popular_videos_title_2":"","popular_videos_ic":"","popular_videos_it":"","theme_background":"","page_custom_css":""},"feature_image_settings":{"feature_image_position":""},"video_player_settings":{"single_video_style":"","video_player_position":"","vm_video_url":"","video_player_library":"","video_streaming":"","vm_media_sources":"","vid_auto_play":"","vm_video_shortcode":"","vid_p_sync_playlist":"","vid_c_sync_channel":"","get_post_format":"","multiple_links_structure":"default","multi_links_title":"","vm_video_multi_links":"","vm_duration":"","vid_social_locker":"off","vid_social_locker_id":"","vid_membership_action":"content-video","vm_video_trailer_url":"","vid_download_type":"free","vid_download_target":"download","vid_woo_product":"","vm_media_download":"","user_rating":"","user_rating_position":"","user_rating_mode":"","user_rating_multi_sets":""},"video_auto_fetch_settings":{"vm_video_fetch":"on"},"video_fake_views_likes":{"vm_fake_views":"","vm_fake_likes":"","vm_fake_dislikes":""},"gallery_settings":{"gallery_position":""},"quote_settings":{"quote_position":""},"post_options":{"main_layout":"","main_logo":"","main_logo_retina":"","main_logo_mobile":"","main_logo_mobile_retina":"","sticky_logo":"","sticky_logo_retina":"","main_nav_layout":"","header_background":"","theme_sidebar":"","single_post_comment_type":"","theme_background":""}},"_links":{"self":[{"href":"https:\/\/canal7slp.tv\/2019\/wp-json\/wp\/v2\/posts\/34415","targetHints":{"allow":["GET"]}}],"collection":[{"href":"https:\/\/canal7slp.tv\/2019\/wp-json\/wp\/v2\/posts"}],"about":[{"href":"https:\/\/canal7slp.tv\/2019\/wp-json\/wp\/v2\/types\/post"}],"author":[{"embeddable":true,"href":"https:\/\/canal7slp.tv\/2019\/wp-json\/wp\/v2\/users\/2"}],"replies":[{"embeddable":true,"href":"https:\/\/canal7slp.tv\/2019\/wp-json\/wp\/v2\/comments?post=34415"}],"version-history":[{"count":0,"href":"https:\/\/canal7slp.tv\/2019\/wp-json\/wp\/v2\/posts\/34415\/revisions"}],"wp:featuredmedia":[{"embeddable":true,"href":"https:\/\/canal7slp.tv\/2019\/wp-json\/wp\/v2\/media\/34416"}],"wp:attachment":[{"href":"https:\/\/canal7slp.tv\/2019\/wp-json\/wp\/v2\/media?parent=34415"}],"wp:term":[{"taxonomy":"category","embeddable":true,"href":"https:\/\/canal7slp.tv\/2019\/wp-json\/wp\/v2\/categories?post=34415"},{"taxonomy":"post_tag","embeddable":true,"href":"https:\/\/canal7slp.tv\/2019\/wp-json\/wp\/v2\/tags?post=34415"}],"curies":[{"name":"wp","href":"https:\/\/api.w.org\/{rel}","templated":true}]}}