{"id":34412,"date":"2019-07-16T19:55:18","date_gmt":"2019-07-17T00:55:18","guid":{"rendered":"https:\/\/canal7slp.tv\/2019\/?p=34412"},"modified":"2019-07-16T19:55:18","modified_gmt":"2019-07-17T00:55:18","slug":"titular-de-onu-admite-que-se-pierde-la-carrera-contra-cambio-climatico","status":"publish","type":"post","link":"https:\/\/canal7slp.tv\/2019\/titular-de-onu-admite-que-se-pierde-la-carrera-contra-cambio-climatico\/","title":{"rendered":"Titular de ONU admite que se pierde la carrera contra cambio clim\u00e1tico"},"content":{"rendered":"<p style=\"text-align: justify;\">Naciones Unidas.- El titular de Naciones Unidas, Antonio Gut\u00e9rres, dijo hoy, en el marco de la Conferencia Internacional sobre Poblaci\u00f3n y Desarrollo en la sede del organismo, que \u201cseguimos perdiendo la carrera contra el cambio clim\u00e1tico\u201d, aun cuando el crecimiento de la poblaci\u00f3n es una muestra de los logros humanos.<\/p>\n<p style=\"text-align: justify;\">El Secretario General de la ONU llam\u00f3 sin embargo a seguir trabajando seg\u00fan las pautas del Programa de Acci\u00f3n de El Cairo, vigentes desde hace un cuarto de siglo, y donde se acordaron una serie de acciones para frenar la desigualdad, la degradaci\u00f3n ambiental, y promover la equidad de g\u00e9nero y el acceso a la salud sexual y reproductiva.<\/p>\n<p style=\"text-align: justify;\">Todos estos temas siguen siendo fundamentales en la Agenda 2030 para el Desarrollo Sostenible, adoptada dos d\u00e9cadas despu\u00e9s, apunt\u00f3 Gut\u00e9rres en un discurso difundido por Noticias Onu.<\/p>\n<p style=\"text-align: justify;\">\u201cEse es el legado imperecedero de El Cairo\u201d, subray\u00f3 durante el evento de aniversario de la Conferencia Internacional sobre Poblaci\u00f3n y Desarrollo, celebrado este martes en la sede de las Naciones Unidas en Nueva York.<\/p>\n<p style=\"text-align: justify;\">\u201cUno de los logros m\u00e1s importantes fue vincular a la poblaci\u00f3n con los derechos humanos, el crecimiento econ\u00f3mico sostenido y el desarrollo sostenible y abordar todos estos aspecto de una manera hol\u00edstica y coherente\u201d, apunt\u00f3.<\/p>\n<p style=\"text-align: justify;\">Agreg\u00f3 que el crecimiento de la poblaci\u00f3n es una muestra de los logros de la humanidad porque significa que la gente vive m\u00e1s tiempo y que goza de buena salud, aunque esto haya contribuido a incrementar la producci\u00f3n y el consumo globales.<\/p>\n<p style=\"text-align: justify;\">\u201cEsta es una raz\u00f3n m\u00e1s para ajustar nuestros h\u00e1bitos de producci\u00f3n y consumo para evitar consecuencias m\u00e1s graves en la vida y los medios de vida de la gente, sobre todo de la m\u00e1s vulnerable. Debemos recordar que seguimos perdiendo la carrera contra el cambio clim\u00e1tico\u201d, reconoci\u00f3 Gut\u00e9rres.<\/p>\n<p style=\"text-align: justify;\">\u201cEn todas partes, los pa\u00edses encaran el desaf\u00edo del envejecimiento de la poblaci\u00f3n y necesitan promover una vejez m\u00e1s saludable y activa, adem\u00e1s de brindarle protecci\u00f3n social adecuada\u201d, consider\u00f3.<\/p>\n<p style=\"text-align: justify;\">La conferencia de El Cairo tambi\u00e9n reflexion\u00f3 sobre la urbanizaci\u00f3n y hoy sabemos que el desarrollo sostenible y el cambio clim\u00e1tico depender\u00e1n cada vez m\u00e1s de la administraci\u00f3n exitosa del crecimiento urbano, dijo.<\/p>\n<p style=\"text-align: justify;\">El titular de la ONU record\u00f3 que el Plan de Acci\u00f3n de El Cairo reconoci\u00f3 que la promoci\u00f3n de los derechos de las mujeres y las ni\u00f1as es clave para garantizar el bienestar de los individuos, las familias y las naciones. Y list\u00f3 la igualdad de g\u00e9nero como requisito para el desarrollo sostenible e incluyente. Tambi\u00e9n afirm\u00f3 la salud sexual y reproductiva como un derecho humano.<\/p>\n<p style=\"text-align: justify;\">Guterres se\u00f1al\u00f3 que si bien se han registrado avances importantes desde entonces en materia de equidad de g\u00e9nero y promoci\u00f3n de los derechos de las mujeres, y se han reducido casi a la mitad la mortalidad materna e infantil, todav\u00eda hay muchas mujeres y ni\u00f1as que afrontan dificultades enormes referentes a su salud, bienestar y derechos humanos.<\/p>\n<p style=\"text-align: justify;\">\u201cLa violencia contra las mujeres y ni\u00f1as afecta a una de cada tres mujeres en el mundo. En algunos lugares y en situaciones de conflicto o emergencias, esta cifra es a\u00fan m\u00e1s alta. Unos 650 millones de mujeres se casaron siendo ni\u00f1as y todos los d\u00edas mueren 500 mujeres y ni\u00f1as durante el embarazo o el parto\u201d, apunt\u00f3.<\/p>\n<p style=\"text-align: justify;\">Hizo ver que es patente \u201cun retroceso en los derechos de las mujeres, incluyendo en sus derechos reproductivos y en los servicios vitales de salud.\u201d<\/p>\n<p style=\"text-align: justify;\">Asever\u00f3 que el ejercicio de estos derechos es esencial para responder a las tendencias demogr\u00e1ficas que podr\u00edan socavar el avance hacia un desarrollo sostenible, equitativo e inclusivo para todos.<\/p>\n<p style=\"text-align: justify;\">\u201cLa juventud tambi\u00e9n es crucial para la implementaci\u00f3n del Plan de Acci\u00f3n de El Cairo. Los j\u00f3venes no s\u00f3lo son beneficiarios, sino agentes de cambio poderosos que pueden tomar sus propias decisiones y exigir las medidas necesarias para resolver los retos de hoy\u201d, dijo.<\/p>\n","protected":false},"excerpt":{"rendered":"<p>Naciones Unidas.- El titular de Naciones Unidas, Antonio Gut\u00e9rres, dijo hoy, en el marco de la Conferencia Internacional sobre Poblaci\u00f3n y Desarrollo en la sede del organismo, que \u201cseguimos perdiendo la carrera contra el cambio clim\u00e1tico\u201d, aun cuando el crecimiento de la poblaci\u00f3n es una muestra de los logros humanos. El Secretario General de la [&hellip;]<\/p>\n","protected":false},"author":2,"featured_media":34413,"comment_status":"open","ping_status":"closed","sticky":false,"template":"","format":"standard","meta":{"footnotes":""},"categories":[18],"tags":[],"class_list":["post-34412","post","type-post","status-publish","format-standard","has-post-thumbnail","hentry","category-internacional"],"yoast_head":"<!-- This site is optimized with the Yoast SEO plugin v27.4 - https:\/\/yoast.com\/product\/yoast-seo-wordpress\/ -->\n<title>Titular de ONU admite que se pierde la carrera contra cambio clim\u00e1tico - Canal 7 SLP - 2019<\/title>\n<meta name=\"robots\" content=\"index, follow, max-snippet:-1, max-image-preview:large, max-video-preview:-1\" \/>\n<link rel=\"canonical\" href=\"https:\/\/canal7slp.tv\/2019\/titular-de-onu-admite-que-se-pierde-la-carrera-contra-cambio-climatico\/\" \/>\n<meta property=\"og:locale\" content=\"es_ES\" \/>\n<meta property=\"og:type\" content=\"article\" \/>\n<meta property=\"og:title\" content=\"Titular de ONU admite que se pierde la carrera contra cambio clim\u00e1tico - Canal 7 SLP - 2019\" \/>\n<meta property=\"og:description\" content=\"Naciones Unidas.- El titular de Naciones Unidas, Antonio Gut\u00e9rres, dijo hoy, en el marco de la Conferencia Internacional sobre Poblaci\u00f3n y Desarrollo en la sede del organismo, que \u201cseguimos perdiendo la carrera contra el cambio clim\u00e1tico\u201d, aun cuando el crecimiento de la poblaci\u00f3n es una muestra de los logros humanos. El Secretario General de la [&hellip;]\" \/>\n<meta property=\"og:url\" content=\"https:\/\/canal7slp.tv\/2019\/titular-de-onu-admite-que-se-pierde-la-carrera-contra-cambio-climatico\/\" \/>\n<meta property=\"og:site_name\" content=\"Canal 7 SLP - 2019\" \/>\n<meta property=\"article:publisher\" content=\"https:\/\/www.facebook.com\/CANAL7SLP\/\" \/>\n<meta property=\"article:published_time\" content=\"2019-07-17T00:55:18+00:00\" \/>\n<meta property=\"og:image\" content=\"https:\/\/canal7slp.tv\/2019\/wp-content\/uploads\/2019\/07\/03-17.jpg\" \/>\n\t<meta property=\"og:image:width\" content=\"554\" \/>\n\t<meta property=\"og:image:height\" content=\"410\" \/>\n\t<meta property=\"og:image:type\" content=\"image\/jpeg\" \/>\n<meta name=\"author\" content=\"edicionweb\" \/>\n<meta name=\"twitter:card\" content=\"summary_large_image\" \/>\n<meta name=\"twitter:creator\" content=\"@canal7_slp\" \/>\n<meta name=\"twitter:site\" content=\"@canal7_slp\" \/>\n<meta name=\"twitter:label1\" content=\"Escrito por\" \/>\n\t<meta name=\"twitter:data1\" content=\"edicionweb\" \/>\n\t<meta name=\"twitter:label2\" content=\"Tiempo de lectura\" \/>\n\t<meta name=\"twitter:data2\" content=\"3 minutos\" \/>\n<script type=\"application\/ld+json\" class=\"yoast-schema-graph\">{\"@context\":\"https:\\\/\\\/schema.org\",\"@graph\":[{\"@type\":\"Article\",\"@id\":\"https:\\\/\\\/canal7slp.tv\\\/2019\\\/titular-de-onu-admite-que-se-pierde-la-carrera-contra-cambio-climatico\\\/#article\",\"isPartOf\":{\"@id\":\"https:\\\/\\\/canal7slp.tv\\\/2019\\\/titular-de-onu-admite-que-se-pierde-la-carrera-contra-cambio-climatico\\\/\"},\"author\":{\"name\":\"edicionweb\",\"@id\":\"https:\\\/\\\/canal7slp.tv\\\/2019\\\/#\\\/schema\\\/person\\\/11d941c1c6ca30ac0a46b95fa37aa2e3\"},\"headline\":\"Titular de ONU admite que se pierde la carrera contra cambio clim\u00e1tico\",\"datePublished\":\"2019-07-17T00:55:18+00:00\",\"mainEntityOfPage\":{\"@id\":\"https:\\\/\\\/canal7slp.tv\\\/2019\\\/titular-de-onu-admite-que-se-pierde-la-carrera-contra-cambio-climatico\\\/\"},\"wordCount\":710,\"commentCount\":0,\"publisher\":{\"@id\":\"https:\\\/\\\/canal7slp.tv\\\/2019\\\/#organization\"},\"image\":{\"@id\":\"https:\\\/\\\/canal7slp.tv\\\/2019\\\/titular-de-onu-admite-que-se-pierde-la-carrera-contra-cambio-climatico\\\/#primaryimage\"},\"thumbnailUrl\":\"https:\\\/\\\/canal7slp.tv\\\/2019\\\/wp-content\\\/uploads\\\/2019\\\/07\\\/03-17.jpg\",\"articleSection\":[\"INTERNACIONAL\"],\"inLanguage\":\"es\",\"potentialAction\":[{\"@type\":\"CommentAction\",\"name\":\"Comment\",\"target\":[\"https:\\\/\\\/canal7slp.tv\\\/2019\\\/titular-de-onu-admite-que-se-pierde-la-carrera-contra-cambio-climatico\\\/#respond\"]}]},{\"@type\":\"WebPage\",\"@id\":\"https:\\\/\\\/canal7slp.tv\\\/2019\\\/titular-de-onu-admite-que-se-pierde-la-carrera-contra-cambio-climatico\\\/\",\"url\":\"https:\\\/\\\/canal7slp.tv\\\/2019\\\/titular-de-onu-admite-que-se-pierde-la-carrera-contra-cambio-climatico\\\/\",\"name\":\"Titular de ONU admite que se pierde la carrera contra cambio clim\u00e1tico - Canal 7 SLP - 2019\",\"isPartOf\":{\"@id\":\"https:\\\/\\\/canal7slp.tv\\\/2019\\\/#website\"},\"primaryImageOfPage\":{\"@id\":\"https:\\\/\\\/canal7slp.tv\\\/2019\\\/titular-de-onu-admite-que-se-pierde-la-carrera-contra-cambio-climatico\\\/#primaryimage\"},\"image\":{\"@id\":\"https:\\\/\\\/canal7slp.tv\\\/2019\\\/titular-de-onu-admite-que-se-pierde-la-carrera-contra-cambio-climatico\\\/#primaryimage\"},\"thumbnailUrl\":\"https:\\\/\\\/canal7slp.tv\\\/2019\\\/wp-content\\\/uploads\\\/2019\\\/07\\\/03-17.jpg\",\"datePublished\":\"2019-07-17T00:55:18+00:00\",\"breadcrumb\":{\"@id\":\"https:\\\/\\\/canal7slp.tv\\\/2019\\\/titular-de-onu-admite-que-se-pierde-la-carrera-contra-cambio-climatico\\\/#breadcrumb\"},\"inLanguage\":\"es\",\"potentialAction\":[{\"@type\":\"ReadAction\",\"target\":[\"https:\\\/\\\/canal7slp.tv\\\/2019\\\/titular-de-onu-admite-que-se-pierde-la-carrera-contra-cambio-climatico\\\/\"]}]},{\"@type\":\"ImageObject\",\"inLanguage\":\"es\",\"@id\":\"https:\\\/\\\/canal7slp.tv\\\/2019\\\/titular-de-onu-admite-que-se-pierde-la-carrera-contra-cambio-climatico\\\/#primaryimage\",\"url\":\"https:\\\/\\\/canal7slp.tv\\\/2019\\\/wp-content\\\/uploads\\\/2019\\\/07\\\/03-17.jpg\",\"contentUrl\":\"https:\\\/\\\/canal7slp.tv\\\/2019\\\/wp-content\\\/uploads\\\/2019\\\/07\\\/03-17.jpg\",\"width\":554,\"height\":410},{\"@type\":\"BreadcrumbList\",\"@id\":\"https:\\\/\\\/canal7slp.tv\\\/2019\\\/titular-de-onu-admite-que-se-pierde-la-carrera-contra-cambio-climatico\\\/#breadcrumb\",\"itemListElement\":[{\"@type\":\"ListItem\",\"position\":1,\"name\":\"Home\",\"item\":\"https:\\\/\\\/canal7slp.tv\\\/2019\\\/\"},{\"@type\":\"ListItem\",\"position\":2,\"name\":\"Titular de ONU admite que se pierde la carrera contra cambio clim\u00e1tico\"}]},{\"@type\":\"WebSite\",\"@id\":\"https:\\\/\\\/canal7slp.tv\\\/2019\\\/#website\",\"url\":\"https:\\\/\\\/canal7slp.tv\\\/2019\\\/\",\"name\":\"Canal 7 SLP - Somos TV\",\"description\":\"Somos un Canal de 10\",\"publisher\":{\"@id\":\"https:\\\/\\\/canal7slp.tv\\\/2019\\\/#organization\"},\"potentialAction\":[{\"@type\":\"SearchAction\",\"target\":{\"@type\":\"EntryPoint\",\"urlTemplate\":\"https:\\\/\\\/canal7slp.tv\\\/2019\\\/?s={search_term_string}\"},\"query-input\":{\"@type\":\"PropertyValueSpecification\",\"valueRequired\":true,\"valueName\":\"search_term_string\"}}],\"inLanguage\":\"es\"},{\"@type\":\"Organization\",\"@id\":\"https:\\\/\\\/canal7slp.tv\\\/2019\\\/#organization\",\"name\":\"Comunicaci\u00f3n 2000 S.A. de C.V.\",\"url\":\"https:\\\/\\\/canal7slp.tv\\\/2019\\\/\",\"logo\":{\"@type\":\"ImageObject\",\"inLanguage\":\"es\",\"@id\":\"https:\\\/\\\/canal7slp.tv\\\/2019\\\/#\\\/schema\\\/logo\\\/image\\\/\",\"url\":\"https:\\\/\\\/canal7slp.tv\\\/2019\\\/wp-content\\\/uploads\\\/2019\\\/07\\\/logo-c7.png\",\"contentUrl\":\"https:\\\/\\\/canal7slp.tv\\\/2019\\\/wp-content\\\/uploads\\\/2019\\\/07\\\/logo-c7.png\",\"width\":220,\"height\":60,\"caption\":\"Comunicaci\u00f3n 2000 S.A. de C.V.\"},\"image\":{\"@id\":\"https:\\\/\\\/canal7slp.tv\\\/2019\\\/#\\\/schema\\\/logo\\\/image\\\/\"},\"sameAs\":[\"https:\\\/\\\/www.facebook.com\\\/CANAL7SLP\\\/\",\"https:\\\/\\\/x.com\\\/canal7_slp\",\"https:\\\/\\\/www.instagram.com\\\/canal7_slp\",\"https:\\\/\\\/www.youtube.com\\\/user\\\/NOTICIEROSCANAL7SLP\\\/\"]},{\"@type\":\"Person\",\"@id\":\"https:\\\/\\\/canal7slp.tv\\\/2019\\\/#\\\/schema\\\/person\\\/11d941c1c6ca30ac0a46b95fa37aa2e3\",\"name\":\"edicionweb\",\"image\":{\"@type\":\"ImageObject\",\"inLanguage\":\"es\",\"@id\":\"https:\\\/\\\/secure.gravatar.com\\\/avatar\\\/eee448fc3f7164808013b816ba91ac7e43bbe82a70bebac296f8bc6f0addaa1a?s=96&d=mm&r=g\",\"url\":\"https:\\\/\\\/secure.gravatar.com\\\/avatar\\\/eee448fc3f7164808013b816ba91ac7e43bbe82a70bebac296f8bc6f0addaa1a?s=96&d=mm&r=g\",\"contentUrl\":\"https:\\\/\\\/secure.gravatar.com\\\/avatar\\\/eee448fc3f7164808013b816ba91ac7e43bbe82a70bebac296f8bc6f0addaa1a?s=96&d=mm&r=g\",\"caption\":\"edicionweb\"}}]}<\/script>\n<!-- \/ Yoast SEO plugin. -->","yoast_head_json":{"title":"Titular de ONU admite que se pierde la carrera contra cambio clim\u00e1tico - Canal 7 SLP - 2019","robots":{"index":"index","follow":"follow","max-snippet":"max-snippet:-1","max-image-preview":"max-image-preview:large","max-video-preview":"max-video-preview:-1"},"canonical":"https:\/\/canal7slp.tv\/2019\/titular-de-onu-admite-que-se-pierde-la-carrera-contra-cambio-climatico\/","og_locale":"es_ES","og_type":"article","og_title":"Titular de ONU admite que se pierde la carrera contra cambio clim\u00e1tico - Canal 7 SLP - 2019","og_description":"Naciones Unidas.- El titular de Naciones Unidas, Antonio Gut\u00e9rres, dijo hoy, en el marco de la Conferencia Internacional sobre Poblaci\u00f3n y Desarrollo en la sede del organismo, que \u201cseguimos perdiendo la carrera contra el cambio clim\u00e1tico\u201d, aun cuando el crecimiento de la poblaci\u00f3n es una muestra de los logros humanos. El Secretario General de la [&hellip;]","og_url":"https:\/\/canal7slp.tv\/2019\/titular-de-onu-admite-que-se-pierde-la-carrera-contra-cambio-climatico\/","og_site_name":"Canal 7 SLP - 2019","article_publisher":"https:\/\/www.facebook.com\/CANAL7SLP\/","article_published_time":"2019-07-17T00:55:18+00:00","og_image":[{"width":554,"height":410,"url":"https:\/\/canal7slp.tv\/2019\/wp-content\/uploads\/2019\/07\/03-17.jpg","type":"image\/jpeg"}],"author":"edicionweb","twitter_card":"summary_large_image","twitter_creator":"@canal7_slp","twitter_site":"@canal7_slp","twitter_misc":{"Escrito por":"edicionweb","Tiempo de lectura":"3 minutos"},"schema":{"@context":"https:\/\/schema.org","@graph":[{"@type":"Article","@id":"https:\/\/canal7slp.tv\/2019\/titular-de-onu-admite-que-se-pierde-la-carrera-contra-cambio-climatico\/#article","isPartOf":{"@id":"https:\/\/canal7slp.tv\/2019\/titular-de-onu-admite-que-se-pierde-la-carrera-contra-cambio-climatico\/"},"author":{"name":"edicionweb","@id":"https:\/\/canal7slp.tv\/2019\/#\/schema\/person\/11d941c1c6ca30ac0a46b95fa37aa2e3"},"headline":"Titular de ONU admite que se pierde la carrera contra cambio clim\u00e1tico","datePublished":"2019-07-17T00:55:18+00:00","mainEntityOfPage":{"@id":"https:\/\/canal7slp.tv\/2019\/titular-de-onu-admite-que-se-pierde-la-carrera-contra-cambio-climatico\/"},"wordCount":710,"commentCount":0,"publisher":{"@id":"https:\/\/canal7slp.tv\/2019\/#organization"},"image":{"@id":"https:\/\/canal7slp.tv\/2019\/titular-de-onu-admite-que-se-pierde-la-carrera-contra-cambio-climatico\/#primaryimage"},"thumbnailUrl":"https:\/\/canal7slp.tv\/2019\/wp-content\/uploads\/2019\/07\/03-17.jpg","articleSection":["INTERNACIONAL"],"inLanguage":"es","potentialAction":[{"@type":"CommentAction","name":"Comment","target":["https:\/\/canal7slp.tv\/2019\/titular-de-onu-admite-que-se-pierde-la-carrera-contra-cambio-climatico\/#respond"]}]},{"@type":"WebPage","@id":"https:\/\/canal7slp.tv\/2019\/titular-de-onu-admite-que-se-pierde-la-carrera-contra-cambio-climatico\/","url":"https:\/\/canal7slp.tv\/2019\/titular-de-onu-admite-que-se-pierde-la-carrera-contra-cambio-climatico\/","name":"Titular de ONU admite que se pierde la carrera contra cambio clim\u00e1tico - Canal 7 SLP - 2019","isPartOf":{"@id":"https:\/\/canal7slp.tv\/2019\/#website"},"primaryImageOfPage":{"@id":"https:\/\/canal7slp.tv\/2019\/titular-de-onu-admite-que-se-pierde-la-carrera-contra-cambio-climatico\/#primaryimage"},"image":{"@id":"https:\/\/canal7slp.tv\/2019\/titular-de-onu-admite-que-se-pierde-la-carrera-contra-cambio-climatico\/#primaryimage"},"thumbnailUrl":"https:\/\/canal7slp.tv\/2019\/wp-content\/uploads\/2019\/07\/03-17.jpg","datePublished":"2019-07-17T00:55:18+00:00","breadcrumb":{"@id":"https:\/\/canal7slp.tv\/2019\/titular-de-onu-admite-que-se-pierde-la-carrera-contra-cambio-climatico\/#breadcrumb"},"inLanguage":"es","potentialAction":[{"@type":"ReadAction","target":["https:\/\/canal7slp.tv\/2019\/titular-de-onu-admite-que-se-pierde-la-carrera-contra-cambio-climatico\/"]}]},{"@type":"ImageObject","inLanguage":"es","@id":"https:\/\/canal7slp.tv\/2019\/titular-de-onu-admite-que-se-pierde-la-carrera-contra-cambio-climatico\/#primaryimage","url":"https:\/\/canal7slp.tv\/2019\/wp-content\/uploads\/2019\/07\/03-17.jpg","contentUrl":"https:\/\/canal7slp.tv\/2019\/wp-content\/uploads\/2019\/07\/03-17.jpg","width":554,"height":410},{"@type":"BreadcrumbList","@id":"https:\/\/canal7slp.tv\/2019\/titular-de-onu-admite-que-se-pierde-la-carrera-contra-cambio-climatico\/#breadcrumb","itemListElement":[{"@type":"ListItem","position":1,"name":"Home","item":"https:\/\/canal7slp.tv\/2019\/"},{"@type":"ListItem","position":2,"name":"Titular de ONU admite que se pierde la carrera contra cambio clim\u00e1tico"}]},{"@type":"WebSite","@id":"https:\/\/canal7slp.tv\/2019\/#website","url":"https:\/\/canal7slp.tv\/2019\/","name":"Canal 7 SLP - Somos TV","description":"Somos un Canal de 10","publisher":{"@id":"https:\/\/canal7slp.tv\/2019\/#organization"},"potentialAction":[{"@type":"SearchAction","target":{"@type":"EntryPoint","urlTemplate":"https:\/\/canal7slp.tv\/2019\/?s={search_term_string}"},"query-input":{"@type":"PropertyValueSpecification","valueRequired":true,"valueName":"search_term_string"}}],"inLanguage":"es"},{"@type":"Organization","@id":"https:\/\/canal7slp.tv\/2019\/#organization","name":"Comunicaci\u00f3n 2000 S.A. de C.V.","url":"https:\/\/canal7slp.tv\/2019\/","logo":{"@type":"ImageObject","inLanguage":"es","@id":"https:\/\/canal7slp.tv\/2019\/#\/schema\/logo\/image\/","url":"https:\/\/canal7slp.tv\/2019\/wp-content\/uploads\/2019\/07\/logo-c7.png","contentUrl":"https:\/\/canal7slp.tv\/2019\/wp-content\/uploads\/2019\/07\/logo-c7.png","width":220,"height":60,"caption":"Comunicaci\u00f3n 2000 S.A. de C.V."},"image":{"@id":"https:\/\/canal7slp.tv\/2019\/#\/schema\/logo\/image\/"},"sameAs":["https:\/\/www.facebook.com\/CANAL7SLP\/","https:\/\/x.com\/canal7_slp","https:\/\/www.instagram.com\/canal7_slp","https:\/\/www.youtube.com\/user\/NOTICIEROSCANAL7SLP\/"]},{"@type":"Person","@id":"https:\/\/canal7slp.tv\/2019\/#\/schema\/person\/11d941c1c6ca30ac0a46b95fa37aa2e3","name":"edicionweb","image":{"@type":"ImageObject","inLanguage":"es","@id":"https:\/\/secure.gravatar.com\/avatar\/eee448fc3f7164808013b816ba91ac7e43bbe82a70bebac296f8bc6f0addaa1a?s=96&d=mm&r=g","url":"https:\/\/secure.gravatar.com\/avatar\/eee448fc3f7164808013b816ba91ac7e43bbe82a70bebac296f8bc6f0addaa1a?s=96&d=mm&r=g","contentUrl":"https:\/\/secure.gravatar.com\/avatar\/eee448fc3f7164808013b816ba91ac7e43bbe82a70bebac296f8bc6f0addaa1a?s=96&d=mm&r=g","caption":"edicionweb"}}]}},"amp_enabled":true,"cmb2":{"video_ids_in_playlist":{"vid_p_videos":""},"video_ids_in_channel":{"vid_c_videos":""},"playlist_ids_in_channel":{"vid_c_playlists":""},"series_ids_in_channel":{"vid_c_series":""},"channel_images":{"vid_c_logo":"","vid_c_banner":""},"poster_feature_image":{"vid_m_poster_image":""},"gif_feature_image":{"vid_m_gif_image":""},"video_movie_settings":{"vid_m_director":"","vid_m_actor":"","vid_m_imdb_ratings":"","vid_m_amazon_associates":""},"vid_youtube_broadcasts_settings":{"vid_yb_broadcast_title":"","vid_yb_q":"","vid_yb_channelid":"","vid_yb_videocategoryid":"","vid_yb_maxresults":"","vid_yb_order":"","vid_yb_regioncode":"","vid_yb_videosyndicated":"","vid_yb_style":"","vid_yb_reload_first":""},"video_series_settings":{"vid_m_director":"","vid_m_actor":"","vid_m_imdb_ratings":"","video_series_group":""},"amazon_associates_settings":{"amazon_associates":"","amazon_native_ad":""},"vid_youtube_automatic_settings":{"vid_ya_youtube_source":"","vid_ya_update_every":"","vid_ya_update_unit":"","vid_ya_categories":"","vid_ya_published_after":"","vid_ya_published_before":"","vid_ya_playlists":"","vid_ya_channels":"","vid_ya_director":"","vid_ya_actor":"","vid_ya_author":"","vid_ya_import_post_date":"","vid_ya_status":"","vid_ya_sub_api_key":""},"vid_ads_m_videoads_settings_post":{"vid_ads_m_video_ads":"","vid_ads_m_video_ads_type":"","vid_ads_m_group_google_ima":"","vid_ads_m_group_image":"","vid_ads_m_group_html5_video":"","vid_ads_m_group_html":"","vid_ads_m_vast_preroll":"","vid_ads_m_vast_postroll":"","vid_ads_m_vast_pauseroll":"","vid_ads_m_vast_midroll":[{"vid_ads_m_vast_timer_seconds":"50"}],"vid_ads_m_time_to_show_ads":"","vid_ads_m_time_skip_ads":"","vid_ads_m_time_to_hide_ads":""},"page_slider_settings":{"display_slider_group":"","page_slider_group":""},"blog_page_settings":{"blog_page_title":"","blog_page_heading":"","blog_page_ic":"","blog_page_it":"","blog_page_ec":"","blog_page_ip":"","archive_loop_style":"","blog_image_ratio":"","blog_show_categories":"","blog_show_excerpt":"","blog_show_author":"","blog_show_date":"","blog_show_comment_count":"","blog_show_view_count":"","blog_show_like_count":"","blog_show_dislike_count":"","blog_items_per_page":"","blog_pag_type":""},"page_options":{"get_page_template":"","color_mode":"","main_layout":"","main_layout_full_with":"","main_logo":"","main_logo_retina":"","main_logo_mobile":"","main_logo_mobile_retina":"","sticky_logo":"","sticky_logo_retina":"","main_nav_layout":"","ajax_search":"","header_background":"","theme_sidebar":"","instagram_feed":"","instagram_feed_position":"","popular_videos":"","popular_videos_title_1":"","popular_videos_title_2":"","popular_videos_ic":"","popular_videos_it":"","theme_background":"","page_custom_css":""},"feature_image_settings":{"feature_image_position":""},"video_player_settings":{"single_video_style":"","video_player_position":"","vm_video_url":"","video_player_library":"","video_streaming":"","vm_media_sources":"","vid_auto_play":"","vm_video_shortcode":"","vid_p_sync_playlist":"","vid_c_sync_channel":"","get_post_format":"","multiple_links_structure":"default","multi_links_title":"","vm_video_multi_links":"","vm_duration":"","vid_social_locker":"off","vid_social_locker_id":"","vid_membership_action":"content-video","vm_video_trailer_url":"","vid_download_type":"free","vid_download_target":"download","vid_woo_product":"","vm_media_download":"","user_rating":"","user_rating_position":"","user_rating_mode":"","user_rating_multi_sets":""},"video_auto_fetch_settings":{"vm_video_fetch":"on"},"video_fake_views_likes":{"vm_fake_views":"","vm_fake_likes":"","vm_fake_dislikes":""},"gallery_settings":{"gallery_position":""},"quote_settings":{"quote_position":""},"post_options":{"main_layout":"","main_logo":"","main_logo_retina":"","main_logo_mobile":"","main_logo_mobile_retina":"","sticky_logo":"","sticky_logo_retina":"","main_nav_layout":"","header_background":"","theme_sidebar":"","single_post_comment_type":"","theme_background":""}},"_links":{"self":[{"href":"https:\/\/canal7slp.tv\/2019\/wp-json\/wp\/v2\/posts\/34412","targetHints":{"allow":["GET"]}}],"collection":[{"href":"https:\/\/canal7slp.tv\/2019\/wp-json\/wp\/v2\/posts"}],"about":[{"href":"https:\/\/canal7slp.tv\/2019\/wp-json\/wp\/v2\/types\/post"}],"author":[{"embeddable":true,"href":"https:\/\/canal7slp.tv\/2019\/wp-json\/wp\/v2\/users\/2"}],"replies":[{"embeddable":true,"href":"https:\/\/canal7slp.tv\/2019\/wp-json\/wp\/v2\/comments?post=34412"}],"version-history":[{"count":0,"href":"https:\/\/canal7slp.tv\/2019\/wp-json\/wp\/v2\/posts\/34412\/revisions"}],"wp:featuredmedia":[{"embeddable":true,"href":"https:\/\/canal7slp.tv\/2019\/wp-json\/wp\/v2\/media\/34413"}],"wp:attachment":[{"href":"https:\/\/canal7slp.tv\/2019\/wp-json\/wp\/v2\/media?parent=34412"}],"wp:term":[{"taxonomy":"category","embeddable":true,"href":"https:\/\/canal7slp.tv\/2019\/wp-json\/wp\/v2\/categories?post=34412"},{"taxonomy":"post_tag","embeddable":true,"href":"https:\/\/canal7slp.tv\/2019\/wp-json\/wp\/v2\/tags?post=34412"}],"curies":[{"name":"wp","href":"https:\/\/api.w.org\/{rel}","templated":true}]}}