{"id":34313,"date":"2019-07-16T18:53:50","date_gmt":"2019-07-16T23:53:50","guid":{"rendered":"https:\/\/canal7slp.tv\/2019\/?p=34313"},"modified":"2019-07-16T18:54:11","modified_gmt":"2019-07-16T23:54:11","slug":"aumentan-llamadas-falsas-a-numeros-de-emergencia-en-vacaciones","status":"publish","type":"post","link":"https:\/\/canal7slp.tv\/2019\/aumentan-llamadas-falsas-a-numeros-de-emergencia-en-vacaciones\/","title":{"rendered":"Aumentan llamadas falsas a n\u00fameros de emergencia en vacaciones"},"content":{"rendered":"<p style=\"text-align: justify;\">SLP.- Ante el periodo vacacional de Verano 2019, se registr\u00f3 un aumento alarmante en el n\u00famero de llamadas falsas o de broma, por lo que es necesario que padres de familia y autoridades en general, implementen una campa\u00f1a de concientizaci\u00f3n con el fin de evitar el uso inadecuado de los tel\u00e9fonos de emergencia, se\u00f1al\u00f3 la presidenta de la Comisi\u00f3n de Seguridad P\u00fablica, Prevenci\u00f3n y Reinserci\u00f3n Social de la LXII Legislatura, diputada Beatriz Benavente Rodr\u00edguez.<\/p>\n<p style=\"text-align: justify;\">En este sentido, la legisladora consider\u00f3 que es urgente que se tomen las medidas necesarias para garantizar el uso correcto de los n\u00fameros telef\u00f3nicos de emergencia, debido a que en la actualidad las llamadas falsas\u00a0causan un serio problema a las corporaciones de seguridad p\u00fablica y de rescate que e incluso pueden poner en riesgo la vida de las personas que verdaderamente requieran de una atenci\u00f3n de emergencia.<\/p>\n<p style=\"text-align: justify;\">Benavente Rodr\u00edguez\u00a0record\u00f3 que al interior del Congreso del Estado, se encuentran analizando una iniciativa a la Ley del Sistema de Seguridad P\u00fablica del Estado de San Luis Potos\u00ed, con el fin de \u00a0regular el servicio de llamadas de emergencia 911 en la Ley, as\u00ed como la recepci\u00f3n y canalizaci\u00f3n de denuncias an\u00f3nimas y establecer una multa para quienes realicen llamadas falsas.<\/p>\n<p style=\"text-align: justify;\">Por lo anterior, expuso que \u201cde entrada tenemos dos iniciativas en el Congreso del Estado que est\u00e1 n siendo analizadas para poder establecer sanciones y otra para generar campa\u00f1as de concientizaci\u00f3n y las cuales se est\u00e1n discutiendo para poder promover de manera abierta el uso responsable de los tel\u00e9fonos de emergencia. \u201cPor ello, es necesario hacer un llamado a todos los ni\u00f1os, j\u00f3venes e incluso padres de familia para que tomen conciencia sobre la cantidad de asuntos que pueden resolverse haciendo una llamada al 911\u201d.<\/p>\n<p style=\"text-align: justify;\">La presidenta de la Comisi\u00f3n de Seguridad P\u00fablica, Prevenci\u00f3n y Reinserci\u00f3n Social del Congreso del Estado, dijo que \u201cno podemos jugar con los temas de la seguridad p\u00fablica, y aunque no es un tema que forzosamente se tenga que vincular con sanciones, si es necesario generar una conciencia y sensibilidad humana. Adem\u00e1s este llamado tambi\u00e9n es para los padres de familia, porque no podemos eximirnos de nuestra responsabilidad para estar pendiente de lo que hacen sus hijos, sobre todo con el uso de los tel\u00e9fonos de emergencia\u201d.<\/p>\n<p style=\"text-align: justify;\">Cabe destacar que en el Congreso del Estado se analiza la iniciativa con Proyecto de Decreto que propone reformar el art\u00edculo 92; adicionar art\u00edculo 92 BIS; y adicionar al art\u00edculo 92 TER, de la Ley del Sistema de Seguridad P\u00fablica del Estado de San Luis Potos\u00ed; con el prop\u00f3sito de regular el servicio de llamadas de emergencia 911 en la Ley, as\u00ed como la recepci\u00f3n y canalizaci\u00f3n de denuncias an\u00f3nimas y establecer una multa para quienes realicen llamadas falsas.<\/p>\n<p style=\"text-align: justify;\">Adem\u00e1s,\u00a0 se justific\u00f3 que la finalidad es que con independencia de las sanciones penales establecidas en la ley, se adopten medidas administrativas que desincentiven esta pr\u00e1ctica que tanto lesiona la operatividad de los servicios de emergencia y disponer que el producto obtenido por las multas, sea invertido en el sistema de video vigilancia en el Estado y se proporcione cada vez m\u00e1s y mejor seguridad a las familias potosinas.<\/p>\n<p style=\"text-align: justify;\">Ante el periodo vacacional de Verano 2019, se registr\u00f3 un aumento alarmante en el n\u00famero de llamadas falsas o de broma, por lo que es necesario que padres de familia y autoridades en general, implementen una campa\u00f1a de concientizaci\u00f3n con el fin de evitar el uso inadecuado de los tel\u00e9fonos de emergencia, se\u00f1al\u00f3 la presidenta de la Comisi\u00f3n de Seguridad P\u00fablica, Prevenci\u00f3n y Reinserci\u00f3n Social de la LXII Legislatura, diputada Beatriz Benavente Rodr\u00edguez.<\/p>\n<p style=\"text-align: justify;\">En este sentido, la legisladora consider\u00f3 que es urgente que se tomen las medidas necesarias para garantizar el uso correcto de los n\u00fameros telef\u00f3nicos de emergencia, debido a que en la actualidad las \u201cllamadas falsas\u201d causan un serio problema a las corporaciones de seguridad p\u00fablica y de rescate que e incluso pueden poner en riesgo la vida de las personas que verdaderamente requieran de una atenci\u00f3n de emergencia.<\/p>\n<p style=\"text-align: justify;\">Benavente Rodr\u00edguez, record\u00f3 que al interior del Congreso del Estado, se encuentran analizando una iniciativa a la Ley del Sistema de Seguridad P\u00fablica del Estado de San Luis Potos\u00ed, con el fin de \u00a0regular el servicio de llamadas de emergencia 911 en la Ley, as\u00ed como la recepci\u00f3n y canalizaci\u00f3n de denuncias an\u00f3nimas y establecer una multa para quienes realicen llamadas falsas.<\/p>\n<p style=\"text-align: justify;\">Por lo anterior, expuso que \u201cde entrada tenemos dos iniciativas en el Congreso del Estado que est\u00e1 n siendo analizadas para poder establecer sanciones y otra para generar campa\u00f1as de concientizaci\u00f3n y las cuales se est\u00e1n discutiendo para poder promover de manera abierta el uso responsable de los tel\u00e9fonos de emergencia. \u201cPor ello, es necesario hacer un llamado a todos los ni\u00f1os, j\u00f3venes e incluso padres de familia para que tomen conciencia sobre la cantidad de asuntos que pueden resolverse haciendo una llamada al 911\u201d.<\/p>\n<p style=\"text-align: justify;\">La presidenta de la Comisi\u00f3n de Seguridad P\u00fablica, Prevenci\u00f3n y Reinserci\u00f3n Social del Congreso del Estado, dijo que \u201cNo podemos jugar con los temas de la seguridad p\u00fablica, y aunque no es un tema que forzosamente se tenga que vincular con sanciones, si es necesario generar una conciencia y sensibilidad humana. Adem\u00e1s este llamado tambi\u00e9n es para los padres de familia, porque no podemos eximirnos de nuestra responsabilidad para estar pendiente de lo que hacen sus hijos, sobre todo con el uso de los tel\u00e9fonos de emergencia\u201d, acot\u00f3.<\/p>\n<p style=\"text-align: justify;\">Cabe destacar que en el Congreso del Estado se analiza la iniciativa con Proyecto de Decreto que propone reformar el art\u00edculo 92; adicionar art\u00edculo 92 BIS; y adicionar al art\u00edculo 92 TER, de la Ley del Sistema de Seguridad P\u00fablica del Estado de San Luis Potos\u00ed; con el prop\u00f3sito de regular el servicio de llamadas de emergencia 911 en la Ley, as\u00ed como la recepci\u00f3n y canalizaci\u00f3n de denuncias an\u00f3nimas y establecer una multa para quienes realicen llamadas falsas.<\/p>\n<p style=\"text-align: justify;\">Adem\u00e1s,\u00a0 se justific\u00f3 que la finalidad es que con independencia de las sanciones penales establecidas en la ley, se adopten medidas administrativas que desincentiven esta pr\u00e1ctica que tanto lesiona la operatividad de los servicios de emergencia y disponer que el producto obtenido por las multas, sea invertido en el sistema de video vigilancia en el Estado y se proporcione cada vez m\u00e1s y mejor seguridad a las familias potosinas.<\/p>\n","protected":false},"excerpt":{"rendered":"<p>SLP.- Ante el periodo vacacional de Verano 2019, se registr\u00f3 un aumento alarmante en el n\u00famero de llamadas falsas o de broma, por lo que es necesario que padres de familia y autoridades en general, implementen una campa\u00f1a de concientizaci\u00f3n con el fin de evitar el uso inadecuado de los tel\u00e9fonos de emergencia, se\u00f1al\u00f3 la [&hellip;]<\/p>\n","protected":false},"author":2,"featured_media":34326,"comment_status":"open","ping_status":"closed","sticky":false,"template":"","format":"standard","meta":{"footnotes":""},"categories":[17],"tags":[109],"class_list":["post-34313","post","type-post","status-publish","format-standard","has-post-thumbnail","hentry","category-localesyregionales","tag-congreso-slp"],"yoast_head":"<!-- This site is optimized with the Yoast SEO plugin v27.4 - https:\/\/yoast.com\/product\/yoast-seo-wordpress\/ -->\n<title>Aumentan llamadas falsas a n\u00fameros de emergencia en vacaciones - Canal 7 SLP - 2019<\/title>\n<meta name=\"robots\" content=\"index, follow, max-snippet:-1, max-image-preview:large, max-video-preview:-1\" \/>\n<link rel=\"canonical\" href=\"https:\/\/canal7slp.tv\/2019\/aumentan-llamadas-falsas-a-numeros-de-emergencia-en-vacaciones\/\" \/>\n<meta property=\"og:locale\" content=\"es_ES\" \/>\n<meta property=\"og:type\" content=\"article\" \/>\n<meta property=\"og:title\" content=\"Aumentan llamadas falsas a n\u00fameros de emergencia en vacaciones - Canal 7 SLP - 2019\" \/>\n<meta property=\"og:description\" content=\"SLP.- Ante el periodo vacacional de Verano 2019, se registr\u00f3 un aumento alarmante en el n\u00famero de llamadas falsas o de broma, por lo que es necesario que padres de familia y autoridades en general, implementen una campa\u00f1a de concientizaci\u00f3n con el fin de evitar el uso inadecuado de los tel\u00e9fonos de emergencia, se\u00f1al\u00f3 la [&hellip;]\" \/>\n<meta property=\"og:url\" content=\"https:\/\/canal7slp.tv\/2019\/aumentan-llamadas-falsas-a-numeros-de-emergencia-en-vacaciones\/\" \/>\n<meta property=\"og:site_name\" content=\"Canal 7 SLP - 2019\" \/>\n<meta property=\"article:publisher\" content=\"https:\/\/www.facebook.com\/CANAL7SLP\/\" \/>\n<meta property=\"article:published_time\" content=\"2019-07-16T23:53:50+00:00\" \/>\n<meta property=\"article:modified_time\" content=\"2019-07-16T23:54:11+00:00\" \/>\n<meta property=\"og:image\" content=\"https:\/\/canal7slp.tv\/2019\/wp-content\/uploads\/2019\/07\/c1-10.jpg\" \/>\n\t<meta property=\"og:image:width\" content=\"936\" \/>\n\t<meta property=\"og:image:height\" content=\"648\" \/>\n\t<meta property=\"og:image:type\" content=\"image\/jpeg\" \/>\n<meta name=\"author\" content=\"edicionweb\" \/>\n<meta name=\"twitter:card\" content=\"summary_large_image\" \/>\n<meta name=\"twitter:creator\" content=\"@canal7_slp\" \/>\n<meta name=\"twitter:site\" content=\"@canal7_slp\" \/>\n<meta name=\"twitter:label1\" content=\"Escrito por\" \/>\n\t<meta name=\"twitter:data1\" content=\"edicionweb\" \/>\n\t<meta name=\"twitter:label2\" content=\"Tiempo de lectura\" \/>\n\t<meta name=\"twitter:data2\" content=\"6 minutos\" \/>\n<script type=\"application\/ld+json\" class=\"yoast-schema-graph\">{\"@context\":\"https:\\\/\\\/schema.org\",\"@graph\":[{\"@type\":\"Article\",\"@id\":\"https:\\\/\\\/canal7slp.tv\\\/2019\\\/aumentan-llamadas-falsas-a-numeros-de-emergencia-en-vacaciones\\\/#article\",\"isPartOf\":{\"@id\":\"https:\\\/\\\/canal7slp.tv\\\/2019\\\/aumentan-llamadas-falsas-a-numeros-de-emergencia-en-vacaciones\\\/\"},\"author\":{\"name\":\"edicionweb\",\"@id\":\"https:\\\/\\\/canal7slp.tv\\\/2019\\\/#\\\/schema\\\/person\\\/11d941c1c6ca30ac0a46b95fa37aa2e3\"},\"headline\":\"Aumentan llamadas falsas a n\u00fameros de emergencia en vacaciones\",\"datePublished\":\"2019-07-16T23:53:50+00:00\",\"dateModified\":\"2019-07-16T23:54:11+00:00\",\"mainEntityOfPage\":{\"@id\":\"https:\\\/\\\/canal7slp.tv\\\/2019\\\/aumentan-llamadas-falsas-a-numeros-de-emergencia-en-vacaciones\\\/\"},\"wordCount\":1133,\"commentCount\":0,\"publisher\":{\"@id\":\"https:\\\/\\\/canal7slp.tv\\\/2019\\\/#organization\"},\"image\":{\"@id\":\"https:\\\/\\\/canal7slp.tv\\\/2019\\\/aumentan-llamadas-falsas-a-numeros-de-emergencia-en-vacaciones\\\/#primaryimage\"},\"thumbnailUrl\":\"https:\\\/\\\/canal7slp.tv\\\/2019\\\/wp-content\\\/uploads\\\/2019\\\/07\\\/c1-10.jpg\",\"keywords\":[\"Congreso SLP\"],\"articleSection\":[\"LOCALES Y REGIONALES\"],\"inLanguage\":\"es\",\"potentialAction\":[{\"@type\":\"CommentAction\",\"name\":\"Comment\",\"target\":[\"https:\\\/\\\/canal7slp.tv\\\/2019\\\/aumentan-llamadas-falsas-a-numeros-de-emergencia-en-vacaciones\\\/#respond\"]}]},{\"@type\":\"WebPage\",\"@id\":\"https:\\\/\\\/canal7slp.tv\\\/2019\\\/aumentan-llamadas-falsas-a-numeros-de-emergencia-en-vacaciones\\\/\",\"url\":\"https:\\\/\\\/canal7slp.tv\\\/2019\\\/aumentan-llamadas-falsas-a-numeros-de-emergencia-en-vacaciones\\\/\",\"name\":\"Aumentan llamadas falsas a n\u00fameros de emergencia en vacaciones - Canal 7 SLP - 2019\",\"isPartOf\":{\"@id\":\"https:\\\/\\\/canal7slp.tv\\\/2019\\\/#website\"},\"primaryImageOfPage\":{\"@id\":\"https:\\\/\\\/canal7slp.tv\\\/2019\\\/aumentan-llamadas-falsas-a-numeros-de-emergencia-en-vacaciones\\\/#primaryimage\"},\"image\":{\"@id\":\"https:\\\/\\\/canal7slp.tv\\\/2019\\\/aumentan-llamadas-falsas-a-numeros-de-emergencia-en-vacaciones\\\/#primaryimage\"},\"thumbnailUrl\":\"https:\\\/\\\/canal7slp.tv\\\/2019\\\/wp-content\\\/uploads\\\/2019\\\/07\\\/c1-10.jpg\",\"datePublished\":\"2019-07-16T23:53:50+00:00\",\"dateModified\":\"2019-07-16T23:54:11+00:00\",\"breadcrumb\":{\"@id\":\"https:\\\/\\\/canal7slp.tv\\\/2019\\\/aumentan-llamadas-falsas-a-numeros-de-emergencia-en-vacaciones\\\/#breadcrumb\"},\"inLanguage\":\"es\",\"potentialAction\":[{\"@type\":\"ReadAction\",\"target\":[\"https:\\\/\\\/canal7slp.tv\\\/2019\\\/aumentan-llamadas-falsas-a-numeros-de-emergencia-en-vacaciones\\\/\"]}]},{\"@type\":\"ImageObject\",\"inLanguage\":\"es\",\"@id\":\"https:\\\/\\\/canal7slp.tv\\\/2019\\\/aumentan-llamadas-falsas-a-numeros-de-emergencia-en-vacaciones\\\/#primaryimage\",\"url\":\"https:\\\/\\\/canal7slp.tv\\\/2019\\\/wp-content\\\/uploads\\\/2019\\\/07\\\/c1-10.jpg\",\"contentUrl\":\"https:\\\/\\\/canal7slp.tv\\\/2019\\\/wp-content\\\/uploads\\\/2019\\\/07\\\/c1-10.jpg\",\"width\":936,\"height\":648},{\"@type\":\"BreadcrumbList\",\"@id\":\"https:\\\/\\\/canal7slp.tv\\\/2019\\\/aumentan-llamadas-falsas-a-numeros-de-emergencia-en-vacaciones\\\/#breadcrumb\",\"itemListElement\":[{\"@type\":\"ListItem\",\"position\":1,\"name\":\"Home\",\"item\":\"https:\\\/\\\/canal7slp.tv\\\/2019\\\/\"},{\"@type\":\"ListItem\",\"position\":2,\"name\":\"Aumentan llamadas falsas a n\u00fameros de emergencia en vacaciones\"}]},{\"@type\":\"WebSite\",\"@id\":\"https:\\\/\\\/canal7slp.tv\\\/2019\\\/#website\",\"url\":\"https:\\\/\\\/canal7slp.tv\\\/2019\\\/\",\"name\":\"Canal 7 SLP - Somos TV\",\"description\":\"Somos un Canal de 10\",\"publisher\":{\"@id\":\"https:\\\/\\\/canal7slp.tv\\\/2019\\\/#organization\"},\"potentialAction\":[{\"@type\":\"SearchAction\",\"target\":{\"@type\":\"EntryPoint\",\"urlTemplate\":\"https:\\\/\\\/canal7slp.tv\\\/2019\\\/?s={search_term_string}\"},\"query-input\":{\"@type\":\"PropertyValueSpecification\",\"valueRequired\":true,\"valueName\":\"search_term_string\"}}],\"inLanguage\":\"es\"},{\"@type\":\"Organization\",\"@id\":\"https:\\\/\\\/canal7slp.tv\\\/2019\\\/#organization\",\"name\":\"Comunicaci\u00f3n 2000 S.A. de C.V.\",\"url\":\"https:\\\/\\\/canal7slp.tv\\\/2019\\\/\",\"logo\":{\"@type\":\"ImageObject\",\"inLanguage\":\"es\",\"@id\":\"https:\\\/\\\/canal7slp.tv\\\/2019\\\/#\\\/schema\\\/logo\\\/image\\\/\",\"url\":\"https:\\\/\\\/canal7slp.tv\\\/2019\\\/wp-content\\\/uploads\\\/2019\\\/07\\\/logo-c7.png\",\"contentUrl\":\"https:\\\/\\\/canal7slp.tv\\\/2019\\\/wp-content\\\/uploads\\\/2019\\\/07\\\/logo-c7.png\",\"width\":220,\"height\":60,\"caption\":\"Comunicaci\u00f3n 2000 S.A. de C.V.\"},\"image\":{\"@id\":\"https:\\\/\\\/canal7slp.tv\\\/2019\\\/#\\\/schema\\\/logo\\\/image\\\/\"},\"sameAs\":[\"https:\\\/\\\/www.facebook.com\\\/CANAL7SLP\\\/\",\"https:\\\/\\\/x.com\\\/canal7_slp\",\"https:\\\/\\\/www.instagram.com\\\/canal7_slp\",\"https:\\\/\\\/www.youtube.com\\\/user\\\/NOTICIEROSCANAL7SLP\\\/\"]},{\"@type\":\"Person\",\"@id\":\"https:\\\/\\\/canal7slp.tv\\\/2019\\\/#\\\/schema\\\/person\\\/11d941c1c6ca30ac0a46b95fa37aa2e3\",\"name\":\"edicionweb\",\"image\":{\"@type\":\"ImageObject\",\"inLanguage\":\"es\",\"@id\":\"https:\\\/\\\/secure.gravatar.com\\\/avatar\\\/eee448fc3f7164808013b816ba91ac7e43bbe82a70bebac296f8bc6f0addaa1a?s=96&d=mm&r=g\",\"url\":\"https:\\\/\\\/secure.gravatar.com\\\/avatar\\\/eee448fc3f7164808013b816ba91ac7e43bbe82a70bebac296f8bc6f0addaa1a?s=96&d=mm&r=g\",\"contentUrl\":\"https:\\\/\\\/secure.gravatar.com\\\/avatar\\\/eee448fc3f7164808013b816ba91ac7e43bbe82a70bebac296f8bc6f0addaa1a?s=96&d=mm&r=g\",\"caption\":\"edicionweb\"}}]}<\/script>\n<!-- \/ Yoast SEO plugin. -->","yoast_head_json":{"title":"Aumentan llamadas falsas a n\u00fameros de emergencia en vacaciones - Canal 7 SLP - 2019","robots":{"index":"index","follow":"follow","max-snippet":"max-snippet:-1","max-image-preview":"max-image-preview:large","max-video-preview":"max-video-preview:-1"},"canonical":"https:\/\/canal7slp.tv\/2019\/aumentan-llamadas-falsas-a-numeros-de-emergencia-en-vacaciones\/","og_locale":"es_ES","og_type":"article","og_title":"Aumentan llamadas falsas a n\u00fameros de emergencia en vacaciones - Canal 7 SLP - 2019","og_description":"SLP.- Ante el periodo vacacional de Verano 2019, se registr\u00f3 un aumento alarmante en el n\u00famero de llamadas falsas o de broma, por lo que es necesario que padres de familia y autoridades en general, implementen una campa\u00f1a de concientizaci\u00f3n con el fin de evitar el uso inadecuado de los tel\u00e9fonos de emergencia, se\u00f1al\u00f3 la [&hellip;]","og_url":"https:\/\/canal7slp.tv\/2019\/aumentan-llamadas-falsas-a-numeros-de-emergencia-en-vacaciones\/","og_site_name":"Canal 7 SLP - 2019","article_publisher":"https:\/\/www.facebook.com\/CANAL7SLP\/","article_published_time":"2019-07-16T23:53:50+00:00","article_modified_time":"2019-07-16T23:54:11+00:00","og_image":[{"width":936,"height":648,"url":"https:\/\/canal7slp.tv\/2019\/wp-content\/uploads\/2019\/07\/c1-10.jpg","type":"image\/jpeg"}],"author":"edicionweb","twitter_card":"summary_large_image","twitter_creator":"@canal7_slp","twitter_site":"@canal7_slp","twitter_misc":{"Escrito por":"edicionweb","Tiempo de lectura":"6 minutos"},"schema":{"@context":"https:\/\/schema.org","@graph":[{"@type":"Article","@id":"https:\/\/canal7slp.tv\/2019\/aumentan-llamadas-falsas-a-numeros-de-emergencia-en-vacaciones\/#article","isPartOf":{"@id":"https:\/\/canal7slp.tv\/2019\/aumentan-llamadas-falsas-a-numeros-de-emergencia-en-vacaciones\/"},"author":{"name":"edicionweb","@id":"https:\/\/canal7slp.tv\/2019\/#\/schema\/person\/11d941c1c6ca30ac0a46b95fa37aa2e3"},"headline":"Aumentan llamadas falsas a n\u00fameros de emergencia en vacaciones","datePublished":"2019-07-16T23:53:50+00:00","dateModified":"2019-07-16T23:54:11+00:00","mainEntityOfPage":{"@id":"https:\/\/canal7slp.tv\/2019\/aumentan-llamadas-falsas-a-numeros-de-emergencia-en-vacaciones\/"},"wordCount":1133,"commentCount":0,"publisher":{"@id":"https:\/\/canal7slp.tv\/2019\/#organization"},"image":{"@id":"https:\/\/canal7slp.tv\/2019\/aumentan-llamadas-falsas-a-numeros-de-emergencia-en-vacaciones\/#primaryimage"},"thumbnailUrl":"https:\/\/canal7slp.tv\/2019\/wp-content\/uploads\/2019\/07\/c1-10.jpg","keywords":["Congreso SLP"],"articleSection":["LOCALES Y REGIONALES"],"inLanguage":"es","potentialAction":[{"@type":"CommentAction","name":"Comment","target":["https:\/\/canal7slp.tv\/2019\/aumentan-llamadas-falsas-a-numeros-de-emergencia-en-vacaciones\/#respond"]}]},{"@type":"WebPage","@id":"https:\/\/canal7slp.tv\/2019\/aumentan-llamadas-falsas-a-numeros-de-emergencia-en-vacaciones\/","url":"https:\/\/canal7slp.tv\/2019\/aumentan-llamadas-falsas-a-numeros-de-emergencia-en-vacaciones\/","name":"Aumentan llamadas falsas a n\u00fameros de emergencia en vacaciones - Canal 7 SLP - 2019","isPartOf":{"@id":"https:\/\/canal7slp.tv\/2019\/#website"},"primaryImageOfPage":{"@id":"https:\/\/canal7slp.tv\/2019\/aumentan-llamadas-falsas-a-numeros-de-emergencia-en-vacaciones\/#primaryimage"},"image":{"@id":"https:\/\/canal7slp.tv\/2019\/aumentan-llamadas-falsas-a-numeros-de-emergencia-en-vacaciones\/#primaryimage"},"thumbnailUrl":"https:\/\/canal7slp.tv\/2019\/wp-content\/uploads\/2019\/07\/c1-10.jpg","datePublished":"2019-07-16T23:53:50+00:00","dateModified":"2019-07-16T23:54:11+00:00","breadcrumb":{"@id":"https:\/\/canal7slp.tv\/2019\/aumentan-llamadas-falsas-a-numeros-de-emergencia-en-vacaciones\/#breadcrumb"},"inLanguage":"es","potentialAction":[{"@type":"ReadAction","target":["https:\/\/canal7slp.tv\/2019\/aumentan-llamadas-falsas-a-numeros-de-emergencia-en-vacaciones\/"]}]},{"@type":"ImageObject","inLanguage":"es","@id":"https:\/\/canal7slp.tv\/2019\/aumentan-llamadas-falsas-a-numeros-de-emergencia-en-vacaciones\/#primaryimage","url":"https:\/\/canal7slp.tv\/2019\/wp-content\/uploads\/2019\/07\/c1-10.jpg","contentUrl":"https:\/\/canal7slp.tv\/2019\/wp-content\/uploads\/2019\/07\/c1-10.jpg","width":936,"height":648},{"@type":"BreadcrumbList","@id":"https:\/\/canal7slp.tv\/2019\/aumentan-llamadas-falsas-a-numeros-de-emergencia-en-vacaciones\/#breadcrumb","itemListElement":[{"@type":"ListItem","position":1,"name":"Home","item":"https:\/\/canal7slp.tv\/2019\/"},{"@type":"ListItem","position":2,"name":"Aumentan llamadas falsas a n\u00fameros de emergencia en vacaciones"}]},{"@type":"WebSite","@id":"https:\/\/canal7slp.tv\/2019\/#website","url":"https:\/\/canal7slp.tv\/2019\/","name":"Canal 7 SLP - Somos TV","description":"Somos un Canal de 10","publisher":{"@id":"https:\/\/canal7slp.tv\/2019\/#organization"},"potentialAction":[{"@type":"SearchAction","target":{"@type":"EntryPoint","urlTemplate":"https:\/\/canal7slp.tv\/2019\/?s={search_term_string}"},"query-input":{"@type":"PropertyValueSpecification","valueRequired":true,"valueName":"search_term_string"}}],"inLanguage":"es"},{"@type":"Organization","@id":"https:\/\/canal7slp.tv\/2019\/#organization","name":"Comunicaci\u00f3n 2000 S.A. de C.V.","url":"https:\/\/canal7slp.tv\/2019\/","logo":{"@type":"ImageObject","inLanguage":"es","@id":"https:\/\/canal7slp.tv\/2019\/#\/schema\/logo\/image\/","url":"https:\/\/canal7slp.tv\/2019\/wp-content\/uploads\/2019\/07\/logo-c7.png","contentUrl":"https:\/\/canal7slp.tv\/2019\/wp-content\/uploads\/2019\/07\/logo-c7.png","width":220,"height":60,"caption":"Comunicaci\u00f3n 2000 S.A. de C.V."},"image":{"@id":"https:\/\/canal7slp.tv\/2019\/#\/schema\/logo\/image\/"},"sameAs":["https:\/\/www.facebook.com\/CANAL7SLP\/","https:\/\/x.com\/canal7_slp","https:\/\/www.instagram.com\/canal7_slp","https:\/\/www.youtube.com\/user\/NOTICIEROSCANAL7SLP\/"]},{"@type":"Person","@id":"https:\/\/canal7slp.tv\/2019\/#\/schema\/person\/11d941c1c6ca30ac0a46b95fa37aa2e3","name":"edicionweb","image":{"@type":"ImageObject","inLanguage":"es","@id":"https:\/\/secure.gravatar.com\/avatar\/eee448fc3f7164808013b816ba91ac7e43bbe82a70bebac296f8bc6f0addaa1a?s=96&d=mm&r=g","url":"https:\/\/secure.gravatar.com\/avatar\/eee448fc3f7164808013b816ba91ac7e43bbe82a70bebac296f8bc6f0addaa1a?s=96&d=mm&r=g","contentUrl":"https:\/\/secure.gravatar.com\/avatar\/eee448fc3f7164808013b816ba91ac7e43bbe82a70bebac296f8bc6f0addaa1a?s=96&d=mm&r=g","caption":"edicionweb"}}]}},"amp_enabled":true,"cmb2":{"video_ids_in_playlist":{"vid_p_videos":""},"video_ids_in_channel":{"vid_c_videos":""},"playlist_ids_in_channel":{"vid_c_playlists":""},"series_ids_in_channel":{"vid_c_series":""},"channel_images":{"vid_c_logo":"","vid_c_banner":""},"poster_feature_image":{"vid_m_poster_image":""},"gif_feature_image":{"vid_m_gif_image":""},"video_movie_settings":{"vid_m_director":"","vid_m_actor":"","vid_m_imdb_ratings":"","vid_m_amazon_associates":""},"vid_youtube_broadcasts_settings":{"vid_yb_broadcast_title":"","vid_yb_q":"","vid_yb_channelid":"","vid_yb_videocategoryid":"","vid_yb_maxresults":"","vid_yb_order":"","vid_yb_regioncode":"","vid_yb_videosyndicated":"","vid_yb_style":"","vid_yb_reload_first":""},"video_series_settings":{"vid_m_director":"","vid_m_actor":"","vid_m_imdb_ratings":"","video_series_group":""},"amazon_associates_settings":{"amazon_associates":"","amazon_native_ad":""},"vid_youtube_automatic_settings":{"vid_ya_youtube_source":"","vid_ya_update_every":"","vid_ya_update_unit":"","vid_ya_categories":"","vid_ya_published_after":"","vid_ya_published_before":"","vid_ya_playlists":"","vid_ya_channels":"","vid_ya_director":"","vid_ya_actor":"","vid_ya_author":"","vid_ya_import_post_date":"","vid_ya_status":"","vid_ya_sub_api_key":""},"vid_ads_m_videoads_settings_post":{"vid_ads_m_video_ads":"","vid_ads_m_video_ads_type":"","vid_ads_m_group_google_ima":"","vid_ads_m_group_image":"","vid_ads_m_group_html5_video":"","vid_ads_m_group_html":"","vid_ads_m_vast_preroll":"","vid_ads_m_vast_postroll":"","vid_ads_m_vast_pauseroll":"","vid_ads_m_vast_midroll":[{"vid_ads_m_vast_timer_seconds":"50"}],"vid_ads_m_time_to_show_ads":"","vid_ads_m_time_skip_ads":"","vid_ads_m_time_to_hide_ads":""},"page_slider_settings":{"display_slider_group":"","page_slider_group":""},"blog_page_settings":{"blog_page_title":"","blog_page_heading":"","blog_page_ic":"","blog_page_it":"","blog_page_ec":"","blog_page_ip":"","archive_loop_style":"","blog_image_ratio":"","blog_show_categories":"","blog_show_excerpt":"","blog_show_author":"","blog_show_date":"","blog_show_comment_count":"","blog_show_view_count":"","blog_show_like_count":"","blog_show_dislike_count":"","blog_items_per_page":"","blog_pag_type":""},"page_options":{"get_page_template":"","color_mode":"","main_layout":"","main_layout_full_with":"","main_logo":"","main_logo_retina":"","main_logo_mobile":"","main_logo_mobile_retina":"","sticky_logo":"","sticky_logo_retina":"","main_nav_layout":"","ajax_search":"","header_background":"","theme_sidebar":"","instagram_feed":"","instagram_feed_position":"","popular_videos":"","popular_videos_title_1":"","popular_videos_title_2":"","popular_videos_ic":"","popular_videos_it":"","theme_background":"","page_custom_css":""},"feature_image_settings":{"feature_image_position":""},"video_player_settings":{"single_video_style":"","video_player_position":"","vm_video_url":"","video_player_library":"","video_streaming":"","vm_media_sources":"","vid_auto_play":"","vm_video_shortcode":"","vid_p_sync_playlist":"","vid_c_sync_channel":"","get_post_format":"","multiple_links_structure":"default","multi_links_title":"","vm_video_multi_links":"","vm_duration":"","vid_social_locker":"off","vid_social_locker_id":"","vid_membership_action":"content-video","vm_video_trailer_url":"","vid_download_type":"free","vid_download_target":"download","vid_woo_product":"","vm_media_download":"","user_rating":"","user_rating_position":"","user_rating_mode":"","user_rating_multi_sets":""},"video_auto_fetch_settings":{"vm_video_fetch":"on"},"video_fake_views_likes":{"vm_fake_views":"","vm_fake_likes":"","vm_fake_dislikes":""},"gallery_settings":{"gallery_position":""},"quote_settings":{"quote_position":""},"post_options":{"main_layout":"","main_logo":"","main_logo_retina":"","main_logo_mobile":"","main_logo_mobile_retina":"","sticky_logo":"","sticky_logo_retina":"","main_nav_layout":"","header_background":"","theme_sidebar":"","single_post_comment_type":"","theme_background":""}},"_links":{"self":[{"href":"https:\/\/canal7slp.tv\/2019\/wp-json\/wp\/v2\/posts\/34313","targetHints":{"allow":["GET"]}}],"collection":[{"href":"https:\/\/canal7slp.tv\/2019\/wp-json\/wp\/v2\/posts"}],"about":[{"href":"https:\/\/canal7slp.tv\/2019\/wp-json\/wp\/v2\/types\/post"}],"author":[{"embeddable":true,"href":"https:\/\/canal7slp.tv\/2019\/wp-json\/wp\/v2\/users\/2"}],"replies":[{"embeddable":true,"href":"https:\/\/canal7slp.tv\/2019\/wp-json\/wp\/v2\/comments?post=34313"}],"version-history":[{"count":0,"href":"https:\/\/canal7slp.tv\/2019\/wp-json\/wp\/v2\/posts\/34313\/revisions"}],"wp:featuredmedia":[{"embeddable":true,"href":"https:\/\/canal7slp.tv\/2019\/wp-json\/wp\/v2\/media\/34326"}],"wp:attachment":[{"href":"https:\/\/canal7slp.tv\/2019\/wp-json\/wp\/v2\/media?parent=34313"}],"wp:term":[{"taxonomy":"category","embeddable":true,"href":"https:\/\/canal7slp.tv\/2019\/wp-json\/wp\/v2\/categories?post=34313"},{"taxonomy":"post_tag","embeddable":true,"href":"https:\/\/canal7slp.tv\/2019\/wp-json\/wp\/v2\/tags?post=34313"}],"curies":[{"name":"wp","href":"https:\/\/api.w.org\/{rel}","templated":true}]}}