{"id":34304,"date":"2019-07-16T18:47:26","date_gmt":"2019-07-16T23:47:26","guid":{"rendered":"https:\/\/canal7slp.tv\/2019\/?p=34304"},"modified":"2019-07-16T18:48:01","modified_gmt":"2019-07-16T23:48:01","slug":"fiscalia-de-slp-iguala-salario-de-mps-y-peritos-respecto-a-defensores-publicos","status":"publish","type":"post","link":"https:\/\/canal7slp.tv\/2019\/fiscalia-de-slp-iguala-salario-de-mps-y-peritos-respecto-a-defensores-publicos\/","title":{"rendered":"Fiscal\u00eda de SLP iguala salario de MPS y peritos respecto a defensores p\u00fablicos"},"content":{"rendered":"<ul>\n<li style=\"text-align: justify;\">En gira de trabajo por la huasteca el Fiscal recibi\u00f3 la noticia que comunic\u00f3 al personal<\/li>\n<li style=\"text-align: justify;\">Tambi\u00e9n a los Polic\u00edas de Investigaci\u00f3n se les reconocer\u00e1 seg\u00fan los est\u00e1ndares de la Polic\u00eda Estatal<\/li>\n<li style=\"text-align: justify;\">Era un tema prioritario de la instituci\u00f3n y del Consejo Ciudadano de Procuraci\u00f3n de Justicia<\/li>\n<\/ul>\n<p style=\"text-align: justify;\">Ciudad Valles.- En el marco de su gira por la Zona Huasteca, el Fiscal General del Estado de San Luis Potos\u00ed, Federico Arturo Garza Herrera, visit\u00f3 las instalaciones de la S\u00e9ptima Delegaci\u00f3n con sede en Ciudad Valles, en donde se reuni\u00f3 con Delegados, Ministerios P\u00fablicos, Peritos y Personal de la Polic\u00eda de Investigaci\u00f3n de esa regi\u00f3n, con la finalidad de tratar temas relacionados con las necesidades del personal de la instituci\u00f3n.<\/p>\n<p style=\"text-align: justify;\">\u201cPara mi es importante de viva voz, saber qu\u00e9 est\u00e1n pensando, c\u00f3mo van, qu\u00e9 necesidades tienen, c\u00f3mo podemos corregir algunas omisiones que se tengan, c\u00f3mo poder sumar y establecer un camino a seguir en la construcci\u00f3n de esta Fiscal\u00eda naciente\u201d, puntualiz\u00f3.<\/p>\n<p style=\"text-align: justify;\">Garza Herrera inform\u00f3 en ese momento a las y los presentes la aprobaci\u00f3n de la igualaci\u00f3n en el sueldo de Ministerios P\u00fablicos, Peritos y oficiales administrativos, conforme a lo que genan Defensores P\u00fablicos, situaci\u00f3n que se ha venido trabajado desde hace varios a\u00f1os, despu\u00e9s de la integraci\u00f3n del Consejo Ciudadano de Procuraci\u00f3n de Justicia, en donde un tema prioritario fue mejorar las condiciones laborales de las y los trabajadores de la FGESLP.<\/p>\n<p style=\"text-align: justify;\">\u201cEstoy muy contento con la noticia, se me acaba de informar que a los Ministerios P\u00fablicos, Peritos y a los oficiales administrativos se les va a igualar el salario, en relaci\u00f3n a lo que perciben los Defensores de Oficio, pero tambi\u00e9n se me dijo que en el caso de los Polic\u00edas de Investigaci\u00f3n se har\u00e1 el mismo procedimiento que se est\u00e1 realizando para los elementos de la Polic\u00eda Estatal, por lo que me parece una muy buena noticia, ya que hay un reconocimiento a su trabajo, hay una igualdad en cuanto a los salarios\u201d.<\/p>\n<p style=\"text-align: justify;\">Sobre la inversi\u00f3n en equipamiento destinado a \u00e1reas de investigaci\u00f3n, servicios periciales e infraestructura, el titular de la Fiscal\u00eda General del Estado confirm\u00f3 que se sigue trabajando en obtener recursos para mejorar cada espacio y dotar de mejores herramientas de trabajo al personal.<\/p>\n<p style=\"text-align: justify;\">\u201cEstamos trabajando en equipamiento, Plan M\u00e9rida nos va a apoyar con recursos, por lo que hace al FASP son recursos federales que est\u00e1n por llegar, lo que ser\u00e1 aplicado en las necesidades que se tienen en el \u00e1rea de investigaci\u00f3n, adem\u00e1s en el equipamiento de las instalaciones; estamos trabajando mucho en ello\u201d afirm\u00f3.<\/p>\n<p style=\"text-align: justify;\">M\u00e1s tarde se reuni\u00f3 con personal de la Cuarta Delegaci\u00f3n con sede en Rioverde en donde adem\u00e1s de dialogar con ellos sobre acciones de procuraci\u00f3n de justicia , hizo extensiva la noticia de la igualacion salarial para esta regi\u00f3n.<\/p>\n<p style=\"text-align: justify;\">De igual forma les indic\u00f3 que en los pr\u00f3ximos d\u00edas personal administrativo de la instituci\u00f3n les estar\u00e1 explicando esta igualaci\u00f3n salarial seg\u00fan cada caso.<\/p>\n","protected":false},"excerpt":{"rendered":"<p>En gira de trabajo por la huasteca el Fiscal recibi\u00f3 la noticia que comunic\u00f3 al personal Tambi\u00e9n a los Polic\u00edas de Investigaci\u00f3n se les reconocer\u00e1 seg\u00fan los est\u00e1ndares de la Polic\u00eda Estatal Era un tema prioritario de la instituci\u00f3n y del Consejo Ciudadano de Procuraci\u00f3n de Justicia Ciudad Valles.- En el marco de su gira [&hellip;]<\/p>\n","protected":false},"author":2,"featured_media":34308,"comment_status":"open","ping_status":"closed","sticky":false,"template":"","format":"standard","meta":{"footnotes":""},"categories":[17],"tags":[131],"class_list":["post-34304","post","type-post","status-publish","format-standard","has-post-thumbnail","hentry","category-localesyregionales","tag-fge"],"yoast_head":"<!-- This site is optimized with the Yoast SEO plugin v27.4 - https:\/\/yoast.com\/product\/yoast-seo-wordpress\/ -->\n<title>Fiscal\u00eda de SLP iguala salario de MPS y peritos respecto a defensores p\u00fablicos - Canal 7 SLP - 2019<\/title>\n<meta name=\"robots\" content=\"index, follow, max-snippet:-1, max-image-preview:large, max-video-preview:-1\" \/>\n<link rel=\"canonical\" href=\"https:\/\/canal7slp.tv\/2019\/fiscalia-de-slp-iguala-salario-de-mps-y-peritos-respecto-a-defensores-publicos\/\" \/>\n<meta property=\"og:locale\" content=\"es_ES\" \/>\n<meta property=\"og:type\" content=\"article\" \/>\n<meta property=\"og:title\" content=\"Fiscal\u00eda de SLP iguala salario de MPS y peritos respecto a defensores p\u00fablicos - Canal 7 SLP - 2019\" \/>\n<meta property=\"og:description\" content=\"En gira de trabajo por la huasteca el Fiscal recibi\u00f3 la noticia que comunic\u00f3 al personal Tambi\u00e9n a los Polic\u00edas de Investigaci\u00f3n se les reconocer\u00e1 seg\u00fan los est\u00e1ndares de la Polic\u00eda Estatal Era un tema prioritario de la instituci\u00f3n y del Consejo Ciudadano de Procuraci\u00f3n de Justicia Ciudad Valles.- En el marco de su gira [&hellip;]\" \/>\n<meta property=\"og:url\" content=\"https:\/\/canal7slp.tv\/2019\/fiscalia-de-slp-iguala-salario-de-mps-y-peritos-respecto-a-defensores-publicos\/\" \/>\n<meta property=\"og:site_name\" content=\"Canal 7 SLP - 2019\" \/>\n<meta property=\"article:publisher\" content=\"https:\/\/www.facebook.com\/CANAL7SLP\/\" \/>\n<meta property=\"article:published_time\" content=\"2019-07-16T23:47:26+00:00\" \/>\n<meta property=\"article:modified_time\" content=\"2019-07-16T23:48:01+00:00\" \/>\n<meta property=\"og:image\" content=\"https:\/\/canal7slp.tv\/2019\/wp-content\/uploads\/2019\/07\/z3-8.jpg\" \/>\n\t<meta property=\"og:image:width\" content=\"1280\" \/>\n\t<meta property=\"og:image:height\" content=\"622\" \/>\n\t<meta property=\"og:image:type\" content=\"image\/jpeg\" \/>\n<meta name=\"author\" content=\"edicionweb\" \/>\n<meta name=\"twitter:card\" content=\"summary_large_image\" \/>\n<meta name=\"twitter:creator\" content=\"@canal7_slp\" \/>\n<meta name=\"twitter:site\" content=\"@canal7_slp\" \/>\n<meta name=\"twitter:label1\" content=\"Escrito por\" \/>\n\t<meta name=\"twitter:data1\" content=\"edicionweb\" \/>\n\t<meta name=\"twitter:label2\" content=\"Tiempo de lectura\" \/>\n\t<meta name=\"twitter:data2\" content=\"3 minutos\" \/>\n<script type=\"application\/ld+json\" class=\"yoast-schema-graph\">{\"@context\":\"https:\\\/\\\/schema.org\",\"@graph\":[{\"@type\":\"Article\",\"@id\":\"https:\\\/\\\/canal7slp.tv\\\/2019\\\/fiscalia-de-slp-iguala-salario-de-mps-y-peritos-respecto-a-defensores-publicos\\\/#article\",\"isPartOf\":{\"@id\":\"https:\\\/\\\/canal7slp.tv\\\/2019\\\/fiscalia-de-slp-iguala-salario-de-mps-y-peritos-respecto-a-defensores-publicos\\\/\"},\"author\":{\"name\":\"edicionweb\",\"@id\":\"https:\\\/\\\/canal7slp.tv\\\/2019\\\/#\\\/schema\\\/person\\\/11d941c1c6ca30ac0a46b95fa37aa2e3\"},\"headline\":\"Fiscal\u00eda de SLP iguala salario de MPS y peritos respecto a defensores p\u00fablicos\",\"datePublished\":\"2019-07-16T23:47:26+00:00\",\"dateModified\":\"2019-07-16T23:48:01+00:00\",\"mainEntityOfPage\":{\"@id\":\"https:\\\/\\\/canal7slp.tv\\\/2019\\\/fiscalia-de-slp-iguala-salario-de-mps-y-peritos-respecto-a-defensores-publicos\\\/\"},\"wordCount\":552,\"commentCount\":0,\"publisher\":{\"@id\":\"https:\\\/\\\/canal7slp.tv\\\/2019\\\/#organization\"},\"image\":{\"@id\":\"https:\\\/\\\/canal7slp.tv\\\/2019\\\/fiscalia-de-slp-iguala-salario-de-mps-y-peritos-respecto-a-defensores-publicos\\\/#primaryimage\"},\"thumbnailUrl\":\"https:\\\/\\\/canal7slp.tv\\\/2019\\\/wp-content\\\/uploads\\\/2019\\\/07\\\/z3-8.jpg\",\"keywords\":[\"FGE\"],\"articleSection\":[\"LOCALES Y REGIONALES\"],\"inLanguage\":\"es\",\"potentialAction\":[{\"@type\":\"CommentAction\",\"name\":\"Comment\",\"target\":[\"https:\\\/\\\/canal7slp.tv\\\/2019\\\/fiscalia-de-slp-iguala-salario-de-mps-y-peritos-respecto-a-defensores-publicos\\\/#respond\"]}]},{\"@type\":\"WebPage\",\"@id\":\"https:\\\/\\\/canal7slp.tv\\\/2019\\\/fiscalia-de-slp-iguala-salario-de-mps-y-peritos-respecto-a-defensores-publicos\\\/\",\"url\":\"https:\\\/\\\/canal7slp.tv\\\/2019\\\/fiscalia-de-slp-iguala-salario-de-mps-y-peritos-respecto-a-defensores-publicos\\\/\",\"name\":\"Fiscal\u00eda de SLP iguala salario de MPS y peritos respecto a defensores p\u00fablicos - Canal 7 SLP - 2019\",\"isPartOf\":{\"@id\":\"https:\\\/\\\/canal7slp.tv\\\/2019\\\/#website\"},\"primaryImageOfPage\":{\"@id\":\"https:\\\/\\\/canal7slp.tv\\\/2019\\\/fiscalia-de-slp-iguala-salario-de-mps-y-peritos-respecto-a-defensores-publicos\\\/#primaryimage\"},\"image\":{\"@id\":\"https:\\\/\\\/canal7slp.tv\\\/2019\\\/fiscalia-de-slp-iguala-salario-de-mps-y-peritos-respecto-a-defensores-publicos\\\/#primaryimage\"},\"thumbnailUrl\":\"https:\\\/\\\/canal7slp.tv\\\/2019\\\/wp-content\\\/uploads\\\/2019\\\/07\\\/z3-8.jpg\",\"datePublished\":\"2019-07-16T23:47:26+00:00\",\"dateModified\":\"2019-07-16T23:48:01+00:00\",\"breadcrumb\":{\"@id\":\"https:\\\/\\\/canal7slp.tv\\\/2019\\\/fiscalia-de-slp-iguala-salario-de-mps-y-peritos-respecto-a-defensores-publicos\\\/#breadcrumb\"},\"inLanguage\":\"es\",\"potentialAction\":[{\"@type\":\"ReadAction\",\"target\":[\"https:\\\/\\\/canal7slp.tv\\\/2019\\\/fiscalia-de-slp-iguala-salario-de-mps-y-peritos-respecto-a-defensores-publicos\\\/\"]}]},{\"@type\":\"ImageObject\",\"inLanguage\":\"es\",\"@id\":\"https:\\\/\\\/canal7slp.tv\\\/2019\\\/fiscalia-de-slp-iguala-salario-de-mps-y-peritos-respecto-a-defensores-publicos\\\/#primaryimage\",\"url\":\"https:\\\/\\\/canal7slp.tv\\\/2019\\\/wp-content\\\/uploads\\\/2019\\\/07\\\/z3-8.jpg\",\"contentUrl\":\"https:\\\/\\\/canal7slp.tv\\\/2019\\\/wp-content\\\/uploads\\\/2019\\\/07\\\/z3-8.jpg\",\"width\":1280,\"height\":622},{\"@type\":\"BreadcrumbList\",\"@id\":\"https:\\\/\\\/canal7slp.tv\\\/2019\\\/fiscalia-de-slp-iguala-salario-de-mps-y-peritos-respecto-a-defensores-publicos\\\/#breadcrumb\",\"itemListElement\":[{\"@type\":\"ListItem\",\"position\":1,\"name\":\"Home\",\"item\":\"https:\\\/\\\/canal7slp.tv\\\/2019\\\/\"},{\"@type\":\"ListItem\",\"position\":2,\"name\":\"Fiscal\u00eda de SLP iguala salario de MPS y peritos respecto a defensores p\u00fablicos\"}]},{\"@type\":\"WebSite\",\"@id\":\"https:\\\/\\\/canal7slp.tv\\\/2019\\\/#website\",\"url\":\"https:\\\/\\\/canal7slp.tv\\\/2019\\\/\",\"name\":\"Canal 7 SLP - Somos TV\",\"description\":\"Somos un Canal de 10\",\"publisher\":{\"@id\":\"https:\\\/\\\/canal7slp.tv\\\/2019\\\/#organization\"},\"potentialAction\":[{\"@type\":\"SearchAction\",\"target\":{\"@type\":\"EntryPoint\",\"urlTemplate\":\"https:\\\/\\\/canal7slp.tv\\\/2019\\\/?s={search_term_string}\"},\"query-input\":{\"@type\":\"PropertyValueSpecification\",\"valueRequired\":true,\"valueName\":\"search_term_string\"}}],\"inLanguage\":\"es\"},{\"@type\":\"Organization\",\"@id\":\"https:\\\/\\\/canal7slp.tv\\\/2019\\\/#organization\",\"name\":\"Comunicaci\u00f3n 2000 S.A. de C.V.\",\"url\":\"https:\\\/\\\/canal7slp.tv\\\/2019\\\/\",\"logo\":{\"@type\":\"ImageObject\",\"inLanguage\":\"es\",\"@id\":\"https:\\\/\\\/canal7slp.tv\\\/2019\\\/#\\\/schema\\\/logo\\\/image\\\/\",\"url\":\"https:\\\/\\\/canal7slp.tv\\\/2019\\\/wp-content\\\/uploads\\\/2019\\\/07\\\/logo-c7.png\",\"contentUrl\":\"https:\\\/\\\/canal7slp.tv\\\/2019\\\/wp-content\\\/uploads\\\/2019\\\/07\\\/logo-c7.png\",\"width\":220,\"height\":60,\"caption\":\"Comunicaci\u00f3n 2000 S.A. de C.V.\"},\"image\":{\"@id\":\"https:\\\/\\\/canal7slp.tv\\\/2019\\\/#\\\/schema\\\/logo\\\/image\\\/\"},\"sameAs\":[\"https:\\\/\\\/www.facebook.com\\\/CANAL7SLP\\\/\",\"https:\\\/\\\/x.com\\\/canal7_slp\",\"https:\\\/\\\/www.instagram.com\\\/canal7_slp\",\"https:\\\/\\\/www.youtube.com\\\/user\\\/NOTICIEROSCANAL7SLP\\\/\"]},{\"@type\":\"Person\",\"@id\":\"https:\\\/\\\/canal7slp.tv\\\/2019\\\/#\\\/schema\\\/person\\\/11d941c1c6ca30ac0a46b95fa37aa2e3\",\"name\":\"edicionweb\",\"image\":{\"@type\":\"ImageObject\",\"inLanguage\":\"es\",\"@id\":\"https:\\\/\\\/secure.gravatar.com\\\/avatar\\\/eee448fc3f7164808013b816ba91ac7e43bbe82a70bebac296f8bc6f0addaa1a?s=96&d=mm&r=g\",\"url\":\"https:\\\/\\\/secure.gravatar.com\\\/avatar\\\/eee448fc3f7164808013b816ba91ac7e43bbe82a70bebac296f8bc6f0addaa1a?s=96&d=mm&r=g\",\"contentUrl\":\"https:\\\/\\\/secure.gravatar.com\\\/avatar\\\/eee448fc3f7164808013b816ba91ac7e43bbe82a70bebac296f8bc6f0addaa1a?s=96&d=mm&r=g\",\"caption\":\"edicionweb\"}}]}<\/script>\n<!-- \/ Yoast SEO plugin. -->","yoast_head_json":{"title":"Fiscal\u00eda de SLP iguala salario de MPS y peritos respecto a defensores p\u00fablicos - Canal 7 SLP - 2019","robots":{"index":"index","follow":"follow","max-snippet":"max-snippet:-1","max-image-preview":"max-image-preview:large","max-video-preview":"max-video-preview:-1"},"canonical":"https:\/\/canal7slp.tv\/2019\/fiscalia-de-slp-iguala-salario-de-mps-y-peritos-respecto-a-defensores-publicos\/","og_locale":"es_ES","og_type":"article","og_title":"Fiscal\u00eda de SLP iguala salario de MPS y peritos respecto a defensores p\u00fablicos - Canal 7 SLP - 2019","og_description":"En gira de trabajo por la huasteca el Fiscal recibi\u00f3 la noticia que comunic\u00f3 al personal Tambi\u00e9n a los Polic\u00edas de Investigaci\u00f3n se les reconocer\u00e1 seg\u00fan los est\u00e1ndares de la Polic\u00eda Estatal Era un tema prioritario de la instituci\u00f3n y del Consejo Ciudadano de Procuraci\u00f3n de Justicia Ciudad Valles.- En el marco de su gira [&hellip;]","og_url":"https:\/\/canal7slp.tv\/2019\/fiscalia-de-slp-iguala-salario-de-mps-y-peritos-respecto-a-defensores-publicos\/","og_site_name":"Canal 7 SLP - 2019","article_publisher":"https:\/\/www.facebook.com\/CANAL7SLP\/","article_published_time":"2019-07-16T23:47:26+00:00","article_modified_time":"2019-07-16T23:48:01+00:00","og_image":[{"width":1280,"height":622,"url":"https:\/\/canal7slp.tv\/2019\/wp-content\/uploads\/2019\/07\/z3-8.jpg","type":"image\/jpeg"}],"author":"edicionweb","twitter_card":"summary_large_image","twitter_creator":"@canal7_slp","twitter_site":"@canal7_slp","twitter_misc":{"Escrito por":"edicionweb","Tiempo de lectura":"3 minutos"},"schema":{"@context":"https:\/\/schema.org","@graph":[{"@type":"Article","@id":"https:\/\/canal7slp.tv\/2019\/fiscalia-de-slp-iguala-salario-de-mps-y-peritos-respecto-a-defensores-publicos\/#article","isPartOf":{"@id":"https:\/\/canal7slp.tv\/2019\/fiscalia-de-slp-iguala-salario-de-mps-y-peritos-respecto-a-defensores-publicos\/"},"author":{"name":"edicionweb","@id":"https:\/\/canal7slp.tv\/2019\/#\/schema\/person\/11d941c1c6ca30ac0a46b95fa37aa2e3"},"headline":"Fiscal\u00eda de SLP iguala salario de MPS y peritos respecto a defensores p\u00fablicos","datePublished":"2019-07-16T23:47:26+00:00","dateModified":"2019-07-16T23:48:01+00:00","mainEntityOfPage":{"@id":"https:\/\/canal7slp.tv\/2019\/fiscalia-de-slp-iguala-salario-de-mps-y-peritos-respecto-a-defensores-publicos\/"},"wordCount":552,"commentCount":0,"publisher":{"@id":"https:\/\/canal7slp.tv\/2019\/#organization"},"image":{"@id":"https:\/\/canal7slp.tv\/2019\/fiscalia-de-slp-iguala-salario-de-mps-y-peritos-respecto-a-defensores-publicos\/#primaryimage"},"thumbnailUrl":"https:\/\/canal7slp.tv\/2019\/wp-content\/uploads\/2019\/07\/z3-8.jpg","keywords":["FGE"],"articleSection":["LOCALES Y REGIONALES"],"inLanguage":"es","potentialAction":[{"@type":"CommentAction","name":"Comment","target":["https:\/\/canal7slp.tv\/2019\/fiscalia-de-slp-iguala-salario-de-mps-y-peritos-respecto-a-defensores-publicos\/#respond"]}]},{"@type":"WebPage","@id":"https:\/\/canal7slp.tv\/2019\/fiscalia-de-slp-iguala-salario-de-mps-y-peritos-respecto-a-defensores-publicos\/","url":"https:\/\/canal7slp.tv\/2019\/fiscalia-de-slp-iguala-salario-de-mps-y-peritos-respecto-a-defensores-publicos\/","name":"Fiscal\u00eda de SLP iguala salario de MPS y peritos respecto a defensores p\u00fablicos - Canal 7 SLP - 2019","isPartOf":{"@id":"https:\/\/canal7slp.tv\/2019\/#website"},"primaryImageOfPage":{"@id":"https:\/\/canal7slp.tv\/2019\/fiscalia-de-slp-iguala-salario-de-mps-y-peritos-respecto-a-defensores-publicos\/#primaryimage"},"image":{"@id":"https:\/\/canal7slp.tv\/2019\/fiscalia-de-slp-iguala-salario-de-mps-y-peritos-respecto-a-defensores-publicos\/#primaryimage"},"thumbnailUrl":"https:\/\/canal7slp.tv\/2019\/wp-content\/uploads\/2019\/07\/z3-8.jpg","datePublished":"2019-07-16T23:47:26+00:00","dateModified":"2019-07-16T23:48:01+00:00","breadcrumb":{"@id":"https:\/\/canal7slp.tv\/2019\/fiscalia-de-slp-iguala-salario-de-mps-y-peritos-respecto-a-defensores-publicos\/#breadcrumb"},"inLanguage":"es","potentialAction":[{"@type":"ReadAction","target":["https:\/\/canal7slp.tv\/2019\/fiscalia-de-slp-iguala-salario-de-mps-y-peritos-respecto-a-defensores-publicos\/"]}]},{"@type":"ImageObject","inLanguage":"es","@id":"https:\/\/canal7slp.tv\/2019\/fiscalia-de-slp-iguala-salario-de-mps-y-peritos-respecto-a-defensores-publicos\/#primaryimage","url":"https:\/\/canal7slp.tv\/2019\/wp-content\/uploads\/2019\/07\/z3-8.jpg","contentUrl":"https:\/\/canal7slp.tv\/2019\/wp-content\/uploads\/2019\/07\/z3-8.jpg","width":1280,"height":622},{"@type":"BreadcrumbList","@id":"https:\/\/canal7slp.tv\/2019\/fiscalia-de-slp-iguala-salario-de-mps-y-peritos-respecto-a-defensores-publicos\/#breadcrumb","itemListElement":[{"@type":"ListItem","position":1,"name":"Home","item":"https:\/\/canal7slp.tv\/2019\/"},{"@type":"ListItem","position":2,"name":"Fiscal\u00eda de SLP iguala salario de MPS y peritos respecto a defensores p\u00fablicos"}]},{"@type":"WebSite","@id":"https:\/\/canal7slp.tv\/2019\/#website","url":"https:\/\/canal7slp.tv\/2019\/","name":"Canal 7 SLP - Somos TV","description":"Somos un Canal de 10","publisher":{"@id":"https:\/\/canal7slp.tv\/2019\/#organization"},"potentialAction":[{"@type":"SearchAction","target":{"@type":"EntryPoint","urlTemplate":"https:\/\/canal7slp.tv\/2019\/?s={search_term_string}"},"query-input":{"@type":"PropertyValueSpecification","valueRequired":true,"valueName":"search_term_string"}}],"inLanguage":"es"},{"@type":"Organization","@id":"https:\/\/canal7slp.tv\/2019\/#organization","name":"Comunicaci\u00f3n 2000 S.A. de C.V.","url":"https:\/\/canal7slp.tv\/2019\/","logo":{"@type":"ImageObject","inLanguage":"es","@id":"https:\/\/canal7slp.tv\/2019\/#\/schema\/logo\/image\/","url":"https:\/\/canal7slp.tv\/2019\/wp-content\/uploads\/2019\/07\/logo-c7.png","contentUrl":"https:\/\/canal7slp.tv\/2019\/wp-content\/uploads\/2019\/07\/logo-c7.png","width":220,"height":60,"caption":"Comunicaci\u00f3n 2000 S.A. de C.V."},"image":{"@id":"https:\/\/canal7slp.tv\/2019\/#\/schema\/logo\/image\/"},"sameAs":["https:\/\/www.facebook.com\/CANAL7SLP\/","https:\/\/x.com\/canal7_slp","https:\/\/www.instagram.com\/canal7_slp","https:\/\/www.youtube.com\/user\/NOTICIEROSCANAL7SLP\/"]},{"@type":"Person","@id":"https:\/\/canal7slp.tv\/2019\/#\/schema\/person\/11d941c1c6ca30ac0a46b95fa37aa2e3","name":"edicionweb","image":{"@type":"ImageObject","inLanguage":"es","@id":"https:\/\/secure.gravatar.com\/avatar\/eee448fc3f7164808013b816ba91ac7e43bbe82a70bebac296f8bc6f0addaa1a?s=96&d=mm&r=g","url":"https:\/\/secure.gravatar.com\/avatar\/eee448fc3f7164808013b816ba91ac7e43bbe82a70bebac296f8bc6f0addaa1a?s=96&d=mm&r=g","contentUrl":"https:\/\/secure.gravatar.com\/avatar\/eee448fc3f7164808013b816ba91ac7e43bbe82a70bebac296f8bc6f0addaa1a?s=96&d=mm&r=g","caption":"edicionweb"}}]}},"amp_enabled":true,"cmb2":{"video_ids_in_playlist":{"vid_p_videos":""},"video_ids_in_channel":{"vid_c_videos":""},"playlist_ids_in_channel":{"vid_c_playlists":""},"series_ids_in_channel":{"vid_c_series":""},"channel_images":{"vid_c_logo":"","vid_c_banner":""},"poster_feature_image":{"vid_m_poster_image":""},"gif_feature_image":{"vid_m_gif_image":""},"video_movie_settings":{"vid_m_director":"","vid_m_actor":"","vid_m_imdb_ratings":"","vid_m_amazon_associates":""},"vid_youtube_broadcasts_settings":{"vid_yb_broadcast_title":"","vid_yb_q":"","vid_yb_channelid":"","vid_yb_videocategoryid":"","vid_yb_maxresults":"","vid_yb_order":"","vid_yb_regioncode":"","vid_yb_videosyndicated":"","vid_yb_style":"","vid_yb_reload_first":""},"video_series_settings":{"vid_m_director":"","vid_m_actor":"","vid_m_imdb_ratings":"","video_series_group":""},"amazon_associates_settings":{"amazon_associates":"","amazon_native_ad":""},"vid_youtube_automatic_settings":{"vid_ya_youtube_source":"","vid_ya_update_every":"","vid_ya_update_unit":"","vid_ya_categories":"","vid_ya_published_after":"","vid_ya_published_before":"","vid_ya_playlists":"","vid_ya_channels":"","vid_ya_director":"","vid_ya_actor":"","vid_ya_author":"","vid_ya_import_post_date":"","vid_ya_status":"","vid_ya_sub_api_key":""},"vid_ads_m_videoads_settings_post":{"vid_ads_m_video_ads":"","vid_ads_m_video_ads_type":"","vid_ads_m_group_google_ima":"","vid_ads_m_group_image":"","vid_ads_m_group_html5_video":"","vid_ads_m_group_html":"","vid_ads_m_vast_preroll":"","vid_ads_m_vast_postroll":"","vid_ads_m_vast_pauseroll":"","vid_ads_m_vast_midroll":[{"vid_ads_m_vast_timer_seconds":"50"}],"vid_ads_m_time_to_show_ads":"","vid_ads_m_time_skip_ads":"","vid_ads_m_time_to_hide_ads":""},"page_slider_settings":{"display_slider_group":"","page_slider_group":""},"blog_page_settings":{"blog_page_title":"","blog_page_heading":"","blog_page_ic":"","blog_page_it":"","blog_page_ec":"","blog_page_ip":"","archive_loop_style":"","blog_image_ratio":"","blog_show_categories":"","blog_show_excerpt":"","blog_show_author":"","blog_show_date":"","blog_show_comment_count":"","blog_show_view_count":"","blog_show_like_count":"","blog_show_dislike_count":"","blog_items_per_page":"","blog_pag_type":""},"page_options":{"get_page_template":"","color_mode":"","main_layout":"","main_layout_full_with":"","main_logo":"","main_logo_retina":"","main_logo_mobile":"","main_logo_mobile_retina":"","sticky_logo":"","sticky_logo_retina":"","main_nav_layout":"","ajax_search":"","header_background":"","theme_sidebar":"","instagram_feed":"","instagram_feed_position":"","popular_videos":"","popular_videos_title_1":"","popular_videos_title_2":"","popular_videos_ic":"","popular_videos_it":"","theme_background":"","page_custom_css":""},"feature_image_settings":{"feature_image_position":""},"video_player_settings":{"single_video_style":"","video_player_position":"","vm_video_url":"","video_player_library":"","video_streaming":"","vm_media_sources":"","vid_auto_play":"","vm_video_shortcode":"","vid_p_sync_playlist":"","vid_c_sync_channel":"","get_post_format":"","multiple_links_structure":"default","multi_links_title":"","vm_video_multi_links":"","vm_duration":"","vid_social_locker":"off","vid_social_locker_id":"","vid_membership_action":"content-video","vm_video_trailer_url":"","vid_download_type":"free","vid_download_target":"download","vid_woo_product":"","vm_media_download":"","user_rating":"","user_rating_position":"","user_rating_mode":"","user_rating_multi_sets":""},"video_auto_fetch_settings":{"vm_video_fetch":"on"},"video_fake_views_likes":{"vm_fake_views":"","vm_fake_likes":"","vm_fake_dislikes":""},"gallery_settings":{"gallery_position":""},"quote_settings":{"quote_position":""},"post_options":{"main_layout":"","main_logo":"","main_logo_retina":"","main_logo_mobile":"","main_logo_mobile_retina":"","sticky_logo":"","sticky_logo_retina":"","main_nav_layout":"","header_background":"","theme_sidebar":"","single_post_comment_type":"","theme_background":""}},"_links":{"self":[{"href":"https:\/\/canal7slp.tv\/2019\/wp-json\/wp\/v2\/posts\/34304","targetHints":{"allow":["GET"]}}],"collection":[{"href":"https:\/\/canal7slp.tv\/2019\/wp-json\/wp\/v2\/posts"}],"about":[{"href":"https:\/\/canal7slp.tv\/2019\/wp-json\/wp\/v2\/types\/post"}],"author":[{"embeddable":true,"href":"https:\/\/canal7slp.tv\/2019\/wp-json\/wp\/v2\/users\/2"}],"replies":[{"embeddable":true,"href":"https:\/\/canal7slp.tv\/2019\/wp-json\/wp\/v2\/comments?post=34304"}],"version-history":[{"count":0,"href":"https:\/\/canal7slp.tv\/2019\/wp-json\/wp\/v2\/posts\/34304\/revisions"}],"wp:featuredmedia":[{"embeddable":true,"href":"https:\/\/canal7slp.tv\/2019\/wp-json\/wp\/v2\/media\/34308"}],"wp:attachment":[{"href":"https:\/\/canal7slp.tv\/2019\/wp-json\/wp\/v2\/media?parent=34304"}],"wp:term":[{"taxonomy":"category","embeddable":true,"href":"https:\/\/canal7slp.tv\/2019\/wp-json\/wp\/v2\/categories?post=34304"},{"taxonomy":"post_tag","embeddable":true,"href":"https:\/\/canal7slp.tv\/2019\/wp-json\/wp\/v2\/tags?post=34304"}],"curies":[{"name":"wp","href":"https:\/\/api.w.org\/{rel}","templated":true}]}}