{"id":34025,"date":"2019-07-16T17:23:10","date_gmt":"2019-07-16T22:23:10","guid":{"rendered":"https:\/\/canal7slp.tv\/2019\/?p=34025"},"modified":"2019-07-16T17:23:24","modified_gmt":"2019-07-16T22:23:24","slug":"la-tuberculosis-es-una-enfermedad-infecciosa-que-afecta-en-gran-medida-los-pulmones","status":"publish","type":"post","link":"https:\/\/canal7slp.tv\/2019\/la-tuberculosis-es-una-enfermedad-infecciosa-que-afecta-en-gran-medida-los-pulmones\/","title":{"rendered":"La tuberculosis es una enfermedad infecciosa que afecta en gran medida los pulmones."},"content":{"rendered":"<p style=\"text-align: justify;\">SLP.- La tuberculosis es una enfermedad infecciosa que puede afectar cualquier \u00f3rgano del cuerpo, pero que en un 80% afecta a los pulmones y es causada por una micro bacteria llamada (Mycobacterium tuberculosis), la cual se transmite de persona a persona a trav\u00e9s de gotas de saliva salpicadas al estornudar, toser o hablar.<\/p>\n<p style=\"text-align: justify;\">La titular de la secretaria de salud, M\u00f3nica Liliana Rangel Mart\u00ednez, inform\u00f3 que se han presentado casos dentro de los par\u00e1metros normales, pero que es importante para la Secretar\u00eda la detecci\u00f3n temprana de la enfermedad para descartar si \u00e9sta es pulmonar, men\u00edngea o de otro tipo.<\/p>\n<p style=\"text-align: justify;\">La funcionaria estatal explic\u00f3 que los signos y s\u00edntomas m\u00e1s comunes son fiebre con predominio nocturno, dificultad respiratoria, tos con sangre, escalofr\u00edos, fatiga, p\u00e9rdida de peso sin raz\u00f3n aparente, sudoraciones nocturnas y ganglios linf\u00e1ticos inflamados; y al ser todos s\u00edntomas que pueden confundirse con otras patolog\u00edas, es importante que acudan de manera inmediata al m\u00e9dico para que se les practique la prueba de basiloscop\u00eda o de radiograf\u00eda de t\u00f3rax.<\/p>\n<p style=\"text-align: justify;\">Indic\u00f3 que la poblaci\u00f3n m\u00e1s vulnerable para adquirir la enfermedad es aquella que presenta enfermedades que afectan su sistema inmunol\u00f3gico, como personas con diabetes, desnutrici\u00f3n, artritis reumatoide, c\u00e1ncer y quienes conviven con personas que padezcan la enfermedad.<\/p>\n<p style=\"text-align: justify;\">Record\u00f3 que en 1995 la Organizaci\u00f3n Mundial de la Salud evalu\u00f3 el Programa de Prevenci\u00f3n y Control de la Tuberculosis, recomendando la instrumentaci\u00f3n de la Estrategia de Tratamiento Acortado Estrictamente Supervisado (TAES) con la finalidad de mejorar las tasas de curaci\u00f3n, reducir la morbilidad, mortalidad y la transmisi\u00f3n del padecimiento, iniciando la estrategia en 1996 en las 32 entidades federativas.<\/p>\n<p style=\"text-align: justify;\">Finalmente se\u00f1al\u00f3 que ante la presencia de los signos y s\u00edntomas ya mencionados deben acudir a la Unidad de Salud m\u00e1s cercana para solicitar el estudio de la flema con el microscopio.<\/p>\n<p>Por: Rita Contreras<\/p>\n","protected":false},"excerpt":{"rendered":"<p>SLP.- La tuberculosis es una enfermedad infecciosa que puede afectar cualquier \u00f3rgano del cuerpo, pero que en un 80% afecta a los pulmones y es causada por una micro bacteria llamada (Mycobacterium tuberculosis), la cual se transmite de persona a persona a trav\u00e9s de gotas de saliva salpicadas al estornudar, toser o hablar. La titular [&hellip;]<\/p>\n","protected":false},"author":2,"featured_media":34028,"comment_status":"open","ping_status":"closed","sticky":false,"template":"","format":"video","meta":{"footnotes":""},"categories":[17],"tags":[1239],"class_list":["post-34025","post","type-post","status-publish","format-video","has-post-thumbnail","hentry","category-localesyregionales","tag-tuberculosis","post_format-post-format-video"],"yoast_head":"<!-- This site is optimized with the Yoast SEO plugin v27.4 - https:\/\/yoast.com\/product\/yoast-seo-wordpress\/ -->\n<title>La tuberculosis es una enfermedad infecciosa que afecta en gran medida los pulmones. - Canal 7 SLP - 2019<\/title>\n<meta name=\"robots\" content=\"index, follow, max-snippet:-1, max-image-preview:large, max-video-preview:-1\" \/>\n<link rel=\"canonical\" href=\"https:\/\/canal7slp.tv\/2019\/la-tuberculosis-es-una-enfermedad-infecciosa-que-afecta-en-gran-medida-los-pulmones\/\" \/>\n<meta property=\"og:locale\" content=\"es_ES\" \/>\n<meta property=\"og:type\" content=\"article\" \/>\n<meta property=\"og:title\" content=\"La tuberculosis es una enfermedad infecciosa que afecta en gran medida los pulmones. - Canal 7 SLP - 2019\" \/>\n<meta property=\"og:description\" content=\"SLP.- La tuberculosis es una enfermedad infecciosa que puede afectar cualquier \u00f3rgano del cuerpo, pero que en un 80% afecta a los pulmones y es causada por una micro bacteria llamada (Mycobacterium tuberculosis), la cual se transmite de persona a persona a trav\u00e9s de gotas de saliva salpicadas al estornudar, toser o hablar. La titular [&hellip;]\" \/>\n<meta property=\"og:url\" content=\"https:\/\/canal7slp.tv\/2019\/la-tuberculosis-es-una-enfermedad-infecciosa-que-afecta-en-gran-medida-los-pulmones\/\" \/>\n<meta property=\"og:site_name\" content=\"Canal 7 SLP - 2019\" \/>\n<meta property=\"article:publisher\" content=\"https:\/\/www.facebook.com\/CANAL7SLP\/\" \/>\n<meta property=\"article:published_time\" content=\"2019-07-16T22:23:10+00:00\" \/>\n<meta property=\"article:modified_time\" content=\"2019-07-16T22:23:24+00:00\" \/>\n<meta property=\"og:image\" content=\"https:\/\/canal7slp.tv\/2019\/wp-content\/uploads\/2019\/07\/tuberculosis.jpg\" \/>\n\t<meta property=\"og:image:width\" content=\"750\" \/>\n\t<meta property=\"og:image:height\" content=\"421\" \/>\n\t<meta property=\"og:image:type\" content=\"image\/jpeg\" \/>\n<meta name=\"author\" content=\"edicionweb\" \/>\n<meta name=\"twitter:card\" content=\"summary_large_image\" \/>\n<meta name=\"twitter:creator\" content=\"@canal7_slp\" \/>\n<meta name=\"twitter:site\" content=\"@canal7_slp\" \/>\n<meta name=\"twitter:label1\" content=\"Escrito por\" \/>\n\t<meta name=\"twitter:data1\" content=\"edicionweb\" \/>\n\t<meta name=\"twitter:label2\" content=\"Tiempo de lectura\" \/>\n\t<meta name=\"twitter:data2\" content=\"2 minutos\" \/>\n<script type=\"application\/ld+json\" class=\"yoast-schema-graph\">{\"@context\":\"https:\\\/\\\/schema.org\",\"@graph\":[{\"@type\":\"Article\",\"@id\":\"https:\\\/\\\/canal7slp.tv\\\/2019\\\/la-tuberculosis-es-una-enfermedad-infecciosa-que-afecta-en-gran-medida-los-pulmones\\\/#article\",\"isPartOf\":{\"@id\":\"https:\\\/\\\/canal7slp.tv\\\/2019\\\/la-tuberculosis-es-una-enfermedad-infecciosa-que-afecta-en-gran-medida-los-pulmones\\\/\"},\"author\":{\"name\":\"edicionweb\",\"@id\":\"https:\\\/\\\/canal7slp.tv\\\/2019\\\/#\\\/schema\\\/person\\\/11d941c1c6ca30ac0a46b95fa37aa2e3\"},\"headline\":\"La tuberculosis es una enfermedad infecciosa que afecta en gran medida los pulmones.\",\"datePublished\":\"2019-07-16T22:23:10+00:00\",\"dateModified\":\"2019-07-16T22:23:24+00:00\",\"mainEntityOfPage\":{\"@id\":\"https:\\\/\\\/canal7slp.tv\\\/2019\\\/la-tuberculosis-es-una-enfermedad-infecciosa-que-afecta-en-gran-medida-los-pulmones\\\/\"},\"wordCount\":342,\"commentCount\":0,\"publisher\":{\"@id\":\"https:\\\/\\\/canal7slp.tv\\\/2019\\\/#organization\"},\"image\":{\"@id\":\"https:\\\/\\\/canal7slp.tv\\\/2019\\\/la-tuberculosis-es-una-enfermedad-infecciosa-que-afecta-en-gran-medida-los-pulmones\\\/#primaryimage\"},\"thumbnailUrl\":\"https:\\\/\\\/canal7slp.tv\\\/2019\\\/wp-content\\\/uploads\\\/2019\\\/07\\\/tuberculosis.jpg\",\"keywords\":[\"tuberculosis\"],\"articleSection\":[\"LOCALES Y REGIONALES\"],\"inLanguage\":\"es\",\"potentialAction\":[{\"@type\":\"CommentAction\",\"name\":\"Comment\",\"target\":[\"https:\\\/\\\/canal7slp.tv\\\/2019\\\/la-tuberculosis-es-una-enfermedad-infecciosa-que-afecta-en-gran-medida-los-pulmones\\\/#respond\"]}]},{\"@type\":\"WebPage\",\"@id\":\"https:\\\/\\\/canal7slp.tv\\\/2019\\\/la-tuberculosis-es-una-enfermedad-infecciosa-que-afecta-en-gran-medida-los-pulmones\\\/\",\"url\":\"https:\\\/\\\/canal7slp.tv\\\/2019\\\/la-tuberculosis-es-una-enfermedad-infecciosa-que-afecta-en-gran-medida-los-pulmones\\\/\",\"name\":\"La tuberculosis es una enfermedad infecciosa que afecta en gran medida los pulmones. - Canal 7 SLP - 2019\",\"isPartOf\":{\"@id\":\"https:\\\/\\\/canal7slp.tv\\\/2019\\\/#website\"},\"primaryImageOfPage\":{\"@id\":\"https:\\\/\\\/canal7slp.tv\\\/2019\\\/la-tuberculosis-es-una-enfermedad-infecciosa-que-afecta-en-gran-medida-los-pulmones\\\/#primaryimage\"},\"image\":{\"@id\":\"https:\\\/\\\/canal7slp.tv\\\/2019\\\/la-tuberculosis-es-una-enfermedad-infecciosa-que-afecta-en-gran-medida-los-pulmones\\\/#primaryimage\"},\"thumbnailUrl\":\"https:\\\/\\\/canal7slp.tv\\\/2019\\\/wp-content\\\/uploads\\\/2019\\\/07\\\/tuberculosis.jpg\",\"datePublished\":\"2019-07-16T22:23:10+00:00\",\"dateModified\":\"2019-07-16T22:23:24+00:00\",\"breadcrumb\":{\"@id\":\"https:\\\/\\\/canal7slp.tv\\\/2019\\\/la-tuberculosis-es-una-enfermedad-infecciosa-que-afecta-en-gran-medida-los-pulmones\\\/#breadcrumb\"},\"inLanguage\":\"es\",\"potentialAction\":[{\"@type\":\"ReadAction\",\"target\":[\"https:\\\/\\\/canal7slp.tv\\\/2019\\\/la-tuberculosis-es-una-enfermedad-infecciosa-que-afecta-en-gran-medida-los-pulmones\\\/\"]}]},{\"@type\":\"ImageObject\",\"inLanguage\":\"es\",\"@id\":\"https:\\\/\\\/canal7slp.tv\\\/2019\\\/la-tuberculosis-es-una-enfermedad-infecciosa-que-afecta-en-gran-medida-los-pulmones\\\/#primaryimage\",\"url\":\"https:\\\/\\\/canal7slp.tv\\\/2019\\\/wp-content\\\/uploads\\\/2019\\\/07\\\/tuberculosis.jpg\",\"contentUrl\":\"https:\\\/\\\/canal7slp.tv\\\/2019\\\/wp-content\\\/uploads\\\/2019\\\/07\\\/tuberculosis.jpg\",\"width\":750,\"height\":421},{\"@type\":\"BreadcrumbList\",\"@id\":\"https:\\\/\\\/canal7slp.tv\\\/2019\\\/la-tuberculosis-es-una-enfermedad-infecciosa-que-afecta-en-gran-medida-los-pulmones\\\/#breadcrumb\",\"itemListElement\":[{\"@type\":\"ListItem\",\"position\":1,\"name\":\"Home\",\"item\":\"https:\\\/\\\/canal7slp.tv\\\/2019\\\/\"},{\"@type\":\"ListItem\",\"position\":2,\"name\":\"La tuberculosis es una enfermedad infecciosa que afecta en gran medida los pulmones.\"}]},{\"@type\":\"WebSite\",\"@id\":\"https:\\\/\\\/canal7slp.tv\\\/2019\\\/#website\",\"url\":\"https:\\\/\\\/canal7slp.tv\\\/2019\\\/\",\"name\":\"Canal 7 SLP - Somos TV\",\"description\":\"Somos un Canal de 10\",\"publisher\":{\"@id\":\"https:\\\/\\\/canal7slp.tv\\\/2019\\\/#organization\"},\"potentialAction\":[{\"@type\":\"SearchAction\",\"target\":{\"@type\":\"EntryPoint\",\"urlTemplate\":\"https:\\\/\\\/canal7slp.tv\\\/2019\\\/?s={search_term_string}\"},\"query-input\":{\"@type\":\"PropertyValueSpecification\",\"valueRequired\":true,\"valueName\":\"search_term_string\"}}],\"inLanguage\":\"es\"},{\"@type\":\"Organization\",\"@id\":\"https:\\\/\\\/canal7slp.tv\\\/2019\\\/#organization\",\"name\":\"Comunicaci\u00f3n 2000 S.A. de C.V.\",\"url\":\"https:\\\/\\\/canal7slp.tv\\\/2019\\\/\",\"logo\":{\"@type\":\"ImageObject\",\"inLanguage\":\"es\",\"@id\":\"https:\\\/\\\/canal7slp.tv\\\/2019\\\/#\\\/schema\\\/logo\\\/image\\\/\",\"url\":\"https:\\\/\\\/canal7slp.tv\\\/2019\\\/wp-content\\\/uploads\\\/2019\\\/07\\\/logo-c7.png\",\"contentUrl\":\"https:\\\/\\\/canal7slp.tv\\\/2019\\\/wp-content\\\/uploads\\\/2019\\\/07\\\/logo-c7.png\",\"width\":220,\"height\":60,\"caption\":\"Comunicaci\u00f3n 2000 S.A. de C.V.\"},\"image\":{\"@id\":\"https:\\\/\\\/canal7slp.tv\\\/2019\\\/#\\\/schema\\\/logo\\\/image\\\/\"},\"sameAs\":[\"https:\\\/\\\/www.facebook.com\\\/CANAL7SLP\\\/\",\"https:\\\/\\\/x.com\\\/canal7_slp\",\"https:\\\/\\\/www.instagram.com\\\/canal7_slp\",\"https:\\\/\\\/www.youtube.com\\\/user\\\/NOTICIEROSCANAL7SLP\\\/\"]},{\"@type\":\"Person\",\"@id\":\"https:\\\/\\\/canal7slp.tv\\\/2019\\\/#\\\/schema\\\/person\\\/11d941c1c6ca30ac0a46b95fa37aa2e3\",\"name\":\"edicionweb\",\"image\":{\"@type\":\"ImageObject\",\"inLanguage\":\"es\",\"@id\":\"https:\\\/\\\/secure.gravatar.com\\\/avatar\\\/eee448fc3f7164808013b816ba91ac7e43bbe82a70bebac296f8bc6f0addaa1a?s=96&d=mm&r=g\",\"url\":\"https:\\\/\\\/secure.gravatar.com\\\/avatar\\\/eee448fc3f7164808013b816ba91ac7e43bbe82a70bebac296f8bc6f0addaa1a?s=96&d=mm&r=g\",\"contentUrl\":\"https:\\\/\\\/secure.gravatar.com\\\/avatar\\\/eee448fc3f7164808013b816ba91ac7e43bbe82a70bebac296f8bc6f0addaa1a?s=96&d=mm&r=g\",\"caption\":\"edicionweb\"}}]}<\/script>\n<!-- \/ Yoast SEO plugin. -->","yoast_head_json":{"title":"La tuberculosis es una enfermedad infecciosa que afecta en gran medida los pulmones. - Canal 7 SLP - 2019","robots":{"index":"index","follow":"follow","max-snippet":"max-snippet:-1","max-image-preview":"max-image-preview:large","max-video-preview":"max-video-preview:-1"},"canonical":"https:\/\/canal7slp.tv\/2019\/la-tuberculosis-es-una-enfermedad-infecciosa-que-afecta-en-gran-medida-los-pulmones\/","og_locale":"es_ES","og_type":"article","og_title":"La tuberculosis es una enfermedad infecciosa que afecta en gran medida los pulmones. - Canal 7 SLP - 2019","og_description":"SLP.- La tuberculosis es una enfermedad infecciosa que puede afectar cualquier \u00f3rgano del cuerpo, pero que en un 80% afecta a los pulmones y es causada por una micro bacteria llamada (Mycobacterium tuberculosis), la cual se transmite de persona a persona a trav\u00e9s de gotas de saliva salpicadas al estornudar, toser o hablar. La titular [&hellip;]","og_url":"https:\/\/canal7slp.tv\/2019\/la-tuberculosis-es-una-enfermedad-infecciosa-que-afecta-en-gran-medida-los-pulmones\/","og_site_name":"Canal 7 SLP - 2019","article_publisher":"https:\/\/www.facebook.com\/CANAL7SLP\/","article_published_time":"2019-07-16T22:23:10+00:00","article_modified_time":"2019-07-16T22:23:24+00:00","og_image":[{"width":750,"height":421,"url":"https:\/\/canal7slp.tv\/2019\/wp-content\/uploads\/2019\/07\/tuberculosis.jpg","type":"image\/jpeg"}],"author":"edicionweb","twitter_card":"summary_large_image","twitter_creator":"@canal7_slp","twitter_site":"@canal7_slp","twitter_misc":{"Escrito por":"edicionweb","Tiempo de lectura":"2 minutos"},"schema":{"@context":"https:\/\/schema.org","@graph":[{"@type":"Article","@id":"https:\/\/canal7slp.tv\/2019\/la-tuberculosis-es-una-enfermedad-infecciosa-que-afecta-en-gran-medida-los-pulmones\/#article","isPartOf":{"@id":"https:\/\/canal7slp.tv\/2019\/la-tuberculosis-es-una-enfermedad-infecciosa-que-afecta-en-gran-medida-los-pulmones\/"},"author":{"name":"edicionweb","@id":"https:\/\/canal7slp.tv\/2019\/#\/schema\/person\/11d941c1c6ca30ac0a46b95fa37aa2e3"},"headline":"La tuberculosis es una enfermedad infecciosa que afecta en gran medida los pulmones.","datePublished":"2019-07-16T22:23:10+00:00","dateModified":"2019-07-16T22:23:24+00:00","mainEntityOfPage":{"@id":"https:\/\/canal7slp.tv\/2019\/la-tuberculosis-es-una-enfermedad-infecciosa-que-afecta-en-gran-medida-los-pulmones\/"},"wordCount":342,"commentCount":0,"publisher":{"@id":"https:\/\/canal7slp.tv\/2019\/#organization"},"image":{"@id":"https:\/\/canal7slp.tv\/2019\/la-tuberculosis-es-una-enfermedad-infecciosa-que-afecta-en-gran-medida-los-pulmones\/#primaryimage"},"thumbnailUrl":"https:\/\/canal7slp.tv\/2019\/wp-content\/uploads\/2019\/07\/tuberculosis.jpg","keywords":["tuberculosis"],"articleSection":["LOCALES Y REGIONALES"],"inLanguage":"es","potentialAction":[{"@type":"CommentAction","name":"Comment","target":["https:\/\/canal7slp.tv\/2019\/la-tuberculosis-es-una-enfermedad-infecciosa-que-afecta-en-gran-medida-los-pulmones\/#respond"]}]},{"@type":"WebPage","@id":"https:\/\/canal7slp.tv\/2019\/la-tuberculosis-es-una-enfermedad-infecciosa-que-afecta-en-gran-medida-los-pulmones\/","url":"https:\/\/canal7slp.tv\/2019\/la-tuberculosis-es-una-enfermedad-infecciosa-que-afecta-en-gran-medida-los-pulmones\/","name":"La tuberculosis es una enfermedad infecciosa que afecta en gran medida los pulmones. - Canal 7 SLP - 2019","isPartOf":{"@id":"https:\/\/canal7slp.tv\/2019\/#website"},"primaryImageOfPage":{"@id":"https:\/\/canal7slp.tv\/2019\/la-tuberculosis-es-una-enfermedad-infecciosa-que-afecta-en-gran-medida-los-pulmones\/#primaryimage"},"image":{"@id":"https:\/\/canal7slp.tv\/2019\/la-tuberculosis-es-una-enfermedad-infecciosa-que-afecta-en-gran-medida-los-pulmones\/#primaryimage"},"thumbnailUrl":"https:\/\/canal7slp.tv\/2019\/wp-content\/uploads\/2019\/07\/tuberculosis.jpg","datePublished":"2019-07-16T22:23:10+00:00","dateModified":"2019-07-16T22:23:24+00:00","breadcrumb":{"@id":"https:\/\/canal7slp.tv\/2019\/la-tuberculosis-es-una-enfermedad-infecciosa-que-afecta-en-gran-medida-los-pulmones\/#breadcrumb"},"inLanguage":"es","potentialAction":[{"@type":"ReadAction","target":["https:\/\/canal7slp.tv\/2019\/la-tuberculosis-es-una-enfermedad-infecciosa-que-afecta-en-gran-medida-los-pulmones\/"]}]},{"@type":"ImageObject","inLanguage":"es","@id":"https:\/\/canal7slp.tv\/2019\/la-tuberculosis-es-una-enfermedad-infecciosa-que-afecta-en-gran-medida-los-pulmones\/#primaryimage","url":"https:\/\/canal7slp.tv\/2019\/wp-content\/uploads\/2019\/07\/tuberculosis.jpg","contentUrl":"https:\/\/canal7slp.tv\/2019\/wp-content\/uploads\/2019\/07\/tuberculosis.jpg","width":750,"height":421},{"@type":"BreadcrumbList","@id":"https:\/\/canal7slp.tv\/2019\/la-tuberculosis-es-una-enfermedad-infecciosa-que-afecta-en-gran-medida-los-pulmones\/#breadcrumb","itemListElement":[{"@type":"ListItem","position":1,"name":"Home","item":"https:\/\/canal7slp.tv\/2019\/"},{"@type":"ListItem","position":2,"name":"La tuberculosis es una enfermedad infecciosa que afecta en gran medida los pulmones."}]},{"@type":"WebSite","@id":"https:\/\/canal7slp.tv\/2019\/#website","url":"https:\/\/canal7slp.tv\/2019\/","name":"Canal 7 SLP - Somos TV","description":"Somos un Canal de 10","publisher":{"@id":"https:\/\/canal7slp.tv\/2019\/#organization"},"potentialAction":[{"@type":"SearchAction","target":{"@type":"EntryPoint","urlTemplate":"https:\/\/canal7slp.tv\/2019\/?s={search_term_string}"},"query-input":{"@type":"PropertyValueSpecification","valueRequired":true,"valueName":"search_term_string"}}],"inLanguage":"es"},{"@type":"Organization","@id":"https:\/\/canal7slp.tv\/2019\/#organization","name":"Comunicaci\u00f3n 2000 S.A. de C.V.","url":"https:\/\/canal7slp.tv\/2019\/","logo":{"@type":"ImageObject","inLanguage":"es","@id":"https:\/\/canal7slp.tv\/2019\/#\/schema\/logo\/image\/","url":"https:\/\/canal7slp.tv\/2019\/wp-content\/uploads\/2019\/07\/logo-c7.png","contentUrl":"https:\/\/canal7slp.tv\/2019\/wp-content\/uploads\/2019\/07\/logo-c7.png","width":220,"height":60,"caption":"Comunicaci\u00f3n 2000 S.A. de C.V."},"image":{"@id":"https:\/\/canal7slp.tv\/2019\/#\/schema\/logo\/image\/"},"sameAs":["https:\/\/www.facebook.com\/CANAL7SLP\/","https:\/\/x.com\/canal7_slp","https:\/\/www.instagram.com\/canal7_slp","https:\/\/www.youtube.com\/user\/NOTICIEROSCANAL7SLP\/"]},{"@type":"Person","@id":"https:\/\/canal7slp.tv\/2019\/#\/schema\/person\/11d941c1c6ca30ac0a46b95fa37aa2e3","name":"edicionweb","image":{"@type":"ImageObject","inLanguage":"es","@id":"https:\/\/secure.gravatar.com\/avatar\/eee448fc3f7164808013b816ba91ac7e43bbe82a70bebac296f8bc6f0addaa1a?s=96&d=mm&r=g","url":"https:\/\/secure.gravatar.com\/avatar\/eee448fc3f7164808013b816ba91ac7e43bbe82a70bebac296f8bc6f0addaa1a?s=96&d=mm&r=g","contentUrl":"https:\/\/secure.gravatar.com\/avatar\/eee448fc3f7164808013b816ba91ac7e43bbe82a70bebac296f8bc6f0addaa1a?s=96&d=mm&r=g","caption":"edicionweb"}}]}},"amp_enabled":true,"cmb2":{"video_ids_in_playlist":{"vid_p_videos":""},"video_ids_in_channel":{"vid_c_videos":""},"playlist_ids_in_channel":{"vid_c_playlists":""},"series_ids_in_channel":{"vid_c_series":""},"channel_images":{"vid_c_logo":"","vid_c_banner":""},"poster_feature_image":{"vid_m_poster_image":""},"gif_feature_image":{"vid_m_gif_image":""},"video_movie_settings":{"vid_m_director":"","vid_m_actor":"","vid_m_imdb_ratings":"","vid_m_amazon_associates":""},"vid_youtube_broadcasts_settings":{"vid_yb_broadcast_title":"","vid_yb_q":"","vid_yb_channelid":"","vid_yb_videocategoryid":"","vid_yb_maxresults":"","vid_yb_order":"","vid_yb_regioncode":"","vid_yb_videosyndicated":"","vid_yb_style":"","vid_yb_reload_first":""},"video_series_settings":{"vid_m_director":"","vid_m_actor":"","vid_m_imdb_ratings":"","video_series_group":""},"amazon_associates_settings":{"amazon_associates":"","amazon_native_ad":""},"vid_youtube_automatic_settings":{"vid_ya_youtube_source":"","vid_ya_update_every":"","vid_ya_update_unit":"","vid_ya_categories":"","vid_ya_published_after":"","vid_ya_published_before":"","vid_ya_playlists":"","vid_ya_channels":"","vid_ya_director":"","vid_ya_actor":"","vid_ya_author":"","vid_ya_import_post_date":"","vid_ya_status":"","vid_ya_sub_api_key":""},"vid_ads_m_videoads_settings_post":{"vid_ads_m_video_ads":"","vid_ads_m_video_ads_type":"","vid_ads_m_group_google_ima":"","vid_ads_m_group_image":"","vid_ads_m_group_html5_video":"","vid_ads_m_group_html":"","vid_ads_m_vast_preroll":"","vid_ads_m_vast_postroll":"","vid_ads_m_vast_pauseroll":"","vid_ads_m_vast_midroll":[{"vid_ads_m_vast_timer_seconds":"50"}],"vid_ads_m_time_to_show_ads":"","vid_ads_m_time_skip_ads":"","vid_ads_m_time_to_hide_ads":""},"page_slider_settings":{"display_slider_group":"","page_slider_group":""},"blog_page_settings":{"blog_page_title":"","blog_page_heading":"","blog_page_ic":"","blog_page_it":"","blog_page_ec":"","blog_page_ip":"","archive_loop_style":"","blog_image_ratio":"","blog_show_categories":"","blog_show_excerpt":"","blog_show_author":"","blog_show_date":"","blog_show_comment_count":"","blog_show_view_count":"","blog_show_like_count":"","blog_show_dislike_count":"","blog_items_per_page":"","blog_pag_type":""},"page_options":{"get_page_template":"","color_mode":"","main_layout":"","main_layout_full_with":"","main_logo":"","main_logo_retina":"","main_logo_mobile":"","main_logo_mobile_retina":"","sticky_logo":"","sticky_logo_retina":"","main_nav_layout":"","ajax_search":"","header_background":"","theme_sidebar":"","instagram_feed":"","instagram_feed_position":"","popular_videos":"","popular_videos_title_1":"","popular_videos_title_2":"","popular_videos_ic":"","popular_videos_it":"","theme_background":"","page_custom_css":""},"feature_image_settings":{"feature_image_position":""},"video_player_settings":{"single_video_style":"","video_player_position":"","vm_video_url":"https:\/\/youtu.be\/EP6bsUnF6WQ","video_player_library":"","video_streaming":"","vm_media_sources":"","vid_auto_play":"","vm_video_shortcode":"","vid_p_sync_playlist":"","vid_c_sync_channel":"","get_post_format":"","multiple_links_structure":"default","multi_links_title":"","vm_video_multi_links":"","vm_duration":"","vid_social_locker":"off","vid_social_locker_id":"","vid_membership_action":"content-video","vm_video_trailer_url":"","vid_download_type":"free","vid_download_target":"download","vid_woo_product":"","vm_media_download":"","user_rating":"","user_rating_position":"","user_rating_mode":"","user_rating_multi_sets":""},"video_auto_fetch_settings":{"vm_video_fetch":"off"},"video_fake_views_likes":{"vm_fake_views":"","vm_fake_likes":"","vm_fake_dislikes":""},"gallery_settings":{"gallery_position":""},"quote_settings":{"quote_position":""},"post_options":{"main_layout":"","main_logo":"","main_logo_retina":"","main_logo_mobile":"","main_logo_mobile_retina":"","sticky_logo":"","sticky_logo_retina":"","main_nav_layout":"","header_background":"","theme_sidebar":"","single_post_comment_type":"","theme_background":""}},"_links":{"self":[{"href":"https:\/\/canal7slp.tv\/2019\/wp-json\/wp\/v2\/posts\/34025","targetHints":{"allow":["GET"]}}],"collection":[{"href":"https:\/\/canal7slp.tv\/2019\/wp-json\/wp\/v2\/posts"}],"about":[{"href":"https:\/\/canal7slp.tv\/2019\/wp-json\/wp\/v2\/types\/post"}],"author":[{"embeddable":true,"href":"https:\/\/canal7slp.tv\/2019\/wp-json\/wp\/v2\/users\/2"}],"replies":[{"embeddable":true,"href":"https:\/\/canal7slp.tv\/2019\/wp-json\/wp\/v2\/comments?post=34025"}],"version-history":[{"count":0,"href":"https:\/\/canal7slp.tv\/2019\/wp-json\/wp\/v2\/posts\/34025\/revisions"}],"wp:featuredmedia":[{"embeddable":true,"href":"https:\/\/canal7slp.tv\/2019\/wp-json\/wp\/v2\/media\/34028"}],"wp:attachment":[{"href":"https:\/\/canal7slp.tv\/2019\/wp-json\/wp\/v2\/media?parent=34025"}],"wp:term":[{"taxonomy":"category","embeddable":true,"href":"https:\/\/canal7slp.tv\/2019\/wp-json\/wp\/v2\/categories?post=34025"},{"taxonomy":"post_tag","embeddable":true,"href":"https:\/\/canal7slp.tv\/2019\/wp-json\/wp\/v2\/tags?post=34025"}],"curies":[{"name":"wp","href":"https:\/\/api.w.org\/{rel}","templated":true}]}}