{"id":33716,"date":"2019-07-15T19:56:29","date_gmt":"2019-07-16T00:56:29","guid":{"rendered":"https:\/\/canal7slp.tv\/2019\/?p=33716"},"modified":"2019-07-15T19:57:05","modified_gmt":"2019-07-16T00:57:05","slug":"guillermo-del-toro-busca-concretar-segundo-concierto-sinfonico","status":"publish","type":"post","link":"https:\/\/canal7slp.tv\/2019\/guillermo-del-toro-busca-concretar-segundo-concierto-sinfonico\/","title":{"rendered":"Guillermo del Toro busca concretar segundo concierto sinf\u00f3nico"},"content":{"rendered":"<p style=\"text-align: justify;\">M\u00e9xico.- El cineasta Guillermo del Toro espera concretar un segundo concierto<em>\u00a0En casa con mis monstruos sinf\u00f3nico<\/em>, luego de la gran demanda que ha tenido la presentaci\u00f3n en la que la Orquesta Filarm\u00f3nica de Jalisco musicalizar\u00e1 algunas de sus pel\u00edculas, el pr\u00f3ximo 28 de julio.<\/p>\n<p style=\"text-align: justify;\">Como era de esperarse, el concierto en Guadalajara, en donde incluir\u00e1n un repertorio con los temas de las pel\u00edculas del realizador mexicano, rebas\u00f3 las expectativas, raz\u00f3n por la que Del Toro propuso un segundo sinf\u00f3nico.<\/p>\n<p style=\"text-align: justify;\">Vamos a intentar otra funci\u00f3n- est\u00e1 pendiente de este Twitter y el de @estrellablue\u201d, escribi\u00f3 el cineasta mexicano, al contestar a una usuaria de la red social en la que dijo sentirse desolada por haber participado en cuatro din\u00e1micas diferentes y \u201cnunca haber llegado a tiempo para ganar preboletos para la sinf\u00f3nica\u201d.<\/p>\n<p style=\"text-align: justify;\"><strong>El concierto<\/strong><\/p>\n<p style=\"text-align: justify;\"><em>En casa con mis monstruos sinf\u00f3nico\u00a0<\/em>se llevar\u00e1 a cabo el pr\u00f3ximo domingo 28 de julio en Guadalajara, con la Orquesta Filarm\u00f3nica de Jalisco dirigida por el m\u00fasico australiano Tim Davies, quien trabaj\u00f3 como compositor en la serie animada\u00a0<em>Cazadores de trolls,\u00a0<\/em>de Guillermo Del Toro.<\/p>\n<p style=\"text-align: justify;\">El gerente art\u00edstico de la orquesta, Isidoro Ramos, explic\u00f3 que el proyecto fue gestionado directamente entre el cineasta y el gobierno del estado de Jalisco. \u201cNosotros s\u00f3lo hemos tenido contacto con la parte de producci\u00f3n musical y con el director de la orquesta Tim Davies, quien est\u00e1 encargado de todos los pormenores para conformar el repertorio\u201d, indic\u00f3 en entrevista con\u00a0<strong>Notimex<\/strong>.<\/p>\n<p style=\"text-align: justify;\">Refiri\u00f3 que se tienen confirmados los temas de las pel\u00edculas el Laberinto del fauno y\u00a0<em>La forma del agua,\u00a0<\/em>ganadora del Oscar a Mejor Pel\u00edcula en 2018.<em>\u00a0<\/em><\/p>\n<p style=\"text-align: justify;\">\u201cRevisamos todos los d\u00edas la m\u00fasica, la duraci\u00f3n de los materiales y se las hemos enviado a los m\u00fasicos para que las vayan trabajando. Hasta el momento s\u00f3lo tenemos un programa de cuatro suites orquestales de las pel\u00edculas el L<em>aberinto del fauno, El espinazo del diablo,<\/em>\u00a0y<em>\u00a0Cazadores de trolls<\/em>\u201d, indic\u00f3.<\/p>\n<p style=\"text-align: justify;\">La iniciativa del concierto surgi\u00f3 en redes sociales y Del Toro hizo posible que se concretara el proyecto bajo el auspicio de la Cineteca del Festival Internacional de Cine de Guadalajara (FICG).<\/p>\n<p style=\"text-align: justify;\">Esa presentaci\u00f3n se llevar\u00e1 a cabo en el marco de la exposici\u00f3n\u00a0<em>En casa con mis monstruos<\/em>, en la que el curador fue el director de arte Eugenio Caballero, ganador del Oscar a Mejor Dise\u00f1o de Producci\u00f3n por el L<em>aberinto del fauno<\/em>.<\/p>\n<p style=\"text-align: justify;\">Con m\u00e1s de 900 piezas, la muestra seguir\u00e1 abierta al p\u00fablico hasta el 27 octubre del presente a\u00f1o en el Museo de las Artes (MUSA) de la Universidad de Guadalajara.<\/p>\n","protected":false},"excerpt":{"rendered":"<p>M\u00e9xico.- El cineasta Guillermo del Toro espera concretar un segundo concierto\u00a0En casa con mis monstruos sinf\u00f3nico, luego de la gran demanda que ha tenido la presentaci\u00f3n en la que la Orquesta Filarm\u00f3nica de Jalisco musicalizar\u00e1 algunas de sus pel\u00edculas, el pr\u00f3ximo 28 de julio. Como era de esperarse, el concierto en Guadalajara, en donde incluir\u00e1n [&hellip;]<\/p>\n","protected":false},"author":2,"featured_media":33717,"comment_status":"open","ping_status":"closed","sticky":false,"template":"","format":"standard","meta":{"footnotes":""},"categories":[24],"tags":[],"class_list":["post-33716","post","type-post","status-publish","format-standard","has-post-thumbnail","hentry","category-espectaculos"],"yoast_head":"<!-- This site is optimized with the Yoast SEO plugin v27.5 - https:\/\/yoast.com\/product\/yoast-seo-wordpress\/ -->\n<title>Guillermo del Toro busca concretar segundo concierto sinf\u00f3nico - Canal 7 SLP - 2019<\/title>\n<meta name=\"robots\" content=\"index, follow, max-snippet:-1, max-image-preview:large, max-video-preview:-1\" \/>\n<link rel=\"canonical\" href=\"https:\/\/canal7slp.tv\/2019\/guillermo-del-toro-busca-concretar-segundo-concierto-sinfonico\/\" \/>\n<meta property=\"og:locale\" content=\"es_ES\" \/>\n<meta property=\"og:type\" content=\"article\" \/>\n<meta property=\"og:title\" content=\"Guillermo del Toro busca concretar segundo concierto sinf\u00f3nico - Canal 7 SLP - 2019\" \/>\n<meta property=\"og:description\" content=\"M\u00e9xico.- El cineasta Guillermo del Toro espera concretar un segundo concierto\u00a0En casa con mis monstruos sinf\u00f3nico, luego de la gran demanda que ha tenido la presentaci\u00f3n en la que la Orquesta Filarm\u00f3nica de Jalisco musicalizar\u00e1 algunas de sus pel\u00edculas, el pr\u00f3ximo 28 de julio. Como era de esperarse, el concierto en Guadalajara, en donde incluir\u00e1n [&hellip;]\" \/>\n<meta property=\"og:url\" content=\"https:\/\/canal7slp.tv\/2019\/guillermo-del-toro-busca-concretar-segundo-concierto-sinfonico\/\" \/>\n<meta property=\"og:site_name\" content=\"Canal 7 SLP - 2019\" \/>\n<meta property=\"article:publisher\" content=\"https:\/\/www.facebook.com\/CANAL7SLP\/\" \/>\n<meta property=\"article:published_time\" content=\"2019-07-16T00:56:29+00:00\" \/>\n<meta property=\"article:modified_time\" content=\"2019-07-16T00:57:05+00:00\" \/>\n<meta property=\"og:image\" content=\"https:\/\/canal7slp.tv\/2019\/wp-content\/uploads\/2019\/07\/03-15.jpg\" \/>\n\t<meta property=\"og:image:width\" content=\"616\" \/>\n\t<meta property=\"og:image:height\" content=\"410\" \/>\n\t<meta property=\"og:image:type\" content=\"image\/jpeg\" \/>\n<meta name=\"author\" content=\"edicionweb\" \/>\n<meta name=\"twitter:card\" content=\"summary_large_image\" \/>\n<meta name=\"twitter:creator\" content=\"@canal7_slp\" \/>\n<meta name=\"twitter:site\" content=\"@canal7_slp\" \/>\n<meta name=\"twitter:label1\" content=\"Escrito por\" \/>\n\t<meta name=\"twitter:data1\" content=\"edicionweb\" \/>\n\t<meta name=\"twitter:label2\" content=\"Tiempo de lectura\" \/>\n\t<meta name=\"twitter:data2\" content=\"2 minutos\" \/>\n<script type=\"application\/ld+json\" class=\"yoast-schema-graph\">{\"@context\":\"https:\\\/\\\/schema.org\",\"@graph\":[{\"@type\":\"Article\",\"@id\":\"https:\\\/\\\/canal7slp.tv\\\/2019\\\/guillermo-del-toro-busca-concretar-segundo-concierto-sinfonico\\\/#article\",\"isPartOf\":{\"@id\":\"https:\\\/\\\/canal7slp.tv\\\/2019\\\/guillermo-del-toro-busca-concretar-segundo-concierto-sinfonico\\\/\"},\"author\":{\"name\":\"edicionweb\",\"@id\":\"https:\\\/\\\/canal7slp.tv\\\/2019\\\/#\\\/schema\\\/person\\\/11d941c1c6ca30ac0a46b95fa37aa2e3\"},\"headline\":\"Guillermo del Toro busca concretar segundo concierto sinf\u00f3nico\",\"datePublished\":\"2019-07-16T00:56:29+00:00\",\"dateModified\":\"2019-07-16T00:57:05+00:00\",\"mainEntityOfPage\":{\"@id\":\"https:\\\/\\\/canal7slp.tv\\\/2019\\\/guillermo-del-toro-busca-concretar-segundo-concierto-sinfonico\\\/\"},\"wordCount\":463,\"commentCount\":0,\"publisher\":{\"@id\":\"https:\\\/\\\/canal7slp.tv\\\/2019\\\/#organization\"},\"image\":{\"@id\":\"https:\\\/\\\/canal7slp.tv\\\/2019\\\/guillermo-del-toro-busca-concretar-segundo-concierto-sinfonico\\\/#primaryimage\"},\"thumbnailUrl\":\"https:\\\/\\\/canal7slp.tv\\\/2019\\\/wp-content\\\/uploads\\\/2019\\\/07\\\/03-15.jpg\",\"articleSection\":[\"ESPECTACULOS\"],\"inLanguage\":\"es\",\"potentialAction\":[{\"@type\":\"CommentAction\",\"name\":\"Comment\",\"target\":[\"https:\\\/\\\/canal7slp.tv\\\/2019\\\/guillermo-del-toro-busca-concretar-segundo-concierto-sinfonico\\\/#respond\"]}]},{\"@type\":\"WebPage\",\"@id\":\"https:\\\/\\\/canal7slp.tv\\\/2019\\\/guillermo-del-toro-busca-concretar-segundo-concierto-sinfonico\\\/\",\"url\":\"https:\\\/\\\/canal7slp.tv\\\/2019\\\/guillermo-del-toro-busca-concretar-segundo-concierto-sinfonico\\\/\",\"name\":\"Guillermo del Toro busca concretar segundo concierto sinf\u00f3nico - Canal 7 SLP - 2019\",\"isPartOf\":{\"@id\":\"https:\\\/\\\/canal7slp.tv\\\/2019\\\/#website\"},\"primaryImageOfPage\":{\"@id\":\"https:\\\/\\\/canal7slp.tv\\\/2019\\\/guillermo-del-toro-busca-concretar-segundo-concierto-sinfonico\\\/#primaryimage\"},\"image\":{\"@id\":\"https:\\\/\\\/canal7slp.tv\\\/2019\\\/guillermo-del-toro-busca-concretar-segundo-concierto-sinfonico\\\/#primaryimage\"},\"thumbnailUrl\":\"https:\\\/\\\/canal7slp.tv\\\/2019\\\/wp-content\\\/uploads\\\/2019\\\/07\\\/03-15.jpg\",\"datePublished\":\"2019-07-16T00:56:29+00:00\",\"dateModified\":\"2019-07-16T00:57:05+00:00\",\"breadcrumb\":{\"@id\":\"https:\\\/\\\/canal7slp.tv\\\/2019\\\/guillermo-del-toro-busca-concretar-segundo-concierto-sinfonico\\\/#breadcrumb\"},\"inLanguage\":\"es\",\"potentialAction\":[{\"@type\":\"ReadAction\",\"target\":[\"https:\\\/\\\/canal7slp.tv\\\/2019\\\/guillermo-del-toro-busca-concretar-segundo-concierto-sinfonico\\\/\"]}]},{\"@type\":\"ImageObject\",\"inLanguage\":\"es\",\"@id\":\"https:\\\/\\\/canal7slp.tv\\\/2019\\\/guillermo-del-toro-busca-concretar-segundo-concierto-sinfonico\\\/#primaryimage\",\"url\":\"https:\\\/\\\/canal7slp.tv\\\/2019\\\/wp-content\\\/uploads\\\/2019\\\/07\\\/03-15.jpg\",\"contentUrl\":\"https:\\\/\\\/canal7slp.tv\\\/2019\\\/wp-content\\\/uploads\\\/2019\\\/07\\\/03-15.jpg\",\"width\":616,\"height\":410},{\"@type\":\"BreadcrumbList\",\"@id\":\"https:\\\/\\\/canal7slp.tv\\\/2019\\\/guillermo-del-toro-busca-concretar-segundo-concierto-sinfonico\\\/#breadcrumb\",\"itemListElement\":[{\"@type\":\"ListItem\",\"position\":1,\"name\":\"Home\",\"item\":\"https:\\\/\\\/canal7slp.tv\\\/2019\\\/\"},{\"@type\":\"ListItem\",\"position\":2,\"name\":\"Guillermo del Toro busca concretar segundo concierto sinf\u00f3nico\"}]},{\"@type\":\"WebSite\",\"@id\":\"https:\\\/\\\/canal7slp.tv\\\/2019\\\/#website\",\"url\":\"https:\\\/\\\/canal7slp.tv\\\/2019\\\/\",\"name\":\"Canal 7 SLP - Somos TV\",\"description\":\"Somos un Canal de 10\",\"publisher\":{\"@id\":\"https:\\\/\\\/canal7slp.tv\\\/2019\\\/#organization\"},\"potentialAction\":[{\"@type\":\"SearchAction\",\"target\":{\"@type\":\"EntryPoint\",\"urlTemplate\":\"https:\\\/\\\/canal7slp.tv\\\/2019\\\/?s={search_term_string}\"},\"query-input\":{\"@type\":\"PropertyValueSpecification\",\"valueRequired\":true,\"valueName\":\"search_term_string\"}}],\"inLanguage\":\"es\"},{\"@type\":\"Organization\",\"@id\":\"https:\\\/\\\/canal7slp.tv\\\/2019\\\/#organization\",\"name\":\"Comunicaci\u00f3n 2000 S.A. de C.V.\",\"url\":\"https:\\\/\\\/canal7slp.tv\\\/2019\\\/\",\"logo\":{\"@type\":\"ImageObject\",\"inLanguage\":\"es\",\"@id\":\"https:\\\/\\\/canal7slp.tv\\\/2019\\\/#\\\/schema\\\/logo\\\/image\\\/\",\"url\":\"https:\\\/\\\/canal7slp.tv\\\/2019\\\/wp-content\\\/uploads\\\/2019\\\/07\\\/logo-c7.png\",\"contentUrl\":\"https:\\\/\\\/canal7slp.tv\\\/2019\\\/wp-content\\\/uploads\\\/2019\\\/07\\\/logo-c7.png\",\"width\":220,\"height\":60,\"caption\":\"Comunicaci\u00f3n 2000 S.A. de C.V.\"},\"image\":{\"@id\":\"https:\\\/\\\/canal7slp.tv\\\/2019\\\/#\\\/schema\\\/logo\\\/image\\\/\"},\"sameAs\":[\"https:\\\/\\\/www.facebook.com\\\/CANAL7SLP\\\/\",\"https:\\\/\\\/x.com\\\/canal7_slp\",\"https:\\\/\\\/www.instagram.com\\\/canal7_slp\",\"https:\\\/\\\/www.youtube.com\\\/user\\\/NOTICIEROSCANAL7SLP\\\/\"]},{\"@type\":\"Person\",\"@id\":\"https:\\\/\\\/canal7slp.tv\\\/2019\\\/#\\\/schema\\\/person\\\/11d941c1c6ca30ac0a46b95fa37aa2e3\",\"name\":\"edicionweb\",\"image\":{\"@type\":\"ImageObject\",\"inLanguage\":\"es\",\"@id\":\"https:\\\/\\\/secure.gravatar.com\\\/avatar\\\/eee448fc3f7164808013b816ba91ac7e43bbe82a70bebac296f8bc6f0addaa1a?s=96&d=mm&r=g\",\"url\":\"https:\\\/\\\/secure.gravatar.com\\\/avatar\\\/eee448fc3f7164808013b816ba91ac7e43bbe82a70bebac296f8bc6f0addaa1a?s=96&d=mm&r=g\",\"contentUrl\":\"https:\\\/\\\/secure.gravatar.com\\\/avatar\\\/eee448fc3f7164808013b816ba91ac7e43bbe82a70bebac296f8bc6f0addaa1a?s=96&d=mm&r=g\",\"caption\":\"edicionweb\"}}]}<\/script>\n<!-- \/ Yoast SEO plugin. -->","yoast_head_json":{"title":"Guillermo del Toro busca concretar segundo concierto sinf\u00f3nico - Canal 7 SLP - 2019","robots":{"index":"index","follow":"follow","max-snippet":"max-snippet:-1","max-image-preview":"max-image-preview:large","max-video-preview":"max-video-preview:-1"},"canonical":"https:\/\/canal7slp.tv\/2019\/guillermo-del-toro-busca-concretar-segundo-concierto-sinfonico\/","og_locale":"es_ES","og_type":"article","og_title":"Guillermo del Toro busca concretar segundo concierto sinf\u00f3nico - Canal 7 SLP - 2019","og_description":"M\u00e9xico.- El cineasta Guillermo del Toro espera concretar un segundo concierto\u00a0En casa con mis monstruos sinf\u00f3nico, luego de la gran demanda que ha tenido la presentaci\u00f3n en la que la Orquesta Filarm\u00f3nica de Jalisco musicalizar\u00e1 algunas de sus pel\u00edculas, el pr\u00f3ximo 28 de julio. Como era de esperarse, el concierto en Guadalajara, en donde incluir\u00e1n [&hellip;]","og_url":"https:\/\/canal7slp.tv\/2019\/guillermo-del-toro-busca-concretar-segundo-concierto-sinfonico\/","og_site_name":"Canal 7 SLP - 2019","article_publisher":"https:\/\/www.facebook.com\/CANAL7SLP\/","article_published_time":"2019-07-16T00:56:29+00:00","article_modified_time":"2019-07-16T00:57:05+00:00","og_image":[{"width":616,"height":410,"url":"https:\/\/canal7slp.tv\/2019\/wp-content\/uploads\/2019\/07\/03-15.jpg","type":"image\/jpeg"}],"author":"edicionweb","twitter_card":"summary_large_image","twitter_creator":"@canal7_slp","twitter_site":"@canal7_slp","twitter_misc":{"Escrito por":"edicionweb","Tiempo de lectura":"2 minutos"},"schema":{"@context":"https:\/\/schema.org","@graph":[{"@type":"Article","@id":"https:\/\/canal7slp.tv\/2019\/guillermo-del-toro-busca-concretar-segundo-concierto-sinfonico\/#article","isPartOf":{"@id":"https:\/\/canal7slp.tv\/2019\/guillermo-del-toro-busca-concretar-segundo-concierto-sinfonico\/"},"author":{"name":"edicionweb","@id":"https:\/\/canal7slp.tv\/2019\/#\/schema\/person\/11d941c1c6ca30ac0a46b95fa37aa2e3"},"headline":"Guillermo del Toro busca concretar segundo concierto sinf\u00f3nico","datePublished":"2019-07-16T00:56:29+00:00","dateModified":"2019-07-16T00:57:05+00:00","mainEntityOfPage":{"@id":"https:\/\/canal7slp.tv\/2019\/guillermo-del-toro-busca-concretar-segundo-concierto-sinfonico\/"},"wordCount":463,"commentCount":0,"publisher":{"@id":"https:\/\/canal7slp.tv\/2019\/#organization"},"image":{"@id":"https:\/\/canal7slp.tv\/2019\/guillermo-del-toro-busca-concretar-segundo-concierto-sinfonico\/#primaryimage"},"thumbnailUrl":"https:\/\/canal7slp.tv\/2019\/wp-content\/uploads\/2019\/07\/03-15.jpg","articleSection":["ESPECTACULOS"],"inLanguage":"es","potentialAction":[{"@type":"CommentAction","name":"Comment","target":["https:\/\/canal7slp.tv\/2019\/guillermo-del-toro-busca-concretar-segundo-concierto-sinfonico\/#respond"]}]},{"@type":"WebPage","@id":"https:\/\/canal7slp.tv\/2019\/guillermo-del-toro-busca-concretar-segundo-concierto-sinfonico\/","url":"https:\/\/canal7slp.tv\/2019\/guillermo-del-toro-busca-concretar-segundo-concierto-sinfonico\/","name":"Guillermo del Toro busca concretar segundo concierto sinf\u00f3nico - Canal 7 SLP - 2019","isPartOf":{"@id":"https:\/\/canal7slp.tv\/2019\/#website"},"primaryImageOfPage":{"@id":"https:\/\/canal7slp.tv\/2019\/guillermo-del-toro-busca-concretar-segundo-concierto-sinfonico\/#primaryimage"},"image":{"@id":"https:\/\/canal7slp.tv\/2019\/guillermo-del-toro-busca-concretar-segundo-concierto-sinfonico\/#primaryimage"},"thumbnailUrl":"https:\/\/canal7slp.tv\/2019\/wp-content\/uploads\/2019\/07\/03-15.jpg","datePublished":"2019-07-16T00:56:29+00:00","dateModified":"2019-07-16T00:57:05+00:00","breadcrumb":{"@id":"https:\/\/canal7slp.tv\/2019\/guillermo-del-toro-busca-concretar-segundo-concierto-sinfonico\/#breadcrumb"},"inLanguage":"es","potentialAction":[{"@type":"ReadAction","target":["https:\/\/canal7slp.tv\/2019\/guillermo-del-toro-busca-concretar-segundo-concierto-sinfonico\/"]}]},{"@type":"ImageObject","inLanguage":"es","@id":"https:\/\/canal7slp.tv\/2019\/guillermo-del-toro-busca-concretar-segundo-concierto-sinfonico\/#primaryimage","url":"https:\/\/canal7slp.tv\/2019\/wp-content\/uploads\/2019\/07\/03-15.jpg","contentUrl":"https:\/\/canal7slp.tv\/2019\/wp-content\/uploads\/2019\/07\/03-15.jpg","width":616,"height":410},{"@type":"BreadcrumbList","@id":"https:\/\/canal7slp.tv\/2019\/guillermo-del-toro-busca-concretar-segundo-concierto-sinfonico\/#breadcrumb","itemListElement":[{"@type":"ListItem","position":1,"name":"Home","item":"https:\/\/canal7slp.tv\/2019\/"},{"@type":"ListItem","position":2,"name":"Guillermo del Toro busca concretar segundo concierto sinf\u00f3nico"}]},{"@type":"WebSite","@id":"https:\/\/canal7slp.tv\/2019\/#website","url":"https:\/\/canal7slp.tv\/2019\/","name":"Canal 7 SLP - Somos TV","description":"Somos un Canal de 10","publisher":{"@id":"https:\/\/canal7slp.tv\/2019\/#organization"},"potentialAction":[{"@type":"SearchAction","target":{"@type":"EntryPoint","urlTemplate":"https:\/\/canal7slp.tv\/2019\/?s={search_term_string}"},"query-input":{"@type":"PropertyValueSpecification","valueRequired":true,"valueName":"search_term_string"}}],"inLanguage":"es"},{"@type":"Organization","@id":"https:\/\/canal7slp.tv\/2019\/#organization","name":"Comunicaci\u00f3n 2000 S.A. de C.V.","url":"https:\/\/canal7slp.tv\/2019\/","logo":{"@type":"ImageObject","inLanguage":"es","@id":"https:\/\/canal7slp.tv\/2019\/#\/schema\/logo\/image\/","url":"https:\/\/canal7slp.tv\/2019\/wp-content\/uploads\/2019\/07\/logo-c7.png","contentUrl":"https:\/\/canal7slp.tv\/2019\/wp-content\/uploads\/2019\/07\/logo-c7.png","width":220,"height":60,"caption":"Comunicaci\u00f3n 2000 S.A. de C.V."},"image":{"@id":"https:\/\/canal7slp.tv\/2019\/#\/schema\/logo\/image\/"},"sameAs":["https:\/\/www.facebook.com\/CANAL7SLP\/","https:\/\/x.com\/canal7_slp","https:\/\/www.instagram.com\/canal7_slp","https:\/\/www.youtube.com\/user\/NOTICIEROSCANAL7SLP\/"]},{"@type":"Person","@id":"https:\/\/canal7slp.tv\/2019\/#\/schema\/person\/11d941c1c6ca30ac0a46b95fa37aa2e3","name":"edicionweb","image":{"@type":"ImageObject","inLanguage":"es","@id":"https:\/\/secure.gravatar.com\/avatar\/eee448fc3f7164808013b816ba91ac7e43bbe82a70bebac296f8bc6f0addaa1a?s=96&d=mm&r=g","url":"https:\/\/secure.gravatar.com\/avatar\/eee448fc3f7164808013b816ba91ac7e43bbe82a70bebac296f8bc6f0addaa1a?s=96&d=mm&r=g","contentUrl":"https:\/\/secure.gravatar.com\/avatar\/eee448fc3f7164808013b816ba91ac7e43bbe82a70bebac296f8bc6f0addaa1a?s=96&d=mm&r=g","caption":"edicionweb"}}]}},"amp_enabled":true,"cmb2":{"video_ids_in_playlist":{"vid_p_videos":""},"video_ids_in_channel":{"vid_c_videos":""},"playlist_ids_in_channel":{"vid_c_playlists":""},"series_ids_in_channel":{"vid_c_series":""},"channel_images":{"vid_c_logo":"","vid_c_banner":""},"poster_feature_image":{"vid_m_poster_image":""},"gif_feature_image":{"vid_m_gif_image":""},"video_movie_settings":{"vid_m_director":"","vid_m_actor":"","vid_m_imdb_ratings":"","vid_m_amazon_associates":""},"vid_youtube_broadcasts_settings":{"vid_yb_broadcast_title":"","vid_yb_q":"","vid_yb_channelid":"","vid_yb_videocategoryid":"","vid_yb_maxresults":"","vid_yb_order":"","vid_yb_regioncode":"","vid_yb_videosyndicated":"","vid_yb_style":"","vid_yb_reload_first":""},"video_series_settings":{"vid_m_director":"","vid_m_actor":"","vid_m_imdb_ratings":"","video_series_group":""},"amazon_associates_settings":{"amazon_associates":"","amazon_native_ad":""},"vid_youtube_automatic_settings":{"vid_ya_youtube_source":"","vid_ya_update_every":"","vid_ya_update_unit":"","vid_ya_categories":"","vid_ya_published_after":"","vid_ya_published_before":"","vid_ya_playlists":"","vid_ya_channels":"","vid_ya_director":"","vid_ya_actor":"","vid_ya_author":"","vid_ya_import_post_date":"","vid_ya_status":"","vid_ya_sub_api_key":""},"vid_ads_m_videoads_settings_post":{"vid_ads_m_video_ads":"","vid_ads_m_video_ads_type":"","vid_ads_m_group_google_ima":"","vid_ads_m_group_image":"","vid_ads_m_group_html5_video":"","vid_ads_m_group_html":"","vid_ads_m_vast_preroll":"","vid_ads_m_vast_postroll":"","vid_ads_m_vast_pauseroll":"","vid_ads_m_vast_midroll":[{"vid_ads_m_vast_timer_seconds":"50"}],"vid_ads_m_time_to_show_ads":"","vid_ads_m_time_skip_ads":"","vid_ads_m_time_to_hide_ads":""},"page_slider_settings":{"display_slider_group":"","page_slider_group":""},"blog_page_settings":{"blog_page_title":"","blog_page_heading":"","blog_page_ic":"","blog_page_it":"","blog_page_ec":"","blog_page_ip":"","archive_loop_style":"","blog_image_ratio":"","blog_show_categories":"","blog_show_excerpt":"","blog_show_author":"","blog_show_date":"","blog_show_comment_count":"","blog_show_view_count":"","blog_show_like_count":"","blog_show_dislike_count":"","blog_items_per_page":"","blog_pag_type":""},"page_options":{"get_page_template":"","color_mode":"","main_layout":"","main_layout_full_with":"","main_logo":"","main_logo_retina":"","main_logo_mobile":"","main_logo_mobile_retina":"","sticky_logo":"","sticky_logo_retina":"","main_nav_layout":"","ajax_search":"","header_background":"","theme_sidebar":"","instagram_feed":"","instagram_feed_position":"","popular_videos":"","popular_videos_title_1":"","popular_videos_title_2":"","popular_videos_ic":"","popular_videos_it":"","theme_background":"","page_custom_css":""},"feature_image_settings":{"feature_image_position":""},"video_player_settings":{"single_video_style":"","video_player_position":"","vm_video_url":"","video_player_library":"","video_streaming":"","vm_media_sources":"","vid_auto_play":"","vm_video_shortcode":"","vid_p_sync_playlist":"","vid_c_sync_channel":"","get_post_format":"","multiple_links_structure":"default","multi_links_title":"","vm_video_multi_links":"","vm_duration":"","vid_social_locker":"off","vid_social_locker_id":"","vid_membership_action":"content-video","vm_video_trailer_url":"","vid_download_type":"free","vid_download_target":"download","vid_woo_product":"","vm_media_download":"","user_rating":"","user_rating_position":"","user_rating_mode":"","user_rating_multi_sets":""},"video_auto_fetch_settings":{"vm_video_fetch":"on"},"video_fake_views_likes":{"vm_fake_views":"","vm_fake_likes":"","vm_fake_dislikes":""},"gallery_settings":{"gallery_position":""},"quote_settings":{"quote_position":""},"post_options":{"main_layout":"","main_logo":"","main_logo_retina":"","main_logo_mobile":"","main_logo_mobile_retina":"","sticky_logo":"","sticky_logo_retina":"","main_nav_layout":"","header_background":"","theme_sidebar":"","single_post_comment_type":"","theme_background":""}},"_links":{"self":[{"href":"https:\/\/canal7slp.tv\/2019\/wp-json\/wp\/v2\/posts\/33716","targetHints":{"allow":["GET"]}}],"collection":[{"href":"https:\/\/canal7slp.tv\/2019\/wp-json\/wp\/v2\/posts"}],"about":[{"href":"https:\/\/canal7slp.tv\/2019\/wp-json\/wp\/v2\/types\/post"}],"author":[{"embeddable":true,"href":"https:\/\/canal7slp.tv\/2019\/wp-json\/wp\/v2\/users\/2"}],"replies":[{"embeddable":true,"href":"https:\/\/canal7slp.tv\/2019\/wp-json\/wp\/v2\/comments?post=33716"}],"version-history":[{"count":0,"href":"https:\/\/canal7slp.tv\/2019\/wp-json\/wp\/v2\/posts\/33716\/revisions"}],"wp:featuredmedia":[{"embeddable":true,"href":"https:\/\/canal7slp.tv\/2019\/wp-json\/wp\/v2\/media\/33717"}],"wp:attachment":[{"href":"https:\/\/canal7slp.tv\/2019\/wp-json\/wp\/v2\/media?parent=33716"}],"wp:term":[{"taxonomy":"category","embeddable":true,"href":"https:\/\/canal7slp.tv\/2019\/wp-json\/wp\/v2\/categories?post=33716"},{"taxonomy":"post_tag","embeddable":true,"href":"https:\/\/canal7slp.tv\/2019\/wp-json\/wp\/v2\/tags?post=33716"}],"curies":[{"name":"wp","href":"https:\/\/api.w.org\/{rel}","templated":true}]}}