{"id":33633,"date":"2019-07-15T19:00:03","date_gmt":"2019-07-16T00:00:03","guid":{"rendered":"https:\/\/canal7slp.tv\/2019\/?p=33633"},"modified":"2019-07-15T19:00:18","modified_gmt":"2019-07-16T00:00:18","slug":"vinculan-a-proceso-a-individuo-acusado-del-homicidio-de-un-dj-israeli-y-a-otra-persona-en-tierra-blanca","status":"publish","type":"post","link":"https:\/\/canal7slp.tv\/2019\/vinculan-a-proceso-a-individuo-acusado-del-homicidio-de-un-dj-israeli-y-a-otra-persona-en-tierra-blanca\/","title":{"rendered":"Vinculan a proceso a individuo acusado del homicidio de un DJ Israel\u00ed y a otra persona en Tierra Blanca"},"content":{"rendered":"<ul>\n<li style=\"text-align: justify;\">La FGE obtuvo tres meses para la investigaci\u00f3n complementaria<\/li>\n<\/ul>\n<p style=\"text-align: justify;\">SLP.- Un individuo que presuntamente les caus\u00f3 la muerte a dos personas, incluido un DJ de nacionalidad israel\u00ed, fue vinculado a proceso, despu\u00e9s de que litigadores de la Unidad Especializada en Investigaci\u00f3n de Homicidios y Feminicidios de la Fiscal\u00eda General del Estado de San Luis Potos\u00ed (FGESLP), aportaron los datos de prueba suficientes de su probable coautor\u00eda en el delito tipificado como homicidio calificado por ventaja.<\/p>\n<p style=\"text-align: justify;\">En la audiencia inicial, el Juez de Control dict\u00f3 como medida cautelar la prisi\u00f3n preventiva oficiosa en contra del imputado y estableci\u00f3 un plazo de tres meses para el cierre de la investigaci\u00f3n complementaria en donde ambas partes tendr\u00e1n que aportar mayores pruebas, esto despu\u00e9s de que se venciera la ampliaci\u00f3n de termino solicitada por la defensa.<\/p>\n<p style=\"text-align: justify;\">Los hechos ocurrieron el s\u00e1bado 29 de junio del presente a\u00f1o, cuando las dos v\u00edctimas entre ellas un DJ de origen israel\u00ed, se encontraban en una fiesta en la comunidad de Tierra Blanca, perteneciente a la Capital potosina, a donde presuntamente lleg\u00f3 el ahora imputado y comenz\u00f3 a disparar a los presentes; al tener conocimiento de lo ocurrido los cuerpos de emergencia se hicieron presentes en el lugar constatando que el m\u00fasico extranjero hab\u00eda fallecido a consecuencia de las lesiones y la segunda v\u00edctima perdi\u00f3 la vida cuando recib\u00eda atenci\u00f3n m\u00e9dica.<\/p>\n<p style=\"text-align: justify;\">Despu\u00e9s de las investigaciones realizadas por elementos de la Polic\u00eda de Investigaci\u00f3n (PDI) fue identificado como posible implicado un sujeto de nombre V\u00edctor \u201cN\u201d de 29 a\u00f1os de edad a quien se le cumpliment\u00f3 en reclusi\u00f3n el mandato judicial por el delito de homicidio calificado.<\/p>\n<p style=\"text-align: justify;\">El presunto se encuentra recluido en el centro de reinserci\u00f3n social ubicado en la Pila, en donde tambi\u00e9n se encuentra respondiendo por otro hecho delictivo.<\/p>\n","protected":false},"excerpt":{"rendered":"<p>La FGE obtuvo tres meses para la investigaci\u00f3n complementaria SLP.- Un individuo que presuntamente les caus\u00f3 la muerte a dos personas, incluido un DJ de nacionalidad israel\u00ed, fue vinculado a proceso, despu\u00e9s de que litigadores de la Unidad Especializada en Investigaci\u00f3n de Homicidios y Feminicidios de la Fiscal\u00eda General del Estado de San Luis Potos\u00ed [&hellip;]<\/p>\n","protected":false},"author":2,"featured_media":33634,"comment_status":"open","ping_status":"closed","sticky":false,"template":"","format":"standard","meta":{"footnotes":""},"categories":[29],"tags":[],"class_list":["post-33633","post","type-post","status-publish","format-standard","has-post-thumbnail","hentry","category-reporte7"],"yoast_head":"<!-- This site is optimized with the Yoast SEO plugin v27.5 - https:\/\/yoast.com\/product\/yoast-seo-wordpress\/ -->\n<title>Vinculan a proceso a individuo acusado del homicidio de un DJ Israel\u00ed y a otra persona en Tierra Blanca - Canal 7 SLP - 2019<\/title>\n<meta name=\"robots\" content=\"index, follow, max-snippet:-1, max-image-preview:large, max-video-preview:-1\" \/>\n<link rel=\"canonical\" href=\"https:\/\/canal7slp.tv\/2019\/vinculan-a-proceso-a-individuo-acusado-del-homicidio-de-un-dj-israeli-y-a-otra-persona-en-tierra-blanca\/\" \/>\n<meta property=\"og:locale\" content=\"es_ES\" \/>\n<meta property=\"og:type\" content=\"article\" \/>\n<meta property=\"og:title\" content=\"Vinculan a proceso a individuo acusado del homicidio de un DJ Israel\u00ed y a otra persona en Tierra Blanca - Canal 7 SLP - 2019\" \/>\n<meta property=\"og:description\" content=\"La FGE obtuvo tres meses para la investigaci\u00f3n complementaria SLP.- Un individuo que presuntamente les caus\u00f3 la muerte a dos personas, incluido un DJ de nacionalidad israel\u00ed, fue vinculado a proceso, despu\u00e9s de que litigadores de la Unidad Especializada en Investigaci\u00f3n de Homicidios y Feminicidios de la Fiscal\u00eda General del Estado de San Luis Potos\u00ed [&hellip;]\" \/>\n<meta property=\"og:url\" content=\"https:\/\/canal7slp.tv\/2019\/vinculan-a-proceso-a-individuo-acusado-del-homicidio-de-un-dj-israeli-y-a-otra-persona-en-tierra-blanca\/\" \/>\n<meta property=\"og:site_name\" content=\"Canal 7 SLP - 2019\" \/>\n<meta property=\"article:publisher\" content=\"https:\/\/www.facebook.com\/CANAL7SLP\/\" \/>\n<meta property=\"article:published_time\" content=\"2019-07-16T00:00:03+00:00\" \/>\n<meta property=\"article:modified_time\" content=\"2019-07-16T00:00:18+00:00\" \/>\n<meta property=\"og:image\" content=\"https:\/\/canal7slp.tv\/2019\/wp-content\/uploads\/2019\/07\/z1-26.jpg\" \/>\n\t<meta property=\"og:image:width\" content=\"447\" \/>\n\t<meta property=\"og:image:height\" content=\"558\" \/>\n\t<meta property=\"og:image:type\" content=\"image\/jpeg\" \/>\n<meta name=\"author\" content=\"edicionweb\" \/>\n<meta name=\"twitter:card\" content=\"summary_large_image\" \/>\n<meta name=\"twitter:creator\" content=\"@canal7_slp\" \/>\n<meta name=\"twitter:site\" content=\"@canal7_slp\" \/>\n<meta name=\"twitter:label1\" content=\"Escrito por\" \/>\n\t<meta name=\"twitter:data1\" content=\"edicionweb\" \/>\n\t<meta name=\"twitter:label2\" content=\"Tiempo de lectura\" \/>\n\t<meta name=\"twitter:data2\" content=\"2 minutos\" \/>\n<script type=\"application\/ld+json\" class=\"yoast-schema-graph\">{\"@context\":\"https:\\\/\\\/schema.org\",\"@graph\":[{\"@type\":\"Article\",\"@id\":\"https:\\\/\\\/canal7slp.tv\\\/2019\\\/vinculan-a-proceso-a-individuo-acusado-del-homicidio-de-un-dj-israeli-y-a-otra-persona-en-tierra-blanca\\\/#article\",\"isPartOf\":{\"@id\":\"https:\\\/\\\/canal7slp.tv\\\/2019\\\/vinculan-a-proceso-a-individuo-acusado-del-homicidio-de-un-dj-israeli-y-a-otra-persona-en-tierra-blanca\\\/\"},\"author\":{\"name\":\"edicionweb\",\"@id\":\"https:\\\/\\\/canal7slp.tv\\\/2019\\\/#\\\/schema\\\/person\\\/11d941c1c6ca30ac0a46b95fa37aa2e3\"},\"headline\":\"Vinculan a proceso a individuo acusado del homicidio de un DJ Israel\u00ed y a otra persona en Tierra Blanca\",\"datePublished\":\"2019-07-16T00:00:03+00:00\",\"dateModified\":\"2019-07-16T00:00:18+00:00\",\"mainEntityOfPage\":{\"@id\":\"https:\\\/\\\/canal7slp.tv\\\/2019\\\/vinculan-a-proceso-a-individuo-acusado-del-homicidio-de-un-dj-israeli-y-a-otra-persona-en-tierra-blanca\\\/\"},\"wordCount\":338,\"commentCount\":0,\"publisher\":{\"@id\":\"https:\\\/\\\/canal7slp.tv\\\/2019\\\/#organization\"},\"image\":{\"@id\":\"https:\\\/\\\/canal7slp.tv\\\/2019\\\/vinculan-a-proceso-a-individuo-acusado-del-homicidio-de-un-dj-israeli-y-a-otra-persona-en-tierra-blanca\\\/#primaryimage\"},\"thumbnailUrl\":\"https:\\\/\\\/canal7slp.tv\\\/2019\\\/wp-content\\\/uploads\\\/2019\\\/07\\\/z1-26.jpg\",\"articleSection\":[\"REPORTE 7\"],\"inLanguage\":\"es\",\"potentialAction\":[{\"@type\":\"CommentAction\",\"name\":\"Comment\",\"target\":[\"https:\\\/\\\/canal7slp.tv\\\/2019\\\/vinculan-a-proceso-a-individuo-acusado-del-homicidio-de-un-dj-israeli-y-a-otra-persona-en-tierra-blanca\\\/#respond\"]}]},{\"@type\":\"WebPage\",\"@id\":\"https:\\\/\\\/canal7slp.tv\\\/2019\\\/vinculan-a-proceso-a-individuo-acusado-del-homicidio-de-un-dj-israeli-y-a-otra-persona-en-tierra-blanca\\\/\",\"url\":\"https:\\\/\\\/canal7slp.tv\\\/2019\\\/vinculan-a-proceso-a-individuo-acusado-del-homicidio-de-un-dj-israeli-y-a-otra-persona-en-tierra-blanca\\\/\",\"name\":\"Vinculan a proceso a individuo acusado del homicidio de un DJ Israel\u00ed y a otra persona en Tierra Blanca - Canal 7 SLP - 2019\",\"isPartOf\":{\"@id\":\"https:\\\/\\\/canal7slp.tv\\\/2019\\\/#website\"},\"primaryImageOfPage\":{\"@id\":\"https:\\\/\\\/canal7slp.tv\\\/2019\\\/vinculan-a-proceso-a-individuo-acusado-del-homicidio-de-un-dj-israeli-y-a-otra-persona-en-tierra-blanca\\\/#primaryimage\"},\"image\":{\"@id\":\"https:\\\/\\\/canal7slp.tv\\\/2019\\\/vinculan-a-proceso-a-individuo-acusado-del-homicidio-de-un-dj-israeli-y-a-otra-persona-en-tierra-blanca\\\/#primaryimage\"},\"thumbnailUrl\":\"https:\\\/\\\/canal7slp.tv\\\/2019\\\/wp-content\\\/uploads\\\/2019\\\/07\\\/z1-26.jpg\",\"datePublished\":\"2019-07-16T00:00:03+00:00\",\"dateModified\":\"2019-07-16T00:00:18+00:00\",\"breadcrumb\":{\"@id\":\"https:\\\/\\\/canal7slp.tv\\\/2019\\\/vinculan-a-proceso-a-individuo-acusado-del-homicidio-de-un-dj-israeli-y-a-otra-persona-en-tierra-blanca\\\/#breadcrumb\"},\"inLanguage\":\"es\",\"potentialAction\":[{\"@type\":\"ReadAction\",\"target\":[\"https:\\\/\\\/canal7slp.tv\\\/2019\\\/vinculan-a-proceso-a-individuo-acusado-del-homicidio-de-un-dj-israeli-y-a-otra-persona-en-tierra-blanca\\\/\"]}]},{\"@type\":\"ImageObject\",\"inLanguage\":\"es\",\"@id\":\"https:\\\/\\\/canal7slp.tv\\\/2019\\\/vinculan-a-proceso-a-individuo-acusado-del-homicidio-de-un-dj-israeli-y-a-otra-persona-en-tierra-blanca\\\/#primaryimage\",\"url\":\"https:\\\/\\\/canal7slp.tv\\\/2019\\\/wp-content\\\/uploads\\\/2019\\\/07\\\/z1-26.jpg\",\"contentUrl\":\"https:\\\/\\\/canal7slp.tv\\\/2019\\\/wp-content\\\/uploads\\\/2019\\\/07\\\/z1-26.jpg\",\"width\":447,\"height\":558},{\"@type\":\"BreadcrumbList\",\"@id\":\"https:\\\/\\\/canal7slp.tv\\\/2019\\\/vinculan-a-proceso-a-individuo-acusado-del-homicidio-de-un-dj-israeli-y-a-otra-persona-en-tierra-blanca\\\/#breadcrumb\",\"itemListElement\":[{\"@type\":\"ListItem\",\"position\":1,\"name\":\"Home\",\"item\":\"https:\\\/\\\/canal7slp.tv\\\/2019\\\/\"},{\"@type\":\"ListItem\",\"position\":2,\"name\":\"Vinculan a proceso a individuo acusado del homicidio de un DJ Israel\u00ed y a otra persona en Tierra Blanca\"}]},{\"@type\":\"WebSite\",\"@id\":\"https:\\\/\\\/canal7slp.tv\\\/2019\\\/#website\",\"url\":\"https:\\\/\\\/canal7slp.tv\\\/2019\\\/\",\"name\":\"Canal 7 SLP - Somos TV\",\"description\":\"Somos un Canal de 10\",\"publisher\":{\"@id\":\"https:\\\/\\\/canal7slp.tv\\\/2019\\\/#organization\"},\"potentialAction\":[{\"@type\":\"SearchAction\",\"target\":{\"@type\":\"EntryPoint\",\"urlTemplate\":\"https:\\\/\\\/canal7slp.tv\\\/2019\\\/?s={search_term_string}\"},\"query-input\":{\"@type\":\"PropertyValueSpecification\",\"valueRequired\":true,\"valueName\":\"search_term_string\"}}],\"inLanguage\":\"es\"},{\"@type\":\"Organization\",\"@id\":\"https:\\\/\\\/canal7slp.tv\\\/2019\\\/#organization\",\"name\":\"Comunicaci\u00f3n 2000 S.A. de C.V.\",\"url\":\"https:\\\/\\\/canal7slp.tv\\\/2019\\\/\",\"logo\":{\"@type\":\"ImageObject\",\"inLanguage\":\"es\",\"@id\":\"https:\\\/\\\/canal7slp.tv\\\/2019\\\/#\\\/schema\\\/logo\\\/image\\\/\",\"url\":\"https:\\\/\\\/canal7slp.tv\\\/2019\\\/wp-content\\\/uploads\\\/2019\\\/07\\\/logo-c7.png\",\"contentUrl\":\"https:\\\/\\\/canal7slp.tv\\\/2019\\\/wp-content\\\/uploads\\\/2019\\\/07\\\/logo-c7.png\",\"width\":220,\"height\":60,\"caption\":\"Comunicaci\u00f3n 2000 S.A. de C.V.\"},\"image\":{\"@id\":\"https:\\\/\\\/canal7slp.tv\\\/2019\\\/#\\\/schema\\\/logo\\\/image\\\/\"},\"sameAs\":[\"https:\\\/\\\/www.facebook.com\\\/CANAL7SLP\\\/\",\"https:\\\/\\\/x.com\\\/canal7_slp\",\"https:\\\/\\\/www.instagram.com\\\/canal7_slp\",\"https:\\\/\\\/www.youtube.com\\\/user\\\/NOTICIEROSCANAL7SLP\\\/\"]},{\"@type\":\"Person\",\"@id\":\"https:\\\/\\\/canal7slp.tv\\\/2019\\\/#\\\/schema\\\/person\\\/11d941c1c6ca30ac0a46b95fa37aa2e3\",\"name\":\"edicionweb\",\"image\":{\"@type\":\"ImageObject\",\"inLanguage\":\"es\",\"@id\":\"https:\\\/\\\/secure.gravatar.com\\\/avatar\\\/eee448fc3f7164808013b816ba91ac7e43bbe82a70bebac296f8bc6f0addaa1a?s=96&d=mm&r=g\",\"url\":\"https:\\\/\\\/secure.gravatar.com\\\/avatar\\\/eee448fc3f7164808013b816ba91ac7e43bbe82a70bebac296f8bc6f0addaa1a?s=96&d=mm&r=g\",\"contentUrl\":\"https:\\\/\\\/secure.gravatar.com\\\/avatar\\\/eee448fc3f7164808013b816ba91ac7e43bbe82a70bebac296f8bc6f0addaa1a?s=96&d=mm&r=g\",\"caption\":\"edicionweb\"}}]}<\/script>\n<!-- \/ Yoast SEO plugin. -->","yoast_head_json":{"title":"Vinculan a proceso a individuo acusado del homicidio de un DJ Israel\u00ed y a otra persona en Tierra Blanca - Canal 7 SLP - 2019","robots":{"index":"index","follow":"follow","max-snippet":"max-snippet:-1","max-image-preview":"max-image-preview:large","max-video-preview":"max-video-preview:-1"},"canonical":"https:\/\/canal7slp.tv\/2019\/vinculan-a-proceso-a-individuo-acusado-del-homicidio-de-un-dj-israeli-y-a-otra-persona-en-tierra-blanca\/","og_locale":"es_ES","og_type":"article","og_title":"Vinculan a proceso a individuo acusado del homicidio de un DJ Israel\u00ed y a otra persona en Tierra Blanca - Canal 7 SLP - 2019","og_description":"La FGE obtuvo tres meses para la investigaci\u00f3n complementaria SLP.- Un individuo que presuntamente les caus\u00f3 la muerte a dos personas, incluido un DJ de nacionalidad israel\u00ed, fue vinculado a proceso, despu\u00e9s de que litigadores de la Unidad Especializada en Investigaci\u00f3n de Homicidios y Feminicidios de la Fiscal\u00eda General del Estado de San Luis Potos\u00ed [&hellip;]","og_url":"https:\/\/canal7slp.tv\/2019\/vinculan-a-proceso-a-individuo-acusado-del-homicidio-de-un-dj-israeli-y-a-otra-persona-en-tierra-blanca\/","og_site_name":"Canal 7 SLP - 2019","article_publisher":"https:\/\/www.facebook.com\/CANAL7SLP\/","article_published_time":"2019-07-16T00:00:03+00:00","article_modified_time":"2019-07-16T00:00:18+00:00","og_image":[{"width":447,"height":558,"url":"https:\/\/canal7slp.tv\/2019\/wp-content\/uploads\/2019\/07\/z1-26.jpg","type":"image\/jpeg"}],"author":"edicionweb","twitter_card":"summary_large_image","twitter_creator":"@canal7_slp","twitter_site":"@canal7_slp","twitter_misc":{"Escrito por":"edicionweb","Tiempo de lectura":"2 minutos"},"schema":{"@context":"https:\/\/schema.org","@graph":[{"@type":"Article","@id":"https:\/\/canal7slp.tv\/2019\/vinculan-a-proceso-a-individuo-acusado-del-homicidio-de-un-dj-israeli-y-a-otra-persona-en-tierra-blanca\/#article","isPartOf":{"@id":"https:\/\/canal7slp.tv\/2019\/vinculan-a-proceso-a-individuo-acusado-del-homicidio-de-un-dj-israeli-y-a-otra-persona-en-tierra-blanca\/"},"author":{"name":"edicionweb","@id":"https:\/\/canal7slp.tv\/2019\/#\/schema\/person\/11d941c1c6ca30ac0a46b95fa37aa2e3"},"headline":"Vinculan a proceso a individuo acusado del homicidio de un DJ Israel\u00ed y a otra persona en Tierra Blanca","datePublished":"2019-07-16T00:00:03+00:00","dateModified":"2019-07-16T00:00:18+00:00","mainEntityOfPage":{"@id":"https:\/\/canal7slp.tv\/2019\/vinculan-a-proceso-a-individuo-acusado-del-homicidio-de-un-dj-israeli-y-a-otra-persona-en-tierra-blanca\/"},"wordCount":338,"commentCount":0,"publisher":{"@id":"https:\/\/canal7slp.tv\/2019\/#organization"},"image":{"@id":"https:\/\/canal7slp.tv\/2019\/vinculan-a-proceso-a-individuo-acusado-del-homicidio-de-un-dj-israeli-y-a-otra-persona-en-tierra-blanca\/#primaryimage"},"thumbnailUrl":"https:\/\/canal7slp.tv\/2019\/wp-content\/uploads\/2019\/07\/z1-26.jpg","articleSection":["REPORTE 7"],"inLanguage":"es","potentialAction":[{"@type":"CommentAction","name":"Comment","target":["https:\/\/canal7slp.tv\/2019\/vinculan-a-proceso-a-individuo-acusado-del-homicidio-de-un-dj-israeli-y-a-otra-persona-en-tierra-blanca\/#respond"]}]},{"@type":"WebPage","@id":"https:\/\/canal7slp.tv\/2019\/vinculan-a-proceso-a-individuo-acusado-del-homicidio-de-un-dj-israeli-y-a-otra-persona-en-tierra-blanca\/","url":"https:\/\/canal7slp.tv\/2019\/vinculan-a-proceso-a-individuo-acusado-del-homicidio-de-un-dj-israeli-y-a-otra-persona-en-tierra-blanca\/","name":"Vinculan a proceso a individuo acusado del homicidio de un DJ Israel\u00ed y a otra persona en Tierra Blanca - Canal 7 SLP - 2019","isPartOf":{"@id":"https:\/\/canal7slp.tv\/2019\/#website"},"primaryImageOfPage":{"@id":"https:\/\/canal7slp.tv\/2019\/vinculan-a-proceso-a-individuo-acusado-del-homicidio-de-un-dj-israeli-y-a-otra-persona-en-tierra-blanca\/#primaryimage"},"image":{"@id":"https:\/\/canal7slp.tv\/2019\/vinculan-a-proceso-a-individuo-acusado-del-homicidio-de-un-dj-israeli-y-a-otra-persona-en-tierra-blanca\/#primaryimage"},"thumbnailUrl":"https:\/\/canal7slp.tv\/2019\/wp-content\/uploads\/2019\/07\/z1-26.jpg","datePublished":"2019-07-16T00:00:03+00:00","dateModified":"2019-07-16T00:00:18+00:00","breadcrumb":{"@id":"https:\/\/canal7slp.tv\/2019\/vinculan-a-proceso-a-individuo-acusado-del-homicidio-de-un-dj-israeli-y-a-otra-persona-en-tierra-blanca\/#breadcrumb"},"inLanguage":"es","potentialAction":[{"@type":"ReadAction","target":["https:\/\/canal7slp.tv\/2019\/vinculan-a-proceso-a-individuo-acusado-del-homicidio-de-un-dj-israeli-y-a-otra-persona-en-tierra-blanca\/"]}]},{"@type":"ImageObject","inLanguage":"es","@id":"https:\/\/canal7slp.tv\/2019\/vinculan-a-proceso-a-individuo-acusado-del-homicidio-de-un-dj-israeli-y-a-otra-persona-en-tierra-blanca\/#primaryimage","url":"https:\/\/canal7slp.tv\/2019\/wp-content\/uploads\/2019\/07\/z1-26.jpg","contentUrl":"https:\/\/canal7slp.tv\/2019\/wp-content\/uploads\/2019\/07\/z1-26.jpg","width":447,"height":558},{"@type":"BreadcrumbList","@id":"https:\/\/canal7slp.tv\/2019\/vinculan-a-proceso-a-individuo-acusado-del-homicidio-de-un-dj-israeli-y-a-otra-persona-en-tierra-blanca\/#breadcrumb","itemListElement":[{"@type":"ListItem","position":1,"name":"Home","item":"https:\/\/canal7slp.tv\/2019\/"},{"@type":"ListItem","position":2,"name":"Vinculan a proceso a individuo acusado del homicidio de un DJ Israel\u00ed y a otra persona en Tierra Blanca"}]},{"@type":"WebSite","@id":"https:\/\/canal7slp.tv\/2019\/#website","url":"https:\/\/canal7slp.tv\/2019\/","name":"Canal 7 SLP - Somos TV","description":"Somos un Canal de 10","publisher":{"@id":"https:\/\/canal7slp.tv\/2019\/#organization"},"potentialAction":[{"@type":"SearchAction","target":{"@type":"EntryPoint","urlTemplate":"https:\/\/canal7slp.tv\/2019\/?s={search_term_string}"},"query-input":{"@type":"PropertyValueSpecification","valueRequired":true,"valueName":"search_term_string"}}],"inLanguage":"es"},{"@type":"Organization","@id":"https:\/\/canal7slp.tv\/2019\/#organization","name":"Comunicaci\u00f3n 2000 S.A. de C.V.","url":"https:\/\/canal7slp.tv\/2019\/","logo":{"@type":"ImageObject","inLanguage":"es","@id":"https:\/\/canal7slp.tv\/2019\/#\/schema\/logo\/image\/","url":"https:\/\/canal7slp.tv\/2019\/wp-content\/uploads\/2019\/07\/logo-c7.png","contentUrl":"https:\/\/canal7slp.tv\/2019\/wp-content\/uploads\/2019\/07\/logo-c7.png","width":220,"height":60,"caption":"Comunicaci\u00f3n 2000 S.A. de C.V."},"image":{"@id":"https:\/\/canal7slp.tv\/2019\/#\/schema\/logo\/image\/"},"sameAs":["https:\/\/www.facebook.com\/CANAL7SLP\/","https:\/\/x.com\/canal7_slp","https:\/\/www.instagram.com\/canal7_slp","https:\/\/www.youtube.com\/user\/NOTICIEROSCANAL7SLP\/"]},{"@type":"Person","@id":"https:\/\/canal7slp.tv\/2019\/#\/schema\/person\/11d941c1c6ca30ac0a46b95fa37aa2e3","name":"edicionweb","image":{"@type":"ImageObject","inLanguage":"es","@id":"https:\/\/secure.gravatar.com\/avatar\/eee448fc3f7164808013b816ba91ac7e43bbe82a70bebac296f8bc6f0addaa1a?s=96&d=mm&r=g","url":"https:\/\/secure.gravatar.com\/avatar\/eee448fc3f7164808013b816ba91ac7e43bbe82a70bebac296f8bc6f0addaa1a?s=96&d=mm&r=g","contentUrl":"https:\/\/secure.gravatar.com\/avatar\/eee448fc3f7164808013b816ba91ac7e43bbe82a70bebac296f8bc6f0addaa1a?s=96&d=mm&r=g","caption":"edicionweb"}}]}},"amp_enabled":true,"cmb2":{"video_ids_in_playlist":{"vid_p_videos":""},"video_ids_in_channel":{"vid_c_videos":""},"playlist_ids_in_channel":{"vid_c_playlists":""},"series_ids_in_channel":{"vid_c_series":""},"channel_images":{"vid_c_logo":"","vid_c_banner":""},"poster_feature_image":{"vid_m_poster_image":""},"gif_feature_image":{"vid_m_gif_image":""},"video_movie_settings":{"vid_m_director":"","vid_m_actor":"","vid_m_imdb_ratings":"","vid_m_amazon_associates":""},"vid_youtube_broadcasts_settings":{"vid_yb_broadcast_title":"","vid_yb_q":"","vid_yb_channelid":"","vid_yb_videocategoryid":"","vid_yb_maxresults":"","vid_yb_order":"","vid_yb_regioncode":"","vid_yb_videosyndicated":"","vid_yb_style":"","vid_yb_reload_first":""},"video_series_settings":{"vid_m_director":"","vid_m_actor":"","vid_m_imdb_ratings":"","video_series_group":""},"amazon_associates_settings":{"amazon_associates":"","amazon_native_ad":""},"vid_youtube_automatic_settings":{"vid_ya_youtube_source":"","vid_ya_update_every":"","vid_ya_update_unit":"","vid_ya_categories":"","vid_ya_published_after":"","vid_ya_published_before":"","vid_ya_playlists":"","vid_ya_channels":"","vid_ya_director":"","vid_ya_actor":"","vid_ya_author":"","vid_ya_import_post_date":"","vid_ya_status":"","vid_ya_sub_api_key":""},"vid_ads_m_videoads_settings_post":{"vid_ads_m_video_ads":"","vid_ads_m_video_ads_type":"","vid_ads_m_group_google_ima":"","vid_ads_m_group_image":"","vid_ads_m_group_html5_video":"","vid_ads_m_group_html":"","vid_ads_m_vast_preroll":"","vid_ads_m_vast_postroll":"","vid_ads_m_vast_pauseroll":"","vid_ads_m_vast_midroll":[{"vid_ads_m_vast_timer_seconds":"50"}],"vid_ads_m_time_to_show_ads":"","vid_ads_m_time_skip_ads":"","vid_ads_m_time_to_hide_ads":""},"page_slider_settings":{"display_slider_group":"","page_slider_group":""},"blog_page_settings":{"blog_page_title":"","blog_page_heading":"","blog_page_ic":"","blog_page_it":"","blog_page_ec":"","blog_page_ip":"","archive_loop_style":"","blog_image_ratio":"","blog_show_categories":"","blog_show_excerpt":"","blog_show_author":"","blog_show_date":"","blog_show_comment_count":"","blog_show_view_count":"","blog_show_like_count":"","blog_show_dislike_count":"","blog_items_per_page":"","blog_pag_type":""},"page_options":{"get_page_template":"","color_mode":"","main_layout":"","main_layout_full_with":"","main_logo":"","main_logo_retina":"","main_logo_mobile":"","main_logo_mobile_retina":"","sticky_logo":"","sticky_logo_retina":"","main_nav_layout":"","ajax_search":"","header_background":"","theme_sidebar":"","instagram_feed":"","instagram_feed_position":"","popular_videos":"","popular_videos_title_1":"","popular_videos_title_2":"","popular_videos_ic":"","popular_videos_it":"","theme_background":"","page_custom_css":""},"feature_image_settings":{"feature_image_position":""},"video_player_settings":{"single_video_style":"","video_player_position":"","vm_video_url":"","video_player_library":"","video_streaming":"","vm_media_sources":"","vid_auto_play":"","vm_video_shortcode":"","vid_p_sync_playlist":"","vid_c_sync_channel":"","get_post_format":"","multiple_links_structure":"default","multi_links_title":"","vm_video_multi_links":"","vm_duration":"","vid_social_locker":"off","vid_social_locker_id":"","vid_membership_action":"content-video","vm_video_trailer_url":"","vid_download_type":"free","vid_download_target":"download","vid_woo_product":"","vm_media_download":"","user_rating":"","user_rating_position":"","user_rating_mode":"","user_rating_multi_sets":""},"video_auto_fetch_settings":{"vm_video_fetch":"on"},"video_fake_views_likes":{"vm_fake_views":"","vm_fake_likes":"","vm_fake_dislikes":""},"gallery_settings":{"gallery_position":""},"quote_settings":{"quote_position":""},"post_options":{"main_layout":"","main_logo":"","main_logo_retina":"","main_logo_mobile":"","main_logo_mobile_retina":"","sticky_logo":"","sticky_logo_retina":"","main_nav_layout":"","header_background":"","theme_sidebar":"","single_post_comment_type":"","theme_background":""}},"_links":{"self":[{"href":"https:\/\/canal7slp.tv\/2019\/wp-json\/wp\/v2\/posts\/33633","targetHints":{"allow":["GET"]}}],"collection":[{"href":"https:\/\/canal7slp.tv\/2019\/wp-json\/wp\/v2\/posts"}],"about":[{"href":"https:\/\/canal7slp.tv\/2019\/wp-json\/wp\/v2\/types\/post"}],"author":[{"embeddable":true,"href":"https:\/\/canal7slp.tv\/2019\/wp-json\/wp\/v2\/users\/2"}],"replies":[{"embeddable":true,"href":"https:\/\/canal7slp.tv\/2019\/wp-json\/wp\/v2\/comments?post=33633"}],"version-history":[{"count":0,"href":"https:\/\/canal7slp.tv\/2019\/wp-json\/wp\/v2\/posts\/33633\/revisions"}],"wp:featuredmedia":[{"embeddable":true,"href":"https:\/\/canal7slp.tv\/2019\/wp-json\/wp\/v2\/media\/33634"}],"wp:attachment":[{"href":"https:\/\/canal7slp.tv\/2019\/wp-json\/wp\/v2\/media?parent=33633"}],"wp:term":[{"taxonomy":"category","embeddable":true,"href":"https:\/\/canal7slp.tv\/2019\/wp-json\/wp\/v2\/categories?post=33633"},{"taxonomy":"post_tag","embeddable":true,"href":"https:\/\/canal7slp.tv\/2019\/wp-json\/wp\/v2\/tags?post=33633"}],"curies":[{"name":"wp","href":"https:\/\/api.w.org\/{rel}","templated":true}]}}