{"id":33624,"date":"2019-07-15T18:43:36","date_gmt":"2019-07-15T23:43:36","guid":{"rendered":"https:\/\/canal7slp.tv\/2019\/?p=33624"},"modified":"2019-07-15T19:42:04","modified_gmt":"2019-07-16T00:42:04","slug":"alito-registra-mayor-preferencia-que-ivonne-ortega-para-dirigir-al-pri-en-encuesta-telefonica","status":"publish","type":"post","link":"https:\/\/canal7slp.tv\/2019\/alito-registra-mayor-preferencia-que-ivonne-ortega-para-dirigir-al-pri-en-encuesta-telefonica\/","title":{"rendered":"Alito registra mayor preferencia que Ivonne Ortega para dirigir al PRI en encuesta telef\u00f3nica."},"content":{"rendered":"<p style=\"text-align: justify;\">SLP.- En una encuesta telef\u00f3nica nacional realizada por El Universal a personas afiliadas al Partido Revolucionario Institucional, el 42 por ciento de los consultados mostr\u00f3 tener preferencia por el aspirante Alejandro Moreno C\u00e1rdenas, \u201cAlito\u201d, en tanto el 27 por ciento afirm\u00f3 que su voto en este momento ser\u00eda para la candidata Ivonne Ortega Pacheco.<\/p>\n<p style=\"text-align: justify;\">Adem\u00e1s el 13 por ciento de la muestra no quiso revelar la orientaci\u00f3n del sufragio; 8 por ciento contest\u00f3: \u201cNinguno\u201d y 4 por ciento que su opci\u00f3n ser\u00eda \u201ccualquiera\u201d, el porcentaje restante corresponde a las opciones \u201cotro\u201d, anular\u00eda su voto, \u201cno sabe\u201d y \u201cno los conoce\u201d.<\/p>\n<p style=\"text-align: justify;\">El pr\u00f3ximo 11 de agosto el tricolor elegir\u00e1 a su nuevo presidente o presidenta nacional. El proceso de selecci\u00f3n ser\u00e1 abierto a toda la militancia pri\u00edsta con un padr\u00f3n de 6.5 millones de pri\u00edstas.<\/p>\n<p style=\"text-align: justify;\">La mayor\u00eda de las personas consultadas para este estudio tienen buena opini\u00f3n de ambos candidatos.<br \/>\nLa valoraci\u00f3n sobre Moreno C\u00e1rdenas es positiva en 84 por ciento entre los encuestados, mientras que Ortega Pacheco es bien evaluada por 83 por ciento de la muestra.<\/p>\n<p style=\"text-align: justify;\">La militancia manifest\u00f3 gran inter\u00e9s por el proceso interno, ya que el 55 por ciento de los entrevistados afirm\u00f3 que le interesa mucho y \u00fanicamente le 7 por ciento manifest\u00f3 que no tiene ning\u00fan inter\u00e9s de participar en \u00e9l.<\/p>\n<p style=\"text-align: justify;\">Pese a lo anterior y en menos de un mes de realizarse la votaci\u00f3n , la mayor\u00eda de la militancia pri\u00edsta desconoce el d\u00eda exacto de la elecci\u00f3n y solo el 7 por ciento de los consultados conoc\u00eda la fecha exacta de la votaciones : 11 de agosto.<\/p>\n<p style=\"text-align: justify;\">Adicionalmente se pregunt\u00f3 a los priistas quien considera que tiene las mayores posibilidades de ganar el proceso interno el partido. El 48 por ciento contest\u00f3 que ser\u00eda Alejandro Morena C\u00e1rdenas en tanto que el 27 por ciento contest\u00f3 que ser\u00eda Ivonne Ortega Pacheco<\/p>\n<p style=\"text-align: justify;\">La compa\u00f1era de formula que acompa\u00f1a al candidato Alejandro Morena C\u00e1rdenas es Carolina Viggiano Austria, mientras que en el caso de Ivonne Ortega, el aspirante a la Secretar\u00eda General del PRI es Jos\u00e9 Encarnaci\u00f3n Alfaro.<\/p>\n<p style=\"text-align: justify;\">En entrevista aparte, el ex dirigente pri\u00edsta, diputado Mart\u00edn Ju\u00e1rez C\u00f3rdova dijo que esta bien fundamentado el resultados de la encuesta, coment\u00f3 que se trata de la fotograf\u00eda estad\u00edstica de este momento.<\/p>\n<p>Por: Jos\u00e9 Luis Juarez<\/p>\n","protected":false},"excerpt":{"rendered":"<p>SLP.- En una encuesta telef\u00f3nica nacional realizada por El Universal a personas afiliadas al Partido Revolucionario Institucional, el 42 por ciento de los consultados mostr\u00f3 tener preferencia por el aspirante Alejandro Moreno C\u00e1rdenas, \u201cAlito\u201d, en tanto el 27 por ciento afirm\u00f3 que su voto en este momento ser\u00eda para la candidata Ivonne Ortega Pacheco. Adem\u00e1s [&hellip;]<\/p>\n","protected":false},"author":2,"featured_media":33629,"comment_status":"open","ping_status":"closed","sticky":false,"template":"","format":"video","meta":{"footnotes":""},"categories":[108,17],"tags":[249],"class_list":["post-33624","post","type-post","status-publish","format-video","has-post-thumbnail","hentry","category-destacadas","category-localesyregionales","tag-pri","post_format-post-format-video"],"yoast_head":"<!-- This site is optimized with the Yoast SEO plugin v27.5 - https:\/\/yoast.com\/product\/yoast-seo-wordpress\/ -->\n<title>Alito registra mayor preferencia que Ivonne Ortega para dirigir al PRI en encuesta telef\u00f3nica. - Canal 7 SLP - 2019<\/title>\n<meta name=\"robots\" content=\"index, follow, max-snippet:-1, max-image-preview:large, max-video-preview:-1\" \/>\n<link rel=\"canonical\" href=\"https:\/\/canal7slp.tv\/2019\/alito-registra-mayor-preferencia-que-ivonne-ortega-para-dirigir-al-pri-en-encuesta-telefonica\/\" \/>\n<meta property=\"og:locale\" content=\"es_ES\" \/>\n<meta property=\"og:type\" content=\"article\" \/>\n<meta property=\"og:title\" content=\"Alito registra mayor preferencia que Ivonne Ortega para dirigir al PRI en encuesta telef\u00f3nica. - Canal 7 SLP - 2019\" \/>\n<meta property=\"og:description\" content=\"SLP.- En una encuesta telef\u00f3nica nacional realizada por El Universal a personas afiliadas al Partido Revolucionario Institucional, el 42 por ciento de los consultados mostr\u00f3 tener preferencia por el aspirante Alejandro Moreno C\u00e1rdenas, \u201cAlito\u201d, en tanto el 27 por ciento afirm\u00f3 que su voto en este momento ser\u00eda para la candidata Ivonne Ortega Pacheco. Adem\u00e1s [&hellip;]\" \/>\n<meta property=\"og:url\" content=\"https:\/\/canal7slp.tv\/2019\/alito-registra-mayor-preferencia-que-ivonne-ortega-para-dirigir-al-pri-en-encuesta-telefonica\/\" \/>\n<meta property=\"og:site_name\" content=\"Canal 7 SLP - 2019\" \/>\n<meta property=\"article:publisher\" content=\"https:\/\/www.facebook.com\/CANAL7SLP\/\" \/>\n<meta property=\"article:published_time\" content=\"2019-07-15T23:43:36+00:00\" \/>\n<meta property=\"article:modified_time\" content=\"2019-07-16T00:42:04+00:00\" \/>\n<meta property=\"og:image\" content=\"https:\/\/canal7slp.tv\/2019\/wp-content\/uploads\/2019\/07\/priencuesta.jpg\" \/>\n\t<meta property=\"og:image:width\" content=\"750\" \/>\n\t<meta property=\"og:image:height\" content=\"421\" \/>\n\t<meta property=\"og:image:type\" content=\"image\/jpeg\" \/>\n<meta name=\"author\" content=\"edicionweb\" \/>\n<meta name=\"twitter:card\" content=\"summary_large_image\" \/>\n<meta name=\"twitter:creator\" content=\"@canal7_slp\" \/>\n<meta name=\"twitter:site\" content=\"@canal7_slp\" \/>\n<meta name=\"twitter:label1\" content=\"Escrito por\" \/>\n\t<meta name=\"twitter:data1\" content=\"edicionweb\" \/>\n\t<meta name=\"twitter:label2\" content=\"Tiempo de lectura\" \/>\n\t<meta name=\"twitter:data2\" content=\"2 minutos\" \/>\n<script type=\"application\/ld+json\" class=\"yoast-schema-graph\">{\"@context\":\"https:\\\/\\\/schema.org\",\"@graph\":[{\"@type\":\"Article\",\"@id\":\"https:\\\/\\\/canal7slp.tv\\\/2019\\\/alito-registra-mayor-preferencia-que-ivonne-ortega-para-dirigir-al-pri-en-encuesta-telefonica\\\/#article\",\"isPartOf\":{\"@id\":\"https:\\\/\\\/canal7slp.tv\\\/2019\\\/alito-registra-mayor-preferencia-que-ivonne-ortega-para-dirigir-al-pri-en-encuesta-telefonica\\\/\"},\"author\":{\"name\":\"edicionweb\",\"@id\":\"https:\\\/\\\/canal7slp.tv\\\/2019\\\/#\\\/schema\\\/person\\\/11d941c1c6ca30ac0a46b95fa37aa2e3\"},\"headline\":\"Alito registra mayor preferencia que Ivonne Ortega para dirigir al PRI en encuesta telef\u00f3nica.\",\"datePublished\":\"2019-07-15T23:43:36+00:00\",\"dateModified\":\"2019-07-16T00:42:04+00:00\",\"mainEntityOfPage\":{\"@id\":\"https:\\\/\\\/canal7slp.tv\\\/2019\\\/alito-registra-mayor-preferencia-que-ivonne-ortega-para-dirigir-al-pri-en-encuesta-telefonica\\\/\"},\"wordCount\":417,\"commentCount\":0,\"publisher\":{\"@id\":\"https:\\\/\\\/canal7slp.tv\\\/2019\\\/#organization\"},\"image\":{\"@id\":\"https:\\\/\\\/canal7slp.tv\\\/2019\\\/alito-registra-mayor-preferencia-que-ivonne-ortega-para-dirigir-al-pri-en-encuesta-telefonica\\\/#primaryimage\"},\"thumbnailUrl\":\"https:\\\/\\\/canal7slp.tv\\\/2019\\\/wp-content\\\/uploads\\\/2019\\\/07\\\/priencuesta.jpg\",\"keywords\":[\"PRI\"],\"articleSection\":[\"DESTACADAS\",\"LOCALES Y REGIONALES\"],\"inLanguage\":\"es\",\"potentialAction\":[{\"@type\":\"CommentAction\",\"name\":\"Comment\",\"target\":[\"https:\\\/\\\/canal7slp.tv\\\/2019\\\/alito-registra-mayor-preferencia-que-ivonne-ortega-para-dirigir-al-pri-en-encuesta-telefonica\\\/#respond\"]}]},{\"@type\":\"WebPage\",\"@id\":\"https:\\\/\\\/canal7slp.tv\\\/2019\\\/alito-registra-mayor-preferencia-que-ivonne-ortega-para-dirigir-al-pri-en-encuesta-telefonica\\\/\",\"url\":\"https:\\\/\\\/canal7slp.tv\\\/2019\\\/alito-registra-mayor-preferencia-que-ivonne-ortega-para-dirigir-al-pri-en-encuesta-telefonica\\\/\",\"name\":\"Alito registra mayor preferencia que Ivonne Ortega para dirigir al PRI en encuesta telef\u00f3nica. - Canal 7 SLP - 2019\",\"isPartOf\":{\"@id\":\"https:\\\/\\\/canal7slp.tv\\\/2019\\\/#website\"},\"primaryImageOfPage\":{\"@id\":\"https:\\\/\\\/canal7slp.tv\\\/2019\\\/alito-registra-mayor-preferencia-que-ivonne-ortega-para-dirigir-al-pri-en-encuesta-telefonica\\\/#primaryimage\"},\"image\":{\"@id\":\"https:\\\/\\\/canal7slp.tv\\\/2019\\\/alito-registra-mayor-preferencia-que-ivonne-ortega-para-dirigir-al-pri-en-encuesta-telefonica\\\/#primaryimage\"},\"thumbnailUrl\":\"https:\\\/\\\/canal7slp.tv\\\/2019\\\/wp-content\\\/uploads\\\/2019\\\/07\\\/priencuesta.jpg\",\"datePublished\":\"2019-07-15T23:43:36+00:00\",\"dateModified\":\"2019-07-16T00:42:04+00:00\",\"breadcrumb\":{\"@id\":\"https:\\\/\\\/canal7slp.tv\\\/2019\\\/alito-registra-mayor-preferencia-que-ivonne-ortega-para-dirigir-al-pri-en-encuesta-telefonica\\\/#breadcrumb\"},\"inLanguage\":\"es\",\"potentialAction\":[{\"@type\":\"ReadAction\",\"target\":[\"https:\\\/\\\/canal7slp.tv\\\/2019\\\/alito-registra-mayor-preferencia-que-ivonne-ortega-para-dirigir-al-pri-en-encuesta-telefonica\\\/\"]}]},{\"@type\":\"ImageObject\",\"inLanguage\":\"es\",\"@id\":\"https:\\\/\\\/canal7slp.tv\\\/2019\\\/alito-registra-mayor-preferencia-que-ivonne-ortega-para-dirigir-al-pri-en-encuesta-telefonica\\\/#primaryimage\",\"url\":\"https:\\\/\\\/canal7slp.tv\\\/2019\\\/wp-content\\\/uploads\\\/2019\\\/07\\\/priencuesta.jpg\",\"contentUrl\":\"https:\\\/\\\/canal7slp.tv\\\/2019\\\/wp-content\\\/uploads\\\/2019\\\/07\\\/priencuesta.jpg\",\"width\":750,\"height\":421},{\"@type\":\"BreadcrumbList\",\"@id\":\"https:\\\/\\\/canal7slp.tv\\\/2019\\\/alito-registra-mayor-preferencia-que-ivonne-ortega-para-dirigir-al-pri-en-encuesta-telefonica\\\/#breadcrumb\",\"itemListElement\":[{\"@type\":\"ListItem\",\"position\":1,\"name\":\"Home\",\"item\":\"https:\\\/\\\/canal7slp.tv\\\/2019\\\/\"},{\"@type\":\"ListItem\",\"position\":2,\"name\":\"Alito registra mayor preferencia que Ivonne Ortega para dirigir al PRI en encuesta telef\u00f3nica.\"}]},{\"@type\":\"WebSite\",\"@id\":\"https:\\\/\\\/canal7slp.tv\\\/2019\\\/#website\",\"url\":\"https:\\\/\\\/canal7slp.tv\\\/2019\\\/\",\"name\":\"Canal 7 SLP - Somos TV\",\"description\":\"Somos un Canal de 10\",\"publisher\":{\"@id\":\"https:\\\/\\\/canal7slp.tv\\\/2019\\\/#organization\"},\"potentialAction\":[{\"@type\":\"SearchAction\",\"target\":{\"@type\":\"EntryPoint\",\"urlTemplate\":\"https:\\\/\\\/canal7slp.tv\\\/2019\\\/?s={search_term_string}\"},\"query-input\":{\"@type\":\"PropertyValueSpecification\",\"valueRequired\":true,\"valueName\":\"search_term_string\"}}],\"inLanguage\":\"es\"},{\"@type\":\"Organization\",\"@id\":\"https:\\\/\\\/canal7slp.tv\\\/2019\\\/#organization\",\"name\":\"Comunicaci\u00f3n 2000 S.A. de C.V.\",\"url\":\"https:\\\/\\\/canal7slp.tv\\\/2019\\\/\",\"logo\":{\"@type\":\"ImageObject\",\"inLanguage\":\"es\",\"@id\":\"https:\\\/\\\/canal7slp.tv\\\/2019\\\/#\\\/schema\\\/logo\\\/image\\\/\",\"url\":\"https:\\\/\\\/canal7slp.tv\\\/2019\\\/wp-content\\\/uploads\\\/2019\\\/07\\\/logo-c7.png\",\"contentUrl\":\"https:\\\/\\\/canal7slp.tv\\\/2019\\\/wp-content\\\/uploads\\\/2019\\\/07\\\/logo-c7.png\",\"width\":220,\"height\":60,\"caption\":\"Comunicaci\u00f3n 2000 S.A. de C.V.\"},\"image\":{\"@id\":\"https:\\\/\\\/canal7slp.tv\\\/2019\\\/#\\\/schema\\\/logo\\\/image\\\/\"},\"sameAs\":[\"https:\\\/\\\/www.facebook.com\\\/CANAL7SLP\\\/\",\"https:\\\/\\\/x.com\\\/canal7_slp\",\"https:\\\/\\\/www.instagram.com\\\/canal7_slp\",\"https:\\\/\\\/www.youtube.com\\\/user\\\/NOTICIEROSCANAL7SLP\\\/\"]},{\"@type\":\"Person\",\"@id\":\"https:\\\/\\\/canal7slp.tv\\\/2019\\\/#\\\/schema\\\/person\\\/11d941c1c6ca30ac0a46b95fa37aa2e3\",\"name\":\"edicionweb\",\"image\":{\"@type\":\"ImageObject\",\"inLanguage\":\"es\",\"@id\":\"https:\\\/\\\/secure.gravatar.com\\\/avatar\\\/eee448fc3f7164808013b816ba91ac7e43bbe82a70bebac296f8bc6f0addaa1a?s=96&d=mm&r=g\",\"url\":\"https:\\\/\\\/secure.gravatar.com\\\/avatar\\\/eee448fc3f7164808013b816ba91ac7e43bbe82a70bebac296f8bc6f0addaa1a?s=96&d=mm&r=g\",\"contentUrl\":\"https:\\\/\\\/secure.gravatar.com\\\/avatar\\\/eee448fc3f7164808013b816ba91ac7e43bbe82a70bebac296f8bc6f0addaa1a?s=96&d=mm&r=g\",\"caption\":\"edicionweb\"}}]}<\/script>\n<!-- \/ Yoast SEO plugin. -->","yoast_head_json":{"title":"Alito registra mayor preferencia que Ivonne Ortega para dirigir al PRI en encuesta telef\u00f3nica. - Canal 7 SLP - 2019","robots":{"index":"index","follow":"follow","max-snippet":"max-snippet:-1","max-image-preview":"max-image-preview:large","max-video-preview":"max-video-preview:-1"},"canonical":"https:\/\/canal7slp.tv\/2019\/alito-registra-mayor-preferencia-que-ivonne-ortega-para-dirigir-al-pri-en-encuesta-telefonica\/","og_locale":"es_ES","og_type":"article","og_title":"Alito registra mayor preferencia que Ivonne Ortega para dirigir al PRI en encuesta telef\u00f3nica. - Canal 7 SLP - 2019","og_description":"SLP.- En una encuesta telef\u00f3nica nacional realizada por El Universal a personas afiliadas al Partido Revolucionario Institucional, el 42 por ciento de los consultados mostr\u00f3 tener preferencia por el aspirante Alejandro Moreno C\u00e1rdenas, \u201cAlito\u201d, en tanto el 27 por ciento afirm\u00f3 que su voto en este momento ser\u00eda para la candidata Ivonne Ortega Pacheco. Adem\u00e1s [&hellip;]","og_url":"https:\/\/canal7slp.tv\/2019\/alito-registra-mayor-preferencia-que-ivonne-ortega-para-dirigir-al-pri-en-encuesta-telefonica\/","og_site_name":"Canal 7 SLP - 2019","article_publisher":"https:\/\/www.facebook.com\/CANAL7SLP\/","article_published_time":"2019-07-15T23:43:36+00:00","article_modified_time":"2019-07-16T00:42:04+00:00","og_image":[{"width":750,"height":421,"url":"https:\/\/canal7slp.tv\/2019\/wp-content\/uploads\/2019\/07\/priencuesta.jpg","type":"image\/jpeg"}],"author":"edicionweb","twitter_card":"summary_large_image","twitter_creator":"@canal7_slp","twitter_site":"@canal7_slp","twitter_misc":{"Escrito por":"edicionweb","Tiempo de lectura":"2 minutos"},"schema":{"@context":"https:\/\/schema.org","@graph":[{"@type":"Article","@id":"https:\/\/canal7slp.tv\/2019\/alito-registra-mayor-preferencia-que-ivonne-ortega-para-dirigir-al-pri-en-encuesta-telefonica\/#article","isPartOf":{"@id":"https:\/\/canal7slp.tv\/2019\/alito-registra-mayor-preferencia-que-ivonne-ortega-para-dirigir-al-pri-en-encuesta-telefonica\/"},"author":{"name":"edicionweb","@id":"https:\/\/canal7slp.tv\/2019\/#\/schema\/person\/11d941c1c6ca30ac0a46b95fa37aa2e3"},"headline":"Alito registra mayor preferencia que Ivonne Ortega para dirigir al PRI en encuesta telef\u00f3nica.","datePublished":"2019-07-15T23:43:36+00:00","dateModified":"2019-07-16T00:42:04+00:00","mainEntityOfPage":{"@id":"https:\/\/canal7slp.tv\/2019\/alito-registra-mayor-preferencia-que-ivonne-ortega-para-dirigir-al-pri-en-encuesta-telefonica\/"},"wordCount":417,"commentCount":0,"publisher":{"@id":"https:\/\/canal7slp.tv\/2019\/#organization"},"image":{"@id":"https:\/\/canal7slp.tv\/2019\/alito-registra-mayor-preferencia-que-ivonne-ortega-para-dirigir-al-pri-en-encuesta-telefonica\/#primaryimage"},"thumbnailUrl":"https:\/\/canal7slp.tv\/2019\/wp-content\/uploads\/2019\/07\/priencuesta.jpg","keywords":["PRI"],"articleSection":["DESTACADAS","LOCALES Y REGIONALES"],"inLanguage":"es","potentialAction":[{"@type":"CommentAction","name":"Comment","target":["https:\/\/canal7slp.tv\/2019\/alito-registra-mayor-preferencia-que-ivonne-ortega-para-dirigir-al-pri-en-encuesta-telefonica\/#respond"]}]},{"@type":"WebPage","@id":"https:\/\/canal7slp.tv\/2019\/alito-registra-mayor-preferencia-que-ivonne-ortega-para-dirigir-al-pri-en-encuesta-telefonica\/","url":"https:\/\/canal7slp.tv\/2019\/alito-registra-mayor-preferencia-que-ivonne-ortega-para-dirigir-al-pri-en-encuesta-telefonica\/","name":"Alito registra mayor preferencia que Ivonne Ortega para dirigir al PRI en encuesta telef\u00f3nica. - Canal 7 SLP - 2019","isPartOf":{"@id":"https:\/\/canal7slp.tv\/2019\/#website"},"primaryImageOfPage":{"@id":"https:\/\/canal7slp.tv\/2019\/alito-registra-mayor-preferencia-que-ivonne-ortega-para-dirigir-al-pri-en-encuesta-telefonica\/#primaryimage"},"image":{"@id":"https:\/\/canal7slp.tv\/2019\/alito-registra-mayor-preferencia-que-ivonne-ortega-para-dirigir-al-pri-en-encuesta-telefonica\/#primaryimage"},"thumbnailUrl":"https:\/\/canal7slp.tv\/2019\/wp-content\/uploads\/2019\/07\/priencuesta.jpg","datePublished":"2019-07-15T23:43:36+00:00","dateModified":"2019-07-16T00:42:04+00:00","breadcrumb":{"@id":"https:\/\/canal7slp.tv\/2019\/alito-registra-mayor-preferencia-que-ivonne-ortega-para-dirigir-al-pri-en-encuesta-telefonica\/#breadcrumb"},"inLanguage":"es","potentialAction":[{"@type":"ReadAction","target":["https:\/\/canal7slp.tv\/2019\/alito-registra-mayor-preferencia-que-ivonne-ortega-para-dirigir-al-pri-en-encuesta-telefonica\/"]}]},{"@type":"ImageObject","inLanguage":"es","@id":"https:\/\/canal7slp.tv\/2019\/alito-registra-mayor-preferencia-que-ivonne-ortega-para-dirigir-al-pri-en-encuesta-telefonica\/#primaryimage","url":"https:\/\/canal7slp.tv\/2019\/wp-content\/uploads\/2019\/07\/priencuesta.jpg","contentUrl":"https:\/\/canal7slp.tv\/2019\/wp-content\/uploads\/2019\/07\/priencuesta.jpg","width":750,"height":421},{"@type":"BreadcrumbList","@id":"https:\/\/canal7slp.tv\/2019\/alito-registra-mayor-preferencia-que-ivonne-ortega-para-dirigir-al-pri-en-encuesta-telefonica\/#breadcrumb","itemListElement":[{"@type":"ListItem","position":1,"name":"Home","item":"https:\/\/canal7slp.tv\/2019\/"},{"@type":"ListItem","position":2,"name":"Alito registra mayor preferencia que Ivonne Ortega para dirigir al PRI en encuesta telef\u00f3nica."}]},{"@type":"WebSite","@id":"https:\/\/canal7slp.tv\/2019\/#website","url":"https:\/\/canal7slp.tv\/2019\/","name":"Canal 7 SLP - Somos TV","description":"Somos un Canal de 10","publisher":{"@id":"https:\/\/canal7slp.tv\/2019\/#organization"},"potentialAction":[{"@type":"SearchAction","target":{"@type":"EntryPoint","urlTemplate":"https:\/\/canal7slp.tv\/2019\/?s={search_term_string}"},"query-input":{"@type":"PropertyValueSpecification","valueRequired":true,"valueName":"search_term_string"}}],"inLanguage":"es"},{"@type":"Organization","@id":"https:\/\/canal7slp.tv\/2019\/#organization","name":"Comunicaci\u00f3n 2000 S.A. de C.V.","url":"https:\/\/canal7slp.tv\/2019\/","logo":{"@type":"ImageObject","inLanguage":"es","@id":"https:\/\/canal7slp.tv\/2019\/#\/schema\/logo\/image\/","url":"https:\/\/canal7slp.tv\/2019\/wp-content\/uploads\/2019\/07\/logo-c7.png","contentUrl":"https:\/\/canal7slp.tv\/2019\/wp-content\/uploads\/2019\/07\/logo-c7.png","width":220,"height":60,"caption":"Comunicaci\u00f3n 2000 S.A. de C.V."},"image":{"@id":"https:\/\/canal7slp.tv\/2019\/#\/schema\/logo\/image\/"},"sameAs":["https:\/\/www.facebook.com\/CANAL7SLP\/","https:\/\/x.com\/canal7_slp","https:\/\/www.instagram.com\/canal7_slp","https:\/\/www.youtube.com\/user\/NOTICIEROSCANAL7SLP\/"]},{"@type":"Person","@id":"https:\/\/canal7slp.tv\/2019\/#\/schema\/person\/11d941c1c6ca30ac0a46b95fa37aa2e3","name":"edicionweb","image":{"@type":"ImageObject","inLanguage":"es","@id":"https:\/\/secure.gravatar.com\/avatar\/eee448fc3f7164808013b816ba91ac7e43bbe82a70bebac296f8bc6f0addaa1a?s=96&d=mm&r=g","url":"https:\/\/secure.gravatar.com\/avatar\/eee448fc3f7164808013b816ba91ac7e43bbe82a70bebac296f8bc6f0addaa1a?s=96&d=mm&r=g","contentUrl":"https:\/\/secure.gravatar.com\/avatar\/eee448fc3f7164808013b816ba91ac7e43bbe82a70bebac296f8bc6f0addaa1a?s=96&d=mm&r=g","caption":"edicionweb"}}]}},"amp_enabled":true,"cmb2":{"video_ids_in_playlist":{"vid_p_videos":""},"video_ids_in_channel":{"vid_c_videos":""},"playlist_ids_in_channel":{"vid_c_playlists":""},"series_ids_in_channel":{"vid_c_series":""},"channel_images":{"vid_c_logo":"","vid_c_banner":""},"poster_feature_image":{"vid_m_poster_image":""},"gif_feature_image":{"vid_m_gif_image":""},"video_movie_settings":{"vid_m_director":"","vid_m_actor":"","vid_m_imdb_ratings":"","vid_m_amazon_associates":""},"vid_youtube_broadcasts_settings":{"vid_yb_broadcast_title":"","vid_yb_q":"","vid_yb_channelid":"","vid_yb_videocategoryid":"","vid_yb_maxresults":"","vid_yb_order":"","vid_yb_regioncode":"","vid_yb_videosyndicated":"","vid_yb_style":"","vid_yb_reload_first":""},"video_series_settings":{"vid_m_director":"","vid_m_actor":"","vid_m_imdb_ratings":"","video_series_group":""},"amazon_associates_settings":{"amazon_associates":"","amazon_native_ad":""},"vid_youtube_automatic_settings":{"vid_ya_youtube_source":"","vid_ya_update_every":"","vid_ya_update_unit":"","vid_ya_categories":"","vid_ya_published_after":"","vid_ya_published_before":"","vid_ya_playlists":"","vid_ya_channels":"","vid_ya_director":"","vid_ya_actor":"","vid_ya_author":"","vid_ya_import_post_date":"","vid_ya_status":"","vid_ya_sub_api_key":""},"vid_ads_m_videoads_settings_post":{"vid_ads_m_video_ads":"","vid_ads_m_video_ads_type":"","vid_ads_m_group_google_ima":"","vid_ads_m_group_image":"","vid_ads_m_group_html5_video":"","vid_ads_m_group_html":"","vid_ads_m_vast_preroll":"","vid_ads_m_vast_postroll":"","vid_ads_m_vast_pauseroll":"","vid_ads_m_vast_midroll":[{"vid_ads_m_vast_timer_seconds":"50"}],"vid_ads_m_time_to_show_ads":"","vid_ads_m_time_skip_ads":"","vid_ads_m_time_to_hide_ads":""},"page_slider_settings":{"display_slider_group":"","page_slider_group":""},"blog_page_settings":{"blog_page_title":"","blog_page_heading":"","blog_page_ic":"","blog_page_it":"","blog_page_ec":"","blog_page_ip":"","archive_loop_style":"","blog_image_ratio":"","blog_show_categories":"","blog_show_excerpt":"","blog_show_author":"","blog_show_date":"","blog_show_comment_count":"","blog_show_view_count":"","blog_show_like_count":"","blog_show_dislike_count":"","blog_items_per_page":"","blog_pag_type":""},"page_options":{"get_page_template":"","color_mode":"","main_layout":"","main_layout_full_with":"","main_logo":"","main_logo_retina":"","main_logo_mobile":"","main_logo_mobile_retina":"","sticky_logo":"","sticky_logo_retina":"","main_nav_layout":"","ajax_search":"","header_background":"","theme_sidebar":"","instagram_feed":"","instagram_feed_position":"","popular_videos":"","popular_videos_title_1":"","popular_videos_title_2":"","popular_videos_ic":"","popular_videos_it":"","theme_background":"","page_custom_css":""},"feature_image_settings":{"feature_image_position":""},"video_player_settings":{"single_video_style":"","video_player_position":"","vm_video_url":"https:\/\/youtu.be\/FsAEoly3n2k","video_player_library":"","video_streaming":"","vm_media_sources":"","vid_auto_play":"","vm_video_shortcode":"","vid_p_sync_playlist":"","vid_c_sync_channel":"","get_post_format":"","multiple_links_structure":"default","multi_links_title":"","vm_video_multi_links":"","vm_duration":"","vid_social_locker":"off","vid_social_locker_id":"","vid_membership_action":"content-video","vm_video_trailer_url":"","vid_download_type":"free","vid_download_target":"download","vid_woo_product":"","vm_media_download":"","user_rating":"","user_rating_position":"","user_rating_mode":"","user_rating_multi_sets":""},"video_auto_fetch_settings":{"vm_video_fetch":"off"},"video_fake_views_likes":{"vm_fake_views":"","vm_fake_likes":"","vm_fake_dislikes":""},"gallery_settings":{"gallery_position":""},"quote_settings":{"quote_position":""},"post_options":{"main_layout":"","main_logo":"","main_logo_retina":"","main_logo_mobile":"","main_logo_mobile_retina":"","sticky_logo":"","sticky_logo_retina":"","main_nav_layout":"","header_background":"","theme_sidebar":"","single_post_comment_type":"","theme_background":""}},"_links":{"self":[{"href":"https:\/\/canal7slp.tv\/2019\/wp-json\/wp\/v2\/posts\/33624","targetHints":{"allow":["GET"]}}],"collection":[{"href":"https:\/\/canal7slp.tv\/2019\/wp-json\/wp\/v2\/posts"}],"about":[{"href":"https:\/\/canal7slp.tv\/2019\/wp-json\/wp\/v2\/types\/post"}],"author":[{"embeddable":true,"href":"https:\/\/canal7slp.tv\/2019\/wp-json\/wp\/v2\/users\/2"}],"replies":[{"embeddable":true,"href":"https:\/\/canal7slp.tv\/2019\/wp-json\/wp\/v2\/comments?post=33624"}],"version-history":[{"count":0,"href":"https:\/\/canal7slp.tv\/2019\/wp-json\/wp\/v2\/posts\/33624\/revisions"}],"wp:featuredmedia":[{"embeddable":true,"href":"https:\/\/canal7slp.tv\/2019\/wp-json\/wp\/v2\/media\/33629"}],"wp:attachment":[{"href":"https:\/\/canal7slp.tv\/2019\/wp-json\/wp\/v2\/media?parent=33624"}],"wp:term":[{"taxonomy":"category","embeddable":true,"href":"https:\/\/canal7slp.tv\/2019\/wp-json\/wp\/v2\/categories?post=33624"},{"taxonomy":"post_tag","embeddable":true,"href":"https:\/\/canal7slp.tv\/2019\/wp-json\/wp\/v2\/tags?post=33624"}],"curies":[{"name":"wp","href":"https:\/\/api.w.org\/{rel}","templated":true}]}}