{"id":32759,"date":"2019-07-15T09:05:48","date_gmt":"2019-07-15T14:05:48","guid":{"rendered":"https:\/\/canal7slp.tv\/2019\/?p=32759"},"modified":"2019-07-15T09:08:00","modified_gmt":"2019-07-15T14:08:00","slug":"gualberto-castro-recibe-emotivo-homenaje-luctuoso-en-el-teatro-de-la-ciudad","status":"publish","type":"post","link":"https:\/\/canal7slp.tv\/2019\/gualberto-castro-recibe-emotivo-homenaje-luctuoso-en-el-teatro-de-la-ciudad\/","title":{"rendered":"Gualberto Castro recibe emotivo homenaje luctuoso en el Teatro de la Ciudad"},"content":{"rendered":"<p>M\u00e9xico.- A casi tres semanas de su muerte, el cantante mexicano Gualberto Castro recibi\u00f3 un emotivo homenaje musical por m\u00e1s de 30 artistas que se presentaron en el Teatro de la Ciudad \u201cEsperanza Iris\u201d, a fin de recordar su legado art\u00edstico y personal.<\/p>\n<p>Sobre el escenario del recinto ubicado en el Centro Hist\u00f3rico de esta capital, en \u201cCantando por Gualberto\u201d actuaron Los Hermanos Castro, Manoella Torres, Roc\u00edo Banquells, Manuel Mijares, Rodrigo de la Cadena, Jorge Mu\u00f1iz, Carlos Cuevas, Maribel Guardia, Alejandra \u00c1valos, Mario Pintor, Yoshio y Arianna, entre otros.<\/p>\n<p>Durante m\u00e1s de tres horas, con la Orquesta de Tino Martin, bajo la direcci\u00f3n de Miguel \u00c1ngel D\u00edaz, la lluvia de estrellas interpret\u00f3 los temas que el \u201cGualas\u201d llev\u00f3 al \u00e9xito, pero tambi\u00e9n aquellos que le dedicaron para la ocasi\u00f3n que convoc\u00f3 a m\u00e1s de mil personas que hoy extra\u00f1an al \u00eddolo, pero tambi\u00e9n al amigo, al hermano, al padre y al esposo.<\/p>\n<p>Bajo la conducci\u00f3n de Enrique Lazcano, Dexiree y la periodista Mar\u00eda Luisa Vald\u00e9s Doria la velada inici\u00f3 con la proyecci\u00f3n de una semblanza que destac\u00f3 lo m\u00e1s relevante en las m\u00e1s de seis d\u00e9cadas de trayectoria del artista que inici\u00f3 a los 14 a\u00f1os como bailar\u00edn en el desaparecido Teatro Blanquita, pues no hallaba empleo como cantante.<\/p>\n<p>Acto seguido salieron a escena Los Hermanos Castro (Arturo, Benito y Javier Castro) acompa\u00f1ados por Kiko Campos. Fue el grupo familiar del que form\u00f3 parte y que entreg\u00f3 un popurr\u00ed de canciones como \u201cPerdiendo la raz\u00f3n\u201d, \u201cA las mujeres que yo am\u00e9\u201d y \u201cDespu\u00e9s del amor\u201d.<\/p>\n<p>A trav\u00e9s de una pantalla, sobresal\u00edan im\u00e1genes de ellos en diversas etapas de su carrera. Como cuando fueron contratados para formar parte de las grandes luminarias que se anunciaban en las marquesinas de las Vegas, Reno y Lake Tahoe en el estado de Nevada.<\/p>\n<p>Tambi\u00e9n de aquel 1971 con el tema \u201cY despu\u00e9s del amor&#8221; que les hizo ganar premios durante la sexta edici\u00f3n del Festival Mundial de la Canci\u00f3n en R\u00edo de Janeiro, Brasil.<\/p>\n<p>Acompa\u00f1ado de la cantante Brisa, Gustavo Uribe destac\u00f3 que Gualberto Castro impactaba al p\u00fablico por su impresionante voz, as\u00ed como por su inigualable interpretaci\u00f3n.<\/p>\n<p>\u201cS\u00e9 digno, respeta a los dem\u00e1s y resp\u00e9tate. Da siempre lo mejor de ti. No te excedas, cuida tu entorno. Si lo hiciste mal, int\u00e9ntalo de nuevo. La vida sin alegr\u00eda, no es vida y el show debe continuar\u201d, son algunos de los consejos que, dice, le comparti\u00f3 en vida.<\/p>\n<p>Jorge Castro cant\u00f3 \u201cDormir contigo\u201d, dedicada tambi\u00e9n a su padre Jorge. Luego, al lado de Benito Castro y otros integrantes de la familia, present\u00f3 un popurr\u00ed brasile\u00f1o. Fue lo \u00faltimo que grabaron con la llamada \u201cVoz de Oro\u201d y en el que participaron artistas como Alex Lora, Margarita La Diosa de la Cumbia, A\u00edda Cuevas, Manoella Torres y Cristian Castro.<\/p>\n<p>Felicia Garza, antes Felipe Gil, se quebr\u00f3 en el escenario al interpretar el tema \u201cTe amo\u201d, dedicado a su gran amigo. Cabe recordar que es autor de \u201cLa felicidad\u201d y \u201cHasta que vuelvas\u201d que dieron fama al artista.<\/p>\n<p>Ya avanzado el concierto, toc\u00f3 el turno de Alejandra \u00c1valos con \u201cMucho coraz\u00f3n\u201d, y a \u201cMaribel Guardia que, ataviada con un vestido rosa mexicano que la hizo lucir despampanante, comparti\u00f3 \u201cUrge\u201d, para luego recordar que Gualberto Castro cant\u00f3 el \u201cAve Mar\u00eda\u201d el d\u00eda de su boda.<\/p>\n<p>Uno de los platos fuertes de la noche fue la participaci\u00f3n del cantautor Rodrigo de la Cadena, quien deleit\u00f3 con \u201cDemasiado tarde\u201d y \u201c\u00bfQui\u00e9n partir\u00e1?\u201d.<\/p>\n<p>\u201cHoy es tu noche, Gualberto. Cantamos todos en este teatro donde hiciste tantas cosas, en donde triunfaste tantas noches. Qu\u00e9 compromiso cantarte cuando el coraz\u00f3n se nos exprime. Tu p\u00fablico, tus amigos, elevamos hasta el cielo nuestro canto. Te aplaudimos, te valoramos y asumimos el compromiso de venerar siempre tu voz y tu alma buena\u201d, expres\u00f3.<\/p>\n<p>Aunque solo estaba programado que interpretara dos temas, ante la petici\u00f3n del p\u00fablico por uno m\u00e1s, complaci\u00f3 con el emblem\u00e1tico \u201cHasta que vuelvas\u201d y fue despedido con una larga ovaci\u00f3n de pie.<\/p>\n<p>\u201cEl Rey del bolero\u201d, Carlos Cuevas, tambi\u00e9n atendi\u00f3 a la invitaci\u00f3n al compartir \u201cQu\u00e9 mal amada est\u00e1s\u201d y \u201cHoja seca\u201d, sobre \u00e9sta \u00faltima se refiri\u00f3 como el tema que habla de \u201cs\u00edrvanme otra copa, pero Gualberto y yo no tom\u00e1bamos alcohol\u201d.<\/p>\n<p>Jorge Mu\u00f1iz coment\u00f3 que cuando lo convocaron al homenaje pidi\u00f3 ciertas canciones, pero muchas ya estaban escogidas. Entonces opt\u00f3 por \u201cSabor a m\u00ed\u201d. Luego invit\u00f3 a su primo Rodolfo Mu\u00f1iz y juntos hicieron dueto en \u201cPor amor\u201d que hizo subir a Gundy Becker, viuda de Gualberto, al templete.<\/p>\n<p>\u201cAqu\u00ed estoy, celebrando la vida y el legado musical de nuestro querid\u00edsimo gran icono, el se\u00f1or Gualberto Castro\u201d, expres\u00f3 Manoella Torres para invitar a cantar a todos con \u201cTe voy a ense\u00f1ar a querer\u201d y \u201cAhora que soy libre\u201d.<\/p>\n<p>Haciendo gala de la calidad de su voz, tambi\u00e9n se present\u00f3 Roc\u00edo Banquells, quien antes de emocionar con \u201cAbr\u00e1zame\u201d y \u201cEste hombre no se toca\u201d, coment\u00f3 que la hab\u00edan invitado al homenaje cuando \u00e9l estaba vivo.<\/p>\n<p>\u201cMe duele donde quiera que \u00e9l est\u00e9. Me une un inmenso amor de vida a la familia Castro. Vine de azul porque \u00e9l est\u00e1 en el cielo y el cielo es azul, no existe un luto para m\u00ed\u201d.<\/p>\n<p>Manuel Mijares deleit\u00f3 con \u201cLlorando por dentro\u201d y \u201cSi me ten\u00edas\u201d, mientras que Jes\u00fas Mon\u00e1rrez (\u201cUna canci\u00f3n\u201d), Mario Pintor (\u201cMi \u00e9xito\u201d), Arianna (\u201cEn mi soledad\u201d) y Yoshio (\u201cLo que pas\u00f3\u201d) fascinaron con aquellos temas que triunfaron en el legendario Festival OTI Internacional.<\/p>\n<p>Otros artistas que tambi\u00e9n participaron en el tributo fueron el ensamble Voz en punto (\u201cQuiz\u00e1s, quiz\u00e1s, quiz\u00e1s\u201d), Marco Zavala (\u201cAlma m\u00eda\u201d), Debbie Castro (\u201cComo yo te am\u00e9\u201d), Stephonik Castro (\u201cUnforgettable\u201d),<\/p>\n<p>Mr. Clayton (\u201cYou are so beautiful\u201d) con Jos\u00e9 Luis Cordero \u201cPocholo\u201d en la arm\u00f3nica; Hugo Jord\u00e1n (\u201cCuando un amigo se va\u201d), Rodolfo Mu\u00f1iz (\u201cPor qu\u00e9 ser\u00e1\u201d) y Dexiree (\u201cPara decir adi\u00f3s\u201d).<\/p>\n<p>Aunque en el cartel se anunci\u00f3 tambi\u00e9n a Estela N\u00fa\u00f1ez y Edgar Oceransky, los int\u00e9rpretes no actuaron. Al terminar su n\u00famero, todos los artistas recib\u00edan una rosa blanca.<\/p>\n<p>En la recta final, las cenizas de Gualberto Castro, al interior de una urna de madera y con la fotograf\u00eda de \u00e9l encima, se colocaron en el escenario para que Gundy Becker agradeciera el apoyo que se le brind\u00f3 durante el tiempo que el cantante estuvo hospitalizado.<\/p>\n<p>Tras un minuto de aplausos, la mayor\u00eda de los artistas se reunieron de nuevo para interpretar \u201cLa felicidad\u201d, tema con el que el \u201cGualas\u201d gan\u00f3 el primer lugar del Festival OTI 1975 en Puerto Rico. El tel\u00f3n cerr\u00f3 con una porra en su honor.<\/p>\n<p>El dinero que recaudado en la taquilla del Teatro de la Ciudad ser\u00e1 para pagar el marcapasos que se compr\u00f3 para el artista y que su esposa planea donar.<\/p>\n","protected":false},"excerpt":{"rendered":"<p>M\u00e9xico.- A casi tres semanas de su muerte, el cantante mexicano Gualberto Castro recibi\u00f3 un emotivo homenaje musical por m\u00e1s de 30 artistas que se presentaron en el Teatro de la Ciudad \u201cEsperanza Iris\u201d, a fin de recordar su legado art\u00edstico y personal. Sobre el escenario del recinto ubicado en el Centro Hist\u00f3rico de esta [&hellip;]<\/p>\n","protected":false},"author":2,"featured_media":32760,"comment_status":"open","ping_status":"closed","sticky":false,"template":"","format":"standard","meta":{"footnotes":""},"categories":[24],"tags":[],"class_list":["post-32759","post","type-post","status-publish","format-standard","has-post-thumbnail","hentry","category-espectaculos"],"yoast_head":"<!-- This site is optimized with the Yoast SEO plugin v27.5 - https:\/\/yoast.com\/product\/yoast-seo-wordpress\/ -->\n<title>Gualberto Castro recibe emotivo homenaje luctuoso en el Teatro de la Ciudad - Canal 7 SLP - 2019<\/title>\n<meta name=\"robots\" content=\"index, follow, max-snippet:-1, max-image-preview:large, max-video-preview:-1\" \/>\n<link rel=\"canonical\" href=\"https:\/\/canal7slp.tv\/2019\/gualberto-castro-recibe-emotivo-homenaje-luctuoso-en-el-teatro-de-la-ciudad\/\" \/>\n<meta property=\"og:locale\" content=\"es_ES\" \/>\n<meta property=\"og:type\" content=\"article\" \/>\n<meta property=\"og:title\" content=\"Gualberto Castro recibe emotivo homenaje luctuoso en el Teatro de la Ciudad - Canal 7 SLP - 2019\" \/>\n<meta property=\"og:description\" content=\"M\u00e9xico.- A casi tres semanas de su muerte, el cantante mexicano Gualberto Castro recibi\u00f3 un emotivo homenaje musical por m\u00e1s de 30 artistas que se presentaron en el Teatro de la Ciudad \u201cEsperanza Iris\u201d, a fin de recordar su legado art\u00edstico y personal. Sobre el escenario del recinto ubicado en el Centro Hist\u00f3rico de esta [&hellip;]\" \/>\n<meta property=\"og:url\" content=\"https:\/\/canal7slp.tv\/2019\/gualberto-castro-recibe-emotivo-homenaje-luctuoso-en-el-teatro-de-la-ciudad\/\" \/>\n<meta property=\"og:site_name\" content=\"Canal 7 SLP - 2019\" \/>\n<meta property=\"article:publisher\" content=\"https:\/\/www.facebook.com\/CANAL7SLP\/\" \/>\n<meta property=\"article:published_time\" content=\"2019-07-15T14:05:48+00:00\" \/>\n<meta property=\"article:modified_time\" content=\"2019-07-15T14:08:00+00:00\" \/>\n<meta property=\"og:image\" content=\"https:\/\/canal7slp.tv\/2019\/wp-content\/uploads\/2019\/07\/1115.png\" \/>\n\t<meta property=\"og:image:width\" content=\"785\" \/>\n\t<meta property=\"og:image:height\" content=\"410\" \/>\n\t<meta property=\"og:image:type\" content=\"image\/png\" \/>\n<meta name=\"author\" content=\"edicionweb\" \/>\n<meta name=\"twitter:card\" content=\"summary_large_image\" \/>\n<meta name=\"twitter:creator\" content=\"@canal7_slp\" \/>\n<meta name=\"twitter:site\" content=\"@canal7_slp\" \/>\n<meta name=\"twitter:label1\" content=\"Escrito por\" \/>\n\t<meta name=\"twitter:data1\" content=\"edicionweb\" \/>\n\t<meta name=\"twitter:label2\" content=\"Tiempo de lectura\" \/>\n\t<meta name=\"twitter:data2\" content=\"6 minutos\" \/>\n<script type=\"application\/ld+json\" class=\"yoast-schema-graph\">{\"@context\":\"https:\\\/\\\/schema.org\",\"@graph\":[{\"@type\":\"Article\",\"@id\":\"https:\\\/\\\/canal7slp.tv\\\/2019\\\/gualberto-castro-recibe-emotivo-homenaje-luctuoso-en-el-teatro-de-la-ciudad\\\/#article\",\"isPartOf\":{\"@id\":\"https:\\\/\\\/canal7slp.tv\\\/2019\\\/gualberto-castro-recibe-emotivo-homenaje-luctuoso-en-el-teatro-de-la-ciudad\\\/\"},\"author\":{\"name\":\"edicionweb\",\"@id\":\"https:\\\/\\\/canal7slp.tv\\\/2019\\\/#\\\/schema\\\/person\\\/11d941c1c6ca30ac0a46b95fa37aa2e3\"},\"headline\":\"Gualberto Castro recibe emotivo homenaje luctuoso en el Teatro de la Ciudad\",\"datePublished\":\"2019-07-15T14:05:48+00:00\",\"dateModified\":\"2019-07-15T14:08:00+00:00\",\"mainEntityOfPage\":{\"@id\":\"https:\\\/\\\/canal7slp.tv\\\/2019\\\/gualberto-castro-recibe-emotivo-homenaje-luctuoso-en-el-teatro-de-la-ciudad\\\/\"},\"wordCount\":1214,\"commentCount\":0,\"publisher\":{\"@id\":\"https:\\\/\\\/canal7slp.tv\\\/2019\\\/#organization\"},\"image\":{\"@id\":\"https:\\\/\\\/canal7slp.tv\\\/2019\\\/gualberto-castro-recibe-emotivo-homenaje-luctuoso-en-el-teatro-de-la-ciudad\\\/#primaryimage\"},\"thumbnailUrl\":\"https:\\\/\\\/canal7slp.tv\\\/2019\\\/wp-content\\\/uploads\\\/2019\\\/07\\\/1115.png\",\"articleSection\":[\"ESPECTACULOS\"],\"inLanguage\":\"es\",\"potentialAction\":[{\"@type\":\"CommentAction\",\"name\":\"Comment\",\"target\":[\"https:\\\/\\\/canal7slp.tv\\\/2019\\\/gualberto-castro-recibe-emotivo-homenaje-luctuoso-en-el-teatro-de-la-ciudad\\\/#respond\"]}]},{\"@type\":\"WebPage\",\"@id\":\"https:\\\/\\\/canal7slp.tv\\\/2019\\\/gualberto-castro-recibe-emotivo-homenaje-luctuoso-en-el-teatro-de-la-ciudad\\\/\",\"url\":\"https:\\\/\\\/canal7slp.tv\\\/2019\\\/gualberto-castro-recibe-emotivo-homenaje-luctuoso-en-el-teatro-de-la-ciudad\\\/\",\"name\":\"Gualberto Castro recibe emotivo homenaje luctuoso en el Teatro de la Ciudad - Canal 7 SLP - 2019\",\"isPartOf\":{\"@id\":\"https:\\\/\\\/canal7slp.tv\\\/2019\\\/#website\"},\"primaryImageOfPage\":{\"@id\":\"https:\\\/\\\/canal7slp.tv\\\/2019\\\/gualberto-castro-recibe-emotivo-homenaje-luctuoso-en-el-teatro-de-la-ciudad\\\/#primaryimage\"},\"image\":{\"@id\":\"https:\\\/\\\/canal7slp.tv\\\/2019\\\/gualberto-castro-recibe-emotivo-homenaje-luctuoso-en-el-teatro-de-la-ciudad\\\/#primaryimage\"},\"thumbnailUrl\":\"https:\\\/\\\/canal7slp.tv\\\/2019\\\/wp-content\\\/uploads\\\/2019\\\/07\\\/1115.png\",\"datePublished\":\"2019-07-15T14:05:48+00:00\",\"dateModified\":\"2019-07-15T14:08:00+00:00\",\"breadcrumb\":{\"@id\":\"https:\\\/\\\/canal7slp.tv\\\/2019\\\/gualberto-castro-recibe-emotivo-homenaje-luctuoso-en-el-teatro-de-la-ciudad\\\/#breadcrumb\"},\"inLanguage\":\"es\",\"potentialAction\":[{\"@type\":\"ReadAction\",\"target\":[\"https:\\\/\\\/canal7slp.tv\\\/2019\\\/gualberto-castro-recibe-emotivo-homenaje-luctuoso-en-el-teatro-de-la-ciudad\\\/\"]}]},{\"@type\":\"ImageObject\",\"inLanguage\":\"es\",\"@id\":\"https:\\\/\\\/canal7slp.tv\\\/2019\\\/gualberto-castro-recibe-emotivo-homenaje-luctuoso-en-el-teatro-de-la-ciudad\\\/#primaryimage\",\"url\":\"https:\\\/\\\/canal7slp.tv\\\/2019\\\/wp-content\\\/uploads\\\/2019\\\/07\\\/1115.png\",\"contentUrl\":\"https:\\\/\\\/canal7slp.tv\\\/2019\\\/wp-content\\\/uploads\\\/2019\\\/07\\\/1115.png\",\"width\":785,\"height\":410},{\"@type\":\"BreadcrumbList\",\"@id\":\"https:\\\/\\\/canal7slp.tv\\\/2019\\\/gualberto-castro-recibe-emotivo-homenaje-luctuoso-en-el-teatro-de-la-ciudad\\\/#breadcrumb\",\"itemListElement\":[{\"@type\":\"ListItem\",\"position\":1,\"name\":\"Home\",\"item\":\"https:\\\/\\\/canal7slp.tv\\\/2019\\\/\"},{\"@type\":\"ListItem\",\"position\":2,\"name\":\"Gualberto Castro recibe emotivo homenaje luctuoso en el Teatro de la Ciudad\"}]},{\"@type\":\"WebSite\",\"@id\":\"https:\\\/\\\/canal7slp.tv\\\/2019\\\/#website\",\"url\":\"https:\\\/\\\/canal7slp.tv\\\/2019\\\/\",\"name\":\"Canal 7 SLP - Somos TV\",\"description\":\"Somos un Canal de 10\",\"publisher\":{\"@id\":\"https:\\\/\\\/canal7slp.tv\\\/2019\\\/#organization\"},\"potentialAction\":[{\"@type\":\"SearchAction\",\"target\":{\"@type\":\"EntryPoint\",\"urlTemplate\":\"https:\\\/\\\/canal7slp.tv\\\/2019\\\/?s={search_term_string}\"},\"query-input\":{\"@type\":\"PropertyValueSpecification\",\"valueRequired\":true,\"valueName\":\"search_term_string\"}}],\"inLanguage\":\"es\"},{\"@type\":\"Organization\",\"@id\":\"https:\\\/\\\/canal7slp.tv\\\/2019\\\/#organization\",\"name\":\"Comunicaci\u00f3n 2000 S.A. de C.V.\",\"url\":\"https:\\\/\\\/canal7slp.tv\\\/2019\\\/\",\"logo\":{\"@type\":\"ImageObject\",\"inLanguage\":\"es\",\"@id\":\"https:\\\/\\\/canal7slp.tv\\\/2019\\\/#\\\/schema\\\/logo\\\/image\\\/\",\"url\":\"https:\\\/\\\/canal7slp.tv\\\/2019\\\/wp-content\\\/uploads\\\/2019\\\/07\\\/logo-c7.png\",\"contentUrl\":\"https:\\\/\\\/canal7slp.tv\\\/2019\\\/wp-content\\\/uploads\\\/2019\\\/07\\\/logo-c7.png\",\"width\":220,\"height\":60,\"caption\":\"Comunicaci\u00f3n 2000 S.A. de C.V.\"},\"image\":{\"@id\":\"https:\\\/\\\/canal7slp.tv\\\/2019\\\/#\\\/schema\\\/logo\\\/image\\\/\"},\"sameAs\":[\"https:\\\/\\\/www.facebook.com\\\/CANAL7SLP\\\/\",\"https:\\\/\\\/x.com\\\/canal7_slp\",\"https:\\\/\\\/www.instagram.com\\\/canal7_slp\",\"https:\\\/\\\/www.youtube.com\\\/user\\\/NOTICIEROSCANAL7SLP\\\/\"]},{\"@type\":\"Person\",\"@id\":\"https:\\\/\\\/canal7slp.tv\\\/2019\\\/#\\\/schema\\\/person\\\/11d941c1c6ca30ac0a46b95fa37aa2e3\",\"name\":\"edicionweb\",\"image\":{\"@type\":\"ImageObject\",\"inLanguage\":\"es\",\"@id\":\"https:\\\/\\\/secure.gravatar.com\\\/avatar\\\/eee448fc3f7164808013b816ba91ac7e43bbe82a70bebac296f8bc6f0addaa1a?s=96&d=mm&r=g\",\"url\":\"https:\\\/\\\/secure.gravatar.com\\\/avatar\\\/eee448fc3f7164808013b816ba91ac7e43bbe82a70bebac296f8bc6f0addaa1a?s=96&d=mm&r=g\",\"contentUrl\":\"https:\\\/\\\/secure.gravatar.com\\\/avatar\\\/eee448fc3f7164808013b816ba91ac7e43bbe82a70bebac296f8bc6f0addaa1a?s=96&d=mm&r=g\",\"caption\":\"edicionweb\"}}]}<\/script>\n<!-- \/ Yoast SEO plugin. -->","yoast_head_json":{"title":"Gualberto Castro recibe emotivo homenaje luctuoso en el Teatro de la Ciudad - Canal 7 SLP - 2019","robots":{"index":"index","follow":"follow","max-snippet":"max-snippet:-1","max-image-preview":"max-image-preview:large","max-video-preview":"max-video-preview:-1"},"canonical":"https:\/\/canal7slp.tv\/2019\/gualberto-castro-recibe-emotivo-homenaje-luctuoso-en-el-teatro-de-la-ciudad\/","og_locale":"es_ES","og_type":"article","og_title":"Gualberto Castro recibe emotivo homenaje luctuoso en el Teatro de la Ciudad - Canal 7 SLP - 2019","og_description":"M\u00e9xico.- A casi tres semanas de su muerte, el cantante mexicano Gualberto Castro recibi\u00f3 un emotivo homenaje musical por m\u00e1s de 30 artistas que se presentaron en el Teatro de la Ciudad \u201cEsperanza Iris\u201d, a fin de recordar su legado art\u00edstico y personal. Sobre el escenario del recinto ubicado en el Centro Hist\u00f3rico de esta [&hellip;]","og_url":"https:\/\/canal7slp.tv\/2019\/gualberto-castro-recibe-emotivo-homenaje-luctuoso-en-el-teatro-de-la-ciudad\/","og_site_name":"Canal 7 SLP - 2019","article_publisher":"https:\/\/www.facebook.com\/CANAL7SLP\/","article_published_time":"2019-07-15T14:05:48+00:00","article_modified_time":"2019-07-15T14:08:00+00:00","og_image":[{"width":785,"height":410,"url":"https:\/\/canal7slp.tv\/2019\/wp-content\/uploads\/2019\/07\/1115.png","type":"image\/png"}],"author":"edicionweb","twitter_card":"summary_large_image","twitter_creator":"@canal7_slp","twitter_site":"@canal7_slp","twitter_misc":{"Escrito por":"edicionweb","Tiempo de lectura":"6 minutos"},"schema":{"@context":"https:\/\/schema.org","@graph":[{"@type":"Article","@id":"https:\/\/canal7slp.tv\/2019\/gualberto-castro-recibe-emotivo-homenaje-luctuoso-en-el-teatro-de-la-ciudad\/#article","isPartOf":{"@id":"https:\/\/canal7slp.tv\/2019\/gualberto-castro-recibe-emotivo-homenaje-luctuoso-en-el-teatro-de-la-ciudad\/"},"author":{"name":"edicionweb","@id":"https:\/\/canal7slp.tv\/2019\/#\/schema\/person\/11d941c1c6ca30ac0a46b95fa37aa2e3"},"headline":"Gualberto Castro recibe emotivo homenaje luctuoso en el Teatro de la Ciudad","datePublished":"2019-07-15T14:05:48+00:00","dateModified":"2019-07-15T14:08:00+00:00","mainEntityOfPage":{"@id":"https:\/\/canal7slp.tv\/2019\/gualberto-castro-recibe-emotivo-homenaje-luctuoso-en-el-teatro-de-la-ciudad\/"},"wordCount":1214,"commentCount":0,"publisher":{"@id":"https:\/\/canal7slp.tv\/2019\/#organization"},"image":{"@id":"https:\/\/canal7slp.tv\/2019\/gualberto-castro-recibe-emotivo-homenaje-luctuoso-en-el-teatro-de-la-ciudad\/#primaryimage"},"thumbnailUrl":"https:\/\/canal7slp.tv\/2019\/wp-content\/uploads\/2019\/07\/1115.png","articleSection":["ESPECTACULOS"],"inLanguage":"es","potentialAction":[{"@type":"CommentAction","name":"Comment","target":["https:\/\/canal7slp.tv\/2019\/gualberto-castro-recibe-emotivo-homenaje-luctuoso-en-el-teatro-de-la-ciudad\/#respond"]}]},{"@type":"WebPage","@id":"https:\/\/canal7slp.tv\/2019\/gualberto-castro-recibe-emotivo-homenaje-luctuoso-en-el-teatro-de-la-ciudad\/","url":"https:\/\/canal7slp.tv\/2019\/gualberto-castro-recibe-emotivo-homenaje-luctuoso-en-el-teatro-de-la-ciudad\/","name":"Gualberto Castro recibe emotivo homenaje luctuoso en el Teatro de la Ciudad - Canal 7 SLP - 2019","isPartOf":{"@id":"https:\/\/canal7slp.tv\/2019\/#website"},"primaryImageOfPage":{"@id":"https:\/\/canal7slp.tv\/2019\/gualberto-castro-recibe-emotivo-homenaje-luctuoso-en-el-teatro-de-la-ciudad\/#primaryimage"},"image":{"@id":"https:\/\/canal7slp.tv\/2019\/gualberto-castro-recibe-emotivo-homenaje-luctuoso-en-el-teatro-de-la-ciudad\/#primaryimage"},"thumbnailUrl":"https:\/\/canal7slp.tv\/2019\/wp-content\/uploads\/2019\/07\/1115.png","datePublished":"2019-07-15T14:05:48+00:00","dateModified":"2019-07-15T14:08:00+00:00","breadcrumb":{"@id":"https:\/\/canal7slp.tv\/2019\/gualberto-castro-recibe-emotivo-homenaje-luctuoso-en-el-teatro-de-la-ciudad\/#breadcrumb"},"inLanguage":"es","potentialAction":[{"@type":"ReadAction","target":["https:\/\/canal7slp.tv\/2019\/gualberto-castro-recibe-emotivo-homenaje-luctuoso-en-el-teatro-de-la-ciudad\/"]}]},{"@type":"ImageObject","inLanguage":"es","@id":"https:\/\/canal7slp.tv\/2019\/gualberto-castro-recibe-emotivo-homenaje-luctuoso-en-el-teatro-de-la-ciudad\/#primaryimage","url":"https:\/\/canal7slp.tv\/2019\/wp-content\/uploads\/2019\/07\/1115.png","contentUrl":"https:\/\/canal7slp.tv\/2019\/wp-content\/uploads\/2019\/07\/1115.png","width":785,"height":410},{"@type":"BreadcrumbList","@id":"https:\/\/canal7slp.tv\/2019\/gualberto-castro-recibe-emotivo-homenaje-luctuoso-en-el-teatro-de-la-ciudad\/#breadcrumb","itemListElement":[{"@type":"ListItem","position":1,"name":"Home","item":"https:\/\/canal7slp.tv\/2019\/"},{"@type":"ListItem","position":2,"name":"Gualberto Castro recibe emotivo homenaje luctuoso en el Teatro de la Ciudad"}]},{"@type":"WebSite","@id":"https:\/\/canal7slp.tv\/2019\/#website","url":"https:\/\/canal7slp.tv\/2019\/","name":"Canal 7 SLP - Somos TV","description":"Somos un Canal de 10","publisher":{"@id":"https:\/\/canal7slp.tv\/2019\/#organization"},"potentialAction":[{"@type":"SearchAction","target":{"@type":"EntryPoint","urlTemplate":"https:\/\/canal7slp.tv\/2019\/?s={search_term_string}"},"query-input":{"@type":"PropertyValueSpecification","valueRequired":true,"valueName":"search_term_string"}}],"inLanguage":"es"},{"@type":"Organization","@id":"https:\/\/canal7slp.tv\/2019\/#organization","name":"Comunicaci\u00f3n 2000 S.A. de C.V.","url":"https:\/\/canal7slp.tv\/2019\/","logo":{"@type":"ImageObject","inLanguage":"es","@id":"https:\/\/canal7slp.tv\/2019\/#\/schema\/logo\/image\/","url":"https:\/\/canal7slp.tv\/2019\/wp-content\/uploads\/2019\/07\/logo-c7.png","contentUrl":"https:\/\/canal7slp.tv\/2019\/wp-content\/uploads\/2019\/07\/logo-c7.png","width":220,"height":60,"caption":"Comunicaci\u00f3n 2000 S.A. de C.V."},"image":{"@id":"https:\/\/canal7slp.tv\/2019\/#\/schema\/logo\/image\/"},"sameAs":["https:\/\/www.facebook.com\/CANAL7SLP\/","https:\/\/x.com\/canal7_slp","https:\/\/www.instagram.com\/canal7_slp","https:\/\/www.youtube.com\/user\/NOTICIEROSCANAL7SLP\/"]},{"@type":"Person","@id":"https:\/\/canal7slp.tv\/2019\/#\/schema\/person\/11d941c1c6ca30ac0a46b95fa37aa2e3","name":"edicionweb","image":{"@type":"ImageObject","inLanguage":"es","@id":"https:\/\/secure.gravatar.com\/avatar\/eee448fc3f7164808013b816ba91ac7e43bbe82a70bebac296f8bc6f0addaa1a?s=96&d=mm&r=g","url":"https:\/\/secure.gravatar.com\/avatar\/eee448fc3f7164808013b816ba91ac7e43bbe82a70bebac296f8bc6f0addaa1a?s=96&d=mm&r=g","contentUrl":"https:\/\/secure.gravatar.com\/avatar\/eee448fc3f7164808013b816ba91ac7e43bbe82a70bebac296f8bc6f0addaa1a?s=96&d=mm&r=g","caption":"edicionweb"}}]}},"amp_enabled":true,"cmb2":{"video_ids_in_playlist":{"vid_p_videos":""},"video_ids_in_channel":{"vid_c_videos":""},"playlist_ids_in_channel":{"vid_c_playlists":""},"series_ids_in_channel":{"vid_c_series":""},"channel_images":{"vid_c_logo":"","vid_c_banner":""},"poster_feature_image":{"vid_m_poster_image":""},"gif_feature_image":{"vid_m_gif_image":""},"video_movie_settings":{"vid_m_director":"","vid_m_actor":"","vid_m_imdb_ratings":"","vid_m_amazon_associates":""},"vid_youtube_broadcasts_settings":{"vid_yb_broadcast_title":"","vid_yb_q":"","vid_yb_channelid":"","vid_yb_videocategoryid":"","vid_yb_maxresults":"","vid_yb_order":"","vid_yb_regioncode":"","vid_yb_videosyndicated":"","vid_yb_style":"","vid_yb_reload_first":""},"video_series_settings":{"vid_m_director":"","vid_m_actor":"","vid_m_imdb_ratings":"","video_series_group":""},"amazon_associates_settings":{"amazon_associates":"","amazon_native_ad":""},"vid_youtube_automatic_settings":{"vid_ya_youtube_source":"","vid_ya_update_every":"","vid_ya_update_unit":"","vid_ya_categories":"","vid_ya_published_after":"","vid_ya_published_before":"","vid_ya_playlists":"","vid_ya_channels":"","vid_ya_director":"","vid_ya_actor":"","vid_ya_author":"","vid_ya_import_post_date":"","vid_ya_status":"","vid_ya_sub_api_key":""},"vid_ads_m_videoads_settings_post":{"vid_ads_m_video_ads":"","vid_ads_m_video_ads_type":"","vid_ads_m_group_google_ima":"","vid_ads_m_group_image":"","vid_ads_m_group_html5_video":"","vid_ads_m_group_html":"","vid_ads_m_vast_preroll":"","vid_ads_m_vast_postroll":"","vid_ads_m_vast_pauseroll":"","vid_ads_m_vast_midroll":[{"vid_ads_m_vast_timer_seconds":"50"}],"vid_ads_m_time_to_show_ads":"","vid_ads_m_time_skip_ads":"","vid_ads_m_time_to_hide_ads":""},"page_slider_settings":{"display_slider_group":"","page_slider_group":""},"blog_page_settings":{"blog_page_title":"","blog_page_heading":"","blog_page_ic":"","blog_page_it":"","blog_page_ec":"","blog_page_ip":"","archive_loop_style":"","blog_image_ratio":"","blog_show_categories":"","blog_show_excerpt":"","blog_show_author":"","blog_show_date":"","blog_show_comment_count":"","blog_show_view_count":"","blog_show_like_count":"","blog_show_dislike_count":"","blog_items_per_page":"","blog_pag_type":""},"page_options":{"get_page_template":"","color_mode":"","main_layout":"","main_layout_full_with":"","main_logo":"","main_logo_retina":"","main_logo_mobile":"","main_logo_mobile_retina":"","sticky_logo":"","sticky_logo_retina":"","main_nav_layout":"","ajax_search":"","header_background":"","theme_sidebar":"","instagram_feed":"","instagram_feed_position":"","popular_videos":"","popular_videos_title_1":"","popular_videos_title_2":"","popular_videos_ic":"","popular_videos_it":"","theme_background":"","page_custom_css":""},"feature_image_settings":{"feature_image_position":""},"video_player_settings":{"single_video_style":"","video_player_position":"","vm_video_url":"","video_player_library":"","video_streaming":"","vm_media_sources":"","vid_auto_play":"","vm_video_shortcode":"","vid_p_sync_playlist":"","vid_c_sync_channel":"","get_post_format":"","multiple_links_structure":"default","multi_links_title":"","vm_video_multi_links":"","vm_duration":"","vid_social_locker":"off","vid_social_locker_id":"","vid_membership_action":"content-video","vm_video_trailer_url":"","vid_download_type":"free","vid_download_target":"download","vid_woo_product":"","vm_media_download":"","user_rating":"","user_rating_position":"","user_rating_mode":"","user_rating_multi_sets":""},"video_auto_fetch_settings":{"vm_video_fetch":"on"},"video_fake_views_likes":{"vm_fake_views":"","vm_fake_likes":"","vm_fake_dislikes":""},"gallery_settings":{"gallery_position":""},"quote_settings":{"quote_position":""},"post_options":{"main_layout":"","main_logo":"","main_logo_retina":"","main_logo_mobile":"","main_logo_mobile_retina":"","sticky_logo":"","sticky_logo_retina":"","main_nav_layout":"","header_background":"","theme_sidebar":"","single_post_comment_type":"","theme_background":""}},"_links":{"self":[{"href":"https:\/\/canal7slp.tv\/2019\/wp-json\/wp\/v2\/posts\/32759","targetHints":{"allow":["GET"]}}],"collection":[{"href":"https:\/\/canal7slp.tv\/2019\/wp-json\/wp\/v2\/posts"}],"about":[{"href":"https:\/\/canal7slp.tv\/2019\/wp-json\/wp\/v2\/types\/post"}],"author":[{"embeddable":true,"href":"https:\/\/canal7slp.tv\/2019\/wp-json\/wp\/v2\/users\/2"}],"replies":[{"embeddable":true,"href":"https:\/\/canal7slp.tv\/2019\/wp-json\/wp\/v2\/comments?post=32759"}],"version-history":[{"count":0,"href":"https:\/\/canal7slp.tv\/2019\/wp-json\/wp\/v2\/posts\/32759\/revisions"}],"wp:featuredmedia":[{"embeddable":true,"href":"https:\/\/canal7slp.tv\/2019\/wp-json\/wp\/v2\/media\/32760"}],"wp:attachment":[{"href":"https:\/\/canal7slp.tv\/2019\/wp-json\/wp\/v2\/media?parent=32759"}],"wp:term":[{"taxonomy":"category","embeddable":true,"href":"https:\/\/canal7slp.tv\/2019\/wp-json\/wp\/v2\/categories?post=32759"},{"taxonomy":"post_tag","embeddable":true,"href":"https:\/\/canal7slp.tv\/2019\/wp-json\/wp\/v2\/tags?post=32759"}],"curies":[{"name":"wp","href":"https:\/\/api.w.org\/{rel}","templated":true}]}}