{"id":32266,"date":"2019-07-13T10:23:23","date_gmt":"2019-07-13T15:23:23","guid":{"rendered":"https:\/\/canal7slp.tv\/2019\/?p=32266"},"modified":"2019-07-13T10:23:23","modified_gmt":"2019-07-13T15:23:23","slug":"lujan-pide-a-morenistas-alinearse-a-acuerdos-mayoritarios-del-partido","status":"publish","type":"post","link":"https:\/\/canal7slp.tv\/2019\/lujan-pide-a-morenistas-alinearse-a-acuerdos-mayoritarios-del-partido\/","title":{"rendered":"Luj\u00e1n pide a morenistas alinearse a acuerdos mayoritarios del partido"},"content":{"rendered":"<p style=\"text-align: justify;\">M\u00e9xico.- La presidenta del Consejo Nacional de Morena, Bertha Elena Luj\u00e1n, consider\u00f3 importante un an\u00e1lisis entre sus posiciones las de la presidenta del partido, Yeidckol Polevnsky, &#8220;para, en todo caso, alinearnos a lo que la mayor\u00eda acord\u00f3&#8221;.<\/p>\n<p style=\"text-align: justify;\">Advirti\u00f3 que de mantenerse las diferencias entre los integrante del partido, en lugar de salir fortalecidos del proceso electoral interno del 20 de noviembre pr\u00f3ximo, el instituto pol\u00edtico se debilitar\u00e1.<\/p>\n<p style=\"text-align: justify;\">\u201cHabr\u00e1 que hacer un llamado para no menospreciar los acuerdos que se dieron en un marco de respeto y de voto abierto para que no hubiera nada debajo de la mesa\u201d, plante\u00f3.<\/p>\n<p style=\"text-align: justify;\">Luj\u00e1n Uranga exhort\u00f3 a los militantes y afiliados para que de cara al proceso electoral interno de Morena, se lleve a cabo de manera pac\u00edfica, ordenada y transparente \u201cpara que salgamos fortalecidos del proceso y no lo contrario.<\/p>\n<p style=\"text-align: justify;\">\u201cSi las diferencias entre los integrantes se enconan, entonces vamos a salir debilitados y no fortalecidos\u201d, sentenci\u00f3 en entrevista con\u00a0<strong>Notimex<\/strong>, y en donde reiter\u00f3 su inter\u00e9s por participar en el pr\u00f3ximo proceso de elecci\u00f3n para la dirigencia nacional del partido.<\/p>\n<p style=\"text-align: justify;\">Confi\u00f3 en que Morena tendr\u00e1 la capacidad de resolver en los d\u00edas subsecuentes sus conflictos internos y que incluso, antes de abrir el padr\u00f3n, es necesario que se reorganice y organice \u201cmuy bien\u201d el proceso de nuevas afiliaciones.<\/p>\n<p style=\"text-align: justify;\">El 7 de julio pasado se llev\u00f3 a cabo una reuni\u00f3n del Consejo Nacional de Morena, donde se revelaron las diferencias entre Luj\u00e1n Uranga y Polevnsky Gurwitz, principalmente en torno al padr\u00f3n de militantes del partido.<\/p>\n<p style=\"text-align: justify;\">Al t\u00e9rmino de ese encuentro, Bertha Luj\u00e1n anunci\u00f3 el aval de las propuestas para conformar una comisi\u00f3n que organice el proceso interno y se env\u00ede al Instituto Nacional Electoral (INE) una copia de su padr\u00f3n con m\u00e1s de tres millones de militantes.<\/p>\n<p style=\"text-align: justify;\">Mientras que Yeidckol Polevnsky afirm\u00f3 que dichos acuerdos son contrarios a los estatutos de Morena, aunado a que, seg\u00fan ella, el padr\u00f3n de militantes est\u00e1 manipulado, ya que durante un a\u00f1o la dirigencia lo solicit\u00f3 sin ning\u00fan resultado \u201cy ahora, dicen que s\u00ed est\u00e1. Ya lo manipularon y manosearon\u201d, dijo el pasado domingo.<\/p>\n<p style=\"text-align: justify;\">En este contexto, Bertha Luj\u00e1n record\u00f3 que el Consejo Nacional es la segunda instancia m\u00e1s importante de Morena, despu\u00e9s del Congreso Nacional, y en la sesi\u00f3n del 7 de julio 85 por ciento de los consejeros votaron en favor de los acuerdos finales que se anunciaron.<\/p>\n<p style=\"text-align: justify;\">\u201cAqu\u00ed lo importante es c\u00f3mo vamos a resolver las diferencias, sobre todo porque lo que se vot\u00f3 fue apoyado por una amplia mayor\u00eda de consejeros. Y, como digo, el consejo es la segunda instancia colectiva m\u00e1s importante de Morena despu\u00e9s del congreso nacional\u201d, subray\u00f3 Luj\u00e1n.<\/p>\n<p style=\"text-align: justify;\">Sin embargo, consider\u00f3 que las diferencias dentro de Morena \u201cson naturales. Son puntos de vista distintos sobre los mismos temas y creo que tenemos la capacidad de resolverlos de manera pac\u00edfica, sin que esto implique ning\u00fan tipo de rompimiento\u201d, expuso.<\/p>\n<p style=\"text-align: justify;\">Inform\u00f3 que ya iniciaron los di\u00e1logos internos para la toma de decisiones en donde \u201ctodos estamos de acuerdo en anteponer a Morena por delante, porque es el instrumento principal para organizarnos rumbo a la cuarta transformaci\u00f3n\u201d.<\/p>\n<p style=\"text-align: justify;\">Luj\u00e1n Uranga insisti\u00f3 en su posici\u00f3n de que en Morena no se acepte la afiliaci\u00f3n corporativa, sino que sea \u201cconsciente y voluntaria\u201d, lo que consider\u00f3 que fortalecer\u00e1 al partido y le dar\u00e1 mayor credibilidad.<\/p>\n<p style=\"text-align: justify;\">De esa manera, en el proceso electoral de noviembre pr\u00f3ximo s\u00f3lo podr\u00edan participar quienes se afiliaron hasta el a\u00f1o 2017, a\u00f1o en que se suspendi\u00f3 la afiliaci\u00f3n formal a Morena.<\/p>\n","protected":false},"excerpt":{"rendered":"<p>M\u00e9xico.- La presidenta del Consejo Nacional de Morena, Bertha Elena Luj\u00e1n, consider\u00f3 importante un an\u00e1lisis entre sus posiciones las de la presidenta del partido, Yeidckol Polevnsky, &#8220;para, en todo caso, alinearnos a lo que la mayor\u00eda acord\u00f3&#8221;. Advirti\u00f3 que de mantenerse las diferencias entre los integrante del partido, en lugar de salir fortalecidos del proceso [&hellip;]<\/p>\n","protected":false},"author":2,"featured_media":32267,"comment_status":"open","ping_status":"closed","sticky":false,"template":"","format":"standard","meta":{"footnotes":""},"categories":[30],"tags":[],"class_list":["post-32266","post","type-post","status-publish","format-standard","has-post-thumbnail","hentry","category-nacional"],"yoast_head":"<!-- This site is optimized with the Yoast SEO plugin v27.5 - https:\/\/yoast.com\/product\/yoast-seo-wordpress\/ -->\n<title>Luj\u00e1n pide a morenistas alinearse a acuerdos mayoritarios del partido - Canal 7 SLP - 2019<\/title>\n<meta name=\"robots\" content=\"index, follow, max-snippet:-1, max-image-preview:large, max-video-preview:-1\" \/>\n<link rel=\"canonical\" href=\"https:\/\/canal7slp.tv\/2019\/lujan-pide-a-morenistas-alinearse-a-acuerdos-mayoritarios-del-partido\/\" \/>\n<meta property=\"og:locale\" content=\"es_ES\" \/>\n<meta property=\"og:type\" content=\"article\" \/>\n<meta property=\"og:title\" content=\"Luj\u00e1n pide a morenistas alinearse a acuerdos mayoritarios del partido - Canal 7 SLP - 2019\" \/>\n<meta property=\"og:description\" content=\"M\u00e9xico.- La presidenta del Consejo Nacional de Morena, Bertha Elena Luj\u00e1n, consider\u00f3 importante un an\u00e1lisis entre sus posiciones las de la presidenta del partido, Yeidckol Polevnsky, &#8220;para, en todo caso, alinearnos a lo que la mayor\u00eda acord\u00f3&#8221;. Advirti\u00f3 que de mantenerse las diferencias entre los integrante del partido, en lugar de salir fortalecidos del proceso [&hellip;]\" \/>\n<meta property=\"og:url\" content=\"https:\/\/canal7slp.tv\/2019\/lujan-pide-a-morenistas-alinearse-a-acuerdos-mayoritarios-del-partido\/\" \/>\n<meta property=\"og:site_name\" content=\"Canal 7 SLP - 2019\" \/>\n<meta property=\"article:publisher\" content=\"https:\/\/www.facebook.com\/CANAL7SLP\/\" \/>\n<meta property=\"article:published_time\" content=\"2019-07-13T15:23:23+00:00\" \/>\n<meta property=\"og:image\" content=\"https:\/\/canal7slp.tv\/2019\/wp-content\/uploads\/2019\/07\/1215-3.jpg\" \/>\n\t<meta property=\"og:image:width\" content=\"554\" \/>\n\t<meta property=\"og:image:height\" content=\"410\" \/>\n\t<meta property=\"og:image:type\" content=\"image\/jpeg\" \/>\n<meta name=\"author\" content=\"edicionweb\" \/>\n<meta name=\"twitter:card\" content=\"summary_large_image\" \/>\n<meta name=\"twitter:creator\" content=\"@canal7_slp\" \/>\n<meta name=\"twitter:site\" content=\"@canal7_slp\" \/>\n<meta name=\"twitter:label1\" content=\"Escrito por\" \/>\n\t<meta name=\"twitter:data1\" content=\"edicionweb\" \/>\n\t<meta name=\"twitter:label2\" content=\"Tiempo de lectura\" \/>\n\t<meta name=\"twitter:data2\" content=\"3 minutos\" \/>\n<script type=\"application\/ld+json\" class=\"yoast-schema-graph\">{\"@context\":\"https:\\\/\\\/schema.org\",\"@graph\":[{\"@type\":\"Article\",\"@id\":\"https:\\\/\\\/canal7slp.tv\\\/2019\\\/lujan-pide-a-morenistas-alinearse-a-acuerdos-mayoritarios-del-partido\\\/#article\",\"isPartOf\":{\"@id\":\"https:\\\/\\\/canal7slp.tv\\\/2019\\\/lujan-pide-a-morenistas-alinearse-a-acuerdos-mayoritarios-del-partido\\\/\"},\"author\":{\"name\":\"edicionweb\",\"@id\":\"https:\\\/\\\/canal7slp.tv\\\/2019\\\/#\\\/schema\\\/person\\\/11d941c1c6ca30ac0a46b95fa37aa2e3\"},\"headline\":\"Luj\u00e1n pide a morenistas alinearse a acuerdos mayoritarios del partido\",\"datePublished\":\"2019-07-13T15:23:23+00:00\",\"mainEntityOfPage\":{\"@id\":\"https:\\\/\\\/canal7slp.tv\\\/2019\\\/lujan-pide-a-morenistas-alinearse-a-acuerdos-mayoritarios-del-partido\\\/\"},\"wordCount\":633,\"commentCount\":0,\"publisher\":{\"@id\":\"https:\\\/\\\/canal7slp.tv\\\/2019\\\/#organization\"},\"image\":{\"@id\":\"https:\\\/\\\/canal7slp.tv\\\/2019\\\/lujan-pide-a-morenistas-alinearse-a-acuerdos-mayoritarios-del-partido\\\/#primaryimage\"},\"thumbnailUrl\":\"https:\\\/\\\/canal7slp.tv\\\/2019\\\/wp-content\\\/uploads\\\/2019\\\/07\\\/1215-3.jpg\",\"articleSection\":[\"NACIONAL\"],\"inLanguage\":\"es\",\"potentialAction\":[{\"@type\":\"CommentAction\",\"name\":\"Comment\",\"target\":[\"https:\\\/\\\/canal7slp.tv\\\/2019\\\/lujan-pide-a-morenistas-alinearse-a-acuerdos-mayoritarios-del-partido\\\/#respond\"]}]},{\"@type\":\"WebPage\",\"@id\":\"https:\\\/\\\/canal7slp.tv\\\/2019\\\/lujan-pide-a-morenistas-alinearse-a-acuerdos-mayoritarios-del-partido\\\/\",\"url\":\"https:\\\/\\\/canal7slp.tv\\\/2019\\\/lujan-pide-a-morenistas-alinearse-a-acuerdos-mayoritarios-del-partido\\\/\",\"name\":\"Luj\u00e1n pide a morenistas alinearse a acuerdos mayoritarios del partido - Canal 7 SLP - 2019\",\"isPartOf\":{\"@id\":\"https:\\\/\\\/canal7slp.tv\\\/2019\\\/#website\"},\"primaryImageOfPage\":{\"@id\":\"https:\\\/\\\/canal7slp.tv\\\/2019\\\/lujan-pide-a-morenistas-alinearse-a-acuerdos-mayoritarios-del-partido\\\/#primaryimage\"},\"image\":{\"@id\":\"https:\\\/\\\/canal7slp.tv\\\/2019\\\/lujan-pide-a-morenistas-alinearse-a-acuerdos-mayoritarios-del-partido\\\/#primaryimage\"},\"thumbnailUrl\":\"https:\\\/\\\/canal7slp.tv\\\/2019\\\/wp-content\\\/uploads\\\/2019\\\/07\\\/1215-3.jpg\",\"datePublished\":\"2019-07-13T15:23:23+00:00\",\"breadcrumb\":{\"@id\":\"https:\\\/\\\/canal7slp.tv\\\/2019\\\/lujan-pide-a-morenistas-alinearse-a-acuerdos-mayoritarios-del-partido\\\/#breadcrumb\"},\"inLanguage\":\"es\",\"potentialAction\":[{\"@type\":\"ReadAction\",\"target\":[\"https:\\\/\\\/canal7slp.tv\\\/2019\\\/lujan-pide-a-morenistas-alinearse-a-acuerdos-mayoritarios-del-partido\\\/\"]}]},{\"@type\":\"ImageObject\",\"inLanguage\":\"es\",\"@id\":\"https:\\\/\\\/canal7slp.tv\\\/2019\\\/lujan-pide-a-morenistas-alinearse-a-acuerdos-mayoritarios-del-partido\\\/#primaryimage\",\"url\":\"https:\\\/\\\/canal7slp.tv\\\/2019\\\/wp-content\\\/uploads\\\/2019\\\/07\\\/1215-3.jpg\",\"contentUrl\":\"https:\\\/\\\/canal7slp.tv\\\/2019\\\/wp-content\\\/uploads\\\/2019\\\/07\\\/1215-3.jpg\",\"width\":554,\"height\":410},{\"@type\":\"BreadcrumbList\",\"@id\":\"https:\\\/\\\/canal7slp.tv\\\/2019\\\/lujan-pide-a-morenistas-alinearse-a-acuerdos-mayoritarios-del-partido\\\/#breadcrumb\",\"itemListElement\":[{\"@type\":\"ListItem\",\"position\":1,\"name\":\"Home\",\"item\":\"https:\\\/\\\/canal7slp.tv\\\/2019\\\/\"},{\"@type\":\"ListItem\",\"position\":2,\"name\":\"Luj\u00e1n pide a morenistas alinearse a acuerdos mayoritarios del partido\"}]},{\"@type\":\"WebSite\",\"@id\":\"https:\\\/\\\/canal7slp.tv\\\/2019\\\/#website\",\"url\":\"https:\\\/\\\/canal7slp.tv\\\/2019\\\/\",\"name\":\"Canal 7 SLP - Somos TV\",\"description\":\"Somos un Canal de 10\",\"publisher\":{\"@id\":\"https:\\\/\\\/canal7slp.tv\\\/2019\\\/#organization\"},\"potentialAction\":[{\"@type\":\"SearchAction\",\"target\":{\"@type\":\"EntryPoint\",\"urlTemplate\":\"https:\\\/\\\/canal7slp.tv\\\/2019\\\/?s={search_term_string}\"},\"query-input\":{\"@type\":\"PropertyValueSpecification\",\"valueRequired\":true,\"valueName\":\"search_term_string\"}}],\"inLanguage\":\"es\"},{\"@type\":\"Organization\",\"@id\":\"https:\\\/\\\/canal7slp.tv\\\/2019\\\/#organization\",\"name\":\"Comunicaci\u00f3n 2000 S.A. de C.V.\",\"url\":\"https:\\\/\\\/canal7slp.tv\\\/2019\\\/\",\"logo\":{\"@type\":\"ImageObject\",\"inLanguage\":\"es\",\"@id\":\"https:\\\/\\\/canal7slp.tv\\\/2019\\\/#\\\/schema\\\/logo\\\/image\\\/\",\"url\":\"https:\\\/\\\/canal7slp.tv\\\/2019\\\/wp-content\\\/uploads\\\/2019\\\/07\\\/logo-c7.png\",\"contentUrl\":\"https:\\\/\\\/canal7slp.tv\\\/2019\\\/wp-content\\\/uploads\\\/2019\\\/07\\\/logo-c7.png\",\"width\":220,\"height\":60,\"caption\":\"Comunicaci\u00f3n 2000 S.A. de C.V.\"},\"image\":{\"@id\":\"https:\\\/\\\/canal7slp.tv\\\/2019\\\/#\\\/schema\\\/logo\\\/image\\\/\"},\"sameAs\":[\"https:\\\/\\\/www.facebook.com\\\/CANAL7SLP\\\/\",\"https:\\\/\\\/x.com\\\/canal7_slp\",\"https:\\\/\\\/www.instagram.com\\\/canal7_slp\",\"https:\\\/\\\/www.youtube.com\\\/user\\\/NOTICIEROSCANAL7SLP\\\/\"]},{\"@type\":\"Person\",\"@id\":\"https:\\\/\\\/canal7slp.tv\\\/2019\\\/#\\\/schema\\\/person\\\/11d941c1c6ca30ac0a46b95fa37aa2e3\",\"name\":\"edicionweb\",\"image\":{\"@type\":\"ImageObject\",\"inLanguage\":\"es\",\"@id\":\"https:\\\/\\\/secure.gravatar.com\\\/avatar\\\/eee448fc3f7164808013b816ba91ac7e43bbe82a70bebac296f8bc6f0addaa1a?s=96&d=mm&r=g\",\"url\":\"https:\\\/\\\/secure.gravatar.com\\\/avatar\\\/eee448fc3f7164808013b816ba91ac7e43bbe82a70bebac296f8bc6f0addaa1a?s=96&d=mm&r=g\",\"contentUrl\":\"https:\\\/\\\/secure.gravatar.com\\\/avatar\\\/eee448fc3f7164808013b816ba91ac7e43bbe82a70bebac296f8bc6f0addaa1a?s=96&d=mm&r=g\",\"caption\":\"edicionweb\"}}]}<\/script>\n<!-- \/ Yoast SEO plugin. -->","yoast_head_json":{"title":"Luj\u00e1n pide a morenistas alinearse a acuerdos mayoritarios del partido - Canal 7 SLP - 2019","robots":{"index":"index","follow":"follow","max-snippet":"max-snippet:-1","max-image-preview":"max-image-preview:large","max-video-preview":"max-video-preview:-1"},"canonical":"https:\/\/canal7slp.tv\/2019\/lujan-pide-a-morenistas-alinearse-a-acuerdos-mayoritarios-del-partido\/","og_locale":"es_ES","og_type":"article","og_title":"Luj\u00e1n pide a morenistas alinearse a acuerdos mayoritarios del partido - Canal 7 SLP - 2019","og_description":"M\u00e9xico.- La presidenta del Consejo Nacional de Morena, Bertha Elena Luj\u00e1n, consider\u00f3 importante un an\u00e1lisis entre sus posiciones las de la presidenta del partido, Yeidckol Polevnsky, &#8220;para, en todo caso, alinearnos a lo que la mayor\u00eda acord\u00f3&#8221;. Advirti\u00f3 que de mantenerse las diferencias entre los integrante del partido, en lugar de salir fortalecidos del proceso [&hellip;]","og_url":"https:\/\/canal7slp.tv\/2019\/lujan-pide-a-morenistas-alinearse-a-acuerdos-mayoritarios-del-partido\/","og_site_name":"Canal 7 SLP - 2019","article_publisher":"https:\/\/www.facebook.com\/CANAL7SLP\/","article_published_time":"2019-07-13T15:23:23+00:00","og_image":[{"width":554,"height":410,"url":"https:\/\/canal7slp.tv\/2019\/wp-content\/uploads\/2019\/07\/1215-3.jpg","type":"image\/jpeg"}],"author":"edicionweb","twitter_card":"summary_large_image","twitter_creator":"@canal7_slp","twitter_site":"@canal7_slp","twitter_misc":{"Escrito por":"edicionweb","Tiempo de lectura":"3 minutos"},"schema":{"@context":"https:\/\/schema.org","@graph":[{"@type":"Article","@id":"https:\/\/canal7slp.tv\/2019\/lujan-pide-a-morenistas-alinearse-a-acuerdos-mayoritarios-del-partido\/#article","isPartOf":{"@id":"https:\/\/canal7slp.tv\/2019\/lujan-pide-a-morenistas-alinearse-a-acuerdos-mayoritarios-del-partido\/"},"author":{"name":"edicionweb","@id":"https:\/\/canal7slp.tv\/2019\/#\/schema\/person\/11d941c1c6ca30ac0a46b95fa37aa2e3"},"headline":"Luj\u00e1n pide a morenistas alinearse a acuerdos mayoritarios del partido","datePublished":"2019-07-13T15:23:23+00:00","mainEntityOfPage":{"@id":"https:\/\/canal7slp.tv\/2019\/lujan-pide-a-morenistas-alinearse-a-acuerdos-mayoritarios-del-partido\/"},"wordCount":633,"commentCount":0,"publisher":{"@id":"https:\/\/canal7slp.tv\/2019\/#organization"},"image":{"@id":"https:\/\/canal7slp.tv\/2019\/lujan-pide-a-morenistas-alinearse-a-acuerdos-mayoritarios-del-partido\/#primaryimage"},"thumbnailUrl":"https:\/\/canal7slp.tv\/2019\/wp-content\/uploads\/2019\/07\/1215-3.jpg","articleSection":["NACIONAL"],"inLanguage":"es","potentialAction":[{"@type":"CommentAction","name":"Comment","target":["https:\/\/canal7slp.tv\/2019\/lujan-pide-a-morenistas-alinearse-a-acuerdos-mayoritarios-del-partido\/#respond"]}]},{"@type":"WebPage","@id":"https:\/\/canal7slp.tv\/2019\/lujan-pide-a-morenistas-alinearse-a-acuerdos-mayoritarios-del-partido\/","url":"https:\/\/canal7slp.tv\/2019\/lujan-pide-a-morenistas-alinearse-a-acuerdos-mayoritarios-del-partido\/","name":"Luj\u00e1n pide a morenistas alinearse a acuerdos mayoritarios del partido - Canal 7 SLP - 2019","isPartOf":{"@id":"https:\/\/canal7slp.tv\/2019\/#website"},"primaryImageOfPage":{"@id":"https:\/\/canal7slp.tv\/2019\/lujan-pide-a-morenistas-alinearse-a-acuerdos-mayoritarios-del-partido\/#primaryimage"},"image":{"@id":"https:\/\/canal7slp.tv\/2019\/lujan-pide-a-morenistas-alinearse-a-acuerdos-mayoritarios-del-partido\/#primaryimage"},"thumbnailUrl":"https:\/\/canal7slp.tv\/2019\/wp-content\/uploads\/2019\/07\/1215-3.jpg","datePublished":"2019-07-13T15:23:23+00:00","breadcrumb":{"@id":"https:\/\/canal7slp.tv\/2019\/lujan-pide-a-morenistas-alinearse-a-acuerdos-mayoritarios-del-partido\/#breadcrumb"},"inLanguage":"es","potentialAction":[{"@type":"ReadAction","target":["https:\/\/canal7slp.tv\/2019\/lujan-pide-a-morenistas-alinearse-a-acuerdos-mayoritarios-del-partido\/"]}]},{"@type":"ImageObject","inLanguage":"es","@id":"https:\/\/canal7slp.tv\/2019\/lujan-pide-a-morenistas-alinearse-a-acuerdos-mayoritarios-del-partido\/#primaryimage","url":"https:\/\/canal7slp.tv\/2019\/wp-content\/uploads\/2019\/07\/1215-3.jpg","contentUrl":"https:\/\/canal7slp.tv\/2019\/wp-content\/uploads\/2019\/07\/1215-3.jpg","width":554,"height":410},{"@type":"BreadcrumbList","@id":"https:\/\/canal7slp.tv\/2019\/lujan-pide-a-morenistas-alinearse-a-acuerdos-mayoritarios-del-partido\/#breadcrumb","itemListElement":[{"@type":"ListItem","position":1,"name":"Home","item":"https:\/\/canal7slp.tv\/2019\/"},{"@type":"ListItem","position":2,"name":"Luj\u00e1n pide a morenistas alinearse a acuerdos mayoritarios del partido"}]},{"@type":"WebSite","@id":"https:\/\/canal7slp.tv\/2019\/#website","url":"https:\/\/canal7slp.tv\/2019\/","name":"Canal 7 SLP - Somos TV","description":"Somos un Canal de 10","publisher":{"@id":"https:\/\/canal7slp.tv\/2019\/#organization"},"potentialAction":[{"@type":"SearchAction","target":{"@type":"EntryPoint","urlTemplate":"https:\/\/canal7slp.tv\/2019\/?s={search_term_string}"},"query-input":{"@type":"PropertyValueSpecification","valueRequired":true,"valueName":"search_term_string"}}],"inLanguage":"es"},{"@type":"Organization","@id":"https:\/\/canal7slp.tv\/2019\/#organization","name":"Comunicaci\u00f3n 2000 S.A. de C.V.","url":"https:\/\/canal7slp.tv\/2019\/","logo":{"@type":"ImageObject","inLanguage":"es","@id":"https:\/\/canal7slp.tv\/2019\/#\/schema\/logo\/image\/","url":"https:\/\/canal7slp.tv\/2019\/wp-content\/uploads\/2019\/07\/logo-c7.png","contentUrl":"https:\/\/canal7slp.tv\/2019\/wp-content\/uploads\/2019\/07\/logo-c7.png","width":220,"height":60,"caption":"Comunicaci\u00f3n 2000 S.A. de C.V."},"image":{"@id":"https:\/\/canal7slp.tv\/2019\/#\/schema\/logo\/image\/"},"sameAs":["https:\/\/www.facebook.com\/CANAL7SLP\/","https:\/\/x.com\/canal7_slp","https:\/\/www.instagram.com\/canal7_slp","https:\/\/www.youtube.com\/user\/NOTICIEROSCANAL7SLP\/"]},{"@type":"Person","@id":"https:\/\/canal7slp.tv\/2019\/#\/schema\/person\/11d941c1c6ca30ac0a46b95fa37aa2e3","name":"edicionweb","image":{"@type":"ImageObject","inLanguage":"es","@id":"https:\/\/secure.gravatar.com\/avatar\/eee448fc3f7164808013b816ba91ac7e43bbe82a70bebac296f8bc6f0addaa1a?s=96&d=mm&r=g","url":"https:\/\/secure.gravatar.com\/avatar\/eee448fc3f7164808013b816ba91ac7e43bbe82a70bebac296f8bc6f0addaa1a?s=96&d=mm&r=g","contentUrl":"https:\/\/secure.gravatar.com\/avatar\/eee448fc3f7164808013b816ba91ac7e43bbe82a70bebac296f8bc6f0addaa1a?s=96&d=mm&r=g","caption":"edicionweb"}}]}},"amp_enabled":true,"cmb2":{"video_ids_in_playlist":{"vid_p_videos":""},"video_ids_in_channel":{"vid_c_videos":""},"playlist_ids_in_channel":{"vid_c_playlists":""},"series_ids_in_channel":{"vid_c_series":""},"channel_images":{"vid_c_logo":"","vid_c_banner":""},"poster_feature_image":{"vid_m_poster_image":""},"gif_feature_image":{"vid_m_gif_image":""},"video_movie_settings":{"vid_m_director":"","vid_m_actor":"","vid_m_imdb_ratings":"","vid_m_amazon_associates":""},"vid_youtube_broadcasts_settings":{"vid_yb_broadcast_title":"","vid_yb_q":"","vid_yb_channelid":"","vid_yb_videocategoryid":"","vid_yb_maxresults":"","vid_yb_order":"","vid_yb_regioncode":"","vid_yb_videosyndicated":"","vid_yb_style":"","vid_yb_reload_first":""},"video_series_settings":{"vid_m_director":"","vid_m_actor":"","vid_m_imdb_ratings":"","video_series_group":""},"amazon_associates_settings":{"amazon_associates":"","amazon_native_ad":""},"vid_youtube_automatic_settings":{"vid_ya_youtube_source":"","vid_ya_update_every":"","vid_ya_update_unit":"","vid_ya_categories":"","vid_ya_published_after":"","vid_ya_published_before":"","vid_ya_playlists":"","vid_ya_channels":"","vid_ya_director":"","vid_ya_actor":"","vid_ya_author":"","vid_ya_import_post_date":"","vid_ya_status":"","vid_ya_sub_api_key":""},"vid_ads_m_videoads_settings_post":{"vid_ads_m_video_ads":"","vid_ads_m_video_ads_type":"","vid_ads_m_group_google_ima":"","vid_ads_m_group_image":"","vid_ads_m_group_html5_video":"","vid_ads_m_group_html":"","vid_ads_m_vast_preroll":"","vid_ads_m_vast_postroll":"","vid_ads_m_vast_pauseroll":"","vid_ads_m_vast_midroll":[{"vid_ads_m_vast_timer_seconds":"50"}],"vid_ads_m_time_to_show_ads":"","vid_ads_m_time_skip_ads":"","vid_ads_m_time_to_hide_ads":""},"page_slider_settings":{"display_slider_group":"","page_slider_group":""},"blog_page_settings":{"blog_page_title":"","blog_page_heading":"","blog_page_ic":"","blog_page_it":"","blog_page_ec":"","blog_page_ip":"","archive_loop_style":"","blog_image_ratio":"","blog_show_categories":"","blog_show_excerpt":"","blog_show_author":"","blog_show_date":"","blog_show_comment_count":"","blog_show_view_count":"","blog_show_like_count":"","blog_show_dislike_count":"","blog_items_per_page":"","blog_pag_type":""},"page_options":{"get_page_template":"","color_mode":"","main_layout":"","main_layout_full_with":"","main_logo":"","main_logo_retina":"","main_logo_mobile":"","main_logo_mobile_retina":"","sticky_logo":"","sticky_logo_retina":"","main_nav_layout":"","ajax_search":"","header_background":"","theme_sidebar":"","instagram_feed":"","instagram_feed_position":"","popular_videos":"","popular_videos_title_1":"","popular_videos_title_2":"","popular_videos_ic":"","popular_videos_it":"","theme_background":"","page_custom_css":""},"feature_image_settings":{"feature_image_position":""},"video_player_settings":{"single_video_style":"","video_player_position":"","vm_video_url":"","video_player_library":"","video_streaming":"","vm_media_sources":"","vid_auto_play":"","vm_video_shortcode":"","vid_p_sync_playlist":"","vid_c_sync_channel":"","get_post_format":"","multiple_links_structure":"default","multi_links_title":"","vm_video_multi_links":"","vm_duration":"","vid_social_locker":"off","vid_social_locker_id":"","vid_membership_action":"content-video","vm_video_trailer_url":"","vid_download_type":"free","vid_download_target":"download","vid_woo_product":"","vm_media_download":"","user_rating":"","user_rating_position":"","user_rating_mode":"","user_rating_multi_sets":""},"video_auto_fetch_settings":{"vm_video_fetch":"on"},"video_fake_views_likes":{"vm_fake_views":"","vm_fake_likes":"","vm_fake_dislikes":""},"gallery_settings":{"gallery_position":""},"quote_settings":{"quote_position":""},"post_options":{"main_layout":"","main_logo":"","main_logo_retina":"","main_logo_mobile":"","main_logo_mobile_retina":"","sticky_logo":"","sticky_logo_retina":"","main_nav_layout":"","header_background":"","theme_sidebar":"","single_post_comment_type":"","theme_background":""}},"_links":{"self":[{"href":"https:\/\/canal7slp.tv\/2019\/wp-json\/wp\/v2\/posts\/32266","targetHints":{"allow":["GET"]}}],"collection":[{"href":"https:\/\/canal7slp.tv\/2019\/wp-json\/wp\/v2\/posts"}],"about":[{"href":"https:\/\/canal7slp.tv\/2019\/wp-json\/wp\/v2\/types\/post"}],"author":[{"embeddable":true,"href":"https:\/\/canal7slp.tv\/2019\/wp-json\/wp\/v2\/users\/2"}],"replies":[{"embeddable":true,"href":"https:\/\/canal7slp.tv\/2019\/wp-json\/wp\/v2\/comments?post=32266"}],"version-history":[{"count":0,"href":"https:\/\/canal7slp.tv\/2019\/wp-json\/wp\/v2\/posts\/32266\/revisions"}],"wp:featuredmedia":[{"embeddable":true,"href":"https:\/\/canal7slp.tv\/2019\/wp-json\/wp\/v2\/media\/32267"}],"wp:attachment":[{"href":"https:\/\/canal7slp.tv\/2019\/wp-json\/wp\/v2\/media?parent=32266"}],"wp:term":[{"taxonomy":"category","embeddable":true,"href":"https:\/\/canal7slp.tv\/2019\/wp-json\/wp\/v2\/categories?post=32266"},{"taxonomy":"post_tag","embeddable":true,"href":"https:\/\/canal7slp.tv\/2019\/wp-json\/wp\/v2\/tags?post=32266"}],"curies":[{"name":"wp","href":"https:\/\/api.w.org\/{rel}","templated":true}]}}