{"id":32251,"date":"2019-07-13T09:36:05","date_gmt":"2019-07-13T14:36:05","guid":{"rendered":"https:\/\/canal7slp.tv\/2019\/?p=32251"},"modified":"2019-07-13T09:36:05","modified_gmt":"2019-07-13T14:36:05","slug":"urge-aplicar-reformas-estructurales-ante-incertidumbre-economica-ocde-2","status":"publish","type":"post","link":"https:\/\/canal7slp.tv\/2019\/urge-aplicar-reformas-estructurales-ante-incertidumbre-economica-ocde-2\/","title":{"rendered":"Urge aplicar reformas estructurales ante incertidumbre econ\u00f3mica: OCDE"},"content":{"rendered":"<p style=\"text-align: justify;\">Par\u00eds.- La Organizaci\u00f3n para la Cooperaci\u00f3n y el Desarrollo Econ\u00f3micos (OCDE) afirm\u00f3 que ante la incertidumbre econ\u00f3mica global y el aumento de la desigualdad, los gobiernos deben impulsar reformas estructurales que favorezcan un crecimiento m\u00e1s s\u00f3lido, sostenible e inclusivo.<\/p>\n<p style=\"text-align: justify;\">El secretario general de la OCDE, el mexicano Jos\u00e9 \u00c1ngel Gurr\u00eda, se\u00f1al\u00f3 que &#8220;a medida que el crecimiento se est\u00e1 desacelerando y las nuevas tecnolog\u00edas est\u00e1n transformando r\u00e1pidamente nuestras econom\u00edas, es urgente proseguir los esfuerzos de reforma para impulsar un crecimiento inclusivo y sostenible&#8221;.<\/p>\n<p style=\"text-align: justify;\">Gurr\u00eda present\u00f3 este viernes en esta capital el reporte \u201cGoing for Growth&#8221;, de cara a la reuni\u00f3n de ministros de Finanzas del Grupo de los Siete (G7) pa\u00edses m\u00e1s industrializados, que se llevar\u00e1 a cabo el 17 y 18 de julio en Chantilly, Francia, de acuerdo con el portal de la OCDE.<\/p>\n<p style=\"text-align: justify;\">El informe de este a\u00f1o plantea las principales prioridades de reforma estructural en 46 econom\u00edas de la OCDE y no pertenecientes al organismo, junto con la evaluaci\u00f3n del progreso que los pa\u00edses han realizado sobre reformas clave en los \u00faltimos a\u00f1os.<\/p>\n<p style=\"text-align: justify;\">Seg\u00fan el reporte, factores como la globalizaci\u00f3n, la digitalizaci\u00f3n, el envejecimiento de la poblaci\u00f3n y la degradaci\u00f3n del medio ambiente inciden en el comportamiento de la econom\u00eda, por lo que los gobiernos deben aplicar reformas estructurales que impulsen el crecimiento a largo plazo, la productividad y el empleo, as\u00ed como la igualdad de oportunidades, todo ello en un entorno m\u00e1s limpio.<\/p>\n<p style=\"text-align: justify;\">Aunque el documento aclara que las prioridades de reforma difieren en cada caso, destaca que el aspecto educativo es un factor com\u00fan en todos los pa\u00edses, as\u00ed como la importancia de tomar medidas para favorecer la inclusi\u00f3n en el mercado laboral de mujeres, migrantes, minor\u00edas y trabajadores de edad avanzada.<\/p>\n<p style=\"text-align: justify;\">&#8220;Una mayor eficiencia del sector p\u00fablico, el estado de derecho y una provisi\u00f3n de infraestructura adecuada y accesible son igualmente importantes para ahorrar recursos, acceder a los mercados y crear condiciones para que las empresas inviertan en innovaci\u00f3n, en particular, pero no solo, en los mercados emergentes&#8221;, a\u00f1adi\u00f3 el texto.<\/p>\n<p style=\"text-align: justify;\">Asimismo, la OCDE consider\u00f3 que impulsar reformas para abrir los mercados a la entrada, la competencia y el comercio exterior, as\u00ed como formentar la inversi\u00f3n, ser\u00e1 esencial &#8220;para la innovaci\u00f3n, la difusi\u00f3n de las tecnolog\u00edas digitales y, en \u00faltima instancia, el crecimiento de la productividad y la inclusi\u00f3n social&#8221;.<\/p>\n<p style=\"text-align: justify;\">El reporte de este a\u00f1o hace especial \u00e9nfasis en la necesidad de aplicar reformas para lograr un crecimiento ambientalmente sostenible, mediante el combate a la contaminaci\u00f3n y el cambio clim\u00e1tico.<\/p>\n<p style=\"text-align: justify;\">Al respecto, la OCDE recomend\u00f3 eficientar el uso de los impuestos ambientales, eliminar gradualmente los subsidios agr\u00edcolas y las deducciones fiscales perjudiciales para el medio ambiente, as\u00ed como tomar medidas para reducir las emisiones del transporte y hacer mejoras al transporte p\u00fablico.<\/p>\n<p style=\"text-align: justify;\">\n","protected":false},"excerpt":{"rendered":"<p>Par\u00eds.- La Organizaci\u00f3n para la Cooperaci\u00f3n y el Desarrollo Econ\u00f3micos (OCDE) afirm\u00f3 que ante la incertidumbre econ\u00f3mica global y el aumento de la desigualdad, los gobiernos deben impulsar reformas estructurales que favorezcan un crecimiento m\u00e1s s\u00f3lido, sostenible e inclusivo. El secretario general de la OCDE, el mexicano Jos\u00e9 \u00c1ngel Gurr\u00eda, se\u00f1al\u00f3 que &#8220;a medida que [&hellip;]<\/p>\n","protected":false},"author":2,"featured_media":32252,"comment_status":"open","ping_status":"closed","sticky":false,"template":"","format":"standard","meta":{"footnotes":""},"categories":[18],"tags":[],"class_list":["post-32251","post","type-post","status-publish","format-standard","has-post-thumbnail","hentry","category-internacional"],"yoast_head":"<!-- This site is optimized with the Yoast SEO plugin v27.5 - https:\/\/yoast.com\/product\/yoast-seo-wordpress\/ -->\n<title>Urge aplicar reformas estructurales ante incertidumbre econ\u00f3mica: OCDE - Canal 7 SLP - 2019<\/title>\n<meta name=\"robots\" content=\"index, follow, max-snippet:-1, max-image-preview:large, max-video-preview:-1\" \/>\n<link rel=\"canonical\" href=\"https:\/\/canal7slp.tv\/2019\/urge-aplicar-reformas-estructurales-ante-incertidumbre-economica-ocde-2\/\" \/>\n<meta property=\"og:locale\" content=\"es_ES\" \/>\n<meta property=\"og:type\" content=\"article\" \/>\n<meta property=\"og:title\" content=\"Urge aplicar reformas estructurales ante incertidumbre econ\u00f3mica: OCDE - Canal 7 SLP - 2019\" \/>\n<meta property=\"og:description\" content=\"Par\u00eds.- La Organizaci\u00f3n para la Cooperaci\u00f3n y el Desarrollo Econ\u00f3micos (OCDE) afirm\u00f3 que ante la incertidumbre econ\u00f3mica global y el aumento de la desigualdad, los gobiernos deben impulsar reformas estructurales que favorezcan un crecimiento m\u00e1s s\u00f3lido, sostenible e inclusivo. El secretario general de la OCDE, el mexicano Jos\u00e9 \u00c1ngel Gurr\u00eda, se\u00f1al\u00f3 que &#8220;a medida que [&hellip;]\" \/>\n<meta property=\"og:url\" content=\"https:\/\/canal7slp.tv\/2019\/urge-aplicar-reformas-estructurales-ante-incertidumbre-economica-ocde-2\/\" \/>\n<meta property=\"og:site_name\" content=\"Canal 7 SLP - 2019\" \/>\n<meta property=\"article:publisher\" content=\"https:\/\/www.facebook.com\/CANAL7SLP\/\" \/>\n<meta property=\"article:published_time\" content=\"2019-07-13T14:36:05+00:00\" \/>\n<meta property=\"og:image\" content=\"https:\/\/canal7slp.tv\/2019\/wp-content\/uploads\/2019\/07\/1100_ocde.jpg\" \/>\n\t<meta property=\"og:image:width\" content=\"554\" \/>\n\t<meta property=\"og:image:height\" content=\"410\" \/>\n\t<meta property=\"og:image:type\" content=\"image\/jpeg\" \/>\n<meta name=\"author\" content=\"edicionweb\" \/>\n<meta name=\"twitter:card\" content=\"summary_large_image\" \/>\n<meta name=\"twitter:creator\" content=\"@canal7_slp\" \/>\n<meta name=\"twitter:site\" content=\"@canal7_slp\" \/>\n<meta name=\"twitter:label1\" content=\"Escrito por\" \/>\n\t<meta name=\"twitter:data1\" content=\"edicionweb\" \/>\n\t<meta name=\"twitter:label2\" content=\"Tiempo de lectura\" \/>\n\t<meta name=\"twitter:data2\" content=\"3 minutos\" \/>\n<script type=\"application\/ld+json\" class=\"yoast-schema-graph\">{\"@context\":\"https:\\\/\\\/schema.org\",\"@graph\":[{\"@type\":\"Article\",\"@id\":\"https:\\\/\\\/canal7slp.tv\\\/2019\\\/urge-aplicar-reformas-estructurales-ante-incertidumbre-economica-ocde-2\\\/#article\",\"isPartOf\":{\"@id\":\"https:\\\/\\\/canal7slp.tv\\\/2019\\\/urge-aplicar-reformas-estructurales-ante-incertidumbre-economica-ocde-2\\\/\"},\"author\":{\"name\":\"edicionweb\",\"@id\":\"https:\\\/\\\/canal7slp.tv\\\/2019\\\/#\\\/schema\\\/person\\\/11d941c1c6ca30ac0a46b95fa37aa2e3\"},\"headline\":\"Urge aplicar reformas estructurales ante incertidumbre econ\u00f3mica: OCDE\",\"datePublished\":\"2019-07-13T14:36:05+00:00\",\"mainEntityOfPage\":{\"@id\":\"https:\\\/\\\/canal7slp.tv\\\/2019\\\/urge-aplicar-reformas-estructurales-ante-incertidumbre-economica-ocde-2\\\/\"},\"wordCount\":512,\"commentCount\":0,\"publisher\":{\"@id\":\"https:\\\/\\\/canal7slp.tv\\\/2019\\\/#organization\"},\"image\":{\"@id\":\"https:\\\/\\\/canal7slp.tv\\\/2019\\\/urge-aplicar-reformas-estructurales-ante-incertidumbre-economica-ocde-2\\\/#primaryimage\"},\"thumbnailUrl\":\"https:\\\/\\\/canal7slp.tv\\\/2019\\\/wp-content\\\/uploads\\\/2019\\\/07\\\/1100_ocde.jpg\",\"articleSection\":[\"INTERNACIONAL\"],\"inLanguage\":\"es\",\"potentialAction\":[{\"@type\":\"CommentAction\",\"name\":\"Comment\",\"target\":[\"https:\\\/\\\/canal7slp.tv\\\/2019\\\/urge-aplicar-reformas-estructurales-ante-incertidumbre-economica-ocde-2\\\/#respond\"]}]},{\"@type\":\"WebPage\",\"@id\":\"https:\\\/\\\/canal7slp.tv\\\/2019\\\/urge-aplicar-reformas-estructurales-ante-incertidumbre-economica-ocde-2\\\/\",\"url\":\"https:\\\/\\\/canal7slp.tv\\\/2019\\\/urge-aplicar-reformas-estructurales-ante-incertidumbre-economica-ocde-2\\\/\",\"name\":\"Urge aplicar reformas estructurales ante incertidumbre econ\u00f3mica: OCDE - Canal 7 SLP - 2019\",\"isPartOf\":{\"@id\":\"https:\\\/\\\/canal7slp.tv\\\/2019\\\/#website\"},\"primaryImageOfPage\":{\"@id\":\"https:\\\/\\\/canal7slp.tv\\\/2019\\\/urge-aplicar-reformas-estructurales-ante-incertidumbre-economica-ocde-2\\\/#primaryimage\"},\"image\":{\"@id\":\"https:\\\/\\\/canal7slp.tv\\\/2019\\\/urge-aplicar-reformas-estructurales-ante-incertidumbre-economica-ocde-2\\\/#primaryimage\"},\"thumbnailUrl\":\"https:\\\/\\\/canal7slp.tv\\\/2019\\\/wp-content\\\/uploads\\\/2019\\\/07\\\/1100_ocde.jpg\",\"datePublished\":\"2019-07-13T14:36:05+00:00\",\"breadcrumb\":{\"@id\":\"https:\\\/\\\/canal7slp.tv\\\/2019\\\/urge-aplicar-reformas-estructurales-ante-incertidumbre-economica-ocde-2\\\/#breadcrumb\"},\"inLanguage\":\"es\",\"potentialAction\":[{\"@type\":\"ReadAction\",\"target\":[\"https:\\\/\\\/canal7slp.tv\\\/2019\\\/urge-aplicar-reformas-estructurales-ante-incertidumbre-economica-ocde-2\\\/\"]}]},{\"@type\":\"ImageObject\",\"inLanguage\":\"es\",\"@id\":\"https:\\\/\\\/canal7slp.tv\\\/2019\\\/urge-aplicar-reformas-estructurales-ante-incertidumbre-economica-ocde-2\\\/#primaryimage\",\"url\":\"https:\\\/\\\/canal7slp.tv\\\/2019\\\/wp-content\\\/uploads\\\/2019\\\/07\\\/1100_ocde.jpg\",\"contentUrl\":\"https:\\\/\\\/canal7slp.tv\\\/2019\\\/wp-content\\\/uploads\\\/2019\\\/07\\\/1100_ocde.jpg\",\"width\":554,\"height\":410},{\"@type\":\"BreadcrumbList\",\"@id\":\"https:\\\/\\\/canal7slp.tv\\\/2019\\\/urge-aplicar-reformas-estructurales-ante-incertidumbre-economica-ocde-2\\\/#breadcrumb\",\"itemListElement\":[{\"@type\":\"ListItem\",\"position\":1,\"name\":\"Home\",\"item\":\"https:\\\/\\\/canal7slp.tv\\\/2019\\\/\"},{\"@type\":\"ListItem\",\"position\":2,\"name\":\"Urge aplicar reformas estructurales ante incertidumbre econ\u00f3mica: OCDE\"}]},{\"@type\":\"WebSite\",\"@id\":\"https:\\\/\\\/canal7slp.tv\\\/2019\\\/#website\",\"url\":\"https:\\\/\\\/canal7slp.tv\\\/2019\\\/\",\"name\":\"Canal 7 SLP - Somos TV\",\"description\":\"Somos un Canal de 10\",\"publisher\":{\"@id\":\"https:\\\/\\\/canal7slp.tv\\\/2019\\\/#organization\"},\"potentialAction\":[{\"@type\":\"SearchAction\",\"target\":{\"@type\":\"EntryPoint\",\"urlTemplate\":\"https:\\\/\\\/canal7slp.tv\\\/2019\\\/?s={search_term_string}\"},\"query-input\":{\"@type\":\"PropertyValueSpecification\",\"valueRequired\":true,\"valueName\":\"search_term_string\"}}],\"inLanguage\":\"es\"},{\"@type\":\"Organization\",\"@id\":\"https:\\\/\\\/canal7slp.tv\\\/2019\\\/#organization\",\"name\":\"Comunicaci\u00f3n 2000 S.A. de C.V.\",\"url\":\"https:\\\/\\\/canal7slp.tv\\\/2019\\\/\",\"logo\":{\"@type\":\"ImageObject\",\"inLanguage\":\"es\",\"@id\":\"https:\\\/\\\/canal7slp.tv\\\/2019\\\/#\\\/schema\\\/logo\\\/image\\\/\",\"url\":\"https:\\\/\\\/canal7slp.tv\\\/2019\\\/wp-content\\\/uploads\\\/2019\\\/07\\\/logo-c7.png\",\"contentUrl\":\"https:\\\/\\\/canal7slp.tv\\\/2019\\\/wp-content\\\/uploads\\\/2019\\\/07\\\/logo-c7.png\",\"width\":220,\"height\":60,\"caption\":\"Comunicaci\u00f3n 2000 S.A. de C.V.\"},\"image\":{\"@id\":\"https:\\\/\\\/canal7slp.tv\\\/2019\\\/#\\\/schema\\\/logo\\\/image\\\/\"},\"sameAs\":[\"https:\\\/\\\/www.facebook.com\\\/CANAL7SLP\\\/\",\"https:\\\/\\\/x.com\\\/canal7_slp\",\"https:\\\/\\\/www.instagram.com\\\/canal7_slp\",\"https:\\\/\\\/www.youtube.com\\\/user\\\/NOTICIEROSCANAL7SLP\\\/\"]},{\"@type\":\"Person\",\"@id\":\"https:\\\/\\\/canal7slp.tv\\\/2019\\\/#\\\/schema\\\/person\\\/11d941c1c6ca30ac0a46b95fa37aa2e3\",\"name\":\"edicionweb\",\"image\":{\"@type\":\"ImageObject\",\"inLanguage\":\"es\",\"@id\":\"https:\\\/\\\/secure.gravatar.com\\\/avatar\\\/eee448fc3f7164808013b816ba91ac7e43bbe82a70bebac296f8bc6f0addaa1a?s=96&d=mm&r=g\",\"url\":\"https:\\\/\\\/secure.gravatar.com\\\/avatar\\\/eee448fc3f7164808013b816ba91ac7e43bbe82a70bebac296f8bc6f0addaa1a?s=96&d=mm&r=g\",\"contentUrl\":\"https:\\\/\\\/secure.gravatar.com\\\/avatar\\\/eee448fc3f7164808013b816ba91ac7e43bbe82a70bebac296f8bc6f0addaa1a?s=96&d=mm&r=g\",\"caption\":\"edicionweb\"}}]}<\/script>\n<!-- \/ Yoast SEO plugin. -->","yoast_head_json":{"title":"Urge aplicar reformas estructurales ante incertidumbre econ\u00f3mica: OCDE - Canal 7 SLP - 2019","robots":{"index":"index","follow":"follow","max-snippet":"max-snippet:-1","max-image-preview":"max-image-preview:large","max-video-preview":"max-video-preview:-1"},"canonical":"https:\/\/canal7slp.tv\/2019\/urge-aplicar-reformas-estructurales-ante-incertidumbre-economica-ocde-2\/","og_locale":"es_ES","og_type":"article","og_title":"Urge aplicar reformas estructurales ante incertidumbre econ\u00f3mica: OCDE - Canal 7 SLP - 2019","og_description":"Par\u00eds.- La Organizaci\u00f3n para la Cooperaci\u00f3n y el Desarrollo Econ\u00f3micos (OCDE) afirm\u00f3 que ante la incertidumbre econ\u00f3mica global y el aumento de la desigualdad, los gobiernos deben impulsar reformas estructurales que favorezcan un crecimiento m\u00e1s s\u00f3lido, sostenible e inclusivo. El secretario general de la OCDE, el mexicano Jos\u00e9 \u00c1ngel Gurr\u00eda, se\u00f1al\u00f3 que &#8220;a medida que [&hellip;]","og_url":"https:\/\/canal7slp.tv\/2019\/urge-aplicar-reformas-estructurales-ante-incertidumbre-economica-ocde-2\/","og_site_name":"Canal 7 SLP - 2019","article_publisher":"https:\/\/www.facebook.com\/CANAL7SLP\/","article_published_time":"2019-07-13T14:36:05+00:00","og_image":[{"width":554,"height":410,"url":"https:\/\/canal7slp.tv\/2019\/wp-content\/uploads\/2019\/07\/1100_ocde.jpg","type":"image\/jpeg"}],"author":"edicionweb","twitter_card":"summary_large_image","twitter_creator":"@canal7_slp","twitter_site":"@canal7_slp","twitter_misc":{"Escrito por":"edicionweb","Tiempo de lectura":"3 minutos"},"schema":{"@context":"https:\/\/schema.org","@graph":[{"@type":"Article","@id":"https:\/\/canal7slp.tv\/2019\/urge-aplicar-reformas-estructurales-ante-incertidumbre-economica-ocde-2\/#article","isPartOf":{"@id":"https:\/\/canal7slp.tv\/2019\/urge-aplicar-reformas-estructurales-ante-incertidumbre-economica-ocde-2\/"},"author":{"name":"edicionweb","@id":"https:\/\/canal7slp.tv\/2019\/#\/schema\/person\/11d941c1c6ca30ac0a46b95fa37aa2e3"},"headline":"Urge aplicar reformas estructurales ante incertidumbre econ\u00f3mica: OCDE","datePublished":"2019-07-13T14:36:05+00:00","mainEntityOfPage":{"@id":"https:\/\/canal7slp.tv\/2019\/urge-aplicar-reformas-estructurales-ante-incertidumbre-economica-ocde-2\/"},"wordCount":512,"commentCount":0,"publisher":{"@id":"https:\/\/canal7slp.tv\/2019\/#organization"},"image":{"@id":"https:\/\/canal7slp.tv\/2019\/urge-aplicar-reformas-estructurales-ante-incertidumbre-economica-ocde-2\/#primaryimage"},"thumbnailUrl":"https:\/\/canal7slp.tv\/2019\/wp-content\/uploads\/2019\/07\/1100_ocde.jpg","articleSection":["INTERNACIONAL"],"inLanguage":"es","potentialAction":[{"@type":"CommentAction","name":"Comment","target":["https:\/\/canal7slp.tv\/2019\/urge-aplicar-reformas-estructurales-ante-incertidumbre-economica-ocde-2\/#respond"]}]},{"@type":"WebPage","@id":"https:\/\/canal7slp.tv\/2019\/urge-aplicar-reformas-estructurales-ante-incertidumbre-economica-ocde-2\/","url":"https:\/\/canal7slp.tv\/2019\/urge-aplicar-reformas-estructurales-ante-incertidumbre-economica-ocde-2\/","name":"Urge aplicar reformas estructurales ante incertidumbre econ\u00f3mica: OCDE - Canal 7 SLP - 2019","isPartOf":{"@id":"https:\/\/canal7slp.tv\/2019\/#website"},"primaryImageOfPage":{"@id":"https:\/\/canal7slp.tv\/2019\/urge-aplicar-reformas-estructurales-ante-incertidumbre-economica-ocde-2\/#primaryimage"},"image":{"@id":"https:\/\/canal7slp.tv\/2019\/urge-aplicar-reformas-estructurales-ante-incertidumbre-economica-ocde-2\/#primaryimage"},"thumbnailUrl":"https:\/\/canal7slp.tv\/2019\/wp-content\/uploads\/2019\/07\/1100_ocde.jpg","datePublished":"2019-07-13T14:36:05+00:00","breadcrumb":{"@id":"https:\/\/canal7slp.tv\/2019\/urge-aplicar-reformas-estructurales-ante-incertidumbre-economica-ocde-2\/#breadcrumb"},"inLanguage":"es","potentialAction":[{"@type":"ReadAction","target":["https:\/\/canal7slp.tv\/2019\/urge-aplicar-reformas-estructurales-ante-incertidumbre-economica-ocde-2\/"]}]},{"@type":"ImageObject","inLanguage":"es","@id":"https:\/\/canal7slp.tv\/2019\/urge-aplicar-reformas-estructurales-ante-incertidumbre-economica-ocde-2\/#primaryimage","url":"https:\/\/canal7slp.tv\/2019\/wp-content\/uploads\/2019\/07\/1100_ocde.jpg","contentUrl":"https:\/\/canal7slp.tv\/2019\/wp-content\/uploads\/2019\/07\/1100_ocde.jpg","width":554,"height":410},{"@type":"BreadcrumbList","@id":"https:\/\/canal7slp.tv\/2019\/urge-aplicar-reformas-estructurales-ante-incertidumbre-economica-ocde-2\/#breadcrumb","itemListElement":[{"@type":"ListItem","position":1,"name":"Home","item":"https:\/\/canal7slp.tv\/2019\/"},{"@type":"ListItem","position":2,"name":"Urge aplicar reformas estructurales ante incertidumbre econ\u00f3mica: OCDE"}]},{"@type":"WebSite","@id":"https:\/\/canal7slp.tv\/2019\/#website","url":"https:\/\/canal7slp.tv\/2019\/","name":"Canal 7 SLP - Somos TV","description":"Somos un Canal de 10","publisher":{"@id":"https:\/\/canal7slp.tv\/2019\/#organization"},"potentialAction":[{"@type":"SearchAction","target":{"@type":"EntryPoint","urlTemplate":"https:\/\/canal7slp.tv\/2019\/?s={search_term_string}"},"query-input":{"@type":"PropertyValueSpecification","valueRequired":true,"valueName":"search_term_string"}}],"inLanguage":"es"},{"@type":"Organization","@id":"https:\/\/canal7slp.tv\/2019\/#organization","name":"Comunicaci\u00f3n 2000 S.A. de C.V.","url":"https:\/\/canal7slp.tv\/2019\/","logo":{"@type":"ImageObject","inLanguage":"es","@id":"https:\/\/canal7slp.tv\/2019\/#\/schema\/logo\/image\/","url":"https:\/\/canal7slp.tv\/2019\/wp-content\/uploads\/2019\/07\/logo-c7.png","contentUrl":"https:\/\/canal7slp.tv\/2019\/wp-content\/uploads\/2019\/07\/logo-c7.png","width":220,"height":60,"caption":"Comunicaci\u00f3n 2000 S.A. de C.V."},"image":{"@id":"https:\/\/canal7slp.tv\/2019\/#\/schema\/logo\/image\/"},"sameAs":["https:\/\/www.facebook.com\/CANAL7SLP\/","https:\/\/x.com\/canal7_slp","https:\/\/www.instagram.com\/canal7_slp","https:\/\/www.youtube.com\/user\/NOTICIEROSCANAL7SLP\/"]},{"@type":"Person","@id":"https:\/\/canal7slp.tv\/2019\/#\/schema\/person\/11d941c1c6ca30ac0a46b95fa37aa2e3","name":"edicionweb","image":{"@type":"ImageObject","inLanguage":"es","@id":"https:\/\/secure.gravatar.com\/avatar\/eee448fc3f7164808013b816ba91ac7e43bbe82a70bebac296f8bc6f0addaa1a?s=96&d=mm&r=g","url":"https:\/\/secure.gravatar.com\/avatar\/eee448fc3f7164808013b816ba91ac7e43bbe82a70bebac296f8bc6f0addaa1a?s=96&d=mm&r=g","contentUrl":"https:\/\/secure.gravatar.com\/avatar\/eee448fc3f7164808013b816ba91ac7e43bbe82a70bebac296f8bc6f0addaa1a?s=96&d=mm&r=g","caption":"edicionweb"}}]}},"amp_enabled":true,"cmb2":{"video_ids_in_playlist":{"vid_p_videos":""},"video_ids_in_channel":{"vid_c_videos":""},"playlist_ids_in_channel":{"vid_c_playlists":""},"series_ids_in_channel":{"vid_c_series":""},"channel_images":{"vid_c_logo":"","vid_c_banner":""},"poster_feature_image":{"vid_m_poster_image":""},"gif_feature_image":{"vid_m_gif_image":""},"video_movie_settings":{"vid_m_director":"","vid_m_actor":"","vid_m_imdb_ratings":"","vid_m_amazon_associates":""},"vid_youtube_broadcasts_settings":{"vid_yb_broadcast_title":"","vid_yb_q":"","vid_yb_channelid":"","vid_yb_videocategoryid":"","vid_yb_maxresults":"","vid_yb_order":"","vid_yb_regioncode":"","vid_yb_videosyndicated":"","vid_yb_style":"","vid_yb_reload_first":""},"video_series_settings":{"vid_m_director":"","vid_m_actor":"","vid_m_imdb_ratings":"","video_series_group":""},"amazon_associates_settings":{"amazon_associates":"","amazon_native_ad":""},"vid_youtube_automatic_settings":{"vid_ya_youtube_source":"","vid_ya_update_every":"","vid_ya_update_unit":"","vid_ya_categories":"","vid_ya_published_after":"","vid_ya_published_before":"","vid_ya_playlists":"","vid_ya_channels":"","vid_ya_director":"","vid_ya_actor":"","vid_ya_author":"","vid_ya_import_post_date":"","vid_ya_status":"","vid_ya_sub_api_key":""},"vid_ads_m_videoads_settings_post":{"vid_ads_m_video_ads":"","vid_ads_m_video_ads_type":"","vid_ads_m_group_google_ima":"","vid_ads_m_group_image":"","vid_ads_m_group_html5_video":"","vid_ads_m_group_html":"","vid_ads_m_vast_preroll":"","vid_ads_m_vast_postroll":"","vid_ads_m_vast_pauseroll":"","vid_ads_m_vast_midroll":[{"vid_ads_m_vast_timer_seconds":"50"}],"vid_ads_m_time_to_show_ads":"","vid_ads_m_time_skip_ads":"","vid_ads_m_time_to_hide_ads":""},"page_slider_settings":{"display_slider_group":"","page_slider_group":""},"blog_page_settings":{"blog_page_title":"","blog_page_heading":"","blog_page_ic":"","blog_page_it":"","blog_page_ec":"","blog_page_ip":"","archive_loop_style":"","blog_image_ratio":"","blog_show_categories":"","blog_show_excerpt":"","blog_show_author":"","blog_show_date":"","blog_show_comment_count":"","blog_show_view_count":"","blog_show_like_count":"","blog_show_dislike_count":"","blog_items_per_page":"","blog_pag_type":""},"page_options":{"get_page_template":"","color_mode":"","main_layout":"","main_layout_full_with":"","main_logo":"","main_logo_retina":"","main_logo_mobile":"","main_logo_mobile_retina":"","sticky_logo":"","sticky_logo_retina":"","main_nav_layout":"","ajax_search":"","header_background":"","theme_sidebar":"","instagram_feed":"","instagram_feed_position":"","popular_videos":"","popular_videos_title_1":"","popular_videos_title_2":"","popular_videos_ic":"","popular_videos_it":"","theme_background":"","page_custom_css":""},"feature_image_settings":{"feature_image_position":""},"video_player_settings":{"single_video_style":"","video_player_position":"","vm_video_url":"","video_player_library":"","video_streaming":"","vm_media_sources":"","vid_auto_play":"","vm_video_shortcode":"","vid_p_sync_playlist":"","vid_c_sync_channel":"","get_post_format":"","multiple_links_structure":"default","multi_links_title":"","vm_video_multi_links":"","vm_duration":"","vid_social_locker":"off","vid_social_locker_id":"","vid_membership_action":"content-video","vm_video_trailer_url":"","vid_download_type":"free","vid_download_target":"download","vid_woo_product":"","vm_media_download":"","user_rating":"","user_rating_position":"","user_rating_mode":"","user_rating_multi_sets":""},"video_auto_fetch_settings":{"vm_video_fetch":"on"},"video_fake_views_likes":{"vm_fake_views":"","vm_fake_likes":"","vm_fake_dislikes":""},"gallery_settings":{"gallery_position":""},"quote_settings":{"quote_position":""},"post_options":{"main_layout":"","main_logo":"","main_logo_retina":"","main_logo_mobile":"","main_logo_mobile_retina":"","sticky_logo":"","sticky_logo_retina":"","main_nav_layout":"","header_background":"","theme_sidebar":"","single_post_comment_type":"","theme_background":""}},"_links":{"self":[{"href":"https:\/\/canal7slp.tv\/2019\/wp-json\/wp\/v2\/posts\/32251","targetHints":{"allow":["GET"]}}],"collection":[{"href":"https:\/\/canal7slp.tv\/2019\/wp-json\/wp\/v2\/posts"}],"about":[{"href":"https:\/\/canal7slp.tv\/2019\/wp-json\/wp\/v2\/types\/post"}],"author":[{"embeddable":true,"href":"https:\/\/canal7slp.tv\/2019\/wp-json\/wp\/v2\/users\/2"}],"replies":[{"embeddable":true,"href":"https:\/\/canal7slp.tv\/2019\/wp-json\/wp\/v2\/comments?post=32251"}],"version-history":[{"count":0,"href":"https:\/\/canal7slp.tv\/2019\/wp-json\/wp\/v2\/posts\/32251\/revisions"}],"wp:featuredmedia":[{"embeddable":true,"href":"https:\/\/canal7slp.tv\/2019\/wp-json\/wp\/v2\/media\/32252"}],"wp:attachment":[{"href":"https:\/\/canal7slp.tv\/2019\/wp-json\/wp\/v2\/media?parent=32251"}],"wp:term":[{"taxonomy":"category","embeddable":true,"href":"https:\/\/canal7slp.tv\/2019\/wp-json\/wp\/v2\/categories?post=32251"},{"taxonomy":"post_tag","embeddable":true,"href":"https:\/\/canal7slp.tv\/2019\/wp-json\/wp\/v2\/tags?post=32251"}],"curies":[{"name":"wp","href":"https:\/\/api.w.org\/{rel}","templated":true}]}}