{"id":31915,"date":"2019-07-12T13:23:56","date_gmt":"2019-07-12T18:23:56","guid":{"rendered":"https:\/\/canal7slp.tv\/2019\/?p=31915"},"modified":"2019-07-12T13:23:56","modified_gmt":"2019-07-12T18:23:56","slug":"trump-confirma-que-redadas-contra-inmigrantes-inician-el-domingo","status":"publish","type":"post","link":"https:\/\/canal7slp.tv\/2019\/trump-confirma-que-redadas-contra-inmigrantes-inician-el-domingo\/","title":{"rendered":"Trump confirma que redadas contra inmigrantes inician el domingo"},"content":{"rendered":"<p>Washington.- El Servicio de Inmigraci\u00f3n y Control de Aduanas (ICE) de Estados Unidos iniciar\u00e1 este domingo redadas a nivel nacional para arrestar a miles de familias inmigrantes que tienen \u00f3rdenes judiciales de deportaci\u00f3n, confirm\u00f3 hoy el presidente Donald Trump.<\/p>\n<p>Los agentes del ICE \u201cvan a sacar a la gente y los llevar\u00e1n de vuelta a sus pa\u00edses\u201d, enfatiz\u00f3 el mandatario en rueda de prensa en la Casa Blanca, report\u00f3 la cadena de noticias CNN.<\/p>\n<p>\u201cEs una operaci\u00f3n enorme, si se ha filtrado que va a comenzar no pasa nada, empieza el domingo, y vamos a sacar de aqu\u00ed a miles&#8221; de inmigrantes ilegales, enfatiz\u00f3.<\/p>\n<p>Detall\u00f3 que se busca a \u201ccriminales\u201d y personas que ingresaron de manera ilegal al pa\u00eds sin un proceso, a ellos \u201clos vamos a sacar con la polic\u00eda de migraci\u00f3n, los estamos sacando de a miles\u201d.<\/p>\n<p>\u201cCuando la gente viene a nuestro pa\u00eds de manera ilegal, nosotros sacamos a esa gente de manera legal, es un proceso y tengo la obligaci\u00f3n de hacerlo, llegaron ilegalmente y salen legalmente\u201d, enfatiz\u00f3 el mandatario.<\/p>\n<p>Insisti\u00f3 en que la bancada dem\u00f3crata en el Congreso deber\u00eda a cambiar las leyes de inmigraci\u00f3n, luego hizo referencia a la colaboraci\u00f3n de M\u00e9xico en la materia.<\/p>\n<p>\u201cLes voy dar la buena noticia: M\u00e9xico ha hecho un trabajo incre\u00edble hasta el momento, si ven la frontera hay una baja del 30 por ciento. Los n\u00fameros de junio estar\u00e1n un poco por encima de un 30 por ciento de reducci\u00f3n\u201d, de la inmigraci\u00f3n ilegal, asegur\u00f3.<\/p>\n<p>El jueves, el peri\u00f3dico The New York Times revel\u00f3 que el gobierno de Estados Unidos prepara una operaci\u00f3n para arrestar y deportar a miles de inmigrantes en todo el pa\u00eds a cargo de agentes del ICE, dependiente del Departamento de Seguridad Nacional, la cual iniciar\u00e1 el domingo pr\u00f3ximo.<\/p>\n<p>El diario estadunidense, que cit\u00f3 fuentes de seguridad nacional, se\u00f1al\u00f3 que las redadas a nivel nacional y cuyos detalles finales permanecen en proceso, se llevar\u00edan a cabo en 10 de las principales ciudades del pa\u00eds.<\/p>\n<p>Adelant\u00f3 que las redadas est\u00e1n dirigidas en principio hacia unos dos mil inmigrantes que tienen orden de deportaci\u00f3n, algunos por no presentarse en el tribunal, pero que permanecen en el pa\u00eds de manera ilegal.<\/p>\n<p>Los agentes del ICE tambi\u00e9n podr\u00e1n detener a inmigrantes que encuentren cuando realicen una redada, aunque ese no sea el objetivo de la operaci\u00f3n.<\/p>\n<p>Seg\u00fan las fuentes que cit\u00f3 el diario, cuando varios miembros de una familia sean arrestados juntos, en la medida de lo posible, ser\u00e1n recluidos en centros de detenci\u00f3n familiar en Texas y Pennsylvania.<\/p>\n<p>Pero, aclararon que debido a las limitaciones de espacio, algunos pueden quedarse en habitaciones de hotel hasta que est\u00e9n listos sus documentos para regresarlos a su pa\u00eds de origen, que se prev\u00e9 sea por poco tiempo ya que el objetivo de ICE es deportar a las familias lo m\u00e1s r\u00e1pido posible.<\/p>\n","protected":false},"excerpt":{"rendered":"<p>Washington.- El Servicio de Inmigraci\u00f3n y Control de Aduanas (ICE) de Estados Unidos iniciar\u00e1 este domingo redadas a nivel nacional para arrestar a miles de familias inmigrantes que tienen \u00f3rdenes judiciales de deportaci\u00f3n, confirm\u00f3 hoy el presidente Donald Trump. Los agentes del ICE \u201cvan a sacar a la gente y los llevar\u00e1n de vuelta a [&hellip;]<\/p>\n","protected":false},"author":2,"featured_media":31916,"comment_status":"open","ping_status":"closed","sticky":false,"template":"","format":"standard","meta":{"footnotes":""},"categories":[18],"tags":[],"class_list":["post-31915","post","type-post","status-publish","format-standard","has-post-thumbnail","hentry","category-internacional"],"yoast_head":"<!-- This site is optimized with the Yoast SEO plugin v27.5 - https:\/\/yoast.com\/product\/yoast-seo-wordpress\/ -->\n<title>Trump confirma que redadas contra inmigrantes inician el domingo - Canal 7 SLP - 2019<\/title>\n<meta name=\"robots\" content=\"index, follow, max-snippet:-1, max-image-preview:large, max-video-preview:-1\" \/>\n<link rel=\"canonical\" href=\"https:\/\/canal7slp.tv\/2019\/trump-confirma-que-redadas-contra-inmigrantes-inician-el-domingo\/\" \/>\n<meta property=\"og:locale\" content=\"es_ES\" \/>\n<meta property=\"og:type\" content=\"article\" \/>\n<meta property=\"og:title\" content=\"Trump confirma que redadas contra inmigrantes inician el domingo - Canal 7 SLP - 2019\" \/>\n<meta property=\"og:description\" content=\"Washington.- El Servicio de Inmigraci\u00f3n y Control de Aduanas (ICE) de Estados Unidos iniciar\u00e1 este domingo redadas a nivel nacional para arrestar a miles de familias inmigrantes que tienen \u00f3rdenes judiciales de deportaci\u00f3n, confirm\u00f3 hoy el presidente Donald Trump. Los agentes del ICE \u201cvan a sacar a la gente y los llevar\u00e1n de vuelta a [&hellip;]\" \/>\n<meta property=\"og:url\" content=\"https:\/\/canal7slp.tv\/2019\/trump-confirma-que-redadas-contra-inmigrantes-inician-el-domingo\/\" \/>\n<meta property=\"og:site_name\" content=\"Canal 7 SLP - 2019\" \/>\n<meta property=\"article:publisher\" content=\"https:\/\/www.facebook.com\/CANAL7SLP\/\" \/>\n<meta property=\"article:published_time\" content=\"2019-07-12T18:23:56+00:00\" \/>\n<meta property=\"og:image\" content=\"https:\/\/canal7slp.tv\/2019\/wp-content\/uploads\/2019\/07\/1330-2.jpg\" \/>\n\t<meta property=\"og:image:width\" content=\"713\" \/>\n\t<meta property=\"og:image:height\" content=\"410\" \/>\n\t<meta property=\"og:image:type\" content=\"image\/jpeg\" \/>\n<meta name=\"author\" content=\"edicionweb\" \/>\n<meta name=\"twitter:card\" content=\"summary_large_image\" \/>\n<meta name=\"twitter:creator\" content=\"@canal7_slp\" \/>\n<meta name=\"twitter:site\" content=\"@canal7_slp\" \/>\n<meta name=\"twitter:label1\" content=\"Escrito por\" \/>\n\t<meta name=\"twitter:data1\" content=\"edicionweb\" \/>\n\t<meta name=\"twitter:label2\" content=\"Tiempo de lectura\" \/>\n\t<meta name=\"twitter:data2\" content=\"3 minutos\" \/>\n<script type=\"application\/ld+json\" class=\"yoast-schema-graph\">{\"@context\":\"https:\\\/\\\/schema.org\",\"@graph\":[{\"@type\":\"Article\",\"@id\":\"https:\\\/\\\/canal7slp.tv\\\/2019\\\/trump-confirma-que-redadas-contra-inmigrantes-inician-el-domingo\\\/#article\",\"isPartOf\":{\"@id\":\"https:\\\/\\\/canal7slp.tv\\\/2019\\\/trump-confirma-que-redadas-contra-inmigrantes-inician-el-domingo\\\/\"},\"author\":{\"name\":\"edicionweb\",\"@id\":\"https:\\\/\\\/canal7slp.tv\\\/2019\\\/#\\\/schema\\\/person\\\/11d941c1c6ca30ac0a46b95fa37aa2e3\"},\"headline\":\"Trump confirma que redadas contra inmigrantes inician el domingo\",\"datePublished\":\"2019-07-12T18:23:56+00:00\",\"mainEntityOfPage\":{\"@id\":\"https:\\\/\\\/canal7slp.tv\\\/2019\\\/trump-confirma-que-redadas-contra-inmigrantes-inician-el-domingo\\\/\"},\"wordCount\":521,\"commentCount\":0,\"publisher\":{\"@id\":\"https:\\\/\\\/canal7slp.tv\\\/2019\\\/#organization\"},\"image\":{\"@id\":\"https:\\\/\\\/canal7slp.tv\\\/2019\\\/trump-confirma-que-redadas-contra-inmigrantes-inician-el-domingo\\\/#primaryimage\"},\"thumbnailUrl\":\"https:\\\/\\\/canal7slp.tv\\\/2019\\\/wp-content\\\/uploads\\\/2019\\\/07\\\/1330-2.jpg\",\"articleSection\":[\"INTERNACIONAL\"],\"inLanguage\":\"es\",\"potentialAction\":[{\"@type\":\"CommentAction\",\"name\":\"Comment\",\"target\":[\"https:\\\/\\\/canal7slp.tv\\\/2019\\\/trump-confirma-que-redadas-contra-inmigrantes-inician-el-domingo\\\/#respond\"]}]},{\"@type\":\"WebPage\",\"@id\":\"https:\\\/\\\/canal7slp.tv\\\/2019\\\/trump-confirma-que-redadas-contra-inmigrantes-inician-el-domingo\\\/\",\"url\":\"https:\\\/\\\/canal7slp.tv\\\/2019\\\/trump-confirma-que-redadas-contra-inmigrantes-inician-el-domingo\\\/\",\"name\":\"Trump confirma que redadas contra inmigrantes inician el domingo - Canal 7 SLP - 2019\",\"isPartOf\":{\"@id\":\"https:\\\/\\\/canal7slp.tv\\\/2019\\\/#website\"},\"primaryImageOfPage\":{\"@id\":\"https:\\\/\\\/canal7slp.tv\\\/2019\\\/trump-confirma-que-redadas-contra-inmigrantes-inician-el-domingo\\\/#primaryimage\"},\"image\":{\"@id\":\"https:\\\/\\\/canal7slp.tv\\\/2019\\\/trump-confirma-que-redadas-contra-inmigrantes-inician-el-domingo\\\/#primaryimage\"},\"thumbnailUrl\":\"https:\\\/\\\/canal7slp.tv\\\/2019\\\/wp-content\\\/uploads\\\/2019\\\/07\\\/1330-2.jpg\",\"datePublished\":\"2019-07-12T18:23:56+00:00\",\"breadcrumb\":{\"@id\":\"https:\\\/\\\/canal7slp.tv\\\/2019\\\/trump-confirma-que-redadas-contra-inmigrantes-inician-el-domingo\\\/#breadcrumb\"},\"inLanguage\":\"es\",\"potentialAction\":[{\"@type\":\"ReadAction\",\"target\":[\"https:\\\/\\\/canal7slp.tv\\\/2019\\\/trump-confirma-que-redadas-contra-inmigrantes-inician-el-domingo\\\/\"]}]},{\"@type\":\"ImageObject\",\"inLanguage\":\"es\",\"@id\":\"https:\\\/\\\/canal7slp.tv\\\/2019\\\/trump-confirma-que-redadas-contra-inmigrantes-inician-el-domingo\\\/#primaryimage\",\"url\":\"https:\\\/\\\/canal7slp.tv\\\/2019\\\/wp-content\\\/uploads\\\/2019\\\/07\\\/1330-2.jpg\",\"contentUrl\":\"https:\\\/\\\/canal7slp.tv\\\/2019\\\/wp-content\\\/uploads\\\/2019\\\/07\\\/1330-2.jpg\",\"width\":713,\"height\":410},{\"@type\":\"BreadcrumbList\",\"@id\":\"https:\\\/\\\/canal7slp.tv\\\/2019\\\/trump-confirma-que-redadas-contra-inmigrantes-inician-el-domingo\\\/#breadcrumb\",\"itemListElement\":[{\"@type\":\"ListItem\",\"position\":1,\"name\":\"Home\",\"item\":\"https:\\\/\\\/canal7slp.tv\\\/2019\\\/\"},{\"@type\":\"ListItem\",\"position\":2,\"name\":\"Trump confirma que redadas contra inmigrantes inician el domingo\"}]},{\"@type\":\"WebSite\",\"@id\":\"https:\\\/\\\/canal7slp.tv\\\/2019\\\/#website\",\"url\":\"https:\\\/\\\/canal7slp.tv\\\/2019\\\/\",\"name\":\"Canal 7 SLP - Somos TV\",\"description\":\"Somos un Canal de 10\",\"publisher\":{\"@id\":\"https:\\\/\\\/canal7slp.tv\\\/2019\\\/#organization\"},\"potentialAction\":[{\"@type\":\"SearchAction\",\"target\":{\"@type\":\"EntryPoint\",\"urlTemplate\":\"https:\\\/\\\/canal7slp.tv\\\/2019\\\/?s={search_term_string}\"},\"query-input\":{\"@type\":\"PropertyValueSpecification\",\"valueRequired\":true,\"valueName\":\"search_term_string\"}}],\"inLanguage\":\"es\"},{\"@type\":\"Organization\",\"@id\":\"https:\\\/\\\/canal7slp.tv\\\/2019\\\/#organization\",\"name\":\"Comunicaci\u00f3n 2000 S.A. de C.V.\",\"url\":\"https:\\\/\\\/canal7slp.tv\\\/2019\\\/\",\"logo\":{\"@type\":\"ImageObject\",\"inLanguage\":\"es\",\"@id\":\"https:\\\/\\\/canal7slp.tv\\\/2019\\\/#\\\/schema\\\/logo\\\/image\\\/\",\"url\":\"https:\\\/\\\/canal7slp.tv\\\/2019\\\/wp-content\\\/uploads\\\/2019\\\/07\\\/logo-c7.png\",\"contentUrl\":\"https:\\\/\\\/canal7slp.tv\\\/2019\\\/wp-content\\\/uploads\\\/2019\\\/07\\\/logo-c7.png\",\"width\":220,\"height\":60,\"caption\":\"Comunicaci\u00f3n 2000 S.A. de C.V.\"},\"image\":{\"@id\":\"https:\\\/\\\/canal7slp.tv\\\/2019\\\/#\\\/schema\\\/logo\\\/image\\\/\"},\"sameAs\":[\"https:\\\/\\\/www.facebook.com\\\/CANAL7SLP\\\/\",\"https:\\\/\\\/x.com\\\/canal7_slp\",\"https:\\\/\\\/www.instagram.com\\\/canal7_slp\",\"https:\\\/\\\/www.youtube.com\\\/user\\\/NOTICIEROSCANAL7SLP\\\/\"]},{\"@type\":\"Person\",\"@id\":\"https:\\\/\\\/canal7slp.tv\\\/2019\\\/#\\\/schema\\\/person\\\/11d941c1c6ca30ac0a46b95fa37aa2e3\",\"name\":\"edicionweb\",\"image\":{\"@type\":\"ImageObject\",\"inLanguage\":\"es\",\"@id\":\"https:\\\/\\\/secure.gravatar.com\\\/avatar\\\/eee448fc3f7164808013b816ba91ac7e43bbe82a70bebac296f8bc6f0addaa1a?s=96&d=mm&r=g\",\"url\":\"https:\\\/\\\/secure.gravatar.com\\\/avatar\\\/eee448fc3f7164808013b816ba91ac7e43bbe82a70bebac296f8bc6f0addaa1a?s=96&d=mm&r=g\",\"contentUrl\":\"https:\\\/\\\/secure.gravatar.com\\\/avatar\\\/eee448fc3f7164808013b816ba91ac7e43bbe82a70bebac296f8bc6f0addaa1a?s=96&d=mm&r=g\",\"caption\":\"edicionweb\"}}]}<\/script>\n<!-- \/ Yoast SEO plugin. -->","yoast_head_json":{"title":"Trump confirma que redadas contra inmigrantes inician el domingo - Canal 7 SLP - 2019","robots":{"index":"index","follow":"follow","max-snippet":"max-snippet:-1","max-image-preview":"max-image-preview:large","max-video-preview":"max-video-preview:-1"},"canonical":"https:\/\/canal7slp.tv\/2019\/trump-confirma-que-redadas-contra-inmigrantes-inician-el-domingo\/","og_locale":"es_ES","og_type":"article","og_title":"Trump confirma que redadas contra inmigrantes inician el domingo - Canal 7 SLP - 2019","og_description":"Washington.- El Servicio de Inmigraci\u00f3n y Control de Aduanas (ICE) de Estados Unidos iniciar\u00e1 este domingo redadas a nivel nacional para arrestar a miles de familias inmigrantes que tienen \u00f3rdenes judiciales de deportaci\u00f3n, confirm\u00f3 hoy el presidente Donald Trump. Los agentes del ICE \u201cvan a sacar a la gente y los llevar\u00e1n de vuelta a [&hellip;]","og_url":"https:\/\/canal7slp.tv\/2019\/trump-confirma-que-redadas-contra-inmigrantes-inician-el-domingo\/","og_site_name":"Canal 7 SLP - 2019","article_publisher":"https:\/\/www.facebook.com\/CANAL7SLP\/","article_published_time":"2019-07-12T18:23:56+00:00","og_image":[{"width":713,"height":410,"url":"https:\/\/canal7slp.tv\/2019\/wp-content\/uploads\/2019\/07\/1330-2.jpg","type":"image\/jpeg"}],"author":"edicionweb","twitter_card":"summary_large_image","twitter_creator":"@canal7_slp","twitter_site":"@canal7_slp","twitter_misc":{"Escrito por":"edicionweb","Tiempo de lectura":"3 minutos"},"schema":{"@context":"https:\/\/schema.org","@graph":[{"@type":"Article","@id":"https:\/\/canal7slp.tv\/2019\/trump-confirma-que-redadas-contra-inmigrantes-inician-el-domingo\/#article","isPartOf":{"@id":"https:\/\/canal7slp.tv\/2019\/trump-confirma-que-redadas-contra-inmigrantes-inician-el-domingo\/"},"author":{"name":"edicionweb","@id":"https:\/\/canal7slp.tv\/2019\/#\/schema\/person\/11d941c1c6ca30ac0a46b95fa37aa2e3"},"headline":"Trump confirma que redadas contra inmigrantes inician el domingo","datePublished":"2019-07-12T18:23:56+00:00","mainEntityOfPage":{"@id":"https:\/\/canal7slp.tv\/2019\/trump-confirma-que-redadas-contra-inmigrantes-inician-el-domingo\/"},"wordCount":521,"commentCount":0,"publisher":{"@id":"https:\/\/canal7slp.tv\/2019\/#organization"},"image":{"@id":"https:\/\/canal7slp.tv\/2019\/trump-confirma-que-redadas-contra-inmigrantes-inician-el-domingo\/#primaryimage"},"thumbnailUrl":"https:\/\/canal7slp.tv\/2019\/wp-content\/uploads\/2019\/07\/1330-2.jpg","articleSection":["INTERNACIONAL"],"inLanguage":"es","potentialAction":[{"@type":"CommentAction","name":"Comment","target":["https:\/\/canal7slp.tv\/2019\/trump-confirma-que-redadas-contra-inmigrantes-inician-el-domingo\/#respond"]}]},{"@type":"WebPage","@id":"https:\/\/canal7slp.tv\/2019\/trump-confirma-que-redadas-contra-inmigrantes-inician-el-domingo\/","url":"https:\/\/canal7slp.tv\/2019\/trump-confirma-que-redadas-contra-inmigrantes-inician-el-domingo\/","name":"Trump confirma que redadas contra inmigrantes inician el domingo - Canal 7 SLP - 2019","isPartOf":{"@id":"https:\/\/canal7slp.tv\/2019\/#website"},"primaryImageOfPage":{"@id":"https:\/\/canal7slp.tv\/2019\/trump-confirma-que-redadas-contra-inmigrantes-inician-el-domingo\/#primaryimage"},"image":{"@id":"https:\/\/canal7slp.tv\/2019\/trump-confirma-que-redadas-contra-inmigrantes-inician-el-domingo\/#primaryimage"},"thumbnailUrl":"https:\/\/canal7slp.tv\/2019\/wp-content\/uploads\/2019\/07\/1330-2.jpg","datePublished":"2019-07-12T18:23:56+00:00","breadcrumb":{"@id":"https:\/\/canal7slp.tv\/2019\/trump-confirma-que-redadas-contra-inmigrantes-inician-el-domingo\/#breadcrumb"},"inLanguage":"es","potentialAction":[{"@type":"ReadAction","target":["https:\/\/canal7slp.tv\/2019\/trump-confirma-que-redadas-contra-inmigrantes-inician-el-domingo\/"]}]},{"@type":"ImageObject","inLanguage":"es","@id":"https:\/\/canal7slp.tv\/2019\/trump-confirma-que-redadas-contra-inmigrantes-inician-el-domingo\/#primaryimage","url":"https:\/\/canal7slp.tv\/2019\/wp-content\/uploads\/2019\/07\/1330-2.jpg","contentUrl":"https:\/\/canal7slp.tv\/2019\/wp-content\/uploads\/2019\/07\/1330-2.jpg","width":713,"height":410},{"@type":"BreadcrumbList","@id":"https:\/\/canal7slp.tv\/2019\/trump-confirma-que-redadas-contra-inmigrantes-inician-el-domingo\/#breadcrumb","itemListElement":[{"@type":"ListItem","position":1,"name":"Home","item":"https:\/\/canal7slp.tv\/2019\/"},{"@type":"ListItem","position":2,"name":"Trump confirma que redadas contra inmigrantes inician el domingo"}]},{"@type":"WebSite","@id":"https:\/\/canal7slp.tv\/2019\/#website","url":"https:\/\/canal7slp.tv\/2019\/","name":"Canal 7 SLP - Somos TV","description":"Somos un Canal de 10","publisher":{"@id":"https:\/\/canal7slp.tv\/2019\/#organization"},"potentialAction":[{"@type":"SearchAction","target":{"@type":"EntryPoint","urlTemplate":"https:\/\/canal7slp.tv\/2019\/?s={search_term_string}"},"query-input":{"@type":"PropertyValueSpecification","valueRequired":true,"valueName":"search_term_string"}}],"inLanguage":"es"},{"@type":"Organization","@id":"https:\/\/canal7slp.tv\/2019\/#organization","name":"Comunicaci\u00f3n 2000 S.A. de C.V.","url":"https:\/\/canal7slp.tv\/2019\/","logo":{"@type":"ImageObject","inLanguage":"es","@id":"https:\/\/canal7slp.tv\/2019\/#\/schema\/logo\/image\/","url":"https:\/\/canal7slp.tv\/2019\/wp-content\/uploads\/2019\/07\/logo-c7.png","contentUrl":"https:\/\/canal7slp.tv\/2019\/wp-content\/uploads\/2019\/07\/logo-c7.png","width":220,"height":60,"caption":"Comunicaci\u00f3n 2000 S.A. de C.V."},"image":{"@id":"https:\/\/canal7slp.tv\/2019\/#\/schema\/logo\/image\/"},"sameAs":["https:\/\/www.facebook.com\/CANAL7SLP\/","https:\/\/x.com\/canal7_slp","https:\/\/www.instagram.com\/canal7_slp","https:\/\/www.youtube.com\/user\/NOTICIEROSCANAL7SLP\/"]},{"@type":"Person","@id":"https:\/\/canal7slp.tv\/2019\/#\/schema\/person\/11d941c1c6ca30ac0a46b95fa37aa2e3","name":"edicionweb","image":{"@type":"ImageObject","inLanguage":"es","@id":"https:\/\/secure.gravatar.com\/avatar\/eee448fc3f7164808013b816ba91ac7e43bbe82a70bebac296f8bc6f0addaa1a?s=96&d=mm&r=g","url":"https:\/\/secure.gravatar.com\/avatar\/eee448fc3f7164808013b816ba91ac7e43bbe82a70bebac296f8bc6f0addaa1a?s=96&d=mm&r=g","contentUrl":"https:\/\/secure.gravatar.com\/avatar\/eee448fc3f7164808013b816ba91ac7e43bbe82a70bebac296f8bc6f0addaa1a?s=96&d=mm&r=g","caption":"edicionweb"}}]}},"amp_enabled":true,"cmb2":{"video_ids_in_playlist":{"vid_p_videos":""},"video_ids_in_channel":{"vid_c_videos":""},"playlist_ids_in_channel":{"vid_c_playlists":""},"series_ids_in_channel":{"vid_c_series":""},"channel_images":{"vid_c_logo":"","vid_c_banner":""},"poster_feature_image":{"vid_m_poster_image":""},"gif_feature_image":{"vid_m_gif_image":""},"video_movie_settings":{"vid_m_director":"","vid_m_actor":"","vid_m_imdb_ratings":"","vid_m_amazon_associates":""},"vid_youtube_broadcasts_settings":{"vid_yb_broadcast_title":"","vid_yb_q":"","vid_yb_channelid":"","vid_yb_videocategoryid":"","vid_yb_maxresults":"","vid_yb_order":"","vid_yb_regioncode":"","vid_yb_videosyndicated":"","vid_yb_style":"","vid_yb_reload_first":""},"video_series_settings":{"vid_m_director":"","vid_m_actor":"","vid_m_imdb_ratings":"","video_series_group":""},"amazon_associates_settings":{"amazon_associates":"","amazon_native_ad":""},"vid_youtube_automatic_settings":{"vid_ya_youtube_source":"","vid_ya_update_every":"","vid_ya_update_unit":"","vid_ya_categories":"","vid_ya_published_after":"","vid_ya_published_before":"","vid_ya_playlists":"","vid_ya_channels":"","vid_ya_director":"","vid_ya_actor":"","vid_ya_author":"","vid_ya_import_post_date":"","vid_ya_status":"","vid_ya_sub_api_key":""},"vid_ads_m_videoads_settings_post":{"vid_ads_m_video_ads":"","vid_ads_m_video_ads_type":"","vid_ads_m_group_google_ima":"","vid_ads_m_group_image":"","vid_ads_m_group_html5_video":"","vid_ads_m_group_html":"","vid_ads_m_vast_preroll":"","vid_ads_m_vast_postroll":"","vid_ads_m_vast_pauseroll":"","vid_ads_m_vast_midroll":[{"vid_ads_m_vast_timer_seconds":"50"}],"vid_ads_m_time_to_show_ads":"","vid_ads_m_time_skip_ads":"","vid_ads_m_time_to_hide_ads":""},"page_slider_settings":{"display_slider_group":"","page_slider_group":""},"blog_page_settings":{"blog_page_title":"","blog_page_heading":"","blog_page_ic":"","blog_page_it":"","blog_page_ec":"","blog_page_ip":"","archive_loop_style":"","blog_image_ratio":"","blog_show_categories":"","blog_show_excerpt":"","blog_show_author":"","blog_show_date":"","blog_show_comment_count":"","blog_show_view_count":"","blog_show_like_count":"","blog_show_dislike_count":"","blog_items_per_page":"","blog_pag_type":""},"page_options":{"get_page_template":"","color_mode":"","main_layout":"","main_layout_full_with":"","main_logo":"","main_logo_retina":"","main_logo_mobile":"","main_logo_mobile_retina":"","sticky_logo":"","sticky_logo_retina":"","main_nav_layout":"","ajax_search":"","header_background":"","theme_sidebar":"","instagram_feed":"","instagram_feed_position":"","popular_videos":"","popular_videos_title_1":"","popular_videos_title_2":"","popular_videos_ic":"","popular_videos_it":"","theme_background":"","page_custom_css":""},"feature_image_settings":{"feature_image_position":""},"video_player_settings":{"single_video_style":"","video_player_position":"","vm_video_url":"","video_player_library":"","video_streaming":"","vm_media_sources":"","vid_auto_play":"","vm_video_shortcode":"","vid_p_sync_playlist":"","vid_c_sync_channel":"","get_post_format":"","multiple_links_structure":"default","multi_links_title":"","vm_video_multi_links":"","vm_duration":"","vid_social_locker":"off","vid_social_locker_id":"","vid_membership_action":"content-video","vm_video_trailer_url":"","vid_download_type":"free","vid_download_target":"download","vid_woo_product":"","vm_media_download":"","user_rating":"","user_rating_position":"","user_rating_mode":"","user_rating_multi_sets":""},"video_auto_fetch_settings":{"vm_video_fetch":"on"},"video_fake_views_likes":{"vm_fake_views":"","vm_fake_likes":"","vm_fake_dislikes":""},"gallery_settings":{"gallery_position":""},"quote_settings":{"quote_position":""},"post_options":{"main_layout":"","main_logo":"","main_logo_retina":"","main_logo_mobile":"","main_logo_mobile_retina":"","sticky_logo":"","sticky_logo_retina":"","main_nav_layout":"","header_background":"","theme_sidebar":"","single_post_comment_type":"","theme_background":""}},"_links":{"self":[{"href":"https:\/\/canal7slp.tv\/2019\/wp-json\/wp\/v2\/posts\/31915","targetHints":{"allow":["GET"]}}],"collection":[{"href":"https:\/\/canal7slp.tv\/2019\/wp-json\/wp\/v2\/posts"}],"about":[{"href":"https:\/\/canal7slp.tv\/2019\/wp-json\/wp\/v2\/types\/post"}],"author":[{"embeddable":true,"href":"https:\/\/canal7slp.tv\/2019\/wp-json\/wp\/v2\/users\/2"}],"replies":[{"embeddable":true,"href":"https:\/\/canal7slp.tv\/2019\/wp-json\/wp\/v2\/comments?post=31915"}],"version-history":[{"count":0,"href":"https:\/\/canal7slp.tv\/2019\/wp-json\/wp\/v2\/posts\/31915\/revisions"}],"wp:featuredmedia":[{"embeddable":true,"href":"https:\/\/canal7slp.tv\/2019\/wp-json\/wp\/v2\/media\/31916"}],"wp:attachment":[{"href":"https:\/\/canal7slp.tv\/2019\/wp-json\/wp\/v2\/media?parent=31915"}],"wp:term":[{"taxonomy":"category","embeddable":true,"href":"https:\/\/canal7slp.tv\/2019\/wp-json\/wp\/v2\/categories?post=31915"},{"taxonomy":"post_tag","embeddable":true,"href":"https:\/\/canal7slp.tv\/2019\/wp-json\/wp\/v2\/tags?post=31915"}],"curies":[{"name":"wp","href":"https:\/\/api.w.org\/{rel}","templated":true}]}}