{"id":31484,"date":"2019-07-11T18:13:48","date_gmt":"2019-07-11T23:13:48","guid":{"rendered":"https:\/\/canal7slp.tv\/2019\/?p=31484"},"modified":"2019-07-11T18:13:48","modified_gmt":"2019-07-11T23:13:48","slug":"propuestas-para-enriquecer-las-leyes-secundarias-en-materia-educativa","status":"publish","type":"post","link":"https:\/\/canal7slp.tv\/2019\/propuestas-para-enriquecer-las-leyes-secundarias-en-materia-educativa\/","title":{"rendered":"Propuestas para enriquecer las leyes secundarias en materia educativa"},"content":{"rendered":"<p style=\"text-align: justify;\">SLP.- A pesar de las adversidades, las resistencias y la problem\u00e1tica que se vive en el sector educativo, M\u00e9xico puede ser un referente a nivel internacional si se alcanzan los retos de mejorar la calidad que se brinda en nuestro pa\u00eds, se\u00f1al\u00f3 la presidenta de la Comisi\u00f3n de Educaci\u00f3n, Cultura, Ciencia y Tecnolog\u00eda de la LXII Legislatura diputada Mar\u00eda del Consuelo Carmona Salas, en el marco del foro de Legislaci\u00f3n Secundaria en Materia Educativa que se desarroll\u00f3 en la Universidad de Matehuala.<\/p>\n<p style=\"text-align: justify;\">\n<p style=\"text-align: justify;\">Destac\u00f3 que dentro de la Comisi\u00f3n de Educaci\u00f3n del Congreso del Estado se ha impulsado el desarrollo de foros que les permiten como legisladores y como representantes del pueblo, el escuchar las inquietudes del sector educativo de las cuatro zonas del Estado, mediante una serie de ponencias que ser\u00e1n analizadas y entregadas, el pr\u00f3ximo 16 de julio a la C\u00e1mara de Diputados con el fin de que sean consideradas dentro de las leyes secundarias de la reforma educativa.<\/p>\n<p style=\"text-align: justify;\">\n<p style=\"text-align: justify;\">Coment\u00f3 que como legisladores asumen el compromiso de contribuir a enriquecer las leyes secundarias de la Reforma Educativa que busca mejorar la calidad en la educaci\u00f3n que demanda el pa\u00eds y que por a\u00f1os se ha dejado de lado en perjuicio de las nuevas generaciones.<\/p>\n<p style=\"text-align: justify;\">\n<p style=\"text-align: justify;\">En este sentido, dijo que \u201ccomo presidenta de la Comisi\u00f3n de Educaci\u00f3n, llevar\u00e9 a la C\u00e1mara de Diputados las iniciativas y las ponencias recabadas en los foros para que sean tomadas en cuenta, durante la reuni\u00f3n que sostendremos los 32 presidentes de los Congresos de los Estados donde participaremos en las comisiones unidas y puntos constitucionales para analizar y discutir las propuestas que ser\u00e1n entregadas para la conformaci\u00f3n de las leyes secundarias de la reforma educativa de nuestro pa\u00eds\u201d.<\/p>\n<p style=\"text-align: justify;\">La legisladora reconoci\u00f3 el inter\u00e9s que mostraron los integrantes del sector magisterial, durante el desarrollo de los foros que organiz\u00f3 el Congreso del Estado, pues afortunadamente se pudieron escuchar y conocer las inquietudes que se tienen para mejorar la calidad de la educaci\u00f3n en el pa\u00eds.<\/p>\n<p style=\"text-align: justify;\">\n<p style=\"text-align: justify;\">La diputada Consuelo Carmona Salas, se\u00f1al\u00f3 que dentro de las ponencias que se presentaron durante este foro que se llev\u00f3 a cabo en el municipio de Matehuala, se destac\u00f3 la importancia de impulsar el Programa Nacional de Ingles contemplando que se genere una mayor certeza para los maestros que imparten esta clase en virtud de que en la actualidad se encuentran en una total indefensi\u00f3n ante la falta de basificaciones, pagos justos y el reconocimiento dentro del sistema educativo oficial.<\/p>\n<p style=\"text-align: justify;\">\n<p style=\"text-align: justify;\">Otro de los puntos importantes que se pudieron destacar durante el desarrollo del foro de la reforma educativa, es lo referente al impuso de los telebachilleres a nivel nacional, as\u00ed como el apoyo t\u00e9cnico pedag\u00f3gico, el reconocimiento de la figura de sub directores en el \u00e1rea de gesti\u00f3n y acad\u00e9mica, as\u00ed como el equipamiento integral de las aulas rurales, pues \u201cdesgraciadamente existe una falta de equidad en la distribuci\u00f3n del presupuesto y ello, impacta directamente en la calidad que se brinda a la ni\u00f1ez y los j\u00f3venes de nuestro pa\u00eds\u201d, agreg\u00f3.<\/p>\n<p style=\"text-align: justify;\">\n<p style=\"text-align: justify;\">Los temas que fueron abordados durante las ponencias correspondieron a la Ley del Sistema Nacional de Mejora Continua de la Educaci\u00f3n, Iniciativa con proyecto de decreto por el cual se otorgue basificaci\u00f3n a los maestros impartidores del Ingl\u00e9s, propuesta en acci\u00f3n a la restructuraci\u00f3n de las leyes secundarias de los art\u00edculos 3 de la Constituci\u00f3n Pol\u00edtica de los Estados Unidos Mexicanos, Ley General del Sistema para la Carrera de las maestras y maestros, basificaci\u00f3n a maestros de telebachilleres entre otros temas.<\/p>\n<p style=\"text-align: justify;\">\n<p style=\"text-align: justify;\">Al evento acudieron, la presidenta de la Comisi\u00f3n de Educaci\u00f3n, Cultura, Ciencia y Tecnolog\u00eda de la LXII Legislatura, diputada Mar\u00eda del Consuelo Carmona Salas, as\u00ed como Juan Carlos Ventura en representaci\u00f3n de la Secretaria de Educaci\u00f3n del Gobierno del Estado, Ely Cervantes Rojas en representaci\u00f3n del Senador Primo Dothe.<\/p>\n","protected":false},"excerpt":{"rendered":"<p>SLP.- A pesar de las adversidades, las resistencias y la problem\u00e1tica que se vive en el sector educativo, M\u00e9xico puede ser un referente a nivel internacional si se alcanzan los retos de mejorar la calidad que se brinda en nuestro pa\u00eds, se\u00f1al\u00f3 la presidenta de la Comisi\u00f3n de Educaci\u00f3n, Cultura, Ciencia y Tecnolog\u00eda de la [&hellip;]<\/p>\n","protected":false},"author":2,"featured_media":31485,"comment_status":"open","ping_status":"closed","sticky":false,"template":"","format":"standard","meta":{"footnotes":""},"categories":[17],"tags":[],"class_list":["post-31484","post","type-post","status-publish","format-standard","has-post-thumbnail","hentry","category-localesyregionales"],"yoast_head":"<!-- This site is optimized with the Yoast SEO plugin v27.5 - https:\/\/yoast.com\/product\/yoast-seo-wordpress\/ -->\n<title>Propuestas para enriquecer las leyes secundarias en materia educativa - Canal 7 SLP - 2019<\/title>\n<meta name=\"robots\" content=\"index, follow, max-snippet:-1, max-image-preview:large, max-video-preview:-1\" \/>\n<link rel=\"canonical\" href=\"https:\/\/canal7slp.tv\/2019\/propuestas-para-enriquecer-las-leyes-secundarias-en-materia-educativa\/\" \/>\n<meta property=\"og:locale\" content=\"es_ES\" \/>\n<meta property=\"og:type\" content=\"article\" \/>\n<meta property=\"og:title\" content=\"Propuestas para enriquecer las leyes secundarias en materia educativa - Canal 7 SLP - 2019\" \/>\n<meta property=\"og:description\" content=\"SLP.- A pesar de las adversidades, las resistencias y la problem\u00e1tica que se vive en el sector educativo, M\u00e9xico puede ser un referente a nivel internacional si se alcanzan los retos de mejorar la calidad que se brinda en nuestro pa\u00eds, se\u00f1al\u00f3 la presidenta de la Comisi\u00f3n de Educaci\u00f3n, Cultura, Ciencia y Tecnolog\u00eda de la [&hellip;]\" \/>\n<meta property=\"og:url\" content=\"https:\/\/canal7slp.tv\/2019\/propuestas-para-enriquecer-las-leyes-secundarias-en-materia-educativa\/\" \/>\n<meta property=\"og:site_name\" content=\"Canal 7 SLP - 2019\" \/>\n<meta property=\"article:publisher\" content=\"https:\/\/www.facebook.com\/CANAL7SLP\/\" \/>\n<meta property=\"article:published_time\" content=\"2019-07-11T23:13:48+00:00\" \/>\n<meta property=\"og:image\" content=\"https:\/\/canal7slp.tv\/2019\/wp-content\/uploads\/2019\/07\/c1-8.jpg\" \/>\n\t<meta property=\"og:image:width\" content=\"936\" \/>\n\t<meta property=\"og:image:height\" content=\"648\" \/>\n\t<meta property=\"og:image:type\" content=\"image\/jpeg\" \/>\n<meta name=\"author\" content=\"edicionweb\" \/>\n<meta name=\"twitter:card\" content=\"summary_large_image\" \/>\n<meta name=\"twitter:creator\" content=\"@canal7_slp\" \/>\n<meta name=\"twitter:site\" content=\"@canal7_slp\" \/>\n<meta name=\"twitter:label1\" content=\"Escrito por\" \/>\n\t<meta name=\"twitter:data1\" content=\"edicionweb\" \/>\n\t<meta name=\"twitter:label2\" content=\"Tiempo de lectura\" \/>\n\t<meta name=\"twitter:data2\" content=\"3 minutos\" \/>\n<script type=\"application\/ld+json\" class=\"yoast-schema-graph\">{\"@context\":\"https:\\\/\\\/schema.org\",\"@graph\":[{\"@type\":\"Article\",\"@id\":\"https:\\\/\\\/canal7slp.tv\\\/2019\\\/propuestas-para-enriquecer-las-leyes-secundarias-en-materia-educativa\\\/#article\",\"isPartOf\":{\"@id\":\"https:\\\/\\\/canal7slp.tv\\\/2019\\\/propuestas-para-enriquecer-las-leyes-secundarias-en-materia-educativa\\\/\"},\"author\":{\"name\":\"edicionweb\",\"@id\":\"https:\\\/\\\/canal7slp.tv\\\/2019\\\/#\\\/schema\\\/person\\\/11d941c1c6ca30ac0a46b95fa37aa2e3\"},\"headline\":\"Propuestas para enriquecer las leyes secundarias en materia educativa\",\"datePublished\":\"2019-07-11T23:13:48+00:00\",\"mainEntityOfPage\":{\"@id\":\"https:\\\/\\\/canal7slp.tv\\\/2019\\\/propuestas-para-enriquecer-las-leyes-secundarias-en-materia-educativa\\\/\"},\"wordCount\":691,\"commentCount\":0,\"publisher\":{\"@id\":\"https:\\\/\\\/canal7slp.tv\\\/2019\\\/#organization\"},\"image\":{\"@id\":\"https:\\\/\\\/canal7slp.tv\\\/2019\\\/propuestas-para-enriquecer-las-leyes-secundarias-en-materia-educativa\\\/#primaryimage\"},\"thumbnailUrl\":\"https:\\\/\\\/canal7slp.tv\\\/2019\\\/wp-content\\\/uploads\\\/2019\\\/07\\\/c1-8.jpg\",\"articleSection\":[\"LOCALES Y REGIONALES\"],\"inLanguage\":\"es\",\"potentialAction\":[{\"@type\":\"CommentAction\",\"name\":\"Comment\",\"target\":[\"https:\\\/\\\/canal7slp.tv\\\/2019\\\/propuestas-para-enriquecer-las-leyes-secundarias-en-materia-educativa\\\/#respond\"]}]},{\"@type\":\"WebPage\",\"@id\":\"https:\\\/\\\/canal7slp.tv\\\/2019\\\/propuestas-para-enriquecer-las-leyes-secundarias-en-materia-educativa\\\/\",\"url\":\"https:\\\/\\\/canal7slp.tv\\\/2019\\\/propuestas-para-enriquecer-las-leyes-secundarias-en-materia-educativa\\\/\",\"name\":\"Propuestas para enriquecer las leyes secundarias en materia educativa - Canal 7 SLP - 2019\",\"isPartOf\":{\"@id\":\"https:\\\/\\\/canal7slp.tv\\\/2019\\\/#website\"},\"primaryImageOfPage\":{\"@id\":\"https:\\\/\\\/canal7slp.tv\\\/2019\\\/propuestas-para-enriquecer-las-leyes-secundarias-en-materia-educativa\\\/#primaryimage\"},\"image\":{\"@id\":\"https:\\\/\\\/canal7slp.tv\\\/2019\\\/propuestas-para-enriquecer-las-leyes-secundarias-en-materia-educativa\\\/#primaryimage\"},\"thumbnailUrl\":\"https:\\\/\\\/canal7slp.tv\\\/2019\\\/wp-content\\\/uploads\\\/2019\\\/07\\\/c1-8.jpg\",\"datePublished\":\"2019-07-11T23:13:48+00:00\",\"breadcrumb\":{\"@id\":\"https:\\\/\\\/canal7slp.tv\\\/2019\\\/propuestas-para-enriquecer-las-leyes-secundarias-en-materia-educativa\\\/#breadcrumb\"},\"inLanguage\":\"es\",\"potentialAction\":[{\"@type\":\"ReadAction\",\"target\":[\"https:\\\/\\\/canal7slp.tv\\\/2019\\\/propuestas-para-enriquecer-las-leyes-secundarias-en-materia-educativa\\\/\"]}]},{\"@type\":\"ImageObject\",\"inLanguage\":\"es\",\"@id\":\"https:\\\/\\\/canal7slp.tv\\\/2019\\\/propuestas-para-enriquecer-las-leyes-secundarias-en-materia-educativa\\\/#primaryimage\",\"url\":\"https:\\\/\\\/canal7slp.tv\\\/2019\\\/wp-content\\\/uploads\\\/2019\\\/07\\\/c1-8.jpg\",\"contentUrl\":\"https:\\\/\\\/canal7slp.tv\\\/2019\\\/wp-content\\\/uploads\\\/2019\\\/07\\\/c1-8.jpg\",\"width\":936,\"height\":648},{\"@type\":\"BreadcrumbList\",\"@id\":\"https:\\\/\\\/canal7slp.tv\\\/2019\\\/propuestas-para-enriquecer-las-leyes-secundarias-en-materia-educativa\\\/#breadcrumb\",\"itemListElement\":[{\"@type\":\"ListItem\",\"position\":1,\"name\":\"Home\",\"item\":\"https:\\\/\\\/canal7slp.tv\\\/2019\\\/\"},{\"@type\":\"ListItem\",\"position\":2,\"name\":\"Propuestas para enriquecer las leyes secundarias en materia educativa\"}]},{\"@type\":\"WebSite\",\"@id\":\"https:\\\/\\\/canal7slp.tv\\\/2019\\\/#website\",\"url\":\"https:\\\/\\\/canal7slp.tv\\\/2019\\\/\",\"name\":\"Canal 7 SLP - Somos TV\",\"description\":\"Somos un Canal de 10\",\"publisher\":{\"@id\":\"https:\\\/\\\/canal7slp.tv\\\/2019\\\/#organization\"},\"potentialAction\":[{\"@type\":\"SearchAction\",\"target\":{\"@type\":\"EntryPoint\",\"urlTemplate\":\"https:\\\/\\\/canal7slp.tv\\\/2019\\\/?s={search_term_string}\"},\"query-input\":{\"@type\":\"PropertyValueSpecification\",\"valueRequired\":true,\"valueName\":\"search_term_string\"}}],\"inLanguage\":\"es\"},{\"@type\":\"Organization\",\"@id\":\"https:\\\/\\\/canal7slp.tv\\\/2019\\\/#organization\",\"name\":\"Comunicaci\u00f3n 2000 S.A. de C.V.\",\"url\":\"https:\\\/\\\/canal7slp.tv\\\/2019\\\/\",\"logo\":{\"@type\":\"ImageObject\",\"inLanguage\":\"es\",\"@id\":\"https:\\\/\\\/canal7slp.tv\\\/2019\\\/#\\\/schema\\\/logo\\\/image\\\/\",\"url\":\"https:\\\/\\\/canal7slp.tv\\\/2019\\\/wp-content\\\/uploads\\\/2019\\\/07\\\/logo-c7.png\",\"contentUrl\":\"https:\\\/\\\/canal7slp.tv\\\/2019\\\/wp-content\\\/uploads\\\/2019\\\/07\\\/logo-c7.png\",\"width\":220,\"height\":60,\"caption\":\"Comunicaci\u00f3n 2000 S.A. de C.V.\"},\"image\":{\"@id\":\"https:\\\/\\\/canal7slp.tv\\\/2019\\\/#\\\/schema\\\/logo\\\/image\\\/\"},\"sameAs\":[\"https:\\\/\\\/www.facebook.com\\\/CANAL7SLP\\\/\",\"https:\\\/\\\/x.com\\\/canal7_slp\",\"https:\\\/\\\/www.instagram.com\\\/canal7_slp\",\"https:\\\/\\\/www.youtube.com\\\/user\\\/NOTICIEROSCANAL7SLP\\\/\"]},{\"@type\":\"Person\",\"@id\":\"https:\\\/\\\/canal7slp.tv\\\/2019\\\/#\\\/schema\\\/person\\\/11d941c1c6ca30ac0a46b95fa37aa2e3\",\"name\":\"edicionweb\",\"image\":{\"@type\":\"ImageObject\",\"inLanguage\":\"es\",\"@id\":\"https:\\\/\\\/secure.gravatar.com\\\/avatar\\\/eee448fc3f7164808013b816ba91ac7e43bbe82a70bebac296f8bc6f0addaa1a?s=96&d=mm&r=g\",\"url\":\"https:\\\/\\\/secure.gravatar.com\\\/avatar\\\/eee448fc3f7164808013b816ba91ac7e43bbe82a70bebac296f8bc6f0addaa1a?s=96&d=mm&r=g\",\"contentUrl\":\"https:\\\/\\\/secure.gravatar.com\\\/avatar\\\/eee448fc3f7164808013b816ba91ac7e43bbe82a70bebac296f8bc6f0addaa1a?s=96&d=mm&r=g\",\"caption\":\"edicionweb\"}}]}<\/script>\n<!-- \/ Yoast SEO plugin. -->","yoast_head_json":{"title":"Propuestas para enriquecer las leyes secundarias en materia educativa - Canal 7 SLP - 2019","robots":{"index":"index","follow":"follow","max-snippet":"max-snippet:-1","max-image-preview":"max-image-preview:large","max-video-preview":"max-video-preview:-1"},"canonical":"https:\/\/canal7slp.tv\/2019\/propuestas-para-enriquecer-las-leyes-secundarias-en-materia-educativa\/","og_locale":"es_ES","og_type":"article","og_title":"Propuestas para enriquecer las leyes secundarias en materia educativa - Canal 7 SLP - 2019","og_description":"SLP.- A pesar de las adversidades, las resistencias y la problem\u00e1tica que se vive en el sector educativo, M\u00e9xico puede ser un referente a nivel internacional si se alcanzan los retos de mejorar la calidad que se brinda en nuestro pa\u00eds, se\u00f1al\u00f3 la presidenta de la Comisi\u00f3n de Educaci\u00f3n, Cultura, Ciencia y Tecnolog\u00eda de la [&hellip;]","og_url":"https:\/\/canal7slp.tv\/2019\/propuestas-para-enriquecer-las-leyes-secundarias-en-materia-educativa\/","og_site_name":"Canal 7 SLP - 2019","article_publisher":"https:\/\/www.facebook.com\/CANAL7SLP\/","article_published_time":"2019-07-11T23:13:48+00:00","og_image":[{"width":936,"height":648,"url":"https:\/\/canal7slp.tv\/2019\/wp-content\/uploads\/2019\/07\/c1-8.jpg","type":"image\/jpeg"}],"author":"edicionweb","twitter_card":"summary_large_image","twitter_creator":"@canal7_slp","twitter_site":"@canal7_slp","twitter_misc":{"Escrito por":"edicionweb","Tiempo de lectura":"3 minutos"},"schema":{"@context":"https:\/\/schema.org","@graph":[{"@type":"Article","@id":"https:\/\/canal7slp.tv\/2019\/propuestas-para-enriquecer-las-leyes-secundarias-en-materia-educativa\/#article","isPartOf":{"@id":"https:\/\/canal7slp.tv\/2019\/propuestas-para-enriquecer-las-leyes-secundarias-en-materia-educativa\/"},"author":{"name":"edicionweb","@id":"https:\/\/canal7slp.tv\/2019\/#\/schema\/person\/11d941c1c6ca30ac0a46b95fa37aa2e3"},"headline":"Propuestas para enriquecer las leyes secundarias en materia educativa","datePublished":"2019-07-11T23:13:48+00:00","mainEntityOfPage":{"@id":"https:\/\/canal7slp.tv\/2019\/propuestas-para-enriquecer-las-leyes-secundarias-en-materia-educativa\/"},"wordCount":691,"commentCount":0,"publisher":{"@id":"https:\/\/canal7slp.tv\/2019\/#organization"},"image":{"@id":"https:\/\/canal7slp.tv\/2019\/propuestas-para-enriquecer-las-leyes-secundarias-en-materia-educativa\/#primaryimage"},"thumbnailUrl":"https:\/\/canal7slp.tv\/2019\/wp-content\/uploads\/2019\/07\/c1-8.jpg","articleSection":["LOCALES Y REGIONALES"],"inLanguage":"es","potentialAction":[{"@type":"CommentAction","name":"Comment","target":["https:\/\/canal7slp.tv\/2019\/propuestas-para-enriquecer-las-leyes-secundarias-en-materia-educativa\/#respond"]}]},{"@type":"WebPage","@id":"https:\/\/canal7slp.tv\/2019\/propuestas-para-enriquecer-las-leyes-secundarias-en-materia-educativa\/","url":"https:\/\/canal7slp.tv\/2019\/propuestas-para-enriquecer-las-leyes-secundarias-en-materia-educativa\/","name":"Propuestas para enriquecer las leyes secundarias en materia educativa - Canal 7 SLP - 2019","isPartOf":{"@id":"https:\/\/canal7slp.tv\/2019\/#website"},"primaryImageOfPage":{"@id":"https:\/\/canal7slp.tv\/2019\/propuestas-para-enriquecer-las-leyes-secundarias-en-materia-educativa\/#primaryimage"},"image":{"@id":"https:\/\/canal7slp.tv\/2019\/propuestas-para-enriquecer-las-leyes-secundarias-en-materia-educativa\/#primaryimage"},"thumbnailUrl":"https:\/\/canal7slp.tv\/2019\/wp-content\/uploads\/2019\/07\/c1-8.jpg","datePublished":"2019-07-11T23:13:48+00:00","breadcrumb":{"@id":"https:\/\/canal7slp.tv\/2019\/propuestas-para-enriquecer-las-leyes-secundarias-en-materia-educativa\/#breadcrumb"},"inLanguage":"es","potentialAction":[{"@type":"ReadAction","target":["https:\/\/canal7slp.tv\/2019\/propuestas-para-enriquecer-las-leyes-secundarias-en-materia-educativa\/"]}]},{"@type":"ImageObject","inLanguage":"es","@id":"https:\/\/canal7slp.tv\/2019\/propuestas-para-enriquecer-las-leyes-secundarias-en-materia-educativa\/#primaryimage","url":"https:\/\/canal7slp.tv\/2019\/wp-content\/uploads\/2019\/07\/c1-8.jpg","contentUrl":"https:\/\/canal7slp.tv\/2019\/wp-content\/uploads\/2019\/07\/c1-8.jpg","width":936,"height":648},{"@type":"BreadcrumbList","@id":"https:\/\/canal7slp.tv\/2019\/propuestas-para-enriquecer-las-leyes-secundarias-en-materia-educativa\/#breadcrumb","itemListElement":[{"@type":"ListItem","position":1,"name":"Home","item":"https:\/\/canal7slp.tv\/2019\/"},{"@type":"ListItem","position":2,"name":"Propuestas para enriquecer las leyes secundarias en materia educativa"}]},{"@type":"WebSite","@id":"https:\/\/canal7slp.tv\/2019\/#website","url":"https:\/\/canal7slp.tv\/2019\/","name":"Canal 7 SLP - Somos TV","description":"Somos un Canal de 10","publisher":{"@id":"https:\/\/canal7slp.tv\/2019\/#organization"},"potentialAction":[{"@type":"SearchAction","target":{"@type":"EntryPoint","urlTemplate":"https:\/\/canal7slp.tv\/2019\/?s={search_term_string}"},"query-input":{"@type":"PropertyValueSpecification","valueRequired":true,"valueName":"search_term_string"}}],"inLanguage":"es"},{"@type":"Organization","@id":"https:\/\/canal7slp.tv\/2019\/#organization","name":"Comunicaci\u00f3n 2000 S.A. de C.V.","url":"https:\/\/canal7slp.tv\/2019\/","logo":{"@type":"ImageObject","inLanguage":"es","@id":"https:\/\/canal7slp.tv\/2019\/#\/schema\/logo\/image\/","url":"https:\/\/canal7slp.tv\/2019\/wp-content\/uploads\/2019\/07\/logo-c7.png","contentUrl":"https:\/\/canal7slp.tv\/2019\/wp-content\/uploads\/2019\/07\/logo-c7.png","width":220,"height":60,"caption":"Comunicaci\u00f3n 2000 S.A. de C.V."},"image":{"@id":"https:\/\/canal7slp.tv\/2019\/#\/schema\/logo\/image\/"},"sameAs":["https:\/\/www.facebook.com\/CANAL7SLP\/","https:\/\/x.com\/canal7_slp","https:\/\/www.instagram.com\/canal7_slp","https:\/\/www.youtube.com\/user\/NOTICIEROSCANAL7SLP\/"]},{"@type":"Person","@id":"https:\/\/canal7slp.tv\/2019\/#\/schema\/person\/11d941c1c6ca30ac0a46b95fa37aa2e3","name":"edicionweb","image":{"@type":"ImageObject","inLanguage":"es","@id":"https:\/\/secure.gravatar.com\/avatar\/eee448fc3f7164808013b816ba91ac7e43bbe82a70bebac296f8bc6f0addaa1a?s=96&d=mm&r=g","url":"https:\/\/secure.gravatar.com\/avatar\/eee448fc3f7164808013b816ba91ac7e43bbe82a70bebac296f8bc6f0addaa1a?s=96&d=mm&r=g","contentUrl":"https:\/\/secure.gravatar.com\/avatar\/eee448fc3f7164808013b816ba91ac7e43bbe82a70bebac296f8bc6f0addaa1a?s=96&d=mm&r=g","caption":"edicionweb"}}]}},"amp_enabled":true,"cmb2":{"video_ids_in_playlist":{"vid_p_videos":""},"video_ids_in_channel":{"vid_c_videos":""},"playlist_ids_in_channel":{"vid_c_playlists":""},"series_ids_in_channel":{"vid_c_series":""},"channel_images":{"vid_c_logo":"","vid_c_banner":""},"poster_feature_image":{"vid_m_poster_image":""},"gif_feature_image":{"vid_m_gif_image":""},"video_movie_settings":{"vid_m_director":"","vid_m_actor":"","vid_m_imdb_ratings":"","vid_m_amazon_associates":""},"vid_youtube_broadcasts_settings":{"vid_yb_broadcast_title":"","vid_yb_q":"","vid_yb_channelid":"","vid_yb_videocategoryid":"","vid_yb_maxresults":"","vid_yb_order":"","vid_yb_regioncode":"","vid_yb_videosyndicated":"","vid_yb_style":"","vid_yb_reload_first":""},"video_series_settings":{"vid_m_director":"","vid_m_actor":"","vid_m_imdb_ratings":"","video_series_group":""},"amazon_associates_settings":{"amazon_associates":"","amazon_native_ad":""},"vid_youtube_automatic_settings":{"vid_ya_youtube_source":"","vid_ya_update_every":"","vid_ya_update_unit":"","vid_ya_categories":"","vid_ya_published_after":"","vid_ya_published_before":"","vid_ya_playlists":"","vid_ya_channels":"","vid_ya_director":"","vid_ya_actor":"","vid_ya_author":"","vid_ya_import_post_date":"","vid_ya_status":"","vid_ya_sub_api_key":""},"vid_ads_m_videoads_settings_post":{"vid_ads_m_video_ads":"","vid_ads_m_video_ads_type":"","vid_ads_m_group_google_ima":"","vid_ads_m_group_image":"","vid_ads_m_group_html5_video":"","vid_ads_m_group_html":"","vid_ads_m_vast_preroll":"","vid_ads_m_vast_postroll":"","vid_ads_m_vast_pauseroll":"","vid_ads_m_vast_midroll":[{"vid_ads_m_vast_timer_seconds":"50"}],"vid_ads_m_time_to_show_ads":"","vid_ads_m_time_skip_ads":"","vid_ads_m_time_to_hide_ads":""},"page_slider_settings":{"display_slider_group":"","page_slider_group":""},"blog_page_settings":{"blog_page_title":"","blog_page_heading":"","blog_page_ic":"","blog_page_it":"","blog_page_ec":"","blog_page_ip":"","archive_loop_style":"","blog_image_ratio":"","blog_show_categories":"","blog_show_excerpt":"","blog_show_author":"","blog_show_date":"","blog_show_comment_count":"","blog_show_view_count":"","blog_show_like_count":"","blog_show_dislike_count":"","blog_items_per_page":"","blog_pag_type":""},"page_options":{"get_page_template":"","color_mode":"","main_layout":"","main_layout_full_with":"","main_logo":"","main_logo_retina":"","main_logo_mobile":"","main_logo_mobile_retina":"","sticky_logo":"","sticky_logo_retina":"","main_nav_layout":"","ajax_search":"","header_background":"","theme_sidebar":"","instagram_feed":"","instagram_feed_position":"","popular_videos":"","popular_videos_title_1":"","popular_videos_title_2":"","popular_videos_ic":"","popular_videos_it":"","theme_background":"","page_custom_css":""},"feature_image_settings":{"feature_image_position":""},"video_player_settings":{"single_video_style":"","video_player_position":"","vm_video_url":"","video_player_library":"","video_streaming":"","vm_media_sources":"","vid_auto_play":"","vm_video_shortcode":"","vid_p_sync_playlist":"","vid_c_sync_channel":"","get_post_format":"","multiple_links_structure":"default","multi_links_title":"","vm_video_multi_links":"","vm_duration":"","vid_social_locker":"off","vid_social_locker_id":"","vid_membership_action":"content-video","vm_video_trailer_url":"","vid_download_type":"free","vid_download_target":"download","vid_woo_product":"","vm_media_download":"","user_rating":"","user_rating_position":"","user_rating_mode":"","user_rating_multi_sets":""},"video_auto_fetch_settings":{"vm_video_fetch":"on"},"video_fake_views_likes":{"vm_fake_views":"","vm_fake_likes":"","vm_fake_dislikes":""},"gallery_settings":{"gallery_position":""},"quote_settings":{"quote_position":""},"post_options":{"main_layout":"","main_logo":"","main_logo_retina":"","main_logo_mobile":"","main_logo_mobile_retina":"","sticky_logo":"","sticky_logo_retina":"","main_nav_layout":"","header_background":"","theme_sidebar":"","single_post_comment_type":"","theme_background":""}},"_links":{"self":[{"href":"https:\/\/canal7slp.tv\/2019\/wp-json\/wp\/v2\/posts\/31484","targetHints":{"allow":["GET"]}}],"collection":[{"href":"https:\/\/canal7slp.tv\/2019\/wp-json\/wp\/v2\/posts"}],"about":[{"href":"https:\/\/canal7slp.tv\/2019\/wp-json\/wp\/v2\/types\/post"}],"author":[{"embeddable":true,"href":"https:\/\/canal7slp.tv\/2019\/wp-json\/wp\/v2\/users\/2"}],"replies":[{"embeddable":true,"href":"https:\/\/canal7slp.tv\/2019\/wp-json\/wp\/v2\/comments?post=31484"}],"version-history":[{"count":0,"href":"https:\/\/canal7slp.tv\/2019\/wp-json\/wp\/v2\/posts\/31484\/revisions"}],"wp:featuredmedia":[{"embeddable":true,"href":"https:\/\/canal7slp.tv\/2019\/wp-json\/wp\/v2\/media\/31485"}],"wp:attachment":[{"href":"https:\/\/canal7slp.tv\/2019\/wp-json\/wp\/v2\/media?parent=31484"}],"wp:term":[{"taxonomy":"category","embeddable":true,"href":"https:\/\/canal7slp.tv\/2019\/wp-json\/wp\/v2\/categories?post=31484"},{"taxonomy":"post_tag","embeddable":true,"href":"https:\/\/canal7slp.tv\/2019\/wp-json\/wp\/v2\/tags?post=31484"}],"curies":[{"name":"wp","href":"https:\/\/api.w.org\/{rel}","templated":true}]}}