{"id":31151,"date":"2019-07-10T19:31:12","date_gmt":"2019-07-11T00:31:12","guid":{"rendered":"https:\/\/canal7slp.tv\/2019\/?p=31151"},"modified":"2019-07-10T19:31:12","modified_gmt":"2019-07-11T00:31:12","slug":"aumenta-esperanza-de-vida-para-las-y-los-potosinos-coespo","status":"publish","type":"post","link":"https:\/\/canal7slp.tv\/2019\/aumenta-esperanza-de-vida-para-las-y-los-potosinos-coespo\/","title":{"rendered":"Aumenta esperanza de vida para las y los potosinos: COESPO"},"content":{"rendered":"<p style=\"text-align: justify;\">\u2022 El 11 de junio se conmemora el D\u00eda Mundial de la Poblaci\u00f3n.<\/p>\n<p style=\"text-align: justify;\">\n\u2022 El n\u00famero de habitantes llegar\u00e1 a 3 millones al 2030.<\/p>\n<p style=\"text-align: justify;\">\n\u2022 La pir\u00e1mide poblacional se est\u00e1 invirtiendo, habr\u00e1 menos nacimientos y m\u00e1s personas adultas mayores.<\/p>\n<p style=\"text-align: justify;\">SLP.-En el marco del D\u00eda Mundial de la Poblaci\u00f3n que se celebra este 11 de julio, el secretario t\u00e9cnico del Consejo Estatal de Poblaci\u00f3n (COESPO), Cuauht\u00e9moc Modesto L\u00f3pez, inform\u00f3 que la esperanza de vida ha incrementado desde 1990, cuando de 70.1 a\u00f1os en San Luis Potos\u00ed a 74.8 a\u00f1os, actualmente, continuar\u00e1 con esta din\u00e1mica ascendente debido a los avances en la medicina y programas de salud.<\/p>\n<p style=\"text-align: justify;\">En rueda de prensa en Palacio de Gobierno, y de acuerdo con datos del Consejo Nacional de Poblaci\u00f3n, el funcionario estatal indic\u00f3 que, a finales del a\u00f1o, se estima una poblaci\u00f3n de 2 millones 845 mil 959 de habitantes, de las cuales el 51.2 ser\u00e1n mujeres y 48.8 hombres, y para el 2030, la poblaci\u00f3n estar\u00eda llegando a 3 millones.<\/p>\n<p style=\"text-align: justify;\">Puntualiz\u00f3 que el grupo de poblaci\u00f3n que presenta las mayores tasas de crecimiento es el de las personas adultas, que en 2019 ser\u00e1 de 11.7 por ciento y para el 2030, llegar\u00e1 al 15 por ciento; mientras que la poblaci\u00f3n de ni\u00f1os y ni\u00f1as de 0 a 11 a\u00f1os, llegar\u00e1 a 21.2 por ciento del total de habitantes, la juventud de 12 a 29 a\u00f1os, representar\u00e1 el 31.5 por ciento, y las personas adultas ser\u00e1n el 35.7 por ciento.<\/p>\n<p style=\"text-align: justify;\">Explic\u00f3 que la pir\u00e1mide poblacional est\u00e1 revirti\u00e9ndose, es decir, habr\u00e1 menos nacimientos y el n\u00famero de adultas mayores crecer\u00e1, lo anterior representa un reto de pol\u00edtica p\u00fablica en materia de salud, vivienda, alimentaci\u00f3n, prevenci\u00f3n y pensiones.<\/p>\n<p style=\"text-align: justify;\">Modesto L\u00f3pez hizo hincapi\u00e9 en que, a 25 a\u00f1os de la Conferencia Internacional sobre la Poblaci\u00f3n y el Desarrollo en El Cairo, Egipto, se puede celebrar el hecho de que m\u00e1s mujeres tienen el poder de decidir sobre el embarazo, cu\u00e1ndo y con qu\u00e9 frecuencia, as\u00ed como la reducci\u00f3n significativa de las que mueren durante el parto.<\/p>\n<p style=\"text-align: justify;\">Afirm\u00f3 que el gobierno promueve un desarrollo al servicio de las personas y el ejercicio de sus derechos, y ha dado instrucciones a las instituciones para que sean garantes de los derechos, sin que nadie se quede atr\u00e1s.<\/p>\n<p style=\"text-align: justify;\">En lo que se refiere al promedio de hijos o hijas por mujer, dijo que en 2019 se estima en 2.1, mientras que la Encuesta Nacional de la Din\u00e1mica Demogr\u00e1fica (ENADID) del INEGI, fij\u00f3 el porcentaje de mujeres en edad f\u00e9rtil unidas que usan m\u00e9todos anticonceptivos para San Luis Potos\u00ed, en 2018, en 71.8; mientras que, seg\u00fan su lugar de residencia, en 70.0 en comunidad rural y 73.0 en comunidad urbana.<\/p>\n<p style=\"text-align: justify;\">Asimismo, registr\u00f3 durante 2018, la necesidad insatisfecha de m\u00e9todos anticonceptivos de mujeres en edad f\u00e9rtil unidas, en 10.3 y una tasa global de fecundidad de 2.18, es decir, que, en promedio, cada mujer tendr\u00e1 2.18 hijos o hijas.<\/p>\n<p style=\"text-align: justify;\">Para finalizar, dijo que hace 25 a\u00f1os los gobiernos de 179 pa\u00edses reconocieron que la salud reproductiva y la igualdad de g\u00e9nero son esenciales para lograr un desarrollo sostenible, por lo que uno de los logros de la pol\u00edtica de poblaci\u00f3n es el derecho reproductivo.<\/p>\n","protected":false},"excerpt":{"rendered":"<p>\u2022 El 11 de junio se conmemora el D\u00eda Mundial de la Poblaci\u00f3n. \u2022 El n\u00famero de habitantes llegar\u00e1 a 3 millones al 2030. \u2022 La pir\u00e1mide poblacional se est\u00e1 invirtiendo, habr\u00e1 menos nacimientos y m\u00e1s personas adultas mayores. SLP.-En el marco del D\u00eda Mundial de la Poblaci\u00f3n que se celebra este 11 de julio, [&hellip;]<\/p>\n","protected":false},"author":2,"featured_media":31152,"comment_status":"open","ping_status":"closed","sticky":false,"template":"","format":"standard","meta":{"footnotes":""},"categories":[17],"tags":[],"class_list":["post-31151","post","type-post","status-publish","format-standard","has-post-thumbnail","hentry","category-localesyregionales"],"yoast_head":"<!-- This site is optimized with the Yoast SEO plugin v27.5 - https:\/\/yoast.com\/product\/yoast-seo-wordpress\/ -->\n<title>Aumenta esperanza de vida para las y los potosinos: COESPO - Canal 7 SLP - 2019<\/title>\n<meta name=\"robots\" content=\"index, follow, max-snippet:-1, max-image-preview:large, max-video-preview:-1\" \/>\n<link rel=\"canonical\" href=\"https:\/\/canal7slp.tv\/2019\/aumenta-esperanza-de-vida-para-las-y-los-potosinos-coespo\/\" \/>\n<meta property=\"og:locale\" content=\"es_ES\" \/>\n<meta property=\"og:type\" content=\"article\" \/>\n<meta property=\"og:title\" content=\"Aumenta esperanza de vida para las y los potosinos: COESPO - Canal 7 SLP - 2019\" \/>\n<meta property=\"og:description\" content=\"\u2022 El 11 de junio se conmemora el D\u00eda Mundial de la Poblaci\u00f3n. \u2022 El n\u00famero de habitantes llegar\u00e1 a 3 millones al 2030. \u2022 La pir\u00e1mide poblacional se est\u00e1 invirtiendo, habr\u00e1 menos nacimientos y m\u00e1s personas adultas mayores. SLP.-En el marco del D\u00eda Mundial de la Poblaci\u00f3n que se celebra este 11 de julio, [&hellip;]\" \/>\n<meta property=\"og:url\" content=\"https:\/\/canal7slp.tv\/2019\/aumenta-esperanza-de-vida-para-las-y-los-potosinos-coespo\/\" \/>\n<meta property=\"og:site_name\" content=\"Canal 7 SLP - 2019\" \/>\n<meta property=\"article:publisher\" content=\"https:\/\/www.facebook.com\/CANAL7SLP\/\" \/>\n<meta property=\"article:published_time\" content=\"2019-07-11T00:31:12+00:00\" \/>\n<meta property=\"og:image\" content=\"https:\/\/canal7slp.tv\/2019\/wp-content\/uploads\/2019\/07\/gob5-5.jpg\" \/>\n\t<meta property=\"og:image:width\" content=\"657\" \/>\n\t<meta property=\"og:image:height\" content=\"410\" \/>\n\t<meta property=\"og:image:type\" content=\"image\/jpeg\" \/>\n<meta name=\"author\" content=\"edicionweb\" \/>\n<meta name=\"twitter:card\" content=\"summary_large_image\" \/>\n<meta name=\"twitter:creator\" content=\"@canal7_slp\" \/>\n<meta name=\"twitter:site\" content=\"@canal7_slp\" \/>\n<meta name=\"twitter:label1\" content=\"Escrito por\" \/>\n\t<meta name=\"twitter:data1\" content=\"edicionweb\" \/>\n\t<meta name=\"twitter:label2\" content=\"Tiempo de lectura\" \/>\n\t<meta name=\"twitter:data2\" content=\"3 minutos\" \/>\n<script type=\"application\/ld+json\" class=\"yoast-schema-graph\">{\"@context\":\"https:\\\/\\\/schema.org\",\"@graph\":[{\"@type\":\"Article\",\"@id\":\"https:\\\/\\\/canal7slp.tv\\\/2019\\\/aumenta-esperanza-de-vida-para-las-y-los-potosinos-coespo\\\/#article\",\"isPartOf\":{\"@id\":\"https:\\\/\\\/canal7slp.tv\\\/2019\\\/aumenta-esperanza-de-vida-para-las-y-los-potosinos-coespo\\\/\"},\"author\":{\"name\":\"edicionweb\",\"@id\":\"https:\\\/\\\/canal7slp.tv\\\/2019\\\/#\\\/schema\\\/person\\\/11d941c1c6ca30ac0a46b95fa37aa2e3\"},\"headline\":\"Aumenta esperanza de vida para las y los potosinos: COESPO\",\"datePublished\":\"2019-07-11T00:31:12+00:00\",\"mainEntityOfPage\":{\"@id\":\"https:\\\/\\\/canal7slp.tv\\\/2019\\\/aumenta-esperanza-de-vida-para-las-y-los-potosinos-coespo\\\/\"},\"wordCount\":552,\"commentCount\":0,\"publisher\":{\"@id\":\"https:\\\/\\\/canal7slp.tv\\\/2019\\\/#organization\"},\"image\":{\"@id\":\"https:\\\/\\\/canal7slp.tv\\\/2019\\\/aumenta-esperanza-de-vida-para-las-y-los-potosinos-coespo\\\/#primaryimage\"},\"thumbnailUrl\":\"https:\\\/\\\/canal7slp.tv\\\/2019\\\/wp-content\\\/uploads\\\/2019\\\/07\\\/gob5-5.jpg\",\"articleSection\":[\"LOCALES Y REGIONALES\"],\"inLanguage\":\"es\",\"potentialAction\":[{\"@type\":\"CommentAction\",\"name\":\"Comment\",\"target\":[\"https:\\\/\\\/canal7slp.tv\\\/2019\\\/aumenta-esperanza-de-vida-para-las-y-los-potosinos-coespo\\\/#respond\"]}]},{\"@type\":\"WebPage\",\"@id\":\"https:\\\/\\\/canal7slp.tv\\\/2019\\\/aumenta-esperanza-de-vida-para-las-y-los-potosinos-coespo\\\/\",\"url\":\"https:\\\/\\\/canal7slp.tv\\\/2019\\\/aumenta-esperanza-de-vida-para-las-y-los-potosinos-coespo\\\/\",\"name\":\"Aumenta esperanza de vida para las y los potosinos: COESPO - Canal 7 SLP - 2019\",\"isPartOf\":{\"@id\":\"https:\\\/\\\/canal7slp.tv\\\/2019\\\/#website\"},\"primaryImageOfPage\":{\"@id\":\"https:\\\/\\\/canal7slp.tv\\\/2019\\\/aumenta-esperanza-de-vida-para-las-y-los-potosinos-coespo\\\/#primaryimage\"},\"image\":{\"@id\":\"https:\\\/\\\/canal7slp.tv\\\/2019\\\/aumenta-esperanza-de-vida-para-las-y-los-potosinos-coespo\\\/#primaryimage\"},\"thumbnailUrl\":\"https:\\\/\\\/canal7slp.tv\\\/2019\\\/wp-content\\\/uploads\\\/2019\\\/07\\\/gob5-5.jpg\",\"datePublished\":\"2019-07-11T00:31:12+00:00\",\"breadcrumb\":{\"@id\":\"https:\\\/\\\/canal7slp.tv\\\/2019\\\/aumenta-esperanza-de-vida-para-las-y-los-potosinos-coespo\\\/#breadcrumb\"},\"inLanguage\":\"es\",\"potentialAction\":[{\"@type\":\"ReadAction\",\"target\":[\"https:\\\/\\\/canal7slp.tv\\\/2019\\\/aumenta-esperanza-de-vida-para-las-y-los-potosinos-coespo\\\/\"]}]},{\"@type\":\"ImageObject\",\"inLanguage\":\"es\",\"@id\":\"https:\\\/\\\/canal7slp.tv\\\/2019\\\/aumenta-esperanza-de-vida-para-las-y-los-potosinos-coespo\\\/#primaryimage\",\"url\":\"https:\\\/\\\/canal7slp.tv\\\/2019\\\/wp-content\\\/uploads\\\/2019\\\/07\\\/gob5-5.jpg\",\"contentUrl\":\"https:\\\/\\\/canal7slp.tv\\\/2019\\\/wp-content\\\/uploads\\\/2019\\\/07\\\/gob5-5.jpg\",\"width\":657,\"height\":410},{\"@type\":\"BreadcrumbList\",\"@id\":\"https:\\\/\\\/canal7slp.tv\\\/2019\\\/aumenta-esperanza-de-vida-para-las-y-los-potosinos-coespo\\\/#breadcrumb\",\"itemListElement\":[{\"@type\":\"ListItem\",\"position\":1,\"name\":\"Home\",\"item\":\"https:\\\/\\\/canal7slp.tv\\\/2019\\\/\"},{\"@type\":\"ListItem\",\"position\":2,\"name\":\"Aumenta esperanza de vida para las y los potosinos: COESPO\"}]},{\"@type\":\"WebSite\",\"@id\":\"https:\\\/\\\/canal7slp.tv\\\/2019\\\/#website\",\"url\":\"https:\\\/\\\/canal7slp.tv\\\/2019\\\/\",\"name\":\"Canal 7 SLP - Somos TV\",\"description\":\"Somos un Canal de 10\",\"publisher\":{\"@id\":\"https:\\\/\\\/canal7slp.tv\\\/2019\\\/#organization\"},\"potentialAction\":[{\"@type\":\"SearchAction\",\"target\":{\"@type\":\"EntryPoint\",\"urlTemplate\":\"https:\\\/\\\/canal7slp.tv\\\/2019\\\/?s={search_term_string}\"},\"query-input\":{\"@type\":\"PropertyValueSpecification\",\"valueRequired\":true,\"valueName\":\"search_term_string\"}}],\"inLanguage\":\"es\"},{\"@type\":\"Organization\",\"@id\":\"https:\\\/\\\/canal7slp.tv\\\/2019\\\/#organization\",\"name\":\"Comunicaci\u00f3n 2000 S.A. de C.V.\",\"url\":\"https:\\\/\\\/canal7slp.tv\\\/2019\\\/\",\"logo\":{\"@type\":\"ImageObject\",\"inLanguage\":\"es\",\"@id\":\"https:\\\/\\\/canal7slp.tv\\\/2019\\\/#\\\/schema\\\/logo\\\/image\\\/\",\"url\":\"https:\\\/\\\/canal7slp.tv\\\/2019\\\/wp-content\\\/uploads\\\/2019\\\/07\\\/logo-c7.png\",\"contentUrl\":\"https:\\\/\\\/canal7slp.tv\\\/2019\\\/wp-content\\\/uploads\\\/2019\\\/07\\\/logo-c7.png\",\"width\":220,\"height\":60,\"caption\":\"Comunicaci\u00f3n 2000 S.A. de C.V.\"},\"image\":{\"@id\":\"https:\\\/\\\/canal7slp.tv\\\/2019\\\/#\\\/schema\\\/logo\\\/image\\\/\"},\"sameAs\":[\"https:\\\/\\\/www.facebook.com\\\/CANAL7SLP\\\/\",\"https:\\\/\\\/x.com\\\/canal7_slp\",\"https:\\\/\\\/www.instagram.com\\\/canal7_slp\",\"https:\\\/\\\/www.youtube.com\\\/user\\\/NOTICIEROSCANAL7SLP\\\/\"]},{\"@type\":\"Person\",\"@id\":\"https:\\\/\\\/canal7slp.tv\\\/2019\\\/#\\\/schema\\\/person\\\/11d941c1c6ca30ac0a46b95fa37aa2e3\",\"name\":\"edicionweb\",\"image\":{\"@type\":\"ImageObject\",\"inLanguage\":\"es\",\"@id\":\"https:\\\/\\\/secure.gravatar.com\\\/avatar\\\/eee448fc3f7164808013b816ba91ac7e43bbe82a70bebac296f8bc6f0addaa1a?s=96&d=mm&r=g\",\"url\":\"https:\\\/\\\/secure.gravatar.com\\\/avatar\\\/eee448fc3f7164808013b816ba91ac7e43bbe82a70bebac296f8bc6f0addaa1a?s=96&d=mm&r=g\",\"contentUrl\":\"https:\\\/\\\/secure.gravatar.com\\\/avatar\\\/eee448fc3f7164808013b816ba91ac7e43bbe82a70bebac296f8bc6f0addaa1a?s=96&d=mm&r=g\",\"caption\":\"edicionweb\"}}]}<\/script>\n<!-- \/ Yoast SEO plugin. -->","yoast_head_json":{"title":"Aumenta esperanza de vida para las y los potosinos: COESPO - Canal 7 SLP - 2019","robots":{"index":"index","follow":"follow","max-snippet":"max-snippet:-1","max-image-preview":"max-image-preview:large","max-video-preview":"max-video-preview:-1"},"canonical":"https:\/\/canal7slp.tv\/2019\/aumenta-esperanza-de-vida-para-las-y-los-potosinos-coespo\/","og_locale":"es_ES","og_type":"article","og_title":"Aumenta esperanza de vida para las y los potosinos: COESPO - Canal 7 SLP - 2019","og_description":"\u2022 El 11 de junio se conmemora el D\u00eda Mundial de la Poblaci\u00f3n. \u2022 El n\u00famero de habitantes llegar\u00e1 a 3 millones al 2030. \u2022 La pir\u00e1mide poblacional se est\u00e1 invirtiendo, habr\u00e1 menos nacimientos y m\u00e1s personas adultas mayores. SLP.-En el marco del D\u00eda Mundial de la Poblaci\u00f3n que se celebra este 11 de julio, [&hellip;]","og_url":"https:\/\/canal7slp.tv\/2019\/aumenta-esperanza-de-vida-para-las-y-los-potosinos-coespo\/","og_site_name":"Canal 7 SLP - 2019","article_publisher":"https:\/\/www.facebook.com\/CANAL7SLP\/","article_published_time":"2019-07-11T00:31:12+00:00","og_image":[{"width":657,"height":410,"url":"https:\/\/canal7slp.tv\/2019\/wp-content\/uploads\/2019\/07\/gob5-5.jpg","type":"image\/jpeg"}],"author":"edicionweb","twitter_card":"summary_large_image","twitter_creator":"@canal7_slp","twitter_site":"@canal7_slp","twitter_misc":{"Escrito por":"edicionweb","Tiempo de lectura":"3 minutos"},"schema":{"@context":"https:\/\/schema.org","@graph":[{"@type":"Article","@id":"https:\/\/canal7slp.tv\/2019\/aumenta-esperanza-de-vida-para-las-y-los-potosinos-coespo\/#article","isPartOf":{"@id":"https:\/\/canal7slp.tv\/2019\/aumenta-esperanza-de-vida-para-las-y-los-potosinos-coespo\/"},"author":{"name":"edicionweb","@id":"https:\/\/canal7slp.tv\/2019\/#\/schema\/person\/11d941c1c6ca30ac0a46b95fa37aa2e3"},"headline":"Aumenta esperanza de vida para las y los potosinos: COESPO","datePublished":"2019-07-11T00:31:12+00:00","mainEntityOfPage":{"@id":"https:\/\/canal7slp.tv\/2019\/aumenta-esperanza-de-vida-para-las-y-los-potosinos-coespo\/"},"wordCount":552,"commentCount":0,"publisher":{"@id":"https:\/\/canal7slp.tv\/2019\/#organization"},"image":{"@id":"https:\/\/canal7slp.tv\/2019\/aumenta-esperanza-de-vida-para-las-y-los-potosinos-coespo\/#primaryimage"},"thumbnailUrl":"https:\/\/canal7slp.tv\/2019\/wp-content\/uploads\/2019\/07\/gob5-5.jpg","articleSection":["LOCALES Y REGIONALES"],"inLanguage":"es","potentialAction":[{"@type":"CommentAction","name":"Comment","target":["https:\/\/canal7slp.tv\/2019\/aumenta-esperanza-de-vida-para-las-y-los-potosinos-coespo\/#respond"]}]},{"@type":"WebPage","@id":"https:\/\/canal7slp.tv\/2019\/aumenta-esperanza-de-vida-para-las-y-los-potosinos-coespo\/","url":"https:\/\/canal7slp.tv\/2019\/aumenta-esperanza-de-vida-para-las-y-los-potosinos-coespo\/","name":"Aumenta esperanza de vida para las y los potosinos: COESPO - Canal 7 SLP - 2019","isPartOf":{"@id":"https:\/\/canal7slp.tv\/2019\/#website"},"primaryImageOfPage":{"@id":"https:\/\/canal7slp.tv\/2019\/aumenta-esperanza-de-vida-para-las-y-los-potosinos-coespo\/#primaryimage"},"image":{"@id":"https:\/\/canal7slp.tv\/2019\/aumenta-esperanza-de-vida-para-las-y-los-potosinos-coespo\/#primaryimage"},"thumbnailUrl":"https:\/\/canal7slp.tv\/2019\/wp-content\/uploads\/2019\/07\/gob5-5.jpg","datePublished":"2019-07-11T00:31:12+00:00","breadcrumb":{"@id":"https:\/\/canal7slp.tv\/2019\/aumenta-esperanza-de-vida-para-las-y-los-potosinos-coespo\/#breadcrumb"},"inLanguage":"es","potentialAction":[{"@type":"ReadAction","target":["https:\/\/canal7slp.tv\/2019\/aumenta-esperanza-de-vida-para-las-y-los-potosinos-coespo\/"]}]},{"@type":"ImageObject","inLanguage":"es","@id":"https:\/\/canal7slp.tv\/2019\/aumenta-esperanza-de-vida-para-las-y-los-potosinos-coespo\/#primaryimage","url":"https:\/\/canal7slp.tv\/2019\/wp-content\/uploads\/2019\/07\/gob5-5.jpg","contentUrl":"https:\/\/canal7slp.tv\/2019\/wp-content\/uploads\/2019\/07\/gob5-5.jpg","width":657,"height":410},{"@type":"BreadcrumbList","@id":"https:\/\/canal7slp.tv\/2019\/aumenta-esperanza-de-vida-para-las-y-los-potosinos-coespo\/#breadcrumb","itemListElement":[{"@type":"ListItem","position":1,"name":"Home","item":"https:\/\/canal7slp.tv\/2019\/"},{"@type":"ListItem","position":2,"name":"Aumenta esperanza de vida para las y los potosinos: COESPO"}]},{"@type":"WebSite","@id":"https:\/\/canal7slp.tv\/2019\/#website","url":"https:\/\/canal7slp.tv\/2019\/","name":"Canal 7 SLP - Somos TV","description":"Somos un Canal de 10","publisher":{"@id":"https:\/\/canal7slp.tv\/2019\/#organization"},"potentialAction":[{"@type":"SearchAction","target":{"@type":"EntryPoint","urlTemplate":"https:\/\/canal7slp.tv\/2019\/?s={search_term_string}"},"query-input":{"@type":"PropertyValueSpecification","valueRequired":true,"valueName":"search_term_string"}}],"inLanguage":"es"},{"@type":"Organization","@id":"https:\/\/canal7slp.tv\/2019\/#organization","name":"Comunicaci\u00f3n 2000 S.A. de C.V.","url":"https:\/\/canal7slp.tv\/2019\/","logo":{"@type":"ImageObject","inLanguage":"es","@id":"https:\/\/canal7slp.tv\/2019\/#\/schema\/logo\/image\/","url":"https:\/\/canal7slp.tv\/2019\/wp-content\/uploads\/2019\/07\/logo-c7.png","contentUrl":"https:\/\/canal7slp.tv\/2019\/wp-content\/uploads\/2019\/07\/logo-c7.png","width":220,"height":60,"caption":"Comunicaci\u00f3n 2000 S.A. de C.V."},"image":{"@id":"https:\/\/canal7slp.tv\/2019\/#\/schema\/logo\/image\/"},"sameAs":["https:\/\/www.facebook.com\/CANAL7SLP\/","https:\/\/x.com\/canal7_slp","https:\/\/www.instagram.com\/canal7_slp","https:\/\/www.youtube.com\/user\/NOTICIEROSCANAL7SLP\/"]},{"@type":"Person","@id":"https:\/\/canal7slp.tv\/2019\/#\/schema\/person\/11d941c1c6ca30ac0a46b95fa37aa2e3","name":"edicionweb","image":{"@type":"ImageObject","inLanguage":"es","@id":"https:\/\/secure.gravatar.com\/avatar\/eee448fc3f7164808013b816ba91ac7e43bbe82a70bebac296f8bc6f0addaa1a?s=96&d=mm&r=g","url":"https:\/\/secure.gravatar.com\/avatar\/eee448fc3f7164808013b816ba91ac7e43bbe82a70bebac296f8bc6f0addaa1a?s=96&d=mm&r=g","contentUrl":"https:\/\/secure.gravatar.com\/avatar\/eee448fc3f7164808013b816ba91ac7e43bbe82a70bebac296f8bc6f0addaa1a?s=96&d=mm&r=g","caption":"edicionweb"}}]}},"amp_enabled":true,"cmb2":{"video_ids_in_playlist":{"vid_p_videos":""},"video_ids_in_channel":{"vid_c_videos":""},"playlist_ids_in_channel":{"vid_c_playlists":""},"series_ids_in_channel":{"vid_c_series":""},"channel_images":{"vid_c_logo":"","vid_c_banner":""},"poster_feature_image":{"vid_m_poster_image":""},"gif_feature_image":{"vid_m_gif_image":""},"video_movie_settings":{"vid_m_director":"","vid_m_actor":"","vid_m_imdb_ratings":"","vid_m_amazon_associates":""},"vid_youtube_broadcasts_settings":{"vid_yb_broadcast_title":"","vid_yb_q":"","vid_yb_channelid":"","vid_yb_videocategoryid":"","vid_yb_maxresults":"","vid_yb_order":"","vid_yb_regioncode":"","vid_yb_videosyndicated":"","vid_yb_style":"","vid_yb_reload_first":""},"video_series_settings":{"vid_m_director":"","vid_m_actor":"","vid_m_imdb_ratings":"","video_series_group":""},"amazon_associates_settings":{"amazon_associates":"","amazon_native_ad":""},"vid_youtube_automatic_settings":{"vid_ya_youtube_source":"","vid_ya_update_every":"","vid_ya_update_unit":"","vid_ya_categories":"","vid_ya_published_after":"","vid_ya_published_before":"","vid_ya_playlists":"","vid_ya_channels":"","vid_ya_director":"","vid_ya_actor":"","vid_ya_author":"","vid_ya_import_post_date":"","vid_ya_status":"","vid_ya_sub_api_key":""},"vid_ads_m_videoads_settings_post":{"vid_ads_m_video_ads":"","vid_ads_m_video_ads_type":"","vid_ads_m_group_google_ima":"","vid_ads_m_group_image":"","vid_ads_m_group_html5_video":"","vid_ads_m_group_html":"","vid_ads_m_vast_preroll":"","vid_ads_m_vast_postroll":"","vid_ads_m_vast_pauseroll":"","vid_ads_m_vast_midroll":[{"vid_ads_m_vast_timer_seconds":"50"}],"vid_ads_m_time_to_show_ads":"","vid_ads_m_time_skip_ads":"","vid_ads_m_time_to_hide_ads":""},"page_slider_settings":{"display_slider_group":"","page_slider_group":""},"blog_page_settings":{"blog_page_title":"","blog_page_heading":"","blog_page_ic":"","blog_page_it":"","blog_page_ec":"","blog_page_ip":"","archive_loop_style":"","blog_image_ratio":"","blog_show_categories":"","blog_show_excerpt":"","blog_show_author":"","blog_show_date":"","blog_show_comment_count":"","blog_show_view_count":"","blog_show_like_count":"","blog_show_dislike_count":"","blog_items_per_page":"","blog_pag_type":""},"page_options":{"get_page_template":"","color_mode":"","main_layout":"","main_layout_full_with":"","main_logo":"","main_logo_retina":"","main_logo_mobile":"","main_logo_mobile_retina":"","sticky_logo":"","sticky_logo_retina":"","main_nav_layout":"","ajax_search":"","header_background":"","theme_sidebar":"","instagram_feed":"","instagram_feed_position":"","popular_videos":"","popular_videos_title_1":"","popular_videos_title_2":"","popular_videos_ic":"","popular_videos_it":"","theme_background":"","page_custom_css":""},"feature_image_settings":{"feature_image_position":""},"video_player_settings":{"single_video_style":"","video_player_position":"","vm_video_url":"","video_player_library":"","video_streaming":"","vm_media_sources":"","vid_auto_play":"","vm_video_shortcode":"","vid_p_sync_playlist":"","vid_c_sync_channel":"","get_post_format":"","multiple_links_structure":"default","multi_links_title":"","vm_video_multi_links":"","vm_duration":"","vid_social_locker":"off","vid_social_locker_id":"","vid_membership_action":"content-video","vm_video_trailer_url":"","vid_download_type":"free","vid_download_target":"download","vid_woo_product":"","vm_media_download":"","user_rating":"","user_rating_position":"","user_rating_mode":"","user_rating_multi_sets":""},"video_auto_fetch_settings":{"vm_video_fetch":"on"},"video_fake_views_likes":{"vm_fake_views":"","vm_fake_likes":"","vm_fake_dislikes":""},"gallery_settings":{"gallery_position":""},"quote_settings":{"quote_position":""},"post_options":{"main_layout":"","main_logo":"","main_logo_retina":"","main_logo_mobile":"","main_logo_mobile_retina":"","sticky_logo":"","sticky_logo_retina":"","main_nav_layout":"","header_background":"","theme_sidebar":"","single_post_comment_type":"","theme_background":""}},"_links":{"self":[{"href":"https:\/\/canal7slp.tv\/2019\/wp-json\/wp\/v2\/posts\/31151","targetHints":{"allow":["GET"]}}],"collection":[{"href":"https:\/\/canal7slp.tv\/2019\/wp-json\/wp\/v2\/posts"}],"about":[{"href":"https:\/\/canal7slp.tv\/2019\/wp-json\/wp\/v2\/types\/post"}],"author":[{"embeddable":true,"href":"https:\/\/canal7slp.tv\/2019\/wp-json\/wp\/v2\/users\/2"}],"replies":[{"embeddable":true,"href":"https:\/\/canal7slp.tv\/2019\/wp-json\/wp\/v2\/comments?post=31151"}],"version-history":[{"count":0,"href":"https:\/\/canal7slp.tv\/2019\/wp-json\/wp\/v2\/posts\/31151\/revisions"}],"wp:featuredmedia":[{"embeddable":true,"href":"https:\/\/canal7slp.tv\/2019\/wp-json\/wp\/v2\/media\/31152"}],"wp:attachment":[{"href":"https:\/\/canal7slp.tv\/2019\/wp-json\/wp\/v2\/media?parent=31151"}],"wp:term":[{"taxonomy":"category","embeddable":true,"href":"https:\/\/canal7slp.tv\/2019\/wp-json\/wp\/v2\/categories?post=31151"},{"taxonomy":"post_tag","embeddable":true,"href":"https:\/\/canal7slp.tv\/2019\/wp-json\/wp\/v2\/tags?post=31151"}],"curies":[{"name":"wp","href":"https:\/\/api.w.org\/{rel}","templated":true}]}}