{"id":28947,"date":"2019-07-08T18:57:49","date_gmt":"2019-07-08T23:57:49","guid":{"rendered":"https:\/\/canal7slp.tv\/2019\/?p=28947"},"modified":"2019-07-08T19:05:15","modified_gmt":"2019-07-09T00:05:15","slug":"programa-cultural-municipal-llega-a-mas-de-450-personas","status":"publish","type":"post","link":"https:\/\/canal7slp.tv\/2019\/programa-cultural-municipal-llega-a-mas-de-450-personas\/","title":{"rendered":"Programa cultural municipal llega a m\u00e1s de 450 personas"},"content":{"rendered":"<p style=\"text-align: justify;\">\u2022 El fin de semana, se llev\u00f3 a cabo la \u201cBarriada Cultural en Jard\u00edn Col\u00f3n y se puso en marcha \u201cLa Carpa\u201d.<\/p>\n<p style=\"text-align: justify;\">\n<p style=\"text-align: justify;\">SLP.- Debido a diversas actividades culturales realizadas por parte del Gobierno de esta capital, m\u00e1s de 450 personas disfrutaron de un amplio programa gratuito, el cual se llev\u00f3 a cabo en distintas \u00e1reas municipales como parte del rescate y uso de espacios p\u00fablicos en la ciudad de San Luis Potos\u00ed.<\/p>\n<p style=\"text-align: justify;\">\n<p style=\"text-align: justify;\">Destac\u00f3 la denominada \u201cBarriada Cultural\u201d en el Jard\u00edn Col\u00f3n, en la que se sobresalieron las Batallas de Rap con el Colectivo Black Cat y el rapero Creativo, cuya asistencia super\u00f3 las 360 personas. A trav\u00e9s de esta actividad, la Direcci\u00f3n de Cultura Municipal reafirm\u00f3 su compromiso de sumar esfuerzos con organizaciones de la sociedad civil con la \u00fanica finalidad de acercar distintas formas de expresiones art\u00edsticas a diversos sectores de la poblaci\u00f3n.<\/p>\n<p style=\"text-align: justify;\">\n<p style=\"text-align: justify;\">En ese sentido, se destac\u00f3 que Black Cat, es un colectivo de m\u00fasicos, dise\u00f1adores, fot\u00f3grafos con una visi\u00f3n en com\u00fan, posicionar a la ciudad como una de las mejores a nivel nacional en cuanto a expresiones urbanas.<\/p>\n<p style=\"text-align: justify;\">\n<p style=\"text-align: justify;\">Con esta iniciativa se lleva la m\u00fasica directo a j\u00f3venes para que cuenten con espacios m\u00e1s de sano esparcimiento, en los que se cont\u00f3 con la participaci\u00f3n de representantes de este g\u00e9nero como RS, Lam CE, Nailah, Jan, Pixels, ANG, Winner, Reus, Aster, Air D y Alfabeta, Reyes y Miserables, Deal G, Syrol B, Abraham\/Desliz, Achez, y Creativo, \u00e9ste \u00faltimo es un joven potosino reconocido en el pa\u00eds por sus rimas y rap.<\/p>\n<p style=\"text-align: justify;\">\n<p style=\"text-align: justify;\">Este fin de semana que pas\u00f3, tambi\u00e9n se puso en marcha el programa La Carpa: Teatro y Danza de Calle con la representaci\u00f3n: \u201cTe voy a regalar un arco\u00edris\u201d del Taller Infantil de Teatro GRIMM con la direcci\u00f3n de Ana Neumann. Este evento se realiz\u00f3 en el Jard\u00edn de Tequis, con la asistencia de m\u00e1s de un centenar de personas.<\/p>\n<p style=\"text-align: justify;\">\n<p style=\"text-align: justify;\">Esta puesta en escena presenta el da\u00f1o que la humanidad ha ocasionado al planeta y los intereses de algunos que no reconocen los derechos de los dem\u00e1s, de vivir en una tierra libre contaminaci\u00f3n, depredaci\u00f3n y exterminio de las distintas especies tanto de flora como fauna, tan necesarias para nuestra supervivencia y la del mundo en general.<\/p>\n<p style=\"text-align: justify;\">\n<p style=\"text-align: justify;\">El elenco estuvo integrado por Diego Castillo Bravo, Alejandra Ram\u00edrez Vallejo, Ana Paula Gonz\u00e1lez Herrera, Santiago Castillo Bravo, Andrea Go\u00f1i del Castillo, Isa\u00edas Rodr\u00edguez Ram\u00edrez y Mar\u00eda Jos\u00e9 Posadas Bravo. En el apoyo t\u00e9cnico, Ana Paula Posadas Bravo y Anil\u00fa Herrera. Y la musicalizaci\u00f3n corri\u00f3 a cargo de Jorge Fern\u00e1ndez Guti\u00e9rrez.<\/p>\n","protected":false},"excerpt":{"rendered":"<p>\u2022 El fin de semana, se llev\u00f3 a cabo la \u201cBarriada Cultural en Jard\u00edn Col\u00f3n y se puso en marcha \u201cLa Carpa\u201d. SLP.- Debido a diversas actividades culturales realizadas por parte del Gobierno de esta capital, m\u00e1s de 450 personas disfrutaron de un amplio programa gratuito, el cual se llev\u00f3 a cabo en distintas \u00e1reas [&hellip;]<\/p>\n","protected":false},"author":2,"featured_media":28948,"comment_status":"open","ping_status":"closed","sticky":false,"template":"","format":"standard","meta":{"footnotes":""},"categories":[17],"tags":[114],"class_list":["post-28947","post","type-post","status-publish","format-standard","has-post-thumbnail","hentry","category-localesyregionales","tag-ayuntamiento-slp"],"yoast_head":"<!-- This site is optimized with the Yoast SEO plugin v27.4 - https:\/\/yoast.com\/product\/yoast-seo-wordpress\/ -->\n<title>Programa cultural municipal llega a m\u00e1s de 450 personas - Canal 7 SLP - 2019<\/title>\n<meta name=\"robots\" content=\"index, follow, max-snippet:-1, max-image-preview:large, max-video-preview:-1\" \/>\n<link rel=\"canonical\" href=\"https:\/\/canal7slp.tv\/2019\/programa-cultural-municipal-llega-a-mas-de-450-personas\/\" \/>\n<meta property=\"og:locale\" content=\"es_ES\" \/>\n<meta property=\"og:type\" content=\"article\" \/>\n<meta property=\"og:title\" content=\"Programa cultural municipal llega a m\u00e1s de 450 personas - Canal 7 SLP - 2019\" \/>\n<meta property=\"og:description\" content=\"\u2022 El fin de semana, se llev\u00f3 a cabo la \u201cBarriada Cultural en Jard\u00edn Col\u00f3n y se puso en marcha \u201cLa Carpa\u201d. SLP.- Debido a diversas actividades culturales realizadas por parte del Gobierno de esta capital, m\u00e1s de 450 personas disfrutaron de un amplio programa gratuito, el cual se llev\u00f3 a cabo en distintas \u00e1reas [&hellip;]\" \/>\n<meta property=\"og:url\" content=\"https:\/\/canal7slp.tv\/2019\/programa-cultural-municipal-llega-a-mas-de-450-personas\/\" \/>\n<meta property=\"og:site_name\" content=\"Canal 7 SLP - 2019\" \/>\n<meta property=\"article:publisher\" content=\"https:\/\/www.facebook.com\/CANAL7SLP\/\" \/>\n<meta property=\"article:published_time\" content=\"2019-07-08T23:57:49+00:00\" \/>\n<meta property=\"article:modified_time\" content=\"2019-07-09T00:05:15+00:00\" \/>\n<meta property=\"og:image\" content=\"https:\/\/canal7slp.tv\/2019\/wp-content\/uploads\/2019\/07\/ayu2.jpg\" \/>\n\t<meta property=\"og:image:width\" content=\"651\" \/>\n\t<meta property=\"og:image:height\" content=\"410\" \/>\n\t<meta property=\"og:image:type\" content=\"image\/jpeg\" \/>\n<meta name=\"author\" content=\"edicionweb\" \/>\n<meta name=\"twitter:card\" content=\"summary_large_image\" \/>\n<meta name=\"twitter:creator\" content=\"@canal7_slp\" \/>\n<meta name=\"twitter:site\" content=\"@canal7_slp\" \/>\n<meta name=\"twitter:label1\" content=\"Escrito por\" \/>\n\t<meta name=\"twitter:data1\" content=\"edicionweb\" \/>\n\t<meta name=\"twitter:label2\" content=\"Tiempo de lectura\" \/>\n\t<meta name=\"twitter:data2\" content=\"2 minutos\" \/>\n<script type=\"application\/ld+json\" class=\"yoast-schema-graph\">{\"@context\":\"https:\\\/\\\/schema.org\",\"@graph\":[{\"@type\":\"Article\",\"@id\":\"https:\\\/\\\/canal7slp.tv\\\/2019\\\/programa-cultural-municipal-llega-a-mas-de-450-personas\\\/#article\",\"isPartOf\":{\"@id\":\"https:\\\/\\\/canal7slp.tv\\\/2019\\\/programa-cultural-municipal-llega-a-mas-de-450-personas\\\/\"},\"author\":{\"name\":\"edicionweb\",\"@id\":\"https:\\\/\\\/canal7slp.tv\\\/2019\\\/#\\\/schema\\\/person\\\/11d941c1c6ca30ac0a46b95fa37aa2e3\"},\"headline\":\"Programa cultural municipal llega a m\u00e1s de 450 personas\",\"datePublished\":\"2019-07-08T23:57:49+00:00\",\"dateModified\":\"2019-07-09T00:05:15+00:00\",\"mainEntityOfPage\":{\"@id\":\"https:\\\/\\\/canal7slp.tv\\\/2019\\\/programa-cultural-municipal-llega-a-mas-de-450-personas\\\/\"},\"wordCount\":472,\"commentCount\":0,\"publisher\":{\"@id\":\"https:\\\/\\\/canal7slp.tv\\\/2019\\\/#organization\"},\"image\":{\"@id\":\"https:\\\/\\\/canal7slp.tv\\\/2019\\\/programa-cultural-municipal-llega-a-mas-de-450-personas\\\/#primaryimage\"},\"thumbnailUrl\":\"https:\\\/\\\/canal7slp.tv\\\/2019\\\/wp-content\\\/uploads\\\/2019\\\/07\\\/ayu2.jpg\",\"keywords\":[\"Ayuntamiento SLP\"],\"articleSection\":[\"LOCALES Y REGIONALES\"],\"inLanguage\":\"es\",\"potentialAction\":[{\"@type\":\"CommentAction\",\"name\":\"Comment\",\"target\":[\"https:\\\/\\\/canal7slp.tv\\\/2019\\\/programa-cultural-municipal-llega-a-mas-de-450-personas\\\/#respond\"]}]},{\"@type\":\"WebPage\",\"@id\":\"https:\\\/\\\/canal7slp.tv\\\/2019\\\/programa-cultural-municipal-llega-a-mas-de-450-personas\\\/\",\"url\":\"https:\\\/\\\/canal7slp.tv\\\/2019\\\/programa-cultural-municipal-llega-a-mas-de-450-personas\\\/\",\"name\":\"Programa cultural municipal llega a m\u00e1s de 450 personas - Canal 7 SLP - 2019\",\"isPartOf\":{\"@id\":\"https:\\\/\\\/canal7slp.tv\\\/2019\\\/#website\"},\"primaryImageOfPage\":{\"@id\":\"https:\\\/\\\/canal7slp.tv\\\/2019\\\/programa-cultural-municipal-llega-a-mas-de-450-personas\\\/#primaryimage\"},\"image\":{\"@id\":\"https:\\\/\\\/canal7slp.tv\\\/2019\\\/programa-cultural-municipal-llega-a-mas-de-450-personas\\\/#primaryimage\"},\"thumbnailUrl\":\"https:\\\/\\\/canal7slp.tv\\\/2019\\\/wp-content\\\/uploads\\\/2019\\\/07\\\/ayu2.jpg\",\"datePublished\":\"2019-07-08T23:57:49+00:00\",\"dateModified\":\"2019-07-09T00:05:15+00:00\",\"breadcrumb\":{\"@id\":\"https:\\\/\\\/canal7slp.tv\\\/2019\\\/programa-cultural-municipal-llega-a-mas-de-450-personas\\\/#breadcrumb\"},\"inLanguage\":\"es\",\"potentialAction\":[{\"@type\":\"ReadAction\",\"target\":[\"https:\\\/\\\/canal7slp.tv\\\/2019\\\/programa-cultural-municipal-llega-a-mas-de-450-personas\\\/\"]}]},{\"@type\":\"ImageObject\",\"inLanguage\":\"es\",\"@id\":\"https:\\\/\\\/canal7slp.tv\\\/2019\\\/programa-cultural-municipal-llega-a-mas-de-450-personas\\\/#primaryimage\",\"url\":\"https:\\\/\\\/canal7slp.tv\\\/2019\\\/wp-content\\\/uploads\\\/2019\\\/07\\\/ayu2.jpg\",\"contentUrl\":\"https:\\\/\\\/canal7slp.tv\\\/2019\\\/wp-content\\\/uploads\\\/2019\\\/07\\\/ayu2.jpg\",\"width\":651,\"height\":410},{\"@type\":\"BreadcrumbList\",\"@id\":\"https:\\\/\\\/canal7slp.tv\\\/2019\\\/programa-cultural-municipal-llega-a-mas-de-450-personas\\\/#breadcrumb\",\"itemListElement\":[{\"@type\":\"ListItem\",\"position\":1,\"name\":\"Home\",\"item\":\"https:\\\/\\\/canal7slp.tv\\\/2019\\\/\"},{\"@type\":\"ListItem\",\"position\":2,\"name\":\"Programa cultural municipal llega a m\u00e1s de 450 personas\"}]},{\"@type\":\"WebSite\",\"@id\":\"https:\\\/\\\/canal7slp.tv\\\/2019\\\/#website\",\"url\":\"https:\\\/\\\/canal7slp.tv\\\/2019\\\/\",\"name\":\"Canal 7 SLP - Somos TV\",\"description\":\"Somos un Canal de 10\",\"publisher\":{\"@id\":\"https:\\\/\\\/canal7slp.tv\\\/2019\\\/#organization\"},\"potentialAction\":[{\"@type\":\"SearchAction\",\"target\":{\"@type\":\"EntryPoint\",\"urlTemplate\":\"https:\\\/\\\/canal7slp.tv\\\/2019\\\/?s={search_term_string}\"},\"query-input\":{\"@type\":\"PropertyValueSpecification\",\"valueRequired\":true,\"valueName\":\"search_term_string\"}}],\"inLanguage\":\"es\"},{\"@type\":\"Organization\",\"@id\":\"https:\\\/\\\/canal7slp.tv\\\/2019\\\/#organization\",\"name\":\"Comunicaci\u00f3n 2000 S.A. de C.V.\",\"url\":\"https:\\\/\\\/canal7slp.tv\\\/2019\\\/\",\"logo\":{\"@type\":\"ImageObject\",\"inLanguage\":\"es\",\"@id\":\"https:\\\/\\\/canal7slp.tv\\\/2019\\\/#\\\/schema\\\/logo\\\/image\\\/\",\"url\":\"https:\\\/\\\/canal7slp.tv\\\/2019\\\/wp-content\\\/uploads\\\/2019\\\/07\\\/logo-c7.png\",\"contentUrl\":\"https:\\\/\\\/canal7slp.tv\\\/2019\\\/wp-content\\\/uploads\\\/2019\\\/07\\\/logo-c7.png\",\"width\":220,\"height\":60,\"caption\":\"Comunicaci\u00f3n 2000 S.A. de C.V.\"},\"image\":{\"@id\":\"https:\\\/\\\/canal7slp.tv\\\/2019\\\/#\\\/schema\\\/logo\\\/image\\\/\"},\"sameAs\":[\"https:\\\/\\\/www.facebook.com\\\/CANAL7SLP\\\/\",\"https:\\\/\\\/x.com\\\/canal7_slp\",\"https:\\\/\\\/www.instagram.com\\\/canal7_slp\",\"https:\\\/\\\/www.youtube.com\\\/user\\\/NOTICIEROSCANAL7SLP\\\/\"]},{\"@type\":\"Person\",\"@id\":\"https:\\\/\\\/canal7slp.tv\\\/2019\\\/#\\\/schema\\\/person\\\/11d941c1c6ca30ac0a46b95fa37aa2e3\",\"name\":\"edicionweb\",\"image\":{\"@type\":\"ImageObject\",\"inLanguage\":\"es\",\"@id\":\"https:\\\/\\\/secure.gravatar.com\\\/avatar\\\/eee448fc3f7164808013b816ba91ac7e43bbe82a70bebac296f8bc6f0addaa1a?s=96&d=mm&r=g\",\"url\":\"https:\\\/\\\/secure.gravatar.com\\\/avatar\\\/eee448fc3f7164808013b816ba91ac7e43bbe82a70bebac296f8bc6f0addaa1a?s=96&d=mm&r=g\",\"contentUrl\":\"https:\\\/\\\/secure.gravatar.com\\\/avatar\\\/eee448fc3f7164808013b816ba91ac7e43bbe82a70bebac296f8bc6f0addaa1a?s=96&d=mm&r=g\",\"caption\":\"edicionweb\"}}]}<\/script>\n<!-- \/ Yoast SEO plugin. -->","yoast_head_json":{"title":"Programa cultural municipal llega a m\u00e1s de 450 personas - Canal 7 SLP - 2019","robots":{"index":"index","follow":"follow","max-snippet":"max-snippet:-1","max-image-preview":"max-image-preview:large","max-video-preview":"max-video-preview:-1"},"canonical":"https:\/\/canal7slp.tv\/2019\/programa-cultural-municipal-llega-a-mas-de-450-personas\/","og_locale":"es_ES","og_type":"article","og_title":"Programa cultural municipal llega a m\u00e1s de 450 personas - Canal 7 SLP - 2019","og_description":"\u2022 El fin de semana, se llev\u00f3 a cabo la \u201cBarriada Cultural en Jard\u00edn Col\u00f3n y se puso en marcha \u201cLa Carpa\u201d. SLP.- Debido a diversas actividades culturales realizadas por parte del Gobierno de esta capital, m\u00e1s de 450 personas disfrutaron de un amplio programa gratuito, el cual se llev\u00f3 a cabo en distintas \u00e1reas [&hellip;]","og_url":"https:\/\/canal7slp.tv\/2019\/programa-cultural-municipal-llega-a-mas-de-450-personas\/","og_site_name":"Canal 7 SLP - 2019","article_publisher":"https:\/\/www.facebook.com\/CANAL7SLP\/","article_published_time":"2019-07-08T23:57:49+00:00","article_modified_time":"2019-07-09T00:05:15+00:00","og_image":[{"width":651,"height":410,"url":"https:\/\/canal7slp.tv\/2019\/wp-content\/uploads\/2019\/07\/ayu2.jpg","type":"image\/jpeg"}],"author":"edicionweb","twitter_card":"summary_large_image","twitter_creator":"@canal7_slp","twitter_site":"@canal7_slp","twitter_misc":{"Escrito por":"edicionweb","Tiempo de lectura":"2 minutos"},"schema":{"@context":"https:\/\/schema.org","@graph":[{"@type":"Article","@id":"https:\/\/canal7slp.tv\/2019\/programa-cultural-municipal-llega-a-mas-de-450-personas\/#article","isPartOf":{"@id":"https:\/\/canal7slp.tv\/2019\/programa-cultural-municipal-llega-a-mas-de-450-personas\/"},"author":{"name":"edicionweb","@id":"https:\/\/canal7slp.tv\/2019\/#\/schema\/person\/11d941c1c6ca30ac0a46b95fa37aa2e3"},"headline":"Programa cultural municipal llega a m\u00e1s de 450 personas","datePublished":"2019-07-08T23:57:49+00:00","dateModified":"2019-07-09T00:05:15+00:00","mainEntityOfPage":{"@id":"https:\/\/canal7slp.tv\/2019\/programa-cultural-municipal-llega-a-mas-de-450-personas\/"},"wordCount":472,"commentCount":0,"publisher":{"@id":"https:\/\/canal7slp.tv\/2019\/#organization"},"image":{"@id":"https:\/\/canal7slp.tv\/2019\/programa-cultural-municipal-llega-a-mas-de-450-personas\/#primaryimage"},"thumbnailUrl":"https:\/\/canal7slp.tv\/2019\/wp-content\/uploads\/2019\/07\/ayu2.jpg","keywords":["Ayuntamiento SLP"],"articleSection":["LOCALES Y REGIONALES"],"inLanguage":"es","potentialAction":[{"@type":"CommentAction","name":"Comment","target":["https:\/\/canal7slp.tv\/2019\/programa-cultural-municipal-llega-a-mas-de-450-personas\/#respond"]}]},{"@type":"WebPage","@id":"https:\/\/canal7slp.tv\/2019\/programa-cultural-municipal-llega-a-mas-de-450-personas\/","url":"https:\/\/canal7slp.tv\/2019\/programa-cultural-municipal-llega-a-mas-de-450-personas\/","name":"Programa cultural municipal llega a m\u00e1s de 450 personas - Canal 7 SLP - 2019","isPartOf":{"@id":"https:\/\/canal7slp.tv\/2019\/#website"},"primaryImageOfPage":{"@id":"https:\/\/canal7slp.tv\/2019\/programa-cultural-municipal-llega-a-mas-de-450-personas\/#primaryimage"},"image":{"@id":"https:\/\/canal7slp.tv\/2019\/programa-cultural-municipal-llega-a-mas-de-450-personas\/#primaryimage"},"thumbnailUrl":"https:\/\/canal7slp.tv\/2019\/wp-content\/uploads\/2019\/07\/ayu2.jpg","datePublished":"2019-07-08T23:57:49+00:00","dateModified":"2019-07-09T00:05:15+00:00","breadcrumb":{"@id":"https:\/\/canal7slp.tv\/2019\/programa-cultural-municipal-llega-a-mas-de-450-personas\/#breadcrumb"},"inLanguage":"es","potentialAction":[{"@type":"ReadAction","target":["https:\/\/canal7slp.tv\/2019\/programa-cultural-municipal-llega-a-mas-de-450-personas\/"]}]},{"@type":"ImageObject","inLanguage":"es","@id":"https:\/\/canal7slp.tv\/2019\/programa-cultural-municipal-llega-a-mas-de-450-personas\/#primaryimage","url":"https:\/\/canal7slp.tv\/2019\/wp-content\/uploads\/2019\/07\/ayu2.jpg","contentUrl":"https:\/\/canal7slp.tv\/2019\/wp-content\/uploads\/2019\/07\/ayu2.jpg","width":651,"height":410},{"@type":"BreadcrumbList","@id":"https:\/\/canal7slp.tv\/2019\/programa-cultural-municipal-llega-a-mas-de-450-personas\/#breadcrumb","itemListElement":[{"@type":"ListItem","position":1,"name":"Home","item":"https:\/\/canal7slp.tv\/2019\/"},{"@type":"ListItem","position":2,"name":"Programa cultural municipal llega a m\u00e1s de 450 personas"}]},{"@type":"WebSite","@id":"https:\/\/canal7slp.tv\/2019\/#website","url":"https:\/\/canal7slp.tv\/2019\/","name":"Canal 7 SLP - Somos TV","description":"Somos un Canal de 10","publisher":{"@id":"https:\/\/canal7slp.tv\/2019\/#organization"},"potentialAction":[{"@type":"SearchAction","target":{"@type":"EntryPoint","urlTemplate":"https:\/\/canal7slp.tv\/2019\/?s={search_term_string}"},"query-input":{"@type":"PropertyValueSpecification","valueRequired":true,"valueName":"search_term_string"}}],"inLanguage":"es"},{"@type":"Organization","@id":"https:\/\/canal7slp.tv\/2019\/#organization","name":"Comunicaci\u00f3n 2000 S.A. de C.V.","url":"https:\/\/canal7slp.tv\/2019\/","logo":{"@type":"ImageObject","inLanguage":"es","@id":"https:\/\/canal7slp.tv\/2019\/#\/schema\/logo\/image\/","url":"https:\/\/canal7slp.tv\/2019\/wp-content\/uploads\/2019\/07\/logo-c7.png","contentUrl":"https:\/\/canal7slp.tv\/2019\/wp-content\/uploads\/2019\/07\/logo-c7.png","width":220,"height":60,"caption":"Comunicaci\u00f3n 2000 S.A. de C.V."},"image":{"@id":"https:\/\/canal7slp.tv\/2019\/#\/schema\/logo\/image\/"},"sameAs":["https:\/\/www.facebook.com\/CANAL7SLP\/","https:\/\/x.com\/canal7_slp","https:\/\/www.instagram.com\/canal7_slp","https:\/\/www.youtube.com\/user\/NOTICIEROSCANAL7SLP\/"]},{"@type":"Person","@id":"https:\/\/canal7slp.tv\/2019\/#\/schema\/person\/11d941c1c6ca30ac0a46b95fa37aa2e3","name":"edicionweb","image":{"@type":"ImageObject","inLanguage":"es","@id":"https:\/\/secure.gravatar.com\/avatar\/eee448fc3f7164808013b816ba91ac7e43bbe82a70bebac296f8bc6f0addaa1a?s=96&d=mm&r=g","url":"https:\/\/secure.gravatar.com\/avatar\/eee448fc3f7164808013b816ba91ac7e43bbe82a70bebac296f8bc6f0addaa1a?s=96&d=mm&r=g","contentUrl":"https:\/\/secure.gravatar.com\/avatar\/eee448fc3f7164808013b816ba91ac7e43bbe82a70bebac296f8bc6f0addaa1a?s=96&d=mm&r=g","caption":"edicionweb"}}]}},"amp_enabled":true,"cmb2":{"video_ids_in_playlist":{"vid_p_videos":""},"video_ids_in_channel":{"vid_c_videos":""},"playlist_ids_in_channel":{"vid_c_playlists":""},"series_ids_in_channel":{"vid_c_series":""},"channel_images":{"vid_c_logo":"","vid_c_banner":""},"poster_feature_image":{"vid_m_poster_image":""},"gif_feature_image":{"vid_m_gif_image":""},"video_movie_settings":{"vid_m_director":"","vid_m_actor":"","vid_m_imdb_ratings":"","vid_m_amazon_associates":""},"vid_youtube_broadcasts_settings":{"vid_yb_broadcast_title":"","vid_yb_q":"","vid_yb_channelid":"","vid_yb_videocategoryid":"","vid_yb_maxresults":"","vid_yb_order":"","vid_yb_regioncode":"","vid_yb_videosyndicated":"","vid_yb_style":"","vid_yb_reload_first":""},"video_series_settings":{"vid_m_director":"","vid_m_actor":"","vid_m_imdb_ratings":"","video_series_group":""},"amazon_associates_settings":{"amazon_associates":"","amazon_native_ad":""},"vid_youtube_automatic_settings":{"vid_ya_youtube_source":"","vid_ya_update_every":"","vid_ya_update_unit":"","vid_ya_categories":"","vid_ya_published_after":"","vid_ya_published_before":"","vid_ya_playlists":"","vid_ya_channels":"","vid_ya_director":"","vid_ya_actor":"","vid_ya_author":"","vid_ya_import_post_date":"","vid_ya_status":"","vid_ya_sub_api_key":""},"vid_ads_m_videoads_settings_post":{"vid_ads_m_video_ads":"","vid_ads_m_video_ads_type":"","vid_ads_m_group_google_ima":"","vid_ads_m_group_image":"","vid_ads_m_group_html5_video":"","vid_ads_m_group_html":"","vid_ads_m_vast_preroll":"","vid_ads_m_vast_postroll":"","vid_ads_m_vast_pauseroll":"","vid_ads_m_vast_midroll":[{"vid_ads_m_vast_timer_seconds":"50"}],"vid_ads_m_time_to_show_ads":"","vid_ads_m_time_skip_ads":"","vid_ads_m_time_to_hide_ads":""},"page_slider_settings":{"display_slider_group":"","page_slider_group":""},"blog_page_settings":{"blog_page_title":"","blog_page_heading":"","blog_page_ic":"","blog_page_it":"","blog_page_ec":"","blog_page_ip":"","archive_loop_style":"","blog_image_ratio":"","blog_show_categories":"","blog_show_excerpt":"","blog_show_author":"","blog_show_date":"","blog_show_comment_count":"","blog_show_view_count":"","blog_show_like_count":"","blog_show_dislike_count":"","blog_items_per_page":"","blog_pag_type":""},"page_options":{"get_page_template":"","color_mode":"","main_layout":"","main_layout_full_with":"","main_logo":"","main_logo_retina":"","main_logo_mobile":"","main_logo_mobile_retina":"","sticky_logo":"","sticky_logo_retina":"","main_nav_layout":"","ajax_search":"","header_background":"","theme_sidebar":"","instagram_feed":"","instagram_feed_position":"","popular_videos":"","popular_videos_title_1":"","popular_videos_title_2":"","popular_videos_ic":"","popular_videos_it":"","theme_background":"","page_custom_css":""},"feature_image_settings":{"feature_image_position":""},"video_player_settings":{"single_video_style":"","video_player_position":"","vm_video_url":"","video_player_library":"","video_streaming":"","vm_media_sources":"","vid_auto_play":"","vm_video_shortcode":"","vid_p_sync_playlist":"","vid_c_sync_channel":"","get_post_format":"","multiple_links_structure":"default","multi_links_title":"","vm_video_multi_links":"","vm_duration":"","vid_social_locker":"off","vid_social_locker_id":"","vid_membership_action":"content-video","vm_video_trailer_url":"","vid_download_type":"free","vid_download_target":"download","vid_woo_product":"","vm_media_download":"","user_rating":"","user_rating_position":"","user_rating_mode":"","user_rating_multi_sets":""},"video_auto_fetch_settings":{"vm_video_fetch":"on"},"video_fake_views_likes":{"vm_fake_views":"","vm_fake_likes":"","vm_fake_dislikes":""},"gallery_settings":{"gallery_position":""},"quote_settings":{"quote_position":""},"post_options":{"main_layout":"","main_logo":"","main_logo_retina":"","main_logo_mobile":"","main_logo_mobile_retina":"","sticky_logo":"","sticky_logo_retina":"","main_nav_layout":"","header_background":"","theme_sidebar":"","single_post_comment_type":"","theme_background":""}},"_links":{"self":[{"href":"https:\/\/canal7slp.tv\/2019\/wp-json\/wp\/v2\/posts\/28947","targetHints":{"allow":["GET"]}}],"collection":[{"href":"https:\/\/canal7slp.tv\/2019\/wp-json\/wp\/v2\/posts"}],"about":[{"href":"https:\/\/canal7slp.tv\/2019\/wp-json\/wp\/v2\/types\/post"}],"author":[{"embeddable":true,"href":"https:\/\/canal7slp.tv\/2019\/wp-json\/wp\/v2\/users\/2"}],"replies":[{"embeddable":true,"href":"https:\/\/canal7slp.tv\/2019\/wp-json\/wp\/v2\/comments?post=28947"}],"version-history":[{"count":0,"href":"https:\/\/canal7slp.tv\/2019\/wp-json\/wp\/v2\/posts\/28947\/revisions"}],"wp:featuredmedia":[{"embeddable":true,"href":"https:\/\/canal7slp.tv\/2019\/wp-json\/wp\/v2\/media\/28948"}],"wp:attachment":[{"href":"https:\/\/canal7slp.tv\/2019\/wp-json\/wp\/v2\/media?parent=28947"}],"wp:term":[{"taxonomy":"category","embeddable":true,"href":"https:\/\/canal7slp.tv\/2019\/wp-json\/wp\/v2\/categories?post=28947"},{"taxonomy":"post_tag","embeddable":true,"href":"https:\/\/canal7slp.tv\/2019\/wp-json\/wp\/v2\/tags?post=28947"}],"curies":[{"name":"wp","href":"https:\/\/api.w.org\/{rel}","templated":true}]}}