{"id":28944,"date":"2019-07-08T18:52:55","date_gmt":"2019-07-08T23:52:55","guid":{"rendered":"https:\/\/canal7slp.tv\/2019\/?p=28944"},"modified":"2019-07-08T19:05:08","modified_gmt":"2019-07-09T00:05:08","slug":"coordinacion-interinstitucional-y-con-la-sociedad-a-favor-de-la-seguridad-jm-carreras","status":"publish","type":"post","link":"https:\/\/canal7slp.tv\/2019\/coordinacion-interinstitucional-y-con-la-sociedad-a-favor-de-la-seguridad-jm-carreras\/","title":{"rendered":"Coordinaci\u00f3n interinstitucional y con la sociedad a favor de la seguridad: JM Carreras"},"content":{"rendered":"<p>Ciudad de M\u00e9xico.- Tras asistir a la XLIV Reuni\u00f3n del Consejo Nacional de Seguridad P\u00fablica y Primera del Consejo Nacional de Protecci\u00f3n Civil en Palacio Nacional, encabezada por el Presidente de M\u00e9xico, Andr\u00e9s Manuel L\u00f3pez Obrador, el Gobernador de San Luis Potos\u00ed, Juan Manuel Carreras L\u00f3pez, destac\u00f3 que la coordinaci\u00f3n de los tres niveles de gobierno y sociedad es fundamental para reducir los indicadores de violencia, con acciones de prevenci\u00f3n, el fomento a los valores familiares, impulso al deporte, la cultura y a la educaci\u00f3n.<\/p>\n<p>En su car\u00e1cter de Vocal de la Comisi\u00f3n Permanente de Prevenci\u00f3n del Delito y Participaci\u00f3n Ciudadana, el jefe del Ejecutivo Estatal, respald\u00f3 la postura del Presidente de la Rep\u00fablica, en el impulso de una pol\u00edtica de colaboraci\u00f3n social y no violencia, mediante un plan para la reducci\u00f3n del consumo de drogas, que atienda a los j\u00f3venes con padecimientos psicol\u00f3gicos o adicciones.<\/p>\n<p>Despu\u00e9s de tomar protesta como integrante del Consejo Nacional de Protecci\u00f3n Civil, Carreras L\u00f3pez, hizo un reconocimiento al apoyo por parte de la Federaci\u00f3n en los recientes incendios sucedidos en la entidad potosina, donde que participaron brigadistas de la Comisi\u00f3n Nacional Forestal, de la Coordinaci\u00f3n Nacional de Protecci\u00f3n Civil, Polic\u00eda Federal y de la de la Fuerza A\u00e9rea Mexicana, quienes facilitaron la atenci\u00f3n al siniestro.<\/p>\n<p>El mandatario indic\u00f3 que, con la Guardia Nacional, se dar\u00e1 una mayor coordinaci\u00f3n entre las diversas autoridades, que fortalecer\u00e1 las estrategias en seguridad, as\u00ed como en la prevenci\u00f3n del delito.<\/p>\n<p>El Presidente de M\u00e9xico, Andr\u00e9s Manuel L\u00f3pez Obrador, expres\u00f3 que estrechar\u00e1 los lazos de cooperaci\u00f3n con los estados, para avanzar en el combate a la delincuencia, al trabajar directamente en las causas que generan la violencia.<\/p>\n<p>Mencion\u00f3 que la estrategia no continuar\u00e1 con la aplicaci\u00f3n de la fuerza, sino que se mejorar\u00e1n las condiciones de vida y trabajo de los mexicanos, se atender\u00e1n las necesidades de la poblaci\u00f3n, principalmente de los j\u00f3venes, para que de esta manera se consiga la paz y la tranquilidad.<\/p>\n<p>L\u00f3pez Obrador, indic\u00f3 que, con la creaci\u00f3n de la Guardia Nacional, respaldada por los Gobernadores y Legisladores Federales, se logr\u00f3 obtener una instituci\u00f3n preparada y respetuosa de los Derechos Humanos.<\/p>\n<p>A la reuni\u00f3n asistieron los Gobernadores de los estados de la Rep\u00fablica con el prop\u00f3sito de analizar las acciones implementadas para hacer frente a la violencia e inseguridad, lo que no se lograr\u00e1 sino es mediante el trabajo conjunto y coordinado de los tres niveles de gobierno.<\/p>\n<p>El Secretario de Seguridad P\u00fablica y Protecci\u00f3n Ciudadana, Alfonso Durazo Monta\u00f1o, agradeci\u00f3 el respaldo de los Gobernadores para la creaci\u00f3n de la Guardia Nacional; as\u00ed como el apoyo para su despliegue en el territorio nacional; destac\u00f3 que ha sido un esfuerzo de los tres niveles de gobierno el establecer el modelo policial que permitir\u00e1 un alto est\u00e1ndar de capacitaci\u00f3n, controles de confianza y profesionalizaci\u00f3n de las polic\u00edas a nivel federal, estatal y municipal.<\/p>\n<p>As\u00ed mismo, Durazo Monta\u00f1o destac\u00f3 la importancia de fortalecer la investigaci\u00f3n, la inteligencia y la operaci\u00f3n de los cuerpos de seguridad para hacer frente al narcotr\u00e1fico y la delincuencia organizada.<\/p>\n<p>A esta sesi\u00f3n asistieron Olga S\u00e1nchez Cordero, Secretaria de Gobernaci\u00f3n; Alejandro Gertz Manero, Fiscal General de la Rep\u00fablica; Alejandro Encinas Rodr\u00edguez, Subsecretario de Derechos Humanos, Poblaci\u00f3n y Migraci\u00f3n de la Secretar\u00eda de Gobernaci\u00f3n; as\u00ed como Gobernadores y otros funcionarios del Gabinete Federal.<\/p>\n","protected":false},"excerpt":{"rendered":"<p>Ciudad de M\u00e9xico.- Tras asistir a la XLIV Reuni\u00f3n del Consejo Nacional de Seguridad P\u00fablica y Primera del Consejo Nacional de Protecci\u00f3n Civil en Palacio Nacional, encabezada por el Presidente de M\u00e9xico, Andr\u00e9s Manuel L\u00f3pez Obrador, el Gobernador de San Luis Potos\u00ed, Juan Manuel Carreras L\u00f3pez, destac\u00f3 que la coordinaci\u00f3n de los tres niveles de [&hellip;]<\/p>\n","protected":false},"author":2,"featured_media":28945,"comment_status":"open","ping_status":"closed","sticky":false,"template":"","format":"standard","meta":{"footnotes":""},"categories":[17],"tags":[111],"class_list":["post-28944","post","type-post","status-publish","format-standard","has-post-thumbnail","hentry","category-localesyregionales","tag-gobierno-slp"],"yoast_head":"<!-- This site is optimized with the Yoast SEO plugin v27.4 - https:\/\/yoast.com\/product\/yoast-seo-wordpress\/ -->\n<title>Coordinaci\u00f3n interinstitucional y con la sociedad a favor de la seguridad: JM Carreras - Canal 7 SLP - 2019<\/title>\n<meta name=\"robots\" content=\"index, follow, max-snippet:-1, max-image-preview:large, max-video-preview:-1\" \/>\n<link rel=\"canonical\" href=\"https:\/\/canal7slp.tv\/2019\/coordinacion-interinstitucional-y-con-la-sociedad-a-favor-de-la-seguridad-jm-carreras\/\" \/>\n<meta property=\"og:locale\" content=\"es_ES\" \/>\n<meta property=\"og:type\" content=\"article\" \/>\n<meta property=\"og:title\" content=\"Coordinaci\u00f3n interinstitucional y con la sociedad a favor de la seguridad: JM Carreras - Canal 7 SLP - 2019\" \/>\n<meta property=\"og:description\" content=\"Ciudad de M\u00e9xico.- Tras asistir a la XLIV Reuni\u00f3n del Consejo Nacional de Seguridad P\u00fablica y Primera del Consejo Nacional de Protecci\u00f3n Civil en Palacio Nacional, encabezada por el Presidente de M\u00e9xico, Andr\u00e9s Manuel L\u00f3pez Obrador, el Gobernador de San Luis Potos\u00ed, Juan Manuel Carreras L\u00f3pez, destac\u00f3 que la coordinaci\u00f3n de los tres niveles de [&hellip;]\" \/>\n<meta property=\"og:url\" content=\"https:\/\/canal7slp.tv\/2019\/coordinacion-interinstitucional-y-con-la-sociedad-a-favor-de-la-seguridad-jm-carreras\/\" \/>\n<meta property=\"og:site_name\" content=\"Canal 7 SLP - 2019\" \/>\n<meta property=\"article:publisher\" content=\"https:\/\/www.facebook.com\/CANAL7SLP\/\" \/>\n<meta property=\"article:published_time\" content=\"2019-07-08T23:52:55+00:00\" \/>\n<meta property=\"article:modified_time\" content=\"2019-07-09T00:05:08+00:00\" \/>\n<meta property=\"og:image\" content=\"https:\/\/canal7slp.tv\/2019\/wp-content\/uploads\/2019\/07\/jmcl_amlo.jpg\" \/>\n\t<meta property=\"og:image:width\" content=\"750\" \/>\n\t<meta property=\"og:image:height\" content=\"562\" \/>\n\t<meta property=\"og:image:type\" content=\"image\/jpeg\" \/>\n<meta name=\"author\" content=\"edicionweb\" \/>\n<meta name=\"twitter:card\" content=\"summary_large_image\" \/>\n<meta name=\"twitter:creator\" content=\"@canal7_slp\" \/>\n<meta name=\"twitter:site\" content=\"@canal7_slp\" \/>\n<meta name=\"twitter:label1\" content=\"Escrito por\" \/>\n\t<meta name=\"twitter:data1\" content=\"edicionweb\" \/>\n\t<meta name=\"twitter:label2\" content=\"Tiempo de lectura\" \/>\n\t<meta name=\"twitter:data2\" content=\"3 minutos\" \/>\n<script type=\"application\/ld+json\" class=\"yoast-schema-graph\">{\"@context\":\"https:\\\/\\\/schema.org\",\"@graph\":[{\"@type\":\"Article\",\"@id\":\"https:\\\/\\\/canal7slp.tv\\\/2019\\\/coordinacion-interinstitucional-y-con-la-sociedad-a-favor-de-la-seguridad-jm-carreras\\\/#article\",\"isPartOf\":{\"@id\":\"https:\\\/\\\/canal7slp.tv\\\/2019\\\/coordinacion-interinstitucional-y-con-la-sociedad-a-favor-de-la-seguridad-jm-carreras\\\/\"},\"author\":{\"name\":\"edicionweb\",\"@id\":\"https:\\\/\\\/canal7slp.tv\\\/2019\\\/#\\\/schema\\\/person\\\/11d941c1c6ca30ac0a46b95fa37aa2e3\"},\"headline\":\"Coordinaci\u00f3n interinstitucional y con la sociedad a favor de la seguridad: JM Carreras\",\"datePublished\":\"2019-07-08T23:52:55+00:00\",\"dateModified\":\"2019-07-09T00:05:08+00:00\",\"mainEntityOfPage\":{\"@id\":\"https:\\\/\\\/canal7slp.tv\\\/2019\\\/coordinacion-interinstitucional-y-con-la-sociedad-a-favor-de-la-seguridad-jm-carreras\\\/\"},\"wordCount\":631,\"commentCount\":0,\"publisher\":{\"@id\":\"https:\\\/\\\/canal7slp.tv\\\/2019\\\/#organization\"},\"image\":{\"@id\":\"https:\\\/\\\/canal7slp.tv\\\/2019\\\/coordinacion-interinstitucional-y-con-la-sociedad-a-favor-de-la-seguridad-jm-carreras\\\/#primaryimage\"},\"thumbnailUrl\":\"https:\\\/\\\/canal7slp.tv\\\/2019\\\/wp-content\\\/uploads\\\/2019\\\/07\\\/jmcl_amlo.jpg\",\"keywords\":[\"Gobierno SLP\"],\"articleSection\":[\"LOCALES Y REGIONALES\"],\"inLanguage\":\"es\",\"potentialAction\":[{\"@type\":\"CommentAction\",\"name\":\"Comment\",\"target\":[\"https:\\\/\\\/canal7slp.tv\\\/2019\\\/coordinacion-interinstitucional-y-con-la-sociedad-a-favor-de-la-seguridad-jm-carreras\\\/#respond\"]}]},{\"@type\":\"WebPage\",\"@id\":\"https:\\\/\\\/canal7slp.tv\\\/2019\\\/coordinacion-interinstitucional-y-con-la-sociedad-a-favor-de-la-seguridad-jm-carreras\\\/\",\"url\":\"https:\\\/\\\/canal7slp.tv\\\/2019\\\/coordinacion-interinstitucional-y-con-la-sociedad-a-favor-de-la-seguridad-jm-carreras\\\/\",\"name\":\"Coordinaci\u00f3n interinstitucional y con la sociedad a favor de la seguridad: JM Carreras - Canal 7 SLP - 2019\",\"isPartOf\":{\"@id\":\"https:\\\/\\\/canal7slp.tv\\\/2019\\\/#website\"},\"primaryImageOfPage\":{\"@id\":\"https:\\\/\\\/canal7slp.tv\\\/2019\\\/coordinacion-interinstitucional-y-con-la-sociedad-a-favor-de-la-seguridad-jm-carreras\\\/#primaryimage\"},\"image\":{\"@id\":\"https:\\\/\\\/canal7slp.tv\\\/2019\\\/coordinacion-interinstitucional-y-con-la-sociedad-a-favor-de-la-seguridad-jm-carreras\\\/#primaryimage\"},\"thumbnailUrl\":\"https:\\\/\\\/canal7slp.tv\\\/2019\\\/wp-content\\\/uploads\\\/2019\\\/07\\\/jmcl_amlo.jpg\",\"datePublished\":\"2019-07-08T23:52:55+00:00\",\"dateModified\":\"2019-07-09T00:05:08+00:00\",\"breadcrumb\":{\"@id\":\"https:\\\/\\\/canal7slp.tv\\\/2019\\\/coordinacion-interinstitucional-y-con-la-sociedad-a-favor-de-la-seguridad-jm-carreras\\\/#breadcrumb\"},\"inLanguage\":\"es\",\"potentialAction\":[{\"@type\":\"ReadAction\",\"target\":[\"https:\\\/\\\/canal7slp.tv\\\/2019\\\/coordinacion-interinstitucional-y-con-la-sociedad-a-favor-de-la-seguridad-jm-carreras\\\/\"]}]},{\"@type\":\"ImageObject\",\"inLanguage\":\"es\",\"@id\":\"https:\\\/\\\/canal7slp.tv\\\/2019\\\/coordinacion-interinstitucional-y-con-la-sociedad-a-favor-de-la-seguridad-jm-carreras\\\/#primaryimage\",\"url\":\"https:\\\/\\\/canal7slp.tv\\\/2019\\\/wp-content\\\/uploads\\\/2019\\\/07\\\/jmcl_amlo.jpg\",\"contentUrl\":\"https:\\\/\\\/canal7slp.tv\\\/2019\\\/wp-content\\\/uploads\\\/2019\\\/07\\\/jmcl_amlo.jpg\",\"width\":750,\"height\":562},{\"@type\":\"BreadcrumbList\",\"@id\":\"https:\\\/\\\/canal7slp.tv\\\/2019\\\/coordinacion-interinstitucional-y-con-la-sociedad-a-favor-de-la-seguridad-jm-carreras\\\/#breadcrumb\",\"itemListElement\":[{\"@type\":\"ListItem\",\"position\":1,\"name\":\"Home\",\"item\":\"https:\\\/\\\/canal7slp.tv\\\/2019\\\/\"},{\"@type\":\"ListItem\",\"position\":2,\"name\":\"Coordinaci\u00f3n interinstitucional y con la sociedad a favor de la seguridad: JM Carreras\"}]},{\"@type\":\"WebSite\",\"@id\":\"https:\\\/\\\/canal7slp.tv\\\/2019\\\/#website\",\"url\":\"https:\\\/\\\/canal7slp.tv\\\/2019\\\/\",\"name\":\"Canal 7 SLP - Somos TV\",\"description\":\"Somos un Canal de 10\",\"publisher\":{\"@id\":\"https:\\\/\\\/canal7slp.tv\\\/2019\\\/#organization\"},\"potentialAction\":[{\"@type\":\"SearchAction\",\"target\":{\"@type\":\"EntryPoint\",\"urlTemplate\":\"https:\\\/\\\/canal7slp.tv\\\/2019\\\/?s={search_term_string}\"},\"query-input\":{\"@type\":\"PropertyValueSpecification\",\"valueRequired\":true,\"valueName\":\"search_term_string\"}}],\"inLanguage\":\"es\"},{\"@type\":\"Organization\",\"@id\":\"https:\\\/\\\/canal7slp.tv\\\/2019\\\/#organization\",\"name\":\"Comunicaci\u00f3n 2000 S.A. de C.V.\",\"url\":\"https:\\\/\\\/canal7slp.tv\\\/2019\\\/\",\"logo\":{\"@type\":\"ImageObject\",\"inLanguage\":\"es\",\"@id\":\"https:\\\/\\\/canal7slp.tv\\\/2019\\\/#\\\/schema\\\/logo\\\/image\\\/\",\"url\":\"https:\\\/\\\/canal7slp.tv\\\/2019\\\/wp-content\\\/uploads\\\/2019\\\/07\\\/logo-c7.png\",\"contentUrl\":\"https:\\\/\\\/canal7slp.tv\\\/2019\\\/wp-content\\\/uploads\\\/2019\\\/07\\\/logo-c7.png\",\"width\":220,\"height\":60,\"caption\":\"Comunicaci\u00f3n 2000 S.A. de C.V.\"},\"image\":{\"@id\":\"https:\\\/\\\/canal7slp.tv\\\/2019\\\/#\\\/schema\\\/logo\\\/image\\\/\"},\"sameAs\":[\"https:\\\/\\\/www.facebook.com\\\/CANAL7SLP\\\/\",\"https:\\\/\\\/x.com\\\/canal7_slp\",\"https:\\\/\\\/www.instagram.com\\\/canal7_slp\",\"https:\\\/\\\/www.youtube.com\\\/user\\\/NOTICIEROSCANAL7SLP\\\/\"]},{\"@type\":\"Person\",\"@id\":\"https:\\\/\\\/canal7slp.tv\\\/2019\\\/#\\\/schema\\\/person\\\/11d941c1c6ca30ac0a46b95fa37aa2e3\",\"name\":\"edicionweb\",\"image\":{\"@type\":\"ImageObject\",\"inLanguage\":\"es\",\"@id\":\"https:\\\/\\\/secure.gravatar.com\\\/avatar\\\/eee448fc3f7164808013b816ba91ac7e43bbe82a70bebac296f8bc6f0addaa1a?s=96&d=mm&r=g\",\"url\":\"https:\\\/\\\/secure.gravatar.com\\\/avatar\\\/eee448fc3f7164808013b816ba91ac7e43bbe82a70bebac296f8bc6f0addaa1a?s=96&d=mm&r=g\",\"contentUrl\":\"https:\\\/\\\/secure.gravatar.com\\\/avatar\\\/eee448fc3f7164808013b816ba91ac7e43bbe82a70bebac296f8bc6f0addaa1a?s=96&d=mm&r=g\",\"caption\":\"edicionweb\"}}]}<\/script>\n<!-- \/ Yoast SEO plugin. -->","yoast_head_json":{"title":"Coordinaci\u00f3n interinstitucional y con la sociedad a favor de la seguridad: JM Carreras - Canal 7 SLP - 2019","robots":{"index":"index","follow":"follow","max-snippet":"max-snippet:-1","max-image-preview":"max-image-preview:large","max-video-preview":"max-video-preview:-1"},"canonical":"https:\/\/canal7slp.tv\/2019\/coordinacion-interinstitucional-y-con-la-sociedad-a-favor-de-la-seguridad-jm-carreras\/","og_locale":"es_ES","og_type":"article","og_title":"Coordinaci\u00f3n interinstitucional y con la sociedad a favor de la seguridad: JM Carreras - Canal 7 SLP - 2019","og_description":"Ciudad de M\u00e9xico.- Tras asistir a la XLIV Reuni\u00f3n del Consejo Nacional de Seguridad P\u00fablica y Primera del Consejo Nacional de Protecci\u00f3n Civil en Palacio Nacional, encabezada por el Presidente de M\u00e9xico, Andr\u00e9s Manuel L\u00f3pez Obrador, el Gobernador de San Luis Potos\u00ed, Juan Manuel Carreras L\u00f3pez, destac\u00f3 que la coordinaci\u00f3n de los tres niveles de [&hellip;]","og_url":"https:\/\/canal7slp.tv\/2019\/coordinacion-interinstitucional-y-con-la-sociedad-a-favor-de-la-seguridad-jm-carreras\/","og_site_name":"Canal 7 SLP - 2019","article_publisher":"https:\/\/www.facebook.com\/CANAL7SLP\/","article_published_time":"2019-07-08T23:52:55+00:00","article_modified_time":"2019-07-09T00:05:08+00:00","og_image":[{"width":750,"height":562,"url":"https:\/\/canal7slp.tv\/2019\/wp-content\/uploads\/2019\/07\/jmcl_amlo.jpg","type":"image\/jpeg"}],"author":"edicionweb","twitter_card":"summary_large_image","twitter_creator":"@canal7_slp","twitter_site":"@canal7_slp","twitter_misc":{"Escrito por":"edicionweb","Tiempo de lectura":"3 minutos"},"schema":{"@context":"https:\/\/schema.org","@graph":[{"@type":"Article","@id":"https:\/\/canal7slp.tv\/2019\/coordinacion-interinstitucional-y-con-la-sociedad-a-favor-de-la-seguridad-jm-carreras\/#article","isPartOf":{"@id":"https:\/\/canal7slp.tv\/2019\/coordinacion-interinstitucional-y-con-la-sociedad-a-favor-de-la-seguridad-jm-carreras\/"},"author":{"name":"edicionweb","@id":"https:\/\/canal7slp.tv\/2019\/#\/schema\/person\/11d941c1c6ca30ac0a46b95fa37aa2e3"},"headline":"Coordinaci\u00f3n interinstitucional y con la sociedad a favor de la seguridad: JM Carreras","datePublished":"2019-07-08T23:52:55+00:00","dateModified":"2019-07-09T00:05:08+00:00","mainEntityOfPage":{"@id":"https:\/\/canal7slp.tv\/2019\/coordinacion-interinstitucional-y-con-la-sociedad-a-favor-de-la-seguridad-jm-carreras\/"},"wordCount":631,"commentCount":0,"publisher":{"@id":"https:\/\/canal7slp.tv\/2019\/#organization"},"image":{"@id":"https:\/\/canal7slp.tv\/2019\/coordinacion-interinstitucional-y-con-la-sociedad-a-favor-de-la-seguridad-jm-carreras\/#primaryimage"},"thumbnailUrl":"https:\/\/canal7slp.tv\/2019\/wp-content\/uploads\/2019\/07\/jmcl_amlo.jpg","keywords":["Gobierno SLP"],"articleSection":["LOCALES Y REGIONALES"],"inLanguage":"es","potentialAction":[{"@type":"CommentAction","name":"Comment","target":["https:\/\/canal7slp.tv\/2019\/coordinacion-interinstitucional-y-con-la-sociedad-a-favor-de-la-seguridad-jm-carreras\/#respond"]}]},{"@type":"WebPage","@id":"https:\/\/canal7slp.tv\/2019\/coordinacion-interinstitucional-y-con-la-sociedad-a-favor-de-la-seguridad-jm-carreras\/","url":"https:\/\/canal7slp.tv\/2019\/coordinacion-interinstitucional-y-con-la-sociedad-a-favor-de-la-seguridad-jm-carreras\/","name":"Coordinaci\u00f3n interinstitucional y con la sociedad a favor de la seguridad: JM Carreras - Canal 7 SLP - 2019","isPartOf":{"@id":"https:\/\/canal7slp.tv\/2019\/#website"},"primaryImageOfPage":{"@id":"https:\/\/canal7slp.tv\/2019\/coordinacion-interinstitucional-y-con-la-sociedad-a-favor-de-la-seguridad-jm-carreras\/#primaryimage"},"image":{"@id":"https:\/\/canal7slp.tv\/2019\/coordinacion-interinstitucional-y-con-la-sociedad-a-favor-de-la-seguridad-jm-carreras\/#primaryimage"},"thumbnailUrl":"https:\/\/canal7slp.tv\/2019\/wp-content\/uploads\/2019\/07\/jmcl_amlo.jpg","datePublished":"2019-07-08T23:52:55+00:00","dateModified":"2019-07-09T00:05:08+00:00","breadcrumb":{"@id":"https:\/\/canal7slp.tv\/2019\/coordinacion-interinstitucional-y-con-la-sociedad-a-favor-de-la-seguridad-jm-carreras\/#breadcrumb"},"inLanguage":"es","potentialAction":[{"@type":"ReadAction","target":["https:\/\/canal7slp.tv\/2019\/coordinacion-interinstitucional-y-con-la-sociedad-a-favor-de-la-seguridad-jm-carreras\/"]}]},{"@type":"ImageObject","inLanguage":"es","@id":"https:\/\/canal7slp.tv\/2019\/coordinacion-interinstitucional-y-con-la-sociedad-a-favor-de-la-seguridad-jm-carreras\/#primaryimage","url":"https:\/\/canal7slp.tv\/2019\/wp-content\/uploads\/2019\/07\/jmcl_amlo.jpg","contentUrl":"https:\/\/canal7slp.tv\/2019\/wp-content\/uploads\/2019\/07\/jmcl_amlo.jpg","width":750,"height":562},{"@type":"BreadcrumbList","@id":"https:\/\/canal7slp.tv\/2019\/coordinacion-interinstitucional-y-con-la-sociedad-a-favor-de-la-seguridad-jm-carreras\/#breadcrumb","itemListElement":[{"@type":"ListItem","position":1,"name":"Home","item":"https:\/\/canal7slp.tv\/2019\/"},{"@type":"ListItem","position":2,"name":"Coordinaci\u00f3n interinstitucional y con la sociedad a favor de la seguridad: JM Carreras"}]},{"@type":"WebSite","@id":"https:\/\/canal7slp.tv\/2019\/#website","url":"https:\/\/canal7slp.tv\/2019\/","name":"Canal 7 SLP - Somos TV","description":"Somos un Canal de 10","publisher":{"@id":"https:\/\/canal7slp.tv\/2019\/#organization"},"potentialAction":[{"@type":"SearchAction","target":{"@type":"EntryPoint","urlTemplate":"https:\/\/canal7slp.tv\/2019\/?s={search_term_string}"},"query-input":{"@type":"PropertyValueSpecification","valueRequired":true,"valueName":"search_term_string"}}],"inLanguage":"es"},{"@type":"Organization","@id":"https:\/\/canal7slp.tv\/2019\/#organization","name":"Comunicaci\u00f3n 2000 S.A. de C.V.","url":"https:\/\/canal7slp.tv\/2019\/","logo":{"@type":"ImageObject","inLanguage":"es","@id":"https:\/\/canal7slp.tv\/2019\/#\/schema\/logo\/image\/","url":"https:\/\/canal7slp.tv\/2019\/wp-content\/uploads\/2019\/07\/logo-c7.png","contentUrl":"https:\/\/canal7slp.tv\/2019\/wp-content\/uploads\/2019\/07\/logo-c7.png","width":220,"height":60,"caption":"Comunicaci\u00f3n 2000 S.A. de C.V."},"image":{"@id":"https:\/\/canal7slp.tv\/2019\/#\/schema\/logo\/image\/"},"sameAs":["https:\/\/www.facebook.com\/CANAL7SLP\/","https:\/\/x.com\/canal7_slp","https:\/\/www.instagram.com\/canal7_slp","https:\/\/www.youtube.com\/user\/NOTICIEROSCANAL7SLP\/"]},{"@type":"Person","@id":"https:\/\/canal7slp.tv\/2019\/#\/schema\/person\/11d941c1c6ca30ac0a46b95fa37aa2e3","name":"edicionweb","image":{"@type":"ImageObject","inLanguage":"es","@id":"https:\/\/secure.gravatar.com\/avatar\/eee448fc3f7164808013b816ba91ac7e43bbe82a70bebac296f8bc6f0addaa1a?s=96&d=mm&r=g","url":"https:\/\/secure.gravatar.com\/avatar\/eee448fc3f7164808013b816ba91ac7e43bbe82a70bebac296f8bc6f0addaa1a?s=96&d=mm&r=g","contentUrl":"https:\/\/secure.gravatar.com\/avatar\/eee448fc3f7164808013b816ba91ac7e43bbe82a70bebac296f8bc6f0addaa1a?s=96&d=mm&r=g","caption":"edicionweb"}}]}},"amp_enabled":true,"cmb2":{"video_ids_in_playlist":{"vid_p_videos":""},"video_ids_in_channel":{"vid_c_videos":""},"playlist_ids_in_channel":{"vid_c_playlists":""},"series_ids_in_channel":{"vid_c_series":""},"channel_images":{"vid_c_logo":"","vid_c_banner":""},"poster_feature_image":{"vid_m_poster_image":""},"gif_feature_image":{"vid_m_gif_image":""},"video_movie_settings":{"vid_m_director":"","vid_m_actor":"","vid_m_imdb_ratings":"","vid_m_amazon_associates":""},"vid_youtube_broadcasts_settings":{"vid_yb_broadcast_title":"","vid_yb_q":"","vid_yb_channelid":"","vid_yb_videocategoryid":"","vid_yb_maxresults":"","vid_yb_order":"","vid_yb_regioncode":"","vid_yb_videosyndicated":"","vid_yb_style":"","vid_yb_reload_first":""},"video_series_settings":{"vid_m_director":"","vid_m_actor":"","vid_m_imdb_ratings":"","video_series_group":""},"amazon_associates_settings":{"amazon_associates":"","amazon_native_ad":""},"vid_youtube_automatic_settings":{"vid_ya_youtube_source":"","vid_ya_update_every":"","vid_ya_update_unit":"","vid_ya_categories":"","vid_ya_published_after":"","vid_ya_published_before":"","vid_ya_playlists":"","vid_ya_channels":"","vid_ya_director":"","vid_ya_actor":"","vid_ya_author":"","vid_ya_import_post_date":"","vid_ya_status":"","vid_ya_sub_api_key":""},"vid_ads_m_videoads_settings_post":{"vid_ads_m_video_ads":"","vid_ads_m_video_ads_type":"","vid_ads_m_group_google_ima":"","vid_ads_m_group_image":"","vid_ads_m_group_html5_video":"","vid_ads_m_group_html":"","vid_ads_m_vast_preroll":"","vid_ads_m_vast_postroll":"","vid_ads_m_vast_pauseroll":"","vid_ads_m_vast_midroll":[{"vid_ads_m_vast_timer_seconds":"50"}],"vid_ads_m_time_to_show_ads":"","vid_ads_m_time_skip_ads":"","vid_ads_m_time_to_hide_ads":""},"page_slider_settings":{"display_slider_group":"","page_slider_group":""},"blog_page_settings":{"blog_page_title":"","blog_page_heading":"","blog_page_ic":"","blog_page_it":"","blog_page_ec":"","blog_page_ip":"","archive_loop_style":"","blog_image_ratio":"","blog_show_categories":"","blog_show_excerpt":"","blog_show_author":"","blog_show_date":"","blog_show_comment_count":"","blog_show_view_count":"","blog_show_like_count":"","blog_show_dislike_count":"","blog_items_per_page":"","blog_pag_type":""},"page_options":{"get_page_template":"","color_mode":"","main_layout":"","main_layout_full_with":"","main_logo":"","main_logo_retina":"","main_logo_mobile":"","main_logo_mobile_retina":"","sticky_logo":"","sticky_logo_retina":"","main_nav_layout":"","ajax_search":"","header_background":"","theme_sidebar":"","instagram_feed":"","instagram_feed_position":"","popular_videos":"","popular_videos_title_1":"","popular_videos_title_2":"","popular_videos_ic":"","popular_videos_it":"","theme_background":"","page_custom_css":""},"feature_image_settings":{"feature_image_position":""},"video_player_settings":{"single_video_style":"","video_player_position":"","vm_video_url":"","video_player_library":"","video_streaming":"","vm_media_sources":"","vid_auto_play":"","vm_video_shortcode":"","vid_p_sync_playlist":"","vid_c_sync_channel":"","get_post_format":"","multiple_links_structure":"default","multi_links_title":"","vm_video_multi_links":"","vm_duration":"","vid_social_locker":"off","vid_social_locker_id":"","vid_membership_action":"content-video","vm_video_trailer_url":"","vid_download_type":"free","vid_download_target":"download","vid_woo_product":"","vm_media_download":"","user_rating":"","user_rating_position":"","user_rating_mode":"","user_rating_multi_sets":""},"video_auto_fetch_settings":{"vm_video_fetch":"on"},"video_fake_views_likes":{"vm_fake_views":"","vm_fake_likes":"","vm_fake_dislikes":""},"gallery_settings":{"gallery_position":""},"quote_settings":{"quote_position":""},"post_options":{"main_layout":"","main_logo":"","main_logo_retina":"","main_logo_mobile":"","main_logo_mobile_retina":"","sticky_logo":"","sticky_logo_retina":"","main_nav_layout":"","header_background":"","theme_sidebar":"","single_post_comment_type":"","theme_background":""}},"_links":{"self":[{"href":"https:\/\/canal7slp.tv\/2019\/wp-json\/wp\/v2\/posts\/28944","targetHints":{"allow":["GET"]}}],"collection":[{"href":"https:\/\/canal7slp.tv\/2019\/wp-json\/wp\/v2\/posts"}],"about":[{"href":"https:\/\/canal7slp.tv\/2019\/wp-json\/wp\/v2\/types\/post"}],"author":[{"embeddable":true,"href":"https:\/\/canal7slp.tv\/2019\/wp-json\/wp\/v2\/users\/2"}],"replies":[{"embeddable":true,"href":"https:\/\/canal7slp.tv\/2019\/wp-json\/wp\/v2\/comments?post=28944"}],"version-history":[{"count":0,"href":"https:\/\/canal7slp.tv\/2019\/wp-json\/wp\/v2\/posts\/28944\/revisions"}],"wp:featuredmedia":[{"embeddable":true,"href":"https:\/\/canal7slp.tv\/2019\/wp-json\/wp\/v2\/media\/28945"}],"wp:attachment":[{"href":"https:\/\/canal7slp.tv\/2019\/wp-json\/wp\/v2\/media?parent=28944"}],"wp:term":[{"taxonomy":"category","embeddable":true,"href":"https:\/\/canal7slp.tv\/2019\/wp-json\/wp\/v2\/categories?post=28944"},{"taxonomy":"post_tag","embeddable":true,"href":"https:\/\/canal7slp.tv\/2019\/wp-json\/wp\/v2\/tags?post=28944"}],"curies":[{"name":"wp","href":"https:\/\/api.w.org\/{rel}","templated":true}]}}