{"id":28428,"date":"2019-07-08T15:27:02","date_gmt":"2019-07-08T20:27:02","guid":{"rendered":"https:\/\/canal7slp.tv\/2019\/?p=28428"},"modified":"2019-07-08T15:27:02","modified_gmt":"2019-07-08T20:27:02","slug":"lopez-obrador-llama-a-cerrar-filas-para-abatir-inseguridad-y-violencia","status":"publish","type":"post","link":"https:\/\/canal7slp.tv\/2019\/lopez-obrador-llama-a-cerrar-filas-para-abatir-inseguridad-y-violencia\/","title":{"rendered":"L\u00f3pez Obrador llama a cerrar filas para abatir inseguridad y violencia"},"content":{"rendered":"<p style=\"text-align: justify;\">M\u00e9xico.- El presidente Andr\u00e9s Manuel L\u00f3pez Obrador llam\u00f3 a los tres \u00f3rdenes de gobierno a cerrar filas para enfrentar los problemas de inseguridad y violencia en el pa\u00eds.<\/p>\n<p style=\"text-align: justify;\">Durante la sesi\u00f3n del Consejo Nacional de Seguridad P\u00fablica que se llev\u00f3 a cabo en Palacio Nacional, en su calidad de presidente de ese instrumento, plante\u00f3 que se necesita de la suma de voluntades para enfrentar los graves problemas nacionales y avanzar hacia la paz y la seguridad que demanda la poblaci\u00f3n.<\/p>\n<p style=\"text-align: justify;\">\u201cTenemos que seguir actuando juntos con respeto a las autonom\u00edas, a los poderes, pero cooperando para enfrentar los grandes problemas nacionales.<\/p>\n<p style=\"text-align: justify;\">&#8220;En este caso tenemos que cerrar filas para enfrentar los graves problemas de la inseguridad y la violencia. Se necesita de la suma de voluntades para avanzar en ese prop\u00f3sito\u201d, subray\u00f3 el titular del Ejecutivo federal.<\/p>\n<p style=\"text-align: justify;\">Sostuvo que la creaci\u00f3n de la Guardia Nacional va en ese sentido y que su gobierno busca atender las causas que originaron esos flagelos, sin que ello implique el uso de medidas coercitivas, pues est\u00e1 demostrado que \u201cno funciona\u201d.<\/p>\n<p style=\"text-align: justify;\">\u201cEntonces, aunque nos lleve tiempo, tenemos que atender las causas, el mexicano no es malo por naturaleza. Son las circunstancias las que llevan a muchos a seguir conductas antisociales\u201d, a\u00f1adi\u00f3 tras subrayar que la paz y la tranquilidad son fruto de la justicia.<\/p>\n<p style=\"text-align: justify;\">El mandatario mencion\u00f3 que las recientes manifestaciones de la Polic\u00eda Federal (PF), a su decir sin raz\u00f3n, demostraron que \u00e9sta no estaba a la altura de las circunstancias y dio la raz\u00f3n a la creaci\u00f3n, por consenso, de la Guardia Nacional.<\/p>\n<p style=\"text-align: justify;\">\u201cLa Guardia Nacional es un logro important\u00edsimo\u201d, a\u00f1adi\u00f3, para luego comentar: \u201c\u00a1Imag\u00ednense una instituci\u00f3n que debe ser ejemplo de disciplina, que se rebela y toma las calles! Esto reafirm\u00f3 nuestra convicci\u00f3n de que era necesaria la creaci\u00f3n de la Guardia Nacional\u201d.<\/p>\n<p style=\"text-align: justify;\">Reiter\u00f3 que en el caso de la PF \u201cno existe un motivo (para las manifestaciones), porque no se est\u00e1 despidiendo a ning\u00fan elemento, (adem\u00e1s de que) no se reducen sueldos ni prestaciones\u201d.<\/p>\n<p style=\"text-align: justify;\">El presidente L\u00f3pez Obrador resalt\u00f3 las prioridades de su gobierno como atender las necesidades del pueblo y, en especial, \u201cla atenci\u00f3n a los m\u00e1s necesitados, a los pobres, a los marginados\u201d.<\/p>\n<p style=\"text-align: justify;\">Indic\u00f3 que 600 mil j\u00f3venes se han sumado al Programa J\u00f3venes Construyendo el futuro \u201cy vamos a continuar hasta que sean dos millones 300 mil y no quede ning\u00fan joven sin oportunidad de estudio y de trabajo\u201d.<\/p>\n<p style=\"text-align: justify;\">\u201cVienen otras cosas, pero lo m\u00e1s importante es que actuemos unidos. Yo siempre voy a respetar a los Poderes, la soberan\u00eda de los estados y de los gobiernos municipales y cada quien, desde el \u00e1mbito de su competencia, puede ayudar para que haya paz, tranquilidad y felicidad\u201d.<\/p>\n<p style=\"text-align: justify;\">Durante la sesi\u00f3n el mandatario tom\u00f3 protesta a los integrantes del Consejo Nacional de Protecci\u00f3n Civil porque, dijo, se requiere actuar juntos, como en el caso de los incendios forestales sin necesidad de emitir \u201cdeclaratorias de emergencia\u201d para hacer negocios.<\/p>\n<p style=\"text-align: justify;\">L\u00f3pez Obrador destac\u00f3 que en esas acciones trabajaron los tres niveles de gobierno, al lado de las secretar\u00edas de Marina-Armada de M\u00e9xico (Semar) y\u00a0 Defensa Nacional (Sedena).<\/p>\n","protected":false},"excerpt":{"rendered":"<p>M\u00e9xico.- El presidente Andr\u00e9s Manuel L\u00f3pez Obrador llam\u00f3 a los tres \u00f3rdenes de gobierno a cerrar filas para enfrentar los problemas de inseguridad y violencia en el pa\u00eds. Durante la sesi\u00f3n del Consejo Nacional de Seguridad P\u00fablica que se llev\u00f3 a cabo en Palacio Nacional, en su calidad de presidente de ese instrumento, plante\u00f3 que [&hellip;]<\/p>\n","protected":false},"author":2,"featured_media":28430,"comment_status":"open","ping_status":"closed","sticky":false,"template":"","format":"standard","meta":{"footnotes":""},"categories":[30],"tags":[],"class_list":["post-28428","post","type-post","status-publish","format-standard","has-post-thumbnail","hentry","category-nacional"],"yoast_head":"<!-- This site is optimized with the Yoast SEO plugin v27.5 - https:\/\/yoast.com\/product\/yoast-seo-wordpress\/ -->\n<title>L\u00f3pez Obrador llama a cerrar filas para abatir inseguridad y violencia - Canal 7 SLP - 2019<\/title>\n<meta name=\"robots\" content=\"index, follow, max-snippet:-1, max-image-preview:large, max-video-preview:-1\" \/>\n<link rel=\"canonical\" href=\"https:\/\/canal7slp.tv\/2019\/lopez-obrador-llama-a-cerrar-filas-para-abatir-inseguridad-y-violencia\/\" \/>\n<meta property=\"og:locale\" content=\"es_ES\" \/>\n<meta property=\"og:type\" content=\"article\" \/>\n<meta property=\"og:title\" content=\"L\u00f3pez Obrador llama a cerrar filas para abatir inseguridad y violencia - Canal 7 SLP - 2019\" \/>\n<meta property=\"og:description\" content=\"M\u00e9xico.- El presidente Andr\u00e9s Manuel L\u00f3pez Obrador llam\u00f3 a los tres \u00f3rdenes de gobierno a cerrar filas para enfrentar los problemas de inseguridad y violencia en el pa\u00eds. Durante la sesi\u00f3n del Consejo Nacional de Seguridad P\u00fablica que se llev\u00f3 a cabo en Palacio Nacional, en su calidad de presidente de ese instrumento, plante\u00f3 que [&hellip;]\" \/>\n<meta property=\"og:url\" content=\"https:\/\/canal7slp.tv\/2019\/lopez-obrador-llama-a-cerrar-filas-para-abatir-inseguridad-y-violencia\/\" \/>\n<meta property=\"og:site_name\" content=\"Canal 7 SLP - 2019\" \/>\n<meta property=\"article:publisher\" content=\"https:\/\/www.facebook.com\/CANAL7SLP\/\" \/>\n<meta property=\"article:published_time\" content=\"2019-07-08T20:27:02+00:00\" \/>\n<meta property=\"og:image\" content=\"https:\/\/canal7slp.tv\/2019\/wp-content\/uploads\/2019\/07\/20-4.jpg\" \/>\n\t<meta property=\"og:image:width\" content=\"750\" \/>\n\t<meta property=\"og:image:height\" content=\"500\" \/>\n\t<meta property=\"og:image:type\" content=\"image\/jpeg\" \/>\n<meta name=\"author\" content=\"edicionweb\" \/>\n<meta name=\"twitter:card\" content=\"summary_large_image\" \/>\n<meta name=\"twitter:creator\" content=\"@canal7_slp\" \/>\n<meta name=\"twitter:site\" content=\"@canal7_slp\" \/>\n<meta name=\"twitter:label1\" content=\"Escrito por\" \/>\n\t<meta name=\"twitter:data1\" content=\"edicionweb\" \/>\n\t<meta name=\"twitter:label2\" content=\"Tiempo de lectura\" \/>\n\t<meta name=\"twitter:data2\" content=\"3 minutos\" \/>\n<script type=\"application\/ld+json\" class=\"yoast-schema-graph\">{\"@context\":\"https:\\\/\\\/schema.org\",\"@graph\":[{\"@type\":\"Article\",\"@id\":\"https:\\\/\\\/canal7slp.tv\\\/2019\\\/lopez-obrador-llama-a-cerrar-filas-para-abatir-inseguridad-y-violencia\\\/#article\",\"isPartOf\":{\"@id\":\"https:\\\/\\\/canal7slp.tv\\\/2019\\\/lopez-obrador-llama-a-cerrar-filas-para-abatir-inseguridad-y-violencia\\\/\"},\"author\":{\"name\":\"edicionweb\",\"@id\":\"https:\\\/\\\/canal7slp.tv\\\/2019\\\/#\\\/schema\\\/person\\\/11d941c1c6ca30ac0a46b95fa37aa2e3\"},\"headline\":\"L\u00f3pez Obrador llama a cerrar filas para abatir inseguridad y violencia\",\"datePublished\":\"2019-07-08T20:27:02+00:00\",\"mainEntityOfPage\":{\"@id\":\"https:\\\/\\\/canal7slp.tv\\\/2019\\\/lopez-obrador-llama-a-cerrar-filas-para-abatir-inseguridad-y-violencia\\\/\"},\"wordCount\":562,\"commentCount\":0,\"publisher\":{\"@id\":\"https:\\\/\\\/canal7slp.tv\\\/2019\\\/#organization\"},\"image\":{\"@id\":\"https:\\\/\\\/canal7slp.tv\\\/2019\\\/lopez-obrador-llama-a-cerrar-filas-para-abatir-inseguridad-y-violencia\\\/#primaryimage\"},\"thumbnailUrl\":\"https:\\\/\\\/canal7slp.tv\\\/2019\\\/wp-content\\\/uploads\\\/2019\\\/07\\\/20-4.jpg\",\"articleSection\":[\"NACIONAL\"],\"inLanguage\":\"es\",\"potentialAction\":[{\"@type\":\"CommentAction\",\"name\":\"Comment\",\"target\":[\"https:\\\/\\\/canal7slp.tv\\\/2019\\\/lopez-obrador-llama-a-cerrar-filas-para-abatir-inseguridad-y-violencia\\\/#respond\"]}]},{\"@type\":\"WebPage\",\"@id\":\"https:\\\/\\\/canal7slp.tv\\\/2019\\\/lopez-obrador-llama-a-cerrar-filas-para-abatir-inseguridad-y-violencia\\\/\",\"url\":\"https:\\\/\\\/canal7slp.tv\\\/2019\\\/lopez-obrador-llama-a-cerrar-filas-para-abatir-inseguridad-y-violencia\\\/\",\"name\":\"L\u00f3pez Obrador llama a cerrar filas para abatir inseguridad y violencia - Canal 7 SLP - 2019\",\"isPartOf\":{\"@id\":\"https:\\\/\\\/canal7slp.tv\\\/2019\\\/#website\"},\"primaryImageOfPage\":{\"@id\":\"https:\\\/\\\/canal7slp.tv\\\/2019\\\/lopez-obrador-llama-a-cerrar-filas-para-abatir-inseguridad-y-violencia\\\/#primaryimage\"},\"image\":{\"@id\":\"https:\\\/\\\/canal7slp.tv\\\/2019\\\/lopez-obrador-llama-a-cerrar-filas-para-abatir-inseguridad-y-violencia\\\/#primaryimage\"},\"thumbnailUrl\":\"https:\\\/\\\/canal7slp.tv\\\/2019\\\/wp-content\\\/uploads\\\/2019\\\/07\\\/20-4.jpg\",\"datePublished\":\"2019-07-08T20:27:02+00:00\",\"breadcrumb\":{\"@id\":\"https:\\\/\\\/canal7slp.tv\\\/2019\\\/lopez-obrador-llama-a-cerrar-filas-para-abatir-inseguridad-y-violencia\\\/#breadcrumb\"},\"inLanguage\":\"es\",\"potentialAction\":[{\"@type\":\"ReadAction\",\"target\":[\"https:\\\/\\\/canal7slp.tv\\\/2019\\\/lopez-obrador-llama-a-cerrar-filas-para-abatir-inseguridad-y-violencia\\\/\"]}]},{\"@type\":\"ImageObject\",\"inLanguage\":\"es\",\"@id\":\"https:\\\/\\\/canal7slp.tv\\\/2019\\\/lopez-obrador-llama-a-cerrar-filas-para-abatir-inseguridad-y-violencia\\\/#primaryimage\",\"url\":\"https:\\\/\\\/canal7slp.tv\\\/2019\\\/wp-content\\\/uploads\\\/2019\\\/07\\\/20-4.jpg\",\"contentUrl\":\"https:\\\/\\\/canal7slp.tv\\\/2019\\\/wp-content\\\/uploads\\\/2019\\\/07\\\/20-4.jpg\",\"width\":750,\"height\":500,\"caption\":\"90708041. M\u00e9xico, 8 Jul 2019 (Notimex- Francisco Estrada).- El presidente de M\u00e9xico, Andr\u00e9s Manuel L\u00f3pez Obrador, encabez\u00f3 la instalaci\u00f3n del Consejo Nacional de Seguridad P\u00fablica y el Consejo Nacional de Protecci\u00f3n Civil, entre los presentes estuvieron la Secretaria de Gobernaci\u00f3n Olga S\u00e1nchez Cordero, el Secretario de Seguridad y Protecci\u00f3n Ciudadana Alfonso Durazo, el general Dagoberto Espinosa Rodr\u00edguez, Porfirio Mu\u00f1oz Ledo presidente de la c\u00e1mara de Diputados y el Senador Mart\u00ed Batres. M\u00e9xico, 8 de julio del 2019. NOTIMEX\\\/FOTO\\\/FRANCISCO ESTRADA\\\/FEM\\\/POL\\\/\"},{\"@type\":\"BreadcrumbList\",\"@id\":\"https:\\\/\\\/canal7slp.tv\\\/2019\\\/lopez-obrador-llama-a-cerrar-filas-para-abatir-inseguridad-y-violencia\\\/#breadcrumb\",\"itemListElement\":[{\"@type\":\"ListItem\",\"position\":1,\"name\":\"Home\",\"item\":\"https:\\\/\\\/canal7slp.tv\\\/2019\\\/\"},{\"@type\":\"ListItem\",\"position\":2,\"name\":\"L\u00f3pez Obrador llama a cerrar filas para abatir inseguridad y violencia\"}]},{\"@type\":\"WebSite\",\"@id\":\"https:\\\/\\\/canal7slp.tv\\\/2019\\\/#website\",\"url\":\"https:\\\/\\\/canal7slp.tv\\\/2019\\\/\",\"name\":\"Canal 7 SLP - Somos TV\",\"description\":\"Somos un Canal de 10\",\"publisher\":{\"@id\":\"https:\\\/\\\/canal7slp.tv\\\/2019\\\/#organization\"},\"potentialAction\":[{\"@type\":\"SearchAction\",\"target\":{\"@type\":\"EntryPoint\",\"urlTemplate\":\"https:\\\/\\\/canal7slp.tv\\\/2019\\\/?s={search_term_string}\"},\"query-input\":{\"@type\":\"PropertyValueSpecification\",\"valueRequired\":true,\"valueName\":\"search_term_string\"}}],\"inLanguage\":\"es\"},{\"@type\":\"Organization\",\"@id\":\"https:\\\/\\\/canal7slp.tv\\\/2019\\\/#organization\",\"name\":\"Comunicaci\u00f3n 2000 S.A. de C.V.\",\"url\":\"https:\\\/\\\/canal7slp.tv\\\/2019\\\/\",\"logo\":{\"@type\":\"ImageObject\",\"inLanguage\":\"es\",\"@id\":\"https:\\\/\\\/canal7slp.tv\\\/2019\\\/#\\\/schema\\\/logo\\\/image\\\/\",\"url\":\"https:\\\/\\\/canal7slp.tv\\\/2019\\\/wp-content\\\/uploads\\\/2019\\\/07\\\/logo-c7.png\",\"contentUrl\":\"https:\\\/\\\/canal7slp.tv\\\/2019\\\/wp-content\\\/uploads\\\/2019\\\/07\\\/logo-c7.png\",\"width\":220,\"height\":60,\"caption\":\"Comunicaci\u00f3n 2000 S.A. de C.V.\"},\"image\":{\"@id\":\"https:\\\/\\\/canal7slp.tv\\\/2019\\\/#\\\/schema\\\/logo\\\/image\\\/\"},\"sameAs\":[\"https:\\\/\\\/www.facebook.com\\\/CANAL7SLP\\\/\",\"https:\\\/\\\/x.com\\\/canal7_slp\",\"https:\\\/\\\/www.instagram.com\\\/canal7_slp\",\"https:\\\/\\\/www.youtube.com\\\/user\\\/NOTICIEROSCANAL7SLP\\\/\"]},{\"@type\":\"Person\",\"@id\":\"https:\\\/\\\/canal7slp.tv\\\/2019\\\/#\\\/schema\\\/person\\\/11d941c1c6ca30ac0a46b95fa37aa2e3\",\"name\":\"edicionweb\",\"image\":{\"@type\":\"ImageObject\",\"inLanguage\":\"es\",\"@id\":\"https:\\\/\\\/secure.gravatar.com\\\/avatar\\\/eee448fc3f7164808013b816ba91ac7e43bbe82a70bebac296f8bc6f0addaa1a?s=96&d=mm&r=g\",\"url\":\"https:\\\/\\\/secure.gravatar.com\\\/avatar\\\/eee448fc3f7164808013b816ba91ac7e43bbe82a70bebac296f8bc6f0addaa1a?s=96&d=mm&r=g\",\"contentUrl\":\"https:\\\/\\\/secure.gravatar.com\\\/avatar\\\/eee448fc3f7164808013b816ba91ac7e43bbe82a70bebac296f8bc6f0addaa1a?s=96&d=mm&r=g\",\"caption\":\"edicionweb\"}}]}<\/script>\n<!-- \/ Yoast SEO plugin. -->","yoast_head_json":{"title":"L\u00f3pez Obrador llama a cerrar filas para abatir inseguridad y violencia - Canal 7 SLP - 2019","robots":{"index":"index","follow":"follow","max-snippet":"max-snippet:-1","max-image-preview":"max-image-preview:large","max-video-preview":"max-video-preview:-1"},"canonical":"https:\/\/canal7slp.tv\/2019\/lopez-obrador-llama-a-cerrar-filas-para-abatir-inseguridad-y-violencia\/","og_locale":"es_ES","og_type":"article","og_title":"L\u00f3pez Obrador llama a cerrar filas para abatir inseguridad y violencia - Canal 7 SLP - 2019","og_description":"M\u00e9xico.- El presidente Andr\u00e9s Manuel L\u00f3pez Obrador llam\u00f3 a los tres \u00f3rdenes de gobierno a cerrar filas para enfrentar los problemas de inseguridad y violencia en el pa\u00eds. Durante la sesi\u00f3n del Consejo Nacional de Seguridad P\u00fablica que se llev\u00f3 a cabo en Palacio Nacional, en su calidad de presidente de ese instrumento, plante\u00f3 que [&hellip;]","og_url":"https:\/\/canal7slp.tv\/2019\/lopez-obrador-llama-a-cerrar-filas-para-abatir-inseguridad-y-violencia\/","og_site_name":"Canal 7 SLP - 2019","article_publisher":"https:\/\/www.facebook.com\/CANAL7SLP\/","article_published_time":"2019-07-08T20:27:02+00:00","og_image":[{"width":750,"height":500,"url":"https:\/\/canal7slp.tv\/2019\/wp-content\/uploads\/2019\/07\/20-4.jpg","type":"image\/jpeg"}],"author":"edicionweb","twitter_card":"summary_large_image","twitter_creator":"@canal7_slp","twitter_site":"@canal7_slp","twitter_misc":{"Escrito por":"edicionweb","Tiempo de lectura":"3 minutos"},"schema":{"@context":"https:\/\/schema.org","@graph":[{"@type":"Article","@id":"https:\/\/canal7slp.tv\/2019\/lopez-obrador-llama-a-cerrar-filas-para-abatir-inseguridad-y-violencia\/#article","isPartOf":{"@id":"https:\/\/canal7slp.tv\/2019\/lopez-obrador-llama-a-cerrar-filas-para-abatir-inseguridad-y-violencia\/"},"author":{"name":"edicionweb","@id":"https:\/\/canal7slp.tv\/2019\/#\/schema\/person\/11d941c1c6ca30ac0a46b95fa37aa2e3"},"headline":"L\u00f3pez Obrador llama a cerrar filas para abatir inseguridad y violencia","datePublished":"2019-07-08T20:27:02+00:00","mainEntityOfPage":{"@id":"https:\/\/canal7slp.tv\/2019\/lopez-obrador-llama-a-cerrar-filas-para-abatir-inseguridad-y-violencia\/"},"wordCount":562,"commentCount":0,"publisher":{"@id":"https:\/\/canal7slp.tv\/2019\/#organization"},"image":{"@id":"https:\/\/canal7slp.tv\/2019\/lopez-obrador-llama-a-cerrar-filas-para-abatir-inseguridad-y-violencia\/#primaryimage"},"thumbnailUrl":"https:\/\/canal7slp.tv\/2019\/wp-content\/uploads\/2019\/07\/20-4.jpg","articleSection":["NACIONAL"],"inLanguage":"es","potentialAction":[{"@type":"CommentAction","name":"Comment","target":["https:\/\/canal7slp.tv\/2019\/lopez-obrador-llama-a-cerrar-filas-para-abatir-inseguridad-y-violencia\/#respond"]}]},{"@type":"WebPage","@id":"https:\/\/canal7slp.tv\/2019\/lopez-obrador-llama-a-cerrar-filas-para-abatir-inseguridad-y-violencia\/","url":"https:\/\/canal7slp.tv\/2019\/lopez-obrador-llama-a-cerrar-filas-para-abatir-inseguridad-y-violencia\/","name":"L\u00f3pez Obrador llama a cerrar filas para abatir inseguridad y violencia - Canal 7 SLP - 2019","isPartOf":{"@id":"https:\/\/canal7slp.tv\/2019\/#website"},"primaryImageOfPage":{"@id":"https:\/\/canal7slp.tv\/2019\/lopez-obrador-llama-a-cerrar-filas-para-abatir-inseguridad-y-violencia\/#primaryimage"},"image":{"@id":"https:\/\/canal7slp.tv\/2019\/lopez-obrador-llama-a-cerrar-filas-para-abatir-inseguridad-y-violencia\/#primaryimage"},"thumbnailUrl":"https:\/\/canal7slp.tv\/2019\/wp-content\/uploads\/2019\/07\/20-4.jpg","datePublished":"2019-07-08T20:27:02+00:00","breadcrumb":{"@id":"https:\/\/canal7slp.tv\/2019\/lopez-obrador-llama-a-cerrar-filas-para-abatir-inseguridad-y-violencia\/#breadcrumb"},"inLanguage":"es","potentialAction":[{"@type":"ReadAction","target":["https:\/\/canal7slp.tv\/2019\/lopez-obrador-llama-a-cerrar-filas-para-abatir-inseguridad-y-violencia\/"]}]},{"@type":"ImageObject","inLanguage":"es","@id":"https:\/\/canal7slp.tv\/2019\/lopez-obrador-llama-a-cerrar-filas-para-abatir-inseguridad-y-violencia\/#primaryimage","url":"https:\/\/canal7slp.tv\/2019\/wp-content\/uploads\/2019\/07\/20-4.jpg","contentUrl":"https:\/\/canal7slp.tv\/2019\/wp-content\/uploads\/2019\/07\/20-4.jpg","width":750,"height":500,"caption":"90708041. M\u00e9xico, 8 Jul 2019 (Notimex- Francisco Estrada).- El presidente de M\u00e9xico, Andr\u00e9s Manuel L\u00f3pez Obrador, encabez\u00f3 la instalaci\u00f3n del Consejo Nacional de Seguridad P\u00fablica y el Consejo Nacional de Protecci\u00f3n Civil, entre los presentes estuvieron la Secretaria de Gobernaci\u00f3n Olga S\u00e1nchez Cordero, el Secretario de Seguridad y Protecci\u00f3n Ciudadana Alfonso Durazo, el general Dagoberto Espinosa Rodr\u00edguez, Porfirio Mu\u00f1oz Ledo presidente de la c\u00e1mara de Diputados y el Senador Mart\u00ed Batres. M\u00e9xico, 8 de julio del 2019. NOTIMEX\/FOTO\/FRANCISCO ESTRADA\/FEM\/POL\/"},{"@type":"BreadcrumbList","@id":"https:\/\/canal7slp.tv\/2019\/lopez-obrador-llama-a-cerrar-filas-para-abatir-inseguridad-y-violencia\/#breadcrumb","itemListElement":[{"@type":"ListItem","position":1,"name":"Home","item":"https:\/\/canal7slp.tv\/2019\/"},{"@type":"ListItem","position":2,"name":"L\u00f3pez Obrador llama a cerrar filas para abatir inseguridad y violencia"}]},{"@type":"WebSite","@id":"https:\/\/canal7slp.tv\/2019\/#website","url":"https:\/\/canal7slp.tv\/2019\/","name":"Canal 7 SLP - Somos TV","description":"Somos un Canal de 10","publisher":{"@id":"https:\/\/canal7slp.tv\/2019\/#organization"},"potentialAction":[{"@type":"SearchAction","target":{"@type":"EntryPoint","urlTemplate":"https:\/\/canal7slp.tv\/2019\/?s={search_term_string}"},"query-input":{"@type":"PropertyValueSpecification","valueRequired":true,"valueName":"search_term_string"}}],"inLanguage":"es"},{"@type":"Organization","@id":"https:\/\/canal7slp.tv\/2019\/#organization","name":"Comunicaci\u00f3n 2000 S.A. de C.V.","url":"https:\/\/canal7slp.tv\/2019\/","logo":{"@type":"ImageObject","inLanguage":"es","@id":"https:\/\/canal7slp.tv\/2019\/#\/schema\/logo\/image\/","url":"https:\/\/canal7slp.tv\/2019\/wp-content\/uploads\/2019\/07\/logo-c7.png","contentUrl":"https:\/\/canal7slp.tv\/2019\/wp-content\/uploads\/2019\/07\/logo-c7.png","width":220,"height":60,"caption":"Comunicaci\u00f3n 2000 S.A. de C.V."},"image":{"@id":"https:\/\/canal7slp.tv\/2019\/#\/schema\/logo\/image\/"},"sameAs":["https:\/\/www.facebook.com\/CANAL7SLP\/","https:\/\/x.com\/canal7_slp","https:\/\/www.instagram.com\/canal7_slp","https:\/\/www.youtube.com\/user\/NOTICIEROSCANAL7SLP\/"]},{"@type":"Person","@id":"https:\/\/canal7slp.tv\/2019\/#\/schema\/person\/11d941c1c6ca30ac0a46b95fa37aa2e3","name":"edicionweb","image":{"@type":"ImageObject","inLanguage":"es","@id":"https:\/\/secure.gravatar.com\/avatar\/eee448fc3f7164808013b816ba91ac7e43bbe82a70bebac296f8bc6f0addaa1a?s=96&d=mm&r=g","url":"https:\/\/secure.gravatar.com\/avatar\/eee448fc3f7164808013b816ba91ac7e43bbe82a70bebac296f8bc6f0addaa1a?s=96&d=mm&r=g","contentUrl":"https:\/\/secure.gravatar.com\/avatar\/eee448fc3f7164808013b816ba91ac7e43bbe82a70bebac296f8bc6f0addaa1a?s=96&d=mm&r=g","caption":"edicionweb"}}]}},"amp_enabled":true,"cmb2":{"video_ids_in_playlist":{"vid_p_videos":""},"video_ids_in_channel":{"vid_c_videos":""},"playlist_ids_in_channel":{"vid_c_playlists":""},"series_ids_in_channel":{"vid_c_series":""},"channel_images":{"vid_c_logo":"","vid_c_banner":""},"poster_feature_image":{"vid_m_poster_image":""},"gif_feature_image":{"vid_m_gif_image":""},"video_movie_settings":{"vid_m_director":"","vid_m_actor":"","vid_m_imdb_ratings":"","vid_m_amazon_associates":""},"vid_youtube_broadcasts_settings":{"vid_yb_broadcast_title":"","vid_yb_q":"","vid_yb_channelid":"","vid_yb_videocategoryid":"","vid_yb_maxresults":"","vid_yb_order":"","vid_yb_regioncode":"","vid_yb_videosyndicated":"","vid_yb_style":"","vid_yb_reload_first":""},"video_series_settings":{"vid_m_director":"","vid_m_actor":"","vid_m_imdb_ratings":"","video_series_group":""},"amazon_associates_settings":{"amazon_associates":"","amazon_native_ad":""},"vid_youtube_automatic_settings":{"vid_ya_youtube_source":"","vid_ya_update_every":"","vid_ya_update_unit":"","vid_ya_categories":"","vid_ya_published_after":"","vid_ya_published_before":"","vid_ya_playlists":"","vid_ya_channels":"","vid_ya_director":"","vid_ya_actor":"","vid_ya_author":"","vid_ya_import_post_date":"","vid_ya_status":"","vid_ya_sub_api_key":""},"vid_ads_m_videoads_settings_post":{"vid_ads_m_video_ads":"","vid_ads_m_video_ads_type":"","vid_ads_m_group_google_ima":"","vid_ads_m_group_image":"","vid_ads_m_group_html5_video":"","vid_ads_m_group_html":"","vid_ads_m_vast_preroll":"","vid_ads_m_vast_postroll":"","vid_ads_m_vast_pauseroll":"","vid_ads_m_vast_midroll":[{"vid_ads_m_vast_timer_seconds":"50"}],"vid_ads_m_time_to_show_ads":"","vid_ads_m_time_skip_ads":"","vid_ads_m_time_to_hide_ads":""},"page_slider_settings":{"display_slider_group":"","page_slider_group":""},"blog_page_settings":{"blog_page_title":"","blog_page_heading":"","blog_page_ic":"","blog_page_it":"","blog_page_ec":"","blog_page_ip":"","archive_loop_style":"","blog_image_ratio":"","blog_show_categories":"","blog_show_excerpt":"","blog_show_author":"","blog_show_date":"","blog_show_comment_count":"","blog_show_view_count":"","blog_show_like_count":"","blog_show_dislike_count":"","blog_items_per_page":"","blog_pag_type":""},"page_options":{"get_page_template":"","color_mode":"","main_layout":"","main_layout_full_with":"","main_logo":"","main_logo_retina":"","main_logo_mobile":"","main_logo_mobile_retina":"","sticky_logo":"","sticky_logo_retina":"","main_nav_layout":"","ajax_search":"","header_background":"","theme_sidebar":"","instagram_feed":"","instagram_feed_position":"","popular_videos":"","popular_videos_title_1":"","popular_videos_title_2":"","popular_videos_ic":"","popular_videos_it":"","theme_background":"","page_custom_css":""},"feature_image_settings":{"feature_image_position":""},"video_player_settings":{"single_video_style":"","video_player_position":"","vm_video_url":"","video_player_library":"","video_streaming":"","vm_media_sources":"","vid_auto_play":"","vm_video_shortcode":"","vid_p_sync_playlist":"","vid_c_sync_channel":"","get_post_format":"","multiple_links_structure":"default","multi_links_title":"","vm_video_multi_links":"","vm_duration":"","vid_social_locker":"off","vid_social_locker_id":"","vid_membership_action":"content-video","vm_video_trailer_url":"","vid_download_type":"free","vid_download_target":"download","vid_woo_product":"","vm_media_download":"","user_rating":"","user_rating_position":"","user_rating_mode":"","user_rating_multi_sets":""},"video_auto_fetch_settings":{"vm_video_fetch":"on"},"video_fake_views_likes":{"vm_fake_views":"","vm_fake_likes":"","vm_fake_dislikes":""},"gallery_settings":{"gallery_position":""},"quote_settings":{"quote_position":""},"post_options":{"main_layout":"","main_logo":"","main_logo_retina":"","main_logo_mobile":"","main_logo_mobile_retina":"","sticky_logo":"","sticky_logo_retina":"","main_nav_layout":"","header_background":"","theme_sidebar":"","single_post_comment_type":"","theme_background":""}},"_links":{"self":[{"href":"https:\/\/canal7slp.tv\/2019\/wp-json\/wp\/v2\/posts\/28428","targetHints":{"allow":["GET"]}}],"collection":[{"href":"https:\/\/canal7slp.tv\/2019\/wp-json\/wp\/v2\/posts"}],"about":[{"href":"https:\/\/canal7slp.tv\/2019\/wp-json\/wp\/v2\/types\/post"}],"author":[{"embeddable":true,"href":"https:\/\/canal7slp.tv\/2019\/wp-json\/wp\/v2\/users\/2"}],"replies":[{"embeddable":true,"href":"https:\/\/canal7slp.tv\/2019\/wp-json\/wp\/v2\/comments?post=28428"}],"version-history":[{"count":0,"href":"https:\/\/canal7slp.tv\/2019\/wp-json\/wp\/v2\/posts\/28428\/revisions"}],"wp:featuredmedia":[{"embeddable":true,"href":"https:\/\/canal7slp.tv\/2019\/wp-json\/wp\/v2\/media\/28430"}],"wp:attachment":[{"href":"https:\/\/canal7slp.tv\/2019\/wp-json\/wp\/v2\/media?parent=28428"}],"wp:term":[{"taxonomy":"category","embeddable":true,"href":"https:\/\/canal7slp.tv\/2019\/wp-json\/wp\/v2\/categories?post=28428"},{"taxonomy":"post_tag","embeddable":true,"href":"https:\/\/canal7slp.tv\/2019\/wp-json\/wp\/v2\/tags?post=28428"}],"curies":[{"name":"wp","href":"https:\/\/api.w.org\/{rel}","templated":true}]}}