{"id":28407,"date":"2019-07-08T14:41:12","date_gmt":"2019-07-08T19:41:12","guid":{"rendered":"https:\/\/canal7slp.tv\/2019\/?p=28407"},"modified":"2019-07-08T14:41:12","modified_gmt":"2019-07-08T19:41:12","slug":"pemex-mantiene-sin-cambio-cobertura-de-danos-informa-aseguradora","status":"publish","type":"post","link":"https:\/\/canal7slp.tv\/2019\/pemex-mantiene-sin-cambio-cobertura-de-danos-informa-aseguradora\/","title":{"rendered":"Pemex mantiene sin cambio cobertura de da\u00f1os, informa aseguradora"},"content":{"rendered":"<p style=\"text-align: justify;\">M\u00e9xico.- A pesar de la complicada situaci\u00f3n financiera, Petr\u00f3leos Mexicanos (Pemex) mantuvo sin cambios las condiciones para la contrataci\u00f3n del seguro contra da\u00f1os de los pr\u00f3ximos dos a\u00f1os, que tuvo una prima superior a 500 millones de d\u00f3lares, inform\u00f3 el director general de Mapfre M\u00e9xico, Jes\u00fas Mart\u00ednez.<\/p>\n<p style=\"text-align: justify;\">Luego de destacar que por tercera ocasi\u00f3n consecutiva la aseguradora gan\u00f3 la licitaci\u00f3n para la cobertura de la empresa petrolera, indic\u00f3 que a diferencia de otros a\u00f1os se registr\u00f3 una menor participaci\u00f3n de empresas en el proceso, por lo que enfrent\u00f3 menos competencia, pues siete mostraron inter\u00e9s y solo tres presentaron propuesta.<\/p>\n<p style=\"text-align: justify;\">\u201cEst\u00e1 en el nivel de casos anteriores, un poco por encima de 500 millones de d\u00f3lares; el planteamiento es similar al de vigencias anteriores, por tanto, nuestra pol\u00edtica y planteamiento ha sido similar\u201d, expuso el directivo, quien dijo desconocer el motivo de que menos empresas presentaran una propuesta.<\/p>\n<p style=\"text-align: justify;\">En conferencia de prensa, neg\u00f3 que exista riesgo de que la petrolera decida cancelar su p\u00f3liza de seguros derivado del programa de austeridad del gobierno federal. \u201cNo se contempla la posibilidad de cancelaci\u00f3n durante la vigencia, otra cosa es que cuando venza dentro de dos a\u00f1os s\u00ed puede ser otra operaci\u00f3n\u201d.<\/p>\n<p style=\"text-align: justify;\">El directivo destac\u00f3 adem\u00e1s su optimismo sobre el desempe\u00f1o del sector asegurador, pese a los continuos ajustes en los estimados de crecimiento econ\u00f3micos para este a\u00f1o en M\u00e9xico, debido a que las necesidades de aseguramiento son altas porque el seguro tiene un efecto contra-c\u00edclico.<\/p>\n<p style=\"text-align: justify;\">\u201cSomos muy optimistas desde el punto de vista del sector asegurador, b\u00e1sicamente por la necesidad de cobertura que existe; s\u00f3lo 30 por ciento de los veh\u00edculos que circulan est\u00e1n asegurados, cuando lo l\u00f3gico ser\u00eda que el 100 por ciento est\u00e9n asegurados.<\/p>\n<p style=\"text-align: justify;\">&#8220;Hay una necesidad de aseguramiento muy grande, adem\u00e1s en \u00e9pocas de incertidumbre el seguro suele tener un desarrollo mayor, pero tambi\u00e9n somos optimistas con el proceso econ\u00f3mico, creemos que en los pr\u00f3ximos meses pueden ser mejor\u201d, indic\u00f3.<\/p>\n<p style=\"text-align: justify;\">Sobre las coberturas de gastos m\u00e9dicos y de salud que ten\u00edan los funcionarios p\u00fablicos y que fueron canceladas en la presente administraci\u00f3n, destac\u00f3 que esta empresa como otras dise\u00f1aron productos y coberturas espec\u00edficas para captar a quienes decidieron mantener sus seguros de forma individual.<\/p>\n<p style=\"text-align: justify;\">\u201cS\u00ed estamos teniendo afortunadamente a algunos asegurados que a nivel individual nos han contratado p\u00f3lizas\u201d, puntualiz\u00f3 Jes\u00fas Mart\u00ednez.<\/p>\n","protected":false},"excerpt":{"rendered":"<p>M\u00e9xico.- A pesar de la complicada situaci\u00f3n financiera, Petr\u00f3leos Mexicanos (Pemex) mantuvo sin cambios las condiciones para la contrataci\u00f3n del seguro contra da\u00f1os de los pr\u00f3ximos dos a\u00f1os, que tuvo una prima superior a 500 millones de d\u00f3lares, inform\u00f3 el director general de Mapfre M\u00e9xico, Jes\u00fas Mart\u00ednez. Luego de destacar que por tercera ocasi\u00f3n consecutiva [&hellip;]<\/p>\n","protected":false},"author":2,"featured_media":28408,"comment_status":"open","ping_status":"closed","sticky":false,"template":"","format":"standard","meta":{"footnotes":""},"categories":[98],"tags":[],"class_list":["post-28407","post","type-post","status-publish","format-standard","has-post-thumbnail","hentry","category-finanzas"],"yoast_head":"<!-- This site is optimized with the Yoast SEO plugin v27.5 - https:\/\/yoast.com\/product\/yoast-seo-wordpress\/ -->\n<title>Pemex mantiene sin cambio cobertura de da\u00f1os, informa aseguradora - Canal 7 SLP - 2019<\/title>\n<meta name=\"robots\" content=\"index, follow, max-snippet:-1, max-image-preview:large, max-video-preview:-1\" \/>\n<link rel=\"canonical\" href=\"https:\/\/canal7slp.tv\/2019\/pemex-mantiene-sin-cambio-cobertura-de-danos-informa-aseguradora\/\" \/>\n<meta property=\"og:locale\" content=\"es_ES\" \/>\n<meta property=\"og:type\" content=\"article\" \/>\n<meta property=\"og:title\" content=\"Pemex mantiene sin cambio cobertura de da\u00f1os, informa aseguradora - Canal 7 SLP - 2019\" \/>\n<meta property=\"og:description\" content=\"M\u00e9xico.- A pesar de la complicada situaci\u00f3n financiera, Petr\u00f3leos Mexicanos (Pemex) mantuvo sin cambios las condiciones para la contrataci\u00f3n del seguro contra da\u00f1os de los pr\u00f3ximos dos a\u00f1os, que tuvo una prima superior a 500 millones de d\u00f3lares, inform\u00f3 el director general de Mapfre M\u00e9xico, Jes\u00fas Mart\u00ednez. Luego de destacar que por tercera ocasi\u00f3n consecutiva [&hellip;]\" \/>\n<meta property=\"og:url\" content=\"https:\/\/canal7slp.tv\/2019\/pemex-mantiene-sin-cambio-cobertura-de-danos-informa-aseguradora\/\" \/>\n<meta property=\"og:site_name\" content=\"Canal 7 SLP - 2019\" \/>\n<meta property=\"article:publisher\" content=\"https:\/\/www.facebook.com\/CANAL7SLP\/\" \/>\n<meta property=\"article:published_time\" content=\"2019-07-08T19:41:12+00:00\" \/>\n<meta property=\"og:image\" content=\"https:\/\/canal7slp.tv\/2019\/wp-content\/uploads\/2019\/07\/13-4.jpg\" \/>\n\t<meta property=\"og:image:width\" content=\"615\" \/>\n\t<meta property=\"og:image:height\" content=\"410\" \/>\n\t<meta property=\"og:image:type\" content=\"image\/jpeg\" \/>\n<meta name=\"author\" content=\"edicionweb\" \/>\n<meta name=\"twitter:card\" content=\"summary_large_image\" \/>\n<meta name=\"twitter:creator\" content=\"@canal7_slp\" \/>\n<meta name=\"twitter:site\" content=\"@canal7_slp\" \/>\n<meta name=\"twitter:label1\" content=\"Escrito por\" \/>\n\t<meta name=\"twitter:data1\" content=\"edicionweb\" \/>\n\t<meta name=\"twitter:label2\" content=\"Tiempo de lectura\" \/>\n\t<meta name=\"twitter:data2\" content=\"2 minutos\" \/>\n<script type=\"application\/ld+json\" class=\"yoast-schema-graph\">{\"@context\":\"https:\\\/\\\/schema.org\",\"@graph\":[{\"@type\":\"Article\",\"@id\":\"https:\\\/\\\/canal7slp.tv\\\/2019\\\/pemex-mantiene-sin-cambio-cobertura-de-danos-informa-aseguradora\\\/#article\",\"isPartOf\":{\"@id\":\"https:\\\/\\\/canal7slp.tv\\\/2019\\\/pemex-mantiene-sin-cambio-cobertura-de-danos-informa-aseguradora\\\/\"},\"author\":{\"name\":\"edicionweb\",\"@id\":\"https:\\\/\\\/canal7slp.tv\\\/2019\\\/#\\\/schema\\\/person\\\/11d941c1c6ca30ac0a46b95fa37aa2e3\"},\"headline\":\"Pemex mantiene sin cambio cobertura de da\u00f1os, informa aseguradora\",\"datePublished\":\"2019-07-08T19:41:12+00:00\",\"mainEntityOfPage\":{\"@id\":\"https:\\\/\\\/canal7slp.tv\\\/2019\\\/pemex-mantiene-sin-cambio-cobertura-de-danos-informa-aseguradora\\\/\"},\"wordCount\":437,\"commentCount\":0,\"publisher\":{\"@id\":\"https:\\\/\\\/canal7slp.tv\\\/2019\\\/#organization\"},\"image\":{\"@id\":\"https:\\\/\\\/canal7slp.tv\\\/2019\\\/pemex-mantiene-sin-cambio-cobertura-de-danos-informa-aseguradora\\\/#primaryimage\"},\"thumbnailUrl\":\"https:\\\/\\\/canal7slp.tv\\\/2019\\\/wp-content\\\/uploads\\\/2019\\\/07\\\/13-4.jpg\",\"articleSection\":[\"FINANZAS\"],\"inLanguage\":\"es\",\"potentialAction\":[{\"@type\":\"CommentAction\",\"name\":\"Comment\",\"target\":[\"https:\\\/\\\/canal7slp.tv\\\/2019\\\/pemex-mantiene-sin-cambio-cobertura-de-danos-informa-aseguradora\\\/#respond\"]}]},{\"@type\":\"WebPage\",\"@id\":\"https:\\\/\\\/canal7slp.tv\\\/2019\\\/pemex-mantiene-sin-cambio-cobertura-de-danos-informa-aseguradora\\\/\",\"url\":\"https:\\\/\\\/canal7slp.tv\\\/2019\\\/pemex-mantiene-sin-cambio-cobertura-de-danos-informa-aseguradora\\\/\",\"name\":\"Pemex mantiene sin cambio cobertura de da\u00f1os, informa aseguradora - Canal 7 SLP - 2019\",\"isPartOf\":{\"@id\":\"https:\\\/\\\/canal7slp.tv\\\/2019\\\/#website\"},\"primaryImageOfPage\":{\"@id\":\"https:\\\/\\\/canal7slp.tv\\\/2019\\\/pemex-mantiene-sin-cambio-cobertura-de-danos-informa-aseguradora\\\/#primaryimage\"},\"image\":{\"@id\":\"https:\\\/\\\/canal7slp.tv\\\/2019\\\/pemex-mantiene-sin-cambio-cobertura-de-danos-informa-aseguradora\\\/#primaryimage\"},\"thumbnailUrl\":\"https:\\\/\\\/canal7slp.tv\\\/2019\\\/wp-content\\\/uploads\\\/2019\\\/07\\\/13-4.jpg\",\"datePublished\":\"2019-07-08T19:41:12+00:00\",\"breadcrumb\":{\"@id\":\"https:\\\/\\\/canal7slp.tv\\\/2019\\\/pemex-mantiene-sin-cambio-cobertura-de-danos-informa-aseguradora\\\/#breadcrumb\"},\"inLanguage\":\"es\",\"potentialAction\":[{\"@type\":\"ReadAction\",\"target\":[\"https:\\\/\\\/canal7slp.tv\\\/2019\\\/pemex-mantiene-sin-cambio-cobertura-de-danos-informa-aseguradora\\\/\"]}]},{\"@type\":\"ImageObject\",\"inLanguage\":\"es\",\"@id\":\"https:\\\/\\\/canal7slp.tv\\\/2019\\\/pemex-mantiene-sin-cambio-cobertura-de-danos-informa-aseguradora\\\/#primaryimage\",\"url\":\"https:\\\/\\\/canal7slp.tv\\\/2019\\\/wp-content\\\/uploads\\\/2019\\\/07\\\/13-4.jpg\",\"contentUrl\":\"https:\\\/\\\/canal7slp.tv\\\/2019\\\/wp-content\\\/uploads\\\/2019\\\/07\\\/13-4.jpg\",\"width\":615,\"height\":410},{\"@type\":\"BreadcrumbList\",\"@id\":\"https:\\\/\\\/canal7slp.tv\\\/2019\\\/pemex-mantiene-sin-cambio-cobertura-de-danos-informa-aseguradora\\\/#breadcrumb\",\"itemListElement\":[{\"@type\":\"ListItem\",\"position\":1,\"name\":\"Home\",\"item\":\"https:\\\/\\\/canal7slp.tv\\\/2019\\\/\"},{\"@type\":\"ListItem\",\"position\":2,\"name\":\"Pemex mantiene sin cambio cobertura de da\u00f1os, informa aseguradora\"}]},{\"@type\":\"WebSite\",\"@id\":\"https:\\\/\\\/canal7slp.tv\\\/2019\\\/#website\",\"url\":\"https:\\\/\\\/canal7slp.tv\\\/2019\\\/\",\"name\":\"Canal 7 SLP - Somos TV\",\"description\":\"Somos un Canal de 10\",\"publisher\":{\"@id\":\"https:\\\/\\\/canal7slp.tv\\\/2019\\\/#organization\"},\"potentialAction\":[{\"@type\":\"SearchAction\",\"target\":{\"@type\":\"EntryPoint\",\"urlTemplate\":\"https:\\\/\\\/canal7slp.tv\\\/2019\\\/?s={search_term_string}\"},\"query-input\":{\"@type\":\"PropertyValueSpecification\",\"valueRequired\":true,\"valueName\":\"search_term_string\"}}],\"inLanguage\":\"es\"},{\"@type\":\"Organization\",\"@id\":\"https:\\\/\\\/canal7slp.tv\\\/2019\\\/#organization\",\"name\":\"Comunicaci\u00f3n 2000 S.A. de C.V.\",\"url\":\"https:\\\/\\\/canal7slp.tv\\\/2019\\\/\",\"logo\":{\"@type\":\"ImageObject\",\"inLanguage\":\"es\",\"@id\":\"https:\\\/\\\/canal7slp.tv\\\/2019\\\/#\\\/schema\\\/logo\\\/image\\\/\",\"url\":\"https:\\\/\\\/canal7slp.tv\\\/2019\\\/wp-content\\\/uploads\\\/2019\\\/07\\\/logo-c7.png\",\"contentUrl\":\"https:\\\/\\\/canal7slp.tv\\\/2019\\\/wp-content\\\/uploads\\\/2019\\\/07\\\/logo-c7.png\",\"width\":220,\"height\":60,\"caption\":\"Comunicaci\u00f3n 2000 S.A. de C.V.\"},\"image\":{\"@id\":\"https:\\\/\\\/canal7slp.tv\\\/2019\\\/#\\\/schema\\\/logo\\\/image\\\/\"},\"sameAs\":[\"https:\\\/\\\/www.facebook.com\\\/CANAL7SLP\\\/\",\"https:\\\/\\\/x.com\\\/canal7_slp\",\"https:\\\/\\\/www.instagram.com\\\/canal7_slp\",\"https:\\\/\\\/www.youtube.com\\\/user\\\/NOTICIEROSCANAL7SLP\\\/\"]},{\"@type\":\"Person\",\"@id\":\"https:\\\/\\\/canal7slp.tv\\\/2019\\\/#\\\/schema\\\/person\\\/11d941c1c6ca30ac0a46b95fa37aa2e3\",\"name\":\"edicionweb\",\"image\":{\"@type\":\"ImageObject\",\"inLanguage\":\"es\",\"@id\":\"https:\\\/\\\/secure.gravatar.com\\\/avatar\\\/eee448fc3f7164808013b816ba91ac7e43bbe82a70bebac296f8bc6f0addaa1a?s=96&d=mm&r=g\",\"url\":\"https:\\\/\\\/secure.gravatar.com\\\/avatar\\\/eee448fc3f7164808013b816ba91ac7e43bbe82a70bebac296f8bc6f0addaa1a?s=96&d=mm&r=g\",\"contentUrl\":\"https:\\\/\\\/secure.gravatar.com\\\/avatar\\\/eee448fc3f7164808013b816ba91ac7e43bbe82a70bebac296f8bc6f0addaa1a?s=96&d=mm&r=g\",\"caption\":\"edicionweb\"}}]}<\/script>\n<!-- \/ Yoast SEO plugin. -->","yoast_head_json":{"title":"Pemex mantiene sin cambio cobertura de da\u00f1os, informa aseguradora - Canal 7 SLP - 2019","robots":{"index":"index","follow":"follow","max-snippet":"max-snippet:-1","max-image-preview":"max-image-preview:large","max-video-preview":"max-video-preview:-1"},"canonical":"https:\/\/canal7slp.tv\/2019\/pemex-mantiene-sin-cambio-cobertura-de-danos-informa-aseguradora\/","og_locale":"es_ES","og_type":"article","og_title":"Pemex mantiene sin cambio cobertura de da\u00f1os, informa aseguradora - Canal 7 SLP - 2019","og_description":"M\u00e9xico.- A pesar de la complicada situaci\u00f3n financiera, Petr\u00f3leos Mexicanos (Pemex) mantuvo sin cambios las condiciones para la contrataci\u00f3n del seguro contra da\u00f1os de los pr\u00f3ximos dos a\u00f1os, que tuvo una prima superior a 500 millones de d\u00f3lares, inform\u00f3 el director general de Mapfre M\u00e9xico, Jes\u00fas Mart\u00ednez. Luego de destacar que por tercera ocasi\u00f3n consecutiva [&hellip;]","og_url":"https:\/\/canal7slp.tv\/2019\/pemex-mantiene-sin-cambio-cobertura-de-danos-informa-aseguradora\/","og_site_name":"Canal 7 SLP - 2019","article_publisher":"https:\/\/www.facebook.com\/CANAL7SLP\/","article_published_time":"2019-07-08T19:41:12+00:00","og_image":[{"width":615,"height":410,"url":"https:\/\/canal7slp.tv\/2019\/wp-content\/uploads\/2019\/07\/13-4.jpg","type":"image\/jpeg"}],"author":"edicionweb","twitter_card":"summary_large_image","twitter_creator":"@canal7_slp","twitter_site":"@canal7_slp","twitter_misc":{"Escrito por":"edicionweb","Tiempo de lectura":"2 minutos"},"schema":{"@context":"https:\/\/schema.org","@graph":[{"@type":"Article","@id":"https:\/\/canal7slp.tv\/2019\/pemex-mantiene-sin-cambio-cobertura-de-danos-informa-aseguradora\/#article","isPartOf":{"@id":"https:\/\/canal7slp.tv\/2019\/pemex-mantiene-sin-cambio-cobertura-de-danos-informa-aseguradora\/"},"author":{"name":"edicionweb","@id":"https:\/\/canal7slp.tv\/2019\/#\/schema\/person\/11d941c1c6ca30ac0a46b95fa37aa2e3"},"headline":"Pemex mantiene sin cambio cobertura de da\u00f1os, informa aseguradora","datePublished":"2019-07-08T19:41:12+00:00","mainEntityOfPage":{"@id":"https:\/\/canal7slp.tv\/2019\/pemex-mantiene-sin-cambio-cobertura-de-danos-informa-aseguradora\/"},"wordCount":437,"commentCount":0,"publisher":{"@id":"https:\/\/canal7slp.tv\/2019\/#organization"},"image":{"@id":"https:\/\/canal7slp.tv\/2019\/pemex-mantiene-sin-cambio-cobertura-de-danos-informa-aseguradora\/#primaryimage"},"thumbnailUrl":"https:\/\/canal7slp.tv\/2019\/wp-content\/uploads\/2019\/07\/13-4.jpg","articleSection":["FINANZAS"],"inLanguage":"es","potentialAction":[{"@type":"CommentAction","name":"Comment","target":["https:\/\/canal7slp.tv\/2019\/pemex-mantiene-sin-cambio-cobertura-de-danos-informa-aseguradora\/#respond"]}]},{"@type":"WebPage","@id":"https:\/\/canal7slp.tv\/2019\/pemex-mantiene-sin-cambio-cobertura-de-danos-informa-aseguradora\/","url":"https:\/\/canal7slp.tv\/2019\/pemex-mantiene-sin-cambio-cobertura-de-danos-informa-aseguradora\/","name":"Pemex mantiene sin cambio cobertura de da\u00f1os, informa aseguradora - Canal 7 SLP - 2019","isPartOf":{"@id":"https:\/\/canal7slp.tv\/2019\/#website"},"primaryImageOfPage":{"@id":"https:\/\/canal7slp.tv\/2019\/pemex-mantiene-sin-cambio-cobertura-de-danos-informa-aseguradora\/#primaryimage"},"image":{"@id":"https:\/\/canal7slp.tv\/2019\/pemex-mantiene-sin-cambio-cobertura-de-danos-informa-aseguradora\/#primaryimage"},"thumbnailUrl":"https:\/\/canal7slp.tv\/2019\/wp-content\/uploads\/2019\/07\/13-4.jpg","datePublished":"2019-07-08T19:41:12+00:00","breadcrumb":{"@id":"https:\/\/canal7slp.tv\/2019\/pemex-mantiene-sin-cambio-cobertura-de-danos-informa-aseguradora\/#breadcrumb"},"inLanguage":"es","potentialAction":[{"@type":"ReadAction","target":["https:\/\/canal7slp.tv\/2019\/pemex-mantiene-sin-cambio-cobertura-de-danos-informa-aseguradora\/"]}]},{"@type":"ImageObject","inLanguage":"es","@id":"https:\/\/canal7slp.tv\/2019\/pemex-mantiene-sin-cambio-cobertura-de-danos-informa-aseguradora\/#primaryimage","url":"https:\/\/canal7slp.tv\/2019\/wp-content\/uploads\/2019\/07\/13-4.jpg","contentUrl":"https:\/\/canal7slp.tv\/2019\/wp-content\/uploads\/2019\/07\/13-4.jpg","width":615,"height":410},{"@type":"BreadcrumbList","@id":"https:\/\/canal7slp.tv\/2019\/pemex-mantiene-sin-cambio-cobertura-de-danos-informa-aseguradora\/#breadcrumb","itemListElement":[{"@type":"ListItem","position":1,"name":"Home","item":"https:\/\/canal7slp.tv\/2019\/"},{"@type":"ListItem","position":2,"name":"Pemex mantiene sin cambio cobertura de da\u00f1os, informa aseguradora"}]},{"@type":"WebSite","@id":"https:\/\/canal7slp.tv\/2019\/#website","url":"https:\/\/canal7slp.tv\/2019\/","name":"Canal 7 SLP - Somos TV","description":"Somos un Canal de 10","publisher":{"@id":"https:\/\/canal7slp.tv\/2019\/#organization"},"potentialAction":[{"@type":"SearchAction","target":{"@type":"EntryPoint","urlTemplate":"https:\/\/canal7slp.tv\/2019\/?s={search_term_string}"},"query-input":{"@type":"PropertyValueSpecification","valueRequired":true,"valueName":"search_term_string"}}],"inLanguage":"es"},{"@type":"Organization","@id":"https:\/\/canal7slp.tv\/2019\/#organization","name":"Comunicaci\u00f3n 2000 S.A. de C.V.","url":"https:\/\/canal7slp.tv\/2019\/","logo":{"@type":"ImageObject","inLanguage":"es","@id":"https:\/\/canal7slp.tv\/2019\/#\/schema\/logo\/image\/","url":"https:\/\/canal7slp.tv\/2019\/wp-content\/uploads\/2019\/07\/logo-c7.png","contentUrl":"https:\/\/canal7slp.tv\/2019\/wp-content\/uploads\/2019\/07\/logo-c7.png","width":220,"height":60,"caption":"Comunicaci\u00f3n 2000 S.A. de C.V."},"image":{"@id":"https:\/\/canal7slp.tv\/2019\/#\/schema\/logo\/image\/"},"sameAs":["https:\/\/www.facebook.com\/CANAL7SLP\/","https:\/\/x.com\/canal7_slp","https:\/\/www.instagram.com\/canal7_slp","https:\/\/www.youtube.com\/user\/NOTICIEROSCANAL7SLP\/"]},{"@type":"Person","@id":"https:\/\/canal7slp.tv\/2019\/#\/schema\/person\/11d941c1c6ca30ac0a46b95fa37aa2e3","name":"edicionweb","image":{"@type":"ImageObject","inLanguage":"es","@id":"https:\/\/secure.gravatar.com\/avatar\/eee448fc3f7164808013b816ba91ac7e43bbe82a70bebac296f8bc6f0addaa1a?s=96&d=mm&r=g","url":"https:\/\/secure.gravatar.com\/avatar\/eee448fc3f7164808013b816ba91ac7e43bbe82a70bebac296f8bc6f0addaa1a?s=96&d=mm&r=g","contentUrl":"https:\/\/secure.gravatar.com\/avatar\/eee448fc3f7164808013b816ba91ac7e43bbe82a70bebac296f8bc6f0addaa1a?s=96&d=mm&r=g","caption":"edicionweb"}}]}},"amp_enabled":true,"cmb2":{"video_ids_in_playlist":{"vid_p_videos":""},"video_ids_in_channel":{"vid_c_videos":""},"playlist_ids_in_channel":{"vid_c_playlists":""},"series_ids_in_channel":{"vid_c_series":""},"channel_images":{"vid_c_logo":"","vid_c_banner":""},"poster_feature_image":{"vid_m_poster_image":""},"gif_feature_image":{"vid_m_gif_image":""},"video_movie_settings":{"vid_m_director":"","vid_m_actor":"","vid_m_imdb_ratings":"","vid_m_amazon_associates":""},"vid_youtube_broadcasts_settings":{"vid_yb_broadcast_title":"","vid_yb_q":"","vid_yb_channelid":"","vid_yb_videocategoryid":"","vid_yb_maxresults":"","vid_yb_order":"","vid_yb_regioncode":"","vid_yb_videosyndicated":"","vid_yb_style":"","vid_yb_reload_first":""},"video_series_settings":{"vid_m_director":"","vid_m_actor":"","vid_m_imdb_ratings":"","video_series_group":""},"amazon_associates_settings":{"amazon_associates":"","amazon_native_ad":""},"vid_youtube_automatic_settings":{"vid_ya_youtube_source":"","vid_ya_update_every":"","vid_ya_update_unit":"","vid_ya_categories":"","vid_ya_published_after":"","vid_ya_published_before":"","vid_ya_playlists":"","vid_ya_channels":"","vid_ya_director":"","vid_ya_actor":"","vid_ya_author":"","vid_ya_import_post_date":"","vid_ya_status":"","vid_ya_sub_api_key":""},"vid_ads_m_videoads_settings_post":{"vid_ads_m_video_ads":"","vid_ads_m_video_ads_type":"","vid_ads_m_group_google_ima":"","vid_ads_m_group_image":"","vid_ads_m_group_html5_video":"","vid_ads_m_group_html":"","vid_ads_m_vast_preroll":"","vid_ads_m_vast_postroll":"","vid_ads_m_vast_pauseroll":"","vid_ads_m_vast_midroll":[{"vid_ads_m_vast_timer_seconds":"50"}],"vid_ads_m_time_to_show_ads":"","vid_ads_m_time_skip_ads":"","vid_ads_m_time_to_hide_ads":""},"page_slider_settings":{"display_slider_group":"","page_slider_group":""},"blog_page_settings":{"blog_page_title":"","blog_page_heading":"","blog_page_ic":"","blog_page_it":"","blog_page_ec":"","blog_page_ip":"","archive_loop_style":"","blog_image_ratio":"","blog_show_categories":"","blog_show_excerpt":"","blog_show_author":"","blog_show_date":"","blog_show_comment_count":"","blog_show_view_count":"","blog_show_like_count":"","blog_show_dislike_count":"","blog_items_per_page":"","blog_pag_type":""},"page_options":{"get_page_template":"","color_mode":"","main_layout":"","main_layout_full_with":"","main_logo":"","main_logo_retina":"","main_logo_mobile":"","main_logo_mobile_retina":"","sticky_logo":"","sticky_logo_retina":"","main_nav_layout":"","ajax_search":"","header_background":"","theme_sidebar":"","instagram_feed":"","instagram_feed_position":"","popular_videos":"","popular_videos_title_1":"","popular_videos_title_2":"","popular_videos_ic":"","popular_videos_it":"","theme_background":"","page_custom_css":""},"feature_image_settings":{"feature_image_position":""},"video_player_settings":{"single_video_style":"","video_player_position":"","vm_video_url":"","video_player_library":"","video_streaming":"","vm_media_sources":"","vid_auto_play":"","vm_video_shortcode":"","vid_p_sync_playlist":"","vid_c_sync_channel":"","get_post_format":"","multiple_links_structure":"default","multi_links_title":"","vm_video_multi_links":"","vm_duration":"","vid_social_locker":"off","vid_social_locker_id":"","vid_membership_action":"content-video","vm_video_trailer_url":"","vid_download_type":"free","vid_download_target":"download","vid_woo_product":"","vm_media_download":"","user_rating":"","user_rating_position":"","user_rating_mode":"","user_rating_multi_sets":""},"video_auto_fetch_settings":{"vm_video_fetch":"on"},"video_fake_views_likes":{"vm_fake_views":"","vm_fake_likes":"","vm_fake_dislikes":""},"gallery_settings":{"gallery_position":""},"quote_settings":{"quote_position":""},"post_options":{"main_layout":"","main_logo":"","main_logo_retina":"","main_logo_mobile":"","main_logo_mobile_retina":"","sticky_logo":"","sticky_logo_retina":"","main_nav_layout":"","header_background":"","theme_sidebar":"","single_post_comment_type":"","theme_background":""}},"_links":{"self":[{"href":"https:\/\/canal7slp.tv\/2019\/wp-json\/wp\/v2\/posts\/28407","targetHints":{"allow":["GET"]}}],"collection":[{"href":"https:\/\/canal7slp.tv\/2019\/wp-json\/wp\/v2\/posts"}],"about":[{"href":"https:\/\/canal7slp.tv\/2019\/wp-json\/wp\/v2\/types\/post"}],"author":[{"embeddable":true,"href":"https:\/\/canal7slp.tv\/2019\/wp-json\/wp\/v2\/users\/2"}],"replies":[{"embeddable":true,"href":"https:\/\/canal7slp.tv\/2019\/wp-json\/wp\/v2\/comments?post=28407"}],"version-history":[{"count":0,"href":"https:\/\/canal7slp.tv\/2019\/wp-json\/wp\/v2\/posts\/28407\/revisions"}],"wp:featuredmedia":[{"embeddable":true,"href":"https:\/\/canal7slp.tv\/2019\/wp-json\/wp\/v2\/media\/28408"}],"wp:attachment":[{"href":"https:\/\/canal7slp.tv\/2019\/wp-json\/wp\/v2\/media?parent=28407"}],"wp:term":[{"taxonomy":"category","embeddable":true,"href":"https:\/\/canal7slp.tv\/2019\/wp-json\/wp\/v2\/categories?post=28407"},{"taxonomy":"post_tag","embeddable":true,"href":"https:\/\/canal7slp.tv\/2019\/wp-json\/wp\/v2\/tags?post=28407"}],"curies":[{"name":"wp","href":"https:\/\/api.w.org\/{rel}","templated":true}]}}