{"id":28393,"date":"2019-07-08T14:06:23","date_gmt":"2019-07-08T19:06:23","guid":{"rendered":"https:\/\/canal7slp.tv\/2019\/?p=28393"},"modified":"2019-07-08T14:06:23","modified_gmt":"2019-07-08T19:06:23","slug":"guardia-nacional-no-es-la-solucion-a-la-inseguridad-del-pais-ombudsman","status":"publish","type":"post","link":"https:\/\/canal7slp.tv\/2019\/guardia-nacional-no-es-la-solucion-a-la-inseguridad-del-pais-ombudsman\/","title":{"rendered":"Guardia Nacional no es la soluci\u00f3n a la inseguridad del pa\u00eds: Ombudsman"},"content":{"rendered":"<p style=\"text-align: justify;\">M\u00e9xico.- La Guardia Nacional puede y est\u00e1 llamada a ser parte de la soluci\u00f3n que el pa\u00eds requiere para sus problemas de violencia e inseguridad, pero no es ni puede ser en s\u00ed la soluci\u00f3n misma, afirm\u00f3 el ombudsman nacional, Luis Ra\u00fal Gonz\u00e1lez P\u00e9rez.<\/p>\n<p style=\"text-align: justify;\">Al participar como invitado en la sesi\u00f3n del Consejo Nacional de Seguridad P\u00fablica realizada en Palacio Nacional, dijo que por mejor capacitada que est\u00e9 una polic\u00eda, poco o nada abonar\u00e1 al abatimiento de la impunidad si no se cuenta con\u00a0 33 fiscal\u00edas aut\u00f3nomas.<\/p>\n<p style=\"text-align: justify;\">Adem\u00e1s, eficientes, con recursos y capacidades suficientes para que los delitos se investiguen y sancionen, en esto y otros temas los gobiernos estatales tienen una gran responsabilidad.<\/p>\n<p style=\"text-align: justify;\">\u201cEl perfil de la Guardia Nacional debe ser policial y civil, las polic\u00edas de estados y municipios deben fortalecerse y el Ej\u00e9rcito debe volver en los plazos planteados a las funciones que le son propias\u201d, acot\u00f3 el titular de la Comisi\u00f3n Nacional de los Derechos Humanos (CNDH).<\/p>\n<p style=\"text-align: justify;\">Record\u00f3 que, si bien en las \u00faltimas dos d\u00e9cadas la seguridad se ha inventado, reinventado y redise\u00f1ado en M\u00e9xico, sin que se hayan obtenido los resultados esperados, &#8220;ello no es \u00f3bice para suponer que tenemos que desechar todo lo existente y empezar desde cero en la generaci\u00f3n de recursos y capacidades&#8221;.<\/p>\n<p style=\"text-align: justify;\">\u201cNo es posible que se estigmatice y descalifique, en lo general, a todas las polic\u00edas e instituciones p\u00fablicas vinculadas a la seguridad, procuraci\u00f3n e impartici\u00f3n de justicia, as\u00ed como a sus miembros\u201d, abund\u00f3.<\/p>\n<p style=\"text-align: justify;\">Destac\u00f3 que la capacidad, honorabilidad y profesionalismo de los miles de mexicanos que han comprometido su vida en estas \u00e1reas, no depende de las \u00e9pocas o gobiernos en los que ingresaron al servicio p\u00fablico, ni de sus filiaciones o preferencias pol\u00edticas o ideol\u00f3gicas.<\/p>\n<p style=\"text-align: justify;\">Gonz\u00e1lez P\u00e9rez opin\u00f3 que es claro depurar y revisar a las polic\u00edas como un paso previo a su fortalecimiento, pero ello debe hacerse bajo esquemas y mecanismos objetivos, que permitan desterrar la corrupci\u00f3n y colusi\u00f3n de sus miembros con las organizaciones criminales.<\/p>\n<p style=\"text-align: justify;\">Lo anterior, remarc\u00f3, sin que ello afecte a los buenos elementos, vulnere sus derechos, y propicie que se pierdan capacidades y recursos \u00fatiles para las tareas que vienen.<\/p>\n<p style=\"text-align: justify;\">Adem\u00e1s, resalt\u00f3 que ante el despliegue de este nuevo cuerpo de seguridad p\u00fablica, es prioritario establecer y poner en pr\u00e1ctica los protocolos de actuaci\u00f3n y mecanismos de coordinaci\u00f3n con autoridades e instancias federales, as\u00ed como administraciones locales y municipales.<\/p>\n<p style=\"text-align: justify;\">Por ejemplo, dijo, ser\u00eda deseable que se hicieran p\u00fablicos los protocolos y esquemas de coordinaci\u00f3n con los que se opera en apoyo a las autoridades migratorias, en particular por lo que hace a las facultades y procedimientos de detenci\u00f3n de personas con una condici\u00f3n migratoria irregular.<\/p>\n<p style=\"text-align: justify;\">En el supuesto de que tales protocolos y esquemas no existieran, ser\u00eda urgente establecerlos y publicarlos, a\u00f1adi\u00f3 Gonz\u00e1lez P\u00e9rez.<\/p>\n","protected":false},"excerpt":{"rendered":"<p>M\u00e9xico.- La Guardia Nacional puede y est\u00e1 llamada a ser parte de la soluci\u00f3n que el pa\u00eds requiere para sus problemas de violencia e inseguridad, pero no es ni puede ser en s\u00ed la soluci\u00f3n misma, afirm\u00f3 el ombudsman nacional, Luis Ra\u00fal Gonz\u00e1lez P\u00e9rez. Al participar como invitado en la sesi\u00f3n del Consejo Nacional de [&hellip;]<\/p>\n","protected":false},"author":2,"featured_media":28394,"comment_status":"open","ping_status":"closed","sticky":false,"template":"","format":"standard","meta":{"footnotes":""},"categories":[30],"tags":[],"class_list":["post-28393","post","type-post","status-publish","format-standard","has-post-thumbnail","hentry","category-nacional"],"yoast_head":"<!-- This site is optimized with the Yoast SEO plugin v27.5 - https:\/\/yoast.com\/product\/yoast-seo-wordpress\/ -->\n<title>Guardia Nacional no es la soluci\u00f3n a la inseguridad del pa\u00eds: Ombudsman - Canal 7 SLP - 2019<\/title>\n<meta name=\"robots\" content=\"index, follow, max-snippet:-1, max-image-preview:large, max-video-preview:-1\" \/>\n<link rel=\"canonical\" href=\"https:\/\/canal7slp.tv\/2019\/guardia-nacional-no-es-la-solucion-a-la-inseguridad-del-pais-ombudsman\/\" \/>\n<meta property=\"og:locale\" content=\"es_ES\" \/>\n<meta property=\"og:type\" content=\"article\" \/>\n<meta property=\"og:title\" content=\"Guardia Nacional no es la soluci\u00f3n a la inseguridad del pa\u00eds: Ombudsman - Canal 7 SLP - 2019\" \/>\n<meta property=\"og:description\" content=\"M\u00e9xico.- La Guardia Nacional puede y est\u00e1 llamada a ser parte de la soluci\u00f3n que el pa\u00eds requiere para sus problemas de violencia e inseguridad, pero no es ni puede ser en s\u00ed la soluci\u00f3n misma, afirm\u00f3 el ombudsman nacional, Luis Ra\u00fal Gonz\u00e1lez P\u00e9rez. Al participar como invitado en la sesi\u00f3n del Consejo Nacional de [&hellip;]\" \/>\n<meta property=\"og:url\" content=\"https:\/\/canal7slp.tv\/2019\/guardia-nacional-no-es-la-solucion-a-la-inseguridad-del-pais-ombudsman\/\" \/>\n<meta property=\"og:site_name\" content=\"Canal 7 SLP - 2019\" \/>\n<meta property=\"article:publisher\" content=\"https:\/\/www.facebook.com\/CANAL7SLP\/\" \/>\n<meta property=\"article:published_time\" content=\"2019-07-08T19:06:23+00:00\" \/>\n<meta property=\"og:image\" content=\"https:\/\/canal7slp.tv\/2019\/wp-content\/uploads\/2019\/07\/10-5.jpg\" \/>\n\t<meta property=\"og:image:width\" content=\"614\" \/>\n\t<meta property=\"og:image:height\" content=\"410\" \/>\n\t<meta property=\"og:image:type\" content=\"image\/jpeg\" \/>\n<meta name=\"author\" content=\"edicionweb\" \/>\n<meta name=\"twitter:card\" content=\"summary_large_image\" \/>\n<meta name=\"twitter:creator\" content=\"@canal7_slp\" \/>\n<meta name=\"twitter:site\" content=\"@canal7_slp\" \/>\n<meta name=\"twitter:label1\" content=\"Escrito por\" \/>\n\t<meta name=\"twitter:data1\" content=\"edicionweb\" \/>\n\t<meta name=\"twitter:label2\" content=\"Tiempo de lectura\" \/>\n\t<meta name=\"twitter:data2\" content=\"3 minutos\" \/>\n<script type=\"application\/ld+json\" class=\"yoast-schema-graph\">{\"@context\":\"https:\\\/\\\/schema.org\",\"@graph\":[{\"@type\":\"Article\",\"@id\":\"https:\\\/\\\/canal7slp.tv\\\/2019\\\/guardia-nacional-no-es-la-solucion-a-la-inseguridad-del-pais-ombudsman\\\/#article\",\"isPartOf\":{\"@id\":\"https:\\\/\\\/canal7slp.tv\\\/2019\\\/guardia-nacional-no-es-la-solucion-a-la-inseguridad-del-pais-ombudsman\\\/\"},\"author\":{\"name\":\"edicionweb\",\"@id\":\"https:\\\/\\\/canal7slp.tv\\\/2019\\\/#\\\/schema\\\/person\\\/11d941c1c6ca30ac0a46b95fa37aa2e3\"},\"headline\":\"Guardia Nacional no es la soluci\u00f3n a la inseguridad del pa\u00eds: Ombudsman\",\"datePublished\":\"2019-07-08T19:06:23+00:00\",\"mainEntityOfPage\":{\"@id\":\"https:\\\/\\\/canal7slp.tv\\\/2019\\\/guardia-nacional-no-es-la-solucion-a-la-inseguridad-del-pais-ombudsman\\\/\"},\"wordCount\":522,\"commentCount\":0,\"publisher\":{\"@id\":\"https:\\\/\\\/canal7slp.tv\\\/2019\\\/#organization\"},\"image\":{\"@id\":\"https:\\\/\\\/canal7slp.tv\\\/2019\\\/guardia-nacional-no-es-la-solucion-a-la-inseguridad-del-pais-ombudsman\\\/#primaryimage\"},\"thumbnailUrl\":\"https:\\\/\\\/canal7slp.tv\\\/2019\\\/wp-content\\\/uploads\\\/2019\\\/07\\\/10-5.jpg\",\"articleSection\":[\"NACIONAL\"],\"inLanguage\":\"es\",\"potentialAction\":[{\"@type\":\"CommentAction\",\"name\":\"Comment\",\"target\":[\"https:\\\/\\\/canal7slp.tv\\\/2019\\\/guardia-nacional-no-es-la-solucion-a-la-inseguridad-del-pais-ombudsman\\\/#respond\"]}]},{\"@type\":\"WebPage\",\"@id\":\"https:\\\/\\\/canal7slp.tv\\\/2019\\\/guardia-nacional-no-es-la-solucion-a-la-inseguridad-del-pais-ombudsman\\\/\",\"url\":\"https:\\\/\\\/canal7slp.tv\\\/2019\\\/guardia-nacional-no-es-la-solucion-a-la-inseguridad-del-pais-ombudsman\\\/\",\"name\":\"Guardia Nacional no es la soluci\u00f3n a la inseguridad del pa\u00eds: Ombudsman - Canal 7 SLP - 2019\",\"isPartOf\":{\"@id\":\"https:\\\/\\\/canal7slp.tv\\\/2019\\\/#website\"},\"primaryImageOfPage\":{\"@id\":\"https:\\\/\\\/canal7slp.tv\\\/2019\\\/guardia-nacional-no-es-la-solucion-a-la-inseguridad-del-pais-ombudsman\\\/#primaryimage\"},\"image\":{\"@id\":\"https:\\\/\\\/canal7slp.tv\\\/2019\\\/guardia-nacional-no-es-la-solucion-a-la-inseguridad-del-pais-ombudsman\\\/#primaryimage\"},\"thumbnailUrl\":\"https:\\\/\\\/canal7slp.tv\\\/2019\\\/wp-content\\\/uploads\\\/2019\\\/07\\\/10-5.jpg\",\"datePublished\":\"2019-07-08T19:06:23+00:00\",\"breadcrumb\":{\"@id\":\"https:\\\/\\\/canal7slp.tv\\\/2019\\\/guardia-nacional-no-es-la-solucion-a-la-inseguridad-del-pais-ombudsman\\\/#breadcrumb\"},\"inLanguage\":\"es\",\"potentialAction\":[{\"@type\":\"ReadAction\",\"target\":[\"https:\\\/\\\/canal7slp.tv\\\/2019\\\/guardia-nacional-no-es-la-solucion-a-la-inseguridad-del-pais-ombudsman\\\/\"]}]},{\"@type\":\"ImageObject\",\"inLanguage\":\"es\",\"@id\":\"https:\\\/\\\/canal7slp.tv\\\/2019\\\/guardia-nacional-no-es-la-solucion-a-la-inseguridad-del-pais-ombudsman\\\/#primaryimage\",\"url\":\"https:\\\/\\\/canal7slp.tv\\\/2019\\\/wp-content\\\/uploads\\\/2019\\\/07\\\/10-5.jpg\",\"contentUrl\":\"https:\\\/\\\/canal7slp.tv\\\/2019\\\/wp-content\\\/uploads\\\/2019\\\/07\\\/10-5.jpg\",\"width\":614,\"height\":410,\"caption\":\"90630054. M\u00e9xico, 30 Jun 2019 (Notimex-Adri\u00e1n Rocha).- La Guardia Nacional (GN) debe ser la vanguardia para lograr la Cuarta Transformaci\u00f3n del pa\u00eds, expres\u00f3 hoy el presidente Andr\u00e9s Manuel L\u00f3pez Obrador en el Campo Militar Marte, al poner en funcionamiento de manera oficial ese nuevo cuerpo de seguridad. NOTIMEX\\\/FOTO\\\/ADRI\u00c1N ROCHA\\\/ARG\\\/POL\\\/4T\\\/\"},{\"@type\":\"BreadcrumbList\",\"@id\":\"https:\\\/\\\/canal7slp.tv\\\/2019\\\/guardia-nacional-no-es-la-solucion-a-la-inseguridad-del-pais-ombudsman\\\/#breadcrumb\",\"itemListElement\":[{\"@type\":\"ListItem\",\"position\":1,\"name\":\"Home\",\"item\":\"https:\\\/\\\/canal7slp.tv\\\/2019\\\/\"},{\"@type\":\"ListItem\",\"position\":2,\"name\":\"Guardia Nacional no es la soluci\u00f3n a la inseguridad del pa\u00eds: Ombudsman\"}]},{\"@type\":\"WebSite\",\"@id\":\"https:\\\/\\\/canal7slp.tv\\\/2019\\\/#website\",\"url\":\"https:\\\/\\\/canal7slp.tv\\\/2019\\\/\",\"name\":\"Canal 7 SLP - Somos TV\",\"description\":\"Somos un Canal de 10\",\"publisher\":{\"@id\":\"https:\\\/\\\/canal7slp.tv\\\/2019\\\/#organization\"},\"potentialAction\":[{\"@type\":\"SearchAction\",\"target\":{\"@type\":\"EntryPoint\",\"urlTemplate\":\"https:\\\/\\\/canal7slp.tv\\\/2019\\\/?s={search_term_string}\"},\"query-input\":{\"@type\":\"PropertyValueSpecification\",\"valueRequired\":true,\"valueName\":\"search_term_string\"}}],\"inLanguage\":\"es\"},{\"@type\":\"Organization\",\"@id\":\"https:\\\/\\\/canal7slp.tv\\\/2019\\\/#organization\",\"name\":\"Comunicaci\u00f3n 2000 S.A. de C.V.\",\"url\":\"https:\\\/\\\/canal7slp.tv\\\/2019\\\/\",\"logo\":{\"@type\":\"ImageObject\",\"inLanguage\":\"es\",\"@id\":\"https:\\\/\\\/canal7slp.tv\\\/2019\\\/#\\\/schema\\\/logo\\\/image\\\/\",\"url\":\"https:\\\/\\\/canal7slp.tv\\\/2019\\\/wp-content\\\/uploads\\\/2019\\\/07\\\/logo-c7.png\",\"contentUrl\":\"https:\\\/\\\/canal7slp.tv\\\/2019\\\/wp-content\\\/uploads\\\/2019\\\/07\\\/logo-c7.png\",\"width\":220,\"height\":60,\"caption\":\"Comunicaci\u00f3n 2000 S.A. de C.V.\"},\"image\":{\"@id\":\"https:\\\/\\\/canal7slp.tv\\\/2019\\\/#\\\/schema\\\/logo\\\/image\\\/\"},\"sameAs\":[\"https:\\\/\\\/www.facebook.com\\\/CANAL7SLP\\\/\",\"https:\\\/\\\/x.com\\\/canal7_slp\",\"https:\\\/\\\/www.instagram.com\\\/canal7_slp\",\"https:\\\/\\\/www.youtube.com\\\/user\\\/NOTICIEROSCANAL7SLP\\\/\"]},{\"@type\":\"Person\",\"@id\":\"https:\\\/\\\/canal7slp.tv\\\/2019\\\/#\\\/schema\\\/person\\\/11d941c1c6ca30ac0a46b95fa37aa2e3\",\"name\":\"edicionweb\",\"image\":{\"@type\":\"ImageObject\",\"inLanguage\":\"es\",\"@id\":\"https:\\\/\\\/secure.gravatar.com\\\/avatar\\\/eee448fc3f7164808013b816ba91ac7e43bbe82a70bebac296f8bc6f0addaa1a?s=96&d=mm&r=g\",\"url\":\"https:\\\/\\\/secure.gravatar.com\\\/avatar\\\/eee448fc3f7164808013b816ba91ac7e43bbe82a70bebac296f8bc6f0addaa1a?s=96&d=mm&r=g\",\"contentUrl\":\"https:\\\/\\\/secure.gravatar.com\\\/avatar\\\/eee448fc3f7164808013b816ba91ac7e43bbe82a70bebac296f8bc6f0addaa1a?s=96&d=mm&r=g\",\"caption\":\"edicionweb\"}}]}<\/script>\n<!-- \/ Yoast SEO plugin. -->","yoast_head_json":{"title":"Guardia Nacional no es la soluci\u00f3n a la inseguridad del pa\u00eds: Ombudsman - Canal 7 SLP - 2019","robots":{"index":"index","follow":"follow","max-snippet":"max-snippet:-1","max-image-preview":"max-image-preview:large","max-video-preview":"max-video-preview:-1"},"canonical":"https:\/\/canal7slp.tv\/2019\/guardia-nacional-no-es-la-solucion-a-la-inseguridad-del-pais-ombudsman\/","og_locale":"es_ES","og_type":"article","og_title":"Guardia Nacional no es la soluci\u00f3n a la inseguridad del pa\u00eds: Ombudsman - Canal 7 SLP - 2019","og_description":"M\u00e9xico.- La Guardia Nacional puede y est\u00e1 llamada a ser parte de la soluci\u00f3n que el pa\u00eds requiere para sus problemas de violencia e inseguridad, pero no es ni puede ser en s\u00ed la soluci\u00f3n misma, afirm\u00f3 el ombudsman nacional, Luis Ra\u00fal Gonz\u00e1lez P\u00e9rez. Al participar como invitado en la sesi\u00f3n del Consejo Nacional de [&hellip;]","og_url":"https:\/\/canal7slp.tv\/2019\/guardia-nacional-no-es-la-solucion-a-la-inseguridad-del-pais-ombudsman\/","og_site_name":"Canal 7 SLP - 2019","article_publisher":"https:\/\/www.facebook.com\/CANAL7SLP\/","article_published_time":"2019-07-08T19:06:23+00:00","og_image":[{"width":614,"height":410,"url":"https:\/\/canal7slp.tv\/2019\/wp-content\/uploads\/2019\/07\/10-5.jpg","type":"image\/jpeg"}],"author":"edicionweb","twitter_card":"summary_large_image","twitter_creator":"@canal7_slp","twitter_site":"@canal7_slp","twitter_misc":{"Escrito por":"edicionweb","Tiempo de lectura":"3 minutos"},"schema":{"@context":"https:\/\/schema.org","@graph":[{"@type":"Article","@id":"https:\/\/canal7slp.tv\/2019\/guardia-nacional-no-es-la-solucion-a-la-inseguridad-del-pais-ombudsman\/#article","isPartOf":{"@id":"https:\/\/canal7slp.tv\/2019\/guardia-nacional-no-es-la-solucion-a-la-inseguridad-del-pais-ombudsman\/"},"author":{"name":"edicionweb","@id":"https:\/\/canal7slp.tv\/2019\/#\/schema\/person\/11d941c1c6ca30ac0a46b95fa37aa2e3"},"headline":"Guardia Nacional no es la soluci\u00f3n a la inseguridad del pa\u00eds: Ombudsman","datePublished":"2019-07-08T19:06:23+00:00","mainEntityOfPage":{"@id":"https:\/\/canal7slp.tv\/2019\/guardia-nacional-no-es-la-solucion-a-la-inseguridad-del-pais-ombudsman\/"},"wordCount":522,"commentCount":0,"publisher":{"@id":"https:\/\/canal7slp.tv\/2019\/#organization"},"image":{"@id":"https:\/\/canal7slp.tv\/2019\/guardia-nacional-no-es-la-solucion-a-la-inseguridad-del-pais-ombudsman\/#primaryimage"},"thumbnailUrl":"https:\/\/canal7slp.tv\/2019\/wp-content\/uploads\/2019\/07\/10-5.jpg","articleSection":["NACIONAL"],"inLanguage":"es","potentialAction":[{"@type":"CommentAction","name":"Comment","target":["https:\/\/canal7slp.tv\/2019\/guardia-nacional-no-es-la-solucion-a-la-inseguridad-del-pais-ombudsman\/#respond"]}]},{"@type":"WebPage","@id":"https:\/\/canal7slp.tv\/2019\/guardia-nacional-no-es-la-solucion-a-la-inseguridad-del-pais-ombudsman\/","url":"https:\/\/canal7slp.tv\/2019\/guardia-nacional-no-es-la-solucion-a-la-inseguridad-del-pais-ombudsman\/","name":"Guardia Nacional no es la soluci\u00f3n a la inseguridad del pa\u00eds: Ombudsman - Canal 7 SLP - 2019","isPartOf":{"@id":"https:\/\/canal7slp.tv\/2019\/#website"},"primaryImageOfPage":{"@id":"https:\/\/canal7slp.tv\/2019\/guardia-nacional-no-es-la-solucion-a-la-inseguridad-del-pais-ombudsman\/#primaryimage"},"image":{"@id":"https:\/\/canal7slp.tv\/2019\/guardia-nacional-no-es-la-solucion-a-la-inseguridad-del-pais-ombudsman\/#primaryimage"},"thumbnailUrl":"https:\/\/canal7slp.tv\/2019\/wp-content\/uploads\/2019\/07\/10-5.jpg","datePublished":"2019-07-08T19:06:23+00:00","breadcrumb":{"@id":"https:\/\/canal7slp.tv\/2019\/guardia-nacional-no-es-la-solucion-a-la-inseguridad-del-pais-ombudsman\/#breadcrumb"},"inLanguage":"es","potentialAction":[{"@type":"ReadAction","target":["https:\/\/canal7slp.tv\/2019\/guardia-nacional-no-es-la-solucion-a-la-inseguridad-del-pais-ombudsman\/"]}]},{"@type":"ImageObject","inLanguage":"es","@id":"https:\/\/canal7slp.tv\/2019\/guardia-nacional-no-es-la-solucion-a-la-inseguridad-del-pais-ombudsman\/#primaryimage","url":"https:\/\/canal7slp.tv\/2019\/wp-content\/uploads\/2019\/07\/10-5.jpg","contentUrl":"https:\/\/canal7slp.tv\/2019\/wp-content\/uploads\/2019\/07\/10-5.jpg","width":614,"height":410,"caption":"90630054. M\u00e9xico, 30 Jun 2019 (Notimex-Adri\u00e1n Rocha).- La Guardia Nacional (GN) debe ser la vanguardia para lograr la Cuarta Transformaci\u00f3n del pa\u00eds, expres\u00f3 hoy el presidente Andr\u00e9s Manuel L\u00f3pez Obrador en el Campo Militar Marte, al poner en funcionamiento de manera oficial ese nuevo cuerpo de seguridad. NOTIMEX\/FOTO\/ADRI\u00c1N ROCHA\/ARG\/POL\/4T\/"},{"@type":"BreadcrumbList","@id":"https:\/\/canal7slp.tv\/2019\/guardia-nacional-no-es-la-solucion-a-la-inseguridad-del-pais-ombudsman\/#breadcrumb","itemListElement":[{"@type":"ListItem","position":1,"name":"Home","item":"https:\/\/canal7slp.tv\/2019\/"},{"@type":"ListItem","position":2,"name":"Guardia Nacional no es la soluci\u00f3n a la inseguridad del pa\u00eds: Ombudsman"}]},{"@type":"WebSite","@id":"https:\/\/canal7slp.tv\/2019\/#website","url":"https:\/\/canal7slp.tv\/2019\/","name":"Canal 7 SLP - Somos TV","description":"Somos un Canal de 10","publisher":{"@id":"https:\/\/canal7slp.tv\/2019\/#organization"},"potentialAction":[{"@type":"SearchAction","target":{"@type":"EntryPoint","urlTemplate":"https:\/\/canal7slp.tv\/2019\/?s={search_term_string}"},"query-input":{"@type":"PropertyValueSpecification","valueRequired":true,"valueName":"search_term_string"}}],"inLanguage":"es"},{"@type":"Organization","@id":"https:\/\/canal7slp.tv\/2019\/#organization","name":"Comunicaci\u00f3n 2000 S.A. de C.V.","url":"https:\/\/canal7slp.tv\/2019\/","logo":{"@type":"ImageObject","inLanguage":"es","@id":"https:\/\/canal7slp.tv\/2019\/#\/schema\/logo\/image\/","url":"https:\/\/canal7slp.tv\/2019\/wp-content\/uploads\/2019\/07\/logo-c7.png","contentUrl":"https:\/\/canal7slp.tv\/2019\/wp-content\/uploads\/2019\/07\/logo-c7.png","width":220,"height":60,"caption":"Comunicaci\u00f3n 2000 S.A. de C.V."},"image":{"@id":"https:\/\/canal7slp.tv\/2019\/#\/schema\/logo\/image\/"},"sameAs":["https:\/\/www.facebook.com\/CANAL7SLP\/","https:\/\/x.com\/canal7_slp","https:\/\/www.instagram.com\/canal7_slp","https:\/\/www.youtube.com\/user\/NOTICIEROSCANAL7SLP\/"]},{"@type":"Person","@id":"https:\/\/canal7slp.tv\/2019\/#\/schema\/person\/11d941c1c6ca30ac0a46b95fa37aa2e3","name":"edicionweb","image":{"@type":"ImageObject","inLanguage":"es","@id":"https:\/\/secure.gravatar.com\/avatar\/eee448fc3f7164808013b816ba91ac7e43bbe82a70bebac296f8bc6f0addaa1a?s=96&d=mm&r=g","url":"https:\/\/secure.gravatar.com\/avatar\/eee448fc3f7164808013b816ba91ac7e43bbe82a70bebac296f8bc6f0addaa1a?s=96&d=mm&r=g","contentUrl":"https:\/\/secure.gravatar.com\/avatar\/eee448fc3f7164808013b816ba91ac7e43bbe82a70bebac296f8bc6f0addaa1a?s=96&d=mm&r=g","caption":"edicionweb"}}]}},"amp_enabled":true,"cmb2":{"video_ids_in_playlist":{"vid_p_videos":""},"video_ids_in_channel":{"vid_c_videos":""},"playlist_ids_in_channel":{"vid_c_playlists":""},"series_ids_in_channel":{"vid_c_series":""},"channel_images":{"vid_c_logo":"","vid_c_banner":""},"poster_feature_image":{"vid_m_poster_image":""},"gif_feature_image":{"vid_m_gif_image":""},"video_movie_settings":{"vid_m_director":"","vid_m_actor":"","vid_m_imdb_ratings":"","vid_m_amazon_associates":""},"vid_youtube_broadcasts_settings":{"vid_yb_broadcast_title":"","vid_yb_q":"","vid_yb_channelid":"","vid_yb_videocategoryid":"","vid_yb_maxresults":"","vid_yb_order":"","vid_yb_regioncode":"","vid_yb_videosyndicated":"","vid_yb_style":"","vid_yb_reload_first":""},"video_series_settings":{"vid_m_director":"","vid_m_actor":"","vid_m_imdb_ratings":"","video_series_group":""},"amazon_associates_settings":{"amazon_associates":"","amazon_native_ad":""},"vid_youtube_automatic_settings":{"vid_ya_youtube_source":"","vid_ya_update_every":"","vid_ya_update_unit":"","vid_ya_categories":"","vid_ya_published_after":"","vid_ya_published_before":"","vid_ya_playlists":"","vid_ya_channels":"","vid_ya_director":"","vid_ya_actor":"","vid_ya_author":"","vid_ya_import_post_date":"","vid_ya_status":"","vid_ya_sub_api_key":""},"vid_ads_m_videoads_settings_post":{"vid_ads_m_video_ads":"","vid_ads_m_video_ads_type":"","vid_ads_m_group_google_ima":"","vid_ads_m_group_image":"","vid_ads_m_group_html5_video":"","vid_ads_m_group_html":"","vid_ads_m_vast_preroll":"","vid_ads_m_vast_postroll":"","vid_ads_m_vast_pauseroll":"","vid_ads_m_vast_midroll":[{"vid_ads_m_vast_timer_seconds":"50"}],"vid_ads_m_time_to_show_ads":"","vid_ads_m_time_skip_ads":"","vid_ads_m_time_to_hide_ads":""},"page_slider_settings":{"display_slider_group":"","page_slider_group":""},"blog_page_settings":{"blog_page_title":"","blog_page_heading":"","blog_page_ic":"","blog_page_it":"","blog_page_ec":"","blog_page_ip":"","archive_loop_style":"","blog_image_ratio":"","blog_show_categories":"","blog_show_excerpt":"","blog_show_author":"","blog_show_date":"","blog_show_comment_count":"","blog_show_view_count":"","blog_show_like_count":"","blog_show_dislike_count":"","blog_items_per_page":"","blog_pag_type":""},"page_options":{"get_page_template":"","color_mode":"","main_layout":"","main_layout_full_with":"","main_logo":"","main_logo_retina":"","main_logo_mobile":"","main_logo_mobile_retina":"","sticky_logo":"","sticky_logo_retina":"","main_nav_layout":"","ajax_search":"","header_background":"","theme_sidebar":"","instagram_feed":"","instagram_feed_position":"","popular_videos":"","popular_videos_title_1":"","popular_videos_title_2":"","popular_videos_ic":"","popular_videos_it":"","theme_background":"","page_custom_css":""},"feature_image_settings":{"feature_image_position":""},"video_player_settings":{"single_video_style":"","video_player_position":"","vm_video_url":"","video_player_library":"","video_streaming":"","vm_media_sources":"","vid_auto_play":"","vm_video_shortcode":"","vid_p_sync_playlist":"","vid_c_sync_channel":"","get_post_format":"","multiple_links_structure":"default","multi_links_title":"","vm_video_multi_links":"","vm_duration":"","vid_social_locker":"off","vid_social_locker_id":"","vid_membership_action":"content-video","vm_video_trailer_url":"","vid_download_type":"free","vid_download_target":"download","vid_woo_product":"","vm_media_download":"","user_rating":"","user_rating_position":"","user_rating_mode":"","user_rating_multi_sets":""},"video_auto_fetch_settings":{"vm_video_fetch":"on"},"video_fake_views_likes":{"vm_fake_views":"","vm_fake_likes":"","vm_fake_dislikes":""},"gallery_settings":{"gallery_position":""},"quote_settings":{"quote_position":""},"post_options":{"main_layout":"","main_logo":"","main_logo_retina":"","main_logo_mobile":"","main_logo_mobile_retina":"","sticky_logo":"","sticky_logo_retina":"","main_nav_layout":"","header_background":"","theme_sidebar":"","single_post_comment_type":"","theme_background":""}},"_links":{"self":[{"href":"https:\/\/canal7slp.tv\/2019\/wp-json\/wp\/v2\/posts\/28393","targetHints":{"allow":["GET"]}}],"collection":[{"href":"https:\/\/canal7slp.tv\/2019\/wp-json\/wp\/v2\/posts"}],"about":[{"href":"https:\/\/canal7slp.tv\/2019\/wp-json\/wp\/v2\/types\/post"}],"author":[{"embeddable":true,"href":"https:\/\/canal7slp.tv\/2019\/wp-json\/wp\/v2\/users\/2"}],"replies":[{"embeddable":true,"href":"https:\/\/canal7slp.tv\/2019\/wp-json\/wp\/v2\/comments?post=28393"}],"version-history":[{"count":0,"href":"https:\/\/canal7slp.tv\/2019\/wp-json\/wp\/v2\/posts\/28393\/revisions"}],"wp:featuredmedia":[{"embeddable":true,"href":"https:\/\/canal7slp.tv\/2019\/wp-json\/wp\/v2\/media\/28394"}],"wp:attachment":[{"href":"https:\/\/canal7slp.tv\/2019\/wp-json\/wp\/v2\/media?parent=28393"}],"wp:term":[{"taxonomy":"category","embeddable":true,"href":"https:\/\/canal7slp.tv\/2019\/wp-json\/wp\/v2\/categories?post=28393"},{"taxonomy":"post_tag","embeddable":true,"href":"https:\/\/canal7slp.tv\/2019\/wp-json\/wp\/v2\/tags?post=28393"}],"curies":[{"name":"wp","href":"https:\/\/api.w.org\/{rel}","templated":true}]}}