{"id":28390,"date":"2019-07-08T14:03:46","date_gmt":"2019-07-08T19:03:46","guid":{"rendered":"https:\/\/canal7slp.tv\/2019\/?p=28390"},"modified":"2019-07-08T14:03:46","modified_gmt":"2019-07-08T19:03:46","slug":"brote-de-colera-en-yemen-ha-matado-a-193-ninos-en-2019","status":"publish","type":"post","link":"https:\/\/canal7slp.tv\/2019\/brote-de-colera-en-yemen-ha-matado-a-193-ninos-en-2019\/","title":{"rendered":"Brote de c\u00f3lera en Yemen ha matado a 193 ni\u00f1os en 2019"},"content":{"rendered":"<p style=\"text-align: justify;\">Londres.- El brote de c\u00f3lera en Yemen provoc\u00f3 la muerte de al menos 193 ni\u00f1os en el primer semestre del a\u00f1o, mientras que 203 mil muestras signos de haber contra\u00eddo la enfermedad, denunci\u00f3 este d\u00eda la organizaci\u00f3n Save the Children.<\/p>\n<p style=\"text-align: justify;\">La organizaci\u00f3n no gubernamental que trabaja en pro de los derechos de la ni\u00f1ez, destac\u00f3 que la batalla contra el c\u00f3lera en Yemen est\u00e1 lejos de terminar, ya que en los primeros seis meses del presente a\u00f1os se han detectados m\u00e1s casos sospechosos que durante todo el 2018, incluidos 203 mil menores de 15 a\u00f1os.<\/p>\n<p style=\"text-align: justify;\">\u201cEl n\u00famero total de muertes relacionadas con el c\u00f3lera tambi\u00e9n se dispar\u00f3. En los primeros seis meses de 2019, la cantidad de personas que murieron debido a casos sospechosos de c\u00f3lera fue nueve veces mayor que en el mismo per\u00edodo del a\u00f1o pasado. La tasa de mortalidad se ha duplicado\u201d, destac\u00f3.<\/p>\n<p style=\"text-align: justify;\">El c\u00f3lera es una enfermedad infecto-contagiosa intestinal aguda, provocada por los serotipos O1 y O139 de la bacteria \u201cVibrio cholerae\u201d, que provoca una diarrea secretoria caracterizada por deposiciones semejantes al agua de arroz, que causan una r\u00e1pida deshidrataci\u00f3n.<\/p>\n<p style=\"text-align: justify;\">Save the Children asegur\u00f3 que debido al conflicto en Yemen gran parte de la infraestructura de agua potable y saneamiento ha sido destruida o da\u00f1ada de manera severa, dejando a unos 9.2 millones de ni\u00f1os sin acceso adecuado al agua potable.<\/p>\n<p style=\"text-align: justify;\">La Rep\u00fablica de Yemen ha permanecido en guerra desde septiembre de 2014, cuando las tropas rebeldes del Movimiento al Houthi tomaron el control de la sede del gobierno, el aeropuerto, las escuelas y varios edificios p\u00fablicos de San\u00e1, obligando al presidente Abd Rabbah Mansur a huir.<\/p>\n<p style=\"text-align: justify;\">Desde el 26 de marzo de 2015, una coalici\u00f3n de nueve pa\u00edses \u00e1rabes, liderada por Arabia Saudita, impulsa una ofensiva militar contra la milicia chi\u00edta, en busca restablecer al presidente Hadi en el poder y expulsar a los rebeldes, que son respaldados por fuerzas iran\u00edes.<\/p>\n<p style=\"text-align: justify;\">El conflicto tambi\u00e9n ha limitado el bombeo de las aguas residuales y la recolecci\u00f3n de basura, dejando a muchas partes de Yemen al asecho de enfermedades infecciosas, transmitidas por la falta de agua potable, como el c\u00f3lera.<\/p>\n<p style=\"text-align: justify;\">\u201cLos ni\u00f1os malnutridos son m\u00e1s vulnerables a las enfermedades relacionadas con el c\u00f3lera, debido a su d\u00e9bil sistema inmunol\u00f3gico, tienen al menos tres veces m\u00e1s probabilidades de morir si contraen el c\u00f3lera\u201d, destac\u00f3 la ONG defensora de la ni\u00f1ez.<\/p>\n<p style=\"text-align: justify;\">Tamer Kirolos, directora de Save the Children en Yemen, advirti\u00f3 que los brotes de enfermedades en el pa\u00eds \u00e1rabe abundan debido al colapso del sistema de salud, los d\u00e9biles sistemas de saneamientos y una poblaci\u00f3n cada vez m\u00e1s vulnerable por el desplazamiento forzado y la desnutrici\u00f3n.<\/p>\n<p style=\"text-align: justify;\">El sistema de salud, explic\u00f3, se encuentra bajo una presi\u00f3n considerable, ya que solo la mitad de los establecimientos de salud en Yemen funcionan, mientras que el resto de las instalaciones permanecen cerradas o son parcialmente funcionales.<\/p>\n<p style=\"text-align: justify;\">Save the Children asegur\u00f3 que brinda atenci\u00f3n primaria de salud en instalaciones de salud en la mayor\u00eda de los distritos de Yemen e impulsar programas para purificar el agua y crear conciencia sobre la prevenci\u00f3n de la enfermedad en las comunidades, \u201cpero solo el fin de la guerra puede proteger a los ni\u00f1os del c\u00f3lera\u201d.<\/p>\n<p style=\"text-align: justify;\">Consider\u00f3 que se necesita una acci\u00f3n urgente para reconstruir el sistema de salud a un estado funcional, ya que de lo contrario existe el riesgo de perder a\u00fan m\u00e1s personas debido a enfermedades que son prevenibles, incluida el c\u00f3lera.<\/p>\n<p style=\"text-align: justify;\">\u201cSave the Children solicita a las autoridades de Yemen que garanticen el pago regular y completo de los salarios de los funcionarios p\u00fablicos, en particular a los trabajadores de la salud y que equipen a los establecimientos de salud con el personal que se necesita con urgencia para garantizar la continuidad de la prestaci\u00f3n de los servicios de salud tan necesarios\u201d, apunt\u00f3.<\/p>\n","protected":false},"excerpt":{"rendered":"<p>Londres.- El brote de c\u00f3lera en Yemen provoc\u00f3 la muerte de al menos 193 ni\u00f1os en el primer semestre del a\u00f1o, mientras que 203 mil muestras signos de haber contra\u00eddo la enfermedad, denunci\u00f3 este d\u00eda la organizaci\u00f3n Save the Children. La organizaci\u00f3n no gubernamental que trabaja en pro de los derechos de la ni\u00f1ez, destac\u00f3 [&hellip;]<\/p>\n","protected":false},"author":2,"featured_media":28391,"comment_status":"open","ping_status":"closed","sticky":false,"template":"","format":"standard","meta":{"footnotes":""},"categories":[18],"tags":[],"class_list":["post-28390","post","type-post","status-publish","format-standard","has-post-thumbnail","hentry","category-internacional"],"yoast_head":"<!-- This site is optimized with the Yoast SEO plugin v27.5 - https:\/\/yoast.com\/product\/yoast-seo-wordpress\/ -->\n<title>Brote de c\u00f3lera en Yemen ha matado a 193 ni\u00f1os en 2019 - Canal 7 SLP - 2019<\/title>\n<meta name=\"robots\" content=\"index, follow, max-snippet:-1, max-image-preview:large, max-video-preview:-1\" \/>\n<link rel=\"canonical\" href=\"https:\/\/canal7slp.tv\/2019\/brote-de-colera-en-yemen-ha-matado-a-193-ninos-en-2019\/\" \/>\n<meta property=\"og:locale\" content=\"es_ES\" \/>\n<meta property=\"og:type\" content=\"article\" \/>\n<meta property=\"og:title\" content=\"Brote de c\u00f3lera en Yemen ha matado a 193 ni\u00f1os en 2019 - Canal 7 SLP - 2019\" \/>\n<meta property=\"og:description\" content=\"Londres.- El brote de c\u00f3lera en Yemen provoc\u00f3 la muerte de al menos 193 ni\u00f1os en el primer semestre del a\u00f1o, mientras que 203 mil muestras signos de haber contra\u00eddo la enfermedad, denunci\u00f3 este d\u00eda la organizaci\u00f3n Save the Children. La organizaci\u00f3n no gubernamental que trabaja en pro de los derechos de la ni\u00f1ez, destac\u00f3 [&hellip;]\" \/>\n<meta property=\"og:url\" content=\"https:\/\/canal7slp.tv\/2019\/brote-de-colera-en-yemen-ha-matado-a-193-ninos-en-2019\/\" \/>\n<meta property=\"og:site_name\" content=\"Canal 7 SLP - 2019\" \/>\n<meta property=\"article:publisher\" content=\"https:\/\/www.facebook.com\/CANAL7SLP\/\" \/>\n<meta property=\"article:published_time\" content=\"2019-07-08T19:03:46+00:00\" \/>\n<meta property=\"og:image\" content=\"https:\/\/canal7slp.tv\/2019\/wp-content\/uploads\/2019\/07\/09-5.jpg\" \/>\n\t<meta property=\"og:image:width\" content=\"669\" \/>\n\t<meta property=\"og:image:height\" content=\"410\" \/>\n\t<meta property=\"og:image:type\" content=\"image\/jpeg\" \/>\n<meta name=\"author\" content=\"edicionweb\" \/>\n<meta name=\"twitter:card\" content=\"summary_large_image\" \/>\n<meta name=\"twitter:creator\" content=\"@canal7_slp\" \/>\n<meta name=\"twitter:site\" content=\"@canal7_slp\" \/>\n<meta name=\"twitter:label1\" content=\"Escrito por\" \/>\n\t<meta name=\"twitter:data1\" content=\"edicionweb\" \/>\n\t<meta name=\"twitter:label2\" content=\"Tiempo de lectura\" \/>\n\t<meta name=\"twitter:data2\" content=\"3 minutos\" \/>\n<script type=\"application\/ld+json\" class=\"yoast-schema-graph\">{\"@context\":\"https:\\\/\\\/schema.org\",\"@graph\":[{\"@type\":\"Article\",\"@id\":\"https:\\\/\\\/canal7slp.tv\\\/2019\\\/brote-de-colera-en-yemen-ha-matado-a-193-ninos-en-2019\\\/#article\",\"isPartOf\":{\"@id\":\"https:\\\/\\\/canal7slp.tv\\\/2019\\\/brote-de-colera-en-yemen-ha-matado-a-193-ninos-en-2019\\\/\"},\"author\":{\"name\":\"edicionweb\",\"@id\":\"https:\\\/\\\/canal7slp.tv\\\/2019\\\/#\\\/schema\\\/person\\\/11d941c1c6ca30ac0a46b95fa37aa2e3\"},\"headline\":\"Brote de c\u00f3lera en Yemen ha matado a 193 ni\u00f1os en 2019\",\"datePublished\":\"2019-07-08T19:03:46+00:00\",\"mainEntityOfPage\":{\"@id\":\"https:\\\/\\\/canal7slp.tv\\\/2019\\\/brote-de-colera-en-yemen-ha-matado-a-193-ninos-en-2019\\\/\"},\"wordCount\":691,\"commentCount\":0,\"publisher\":{\"@id\":\"https:\\\/\\\/canal7slp.tv\\\/2019\\\/#organization\"},\"image\":{\"@id\":\"https:\\\/\\\/canal7slp.tv\\\/2019\\\/brote-de-colera-en-yemen-ha-matado-a-193-ninos-en-2019\\\/#primaryimage\"},\"thumbnailUrl\":\"https:\\\/\\\/canal7slp.tv\\\/2019\\\/wp-content\\\/uploads\\\/2019\\\/07\\\/09-5.jpg\",\"articleSection\":[\"INTERNACIONAL\"],\"inLanguage\":\"es\",\"potentialAction\":[{\"@type\":\"CommentAction\",\"name\":\"Comment\",\"target\":[\"https:\\\/\\\/canal7slp.tv\\\/2019\\\/brote-de-colera-en-yemen-ha-matado-a-193-ninos-en-2019\\\/#respond\"]}]},{\"@type\":\"WebPage\",\"@id\":\"https:\\\/\\\/canal7slp.tv\\\/2019\\\/brote-de-colera-en-yemen-ha-matado-a-193-ninos-en-2019\\\/\",\"url\":\"https:\\\/\\\/canal7slp.tv\\\/2019\\\/brote-de-colera-en-yemen-ha-matado-a-193-ninos-en-2019\\\/\",\"name\":\"Brote de c\u00f3lera en Yemen ha matado a 193 ni\u00f1os en 2019 - Canal 7 SLP - 2019\",\"isPartOf\":{\"@id\":\"https:\\\/\\\/canal7slp.tv\\\/2019\\\/#website\"},\"primaryImageOfPage\":{\"@id\":\"https:\\\/\\\/canal7slp.tv\\\/2019\\\/brote-de-colera-en-yemen-ha-matado-a-193-ninos-en-2019\\\/#primaryimage\"},\"image\":{\"@id\":\"https:\\\/\\\/canal7slp.tv\\\/2019\\\/brote-de-colera-en-yemen-ha-matado-a-193-ninos-en-2019\\\/#primaryimage\"},\"thumbnailUrl\":\"https:\\\/\\\/canal7slp.tv\\\/2019\\\/wp-content\\\/uploads\\\/2019\\\/07\\\/09-5.jpg\",\"datePublished\":\"2019-07-08T19:03:46+00:00\",\"breadcrumb\":{\"@id\":\"https:\\\/\\\/canal7slp.tv\\\/2019\\\/brote-de-colera-en-yemen-ha-matado-a-193-ninos-en-2019\\\/#breadcrumb\"},\"inLanguage\":\"es\",\"potentialAction\":[{\"@type\":\"ReadAction\",\"target\":[\"https:\\\/\\\/canal7slp.tv\\\/2019\\\/brote-de-colera-en-yemen-ha-matado-a-193-ninos-en-2019\\\/\"]}]},{\"@type\":\"ImageObject\",\"inLanguage\":\"es\",\"@id\":\"https:\\\/\\\/canal7slp.tv\\\/2019\\\/brote-de-colera-en-yemen-ha-matado-a-193-ninos-en-2019\\\/#primaryimage\",\"url\":\"https:\\\/\\\/canal7slp.tv\\\/2019\\\/wp-content\\\/uploads\\\/2019\\\/07\\\/09-5.jpg\",\"contentUrl\":\"https:\\\/\\\/canal7slp.tv\\\/2019\\\/wp-content\\\/uploads\\\/2019\\\/07\\\/09-5.jpg\",\"width\":669,\"height\":410},{\"@type\":\"BreadcrumbList\",\"@id\":\"https:\\\/\\\/canal7slp.tv\\\/2019\\\/brote-de-colera-en-yemen-ha-matado-a-193-ninos-en-2019\\\/#breadcrumb\",\"itemListElement\":[{\"@type\":\"ListItem\",\"position\":1,\"name\":\"Home\",\"item\":\"https:\\\/\\\/canal7slp.tv\\\/2019\\\/\"},{\"@type\":\"ListItem\",\"position\":2,\"name\":\"Brote de c\u00f3lera en Yemen ha matado a 193 ni\u00f1os en 2019\"}]},{\"@type\":\"WebSite\",\"@id\":\"https:\\\/\\\/canal7slp.tv\\\/2019\\\/#website\",\"url\":\"https:\\\/\\\/canal7slp.tv\\\/2019\\\/\",\"name\":\"Canal 7 SLP - Somos TV\",\"description\":\"Somos un Canal de 10\",\"publisher\":{\"@id\":\"https:\\\/\\\/canal7slp.tv\\\/2019\\\/#organization\"},\"potentialAction\":[{\"@type\":\"SearchAction\",\"target\":{\"@type\":\"EntryPoint\",\"urlTemplate\":\"https:\\\/\\\/canal7slp.tv\\\/2019\\\/?s={search_term_string}\"},\"query-input\":{\"@type\":\"PropertyValueSpecification\",\"valueRequired\":true,\"valueName\":\"search_term_string\"}}],\"inLanguage\":\"es\"},{\"@type\":\"Organization\",\"@id\":\"https:\\\/\\\/canal7slp.tv\\\/2019\\\/#organization\",\"name\":\"Comunicaci\u00f3n 2000 S.A. de C.V.\",\"url\":\"https:\\\/\\\/canal7slp.tv\\\/2019\\\/\",\"logo\":{\"@type\":\"ImageObject\",\"inLanguage\":\"es\",\"@id\":\"https:\\\/\\\/canal7slp.tv\\\/2019\\\/#\\\/schema\\\/logo\\\/image\\\/\",\"url\":\"https:\\\/\\\/canal7slp.tv\\\/2019\\\/wp-content\\\/uploads\\\/2019\\\/07\\\/logo-c7.png\",\"contentUrl\":\"https:\\\/\\\/canal7slp.tv\\\/2019\\\/wp-content\\\/uploads\\\/2019\\\/07\\\/logo-c7.png\",\"width\":220,\"height\":60,\"caption\":\"Comunicaci\u00f3n 2000 S.A. de C.V.\"},\"image\":{\"@id\":\"https:\\\/\\\/canal7slp.tv\\\/2019\\\/#\\\/schema\\\/logo\\\/image\\\/\"},\"sameAs\":[\"https:\\\/\\\/www.facebook.com\\\/CANAL7SLP\\\/\",\"https:\\\/\\\/x.com\\\/canal7_slp\",\"https:\\\/\\\/www.instagram.com\\\/canal7_slp\",\"https:\\\/\\\/www.youtube.com\\\/user\\\/NOTICIEROSCANAL7SLP\\\/\"]},{\"@type\":\"Person\",\"@id\":\"https:\\\/\\\/canal7slp.tv\\\/2019\\\/#\\\/schema\\\/person\\\/11d941c1c6ca30ac0a46b95fa37aa2e3\",\"name\":\"edicionweb\",\"image\":{\"@type\":\"ImageObject\",\"inLanguage\":\"es\",\"@id\":\"https:\\\/\\\/secure.gravatar.com\\\/avatar\\\/eee448fc3f7164808013b816ba91ac7e43bbe82a70bebac296f8bc6f0addaa1a?s=96&d=mm&r=g\",\"url\":\"https:\\\/\\\/secure.gravatar.com\\\/avatar\\\/eee448fc3f7164808013b816ba91ac7e43bbe82a70bebac296f8bc6f0addaa1a?s=96&d=mm&r=g\",\"contentUrl\":\"https:\\\/\\\/secure.gravatar.com\\\/avatar\\\/eee448fc3f7164808013b816ba91ac7e43bbe82a70bebac296f8bc6f0addaa1a?s=96&d=mm&r=g\",\"caption\":\"edicionweb\"}}]}<\/script>\n<!-- \/ Yoast SEO plugin. -->","yoast_head_json":{"title":"Brote de c\u00f3lera en Yemen ha matado a 193 ni\u00f1os en 2019 - Canal 7 SLP - 2019","robots":{"index":"index","follow":"follow","max-snippet":"max-snippet:-1","max-image-preview":"max-image-preview:large","max-video-preview":"max-video-preview:-1"},"canonical":"https:\/\/canal7slp.tv\/2019\/brote-de-colera-en-yemen-ha-matado-a-193-ninos-en-2019\/","og_locale":"es_ES","og_type":"article","og_title":"Brote de c\u00f3lera en Yemen ha matado a 193 ni\u00f1os en 2019 - Canal 7 SLP - 2019","og_description":"Londres.- El brote de c\u00f3lera en Yemen provoc\u00f3 la muerte de al menos 193 ni\u00f1os en el primer semestre del a\u00f1o, mientras que 203 mil muestras signos de haber contra\u00eddo la enfermedad, denunci\u00f3 este d\u00eda la organizaci\u00f3n Save the Children. La organizaci\u00f3n no gubernamental que trabaja en pro de los derechos de la ni\u00f1ez, destac\u00f3 [&hellip;]","og_url":"https:\/\/canal7slp.tv\/2019\/brote-de-colera-en-yemen-ha-matado-a-193-ninos-en-2019\/","og_site_name":"Canal 7 SLP - 2019","article_publisher":"https:\/\/www.facebook.com\/CANAL7SLP\/","article_published_time":"2019-07-08T19:03:46+00:00","og_image":[{"width":669,"height":410,"url":"https:\/\/canal7slp.tv\/2019\/wp-content\/uploads\/2019\/07\/09-5.jpg","type":"image\/jpeg"}],"author":"edicionweb","twitter_card":"summary_large_image","twitter_creator":"@canal7_slp","twitter_site":"@canal7_slp","twitter_misc":{"Escrito por":"edicionweb","Tiempo de lectura":"3 minutos"},"schema":{"@context":"https:\/\/schema.org","@graph":[{"@type":"Article","@id":"https:\/\/canal7slp.tv\/2019\/brote-de-colera-en-yemen-ha-matado-a-193-ninos-en-2019\/#article","isPartOf":{"@id":"https:\/\/canal7slp.tv\/2019\/brote-de-colera-en-yemen-ha-matado-a-193-ninos-en-2019\/"},"author":{"name":"edicionweb","@id":"https:\/\/canal7slp.tv\/2019\/#\/schema\/person\/11d941c1c6ca30ac0a46b95fa37aa2e3"},"headline":"Brote de c\u00f3lera en Yemen ha matado a 193 ni\u00f1os en 2019","datePublished":"2019-07-08T19:03:46+00:00","mainEntityOfPage":{"@id":"https:\/\/canal7slp.tv\/2019\/brote-de-colera-en-yemen-ha-matado-a-193-ninos-en-2019\/"},"wordCount":691,"commentCount":0,"publisher":{"@id":"https:\/\/canal7slp.tv\/2019\/#organization"},"image":{"@id":"https:\/\/canal7slp.tv\/2019\/brote-de-colera-en-yemen-ha-matado-a-193-ninos-en-2019\/#primaryimage"},"thumbnailUrl":"https:\/\/canal7slp.tv\/2019\/wp-content\/uploads\/2019\/07\/09-5.jpg","articleSection":["INTERNACIONAL"],"inLanguage":"es","potentialAction":[{"@type":"CommentAction","name":"Comment","target":["https:\/\/canal7slp.tv\/2019\/brote-de-colera-en-yemen-ha-matado-a-193-ninos-en-2019\/#respond"]}]},{"@type":"WebPage","@id":"https:\/\/canal7slp.tv\/2019\/brote-de-colera-en-yemen-ha-matado-a-193-ninos-en-2019\/","url":"https:\/\/canal7slp.tv\/2019\/brote-de-colera-en-yemen-ha-matado-a-193-ninos-en-2019\/","name":"Brote de c\u00f3lera en Yemen ha matado a 193 ni\u00f1os en 2019 - Canal 7 SLP - 2019","isPartOf":{"@id":"https:\/\/canal7slp.tv\/2019\/#website"},"primaryImageOfPage":{"@id":"https:\/\/canal7slp.tv\/2019\/brote-de-colera-en-yemen-ha-matado-a-193-ninos-en-2019\/#primaryimage"},"image":{"@id":"https:\/\/canal7slp.tv\/2019\/brote-de-colera-en-yemen-ha-matado-a-193-ninos-en-2019\/#primaryimage"},"thumbnailUrl":"https:\/\/canal7slp.tv\/2019\/wp-content\/uploads\/2019\/07\/09-5.jpg","datePublished":"2019-07-08T19:03:46+00:00","breadcrumb":{"@id":"https:\/\/canal7slp.tv\/2019\/brote-de-colera-en-yemen-ha-matado-a-193-ninos-en-2019\/#breadcrumb"},"inLanguage":"es","potentialAction":[{"@type":"ReadAction","target":["https:\/\/canal7slp.tv\/2019\/brote-de-colera-en-yemen-ha-matado-a-193-ninos-en-2019\/"]}]},{"@type":"ImageObject","inLanguage":"es","@id":"https:\/\/canal7slp.tv\/2019\/brote-de-colera-en-yemen-ha-matado-a-193-ninos-en-2019\/#primaryimage","url":"https:\/\/canal7slp.tv\/2019\/wp-content\/uploads\/2019\/07\/09-5.jpg","contentUrl":"https:\/\/canal7slp.tv\/2019\/wp-content\/uploads\/2019\/07\/09-5.jpg","width":669,"height":410},{"@type":"BreadcrumbList","@id":"https:\/\/canal7slp.tv\/2019\/brote-de-colera-en-yemen-ha-matado-a-193-ninos-en-2019\/#breadcrumb","itemListElement":[{"@type":"ListItem","position":1,"name":"Home","item":"https:\/\/canal7slp.tv\/2019\/"},{"@type":"ListItem","position":2,"name":"Brote de c\u00f3lera en Yemen ha matado a 193 ni\u00f1os en 2019"}]},{"@type":"WebSite","@id":"https:\/\/canal7slp.tv\/2019\/#website","url":"https:\/\/canal7slp.tv\/2019\/","name":"Canal 7 SLP - Somos TV","description":"Somos un Canal de 10","publisher":{"@id":"https:\/\/canal7slp.tv\/2019\/#organization"},"potentialAction":[{"@type":"SearchAction","target":{"@type":"EntryPoint","urlTemplate":"https:\/\/canal7slp.tv\/2019\/?s={search_term_string}"},"query-input":{"@type":"PropertyValueSpecification","valueRequired":true,"valueName":"search_term_string"}}],"inLanguage":"es"},{"@type":"Organization","@id":"https:\/\/canal7slp.tv\/2019\/#organization","name":"Comunicaci\u00f3n 2000 S.A. de C.V.","url":"https:\/\/canal7slp.tv\/2019\/","logo":{"@type":"ImageObject","inLanguage":"es","@id":"https:\/\/canal7slp.tv\/2019\/#\/schema\/logo\/image\/","url":"https:\/\/canal7slp.tv\/2019\/wp-content\/uploads\/2019\/07\/logo-c7.png","contentUrl":"https:\/\/canal7slp.tv\/2019\/wp-content\/uploads\/2019\/07\/logo-c7.png","width":220,"height":60,"caption":"Comunicaci\u00f3n 2000 S.A. de C.V."},"image":{"@id":"https:\/\/canal7slp.tv\/2019\/#\/schema\/logo\/image\/"},"sameAs":["https:\/\/www.facebook.com\/CANAL7SLP\/","https:\/\/x.com\/canal7_slp","https:\/\/www.instagram.com\/canal7_slp","https:\/\/www.youtube.com\/user\/NOTICIEROSCANAL7SLP\/"]},{"@type":"Person","@id":"https:\/\/canal7slp.tv\/2019\/#\/schema\/person\/11d941c1c6ca30ac0a46b95fa37aa2e3","name":"edicionweb","image":{"@type":"ImageObject","inLanguage":"es","@id":"https:\/\/secure.gravatar.com\/avatar\/eee448fc3f7164808013b816ba91ac7e43bbe82a70bebac296f8bc6f0addaa1a?s=96&d=mm&r=g","url":"https:\/\/secure.gravatar.com\/avatar\/eee448fc3f7164808013b816ba91ac7e43bbe82a70bebac296f8bc6f0addaa1a?s=96&d=mm&r=g","contentUrl":"https:\/\/secure.gravatar.com\/avatar\/eee448fc3f7164808013b816ba91ac7e43bbe82a70bebac296f8bc6f0addaa1a?s=96&d=mm&r=g","caption":"edicionweb"}}]}},"amp_enabled":true,"cmb2":{"video_ids_in_playlist":{"vid_p_videos":""},"video_ids_in_channel":{"vid_c_videos":""},"playlist_ids_in_channel":{"vid_c_playlists":""},"series_ids_in_channel":{"vid_c_series":""},"channel_images":{"vid_c_logo":"","vid_c_banner":""},"poster_feature_image":{"vid_m_poster_image":""},"gif_feature_image":{"vid_m_gif_image":""},"video_movie_settings":{"vid_m_director":"","vid_m_actor":"","vid_m_imdb_ratings":"","vid_m_amazon_associates":""},"vid_youtube_broadcasts_settings":{"vid_yb_broadcast_title":"","vid_yb_q":"","vid_yb_channelid":"","vid_yb_videocategoryid":"","vid_yb_maxresults":"","vid_yb_order":"","vid_yb_regioncode":"","vid_yb_videosyndicated":"","vid_yb_style":"","vid_yb_reload_first":""},"video_series_settings":{"vid_m_director":"","vid_m_actor":"","vid_m_imdb_ratings":"","video_series_group":""},"amazon_associates_settings":{"amazon_associates":"","amazon_native_ad":""},"vid_youtube_automatic_settings":{"vid_ya_youtube_source":"","vid_ya_update_every":"","vid_ya_update_unit":"","vid_ya_categories":"","vid_ya_published_after":"","vid_ya_published_before":"","vid_ya_playlists":"","vid_ya_channels":"","vid_ya_director":"","vid_ya_actor":"","vid_ya_author":"","vid_ya_import_post_date":"","vid_ya_status":"","vid_ya_sub_api_key":""},"vid_ads_m_videoads_settings_post":{"vid_ads_m_video_ads":"","vid_ads_m_video_ads_type":"","vid_ads_m_group_google_ima":"","vid_ads_m_group_image":"","vid_ads_m_group_html5_video":"","vid_ads_m_group_html":"","vid_ads_m_vast_preroll":"","vid_ads_m_vast_postroll":"","vid_ads_m_vast_pauseroll":"","vid_ads_m_vast_midroll":[{"vid_ads_m_vast_timer_seconds":"50"}],"vid_ads_m_time_to_show_ads":"","vid_ads_m_time_skip_ads":"","vid_ads_m_time_to_hide_ads":""},"page_slider_settings":{"display_slider_group":"","page_slider_group":""},"blog_page_settings":{"blog_page_title":"","blog_page_heading":"","blog_page_ic":"","blog_page_it":"","blog_page_ec":"","blog_page_ip":"","archive_loop_style":"","blog_image_ratio":"","blog_show_categories":"","blog_show_excerpt":"","blog_show_author":"","blog_show_date":"","blog_show_comment_count":"","blog_show_view_count":"","blog_show_like_count":"","blog_show_dislike_count":"","blog_items_per_page":"","blog_pag_type":""},"page_options":{"get_page_template":"","color_mode":"","main_layout":"","main_layout_full_with":"","main_logo":"","main_logo_retina":"","main_logo_mobile":"","main_logo_mobile_retina":"","sticky_logo":"","sticky_logo_retina":"","main_nav_layout":"","ajax_search":"","header_background":"","theme_sidebar":"","instagram_feed":"","instagram_feed_position":"","popular_videos":"","popular_videos_title_1":"","popular_videos_title_2":"","popular_videos_ic":"","popular_videos_it":"","theme_background":"","page_custom_css":""},"feature_image_settings":{"feature_image_position":""},"video_player_settings":{"single_video_style":"","video_player_position":"","vm_video_url":"","video_player_library":"","video_streaming":"","vm_media_sources":"","vid_auto_play":"","vm_video_shortcode":"","vid_p_sync_playlist":"","vid_c_sync_channel":"","get_post_format":"","multiple_links_structure":"default","multi_links_title":"","vm_video_multi_links":"","vm_duration":"","vid_social_locker":"off","vid_social_locker_id":"","vid_membership_action":"content-video","vm_video_trailer_url":"","vid_download_type":"free","vid_download_target":"download","vid_woo_product":"","vm_media_download":"","user_rating":"","user_rating_position":"","user_rating_mode":"","user_rating_multi_sets":""},"video_auto_fetch_settings":{"vm_video_fetch":"on"},"video_fake_views_likes":{"vm_fake_views":"","vm_fake_likes":"","vm_fake_dislikes":""},"gallery_settings":{"gallery_position":""},"quote_settings":{"quote_position":""},"post_options":{"main_layout":"","main_logo":"","main_logo_retina":"","main_logo_mobile":"","main_logo_mobile_retina":"","sticky_logo":"","sticky_logo_retina":"","main_nav_layout":"","header_background":"","theme_sidebar":"","single_post_comment_type":"","theme_background":""}},"_links":{"self":[{"href":"https:\/\/canal7slp.tv\/2019\/wp-json\/wp\/v2\/posts\/28390","targetHints":{"allow":["GET"]}}],"collection":[{"href":"https:\/\/canal7slp.tv\/2019\/wp-json\/wp\/v2\/posts"}],"about":[{"href":"https:\/\/canal7slp.tv\/2019\/wp-json\/wp\/v2\/types\/post"}],"author":[{"embeddable":true,"href":"https:\/\/canal7slp.tv\/2019\/wp-json\/wp\/v2\/users\/2"}],"replies":[{"embeddable":true,"href":"https:\/\/canal7slp.tv\/2019\/wp-json\/wp\/v2\/comments?post=28390"}],"version-history":[{"count":0,"href":"https:\/\/canal7slp.tv\/2019\/wp-json\/wp\/v2\/posts\/28390\/revisions"}],"wp:featuredmedia":[{"embeddable":true,"href":"https:\/\/canal7slp.tv\/2019\/wp-json\/wp\/v2\/media\/28391"}],"wp:attachment":[{"href":"https:\/\/canal7slp.tv\/2019\/wp-json\/wp\/v2\/media?parent=28390"}],"wp:term":[{"taxonomy":"category","embeddable":true,"href":"https:\/\/canal7slp.tv\/2019\/wp-json\/wp\/v2\/categories?post=28390"},{"taxonomy":"post_tag","embeddable":true,"href":"https:\/\/canal7slp.tv\/2019\/wp-json\/wp\/v2\/tags?post=28390"}],"curies":[{"name":"wp","href":"https:\/\/api.w.org\/{rel}","templated":true}]}}