{"id":28334,"date":"2019-07-08T10:03:50","date_gmt":"2019-07-08T15:03:50","guid":{"rendered":"https:\/\/canal7slp.tv\/2019\/?p=28334"},"modified":"2019-07-08T10:03:50","modified_gmt":"2019-07-08T15:03:50","slug":"me-doleria-si-condenan-a-cadena-perpetua-a-el-chapo-eric-del-castillo","status":"publish","type":"post","link":"https:\/\/canal7slp.tv\/2019\/me-doleria-si-condenan-a-cadena-perpetua-a-el-chapo-eric-del-castillo\/","title":{"rendered":"Me doler\u00eda si condenan a cadena perpetua a &#8220;El Chapo\u201d: \u00c9ric del Castillo"},"content":{"rendered":"<p style=\"text-align: justify;\">M\u00e9xico.- El actor mexicano \u00c9ric del Castillo confes\u00f3 que le doler\u00eda si condenan a Joaqu\u00edn \u201cEl Chapo\u201d Guzm\u00e1n a cadena perpetua, pues le agradece que no hubiera lastimado a su hija Kate del Castillo cuando en octubre de 2015 \u00e9sta se reuni\u00f3 con el capo para tratar la filmaci\u00f3n de una pel\u00edcula.<\/p>\n<p style=\"text-align: justify;\">\u201cEs un personaje dif\u00edcil que \u00faltimamente han juzgado muy fuerte en Estados Unidos. No trato de defenderlo, pero le agradezco que respet\u00f3 a mi hija. Me duele si lo llegan a condenar a cadena perpetua, espero que no sea as\u00ed\u201d, declar\u00f3 Del Castillo a la prensa.<\/p>\n<p style=\"text-align: justify;\">\u201c\u00bfTe imaginas a mi hija esa noche ah\u00ed, en aquella soledad y rodeada de gente armada y de \u00e9l, y que la haya respetado?, cuestion\u00f3 el actor tras celebrar las primeras 100 representaciones de la obra \u201cTerapia divina\u201d que protagoniza al lado de Erika Buenfil.<\/p>\n<p style=\"text-align: justify;\">En aquel tiempo, dijo, no imaginaron los planes de la actriz Kate del Castillo ni los problemas que enfrentar\u00eda poco despu\u00e9s al ser investigada por la Procuradur\u00eda General de la Rep\u00fablica (PGR) por el presunto delito de \u201clavado de dinero\u201d.<\/p>\n<p style=\"text-align: justify;\">\u201cNunca nos dimos cuenta de nada, lo hizo muy bien, a escondidas y sin que nadie se enterara. Pero eso ya pas\u00f3, bendito sea Dios, ya todo est\u00e1 en orden\u201d, coment\u00f3.<\/p>\n<p style=\"text-align: justify;\">La sentencia de \u201cEl Chapo\u201d, declarado culpable de diez delitos de narcotr\u00e1fico, se le leer\u00e1 el pr\u00f3ximo 17 de julio. El delincuente est\u00e1 preso en una c\u00e1rcel federal en Manhattan, considerada una de las m\u00e1s seguras en Estados Unidos.<\/p>\n<p style=\"text-align: justify;\">Por otro lado, \u00c9ric del Castillo revel\u00f3 que Kate, protagonista de series como \u201cIngobernable\u201d y \u201cLa Reina del Sur\u201d, a\u00fan debe a la Secretar\u00eda de Hacienda y Cr\u00e9dito P\u00fablico (SHCP).<\/p>\n<p style=\"text-align: justify;\">\u201cHay una deuda que se est\u00e1 pagando mensualmente. No s\u00e9 cu\u00e1nto falte, quiz\u00e1 un a\u00f1o o dos, pero sigue pagando su error de pretender hacer algo con alguien sumamente dif\u00edcil\u201d, explic\u00f3 luego de que en abril de 2018 \u00e9l mismo diera a conocer ante los medios de comunicaci\u00f3n que su hija le deb\u00eda a Hacienda.<\/p>\n<p style=\"text-align: justify;\">El actor tambi\u00e9n inform\u00f3 que viajar\u00e1 a Estados Unidos, al lado de su familia, para atestiguar el estreno en Broadway de la obra \u201cThe way she spoke\u201d, que Kate del Castillo presentar\u00e1 en el teatro Minetta Lane de Manhattan, a partir del pr\u00f3ximo 18 de julio, aunque este lunes inician los previos ante el p\u00fablico.<\/p>\n<p style=\"text-align: justify;\">La puesta en escena es dirigida por Jo Bonney con un guion de Isaac G\u00f3mez, inspirado en una serie de entrevistas respecto a las miles de mujeres que han sido asesinadas o est\u00e1n desaparecidas en Ciudad Ju\u00e1rez, Chihuahua.<\/p>\n<p style=\"text-align: justify;\">\u201cEs un mon\u00f3logo en el que interpretar\u00e1 a varios personajes, a siete u ocho, y en ingl\u00e9s. La pobre tiene miedo de estrenar porque es mucha responsabilidad. Le teme al idioma, porque hay que pronunciar bien\u201d, explic\u00f3.<\/p>\n<p style=\"text-align: justify;\">Kate le ha dicho que a trav\u00e9s de la trama \u201cse dicen cosas muy duras, que tienen que ver con Chihuahua, con las muertas y de muchas cosas latinas diferentes. Est\u00e1n cambiando los di\u00e1logos, tengo mucha curiosidad por ver de qu\u00e9 se trata. No voy a entender ni ma\u00edz paloma porque no s\u00e9 ingl\u00e9s, pero ya me lo platicar\u00e1 ella\u201d.<\/p>\n<p style=\"text-align: justify;\">\u00c9ric del Castillo resalt\u00f3 estar orgulloso de su hija Kate no solo en su faceta de actriz sino como activista social.<\/p>\n<p style=\"text-align: justify;\">\u201cElla lucha por todo, por la gente y por los animales. Me siento honrado por ella, como tambi\u00e9n por mi hija Ver\u00f3nica, mi esposa y toda mi familia. Soy un hombre feliz\u201d.<\/p>\n<p style=\"text-align: justify;\">Adem\u00e1s de su participaci\u00f3n en \u201cTerapia divina\u201d, el actor sobresale en la segunda temporada de la serie de televisi\u00f3n \u201cLa Do\u00f1a\u201d, junto a Aracely Ar\u00e1mbula.<\/p>\n<p style=\"text-align: justify;\">\u201cBendito sea Dios, no me falta trabajo. Termin\u00e9 mi exclusividad con Televisa y sent\u00ed que se acababa el mundo, pero no, se abri\u00f3 un horizonte enorme y me est\u00e1n esperado de otros lugares. Estoy muy contento\u201d, concluy\u00f3.<\/p>\n","protected":false},"excerpt":{"rendered":"<p>M\u00e9xico.- El actor mexicano \u00c9ric del Castillo confes\u00f3 que le doler\u00eda si condenan a Joaqu\u00edn \u201cEl Chapo\u201d Guzm\u00e1n a cadena perpetua, pues le agradece que no hubiera lastimado a su hija Kate del Castillo cuando en octubre de 2015 \u00e9sta se reuni\u00f3 con el capo para tratar la filmaci\u00f3n de una pel\u00edcula. \u201cEs un personaje [&hellip;]<\/p>\n","protected":false},"author":2,"featured_media":28335,"comment_status":"open","ping_status":"closed","sticky":false,"template":"","format":"standard","meta":{"footnotes":""},"categories":[24],"tags":[],"class_list":["post-28334","post","type-post","status-publish","format-standard","has-post-thumbnail","hentry","category-espectaculos"],"yoast_head":"<!-- This site is optimized with the Yoast SEO plugin v27.5 - https:\/\/yoast.com\/product\/yoast-seo-wordpress\/ -->\n<title>Me doler\u00eda si condenan a cadena perpetua a &quot;El Chapo\u201d: \u00c9ric del Castillo - Canal 7 SLP - 2019<\/title>\n<meta name=\"robots\" content=\"index, follow, max-snippet:-1, max-image-preview:large, max-video-preview:-1\" \/>\n<link rel=\"canonical\" href=\"https:\/\/canal7slp.tv\/2019\/me-doleria-si-condenan-a-cadena-perpetua-a-el-chapo-eric-del-castillo\/\" \/>\n<meta property=\"og:locale\" content=\"es_ES\" \/>\n<meta property=\"og:type\" content=\"article\" \/>\n<meta property=\"og:title\" content=\"Me doler\u00eda si condenan a cadena perpetua a &quot;El Chapo\u201d: \u00c9ric del Castillo - Canal 7 SLP - 2019\" \/>\n<meta property=\"og:description\" content=\"M\u00e9xico.- El actor mexicano \u00c9ric del Castillo confes\u00f3 que le doler\u00eda si condenan a Joaqu\u00edn \u201cEl Chapo\u201d Guzm\u00e1n a cadena perpetua, pues le agradece que no hubiera lastimado a su hija Kate del Castillo cuando en octubre de 2015 \u00e9sta se reuni\u00f3 con el capo para tratar la filmaci\u00f3n de una pel\u00edcula. \u201cEs un personaje [&hellip;]\" \/>\n<meta property=\"og:url\" content=\"https:\/\/canal7slp.tv\/2019\/me-doleria-si-condenan-a-cadena-perpetua-a-el-chapo-eric-del-castillo\/\" \/>\n<meta property=\"og:site_name\" content=\"Canal 7 SLP - 2019\" \/>\n<meta property=\"article:publisher\" content=\"https:\/\/www.facebook.com\/CANAL7SLP\/\" \/>\n<meta property=\"article:published_time\" content=\"2019-07-08T15:03:50+00:00\" \/>\n<meta property=\"og:image\" content=\"https:\/\/canal7slp.tv\/2019\/wp-content\/uploads\/2019\/07\/1010-6.jpg\" \/>\n\t<meta property=\"og:image:width\" content=\"690\" \/>\n\t<meta property=\"og:image:height\" content=\"410\" \/>\n\t<meta property=\"og:image:type\" content=\"image\/jpeg\" \/>\n<meta name=\"author\" content=\"edicionweb\" \/>\n<meta name=\"twitter:card\" content=\"summary_large_image\" \/>\n<meta name=\"twitter:creator\" content=\"@canal7_slp\" \/>\n<meta name=\"twitter:site\" content=\"@canal7_slp\" \/>\n<meta name=\"twitter:label1\" content=\"Escrito por\" \/>\n\t<meta name=\"twitter:data1\" content=\"edicionweb\" \/>\n\t<meta name=\"twitter:label2\" content=\"Tiempo de lectura\" \/>\n\t<meta name=\"twitter:data2\" content=\"3 minutos\" \/>\n<script type=\"application\/ld+json\" class=\"yoast-schema-graph\">{\"@context\":\"https:\\\/\\\/schema.org\",\"@graph\":[{\"@type\":\"Article\",\"@id\":\"https:\\\/\\\/canal7slp.tv\\\/2019\\\/me-doleria-si-condenan-a-cadena-perpetua-a-el-chapo-eric-del-castillo\\\/#article\",\"isPartOf\":{\"@id\":\"https:\\\/\\\/canal7slp.tv\\\/2019\\\/me-doleria-si-condenan-a-cadena-perpetua-a-el-chapo-eric-del-castillo\\\/\"},\"author\":{\"name\":\"edicionweb\",\"@id\":\"https:\\\/\\\/canal7slp.tv\\\/2019\\\/#\\\/schema\\\/person\\\/11d941c1c6ca30ac0a46b95fa37aa2e3\"},\"headline\":\"Me doler\u00eda si condenan a cadena perpetua a &#8220;El Chapo\u201d: \u00c9ric del Castillo\",\"datePublished\":\"2019-07-08T15:03:50+00:00\",\"mainEntityOfPage\":{\"@id\":\"https:\\\/\\\/canal7slp.tv\\\/2019\\\/me-doleria-si-condenan-a-cadena-perpetua-a-el-chapo-eric-del-castillo\\\/\"},\"wordCount\":698,\"commentCount\":0,\"publisher\":{\"@id\":\"https:\\\/\\\/canal7slp.tv\\\/2019\\\/#organization\"},\"image\":{\"@id\":\"https:\\\/\\\/canal7slp.tv\\\/2019\\\/me-doleria-si-condenan-a-cadena-perpetua-a-el-chapo-eric-del-castillo\\\/#primaryimage\"},\"thumbnailUrl\":\"https:\\\/\\\/canal7slp.tv\\\/2019\\\/wp-content\\\/uploads\\\/2019\\\/07\\\/1010-6.jpg\",\"articleSection\":[\"ESPECTACULOS\"],\"inLanguage\":\"es\",\"potentialAction\":[{\"@type\":\"CommentAction\",\"name\":\"Comment\",\"target\":[\"https:\\\/\\\/canal7slp.tv\\\/2019\\\/me-doleria-si-condenan-a-cadena-perpetua-a-el-chapo-eric-del-castillo\\\/#respond\"]}]},{\"@type\":\"WebPage\",\"@id\":\"https:\\\/\\\/canal7slp.tv\\\/2019\\\/me-doleria-si-condenan-a-cadena-perpetua-a-el-chapo-eric-del-castillo\\\/\",\"url\":\"https:\\\/\\\/canal7slp.tv\\\/2019\\\/me-doleria-si-condenan-a-cadena-perpetua-a-el-chapo-eric-del-castillo\\\/\",\"name\":\"Me doler\u00eda si condenan a cadena perpetua a \\\"El Chapo\u201d: \u00c9ric del Castillo - Canal 7 SLP - 2019\",\"isPartOf\":{\"@id\":\"https:\\\/\\\/canal7slp.tv\\\/2019\\\/#website\"},\"primaryImageOfPage\":{\"@id\":\"https:\\\/\\\/canal7slp.tv\\\/2019\\\/me-doleria-si-condenan-a-cadena-perpetua-a-el-chapo-eric-del-castillo\\\/#primaryimage\"},\"image\":{\"@id\":\"https:\\\/\\\/canal7slp.tv\\\/2019\\\/me-doleria-si-condenan-a-cadena-perpetua-a-el-chapo-eric-del-castillo\\\/#primaryimage\"},\"thumbnailUrl\":\"https:\\\/\\\/canal7slp.tv\\\/2019\\\/wp-content\\\/uploads\\\/2019\\\/07\\\/1010-6.jpg\",\"datePublished\":\"2019-07-08T15:03:50+00:00\",\"breadcrumb\":{\"@id\":\"https:\\\/\\\/canal7slp.tv\\\/2019\\\/me-doleria-si-condenan-a-cadena-perpetua-a-el-chapo-eric-del-castillo\\\/#breadcrumb\"},\"inLanguage\":\"es\",\"potentialAction\":[{\"@type\":\"ReadAction\",\"target\":[\"https:\\\/\\\/canal7slp.tv\\\/2019\\\/me-doleria-si-condenan-a-cadena-perpetua-a-el-chapo-eric-del-castillo\\\/\"]}]},{\"@type\":\"ImageObject\",\"inLanguage\":\"es\",\"@id\":\"https:\\\/\\\/canal7slp.tv\\\/2019\\\/me-doleria-si-condenan-a-cadena-perpetua-a-el-chapo-eric-del-castillo\\\/#primaryimage\",\"url\":\"https:\\\/\\\/canal7slp.tv\\\/2019\\\/wp-content\\\/uploads\\\/2019\\\/07\\\/1010-6.jpg\",\"contentUrl\":\"https:\\\/\\\/canal7slp.tv\\\/2019\\\/wp-content\\\/uploads\\\/2019\\\/07\\\/1010-6.jpg\",\"width\":690,\"height\":410},{\"@type\":\"BreadcrumbList\",\"@id\":\"https:\\\/\\\/canal7slp.tv\\\/2019\\\/me-doleria-si-condenan-a-cadena-perpetua-a-el-chapo-eric-del-castillo\\\/#breadcrumb\",\"itemListElement\":[{\"@type\":\"ListItem\",\"position\":1,\"name\":\"Home\",\"item\":\"https:\\\/\\\/canal7slp.tv\\\/2019\\\/\"},{\"@type\":\"ListItem\",\"position\":2,\"name\":\"Me doler\u00eda si condenan a cadena perpetua a &#8220;El Chapo\u201d: \u00c9ric del Castillo\"}]},{\"@type\":\"WebSite\",\"@id\":\"https:\\\/\\\/canal7slp.tv\\\/2019\\\/#website\",\"url\":\"https:\\\/\\\/canal7slp.tv\\\/2019\\\/\",\"name\":\"Canal 7 SLP - Somos TV\",\"description\":\"Somos un Canal de 10\",\"publisher\":{\"@id\":\"https:\\\/\\\/canal7slp.tv\\\/2019\\\/#organization\"},\"potentialAction\":[{\"@type\":\"SearchAction\",\"target\":{\"@type\":\"EntryPoint\",\"urlTemplate\":\"https:\\\/\\\/canal7slp.tv\\\/2019\\\/?s={search_term_string}\"},\"query-input\":{\"@type\":\"PropertyValueSpecification\",\"valueRequired\":true,\"valueName\":\"search_term_string\"}}],\"inLanguage\":\"es\"},{\"@type\":\"Organization\",\"@id\":\"https:\\\/\\\/canal7slp.tv\\\/2019\\\/#organization\",\"name\":\"Comunicaci\u00f3n 2000 S.A. de C.V.\",\"url\":\"https:\\\/\\\/canal7slp.tv\\\/2019\\\/\",\"logo\":{\"@type\":\"ImageObject\",\"inLanguage\":\"es\",\"@id\":\"https:\\\/\\\/canal7slp.tv\\\/2019\\\/#\\\/schema\\\/logo\\\/image\\\/\",\"url\":\"https:\\\/\\\/canal7slp.tv\\\/2019\\\/wp-content\\\/uploads\\\/2019\\\/07\\\/logo-c7.png\",\"contentUrl\":\"https:\\\/\\\/canal7slp.tv\\\/2019\\\/wp-content\\\/uploads\\\/2019\\\/07\\\/logo-c7.png\",\"width\":220,\"height\":60,\"caption\":\"Comunicaci\u00f3n 2000 S.A. de C.V.\"},\"image\":{\"@id\":\"https:\\\/\\\/canal7slp.tv\\\/2019\\\/#\\\/schema\\\/logo\\\/image\\\/\"},\"sameAs\":[\"https:\\\/\\\/www.facebook.com\\\/CANAL7SLP\\\/\",\"https:\\\/\\\/x.com\\\/canal7_slp\",\"https:\\\/\\\/www.instagram.com\\\/canal7_slp\",\"https:\\\/\\\/www.youtube.com\\\/user\\\/NOTICIEROSCANAL7SLP\\\/\"]},{\"@type\":\"Person\",\"@id\":\"https:\\\/\\\/canal7slp.tv\\\/2019\\\/#\\\/schema\\\/person\\\/11d941c1c6ca30ac0a46b95fa37aa2e3\",\"name\":\"edicionweb\",\"image\":{\"@type\":\"ImageObject\",\"inLanguage\":\"es\",\"@id\":\"https:\\\/\\\/secure.gravatar.com\\\/avatar\\\/eee448fc3f7164808013b816ba91ac7e43bbe82a70bebac296f8bc6f0addaa1a?s=96&d=mm&r=g\",\"url\":\"https:\\\/\\\/secure.gravatar.com\\\/avatar\\\/eee448fc3f7164808013b816ba91ac7e43bbe82a70bebac296f8bc6f0addaa1a?s=96&d=mm&r=g\",\"contentUrl\":\"https:\\\/\\\/secure.gravatar.com\\\/avatar\\\/eee448fc3f7164808013b816ba91ac7e43bbe82a70bebac296f8bc6f0addaa1a?s=96&d=mm&r=g\",\"caption\":\"edicionweb\"}}]}<\/script>\n<!-- \/ Yoast SEO plugin. -->","yoast_head_json":{"title":"Me doler\u00eda si condenan a cadena perpetua a \"El Chapo\u201d: \u00c9ric del Castillo - Canal 7 SLP - 2019","robots":{"index":"index","follow":"follow","max-snippet":"max-snippet:-1","max-image-preview":"max-image-preview:large","max-video-preview":"max-video-preview:-1"},"canonical":"https:\/\/canal7slp.tv\/2019\/me-doleria-si-condenan-a-cadena-perpetua-a-el-chapo-eric-del-castillo\/","og_locale":"es_ES","og_type":"article","og_title":"Me doler\u00eda si condenan a cadena perpetua a \"El Chapo\u201d: \u00c9ric del Castillo - Canal 7 SLP - 2019","og_description":"M\u00e9xico.- El actor mexicano \u00c9ric del Castillo confes\u00f3 que le doler\u00eda si condenan a Joaqu\u00edn \u201cEl Chapo\u201d Guzm\u00e1n a cadena perpetua, pues le agradece que no hubiera lastimado a su hija Kate del Castillo cuando en octubre de 2015 \u00e9sta se reuni\u00f3 con el capo para tratar la filmaci\u00f3n de una pel\u00edcula. \u201cEs un personaje [&hellip;]","og_url":"https:\/\/canal7slp.tv\/2019\/me-doleria-si-condenan-a-cadena-perpetua-a-el-chapo-eric-del-castillo\/","og_site_name":"Canal 7 SLP - 2019","article_publisher":"https:\/\/www.facebook.com\/CANAL7SLP\/","article_published_time":"2019-07-08T15:03:50+00:00","og_image":[{"width":690,"height":410,"url":"https:\/\/canal7slp.tv\/2019\/wp-content\/uploads\/2019\/07\/1010-6.jpg","type":"image\/jpeg"}],"author":"edicionweb","twitter_card":"summary_large_image","twitter_creator":"@canal7_slp","twitter_site":"@canal7_slp","twitter_misc":{"Escrito por":"edicionweb","Tiempo de lectura":"3 minutos"},"schema":{"@context":"https:\/\/schema.org","@graph":[{"@type":"Article","@id":"https:\/\/canal7slp.tv\/2019\/me-doleria-si-condenan-a-cadena-perpetua-a-el-chapo-eric-del-castillo\/#article","isPartOf":{"@id":"https:\/\/canal7slp.tv\/2019\/me-doleria-si-condenan-a-cadena-perpetua-a-el-chapo-eric-del-castillo\/"},"author":{"name":"edicionweb","@id":"https:\/\/canal7slp.tv\/2019\/#\/schema\/person\/11d941c1c6ca30ac0a46b95fa37aa2e3"},"headline":"Me doler\u00eda si condenan a cadena perpetua a &#8220;El Chapo\u201d: \u00c9ric del Castillo","datePublished":"2019-07-08T15:03:50+00:00","mainEntityOfPage":{"@id":"https:\/\/canal7slp.tv\/2019\/me-doleria-si-condenan-a-cadena-perpetua-a-el-chapo-eric-del-castillo\/"},"wordCount":698,"commentCount":0,"publisher":{"@id":"https:\/\/canal7slp.tv\/2019\/#organization"},"image":{"@id":"https:\/\/canal7slp.tv\/2019\/me-doleria-si-condenan-a-cadena-perpetua-a-el-chapo-eric-del-castillo\/#primaryimage"},"thumbnailUrl":"https:\/\/canal7slp.tv\/2019\/wp-content\/uploads\/2019\/07\/1010-6.jpg","articleSection":["ESPECTACULOS"],"inLanguage":"es","potentialAction":[{"@type":"CommentAction","name":"Comment","target":["https:\/\/canal7slp.tv\/2019\/me-doleria-si-condenan-a-cadena-perpetua-a-el-chapo-eric-del-castillo\/#respond"]}]},{"@type":"WebPage","@id":"https:\/\/canal7slp.tv\/2019\/me-doleria-si-condenan-a-cadena-perpetua-a-el-chapo-eric-del-castillo\/","url":"https:\/\/canal7slp.tv\/2019\/me-doleria-si-condenan-a-cadena-perpetua-a-el-chapo-eric-del-castillo\/","name":"Me doler\u00eda si condenan a cadena perpetua a \"El Chapo\u201d: \u00c9ric del Castillo - Canal 7 SLP - 2019","isPartOf":{"@id":"https:\/\/canal7slp.tv\/2019\/#website"},"primaryImageOfPage":{"@id":"https:\/\/canal7slp.tv\/2019\/me-doleria-si-condenan-a-cadena-perpetua-a-el-chapo-eric-del-castillo\/#primaryimage"},"image":{"@id":"https:\/\/canal7slp.tv\/2019\/me-doleria-si-condenan-a-cadena-perpetua-a-el-chapo-eric-del-castillo\/#primaryimage"},"thumbnailUrl":"https:\/\/canal7slp.tv\/2019\/wp-content\/uploads\/2019\/07\/1010-6.jpg","datePublished":"2019-07-08T15:03:50+00:00","breadcrumb":{"@id":"https:\/\/canal7slp.tv\/2019\/me-doleria-si-condenan-a-cadena-perpetua-a-el-chapo-eric-del-castillo\/#breadcrumb"},"inLanguage":"es","potentialAction":[{"@type":"ReadAction","target":["https:\/\/canal7slp.tv\/2019\/me-doleria-si-condenan-a-cadena-perpetua-a-el-chapo-eric-del-castillo\/"]}]},{"@type":"ImageObject","inLanguage":"es","@id":"https:\/\/canal7slp.tv\/2019\/me-doleria-si-condenan-a-cadena-perpetua-a-el-chapo-eric-del-castillo\/#primaryimage","url":"https:\/\/canal7slp.tv\/2019\/wp-content\/uploads\/2019\/07\/1010-6.jpg","contentUrl":"https:\/\/canal7slp.tv\/2019\/wp-content\/uploads\/2019\/07\/1010-6.jpg","width":690,"height":410},{"@type":"BreadcrumbList","@id":"https:\/\/canal7slp.tv\/2019\/me-doleria-si-condenan-a-cadena-perpetua-a-el-chapo-eric-del-castillo\/#breadcrumb","itemListElement":[{"@type":"ListItem","position":1,"name":"Home","item":"https:\/\/canal7slp.tv\/2019\/"},{"@type":"ListItem","position":2,"name":"Me doler\u00eda si condenan a cadena perpetua a &#8220;El Chapo\u201d: \u00c9ric del Castillo"}]},{"@type":"WebSite","@id":"https:\/\/canal7slp.tv\/2019\/#website","url":"https:\/\/canal7slp.tv\/2019\/","name":"Canal 7 SLP - Somos TV","description":"Somos un Canal de 10","publisher":{"@id":"https:\/\/canal7slp.tv\/2019\/#organization"},"potentialAction":[{"@type":"SearchAction","target":{"@type":"EntryPoint","urlTemplate":"https:\/\/canal7slp.tv\/2019\/?s={search_term_string}"},"query-input":{"@type":"PropertyValueSpecification","valueRequired":true,"valueName":"search_term_string"}}],"inLanguage":"es"},{"@type":"Organization","@id":"https:\/\/canal7slp.tv\/2019\/#organization","name":"Comunicaci\u00f3n 2000 S.A. de C.V.","url":"https:\/\/canal7slp.tv\/2019\/","logo":{"@type":"ImageObject","inLanguage":"es","@id":"https:\/\/canal7slp.tv\/2019\/#\/schema\/logo\/image\/","url":"https:\/\/canal7slp.tv\/2019\/wp-content\/uploads\/2019\/07\/logo-c7.png","contentUrl":"https:\/\/canal7slp.tv\/2019\/wp-content\/uploads\/2019\/07\/logo-c7.png","width":220,"height":60,"caption":"Comunicaci\u00f3n 2000 S.A. de C.V."},"image":{"@id":"https:\/\/canal7slp.tv\/2019\/#\/schema\/logo\/image\/"},"sameAs":["https:\/\/www.facebook.com\/CANAL7SLP\/","https:\/\/x.com\/canal7_slp","https:\/\/www.instagram.com\/canal7_slp","https:\/\/www.youtube.com\/user\/NOTICIEROSCANAL7SLP\/"]},{"@type":"Person","@id":"https:\/\/canal7slp.tv\/2019\/#\/schema\/person\/11d941c1c6ca30ac0a46b95fa37aa2e3","name":"edicionweb","image":{"@type":"ImageObject","inLanguage":"es","@id":"https:\/\/secure.gravatar.com\/avatar\/eee448fc3f7164808013b816ba91ac7e43bbe82a70bebac296f8bc6f0addaa1a?s=96&d=mm&r=g","url":"https:\/\/secure.gravatar.com\/avatar\/eee448fc3f7164808013b816ba91ac7e43bbe82a70bebac296f8bc6f0addaa1a?s=96&d=mm&r=g","contentUrl":"https:\/\/secure.gravatar.com\/avatar\/eee448fc3f7164808013b816ba91ac7e43bbe82a70bebac296f8bc6f0addaa1a?s=96&d=mm&r=g","caption":"edicionweb"}}]}},"amp_enabled":true,"cmb2":{"video_ids_in_playlist":{"vid_p_videos":""},"video_ids_in_channel":{"vid_c_videos":""},"playlist_ids_in_channel":{"vid_c_playlists":""},"series_ids_in_channel":{"vid_c_series":""},"channel_images":{"vid_c_logo":"","vid_c_banner":""},"poster_feature_image":{"vid_m_poster_image":""},"gif_feature_image":{"vid_m_gif_image":""},"video_movie_settings":{"vid_m_director":"","vid_m_actor":"","vid_m_imdb_ratings":"","vid_m_amazon_associates":""},"vid_youtube_broadcasts_settings":{"vid_yb_broadcast_title":"","vid_yb_q":"","vid_yb_channelid":"","vid_yb_videocategoryid":"","vid_yb_maxresults":"","vid_yb_order":"","vid_yb_regioncode":"","vid_yb_videosyndicated":"","vid_yb_style":"","vid_yb_reload_first":""},"video_series_settings":{"vid_m_director":"","vid_m_actor":"","vid_m_imdb_ratings":"","video_series_group":""},"amazon_associates_settings":{"amazon_associates":"","amazon_native_ad":""},"vid_youtube_automatic_settings":{"vid_ya_youtube_source":"","vid_ya_update_every":"","vid_ya_update_unit":"","vid_ya_categories":"","vid_ya_published_after":"","vid_ya_published_before":"","vid_ya_playlists":"","vid_ya_channels":"","vid_ya_director":"","vid_ya_actor":"","vid_ya_author":"","vid_ya_import_post_date":"","vid_ya_status":"","vid_ya_sub_api_key":""},"vid_ads_m_videoads_settings_post":{"vid_ads_m_video_ads":"","vid_ads_m_video_ads_type":"","vid_ads_m_group_google_ima":"","vid_ads_m_group_image":"","vid_ads_m_group_html5_video":"","vid_ads_m_group_html":"","vid_ads_m_vast_preroll":"","vid_ads_m_vast_postroll":"","vid_ads_m_vast_pauseroll":"","vid_ads_m_vast_midroll":[{"vid_ads_m_vast_timer_seconds":"50"}],"vid_ads_m_time_to_show_ads":"","vid_ads_m_time_skip_ads":"","vid_ads_m_time_to_hide_ads":""},"page_slider_settings":{"display_slider_group":"","page_slider_group":""},"blog_page_settings":{"blog_page_title":"","blog_page_heading":"","blog_page_ic":"","blog_page_it":"","blog_page_ec":"","blog_page_ip":"","archive_loop_style":"","blog_image_ratio":"","blog_show_categories":"","blog_show_excerpt":"","blog_show_author":"","blog_show_date":"","blog_show_comment_count":"","blog_show_view_count":"","blog_show_like_count":"","blog_show_dislike_count":"","blog_items_per_page":"","blog_pag_type":""},"page_options":{"get_page_template":"","color_mode":"","main_layout":"","main_layout_full_with":"","main_logo":"","main_logo_retina":"","main_logo_mobile":"","main_logo_mobile_retina":"","sticky_logo":"","sticky_logo_retina":"","main_nav_layout":"","ajax_search":"","header_background":"","theme_sidebar":"","instagram_feed":"","instagram_feed_position":"","popular_videos":"","popular_videos_title_1":"","popular_videos_title_2":"","popular_videos_ic":"","popular_videos_it":"","theme_background":"","page_custom_css":""},"feature_image_settings":{"feature_image_position":""},"video_player_settings":{"single_video_style":"","video_player_position":"","vm_video_url":"","video_player_library":"","video_streaming":"","vm_media_sources":"","vid_auto_play":"","vm_video_shortcode":"","vid_p_sync_playlist":"","vid_c_sync_channel":"","get_post_format":"","multiple_links_structure":"default","multi_links_title":"","vm_video_multi_links":"","vm_duration":"","vid_social_locker":"off","vid_social_locker_id":"","vid_membership_action":"content-video","vm_video_trailer_url":"","vid_download_type":"free","vid_download_target":"download","vid_woo_product":"","vm_media_download":"","user_rating":"","user_rating_position":"","user_rating_mode":"","user_rating_multi_sets":""},"video_auto_fetch_settings":{"vm_video_fetch":"on"},"video_fake_views_likes":{"vm_fake_views":"","vm_fake_likes":"","vm_fake_dislikes":""},"gallery_settings":{"gallery_position":""},"quote_settings":{"quote_position":""},"post_options":{"main_layout":"","main_logo":"","main_logo_retina":"","main_logo_mobile":"","main_logo_mobile_retina":"","sticky_logo":"","sticky_logo_retina":"","main_nav_layout":"","header_background":"","theme_sidebar":"","single_post_comment_type":"","theme_background":""}},"_links":{"self":[{"href":"https:\/\/canal7slp.tv\/2019\/wp-json\/wp\/v2\/posts\/28334","targetHints":{"allow":["GET"]}}],"collection":[{"href":"https:\/\/canal7slp.tv\/2019\/wp-json\/wp\/v2\/posts"}],"about":[{"href":"https:\/\/canal7slp.tv\/2019\/wp-json\/wp\/v2\/types\/post"}],"author":[{"embeddable":true,"href":"https:\/\/canal7slp.tv\/2019\/wp-json\/wp\/v2\/users\/2"}],"replies":[{"embeddable":true,"href":"https:\/\/canal7slp.tv\/2019\/wp-json\/wp\/v2\/comments?post=28334"}],"version-history":[{"count":0,"href":"https:\/\/canal7slp.tv\/2019\/wp-json\/wp\/v2\/posts\/28334\/revisions"}],"wp:featuredmedia":[{"embeddable":true,"href":"https:\/\/canal7slp.tv\/2019\/wp-json\/wp\/v2\/media\/28335"}],"wp:attachment":[{"href":"https:\/\/canal7slp.tv\/2019\/wp-json\/wp\/v2\/media?parent=28334"}],"wp:term":[{"taxonomy":"category","embeddable":true,"href":"https:\/\/canal7slp.tv\/2019\/wp-json\/wp\/v2\/categories?post=28334"},{"taxonomy":"post_tag","embeddable":true,"href":"https:\/\/canal7slp.tv\/2019\/wp-json\/wp\/v2\/tags?post=28334"}],"curies":[{"name":"wp","href":"https:\/\/api.w.org\/{rel}","templated":true}]}}