{"id":28191,"date":"2019-07-07T08:24:45","date_gmt":"2019-07-07T13:24:45","guid":{"rendered":"https:\/\/canal7slp.tv\/2019\/?p=28191"},"modified":"2019-07-07T08:24:45","modified_gmt":"2019-07-07T13:24:45","slug":"concluye-participacion-de-mexico-en-cumbre-de-alianza-del-pacifico","status":"publish","type":"post","link":"https:\/\/canal7slp.tv\/2019\/concluye-participacion-de-mexico-en-cumbre-de-alianza-del-pacifico\/","title":{"rendered":"Concluye participaci\u00f3n de M\u00e9xico en cumbre de Alianza del Pac\u00edfico"},"content":{"rendered":"<p>M\u00e9xico.- M\u00e9xico concluy\u00f3 su participaci\u00f3n en la XIV Cumbre de la Alianza del Pac\u00edfico, celebrada esta semana en la capital de Per\u00fa, y en la que estuvo representado por el secretario de Relaciones Exteriores, Marcelo Ebrard Casaub\u00f3n, y la titular de Econom\u00eda, Graciela M\u00e1rquez Col\u00edn.<\/p>\n<p>Los secretarios Ebrard Casaubon y M\u00e1rquez Col\u00edn participaron en representaci\u00f3n del presidente Andr\u00e9s Manuel L\u00f3pez Obrador en la cita, que se llev\u00f3 a cabo del 1 al 6 de julio en Lima, a la que acudieron los mandatarios de los otros pa\u00edses miembros: de Chile, Sebasti\u00e1n Pi\u00f1era; de Colombia, Iv\u00e1n Duque; y de Per\u00fa, Mart\u00edn Vizcarra.<\/p>\n<p>La Alianza del Pac\u00edfico culmin\u00f3 su reuni\u00f3n\u00a0con el acuerdo de aceptar a Ecuador y Corea como candidatos a Estado Asociado, y el compromiso de concluir negociaciones comerciales con Australia, Canad\u00e1, Nueva Zelanda y Singapur.<\/p>\n<p>La Secretar\u00eda de Relaciones Exteriores inform\u00f3 que los l\u00edderes de los cuatro pa\u00edses integrantes de la Alianza firmaron la Declaraci\u00f3n de Lima, en la que quedaron plasmados los avances del mecanismo desde la pasada Cumbre, celebrada en 2018 en Puerto Vallarta, M\u00e9xico.<\/p>\n<p>Asimismo, se aprob\u00f3 el Plan de Trabajo de la Visi\u00f3n Estrat\u00e9gica 2030, que establece una hoja de ruta para las labores del mecanismo en los pr\u00f3ximos once a\u00f1os.<\/p>\n<p>Los jefes de delegaci\u00f3n de la Alianza se reunieron con el presidente de Ecuador, Len\u00edn Moreno, quien explic\u00f3 las ventajas del eventual ingreso de su pa\u00eds como Estado Asociado de este mecanismo, y reiter\u00f3 su inter\u00e9s de un mayor acercamiento.<\/p>\n<p>La canciller\u00eda mexicana destac\u00f3 la entrada en vigor del Fondo de Cooperaci\u00f3n, y la puesta en marcha del Consejo de Cooperaci\u00f3n, constituido por agencias de los cuatro pa\u00edses, que permitir\u00e1 una canalizaci\u00f3n e implementaci\u00f3n m\u00e1s \u00e1gil de proyectos impulsados por los Estados Observadores.<\/p>\n<p>Adem\u00e1s, fueron aceptados Azerbaiy\u00e1n, Kazajst\u00e1n, Armenia y Filipinas como nuevos Estados Observadores del mecanismo, que suma ahora\u00a0a 59 pa\u00edses en esa calidad.<\/p>\n<p>Per\u00fa, que ejerci\u00f3 la Presidencia Pro T\u00e9mpore de la instancia por un a\u00f1o, present\u00f3 un informe de las actividades durante su gesti\u00f3n e hizo entrega del cargo a Chile para el pr\u00f3ximo a\u00f1o.<\/p>\n","protected":false},"excerpt":{"rendered":"<p>M\u00e9xico.- M\u00e9xico concluy\u00f3 su participaci\u00f3n en la XIV Cumbre de la Alianza del Pac\u00edfico, celebrada esta semana en la capital de Per\u00fa, y en la que estuvo representado por el secretario de Relaciones Exteriores, Marcelo Ebrard Casaub\u00f3n, y la titular de Econom\u00eda, Graciela M\u00e1rquez Col\u00edn. Los secretarios Ebrard Casaubon y M\u00e1rquez Col\u00edn participaron en representaci\u00f3n [&hellip;]<\/p>\n","protected":false},"author":2,"featured_media":28192,"comment_status":"open","ping_status":"closed","sticky":false,"template":"","format":"standard","meta":{"footnotes":""},"categories":[30],"tags":[],"class_list":["post-28191","post","type-post","status-publish","format-standard","has-post-thumbnail","hentry","category-nacional"],"yoast_head":"<!-- This site is optimized with the Yoast SEO plugin v27.5 - https:\/\/yoast.com\/product\/yoast-seo-wordpress\/ -->\n<title>Concluye participaci\u00f3n de M\u00e9xico en cumbre de Alianza del Pac\u00edfico - Canal 7 SLP - 2019<\/title>\n<meta name=\"robots\" content=\"index, follow, max-snippet:-1, max-image-preview:large, max-video-preview:-1\" \/>\n<link rel=\"canonical\" href=\"https:\/\/canal7slp.tv\/2019\/concluye-participacion-de-mexico-en-cumbre-de-alianza-del-pacifico\/\" \/>\n<meta property=\"og:locale\" content=\"es_ES\" \/>\n<meta property=\"og:type\" content=\"article\" \/>\n<meta property=\"og:title\" content=\"Concluye participaci\u00f3n de M\u00e9xico en cumbre de Alianza del Pac\u00edfico - Canal 7 SLP - 2019\" \/>\n<meta property=\"og:description\" content=\"M\u00e9xico.- M\u00e9xico concluy\u00f3 su participaci\u00f3n en la XIV Cumbre de la Alianza del Pac\u00edfico, celebrada esta semana en la capital de Per\u00fa, y en la que estuvo representado por el secretario de Relaciones Exteriores, Marcelo Ebrard Casaub\u00f3n, y la titular de Econom\u00eda, Graciela M\u00e1rquez Col\u00edn. Los secretarios Ebrard Casaubon y M\u00e1rquez Col\u00edn participaron en representaci\u00f3n [&hellip;]\" \/>\n<meta property=\"og:url\" content=\"https:\/\/canal7slp.tv\/2019\/concluye-participacion-de-mexico-en-cumbre-de-alianza-del-pacifico\/\" \/>\n<meta property=\"og:site_name\" content=\"Canal 7 SLP - 2019\" \/>\n<meta property=\"article:publisher\" content=\"https:\/\/www.facebook.com\/CANAL7SLP\/\" \/>\n<meta property=\"article:published_time\" content=\"2019-07-07T13:24:45+00:00\" \/>\n<meta property=\"og:image\" content=\"https:\/\/canal7slp.tv\/2019\/wp-content\/uploads\/2019\/07\/1000-4.jpg\" \/>\n\t<meta property=\"og:image:width\" content=\"800\" \/>\n\t<meta property=\"og:image:height\" content=\"533\" \/>\n\t<meta property=\"og:image:type\" content=\"image\/jpeg\" \/>\n<meta name=\"author\" content=\"edicionweb\" \/>\n<meta name=\"twitter:card\" content=\"summary_large_image\" \/>\n<meta name=\"twitter:creator\" content=\"@canal7_slp\" \/>\n<meta name=\"twitter:site\" content=\"@canal7_slp\" \/>\n<meta name=\"twitter:label1\" content=\"Escrito por\" \/>\n\t<meta name=\"twitter:data1\" content=\"edicionweb\" \/>\n\t<meta name=\"twitter:label2\" content=\"Tiempo de lectura\" \/>\n\t<meta name=\"twitter:data2\" content=\"2 minutos\" \/>\n<script type=\"application\/ld+json\" class=\"yoast-schema-graph\">{\"@context\":\"https:\\\/\\\/schema.org\",\"@graph\":[{\"@type\":\"Article\",\"@id\":\"https:\\\/\\\/canal7slp.tv\\\/2019\\\/concluye-participacion-de-mexico-en-cumbre-de-alianza-del-pacifico\\\/#article\",\"isPartOf\":{\"@id\":\"https:\\\/\\\/canal7slp.tv\\\/2019\\\/concluye-participacion-de-mexico-en-cumbre-de-alianza-del-pacifico\\\/\"},\"author\":{\"name\":\"edicionweb\",\"@id\":\"https:\\\/\\\/canal7slp.tv\\\/2019\\\/#\\\/schema\\\/person\\\/11d941c1c6ca30ac0a46b95fa37aa2e3\"},\"headline\":\"Concluye participaci\u00f3n de M\u00e9xico en cumbre de Alianza del Pac\u00edfico\",\"datePublished\":\"2019-07-07T13:24:45+00:00\",\"mainEntityOfPage\":{\"@id\":\"https:\\\/\\\/canal7slp.tv\\\/2019\\\/concluye-participacion-de-mexico-en-cumbre-de-alianza-del-pacifico\\\/\"},\"wordCount\":403,\"commentCount\":0,\"publisher\":{\"@id\":\"https:\\\/\\\/canal7slp.tv\\\/2019\\\/#organization\"},\"image\":{\"@id\":\"https:\\\/\\\/canal7slp.tv\\\/2019\\\/concluye-participacion-de-mexico-en-cumbre-de-alianza-del-pacifico\\\/#primaryimage\"},\"thumbnailUrl\":\"https:\\\/\\\/canal7slp.tv\\\/2019\\\/wp-content\\\/uploads\\\/2019\\\/07\\\/1000-4.jpg\",\"articleSection\":[\"NACIONAL\"],\"inLanguage\":\"es\",\"potentialAction\":[{\"@type\":\"CommentAction\",\"name\":\"Comment\",\"target\":[\"https:\\\/\\\/canal7slp.tv\\\/2019\\\/concluye-participacion-de-mexico-en-cumbre-de-alianza-del-pacifico\\\/#respond\"]}]},{\"@type\":\"WebPage\",\"@id\":\"https:\\\/\\\/canal7slp.tv\\\/2019\\\/concluye-participacion-de-mexico-en-cumbre-de-alianza-del-pacifico\\\/\",\"url\":\"https:\\\/\\\/canal7slp.tv\\\/2019\\\/concluye-participacion-de-mexico-en-cumbre-de-alianza-del-pacifico\\\/\",\"name\":\"Concluye participaci\u00f3n de M\u00e9xico en cumbre de Alianza del Pac\u00edfico - Canal 7 SLP - 2019\",\"isPartOf\":{\"@id\":\"https:\\\/\\\/canal7slp.tv\\\/2019\\\/#website\"},\"primaryImageOfPage\":{\"@id\":\"https:\\\/\\\/canal7slp.tv\\\/2019\\\/concluye-participacion-de-mexico-en-cumbre-de-alianza-del-pacifico\\\/#primaryimage\"},\"image\":{\"@id\":\"https:\\\/\\\/canal7slp.tv\\\/2019\\\/concluye-participacion-de-mexico-en-cumbre-de-alianza-del-pacifico\\\/#primaryimage\"},\"thumbnailUrl\":\"https:\\\/\\\/canal7slp.tv\\\/2019\\\/wp-content\\\/uploads\\\/2019\\\/07\\\/1000-4.jpg\",\"datePublished\":\"2019-07-07T13:24:45+00:00\",\"breadcrumb\":{\"@id\":\"https:\\\/\\\/canal7slp.tv\\\/2019\\\/concluye-participacion-de-mexico-en-cumbre-de-alianza-del-pacifico\\\/#breadcrumb\"},\"inLanguage\":\"es\",\"potentialAction\":[{\"@type\":\"ReadAction\",\"target\":[\"https:\\\/\\\/canal7slp.tv\\\/2019\\\/concluye-participacion-de-mexico-en-cumbre-de-alianza-del-pacifico\\\/\"]}]},{\"@type\":\"ImageObject\",\"inLanguage\":\"es\",\"@id\":\"https:\\\/\\\/canal7slp.tv\\\/2019\\\/concluye-participacion-de-mexico-en-cumbre-de-alianza-del-pacifico\\\/#primaryimage\",\"url\":\"https:\\\/\\\/canal7slp.tv\\\/2019\\\/wp-content\\\/uploads\\\/2019\\\/07\\\/1000-4.jpg\",\"contentUrl\":\"https:\\\/\\\/canal7slp.tv\\\/2019\\\/wp-content\\\/uploads\\\/2019\\\/07\\\/1000-4.jpg\",\"width\":800,\"height\":533},{\"@type\":\"BreadcrumbList\",\"@id\":\"https:\\\/\\\/canal7slp.tv\\\/2019\\\/concluye-participacion-de-mexico-en-cumbre-de-alianza-del-pacifico\\\/#breadcrumb\",\"itemListElement\":[{\"@type\":\"ListItem\",\"position\":1,\"name\":\"Home\",\"item\":\"https:\\\/\\\/canal7slp.tv\\\/2019\\\/\"},{\"@type\":\"ListItem\",\"position\":2,\"name\":\"Concluye participaci\u00f3n de M\u00e9xico en cumbre de Alianza del Pac\u00edfico\"}]},{\"@type\":\"WebSite\",\"@id\":\"https:\\\/\\\/canal7slp.tv\\\/2019\\\/#website\",\"url\":\"https:\\\/\\\/canal7slp.tv\\\/2019\\\/\",\"name\":\"Canal 7 SLP - Somos TV\",\"description\":\"Somos un Canal de 10\",\"publisher\":{\"@id\":\"https:\\\/\\\/canal7slp.tv\\\/2019\\\/#organization\"},\"potentialAction\":[{\"@type\":\"SearchAction\",\"target\":{\"@type\":\"EntryPoint\",\"urlTemplate\":\"https:\\\/\\\/canal7slp.tv\\\/2019\\\/?s={search_term_string}\"},\"query-input\":{\"@type\":\"PropertyValueSpecification\",\"valueRequired\":true,\"valueName\":\"search_term_string\"}}],\"inLanguage\":\"es\"},{\"@type\":\"Organization\",\"@id\":\"https:\\\/\\\/canal7slp.tv\\\/2019\\\/#organization\",\"name\":\"Comunicaci\u00f3n 2000 S.A. de C.V.\",\"url\":\"https:\\\/\\\/canal7slp.tv\\\/2019\\\/\",\"logo\":{\"@type\":\"ImageObject\",\"inLanguage\":\"es\",\"@id\":\"https:\\\/\\\/canal7slp.tv\\\/2019\\\/#\\\/schema\\\/logo\\\/image\\\/\",\"url\":\"https:\\\/\\\/canal7slp.tv\\\/2019\\\/wp-content\\\/uploads\\\/2019\\\/07\\\/logo-c7.png\",\"contentUrl\":\"https:\\\/\\\/canal7slp.tv\\\/2019\\\/wp-content\\\/uploads\\\/2019\\\/07\\\/logo-c7.png\",\"width\":220,\"height\":60,\"caption\":\"Comunicaci\u00f3n 2000 S.A. de C.V.\"},\"image\":{\"@id\":\"https:\\\/\\\/canal7slp.tv\\\/2019\\\/#\\\/schema\\\/logo\\\/image\\\/\"},\"sameAs\":[\"https:\\\/\\\/www.facebook.com\\\/CANAL7SLP\\\/\",\"https:\\\/\\\/x.com\\\/canal7_slp\",\"https:\\\/\\\/www.instagram.com\\\/canal7_slp\",\"https:\\\/\\\/www.youtube.com\\\/user\\\/NOTICIEROSCANAL7SLP\\\/\"]},{\"@type\":\"Person\",\"@id\":\"https:\\\/\\\/canal7slp.tv\\\/2019\\\/#\\\/schema\\\/person\\\/11d941c1c6ca30ac0a46b95fa37aa2e3\",\"name\":\"edicionweb\",\"image\":{\"@type\":\"ImageObject\",\"inLanguage\":\"es\",\"@id\":\"https:\\\/\\\/secure.gravatar.com\\\/avatar\\\/eee448fc3f7164808013b816ba91ac7e43bbe82a70bebac296f8bc6f0addaa1a?s=96&d=mm&r=g\",\"url\":\"https:\\\/\\\/secure.gravatar.com\\\/avatar\\\/eee448fc3f7164808013b816ba91ac7e43bbe82a70bebac296f8bc6f0addaa1a?s=96&d=mm&r=g\",\"contentUrl\":\"https:\\\/\\\/secure.gravatar.com\\\/avatar\\\/eee448fc3f7164808013b816ba91ac7e43bbe82a70bebac296f8bc6f0addaa1a?s=96&d=mm&r=g\",\"caption\":\"edicionweb\"}}]}<\/script>\n<!-- \/ Yoast SEO plugin. -->","yoast_head_json":{"title":"Concluye participaci\u00f3n de M\u00e9xico en cumbre de Alianza del Pac\u00edfico - Canal 7 SLP - 2019","robots":{"index":"index","follow":"follow","max-snippet":"max-snippet:-1","max-image-preview":"max-image-preview:large","max-video-preview":"max-video-preview:-1"},"canonical":"https:\/\/canal7slp.tv\/2019\/concluye-participacion-de-mexico-en-cumbre-de-alianza-del-pacifico\/","og_locale":"es_ES","og_type":"article","og_title":"Concluye participaci\u00f3n de M\u00e9xico en cumbre de Alianza del Pac\u00edfico - Canal 7 SLP - 2019","og_description":"M\u00e9xico.- M\u00e9xico concluy\u00f3 su participaci\u00f3n en la XIV Cumbre de la Alianza del Pac\u00edfico, celebrada esta semana en la capital de Per\u00fa, y en la que estuvo representado por el secretario de Relaciones Exteriores, Marcelo Ebrard Casaub\u00f3n, y la titular de Econom\u00eda, Graciela M\u00e1rquez Col\u00edn. Los secretarios Ebrard Casaubon y M\u00e1rquez Col\u00edn participaron en representaci\u00f3n [&hellip;]","og_url":"https:\/\/canal7slp.tv\/2019\/concluye-participacion-de-mexico-en-cumbre-de-alianza-del-pacifico\/","og_site_name":"Canal 7 SLP - 2019","article_publisher":"https:\/\/www.facebook.com\/CANAL7SLP\/","article_published_time":"2019-07-07T13:24:45+00:00","og_image":[{"width":800,"height":533,"url":"https:\/\/canal7slp.tv\/2019\/wp-content\/uploads\/2019\/07\/1000-4.jpg","type":"image\/jpeg"}],"author":"edicionweb","twitter_card":"summary_large_image","twitter_creator":"@canal7_slp","twitter_site":"@canal7_slp","twitter_misc":{"Escrito por":"edicionweb","Tiempo de lectura":"2 minutos"},"schema":{"@context":"https:\/\/schema.org","@graph":[{"@type":"Article","@id":"https:\/\/canal7slp.tv\/2019\/concluye-participacion-de-mexico-en-cumbre-de-alianza-del-pacifico\/#article","isPartOf":{"@id":"https:\/\/canal7slp.tv\/2019\/concluye-participacion-de-mexico-en-cumbre-de-alianza-del-pacifico\/"},"author":{"name":"edicionweb","@id":"https:\/\/canal7slp.tv\/2019\/#\/schema\/person\/11d941c1c6ca30ac0a46b95fa37aa2e3"},"headline":"Concluye participaci\u00f3n de M\u00e9xico en cumbre de Alianza del Pac\u00edfico","datePublished":"2019-07-07T13:24:45+00:00","mainEntityOfPage":{"@id":"https:\/\/canal7slp.tv\/2019\/concluye-participacion-de-mexico-en-cumbre-de-alianza-del-pacifico\/"},"wordCount":403,"commentCount":0,"publisher":{"@id":"https:\/\/canal7slp.tv\/2019\/#organization"},"image":{"@id":"https:\/\/canal7slp.tv\/2019\/concluye-participacion-de-mexico-en-cumbre-de-alianza-del-pacifico\/#primaryimage"},"thumbnailUrl":"https:\/\/canal7slp.tv\/2019\/wp-content\/uploads\/2019\/07\/1000-4.jpg","articleSection":["NACIONAL"],"inLanguage":"es","potentialAction":[{"@type":"CommentAction","name":"Comment","target":["https:\/\/canal7slp.tv\/2019\/concluye-participacion-de-mexico-en-cumbre-de-alianza-del-pacifico\/#respond"]}]},{"@type":"WebPage","@id":"https:\/\/canal7slp.tv\/2019\/concluye-participacion-de-mexico-en-cumbre-de-alianza-del-pacifico\/","url":"https:\/\/canal7slp.tv\/2019\/concluye-participacion-de-mexico-en-cumbre-de-alianza-del-pacifico\/","name":"Concluye participaci\u00f3n de M\u00e9xico en cumbre de Alianza del Pac\u00edfico - Canal 7 SLP - 2019","isPartOf":{"@id":"https:\/\/canal7slp.tv\/2019\/#website"},"primaryImageOfPage":{"@id":"https:\/\/canal7slp.tv\/2019\/concluye-participacion-de-mexico-en-cumbre-de-alianza-del-pacifico\/#primaryimage"},"image":{"@id":"https:\/\/canal7slp.tv\/2019\/concluye-participacion-de-mexico-en-cumbre-de-alianza-del-pacifico\/#primaryimage"},"thumbnailUrl":"https:\/\/canal7slp.tv\/2019\/wp-content\/uploads\/2019\/07\/1000-4.jpg","datePublished":"2019-07-07T13:24:45+00:00","breadcrumb":{"@id":"https:\/\/canal7slp.tv\/2019\/concluye-participacion-de-mexico-en-cumbre-de-alianza-del-pacifico\/#breadcrumb"},"inLanguage":"es","potentialAction":[{"@type":"ReadAction","target":["https:\/\/canal7slp.tv\/2019\/concluye-participacion-de-mexico-en-cumbre-de-alianza-del-pacifico\/"]}]},{"@type":"ImageObject","inLanguage":"es","@id":"https:\/\/canal7slp.tv\/2019\/concluye-participacion-de-mexico-en-cumbre-de-alianza-del-pacifico\/#primaryimage","url":"https:\/\/canal7slp.tv\/2019\/wp-content\/uploads\/2019\/07\/1000-4.jpg","contentUrl":"https:\/\/canal7slp.tv\/2019\/wp-content\/uploads\/2019\/07\/1000-4.jpg","width":800,"height":533},{"@type":"BreadcrumbList","@id":"https:\/\/canal7slp.tv\/2019\/concluye-participacion-de-mexico-en-cumbre-de-alianza-del-pacifico\/#breadcrumb","itemListElement":[{"@type":"ListItem","position":1,"name":"Home","item":"https:\/\/canal7slp.tv\/2019\/"},{"@type":"ListItem","position":2,"name":"Concluye participaci\u00f3n de M\u00e9xico en cumbre de Alianza del Pac\u00edfico"}]},{"@type":"WebSite","@id":"https:\/\/canal7slp.tv\/2019\/#website","url":"https:\/\/canal7slp.tv\/2019\/","name":"Canal 7 SLP - Somos TV","description":"Somos un Canal de 10","publisher":{"@id":"https:\/\/canal7slp.tv\/2019\/#organization"},"potentialAction":[{"@type":"SearchAction","target":{"@type":"EntryPoint","urlTemplate":"https:\/\/canal7slp.tv\/2019\/?s={search_term_string}"},"query-input":{"@type":"PropertyValueSpecification","valueRequired":true,"valueName":"search_term_string"}}],"inLanguage":"es"},{"@type":"Organization","@id":"https:\/\/canal7slp.tv\/2019\/#organization","name":"Comunicaci\u00f3n 2000 S.A. de C.V.","url":"https:\/\/canal7slp.tv\/2019\/","logo":{"@type":"ImageObject","inLanguage":"es","@id":"https:\/\/canal7slp.tv\/2019\/#\/schema\/logo\/image\/","url":"https:\/\/canal7slp.tv\/2019\/wp-content\/uploads\/2019\/07\/logo-c7.png","contentUrl":"https:\/\/canal7slp.tv\/2019\/wp-content\/uploads\/2019\/07\/logo-c7.png","width":220,"height":60,"caption":"Comunicaci\u00f3n 2000 S.A. de C.V."},"image":{"@id":"https:\/\/canal7slp.tv\/2019\/#\/schema\/logo\/image\/"},"sameAs":["https:\/\/www.facebook.com\/CANAL7SLP\/","https:\/\/x.com\/canal7_slp","https:\/\/www.instagram.com\/canal7_slp","https:\/\/www.youtube.com\/user\/NOTICIEROSCANAL7SLP\/"]},{"@type":"Person","@id":"https:\/\/canal7slp.tv\/2019\/#\/schema\/person\/11d941c1c6ca30ac0a46b95fa37aa2e3","name":"edicionweb","image":{"@type":"ImageObject","inLanguage":"es","@id":"https:\/\/secure.gravatar.com\/avatar\/eee448fc3f7164808013b816ba91ac7e43bbe82a70bebac296f8bc6f0addaa1a?s=96&d=mm&r=g","url":"https:\/\/secure.gravatar.com\/avatar\/eee448fc3f7164808013b816ba91ac7e43bbe82a70bebac296f8bc6f0addaa1a?s=96&d=mm&r=g","contentUrl":"https:\/\/secure.gravatar.com\/avatar\/eee448fc3f7164808013b816ba91ac7e43bbe82a70bebac296f8bc6f0addaa1a?s=96&d=mm&r=g","caption":"edicionweb"}}]}},"amp_enabled":true,"cmb2":{"video_ids_in_playlist":{"vid_p_videos":""},"video_ids_in_channel":{"vid_c_videos":""},"playlist_ids_in_channel":{"vid_c_playlists":""},"series_ids_in_channel":{"vid_c_series":""},"channel_images":{"vid_c_logo":"","vid_c_banner":""},"poster_feature_image":{"vid_m_poster_image":""},"gif_feature_image":{"vid_m_gif_image":""},"video_movie_settings":{"vid_m_director":"","vid_m_actor":"","vid_m_imdb_ratings":"","vid_m_amazon_associates":""},"vid_youtube_broadcasts_settings":{"vid_yb_broadcast_title":"","vid_yb_q":"","vid_yb_channelid":"","vid_yb_videocategoryid":"","vid_yb_maxresults":"","vid_yb_order":"","vid_yb_regioncode":"","vid_yb_videosyndicated":"","vid_yb_style":"","vid_yb_reload_first":""},"video_series_settings":{"vid_m_director":"","vid_m_actor":"","vid_m_imdb_ratings":"","video_series_group":""},"amazon_associates_settings":{"amazon_associates":"","amazon_native_ad":""},"vid_youtube_automatic_settings":{"vid_ya_youtube_source":"","vid_ya_update_every":"","vid_ya_update_unit":"","vid_ya_categories":"","vid_ya_published_after":"","vid_ya_published_before":"","vid_ya_playlists":"","vid_ya_channels":"","vid_ya_director":"","vid_ya_actor":"","vid_ya_author":"","vid_ya_import_post_date":"","vid_ya_status":"","vid_ya_sub_api_key":""},"vid_ads_m_videoads_settings_post":{"vid_ads_m_video_ads":"","vid_ads_m_video_ads_type":"","vid_ads_m_group_google_ima":"","vid_ads_m_group_image":"","vid_ads_m_group_html5_video":"","vid_ads_m_group_html":"","vid_ads_m_vast_preroll":"","vid_ads_m_vast_postroll":"","vid_ads_m_vast_pauseroll":"","vid_ads_m_vast_midroll":[{"vid_ads_m_vast_timer_seconds":"50"}],"vid_ads_m_time_to_show_ads":"","vid_ads_m_time_skip_ads":"","vid_ads_m_time_to_hide_ads":""},"page_slider_settings":{"display_slider_group":"","page_slider_group":""},"blog_page_settings":{"blog_page_title":"","blog_page_heading":"","blog_page_ic":"","blog_page_it":"","blog_page_ec":"","blog_page_ip":"","archive_loop_style":"","blog_image_ratio":"","blog_show_categories":"","blog_show_excerpt":"","blog_show_author":"","blog_show_date":"","blog_show_comment_count":"","blog_show_view_count":"","blog_show_like_count":"","blog_show_dislike_count":"","blog_items_per_page":"","blog_pag_type":""},"page_options":{"get_page_template":"","color_mode":"","main_layout":"","main_layout_full_with":"","main_logo":"","main_logo_retina":"","main_logo_mobile":"","main_logo_mobile_retina":"","sticky_logo":"","sticky_logo_retina":"","main_nav_layout":"","ajax_search":"","header_background":"","theme_sidebar":"","instagram_feed":"","instagram_feed_position":"","popular_videos":"","popular_videos_title_1":"","popular_videos_title_2":"","popular_videos_ic":"","popular_videos_it":"","theme_background":"","page_custom_css":""},"feature_image_settings":{"feature_image_position":""},"video_player_settings":{"single_video_style":"","video_player_position":"","vm_video_url":"","video_player_library":"","video_streaming":"","vm_media_sources":"","vid_auto_play":"","vm_video_shortcode":"","vid_p_sync_playlist":"","vid_c_sync_channel":"","get_post_format":"","multiple_links_structure":"default","multi_links_title":"","vm_video_multi_links":"","vm_duration":"","vid_social_locker":"off","vid_social_locker_id":"","vid_membership_action":"content-video","vm_video_trailer_url":"","vid_download_type":"free","vid_download_target":"download","vid_woo_product":"","vm_media_download":"","user_rating":"","user_rating_position":"","user_rating_mode":"","user_rating_multi_sets":""},"video_auto_fetch_settings":{"vm_video_fetch":"on"},"video_fake_views_likes":{"vm_fake_views":"","vm_fake_likes":"","vm_fake_dislikes":""},"gallery_settings":{"gallery_position":""},"quote_settings":{"quote_position":""},"post_options":{"main_layout":"","main_logo":"","main_logo_retina":"","main_logo_mobile":"","main_logo_mobile_retina":"","sticky_logo":"","sticky_logo_retina":"","main_nav_layout":"","header_background":"","theme_sidebar":"","single_post_comment_type":"","theme_background":""}},"_links":{"self":[{"href":"https:\/\/canal7slp.tv\/2019\/wp-json\/wp\/v2\/posts\/28191","targetHints":{"allow":["GET"]}}],"collection":[{"href":"https:\/\/canal7slp.tv\/2019\/wp-json\/wp\/v2\/posts"}],"about":[{"href":"https:\/\/canal7slp.tv\/2019\/wp-json\/wp\/v2\/types\/post"}],"author":[{"embeddable":true,"href":"https:\/\/canal7slp.tv\/2019\/wp-json\/wp\/v2\/users\/2"}],"replies":[{"embeddable":true,"href":"https:\/\/canal7slp.tv\/2019\/wp-json\/wp\/v2\/comments?post=28191"}],"version-history":[{"count":0,"href":"https:\/\/canal7slp.tv\/2019\/wp-json\/wp\/v2\/posts\/28191\/revisions"}],"wp:featuredmedia":[{"embeddable":true,"href":"https:\/\/canal7slp.tv\/2019\/wp-json\/wp\/v2\/media\/28192"}],"wp:attachment":[{"href":"https:\/\/canal7slp.tv\/2019\/wp-json\/wp\/v2\/media?parent=28191"}],"wp:term":[{"taxonomy":"category","embeddable":true,"href":"https:\/\/canal7slp.tv\/2019\/wp-json\/wp\/v2\/categories?post=28191"},{"taxonomy":"post_tag","embeddable":true,"href":"https:\/\/canal7slp.tv\/2019\/wp-json\/wp\/v2\/tags?post=28191"}],"curies":[{"name":"wp","href":"https:\/\/api.w.org\/{rel}","templated":true}]}}