{"id":28172,"date":"2019-07-06T15:08:58","date_gmt":"2019-07-06T20:08:58","guid":{"rendered":"https:\/\/canal7slp.tv\/2019\/?p=28172"},"modified":"2019-07-06T15:08:58","modified_gmt":"2019-07-06T20:08:58","slug":"obtiene-fiscalia-fallo-condenatorio-para-medico-feminicida-de-menor-de-14-anos","status":"publish","type":"post","link":"https:\/\/canal7slp.tv\/2019\/obtiene-fiscalia-fallo-condenatorio-para-medico-feminicida-de-menor-de-14-anos\/","title":{"rendered":"Obtiene Fiscal\u00eda fallo condenatorio para m\u00e9dico feminicida de menor de 14 a\u00f1os"},"content":{"rendered":"<p style=\"text-align: justify;\">\u2022 La priv\u00f3 de la vida luego de acudiera a un consultorio de la colonia La Libertad<\/p>\n<p style=\"text-align: justify;\">SLP.- Despu\u00e9s de aportar diversas pruebas y de trabajos de investigaci\u00f3n, la Fiscal\u00eda General del Estado de San Luis Potos\u00ed (FGESLP) logr\u00f3 un fallo condenatorio en el caso del feminicidio de una jovencita de 14 a\u00f1os de edad, cuyo cuerpo fue localizado calcinado en un predio de la localidad Valle de La Palma en Soledad de Graciano S\u00e1nchez, hace un a\u00f1o y medio.<\/p>\n<p style=\"text-align: justify;\">Tras la labor efectuada por el personal de la Polic\u00eda de Investigaci\u00f3n (PDI), los Servicios Periciales y la Unidad Especializada en Homicidios y Feminicidios, se obtuvo que el Tribunal de Juicio Oral determinara que un doctor acusado de esos hechos fue el responsable de privar de la vida a la jovencita con un objeto contundente y un arma blanca, para despu\u00e9s prenderle fuego.<\/p>\n<p style=\"text-align: justify;\">El 25 de noviembre del a\u00f1o 2017, las autoridades recibieron el reporte que un terreno cercano a una cl\u00ednica psiqui\u00e1trica del municipio indicado, se encontraba el cuerpo de una mujer con indicios de haber sido quemada, por lo que fue trasladada al Servicio M\u00e9dico legal (Semele) para la necropsia de ley; hasta ese momento se hallaba en calidad de desconocida e inmediatamente personal de la FGESLP se aboc\u00f3 a las indagatorias por lo sucedido.<\/p>\n<p style=\"text-align: justify;\">Posteriormente, los familiares de la v\u00edctima reconocieron el cuerpo de la menor, quien contaba con 14 a\u00f1os de edad, misma que un d\u00eda antes acudi\u00f3 a un consultorio ubicado en la calle San Jorge, cerca de la avenida Ricardo B. Anaya, en la colonia La Libertad a recibir atenci\u00f3n m\u00e9dica, pero ya no regres\u00f3 a su hogar.<\/p>\n<p style=\"text-align: justify;\">Las investigaciones de la Fiscal\u00eda, que incluyeron un cateo al consultorio determinaron que hab\u00eda indicios y datos de prueba en contra del m\u00e9dico identificado como Alberto \u201cN\u201d de 60 a\u00f1os de edad, por lo que se solicit\u00f3 al Juez de Control la orden de aprehensi\u00f3n por el delito de feminicidio.<\/p>\n<p style=\"text-align: justify;\">D\u00edas despu\u00e9s se le detuvo en calles de la zona Centro de la Capital potosina, iniciando en ese momento su proceso legal, pasando por la vinculaci\u00f3n a proceso y la prisi\u00f3n preventiva, hasta ahora que se lleg\u00f3 al Juicio Oral con el resultado ya indicado.<\/p>\n<p style=\"text-align: justify;\">Ser\u00e1 en los pr\u00f3ximos d\u00edas cuando se lleve a cabo la audiencia de individualizaci\u00f3n en donde se dicar\u00e1n los a\u00f1os que pasar\u00e1 en prisi\u00f3n ordinaria, interno en el centro de reinserci\u00f3n social de La Pila.<\/p>\n","protected":false},"excerpt":{"rendered":"<p>\u2022 La priv\u00f3 de la vida luego de acudiera a un consultorio de la colonia La Libertad SLP.- Despu\u00e9s de aportar diversas pruebas y de trabajos de investigaci\u00f3n, la Fiscal\u00eda General del Estado de San Luis Potos\u00ed (FGESLP) logr\u00f3 un fallo condenatorio en el caso del feminicidio de una jovencita de 14 a\u00f1os de edad, [&hellip;]<\/p>\n","protected":false},"author":2,"featured_media":28176,"comment_status":"open","ping_status":"closed","sticky":false,"template":"","format":"standard","meta":{"footnotes":""},"categories":[29],"tags":[],"class_list":["post-28172","post","type-post","status-publish","format-standard","has-post-thumbnail","hentry","category-reporte7"],"yoast_head":"<!-- This site is optimized with the Yoast SEO plugin v27.5 - https:\/\/yoast.com\/product\/yoast-seo-wordpress\/ -->\n<title>Obtiene Fiscal\u00eda fallo condenatorio para m\u00e9dico feminicida de menor de 14 a\u00f1os - Canal 7 SLP - 2019<\/title>\n<meta name=\"robots\" content=\"index, follow, max-snippet:-1, max-image-preview:large, max-video-preview:-1\" \/>\n<link rel=\"canonical\" href=\"https:\/\/canal7slp.tv\/2019\/obtiene-fiscalia-fallo-condenatorio-para-medico-feminicida-de-menor-de-14-anos\/\" \/>\n<meta property=\"og:locale\" content=\"es_ES\" \/>\n<meta property=\"og:type\" content=\"article\" \/>\n<meta property=\"og:title\" content=\"Obtiene Fiscal\u00eda fallo condenatorio para m\u00e9dico feminicida de menor de 14 a\u00f1os - Canal 7 SLP - 2019\" \/>\n<meta property=\"og:description\" content=\"\u2022 La priv\u00f3 de la vida luego de acudiera a un consultorio de la colonia La Libertad SLP.- Despu\u00e9s de aportar diversas pruebas y de trabajos de investigaci\u00f3n, la Fiscal\u00eda General del Estado de San Luis Potos\u00ed (FGESLP) logr\u00f3 un fallo condenatorio en el caso del feminicidio de una jovencita de 14 a\u00f1os de edad, [&hellip;]\" \/>\n<meta property=\"og:url\" content=\"https:\/\/canal7slp.tv\/2019\/obtiene-fiscalia-fallo-condenatorio-para-medico-feminicida-de-menor-de-14-anos\/\" \/>\n<meta property=\"og:site_name\" content=\"Canal 7 SLP - 2019\" \/>\n<meta property=\"article:publisher\" content=\"https:\/\/www.facebook.com\/CANAL7SLP\/\" \/>\n<meta property=\"article:published_time\" content=\"2019-07-06T20:08:58+00:00\" \/>\n<meta property=\"og:image\" content=\"https:\/\/canal7slp.tv\/2019\/wp-content\/uploads\/2019\/07\/z1-14.jpg\" \/>\n\t<meta property=\"og:image:width\" content=\"720\" \/>\n\t<meta property=\"og:image:height\" content=\"897\" \/>\n\t<meta property=\"og:image:type\" content=\"image\/jpeg\" \/>\n<meta name=\"author\" content=\"edicionweb\" \/>\n<meta name=\"twitter:card\" content=\"summary_large_image\" \/>\n<meta name=\"twitter:creator\" content=\"@canal7_slp\" \/>\n<meta name=\"twitter:site\" content=\"@canal7_slp\" \/>\n<meta name=\"twitter:label1\" content=\"Escrito por\" \/>\n\t<meta name=\"twitter:data1\" content=\"edicionweb\" \/>\n\t<meta name=\"twitter:label2\" content=\"Tiempo de lectura\" \/>\n\t<meta name=\"twitter:data2\" content=\"2 minutos\" \/>\n<script type=\"application\/ld+json\" class=\"yoast-schema-graph\">{\"@context\":\"https:\\\/\\\/schema.org\",\"@graph\":[{\"@type\":\"Article\",\"@id\":\"https:\\\/\\\/canal7slp.tv\\\/2019\\\/obtiene-fiscalia-fallo-condenatorio-para-medico-feminicida-de-menor-de-14-anos\\\/#article\",\"isPartOf\":{\"@id\":\"https:\\\/\\\/canal7slp.tv\\\/2019\\\/obtiene-fiscalia-fallo-condenatorio-para-medico-feminicida-de-menor-de-14-anos\\\/\"},\"author\":{\"name\":\"edicionweb\",\"@id\":\"https:\\\/\\\/canal7slp.tv\\\/2019\\\/#\\\/schema\\\/person\\\/11d941c1c6ca30ac0a46b95fa37aa2e3\"},\"headline\":\"Obtiene Fiscal\u00eda fallo condenatorio para m\u00e9dico feminicida de menor de 14 a\u00f1os\",\"datePublished\":\"2019-07-06T20:08:58+00:00\",\"mainEntityOfPage\":{\"@id\":\"https:\\\/\\\/canal7slp.tv\\\/2019\\\/obtiene-fiscalia-fallo-condenatorio-para-medico-feminicida-de-menor-de-14-anos\\\/\"},\"wordCount\":447,\"commentCount\":0,\"publisher\":{\"@id\":\"https:\\\/\\\/canal7slp.tv\\\/2019\\\/#organization\"},\"image\":{\"@id\":\"https:\\\/\\\/canal7slp.tv\\\/2019\\\/obtiene-fiscalia-fallo-condenatorio-para-medico-feminicida-de-menor-de-14-anos\\\/#primaryimage\"},\"thumbnailUrl\":\"https:\\\/\\\/canal7slp.tv\\\/2019\\\/wp-content\\\/uploads\\\/2019\\\/07\\\/z1-14.jpg\",\"articleSection\":[\"REPORTE 7\"],\"inLanguage\":\"es\",\"potentialAction\":[{\"@type\":\"CommentAction\",\"name\":\"Comment\",\"target\":[\"https:\\\/\\\/canal7slp.tv\\\/2019\\\/obtiene-fiscalia-fallo-condenatorio-para-medico-feminicida-de-menor-de-14-anos\\\/#respond\"]}]},{\"@type\":\"WebPage\",\"@id\":\"https:\\\/\\\/canal7slp.tv\\\/2019\\\/obtiene-fiscalia-fallo-condenatorio-para-medico-feminicida-de-menor-de-14-anos\\\/\",\"url\":\"https:\\\/\\\/canal7slp.tv\\\/2019\\\/obtiene-fiscalia-fallo-condenatorio-para-medico-feminicida-de-menor-de-14-anos\\\/\",\"name\":\"Obtiene Fiscal\u00eda fallo condenatorio para m\u00e9dico feminicida de menor de 14 a\u00f1os - Canal 7 SLP - 2019\",\"isPartOf\":{\"@id\":\"https:\\\/\\\/canal7slp.tv\\\/2019\\\/#website\"},\"primaryImageOfPage\":{\"@id\":\"https:\\\/\\\/canal7slp.tv\\\/2019\\\/obtiene-fiscalia-fallo-condenatorio-para-medico-feminicida-de-menor-de-14-anos\\\/#primaryimage\"},\"image\":{\"@id\":\"https:\\\/\\\/canal7slp.tv\\\/2019\\\/obtiene-fiscalia-fallo-condenatorio-para-medico-feminicida-de-menor-de-14-anos\\\/#primaryimage\"},\"thumbnailUrl\":\"https:\\\/\\\/canal7slp.tv\\\/2019\\\/wp-content\\\/uploads\\\/2019\\\/07\\\/z1-14.jpg\",\"datePublished\":\"2019-07-06T20:08:58+00:00\",\"breadcrumb\":{\"@id\":\"https:\\\/\\\/canal7slp.tv\\\/2019\\\/obtiene-fiscalia-fallo-condenatorio-para-medico-feminicida-de-menor-de-14-anos\\\/#breadcrumb\"},\"inLanguage\":\"es\",\"potentialAction\":[{\"@type\":\"ReadAction\",\"target\":[\"https:\\\/\\\/canal7slp.tv\\\/2019\\\/obtiene-fiscalia-fallo-condenatorio-para-medico-feminicida-de-menor-de-14-anos\\\/\"]}]},{\"@type\":\"ImageObject\",\"inLanguage\":\"es\",\"@id\":\"https:\\\/\\\/canal7slp.tv\\\/2019\\\/obtiene-fiscalia-fallo-condenatorio-para-medico-feminicida-de-menor-de-14-anos\\\/#primaryimage\",\"url\":\"https:\\\/\\\/canal7slp.tv\\\/2019\\\/wp-content\\\/uploads\\\/2019\\\/07\\\/z1-14.jpg\",\"contentUrl\":\"https:\\\/\\\/canal7slp.tv\\\/2019\\\/wp-content\\\/uploads\\\/2019\\\/07\\\/z1-14.jpg\",\"width\":720,\"height\":897},{\"@type\":\"BreadcrumbList\",\"@id\":\"https:\\\/\\\/canal7slp.tv\\\/2019\\\/obtiene-fiscalia-fallo-condenatorio-para-medico-feminicida-de-menor-de-14-anos\\\/#breadcrumb\",\"itemListElement\":[{\"@type\":\"ListItem\",\"position\":1,\"name\":\"Home\",\"item\":\"https:\\\/\\\/canal7slp.tv\\\/2019\\\/\"},{\"@type\":\"ListItem\",\"position\":2,\"name\":\"Obtiene Fiscal\u00eda fallo condenatorio para m\u00e9dico feminicida de menor de 14 a\u00f1os\"}]},{\"@type\":\"WebSite\",\"@id\":\"https:\\\/\\\/canal7slp.tv\\\/2019\\\/#website\",\"url\":\"https:\\\/\\\/canal7slp.tv\\\/2019\\\/\",\"name\":\"Canal 7 SLP - Somos TV\",\"description\":\"Somos un Canal de 10\",\"publisher\":{\"@id\":\"https:\\\/\\\/canal7slp.tv\\\/2019\\\/#organization\"},\"potentialAction\":[{\"@type\":\"SearchAction\",\"target\":{\"@type\":\"EntryPoint\",\"urlTemplate\":\"https:\\\/\\\/canal7slp.tv\\\/2019\\\/?s={search_term_string}\"},\"query-input\":{\"@type\":\"PropertyValueSpecification\",\"valueRequired\":true,\"valueName\":\"search_term_string\"}}],\"inLanguage\":\"es\"},{\"@type\":\"Organization\",\"@id\":\"https:\\\/\\\/canal7slp.tv\\\/2019\\\/#organization\",\"name\":\"Comunicaci\u00f3n 2000 S.A. de C.V.\",\"url\":\"https:\\\/\\\/canal7slp.tv\\\/2019\\\/\",\"logo\":{\"@type\":\"ImageObject\",\"inLanguage\":\"es\",\"@id\":\"https:\\\/\\\/canal7slp.tv\\\/2019\\\/#\\\/schema\\\/logo\\\/image\\\/\",\"url\":\"https:\\\/\\\/canal7slp.tv\\\/2019\\\/wp-content\\\/uploads\\\/2019\\\/07\\\/logo-c7.png\",\"contentUrl\":\"https:\\\/\\\/canal7slp.tv\\\/2019\\\/wp-content\\\/uploads\\\/2019\\\/07\\\/logo-c7.png\",\"width\":220,\"height\":60,\"caption\":\"Comunicaci\u00f3n 2000 S.A. de C.V.\"},\"image\":{\"@id\":\"https:\\\/\\\/canal7slp.tv\\\/2019\\\/#\\\/schema\\\/logo\\\/image\\\/\"},\"sameAs\":[\"https:\\\/\\\/www.facebook.com\\\/CANAL7SLP\\\/\",\"https:\\\/\\\/x.com\\\/canal7_slp\",\"https:\\\/\\\/www.instagram.com\\\/canal7_slp\",\"https:\\\/\\\/www.youtube.com\\\/user\\\/NOTICIEROSCANAL7SLP\\\/\"]},{\"@type\":\"Person\",\"@id\":\"https:\\\/\\\/canal7slp.tv\\\/2019\\\/#\\\/schema\\\/person\\\/11d941c1c6ca30ac0a46b95fa37aa2e3\",\"name\":\"edicionweb\",\"image\":{\"@type\":\"ImageObject\",\"inLanguage\":\"es\",\"@id\":\"https:\\\/\\\/secure.gravatar.com\\\/avatar\\\/eee448fc3f7164808013b816ba91ac7e43bbe82a70bebac296f8bc6f0addaa1a?s=96&d=mm&r=g\",\"url\":\"https:\\\/\\\/secure.gravatar.com\\\/avatar\\\/eee448fc3f7164808013b816ba91ac7e43bbe82a70bebac296f8bc6f0addaa1a?s=96&d=mm&r=g\",\"contentUrl\":\"https:\\\/\\\/secure.gravatar.com\\\/avatar\\\/eee448fc3f7164808013b816ba91ac7e43bbe82a70bebac296f8bc6f0addaa1a?s=96&d=mm&r=g\",\"caption\":\"edicionweb\"}}]}<\/script>\n<!-- \/ Yoast SEO plugin. -->","yoast_head_json":{"title":"Obtiene Fiscal\u00eda fallo condenatorio para m\u00e9dico feminicida de menor de 14 a\u00f1os - Canal 7 SLP - 2019","robots":{"index":"index","follow":"follow","max-snippet":"max-snippet:-1","max-image-preview":"max-image-preview:large","max-video-preview":"max-video-preview:-1"},"canonical":"https:\/\/canal7slp.tv\/2019\/obtiene-fiscalia-fallo-condenatorio-para-medico-feminicida-de-menor-de-14-anos\/","og_locale":"es_ES","og_type":"article","og_title":"Obtiene Fiscal\u00eda fallo condenatorio para m\u00e9dico feminicida de menor de 14 a\u00f1os - Canal 7 SLP - 2019","og_description":"\u2022 La priv\u00f3 de la vida luego de acudiera a un consultorio de la colonia La Libertad SLP.- Despu\u00e9s de aportar diversas pruebas y de trabajos de investigaci\u00f3n, la Fiscal\u00eda General del Estado de San Luis Potos\u00ed (FGESLP) logr\u00f3 un fallo condenatorio en el caso del feminicidio de una jovencita de 14 a\u00f1os de edad, [&hellip;]","og_url":"https:\/\/canal7slp.tv\/2019\/obtiene-fiscalia-fallo-condenatorio-para-medico-feminicida-de-menor-de-14-anos\/","og_site_name":"Canal 7 SLP - 2019","article_publisher":"https:\/\/www.facebook.com\/CANAL7SLP\/","article_published_time":"2019-07-06T20:08:58+00:00","og_image":[{"width":720,"height":897,"url":"https:\/\/canal7slp.tv\/2019\/wp-content\/uploads\/2019\/07\/z1-14.jpg","type":"image\/jpeg"}],"author":"edicionweb","twitter_card":"summary_large_image","twitter_creator":"@canal7_slp","twitter_site":"@canal7_slp","twitter_misc":{"Escrito por":"edicionweb","Tiempo de lectura":"2 minutos"},"schema":{"@context":"https:\/\/schema.org","@graph":[{"@type":"Article","@id":"https:\/\/canal7slp.tv\/2019\/obtiene-fiscalia-fallo-condenatorio-para-medico-feminicida-de-menor-de-14-anos\/#article","isPartOf":{"@id":"https:\/\/canal7slp.tv\/2019\/obtiene-fiscalia-fallo-condenatorio-para-medico-feminicida-de-menor-de-14-anos\/"},"author":{"name":"edicionweb","@id":"https:\/\/canal7slp.tv\/2019\/#\/schema\/person\/11d941c1c6ca30ac0a46b95fa37aa2e3"},"headline":"Obtiene Fiscal\u00eda fallo condenatorio para m\u00e9dico feminicida de menor de 14 a\u00f1os","datePublished":"2019-07-06T20:08:58+00:00","mainEntityOfPage":{"@id":"https:\/\/canal7slp.tv\/2019\/obtiene-fiscalia-fallo-condenatorio-para-medico-feminicida-de-menor-de-14-anos\/"},"wordCount":447,"commentCount":0,"publisher":{"@id":"https:\/\/canal7slp.tv\/2019\/#organization"},"image":{"@id":"https:\/\/canal7slp.tv\/2019\/obtiene-fiscalia-fallo-condenatorio-para-medico-feminicida-de-menor-de-14-anos\/#primaryimage"},"thumbnailUrl":"https:\/\/canal7slp.tv\/2019\/wp-content\/uploads\/2019\/07\/z1-14.jpg","articleSection":["REPORTE 7"],"inLanguage":"es","potentialAction":[{"@type":"CommentAction","name":"Comment","target":["https:\/\/canal7slp.tv\/2019\/obtiene-fiscalia-fallo-condenatorio-para-medico-feminicida-de-menor-de-14-anos\/#respond"]}]},{"@type":"WebPage","@id":"https:\/\/canal7slp.tv\/2019\/obtiene-fiscalia-fallo-condenatorio-para-medico-feminicida-de-menor-de-14-anos\/","url":"https:\/\/canal7slp.tv\/2019\/obtiene-fiscalia-fallo-condenatorio-para-medico-feminicida-de-menor-de-14-anos\/","name":"Obtiene Fiscal\u00eda fallo condenatorio para m\u00e9dico feminicida de menor de 14 a\u00f1os - Canal 7 SLP - 2019","isPartOf":{"@id":"https:\/\/canal7slp.tv\/2019\/#website"},"primaryImageOfPage":{"@id":"https:\/\/canal7slp.tv\/2019\/obtiene-fiscalia-fallo-condenatorio-para-medico-feminicida-de-menor-de-14-anos\/#primaryimage"},"image":{"@id":"https:\/\/canal7slp.tv\/2019\/obtiene-fiscalia-fallo-condenatorio-para-medico-feminicida-de-menor-de-14-anos\/#primaryimage"},"thumbnailUrl":"https:\/\/canal7slp.tv\/2019\/wp-content\/uploads\/2019\/07\/z1-14.jpg","datePublished":"2019-07-06T20:08:58+00:00","breadcrumb":{"@id":"https:\/\/canal7slp.tv\/2019\/obtiene-fiscalia-fallo-condenatorio-para-medico-feminicida-de-menor-de-14-anos\/#breadcrumb"},"inLanguage":"es","potentialAction":[{"@type":"ReadAction","target":["https:\/\/canal7slp.tv\/2019\/obtiene-fiscalia-fallo-condenatorio-para-medico-feminicida-de-menor-de-14-anos\/"]}]},{"@type":"ImageObject","inLanguage":"es","@id":"https:\/\/canal7slp.tv\/2019\/obtiene-fiscalia-fallo-condenatorio-para-medico-feminicida-de-menor-de-14-anos\/#primaryimage","url":"https:\/\/canal7slp.tv\/2019\/wp-content\/uploads\/2019\/07\/z1-14.jpg","contentUrl":"https:\/\/canal7slp.tv\/2019\/wp-content\/uploads\/2019\/07\/z1-14.jpg","width":720,"height":897},{"@type":"BreadcrumbList","@id":"https:\/\/canal7slp.tv\/2019\/obtiene-fiscalia-fallo-condenatorio-para-medico-feminicida-de-menor-de-14-anos\/#breadcrumb","itemListElement":[{"@type":"ListItem","position":1,"name":"Home","item":"https:\/\/canal7slp.tv\/2019\/"},{"@type":"ListItem","position":2,"name":"Obtiene Fiscal\u00eda fallo condenatorio para m\u00e9dico feminicida de menor de 14 a\u00f1os"}]},{"@type":"WebSite","@id":"https:\/\/canal7slp.tv\/2019\/#website","url":"https:\/\/canal7slp.tv\/2019\/","name":"Canal 7 SLP - Somos TV","description":"Somos un Canal de 10","publisher":{"@id":"https:\/\/canal7slp.tv\/2019\/#organization"},"potentialAction":[{"@type":"SearchAction","target":{"@type":"EntryPoint","urlTemplate":"https:\/\/canal7slp.tv\/2019\/?s={search_term_string}"},"query-input":{"@type":"PropertyValueSpecification","valueRequired":true,"valueName":"search_term_string"}}],"inLanguage":"es"},{"@type":"Organization","@id":"https:\/\/canal7slp.tv\/2019\/#organization","name":"Comunicaci\u00f3n 2000 S.A. de C.V.","url":"https:\/\/canal7slp.tv\/2019\/","logo":{"@type":"ImageObject","inLanguage":"es","@id":"https:\/\/canal7slp.tv\/2019\/#\/schema\/logo\/image\/","url":"https:\/\/canal7slp.tv\/2019\/wp-content\/uploads\/2019\/07\/logo-c7.png","contentUrl":"https:\/\/canal7slp.tv\/2019\/wp-content\/uploads\/2019\/07\/logo-c7.png","width":220,"height":60,"caption":"Comunicaci\u00f3n 2000 S.A. de C.V."},"image":{"@id":"https:\/\/canal7slp.tv\/2019\/#\/schema\/logo\/image\/"},"sameAs":["https:\/\/www.facebook.com\/CANAL7SLP\/","https:\/\/x.com\/canal7_slp","https:\/\/www.instagram.com\/canal7_slp","https:\/\/www.youtube.com\/user\/NOTICIEROSCANAL7SLP\/"]},{"@type":"Person","@id":"https:\/\/canal7slp.tv\/2019\/#\/schema\/person\/11d941c1c6ca30ac0a46b95fa37aa2e3","name":"edicionweb","image":{"@type":"ImageObject","inLanguage":"es","@id":"https:\/\/secure.gravatar.com\/avatar\/eee448fc3f7164808013b816ba91ac7e43bbe82a70bebac296f8bc6f0addaa1a?s=96&d=mm&r=g","url":"https:\/\/secure.gravatar.com\/avatar\/eee448fc3f7164808013b816ba91ac7e43bbe82a70bebac296f8bc6f0addaa1a?s=96&d=mm&r=g","contentUrl":"https:\/\/secure.gravatar.com\/avatar\/eee448fc3f7164808013b816ba91ac7e43bbe82a70bebac296f8bc6f0addaa1a?s=96&d=mm&r=g","caption":"edicionweb"}}]}},"amp_enabled":true,"cmb2":{"video_ids_in_playlist":{"vid_p_videos":""},"video_ids_in_channel":{"vid_c_videos":""},"playlist_ids_in_channel":{"vid_c_playlists":""},"series_ids_in_channel":{"vid_c_series":""},"channel_images":{"vid_c_logo":"","vid_c_banner":""},"poster_feature_image":{"vid_m_poster_image":""},"gif_feature_image":{"vid_m_gif_image":""},"video_movie_settings":{"vid_m_director":"","vid_m_actor":"","vid_m_imdb_ratings":"","vid_m_amazon_associates":""},"vid_youtube_broadcasts_settings":{"vid_yb_broadcast_title":"","vid_yb_q":"","vid_yb_channelid":"","vid_yb_videocategoryid":"","vid_yb_maxresults":"","vid_yb_order":"","vid_yb_regioncode":"","vid_yb_videosyndicated":"","vid_yb_style":"","vid_yb_reload_first":""},"video_series_settings":{"vid_m_director":"","vid_m_actor":"","vid_m_imdb_ratings":"","video_series_group":""},"amazon_associates_settings":{"amazon_associates":"","amazon_native_ad":""},"vid_youtube_automatic_settings":{"vid_ya_youtube_source":"","vid_ya_update_every":"","vid_ya_update_unit":"","vid_ya_categories":"","vid_ya_published_after":"","vid_ya_published_before":"","vid_ya_playlists":"","vid_ya_channels":"","vid_ya_director":"","vid_ya_actor":"","vid_ya_author":"","vid_ya_import_post_date":"","vid_ya_status":"","vid_ya_sub_api_key":""},"vid_ads_m_videoads_settings_post":{"vid_ads_m_video_ads":"","vid_ads_m_video_ads_type":"","vid_ads_m_group_google_ima":"","vid_ads_m_group_image":"","vid_ads_m_group_html5_video":"","vid_ads_m_group_html":"","vid_ads_m_vast_preroll":"","vid_ads_m_vast_postroll":"","vid_ads_m_vast_pauseroll":"","vid_ads_m_vast_midroll":[{"vid_ads_m_vast_timer_seconds":"50"}],"vid_ads_m_time_to_show_ads":"","vid_ads_m_time_skip_ads":"","vid_ads_m_time_to_hide_ads":""},"page_slider_settings":{"display_slider_group":"","page_slider_group":""},"blog_page_settings":{"blog_page_title":"","blog_page_heading":"","blog_page_ic":"","blog_page_it":"","blog_page_ec":"","blog_page_ip":"","archive_loop_style":"","blog_image_ratio":"","blog_show_categories":"","blog_show_excerpt":"","blog_show_author":"","blog_show_date":"","blog_show_comment_count":"","blog_show_view_count":"","blog_show_like_count":"","blog_show_dislike_count":"","blog_items_per_page":"","blog_pag_type":""},"page_options":{"get_page_template":"","color_mode":"","main_layout":"","main_layout_full_with":"","main_logo":"","main_logo_retina":"","main_logo_mobile":"","main_logo_mobile_retina":"","sticky_logo":"","sticky_logo_retina":"","main_nav_layout":"","ajax_search":"","header_background":"","theme_sidebar":"","instagram_feed":"","instagram_feed_position":"","popular_videos":"","popular_videos_title_1":"","popular_videos_title_2":"","popular_videos_ic":"","popular_videos_it":"","theme_background":"","page_custom_css":""},"feature_image_settings":{"feature_image_position":""},"video_player_settings":{"single_video_style":"","video_player_position":"","vm_video_url":"","video_player_library":"","video_streaming":"","vm_media_sources":"","vid_auto_play":"","vm_video_shortcode":"","vid_p_sync_playlist":"","vid_c_sync_channel":"","get_post_format":"","multiple_links_structure":"default","multi_links_title":"","vm_video_multi_links":"","vm_duration":"","vid_social_locker":"off","vid_social_locker_id":"","vid_membership_action":"content-video","vm_video_trailer_url":"","vid_download_type":"free","vid_download_target":"download","vid_woo_product":"","vm_media_download":"","user_rating":"","user_rating_position":"","user_rating_mode":"","user_rating_multi_sets":""},"video_auto_fetch_settings":{"vm_video_fetch":"on"},"video_fake_views_likes":{"vm_fake_views":"","vm_fake_likes":"","vm_fake_dislikes":""},"gallery_settings":{"gallery_position":""},"quote_settings":{"quote_position":""},"post_options":{"main_layout":"","main_logo":"","main_logo_retina":"","main_logo_mobile":"","main_logo_mobile_retina":"","sticky_logo":"","sticky_logo_retina":"","main_nav_layout":"","header_background":"","theme_sidebar":"","single_post_comment_type":"","theme_background":""}},"_links":{"self":[{"href":"https:\/\/canal7slp.tv\/2019\/wp-json\/wp\/v2\/posts\/28172","targetHints":{"allow":["GET"]}}],"collection":[{"href":"https:\/\/canal7slp.tv\/2019\/wp-json\/wp\/v2\/posts"}],"about":[{"href":"https:\/\/canal7slp.tv\/2019\/wp-json\/wp\/v2\/types\/post"}],"author":[{"embeddable":true,"href":"https:\/\/canal7slp.tv\/2019\/wp-json\/wp\/v2\/users\/2"}],"replies":[{"embeddable":true,"href":"https:\/\/canal7slp.tv\/2019\/wp-json\/wp\/v2\/comments?post=28172"}],"version-history":[{"count":0,"href":"https:\/\/canal7slp.tv\/2019\/wp-json\/wp\/v2\/posts\/28172\/revisions"}],"wp:featuredmedia":[{"embeddable":true,"href":"https:\/\/canal7slp.tv\/2019\/wp-json\/wp\/v2\/media\/28176"}],"wp:attachment":[{"href":"https:\/\/canal7slp.tv\/2019\/wp-json\/wp\/v2\/media?parent=28172"}],"wp:term":[{"taxonomy":"category","embeddable":true,"href":"https:\/\/canal7slp.tv\/2019\/wp-json\/wp\/v2\/categories?post=28172"},{"taxonomy":"post_tag","embeddable":true,"href":"https:\/\/canal7slp.tv\/2019\/wp-json\/wp\/v2\/tags?post=28172"}],"curies":[{"name":"wp","href":"https:\/\/api.w.org\/{rel}","templated":true}]}}