{"id":28136,"date":"2019-07-06T13:31:16","date_gmt":"2019-07-06T18:31:16","guid":{"rendered":"https:\/\/canal7slp.tv\/2019\/?p=28136"},"modified":"2019-07-06T13:31:30","modified_gmt":"2019-07-06T18:31:30","slug":"holandes-mike-teunissen-toma-primera-victoria-en-tour-de-francia","status":"publish","type":"post","link":"https:\/\/canal7slp.tv\/2019\/holandes-mike-teunissen-toma-primera-victoria-en-tour-de-francia\/","title":{"rendered":"Holand\u00e9s Mike Teunissen toma primera victoria en Tour de Francia"},"content":{"rendered":"<p>Bruselas.- El holand\u00e9s Mike Teunissen, del equipo Jumbo-Visma, tom\u00f3 la primera etapa de la Tour de Francia 2019, luego de una ca\u00edda a 1.5 kil\u00f3metros de la meta, en la que se vieron involucrados varios competidores, entre ellos el holand\u00e9s Dylan Groenewegen, el m\u00e1s afectado.<\/p>\n<p>Teunissen sobrepaso los pron\u00f3sticos al entrar en primer sitio al final de los 194.5 kil\u00f3metros sobre la avenida del Parque Real de Bruselas y de esta manera rebasar al amplio favorito para la etapa, el eslovaco Peter Sagan (Bora-Hansgrohe).<\/p>\n<p>El holand\u00e9s aprovech\u00f3 las bajas de la ca\u00edda. Se present\u00f3 como los grandes y poco a poco se agigant\u00f3 cuando vio cerca la meta. Se lanz\u00f3 en un sprint seguido de varios de los rivales, que intentaron cortar su misi\u00f3n.<\/p>\n<p>Es el primer ciclista de los Pa\u00edses Bajos que toma el liderato de la m\u00e1xima competici\u00f3n. Esto desde aquel 1989, cuando Erik Breukink gan\u00f3 el pr\u00f3logo de la justa. Ahora 4:22.47 horas fueron suficientes para entrar de primero.<\/p>\n<p>En segundo, y ante el asombro, lo hizo Sagan y en tercero lleg\u00f3 el brit\u00e1nico Caleb Ewan.<\/p>\n<p>Fueron 176 corredores que tomaron la salida en Bruselas y desde el comienzo se registraron intentos con el campe\u00f3n ol\u00edmpico, el belga Greg Van Avermaet (CCC Team), Natnael Berhane (Cofidis) y Mads W\u00fcrtz Schmidt (Katusha-Alpecin), entre otros.<\/p>\n<p>Durante el trayecto, Teunissen se mantuvo a la expectativa, no s\u00f3lo vio como los l\u00edderes marcaron la pauta, sino que en su mente traz\u00f3 su haza\u00f1a para completar el recorrido, pero en su pel\u00edcula no estaba el percance en que se cortaron varios ciclistas.<\/p>\n<p>Algunos j\u00f3venes con esa hambre de triunfo trataron de jalar la serpentina. Como St\u00e9phane Rossetto (Cofidis), quien no midi\u00f3 el jal\u00f3n y en poco tiempo fue tragado. Es su debut en la Tour de Francia, en el que todos buscan el trofeo, pero con cautela.<\/p>\n<p>La versi\u00f3n 106 de la Grande Boucle ha tenido la primera sorpresa, no qued\u00f3 m\u00e1s aprovechar que a 1.5 kil\u00f3metros de meta se registr\u00f3 un el mayor percance, pero sin sobresaltos de cuidado, s\u00f3lo raspones y uno que otro enfado.<\/p>\n<p>Todos los 176 caballeros del asfalto cruzaron la meta. El franc\u00e9s Benoit Cosnefroy fue el \u00faltimo. Antes Groenewegen y Buchmann, quienes estuvieron implicados en la ca\u00edda.<\/p>\n<p>Para este domingo se realizar\u00e1 la segunda etapa, una contrarreloj de 27.6 kil\u00f3metros en la capital belga.<\/p>\n<p>Clasificaci\u00f3n de la primera etapa de la Tour de Francia 2019:<\/p>\n<table>\n<tbody>\n<tr>\n<td>Po.<\/td>\n<td>\u00a0 Ciclista<\/td>\n<td>\u00a0 (Pa\u00eds\/Equipo)<\/td>\n<td>\u00a0 Tiempo<\/td>\n<td><\/td>\n<\/tr>\n<tr>\n<td>1.<\/td>\n<td>\u00a0 Mike Teunissen<\/td>\n<td>\u00a0\u00a0 (HOL\/TJV)<\/td>\n<td>\u00a0 4h 22:47<\/td>\n<td><\/td>\n<\/tr>\n<tr>\n<td>2.<\/td>\n<td>\u00a0 Peter Sagan<\/td>\n<td>\u00a0\u00a0 (SVK\/BOH)<\/td>\n<td>\u00a0 + 00:04<\/td>\n<td><\/td>\n<\/tr>\n<tr>\n<td>3.<\/td>\n<td>\u00a0 Caleb Ewan<\/td>\n<td>\u00a0\u00a0 (AUS\/LTS)<\/td>\n<td>\u00a0 + 00:06<\/td>\n<td><\/td>\n<\/tr>\n<tr>\n<td>4.<\/td>\n<td>\u00a0 Giacomo Nizzolo<\/td>\n<td>\u00a0\u00a0 (ITA\/TDD)<\/td>\n<td>\u00a0 + 00:10<\/td>\n<td><\/td>\n<\/tr>\n<tr>\n<td>5.<\/td>\n<td>\u00a0 Sonny Colbrelli<\/td>\n<td>\u00a0\u00a0 (ITA\/TBM)<\/td>\n<td>\u00a0 + 00:10<\/td>\n<td><\/td>\n<\/tr>\n<\/tbody>\n<\/table>\n","protected":false},"excerpt":{"rendered":"<p>Bruselas.- El holand\u00e9s Mike Teunissen, del equipo Jumbo-Visma, tom\u00f3 la primera etapa de la Tour de Francia 2019, luego de una ca\u00edda a 1.5 kil\u00f3metros de la meta, en la que se vieron involucrados varios competidores, entre ellos el holand\u00e9s Dylan Groenewegen, el m\u00e1s afectado. Teunissen sobrepaso los pron\u00f3sticos al entrar en primer sitio al [&hellip;]<\/p>\n","protected":false},"author":2,"featured_media":28137,"comment_status":"open","ping_status":"closed","sticky":false,"template":"","format":"standard","meta":{"footnotes":""},"categories":[96],"tags":[],"class_list":["post-28136","post","type-post","status-publish","format-standard","has-post-thumbnail","hentry","category-deportes"],"yoast_head":"<!-- This site is optimized with the Yoast SEO plugin v27.5 - https:\/\/yoast.com\/product\/yoast-seo-wordpress\/ -->\n<title>Holand\u00e9s Mike Teunissen toma primera victoria en Tour de Francia - Canal 7 SLP - 2019<\/title>\n<meta name=\"robots\" content=\"index, follow, max-snippet:-1, max-image-preview:large, max-video-preview:-1\" \/>\n<link rel=\"canonical\" href=\"https:\/\/canal7slp.tv\/2019\/holandes-mike-teunissen-toma-primera-victoria-en-tour-de-francia\/\" \/>\n<meta property=\"og:locale\" content=\"es_ES\" \/>\n<meta property=\"og:type\" content=\"article\" \/>\n<meta property=\"og:title\" content=\"Holand\u00e9s Mike Teunissen toma primera victoria en Tour de Francia - Canal 7 SLP - 2019\" \/>\n<meta property=\"og:description\" content=\"Bruselas.- El holand\u00e9s Mike Teunissen, del equipo Jumbo-Visma, tom\u00f3 la primera etapa de la Tour de Francia 2019, luego de una ca\u00edda a 1.5 kil\u00f3metros de la meta, en la que se vieron involucrados varios competidores, entre ellos el holand\u00e9s Dylan Groenewegen, el m\u00e1s afectado. Teunissen sobrepaso los pron\u00f3sticos al entrar en primer sitio al [&hellip;]\" \/>\n<meta property=\"og:url\" content=\"https:\/\/canal7slp.tv\/2019\/holandes-mike-teunissen-toma-primera-victoria-en-tour-de-francia\/\" \/>\n<meta property=\"og:site_name\" content=\"Canal 7 SLP - 2019\" \/>\n<meta property=\"article:publisher\" content=\"https:\/\/www.facebook.com\/CANAL7SLP\/\" \/>\n<meta property=\"article:published_time\" content=\"2019-07-06T18:31:16+00:00\" \/>\n<meta property=\"article:modified_time\" content=\"2019-07-06T18:31:30+00:00\" \/>\n<meta property=\"og:image\" content=\"https:\/\/canal7slp.tv\/2019\/wp-content\/uploads\/2019\/07\/1330.jpg\" \/>\n\t<meta property=\"og:image:width\" content=\"683\" \/>\n\t<meta property=\"og:image:height\" content=\"410\" \/>\n\t<meta property=\"og:image:type\" content=\"image\/jpeg\" \/>\n<meta name=\"author\" content=\"edicionweb\" \/>\n<meta name=\"twitter:card\" content=\"summary_large_image\" \/>\n<meta name=\"twitter:creator\" content=\"@canal7_slp\" \/>\n<meta name=\"twitter:site\" content=\"@canal7_slp\" \/>\n<meta name=\"twitter:label1\" content=\"Escrito por\" \/>\n\t<meta name=\"twitter:data1\" content=\"edicionweb\" \/>\n\t<meta name=\"twitter:label2\" content=\"Tiempo de lectura\" \/>\n\t<meta name=\"twitter:data2\" content=\"2 minutos\" \/>\n<script type=\"application\/ld+json\" class=\"yoast-schema-graph\">{\"@context\":\"https:\\\/\\\/schema.org\",\"@graph\":[{\"@type\":\"Article\",\"@id\":\"https:\\\/\\\/canal7slp.tv\\\/2019\\\/holandes-mike-teunissen-toma-primera-victoria-en-tour-de-francia\\\/#article\",\"isPartOf\":{\"@id\":\"https:\\\/\\\/canal7slp.tv\\\/2019\\\/holandes-mike-teunissen-toma-primera-victoria-en-tour-de-francia\\\/\"},\"author\":{\"name\":\"edicionweb\",\"@id\":\"https:\\\/\\\/canal7slp.tv\\\/2019\\\/#\\\/schema\\\/person\\\/11d941c1c6ca30ac0a46b95fa37aa2e3\"},\"headline\":\"Holand\u00e9s Mike Teunissen toma primera victoria en Tour de Francia\",\"datePublished\":\"2019-07-06T18:31:16+00:00\",\"dateModified\":\"2019-07-06T18:31:30+00:00\",\"mainEntityOfPage\":{\"@id\":\"https:\\\/\\\/canal7slp.tv\\\/2019\\\/holandes-mike-teunissen-toma-primera-victoria-en-tour-de-francia\\\/\"},\"wordCount\":460,\"commentCount\":0,\"publisher\":{\"@id\":\"https:\\\/\\\/canal7slp.tv\\\/2019\\\/#organization\"},\"image\":{\"@id\":\"https:\\\/\\\/canal7slp.tv\\\/2019\\\/holandes-mike-teunissen-toma-primera-victoria-en-tour-de-francia\\\/#primaryimage\"},\"thumbnailUrl\":\"https:\\\/\\\/canal7slp.tv\\\/2019\\\/wp-content\\\/uploads\\\/2019\\\/07\\\/1330.jpg\",\"articleSection\":[\"DEPORTES\"],\"inLanguage\":\"es\",\"potentialAction\":[{\"@type\":\"CommentAction\",\"name\":\"Comment\",\"target\":[\"https:\\\/\\\/canal7slp.tv\\\/2019\\\/holandes-mike-teunissen-toma-primera-victoria-en-tour-de-francia\\\/#respond\"]}]},{\"@type\":\"WebPage\",\"@id\":\"https:\\\/\\\/canal7slp.tv\\\/2019\\\/holandes-mike-teunissen-toma-primera-victoria-en-tour-de-francia\\\/\",\"url\":\"https:\\\/\\\/canal7slp.tv\\\/2019\\\/holandes-mike-teunissen-toma-primera-victoria-en-tour-de-francia\\\/\",\"name\":\"Holand\u00e9s Mike Teunissen toma primera victoria en Tour de Francia - Canal 7 SLP - 2019\",\"isPartOf\":{\"@id\":\"https:\\\/\\\/canal7slp.tv\\\/2019\\\/#website\"},\"primaryImageOfPage\":{\"@id\":\"https:\\\/\\\/canal7slp.tv\\\/2019\\\/holandes-mike-teunissen-toma-primera-victoria-en-tour-de-francia\\\/#primaryimage\"},\"image\":{\"@id\":\"https:\\\/\\\/canal7slp.tv\\\/2019\\\/holandes-mike-teunissen-toma-primera-victoria-en-tour-de-francia\\\/#primaryimage\"},\"thumbnailUrl\":\"https:\\\/\\\/canal7slp.tv\\\/2019\\\/wp-content\\\/uploads\\\/2019\\\/07\\\/1330.jpg\",\"datePublished\":\"2019-07-06T18:31:16+00:00\",\"dateModified\":\"2019-07-06T18:31:30+00:00\",\"breadcrumb\":{\"@id\":\"https:\\\/\\\/canal7slp.tv\\\/2019\\\/holandes-mike-teunissen-toma-primera-victoria-en-tour-de-francia\\\/#breadcrumb\"},\"inLanguage\":\"es\",\"potentialAction\":[{\"@type\":\"ReadAction\",\"target\":[\"https:\\\/\\\/canal7slp.tv\\\/2019\\\/holandes-mike-teunissen-toma-primera-victoria-en-tour-de-francia\\\/\"]}]},{\"@type\":\"ImageObject\",\"inLanguage\":\"es\",\"@id\":\"https:\\\/\\\/canal7slp.tv\\\/2019\\\/holandes-mike-teunissen-toma-primera-victoria-en-tour-de-francia\\\/#primaryimage\",\"url\":\"https:\\\/\\\/canal7slp.tv\\\/2019\\\/wp-content\\\/uploads\\\/2019\\\/07\\\/1330.jpg\",\"contentUrl\":\"https:\\\/\\\/canal7slp.tv\\\/2019\\\/wp-content\\\/uploads\\\/2019\\\/07\\\/1330.jpg\",\"width\":683,\"height\":410},{\"@type\":\"BreadcrumbList\",\"@id\":\"https:\\\/\\\/canal7slp.tv\\\/2019\\\/holandes-mike-teunissen-toma-primera-victoria-en-tour-de-francia\\\/#breadcrumb\",\"itemListElement\":[{\"@type\":\"ListItem\",\"position\":1,\"name\":\"Home\",\"item\":\"https:\\\/\\\/canal7slp.tv\\\/2019\\\/\"},{\"@type\":\"ListItem\",\"position\":2,\"name\":\"Holand\u00e9s Mike Teunissen toma primera victoria en Tour de Francia\"}]},{\"@type\":\"WebSite\",\"@id\":\"https:\\\/\\\/canal7slp.tv\\\/2019\\\/#website\",\"url\":\"https:\\\/\\\/canal7slp.tv\\\/2019\\\/\",\"name\":\"Canal 7 SLP - Somos TV\",\"description\":\"Somos un Canal de 10\",\"publisher\":{\"@id\":\"https:\\\/\\\/canal7slp.tv\\\/2019\\\/#organization\"},\"potentialAction\":[{\"@type\":\"SearchAction\",\"target\":{\"@type\":\"EntryPoint\",\"urlTemplate\":\"https:\\\/\\\/canal7slp.tv\\\/2019\\\/?s={search_term_string}\"},\"query-input\":{\"@type\":\"PropertyValueSpecification\",\"valueRequired\":true,\"valueName\":\"search_term_string\"}}],\"inLanguage\":\"es\"},{\"@type\":\"Organization\",\"@id\":\"https:\\\/\\\/canal7slp.tv\\\/2019\\\/#organization\",\"name\":\"Comunicaci\u00f3n 2000 S.A. de C.V.\",\"url\":\"https:\\\/\\\/canal7slp.tv\\\/2019\\\/\",\"logo\":{\"@type\":\"ImageObject\",\"inLanguage\":\"es\",\"@id\":\"https:\\\/\\\/canal7slp.tv\\\/2019\\\/#\\\/schema\\\/logo\\\/image\\\/\",\"url\":\"https:\\\/\\\/canal7slp.tv\\\/2019\\\/wp-content\\\/uploads\\\/2019\\\/07\\\/logo-c7.png\",\"contentUrl\":\"https:\\\/\\\/canal7slp.tv\\\/2019\\\/wp-content\\\/uploads\\\/2019\\\/07\\\/logo-c7.png\",\"width\":220,\"height\":60,\"caption\":\"Comunicaci\u00f3n 2000 S.A. de C.V.\"},\"image\":{\"@id\":\"https:\\\/\\\/canal7slp.tv\\\/2019\\\/#\\\/schema\\\/logo\\\/image\\\/\"},\"sameAs\":[\"https:\\\/\\\/www.facebook.com\\\/CANAL7SLP\\\/\",\"https:\\\/\\\/x.com\\\/canal7_slp\",\"https:\\\/\\\/www.instagram.com\\\/canal7_slp\",\"https:\\\/\\\/www.youtube.com\\\/user\\\/NOTICIEROSCANAL7SLP\\\/\"]},{\"@type\":\"Person\",\"@id\":\"https:\\\/\\\/canal7slp.tv\\\/2019\\\/#\\\/schema\\\/person\\\/11d941c1c6ca30ac0a46b95fa37aa2e3\",\"name\":\"edicionweb\",\"image\":{\"@type\":\"ImageObject\",\"inLanguage\":\"es\",\"@id\":\"https:\\\/\\\/secure.gravatar.com\\\/avatar\\\/eee448fc3f7164808013b816ba91ac7e43bbe82a70bebac296f8bc6f0addaa1a?s=96&d=mm&r=g\",\"url\":\"https:\\\/\\\/secure.gravatar.com\\\/avatar\\\/eee448fc3f7164808013b816ba91ac7e43bbe82a70bebac296f8bc6f0addaa1a?s=96&d=mm&r=g\",\"contentUrl\":\"https:\\\/\\\/secure.gravatar.com\\\/avatar\\\/eee448fc3f7164808013b816ba91ac7e43bbe82a70bebac296f8bc6f0addaa1a?s=96&d=mm&r=g\",\"caption\":\"edicionweb\"}}]}<\/script>\n<!-- \/ Yoast SEO plugin. -->","yoast_head_json":{"title":"Holand\u00e9s Mike Teunissen toma primera victoria en Tour de Francia - Canal 7 SLP - 2019","robots":{"index":"index","follow":"follow","max-snippet":"max-snippet:-1","max-image-preview":"max-image-preview:large","max-video-preview":"max-video-preview:-1"},"canonical":"https:\/\/canal7slp.tv\/2019\/holandes-mike-teunissen-toma-primera-victoria-en-tour-de-francia\/","og_locale":"es_ES","og_type":"article","og_title":"Holand\u00e9s Mike Teunissen toma primera victoria en Tour de Francia - Canal 7 SLP - 2019","og_description":"Bruselas.- El holand\u00e9s Mike Teunissen, del equipo Jumbo-Visma, tom\u00f3 la primera etapa de la Tour de Francia 2019, luego de una ca\u00edda a 1.5 kil\u00f3metros de la meta, en la que se vieron involucrados varios competidores, entre ellos el holand\u00e9s Dylan Groenewegen, el m\u00e1s afectado. Teunissen sobrepaso los pron\u00f3sticos al entrar en primer sitio al [&hellip;]","og_url":"https:\/\/canal7slp.tv\/2019\/holandes-mike-teunissen-toma-primera-victoria-en-tour-de-francia\/","og_site_name":"Canal 7 SLP - 2019","article_publisher":"https:\/\/www.facebook.com\/CANAL7SLP\/","article_published_time":"2019-07-06T18:31:16+00:00","article_modified_time":"2019-07-06T18:31:30+00:00","og_image":[{"width":683,"height":410,"url":"https:\/\/canal7slp.tv\/2019\/wp-content\/uploads\/2019\/07\/1330.jpg","type":"image\/jpeg"}],"author":"edicionweb","twitter_card":"summary_large_image","twitter_creator":"@canal7_slp","twitter_site":"@canal7_slp","twitter_misc":{"Escrito por":"edicionweb","Tiempo de lectura":"2 minutos"},"schema":{"@context":"https:\/\/schema.org","@graph":[{"@type":"Article","@id":"https:\/\/canal7slp.tv\/2019\/holandes-mike-teunissen-toma-primera-victoria-en-tour-de-francia\/#article","isPartOf":{"@id":"https:\/\/canal7slp.tv\/2019\/holandes-mike-teunissen-toma-primera-victoria-en-tour-de-francia\/"},"author":{"name":"edicionweb","@id":"https:\/\/canal7slp.tv\/2019\/#\/schema\/person\/11d941c1c6ca30ac0a46b95fa37aa2e3"},"headline":"Holand\u00e9s Mike Teunissen toma primera victoria en Tour de Francia","datePublished":"2019-07-06T18:31:16+00:00","dateModified":"2019-07-06T18:31:30+00:00","mainEntityOfPage":{"@id":"https:\/\/canal7slp.tv\/2019\/holandes-mike-teunissen-toma-primera-victoria-en-tour-de-francia\/"},"wordCount":460,"commentCount":0,"publisher":{"@id":"https:\/\/canal7slp.tv\/2019\/#organization"},"image":{"@id":"https:\/\/canal7slp.tv\/2019\/holandes-mike-teunissen-toma-primera-victoria-en-tour-de-francia\/#primaryimage"},"thumbnailUrl":"https:\/\/canal7slp.tv\/2019\/wp-content\/uploads\/2019\/07\/1330.jpg","articleSection":["DEPORTES"],"inLanguage":"es","potentialAction":[{"@type":"CommentAction","name":"Comment","target":["https:\/\/canal7slp.tv\/2019\/holandes-mike-teunissen-toma-primera-victoria-en-tour-de-francia\/#respond"]}]},{"@type":"WebPage","@id":"https:\/\/canal7slp.tv\/2019\/holandes-mike-teunissen-toma-primera-victoria-en-tour-de-francia\/","url":"https:\/\/canal7slp.tv\/2019\/holandes-mike-teunissen-toma-primera-victoria-en-tour-de-francia\/","name":"Holand\u00e9s Mike Teunissen toma primera victoria en Tour de Francia - Canal 7 SLP - 2019","isPartOf":{"@id":"https:\/\/canal7slp.tv\/2019\/#website"},"primaryImageOfPage":{"@id":"https:\/\/canal7slp.tv\/2019\/holandes-mike-teunissen-toma-primera-victoria-en-tour-de-francia\/#primaryimage"},"image":{"@id":"https:\/\/canal7slp.tv\/2019\/holandes-mike-teunissen-toma-primera-victoria-en-tour-de-francia\/#primaryimage"},"thumbnailUrl":"https:\/\/canal7slp.tv\/2019\/wp-content\/uploads\/2019\/07\/1330.jpg","datePublished":"2019-07-06T18:31:16+00:00","dateModified":"2019-07-06T18:31:30+00:00","breadcrumb":{"@id":"https:\/\/canal7slp.tv\/2019\/holandes-mike-teunissen-toma-primera-victoria-en-tour-de-francia\/#breadcrumb"},"inLanguage":"es","potentialAction":[{"@type":"ReadAction","target":["https:\/\/canal7slp.tv\/2019\/holandes-mike-teunissen-toma-primera-victoria-en-tour-de-francia\/"]}]},{"@type":"ImageObject","inLanguage":"es","@id":"https:\/\/canal7slp.tv\/2019\/holandes-mike-teunissen-toma-primera-victoria-en-tour-de-francia\/#primaryimage","url":"https:\/\/canal7slp.tv\/2019\/wp-content\/uploads\/2019\/07\/1330.jpg","contentUrl":"https:\/\/canal7slp.tv\/2019\/wp-content\/uploads\/2019\/07\/1330.jpg","width":683,"height":410},{"@type":"BreadcrumbList","@id":"https:\/\/canal7slp.tv\/2019\/holandes-mike-teunissen-toma-primera-victoria-en-tour-de-francia\/#breadcrumb","itemListElement":[{"@type":"ListItem","position":1,"name":"Home","item":"https:\/\/canal7slp.tv\/2019\/"},{"@type":"ListItem","position":2,"name":"Holand\u00e9s Mike Teunissen toma primera victoria en Tour de Francia"}]},{"@type":"WebSite","@id":"https:\/\/canal7slp.tv\/2019\/#website","url":"https:\/\/canal7slp.tv\/2019\/","name":"Canal 7 SLP - Somos TV","description":"Somos un Canal de 10","publisher":{"@id":"https:\/\/canal7slp.tv\/2019\/#organization"},"potentialAction":[{"@type":"SearchAction","target":{"@type":"EntryPoint","urlTemplate":"https:\/\/canal7slp.tv\/2019\/?s={search_term_string}"},"query-input":{"@type":"PropertyValueSpecification","valueRequired":true,"valueName":"search_term_string"}}],"inLanguage":"es"},{"@type":"Organization","@id":"https:\/\/canal7slp.tv\/2019\/#organization","name":"Comunicaci\u00f3n 2000 S.A. de C.V.","url":"https:\/\/canal7slp.tv\/2019\/","logo":{"@type":"ImageObject","inLanguage":"es","@id":"https:\/\/canal7slp.tv\/2019\/#\/schema\/logo\/image\/","url":"https:\/\/canal7slp.tv\/2019\/wp-content\/uploads\/2019\/07\/logo-c7.png","contentUrl":"https:\/\/canal7slp.tv\/2019\/wp-content\/uploads\/2019\/07\/logo-c7.png","width":220,"height":60,"caption":"Comunicaci\u00f3n 2000 S.A. de C.V."},"image":{"@id":"https:\/\/canal7slp.tv\/2019\/#\/schema\/logo\/image\/"},"sameAs":["https:\/\/www.facebook.com\/CANAL7SLP\/","https:\/\/x.com\/canal7_slp","https:\/\/www.instagram.com\/canal7_slp","https:\/\/www.youtube.com\/user\/NOTICIEROSCANAL7SLP\/"]},{"@type":"Person","@id":"https:\/\/canal7slp.tv\/2019\/#\/schema\/person\/11d941c1c6ca30ac0a46b95fa37aa2e3","name":"edicionweb","image":{"@type":"ImageObject","inLanguage":"es","@id":"https:\/\/secure.gravatar.com\/avatar\/eee448fc3f7164808013b816ba91ac7e43bbe82a70bebac296f8bc6f0addaa1a?s=96&d=mm&r=g","url":"https:\/\/secure.gravatar.com\/avatar\/eee448fc3f7164808013b816ba91ac7e43bbe82a70bebac296f8bc6f0addaa1a?s=96&d=mm&r=g","contentUrl":"https:\/\/secure.gravatar.com\/avatar\/eee448fc3f7164808013b816ba91ac7e43bbe82a70bebac296f8bc6f0addaa1a?s=96&d=mm&r=g","caption":"edicionweb"}}]}},"amp_enabled":true,"cmb2":{"video_ids_in_playlist":{"vid_p_videos":""},"video_ids_in_channel":{"vid_c_videos":""},"playlist_ids_in_channel":{"vid_c_playlists":""},"series_ids_in_channel":{"vid_c_series":""},"channel_images":{"vid_c_logo":"","vid_c_banner":""},"poster_feature_image":{"vid_m_poster_image":""},"gif_feature_image":{"vid_m_gif_image":""},"video_movie_settings":{"vid_m_director":"","vid_m_actor":"","vid_m_imdb_ratings":"","vid_m_amazon_associates":""},"vid_youtube_broadcasts_settings":{"vid_yb_broadcast_title":"","vid_yb_q":"","vid_yb_channelid":"","vid_yb_videocategoryid":"","vid_yb_maxresults":"","vid_yb_order":"","vid_yb_regioncode":"","vid_yb_videosyndicated":"","vid_yb_style":"","vid_yb_reload_first":""},"video_series_settings":{"vid_m_director":"","vid_m_actor":"","vid_m_imdb_ratings":"","video_series_group":""},"amazon_associates_settings":{"amazon_associates":"","amazon_native_ad":""},"vid_youtube_automatic_settings":{"vid_ya_youtube_source":"","vid_ya_update_every":"","vid_ya_update_unit":"","vid_ya_categories":"","vid_ya_published_after":"","vid_ya_published_before":"","vid_ya_playlists":"","vid_ya_channels":"","vid_ya_director":"","vid_ya_actor":"","vid_ya_author":"","vid_ya_import_post_date":"","vid_ya_status":"","vid_ya_sub_api_key":""},"vid_ads_m_videoads_settings_post":{"vid_ads_m_video_ads":"","vid_ads_m_video_ads_type":"","vid_ads_m_group_google_ima":"","vid_ads_m_group_image":"","vid_ads_m_group_html5_video":"","vid_ads_m_group_html":"","vid_ads_m_vast_preroll":"","vid_ads_m_vast_postroll":"","vid_ads_m_vast_pauseroll":"","vid_ads_m_vast_midroll":[{"vid_ads_m_vast_timer_seconds":"50"}],"vid_ads_m_time_to_show_ads":"","vid_ads_m_time_skip_ads":"","vid_ads_m_time_to_hide_ads":""},"page_slider_settings":{"display_slider_group":"","page_slider_group":""},"blog_page_settings":{"blog_page_title":"","blog_page_heading":"","blog_page_ic":"","blog_page_it":"","blog_page_ec":"","blog_page_ip":"","archive_loop_style":"","blog_image_ratio":"","blog_show_categories":"","blog_show_excerpt":"","blog_show_author":"","blog_show_date":"","blog_show_comment_count":"","blog_show_view_count":"","blog_show_like_count":"","blog_show_dislike_count":"","blog_items_per_page":"","blog_pag_type":""},"page_options":{"get_page_template":"","color_mode":"","main_layout":"","main_layout_full_with":"","main_logo":"","main_logo_retina":"","main_logo_mobile":"","main_logo_mobile_retina":"","sticky_logo":"","sticky_logo_retina":"","main_nav_layout":"","ajax_search":"","header_background":"","theme_sidebar":"","instagram_feed":"","instagram_feed_position":"","popular_videos":"","popular_videos_title_1":"","popular_videos_title_2":"","popular_videos_ic":"","popular_videos_it":"","theme_background":"","page_custom_css":""},"feature_image_settings":{"feature_image_position":""},"video_player_settings":{"single_video_style":"","video_player_position":"","vm_video_url":"","video_player_library":"","video_streaming":"","vm_media_sources":"","vid_auto_play":"","vm_video_shortcode":"","vid_p_sync_playlist":"","vid_c_sync_channel":"","get_post_format":"","multiple_links_structure":"default","multi_links_title":"","vm_video_multi_links":"","vm_duration":"","vid_social_locker":"off","vid_social_locker_id":"","vid_membership_action":"content-video","vm_video_trailer_url":"","vid_download_type":"free","vid_download_target":"download","vid_woo_product":"","vm_media_download":"","user_rating":"","user_rating_position":"","user_rating_mode":"","user_rating_multi_sets":""},"video_auto_fetch_settings":{"vm_video_fetch":"on"},"video_fake_views_likes":{"vm_fake_views":"","vm_fake_likes":"","vm_fake_dislikes":""},"gallery_settings":{"gallery_position":""},"quote_settings":{"quote_position":""},"post_options":{"main_layout":"","main_logo":"","main_logo_retina":"","main_logo_mobile":"","main_logo_mobile_retina":"","sticky_logo":"","sticky_logo_retina":"","main_nav_layout":"","header_background":"","theme_sidebar":"","single_post_comment_type":"","theme_background":""}},"_links":{"self":[{"href":"https:\/\/canal7slp.tv\/2019\/wp-json\/wp\/v2\/posts\/28136","targetHints":{"allow":["GET"]}}],"collection":[{"href":"https:\/\/canal7slp.tv\/2019\/wp-json\/wp\/v2\/posts"}],"about":[{"href":"https:\/\/canal7slp.tv\/2019\/wp-json\/wp\/v2\/types\/post"}],"author":[{"embeddable":true,"href":"https:\/\/canal7slp.tv\/2019\/wp-json\/wp\/v2\/users\/2"}],"replies":[{"embeddable":true,"href":"https:\/\/canal7slp.tv\/2019\/wp-json\/wp\/v2\/comments?post=28136"}],"version-history":[{"count":0,"href":"https:\/\/canal7slp.tv\/2019\/wp-json\/wp\/v2\/posts\/28136\/revisions"}],"wp:featuredmedia":[{"embeddable":true,"href":"https:\/\/canal7slp.tv\/2019\/wp-json\/wp\/v2\/media\/28137"}],"wp:attachment":[{"href":"https:\/\/canal7slp.tv\/2019\/wp-json\/wp\/v2\/media?parent=28136"}],"wp:term":[{"taxonomy":"category","embeddable":true,"href":"https:\/\/canal7slp.tv\/2019\/wp-json\/wp\/v2\/categories?post=28136"},{"taxonomy":"post_tag","embeddable":true,"href":"https:\/\/canal7slp.tv\/2019\/wp-json\/wp\/v2\/tags?post=28136"}],"curies":[{"name":"wp","href":"https:\/\/api.w.org\/{rel}","templated":true}]}}