{"id":28105,"date":"2019-07-06T11:40:18","date_gmt":"2019-07-06T16:40:18","guid":{"rendered":"https:\/\/canal7slp.tv\/2019\/?p=28105"},"modified":"2019-07-06T11:40:18","modified_gmt":"2019-07-06T16:40:18","slug":"consejo-de-seguridad-condena-ataque-en-tripoli-y-pide-un-alto-el-fuego","status":"publish","type":"post","link":"https:\/\/canal7slp.tv\/2019\/consejo-de-seguridad-condena-ataque-en-tripoli-y-pide-un-alto-el-fuego\/","title":{"rendered":"Consejo de Seguridad condena ataque en Tr\u00edpoli y pide un alto el fuego"},"content":{"rendered":"<p style=\"text-align: justify;\">Naciones Unidas.- El Consejo de Seguridad de las Naciones Unidas conden\u00f3 el ataque a\u00e9reo contra un centro de detenci\u00f3n de migrantes en Tr\u00edpoli, la capital de Libia, que dej\u00f3 un saldo de m\u00e1s de 50 muertos, y demand\u00f3 un alto el fuego urgente.<\/p>\n<p style=\"text-align: justify;\">&#8220;Los miembros del Consejo de Seguridad condenan el ataque del 2 de julio contra el centro de detenci\u00f3n de migrantes, que provoc\u00f3 la muerte de 56 personas y m\u00e1s de 130 heridos&#8221;,\u00a0afirma un comunicado difundido por la misi\u00f3n de Francia.<\/p>\n<p style=\"text-align: justify;\">&#8220;Los miembros del Consejo de Seguridad destacan la necesidad de que todas las partes reduzcan urgentemente la escalada de la situaci\u00f3n y se comprometan a un cese al fuego&#8221;, afirma el texto que resalta que la paz y la estabilidad deben basarse en una &#8220;soluci\u00f3n pol\u00edtica&#8221;, cit\u00f3 Deutsche Welle.<\/p>\n<p style=\"text-align: justify;\">Asimismo, los miembros se mostraron &#8220;profundamente preocupados por el empeoramiento de la situaci\u00f3n humanitaria&#8221;, especialmente en los centros de detenci\u00f3n bajo responsabilidad del Gobierno libio, y pidieron acceso para las agencias de ayuda.<\/p>\n<p style=\"text-align: justify;\">Dos bandos luchan por el control de Libia: uno encabezado por el presidente y primer ministro Fayez al Serraj que controla Tr\u00edpoli y algunas zonas del oeste, y otro por el mariscal Jalifa Haftar, que domina el resto del pa\u00eds y casi todos los recursos petroleros.<\/p>\n<p style=\"text-align: justify;\">El 4 de abril, las tropas del mariscal opositor lanzaron una ofensiva para apoderarse de Tr\u00edpoli, donde tiene sede el Gobierno de Uni\u00f3n Nacional (GNA) de Fayez al-Sarraj, reconocido por la ONU.<\/p>\n<p style=\"text-align: justify;\">Los combates en el terreno y los ataques a\u00e9reos en Tr\u00edpoli obligaron, seg\u00fan la ONU, a m\u00e1s de 100.000 personas a huir, en un pa\u00eds afectado desde el 2011 por luchas de poder y en manos de milicias que hacen reinar su ley.<\/p>\n<p style=\"text-align: justify;\">Seg\u00fan la Organizaci\u00f3n Mundial de la Salud (OMS), cerca de mil personas murieron y al menos cinco mil resultaron heridas por actos de violencia cerca de Tr\u00edpoli. La OMS no precis\u00f3 el n\u00famero exacto de v\u00edctimas civiles y militares.<\/p>\n","protected":false},"excerpt":{"rendered":"<p>Naciones Unidas.- El Consejo de Seguridad de las Naciones Unidas conden\u00f3 el ataque a\u00e9reo contra un centro de detenci\u00f3n de migrantes en Tr\u00edpoli, la capital de Libia, que dej\u00f3 un saldo de m\u00e1s de 50 muertos, y demand\u00f3 un alto el fuego urgente. &#8220;Los miembros del Consejo de Seguridad condenan el ataque del 2 de [&hellip;]<\/p>\n","protected":false},"author":2,"featured_media":28106,"comment_status":"open","ping_status":"closed","sticky":false,"template":"","format":"standard","meta":{"footnotes":""},"categories":[18],"tags":[],"class_list":["post-28105","post","type-post","status-publish","format-standard","has-post-thumbnail","hentry","category-internacional"],"yoast_head":"<!-- This site is optimized with the Yoast SEO plugin v27.5 - https:\/\/yoast.com\/product\/yoast-seo-wordpress\/ -->\n<title>Consejo de Seguridad condena ataque en Tr\u00edpoli y pide un alto el fuego - Canal 7 SLP - 2019<\/title>\n<meta name=\"robots\" content=\"index, follow, max-snippet:-1, max-image-preview:large, max-video-preview:-1\" \/>\n<link rel=\"canonical\" href=\"https:\/\/canal7slp.tv\/2019\/consejo-de-seguridad-condena-ataque-en-tripoli-y-pide-un-alto-el-fuego\/\" \/>\n<meta property=\"og:locale\" content=\"es_ES\" \/>\n<meta property=\"og:type\" content=\"article\" \/>\n<meta property=\"og:title\" content=\"Consejo de Seguridad condena ataque en Tr\u00edpoli y pide un alto el fuego - Canal 7 SLP - 2019\" \/>\n<meta property=\"og:description\" content=\"Naciones Unidas.- El Consejo de Seguridad de las Naciones Unidas conden\u00f3 el ataque a\u00e9reo contra un centro de detenci\u00f3n de migrantes en Tr\u00edpoli, la capital de Libia, que dej\u00f3 un saldo de m\u00e1s de 50 muertos, y demand\u00f3 un alto el fuego urgente. &#8220;Los miembros del Consejo de Seguridad condenan el ataque del 2 de [&hellip;]\" \/>\n<meta property=\"og:url\" content=\"https:\/\/canal7slp.tv\/2019\/consejo-de-seguridad-condena-ataque-en-tripoli-y-pide-un-alto-el-fuego\/\" \/>\n<meta property=\"og:site_name\" content=\"Canal 7 SLP - 2019\" \/>\n<meta property=\"article:publisher\" content=\"https:\/\/www.facebook.com\/CANAL7SLP\/\" \/>\n<meta property=\"article:published_time\" content=\"2019-07-06T16:40:18+00:00\" \/>\n<meta property=\"og:image\" content=\"https:\/\/canal7slp.tv\/2019\/wp-content\/uploads\/2019\/07\/1200-2.jpg\" \/>\n\t<meta property=\"og:image:width\" content=\"728\" \/>\n\t<meta property=\"og:image:height\" content=\"410\" \/>\n\t<meta property=\"og:image:type\" content=\"image\/jpeg\" \/>\n<meta name=\"author\" content=\"edicionweb\" \/>\n<meta name=\"twitter:card\" content=\"summary_large_image\" \/>\n<meta name=\"twitter:creator\" content=\"@canal7_slp\" \/>\n<meta name=\"twitter:site\" content=\"@canal7_slp\" \/>\n<meta name=\"twitter:label1\" content=\"Escrito por\" \/>\n\t<meta name=\"twitter:data1\" content=\"edicionweb\" \/>\n\t<meta name=\"twitter:label2\" content=\"Tiempo de lectura\" \/>\n\t<meta name=\"twitter:data2\" content=\"2 minutos\" \/>\n<script type=\"application\/ld+json\" class=\"yoast-schema-graph\">{\"@context\":\"https:\\\/\\\/schema.org\",\"@graph\":[{\"@type\":\"Article\",\"@id\":\"https:\\\/\\\/canal7slp.tv\\\/2019\\\/consejo-de-seguridad-condena-ataque-en-tripoli-y-pide-un-alto-el-fuego\\\/#article\",\"isPartOf\":{\"@id\":\"https:\\\/\\\/canal7slp.tv\\\/2019\\\/consejo-de-seguridad-condena-ataque-en-tripoli-y-pide-un-alto-el-fuego\\\/\"},\"author\":{\"name\":\"edicionweb\",\"@id\":\"https:\\\/\\\/canal7slp.tv\\\/2019\\\/#\\\/schema\\\/person\\\/11d941c1c6ca30ac0a46b95fa37aa2e3\"},\"headline\":\"Consejo de Seguridad condena ataque en Tr\u00edpoli y pide un alto el fuego\",\"datePublished\":\"2019-07-06T16:40:18+00:00\",\"mainEntityOfPage\":{\"@id\":\"https:\\\/\\\/canal7slp.tv\\\/2019\\\/consejo-de-seguridad-condena-ataque-en-tripoli-y-pide-un-alto-el-fuego\\\/\"},\"wordCount\":360,\"commentCount\":0,\"publisher\":{\"@id\":\"https:\\\/\\\/canal7slp.tv\\\/2019\\\/#organization\"},\"image\":{\"@id\":\"https:\\\/\\\/canal7slp.tv\\\/2019\\\/consejo-de-seguridad-condena-ataque-en-tripoli-y-pide-un-alto-el-fuego\\\/#primaryimage\"},\"thumbnailUrl\":\"https:\\\/\\\/canal7slp.tv\\\/2019\\\/wp-content\\\/uploads\\\/2019\\\/07\\\/1200-2.jpg\",\"articleSection\":[\"INTERNACIONAL\"],\"inLanguage\":\"es\",\"potentialAction\":[{\"@type\":\"CommentAction\",\"name\":\"Comment\",\"target\":[\"https:\\\/\\\/canal7slp.tv\\\/2019\\\/consejo-de-seguridad-condena-ataque-en-tripoli-y-pide-un-alto-el-fuego\\\/#respond\"]}]},{\"@type\":\"WebPage\",\"@id\":\"https:\\\/\\\/canal7slp.tv\\\/2019\\\/consejo-de-seguridad-condena-ataque-en-tripoli-y-pide-un-alto-el-fuego\\\/\",\"url\":\"https:\\\/\\\/canal7slp.tv\\\/2019\\\/consejo-de-seguridad-condena-ataque-en-tripoli-y-pide-un-alto-el-fuego\\\/\",\"name\":\"Consejo de Seguridad condena ataque en Tr\u00edpoli y pide un alto el fuego - Canal 7 SLP - 2019\",\"isPartOf\":{\"@id\":\"https:\\\/\\\/canal7slp.tv\\\/2019\\\/#website\"},\"primaryImageOfPage\":{\"@id\":\"https:\\\/\\\/canal7slp.tv\\\/2019\\\/consejo-de-seguridad-condena-ataque-en-tripoli-y-pide-un-alto-el-fuego\\\/#primaryimage\"},\"image\":{\"@id\":\"https:\\\/\\\/canal7slp.tv\\\/2019\\\/consejo-de-seguridad-condena-ataque-en-tripoli-y-pide-un-alto-el-fuego\\\/#primaryimage\"},\"thumbnailUrl\":\"https:\\\/\\\/canal7slp.tv\\\/2019\\\/wp-content\\\/uploads\\\/2019\\\/07\\\/1200-2.jpg\",\"datePublished\":\"2019-07-06T16:40:18+00:00\",\"breadcrumb\":{\"@id\":\"https:\\\/\\\/canal7slp.tv\\\/2019\\\/consejo-de-seguridad-condena-ataque-en-tripoli-y-pide-un-alto-el-fuego\\\/#breadcrumb\"},\"inLanguage\":\"es\",\"potentialAction\":[{\"@type\":\"ReadAction\",\"target\":[\"https:\\\/\\\/canal7slp.tv\\\/2019\\\/consejo-de-seguridad-condena-ataque-en-tripoli-y-pide-un-alto-el-fuego\\\/\"]}]},{\"@type\":\"ImageObject\",\"inLanguage\":\"es\",\"@id\":\"https:\\\/\\\/canal7slp.tv\\\/2019\\\/consejo-de-seguridad-condena-ataque-en-tripoli-y-pide-un-alto-el-fuego\\\/#primaryimage\",\"url\":\"https:\\\/\\\/canal7slp.tv\\\/2019\\\/wp-content\\\/uploads\\\/2019\\\/07\\\/1200-2.jpg\",\"contentUrl\":\"https:\\\/\\\/canal7slp.tv\\\/2019\\\/wp-content\\\/uploads\\\/2019\\\/07\\\/1200-2.jpg\",\"width\":728,\"height\":410},{\"@type\":\"BreadcrumbList\",\"@id\":\"https:\\\/\\\/canal7slp.tv\\\/2019\\\/consejo-de-seguridad-condena-ataque-en-tripoli-y-pide-un-alto-el-fuego\\\/#breadcrumb\",\"itemListElement\":[{\"@type\":\"ListItem\",\"position\":1,\"name\":\"Home\",\"item\":\"https:\\\/\\\/canal7slp.tv\\\/2019\\\/\"},{\"@type\":\"ListItem\",\"position\":2,\"name\":\"Consejo de Seguridad condena ataque en Tr\u00edpoli y pide un alto el fuego\"}]},{\"@type\":\"WebSite\",\"@id\":\"https:\\\/\\\/canal7slp.tv\\\/2019\\\/#website\",\"url\":\"https:\\\/\\\/canal7slp.tv\\\/2019\\\/\",\"name\":\"Canal 7 SLP - Somos TV\",\"description\":\"Somos un Canal de 10\",\"publisher\":{\"@id\":\"https:\\\/\\\/canal7slp.tv\\\/2019\\\/#organization\"},\"potentialAction\":[{\"@type\":\"SearchAction\",\"target\":{\"@type\":\"EntryPoint\",\"urlTemplate\":\"https:\\\/\\\/canal7slp.tv\\\/2019\\\/?s={search_term_string}\"},\"query-input\":{\"@type\":\"PropertyValueSpecification\",\"valueRequired\":true,\"valueName\":\"search_term_string\"}}],\"inLanguage\":\"es\"},{\"@type\":\"Organization\",\"@id\":\"https:\\\/\\\/canal7slp.tv\\\/2019\\\/#organization\",\"name\":\"Comunicaci\u00f3n 2000 S.A. de C.V.\",\"url\":\"https:\\\/\\\/canal7slp.tv\\\/2019\\\/\",\"logo\":{\"@type\":\"ImageObject\",\"inLanguage\":\"es\",\"@id\":\"https:\\\/\\\/canal7slp.tv\\\/2019\\\/#\\\/schema\\\/logo\\\/image\\\/\",\"url\":\"https:\\\/\\\/canal7slp.tv\\\/2019\\\/wp-content\\\/uploads\\\/2019\\\/07\\\/logo-c7.png\",\"contentUrl\":\"https:\\\/\\\/canal7slp.tv\\\/2019\\\/wp-content\\\/uploads\\\/2019\\\/07\\\/logo-c7.png\",\"width\":220,\"height\":60,\"caption\":\"Comunicaci\u00f3n 2000 S.A. de C.V.\"},\"image\":{\"@id\":\"https:\\\/\\\/canal7slp.tv\\\/2019\\\/#\\\/schema\\\/logo\\\/image\\\/\"},\"sameAs\":[\"https:\\\/\\\/www.facebook.com\\\/CANAL7SLP\\\/\",\"https:\\\/\\\/x.com\\\/canal7_slp\",\"https:\\\/\\\/www.instagram.com\\\/canal7_slp\",\"https:\\\/\\\/www.youtube.com\\\/user\\\/NOTICIEROSCANAL7SLP\\\/\"]},{\"@type\":\"Person\",\"@id\":\"https:\\\/\\\/canal7slp.tv\\\/2019\\\/#\\\/schema\\\/person\\\/11d941c1c6ca30ac0a46b95fa37aa2e3\",\"name\":\"edicionweb\",\"image\":{\"@type\":\"ImageObject\",\"inLanguage\":\"es\",\"@id\":\"https:\\\/\\\/secure.gravatar.com\\\/avatar\\\/eee448fc3f7164808013b816ba91ac7e43bbe82a70bebac296f8bc6f0addaa1a?s=96&d=mm&r=g\",\"url\":\"https:\\\/\\\/secure.gravatar.com\\\/avatar\\\/eee448fc3f7164808013b816ba91ac7e43bbe82a70bebac296f8bc6f0addaa1a?s=96&d=mm&r=g\",\"contentUrl\":\"https:\\\/\\\/secure.gravatar.com\\\/avatar\\\/eee448fc3f7164808013b816ba91ac7e43bbe82a70bebac296f8bc6f0addaa1a?s=96&d=mm&r=g\",\"caption\":\"edicionweb\"}}]}<\/script>\n<!-- \/ Yoast SEO plugin. -->","yoast_head_json":{"title":"Consejo de Seguridad condena ataque en Tr\u00edpoli y pide un alto el fuego - Canal 7 SLP - 2019","robots":{"index":"index","follow":"follow","max-snippet":"max-snippet:-1","max-image-preview":"max-image-preview:large","max-video-preview":"max-video-preview:-1"},"canonical":"https:\/\/canal7slp.tv\/2019\/consejo-de-seguridad-condena-ataque-en-tripoli-y-pide-un-alto-el-fuego\/","og_locale":"es_ES","og_type":"article","og_title":"Consejo de Seguridad condena ataque en Tr\u00edpoli y pide un alto el fuego - Canal 7 SLP - 2019","og_description":"Naciones Unidas.- El Consejo de Seguridad de las Naciones Unidas conden\u00f3 el ataque a\u00e9reo contra un centro de detenci\u00f3n de migrantes en Tr\u00edpoli, la capital de Libia, que dej\u00f3 un saldo de m\u00e1s de 50 muertos, y demand\u00f3 un alto el fuego urgente. &#8220;Los miembros del Consejo de Seguridad condenan el ataque del 2 de [&hellip;]","og_url":"https:\/\/canal7slp.tv\/2019\/consejo-de-seguridad-condena-ataque-en-tripoli-y-pide-un-alto-el-fuego\/","og_site_name":"Canal 7 SLP - 2019","article_publisher":"https:\/\/www.facebook.com\/CANAL7SLP\/","article_published_time":"2019-07-06T16:40:18+00:00","og_image":[{"width":728,"height":410,"url":"https:\/\/canal7slp.tv\/2019\/wp-content\/uploads\/2019\/07\/1200-2.jpg","type":"image\/jpeg"}],"author":"edicionweb","twitter_card":"summary_large_image","twitter_creator":"@canal7_slp","twitter_site":"@canal7_slp","twitter_misc":{"Escrito por":"edicionweb","Tiempo de lectura":"2 minutos"},"schema":{"@context":"https:\/\/schema.org","@graph":[{"@type":"Article","@id":"https:\/\/canal7slp.tv\/2019\/consejo-de-seguridad-condena-ataque-en-tripoli-y-pide-un-alto-el-fuego\/#article","isPartOf":{"@id":"https:\/\/canal7slp.tv\/2019\/consejo-de-seguridad-condena-ataque-en-tripoli-y-pide-un-alto-el-fuego\/"},"author":{"name":"edicionweb","@id":"https:\/\/canal7slp.tv\/2019\/#\/schema\/person\/11d941c1c6ca30ac0a46b95fa37aa2e3"},"headline":"Consejo de Seguridad condena ataque en Tr\u00edpoli y pide un alto el fuego","datePublished":"2019-07-06T16:40:18+00:00","mainEntityOfPage":{"@id":"https:\/\/canal7slp.tv\/2019\/consejo-de-seguridad-condena-ataque-en-tripoli-y-pide-un-alto-el-fuego\/"},"wordCount":360,"commentCount":0,"publisher":{"@id":"https:\/\/canal7slp.tv\/2019\/#organization"},"image":{"@id":"https:\/\/canal7slp.tv\/2019\/consejo-de-seguridad-condena-ataque-en-tripoli-y-pide-un-alto-el-fuego\/#primaryimage"},"thumbnailUrl":"https:\/\/canal7slp.tv\/2019\/wp-content\/uploads\/2019\/07\/1200-2.jpg","articleSection":["INTERNACIONAL"],"inLanguage":"es","potentialAction":[{"@type":"CommentAction","name":"Comment","target":["https:\/\/canal7slp.tv\/2019\/consejo-de-seguridad-condena-ataque-en-tripoli-y-pide-un-alto-el-fuego\/#respond"]}]},{"@type":"WebPage","@id":"https:\/\/canal7slp.tv\/2019\/consejo-de-seguridad-condena-ataque-en-tripoli-y-pide-un-alto-el-fuego\/","url":"https:\/\/canal7slp.tv\/2019\/consejo-de-seguridad-condena-ataque-en-tripoli-y-pide-un-alto-el-fuego\/","name":"Consejo de Seguridad condena ataque en Tr\u00edpoli y pide un alto el fuego - Canal 7 SLP - 2019","isPartOf":{"@id":"https:\/\/canal7slp.tv\/2019\/#website"},"primaryImageOfPage":{"@id":"https:\/\/canal7slp.tv\/2019\/consejo-de-seguridad-condena-ataque-en-tripoli-y-pide-un-alto-el-fuego\/#primaryimage"},"image":{"@id":"https:\/\/canal7slp.tv\/2019\/consejo-de-seguridad-condena-ataque-en-tripoli-y-pide-un-alto-el-fuego\/#primaryimage"},"thumbnailUrl":"https:\/\/canal7slp.tv\/2019\/wp-content\/uploads\/2019\/07\/1200-2.jpg","datePublished":"2019-07-06T16:40:18+00:00","breadcrumb":{"@id":"https:\/\/canal7slp.tv\/2019\/consejo-de-seguridad-condena-ataque-en-tripoli-y-pide-un-alto-el-fuego\/#breadcrumb"},"inLanguage":"es","potentialAction":[{"@type":"ReadAction","target":["https:\/\/canal7slp.tv\/2019\/consejo-de-seguridad-condena-ataque-en-tripoli-y-pide-un-alto-el-fuego\/"]}]},{"@type":"ImageObject","inLanguage":"es","@id":"https:\/\/canal7slp.tv\/2019\/consejo-de-seguridad-condena-ataque-en-tripoli-y-pide-un-alto-el-fuego\/#primaryimage","url":"https:\/\/canal7slp.tv\/2019\/wp-content\/uploads\/2019\/07\/1200-2.jpg","contentUrl":"https:\/\/canal7slp.tv\/2019\/wp-content\/uploads\/2019\/07\/1200-2.jpg","width":728,"height":410},{"@type":"BreadcrumbList","@id":"https:\/\/canal7slp.tv\/2019\/consejo-de-seguridad-condena-ataque-en-tripoli-y-pide-un-alto-el-fuego\/#breadcrumb","itemListElement":[{"@type":"ListItem","position":1,"name":"Home","item":"https:\/\/canal7slp.tv\/2019\/"},{"@type":"ListItem","position":2,"name":"Consejo de Seguridad condena ataque en Tr\u00edpoli y pide un alto el fuego"}]},{"@type":"WebSite","@id":"https:\/\/canal7slp.tv\/2019\/#website","url":"https:\/\/canal7slp.tv\/2019\/","name":"Canal 7 SLP - Somos TV","description":"Somos un Canal de 10","publisher":{"@id":"https:\/\/canal7slp.tv\/2019\/#organization"},"potentialAction":[{"@type":"SearchAction","target":{"@type":"EntryPoint","urlTemplate":"https:\/\/canal7slp.tv\/2019\/?s={search_term_string}"},"query-input":{"@type":"PropertyValueSpecification","valueRequired":true,"valueName":"search_term_string"}}],"inLanguage":"es"},{"@type":"Organization","@id":"https:\/\/canal7slp.tv\/2019\/#organization","name":"Comunicaci\u00f3n 2000 S.A. de C.V.","url":"https:\/\/canal7slp.tv\/2019\/","logo":{"@type":"ImageObject","inLanguage":"es","@id":"https:\/\/canal7slp.tv\/2019\/#\/schema\/logo\/image\/","url":"https:\/\/canal7slp.tv\/2019\/wp-content\/uploads\/2019\/07\/logo-c7.png","contentUrl":"https:\/\/canal7slp.tv\/2019\/wp-content\/uploads\/2019\/07\/logo-c7.png","width":220,"height":60,"caption":"Comunicaci\u00f3n 2000 S.A. de C.V."},"image":{"@id":"https:\/\/canal7slp.tv\/2019\/#\/schema\/logo\/image\/"},"sameAs":["https:\/\/www.facebook.com\/CANAL7SLP\/","https:\/\/x.com\/canal7_slp","https:\/\/www.instagram.com\/canal7_slp","https:\/\/www.youtube.com\/user\/NOTICIEROSCANAL7SLP\/"]},{"@type":"Person","@id":"https:\/\/canal7slp.tv\/2019\/#\/schema\/person\/11d941c1c6ca30ac0a46b95fa37aa2e3","name":"edicionweb","image":{"@type":"ImageObject","inLanguage":"es","@id":"https:\/\/secure.gravatar.com\/avatar\/eee448fc3f7164808013b816ba91ac7e43bbe82a70bebac296f8bc6f0addaa1a?s=96&d=mm&r=g","url":"https:\/\/secure.gravatar.com\/avatar\/eee448fc3f7164808013b816ba91ac7e43bbe82a70bebac296f8bc6f0addaa1a?s=96&d=mm&r=g","contentUrl":"https:\/\/secure.gravatar.com\/avatar\/eee448fc3f7164808013b816ba91ac7e43bbe82a70bebac296f8bc6f0addaa1a?s=96&d=mm&r=g","caption":"edicionweb"}}]}},"amp_enabled":true,"cmb2":{"video_ids_in_playlist":{"vid_p_videos":""},"video_ids_in_channel":{"vid_c_videos":""},"playlist_ids_in_channel":{"vid_c_playlists":""},"series_ids_in_channel":{"vid_c_series":""},"channel_images":{"vid_c_logo":"","vid_c_banner":""},"poster_feature_image":{"vid_m_poster_image":""},"gif_feature_image":{"vid_m_gif_image":""},"video_movie_settings":{"vid_m_director":"","vid_m_actor":"","vid_m_imdb_ratings":"","vid_m_amazon_associates":""},"vid_youtube_broadcasts_settings":{"vid_yb_broadcast_title":"","vid_yb_q":"","vid_yb_channelid":"","vid_yb_videocategoryid":"","vid_yb_maxresults":"","vid_yb_order":"","vid_yb_regioncode":"","vid_yb_videosyndicated":"","vid_yb_style":"","vid_yb_reload_first":""},"video_series_settings":{"vid_m_director":"","vid_m_actor":"","vid_m_imdb_ratings":"","video_series_group":""},"amazon_associates_settings":{"amazon_associates":"","amazon_native_ad":""},"vid_youtube_automatic_settings":{"vid_ya_youtube_source":"","vid_ya_update_every":"","vid_ya_update_unit":"","vid_ya_categories":"","vid_ya_published_after":"","vid_ya_published_before":"","vid_ya_playlists":"","vid_ya_channels":"","vid_ya_director":"","vid_ya_actor":"","vid_ya_author":"","vid_ya_import_post_date":"","vid_ya_status":"","vid_ya_sub_api_key":""},"vid_ads_m_videoads_settings_post":{"vid_ads_m_video_ads":"","vid_ads_m_video_ads_type":"","vid_ads_m_group_google_ima":"","vid_ads_m_group_image":"","vid_ads_m_group_html5_video":"","vid_ads_m_group_html":"","vid_ads_m_vast_preroll":"","vid_ads_m_vast_postroll":"","vid_ads_m_vast_pauseroll":"","vid_ads_m_vast_midroll":[{"vid_ads_m_vast_timer_seconds":"50"}],"vid_ads_m_time_to_show_ads":"","vid_ads_m_time_skip_ads":"","vid_ads_m_time_to_hide_ads":""},"page_slider_settings":{"display_slider_group":"","page_slider_group":""},"blog_page_settings":{"blog_page_title":"","blog_page_heading":"","blog_page_ic":"","blog_page_it":"","blog_page_ec":"","blog_page_ip":"","archive_loop_style":"","blog_image_ratio":"","blog_show_categories":"","blog_show_excerpt":"","blog_show_author":"","blog_show_date":"","blog_show_comment_count":"","blog_show_view_count":"","blog_show_like_count":"","blog_show_dislike_count":"","blog_items_per_page":"","blog_pag_type":""},"page_options":{"get_page_template":"","color_mode":"","main_layout":"","main_layout_full_with":"","main_logo":"","main_logo_retina":"","main_logo_mobile":"","main_logo_mobile_retina":"","sticky_logo":"","sticky_logo_retina":"","main_nav_layout":"","ajax_search":"","header_background":"","theme_sidebar":"","instagram_feed":"","instagram_feed_position":"","popular_videos":"","popular_videos_title_1":"","popular_videos_title_2":"","popular_videos_ic":"","popular_videos_it":"","theme_background":"","page_custom_css":""},"feature_image_settings":{"feature_image_position":""},"video_player_settings":{"single_video_style":"","video_player_position":"","vm_video_url":"","video_player_library":"","video_streaming":"","vm_media_sources":"","vid_auto_play":"","vm_video_shortcode":"","vid_p_sync_playlist":"","vid_c_sync_channel":"","get_post_format":"","multiple_links_structure":"default","multi_links_title":"","vm_video_multi_links":"","vm_duration":"","vid_social_locker":"off","vid_social_locker_id":"","vid_membership_action":"content-video","vm_video_trailer_url":"","vid_download_type":"free","vid_download_target":"download","vid_woo_product":"","vm_media_download":"","user_rating":"","user_rating_position":"","user_rating_mode":"","user_rating_multi_sets":""},"video_auto_fetch_settings":{"vm_video_fetch":"on"},"video_fake_views_likes":{"vm_fake_views":"","vm_fake_likes":"","vm_fake_dislikes":""},"gallery_settings":{"gallery_position":""},"quote_settings":{"quote_position":""},"post_options":{"main_layout":"","main_logo":"","main_logo_retina":"","main_logo_mobile":"","main_logo_mobile_retina":"","sticky_logo":"","sticky_logo_retina":"","main_nav_layout":"","header_background":"","theme_sidebar":"","single_post_comment_type":"","theme_background":""}},"_links":{"self":[{"href":"https:\/\/canal7slp.tv\/2019\/wp-json\/wp\/v2\/posts\/28105","targetHints":{"allow":["GET"]}}],"collection":[{"href":"https:\/\/canal7slp.tv\/2019\/wp-json\/wp\/v2\/posts"}],"about":[{"href":"https:\/\/canal7slp.tv\/2019\/wp-json\/wp\/v2\/types\/post"}],"author":[{"embeddable":true,"href":"https:\/\/canal7slp.tv\/2019\/wp-json\/wp\/v2\/users\/2"}],"replies":[{"embeddable":true,"href":"https:\/\/canal7slp.tv\/2019\/wp-json\/wp\/v2\/comments?post=28105"}],"version-history":[{"count":0,"href":"https:\/\/canal7slp.tv\/2019\/wp-json\/wp\/v2\/posts\/28105\/revisions"}],"wp:featuredmedia":[{"embeddable":true,"href":"https:\/\/canal7slp.tv\/2019\/wp-json\/wp\/v2\/media\/28106"}],"wp:attachment":[{"href":"https:\/\/canal7slp.tv\/2019\/wp-json\/wp\/v2\/media?parent=28105"}],"wp:term":[{"taxonomy":"category","embeddable":true,"href":"https:\/\/canal7slp.tv\/2019\/wp-json\/wp\/v2\/categories?post=28105"},{"taxonomy":"post_tag","embeddable":true,"href":"https:\/\/canal7slp.tv\/2019\/wp-json\/wp\/v2\/tags?post=28105"}],"curies":[{"name":"wp","href":"https:\/\/api.w.org\/{rel}","templated":true}]}}