{"id":28095,"date":"2019-07-06T11:24:53","date_gmt":"2019-07-06T16:24:53","guid":{"rendered":"https:\/\/canal7slp.tv\/2019\/?p=28095"},"modified":"2019-07-06T11:24:53","modified_gmt":"2019-07-06T16:24:53","slug":"doble-moral-de-senadores-de-morena-sobre-austeridad-xochitl-galvez","status":"publish","type":"post","link":"https:\/\/canal7slp.tv\/2019\/doble-moral-de-senadores-de-morena-sobre-austeridad-xochitl-galvez\/","title":{"rendered":"Doble moral de senadores de Morena sobre austeridad: X\u00f3chitl G\u00e1lvez"},"content":{"rendered":"<p style=\"text-align: justify;\">M\u00e9xico.- Luego de que el pasado 2 de julio se aprobara en el Senado de la Rep\u00fablica, con 74 votos a favor y 29 abstenciones, la Ley Federal de Austeridad Republicana, la senadora X\u00f3chitl G\u00e1lvez afirm\u00f3 que no se puede estar en contra de la austeridad, pero tampoco de acuerdo con una ley que elimina programas sin raz\u00f3n.<\/p>\n<p style=\"text-align: justify;\">En entrevista con\u00a0<strong>Notimex<\/strong>, la legisladora del Partido Acci\u00f3n Nacional (PAN) dijo que \u201ces una iniciativa que contradice otras leyes, no es una iniciativa, ya es una ley, es una minuta que ya se aprob\u00f3, que contradice la Ley de Responsabilidades, el C\u00f3digo Fiscal, el C\u00f3digo de Procedimientos Penales, porque no tuvieron el cuidado de armonizar las diferentes leyes\u201d.<\/p>\n<p style=\"text-align: justify;\">Afirm\u00f3 que \u201cnadie puede estar en contra de la austeridad. Sin embargo, no podemos estar de acuerdo con una ley que elimina programas sin raz\u00f3n\u201d.<\/p>\n<p style=\"text-align: justify;\">Manifest\u00f3 que no es que hayan ahorrado, sino que han hecho recortes. \u201cLe recortas dos mil millones a las estancias infantiles, le recortas a programas como el Prospera, que ten\u00eda 25 millones de personas con un componente de salud, desapareces en muchos estados el Seguro Popular\u201d, se\u00f1al\u00f3.<\/p>\n<p style=\"text-align: justify;\">Asimismo, X\u00f3chitl G\u00e1lvez dijo que &#8220;tambi\u00e9n est\u00e1 la doble moral de los senadores, que estaban en el PRI, PRD, PAN; yo no vi que renunciaran a los bonos millonarios, a las camionetas que les daban para comprar como senadores&#8221;.<\/p>\n<p style=\"text-align: justify;\">Sobre el manejo del dinero que se ahorrar\u00e1 con la aplicaci\u00f3n de esta ley, sostuvo que \u201cno tienes qu\u00e9 hacer una ley, simplemente tienes que hacer normas claras y castigar la impunidad, y ya hicimos una ley, qu\u00e9 bueno, pero es esta partida secreta del presidente que dice que no es partida secreta&#8221;.<\/p>\n<p style=\"text-align: justify;\">Argument\u00f3 que Andr\u00e9s Manuel L\u00f3pez Obrador \u201cdice que se va apegar al Plan Nacional de Desarrollo, pero por un lado le quitas 500 millones a Conade; por otro lado, no hay un peso para caminos rurales\u201d.<\/p>\n<p style=\"text-align: justify;\">Uno de los puntos de discusi\u00f3n de esta ley fue el periodo de 10 a\u00f1os establecido para que servidores p\u00fablicos puedan ocupar cargos en empresas que hayan supervisado, regulado o de las cuales hayan tenido informaci\u00f3n \u201cprivilegiada\u201d.<\/p>\n<p style=\"text-align: justify;\">La legisladora panista expres\u00f3 su desacuerdo. \u201cDiez a\u00f1os de separaci\u00f3n del cargo, como si todos fueran Presidentes de la Rep\u00fablica, si va dirigida a los Presidentes de la Rep\u00fablica pues digan: &#8216;ning\u00fan Presidente de la Rep\u00fablica ni Secretario de Estado podr\u00e1 estar en una empresa privada relacionada&#8217;; v\u00e1monos&#8221;.<\/p>\n<p style=\"text-align: justify;\">Sin embargo, plante\u00f3, &#8220;\u00bfqu\u00e9 van a hacer directores generales que lo que saben hacer es relacionado al campo? O sea que hagan su ahorrito, que ahorren, que se queden siempre de diputados y senadores porque no van a regresar durante 10 a\u00f1os a su trabajo&#8221;.<\/p>\n<p style=\"text-align: justify;\">\u201cMe parece un exceso cuando est\u00e1 por \u00edrseles y pel\u00e1rseles (Emilio) Lozoya, a Rosario Robles no la han tocado para nada, cuando realmente lo de fondo tiene qu\u00e9 ver con algunos personajes corruptos que siguen en la impunidad\u201d, expres\u00f3.<\/p>\n<p style=\"text-align: justify;\">Explic\u00f3 que los legisladores del PRI, PAN, PRD y Movimiento Ciudadano presentar\u00e1n un recurso ante la Suprema Corte de Justicia de la Naci\u00f3n respecto a esta nueva ley.<\/p>\n<p style=\"text-align: justify;\">\u201cLo vamos a presentar todos los senadores de oposici\u00f3n, que estamos en el bloque opositor, PRI, PAN, PRD, MC, y nos dan los votos de una tercera parte del Senado para contener esta locura. Y que quede claro: no estamos en contra de la austeridad, estamos en contra de las ocurrencias\u201d.<\/p>\n<p style=\"text-align: justify;\">X\u00f3chitl G\u00e1lvez pidi\u00f3 a los senadores de Morena \u201cque no sean tan obedientes, si les dicen &#8216;t\u00edrense al pozo se tiran al pozo o qu\u00e9&#8217;. Eso era el PRI, no s\u00e9 si les queda su gen pri\u00edsta adentro de disciplina, que lo que diga el se\u00f1or presidente hay que hacerlo, aunque no est\u00e9 bien\u201d.<\/p>\n<p style=\"text-align: justify;\">Asegur\u00f3 que \u201cno les importan las leyes, las van a sacar en los t\u00e9rminos que \u00e9l quiere y punto\u201d.<\/p>\n","protected":false},"excerpt":{"rendered":"<p>M\u00e9xico.- Luego de que el pasado 2 de julio se aprobara en el Senado de la Rep\u00fablica, con 74 votos a favor y 29 abstenciones, la Ley Federal de Austeridad Republicana, la senadora X\u00f3chitl G\u00e1lvez afirm\u00f3 que no se puede estar en contra de la austeridad, pero tampoco de acuerdo con una ley que elimina [&hellip;]<\/p>\n","protected":false},"author":2,"featured_media":28096,"comment_status":"open","ping_status":"closed","sticky":false,"template":"","format":"standard","meta":{"footnotes":""},"categories":[30],"tags":[],"class_list":["post-28095","post","type-post","status-publish","format-standard","has-post-thumbnail","hentry","category-nacional"],"yoast_head":"<!-- This site is optimized with the Yoast SEO plugin v27.5 - https:\/\/yoast.com\/product\/yoast-seo-wordpress\/ -->\n<title>Doble moral de senadores de Morena sobre austeridad: X\u00f3chitl G\u00e1lvez - Canal 7 SLP - 2019<\/title>\n<meta name=\"robots\" content=\"index, follow, max-snippet:-1, max-image-preview:large, max-video-preview:-1\" \/>\n<link rel=\"canonical\" href=\"https:\/\/canal7slp.tv\/2019\/doble-moral-de-senadores-de-morena-sobre-austeridad-xochitl-galvez\/\" \/>\n<meta property=\"og:locale\" content=\"es_ES\" \/>\n<meta property=\"og:type\" content=\"article\" \/>\n<meta property=\"og:title\" content=\"Doble moral de senadores de Morena sobre austeridad: X\u00f3chitl G\u00e1lvez - Canal 7 SLP - 2019\" \/>\n<meta property=\"og:description\" content=\"M\u00e9xico.- Luego de que el pasado 2 de julio se aprobara en el Senado de la Rep\u00fablica, con 74 votos a favor y 29 abstenciones, la Ley Federal de Austeridad Republicana, la senadora X\u00f3chitl G\u00e1lvez afirm\u00f3 que no se puede estar en contra de la austeridad, pero tampoco de acuerdo con una ley que elimina [&hellip;]\" \/>\n<meta property=\"og:url\" content=\"https:\/\/canal7slp.tv\/2019\/doble-moral-de-senadores-de-morena-sobre-austeridad-xochitl-galvez\/\" \/>\n<meta property=\"og:site_name\" content=\"Canal 7 SLP - 2019\" \/>\n<meta property=\"article:publisher\" content=\"https:\/\/www.facebook.com\/CANAL7SLP\/\" \/>\n<meta property=\"article:published_time\" content=\"2019-07-06T16:24:53+00:00\" \/>\n<meta property=\"og:image\" content=\"https:\/\/canal7slp.tv\/2019\/wp-content\/uploads\/2019\/07\/1140-5.jpg\" \/>\n\t<meta property=\"og:image:width\" content=\"685\" \/>\n\t<meta property=\"og:image:height\" content=\"410\" \/>\n\t<meta property=\"og:image:type\" content=\"image\/jpeg\" \/>\n<meta name=\"author\" content=\"edicionweb\" \/>\n<meta name=\"twitter:card\" content=\"summary_large_image\" \/>\n<meta name=\"twitter:creator\" content=\"@canal7_slp\" \/>\n<meta name=\"twitter:site\" content=\"@canal7_slp\" \/>\n<meta name=\"twitter:label1\" content=\"Escrito por\" \/>\n\t<meta name=\"twitter:data1\" content=\"edicionweb\" \/>\n\t<meta name=\"twitter:label2\" content=\"Tiempo de lectura\" \/>\n\t<meta name=\"twitter:data2\" content=\"3 minutos\" \/>\n<script type=\"application\/ld+json\" class=\"yoast-schema-graph\">{\"@context\":\"https:\\\/\\\/schema.org\",\"@graph\":[{\"@type\":\"Article\",\"@id\":\"https:\\\/\\\/canal7slp.tv\\\/2019\\\/doble-moral-de-senadores-de-morena-sobre-austeridad-xochitl-galvez\\\/#article\",\"isPartOf\":{\"@id\":\"https:\\\/\\\/canal7slp.tv\\\/2019\\\/doble-moral-de-senadores-de-morena-sobre-austeridad-xochitl-galvez\\\/\"},\"author\":{\"name\":\"edicionweb\",\"@id\":\"https:\\\/\\\/canal7slp.tv\\\/2019\\\/#\\\/schema\\\/person\\\/11d941c1c6ca30ac0a46b95fa37aa2e3\"},\"headline\":\"Doble moral de senadores de Morena sobre austeridad: X\u00f3chitl G\u00e1lvez\",\"datePublished\":\"2019-07-06T16:24:53+00:00\",\"mainEntityOfPage\":{\"@id\":\"https:\\\/\\\/canal7slp.tv\\\/2019\\\/doble-moral-de-senadores-de-morena-sobre-austeridad-xochitl-galvez\\\/\"},\"wordCount\":683,\"commentCount\":0,\"publisher\":{\"@id\":\"https:\\\/\\\/canal7slp.tv\\\/2019\\\/#organization\"},\"image\":{\"@id\":\"https:\\\/\\\/canal7slp.tv\\\/2019\\\/doble-moral-de-senadores-de-morena-sobre-austeridad-xochitl-galvez\\\/#primaryimage\"},\"thumbnailUrl\":\"https:\\\/\\\/canal7slp.tv\\\/2019\\\/wp-content\\\/uploads\\\/2019\\\/07\\\/1140-5.jpg\",\"articleSection\":[\"NACIONAL\"],\"inLanguage\":\"es\",\"potentialAction\":[{\"@type\":\"CommentAction\",\"name\":\"Comment\",\"target\":[\"https:\\\/\\\/canal7slp.tv\\\/2019\\\/doble-moral-de-senadores-de-morena-sobre-austeridad-xochitl-galvez\\\/#respond\"]}]},{\"@type\":\"WebPage\",\"@id\":\"https:\\\/\\\/canal7slp.tv\\\/2019\\\/doble-moral-de-senadores-de-morena-sobre-austeridad-xochitl-galvez\\\/\",\"url\":\"https:\\\/\\\/canal7slp.tv\\\/2019\\\/doble-moral-de-senadores-de-morena-sobre-austeridad-xochitl-galvez\\\/\",\"name\":\"Doble moral de senadores de Morena sobre austeridad: X\u00f3chitl G\u00e1lvez - Canal 7 SLP - 2019\",\"isPartOf\":{\"@id\":\"https:\\\/\\\/canal7slp.tv\\\/2019\\\/#website\"},\"primaryImageOfPage\":{\"@id\":\"https:\\\/\\\/canal7slp.tv\\\/2019\\\/doble-moral-de-senadores-de-morena-sobre-austeridad-xochitl-galvez\\\/#primaryimage\"},\"image\":{\"@id\":\"https:\\\/\\\/canal7slp.tv\\\/2019\\\/doble-moral-de-senadores-de-morena-sobre-austeridad-xochitl-galvez\\\/#primaryimage\"},\"thumbnailUrl\":\"https:\\\/\\\/canal7slp.tv\\\/2019\\\/wp-content\\\/uploads\\\/2019\\\/07\\\/1140-5.jpg\",\"datePublished\":\"2019-07-06T16:24:53+00:00\",\"breadcrumb\":{\"@id\":\"https:\\\/\\\/canal7slp.tv\\\/2019\\\/doble-moral-de-senadores-de-morena-sobre-austeridad-xochitl-galvez\\\/#breadcrumb\"},\"inLanguage\":\"es\",\"potentialAction\":[{\"@type\":\"ReadAction\",\"target\":[\"https:\\\/\\\/canal7slp.tv\\\/2019\\\/doble-moral-de-senadores-de-morena-sobre-austeridad-xochitl-galvez\\\/\"]}]},{\"@type\":\"ImageObject\",\"inLanguage\":\"es\",\"@id\":\"https:\\\/\\\/canal7slp.tv\\\/2019\\\/doble-moral-de-senadores-de-morena-sobre-austeridad-xochitl-galvez\\\/#primaryimage\",\"url\":\"https:\\\/\\\/canal7slp.tv\\\/2019\\\/wp-content\\\/uploads\\\/2019\\\/07\\\/1140-5.jpg\",\"contentUrl\":\"https:\\\/\\\/canal7slp.tv\\\/2019\\\/wp-content\\\/uploads\\\/2019\\\/07\\\/1140-5.jpg\",\"width\":685,\"height\":410},{\"@type\":\"BreadcrumbList\",\"@id\":\"https:\\\/\\\/canal7slp.tv\\\/2019\\\/doble-moral-de-senadores-de-morena-sobre-austeridad-xochitl-galvez\\\/#breadcrumb\",\"itemListElement\":[{\"@type\":\"ListItem\",\"position\":1,\"name\":\"Home\",\"item\":\"https:\\\/\\\/canal7slp.tv\\\/2019\\\/\"},{\"@type\":\"ListItem\",\"position\":2,\"name\":\"Doble moral de senadores de Morena sobre austeridad: X\u00f3chitl G\u00e1lvez\"}]},{\"@type\":\"WebSite\",\"@id\":\"https:\\\/\\\/canal7slp.tv\\\/2019\\\/#website\",\"url\":\"https:\\\/\\\/canal7slp.tv\\\/2019\\\/\",\"name\":\"Canal 7 SLP - Somos TV\",\"description\":\"Somos un Canal de 10\",\"publisher\":{\"@id\":\"https:\\\/\\\/canal7slp.tv\\\/2019\\\/#organization\"},\"potentialAction\":[{\"@type\":\"SearchAction\",\"target\":{\"@type\":\"EntryPoint\",\"urlTemplate\":\"https:\\\/\\\/canal7slp.tv\\\/2019\\\/?s={search_term_string}\"},\"query-input\":{\"@type\":\"PropertyValueSpecification\",\"valueRequired\":true,\"valueName\":\"search_term_string\"}}],\"inLanguage\":\"es\"},{\"@type\":\"Organization\",\"@id\":\"https:\\\/\\\/canal7slp.tv\\\/2019\\\/#organization\",\"name\":\"Comunicaci\u00f3n 2000 S.A. de C.V.\",\"url\":\"https:\\\/\\\/canal7slp.tv\\\/2019\\\/\",\"logo\":{\"@type\":\"ImageObject\",\"inLanguage\":\"es\",\"@id\":\"https:\\\/\\\/canal7slp.tv\\\/2019\\\/#\\\/schema\\\/logo\\\/image\\\/\",\"url\":\"https:\\\/\\\/canal7slp.tv\\\/2019\\\/wp-content\\\/uploads\\\/2019\\\/07\\\/logo-c7.png\",\"contentUrl\":\"https:\\\/\\\/canal7slp.tv\\\/2019\\\/wp-content\\\/uploads\\\/2019\\\/07\\\/logo-c7.png\",\"width\":220,\"height\":60,\"caption\":\"Comunicaci\u00f3n 2000 S.A. de C.V.\"},\"image\":{\"@id\":\"https:\\\/\\\/canal7slp.tv\\\/2019\\\/#\\\/schema\\\/logo\\\/image\\\/\"},\"sameAs\":[\"https:\\\/\\\/www.facebook.com\\\/CANAL7SLP\\\/\",\"https:\\\/\\\/x.com\\\/canal7_slp\",\"https:\\\/\\\/www.instagram.com\\\/canal7_slp\",\"https:\\\/\\\/www.youtube.com\\\/user\\\/NOTICIEROSCANAL7SLP\\\/\"]},{\"@type\":\"Person\",\"@id\":\"https:\\\/\\\/canal7slp.tv\\\/2019\\\/#\\\/schema\\\/person\\\/11d941c1c6ca30ac0a46b95fa37aa2e3\",\"name\":\"edicionweb\",\"image\":{\"@type\":\"ImageObject\",\"inLanguage\":\"es\",\"@id\":\"https:\\\/\\\/secure.gravatar.com\\\/avatar\\\/eee448fc3f7164808013b816ba91ac7e43bbe82a70bebac296f8bc6f0addaa1a?s=96&d=mm&r=g\",\"url\":\"https:\\\/\\\/secure.gravatar.com\\\/avatar\\\/eee448fc3f7164808013b816ba91ac7e43bbe82a70bebac296f8bc6f0addaa1a?s=96&d=mm&r=g\",\"contentUrl\":\"https:\\\/\\\/secure.gravatar.com\\\/avatar\\\/eee448fc3f7164808013b816ba91ac7e43bbe82a70bebac296f8bc6f0addaa1a?s=96&d=mm&r=g\",\"caption\":\"edicionweb\"}}]}<\/script>\n<!-- \/ Yoast SEO plugin. -->","yoast_head_json":{"title":"Doble moral de senadores de Morena sobre austeridad: X\u00f3chitl G\u00e1lvez - Canal 7 SLP - 2019","robots":{"index":"index","follow":"follow","max-snippet":"max-snippet:-1","max-image-preview":"max-image-preview:large","max-video-preview":"max-video-preview:-1"},"canonical":"https:\/\/canal7slp.tv\/2019\/doble-moral-de-senadores-de-morena-sobre-austeridad-xochitl-galvez\/","og_locale":"es_ES","og_type":"article","og_title":"Doble moral de senadores de Morena sobre austeridad: X\u00f3chitl G\u00e1lvez - Canal 7 SLP - 2019","og_description":"M\u00e9xico.- Luego de que el pasado 2 de julio se aprobara en el Senado de la Rep\u00fablica, con 74 votos a favor y 29 abstenciones, la Ley Federal de Austeridad Republicana, la senadora X\u00f3chitl G\u00e1lvez afirm\u00f3 que no se puede estar en contra de la austeridad, pero tampoco de acuerdo con una ley que elimina [&hellip;]","og_url":"https:\/\/canal7slp.tv\/2019\/doble-moral-de-senadores-de-morena-sobre-austeridad-xochitl-galvez\/","og_site_name":"Canal 7 SLP - 2019","article_publisher":"https:\/\/www.facebook.com\/CANAL7SLP\/","article_published_time":"2019-07-06T16:24:53+00:00","og_image":[{"width":685,"height":410,"url":"https:\/\/canal7slp.tv\/2019\/wp-content\/uploads\/2019\/07\/1140-5.jpg","type":"image\/jpeg"}],"author":"edicionweb","twitter_card":"summary_large_image","twitter_creator":"@canal7_slp","twitter_site":"@canal7_slp","twitter_misc":{"Escrito por":"edicionweb","Tiempo de lectura":"3 minutos"},"schema":{"@context":"https:\/\/schema.org","@graph":[{"@type":"Article","@id":"https:\/\/canal7slp.tv\/2019\/doble-moral-de-senadores-de-morena-sobre-austeridad-xochitl-galvez\/#article","isPartOf":{"@id":"https:\/\/canal7slp.tv\/2019\/doble-moral-de-senadores-de-morena-sobre-austeridad-xochitl-galvez\/"},"author":{"name":"edicionweb","@id":"https:\/\/canal7slp.tv\/2019\/#\/schema\/person\/11d941c1c6ca30ac0a46b95fa37aa2e3"},"headline":"Doble moral de senadores de Morena sobre austeridad: X\u00f3chitl G\u00e1lvez","datePublished":"2019-07-06T16:24:53+00:00","mainEntityOfPage":{"@id":"https:\/\/canal7slp.tv\/2019\/doble-moral-de-senadores-de-morena-sobre-austeridad-xochitl-galvez\/"},"wordCount":683,"commentCount":0,"publisher":{"@id":"https:\/\/canal7slp.tv\/2019\/#organization"},"image":{"@id":"https:\/\/canal7slp.tv\/2019\/doble-moral-de-senadores-de-morena-sobre-austeridad-xochitl-galvez\/#primaryimage"},"thumbnailUrl":"https:\/\/canal7slp.tv\/2019\/wp-content\/uploads\/2019\/07\/1140-5.jpg","articleSection":["NACIONAL"],"inLanguage":"es","potentialAction":[{"@type":"CommentAction","name":"Comment","target":["https:\/\/canal7slp.tv\/2019\/doble-moral-de-senadores-de-morena-sobre-austeridad-xochitl-galvez\/#respond"]}]},{"@type":"WebPage","@id":"https:\/\/canal7slp.tv\/2019\/doble-moral-de-senadores-de-morena-sobre-austeridad-xochitl-galvez\/","url":"https:\/\/canal7slp.tv\/2019\/doble-moral-de-senadores-de-morena-sobre-austeridad-xochitl-galvez\/","name":"Doble moral de senadores de Morena sobre austeridad: X\u00f3chitl G\u00e1lvez - Canal 7 SLP - 2019","isPartOf":{"@id":"https:\/\/canal7slp.tv\/2019\/#website"},"primaryImageOfPage":{"@id":"https:\/\/canal7slp.tv\/2019\/doble-moral-de-senadores-de-morena-sobre-austeridad-xochitl-galvez\/#primaryimage"},"image":{"@id":"https:\/\/canal7slp.tv\/2019\/doble-moral-de-senadores-de-morena-sobre-austeridad-xochitl-galvez\/#primaryimage"},"thumbnailUrl":"https:\/\/canal7slp.tv\/2019\/wp-content\/uploads\/2019\/07\/1140-5.jpg","datePublished":"2019-07-06T16:24:53+00:00","breadcrumb":{"@id":"https:\/\/canal7slp.tv\/2019\/doble-moral-de-senadores-de-morena-sobre-austeridad-xochitl-galvez\/#breadcrumb"},"inLanguage":"es","potentialAction":[{"@type":"ReadAction","target":["https:\/\/canal7slp.tv\/2019\/doble-moral-de-senadores-de-morena-sobre-austeridad-xochitl-galvez\/"]}]},{"@type":"ImageObject","inLanguage":"es","@id":"https:\/\/canal7slp.tv\/2019\/doble-moral-de-senadores-de-morena-sobre-austeridad-xochitl-galvez\/#primaryimage","url":"https:\/\/canal7slp.tv\/2019\/wp-content\/uploads\/2019\/07\/1140-5.jpg","contentUrl":"https:\/\/canal7slp.tv\/2019\/wp-content\/uploads\/2019\/07\/1140-5.jpg","width":685,"height":410},{"@type":"BreadcrumbList","@id":"https:\/\/canal7slp.tv\/2019\/doble-moral-de-senadores-de-morena-sobre-austeridad-xochitl-galvez\/#breadcrumb","itemListElement":[{"@type":"ListItem","position":1,"name":"Home","item":"https:\/\/canal7slp.tv\/2019\/"},{"@type":"ListItem","position":2,"name":"Doble moral de senadores de Morena sobre austeridad: X\u00f3chitl G\u00e1lvez"}]},{"@type":"WebSite","@id":"https:\/\/canal7slp.tv\/2019\/#website","url":"https:\/\/canal7slp.tv\/2019\/","name":"Canal 7 SLP - Somos TV","description":"Somos un Canal de 10","publisher":{"@id":"https:\/\/canal7slp.tv\/2019\/#organization"},"potentialAction":[{"@type":"SearchAction","target":{"@type":"EntryPoint","urlTemplate":"https:\/\/canal7slp.tv\/2019\/?s={search_term_string}"},"query-input":{"@type":"PropertyValueSpecification","valueRequired":true,"valueName":"search_term_string"}}],"inLanguage":"es"},{"@type":"Organization","@id":"https:\/\/canal7slp.tv\/2019\/#organization","name":"Comunicaci\u00f3n 2000 S.A. de C.V.","url":"https:\/\/canal7slp.tv\/2019\/","logo":{"@type":"ImageObject","inLanguage":"es","@id":"https:\/\/canal7slp.tv\/2019\/#\/schema\/logo\/image\/","url":"https:\/\/canal7slp.tv\/2019\/wp-content\/uploads\/2019\/07\/logo-c7.png","contentUrl":"https:\/\/canal7slp.tv\/2019\/wp-content\/uploads\/2019\/07\/logo-c7.png","width":220,"height":60,"caption":"Comunicaci\u00f3n 2000 S.A. de C.V."},"image":{"@id":"https:\/\/canal7slp.tv\/2019\/#\/schema\/logo\/image\/"},"sameAs":["https:\/\/www.facebook.com\/CANAL7SLP\/","https:\/\/x.com\/canal7_slp","https:\/\/www.instagram.com\/canal7_slp","https:\/\/www.youtube.com\/user\/NOTICIEROSCANAL7SLP\/"]},{"@type":"Person","@id":"https:\/\/canal7slp.tv\/2019\/#\/schema\/person\/11d941c1c6ca30ac0a46b95fa37aa2e3","name":"edicionweb","image":{"@type":"ImageObject","inLanguage":"es","@id":"https:\/\/secure.gravatar.com\/avatar\/eee448fc3f7164808013b816ba91ac7e43bbe82a70bebac296f8bc6f0addaa1a?s=96&d=mm&r=g","url":"https:\/\/secure.gravatar.com\/avatar\/eee448fc3f7164808013b816ba91ac7e43bbe82a70bebac296f8bc6f0addaa1a?s=96&d=mm&r=g","contentUrl":"https:\/\/secure.gravatar.com\/avatar\/eee448fc3f7164808013b816ba91ac7e43bbe82a70bebac296f8bc6f0addaa1a?s=96&d=mm&r=g","caption":"edicionweb"}}]}},"amp_enabled":true,"cmb2":{"video_ids_in_playlist":{"vid_p_videos":""},"video_ids_in_channel":{"vid_c_videos":""},"playlist_ids_in_channel":{"vid_c_playlists":""},"series_ids_in_channel":{"vid_c_series":""},"channel_images":{"vid_c_logo":"","vid_c_banner":""},"poster_feature_image":{"vid_m_poster_image":""},"gif_feature_image":{"vid_m_gif_image":""},"video_movie_settings":{"vid_m_director":"","vid_m_actor":"","vid_m_imdb_ratings":"","vid_m_amazon_associates":""},"vid_youtube_broadcasts_settings":{"vid_yb_broadcast_title":"","vid_yb_q":"","vid_yb_channelid":"","vid_yb_videocategoryid":"","vid_yb_maxresults":"","vid_yb_order":"","vid_yb_regioncode":"","vid_yb_videosyndicated":"","vid_yb_style":"","vid_yb_reload_first":""},"video_series_settings":{"vid_m_director":"","vid_m_actor":"","vid_m_imdb_ratings":"","video_series_group":""},"amazon_associates_settings":{"amazon_associates":"","amazon_native_ad":""},"vid_youtube_automatic_settings":{"vid_ya_youtube_source":"","vid_ya_update_every":"","vid_ya_update_unit":"","vid_ya_categories":"","vid_ya_published_after":"","vid_ya_published_before":"","vid_ya_playlists":"","vid_ya_channels":"","vid_ya_director":"","vid_ya_actor":"","vid_ya_author":"","vid_ya_import_post_date":"","vid_ya_status":"","vid_ya_sub_api_key":""},"vid_ads_m_videoads_settings_post":{"vid_ads_m_video_ads":"","vid_ads_m_video_ads_type":"","vid_ads_m_group_google_ima":"","vid_ads_m_group_image":"","vid_ads_m_group_html5_video":"","vid_ads_m_group_html":"","vid_ads_m_vast_preroll":"","vid_ads_m_vast_postroll":"","vid_ads_m_vast_pauseroll":"","vid_ads_m_vast_midroll":[{"vid_ads_m_vast_timer_seconds":"50"}],"vid_ads_m_time_to_show_ads":"","vid_ads_m_time_skip_ads":"","vid_ads_m_time_to_hide_ads":""},"page_slider_settings":{"display_slider_group":"","page_slider_group":""},"blog_page_settings":{"blog_page_title":"","blog_page_heading":"","blog_page_ic":"","blog_page_it":"","blog_page_ec":"","blog_page_ip":"","archive_loop_style":"","blog_image_ratio":"","blog_show_categories":"","blog_show_excerpt":"","blog_show_author":"","blog_show_date":"","blog_show_comment_count":"","blog_show_view_count":"","blog_show_like_count":"","blog_show_dislike_count":"","blog_items_per_page":"","blog_pag_type":""},"page_options":{"get_page_template":"","color_mode":"","main_layout":"","main_layout_full_with":"","main_logo":"","main_logo_retina":"","main_logo_mobile":"","main_logo_mobile_retina":"","sticky_logo":"","sticky_logo_retina":"","main_nav_layout":"","ajax_search":"","header_background":"","theme_sidebar":"","instagram_feed":"","instagram_feed_position":"","popular_videos":"","popular_videos_title_1":"","popular_videos_title_2":"","popular_videos_ic":"","popular_videos_it":"","theme_background":"","page_custom_css":""},"feature_image_settings":{"feature_image_position":""},"video_player_settings":{"single_video_style":"","video_player_position":"","vm_video_url":"","video_player_library":"","video_streaming":"","vm_media_sources":"","vid_auto_play":"","vm_video_shortcode":"","vid_p_sync_playlist":"","vid_c_sync_channel":"","get_post_format":"","multiple_links_structure":"default","multi_links_title":"","vm_video_multi_links":"","vm_duration":"","vid_social_locker":"off","vid_social_locker_id":"","vid_membership_action":"content-video","vm_video_trailer_url":"","vid_download_type":"free","vid_download_target":"download","vid_woo_product":"","vm_media_download":"","user_rating":"","user_rating_position":"","user_rating_mode":"","user_rating_multi_sets":""},"video_auto_fetch_settings":{"vm_video_fetch":"on"},"video_fake_views_likes":{"vm_fake_views":"","vm_fake_likes":"","vm_fake_dislikes":""},"gallery_settings":{"gallery_position":""},"quote_settings":{"quote_position":""},"post_options":{"main_layout":"","main_logo":"","main_logo_retina":"","main_logo_mobile":"","main_logo_mobile_retina":"","sticky_logo":"","sticky_logo_retina":"","main_nav_layout":"","header_background":"","theme_sidebar":"","single_post_comment_type":"","theme_background":""}},"_links":{"self":[{"href":"https:\/\/canal7slp.tv\/2019\/wp-json\/wp\/v2\/posts\/28095","targetHints":{"allow":["GET"]}}],"collection":[{"href":"https:\/\/canal7slp.tv\/2019\/wp-json\/wp\/v2\/posts"}],"about":[{"href":"https:\/\/canal7slp.tv\/2019\/wp-json\/wp\/v2\/types\/post"}],"author":[{"embeddable":true,"href":"https:\/\/canal7slp.tv\/2019\/wp-json\/wp\/v2\/users\/2"}],"replies":[{"embeddable":true,"href":"https:\/\/canal7slp.tv\/2019\/wp-json\/wp\/v2\/comments?post=28095"}],"version-history":[{"count":0,"href":"https:\/\/canal7slp.tv\/2019\/wp-json\/wp\/v2\/posts\/28095\/revisions"}],"wp:featuredmedia":[{"embeddable":true,"href":"https:\/\/canal7slp.tv\/2019\/wp-json\/wp\/v2\/media\/28096"}],"wp:attachment":[{"href":"https:\/\/canal7slp.tv\/2019\/wp-json\/wp\/v2\/media?parent=28095"}],"wp:term":[{"taxonomy":"category","embeddable":true,"href":"https:\/\/canal7slp.tv\/2019\/wp-json\/wp\/v2\/categories?post=28095"},{"taxonomy":"post_tag","embeddable":true,"href":"https:\/\/canal7slp.tv\/2019\/wp-json\/wp\/v2\/tags?post=28095"}],"curies":[{"name":"wp","href":"https:\/\/api.w.org\/{rel}","templated":true}]}}