{"id":27295,"date":"2019-07-04T18:10:27","date_gmt":"2019-07-04T23:10:27","guid":{"rendered":"https:\/\/canal7slp.tv\/2019\/?p=27295"},"modified":"2019-07-04T18:10:27","modified_gmt":"2019-07-04T23:10:27","slug":"se-suman-camaras-empresariales-a-dispositivo-vida-o-bebida","status":"publish","type":"post","link":"https:\/\/canal7slp.tv\/2019\/se-suman-camaras-empresariales-a-dispositivo-vida-o-bebida\/","title":{"rendered":"Se suman C\u00e1maras Empresariales a dispositivo &#8220;Vida o Bebida&#8221;"},"content":{"rendered":"<p style=\"text-align: justify;\">&#8211; IP participar\u00e1 en la difusi\u00f3n de la campa\u00f1a preventiva; lamentan que CEDH ya no participe.<\/p>\n<p style=\"text-align: justify;\">SLP.- \u201cHay que sumarnos a la difusi\u00f3n de la campa\u00f1a por medio de c\u00e1psulas informativas, folleter\u00eda y apoyo en transporte p\u00fablico\u201d, declar\u00f3 Alejandro P\u00e9rez Garc\u00eda, Presidente de CANACO &#8211; SERVYTUR en San Luis Potos\u00ed.<\/p>\n<p style=\"text-align: justify;\">La Direcci\u00f3n General de Seguridad Publica, fue sede de una mesa de trabajo entre autoridades municipales y representantes de las C\u00e1maras Empresariales donde, la propuesta de implementar el Dispositivo Preventivo \u201cVida o Bebida\u201d de manera itinerante fue respaldada.<\/p>\n<p style=\"text-align: justify;\">De la reuni\u00f3n result\u00f3, que las c\u00e1maras empresariales se sumaran a los dispositivos \u201cVida o Bebida\u201d, con el objetivo de mantener transparencia y sean observadores de la implementaci\u00f3n de la estrategia preventiva.<\/p>\n<p style=\"text-align: justify;\">Los representantes de las c\u00e1maras, mencionaron que esta iniciativa ayuda a reducir el \u00edndice de accidentes viales en la capital, ya que algunos ciudadanos conducen bajo los influjos del alcohol, sin pensar en lo que implica un accidente vial en donde en algunos casos puede ser mortal.<\/p>\n<p style=\"text-align: justify;\">De igual forma, lamentaron que la Comisi\u00f3n Estatal de Derechos Humanos retire su participaci\u00f3n en la implementaci\u00f3n del dispositivo, al tiempo que se manifestaron a favor de que sea el personal de la Coordinaci\u00f3n Municipal de Derechos Humanos quien est\u00e9 presente durante el desarrollo del operativo.<\/p>\n<p style=\"text-align: justify;\">Por otra parte Jaime Chalita Zarur, presidente de la Confederaci\u00f3n Patronal de la Rep\u00fablica Mexicana (Coparmex), indic\u00f3 que se tendr\u00e1 que trabajar en reforzar el debido respeto a los polic\u00edas durante la implementaci\u00f3n del operativo, ya que en muchos casos son agredidos por ciudadanos que conducen en estado de ebriedad.<\/p>\n<p style=\"text-align: justify;\">El Sector Privado aval\u00f3 la propuesta de mantener en puntos estrat\u00e9gicos y de manera itinerante el dispositivo, ya que as\u00ed tendr\u00e1 alcance con m\u00e1s ciudadanos y podr\u00e1n informar el riesgo que tiene combinar el volante con el alcohol, ya que la finalidad es preventiva y no recaudatoria, al mismo tiempo que coadyuvan con la autoridad a favor de la ciudadan\u00eda.<\/p>\n<p style=\"text-align: justify;\">En la reuni\u00f3n estuvo presente el director de Polic\u00eda Vial, Filem\u00f3n Ju\u00e1rez Santana; Israel V\u00e1zquez, director de Fuerzas Municipales de la DGSPM, as\u00ed como el regidor Christian Azuara; Jaime Chalita Zarur presidente de COPARMEX; Alejandro P\u00e9rez Rodr\u00edguez directivo de CANACO; Adri\u00e1n \u00c1lvarez Botello, Director de Protecci\u00f3n Civil Municipal; Olga Liliana Palacios, Coordinadora Municipal de Derechos Humanos; personal de la Direcci\u00f3n General de Seguridad P\u00fablica del Estado (DGSPE) y mandos de la corporaci\u00f3n municipal.<\/p>\n","protected":false},"excerpt":{"rendered":"<p>&#8211; IP participar\u00e1 en la difusi\u00f3n de la campa\u00f1a preventiva; lamentan que CEDH ya no participe. SLP.- \u201cHay que sumarnos a la difusi\u00f3n de la campa\u00f1a por medio de c\u00e1psulas informativas, folleter\u00eda y apoyo en transporte p\u00fablico\u201d, declar\u00f3 Alejandro P\u00e9rez Garc\u00eda, Presidente de CANACO &#8211; SERVYTUR en San Luis Potos\u00ed. La Direcci\u00f3n General de Seguridad [&hellip;]<\/p>\n","protected":false},"author":2,"featured_media":27296,"comment_status":"open","ping_status":"closed","sticky":false,"template":"","format":"standard","meta":{"footnotes":""},"categories":[17],"tags":[],"class_list":["post-27295","post","type-post","status-publish","format-standard","has-post-thumbnail","hentry","category-localesyregionales"],"yoast_head":"<!-- This site is optimized with the Yoast SEO plugin v27.5 - https:\/\/yoast.com\/product\/yoast-seo-wordpress\/ -->\n<title>Se suman C\u00e1maras Empresariales a dispositivo &quot;Vida o Bebida&quot; - Canal 7 SLP - 2019<\/title>\n<meta name=\"robots\" content=\"index, follow, max-snippet:-1, max-image-preview:large, max-video-preview:-1\" \/>\n<link rel=\"canonical\" href=\"https:\/\/canal7slp.tv\/2019\/se-suman-camaras-empresariales-a-dispositivo-vida-o-bebida\/\" \/>\n<meta property=\"og:locale\" content=\"es_ES\" \/>\n<meta property=\"og:type\" content=\"article\" \/>\n<meta property=\"og:title\" content=\"Se suman C\u00e1maras Empresariales a dispositivo &quot;Vida o Bebida&quot; - Canal 7 SLP - 2019\" \/>\n<meta property=\"og:description\" content=\"&#8211; IP participar\u00e1 en la difusi\u00f3n de la campa\u00f1a preventiva; lamentan que CEDH ya no participe. SLP.- \u201cHay que sumarnos a la difusi\u00f3n de la campa\u00f1a por medio de c\u00e1psulas informativas, folleter\u00eda y apoyo en transporte p\u00fablico\u201d, declar\u00f3 Alejandro P\u00e9rez Garc\u00eda, Presidente de CANACO &#8211; SERVYTUR en San Luis Potos\u00ed. La Direcci\u00f3n General de Seguridad [&hellip;]\" \/>\n<meta property=\"og:url\" content=\"https:\/\/canal7slp.tv\/2019\/se-suman-camaras-empresariales-a-dispositivo-vida-o-bebida\/\" \/>\n<meta property=\"og:site_name\" content=\"Canal 7 SLP - 2019\" \/>\n<meta property=\"article:publisher\" content=\"https:\/\/www.facebook.com\/CANAL7SLP\/\" \/>\n<meta property=\"article:published_time\" content=\"2019-07-04T23:10:27+00:00\" \/>\n<meta property=\"og:image\" content=\"https:\/\/canal7slp.tv\/2019\/wp-content\/uploads\/2019\/07\/zz2-1-e1562281810319.jpg\" \/>\n\t<meta property=\"og:image:width\" content=\"615\" \/>\n\t<meta property=\"og:image:height\" content=\"410\" \/>\n\t<meta property=\"og:image:type\" content=\"image\/jpeg\" \/>\n<meta name=\"author\" content=\"edicionweb\" \/>\n<meta name=\"twitter:card\" content=\"summary_large_image\" \/>\n<meta name=\"twitter:creator\" content=\"@canal7_slp\" \/>\n<meta name=\"twitter:site\" content=\"@canal7_slp\" \/>\n<meta name=\"twitter:label1\" content=\"Escrito por\" \/>\n\t<meta name=\"twitter:data1\" content=\"edicionweb\" \/>\n\t<meta name=\"twitter:label2\" content=\"Tiempo de lectura\" \/>\n\t<meta name=\"twitter:data2\" content=\"2 minutos\" \/>\n<script type=\"application\/ld+json\" class=\"yoast-schema-graph\">{\"@context\":\"https:\\\/\\\/schema.org\",\"@graph\":[{\"@type\":\"Article\",\"@id\":\"https:\\\/\\\/canal7slp.tv\\\/2019\\\/se-suman-camaras-empresariales-a-dispositivo-vida-o-bebida\\\/#article\",\"isPartOf\":{\"@id\":\"https:\\\/\\\/canal7slp.tv\\\/2019\\\/se-suman-camaras-empresariales-a-dispositivo-vida-o-bebida\\\/\"},\"author\":{\"name\":\"edicionweb\",\"@id\":\"https:\\\/\\\/canal7slp.tv\\\/2019\\\/#\\\/schema\\\/person\\\/11d941c1c6ca30ac0a46b95fa37aa2e3\"},\"headline\":\"Se suman C\u00e1maras Empresariales a dispositivo &#8220;Vida o Bebida&#8221;\",\"datePublished\":\"2019-07-04T23:10:27+00:00\",\"mainEntityOfPage\":{\"@id\":\"https:\\\/\\\/canal7slp.tv\\\/2019\\\/se-suman-camaras-empresariales-a-dispositivo-vida-o-bebida\\\/\"},\"wordCount\":446,\"commentCount\":0,\"publisher\":{\"@id\":\"https:\\\/\\\/canal7slp.tv\\\/2019\\\/#organization\"},\"image\":{\"@id\":\"https:\\\/\\\/canal7slp.tv\\\/2019\\\/se-suman-camaras-empresariales-a-dispositivo-vida-o-bebida\\\/#primaryimage\"},\"thumbnailUrl\":\"https:\\\/\\\/canal7slp.tv\\\/2019\\\/wp-content\\\/uploads\\\/2019\\\/07\\\/zz2-1-e1562281810319.jpg\",\"articleSection\":[\"LOCALES Y REGIONALES\"],\"inLanguage\":\"es\",\"potentialAction\":[{\"@type\":\"CommentAction\",\"name\":\"Comment\",\"target\":[\"https:\\\/\\\/canal7slp.tv\\\/2019\\\/se-suman-camaras-empresariales-a-dispositivo-vida-o-bebida\\\/#respond\"]}]},{\"@type\":\"WebPage\",\"@id\":\"https:\\\/\\\/canal7slp.tv\\\/2019\\\/se-suman-camaras-empresariales-a-dispositivo-vida-o-bebida\\\/\",\"url\":\"https:\\\/\\\/canal7slp.tv\\\/2019\\\/se-suman-camaras-empresariales-a-dispositivo-vida-o-bebida\\\/\",\"name\":\"Se suman C\u00e1maras Empresariales a dispositivo \\\"Vida o Bebida\\\" - Canal 7 SLP - 2019\",\"isPartOf\":{\"@id\":\"https:\\\/\\\/canal7slp.tv\\\/2019\\\/#website\"},\"primaryImageOfPage\":{\"@id\":\"https:\\\/\\\/canal7slp.tv\\\/2019\\\/se-suman-camaras-empresariales-a-dispositivo-vida-o-bebida\\\/#primaryimage\"},\"image\":{\"@id\":\"https:\\\/\\\/canal7slp.tv\\\/2019\\\/se-suman-camaras-empresariales-a-dispositivo-vida-o-bebida\\\/#primaryimage\"},\"thumbnailUrl\":\"https:\\\/\\\/canal7slp.tv\\\/2019\\\/wp-content\\\/uploads\\\/2019\\\/07\\\/zz2-1-e1562281810319.jpg\",\"datePublished\":\"2019-07-04T23:10:27+00:00\",\"breadcrumb\":{\"@id\":\"https:\\\/\\\/canal7slp.tv\\\/2019\\\/se-suman-camaras-empresariales-a-dispositivo-vida-o-bebida\\\/#breadcrumb\"},\"inLanguage\":\"es\",\"potentialAction\":[{\"@type\":\"ReadAction\",\"target\":[\"https:\\\/\\\/canal7slp.tv\\\/2019\\\/se-suman-camaras-empresariales-a-dispositivo-vida-o-bebida\\\/\"]}]},{\"@type\":\"ImageObject\",\"inLanguage\":\"es\",\"@id\":\"https:\\\/\\\/canal7slp.tv\\\/2019\\\/se-suman-camaras-empresariales-a-dispositivo-vida-o-bebida\\\/#primaryimage\",\"url\":\"https:\\\/\\\/canal7slp.tv\\\/2019\\\/wp-content\\\/uploads\\\/2019\\\/07\\\/zz2-1-e1562281810319.jpg\",\"contentUrl\":\"https:\\\/\\\/canal7slp.tv\\\/2019\\\/wp-content\\\/uploads\\\/2019\\\/07\\\/zz2-1-e1562281810319.jpg\",\"width\":615,\"height\":410},{\"@type\":\"BreadcrumbList\",\"@id\":\"https:\\\/\\\/canal7slp.tv\\\/2019\\\/se-suman-camaras-empresariales-a-dispositivo-vida-o-bebida\\\/#breadcrumb\",\"itemListElement\":[{\"@type\":\"ListItem\",\"position\":1,\"name\":\"Home\",\"item\":\"https:\\\/\\\/canal7slp.tv\\\/2019\\\/\"},{\"@type\":\"ListItem\",\"position\":2,\"name\":\"Se suman C\u00e1maras Empresariales a dispositivo &#8220;Vida o Bebida&#8221;\"}]},{\"@type\":\"WebSite\",\"@id\":\"https:\\\/\\\/canal7slp.tv\\\/2019\\\/#website\",\"url\":\"https:\\\/\\\/canal7slp.tv\\\/2019\\\/\",\"name\":\"Canal 7 SLP - Somos TV\",\"description\":\"Somos un Canal de 10\",\"publisher\":{\"@id\":\"https:\\\/\\\/canal7slp.tv\\\/2019\\\/#organization\"},\"potentialAction\":[{\"@type\":\"SearchAction\",\"target\":{\"@type\":\"EntryPoint\",\"urlTemplate\":\"https:\\\/\\\/canal7slp.tv\\\/2019\\\/?s={search_term_string}\"},\"query-input\":{\"@type\":\"PropertyValueSpecification\",\"valueRequired\":true,\"valueName\":\"search_term_string\"}}],\"inLanguage\":\"es\"},{\"@type\":\"Organization\",\"@id\":\"https:\\\/\\\/canal7slp.tv\\\/2019\\\/#organization\",\"name\":\"Comunicaci\u00f3n 2000 S.A. de C.V.\",\"url\":\"https:\\\/\\\/canal7slp.tv\\\/2019\\\/\",\"logo\":{\"@type\":\"ImageObject\",\"inLanguage\":\"es\",\"@id\":\"https:\\\/\\\/canal7slp.tv\\\/2019\\\/#\\\/schema\\\/logo\\\/image\\\/\",\"url\":\"https:\\\/\\\/canal7slp.tv\\\/2019\\\/wp-content\\\/uploads\\\/2019\\\/07\\\/logo-c7.png\",\"contentUrl\":\"https:\\\/\\\/canal7slp.tv\\\/2019\\\/wp-content\\\/uploads\\\/2019\\\/07\\\/logo-c7.png\",\"width\":220,\"height\":60,\"caption\":\"Comunicaci\u00f3n 2000 S.A. de C.V.\"},\"image\":{\"@id\":\"https:\\\/\\\/canal7slp.tv\\\/2019\\\/#\\\/schema\\\/logo\\\/image\\\/\"},\"sameAs\":[\"https:\\\/\\\/www.facebook.com\\\/CANAL7SLP\\\/\",\"https:\\\/\\\/x.com\\\/canal7_slp\",\"https:\\\/\\\/www.instagram.com\\\/canal7_slp\",\"https:\\\/\\\/www.youtube.com\\\/user\\\/NOTICIEROSCANAL7SLP\\\/\"]},{\"@type\":\"Person\",\"@id\":\"https:\\\/\\\/canal7slp.tv\\\/2019\\\/#\\\/schema\\\/person\\\/11d941c1c6ca30ac0a46b95fa37aa2e3\",\"name\":\"edicionweb\",\"image\":{\"@type\":\"ImageObject\",\"inLanguage\":\"es\",\"@id\":\"https:\\\/\\\/secure.gravatar.com\\\/avatar\\\/eee448fc3f7164808013b816ba91ac7e43bbe82a70bebac296f8bc6f0addaa1a?s=96&d=mm&r=g\",\"url\":\"https:\\\/\\\/secure.gravatar.com\\\/avatar\\\/eee448fc3f7164808013b816ba91ac7e43bbe82a70bebac296f8bc6f0addaa1a?s=96&d=mm&r=g\",\"contentUrl\":\"https:\\\/\\\/secure.gravatar.com\\\/avatar\\\/eee448fc3f7164808013b816ba91ac7e43bbe82a70bebac296f8bc6f0addaa1a?s=96&d=mm&r=g\",\"caption\":\"edicionweb\"}}]}<\/script>\n<!-- \/ Yoast SEO plugin. -->","yoast_head_json":{"title":"Se suman C\u00e1maras Empresariales a dispositivo \"Vida o Bebida\" - Canal 7 SLP - 2019","robots":{"index":"index","follow":"follow","max-snippet":"max-snippet:-1","max-image-preview":"max-image-preview:large","max-video-preview":"max-video-preview:-1"},"canonical":"https:\/\/canal7slp.tv\/2019\/se-suman-camaras-empresariales-a-dispositivo-vida-o-bebida\/","og_locale":"es_ES","og_type":"article","og_title":"Se suman C\u00e1maras Empresariales a dispositivo \"Vida o Bebida\" - Canal 7 SLP - 2019","og_description":"&#8211; IP participar\u00e1 en la difusi\u00f3n de la campa\u00f1a preventiva; lamentan que CEDH ya no participe. SLP.- \u201cHay que sumarnos a la difusi\u00f3n de la campa\u00f1a por medio de c\u00e1psulas informativas, folleter\u00eda y apoyo en transporte p\u00fablico\u201d, declar\u00f3 Alejandro P\u00e9rez Garc\u00eda, Presidente de CANACO &#8211; SERVYTUR en San Luis Potos\u00ed. La Direcci\u00f3n General de Seguridad [&hellip;]","og_url":"https:\/\/canal7slp.tv\/2019\/se-suman-camaras-empresariales-a-dispositivo-vida-o-bebida\/","og_site_name":"Canal 7 SLP - 2019","article_publisher":"https:\/\/www.facebook.com\/CANAL7SLP\/","article_published_time":"2019-07-04T23:10:27+00:00","og_image":[{"width":615,"height":410,"url":"https:\/\/canal7slp.tv\/2019\/wp-content\/uploads\/2019\/07\/zz2-1-e1562281810319.jpg","type":"image\/jpeg"}],"author":"edicionweb","twitter_card":"summary_large_image","twitter_creator":"@canal7_slp","twitter_site":"@canal7_slp","twitter_misc":{"Escrito por":"edicionweb","Tiempo de lectura":"2 minutos"},"schema":{"@context":"https:\/\/schema.org","@graph":[{"@type":"Article","@id":"https:\/\/canal7slp.tv\/2019\/se-suman-camaras-empresariales-a-dispositivo-vida-o-bebida\/#article","isPartOf":{"@id":"https:\/\/canal7slp.tv\/2019\/se-suman-camaras-empresariales-a-dispositivo-vida-o-bebida\/"},"author":{"name":"edicionweb","@id":"https:\/\/canal7slp.tv\/2019\/#\/schema\/person\/11d941c1c6ca30ac0a46b95fa37aa2e3"},"headline":"Se suman C\u00e1maras Empresariales a dispositivo &#8220;Vida o Bebida&#8221;","datePublished":"2019-07-04T23:10:27+00:00","mainEntityOfPage":{"@id":"https:\/\/canal7slp.tv\/2019\/se-suman-camaras-empresariales-a-dispositivo-vida-o-bebida\/"},"wordCount":446,"commentCount":0,"publisher":{"@id":"https:\/\/canal7slp.tv\/2019\/#organization"},"image":{"@id":"https:\/\/canal7slp.tv\/2019\/se-suman-camaras-empresariales-a-dispositivo-vida-o-bebida\/#primaryimage"},"thumbnailUrl":"https:\/\/canal7slp.tv\/2019\/wp-content\/uploads\/2019\/07\/zz2-1-e1562281810319.jpg","articleSection":["LOCALES Y REGIONALES"],"inLanguage":"es","potentialAction":[{"@type":"CommentAction","name":"Comment","target":["https:\/\/canal7slp.tv\/2019\/se-suman-camaras-empresariales-a-dispositivo-vida-o-bebida\/#respond"]}]},{"@type":"WebPage","@id":"https:\/\/canal7slp.tv\/2019\/se-suman-camaras-empresariales-a-dispositivo-vida-o-bebida\/","url":"https:\/\/canal7slp.tv\/2019\/se-suman-camaras-empresariales-a-dispositivo-vida-o-bebida\/","name":"Se suman C\u00e1maras Empresariales a dispositivo \"Vida o Bebida\" - Canal 7 SLP - 2019","isPartOf":{"@id":"https:\/\/canal7slp.tv\/2019\/#website"},"primaryImageOfPage":{"@id":"https:\/\/canal7slp.tv\/2019\/se-suman-camaras-empresariales-a-dispositivo-vida-o-bebida\/#primaryimage"},"image":{"@id":"https:\/\/canal7slp.tv\/2019\/se-suman-camaras-empresariales-a-dispositivo-vida-o-bebida\/#primaryimage"},"thumbnailUrl":"https:\/\/canal7slp.tv\/2019\/wp-content\/uploads\/2019\/07\/zz2-1-e1562281810319.jpg","datePublished":"2019-07-04T23:10:27+00:00","breadcrumb":{"@id":"https:\/\/canal7slp.tv\/2019\/se-suman-camaras-empresariales-a-dispositivo-vida-o-bebida\/#breadcrumb"},"inLanguage":"es","potentialAction":[{"@type":"ReadAction","target":["https:\/\/canal7slp.tv\/2019\/se-suman-camaras-empresariales-a-dispositivo-vida-o-bebida\/"]}]},{"@type":"ImageObject","inLanguage":"es","@id":"https:\/\/canal7slp.tv\/2019\/se-suman-camaras-empresariales-a-dispositivo-vida-o-bebida\/#primaryimage","url":"https:\/\/canal7slp.tv\/2019\/wp-content\/uploads\/2019\/07\/zz2-1-e1562281810319.jpg","contentUrl":"https:\/\/canal7slp.tv\/2019\/wp-content\/uploads\/2019\/07\/zz2-1-e1562281810319.jpg","width":615,"height":410},{"@type":"BreadcrumbList","@id":"https:\/\/canal7slp.tv\/2019\/se-suman-camaras-empresariales-a-dispositivo-vida-o-bebida\/#breadcrumb","itemListElement":[{"@type":"ListItem","position":1,"name":"Home","item":"https:\/\/canal7slp.tv\/2019\/"},{"@type":"ListItem","position":2,"name":"Se suman C\u00e1maras Empresariales a dispositivo &#8220;Vida o Bebida&#8221;"}]},{"@type":"WebSite","@id":"https:\/\/canal7slp.tv\/2019\/#website","url":"https:\/\/canal7slp.tv\/2019\/","name":"Canal 7 SLP - Somos TV","description":"Somos un Canal de 10","publisher":{"@id":"https:\/\/canal7slp.tv\/2019\/#organization"},"potentialAction":[{"@type":"SearchAction","target":{"@type":"EntryPoint","urlTemplate":"https:\/\/canal7slp.tv\/2019\/?s={search_term_string}"},"query-input":{"@type":"PropertyValueSpecification","valueRequired":true,"valueName":"search_term_string"}}],"inLanguage":"es"},{"@type":"Organization","@id":"https:\/\/canal7slp.tv\/2019\/#organization","name":"Comunicaci\u00f3n 2000 S.A. de C.V.","url":"https:\/\/canal7slp.tv\/2019\/","logo":{"@type":"ImageObject","inLanguage":"es","@id":"https:\/\/canal7slp.tv\/2019\/#\/schema\/logo\/image\/","url":"https:\/\/canal7slp.tv\/2019\/wp-content\/uploads\/2019\/07\/logo-c7.png","contentUrl":"https:\/\/canal7slp.tv\/2019\/wp-content\/uploads\/2019\/07\/logo-c7.png","width":220,"height":60,"caption":"Comunicaci\u00f3n 2000 S.A. de C.V."},"image":{"@id":"https:\/\/canal7slp.tv\/2019\/#\/schema\/logo\/image\/"},"sameAs":["https:\/\/www.facebook.com\/CANAL7SLP\/","https:\/\/x.com\/canal7_slp","https:\/\/www.instagram.com\/canal7_slp","https:\/\/www.youtube.com\/user\/NOTICIEROSCANAL7SLP\/"]},{"@type":"Person","@id":"https:\/\/canal7slp.tv\/2019\/#\/schema\/person\/11d941c1c6ca30ac0a46b95fa37aa2e3","name":"edicionweb","image":{"@type":"ImageObject","inLanguage":"es","@id":"https:\/\/secure.gravatar.com\/avatar\/eee448fc3f7164808013b816ba91ac7e43bbe82a70bebac296f8bc6f0addaa1a?s=96&d=mm&r=g","url":"https:\/\/secure.gravatar.com\/avatar\/eee448fc3f7164808013b816ba91ac7e43bbe82a70bebac296f8bc6f0addaa1a?s=96&d=mm&r=g","contentUrl":"https:\/\/secure.gravatar.com\/avatar\/eee448fc3f7164808013b816ba91ac7e43bbe82a70bebac296f8bc6f0addaa1a?s=96&d=mm&r=g","caption":"edicionweb"}}]}},"amp_enabled":true,"cmb2":{"video_ids_in_playlist":{"vid_p_videos":""},"video_ids_in_channel":{"vid_c_videos":""},"playlist_ids_in_channel":{"vid_c_playlists":""},"series_ids_in_channel":{"vid_c_series":""},"channel_images":{"vid_c_logo":"","vid_c_banner":""},"poster_feature_image":{"vid_m_poster_image":""},"gif_feature_image":{"vid_m_gif_image":""},"video_movie_settings":{"vid_m_director":"","vid_m_actor":"","vid_m_imdb_ratings":"","vid_m_amazon_associates":""},"vid_youtube_broadcasts_settings":{"vid_yb_broadcast_title":"","vid_yb_q":"","vid_yb_channelid":"","vid_yb_videocategoryid":"","vid_yb_maxresults":"","vid_yb_order":"","vid_yb_regioncode":"","vid_yb_videosyndicated":"","vid_yb_style":"","vid_yb_reload_first":""},"video_series_settings":{"vid_m_director":"","vid_m_actor":"","vid_m_imdb_ratings":"","video_series_group":""},"amazon_associates_settings":{"amazon_associates":"","amazon_native_ad":""},"vid_youtube_automatic_settings":{"vid_ya_youtube_source":"","vid_ya_update_every":"","vid_ya_update_unit":"","vid_ya_categories":"","vid_ya_published_after":"","vid_ya_published_before":"","vid_ya_playlists":"","vid_ya_channels":"","vid_ya_director":"","vid_ya_actor":"","vid_ya_author":"","vid_ya_import_post_date":"","vid_ya_status":"","vid_ya_sub_api_key":""},"vid_ads_m_videoads_settings_post":{"vid_ads_m_video_ads":"","vid_ads_m_video_ads_type":"","vid_ads_m_group_google_ima":"","vid_ads_m_group_image":"","vid_ads_m_group_html5_video":"","vid_ads_m_group_html":"","vid_ads_m_vast_preroll":"","vid_ads_m_vast_postroll":"","vid_ads_m_vast_pauseroll":"","vid_ads_m_vast_midroll":[{"vid_ads_m_vast_timer_seconds":"50"}],"vid_ads_m_time_to_show_ads":"","vid_ads_m_time_skip_ads":"","vid_ads_m_time_to_hide_ads":""},"page_slider_settings":{"display_slider_group":"","page_slider_group":""},"blog_page_settings":{"blog_page_title":"","blog_page_heading":"","blog_page_ic":"","blog_page_it":"","blog_page_ec":"","blog_page_ip":"","archive_loop_style":"","blog_image_ratio":"","blog_show_categories":"","blog_show_excerpt":"","blog_show_author":"","blog_show_date":"","blog_show_comment_count":"","blog_show_view_count":"","blog_show_like_count":"","blog_show_dislike_count":"","blog_items_per_page":"","blog_pag_type":""},"page_options":{"get_page_template":"","color_mode":"","main_layout":"","main_layout_full_with":"","main_logo":"","main_logo_retina":"","main_logo_mobile":"","main_logo_mobile_retina":"","sticky_logo":"","sticky_logo_retina":"","main_nav_layout":"","ajax_search":"","header_background":"","theme_sidebar":"","instagram_feed":"","instagram_feed_position":"","popular_videos":"","popular_videos_title_1":"","popular_videos_title_2":"","popular_videos_ic":"","popular_videos_it":"","theme_background":"","page_custom_css":""},"feature_image_settings":{"feature_image_position":""},"video_player_settings":{"single_video_style":"","video_player_position":"","vm_video_url":"","video_player_library":"","video_streaming":"","vm_media_sources":"","vid_auto_play":"","vm_video_shortcode":"","vid_p_sync_playlist":"","vid_c_sync_channel":"","get_post_format":"","multiple_links_structure":"default","multi_links_title":"","vm_video_multi_links":"","vm_duration":"","vid_social_locker":"off","vid_social_locker_id":"","vid_membership_action":"content-video","vm_video_trailer_url":"","vid_download_type":"free","vid_download_target":"download","vid_woo_product":"","vm_media_download":"","user_rating":"","user_rating_position":"","user_rating_mode":"","user_rating_multi_sets":""},"video_auto_fetch_settings":{"vm_video_fetch":"on"},"video_fake_views_likes":{"vm_fake_views":"","vm_fake_likes":"","vm_fake_dislikes":""},"gallery_settings":{"gallery_position":""},"quote_settings":{"quote_position":""},"post_options":{"main_layout":"","main_logo":"","main_logo_retina":"","main_logo_mobile":"","main_logo_mobile_retina":"","sticky_logo":"","sticky_logo_retina":"","main_nav_layout":"","header_background":"","theme_sidebar":"","single_post_comment_type":"","theme_background":""}},"_links":{"self":[{"href":"https:\/\/canal7slp.tv\/2019\/wp-json\/wp\/v2\/posts\/27295","targetHints":{"allow":["GET"]}}],"collection":[{"href":"https:\/\/canal7slp.tv\/2019\/wp-json\/wp\/v2\/posts"}],"about":[{"href":"https:\/\/canal7slp.tv\/2019\/wp-json\/wp\/v2\/types\/post"}],"author":[{"embeddable":true,"href":"https:\/\/canal7slp.tv\/2019\/wp-json\/wp\/v2\/users\/2"}],"replies":[{"embeddable":true,"href":"https:\/\/canal7slp.tv\/2019\/wp-json\/wp\/v2\/comments?post=27295"}],"version-history":[{"count":0,"href":"https:\/\/canal7slp.tv\/2019\/wp-json\/wp\/v2\/posts\/27295\/revisions"}],"wp:featuredmedia":[{"embeddable":true,"href":"https:\/\/canal7slp.tv\/2019\/wp-json\/wp\/v2\/media\/27296"}],"wp:attachment":[{"href":"https:\/\/canal7slp.tv\/2019\/wp-json\/wp\/v2\/media?parent=27295"}],"wp:term":[{"taxonomy":"category","embeddable":true,"href":"https:\/\/canal7slp.tv\/2019\/wp-json\/wp\/v2\/categories?post=27295"},{"taxonomy":"post_tag","embeddable":true,"href":"https:\/\/canal7slp.tv\/2019\/wp-json\/wp\/v2\/tags?post=27295"}],"curies":[{"name":"wp","href":"https:\/\/api.w.org\/{rel}","templated":true}]}}