{"id":26800,"date":"2019-07-03T19:24:04","date_gmt":"2019-07-04T00:24:04","guid":{"rendered":"https:\/\/canal7slp.tv\/2019\/?p=26800"},"modified":"2019-07-03T19:24:04","modified_gmt":"2019-07-04T00:24:04","slug":"doce-atletas-potosinos-participaran-en-los-juegos-panamericanos-lima-2019","status":"publish","type":"post","link":"https:\/\/canal7slp.tv\/2019\/doce-atletas-potosinos-participaran-en-los-juegos-panamericanos-lima-2019\/","title":{"rendered":"Doce atletas potosinos participar\u00e1n en los Juegos Panamericanos Lima 2019"},"content":{"rendered":"<p style=\"text-align: justify;\">\u2022 Para competir en ocho disciplinas asistir\u00e1n siete mujeres y cinco hombres.<\/p>\n<p style=\"text-align: justify;\">\u2022 Los juegos en tierras incas se desarrollar\u00e1n del 6 de julio al 11 de agosto.<\/p>\n<p style=\"text-align: justify;\">SLP.- Deportistas nacidos en San Luis Potos\u00ed se sumar\u00e1n a la Delegaci\u00f3n Mexicana que competir\u00e1 en la d\u00e9cima octava edici\u00f3n de los Juegos Panamericanos, que se llevar\u00e1n a cabo en Lima Per\u00fa, desde el 26 de julio hasta el 11 de agosto; se trata de doce atletas que se encuentran en etapa final de su preparaci\u00f3n en disciplinas como b\u00e1dminton, gimnasia, levantamiento de pesas, nataci\u00f3n, racquetbol, squash tenis y tiro con pistola.<\/p>\n<p style=\"text-align: justify;\">Los y las potosinas forman parte de los 544 atletas que conformar\u00e1n el representativo nacional en tierras incas y donde tomar\u00e1n parte 6 mil 680 deportistas de 41 naciones en 39 deportes.<\/p>\n<p style=\"text-align: justify;\">En la justa panamericana para la cual faltan 25 d\u00edas, veremos a la gimnasta Paulina Campos, la badmintonista Sabrina Sol\u00eds, la tenista Marcela Zacar\u00edas Valle, las racquetbolista Paola Michelle Longoria L\u00f3pez y Montserrat Mej\u00eda de la Torre.<\/p>\n<p style=\"text-align: justify;\">Adem\u00e1s, los nadadores Mar\u00eda Jos\u00e9 Mata Cocco, Jorge Andr\u00e9s Iga C\u00e9sar y Andy Song An; los squashistas Arturo Salazar Mart\u00ednez y C\u00e9sar Salazar Mart\u00ednez; David P\u00e9rez Arredondo de la disciplina de Tiro con Pistola, y en los juegos Parapanamericanos, San Luis Potos\u00ed y M\u00e9xico estar\u00e1 representado por Mar\u00eda del Socorro Lira Partida especialista en power lifting.<\/p>\n<p style=\"text-align: justify;\">Los XVIII Juegos Panamericanos Lima 2019 se inaugurar\u00e1n el 26 de julio, en una ceremonia que se desarrollar\u00e1 en el Estadio Nacional. El certamen continental tendr\u00e1 como sedes la Villa Deportiva Nacional Videna-San Luis, el Complejo Deportivo Villa Mar\u00eda del Triunfo, la Villa Deportiva Regional del Callao, el Polideportivo de Villa El Salvador, el Centro de Alto Rendimiento del Surf Playa Punta Rocas entre los principales escenarios.<\/p>\n<p style=\"text-align: justify;\">En los Juegos Panamericanos se celebrar\u00e1n un total de 39 deportes que incluyen un n\u00famero de 61 disciplinas en las que se competir\u00e1 por las medallas de oro, plata y bronce. Los Juegos Parapanamericanos Lima 2019 iniciar\u00e1n el 23 de agosto.<\/p>\n","protected":false},"excerpt":{"rendered":"<p>\u2022 Para competir en ocho disciplinas asistir\u00e1n siete mujeres y cinco hombres. \u2022 Los juegos en tierras incas se desarrollar\u00e1n del 6 de julio al 11 de agosto. SLP.- Deportistas nacidos en San Luis Potos\u00ed se sumar\u00e1n a la Delegaci\u00f3n Mexicana que competir\u00e1 en la d\u00e9cima octava edici\u00f3n de los Juegos Panamericanos, que se llevar\u00e1n [&hellip;]<\/p>\n","protected":false},"author":2,"featured_media":26814,"comment_status":"open","ping_status":"closed","sticky":false,"template":"","format":"standard","meta":{"footnotes":""},"categories":[17],"tags":[111,1161],"class_list":["post-26800","post","type-post","status-publish","format-standard","has-post-thumbnail","hentry","category-localesyregionales","tag-gobierno-slp","tag-juegos-panamericanos-lima-2019"],"yoast_head":"<!-- This site is optimized with the Yoast SEO plugin v27.4 - https:\/\/yoast.com\/product\/yoast-seo-wordpress\/ -->\n<title>Doce atletas potosinos participar\u00e1n en los Juegos Panamericanos Lima 2019 - Canal 7 SLP - 2019<\/title>\n<meta name=\"robots\" content=\"index, follow, max-snippet:-1, max-image-preview:large, max-video-preview:-1\" \/>\n<link rel=\"canonical\" href=\"https:\/\/canal7slp.tv\/2019\/doce-atletas-potosinos-participaran-en-los-juegos-panamericanos-lima-2019\/\" \/>\n<meta property=\"og:locale\" content=\"es_ES\" \/>\n<meta property=\"og:type\" content=\"article\" \/>\n<meta property=\"og:title\" content=\"Doce atletas potosinos participar\u00e1n en los Juegos Panamericanos Lima 2019 - Canal 7 SLP - 2019\" \/>\n<meta property=\"og:description\" content=\"\u2022 Para competir en ocho disciplinas asistir\u00e1n siete mujeres y cinco hombres. \u2022 Los juegos en tierras incas se desarrollar\u00e1n del 6 de julio al 11 de agosto. SLP.- Deportistas nacidos en San Luis Potos\u00ed se sumar\u00e1n a la Delegaci\u00f3n Mexicana que competir\u00e1 en la d\u00e9cima octava edici\u00f3n de los Juegos Panamericanos, que se llevar\u00e1n [&hellip;]\" \/>\n<meta property=\"og:url\" content=\"https:\/\/canal7slp.tv\/2019\/doce-atletas-potosinos-participaran-en-los-juegos-panamericanos-lima-2019\/\" \/>\n<meta property=\"og:site_name\" content=\"Canal 7 SLP - 2019\" \/>\n<meta property=\"article:publisher\" content=\"https:\/\/www.facebook.com\/CANAL7SLP\/\" \/>\n<meta property=\"article:published_time\" content=\"2019-07-04T00:24:04+00:00\" \/>\n<meta property=\"og:image\" content=\"https:\/\/canal7slp.tv\/2019\/wp-content\/uploads\/2019\/07\/gob6-1.jpg\" \/>\n\t<meta property=\"og:image:width\" content=\"683\" \/>\n\t<meta property=\"og:image:height\" content=\"410\" \/>\n\t<meta property=\"og:image:type\" content=\"image\/jpeg\" \/>\n<meta name=\"author\" content=\"edicionweb\" \/>\n<meta name=\"twitter:card\" content=\"summary_large_image\" \/>\n<meta name=\"twitter:creator\" content=\"@canal7_slp\" \/>\n<meta name=\"twitter:site\" content=\"@canal7_slp\" \/>\n<meta name=\"twitter:label1\" content=\"Escrito por\" \/>\n\t<meta name=\"twitter:data1\" content=\"edicionweb\" \/>\n\t<meta name=\"twitter:label2\" content=\"Tiempo de lectura\" \/>\n\t<meta name=\"twitter:data2\" content=\"2 minutos\" \/>\n<script type=\"application\/ld+json\" class=\"yoast-schema-graph\">{\"@context\":\"https:\\\/\\\/schema.org\",\"@graph\":[{\"@type\":\"Article\",\"@id\":\"https:\\\/\\\/canal7slp.tv\\\/2019\\\/doce-atletas-potosinos-participaran-en-los-juegos-panamericanos-lima-2019\\\/#article\",\"isPartOf\":{\"@id\":\"https:\\\/\\\/canal7slp.tv\\\/2019\\\/doce-atletas-potosinos-participaran-en-los-juegos-panamericanos-lima-2019\\\/\"},\"author\":{\"name\":\"edicionweb\",\"@id\":\"https:\\\/\\\/canal7slp.tv\\\/2019\\\/#\\\/schema\\\/person\\\/11d941c1c6ca30ac0a46b95fa37aa2e3\"},\"headline\":\"Doce atletas potosinos participar\u00e1n en los Juegos Panamericanos Lima 2019\",\"datePublished\":\"2019-07-04T00:24:04+00:00\",\"mainEntityOfPage\":{\"@id\":\"https:\\\/\\\/canal7slp.tv\\\/2019\\\/doce-atletas-potosinos-participaran-en-los-juegos-panamericanos-lima-2019\\\/\"},\"wordCount\":358,\"commentCount\":0,\"publisher\":{\"@id\":\"https:\\\/\\\/canal7slp.tv\\\/2019\\\/#organization\"},\"image\":{\"@id\":\"https:\\\/\\\/canal7slp.tv\\\/2019\\\/doce-atletas-potosinos-participaran-en-los-juegos-panamericanos-lima-2019\\\/#primaryimage\"},\"thumbnailUrl\":\"https:\\\/\\\/canal7slp.tv\\\/2019\\\/wp-content\\\/uploads\\\/2019\\\/07\\\/gob6-1.jpg\",\"keywords\":[\"Gobierno SLP\",\"Juegos Panamericanos Lima 2019\"],\"articleSection\":[\"LOCALES Y REGIONALES\"],\"inLanguage\":\"es\",\"potentialAction\":[{\"@type\":\"CommentAction\",\"name\":\"Comment\",\"target\":[\"https:\\\/\\\/canal7slp.tv\\\/2019\\\/doce-atletas-potosinos-participaran-en-los-juegos-panamericanos-lima-2019\\\/#respond\"]}]},{\"@type\":\"WebPage\",\"@id\":\"https:\\\/\\\/canal7slp.tv\\\/2019\\\/doce-atletas-potosinos-participaran-en-los-juegos-panamericanos-lima-2019\\\/\",\"url\":\"https:\\\/\\\/canal7slp.tv\\\/2019\\\/doce-atletas-potosinos-participaran-en-los-juegos-panamericanos-lima-2019\\\/\",\"name\":\"Doce atletas potosinos participar\u00e1n en los Juegos Panamericanos Lima 2019 - Canal 7 SLP - 2019\",\"isPartOf\":{\"@id\":\"https:\\\/\\\/canal7slp.tv\\\/2019\\\/#website\"},\"primaryImageOfPage\":{\"@id\":\"https:\\\/\\\/canal7slp.tv\\\/2019\\\/doce-atletas-potosinos-participaran-en-los-juegos-panamericanos-lima-2019\\\/#primaryimage\"},\"image\":{\"@id\":\"https:\\\/\\\/canal7slp.tv\\\/2019\\\/doce-atletas-potosinos-participaran-en-los-juegos-panamericanos-lima-2019\\\/#primaryimage\"},\"thumbnailUrl\":\"https:\\\/\\\/canal7slp.tv\\\/2019\\\/wp-content\\\/uploads\\\/2019\\\/07\\\/gob6-1.jpg\",\"datePublished\":\"2019-07-04T00:24:04+00:00\",\"breadcrumb\":{\"@id\":\"https:\\\/\\\/canal7slp.tv\\\/2019\\\/doce-atletas-potosinos-participaran-en-los-juegos-panamericanos-lima-2019\\\/#breadcrumb\"},\"inLanguage\":\"es\",\"potentialAction\":[{\"@type\":\"ReadAction\",\"target\":[\"https:\\\/\\\/canal7slp.tv\\\/2019\\\/doce-atletas-potosinos-participaran-en-los-juegos-panamericanos-lima-2019\\\/\"]}]},{\"@type\":\"ImageObject\",\"inLanguage\":\"es\",\"@id\":\"https:\\\/\\\/canal7slp.tv\\\/2019\\\/doce-atletas-potosinos-participaran-en-los-juegos-panamericanos-lima-2019\\\/#primaryimage\",\"url\":\"https:\\\/\\\/canal7slp.tv\\\/2019\\\/wp-content\\\/uploads\\\/2019\\\/07\\\/gob6-1.jpg\",\"contentUrl\":\"https:\\\/\\\/canal7slp.tv\\\/2019\\\/wp-content\\\/uploads\\\/2019\\\/07\\\/gob6-1.jpg\",\"width\":683,\"height\":410},{\"@type\":\"BreadcrumbList\",\"@id\":\"https:\\\/\\\/canal7slp.tv\\\/2019\\\/doce-atletas-potosinos-participaran-en-los-juegos-panamericanos-lima-2019\\\/#breadcrumb\",\"itemListElement\":[{\"@type\":\"ListItem\",\"position\":1,\"name\":\"Home\",\"item\":\"https:\\\/\\\/canal7slp.tv\\\/2019\\\/\"},{\"@type\":\"ListItem\",\"position\":2,\"name\":\"Doce atletas potosinos participar\u00e1n en los Juegos Panamericanos Lima 2019\"}]},{\"@type\":\"WebSite\",\"@id\":\"https:\\\/\\\/canal7slp.tv\\\/2019\\\/#website\",\"url\":\"https:\\\/\\\/canal7slp.tv\\\/2019\\\/\",\"name\":\"Canal 7 SLP - Somos TV\",\"description\":\"Somos un Canal de 10\",\"publisher\":{\"@id\":\"https:\\\/\\\/canal7slp.tv\\\/2019\\\/#organization\"},\"potentialAction\":[{\"@type\":\"SearchAction\",\"target\":{\"@type\":\"EntryPoint\",\"urlTemplate\":\"https:\\\/\\\/canal7slp.tv\\\/2019\\\/?s={search_term_string}\"},\"query-input\":{\"@type\":\"PropertyValueSpecification\",\"valueRequired\":true,\"valueName\":\"search_term_string\"}}],\"inLanguage\":\"es\"},{\"@type\":\"Organization\",\"@id\":\"https:\\\/\\\/canal7slp.tv\\\/2019\\\/#organization\",\"name\":\"Comunicaci\u00f3n 2000 S.A. de C.V.\",\"url\":\"https:\\\/\\\/canal7slp.tv\\\/2019\\\/\",\"logo\":{\"@type\":\"ImageObject\",\"inLanguage\":\"es\",\"@id\":\"https:\\\/\\\/canal7slp.tv\\\/2019\\\/#\\\/schema\\\/logo\\\/image\\\/\",\"url\":\"https:\\\/\\\/canal7slp.tv\\\/2019\\\/wp-content\\\/uploads\\\/2019\\\/07\\\/logo-c7.png\",\"contentUrl\":\"https:\\\/\\\/canal7slp.tv\\\/2019\\\/wp-content\\\/uploads\\\/2019\\\/07\\\/logo-c7.png\",\"width\":220,\"height\":60,\"caption\":\"Comunicaci\u00f3n 2000 S.A. de C.V.\"},\"image\":{\"@id\":\"https:\\\/\\\/canal7slp.tv\\\/2019\\\/#\\\/schema\\\/logo\\\/image\\\/\"},\"sameAs\":[\"https:\\\/\\\/www.facebook.com\\\/CANAL7SLP\\\/\",\"https:\\\/\\\/x.com\\\/canal7_slp\",\"https:\\\/\\\/www.instagram.com\\\/canal7_slp\",\"https:\\\/\\\/www.youtube.com\\\/user\\\/NOTICIEROSCANAL7SLP\\\/\"]},{\"@type\":\"Person\",\"@id\":\"https:\\\/\\\/canal7slp.tv\\\/2019\\\/#\\\/schema\\\/person\\\/11d941c1c6ca30ac0a46b95fa37aa2e3\",\"name\":\"edicionweb\",\"image\":{\"@type\":\"ImageObject\",\"inLanguage\":\"es\",\"@id\":\"https:\\\/\\\/secure.gravatar.com\\\/avatar\\\/eee448fc3f7164808013b816ba91ac7e43bbe82a70bebac296f8bc6f0addaa1a?s=96&d=mm&r=g\",\"url\":\"https:\\\/\\\/secure.gravatar.com\\\/avatar\\\/eee448fc3f7164808013b816ba91ac7e43bbe82a70bebac296f8bc6f0addaa1a?s=96&d=mm&r=g\",\"contentUrl\":\"https:\\\/\\\/secure.gravatar.com\\\/avatar\\\/eee448fc3f7164808013b816ba91ac7e43bbe82a70bebac296f8bc6f0addaa1a?s=96&d=mm&r=g\",\"caption\":\"edicionweb\"}}]}<\/script>\n<!-- \/ Yoast SEO plugin. -->","yoast_head_json":{"title":"Doce atletas potosinos participar\u00e1n en los Juegos Panamericanos Lima 2019 - Canal 7 SLP - 2019","robots":{"index":"index","follow":"follow","max-snippet":"max-snippet:-1","max-image-preview":"max-image-preview:large","max-video-preview":"max-video-preview:-1"},"canonical":"https:\/\/canal7slp.tv\/2019\/doce-atletas-potosinos-participaran-en-los-juegos-panamericanos-lima-2019\/","og_locale":"es_ES","og_type":"article","og_title":"Doce atletas potosinos participar\u00e1n en los Juegos Panamericanos Lima 2019 - Canal 7 SLP - 2019","og_description":"\u2022 Para competir en ocho disciplinas asistir\u00e1n siete mujeres y cinco hombres. \u2022 Los juegos en tierras incas se desarrollar\u00e1n del 6 de julio al 11 de agosto. SLP.- Deportistas nacidos en San Luis Potos\u00ed se sumar\u00e1n a la Delegaci\u00f3n Mexicana que competir\u00e1 en la d\u00e9cima octava edici\u00f3n de los Juegos Panamericanos, que se llevar\u00e1n [&hellip;]","og_url":"https:\/\/canal7slp.tv\/2019\/doce-atletas-potosinos-participaran-en-los-juegos-panamericanos-lima-2019\/","og_site_name":"Canal 7 SLP - 2019","article_publisher":"https:\/\/www.facebook.com\/CANAL7SLP\/","article_published_time":"2019-07-04T00:24:04+00:00","og_image":[{"width":683,"height":410,"url":"https:\/\/canal7slp.tv\/2019\/wp-content\/uploads\/2019\/07\/gob6-1.jpg","type":"image\/jpeg"}],"author":"edicionweb","twitter_card":"summary_large_image","twitter_creator":"@canal7_slp","twitter_site":"@canal7_slp","twitter_misc":{"Escrito por":"edicionweb","Tiempo de lectura":"2 minutos"},"schema":{"@context":"https:\/\/schema.org","@graph":[{"@type":"Article","@id":"https:\/\/canal7slp.tv\/2019\/doce-atletas-potosinos-participaran-en-los-juegos-panamericanos-lima-2019\/#article","isPartOf":{"@id":"https:\/\/canal7slp.tv\/2019\/doce-atletas-potosinos-participaran-en-los-juegos-panamericanos-lima-2019\/"},"author":{"name":"edicionweb","@id":"https:\/\/canal7slp.tv\/2019\/#\/schema\/person\/11d941c1c6ca30ac0a46b95fa37aa2e3"},"headline":"Doce atletas potosinos participar\u00e1n en los Juegos Panamericanos Lima 2019","datePublished":"2019-07-04T00:24:04+00:00","mainEntityOfPage":{"@id":"https:\/\/canal7slp.tv\/2019\/doce-atletas-potosinos-participaran-en-los-juegos-panamericanos-lima-2019\/"},"wordCount":358,"commentCount":0,"publisher":{"@id":"https:\/\/canal7slp.tv\/2019\/#organization"},"image":{"@id":"https:\/\/canal7slp.tv\/2019\/doce-atletas-potosinos-participaran-en-los-juegos-panamericanos-lima-2019\/#primaryimage"},"thumbnailUrl":"https:\/\/canal7slp.tv\/2019\/wp-content\/uploads\/2019\/07\/gob6-1.jpg","keywords":["Gobierno SLP","Juegos Panamericanos Lima 2019"],"articleSection":["LOCALES Y REGIONALES"],"inLanguage":"es","potentialAction":[{"@type":"CommentAction","name":"Comment","target":["https:\/\/canal7slp.tv\/2019\/doce-atletas-potosinos-participaran-en-los-juegos-panamericanos-lima-2019\/#respond"]}]},{"@type":"WebPage","@id":"https:\/\/canal7slp.tv\/2019\/doce-atletas-potosinos-participaran-en-los-juegos-panamericanos-lima-2019\/","url":"https:\/\/canal7slp.tv\/2019\/doce-atletas-potosinos-participaran-en-los-juegos-panamericanos-lima-2019\/","name":"Doce atletas potosinos participar\u00e1n en los Juegos Panamericanos Lima 2019 - Canal 7 SLP - 2019","isPartOf":{"@id":"https:\/\/canal7slp.tv\/2019\/#website"},"primaryImageOfPage":{"@id":"https:\/\/canal7slp.tv\/2019\/doce-atletas-potosinos-participaran-en-los-juegos-panamericanos-lima-2019\/#primaryimage"},"image":{"@id":"https:\/\/canal7slp.tv\/2019\/doce-atletas-potosinos-participaran-en-los-juegos-panamericanos-lima-2019\/#primaryimage"},"thumbnailUrl":"https:\/\/canal7slp.tv\/2019\/wp-content\/uploads\/2019\/07\/gob6-1.jpg","datePublished":"2019-07-04T00:24:04+00:00","breadcrumb":{"@id":"https:\/\/canal7slp.tv\/2019\/doce-atletas-potosinos-participaran-en-los-juegos-panamericanos-lima-2019\/#breadcrumb"},"inLanguage":"es","potentialAction":[{"@type":"ReadAction","target":["https:\/\/canal7slp.tv\/2019\/doce-atletas-potosinos-participaran-en-los-juegos-panamericanos-lima-2019\/"]}]},{"@type":"ImageObject","inLanguage":"es","@id":"https:\/\/canal7slp.tv\/2019\/doce-atletas-potosinos-participaran-en-los-juegos-panamericanos-lima-2019\/#primaryimage","url":"https:\/\/canal7slp.tv\/2019\/wp-content\/uploads\/2019\/07\/gob6-1.jpg","contentUrl":"https:\/\/canal7slp.tv\/2019\/wp-content\/uploads\/2019\/07\/gob6-1.jpg","width":683,"height":410},{"@type":"BreadcrumbList","@id":"https:\/\/canal7slp.tv\/2019\/doce-atletas-potosinos-participaran-en-los-juegos-panamericanos-lima-2019\/#breadcrumb","itemListElement":[{"@type":"ListItem","position":1,"name":"Home","item":"https:\/\/canal7slp.tv\/2019\/"},{"@type":"ListItem","position":2,"name":"Doce atletas potosinos participar\u00e1n en los Juegos Panamericanos Lima 2019"}]},{"@type":"WebSite","@id":"https:\/\/canal7slp.tv\/2019\/#website","url":"https:\/\/canal7slp.tv\/2019\/","name":"Canal 7 SLP - Somos TV","description":"Somos un Canal de 10","publisher":{"@id":"https:\/\/canal7slp.tv\/2019\/#organization"},"potentialAction":[{"@type":"SearchAction","target":{"@type":"EntryPoint","urlTemplate":"https:\/\/canal7slp.tv\/2019\/?s={search_term_string}"},"query-input":{"@type":"PropertyValueSpecification","valueRequired":true,"valueName":"search_term_string"}}],"inLanguage":"es"},{"@type":"Organization","@id":"https:\/\/canal7slp.tv\/2019\/#organization","name":"Comunicaci\u00f3n 2000 S.A. de C.V.","url":"https:\/\/canal7slp.tv\/2019\/","logo":{"@type":"ImageObject","inLanguage":"es","@id":"https:\/\/canal7slp.tv\/2019\/#\/schema\/logo\/image\/","url":"https:\/\/canal7slp.tv\/2019\/wp-content\/uploads\/2019\/07\/logo-c7.png","contentUrl":"https:\/\/canal7slp.tv\/2019\/wp-content\/uploads\/2019\/07\/logo-c7.png","width":220,"height":60,"caption":"Comunicaci\u00f3n 2000 S.A. de C.V."},"image":{"@id":"https:\/\/canal7slp.tv\/2019\/#\/schema\/logo\/image\/"},"sameAs":["https:\/\/www.facebook.com\/CANAL7SLP\/","https:\/\/x.com\/canal7_slp","https:\/\/www.instagram.com\/canal7_slp","https:\/\/www.youtube.com\/user\/NOTICIEROSCANAL7SLP\/"]},{"@type":"Person","@id":"https:\/\/canal7slp.tv\/2019\/#\/schema\/person\/11d941c1c6ca30ac0a46b95fa37aa2e3","name":"edicionweb","image":{"@type":"ImageObject","inLanguage":"es","@id":"https:\/\/secure.gravatar.com\/avatar\/eee448fc3f7164808013b816ba91ac7e43bbe82a70bebac296f8bc6f0addaa1a?s=96&d=mm&r=g","url":"https:\/\/secure.gravatar.com\/avatar\/eee448fc3f7164808013b816ba91ac7e43bbe82a70bebac296f8bc6f0addaa1a?s=96&d=mm&r=g","contentUrl":"https:\/\/secure.gravatar.com\/avatar\/eee448fc3f7164808013b816ba91ac7e43bbe82a70bebac296f8bc6f0addaa1a?s=96&d=mm&r=g","caption":"edicionweb"}}]}},"amp_enabled":true,"cmb2":{"video_ids_in_playlist":{"vid_p_videos":""},"video_ids_in_channel":{"vid_c_videos":""},"playlist_ids_in_channel":{"vid_c_playlists":""},"series_ids_in_channel":{"vid_c_series":""},"channel_images":{"vid_c_logo":"","vid_c_banner":""},"poster_feature_image":{"vid_m_poster_image":""},"gif_feature_image":{"vid_m_gif_image":""},"video_movie_settings":{"vid_m_director":"","vid_m_actor":"","vid_m_imdb_ratings":"","vid_m_amazon_associates":""},"vid_youtube_broadcasts_settings":{"vid_yb_broadcast_title":"","vid_yb_q":"","vid_yb_channelid":"","vid_yb_videocategoryid":"","vid_yb_maxresults":"","vid_yb_order":"","vid_yb_regioncode":"","vid_yb_videosyndicated":"","vid_yb_style":"","vid_yb_reload_first":""},"video_series_settings":{"vid_m_director":"","vid_m_actor":"","vid_m_imdb_ratings":"","video_series_group":""},"amazon_associates_settings":{"amazon_associates":"","amazon_native_ad":""},"vid_youtube_automatic_settings":{"vid_ya_youtube_source":"","vid_ya_update_every":"","vid_ya_update_unit":"","vid_ya_categories":"","vid_ya_published_after":"","vid_ya_published_before":"","vid_ya_playlists":"","vid_ya_channels":"","vid_ya_director":"","vid_ya_actor":"","vid_ya_author":"","vid_ya_import_post_date":"","vid_ya_status":"","vid_ya_sub_api_key":""},"vid_ads_m_videoads_settings_post":{"vid_ads_m_video_ads":"","vid_ads_m_video_ads_type":"","vid_ads_m_group_google_ima":"","vid_ads_m_group_image":"","vid_ads_m_group_html5_video":"","vid_ads_m_group_html":"","vid_ads_m_vast_preroll":"","vid_ads_m_vast_postroll":"","vid_ads_m_vast_pauseroll":"","vid_ads_m_vast_midroll":[{"vid_ads_m_vast_timer_seconds":"50"}],"vid_ads_m_time_to_show_ads":"","vid_ads_m_time_skip_ads":"","vid_ads_m_time_to_hide_ads":""},"page_slider_settings":{"display_slider_group":"","page_slider_group":""},"blog_page_settings":{"blog_page_title":"","blog_page_heading":"","blog_page_ic":"","blog_page_it":"","blog_page_ec":"","blog_page_ip":"","archive_loop_style":"","blog_image_ratio":"","blog_show_categories":"","blog_show_excerpt":"","blog_show_author":"","blog_show_date":"","blog_show_comment_count":"","blog_show_view_count":"","blog_show_like_count":"","blog_show_dislike_count":"","blog_items_per_page":"","blog_pag_type":""},"page_options":{"get_page_template":"","color_mode":"","main_layout":"","main_layout_full_with":"","main_logo":"","main_logo_retina":"","main_logo_mobile":"","main_logo_mobile_retina":"","sticky_logo":"","sticky_logo_retina":"","main_nav_layout":"","ajax_search":"","header_background":"","theme_sidebar":"","instagram_feed":"","instagram_feed_position":"","popular_videos":"","popular_videos_title_1":"","popular_videos_title_2":"","popular_videos_ic":"","popular_videos_it":"","theme_background":"","page_custom_css":""},"feature_image_settings":{"feature_image_position":""},"video_player_settings":{"single_video_style":"","video_player_position":"","vm_video_url":"","video_player_library":"","video_streaming":"","vm_media_sources":"","vid_auto_play":"","vm_video_shortcode":"","vid_p_sync_playlist":"","vid_c_sync_channel":"","get_post_format":"","multiple_links_structure":"default","multi_links_title":"","vm_video_multi_links":"","vm_duration":"","vid_social_locker":"off","vid_social_locker_id":"","vid_membership_action":"content-video","vm_video_trailer_url":"","vid_download_type":"free","vid_download_target":"download","vid_woo_product":"","vm_media_download":"","user_rating":"","user_rating_position":"","user_rating_mode":"","user_rating_multi_sets":""},"video_auto_fetch_settings":{"vm_video_fetch":"on"},"video_fake_views_likes":{"vm_fake_views":"","vm_fake_likes":"","vm_fake_dislikes":""},"gallery_settings":{"gallery_position":""},"quote_settings":{"quote_position":""},"post_options":{"main_layout":"","main_logo":"","main_logo_retina":"","main_logo_mobile":"","main_logo_mobile_retina":"","sticky_logo":"","sticky_logo_retina":"","main_nav_layout":"","header_background":"","theme_sidebar":"","single_post_comment_type":"","theme_background":""}},"_links":{"self":[{"href":"https:\/\/canal7slp.tv\/2019\/wp-json\/wp\/v2\/posts\/26800","targetHints":{"allow":["GET"]}}],"collection":[{"href":"https:\/\/canal7slp.tv\/2019\/wp-json\/wp\/v2\/posts"}],"about":[{"href":"https:\/\/canal7slp.tv\/2019\/wp-json\/wp\/v2\/types\/post"}],"author":[{"embeddable":true,"href":"https:\/\/canal7slp.tv\/2019\/wp-json\/wp\/v2\/users\/2"}],"replies":[{"embeddable":true,"href":"https:\/\/canal7slp.tv\/2019\/wp-json\/wp\/v2\/comments?post=26800"}],"version-history":[{"count":0,"href":"https:\/\/canal7slp.tv\/2019\/wp-json\/wp\/v2\/posts\/26800\/revisions"}],"wp:featuredmedia":[{"embeddable":true,"href":"https:\/\/canal7slp.tv\/2019\/wp-json\/wp\/v2\/media\/26814"}],"wp:attachment":[{"href":"https:\/\/canal7slp.tv\/2019\/wp-json\/wp\/v2\/media?parent=26800"}],"wp:term":[{"taxonomy":"category","embeddable":true,"href":"https:\/\/canal7slp.tv\/2019\/wp-json\/wp\/v2\/categories?post=26800"},{"taxonomy":"post_tag","embeddable":true,"href":"https:\/\/canal7slp.tv\/2019\/wp-json\/wp\/v2\/tags?post=26800"}],"curies":[{"name":"wp","href":"https:\/\/api.w.org\/{rel}","templated":true}]}}