{"id":26256,"date":"2019-07-03T13:59:25","date_gmt":"2019-07-03T18:59:25","guid":{"rendered":"https:\/\/canal7slp.tv\/2019\/?p=26256"},"modified":"2019-07-03T13:59:25","modified_gmt":"2019-07-03T18:59:25","slug":"vanessa-ponce-de-leon-pide-que-aprecien-su-labor-social-no-su-belleza","status":"publish","type":"post","link":"https:\/\/canal7slp.tv\/2019\/vanessa-ponce-de-leon-pide-que-aprecien-su-labor-social-no-su-belleza\/","title":{"rendered":"Vanessa Ponce de Le\u00f3n pide que aprecien su labor social no su belleza"},"content":{"rendered":"<p style=\"text-align: justify;\">M\u00e9xico.- La Miss Mundo 2018, la mexicana Vanessa Ponce de Le\u00f3n, caus\u00f3 pol\u00e9mica con sus respuestas durante el programa <em>Good Morning Britain<\/em>,\u00a0en el cual dej\u00f3 en claro que no es modelo sino voluntaria de tiempo completo.<\/p>\n<p style=\"text-align: justify;\">Durante la emisi\u00f3n\u00a0brit\u00e1nica encabezada por Piers Morgan, Vanessa dijo que su trabajo no solo es ser bonita sino llevar un mensaje positivo al mundo. &#8220;Para ser honesta yo gan\u00e9 porque soy la m\u00e1s apasionada con mi proyecto&#8221;.<\/p>\n<p style=\"text-align: justify;\">De acuerdo con Publimetro, Piers lanz\u00f3 un cuestionamiento a su invitada: \u00bfCu\u00e1ndo se volvi\u00f3 un crimen ser hermosa? No tendr\u00edas que defenderte a ti misma o decir que est\u00e1s cambiando al mundo\u201d.<\/p>\n<p style=\"text-align: justify;\">Vanessa, quien estuvo acompa\u00f1ada por Julia Morley, la directora de Miss World, sonri\u00f3, y aunque agradeci\u00f3 el piropo dijo que el enfoque del concurso es que s\u00ed hay belleza, pero con un prop\u00f3sito.<\/p>\n<p style=\"text-align: justify;\">A sus 27 a\u00f1os, apoya causas sociales, tiene un proyecto llamado Na Vili, que busca ayudar a los hijos de jornaleros migrantes ind\u00edgenas, adem\u00e1s es oradora en el Instituto Nacional de la Juventud y voluntaria en una organizaci\u00f3n que se llama Migrantes en el Camino.<\/p>\n<p style=\"text-align: justify;\">Morgan se quej\u00f3 de que el certamen haya eliminado la competencia en bikini, por lo que Morley defendi\u00f3 el objetivo del certamen, pues se\u00f1al\u00f3 que las competidoras, que representan a 140 pa\u00edses, se dedican no a lucir su belleza, sino a ayudar a diferentes causas en sus respectivos lugares de origen.<\/p>\n<p style=\"text-align: justify;\">Pero el conductor insisti\u00f3 en que el certamen se trata de belleza: \u201cNo ganaste Miss World porque buscas la paz mundial, sino porque eras la m\u00e1s bella\u201d, asegur\u00f3.<\/p>\n<p style=\"text-align: justify;\">\u201cNo, no. Gan\u00e9 porque era la m\u00e1s apasionada de mi proyecto\u201d, argument\u00f3 la reina de belleza. Finalmente, invitaron a Piers no s\u00f3lo a presenciar el concurso sino tambi\u00e9n para que sea uno de los jueces.<\/p>\n<p style=\"text-align: justify;\">Posteriormente, Piers Morgan public\u00f3 en su cuenta de Instagram una fotograf\u00eda con\u00a0Vanessa y la leyenda: &#8220;Mi trabajo apesta.\u00a0Encantado de conocerte, Miss Mundo&#8221;.<\/p>\n<p style=\"text-align: justify;\">En enero pasado, Vanessa Ponce de Le\u00f3n se reuni\u00f3 con el presidente de M\u00e9xico, Andr\u00e9s Manuel L\u00f3pez Obrador, quien expres\u00f3 que &#8220;no estamos peleados con la belleza&#8221;y que pueden hacer cosas muy importantes sin dejar de admirar lo bello, m\u00e1s cuando hay una dimensi\u00f3n social, lo que es una belleza con prop\u00f3sito.<\/p>\n<p style=\"text-align: justify;\">En esa ocasi\u00f3n, Vanessa dijo sentirse muy comprometida con M\u00e9xico, &#8220;me fui\u00a0con un proyecto incre\u00edble para apoyar a la ni\u00f1ez ind\u00edgena mexicana, ganamos y aqu\u00ed est\u00e1 Miss Mundo, para crear un cambio duradero en M\u00e9xico&#8221;.<\/p>\n","protected":false},"excerpt":{"rendered":"<p>M\u00e9xico.- La Miss Mundo 2018, la mexicana Vanessa Ponce de Le\u00f3n, caus\u00f3 pol\u00e9mica con sus respuestas durante el programa Good Morning Britain,\u00a0en el cual dej\u00f3 en claro que no es modelo sino voluntaria de tiempo completo. Durante la emisi\u00f3n\u00a0brit\u00e1nica encabezada por Piers Morgan, Vanessa dijo que su trabajo no solo es ser bonita sino llevar [&hellip;]<\/p>\n","protected":false},"author":2,"featured_media":26257,"comment_status":"open","ping_status":"closed","sticky":false,"template":"","format":"standard","meta":{"footnotes":""},"categories":[24],"tags":[],"class_list":["post-26256","post","type-post","status-publish","format-standard","has-post-thumbnail","hentry","category-espectaculos"],"yoast_head":"<!-- This site is optimized with the Yoast SEO plugin v27.4 - https:\/\/yoast.com\/product\/yoast-seo-wordpress\/ -->\n<title>Vanessa Ponce de Le\u00f3n pide que aprecien su labor social no su belleza - Canal 7 SLP - 2019<\/title>\n<meta name=\"robots\" content=\"index, follow, max-snippet:-1, max-image-preview:large, max-video-preview:-1\" \/>\n<link rel=\"canonical\" href=\"https:\/\/canal7slp.tv\/2019\/vanessa-ponce-de-leon-pide-que-aprecien-su-labor-social-no-su-belleza\/\" \/>\n<meta property=\"og:locale\" content=\"es_ES\" \/>\n<meta property=\"og:type\" content=\"article\" \/>\n<meta property=\"og:title\" content=\"Vanessa Ponce de Le\u00f3n pide que aprecien su labor social no su belleza - Canal 7 SLP - 2019\" \/>\n<meta property=\"og:description\" content=\"M\u00e9xico.- La Miss Mundo 2018, la mexicana Vanessa Ponce de Le\u00f3n, caus\u00f3 pol\u00e9mica con sus respuestas durante el programa Good Morning Britain,\u00a0en el cual dej\u00f3 en claro que no es modelo sino voluntaria de tiempo completo. Durante la emisi\u00f3n\u00a0brit\u00e1nica encabezada por Piers Morgan, Vanessa dijo que su trabajo no solo es ser bonita sino llevar [&hellip;]\" \/>\n<meta property=\"og:url\" content=\"https:\/\/canal7slp.tv\/2019\/vanessa-ponce-de-leon-pide-que-aprecien-su-labor-social-no-su-belleza\/\" \/>\n<meta property=\"og:site_name\" content=\"Canal 7 SLP - 2019\" \/>\n<meta property=\"article:publisher\" content=\"https:\/\/www.facebook.com\/CANAL7SLP\/\" \/>\n<meta property=\"article:published_time\" content=\"2019-07-03T18:59:25+00:00\" \/>\n<meta property=\"og:image\" content=\"https:\/\/canal7slp.tv\/2019\/wp-content\/uploads\/2019\/07\/11-2.jpg\" \/>\n\t<meta property=\"og:image:width\" content=\"546\" \/>\n\t<meta property=\"og:image:height\" content=\"410\" \/>\n\t<meta property=\"og:image:type\" content=\"image\/jpeg\" \/>\n<meta name=\"author\" content=\"edicionweb\" \/>\n<meta name=\"twitter:card\" content=\"summary_large_image\" \/>\n<meta name=\"twitter:creator\" content=\"@canal7_slp\" \/>\n<meta name=\"twitter:site\" content=\"@canal7_slp\" \/>\n<meta name=\"twitter:label1\" content=\"Escrito por\" \/>\n\t<meta name=\"twitter:data1\" content=\"edicionweb\" \/>\n\t<meta name=\"twitter:label2\" content=\"Tiempo de lectura\" \/>\n\t<meta name=\"twitter:data2\" content=\"2 minutos\" \/>\n<script type=\"application\/ld+json\" class=\"yoast-schema-graph\">{\"@context\":\"https:\\\/\\\/schema.org\",\"@graph\":[{\"@type\":\"Article\",\"@id\":\"https:\\\/\\\/canal7slp.tv\\\/2019\\\/vanessa-ponce-de-leon-pide-que-aprecien-su-labor-social-no-su-belleza\\\/#article\",\"isPartOf\":{\"@id\":\"https:\\\/\\\/canal7slp.tv\\\/2019\\\/vanessa-ponce-de-leon-pide-que-aprecien-su-labor-social-no-su-belleza\\\/\"},\"author\":{\"name\":\"edicionweb\",\"@id\":\"https:\\\/\\\/canal7slp.tv\\\/2019\\\/#\\\/schema\\\/person\\\/11d941c1c6ca30ac0a46b95fa37aa2e3\"},\"headline\":\"Vanessa Ponce de Le\u00f3n pide que aprecien su labor social no su belleza\",\"datePublished\":\"2019-07-03T18:59:25+00:00\",\"mainEntityOfPage\":{\"@id\":\"https:\\\/\\\/canal7slp.tv\\\/2019\\\/vanessa-ponce-de-leon-pide-que-aprecien-su-labor-social-no-su-belleza\\\/\"},\"wordCount\":459,\"commentCount\":0,\"publisher\":{\"@id\":\"https:\\\/\\\/canal7slp.tv\\\/2019\\\/#organization\"},\"image\":{\"@id\":\"https:\\\/\\\/canal7slp.tv\\\/2019\\\/vanessa-ponce-de-leon-pide-que-aprecien-su-labor-social-no-su-belleza\\\/#primaryimage\"},\"thumbnailUrl\":\"https:\\\/\\\/canal7slp.tv\\\/2019\\\/wp-content\\\/uploads\\\/2019\\\/07\\\/11-2.jpg\",\"articleSection\":[\"ESPECTACULOS\"],\"inLanguage\":\"es\",\"potentialAction\":[{\"@type\":\"CommentAction\",\"name\":\"Comment\",\"target\":[\"https:\\\/\\\/canal7slp.tv\\\/2019\\\/vanessa-ponce-de-leon-pide-que-aprecien-su-labor-social-no-su-belleza\\\/#respond\"]}]},{\"@type\":\"WebPage\",\"@id\":\"https:\\\/\\\/canal7slp.tv\\\/2019\\\/vanessa-ponce-de-leon-pide-que-aprecien-su-labor-social-no-su-belleza\\\/\",\"url\":\"https:\\\/\\\/canal7slp.tv\\\/2019\\\/vanessa-ponce-de-leon-pide-que-aprecien-su-labor-social-no-su-belleza\\\/\",\"name\":\"Vanessa Ponce de Le\u00f3n pide que aprecien su labor social no su belleza - Canal 7 SLP - 2019\",\"isPartOf\":{\"@id\":\"https:\\\/\\\/canal7slp.tv\\\/2019\\\/#website\"},\"primaryImageOfPage\":{\"@id\":\"https:\\\/\\\/canal7slp.tv\\\/2019\\\/vanessa-ponce-de-leon-pide-que-aprecien-su-labor-social-no-su-belleza\\\/#primaryimage\"},\"image\":{\"@id\":\"https:\\\/\\\/canal7slp.tv\\\/2019\\\/vanessa-ponce-de-leon-pide-que-aprecien-su-labor-social-no-su-belleza\\\/#primaryimage\"},\"thumbnailUrl\":\"https:\\\/\\\/canal7slp.tv\\\/2019\\\/wp-content\\\/uploads\\\/2019\\\/07\\\/11-2.jpg\",\"datePublished\":\"2019-07-03T18:59:25+00:00\",\"breadcrumb\":{\"@id\":\"https:\\\/\\\/canal7slp.tv\\\/2019\\\/vanessa-ponce-de-leon-pide-que-aprecien-su-labor-social-no-su-belleza\\\/#breadcrumb\"},\"inLanguage\":\"es\",\"potentialAction\":[{\"@type\":\"ReadAction\",\"target\":[\"https:\\\/\\\/canal7slp.tv\\\/2019\\\/vanessa-ponce-de-leon-pide-que-aprecien-su-labor-social-no-su-belleza\\\/\"]}]},{\"@type\":\"ImageObject\",\"inLanguage\":\"es\",\"@id\":\"https:\\\/\\\/canal7slp.tv\\\/2019\\\/vanessa-ponce-de-leon-pide-que-aprecien-su-labor-social-no-su-belleza\\\/#primaryimage\",\"url\":\"https:\\\/\\\/canal7slp.tv\\\/2019\\\/wp-content\\\/uploads\\\/2019\\\/07\\\/11-2.jpg\",\"contentUrl\":\"https:\\\/\\\/canal7slp.tv\\\/2019\\\/wp-content\\\/uploads\\\/2019\\\/07\\\/11-2.jpg\",\"width\":546,\"height\":410},{\"@type\":\"BreadcrumbList\",\"@id\":\"https:\\\/\\\/canal7slp.tv\\\/2019\\\/vanessa-ponce-de-leon-pide-que-aprecien-su-labor-social-no-su-belleza\\\/#breadcrumb\",\"itemListElement\":[{\"@type\":\"ListItem\",\"position\":1,\"name\":\"Home\",\"item\":\"https:\\\/\\\/canal7slp.tv\\\/2019\\\/\"},{\"@type\":\"ListItem\",\"position\":2,\"name\":\"Vanessa Ponce de Le\u00f3n pide que aprecien su labor social no su belleza\"}]},{\"@type\":\"WebSite\",\"@id\":\"https:\\\/\\\/canal7slp.tv\\\/2019\\\/#website\",\"url\":\"https:\\\/\\\/canal7slp.tv\\\/2019\\\/\",\"name\":\"Canal 7 SLP - Somos TV\",\"description\":\"Somos un Canal de 10\",\"publisher\":{\"@id\":\"https:\\\/\\\/canal7slp.tv\\\/2019\\\/#organization\"},\"potentialAction\":[{\"@type\":\"SearchAction\",\"target\":{\"@type\":\"EntryPoint\",\"urlTemplate\":\"https:\\\/\\\/canal7slp.tv\\\/2019\\\/?s={search_term_string}\"},\"query-input\":{\"@type\":\"PropertyValueSpecification\",\"valueRequired\":true,\"valueName\":\"search_term_string\"}}],\"inLanguage\":\"es\"},{\"@type\":\"Organization\",\"@id\":\"https:\\\/\\\/canal7slp.tv\\\/2019\\\/#organization\",\"name\":\"Comunicaci\u00f3n 2000 S.A. de C.V.\",\"url\":\"https:\\\/\\\/canal7slp.tv\\\/2019\\\/\",\"logo\":{\"@type\":\"ImageObject\",\"inLanguage\":\"es\",\"@id\":\"https:\\\/\\\/canal7slp.tv\\\/2019\\\/#\\\/schema\\\/logo\\\/image\\\/\",\"url\":\"https:\\\/\\\/canal7slp.tv\\\/2019\\\/wp-content\\\/uploads\\\/2019\\\/07\\\/logo-c7.png\",\"contentUrl\":\"https:\\\/\\\/canal7slp.tv\\\/2019\\\/wp-content\\\/uploads\\\/2019\\\/07\\\/logo-c7.png\",\"width\":220,\"height\":60,\"caption\":\"Comunicaci\u00f3n 2000 S.A. de C.V.\"},\"image\":{\"@id\":\"https:\\\/\\\/canal7slp.tv\\\/2019\\\/#\\\/schema\\\/logo\\\/image\\\/\"},\"sameAs\":[\"https:\\\/\\\/www.facebook.com\\\/CANAL7SLP\\\/\",\"https:\\\/\\\/x.com\\\/canal7_slp\",\"https:\\\/\\\/www.instagram.com\\\/canal7_slp\",\"https:\\\/\\\/www.youtube.com\\\/user\\\/NOTICIEROSCANAL7SLP\\\/\"]},{\"@type\":\"Person\",\"@id\":\"https:\\\/\\\/canal7slp.tv\\\/2019\\\/#\\\/schema\\\/person\\\/11d941c1c6ca30ac0a46b95fa37aa2e3\",\"name\":\"edicionweb\",\"image\":{\"@type\":\"ImageObject\",\"inLanguage\":\"es\",\"@id\":\"https:\\\/\\\/secure.gravatar.com\\\/avatar\\\/eee448fc3f7164808013b816ba91ac7e43bbe82a70bebac296f8bc6f0addaa1a?s=96&d=mm&r=g\",\"url\":\"https:\\\/\\\/secure.gravatar.com\\\/avatar\\\/eee448fc3f7164808013b816ba91ac7e43bbe82a70bebac296f8bc6f0addaa1a?s=96&d=mm&r=g\",\"contentUrl\":\"https:\\\/\\\/secure.gravatar.com\\\/avatar\\\/eee448fc3f7164808013b816ba91ac7e43bbe82a70bebac296f8bc6f0addaa1a?s=96&d=mm&r=g\",\"caption\":\"edicionweb\"}}]}<\/script>\n<!-- \/ Yoast SEO plugin. -->","yoast_head_json":{"title":"Vanessa Ponce de Le\u00f3n pide que aprecien su labor social no su belleza - Canal 7 SLP - 2019","robots":{"index":"index","follow":"follow","max-snippet":"max-snippet:-1","max-image-preview":"max-image-preview:large","max-video-preview":"max-video-preview:-1"},"canonical":"https:\/\/canal7slp.tv\/2019\/vanessa-ponce-de-leon-pide-que-aprecien-su-labor-social-no-su-belleza\/","og_locale":"es_ES","og_type":"article","og_title":"Vanessa Ponce de Le\u00f3n pide que aprecien su labor social no su belleza - Canal 7 SLP - 2019","og_description":"M\u00e9xico.- La Miss Mundo 2018, la mexicana Vanessa Ponce de Le\u00f3n, caus\u00f3 pol\u00e9mica con sus respuestas durante el programa Good Morning Britain,\u00a0en el cual dej\u00f3 en claro que no es modelo sino voluntaria de tiempo completo. Durante la emisi\u00f3n\u00a0brit\u00e1nica encabezada por Piers Morgan, Vanessa dijo que su trabajo no solo es ser bonita sino llevar [&hellip;]","og_url":"https:\/\/canal7slp.tv\/2019\/vanessa-ponce-de-leon-pide-que-aprecien-su-labor-social-no-su-belleza\/","og_site_name":"Canal 7 SLP - 2019","article_publisher":"https:\/\/www.facebook.com\/CANAL7SLP\/","article_published_time":"2019-07-03T18:59:25+00:00","og_image":[{"width":546,"height":410,"url":"https:\/\/canal7slp.tv\/2019\/wp-content\/uploads\/2019\/07\/11-2.jpg","type":"image\/jpeg"}],"author":"edicionweb","twitter_card":"summary_large_image","twitter_creator":"@canal7_slp","twitter_site":"@canal7_slp","twitter_misc":{"Escrito por":"edicionweb","Tiempo de lectura":"2 minutos"},"schema":{"@context":"https:\/\/schema.org","@graph":[{"@type":"Article","@id":"https:\/\/canal7slp.tv\/2019\/vanessa-ponce-de-leon-pide-que-aprecien-su-labor-social-no-su-belleza\/#article","isPartOf":{"@id":"https:\/\/canal7slp.tv\/2019\/vanessa-ponce-de-leon-pide-que-aprecien-su-labor-social-no-su-belleza\/"},"author":{"name":"edicionweb","@id":"https:\/\/canal7slp.tv\/2019\/#\/schema\/person\/11d941c1c6ca30ac0a46b95fa37aa2e3"},"headline":"Vanessa Ponce de Le\u00f3n pide que aprecien su labor social no su belleza","datePublished":"2019-07-03T18:59:25+00:00","mainEntityOfPage":{"@id":"https:\/\/canal7slp.tv\/2019\/vanessa-ponce-de-leon-pide-que-aprecien-su-labor-social-no-su-belleza\/"},"wordCount":459,"commentCount":0,"publisher":{"@id":"https:\/\/canal7slp.tv\/2019\/#organization"},"image":{"@id":"https:\/\/canal7slp.tv\/2019\/vanessa-ponce-de-leon-pide-que-aprecien-su-labor-social-no-su-belleza\/#primaryimage"},"thumbnailUrl":"https:\/\/canal7slp.tv\/2019\/wp-content\/uploads\/2019\/07\/11-2.jpg","articleSection":["ESPECTACULOS"],"inLanguage":"es","potentialAction":[{"@type":"CommentAction","name":"Comment","target":["https:\/\/canal7slp.tv\/2019\/vanessa-ponce-de-leon-pide-que-aprecien-su-labor-social-no-su-belleza\/#respond"]}]},{"@type":"WebPage","@id":"https:\/\/canal7slp.tv\/2019\/vanessa-ponce-de-leon-pide-que-aprecien-su-labor-social-no-su-belleza\/","url":"https:\/\/canal7slp.tv\/2019\/vanessa-ponce-de-leon-pide-que-aprecien-su-labor-social-no-su-belleza\/","name":"Vanessa Ponce de Le\u00f3n pide que aprecien su labor social no su belleza - Canal 7 SLP - 2019","isPartOf":{"@id":"https:\/\/canal7slp.tv\/2019\/#website"},"primaryImageOfPage":{"@id":"https:\/\/canal7slp.tv\/2019\/vanessa-ponce-de-leon-pide-que-aprecien-su-labor-social-no-su-belleza\/#primaryimage"},"image":{"@id":"https:\/\/canal7slp.tv\/2019\/vanessa-ponce-de-leon-pide-que-aprecien-su-labor-social-no-su-belleza\/#primaryimage"},"thumbnailUrl":"https:\/\/canal7slp.tv\/2019\/wp-content\/uploads\/2019\/07\/11-2.jpg","datePublished":"2019-07-03T18:59:25+00:00","breadcrumb":{"@id":"https:\/\/canal7slp.tv\/2019\/vanessa-ponce-de-leon-pide-que-aprecien-su-labor-social-no-su-belleza\/#breadcrumb"},"inLanguage":"es","potentialAction":[{"@type":"ReadAction","target":["https:\/\/canal7slp.tv\/2019\/vanessa-ponce-de-leon-pide-que-aprecien-su-labor-social-no-su-belleza\/"]}]},{"@type":"ImageObject","inLanguage":"es","@id":"https:\/\/canal7slp.tv\/2019\/vanessa-ponce-de-leon-pide-que-aprecien-su-labor-social-no-su-belleza\/#primaryimage","url":"https:\/\/canal7slp.tv\/2019\/wp-content\/uploads\/2019\/07\/11-2.jpg","contentUrl":"https:\/\/canal7slp.tv\/2019\/wp-content\/uploads\/2019\/07\/11-2.jpg","width":546,"height":410},{"@type":"BreadcrumbList","@id":"https:\/\/canal7slp.tv\/2019\/vanessa-ponce-de-leon-pide-que-aprecien-su-labor-social-no-su-belleza\/#breadcrumb","itemListElement":[{"@type":"ListItem","position":1,"name":"Home","item":"https:\/\/canal7slp.tv\/2019\/"},{"@type":"ListItem","position":2,"name":"Vanessa Ponce de Le\u00f3n pide que aprecien su labor social no su belleza"}]},{"@type":"WebSite","@id":"https:\/\/canal7slp.tv\/2019\/#website","url":"https:\/\/canal7slp.tv\/2019\/","name":"Canal 7 SLP - Somos TV","description":"Somos un Canal de 10","publisher":{"@id":"https:\/\/canal7slp.tv\/2019\/#organization"},"potentialAction":[{"@type":"SearchAction","target":{"@type":"EntryPoint","urlTemplate":"https:\/\/canal7slp.tv\/2019\/?s={search_term_string}"},"query-input":{"@type":"PropertyValueSpecification","valueRequired":true,"valueName":"search_term_string"}}],"inLanguage":"es"},{"@type":"Organization","@id":"https:\/\/canal7slp.tv\/2019\/#organization","name":"Comunicaci\u00f3n 2000 S.A. de C.V.","url":"https:\/\/canal7slp.tv\/2019\/","logo":{"@type":"ImageObject","inLanguage":"es","@id":"https:\/\/canal7slp.tv\/2019\/#\/schema\/logo\/image\/","url":"https:\/\/canal7slp.tv\/2019\/wp-content\/uploads\/2019\/07\/logo-c7.png","contentUrl":"https:\/\/canal7slp.tv\/2019\/wp-content\/uploads\/2019\/07\/logo-c7.png","width":220,"height":60,"caption":"Comunicaci\u00f3n 2000 S.A. de C.V."},"image":{"@id":"https:\/\/canal7slp.tv\/2019\/#\/schema\/logo\/image\/"},"sameAs":["https:\/\/www.facebook.com\/CANAL7SLP\/","https:\/\/x.com\/canal7_slp","https:\/\/www.instagram.com\/canal7_slp","https:\/\/www.youtube.com\/user\/NOTICIEROSCANAL7SLP\/"]},{"@type":"Person","@id":"https:\/\/canal7slp.tv\/2019\/#\/schema\/person\/11d941c1c6ca30ac0a46b95fa37aa2e3","name":"edicionweb","image":{"@type":"ImageObject","inLanguage":"es","@id":"https:\/\/secure.gravatar.com\/avatar\/eee448fc3f7164808013b816ba91ac7e43bbe82a70bebac296f8bc6f0addaa1a?s=96&d=mm&r=g","url":"https:\/\/secure.gravatar.com\/avatar\/eee448fc3f7164808013b816ba91ac7e43bbe82a70bebac296f8bc6f0addaa1a?s=96&d=mm&r=g","contentUrl":"https:\/\/secure.gravatar.com\/avatar\/eee448fc3f7164808013b816ba91ac7e43bbe82a70bebac296f8bc6f0addaa1a?s=96&d=mm&r=g","caption":"edicionweb"}}]}},"amp_enabled":true,"cmb2":{"video_ids_in_playlist":{"vid_p_videos":""},"video_ids_in_channel":{"vid_c_videos":""},"playlist_ids_in_channel":{"vid_c_playlists":""},"series_ids_in_channel":{"vid_c_series":""},"channel_images":{"vid_c_logo":"","vid_c_banner":""},"poster_feature_image":{"vid_m_poster_image":""},"gif_feature_image":{"vid_m_gif_image":""},"video_movie_settings":{"vid_m_director":"","vid_m_actor":"","vid_m_imdb_ratings":"","vid_m_amazon_associates":""},"vid_youtube_broadcasts_settings":{"vid_yb_broadcast_title":"","vid_yb_q":"","vid_yb_channelid":"","vid_yb_videocategoryid":"","vid_yb_maxresults":"","vid_yb_order":"","vid_yb_regioncode":"","vid_yb_videosyndicated":"","vid_yb_style":"","vid_yb_reload_first":""},"video_series_settings":{"vid_m_director":"","vid_m_actor":"","vid_m_imdb_ratings":"","video_series_group":""},"amazon_associates_settings":{"amazon_associates":"","amazon_native_ad":""},"vid_youtube_automatic_settings":{"vid_ya_youtube_source":"","vid_ya_update_every":"","vid_ya_update_unit":"","vid_ya_categories":"","vid_ya_published_after":"","vid_ya_published_before":"","vid_ya_playlists":"","vid_ya_channels":"","vid_ya_director":"","vid_ya_actor":"","vid_ya_author":"","vid_ya_import_post_date":"","vid_ya_status":"","vid_ya_sub_api_key":""},"vid_ads_m_videoads_settings_post":{"vid_ads_m_video_ads":"","vid_ads_m_video_ads_type":"","vid_ads_m_group_google_ima":"","vid_ads_m_group_image":"","vid_ads_m_group_html5_video":"","vid_ads_m_group_html":"","vid_ads_m_vast_preroll":"","vid_ads_m_vast_postroll":"","vid_ads_m_vast_pauseroll":"","vid_ads_m_vast_midroll":[{"vid_ads_m_vast_timer_seconds":"50"}],"vid_ads_m_time_to_show_ads":"","vid_ads_m_time_skip_ads":"","vid_ads_m_time_to_hide_ads":""},"page_slider_settings":{"display_slider_group":"","page_slider_group":""},"blog_page_settings":{"blog_page_title":"","blog_page_heading":"","blog_page_ic":"","blog_page_it":"","blog_page_ec":"","blog_page_ip":"","archive_loop_style":"","blog_image_ratio":"","blog_show_categories":"","blog_show_excerpt":"","blog_show_author":"","blog_show_date":"","blog_show_comment_count":"","blog_show_view_count":"","blog_show_like_count":"","blog_show_dislike_count":"","blog_items_per_page":"","blog_pag_type":""},"page_options":{"get_page_template":"","color_mode":"","main_layout":"","main_layout_full_with":"","main_logo":"","main_logo_retina":"","main_logo_mobile":"","main_logo_mobile_retina":"","sticky_logo":"","sticky_logo_retina":"","main_nav_layout":"","ajax_search":"","header_background":"","theme_sidebar":"","instagram_feed":"","instagram_feed_position":"","popular_videos":"","popular_videos_title_1":"","popular_videos_title_2":"","popular_videos_ic":"","popular_videos_it":"","theme_background":"","page_custom_css":""},"feature_image_settings":{"feature_image_position":""},"video_player_settings":{"single_video_style":"","video_player_position":"","vm_video_url":"","video_player_library":"","video_streaming":"","vm_media_sources":"","vid_auto_play":"","vm_video_shortcode":"","vid_p_sync_playlist":"","vid_c_sync_channel":"","get_post_format":"","multiple_links_structure":"default","multi_links_title":"","vm_video_multi_links":"","vm_duration":"","vid_social_locker":"off","vid_social_locker_id":"","vid_membership_action":"content-video","vm_video_trailer_url":"","vid_download_type":"free","vid_download_target":"download","vid_woo_product":"","vm_media_download":"","user_rating":"","user_rating_position":"","user_rating_mode":"","user_rating_multi_sets":""},"video_auto_fetch_settings":{"vm_video_fetch":"on"},"video_fake_views_likes":{"vm_fake_views":"","vm_fake_likes":"","vm_fake_dislikes":""},"gallery_settings":{"gallery_position":""},"quote_settings":{"quote_position":""},"post_options":{"main_layout":"","main_logo":"","main_logo_retina":"","main_logo_mobile":"","main_logo_mobile_retina":"","sticky_logo":"","sticky_logo_retina":"","main_nav_layout":"","header_background":"","theme_sidebar":"","single_post_comment_type":"","theme_background":""}},"_links":{"self":[{"href":"https:\/\/canal7slp.tv\/2019\/wp-json\/wp\/v2\/posts\/26256","targetHints":{"allow":["GET"]}}],"collection":[{"href":"https:\/\/canal7slp.tv\/2019\/wp-json\/wp\/v2\/posts"}],"about":[{"href":"https:\/\/canal7slp.tv\/2019\/wp-json\/wp\/v2\/types\/post"}],"author":[{"embeddable":true,"href":"https:\/\/canal7slp.tv\/2019\/wp-json\/wp\/v2\/users\/2"}],"replies":[{"embeddable":true,"href":"https:\/\/canal7slp.tv\/2019\/wp-json\/wp\/v2\/comments?post=26256"}],"version-history":[{"count":0,"href":"https:\/\/canal7slp.tv\/2019\/wp-json\/wp\/v2\/posts\/26256\/revisions"}],"wp:featuredmedia":[{"embeddable":true,"href":"https:\/\/canal7slp.tv\/2019\/wp-json\/wp\/v2\/media\/26257"}],"wp:attachment":[{"href":"https:\/\/canal7slp.tv\/2019\/wp-json\/wp\/v2\/media?parent=26256"}],"wp:term":[{"taxonomy":"category","embeddable":true,"href":"https:\/\/canal7slp.tv\/2019\/wp-json\/wp\/v2\/categories?post=26256"},{"taxonomy":"post_tag","embeddable":true,"href":"https:\/\/canal7slp.tv\/2019\/wp-json\/wp\/v2\/tags?post=26256"}],"curies":[{"name":"wp","href":"https:\/\/api.w.org\/{rel}","templated":true}]}}