{"id":24828,"date":"2019-07-01T15:31:20","date_gmt":"2019-07-01T20:31:20","guid":{"rendered":"https:\/\/canal7slp.tv\/2019\/?p=24828"},"modified":"2019-07-01T15:31:20","modified_gmt":"2019-07-01T20:31:20","slug":"comercio-e-inversiones-temas-clave-de-marcelo-ebrard-en-china","status":"publish","type":"post","link":"https:\/\/canal7slp.tv\/2019\/comercio-e-inversiones-temas-clave-de-marcelo-ebrard-en-china\/","title":{"rendered":"Comercio e inversiones, temas clave de Marcelo Ebrard en China"},"content":{"rendered":"<p>M\u00e9xico.- Dar un renovado impulso al comercio y la inversi\u00f3n productiva, a partir del cercano di\u00e1logo pol\u00edtico entre M\u00e9xico y China, es el objetivo de la visita al pa\u00eds asi\u00e1tico del secretario de Relaciones Exteriores, Marcelo Ebrard.<\/p>\n<p>El canciller se reuni\u00f3 con el vicepresidente Wang Qishan, a quien reafirm\u00f3 el inter\u00e9s del gobierno de M\u00e9xico en desarrollar una agenda de cooperaci\u00f3n en todos los \u00e1mbitos.<\/p>\n<p>En este contexto, destac\u00f3 la creciente importancia para ambos de la relaci\u00f3n econ\u00f3mica, y la conveniencia de aprovechar nuevas \u00e1reas de complementariedad.<\/p>\n<p>El secretario Ebrard y el vicepresidente Wang hab\u00edan coincidido anteriormente cuando este \u00faltimo se desempe\u00f1aba como alcalde de la capital china durante el periodo 2004-2007, adem\u00e1s de haber sido zar anticorrupci\u00f3n del presidente chino.<\/p>\n<p>En una exitosa primera reuni\u00f3n, ambos destacaron su inter\u00e9s por estrechar los lazos de cooperaci\u00f3n, teniendo como punto de referencia las cuatro conductas a erradicar del presidente Xi Jinping: la frivolidad, la corrupci\u00f3n, la burocracia excesiva y el hedonismo en el servicio p\u00fablico.<\/p>\n<p>Por la tarde, en la Embajada de M\u00e9xico, el canciller encabez\u00f3 un seminario de negocios, convocado conjuntamente con la Agencia China para la Promoci\u00f3n de Inversiones, en la que participaron m\u00e1s de 60 empresas chinas.<\/p>\n<p>Se presentaron experiencias exitosas de inversionistas chinos en M\u00e9xico y de empresas mexicanas que han incursionado en el mercado chino.<\/p>\n<p>El titular de la Unidad de Inteligencia Econ\u00f3mica Global de la Secretar\u00eda de Econom\u00eda, Sergio Silva Casta\u00f1eda, expuso las oportunidades que M\u00e9xico ofrece para el comercio y la inversi\u00f3n entre ambos pa\u00edses.<\/p>\n<p>En su mensaje, as\u00ed como en el di\u00e1logo con los asistentes, el canciller Ebrard subray\u00f3 que el gobierno de M\u00e9xico busca dar pasos concretos para alcanzar el potencial de las relaciones econ\u00f3micas, particularmente en los sectores de manufactura avanzada, movilidad el\u00e9ctrica, comercio electr\u00f3nico, servicios en l\u00ednea, log\u00edstica, turismo y agroalimentos.<\/p>\n<p>La visita de trabajo concluir\u00e1 ma\u00f1ana, cuando el secretario de Relaciones Exteriores se re\u00fana con su hom\u00f3logo, el canciller Wang Yi, y con el ministro de Comercio, Zhong Shan.<\/p>\n<p>M\u00e9xico y la Rep\u00fablica Popular China establecieron relaciones diplom\u00e1ticas en 1972 y acordaron establecer una Asociaci\u00f3n Estrat\u00e9gica Integral en 2013.<\/p>\n<p>China es el segundo socio comercial de M\u00e9xico y el tercer mercado de sus exportaciones, con un intercambio total superior a los 90 mil millones de d\u00f3lares en 2018.<\/p>\n","protected":false},"excerpt":{"rendered":"<p>M\u00e9xico.- Dar un renovado impulso al comercio y la inversi\u00f3n productiva, a partir del cercano di\u00e1logo pol\u00edtico entre M\u00e9xico y China, es el objetivo de la visita al pa\u00eds asi\u00e1tico del secretario de Relaciones Exteriores, Marcelo Ebrard. El canciller se reuni\u00f3 con el vicepresidente Wang Qishan, a quien reafirm\u00f3 el inter\u00e9s del gobierno de M\u00e9xico [&hellip;]<\/p>\n","protected":false},"author":2,"featured_media":24829,"comment_status":"open","ping_status":"closed","sticky":false,"template":"","format":"standard","meta":{"footnotes":""},"categories":[30],"tags":[],"class_list":["post-24828","post","type-post","status-publish","format-standard","has-post-thumbnail","hentry","category-nacional"],"yoast_head":"<!-- This site is optimized with the Yoast SEO plugin v27.5 - https:\/\/yoast.com\/product\/yoast-seo-wordpress\/ -->\n<title>Comercio e inversiones, temas clave de Marcelo Ebrard en China - Canal 7 SLP - 2019<\/title>\n<meta name=\"robots\" content=\"index, follow, max-snippet:-1, max-image-preview:large, max-video-preview:-1\" \/>\n<link rel=\"canonical\" href=\"https:\/\/canal7slp.tv\/2019\/comercio-e-inversiones-temas-clave-de-marcelo-ebrard-en-china\/\" \/>\n<meta property=\"og:locale\" content=\"es_ES\" \/>\n<meta property=\"og:type\" content=\"article\" \/>\n<meta property=\"og:title\" content=\"Comercio e inversiones, temas clave de Marcelo Ebrard en China - Canal 7 SLP - 2019\" \/>\n<meta property=\"og:description\" content=\"M\u00e9xico.- Dar un renovado impulso al comercio y la inversi\u00f3n productiva, a partir del cercano di\u00e1logo pol\u00edtico entre M\u00e9xico y China, es el objetivo de la visita al pa\u00eds asi\u00e1tico del secretario de Relaciones Exteriores, Marcelo Ebrard. El canciller se reuni\u00f3 con el vicepresidente Wang Qishan, a quien reafirm\u00f3 el inter\u00e9s del gobierno de M\u00e9xico [&hellip;]\" \/>\n<meta property=\"og:url\" content=\"https:\/\/canal7slp.tv\/2019\/comercio-e-inversiones-temas-clave-de-marcelo-ebrard-en-china\/\" \/>\n<meta property=\"og:site_name\" content=\"Canal 7 SLP - 2019\" \/>\n<meta property=\"article:publisher\" content=\"https:\/\/www.facebook.com\/CANAL7SLP\/\" \/>\n<meta property=\"article:published_time\" content=\"2019-07-01T20:31:20+00:00\" \/>\n<meta property=\"og:image\" content=\"https:\/\/canal7slp.tv\/2019\/wp-content\/uploads\/2019\/07\/20.jpg\" \/>\n\t<meta property=\"og:image:width\" content=\"750\" \/>\n\t<meta property=\"og:image:height\" content=\"500\" \/>\n\t<meta property=\"og:image:type\" content=\"image\/jpeg\" \/>\n<meta name=\"author\" content=\"edicionweb\" \/>\n<meta name=\"twitter:card\" content=\"summary_large_image\" \/>\n<meta name=\"twitter:creator\" content=\"@canal7_slp\" \/>\n<meta name=\"twitter:site\" content=\"@canal7_slp\" \/>\n<meta name=\"twitter:label1\" content=\"Escrito por\" \/>\n\t<meta name=\"twitter:data1\" content=\"edicionweb\" \/>\n\t<meta name=\"twitter:label2\" content=\"Tiempo de lectura\" \/>\n\t<meta name=\"twitter:data2\" content=\"2 minutos\" \/>\n<script type=\"application\/ld+json\" class=\"yoast-schema-graph\">{\"@context\":\"https:\\\/\\\/schema.org\",\"@graph\":[{\"@type\":\"Article\",\"@id\":\"https:\\\/\\\/canal7slp.tv\\\/2019\\\/comercio-e-inversiones-temas-clave-de-marcelo-ebrard-en-china\\\/#article\",\"isPartOf\":{\"@id\":\"https:\\\/\\\/canal7slp.tv\\\/2019\\\/comercio-e-inversiones-temas-clave-de-marcelo-ebrard-en-china\\\/\"},\"author\":{\"name\":\"edicionweb\",\"@id\":\"https:\\\/\\\/canal7slp.tv\\\/2019\\\/#\\\/schema\\\/person\\\/11d941c1c6ca30ac0a46b95fa37aa2e3\"},\"headline\":\"Comercio e inversiones, temas clave de Marcelo Ebrard en China\",\"datePublished\":\"2019-07-01T20:31:20+00:00\",\"mainEntityOfPage\":{\"@id\":\"https:\\\/\\\/canal7slp.tv\\\/2019\\\/comercio-e-inversiones-temas-clave-de-marcelo-ebrard-en-china\\\/\"},\"wordCount\":434,\"commentCount\":0,\"publisher\":{\"@id\":\"https:\\\/\\\/canal7slp.tv\\\/2019\\\/#organization\"},\"image\":{\"@id\":\"https:\\\/\\\/canal7slp.tv\\\/2019\\\/comercio-e-inversiones-temas-clave-de-marcelo-ebrard-en-china\\\/#primaryimage\"},\"thumbnailUrl\":\"https:\\\/\\\/canal7slp.tv\\\/2019\\\/wp-content\\\/uploads\\\/2019\\\/07\\\/20.jpg\",\"articleSection\":[\"NACIONAL\"],\"inLanguage\":\"es\",\"potentialAction\":[{\"@type\":\"CommentAction\",\"name\":\"Comment\",\"target\":[\"https:\\\/\\\/canal7slp.tv\\\/2019\\\/comercio-e-inversiones-temas-clave-de-marcelo-ebrard-en-china\\\/#respond\"]}]},{\"@type\":\"WebPage\",\"@id\":\"https:\\\/\\\/canal7slp.tv\\\/2019\\\/comercio-e-inversiones-temas-clave-de-marcelo-ebrard-en-china\\\/\",\"url\":\"https:\\\/\\\/canal7slp.tv\\\/2019\\\/comercio-e-inversiones-temas-clave-de-marcelo-ebrard-en-china\\\/\",\"name\":\"Comercio e inversiones, temas clave de Marcelo Ebrard en China - Canal 7 SLP - 2019\",\"isPartOf\":{\"@id\":\"https:\\\/\\\/canal7slp.tv\\\/2019\\\/#website\"},\"primaryImageOfPage\":{\"@id\":\"https:\\\/\\\/canal7slp.tv\\\/2019\\\/comercio-e-inversiones-temas-clave-de-marcelo-ebrard-en-china\\\/#primaryimage\"},\"image\":{\"@id\":\"https:\\\/\\\/canal7slp.tv\\\/2019\\\/comercio-e-inversiones-temas-clave-de-marcelo-ebrard-en-china\\\/#primaryimage\"},\"thumbnailUrl\":\"https:\\\/\\\/canal7slp.tv\\\/2019\\\/wp-content\\\/uploads\\\/2019\\\/07\\\/20.jpg\",\"datePublished\":\"2019-07-01T20:31:20+00:00\",\"breadcrumb\":{\"@id\":\"https:\\\/\\\/canal7slp.tv\\\/2019\\\/comercio-e-inversiones-temas-clave-de-marcelo-ebrard-en-china\\\/#breadcrumb\"},\"inLanguage\":\"es\",\"potentialAction\":[{\"@type\":\"ReadAction\",\"target\":[\"https:\\\/\\\/canal7slp.tv\\\/2019\\\/comercio-e-inversiones-temas-clave-de-marcelo-ebrard-en-china\\\/\"]}]},{\"@type\":\"ImageObject\",\"inLanguage\":\"es\",\"@id\":\"https:\\\/\\\/canal7slp.tv\\\/2019\\\/comercio-e-inversiones-temas-clave-de-marcelo-ebrard-en-china\\\/#primaryimage\",\"url\":\"https:\\\/\\\/canal7slp.tv\\\/2019\\\/wp-content\\\/uploads\\\/2019\\\/07\\\/20.jpg\",\"contentUrl\":\"https:\\\/\\\/canal7slp.tv\\\/2019\\\/wp-content\\\/uploads\\\/2019\\\/07\\\/20.jpg\",\"width\":750,\"height\":500,\"caption\":\"90701074. M\u00e9xico, 1 Jul 2019 (Notimex-Especial).- El Secretario de Relaciones Exteriores de M\u00e9xico, Marcelo Ebrard, inici\u00f3 este lunes su visita de trabajo a China, donde fue recibido por el vicepresidente Wang Qishan. China 1 julio 2019. NOTIMEX\\\/FOTO\\\/ESPECIAL\\\/COR\\\/POL\\\/\"},{\"@type\":\"BreadcrumbList\",\"@id\":\"https:\\\/\\\/canal7slp.tv\\\/2019\\\/comercio-e-inversiones-temas-clave-de-marcelo-ebrard-en-china\\\/#breadcrumb\",\"itemListElement\":[{\"@type\":\"ListItem\",\"position\":1,\"name\":\"Home\",\"item\":\"https:\\\/\\\/canal7slp.tv\\\/2019\\\/\"},{\"@type\":\"ListItem\",\"position\":2,\"name\":\"Comercio e inversiones, temas clave de Marcelo Ebrard en China\"}]},{\"@type\":\"WebSite\",\"@id\":\"https:\\\/\\\/canal7slp.tv\\\/2019\\\/#website\",\"url\":\"https:\\\/\\\/canal7slp.tv\\\/2019\\\/\",\"name\":\"Canal 7 SLP - Somos TV\",\"description\":\"Somos un Canal de 10\",\"publisher\":{\"@id\":\"https:\\\/\\\/canal7slp.tv\\\/2019\\\/#organization\"},\"potentialAction\":[{\"@type\":\"SearchAction\",\"target\":{\"@type\":\"EntryPoint\",\"urlTemplate\":\"https:\\\/\\\/canal7slp.tv\\\/2019\\\/?s={search_term_string}\"},\"query-input\":{\"@type\":\"PropertyValueSpecification\",\"valueRequired\":true,\"valueName\":\"search_term_string\"}}],\"inLanguage\":\"es\"},{\"@type\":\"Organization\",\"@id\":\"https:\\\/\\\/canal7slp.tv\\\/2019\\\/#organization\",\"name\":\"Comunicaci\u00f3n 2000 S.A. de C.V.\",\"url\":\"https:\\\/\\\/canal7slp.tv\\\/2019\\\/\",\"logo\":{\"@type\":\"ImageObject\",\"inLanguage\":\"es\",\"@id\":\"https:\\\/\\\/canal7slp.tv\\\/2019\\\/#\\\/schema\\\/logo\\\/image\\\/\",\"url\":\"https:\\\/\\\/canal7slp.tv\\\/2019\\\/wp-content\\\/uploads\\\/2019\\\/07\\\/logo-c7.png\",\"contentUrl\":\"https:\\\/\\\/canal7slp.tv\\\/2019\\\/wp-content\\\/uploads\\\/2019\\\/07\\\/logo-c7.png\",\"width\":220,\"height\":60,\"caption\":\"Comunicaci\u00f3n 2000 S.A. de C.V.\"},\"image\":{\"@id\":\"https:\\\/\\\/canal7slp.tv\\\/2019\\\/#\\\/schema\\\/logo\\\/image\\\/\"},\"sameAs\":[\"https:\\\/\\\/www.facebook.com\\\/CANAL7SLP\\\/\",\"https:\\\/\\\/x.com\\\/canal7_slp\",\"https:\\\/\\\/www.instagram.com\\\/canal7_slp\",\"https:\\\/\\\/www.youtube.com\\\/user\\\/NOTICIEROSCANAL7SLP\\\/\"]},{\"@type\":\"Person\",\"@id\":\"https:\\\/\\\/canal7slp.tv\\\/2019\\\/#\\\/schema\\\/person\\\/11d941c1c6ca30ac0a46b95fa37aa2e3\",\"name\":\"edicionweb\",\"image\":{\"@type\":\"ImageObject\",\"inLanguage\":\"es\",\"@id\":\"https:\\\/\\\/secure.gravatar.com\\\/avatar\\\/eee448fc3f7164808013b816ba91ac7e43bbe82a70bebac296f8bc6f0addaa1a?s=96&d=mm&r=g\",\"url\":\"https:\\\/\\\/secure.gravatar.com\\\/avatar\\\/eee448fc3f7164808013b816ba91ac7e43bbe82a70bebac296f8bc6f0addaa1a?s=96&d=mm&r=g\",\"contentUrl\":\"https:\\\/\\\/secure.gravatar.com\\\/avatar\\\/eee448fc3f7164808013b816ba91ac7e43bbe82a70bebac296f8bc6f0addaa1a?s=96&d=mm&r=g\",\"caption\":\"edicionweb\"}}]}<\/script>\n<!-- \/ Yoast SEO plugin. -->","yoast_head_json":{"title":"Comercio e inversiones, temas clave de Marcelo Ebrard en China - Canal 7 SLP - 2019","robots":{"index":"index","follow":"follow","max-snippet":"max-snippet:-1","max-image-preview":"max-image-preview:large","max-video-preview":"max-video-preview:-1"},"canonical":"https:\/\/canal7slp.tv\/2019\/comercio-e-inversiones-temas-clave-de-marcelo-ebrard-en-china\/","og_locale":"es_ES","og_type":"article","og_title":"Comercio e inversiones, temas clave de Marcelo Ebrard en China - Canal 7 SLP - 2019","og_description":"M\u00e9xico.- Dar un renovado impulso al comercio y la inversi\u00f3n productiva, a partir del cercano di\u00e1logo pol\u00edtico entre M\u00e9xico y China, es el objetivo de la visita al pa\u00eds asi\u00e1tico del secretario de Relaciones Exteriores, Marcelo Ebrard. El canciller se reuni\u00f3 con el vicepresidente Wang Qishan, a quien reafirm\u00f3 el inter\u00e9s del gobierno de M\u00e9xico [&hellip;]","og_url":"https:\/\/canal7slp.tv\/2019\/comercio-e-inversiones-temas-clave-de-marcelo-ebrard-en-china\/","og_site_name":"Canal 7 SLP - 2019","article_publisher":"https:\/\/www.facebook.com\/CANAL7SLP\/","article_published_time":"2019-07-01T20:31:20+00:00","og_image":[{"width":750,"height":500,"url":"https:\/\/canal7slp.tv\/2019\/wp-content\/uploads\/2019\/07\/20.jpg","type":"image\/jpeg"}],"author":"edicionweb","twitter_card":"summary_large_image","twitter_creator":"@canal7_slp","twitter_site":"@canal7_slp","twitter_misc":{"Escrito por":"edicionweb","Tiempo de lectura":"2 minutos"},"schema":{"@context":"https:\/\/schema.org","@graph":[{"@type":"Article","@id":"https:\/\/canal7slp.tv\/2019\/comercio-e-inversiones-temas-clave-de-marcelo-ebrard-en-china\/#article","isPartOf":{"@id":"https:\/\/canal7slp.tv\/2019\/comercio-e-inversiones-temas-clave-de-marcelo-ebrard-en-china\/"},"author":{"name":"edicionweb","@id":"https:\/\/canal7slp.tv\/2019\/#\/schema\/person\/11d941c1c6ca30ac0a46b95fa37aa2e3"},"headline":"Comercio e inversiones, temas clave de Marcelo Ebrard en China","datePublished":"2019-07-01T20:31:20+00:00","mainEntityOfPage":{"@id":"https:\/\/canal7slp.tv\/2019\/comercio-e-inversiones-temas-clave-de-marcelo-ebrard-en-china\/"},"wordCount":434,"commentCount":0,"publisher":{"@id":"https:\/\/canal7slp.tv\/2019\/#organization"},"image":{"@id":"https:\/\/canal7slp.tv\/2019\/comercio-e-inversiones-temas-clave-de-marcelo-ebrard-en-china\/#primaryimage"},"thumbnailUrl":"https:\/\/canal7slp.tv\/2019\/wp-content\/uploads\/2019\/07\/20.jpg","articleSection":["NACIONAL"],"inLanguage":"es","potentialAction":[{"@type":"CommentAction","name":"Comment","target":["https:\/\/canal7slp.tv\/2019\/comercio-e-inversiones-temas-clave-de-marcelo-ebrard-en-china\/#respond"]}]},{"@type":"WebPage","@id":"https:\/\/canal7slp.tv\/2019\/comercio-e-inversiones-temas-clave-de-marcelo-ebrard-en-china\/","url":"https:\/\/canal7slp.tv\/2019\/comercio-e-inversiones-temas-clave-de-marcelo-ebrard-en-china\/","name":"Comercio e inversiones, temas clave de Marcelo Ebrard en China - Canal 7 SLP - 2019","isPartOf":{"@id":"https:\/\/canal7slp.tv\/2019\/#website"},"primaryImageOfPage":{"@id":"https:\/\/canal7slp.tv\/2019\/comercio-e-inversiones-temas-clave-de-marcelo-ebrard-en-china\/#primaryimage"},"image":{"@id":"https:\/\/canal7slp.tv\/2019\/comercio-e-inversiones-temas-clave-de-marcelo-ebrard-en-china\/#primaryimage"},"thumbnailUrl":"https:\/\/canal7slp.tv\/2019\/wp-content\/uploads\/2019\/07\/20.jpg","datePublished":"2019-07-01T20:31:20+00:00","breadcrumb":{"@id":"https:\/\/canal7slp.tv\/2019\/comercio-e-inversiones-temas-clave-de-marcelo-ebrard-en-china\/#breadcrumb"},"inLanguage":"es","potentialAction":[{"@type":"ReadAction","target":["https:\/\/canal7slp.tv\/2019\/comercio-e-inversiones-temas-clave-de-marcelo-ebrard-en-china\/"]}]},{"@type":"ImageObject","inLanguage":"es","@id":"https:\/\/canal7slp.tv\/2019\/comercio-e-inversiones-temas-clave-de-marcelo-ebrard-en-china\/#primaryimage","url":"https:\/\/canal7slp.tv\/2019\/wp-content\/uploads\/2019\/07\/20.jpg","contentUrl":"https:\/\/canal7slp.tv\/2019\/wp-content\/uploads\/2019\/07\/20.jpg","width":750,"height":500,"caption":"90701074. M\u00e9xico, 1 Jul 2019 (Notimex-Especial).- El Secretario de Relaciones Exteriores de M\u00e9xico, Marcelo Ebrard, inici\u00f3 este lunes su visita de trabajo a China, donde fue recibido por el vicepresidente Wang Qishan. China 1 julio 2019. NOTIMEX\/FOTO\/ESPECIAL\/COR\/POL\/"},{"@type":"BreadcrumbList","@id":"https:\/\/canal7slp.tv\/2019\/comercio-e-inversiones-temas-clave-de-marcelo-ebrard-en-china\/#breadcrumb","itemListElement":[{"@type":"ListItem","position":1,"name":"Home","item":"https:\/\/canal7slp.tv\/2019\/"},{"@type":"ListItem","position":2,"name":"Comercio e inversiones, temas clave de Marcelo Ebrard en China"}]},{"@type":"WebSite","@id":"https:\/\/canal7slp.tv\/2019\/#website","url":"https:\/\/canal7slp.tv\/2019\/","name":"Canal 7 SLP - Somos TV","description":"Somos un Canal de 10","publisher":{"@id":"https:\/\/canal7slp.tv\/2019\/#organization"},"potentialAction":[{"@type":"SearchAction","target":{"@type":"EntryPoint","urlTemplate":"https:\/\/canal7slp.tv\/2019\/?s={search_term_string}"},"query-input":{"@type":"PropertyValueSpecification","valueRequired":true,"valueName":"search_term_string"}}],"inLanguage":"es"},{"@type":"Organization","@id":"https:\/\/canal7slp.tv\/2019\/#organization","name":"Comunicaci\u00f3n 2000 S.A. de C.V.","url":"https:\/\/canal7slp.tv\/2019\/","logo":{"@type":"ImageObject","inLanguage":"es","@id":"https:\/\/canal7slp.tv\/2019\/#\/schema\/logo\/image\/","url":"https:\/\/canal7slp.tv\/2019\/wp-content\/uploads\/2019\/07\/logo-c7.png","contentUrl":"https:\/\/canal7slp.tv\/2019\/wp-content\/uploads\/2019\/07\/logo-c7.png","width":220,"height":60,"caption":"Comunicaci\u00f3n 2000 S.A. de C.V."},"image":{"@id":"https:\/\/canal7slp.tv\/2019\/#\/schema\/logo\/image\/"},"sameAs":["https:\/\/www.facebook.com\/CANAL7SLP\/","https:\/\/x.com\/canal7_slp","https:\/\/www.instagram.com\/canal7_slp","https:\/\/www.youtube.com\/user\/NOTICIEROSCANAL7SLP\/"]},{"@type":"Person","@id":"https:\/\/canal7slp.tv\/2019\/#\/schema\/person\/11d941c1c6ca30ac0a46b95fa37aa2e3","name":"edicionweb","image":{"@type":"ImageObject","inLanguage":"es","@id":"https:\/\/secure.gravatar.com\/avatar\/eee448fc3f7164808013b816ba91ac7e43bbe82a70bebac296f8bc6f0addaa1a?s=96&d=mm&r=g","url":"https:\/\/secure.gravatar.com\/avatar\/eee448fc3f7164808013b816ba91ac7e43bbe82a70bebac296f8bc6f0addaa1a?s=96&d=mm&r=g","contentUrl":"https:\/\/secure.gravatar.com\/avatar\/eee448fc3f7164808013b816ba91ac7e43bbe82a70bebac296f8bc6f0addaa1a?s=96&d=mm&r=g","caption":"edicionweb"}}]}},"amp_enabled":true,"cmb2":{"video_ids_in_playlist":{"vid_p_videos":""},"video_ids_in_channel":{"vid_c_videos":""},"playlist_ids_in_channel":{"vid_c_playlists":""},"series_ids_in_channel":{"vid_c_series":""},"channel_images":{"vid_c_logo":"","vid_c_banner":""},"poster_feature_image":{"vid_m_poster_image":""},"gif_feature_image":{"vid_m_gif_image":""},"video_movie_settings":{"vid_m_director":"","vid_m_actor":"","vid_m_imdb_ratings":"","vid_m_amazon_associates":""},"vid_youtube_broadcasts_settings":{"vid_yb_broadcast_title":"","vid_yb_q":"","vid_yb_channelid":"","vid_yb_videocategoryid":"","vid_yb_maxresults":"","vid_yb_order":"","vid_yb_regioncode":"","vid_yb_videosyndicated":"","vid_yb_style":"","vid_yb_reload_first":""},"video_series_settings":{"vid_m_director":"","vid_m_actor":"","vid_m_imdb_ratings":"","video_series_group":""},"amazon_associates_settings":{"amazon_associates":"","amazon_native_ad":""},"vid_youtube_automatic_settings":{"vid_ya_youtube_source":"","vid_ya_update_every":"","vid_ya_update_unit":"","vid_ya_categories":"","vid_ya_published_after":"","vid_ya_published_before":"","vid_ya_playlists":"","vid_ya_channels":"","vid_ya_director":"","vid_ya_actor":"","vid_ya_author":"","vid_ya_import_post_date":"","vid_ya_status":"","vid_ya_sub_api_key":""},"vid_ads_m_videoads_settings_post":{"vid_ads_m_video_ads":"","vid_ads_m_video_ads_type":"","vid_ads_m_group_google_ima":"","vid_ads_m_group_image":"","vid_ads_m_group_html5_video":"","vid_ads_m_group_html":"","vid_ads_m_vast_preroll":"","vid_ads_m_vast_postroll":"","vid_ads_m_vast_pauseroll":"","vid_ads_m_vast_midroll":[{"vid_ads_m_vast_timer_seconds":"50"}],"vid_ads_m_time_to_show_ads":"","vid_ads_m_time_skip_ads":"","vid_ads_m_time_to_hide_ads":""},"page_slider_settings":{"display_slider_group":"","page_slider_group":""},"blog_page_settings":{"blog_page_title":"","blog_page_heading":"","blog_page_ic":"","blog_page_it":"","blog_page_ec":"","blog_page_ip":"","archive_loop_style":"","blog_image_ratio":"","blog_show_categories":"","blog_show_excerpt":"","blog_show_author":"","blog_show_date":"","blog_show_comment_count":"","blog_show_view_count":"","blog_show_like_count":"","blog_show_dislike_count":"","blog_items_per_page":"","blog_pag_type":""},"page_options":{"get_page_template":"","color_mode":"","main_layout":"","main_layout_full_with":"","main_logo":"","main_logo_retina":"","main_logo_mobile":"","main_logo_mobile_retina":"","sticky_logo":"","sticky_logo_retina":"","main_nav_layout":"","ajax_search":"","header_background":"","theme_sidebar":"","instagram_feed":"","instagram_feed_position":"","popular_videos":"","popular_videos_title_1":"","popular_videos_title_2":"","popular_videos_ic":"","popular_videos_it":"","theme_background":"","page_custom_css":""},"feature_image_settings":{"feature_image_position":""},"video_player_settings":{"single_video_style":"","video_player_position":"","vm_video_url":"","video_player_library":"","video_streaming":"","vm_media_sources":"","vid_auto_play":"","vm_video_shortcode":"","vid_p_sync_playlist":"","vid_c_sync_channel":"","get_post_format":"","multiple_links_structure":"default","multi_links_title":"","vm_video_multi_links":"","vm_duration":"","vid_social_locker":"off","vid_social_locker_id":"","vid_membership_action":"content-video","vm_video_trailer_url":"","vid_download_type":"free","vid_download_target":"download","vid_woo_product":"","vm_media_download":"","user_rating":"","user_rating_position":"","user_rating_mode":"","user_rating_multi_sets":""},"video_auto_fetch_settings":{"vm_video_fetch":"on"},"video_fake_views_likes":{"vm_fake_views":"","vm_fake_likes":"","vm_fake_dislikes":""},"gallery_settings":{"gallery_position":""},"quote_settings":{"quote_position":""},"post_options":{"main_layout":"","main_logo":"","main_logo_retina":"","main_logo_mobile":"","main_logo_mobile_retina":"","sticky_logo":"","sticky_logo_retina":"","main_nav_layout":"","header_background":"","theme_sidebar":"","single_post_comment_type":"","theme_background":""}},"_links":{"self":[{"href":"https:\/\/canal7slp.tv\/2019\/wp-json\/wp\/v2\/posts\/24828","targetHints":{"allow":["GET"]}}],"collection":[{"href":"https:\/\/canal7slp.tv\/2019\/wp-json\/wp\/v2\/posts"}],"about":[{"href":"https:\/\/canal7slp.tv\/2019\/wp-json\/wp\/v2\/types\/post"}],"author":[{"embeddable":true,"href":"https:\/\/canal7slp.tv\/2019\/wp-json\/wp\/v2\/users\/2"}],"replies":[{"embeddable":true,"href":"https:\/\/canal7slp.tv\/2019\/wp-json\/wp\/v2\/comments?post=24828"}],"version-history":[{"count":0,"href":"https:\/\/canal7slp.tv\/2019\/wp-json\/wp\/v2\/posts\/24828\/revisions"}],"wp:featuredmedia":[{"embeddable":true,"href":"https:\/\/canal7slp.tv\/2019\/wp-json\/wp\/v2\/media\/24829"}],"wp:attachment":[{"href":"https:\/\/canal7slp.tv\/2019\/wp-json\/wp\/v2\/media?parent=24828"}],"wp:term":[{"taxonomy":"category","embeddable":true,"href":"https:\/\/canal7slp.tv\/2019\/wp-json\/wp\/v2\/categories?post=24828"},{"taxonomy":"post_tag","embeddable":true,"href":"https:\/\/canal7slp.tv\/2019\/wp-json\/wp\/v2\/tags?post=24828"}],"curies":[{"name":"wp","href":"https:\/\/api.w.org\/{rel}","templated":true}]}}