{"id":24825,"date":"2019-07-01T15:14:11","date_gmt":"2019-07-01T20:14:11","guid":{"rendered":"https:\/\/canal7slp.tv\/2019\/?p=24825"},"modified":"2019-07-01T15:14:11","modified_gmt":"2019-07-01T20:14:11","slug":"muerte-de-padre-e-hija-salvadorenos-es-culpa-nuestra-bukele","status":"publish","type":"post","link":"https:\/\/canal7slp.tv\/2019\/muerte-de-padre-e-hija-salvadorenos-es-culpa-nuestra-bukele\/","title":{"rendered":"Muerte de padre e hija salvadore\u00f1os &#8220;es culpa nuestra&#8221;: Bukele"},"content":{"rendered":"<p style=\"text-align: justify;\">San Salvador.- El presidente de El Salvador, Nayib Bukele, se\u00f1al\u00f3 este d\u00eda que la muerte hace una semana de un padre y su peque\u00f1a hija de nacionalidad salvadore\u00f1a al intentar cruzar el r\u00edo Bravo para ingresar a Estados Unidos,&#8221;es culpa nuestra&#8221;.<\/p>\n<p style=\"text-align: justify;\">En declaraciones a la BBC de Londres, el mandatario salvadore\u00f1o dijo, &#8220;podemos culpar a cualquier otro pa\u00eds, pero \u00bfqu\u00e9 hay de nuestra culpa? \u00bfA qu\u00e9 pa\u00eds huyeron? \u00bfHuyeron de Estados Unidos? Huyeron de El Salvador, huyeron de nuestro pa\u00eds. Es culpa nuestra&#8221;.<\/p>\n<p style=\"text-align: justify;\">Este domingo llegaron a El Salvador los cuerpos de \u00d3scar Alberto Mart\u00ednez y de Valeria, su hija de 23 meses, migrantes que murieron ahogados la semana pasada en el r\u00edo Bravo en su intento por cruzar a Estados Unidos desde M\u00e9xico. Las exequias se efectuaron de manera privada y la ceremonia de sepultura ser\u00e1 este lunes.<\/p>\n<p style=\"text-align: justify;\">Bukele consider\u00f3 que el gobierno que encabeza buscar\u00e1 la manera de solucionar los problemas que obligan a los salvadore\u00f1os a emigrar y se comprometi\u00f3 a trabajar para que El Salvador sea un pa\u00eds mejor y m\u00e1s seguro.<\/p>\n<p style=\"text-align: justify;\">En declaraciones que emiti\u00f3 en la capital salvadore\u00f1a, el presidente dijo que &#8220;las personas no huyen de sus hogares porque quieren, las personas huyen de sus hogares porque sienten que tienen que hacerlo&#8221;.<\/p>\n<p style=\"text-align: justify;\">Precis\u00f3 que la raz\u00f3n es porque &#8220;no tienen trabajo, porque est\u00e1n siendo amenazadas por pandillas, porque no tienen cosas b\u00e1sicas como el agua, la educaci\u00f3n, la salud&#8221;.<\/p>\n<p style=\"text-align: justify;\">Indic\u00f3 que su gobierno buscar\u00eda centrarse en mejorar a El Salvador, &#8220;hacer de nuestro pa\u00eds un lugar donde nadie tiene que emigrar&#8221;.<\/p>\n<p style=\"text-align: justify;\">&#8220;Creo que la migraci\u00f3n es un derecho, pero deber\u00eda ser una opci\u00f3n, no una obligaci\u00f3n. Y en este momento es una obligaci\u00f3n para mucha gente&#8221;, consider\u00f3.<\/p>\n<p style=\"text-align: justify;\">Seg\u00fan la Patrulla Fronteriza, al menos 283 migrantes murieron en la frontera entre M\u00e9xico y Estados Unidos en el 2018, sin embargo los activistas de derechos humanos han se\u00f1alado que es probable que el n\u00famero sea m\u00e1s alto.<\/p>\n","protected":false},"excerpt":{"rendered":"<p>San Salvador.- El presidente de El Salvador, Nayib Bukele, se\u00f1al\u00f3 este d\u00eda que la muerte hace una semana de un padre y su peque\u00f1a hija de nacionalidad salvadore\u00f1a al intentar cruzar el r\u00edo Bravo para ingresar a Estados Unidos,&#8221;es culpa nuestra&#8221;. En declaraciones a la BBC de Londres, el mandatario salvadore\u00f1o dijo, &#8220;podemos culpar a [&hellip;]<\/p>\n","protected":false},"author":2,"featured_media":24826,"comment_status":"open","ping_status":"closed","sticky":false,"template":"","format":"standard","meta":{"footnotes":""},"categories":[18],"tags":[],"class_list":["post-24825","post","type-post","status-publish","format-standard","has-post-thumbnail","hentry","category-internacional"],"yoast_head":"<!-- This site is optimized with the Yoast SEO plugin v27.5 - https:\/\/yoast.com\/product\/yoast-seo-wordpress\/ -->\n<title>Muerte de padre e hija salvadore\u00f1os &quot;es culpa nuestra&quot;: Bukele - Canal 7 SLP - 2019<\/title>\n<meta name=\"robots\" content=\"index, follow, max-snippet:-1, max-image-preview:large, max-video-preview:-1\" \/>\n<link rel=\"canonical\" href=\"https:\/\/canal7slp.tv\/2019\/muerte-de-padre-e-hija-salvadorenos-es-culpa-nuestra-bukele\/\" \/>\n<meta property=\"og:locale\" content=\"es_ES\" \/>\n<meta property=\"og:type\" content=\"article\" \/>\n<meta property=\"og:title\" content=\"Muerte de padre e hija salvadore\u00f1os &quot;es culpa nuestra&quot;: Bukele - Canal 7 SLP - 2019\" \/>\n<meta property=\"og:description\" content=\"San Salvador.- El presidente de El Salvador, Nayib Bukele, se\u00f1al\u00f3 este d\u00eda que la muerte hace una semana de un padre y su peque\u00f1a hija de nacionalidad salvadore\u00f1a al intentar cruzar el r\u00edo Bravo para ingresar a Estados Unidos,&#8221;es culpa nuestra&#8221;. En declaraciones a la BBC de Londres, el mandatario salvadore\u00f1o dijo, &#8220;podemos culpar a [&hellip;]\" \/>\n<meta property=\"og:url\" content=\"https:\/\/canal7slp.tv\/2019\/muerte-de-padre-e-hija-salvadorenos-es-culpa-nuestra-bukele\/\" \/>\n<meta property=\"og:site_name\" content=\"Canal 7 SLP - 2019\" \/>\n<meta property=\"article:publisher\" content=\"https:\/\/www.facebook.com\/CANAL7SLP\/\" \/>\n<meta property=\"article:published_time\" content=\"2019-07-01T20:14:11+00:00\" \/>\n<meta property=\"og:image\" content=\"https:\/\/canal7slp.tv\/2019\/wp-content\/uploads\/2019\/07\/19.jpeg\" \/>\n\t<meta property=\"og:image:width\" content=\"728\" \/>\n\t<meta property=\"og:image:height\" content=\"410\" \/>\n\t<meta property=\"og:image:type\" content=\"image\/jpeg\" \/>\n<meta name=\"author\" content=\"edicionweb\" \/>\n<meta name=\"twitter:card\" content=\"summary_large_image\" \/>\n<meta name=\"twitter:creator\" content=\"@canal7_slp\" \/>\n<meta name=\"twitter:site\" content=\"@canal7_slp\" \/>\n<meta name=\"twitter:label1\" content=\"Escrito por\" \/>\n\t<meta name=\"twitter:data1\" content=\"edicionweb\" \/>\n\t<meta name=\"twitter:label2\" content=\"Tiempo de lectura\" \/>\n\t<meta name=\"twitter:data2\" content=\"2 minutos\" \/>\n<script type=\"application\/ld+json\" class=\"yoast-schema-graph\">{\"@context\":\"https:\\\/\\\/schema.org\",\"@graph\":[{\"@type\":\"Article\",\"@id\":\"https:\\\/\\\/canal7slp.tv\\\/2019\\\/muerte-de-padre-e-hija-salvadorenos-es-culpa-nuestra-bukele\\\/#article\",\"isPartOf\":{\"@id\":\"https:\\\/\\\/canal7slp.tv\\\/2019\\\/muerte-de-padre-e-hija-salvadorenos-es-culpa-nuestra-bukele\\\/\"},\"author\":{\"name\":\"edicionweb\",\"@id\":\"https:\\\/\\\/canal7slp.tv\\\/2019\\\/#\\\/schema\\\/person\\\/11d941c1c6ca30ac0a46b95fa37aa2e3\"},\"headline\":\"Muerte de padre e hija salvadore\u00f1os &#8220;es culpa nuestra&#8221;: Bukele\",\"datePublished\":\"2019-07-01T20:14:11+00:00\",\"mainEntityOfPage\":{\"@id\":\"https:\\\/\\\/canal7slp.tv\\\/2019\\\/muerte-de-padre-e-hija-salvadorenos-es-culpa-nuestra-bukele\\\/\"},\"wordCount\":364,\"commentCount\":0,\"publisher\":{\"@id\":\"https:\\\/\\\/canal7slp.tv\\\/2019\\\/#organization\"},\"image\":{\"@id\":\"https:\\\/\\\/canal7slp.tv\\\/2019\\\/muerte-de-padre-e-hija-salvadorenos-es-culpa-nuestra-bukele\\\/#primaryimage\"},\"thumbnailUrl\":\"https:\\\/\\\/canal7slp.tv\\\/2019\\\/wp-content\\\/uploads\\\/2019\\\/07\\\/19.jpeg\",\"articleSection\":[\"INTERNACIONAL\"],\"inLanguage\":\"es\",\"potentialAction\":[{\"@type\":\"CommentAction\",\"name\":\"Comment\",\"target\":[\"https:\\\/\\\/canal7slp.tv\\\/2019\\\/muerte-de-padre-e-hija-salvadorenos-es-culpa-nuestra-bukele\\\/#respond\"]}]},{\"@type\":\"WebPage\",\"@id\":\"https:\\\/\\\/canal7slp.tv\\\/2019\\\/muerte-de-padre-e-hija-salvadorenos-es-culpa-nuestra-bukele\\\/\",\"url\":\"https:\\\/\\\/canal7slp.tv\\\/2019\\\/muerte-de-padre-e-hija-salvadorenos-es-culpa-nuestra-bukele\\\/\",\"name\":\"Muerte de padre e hija salvadore\u00f1os \\\"es culpa nuestra\\\": Bukele - Canal 7 SLP - 2019\",\"isPartOf\":{\"@id\":\"https:\\\/\\\/canal7slp.tv\\\/2019\\\/#website\"},\"primaryImageOfPage\":{\"@id\":\"https:\\\/\\\/canal7slp.tv\\\/2019\\\/muerte-de-padre-e-hija-salvadorenos-es-culpa-nuestra-bukele\\\/#primaryimage\"},\"image\":{\"@id\":\"https:\\\/\\\/canal7slp.tv\\\/2019\\\/muerte-de-padre-e-hija-salvadorenos-es-culpa-nuestra-bukele\\\/#primaryimage\"},\"thumbnailUrl\":\"https:\\\/\\\/canal7slp.tv\\\/2019\\\/wp-content\\\/uploads\\\/2019\\\/07\\\/19.jpeg\",\"datePublished\":\"2019-07-01T20:14:11+00:00\",\"breadcrumb\":{\"@id\":\"https:\\\/\\\/canal7slp.tv\\\/2019\\\/muerte-de-padre-e-hija-salvadorenos-es-culpa-nuestra-bukele\\\/#breadcrumb\"},\"inLanguage\":\"es\",\"potentialAction\":[{\"@type\":\"ReadAction\",\"target\":[\"https:\\\/\\\/canal7slp.tv\\\/2019\\\/muerte-de-padre-e-hija-salvadorenos-es-culpa-nuestra-bukele\\\/\"]}]},{\"@type\":\"ImageObject\",\"inLanguage\":\"es\",\"@id\":\"https:\\\/\\\/canal7slp.tv\\\/2019\\\/muerte-de-padre-e-hija-salvadorenos-es-culpa-nuestra-bukele\\\/#primaryimage\",\"url\":\"https:\\\/\\\/canal7slp.tv\\\/2019\\\/wp-content\\\/uploads\\\/2019\\\/07\\\/19.jpeg\",\"contentUrl\":\"https:\\\/\\\/canal7slp.tv\\\/2019\\\/wp-content\\\/uploads\\\/2019\\\/07\\\/19.jpeg\",\"width\":728,\"height\":410},{\"@type\":\"BreadcrumbList\",\"@id\":\"https:\\\/\\\/canal7slp.tv\\\/2019\\\/muerte-de-padre-e-hija-salvadorenos-es-culpa-nuestra-bukele\\\/#breadcrumb\",\"itemListElement\":[{\"@type\":\"ListItem\",\"position\":1,\"name\":\"Home\",\"item\":\"https:\\\/\\\/canal7slp.tv\\\/2019\\\/\"},{\"@type\":\"ListItem\",\"position\":2,\"name\":\"Muerte de padre e hija salvadore\u00f1os &#8220;es culpa nuestra&#8221;: Bukele\"}]},{\"@type\":\"WebSite\",\"@id\":\"https:\\\/\\\/canal7slp.tv\\\/2019\\\/#website\",\"url\":\"https:\\\/\\\/canal7slp.tv\\\/2019\\\/\",\"name\":\"Canal 7 SLP - Somos TV\",\"description\":\"Somos un Canal de 10\",\"publisher\":{\"@id\":\"https:\\\/\\\/canal7slp.tv\\\/2019\\\/#organization\"},\"potentialAction\":[{\"@type\":\"SearchAction\",\"target\":{\"@type\":\"EntryPoint\",\"urlTemplate\":\"https:\\\/\\\/canal7slp.tv\\\/2019\\\/?s={search_term_string}\"},\"query-input\":{\"@type\":\"PropertyValueSpecification\",\"valueRequired\":true,\"valueName\":\"search_term_string\"}}],\"inLanguage\":\"es\"},{\"@type\":\"Organization\",\"@id\":\"https:\\\/\\\/canal7slp.tv\\\/2019\\\/#organization\",\"name\":\"Comunicaci\u00f3n 2000 S.A. de C.V.\",\"url\":\"https:\\\/\\\/canal7slp.tv\\\/2019\\\/\",\"logo\":{\"@type\":\"ImageObject\",\"inLanguage\":\"es\",\"@id\":\"https:\\\/\\\/canal7slp.tv\\\/2019\\\/#\\\/schema\\\/logo\\\/image\\\/\",\"url\":\"https:\\\/\\\/canal7slp.tv\\\/2019\\\/wp-content\\\/uploads\\\/2019\\\/07\\\/logo-c7.png\",\"contentUrl\":\"https:\\\/\\\/canal7slp.tv\\\/2019\\\/wp-content\\\/uploads\\\/2019\\\/07\\\/logo-c7.png\",\"width\":220,\"height\":60,\"caption\":\"Comunicaci\u00f3n 2000 S.A. de C.V.\"},\"image\":{\"@id\":\"https:\\\/\\\/canal7slp.tv\\\/2019\\\/#\\\/schema\\\/logo\\\/image\\\/\"},\"sameAs\":[\"https:\\\/\\\/www.facebook.com\\\/CANAL7SLP\\\/\",\"https:\\\/\\\/x.com\\\/canal7_slp\",\"https:\\\/\\\/www.instagram.com\\\/canal7_slp\",\"https:\\\/\\\/www.youtube.com\\\/user\\\/NOTICIEROSCANAL7SLP\\\/\"]},{\"@type\":\"Person\",\"@id\":\"https:\\\/\\\/canal7slp.tv\\\/2019\\\/#\\\/schema\\\/person\\\/11d941c1c6ca30ac0a46b95fa37aa2e3\",\"name\":\"edicionweb\",\"image\":{\"@type\":\"ImageObject\",\"inLanguage\":\"es\",\"@id\":\"https:\\\/\\\/secure.gravatar.com\\\/avatar\\\/eee448fc3f7164808013b816ba91ac7e43bbe82a70bebac296f8bc6f0addaa1a?s=96&d=mm&r=g\",\"url\":\"https:\\\/\\\/secure.gravatar.com\\\/avatar\\\/eee448fc3f7164808013b816ba91ac7e43bbe82a70bebac296f8bc6f0addaa1a?s=96&d=mm&r=g\",\"contentUrl\":\"https:\\\/\\\/secure.gravatar.com\\\/avatar\\\/eee448fc3f7164808013b816ba91ac7e43bbe82a70bebac296f8bc6f0addaa1a?s=96&d=mm&r=g\",\"caption\":\"edicionweb\"}}]}<\/script>\n<!-- \/ Yoast SEO plugin. -->","yoast_head_json":{"title":"Muerte de padre e hija salvadore\u00f1os \"es culpa nuestra\": Bukele - Canal 7 SLP - 2019","robots":{"index":"index","follow":"follow","max-snippet":"max-snippet:-1","max-image-preview":"max-image-preview:large","max-video-preview":"max-video-preview:-1"},"canonical":"https:\/\/canal7slp.tv\/2019\/muerte-de-padre-e-hija-salvadorenos-es-culpa-nuestra-bukele\/","og_locale":"es_ES","og_type":"article","og_title":"Muerte de padre e hija salvadore\u00f1os \"es culpa nuestra\": Bukele - Canal 7 SLP - 2019","og_description":"San Salvador.- El presidente de El Salvador, Nayib Bukele, se\u00f1al\u00f3 este d\u00eda que la muerte hace una semana de un padre y su peque\u00f1a hija de nacionalidad salvadore\u00f1a al intentar cruzar el r\u00edo Bravo para ingresar a Estados Unidos,&#8221;es culpa nuestra&#8221;. En declaraciones a la BBC de Londres, el mandatario salvadore\u00f1o dijo, &#8220;podemos culpar a [&hellip;]","og_url":"https:\/\/canal7slp.tv\/2019\/muerte-de-padre-e-hija-salvadorenos-es-culpa-nuestra-bukele\/","og_site_name":"Canal 7 SLP - 2019","article_publisher":"https:\/\/www.facebook.com\/CANAL7SLP\/","article_published_time":"2019-07-01T20:14:11+00:00","og_image":[{"width":728,"height":410,"url":"https:\/\/canal7slp.tv\/2019\/wp-content\/uploads\/2019\/07\/19.jpeg","type":"image\/jpeg"}],"author":"edicionweb","twitter_card":"summary_large_image","twitter_creator":"@canal7_slp","twitter_site":"@canal7_slp","twitter_misc":{"Escrito por":"edicionweb","Tiempo de lectura":"2 minutos"},"schema":{"@context":"https:\/\/schema.org","@graph":[{"@type":"Article","@id":"https:\/\/canal7slp.tv\/2019\/muerte-de-padre-e-hija-salvadorenos-es-culpa-nuestra-bukele\/#article","isPartOf":{"@id":"https:\/\/canal7slp.tv\/2019\/muerte-de-padre-e-hija-salvadorenos-es-culpa-nuestra-bukele\/"},"author":{"name":"edicionweb","@id":"https:\/\/canal7slp.tv\/2019\/#\/schema\/person\/11d941c1c6ca30ac0a46b95fa37aa2e3"},"headline":"Muerte de padre e hija salvadore\u00f1os &#8220;es culpa nuestra&#8221;: Bukele","datePublished":"2019-07-01T20:14:11+00:00","mainEntityOfPage":{"@id":"https:\/\/canal7slp.tv\/2019\/muerte-de-padre-e-hija-salvadorenos-es-culpa-nuestra-bukele\/"},"wordCount":364,"commentCount":0,"publisher":{"@id":"https:\/\/canal7slp.tv\/2019\/#organization"},"image":{"@id":"https:\/\/canal7slp.tv\/2019\/muerte-de-padre-e-hija-salvadorenos-es-culpa-nuestra-bukele\/#primaryimage"},"thumbnailUrl":"https:\/\/canal7slp.tv\/2019\/wp-content\/uploads\/2019\/07\/19.jpeg","articleSection":["INTERNACIONAL"],"inLanguage":"es","potentialAction":[{"@type":"CommentAction","name":"Comment","target":["https:\/\/canal7slp.tv\/2019\/muerte-de-padre-e-hija-salvadorenos-es-culpa-nuestra-bukele\/#respond"]}]},{"@type":"WebPage","@id":"https:\/\/canal7slp.tv\/2019\/muerte-de-padre-e-hija-salvadorenos-es-culpa-nuestra-bukele\/","url":"https:\/\/canal7slp.tv\/2019\/muerte-de-padre-e-hija-salvadorenos-es-culpa-nuestra-bukele\/","name":"Muerte de padre e hija salvadore\u00f1os \"es culpa nuestra\": Bukele - Canal 7 SLP - 2019","isPartOf":{"@id":"https:\/\/canal7slp.tv\/2019\/#website"},"primaryImageOfPage":{"@id":"https:\/\/canal7slp.tv\/2019\/muerte-de-padre-e-hija-salvadorenos-es-culpa-nuestra-bukele\/#primaryimage"},"image":{"@id":"https:\/\/canal7slp.tv\/2019\/muerte-de-padre-e-hija-salvadorenos-es-culpa-nuestra-bukele\/#primaryimage"},"thumbnailUrl":"https:\/\/canal7slp.tv\/2019\/wp-content\/uploads\/2019\/07\/19.jpeg","datePublished":"2019-07-01T20:14:11+00:00","breadcrumb":{"@id":"https:\/\/canal7slp.tv\/2019\/muerte-de-padre-e-hija-salvadorenos-es-culpa-nuestra-bukele\/#breadcrumb"},"inLanguage":"es","potentialAction":[{"@type":"ReadAction","target":["https:\/\/canal7slp.tv\/2019\/muerte-de-padre-e-hija-salvadorenos-es-culpa-nuestra-bukele\/"]}]},{"@type":"ImageObject","inLanguage":"es","@id":"https:\/\/canal7slp.tv\/2019\/muerte-de-padre-e-hija-salvadorenos-es-culpa-nuestra-bukele\/#primaryimage","url":"https:\/\/canal7slp.tv\/2019\/wp-content\/uploads\/2019\/07\/19.jpeg","contentUrl":"https:\/\/canal7slp.tv\/2019\/wp-content\/uploads\/2019\/07\/19.jpeg","width":728,"height":410},{"@type":"BreadcrumbList","@id":"https:\/\/canal7slp.tv\/2019\/muerte-de-padre-e-hija-salvadorenos-es-culpa-nuestra-bukele\/#breadcrumb","itemListElement":[{"@type":"ListItem","position":1,"name":"Home","item":"https:\/\/canal7slp.tv\/2019\/"},{"@type":"ListItem","position":2,"name":"Muerte de padre e hija salvadore\u00f1os &#8220;es culpa nuestra&#8221;: Bukele"}]},{"@type":"WebSite","@id":"https:\/\/canal7slp.tv\/2019\/#website","url":"https:\/\/canal7slp.tv\/2019\/","name":"Canal 7 SLP - Somos TV","description":"Somos un Canal de 10","publisher":{"@id":"https:\/\/canal7slp.tv\/2019\/#organization"},"potentialAction":[{"@type":"SearchAction","target":{"@type":"EntryPoint","urlTemplate":"https:\/\/canal7slp.tv\/2019\/?s={search_term_string}"},"query-input":{"@type":"PropertyValueSpecification","valueRequired":true,"valueName":"search_term_string"}}],"inLanguage":"es"},{"@type":"Organization","@id":"https:\/\/canal7slp.tv\/2019\/#organization","name":"Comunicaci\u00f3n 2000 S.A. de C.V.","url":"https:\/\/canal7slp.tv\/2019\/","logo":{"@type":"ImageObject","inLanguage":"es","@id":"https:\/\/canal7slp.tv\/2019\/#\/schema\/logo\/image\/","url":"https:\/\/canal7slp.tv\/2019\/wp-content\/uploads\/2019\/07\/logo-c7.png","contentUrl":"https:\/\/canal7slp.tv\/2019\/wp-content\/uploads\/2019\/07\/logo-c7.png","width":220,"height":60,"caption":"Comunicaci\u00f3n 2000 S.A. de C.V."},"image":{"@id":"https:\/\/canal7slp.tv\/2019\/#\/schema\/logo\/image\/"},"sameAs":["https:\/\/www.facebook.com\/CANAL7SLP\/","https:\/\/x.com\/canal7_slp","https:\/\/www.instagram.com\/canal7_slp","https:\/\/www.youtube.com\/user\/NOTICIEROSCANAL7SLP\/"]},{"@type":"Person","@id":"https:\/\/canal7slp.tv\/2019\/#\/schema\/person\/11d941c1c6ca30ac0a46b95fa37aa2e3","name":"edicionweb","image":{"@type":"ImageObject","inLanguage":"es","@id":"https:\/\/secure.gravatar.com\/avatar\/eee448fc3f7164808013b816ba91ac7e43bbe82a70bebac296f8bc6f0addaa1a?s=96&d=mm&r=g","url":"https:\/\/secure.gravatar.com\/avatar\/eee448fc3f7164808013b816ba91ac7e43bbe82a70bebac296f8bc6f0addaa1a?s=96&d=mm&r=g","contentUrl":"https:\/\/secure.gravatar.com\/avatar\/eee448fc3f7164808013b816ba91ac7e43bbe82a70bebac296f8bc6f0addaa1a?s=96&d=mm&r=g","caption":"edicionweb"}}]}},"amp_enabled":true,"cmb2":{"video_ids_in_playlist":{"vid_p_videos":""},"video_ids_in_channel":{"vid_c_videos":""},"playlist_ids_in_channel":{"vid_c_playlists":""},"series_ids_in_channel":{"vid_c_series":""},"channel_images":{"vid_c_logo":"","vid_c_banner":""},"poster_feature_image":{"vid_m_poster_image":""},"gif_feature_image":{"vid_m_gif_image":""},"video_movie_settings":{"vid_m_director":"","vid_m_actor":"","vid_m_imdb_ratings":"","vid_m_amazon_associates":""},"vid_youtube_broadcasts_settings":{"vid_yb_broadcast_title":"","vid_yb_q":"","vid_yb_channelid":"","vid_yb_videocategoryid":"","vid_yb_maxresults":"","vid_yb_order":"","vid_yb_regioncode":"","vid_yb_videosyndicated":"","vid_yb_style":"","vid_yb_reload_first":""},"video_series_settings":{"vid_m_director":"","vid_m_actor":"","vid_m_imdb_ratings":"","video_series_group":""},"amazon_associates_settings":{"amazon_associates":"","amazon_native_ad":""},"vid_youtube_automatic_settings":{"vid_ya_youtube_source":"","vid_ya_update_every":"","vid_ya_update_unit":"","vid_ya_categories":"","vid_ya_published_after":"","vid_ya_published_before":"","vid_ya_playlists":"","vid_ya_channels":"","vid_ya_director":"","vid_ya_actor":"","vid_ya_author":"","vid_ya_import_post_date":"","vid_ya_status":"","vid_ya_sub_api_key":""},"vid_ads_m_videoads_settings_post":{"vid_ads_m_video_ads":"","vid_ads_m_video_ads_type":"","vid_ads_m_group_google_ima":"","vid_ads_m_group_image":"","vid_ads_m_group_html5_video":"","vid_ads_m_group_html":"","vid_ads_m_vast_preroll":"","vid_ads_m_vast_postroll":"","vid_ads_m_vast_pauseroll":"","vid_ads_m_vast_midroll":[{"vid_ads_m_vast_timer_seconds":"50"}],"vid_ads_m_time_to_show_ads":"","vid_ads_m_time_skip_ads":"","vid_ads_m_time_to_hide_ads":""},"page_slider_settings":{"display_slider_group":"","page_slider_group":""},"blog_page_settings":{"blog_page_title":"","blog_page_heading":"","blog_page_ic":"","blog_page_it":"","blog_page_ec":"","blog_page_ip":"","archive_loop_style":"","blog_image_ratio":"","blog_show_categories":"","blog_show_excerpt":"","blog_show_author":"","blog_show_date":"","blog_show_comment_count":"","blog_show_view_count":"","blog_show_like_count":"","blog_show_dislike_count":"","blog_items_per_page":"","blog_pag_type":""},"page_options":{"get_page_template":"","color_mode":"","main_layout":"","main_layout_full_with":"","main_logo":"","main_logo_retina":"","main_logo_mobile":"","main_logo_mobile_retina":"","sticky_logo":"","sticky_logo_retina":"","main_nav_layout":"","ajax_search":"","header_background":"","theme_sidebar":"","instagram_feed":"","instagram_feed_position":"","popular_videos":"","popular_videos_title_1":"","popular_videos_title_2":"","popular_videos_ic":"","popular_videos_it":"","theme_background":"","page_custom_css":""},"feature_image_settings":{"feature_image_position":""},"video_player_settings":{"single_video_style":"","video_player_position":"","vm_video_url":"","video_player_library":"","video_streaming":"","vm_media_sources":"","vid_auto_play":"","vm_video_shortcode":"","vid_p_sync_playlist":"","vid_c_sync_channel":"","get_post_format":"","multiple_links_structure":"default","multi_links_title":"","vm_video_multi_links":"","vm_duration":"","vid_social_locker":"off","vid_social_locker_id":"","vid_membership_action":"content-video","vm_video_trailer_url":"","vid_download_type":"free","vid_download_target":"download","vid_woo_product":"","vm_media_download":"","user_rating":"","user_rating_position":"","user_rating_mode":"","user_rating_multi_sets":""},"video_auto_fetch_settings":{"vm_video_fetch":"on"},"video_fake_views_likes":{"vm_fake_views":"","vm_fake_likes":"","vm_fake_dislikes":""},"gallery_settings":{"gallery_position":""},"quote_settings":{"quote_position":""},"post_options":{"main_layout":"","main_logo":"","main_logo_retina":"","main_logo_mobile":"","main_logo_mobile_retina":"","sticky_logo":"","sticky_logo_retina":"","main_nav_layout":"","header_background":"","theme_sidebar":"","single_post_comment_type":"","theme_background":""}},"_links":{"self":[{"href":"https:\/\/canal7slp.tv\/2019\/wp-json\/wp\/v2\/posts\/24825","targetHints":{"allow":["GET"]}}],"collection":[{"href":"https:\/\/canal7slp.tv\/2019\/wp-json\/wp\/v2\/posts"}],"about":[{"href":"https:\/\/canal7slp.tv\/2019\/wp-json\/wp\/v2\/types\/post"}],"author":[{"embeddable":true,"href":"https:\/\/canal7slp.tv\/2019\/wp-json\/wp\/v2\/users\/2"}],"replies":[{"embeddable":true,"href":"https:\/\/canal7slp.tv\/2019\/wp-json\/wp\/v2\/comments?post=24825"}],"version-history":[{"count":0,"href":"https:\/\/canal7slp.tv\/2019\/wp-json\/wp\/v2\/posts\/24825\/revisions"}],"wp:featuredmedia":[{"embeddable":true,"href":"https:\/\/canal7slp.tv\/2019\/wp-json\/wp\/v2\/media\/24826"}],"wp:attachment":[{"href":"https:\/\/canal7slp.tv\/2019\/wp-json\/wp\/v2\/media?parent=24825"}],"wp:term":[{"taxonomy":"category","embeddable":true,"href":"https:\/\/canal7slp.tv\/2019\/wp-json\/wp\/v2\/categories?post=24825"},{"taxonomy":"post_tag","embeddable":true,"href":"https:\/\/canal7slp.tv\/2019\/wp-json\/wp\/v2\/tags?post=24825"}],"curies":[{"name":"wp","href":"https:\/\/api.w.org\/{rel}","templated":true}]}}