{"id":24819,"date":"2019-07-01T14:56:53","date_gmt":"2019-07-01T19:56:53","guid":{"rendered":"https:\/\/canal7slp.tv\/2019\/?p=24819"},"modified":"2019-07-01T14:56:53","modified_gmt":"2019-07-01T19:56:53","slug":"paul-aguilar-considera-que-america-tiene-plantel-completo","status":"publish","type":"post","link":"https:\/\/canal7slp.tv\/2019\/paul-aguilar-considera-que-america-tiene-plantel-completo\/","title":{"rendered":"Paul Aguilar considera que Am\u00e9rica tiene plantel completo"},"content":{"rendered":"<p style=\"text-align: justify;\">M\u00e9xico.- Pese a que el Am\u00e9rica s\u00f3lo se ha reforzado con el mediocampista Fernando Gonz\u00e1lez para el Torneo Apertura 2019 de la Liga MX, el defensa Paul Aguilar afirm\u00f3 que el equipo est\u00e1 completo, ya que pr\u00e1cticamente fue con esta base de jugadores con la que lograron el t\u00edtulo en el Apertura 2018.<\/p>\n<p style=\"text-align: justify;\">\u201cAl final de cuentas el jugador del Am\u00e9rica sabe la exigencia que tiene el equipo, ya se lo hemos hecho saber a Fernando, que es el nuevo en el equipo, pero hoy por hoy el equipo est\u00e1 completo, hace un a\u00f1o fuimos campeones con este mismo plantel\u201d, dijo.<\/p>\n<p style=\"text-align: justify;\">Entrevistado previo la salida del equipo a Estados Unidos, donde sostendr\u00e1 una serie de partidos amistosos, adem\u00e1s del duelo del Campe\u00f3n de Campeones con los Tigres de la UANL, el zaguero record\u00f3 que adem\u00e1s se podr\u00edan dar incorporaciones siempre y cuando salgan jugadores.<\/p>\n<p style=\"text-align: justify;\">\u201cLo han comentado bien, que si hay alguna salida habr\u00e1 alg\u00fan refuerzo; entonces el que llegue ser\u00e1 bienvenido y tambi\u00e9n (habr\u00e1 que) ense\u00f1arle la exigencia de esto\u201d, apunt\u00f3.<\/p>\n<p style=\"text-align: justify;\">Aguilar indic\u00f3 que esta serie de cotejos es \u201cuna muy buena oportunidad para todos los j\u00f3venes, el saber que tendr\u00e1n una oportunidad muy grande de mostrarse, as\u00ed que Dios quiera que puedan ense\u00f1ar su calidad y pertenecer ya al primer equipo\u201d.<\/p>\n<p style=\"text-align: justify;\">Descart\u00f3 que la ausencia de seleccionados sudamericanos y de M\u00e9xico vaya a afectar su trabajo de preparaci\u00f3n, ya que al final ellos han estado en competencia y tendr\u00e1n su respectivo tiempo para recuperarse y llegar al equipo antes del inicio del certamen.<\/p>\n<p style=\"text-align: justify;\">\u201cEs normal que ellos puedan tener un proceso diferente al de nosotros, es cierto que ellos vendr\u00e1n en competencia; ser\u00e1 bueno que les den unos d\u00edas de vacaciones porque el cuerpo se lo pide\u201d, estableci\u00f3.<\/p>\n<p style=\"text-align: justify;\">El defensa consider\u00f3 que al final el partido que tiene mayor importancia es el que sostendr\u00e1n el 14 de julio ante Tigres de la UANL, para definir al Campe\u00f3n de Campeones.<\/p>\n<p style=\"text-align: justify;\">\u201cSon partidos de preparaci\u00f3n, los tomamos como tal, con toda la seriedad posible, pero para nosotros el partido m\u00e1s importante empieza contra Tigres. En este equipo se tienen que ganar todos los partidos, pero tambi\u00e9n saber que vamos demasiados j\u00f3venes y como tal darles ese beneficio de que est\u00e9n tranquilos, que disfruten y que puedan dar la capacidad para estar ac\u00e1\u201d, acot\u00f3.<\/p>\n<p style=\"text-align: justify;\">El jugador descart\u00f3 que ellos sean los encargados de limpiar el honor de la Liga MX, luego de la goleada que le propin\u00f3 el equipo de River Plate al Guadalajara el pasado viernes por marcador de 5-1.<\/p>\n<p style=\"text-align: justify;\">\u201cEs problema de ellos, nosotros a hacer nuestro trabajo y que ellos se encarguen de su problema. Hoy por hoy las goleadas son por circunstancias, m\u00e1s all\u00e1 de la diferencia entre un plantel y otro, pero nosotros debemos hacernos el trabajo, le toc\u00f3 a Chivas y esperemos nosotros hacer un gran partido y sacar el resultado que queremos, que es ganar\u201d, sentenci\u00f3.<\/p>\n<p style=\"text-align: justify;\">El conjunto que dirige Miguel Herrera sostendr\u00e1 duelos amistosos frente a Boca Juniors de Argentina el 3 de julio en la RB Arena de Nueva Jersey; mientras que el d\u00eda 6 har\u00e1 lo propio con River Plate en el CenturyLink Field de Seattle.<\/p>\n<p style=\"text-align: justify;\">Para el 9 de julio en Frisco, Texas, enfrentar\u00e1 a Pumas de la UNAM y el 14 se ver\u00e1 las caras con Tigres de la UANL en el partido por el Campe\u00f3n de Campeones en Carson, California.<\/p>\n<p style=\"text-align: justify;\">El equipo que dirige Miguel Herrera debutar\u00e1 en el Torneo Apertura 2019 de la Liga MX el s\u00e1bado 20 de julio, cuando reciba al Monterrey en el estadio Azteca.<\/p>\n","protected":false},"excerpt":{"rendered":"<p>M\u00e9xico.- Pese a que el Am\u00e9rica s\u00f3lo se ha reforzado con el mediocampista Fernando Gonz\u00e1lez para el Torneo Apertura 2019 de la Liga MX, el defensa Paul Aguilar afirm\u00f3 que el equipo est\u00e1 completo, ya que pr\u00e1cticamente fue con esta base de jugadores con la que lograron el t\u00edtulo en el Apertura 2018. \u201cAl final [&hellip;]<\/p>\n","protected":false},"author":2,"featured_media":24820,"comment_status":"open","ping_status":"closed","sticky":false,"template":"","format":"standard","meta":{"footnotes":""},"categories":[96],"tags":[],"class_list":["post-24819","post","type-post","status-publish","format-standard","has-post-thumbnail","hentry","category-deportes"],"yoast_head":"<!-- This site is optimized with the Yoast SEO plugin v27.5 - https:\/\/yoast.com\/product\/yoast-seo-wordpress\/ -->\n<title>Paul Aguilar considera que Am\u00e9rica tiene plantel completo - Canal 7 SLP - 2019<\/title>\n<meta name=\"robots\" content=\"index, follow, max-snippet:-1, max-image-preview:large, max-video-preview:-1\" \/>\n<link rel=\"canonical\" href=\"https:\/\/canal7slp.tv\/2019\/paul-aguilar-considera-que-america-tiene-plantel-completo\/\" \/>\n<meta property=\"og:locale\" content=\"es_ES\" \/>\n<meta property=\"og:type\" content=\"article\" \/>\n<meta property=\"og:title\" content=\"Paul Aguilar considera que Am\u00e9rica tiene plantel completo - Canal 7 SLP - 2019\" \/>\n<meta property=\"og:description\" content=\"M\u00e9xico.- Pese a que el Am\u00e9rica s\u00f3lo se ha reforzado con el mediocampista Fernando Gonz\u00e1lez para el Torneo Apertura 2019 de la Liga MX, el defensa Paul Aguilar afirm\u00f3 que el equipo est\u00e1 completo, ya que pr\u00e1cticamente fue con esta base de jugadores con la que lograron el t\u00edtulo en el Apertura 2018. \u201cAl final [&hellip;]\" \/>\n<meta property=\"og:url\" content=\"https:\/\/canal7slp.tv\/2019\/paul-aguilar-considera-que-america-tiene-plantel-completo\/\" \/>\n<meta property=\"og:site_name\" content=\"Canal 7 SLP - 2019\" \/>\n<meta property=\"article:publisher\" content=\"https:\/\/www.facebook.com\/CANAL7SLP\/\" \/>\n<meta property=\"article:published_time\" content=\"2019-07-01T19:56:53+00:00\" \/>\n<meta property=\"og:image\" content=\"https:\/\/canal7slp.tv\/2019\/wp-content\/uploads\/2019\/07\/17.jpg\" \/>\n\t<meta property=\"og:image:width\" content=\"728\" \/>\n\t<meta property=\"og:image:height\" content=\"410\" \/>\n\t<meta property=\"og:image:type\" content=\"image\/jpeg\" \/>\n<meta name=\"author\" content=\"edicionweb\" \/>\n<meta name=\"twitter:card\" content=\"summary_large_image\" \/>\n<meta name=\"twitter:creator\" content=\"@canal7_slp\" \/>\n<meta name=\"twitter:site\" content=\"@canal7_slp\" \/>\n<meta name=\"twitter:label1\" content=\"Escrito por\" \/>\n\t<meta name=\"twitter:data1\" content=\"edicionweb\" \/>\n\t<meta name=\"twitter:label2\" content=\"Tiempo de lectura\" \/>\n\t<meta name=\"twitter:data2\" content=\"3 minutos\" \/>\n<script type=\"application\/ld+json\" class=\"yoast-schema-graph\">{\"@context\":\"https:\\\/\\\/schema.org\",\"@graph\":[{\"@type\":\"Article\",\"@id\":\"https:\\\/\\\/canal7slp.tv\\\/2019\\\/paul-aguilar-considera-que-america-tiene-plantel-completo\\\/#article\",\"isPartOf\":{\"@id\":\"https:\\\/\\\/canal7slp.tv\\\/2019\\\/paul-aguilar-considera-que-america-tiene-plantel-completo\\\/\"},\"author\":{\"name\":\"edicionweb\",\"@id\":\"https:\\\/\\\/canal7slp.tv\\\/2019\\\/#\\\/schema\\\/person\\\/11d941c1c6ca30ac0a46b95fa37aa2e3\"},\"headline\":\"Paul Aguilar considera que Am\u00e9rica tiene plantel completo\",\"datePublished\":\"2019-07-01T19:56:53+00:00\",\"mainEntityOfPage\":{\"@id\":\"https:\\\/\\\/canal7slp.tv\\\/2019\\\/paul-aguilar-considera-que-america-tiene-plantel-completo\\\/\"},\"wordCount\":626,\"commentCount\":0,\"publisher\":{\"@id\":\"https:\\\/\\\/canal7slp.tv\\\/2019\\\/#organization\"},\"image\":{\"@id\":\"https:\\\/\\\/canal7slp.tv\\\/2019\\\/paul-aguilar-considera-que-america-tiene-plantel-completo\\\/#primaryimage\"},\"thumbnailUrl\":\"https:\\\/\\\/canal7slp.tv\\\/2019\\\/wp-content\\\/uploads\\\/2019\\\/07\\\/17.jpg\",\"articleSection\":[\"DEPORTES\"],\"inLanguage\":\"es\",\"potentialAction\":[{\"@type\":\"CommentAction\",\"name\":\"Comment\",\"target\":[\"https:\\\/\\\/canal7slp.tv\\\/2019\\\/paul-aguilar-considera-que-america-tiene-plantel-completo\\\/#respond\"]}]},{\"@type\":\"WebPage\",\"@id\":\"https:\\\/\\\/canal7slp.tv\\\/2019\\\/paul-aguilar-considera-que-america-tiene-plantel-completo\\\/\",\"url\":\"https:\\\/\\\/canal7slp.tv\\\/2019\\\/paul-aguilar-considera-que-america-tiene-plantel-completo\\\/\",\"name\":\"Paul Aguilar considera que Am\u00e9rica tiene plantel completo - Canal 7 SLP - 2019\",\"isPartOf\":{\"@id\":\"https:\\\/\\\/canal7slp.tv\\\/2019\\\/#website\"},\"primaryImageOfPage\":{\"@id\":\"https:\\\/\\\/canal7slp.tv\\\/2019\\\/paul-aguilar-considera-que-america-tiene-plantel-completo\\\/#primaryimage\"},\"image\":{\"@id\":\"https:\\\/\\\/canal7slp.tv\\\/2019\\\/paul-aguilar-considera-que-america-tiene-plantel-completo\\\/#primaryimage\"},\"thumbnailUrl\":\"https:\\\/\\\/canal7slp.tv\\\/2019\\\/wp-content\\\/uploads\\\/2019\\\/07\\\/17.jpg\",\"datePublished\":\"2019-07-01T19:56:53+00:00\",\"breadcrumb\":{\"@id\":\"https:\\\/\\\/canal7slp.tv\\\/2019\\\/paul-aguilar-considera-que-america-tiene-plantel-completo\\\/#breadcrumb\"},\"inLanguage\":\"es\",\"potentialAction\":[{\"@type\":\"ReadAction\",\"target\":[\"https:\\\/\\\/canal7slp.tv\\\/2019\\\/paul-aguilar-considera-que-america-tiene-plantel-completo\\\/\"]}]},{\"@type\":\"ImageObject\",\"inLanguage\":\"es\",\"@id\":\"https:\\\/\\\/canal7slp.tv\\\/2019\\\/paul-aguilar-considera-que-america-tiene-plantel-completo\\\/#primaryimage\",\"url\":\"https:\\\/\\\/canal7slp.tv\\\/2019\\\/wp-content\\\/uploads\\\/2019\\\/07\\\/17.jpg\",\"contentUrl\":\"https:\\\/\\\/canal7slp.tv\\\/2019\\\/wp-content\\\/uploads\\\/2019\\\/07\\\/17.jpg\",\"width\":728,\"height\":410},{\"@type\":\"BreadcrumbList\",\"@id\":\"https:\\\/\\\/canal7slp.tv\\\/2019\\\/paul-aguilar-considera-que-america-tiene-plantel-completo\\\/#breadcrumb\",\"itemListElement\":[{\"@type\":\"ListItem\",\"position\":1,\"name\":\"Home\",\"item\":\"https:\\\/\\\/canal7slp.tv\\\/2019\\\/\"},{\"@type\":\"ListItem\",\"position\":2,\"name\":\"Paul Aguilar considera que Am\u00e9rica tiene plantel completo\"}]},{\"@type\":\"WebSite\",\"@id\":\"https:\\\/\\\/canal7slp.tv\\\/2019\\\/#website\",\"url\":\"https:\\\/\\\/canal7slp.tv\\\/2019\\\/\",\"name\":\"Canal 7 SLP - Somos TV\",\"description\":\"Somos un Canal de 10\",\"publisher\":{\"@id\":\"https:\\\/\\\/canal7slp.tv\\\/2019\\\/#organization\"},\"potentialAction\":[{\"@type\":\"SearchAction\",\"target\":{\"@type\":\"EntryPoint\",\"urlTemplate\":\"https:\\\/\\\/canal7slp.tv\\\/2019\\\/?s={search_term_string}\"},\"query-input\":{\"@type\":\"PropertyValueSpecification\",\"valueRequired\":true,\"valueName\":\"search_term_string\"}}],\"inLanguage\":\"es\"},{\"@type\":\"Organization\",\"@id\":\"https:\\\/\\\/canal7slp.tv\\\/2019\\\/#organization\",\"name\":\"Comunicaci\u00f3n 2000 S.A. de C.V.\",\"url\":\"https:\\\/\\\/canal7slp.tv\\\/2019\\\/\",\"logo\":{\"@type\":\"ImageObject\",\"inLanguage\":\"es\",\"@id\":\"https:\\\/\\\/canal7slp.tv\\\/2019\\\/#\\\/schema\\\/logo\\\/image\\\/\",\"url\":\"https:\\\/\\\/canal7slp.tv\\\/2019\\\/wp-content\\\/uploads\\\/2019\\\/07\\\/logo-c7.png\",\"contentUrl\":\"https:\\\/\\\/canal7slp.tv\\\/2019\\\/wp-content\\\/uploads\\\/2019\\\/07\\\/logo-c7.png\",\"width\":220,\"height\":60,\"caption\":\"Comunicaci\u00f3n 2000 S.A. de C.V.\"},\"image\":{\"@id\":\"https:\\\/\\\/canal7slp.tv\\\/2019\\\/#\\\/schema\\\/logo\\\/image\\\/\"},\"sameAs\":[\"https:\\\/\\\/www.facebook.com\\\/CANAL7SLP\\\/\",\"https:\\\/\\\/x.com\\\/canal7_slp\",\"https:\\\/\\\/www.instagram.com\\\/canal7_slp\",\"https:\\\/\\\/www.youtube.com\\\/user\\\/NOTICIEROSCANAL7SLP\\\/\"]},{\"@type\":\"Person\",\"@id\":\"https:\\\/\\\/canal7slp.tv\\\/2019\\\/#\\\/schema\\\/person\\\/11d941c1c6ca30ac0a46b95fa37aa2e3\",\"name\":\"edicionweb\",\"image\":{\"@type\":\"ImageObject\",\"inLanguage\":\"es\",\"@id\":\"https:\\\/\\\/secure.gravatar.com\\\/avatar\\\/eee448fc3f7164808013b816ba91ac7e43bbe82a70bebac296f8bc6f0addaa1a?s=96&d=mm&r=g\",\"url\":\"https:\\\/\\\/secure.gravatar.com\\\/avatar\\\/eee448fc3f7164808013b816ba91ac7e43bbe82a70bebac296f8bc6f0addaa1a?s=96&d=mm&r=g\",\"contentUrl\":\"https:\\\/\\\/secure.gravatar.com\\\/avatar\\\/eee448fc3f7164808013b816ba91ac7e43bbe82a70bebac296f8bc6f0addaa1a?s=96&d=mm&r=g\",\"caption\":\"edicionweb\"}}]}<\/script>\n<!-- \/ Yoast SEO plugin. -->","yoast_head_json":{"title":"Paul Aguilar considera que Am\u00e9rica tiene plantel completo - Canal 7 SLP - 2019","robots":{"index":"index","follow":"follow","max-snippet":"max-snippet:-1","max-image-preview":"max-image-preview:large","max-video-preview":"max-video-preview:-1"},"canonical":"https:\/\/canal7slp.tv\/2019\/paul-aguilar-considera-que-america-tiene-plantel-completo\/","og_locale":"es_ES","og_type":"article","og_title":"Paul Aguilar considera que Am\u00e9rica tiene plantel completo - Canal 7 SLP - 2019","og_description":"M\u00e9xico.- Pese a que el Am\u00e9rica s\u00f3lo se ha reforzado con el mediocampista Fernando Gonz\u00e1lez para el Torneo Apertura 2019 de la Liga MX, el defensa Paul Aguilar afirm\u00f3 que el equipo est\u00e1 completo, ya que pr\u00e1cticamente fue con esta base de jugadores con la que lograron el t\u00edtulo en el Apertura 2018. \u201cAl final [&hellip;]","og_url":"https:\/\/canal7slp.tv\/2019\/paul-aguilar-considera-que-america-tiene-plantel-completo\/","og_site_name":"Canal 7 SLP - 2019","article_publisher":"https:\/\/www.facebook.com\/CANAL7SLP\/","article_published_time":"2019-07-01T19:56:53+00:00","og_image":[{"width":728,"height":410,"url":"https:\/\/canal7slp.tv\/2019\/wp-content\/uploads\/2019\/07\/17.jpg","type":"image\/jpeg"}],"author":"edicionweb","twitter_card":"summary_large_image","twitter_creator":"@canal7_slp","twitter_site":"@canal7_slp","twitter_misc":{"Escrito por":"edicionweb","Tiempo de lectura":"3 minutos"},"schema":{"@context":"https:\/\/schema.org","@graph":[{"@type":"Article","@id":"https:\/\/canal7slp.tv\/2019\/paul-aguilar-considera-que-america-tiene-plantel-completo\/#article","isPartOf":{"@id":"https:\/\/canal7slp.tv\/2019\/paul-aguilar-considera-que-america-tiene-plantel-completo\/"},"author":{"name":"edicionweb","@id":"https:\/\/canal7slp.tv\/2019\/#\/schema\/person\/11d941c1c6ca30ac0a46b95fa37aa2e3"},"headline":"Paul Aguilar considera que Am\u00e9rica tiene plantel completo","datePublished":"2019-07-01T19:56:53+00:00","mainEntityOfPage":{"@id":"https:\/\/canal7slp.tv\/2019\/paul-aguilar-considera-que-america-tiene-plantel-completo\/"},"wordCount":626,"commentCount":0,"publisher":{"@id":"https:\/\/canal7slp.tv\/2019\/#organization"},"image":{"@id":"https:\/\/canal7slp.tv\/2019\/paul-aguilar-considera-que-america-tiene-plantel-completo\/#primaryimage"},"thumbnailUrl":"https:\/\/canal7slp.tv\/2019\/wp-content\/uploads\/2019\/07\/17.jpg","articleSection":["DEPORTES"],"inLanguage":"es","potentialAction":[{"@type":"CommentAction","name":"Comment","target":["https:\/\/canal7slp.tv\/2019\/paul-aguilar-considera-que-america-tiene-plantel-completo\/#respond"]}]},{"@type":"WebPage","@id":"https:\/\/canal7slp.tv\/2019\/paul-aguilar-considera-que-america-tiene-plantel-completo\/","url":"https:\/\/canal7slp.tv\/2019\/paul-aguilar-considera-que-america-tiene-plantel-completo\/","name":"Paul Aguilar considera que Am\u00e9rica tiene plantel completo - Canal 7 SLP - 2019","isPartOf":{"@id":"https:\/\/canal7slp.tv\/2019\/#website"},"primaryImageOfPage":{"@id":"https:\/\/canal7slp.tv\/2019\/paul-aguilar-considera-que-america-tiene-plantel-completo\/#primaryimage"},"image":{"@id":"https:\/\/canal7slp.tv\/2019\/paul-aguilar-considera-que-america-tiene-plantel-completo\/#primaryimage"},"thumbnailUrl":"https:\/\/canal7slp.tv\/2019\/wp-content\/uploads\/2019\/07\/17.jpg","datePublished":"2019-07-01T19:56:53+00:00","breadcrumb":{"@id":"https:\/\/canal7slp.tv\/2019\/paul-aguilar-considera-que-america-tiene-plantel-completo\/#breadcrumb"},"inLanguage":"es","potentialAction":[{"@type":"ReadAction","target":["https:\/\/canal7slp.tv\/2019\/paul-aguilar-considera-que-america-tiene-plantel-completo\/"]}]},{"@type":"ImageObject","inLanguage":"es","@id":"https:\/\/canal7slp.tv\/2019\/paul-aguilar-considera-que-america-tiene-plantel-completo\/#primaryimage","url":"https:\/\/canal7slp.tv\/2019\/wp-content\/uploads\/2019\/07\/17.jpg","contentUrl":"https:\/\/canal7slp.tv\/2019\/wp-content\/uploads\/2019\/07\/17.jpg","width":728,"height":410},{"@type":"BreadcrumbList","@id":"https:\/\/canal7slp.tv\/2019\/paul-aguilar-considera-que-america-tiene-plantel-completo\/#breadcrumb","itemListElement":[{"@type":"ListItem","position":1,"name":"Home","item":"https:\/\/canal7slp.tv\/2019\/"},{"@type":"ListItem","position":2,"name":"Paul Aguilar considera que Am\u00e9rica tiene plantel completo"}]},{"@type":"WebSite","@id":"https:\/\/canal7slp.tv\/2019\/#website","url":"https:\/\/canal7slp.tv\/2019\/","name":"Canal 7 SLP - Somos TV","description":"Somos un Canal de 10","publisher":{"@id":"https:\/\/canal7slp.tv\/2019\/#organization"},"potentialAction":[{"@type":"SearchAction","target":{"@type":"EntryPoint","urlTemplate":"https:\/\/canal7slp.tv\/2019\/?s={search_term_string}"},"query-input":{"@type":"PropertyValueSpecification","valueRequired":true,"valueName":"search_term_string"}}],"inLanguage":"es"},{"@type":"Organization","@id":"https:\/\/canal7slp.tv\/2019\/#organization","name":"Comunicaci\u00f3n 2000 S.A. de C.V.","url":"https:\/\/canal7slp.tv\/2019\/","logo":{"@type":"ImageObject","inLanguage":"es","@id":"https:\/\/canal7slp.tv\/2019\/#\/schema\/logo\/image\/","url":"https:\/\/canal7slp.tv\/2019\/wp-content\/uploads\/2019\/07\/logo-c7.png","contentUrl":"https:\/\/canal7slp.tv\/2019\/wp-content\/uploads\/2019\/07\/logo-c7.png","width":220,"height":60,"caption":"Comunicaci\u00f3n 2000 S.A. de C.V."},"image":{"@id":"https:\/\/canal7slp.tv\/2019\/#\/schema\/logo\/image\/"},"sameAs":["https:\/\/www.facebook.com\/CANAL7SLP\/","https:\/\/x.com\/canal7_slp","https:\/\/www.instagram.com\/canal7_slp","https:\/\/www.youtube.com\/user\/NOTICIEROSCANAL7SLP\/"]},{"@type":"Person","@id":"https:\/\/canal7slp.tv\/2019\/#\/schema\/person\/11d941c1c6ca30ac0a46b95fa37aa2e3","name":"edicionweb","image":{"@type":"ImageObject","inLanguage":"es","@id":"https:\/\/secure.gravatar.com\/avatar\/eee448fc3f7164808013b816ba91ac7e43bbe82a70bebac296f8bc6f0addaa1a?s=96&d=mm&r=g","url":"https:\/\/secure.gravatar.com\/avatar\/eee448fc3f7164808013b816ba91ac7e43bbe82a70bebac296f8bc6f0addaa1a?s=96&d=mm&r=g","contentUrl":"https:\/\/secure.gravatar.com\/avatar\/eee448fc3f7164808013b816ba91ac7e43bbe82a70bebac296f8bc6f0addaa1a?s=96&d=mm&r=g","caption":"edicionweb"}}]}},"amp_enabled":true,"cmb2":{"video_ids_in_playlist":{"vid_p_videos":""},"video_ids_in_channel":{"vid_c_videos":""},"playlist_ids_in_channel":{"vid_c_playlists":""},"series_ids_in_channel":{"vid_c_series":""},"channel_images":{"vid_c_logo":"","vid_c_banner":""},"poster_feature_image":{"vid_m_poster_image":""},"gif_feature_image":{"vid_m_gif_image":""},"video_movie_settings":{"vid_m_director":"","vid_m_actor":"","vid_m_imdb_ratings":"","vid_m_amazon_associates":""},"vid_youtube_broadcasts_settings":{"vid_yb_broadcast_title":"","vid_yb_q":"","vid_yb_channelid":"","vid_yb_videocategoryid":"","vid_yb_maxresults":"","vid_yb_order":"","vid_yb_regioncode":"","vid_yb_videosyndicated":"","vid_yb_style":"","vid_yb_reload_first":""},"video_series_settings":{"vid_m_director":"","vid_m_actor":"","vid_m_imdb_ratings":"","video_series_group":""},"amazon_associates_settings":{"amazon_associates":"","amazon_native_ad":""},"vid_youtube_automatic_settings":{"vid_ya_youtube_source":"","vid_ya_update_every":"","vid_ya_update_unit":"","vid_ya_categories":"","vid_ya_published_after":"","vid_ya_published_before":"","vid_ya_playlists":"","vid_ya_channels":"","vid_ya_director":"","vid_ya_actor":"","vid_ya_author":"","vid_ya_import_post_date":"","vid_ya_status":"","vid_ya_sub_api_key":""},"vid_ads_m_videoads_settings_post":{"vid_ads_m_video_ads":"","vid_ads_m_video_ads_type":"","vid_ads_m_group_google_ima":"","vid_ads_m_group_image":"","vid_ads_m_group_html5_video":"","vid_ads_m_group_html":"","vid_ads_m_vast_preroll":"","vid_ads_m_vast_postroll":"","vid_ads_m_vast_pauseroll":"","vid_ads_m_vast_midroll":[{"vid_ads_m_vast_timer_seconds":"50"}],"vid_ads_m_time_to_show_ads":"","vid_ads_m_time_skip_ads":"","vid_ads_m_time_to_hide_ads":""},"page_slider_settings":{"display_slider_group":"","page_slider_group":""},"blog_page_settings":{"blog_page_title":"","blog_page_heading":"","blog_page_ic":"","blog_page_it":"","blog_page_ec":"","blog_page_ip":"","archive_loop_style":"","blog_image_ratio":"","blog_show_categories":"","blog_show_excerpt":"","blog_show_author":"","blog_show_date":"","blog_show_comment_count":"","blog_show_view_count":"","blog_show_like_count":"","blog_show_dislike_count":"","blog_items_per_page":"","blog_pag_type":""},"page_options":{"get_page_template":"","color_mode":"","main_layout":"","main_layout_full_with":"","main_logo":"","main_logo_retina":"","main_logo_mobile":"","main_logo_mobile_retina":"","sticky_logo":"","sticky_logo_retina":"","main_nav_layout":"","ajax_search":"","header_background":"","theme_sidebar":"","instagram_feed":"","instagram_feed_position":"","popular_videos":"","popular_videos_title_1":"","popular_videos_title_2":"","popular_videos_ic":"","popular_videos_it":"","theme_background":"","page_custom_css":""},"feature_image_settings":{"feature_image_position":""},"video_player_settings":{"single_video_style":"","video_player_position":"","vm_video_url":"","video_player_library":"","video_streaming":"","vm_media_sources":"","vid_auto_play":"","vm_video_shortcode":"","vid_p_sync_playlist":"","vid_c_sync_channel":"","get_post_format":"","multiple_links_structure":"default","multi_links_title":"","vm_video_multi_links":"","vm_duration":"","vid_social_locker":"off","vid_social_locker_id":"","vid_membership_action":"content-video","vm_video_trailer_url":"","vid_download_type":"free","vid_download_target":"download","vid_woo_product":"","vm_media_download":"","user_rating":"","user_rating_position":"","user_rating_mode":"","user_rating_multi_sets":""},"video_auto_fetch_settings":{"vm_video_fetch":"on"},"video_fake_views_likes":{"vm_fake_views":"","vm_fake_likes":"","vm_fake_dislikes":""},"gallery_settings":{"gallery_position":""},"quote_settings":{"quote_position":""},"post_options":{"main_layout":"","main_logo":"","main_logo_retina":"","main_logo_mobile":"","main_logo_mobile_retina":"","sticky_logo":"","sticky_logo_retina":"","main_nav_layout":"","header_background":"","theme_sidebar":"","single_post_comment_type":"","theme_background":""}},"_links":{"self":[{"href":"https:\/\/canal7slp.tv\/2019\/wp-json\/wp\/v2\/posts\/24819","targetHints":{"allow":["GET"]}}],"collection":[{"href":"https:\/\/canal7slp.tv\/2019\/wp-json\/wp\/v2\/posts"}],"about":[{"href":"https:\/\/canal7slp.tv\/2019\/wp-json\/wp\/v2\/types\/post"}],"author":[{"embeddable":true,"href":"https:\/\/canal7slp.tv\/2019\/wp-json\/wp\/v2\/users\/2"}],"replies":[{"embeddable":true,"href":"https:\/\/canal7slp.tv\/2019\/wp-json\/wp\/v2\/comments?post=24819"}],"version-history":[{"count":0,"href":"https:\/\/canal7slp.tv\/2019\/wp-json\/wp\/v2\/posts\/24819\/revisions"}],"wp:featuredmedia":[{"embeddable":true,"href":"https:\/\/canal7slp.tv\/2019\/wp-json\/wp\/v2\/media\/24820"}],"wp:attachment":[{"href":"https:\/\/canal7slp.tv\/2019\/wp-json\/wp\/v2\/media?parent=24819"}],"wp:term":[{"taxonomy":"category","embeddable":true,"href":"https:\/\/canal7slp.tv\/2019\/wp-json\/wp\/v2\/categories?post=24819"},{"taxonomy":"post_tag","embeddable":true,"href":"https:\/\/canal7slp.tv\/2019\/wp-json\/wp\/v2\/tags?post=24819"}],"curies":[{"name":"wp","href":"https:\/\/api.w.org\/{rel}","templated":true}]}}