{"id":24816,"date":"2019-07-01T14:52:19","date_gmt":"2019-07-01T19:52:19","guid":{"rendered":"https:\/\/canal7slp.tv\/2019\/?p=24816"},"modified":"2019-07-01T14:52:19","modified_gmt":"2019-07-01T19:52:19","slug":"es-compatible-maternidad-y-actuacion-ilse-salas","status":"publish","type":"post","link":"https:\/\/canal7slp.tv\/2019\/es-compatible-maternidad-y-actuacion-ilse-salas\/","title":{"rendered":"Es compatible maternidad y actuaci\u00f3n: Ilse Salas"},"content":{"rendered":"<p>M\u00e9xico.- Perder el trabajo por estar embarazada es uno de los problemas a los que se enfrentan las mujeres que se desarrollan en cualquier profesi\u00f3n; sin embargo, la actriz Ilse Salas sostiene que ya existe -en algunos \u00e1mbitos- la consciencia de que no es un problema y que se puede seguir trabajando incluso con la llegada del beb\u00e9.<\/p>\n<p>\u201cCasi renunci\u00e9 a la pel\u00edcula (<em>Las ni\u00f1as bien<\/em>) cuando me embarac\u00e9, asumiendo que como estaba embarazada no iban a esperarme y entonces no iba a poder hacerla\u201d, comparti\u00f3 entre risas la actriz mexicana Ilse Salas, quien gan\u00f3 el Ariel a Mejor Actriz por dar vida a \u201cSof\u00eda\u201d en el citado filme dirigido por Alejandra M\u00e1rquez.<\/p>\n<p>En entrevista con Notimex, la actriz sostuvo que le sorprendi\u00f3 de sobre manera que desde que habl\u00f3 con la directora de la cinta, ella le propuso que pod\u00edan postergar la filmaci\u00f3n y que m\u00e1s adelante tendr\u00eda el tiempo necesario para amamantar a su hijo.<\/p>\n<p>\u201cO sea pens\u00e9 que yo ser\u00eda un conflicto para la producci\u00f3n y de repente Ale me dice: \u00b4Pues te esperamos. No pasa nada si aguantamos seis meses, amamantas en el set, tienes tus tiempos, las locaciones van a ser propicias porque somos muchas mujeres en la producci\u00f3n, hay muchas mam\u00e1s y no podemos separarnos tanto de los ni\u00f1os\u00b4\u201d, record\u00f3 Salas.<\/p>\n<p>Visiblemente sorprendida por la conciencia de la creadora, Salas contin\u00fao: \u201cPens\u00e9, \u00a1wow! tengo condiciones en donde yo puedo realizarme profesionalmente sin tener pena, verg\u00fcenza o angustia por ser mam\u00e1 tambi\u00e9n. Vaya, vaya, vaya, por qu\u00e9 esto no ocurre en todas las producciones en las que estamos\u201d.<\/p>\n<p>Y as\u00ed fue como sin querer, dijo, \u201c<em>Las ni\u00f1as bien<\/em>\u00a0se convirti\u00f3 en una antorcha feminista. De hecho, en todas las comidas, mientras rodamos, dec\u00edamos: Tenemos que hacer comunidad, tenemos que hacer que esto crezca y tenemos que hacer que todas las producciones de cine, de televisi\u00f3n, de todo, tengan estas condiciones, y ah\u00ed inici\u00f3 una lucha que tiene que continuar\u201d.<\/p>\n<p>Salas participa en la iniciativa \u201c#YaEsHora\u201d, que tiene como objetivo formar comunidad y establecer una nueva cultura entre mujeres, a fin de luchar contra situaciones que puedan poner en peligro la dignidad de la mujer, sin miedo a ser afectadas (rechazadas\/ tachadas\/descalificadas\/despedidas) por defenderse una misma o a otras.<\/p>\n<p>Desde la iniciativa, citan las promotoras, trabajar\u00e1n en una agenda de g\u00e9nero que considere los siguientes ejes: espacios de trabajo libres de violencia, igualdad y paridad, y una mayor inclusi\u00f3n de narrativas con perspectiva de g\u00e9nero.<\/p>\n<p><strong><em>Las ni\u00f1as bien<\/em>\u00a0del 2019<\/strong><\/p>\n<p>En la cinta dirigida por Alejandra M\u00e1rquez, Ilse Salas interpreta a \u201cSof\u00eda\u201d, una mujer que entiende la realidad del mundo y de su contexto hasta que su tarjeta de cr\u00e9dito es rechazada.<\/p>\n<p>\u201cA m\u00ed lo que m\u00e1s me saca de onda es que siguen ah\u00ed, hay muchas ni\u00f1as bien, es muy impresionante. Uno piensa que hemos avanzado much\u00edsimo y claro que lo hemos hecho, no es lo mismo una mujer de los ochentas que ahora en este pa\u00eds, sin embargo; todav\u00eda me topo con muchas mujeres que consideran un halago decirse ni\u00f1as bien.<\/p>\n<p>\u201cQue consideran importante presumir su estatus social, su dinero y que no les interesa la vida pol\u00edtica de su pa\u00eds, no conocen las noticias y si la violencia estalla por aqu\u00ed y por all\u00e1, no importa mientras no llegue a su colonia\u201d, expres\u00f3 con descontento.<\/p>\n<p>De acuerdo con la actriz, esa situaci\u00f3n es algo que se debe confrontar y observarla de cerca. \u201cSiento que Alejandra M\u00e1rquez lo que hizo fue eso, no juzg\u00f3 a estos personajes, sino los encar\u00f3 simplemente, asumiendo tambi\u00e9n cu\u00e1nto de ni\u00f1as bien tenemos nosotras las que estamos involucradas ah\u00ed, que es muy doloroso y que es muy pat\u00e9tico s\u00ed, pero ah\u00ed est\u00e1\u201d.<\/p>\n<p><strong>La austeridad en el cine<\/strong><\/p>\n<p>Salas, quien interpreta a Diana Laura Riojas, viuda del candidato presidencial Luis Donaldo Colosio en la serie de\u00a0<em>Historia de un Crimen: Colosio<\/em>, opin\u00f3 que los recortes presupuestales a la cultura en la actual administraci\u00f3n son un error.<\/p>\n<p>\u201cNo se puede subestimar a la industria cinematogr\u00e1fica, entiendo perfectamente que son tiempos muy dif\u00edciles, no solamente en M\u00e9xico sino en el mundo, pero creo que nos tenemos que replantear a d\u00f3nde tiene que ir dirigido el dinero\u201d, anot\u00f3.<\/p>\n<p>\u201cPara m\u00ed s\u00ed debe ser prioridad la cultura, la educaci\u00f3n y la salud. Son pilares y tenemos como ciudadanos darnos cuenta de eso, exigirlo, pelear por nuestra rama, en m\u00ed caso por la cultura, sin despotricar tampoco sobre las nuevas ideas. Estamos transform\u00e1ndonos, pero bueno, se cometen errores tambi\u00e9n en las transformaciones y hay que asumir esos errores\u201d, expres\u00f3.<\/p>\n<p>Tras celebrar que a\u00fan con los recortes se haya podido organizar la 61 entrega de los premios Ariel, Salas mencion\u00f3 que es muy importante darle el valor que se merece la creaci\u00f3n cinematogr\u00e1fica de M\u00e9xico.<\/p>\n<p>\u201cPorque nos invitan a otros pa\u00edses a mostrar nuestras pel\u00edculas y no hay nada m\u00e1s emocionante que llegar a un pueblito franc\u00e9s a mostrarlas,\u00a0de repente ver que toda la comunidad mexicana que no sab\u00edas que estaba ah\u00ed, se re\u00fane y est\u00e1 llorando porque se acuerda de su pa\u00eds, porque quiere volver y que estas pel\u00edculas est\u00e1n generando identidad no solamente aqu\u00ed, sino fuera. Entonces s\u00ed que sirve el arte y la cultura, y s\u00ed que debemos defenderla\u201d, comparti\u00f3 la actriz.<\/p>\n","protected":false},"excerpt":{"rendered":"<p>M\u00e9xico.- Perder el trabajo por estar embarazada es uno de los problemas a los que se enfrentan las mujeres que se desarrollan en cualquier profesi\u00f3n; sin embargo, la actriz Ilse Salas sostiene que ya existe -en algunos \u00e1mbitos- la consciencia de que no es un problema y que se puede seguir trabajando incluso con la [&hellip;]<\/p>\n","protected":false},"author":2,"featured_media":24817,"comment_status":"open","ping_status":"closed","sticky":false,"template":"","format":"standard","meta":{"footnotes":""},"categories":[24],"tags":[],"class_list":["post-24816","post","type-post","status-publish","format-standard","has-post-thumbnail","hentry","category-espectaculos"],"yoast_head":"<!-- This site is optimized with the Yoast SEO plugin v27.5 - https:\/\/yoast.com\/product\/yoast-seo-wordpress\/ -->\n<title>Es compatible maternidad y actuaci\u00f3n: Ilse Salas - Canal 7 SLP - 2019<\/title>\n<meta name=\"robots\" content=\"index, follow, max-snippet:-1, max-image-preview:large, max-video-preview:-1\" \/>\n<link rel=\"canonical\" href=\"https:\/\/canal7slp.tv\/2019\/es-compatible-maternidad-y-actuacion-ilse-salas\/\" \/>\n<meta property=\"og:locale\" content=\"es_ES\" \/>\n<meta property=\"og:type\" content=\"article\" \/>\n<meta property=\"og:title\" content=\"Es compatible maternidad y actuaci\u00f3n: Ilse Salas - Canal 7 SLP - 2019\" \/>\n<meta property=\"og:description\" content=\"M\u00e9xico.- Perder el trabajo por estar embarazada es uno de los problemas a los que se enfrentan las mujeres que se desarrollan en cualquier profesi\u00f3n; sin embargo, la actriz Ilse Salas sostiene que ya existe -en algunos \u00e1mbitos- la consciencia de que no es un problema y que se puede seguir trabajando incluso con la [&hellip;]\" \/>\n<meta property=\"og:url\" content=\"https:\/\/canal7slp.tv\/2019\/es-compatible-maternidad-y-actuacion-ilse-salas\/\" \/>\n<meta property=\"og:site_name\" content=\"Canal 7 SLP - 2019\" \/>\n<meta property=\"article:publisher\" content=\"https:\/\/www.facebook.com\/CANAL7SLP\/\" \/>\n<meta property=\"article:published_time\" content=\"2019-07-01T19:52:19+00:00\" \/>\n<meta property=\"og:image\" content=\"https:\/\/canal7slp.tv\/2019\/wp-content\/uploads\/2019\/07\/16.jpg\" \/>\n\t<meta property=\"og:image:width\" content=\"615\" \/>\n\t<meta property=\"og:image:height\" content=\"410\" \/>\n\t<meta property=\"og:image:type\" content=\"image\/jpeg\" \/>\n<meta name=\"author\" content=\"edicionweb\" \/>\n<meta name=\"twitter:card\" content=\"summary_large_image\" \/>\n<meta name=\"twitter:creator\" content=\"@canal7_slp\" \/>\n<meta name=\"twitter:site\" content=\"@canal7_slp\" \/>\n<meta name=\"twitter:label1\" content=\"Escrito por\" \/>\n\t<meta name=\"twitter:data1\" content=\"edicionweb\" \/>\n\t<meta name=\"twitter:label2\" content=\"Tiempo de lectura\" \/>\n\t<meta name=\"twitter:data2\" content=\"5 minutos\" \/>\n<script type=\"application\/ld+json\" class=\"yoast-schema-graph\">{\"@context\":\"https:\\\/\\\/schema.org\",\"@graph\":[{\"@type\":\"Article\",\"@id\":\"https:\\\/\\\/canal7slp.tv\\\/2019\\\/es-compatible-maternidad-y-actuacion-ilse-salas\\\/#article\",\"isPartOf\":{\"@id\":\"https:\\\/\\\/canal7slp.tv\\\/2019\\\/es-compatible-maternidad-y-actuacion-ilse-salas\\\/\"},\"author\":{\"name\":\"edicionweb\",\"@id\":\"https:\\\/\\\/canal7slp.tv\\\/2019\\\/#\\\/schema\\\/person\\\/11d941c1c6ca30ac0a46b95fa37aa2e3\"},\"headline\":\"Es compatible maternidad y actuaci\u00f3n: Ilse Salas\",\"datePublished\":\"2019-07-01T19:52:19+00:00\",\"mainEntityOfPage\":{\"@id\":\"https:\\\/\\\/canal7slp.tv\\\/2019\\\/es-compatible-maternidad-y-actuacion-ilse-salas\\\/\"},\"wordCount\":943,\"commentCount\":0,\"publisher\":{\"@id\":\"https:\\\/\\\/canal7slp.tv\\\/2019\\\/#organization\"},\"image\":{\"@id\":\"https:\\\/\\\/canal7slp.tv\\\/2019\\\/es-compatible-maternidad-y-actuacion-ilse-salas\\\/#primaryimage\"},\"thumbnailUrl\":\"https:\\\/\\\/canal7slp.tv\\\/2019\\\/wp-content\\\/uploads\\\/2019\\\/07\\\/16.jpg\",\"articleSection\":[\"ESPECTACULOS\"],\"inLanguage\":\"es\",\"potentialAction\":[{\"@type\":\"CommentAction\",\"name\":\"Comment\",\"target\":[\"https:\\\/\\\/canal7slp.tv\\\/2019\\\/es-compatible-maternidad-y-actuacion-ilse-salas\\\/#respond\"]}]},{\"@type\":\"WebPage\",\"@id\":\"https:\\\/\\\/canal7slp.tv\\\/2019\\\/es-compatible-maternidad-y-actuacion-ilse-salas\\\/\",\"url\":\"https:\\\/\\\/canal7slp.tv\\\/2019\\\/es-compatible-maternidad-y-actuacion-ilse-salas\\\/\",\"name\":\"Es compatible maternidad y actuaci\u00f3n: Ilse Salas - Canal 7 SLP - 2019\",\"isPartOf\":{\"@id\":\"https:\\\/\\\/canal7slp.tv\\\/2019\\\/#website\"},\"primaryImageOfPage\":{\"@id\":\"https:\\\/\\\/canal7slp.tv\\\/2019\\\/es-compatible-maternidad-y-actuacion-ilse-salas\\\/#primaryimage\"},\"image\":{\"@id\":\"https:\\\/\\\/canal7slp.tv\\\/2019\\\/es-compatible-maternidad-y-actuacion-ilse-salas\\\/#primaryimage\"},\"thumbnailUrl\":\"https:\\\/\\\/canal7slp.tv\\\/2019\\\/wp-content\\\/uploads\\\/2019\\\/07\\\/16.jpg\",\"datePublished\":\"2019-07-01T19:52:19+00:00\",\"breadcrumb\":{\"@id\":\"https:\\\/\\\/canal7slp.tv\\\/2019\\\/es-compatible-maternidad-y-actuacion-ilse-salas\\\/#breadcrumb\"},\"inLanguage\":\"es\",\"potentialAction\":[{\"@type\":\"ReadAction\",\"target\":[\"https:\\\/\\\/canal7slp.tv\\\/2019\\\/es-compatible-maternidad-y-actuacion-ilse-salas\\\/\"]}]},{\"@type\":\"ImageObject\",\"inLanguage\":\"es\",\"@id\":\"https:\\\/\\\/canal7slp.tv\\\/2019\\\/es-compatible-maternidad-y-actuacion-ilse-salas\\\/#primaryimage\",\"url\":\"https:\\\/\\\/canal7slp.tv\\\/2019\\\/wp-content\\\/uploads\\\/2019\\\/07\\\/16.jpg\",\"contentUrl\":\"https:\\\/\\\/canal7slp.tv\\\/2019\\\/wp-content\\\/uploads\\\/2019\\\/07\\\/16.jpg\",\"width\":615,\"height\":410},{\"@type\":\"BreadcrumbList\",\"@id\":\"https:\\\/\\\/canal7slp.tv\\\/2019\\\/es-compatible-maternidad-y-actuacion-ilse-salas\\\/#breadcrumb\",\"itemListElement\":[{\"@type\":\"ListItem\",\"position\":1,\"name\":\"Home\",\"item\":\"https:\\\/\\\/canal7slp.tv\\\/2019\\\/\"},{\"@type\":\"ListItem\",\"position\":2,\"name\":\"Es compatible maternidad y actuaci\u00f3n: Ilse Salas\"}]},{\"@type\":\"WebSite\",\"@id\":\"https:\\\/\\\/canal7slp.tv\\\/2019\\\/#website\",\"url\":\"https:\\\/\\\/canal7slp.tv\\\/2019\\\/\",\"name\":\"Canal 7 SLP - Somos TV\",\"description\":\"Somos un Canal de 10\",\"publisher\":{\"@id\":\"https:\\\/\\\/canal7slp.tv\\\/2019\\\/#organization\"},\"potentialAction\":[{\"@type\":\"SearchAction\",\"target\":{\"@type\":\"EntryPoint\",\"urlTemplate\":\"https:\\\/\\\/canal7slp.tv\\\/2019\\\/?s={search_term_string}\"},\"query-input\":{\"@type\":\"PropertyValueSpecification\",\"valueRequired\":true,\"valueName\":\"search_term_string\"}}],\"inLanguage\":\"es\"},{\"@type\":\"Organization\",\"@id\":\"https:\\\/\\\/canal7slp.tv\\\/2019\\\/#organization\",\"name\":\"Comunicaci\u00f3n 2000 S.A. de C.V.\",\"url\":\"https:\\\/\\\/canal7slp.tv\\\/2019\\\/\",\"logo\":{\"@type\":\"ImageObject\",\"inLanguage\":\"es\",\"@id\":\"https:\\\/\\\/canal7slp.tv\\\/2019\\\/#\\\/schema\\\/logo\\\/image\\\/\",\"url\":\"https:\\\/\\\/canal7slp.tv\\\/2019\\\/wp-content\\\/uploads\\\/2019\\\/07\\\/logo-c7.png\",\"contentUrl\":\"https:\\\/\\\/canal7slp.tv\\\/2019\\\/wp-content\\\/uploads\\\/2019\\\/07\\\/logo-c7.png\",\"width\":220,\"height\":60,\"caption\":\"Comunicaci\u00f3n 2000 S.A. de C.V.\"},\"image\":{\"@id\":\"https:\\\/\\\/canal7slp.tv\\\/2019\\\/#\\\/schema\\\/logo\\\/image\\\/\"},\"sameAs\":[\"https:\\\/\\\/www.facebook.com\\\/CANAL7SLP\\\/\",\"https:\\\/\\\/x.com\\\/canal7_slp\",\"https:\\\/\\\/www.instagram.com\\\/canal7_slp\",\"https:\\\/\\\/www.youtube.com\\\/user\\\/NOTICIEROSCANAL7SLP\\\/\"]},{\"@type\":\"Person\",\"@id\":\"https:\\\/\\\/canal7slp.tv\\\/2019\\\/#\\\/schema\\\/person\\\/11d941c1c6ca30ac0a46b95fa37aa2e3\",\"name\":\"edicionweb\",\"image\":{\"@type\":\"ImageObject\",\"inLanguage\":\"es\",\"@id\":\"https:\\\/\\\/secure.gravatar.com\\\/avatar\\\/eee448fc3f7164808013b816ba91ac7e43bbe82a70bebac296f8bc6f0addaa1a?s=96&d=mm&r=g\",\"url\":\"https:\\\/\\\/secure.gravatar.com\\\/avatar\\\/eee448fc3f7164808013b816ba91ac7e43bbe82a70bebac296f8bc6f0addaa1a?s=96&d=mm&r=g\",\"contentUrl\":\"https:\\\/\\\/secure.gravatar.com\\\/avatar\\\/eee448fc3f7164808013b816ba91ac7e43bbe82a70bebac296f8bc6f0addaa1a?s=96&d=mm&r=g\",\"caption\":\"edicionweb\"}}]}<\/script>\n<!-- \/ Yoast SEO plugin. -->","yoast_head_json":{"title":"Es compatible maternidad y actuaci\u00f3n: Ilse Salas - Canal 7 SLP - 2019","robots":{"index":"index","follow":"follow","max-snippet":"max-snippet:-1","max-image-preview":"max-image-preview:large","max-video-preview":"max-video-preview:-1"},"canonical":"https:\/\/canal7slp.tv\/2019\/es-compatible-maternidad-y-actuacion-ilse-salas\/","og_locale":"es_ES","og_type":"article","og_title":"Es compatible maternidad y actuaci\u00f3n: Ilse Salas - Canal 7 SLP - 2019","og_description":"M\u00e9xico.- Perder el trabajo por estar embarazada es uno de los problemas a los que se enfrentan las mujeres que se desarrollan en cualquier profesi\u00f3n; sin embargo, la actriz Ilse Salas sostiene que ya existe -en algunos \u00e1mbitos- la consciencia de que no es un problema y que se puede seguir trabajando incluso con la [&hellip;]","og_url":"https:\/\/canal7slp.tv\/2019\/es-compatible-maternidad-y-actuacion-ilse-salas\/","og_site_name":"Canal 7 SLP - 2019","article_publisher":"https:\/\/www.facebook.com\/CANAL7SLP\/","article_published_time":"2019-07-01T19:52:19+00:00","og_image":[{"width":615,"height":410,"url":"https:\/\/canal7slp.tv\/2019\/wp-content\/uploads\/2019\/07\/16.jpg","type":"image\/jpeg"}],"author":"edicionweb","twitter_card":"summary_large_image","twitter_creator":"@canal7_slp","twitter_site":"@canal7_slp","twitter_misc":{"Escrito por":"edicionweb","Tiempo de lectura":"5 minutos"},"schema":{"@context":"https:\/\/schema.org","@graph":[{"@type":"Article","@id":"https:\/\/canal7slp.tv\/2019\/es-compatible-maternidad-y-actuacion-ilse-salas\/#article","isPartOf":{"@id":"https:\/\/canal7slp.tv\/2019\/es-compatible-maternidad-y-actuacion-ilse-salas\/"},"author":{"name":"edicionweb","@id":"https:\/\/canal7slp.tv\/2019\/#\/schema\/person\/11d941c1c6ca30ac0a46b95fa37aa2e3"},"headline":"Es compatible maternidad y actuaci\u00f3n: Ilse Salas","datePublished":"2019-07-01T19:52:19+00:00","mainEntityOfPage":{"@id":"https:\/\/canal7slp.tv\/2019\/es-compatible-maternidad-y-actuacion-ilse-salas\/"},"wordCount":943,"commentCount":0,"publisher":{"@id":"https:\/\/canal7slp.tv\/2019\/#organization"},"image":{"@id":"https:\/\/canal7slp.tv\/2019\/es-compatible-maternidad-y-actuacion-ilse-salas\/#primaryimage"},"thumbnailUrl":"https:\/\/canal7slp.tv\/2019\/wp-content\/uploads\/2019\/07\/16.jpg","articleSection":["ESPECTACULOS"],"inLanguage":"es","potentialAction":[{"@type":"CommentAction","name":"Comment","target":["https:\/\/canal7slp.tv\/2019\/es-compatible-maternidad-y-actuacion-ilse-salas\/#respond"]}]},{"@type":"WebPage","@id":"https:\/\/canal7slp.tv\/2019\/es-compatible-maternidad-y-actuacion-ilse-salas\/","url":"https:\/\/canal7slp.tv\/2019\/es-compatible-maternidad-y-actuacion-ilse-salas\/","name":"Es compatible maternidad y actuaci\u00f3n: Ilse Salas - Canal 7 SLP - 2019","isPartOf":{"@id":"https:\/\/canal7slp.tv\/2019\/#website"},"primaryImageOfPage":{"@id":"https:\/\/canal7slp.tv\/2019\/es-compatible-maternidad-y-actuacion-ilse-salas\/#primaryimage"},"image":{"@id":"https:\/\/canal7slp.tv\/2019\/es-compatible-maternidad-y-actuacion-ilse-salas\/#primaryimage"},"thumbnailUrl":"https:\/\/canal7slp.tv\/2019\/wp-content\/uploads\/2019\/07\/16.jpg","datePublished":"2019-07-01T19:52:19+00:00","breadcrumb":{"@id":"https:\/\/canal7slp.tv\/2019\/es-compatible-maternidad-y-actuacion-ilse-salas\/#breadcrumb"},"inLanguage":"es","potentialAction":[{"@type":"ReadAction","target":["https:\/\/canal7slp.tv\/2019\/es-compatible-maternidad-y-actuacion-ilse-salas\/"]}]},{"@type":"ImageObject","inLanguage":"es","@id":"https:\/\/canal7slp.tv\/2019\/es-compatible-maternidad-y-actuacion-ilse-salas\/#primaryimage","url":"https:\/\/canal7slp.tv\/2019\/wp-content\/uploads\/2019\/07\/16.jpg","contentUrl":"https:\/\/canal7slp.tv\/2019\/wp-content\/uploads\/2019\/07\/16.jpg","width":615,"height":410},{"@type":"BreadcrumbList","@id":"https:\/\/canal7slp.tv\/2019\/es-compatible-maternidad-y-actuacion-ilse-salas\/#breadcrumb","itemListElement":[{"@type":"ListItem","position":1,"name":"Home","item":"https:\/\/canal7slp.tv\/2019\/"},{"@type":"ListItem","position":2,"name":"Es compatible maternidad y actuaci\u00f3n: Ilse Salas"}]},{"@type":"WebSite","@id":"https:\/\/canal7slp.tv\/2019\/#website","url":"https:\/\/canal7slp.tv\/2019\/","name":"Canal 7 SLP - Somos TV","description":"Somos un Canal de 10","publisher":{"@id":"https:\/\/canal7slp.tv\/2019\/#organization"},"potentialAction":[{"@type":"SearchAction","target":{"@type":"EntryPoint","urlTemplate":"https:\/\/canal7slp.tv\/2019\/?s={search_term_string}"},"query-input":{"@type":"PropertyValueSpecification","valueRequired":true,"valueName":"search_term_string"}}],"inLanguage":"es"},{"@type":"Organization","@id":"https:\/\/canal7slp.tv\/2019\/#organization","name":"Comunicaci\u00f3n 2000 S.A. de C.V.","url":"https:\/\/canal7slp.tv\/2019\/","logo":{"@type":"ImageObject","inLanguage":"es","@id":"https:\/\/canal7slp.tv\/2019\/#\/schema\/logo\/image\/","url":"https:\/\/canal7slp.tv\/2019\/wp-content\/uploads\/2019\/07\/logo-c7.png","contentUrl":"https:\/\/canal7slp.tv\/2019\/wp-content\/uploads\/2019\/07\/logo-c7.png","width":220,"height":60,"caption":"Comunicaci\u00f3n 2000 S.A. de C.V."},"image":{"@id":"https:\/\/canal7slp.tv\/2019\/#\/schema\/logo\/image\/"},"sameAs":["https:\/\/www.facebook.com\/CANAL7SLP\/","https:\/\/x.com\/canal7_slp","https:\/\/www.instagram.com\/canal7_slp","https:\/\/www.youtube.com\/user\/NOTICIEROSCANAL7SLP\/"]},{"@type":"Person","@id":"https:\/\/canal7slp.tv\/2019\/#\/schema\/person\/11d941c1c6ca30ac0a46b95fa37aa2e3","name":"edicionweb","image":{"@type":"ImageObject","inLanguage":"es","@id":"https:\/\/secure.gravatar.com\/avatar\/eee448fc3f7164808013b816ba91ac7e43bbe82a70bebac296f8bc6f0addaa1a?s=96&d=mm&r=g","url":"https:\/\/secure.gravatar.com\/avatar\/eee448fc3f7164808013b816ba91ac7e43bbe82a70bebac296f8bc6f0addaa1a?s=96&d=mm&r=g","contentUrl":"https:\/\/secure.gravatar.com\/avatar\/eee448fc3f7164808013b816ba91ac7e43bbe82a70bebac296f8bc6f0addaa1a?s=96&d=mm&r=g","caption":"edicionweb"}}]}},"amp_enabled":true,"cmb2":{"video_ids_in_playlist":{"vid_p_videos":""},"video_ids_in_channel":{"vid_c_videos":""},"playlist_ids_in_channel":{"vid_c_playlists":""},"series_ids_in_channel":{"vid_c_series":""},"channel_images":{"vid_c_logo":"","vid_c_banner":""},"poster_feature_image":{"vid_m_poster_image":""},"gif_feature_image":{"vid_m_gif_image":""},"video_movie_settings":{"vid_m_director":"","vid_m_actor":"","vid_m_imdb_ratings":"","vid_m_amazon_associates":""},"vid_youtube_broadcasts_settings":{"vid_yb_broadcast_title":"","vid_yb_q":"","vid_yb_channelid":"","vid_yb_videocategoryid":"","vid_yb_maxresults":"","vid_yb_order":"","vid_yb_regioncode":"","vid_yb_videosyndicated":"","vid_yb_style":"","vid_yb_reload_first":""},"video_series_settings":{"vid_m_director":"","vid_m_actor":"","vid_m_imdb_ratings":"","video_series_group":""},"amazon_associates_settings":{"amazon_associates":"","amazon_native_ad":""},"vid_youtube_automatic_settings":{"vid_ya_youtube_source":"","vid_ya_update_every":"","vid_ya_update_unit":"","vid_ya_categories":"","vid_ya_published_after":"","vid_ya_published_before":"","vid_ya_playlists":"","vid_ya_channels":"","vid_ya_director":"","vid_ya_actor":"","vid_ya_author":"","vid_ya_import_post_date":"","vid_ya_status":"","vid_ya_sub_api_key":""},"vid_ads_m_videoads_settings_post":{"vid_ads_m_video_ads":"","vid_ads_m_video_ads_type":"","vid_ads_m_group_google_ima":"","vid_ads_m_group_image":"","vid_ads_m_group_html5_video":"","vid_ads_m_group_html":"","vid_ads_m_vast_preroll":"","vid_ads_m_vast_postroll":"","vid_ads_m_vast_pauseroll":"","vid_ads_m_vast_midroll":[{"vid_ads_m_vast_timer_seconds":"50"}],"vid_ads_m_time_to_show_ads":"","vid_ads_m_time_skip_ads":"","vid_ads_m_time_to_hide_ads":""},"page_slider_settings":{"display_slider_group":"","page_slider_group":""},"blog_page_settings":{"blog_page_title":"","blog_page_heading":"","blog_page_ic":"","blog_page_it":"","blog_page_ec":"","blog_page_ip":"","archive_loop_style":"","blog_image_ratio":"","blog_show_categories":"","blog_show_excerpt":"","blog_show_author":"","blog_show_date":"","blog_show_comment_count":"","blog_show_view_count":"","blog_show_like_count":"","blog_show_dislike_count":"","blog_items_per_page":"","blog_pag_type":""},"page_options":{"get_page_template":"","color_mode":"","main_layout":"","main_layout_full_with":"","main_logo":"","main_logo_retina":"","main_logo_mobile":"","main_logo_mobile_retina":"","sticky_logo":"","sticky_logo_retina":"","main_nav_layout":"","ajax_search":"","header_background":"","theme_sidebar":"","instagram_feed":"","instagram_feed_position":"","popular_videos":"","popular_videos_title_1":"","popular_videos_title_2":"","popular_videos_ic":"","popular_videos_it":"","theme_background":"","page_custom_css":""},"feature_image_settings":{"feature_image_position":""},"video_player_settings":{"single_video_style":"","video_player_position":"","vm_video_url":"","video_player_library":"","video_streaming":"","vm_media_sources":"","vid_auto_play":"","vm_video_shortcode":"","vid_p_sync_playlist":"","vid_c_sync_channel":"","get_post_format":"","multiple_links_structure":"default","multi_links_title":"","vm_video_multi_links":"","vm_duration":"","vid_social_locker":"off","vid_social_locker_id":"","vid_membership_action":"content-video","vm_video_trailer_url":"","vid_download_type":"free","vid_download_target":"download","vid_woo_product":"","vm_media_download":"","user_rating":"","user_rating_position":"","user_rating_mode":"","user_rating_multi_sets":""},"video_auto_fetch_settings":{"vm_video_fetch":"on"},"video_fake_views_likes":{"vm_fake_views":"","vm_fake_likes":"","vm_fake_dislikes":""},"gallery_settings":{"gallery_position":""},"quote_settings":{"quote_position":""},"post_options":{"main_layout":"","main_logo":"","main_logo_retina":"","main_logo_mobile":"","main_logo_mobile_retina":"","sticky_logo":"","sticky_logo_retina":"","main_nav_layout":"","header_background":"","theme_sidebar":"","single_post_comment_type":"","theme_background":""}},"_links":{"self":[{"href":"https:\/\/canal7slp.tv\/2019\/wp-json\/wp\/v2\/posts\/24816","targetHints":{"allow":["GET"]}}],"collection":[{"href":"https:\/\/canal7slp.tv\/2019\/wp-json\/wp\/v2\/posts"}],"about":[{"href":"https:\/\/canal7slp.tv\/2019\/wp-json\/wp\/v2\/types\/post"}],"author":[{"embeddable":true,"href":"https:\/\/canal7slp.tv\/2019\/wp-json\/wp\/v2\/users\/2"}],"replies":[{"embeddable":true,"href":"https:\/\/canal7slp.tv\/2019\/wp-json\/wp\/v2\/comments?post=24816"}],"version-history":[{"count":0,"href":"https:\/\/canal7slp.tv\/2019\/wp-json\/wp\/v2\/posts\/24816\/revisions"}],"wp:featuredmedia":[{"embeddable":true,"href":"https:\/\/canal7slp.tv\/2019\/wp-json\/wp\/v2\/media\/24817"}],"wp:attachment":[{"href":"https:\/\/canal7slp.tv\/2019\/wp-json\/wp\/v2\/media?parent=24816"}],"wp:term":[{"taxonomy":"category","embeddable":true,"href":"https:\/\/canal7slp.tv\/2019\/wp-json\/wp\/v2\/categories?post=24816"},{"taxonomy":"post_tag","embeddable":true,"href":"https:\/\/canal7slp.tv\/2019\/wp-json\/wp\/v2\/tags?post=24816"}],"curies":[{"name":"wp","href":"https:\/\/api.w.org\/{rel}","templated":true}]}}