{"id":24748,"date":"2019-07-01T13:00:37","date_gmt":"2019-07-01T18:00:37","guid":{"rendered":"https:\/\/canal7slp.tv\/2019\/?p=24748"},"modified":"2019-07-01T13:00:37","modified_gmt":"2019-07-01T18:00:37","slug":"jose-jose-tiene-una-lucidez-perfecta-pero-esta-muy-delgado-cesar-bono","status":"publish","type":"post","link":"https:\/\/canal7slp.tv\/2019\/jose-jose-tiene-una-lucidez-perfecta-pero-esta-muy-delgado-cesar-bono\/","title":{"rendered":"Jos\u00e9 Jos\u00e9 tiene una lucidez perfecta, pero est\u00e1 muy delgado: C\u00e9sar Bono"},"content":{"rendered":"<p style=\"text-align: justify;\">M\u00e9xico.- Jos\u00e9 Jos\u00e9 tiene una lucidez perfecta, pero est\u00e1 muy delgado, revel\u00f3 C\u00e9sar Bono luego de que hace aproximadamente tres meses tuvo la oportunidad de visitar al cantante mexicano en un hospital de Miami, Florida.<\/p>\n<p style=\"text-align: justify;\">&#8220;La gran diferencia que vi fue en su complexi\u00f3n. Su lucidez es perfecta y su manera de hablar es como lo o\u00edmos de un tiempo para ac\u00e1, pero s\u00ed delgado, muy delgado. Me dijo que estaba hospitalizado por una infecci\u00f3n, me imagino que por eso perdi\u00f3 peso\u201d, explic\u00f3 el actor.<\/p>\n<p style=\"text-align: justify;\">Durante el tiempo que estuvo con \u00e9l platicaron de varios temas, pero hubo uno que no le agrad\u00f3 al llamado \u201cPr\u00edncipe de la Canci\u00f3n\u201d, justo cuando Bono le mencion\u00f3 a sus hijos Jos\u00e9 Joel y Marysol.<\/p>\n<p style=\"text-align: justify;\">\u201cFui un poco imprudente al hablarle de sus hijos porque yo sab\u00eda que exist\u00edan problemitas. Le dije que sus hijos lo aman y me respondi\u00f3 que no le gusta que ellos discutan con la (hija) de este matrimonio. Yo lo entiendo porque yo tambi\u00e9n tengo dos matrimonios\u201d, afirm\u00f3 Bono.<\/p>\n<p style=\"text-align: justify;\">En declaraciones a la prensa, insisti\u00f3 que cometi\u00f3 un error al hablar de eso. \u201cPero luego me reconcili\u00e9 conmigo mismo al pensar que lo \u00fanico de lo que le habl\u00e9 fue de amor. Yo le dije que estaba ah\u00ed para decirle que sus hijos que est\u00e1n en M\u00e9xico, lo aman\u201d.<\/p>\n<p style=\"text-align: justify;\">Al d\u00eda siguiente, Bono busc\u00f3 ingresar de nueva cuenta al hospital, pero Sarita, hija de Jos\u00e9 Jos\u00e9, se lo impidi\u00f3.<\/p>\n<p style=\"text-align: justify;\">\u201cEstuve una vez con \u00e9l y la segunda vez ya no me dejaron entrar, por la hija de su segundo matrimonio. Yo lo conoc\u00ed mucho antes que ellos coincidieran. Soy un ruquito, \u00e9l me lleva nada m\u00e1s dos a\u00f1os\u201d.<\/p>\n<p style=\"text-align: justify;\">Dijo que antes de ir al hospital intent\u00f3 buscarlo en su casa, pero nadie le abri\u00f3 la puerta.<\/p>\n<p style=\"text-align: justify;\">&#8220;Fui con uno de mis hijos, pero ni nos abrieron. Yo conozco a la mam\u00e1 de Sarita, pero a la hija no, solo la he visto en la tele. Es v\u00e1lido que ame a su pap\u00e1 y lo cuide como Dios le d\u00e9 a entender, no soy nadie para juzgarla. Al despedirme de Jos\u00e9 en el hospital, le di un beso porque siempre beso a mis amigos&#8221;.<\/p>\n<p style=\"text-align: justify;\">C\u00e9sar Bono tambi\u00e9n record\u00f3 que conoci\u00f3 a Jos\u00e9 Jos\u00e9 cuando todav\u00eda no alcanzaba la fama y le llamaban por su nombre real de Jos\u00e9 Sosa. Para entonces, formaba parte de un grupo de jazz y bossa nova. Antes tocaba en un grupo que llevaba serenatas.<\/p>\n<p style=\"text-align: justify;\">\u201cFue el primer cantante mexicano al que le metieron feria (dinero) antes de grabarlo. Lo agarraron, le hicieron un corte de pelo diferente y le mandaron a hacer sus smokings. Dentro del tr\u00edo \u00e9l tocaba el tololoche (contrabajo)\u201d, concluy\u00f3.<\/p>\n","protected":false},"excerpt":{"rendered":"<p>M\u00e9xico.- Jos\u00e9 Jos\u00e9 tiene una lucidez perfecta, pero est\u00e1 muy delgado, revel\u00f3 C\u00e9sar Bono luego de que hace aproximadamente tres meses tuvo la oportunidad de visitar al cantante mexicano en un hospital de Miami, Florida. &#8220;La gran diferencia que vi fue en su complexi\u00f3n. Su lucidez es perfecta y su manera de hablar es como [&hellip;]<\/p>\n","protected":false},"author":2,"featured_media":24749,"comment_status":"open","ping_status":"closed","sticky":false,"template":"","format":"standard","meta":{"footnotes":""},"categories":[24],"tags":[],"class_list":["post-24748","post","type-post","status-publish","format-standard","has-post-thumbnail","hentry","category-espectaculos"],"yoast_head":"<!-- This site is optimized with the Yoast SEO plugin v27.5 - https:\/\/yoast.com\/product\/yoast-seo-wordpress\/ -->\n<title>Jos\u00e9 Jos\u00e9 tiene una lucidez perfecta, pero est\u00e1 muy delgado: C\u00e9sar Bono - Canal 7 SLP - 2019<\/title>\n<meta name=\"robots\" content=\"index, follow, max-snippet:-1, max-image-preview:large, max-video-preview:-1\" \/>\n<link rel=\"canonical\" href=\"https:\/\/canal7slp.tv\/2019\/jose-jose-tiene-una-lucidez-perfecta-pero-esta-muy-delgado-cesar-bono\/\" \/>\n<meta property=\"og:locale\" content=\"es_ES\" \/>\n<meta property=\"og:type\" content=\"article\" \/>\n<meta property=\"og:title\" content=\"Jos\u00e9 Jos\u00e9 tiene una lucidez perfecta, pero est\u00e1 muy delgado: C\u00e9sar Bono - Canal 7 SLP - 2019\" \/>\n<meta property=\"og:description\" content=\"M\u00e9xico.- Jos\u00e9 Jos\u00e9 tiene una lucidez perfecta, pero est\u00e1 muy delgado, revel\u00f3 C\u00e9sar Bono luego de que hace aproximadamente tres meses tuvo la oportunidad de visitar al cantante mexicano en un hospital de Miami, Florida. &#8220;La gran diferencia que vi fue en su complexi\u00f3n. Su lucidez es perfecta y su manera de hablar es como [&hellip;]\" \/>\n<meta property=\"og:url\" content=\"https:\/\/canal7slp.tv\/2019\/jose-jose-tiene-una-lucidez-perfecta-pero-esta-muy-delgado-cesar-bono\/\" \/>\n<meta property=\"og:site_name\" content=\"Canal 7 SLP - 2019\" \/>\n<meta property=\"article:publisher\" content=\"https:\/\/www.facebook.com\/CANAL7SLP\/\" \/>\n<meta property=\"article:published_time\" content=\"2019-07-01T18:00:37+00:00\" \/>\n<meta property=\"og:image\" content=\"https:\/\/canal7slp.tv\/2019\/wp-content\/uploads\/2019\/07\/01.jpg\" \/>\n\t<meta property=\"og:image:width\" content=\"615\" \/>\n\t<meta property=\"og:image:height\" content=\"410\" \/>\n\t<meta property=\"og:image:type\" content=\"image\/jpeg\" \/>\n<meta name=\"author\" content=\"edicionweb\" \/>\n<meta name=\"twitter:card\" content=\"summary_large_image\" \/>\n<meta name=\"twitter:creator\" content=\"@canal7_slp\" \/>\n<meta name=\"twitter:site\" content=\"@canal7_slp\" \/>\n<meta name=\"twitter:label1\" content=\"Escrito por\" \/>\n\t<meta name=\"twitter:data1\" content=\"edicionweb\" \/>\n\t<meta name=\"twitter:label2\" content=\"Tiempo de lectura\" \/>\n\t<meta name=\"twitter:data2\" content=\"2 minutos\" \/>\n<script type=\"application\/ld+json\" class=\"yoast-schema-graph\">{\"@context\":\"https:\\\/\\\/schema.org\",\"@graph\":[{\"@type\":\"Article\",\"@id\":\"https:\\\/\\\/canal7slp.tv\\\/2019\\\/jose-jose-tiene-una-lucidez-perfecta-pero-esta-muy-delgado-cesar-bono\\\/#article\",\"isPartOf\":{\"@id\":\"https:\\\/\\\/canal7slp.tv\\\/2019\\\/jose-jose-tiene-una-lucidez-perfecta-pero-esta-muy-delgado-cesar-bono\\\/\"},\"author\":{\"name\":\"edicionweb\",\"@id\":\"https:\\\/\\\/canal7slp.tv\\\/2019\\\/#\\\/schema\\\/person\\\/11d941c1c6ca30ac0a46b95fa37aa2e3\"},\"headline\":\"Jos\u00e9 Jos\u00e9 tiene una lucidez perfecta, pero est\u00e1 muy delgado: C\u00e9sar Bono\",\"datePublished\":\"2019-07-01T18:00:37+00:00\",\"mainEntityOfPage\":{\"@id\":\"https:\\\/\\\/canal7slp.tv\\\/2019\\\/jose-jose-tiene-una-lucidez-perfecta-pero-esta-muy-delgado-cesar-bono\\\/\"},\"wordCount\":482,\"commentCount\":0,\"publisher\":{\"@id\":\"https:\\\/\\\/canal7slp.tv\\\/2019\\\/#organization\"},\"image\":{\"@id\":\"https:\\\/\\\/canal7slp.tv\\\/2019\\\/jose-jose-tiene-una-lucidez-perfecta-pero-esta-muy-delgado-cesar-bono\\\/#primaryimage\"},\"thumbnailUrl\":\"https:\\\/\\\/canal7slp.tv\\\/2019\\\/wp-content\\\/uploads\\\/2019\\\/07\\\/01.jpg\",\"articleSection\":[\"ESPECTACULOS\"],\"inLanguage\":\"es\",\"potentialAction\":[{\"@type\":\"CommentAction\",\"name\":\"Comment\",\"target\":[\"https:\\\/\\\/canal7slp.tv\\\/2019\\\/jose-jose-tiene-una-lucidez-perfecta-pero-esta-muy-delgado-cesar-bono\\\/#respond\"]}]},{\"@type\":\"WebPage\",\"@id\":\"https:\\\/\\\/canal7slp.tv\\\/2019\\\/jose-jose-tiene-una-lucidez-perfecta-pero-esta-muy-delgado-cesar-bono\\\/\",\"url\":\"https:\\\/\\\/canal7slp.tv\\\/2019\\\/jose-jose-tiene-una-lucidez-perfecta-pero-esta-muy-delgado-cesar-bono\\\/\",\"name\":\"Jos\u00e9 Jos\u00e9 tiene una lucidez perfecta, pero est\u00e1 muy delgado: C\u00e9sar Bono - Canal 7 SLP - 2019\",\"isPartOf\":{\"@id\":\"https:\\\/\\\/canal7slp.tv\\\/2019\\\/#website\"},\"primaryImageOfPage\":{\"@id\":\"https:\\\/\\\/canal7slp.tv\\\/2019\\\/jose-jose-tiene-una-lucidez-perfecta-pero-esta-muy-delgado-cesar-bono\\\/#primaryimage\"},\"image\":{\"@id\":\"https:\\\/\\\/canal7slp.tv\\\/2019\\\/jose-jose-tiene-una-lucidez-perfecta-pero-esta-muy-delgado-cesar-bono\\\/#primaryimage\"},\"thumbnailUrl\":\"https:\\\/\\\/canal7slp.tv\\\/2019\\\/wp-content\\\/uploads\\\/2019\\\/07\\\/01.jpg\",\"datePublished\":\"2019-07-01T18:00:37+00:00\",\"breadcrumb\":{\"@id\":\"https:\\\/\\\/canal7slp.tv\\\/2019\\\/jose-jose-tiene-una-lucidez-perfecta-pero-esta-muy-delgado-cesar-bono\\\/#breadcrumb\"},\"inLanguage\":\"es\",\"potentialAction\":[{\"@type\":\"ReadAction\",\"target\":[\"https:\\\/\\\/canal7slp.tv\\\/2019\\\/jose-jose-tiene-una-lucidez-perfecta-pero-esta-muy-delgado-cesar-bono\\\/\"]}]},{\"@type\":\"ImageObject\",\"inLanguage\":\"es\",\"@id\":\"https:\\\/\\\/canal7slp.tv\\\/2019\\\/jose-jose-tiene-una-lucidez-perfecta-pero-esta-muy-delgado-cesar-bono\\\/#primaryimage\",\"url\":\"https:\\\/\\\/canal7slp.tv\\\/2019\\\/wp-content\\\/uploads\\\/2019\\\/07\\\/01.jpg\",\"contentUrl\":\"https:\\\/\\\/canal7slp.tv\\\/2019\\\/wp-content\\\/uploads\\\/2019\\\/07\\\/01.jpg\",\"width\":615,\"height\":410},{\"@type\":\"BreadcrumbList\",\"@id\":\"https:\\\/\\\/canal7slp.tv\\\/2019\\\/jose-jose-tiene-una-lucidez-perfecta-pero-esta-muy-delgado-cesar-bono\\\/#breadcrumb\",\"itemListElement\":[{\"@type\":\"ListItem\",\"position\":1,\"name\":\"Home\",\"item\":\"https:\\\/\\\/canal7slp.tv\\\/2019\\\/\"},{\"@type\":\"ListItem\",\"position\":2,\"name\":\"Jos\u00e9 Jos\u00e9 tiene una lucidez perfecta, pero est\u00e1 muy delgado: C\u00e9sar Bono\"}]},{\"@type\":\"WebSite\",\"@id\":\"https:\\\/\\\/canal7slp.tv\\\/2019\\\/#website\",\"url\":\"https:\\\/\\\/canal7slp.tv\\\/2019\\\/\",\"name\":\"Canal 7 SLP - Somos TV\",\"description\":\"Somos un Canal de 10\",\"publisher\":{\"@id\":\"https:\\\/\\\/canal7slp.tv\\\/2019\\\/#organization\"},\"potentialAction\":[{\"@type\":\"SearchAction\",\"target\":{\"@type\":\"EntryPoint\",\"urlTemplate\":\"https:\\\/\\\/canal7slp.tv\\\/2019\\\/?s={search_term_string}\"},\"query-input\":{\"@type\":\"PropertyValueSpecification\",\"valueRequired\":true,\"valueName\":\"search_term_string\"}}],\"inLanguage\":\"es\"},{\"@type\":\"Organization\",\"@id\":\"https:\\\/\\\/canal7slp.tv\\\/2019\\\/#organization\",\"name\":\"Comunicaci\u00f3n 2000 S.A. de C.V.\",\"url\":\"https:\\\/\\\/canal7slp.tv\\\/2019\\\/\",\"logo\":{\"@type\":\"ImageObject\",\"inLanguage\":\"es\",\"@id\":\"https:\\\/\\\/canal7slp.tv\\\/2019\\\/#\\\/schema\\\/logo\\\/image\\\/\",\"url\":\"https:\\\/\\\/canal7slp.tv\\\/2019\\\/wp-content\\\/uploads\\\/2019\\\/07\\\/logo-c7.png\",\"contentUrl\":\"https:\\\/\\\/canal7slp.tv\\\/2019\\\/wp-content\\\/uploads\\\/2019\\\/07\\\/logo-c7.png\",\"width\":220,\"height\":60,\"caption\":\"Comunicaci\u00f3n 2000 S.A. de C.V.\"},\"image\":{\"@id\":\"https:\\\/\\\/canal7slp.tv\\\/2019\\\/#\\\/schema\\\/logo\\\/image\\\/\"},\"sameAs\":[\"https:\\\/\\\/www.facebook.com\\\/CANAL7SLP\\\/\",\"https:\\\/\\\/x.com\\\/canal7_slp\",\"https:\\\/\\\/www.instagram.com\\\/canal7_slp\",\"https:\\\/\\\/www.youtube.com\\\/user\\\/NOTICIEROSCANAL7SLP\\\/\"]},{\"@type\":\"Person\",\"@id\":\"https:\\\/\\\/canal7slp.tv\\\/2019\\\/#\\\/schema\\\/person\\\/11d941c1c6ca30ac0a46b95fa37aa2e3\",\"name\":\"edicionweb\",\"image\":{\"@type\":\"ImageObject\",\"inLanguage\":\"es\",\"@id\":\"https:\\\/\\\/secure.gravatar.com\\\/avatar\\\/eee448fc3f7164808013b816ba91ac7e43bbe82a70bebac296f8bc6f0addaa1a?s=96&d=mm&r=g\",\"url\":\"https:\\\/\\\/secure.gravatar.com\\\/avatar\\\/eee448fc3f7164808013b816ba91ac7e43bbe82a70bebac296f8bc6f0addaa1a?s=96&d=mm&r=g\",\"contentUrl\":\"https:\\\/\\\/secure.gravatar.com\\\/avatar\\\/eee448fc3f7164808013b816ba91ac7e43bbe82a70bebac296f8bc6f0addaa1a?s=96&d=mm&r=g\",\"caption\":\"edicionweb\"}}]}<\/script>\n<!-- \/ Yoast SEO plugin. -->","yoast_head_json":{"title":"Jos\u00e9 Jos\u00e9 tiene una lucidez perfecta, pero est\u00e1 muy delgado: C\u00e9sar Bono - Canal 7 SLP - 2019","robots":{"index":"index","follow":"follow","max-snippet":"max-snippet:-1","max-image-preview":"max-image-preview:large","max-video-preview":"max-video-preview:-1"},"canonical":"https:\/\/canal7slp.tv\/2019\/jose-jose-tiene-una-lucidez-perfecta-pero-esta-muy-delgado-cesar-bono\/","og_locale":"es_ES","og_type":"article","og_title":"Jos\u00e9 Jos\u00e9 tiene una lucidez perfecta, pero est\u00e1 muy delgado: C\u00e9sar Bono - Canal 7 SLP - 2019","og_description":"M\u00e9xico.- Jos\u00e9 Jos\u00e9 tiene una lucidez perfecta, pero est\u00e1 muy delgado, revel\u00f3 C\u00e9sar Bono luego de que hace aproximadamente tres meses tuvo la oportunidad de visitar al cantante mexicano en un hospital de Miami, Florida. &#8220;La gran diferencia que vi fue en su complexi\u00f3n. Su lucidez es perfecta y su manera de hablar es como [&hellip;]","og_url":"https:\/\/canal7slp.tv\/2019\/jose-jose-tiene-una-lucidez-perfecta-pero-esta-muy-delgado-cesar-bono\/","og_site_name":"Canal 7 SLP - 2019","article_publisher":"https:\/\/www.facebook.com\/CANAL7SLP\/","article_published_time":"2019-07-01T18:00:37+00:00","og_image":[{"width":615,"height":410,"url":"https:\/\/canal7slp.tv\/2019\/wp-content\/uploads\/2019\/07\/01.jpg","type":"image\/jpeg"}],"author":"edicionweb","twitter_card":"summary_large_image","twitter_creator":"@canal7_slp","twitter_site":"@canal7_slp","twitter_misc":{"Escrito por":"edicionweb","Tiempo de lectura":"2 minutos"},"schema":{"@context":"https:\/\/schema.org","@graph":[{"@type":"Article","@id":"https:\/\/canal7slp.tv\/2019\/jose-jose-tiene-una-lucidez-perfecta-pero-esta-muy-delgado-cesar-bono\/#article","isPartOf":{"@id":"https:\/\/canal7slp.tv\/2019\/jose-jose-tiene-una-lucidez-perfecta-pero-esta-muy-delgado-cesar-bono\/"},"author":{"name":"edicionweb","@id":"https:\/\/canal7slp.tv\/2019\/#\/schema\/person\/11d941c1c6ca30ac0a46b95fa37aa2e3"},"headline":"Jos\u00e9 Jos\u00e9 tiene una lucidez perfecta, pero est\u00e1 muy delgado: C\u00e9sar Bono","datePublished":"2019-07-01T18:00:37+00:00","mainEntityOfPage":{"@id":"https:\/\/canal7slp.tv\/2019\/jose-jose-tiene-una-lucidez-perfecta-pero-esta-muy-delgado-cesar-bono\/"},"wordCount":482,"commentCount":0,"publisher":{"@id":"https:\/\/canal7slp.tv\/2019\/#organization"},"image":{"@id":"https:\/\/canal7slp.tv\/2019\/jose-jose-tiene-una-lucidez-perfecta-pero-esta-muy-delgado-cesar-bono\/#primaryimage"},"thumbnailUrl":"https:\/\/canal7slp.tv\/2019\/wp-content\/uploads\/2019\/07\/01.jpg","articleSection":["ESPECTACULOS"],"inLanguage":"es","potentialAction":[{"@type":"CommentAction","name":"Comment","target":["https:\/\/canal7slp.tv\/2019\/jose-jose-tiene-una-lucidez-perfecta-pero-esta-muy-delgado-cesar-bono\/#respond"]}]},{"@type":"WebPage","@id":"https:\/\/canal7slp.tv\/2019\/jose-jose-tiene-una-lucidez-perfecta-pero-esta-muy-delgado-cesar-bono\/","url":"https:\/\/canal7slp.tv\/2019\/jose-jose-tiene-una-lucidez-perfecta-pero-esta-muy-delgado-cesar-bono\/","name":"Jos\u00e9 Jos\u00e9 tiene una lucidez perfecta, pero est\u00e1 muy delgado: C\u00e9sar Bono - Canal 7 SLP - 2019","isPartOf":{"@id":"https:\/\/canal7slp.tv\/2019\/#website"},"primaryImageOfPage":{"@id":"https:\/\/canal7slp.tv\/2019\/jose-jose-tiene-una-lucidez-perfecta-pero-esta-muy-delgado-cesar-bono\/#primaryimage"},"image":{"@id":"https:\/\/canal7slp.tv\/2019\/jose-jose-tiene-una-lucidez-perfecta-pero-esta-muy-delgado-cesar-bono\/#primaryimage"},"thumbnailUrl":"https:\/\/canal7slp.tv\/2019\/wp-content\/uploads\/2019\/07\/01.jpg","datePublished":"2019-07-01T18:00:37+00:00","breadcrumb":{"@id":"https:\/\/canal7slp.tv\/2019\/jose-jose-tiene-una-lucidez-perfecta-pero-esta-muy-delgado-cesar-bono\/#breadcrumb"},"inLanguage":"es","potentialAction":[{"@type":"ReadAction","target":["https:\/\/canal7slp.tv\/2019\/jose-jose-tiene-una-lucidez-perfecta-pero-esta-muy-delgado-cesar-bono\/"]}]},{"@type":"ImageObject","inLanguage":"es","@id":"https:\/\/canal7slp.tv\/2019\/jose-jose-tiene-una-lucidez-perfecta-pero-esta-muy-delgado-cesar-bono\/#primaryimage","url":"https:\/\/canal7slp.tv\/2019\/wp-content\/uploads\/2019\/07\/01.jpg","contentUrl":"https:\/\/canal7slp.tv\/2019\/wp-content\/uploads\/2019\/07\/01.jpg","width":615,"height":410},{"@type":"BreadcrumbList","@id":"https:\/\/canal7slp.tv\/2019\/jose-jose-tiene-una-lucidez-perfecta-pero-esta-muy-delgado-cesar-bono\/#breadcrumb","itemListElement":[{"@type":"ListItem","position":1,"name":"Home","item":"https:\/\/canal7slp.tv\/2019\/"},{"@type":"ListItem","position":2,"name":"Jos\u00e9 Jos\u00e9 tiene una lucidez perfecta, pero est\u00e1 muy delgado: C\u00e9sar Bono"}]},{"@type":"WebSite","@id":"https:\/\/canal7slp.tv\/2019\/#website","url":"https:\/\/canal7slp.tv\/2019\/","name":"Canal 7 SLP - Somos TV","description":"Somos un Canal de 10","publisher":{"@id":"https:\/\/canal7slp.tv\/2019\/#organization"},"potentialAction":[{"@type":"SearchAction","target":{"@type":"EntryPoint","urlTemplate":"https:\/\/canal7slp.tv\/2019\/?s={search_term_string}"},"query-input":{"@type":"PropertyValueSpecification","valueRequired":true,"valueName":"search_term_string"}}],"inLanguage":"es"},{"@type":"Organization","@id":"https:\/\/canal7slp.tv\/2019\/#organization","name":"Comunicaci\u00f3n 2000 S.A. de C.V.","url":"https:\/\/canal7slp.tv\/2019\/","logo":{"@type":"ImageObject","inLanguage":"es","@id":"https:\/\/canal7slp.tv\/2019\/#\/schema\/logo\/image\/","url":"https:\/\/canal7slp.tv\/2019\/wp-content\/uploads\/2019\/07\/logo-c7.png","contentUrl":"https:\/\/canal7slp.tv\/2019\/wp-content\/uploads\/2019\/07\/logo-c7.png","width":220,"height":60,"caption":"Comunicaci\u00f3n 2000 S.A. de C.V."},"image":{"@id":"https:\/\/canal7slp.tv\/2019\/#\/schema\/logo\/image\/"},"sameAs":["https:\/\/www.facebook.com\/CANAL7SLP\/","https:\/\/x.com\/canal7_slp","https:\/\/www.instagram.com\/canal7_slp","https:\/\/www.youtube.com\/user\/NOTICIEROSCANAL7SLP\/"]},{"@type":"Person","@id":"https:\/\/canal7slp.tv\/2019\/#\/schema\/person\/11d941c1c6ca30ac0a46b95fa37aa2e3","name":"edicionweb","image":{"@type":"ImageObject","inLanguage":"es","@id":"https:\/\/secure.gravatar.com\/avatar\/eee448fc3f7164808013b816ba91ac7e43bbe82a70bebac296f8bc6f0addaa1a?s=96&d=mm&r=g","url":"https:\/\/secure.gravatar.com\/avatar\/eee448fc3f7164808013b816ba91ac7e43bbe82a70bebac296f8bc6f0addaa1a?s=96&d=mm&r=g","contentUrl":"https:\/\/secure.gravatar.com\/avatar\/eee448fc3f7164808013b816ba91ac7e43bbe82a70bebac296f8bc6f0addaa1a?s=96&d=mm&r=g","caption":"edicionweb"}}]}},"amp_enabled":true,"cmb2":{"video_ids_in_playlist":{"vid_p_videos":""},"video_ids_in_channel":{"vid_c_videos":""},"playlist_ids_in_channel":{"vid_c_playlists":""},"series_ids_in_channel":{"vid_c_series":""},"channel_images":{"vid_c_logo":"","vid_c_banner":""},"poster_feature_image":{"vid_m_poster_image":""},"gif_feature_image":{"vid_m_gif_image":""},"video_movie_settings":{"vid_m_director":"","vid_m_actor":"","vid_m_imdb_ratings":"","vid_m_amazon_associates":""},"vid_youtube_broadcasts_settings":{"vid_yb_broadcast_title":"","vid_yb_q":"","vid_yb_channelid":"","vid_yb_videocategoryid":"","vid_yb_maxresults":"","vid_yb_order":"","vid_yb_regioncode":"","vid_yb_videosyndicated":"","vid_yb_style":"","vid_yb_reload_first":""},"video_series_settings":{"vid_m_director":"","vid_m_actor":"","vid_m_imdb_ratings":"","video_series_group":""},"amazon_associates_settings":{"amazon_associates":"","amazon_native_ad":""},"vid_youtube_automatic_settings":{"vid_ya_youtube_source":"","vid_ya_update_every":"","vid_ya_update_unit":"","vid_ya_categories":"","vid_ya_published_after":"","vid_ya_published_before":"","vid_ya_playlists":"","vid_ya_channels":"","vid_ya_director":"","vid_ya_actor":"","vid_ya_author":"","vid_ya_import_post_date":"","vid_ya_status":"","vid_ya_sub_api_key":""},"vid_ads_m_videoads_settings_post":{"vid_ads_m_video_ads":"","vid_ads_m_video_ads_type":"","vid_ads_m_group_google_ima":"","vid_ads_m_group_image":"","vid_ads_m_group_html5_video":"","vid_ads_m_group_html":"","vid_ads_m_vast_preroll":"","vid_ads_m_vast_postroll":"","vid_ads_m_vast_pauseroll":"","vid_ads_m_vast_midroll":[{"vid_ads_m_vast_timer_seconds":"50"}],"vid_ads_m_time_to_show_ads":"","vid_ads_m_time_skip_ads":"","vid_ads_m_time_to_hide_ads":""},"page_slider_settings":{"display_slider_group":"","page_slider_group":""},"blog_page_settings":{"blog_page_title":"","blog_page_heading":"","blog_page_ic":"","blog_page_it":"","blog_page_ec":"","blog_page_ip":"","archive_loop_style":"","blog_image_ratio":"","blog_show_categories":"","blog_show_excerpt":"","blog_show_author":"","blog_show_date":"","blog_show_comment_count":"","blog_show_view_count":"","blog_show_like_count":"","blog_show_dislike_count":"","blog_items_per_page":"","blog_pag_type":""},"page_options":{"get_page_template":"","color_mode":"","main_layout":"","main_layout_full_with":"","main_logo":"","main_logo_retina":"","main_logo_mobile":"","main_logo_mobile_retina":"","sticky_logo":"","sticky_logo_retina":"","main_nav_layout":"","ajax_search":"","header_background":"","theme_sidebar":"","instagram_feed":"","instagram_feed_position":"","popular_videos":"","popular_videos_title_1":"","popular_videos_title_2":"","popular_videos_ic":"","popular_videos_it":"","theme_background":"","page_custom_css":""},"feature_image_settings":{"feature_image_position":""},"video_player_settings":{"single_video_style":"","video_player_position":"","vm_video_url":"","video_player_library":"","video_streaming":"","vm_media_sources":"","vid_auto_play":"","vm_video_shortcode":"","vid_p_sync_playlist":"","vid_c_sync_channel":"","get_post_format":"","multiple_links_structure":"default","multi_links_title":"","vm_video_multi_links":"","vm_duration":"","vid_social_locker":"off","vid_social_locker_id":"","vid_membership_action":"content-video","vm_video_trailer_url":"","vid_download_type":"free","vid_download_target":"download","vid_woo_product":"","vm_media_download":"","user_rating":"","user_rating_position":"","user_rating_mode":"","user_rating_multi_sets":""},"video_auto_fetch_settings":{"vm_video_fetch":"on"},"video_fake_views_likes":{"vm_fake_views":"","vm_fake_likes":"","vm_fake_dislikes":""},"gallery_settings":{"gallery_position":""},"quote_settings":{"quote_position":""},"post_options":{"main_layout":"","main_logo":"","main_logo_retina":"","main_logo_mobile":"","main_logo_mobile_retina":"","sticky_logo":"","sticky_logo_retina":"","main_nav_layout":"","header_background":"","theme_sidebar":"","single_post_comment_type":"","theme_background":""}},"_links":{"self":[{"href":"https:\/\/canal7slp.tv\/2019\/wp-json\/wp\/v2\/posts\/24748","targetHints":{"allow":["GET"]}}],"collection":[{"href":"https:\/\/canal7slp.tv\/2019\/wp-json\/wp\/v2\/posts"}],"about":[{"href":"https:\/\/canal7slp.tv\/2019\/wp-json\/wp\/v2\/types\/post"}],"author":[{"embeddable":true,"href":"https:\/\/canal7slp.tv\/2019\/wp-json\/wp\/v2\/users\/2"}],"replies":[{"embeddable":true,"href":"https:\/\/canal7slp.tv\/2019\/wp-json\/wp\/v2\/comments?post=24748"}],"version-history":[{"count":0,"href":"https:\/\/canal7slp.tv\/2019\/wp-json\/wp\/v2\/posts\/24748\/revisions"}],"wp:featuredmedia":[{"embeddable":true,"href":"https:\/\/canal7slp.tv\/2019\/wp-json\/wp\/v2\/media\/24749"}],"wp:attachment":[{"href":"https:\/\/canal7slp.tv\/2019\/wp-json\/wp\/v2\/media?parent=24748"}],"wp:term":[{"taxonomy":"category","embeddable":true,"href":"https:\/\/canal7slp.tv\/2019\/wp-json\/wp\/v2\/categories?post=24748"},{"taxonomy":"post_tag","embeddable":true,"href":"https:\/\/canal7slp.tv\/2019\/wp-json\/wp\/v2\/tags?post=24748"}],"curies":[{"name":"wp","href":"https:\/\/api.w.org\/{rel}","templated":true}]}}