{"id":24715,"date":"2019-07-01T12:06:37","date_gmt":"2019-07-01T17:06:37","guid":{"rendered":"https:\/\/canal7slp.tv\/2019\/?p=24715"},"modified":"2019-07-01T12:06:37","modified_gmt":"2019-07-01T17:06:37","slug":"amplia-opep-nueve-meses-mas-la-reduccion-de-produccion-de-petroleo","status":"publish","type":"post","link":"https:\/\/canal7slp.tv\/2019\/amplia-opep-nueve-meses-mas-la-reduccion-de-produccion-de-petroleo\/","title":{"rendered":"Ampl\u00eda OPEP nueve meses m\u00e1s la reducci\u00f3n de producci\u00f3n de petr\u00f3leo"},"content":{"rendered":"<p style=\"text-align: justify;\">Viena.- La Organizaci\u00f3n de Pa\u00edses Exportadores de Petr\u00f3leo (OPEP) y sus aliados apoyaron este d\u00eda la propuesta de Rusia y Arabia Saudita de prolongar nueve meses m\u00e1s la reducci\u00f3n de la producci\u00f3n de crudoen vigor desde inicio de este a\u00f1o con el fin de reforzar los precios del crudo.<\/p>\n<p style=\"text-align: justify;\">Los 14 pa\u00edses miembros de la OPEP y sus 10 aliados, que extraen la mitad del petr\u00f3leo mundial, \u201capoyan la propuesta\u201d de extender los recortes a la producci\u00f3n de crudo por nueve meses, inform\u00f3 el ministro ruso de Energ\u00eda, Alexandr Novak, a la prensa en Viena, seg\u00fan la agencia rusa de noticias Sputnik.<\/p>\n<p style=\"text-align: justify;\">&#8220;Todos los pa\u00edses apoyaron la propuesta de prolongar por nueve meses el acuerdo bajo los mismos par\u00e1metros establecidos en diciembre del a\u00f1o pasado, precisamente esta opci\u00f3n fue recomendada a la OPEP y a sus aliados por el Comit\u00e9 Ministerial Conjunto para el seguimiento del recorte petrolero&#8221;, dijo.<\/p>\n<p style=\"text-align: justify;\">Los 24 pa\u00edses decidieron en diciembre pasado retirar del mercado 1.2 millones de barriles diarios (mbd) de crudo (1.2 por ciento de la demanda mundial) para estimular las cotizaciones del crudo, medida que entr\u00f3 en vigor el pasado 1 de enero y venci\u00f3 ayer domingo.<\/p>\n<p style=\"text-align: justify;\">La OPEP y sus aliados han recortado la producci\u00f3n desde 2017 para evitar una ca\u00edda de los precios del crudo en medio del creciente bombeo de Estados Unidos, que se ha convertido en el mayor productor mundial este a\u00f1o, por delante de Rusia y Arabia Saudita.<\/p>\n<p style=\"text-align: justify;\">Sin embargo, la creciente influencia de Rusia y Arabia Saudita, que se aliaron hace tres a\u00f1os para frenar el desplome de los precios, ha causado malestar entre algunos productores, entre ellos Ir\u00e1n, que alerta que algunos miembros de la OPEP amenazan la existencia de una organizaci\u00f3n.<\/p>\n<p style=\"text-align: justify;\">El ministro iran\u00ed de Petr\u00f3leo, Bijan Zangeneh, advirti\u00f3 este lunes que la OPEP dejar\u00e1 de existir si contin\u00faa lo que llam\u00f3 el &#8220;unilateralismo&#8221; y la imposici\u00f3n de decisiones tomadas fuera del grupo, en alusi\u00f3n a un acuerdo alcanzado por Arabia Saudita y Rusia antes de celebrarse la reuni\u00f3n oficial del grupo.<\/p>\n<p style=\"text-align: justify;\">Indic\u00f3 que la principal dificultad que la OPEP enfrenta ahora es el unilateralismo y record\u00f3 que la OPEP no es una organizaci\u00f3n para aprobar propuestas que se han \u201ccocinado fuera\u201d.<\/p>\n<p style=\"text-align: justify;\">\u201cSi la OPEP quiere mantenerse con vida deber\u00eda decidir dentro de la OPEP y no recibir las instrucciones desde fuera. No estamos aqu\u00ed s\u00f3lo para sellar una decisi\u00f3n que se ha tomado fuera\u201d, denunci\u00f3 el titular iran\u00ed de Petr\u00f3leo.<\/p>\n<p style=\"text-align: justify;\">Estados Unidos no es miembro de la OPEP, pero ha exigido que Arabia Saudita que bombee m\u00e1s petr\u00f3leo para compensar las exportaciones de Ir\u00e1n luego de la imposici\u00f3n de nuevas sanciones a Teher\u00e1n.<\/p>\n<p style=\"text-align: justify;\">La OPEP inici\u00f3 este lunes en Viena su 176 conferencia ministerial, presidida por el ministro de Petr\u00f3leo de Venezuela, Manuel Quevedo, mientras ma\u00f1ana martes tendr\u00e1 lugar una reuni\u00f3n del grupo y sus aliados.<\/p>\n","protected":false},"excerpt":{"rendered":"<p>Viena.- La Organizaci\u00f3n de Pa\u00edses Exportadores de Petr\u00f3leo (OPEP) y sus aliados apoyaron este d\u00eda la propuesta de Rusia y Arabia Saudita de prolongar nueve meses m\u00e1s la reducci\u00f3n de la producci\u00f3n de crudoen vigor desde inicio de este a\u00f1o con el fin de reforzar los precios del crudo. Los 14 pa\u00edses miembros de la [&hellip;]<\/p>\n","protected":false},"author":2,"featured_media":24716,"comment_status":"open","ping_status":"closed","sticky":false,"template":"","format":"standard","meta":{"footnotes":""},"categories":[98],"tags":[],"class_list":["post-24715","post","type-post","status-publish","format-standard","has-post-thumbnail","hentry","category-finanzas"],"yoast_head":"<!-- This site is optimized with the Yoast SEO plugin v27.5 - https:\/\/yoast.com\/product\/yoast-seo-wordpress\/ -->\n<title>Ampl\u00eda OPEP nueve meses m\u00e1s la reducci\u00f3n de producci\u00f3n de petr\u00f3leo - Canal 7 SLP - 2019<\/title>\n<meta name=\"robots\" content=\"index, follow, max-snippet:-1, max-image-preview:large, max-video-preview:-1\" \/>\n<link rel=\"canonical\" href=\"https:\/\/canal7slp.tv\/2019\/amplia-opep-nueve-meses-mas-la-reduccion-de-produccion-de-petroleo\/\" \/>\n<meta property=\"og:locale\" content=\"es_ES\" \/>\n<meta property=\"og:type\" content=\"article\" \/>\n<meta property=\"og:title\" content=\"Ampl\u00eda OPEP nueve meses m\u00e1s la reducci\u00f3n de producci\u00f3n de petr\u00f3leo - Canal 7 SLP - 2019\" \/>\n<meta property=\"og:description\" content=\"Viena.- La Organizaci\u00f3n de Pa\u00edses Exportadores de Petr\u00f3leo (OPEP) y sus aliados apoyaron este d\u00eda la propuesta de Rusia y Arabia Saudita de prolongar nueve meses m\u00e1s la reducci\u00f3n de la producci\u00f3n de crudoen vigor desde inicio de este a\u00f1o con el fin de reforzar los precios del crudo. Los 14 pa\u00edses miembros de la [&hellip;]\" \/>\n<meta property=\"og:url\" content=\"https:\/\/canal7slp.tv\/2019\/amplia-opep-nueve-meses-mas-la-reduccion-de-produccion-de-petroleo\/\" \/>\n<meta property=\"og:site_name\" content=\"Canal 7 SLP - 2019\" \/>\n<meta property=\"article:publisher\" content=\"https:\/\/www.facebook.com\/CANAL7SLP\/\" \/>\n<meta property=\"article:published_time\" content=\"2019-07-01T17:06:37+00:00\" \/>\n<meta property=\"og:image\" content=\"https:\/\/canal7slp.tv\/2019\/wp-content\/uploads\/2019\/07\/1220.jpg\" \/>\n\t<meta property=\"og:image:width\" content=\"683\" \/>\n\t<meta property=\"og:image:height\" content=\"410\" \/>\n\t<meta property=\"og:image:type\" content=\"image\/jpeg\" \/>\n<meta name=\"author\" content=\"edicionweb\" \/>\n<meta name=\"twitter:card\" content=\"summary_large_image\" \/>\n<meta name=\"twitter:creator\" content=\"@canal7_slp\" \/>\n<meta name=\"twitter:site\" content=\"@canal7_slp\" \/>\n<meta name=\"twitter:label1\" content=\"Escrito por\" \/>\n\t<meta name=\"twitter:data1\" content=\"edicionweb\" \/>\n\t<meta name=\"twitter:label2\" content=\"Tiempo de lectura\" \/>\n\t<meta name=\"twitter:data2\" content=\"3 minutos\" \/>\n<script type=\"application\/ld+json\" class=\"yoast-schema-graph\">{\"@context\":\"https:\\\/\\\/schema.org\",\"@graph\":[{\"@type\":\"Article\",\"@id\":\"https:\\\/\\\/canal7slp.tv\\\/2019\\\/amplia-opep-nueve-meses-mas-la-reduccion-de-produccion-de-petroleo\\\/#article\",\"isPartOf\":{\"@id\":\"https:\\\/\\\/canal7slp.tv\\\/2019\\\/amplia-opep-nueve-meses-mas-la-reduccion-de-produccion-de-petroleo\\\/\"},\"author\":{\"name\":\"edicionweb\",\"@id\":\"https:\\\/\\\/canal7slp.tv\\\/2019\\\/#\\\/schema\\\/person\\\/11d941c1c6ca30ac0a46b95fa37aa2e3\"},\"headline\":\"Ampl\u00eda OPEP nueve meses m\u00e1s la reducci\u00f3n de producci\u00f3n de petr\u00f3leo\",\"datePublished\":\"2019-07-01T17:06:37+00:00\",\"mainEntityOfPage\":{\"@id\":\"https:\\\/\\\/canal7slp.tv\\\/2019\\\/amplia-opep-nueve-meses-mas-la-reduccion-de-produccion-de-petroleo\\\/\"},\"wordCount\":523,\"commentCount\":0,\"publisher\":{\"@id\":\"https:\\\/\\\/canal7slp.tv\\\/2019\\\/#organization\"},\"image\":{\"@id\":\"https:\\\/\\\/canal7slp.tv\\\/2019\\\/amplia-opep-nueve-meses-mas-la-reduccion-de-produccion-de-petroleo\\\/#primaryimage\"},\"thumbnailUrl\":\"https:\\\/\\\/canal7slp.tv\\\/2019\\\/wp-content\\\/uploads\\\/2019\\\/07\\\/1220.jpg\",\"articleSection\":[\"FINANZAS\"],\"inLanguage\":\"es\",\"potentialAction\":[{\"@type\":\"CommentAction\",\"name\":\"Comment\",\"target\":[\"https:\\\/\\\/canal7slp.tv\\\/2019\\\/amplia-opep-nueve-meses-mas-la-reduccion-de-produccion-de-petroleo\\\/#respond\"]}]},{\"@type\":\"WebPage\",\"@id\":\"https:\\\/\\\/canal7slp.tv\\\/2019\\\/amplia-opep-nueve-meses-mas-la-reduccion-de-produccion-de-petroleo\\\/\",\"url\":\"https:\\\/\\\/canal7slp.tv\\\/2019\\\/amplia-opep-nueve-meses-mas-la-reduccion-de-produccion-de-petroleo\\\/\",\"name\":\"Ampl\u00eda OPEP nueve meses m\u00e1s la reducci\u00f3n de producci\u00f3n de petr\u00f3leo - Canal 7 SLP - 2019\",\"isPartOf\":{\"@id\":\"https:\\\/\\\/canal7slp.tv\\\/2019\\\/#website\"},\"primaryImageOfPage\":{\"@id\":\"https:\\\/\\\/canal7slp.tv\\\/2019\\\/amplia-opep-nueve-meses-mas-la-reduccion-de-produccion-de-petroleo\\\/#primaryimage\"},\"image\":{\"@id\":\"https:\\\/\\\/canal7slp.tv\\\/2019\\\/amplia-opep-nueve-meses-mas-la-reduccion-de-produccion-de-petroleo\\\/#primaryimage\"},\"thumbnailUrl\":\"https:\\\/\\\/canal7slp.tv\\\/2019\\\/wp-content\\\/uploads\\\/2019\\\/07\\\/1220.jpg\",\"datePublished\":\"2019-07-01T17:06:37+00:00\",\"breadcrumb\":{\"@id\":\"https:\\\/\\\/canal7slp.tv\\\/2019\\\/amplia-opep-nueve-meses-mas-la-reduccion-de-produccion-de-petroleo\\\/#breadcrumb\"},\"inLanguage\":\"es\",\"potentialAction\":[{\"@type\":\"ReadAction\",\"target\":[\"https:\\\/\\\/canal7slp.tv\\\/2019\\\/amplia-opep-nueve-meses-mas-la-reduccion-de-produccion-de-petroleo\\\/\"]}]},{\"@type\":\"ImageObject\",\"inLanguage\":\"es\",\"@id\":\"https:\\\/\\\/canal7slp.tv\\\/2019\\\/amplia-opep-nueve-meses-mas-la-reduccion-de-produccion-de-petroleo\\\/#primaryimage\",\"url\":\"https:\\\/\\\/canal7slp.tv\\\/2019\\\/wp-content\\\/uploads\\\/2019\\\/07\\\/1220.jpg\",\"contentUrl\":\"https:\\\/\\\/canal7slp.tv\\\/2019\\\/wp-content\\\/uploads\\\/2019\\\/07\\\/1220.jpg\",\"width\":683,\"height\":410},{\"@type\":\"BreadcrumbList\",\"@id\":\"https:\\\/\\\/canal7slp.tv\\\/2019\\\/amplia-opep-nueve-meses-mas-la-reduccion-de-produccion-de-petroleo\\\/#breadcrumb\",\"itemListElement\":[{\"@type\":\"ListItem\",\"position\":1,\"name\":\"Home\",\"item\":\"https:\\\/\\\/canal7slp.tv\\\/2019\\\/\"},{\"@type\":\"ListItem\",\"position\":2,\"name\":\"Ampl\u00eda OPEP nueve meses m\u00e1s la reducci\u00f3n de producci\u00f3n de petr\u00f3leo\"}]},{\"@type\":\"WebSite\",\"@id\":\"https:\\\/\\\/canal7slp.tv\\\/2019\\\/#website\",\"url\":\"https:\\\/\\\/canal7slp.tv\\\/2019\\\/\",\"name\":\"Canal 7 SLP - Somos TV\",\"description\":\"Somos un Canal de 10\",\"publisher\":{\"@id\":\"https:\\\/\\\/canal7slp.tv\\\/2019\\\/#organization\"},\"potentialAction\":[{\"@type\":\"SearchAction\",\"target\":{\"@type\":\"EntryPoint\",\"urlTemplate\":\"https:\\\/\\\/canal7slp.tv\\\/2019\\\/?s={search_term_string}\"},\"query-input\":{\"@type\":\"PropertyValueSpecification\",\"valueRequired\":true,\"valueName\":\"search_term_string\"}}],\"inLanguage\":\"es\"},{\"@type\":\"Organization\",\"@id\":\"https:\\\/\\\/canal7slp.tv\\\/2019\\\/#organization\",\"name\":\"Comunicaci\u00f3n 2000 S.A. de C.V.\",\"url\":\"https:\\\/\\\/canal7slp.tv\\\/2019\\\/\",\"logo\":{\"@type\":\"ImageObject\",\"inLanguage\":\"es\",\"@id\":\"https:\\\/\\\/canal7slp.tv\\\/2019\\\/#\\\/schema\\\/logo\\\/image\\\/\",\"url\":\"https:\\\/\\\/canal7slp.tv\\\/2019\\\/wp-content\\\/uploads\\\/2019\\\/07\\\/logo-c7.png\",\"contentUrl\":\"https:\\\/\\\/canal7slp.tv\\\/2019\\\/wp-content\\\/uploads\\\/2019\\\/07\\\/logo-c7.png\",\"width\":220,\"height\":60,\"caption\":\"Comunicaci\u00f3n 2000 S.A. de C.V.\"},\"image\":{\"@id\":\"https:\\\/\\\/canal7slp.tv\\\/2019\\\/#\\\/schema\\\/logo\\\/image\\\/\"},\"sameAs\":[\"https:\\\/\\\/www.facebook.com\\\/CANAL7SLP\\\/\",\"https:\\\/\\\/x.com\\\/canal7_slp\",\"https:\\\/\\\/www.instagram.com\\\/canal7_slp\",\"https:\\\/\\\/www.youtube.com\\\/user\\\/NOTICIEROSCANAL7SLP\\\/\"]},{\"@type\":\"Person\",\"@id\":\"https:\\\/\\\/canal7slp.tv\\\/2019\\\/#\\\/schema\\\/person\\\/11d941c1c6ca30ac0a46b95fa37aa2e3\",\"name\":\"edicionweb\",\"image\":{\"@type\":\"ImageObject\",\"inLanguage\":\"es\",\"@id\":\"https:\\\/\\\/secure.gravatar.com\\\/avatar\\\/eee448fc3f7164808013b816ba91ac7e43bbe82a70bebac296f8bc6f0addaa1a?s=96&d=mm&r=g\",\"url\":\"https:\\\/\\\/secure.gravatar.com\\\/avatar\\\/eee448fc3f7164808013b816ba91ac7e43bbe82a70bebac296f8bc6f0addaa1a?s=96&d=mm&r=g\",\"contentUrl\":\"https:\\\/\\\/secure.gravatar.com\\\/avatar\\\/eee448fc3f7164808013b816ba91ac7e43bbe82a70bebac296f8bc6f0addaa1a?s=96&d=mm&r=g\",\"caption\":\"edicionweb\"}}]}<\/script>\n<!-- \/ Yoast SEO plugin. -->","yoast_head_json":{"title":"Ampl\u00eda OPEP nueve meses m\u00e1s la reducci\u00f3n de producci\u00f3n de petr\u00f3leo - Canal 7 SLP - 2019","robots":{"index":"index","follow":"follow","max-snippet":"max-snippet:-1","max-image-preview":"max-image-preview:large","max-video-preview":"max-video-preview:-1"},"canonical":"https:\/\/canal7slp.tv\/2019\/amplia-opep-nueve-meses-mas-la-reduccion-de-produccion-de-petroleo\/","og_locale":"es_ES","og_type":"article","og_title":"Ampl\u00eda OPEP nueve meses m\u00e1s la reducci\u00f3n de producci\u00f3n de petr\u00f3leo - Canal 7 SLP - 2019","og_description":"Viena.- La Organizaci\u00f3n de Pa\u00edses Exportadores de Petr\u00f3leo (OPEP) y sus aliados apoyaron este d\u00eda la propuesta de Rusia y Arabia Saudita de prolongar nueve meses m\u00e1s la reducci\u00f3n de la producci\u00f3n de crudoen vigor desde inicio de este a\u00f1o con el fin de reforzar los precios del crudo. Los 14 pa\u00edses miembros de la [&hellip;]","og_url":"https:\/\/canal7slp.tv\/2019\/amplia-opep-nueve-meses-mas-la-reduccion-de-produccion-de-petroleo\/","og_site_name":"Canal 7 SLP - 2019","article_publisher":"https:\/\/www.facebook.com\/CANAL7SLP\/","article_published_time":"2019-07-01T17:06:37+00:00","og_image":[{"width":683,"height":410,"url":"https:\/\/canal7slp.tv\/2019\/wp-content\/uploads\/2019\/07\/1220.jpg","type":"image\/jpeg"}],"author":"edicionweb","twitter_card":"summary_large_image","twitter_creator":"@canal7_slp","twitter_site":"@canal7_slp","twitter_misc":{"Escrito por":"edicionweb","Tiempo de lectura":"3 minutos"},"schema":{"@context":"https:\/\/schema.org","@graph":[{"@type":"Article","@id":"https:\/\/canal7slp.tv\/2019\/amplia-opep-nueve-meses-mas-la-reduccion-de-produccion-de-petroleo\/#article","isPartOf":{"@id":"https:\/\/canal7slp.tv\/2019\/amplia-opep-nueve-meses-mas-la-reduccion-de-produccion-de-petroleo\/"},"author":{"name":"edicionweb","@id":"https:\/\/canal7slp.tv\/2019\/#\/schema\/person\/11d941c1c6ca30ac0a46b95fa37aa2e3"},"headline":"Ampl\u00eda OPEP nueve meses m\u00e1s la reducci\u00f3n de producci\u00f3n de petr\u00f3leo","datePublished":"2019-07-01T17:06:37+00:00","mainEntityOfPage":{"@id":"https:\/\/canal7slp.tv\/2019\/amplia-opep-nueve-meses-mas-la-reduccion-de-produccion-de-petroleo\/"},"wordCount":523,"commentCount":0,"publisher":{"@id":"https:\/\/canal7slp.tv\/2019\/#organization"},"image":{"@id":"https:\/\/canal7slp.tv\/2019\/amplia-opep-nueve-meses-mas-la-reduccion-de-produccion-de-petroleo\/#primaryimage"},"thumbnailUrl":"https:\/\/canal7slp.tv\/2019\/wp-content\/uploads\/2019\/07\/1220.jpg","articleSection":["FINANZAS"],"inLanguage":"es","potentialAction":[{"@type":"CommentAction","name":"Comment","target":["https:\/\/canal7slp.tv\/2019\/amplia-opep-nueve-meses-mas-la-reduccion-de-produccion-de-petroleo\/#respond"]}]},{"@type":"WebPage","@id":"https:\/\/canal7slp.tv\/2019\/amplia-opep-nueve-meses-mas-la-reduccion-de-produccion-de-petroleo\/","url":"https:\/\/canal7slp.tv\/2019\/amplia-opep-nueve-meses-mas-la-reduccion-de-produccion-de-petroleo\/","name":"Ampl\u00eda OPEP nueve meses m\u00e1s la reducci\u00f3n de producci\u00f3n de petr\u00f3leo - Canal 7 SLP - 2019","isPartOf":{"@id":"https:\/\/canal7slp.tv\/2019\/#website"},"primaryImageOfPage":{"@id":"https:\/\/canal7slp.tv\/2019\/amplia-opep-nueve-meses-mas-la-reduccion-de-produccion-de-petroleo\/#primaryimage"},"image":{"@id":"https:\/\/canal7slp.tv\/2019\/amplia-opep-nueve-meses-mas-la-reduccion-de-produccion-de-petroleo\/#primaryimage"},"thumbnailUrl":"https:\/\/canal7slp.tv\/2019\/wp-content\/uploads\/2019\/07\/1220.jpg","datePublished":"2019-07-01T17:06:37+00:00","breadcrumb":{"@id":"https:\/\/canal7slp.tv\/2019\/amplia-opep-nueve-meses-mas-la-reduccion-de-produccion-de-petroleo\/#breadcrumb"},"inLanguage":"es","potentialAction":[{"@type":"ReadAction","target":["https:\/\/canal7slp.tv\/2019\/amplia-opep-nueve-meses-mas-la-reduccion-de-produccion-de-petroleo\/"]}]},{"@type":"ImageObject","inLanguage":"es","@id":"https:\/\/canal7slp.tv\/2019\/amplia-opep-nueve-meses-mas-la-reduccion-de-produccion-de-petroleo\/#primaryimage","url":"https:\/\/canal7slp.tv\/2019\/wp-content\/uploads\/2019\/07\/1220.jpg","contentUrl":"https:\/\/canal7slp.tv\/2019\/wp-content\/uploads\/2019\/07\/1220.jpg","width":683,"height":410},{"@type":"BreadcrumbList","@id":"https:\/\/canal7slp.tv\/2019\/amplia-opep-nueve-meses-mas-la-reduccion-de-produccion-de-petroleo\/#breadcrumb","itemListElement":[{"@type":"ListItem","position":1,"name":"Home","item":"https:\/\/canal7slp.tv\/2019\/"},{"@type":"ListItem","position":2,"name":"Ampl\u00eda OPEP nueve meses m\u00e1s la reducci\u00f3n de producci\u00f3n de petr\u00f3leo"}]},{"@type":"WebSite","@id":"https:\/\/canal7slp.tv\/2019\/#website","url":"https:\/\/canal7slp.tv\/2019\/","name":"Canal 7 SLP - Somos TV","description":"Somos un Canal de 10","publisher":{"@id":"https:\/\/canal7slp.tv\/2019\/#organization"},"potentialAction":[{"@type":"SearchAction","target":{"@type":"EntryPoint","urlTemplate":"https:\/\/canal7slp.tv\/2019\/?s={search_term_string}"},"query-input":{"@type":"PropertyValueSpecification","valueRequired":true,"valueName":"search_term_string"}}],"inLanguage":"es"},{"@type":"Organization","@id":"https:\/\/canal7slp.tv\/2019\/#organization","name":"Comunicaci\u00f3n 2000 S.A. de C.V.","url":"https:\/\/canal7slp.tv\/2019\/","logo":{"@type":"ImageObject","inLanguage":"es","@id":"https:\/\/canal7slp.tv\/2019\/#\/schema\/logo\/image\/","url":"https:\/\/canal7slp.tv\/2019\/wp-content\/uploads\/2019\/07\/logo-c7.png","contentUrl":"https:\/\/canal7slp.tv\/2019\/wp-content\/uploads\/2019\/07\/logo-c7.png","width":220,"height":60,"caption":"Comunicaci\u00f3n 2000 S.A. de C.V."},"image":{"@id":"https:\/\/canal7slp.tv\/2019\/#\/schema\/logo\/image\/"},"sameAs":["https:\/\/www.facebook.com\/CANAL7SLP\/","https:\/\/x.com\/canal7_slp","https:\/\/www.instagram.com\/canal7_slp","https:\/\/www.youtube.com\/user\/NOTICIEROSCANAL7SLP\/"]},{"@type":"Person","@id":"https:\/\/canal7slp.tv\/2019\/#\/schema\/person\/11d941c1c6ca30ac0a46b95fa37aa2e3","name":"edicionweb","image":{"@type":"ImageObject","inLanguage":"es","@id":"https:\/\/secure.gravatar.com\/avatar\/eee448fc3f7164808013b816ba91ac7e43bbe82a70bebac296f8bc6f0addaa1a?s=96&d=mm&r=g","url":"https:\/\/secure.gravatar.com\/avatar\/eee448fc3f7164808013b816ba91ac7e43bbe82a70bebac296f8bc6f0addaa1a?s=96&d=mm&r=g","contentUrl":"https:\/\/secure.gravatar.com\/avatar\/eee448fc3f7164808013b816ba91ac7e43bbe82a70bebac296f8bc6f0addaa1a?s=96&d=mm&r=g","caption":"edicionweb"}}]}},"amp_enabled":true,"cmb2":{"video_ids_in_playlist":{"vid_p_videos":""},"video_ids_in_channel":{"vid_c_videos":""},"playlist_ids_in_channel":{"vid_c_playlists":""},"series_ids_in_channel":{"vid_c_series":""},"channel_images":{"vid_c_logo":"","vid_c_banner":""},"poster_feature_image":{"vid_m_poster_image":""},"gif_feature_image":{"vid_m_gif_image":""},"video_movie_settings":{"vid_m_director":"","vid_m_actor":"","vid_m_imdb_ratings":"","vid_m_amazon_associates":""},"vid_youtube_broadcasts_settings":{"vid_yb_broadcast_title":"","vid_yb_q":"","vid_yb_channelid":"","vid_yb_videocategoryid":"","vid_yb_maxresults":"","vid_yb_order":"","vid_yb_regioncode":"","vid_yb_videosyndicated":"","vid_yb_style":"","vid_yb_reload_first":""},"video_series_settings":{"vid_m_director":"","vid_m_actor":"","vid_m_imdb_ratings":"","video_series_group":""},"amazon_associates_settings":{"amazon_associates":"","amazon_native_ad":""},"vid_youtube_automatic_settings":{"vid_ya_youtube_source":"","vid_ya_update_every":"","vid_ya_update_unit":"","vid_ya_categories":"","vid_ya_published_after":"","vid_ya_published_before":"","vid_ya_playlists":"","vid_ya_channels":"","vid_ya_director":"","vid_ya_actor":"","vid_ya_author":"","vid_ya_import_post_date":"","vid_ya_status":"","vid_ya_sub_api_key":""},"vid_ads_m_videoads_settings_post":{"vid_ads_m_video_ads":"","vid_ads_m_video_ads_type":"","vid_ads_m_group_google_ima":"","vid_ads_m_group_image":"","vid_ads_m_group_html5_video":"","vid_ads_m_group_html":"","vid_ads_m_vast_preroll":"","vid_ads_m_vast_postroll":"","vid_ads_m_vast_pauseroll":"","vid_ads_m_vast_midroll":[{"vid_ads_m_vast_timer_seconds":"50"}],"vid_ads_m_time_to_show_ads":"","vid_ads_m_time_skip_ads":"","vid_ads_m_time_to_hide_ads":""},"page_slider_settings":{"display_slider_group":"","page_slider_group":""},"blog_page_settings":{"blog_page_title":"","blog_page_heading":"","blog_page_ic":"","blog_page_it":"","blog_page_ec":"","blog_page_ip":"","archive_loop_style":"","blog_image_ratio":"","blog_show_categories":"","blog_show_excerpt":"","blog_show_author":"","blog_show_date":"","blog_show_comment_count":"","blog_show_view_count":"","blog_show_like_count":"","blog_show_dislike_count":"","blog_items_per_page":"","blog_pag_type":""},"page_options":{"get_page_template":"","color_mode":"","main_layout":"","main_layout_full_with":"","main_logo":"","main_logo_retina":"","main_logo_mobile":"","main_logo_mobile_retina":"","sticky_logo":"","sticky_logo_retina":"","main_nav_layout":"","ajax_search":"","header_background":"","theme_sidebar":"","instagram_feed":"","instagram_feed_position":"","popular_videos":"","popular_videos_title_1":"","popular_videos_title_2":"","popular_videos_ic":"","popular_videos_it":"","theme_background":"","page_custom_css":""},"feature_image_settings":{"feature_image_position":""},"video_player_settings":{"single_video_style":"","video_player_position":"","vm_video_url":"","video_player_library":"","video_streaming":"","vm_media_sources":"","vid_auto_play":"","vm_video_shortcode":"","vid_p_sync_playlist":"","vid_c_sync_channel":"","get_post_format":"","multiple_links_structure":"default","multi_links_title":"","vm_video_multi_links":"","vm_duration":"","vid_social_locker":"off","vid_social_locker_id":"","vid_membership_action":"content-video","vm_video_trailer_url":"","vid_download_type":"free","vid_download_target":"download","vid_woo_product":"","vm_media_download":"","user_rating":"","user_rating_position":"","user_rating_mode":"","user_rating_multi_sets":""},"video_auto_fetch_settings":{"vm_video_fetch":"on"},"video_fake_views_likes":{"vm_fake_views":"","vm_fake_likes":"","vm_fake_dislikes":""},"gallery_settings":{"gallery_position":""},"quote_settings":{"quote_position":""},"post_options":{"main_layout":"","main_logo":"","main_logo_retina":"","main_logo_mobile":"","main_logo_mobile_retina":"","sticky_logo":"","sticky_logo_retina":"","main_nav_layout":"","header_background":"","theme_sidebar":"","single_post_comment_type":"","theme_background":""}},"_links":{"self":[{"href":"https:\/\/canal7slp.tv\/2019\/wp-json\/wp\/v2\/posts\/24715","targetHints":{"allow":["GET"]}}],"collection":[{"href":"https:\/\/canal7slp.tv\/2019\/wp-json\/wp\/v2\/posts"}],"about":[{"href":"https:\/\/canal7slp.tv\/2019\/wp-json\/wp\/v2\/types\/post"}],"author":[{"embeddable":true,"href":"https:\/\/canal7slp.tv\/2019\/wp-json\/wp\/v2\/users\/2"}],"replies":[{"embeddable":true,"href":"https:\/\/canal7slp.tv\/2019\/wp-json\/wp\/v2\/comments?post=24715"}],"version-history":[{"count":0,"href":"https:\/\/canal7slp.tv\/2019\/wp-json\/wp\/v2\/posts\/24715\/revisions"}],"wp:featuredmedia":[{"embeddable":true,"href":"https:\/\/canal7slp.tv\/2019\/wp-json\/wp\/v2\/media\/24716"}],"wp:attachment":[{"href":"https:\/\/canal7slp.tv\/2019\/wp-json\/wp\/v2\/media?parent=24715"}],"wp:term":[{"taxonomy":"category","embeddable":true,"href":"https:\/\/canal7slp.tv\/2019\/wp-json\/wp\/v2\/categories?post=24715"},{"taxonomy":"post_tag","embeddable":true,"href":"https:\/\/canal7slp.tv\/2019\/wp-json\/wp\/v2\/tags?post=24715"}],"curies":[{"name":"wp","href":"https:\/\/api.w.org\/{rel}","templated":true}]}}