{"id":24684,"date":"2019-07-01T10:28:28","date_gmt":"2019-07-01T15:28:28","guid":{"rendered":"https:\/\/canal7slp.tv\/2019\/?p=24684"},"modified":"2019-07-01T10:28:28","modified_gmt":"2019-07-01T15:28:28","slug":"mossad-responsabiliza-a-iran-de-ataques-en-el-golfo-y-embajada-iraqui","status":"publish","type":"post","link":"https:\/\/canal7slp.tv\/2019\/mossad-responsabiliza-a-iran-de-ataques-en-el-golfo-y-embajada-iraqui\/","title":{"rendered":"Mossad responsabiliza a Ir\u00e1n de ataques en el Golfo y embajada iraqu\u00ed"},"content":{"rendered":"<p style=\"text-align: justify;\">Jerusal\u00e9n.- Los atentados contra sedes petrol\u00edferas y embarcaciones iraquis en el Golfo P\u00e9rsico, en meses recientes, as\u00ed como la acometida contra la sede diplom\u00e1tica de Barein en Bagdad, la semana pasada, fueron realizados por Ir\u00e1n, asegur\u00f3 el jefe del Servicio de Inteligencia del Mossad, Yossi Cohen.<\/p>\n<p style=\"text-align: justify;\">\u201cLes digo, con certeza, sobre la base de las mejores fuentes de espionaje tanto israel\u00ed como occidental, que Ir\u00e1n est\u00e1 detr\u00e1s de estos ataques. Fueron aprobadas por la direcci\u00f3n iran\u00ed y llevadas a cabo, en gran parte, por el Cuerpo de la Guardia Revolucionaria Isl\u00e1mica y sus representantes\u201d, sostuvo Cohen, seg\u00fan informaci\u00f3n divulgada hoy por el portal Noticias Israel.<\/p>\n<p style=\"text-align: justify;\">En el marco de la Conferencia Herzliya del Centro Interdisciplinario de Israel, agreg\u00f3 que Estados Unidos y naciones del Golfo P\u00e9rsico han atribuido a Ir\u00e1n las agresiones contra las sedes petrol\u00edferas, entre ellos la reportada en junio pasado en los Emiratos \u00c1rabes Unidos contra dos petroleros.<\/p>\n<p style=\"text-align: justify;\">En tanto, las manifestaciones con actos de violencia en la embajada de Barein en Bagdad estuvieron a cargo de simpatizantes de las milicias con el aval de Ir\u00e1n, debido a que ah\u00ed se celebr\u00f3 una conferencia de paz econ\u00f3mica dirigida por Estados Unidos hace una semana.<\/p>\n<p style=\"text-align: justify;\">\u201cA pesar de ser diferentes tipos de objetivos en diferentes lugares, son parte de la misma campa\u00f1a liderada por la misma figura\u201d, anot\u00f3 Cohen al recordar que Ir\u00e1n tambi\u00e9n ha sido se\u00f1alado como responsable de ejecutar diversos actos terroristas en Europa en los \u00faltimos a\u00f1os, de acuerdo al mismo sitio web.<\/p>\n<p style=\"text-align: justify;\">Tras se\u00f1alar que Ir\u00e1n cuenta con un grupo de 300 personas en \u00c1frica para ampliar sus objetivos, descart\u00f3 que a ese pa\u00eds le interese abordar el tema de su programa nuclear con Occidente.<\/p>\n<p style=\"text-align: justify;\">Respecto a los l\u00edmites nucleares, Cohen estim\u00f3 que Ir\u00e1n est\u00e1 a poco de superar el l\u00edmite de uranio fijado en el tratado nuclear de 2015, lo cual puede ser riesgoso, pues si aumenta \u201cel enriquecimiento y las cantidades. Imaginen si Ir\u00e1n consigue uranio de grado militar y luego una bomba de verdad\u201d, anot\u00f3.<\/p>\n<p style=\"text-align: justify;\">En este contexto, neg\u00f3 que el programa nuclear de ese pa\u00eds tenga objetivos pac\u00edficos \u201cno hay nada inocente en las acciones de Ir\u00e1n en general y en su proyecto nuclear en particular, dijo al calificar como mentira total a \u201ctodas las afirmaciones de que el uranio enriquecido es para la investigaci\u00f3n\u201d.<\/p>\n","protected":false},"excerpt":{"rendered":"<p>Jerusal\u00e9n.- Los atentados contra sedes petrol\u00edferas y embarcaciones iraquis en el Golfo P\u00e9rsico, en meses recientes, as\u00ed como la acometida contra la sede diplom\u00e1tica de Barein en Bagdad, la semana pasada, fueron realizados por Ir\u00e1n, asegur\u00f3 el jefe del Servicio de Inteligencia del Mossad, Yossi Cohen. \u201cLes digo, con certeza, sobre la base de las [&hellip;]<\/p>\n","protected":false},"author":2,"featured_media":24685,"comment_status":"open","ping_status":"closed","sticky":false,"template":"","format":"standard","meta":{"footnotes":""},"categories":[18],"tags":[],"class_list":["post-24684","post","type-post","status-publish","format-standard","has-post-thumbnail","hentry","category-internacional"],"yoast_head":"<!-- This site is optimized with the Yoast SEO plugin v27.5 - https:\/\/yoast.com\/product\/yoast-seo-wordpress\/ -->\n<title>Mossad responsabiliza a Ir\u00e1n de ataques en el Golfo y embajada iraqu\u00ed - Canal 7 SLP - 2019<\/title>\n<meta name=\"robots\" content=\"index, follow, max-snippet:-1, max-image-preview:large, max-video-preview:-1\" \/>\n<link rel=\"canonical\" href=\"https:\/\/canal7slp.tv\/2019\/mossad-responsabiliza-a-iran-de-ataques-en-el-golfo-y-embajada-iraqui\/\" \/>\n<meta property=\"og:locale\" content=\"es_ES\" \/>\n<meta property=\"og:type\" content=\"article\" \/>\n<meta property=\"og:title\" content=\"Mossad responsabiliza a Ir\u00e1n de ataques en el Golfo y embajada iraqu\u00ed - Canal 7 SLP - 2019\" \/>\n<meta property=\"og:description\" content=\"Jerusal\u00e9n.- Los atentados contra sedes petrol\u00edferas y embarcaciones iraquis en el Golfo P\u00e9rsico, en meses recientes, as\u00ed como la acometida contra la sede diplom\u00e1tica de Barein en Bagdad, la semana pasada, fueron realizados por Ir\u00e1n, asegur\u00f3 el jefe del Servicio de Inteligencia del Mossad, Yossi Cohen. \u201cLes digo, con certeza, sobre la base de las [&hellip;]\" \/>\n<meta property=\"og:url\" content=\"https:\/\/canal7slp.tv\/2019\/mossad-responsabiliza-a-iran-de-ataques-en-el-golfo-y-embajada-iraqui\/\" \/>\n<meta property=\"og:site_name\" content=\"Canal 7 SLP - 2019\" \/>\n<meta property=\"article:publisher\" content=\"https:\/\/www.facebook.com\/CANAL7SLP\/\" \/>\n<meta property=\"article:published_time\" content=\"2019-07-01T15:28:28+00:00\" \/>\n<meta property=\"og:image\" content=\"https:\/\/canal7slp.tv\/2019\/wp-content\/uploads\/2019\/07\/1100.jpg\" \/>\n\t<meta property=\"og:image:width\" content=\"549\" \/>\n\t<meta property=\"og:image:height\" content=\"410\" \/>\n\t<meta property=\"og:image:type\" content=\"image\/jpeg\" \/>\n<meta name=\"author\" content=\"edicionweb\" \/>\n<meta name=\"twitter:card\" content=\"summary_large_image\" \/>\n<meta name=\"twitter:creator\" content=\"@canal7_slp\" \/>\n<meta name=\"twitter:site\" content=\"@canal7_slp\" \/>\n<meta name=\"twitter:label1\" content=\"Escrito por\" \/>\n\t<meta name=\"twitter:data1\" content=\"edicionweb\" \/>\n\t<meta name=\"twitter:label2\" content=\"Tiempo de lectura\" \/>\n\t<meta name=\"twitter:data2\" content=\"2 minutos\" \/>\n<script type=\"application\/ld+json\" class=\"yoast-schema-graph\">{\"@context\":\"https:\\\/\\\/schema.org\",\"@graph\":[{\"@type\":\"Article\",\"@id\":\"https:\\\/\\\/canal7slp.tv\\\/2019\\\/mossad-responsabiliza-a-iran-de-ataques-en-el-golfo-y-embajada-iraqui\\\/#article\",\"isPartOf\":{\"@id\":\"https:\\\/\\\/canal7slp.tv\\\/2019\\\/mossad-responsabiliza-a-iran-de-ataques-en-el-golfo-y-embajada-iraqui\\\/\"},\"author\":{\"name\":\"edicionweb\",\"@id\":\"https:\\\/\\\/canal7slp.tv\\\/2019\\\/#\\\/schema\\\/person\\\/11d941c1c6ca30ac0a46b95fa37aa2e3\"},\"headline\":\"Mossad responsabiliza a Ir\u00e1n de ataques en el Golfo y embajada iraqu\u00ed\",\"datePublished\":\"2019-07-01T15:28:28+00:00\",\"mainEntityOfPage\":{\"@id\":\"https:\\\/\\\/canal7slp.tv\\\/2019\\\/mossad-responsabiliza-a-iran-de-ataques-en-el-golfo-y-embajada-iraqui\\\/\"},\"wordCount\":429,\"commentCount\":0,\"publisher\":{\"@id\":\"https:\\\/\\\/canal7slp.tv\\\/2019\\\/#organization\"},\"image\":{\"@id\":\"https:\\\/\\\/canal7slp.tv\\\/2019\\\/mossad-responsabiliza-a-iran-de-ataques-en-el-golfo-y-embajada-iraqui\\\/#primaryimage\"},\"thumbnailUrl\":\"https:\\\/\\\/canal7slp.tv\\\/2019\\\/wp-content\\\/uploads\\\/2019\\\/07\\\/1100.jpg\",\"articleSection\":[\"INTERNACIONAL\"],\"inLanguage\":\"es\",\"potentialAction\":[{\"@type\":\"CommentAction\",\"name\":\"Comment\",\"target\":[\"https:\\\/\\\/canal7slp.tv\\\/2019\\\/mossad-responsabiliza-a-iran-de-ataques-en-el-golfo-y-embajada-iraqui\\\/#respond\"]}]},{\"@type\":\"WebPage\",\"@id\":\"https:\\\/\\\/canal7slp.tv\\\/2019\\\/mossad-responsabiliza-a-iran-de-ataques-en-el-golfo-y-embajada-iraqui\\\/\",\"url\":\"https:\\\/\\\/canal7slp.tv\\\/2019\\\/mossad-responsabiliza-a-iran-de-ataques-en-el-golfo-y-embajada-iraqui\\\/\",\"name\":\"Mossad responsabiliza a Ir\u00e1n de ataques en el Golfo y embajada iraqu\u00ed - Canal 7 SLP - 2019\",\"isPartOf\":{\"@id\":\"https:\\\/\\\/canal7slp.tv\\\/2019\\\/#website\"},\"primaryImageOfPage\":{\"@id\":\"https:\\\/\\\/canal7slp.tv\\\/2019\\\/mossad-responsabiliza-a-iran-de-ataques-en-el-golfo-y-embajada-iraqui\\\/#primaryimage\"},\"image\":{\"@id\":\"https:\\\/\\\/canal7slp.tv\\\/2019\\\/mossad-responsabiliza-a-iran-de-ataques-en-el-golfo-y-embajada-iraqui\\\/#primaryimage\"},\"thumbnailUrl\":\"https:\\\/\\\/canal7slp.tv\\\/2019\\\/wp-content\\\/uploads\\\/2019\\\/07\\\/1100.jpg\",\"datePublished\":\"2019-07-01T15:28:28+00:00\",\"breadcrumb\":{\"@id\":\"https:\\\/\\\/canal7slp.tv\\\/2019\\\/mossad-responsabiliza-a-iran-de-ataques-en-el-golfo-y-embajada-iraqui\\\/#breadcrumb\"},\"inLanguage\":\"es\",\"potentialAction\":[{\"@type\":\"ReadAction\",\"target\":[\"https:\\\/\\\/canal7slp.tv\\\/2019\\\/mossad-responsabiliza-a-iran-de-ataques-en-el-golfo-y-embajada-iraqui\\\/\"]}]},{\"@type\":\"ImageObject\",\"inLanguage\":\"es\",\"@id\":\"https:\\\/\\\/canal7slp.tv\\\/2019\\\/mossad-responsabiliza-a-iran-de-ataques-en-el-golfo-y-embajada-iraqui\\\/#primaryimage\",\"url\":\"https:\\\/\\\/canal7slp.tv\\\/2019\\\/wp-content\\\/uploads\\\/2019\\\/07\\\/1100.jpg\",\"contentUrl\":\"https:\\\/\\\/canal7slp.tv\\\/2019\\\/wp-content\\\/uploads\\\/2019\\\/07\\\/1100.jpg\",\"width\":549,\"height\":410},{\"@type\":\"BreadcrumbList\",\"@id\":\"https:\\\/\\\/canal7slp.tv\\\/2019\\\/mossad-responsabiliza-a-iran-de-ataques-en-el-golfo-y-embajada-iraqui\\\/#breadcrumb\",\"itemListElement\":[{\"@type\":\"ListItem\",\"position\":1,\"name\":\"Home\",\"item\":\"https:\\\/\\\/canal7slp.tv\\\/2019\\\/\"},{\"@type\":\"ListItem\",\"position\":2,\"name\":\"Mossad responsabiliza a Ir\u00e1n de ataques en el Golfo y embajada iraqu\u00ed\"}]},{\"@type\":\"WebSite\",\"@id\":\"https:\\\/\\\/canal7slp.tv\\\/2019\\\/#website\",\"url\":\"https:\\\/\\\/canal7slp.tv\\\/2019\\\/\",\"name\":\"Canal 7 SLP - Somos TV\",\"description\":\"Somos un Canal de 10\",\"publisher\":{\"@id\":\"https:\\\/\\\/canal7slp.tv\\\/2019\\\/#organization\"},\"potentialAction\":[{\"@type\":\"SearchAction\",\"target\":{\"@type\":\"EntryPoint\",\"urlTemplate\":\"https:\\\/\\\/canal7slp.tv\\\/2019\\\/?s={search_term_string}\"},\"query-input\":{\"@type\":\"PropertyValueSpecification\",\"valueRequired\":true,\"valueName\":\"search_term_string\"}}],\"inLanguage\":\"es\"},{\"@type\":\"Organization\",\"@id\":\"https:\\\/\\\/canal7slp.tv\\\/2019\\\/#organization\",\"name\":\"Comunicaci\u00f3n 2000 S.A. de C.V.\",\"url\":\"https:\\\/\\\/canal7slp.tv\\\/2019\\\/\",\"logo\":{\"@type\":\"ImageObject\",\"inLanguage\":\"es\",\"@id\":\"https:\\\/\\\/canal7slp.tv\\\/2019\\\/#\\\/schema\\\/logo\\\/image\\\/\",\"url\":\"https:\\\/\\\/canal7slp.tv\\\/2019\\\/wp-content\\\/uploads\\\/2019\\\/07\\\/logo-c7.png\",\"contentUrl\":\"https:\\\/\\\/canal7slp.tv\\\/2019\\\/wp-content\\\/uploads\\\/2019\\\/07\\\/logo-c7.png\",\"width\":220,\"height\":60,\"caption\":\"Comunicaci\u00f3n 2000 S.A. de C.V.\"},\"image\":{\"@id\":\"https:\\\/\\\/canal7slp.tv\\\/2019\\\/#\\\/schema\\\/logo\\\/image\\\/\"},\"sameAs\":[\"https:\\\/\\\/www.facebook.com\\\/CANAL7SLP\\\/\",\"https:\\\/\\\/x.com\\\/canal7_slp\",\"https:\\\/\\\/www.instagram.com\\\/canal7_slp\",\"https:\\\/\\\/www.youtube.com\\\/user\\\/NOTICIEROSCANAL7SLP\\\/\"]},{\"@type\":\"Person\",\"@id\":\"https:\\\/\\\/canal7slp.tv\\\/2019\\\/#\\\/schema\\\/person\\\/11d941c1c6ca30ac0a46b95fa37aa2e3\",\"name\":\"edicionweb\",\"image\":{\"@type\":\"ImageObject\",\"inLanguage\":\"es\",\"@id\":\"https:\\\/\\\/secure.gravatar.com\\\/avatar\\\/eee448fc3f7164808013b816ba91ac7e43bbe82a70bebac296f8bc6f0addaa1a?s=96&d=mm&r=g\",\"url\":\"https:\\\/\\\/secure.gravatar.com\\\/avatar\\\/eee448fc3f7164808013b816ba91ac7e43bbe82a70bebac296f8bc6f0addaa1a?s=96&d=mm&r=g\",\"contentUrl\":\"https:\\\/\\\/secure.gravatar.com\\\/avatar\\\/eee448fc3f7164808013b816ba91ac7e43bbe82a70bebac296f8bc6f0addaa1a?s=96&d=mm&r=g\",\"caption\":\"edicionweb\"}}]}<\/script>\n<!-- \/ Yoast SEO plugin. -->","yoast_head_json":{"title":"Mossad responsabiliza a Ir\u00e1n de ataques en el Golfo y embajada iraqu\u00ed - Canal 7 SLP - 2019","robots":{"index":"index","follow":"follow","max-snippet":"max-snippet:-1","max-image-preview":"max-image-preview:large","max-video-preview":"max-video-preview:-1"},"canonical":"https:\/\/canal7slp.tv\/2019\/mossad-responsabiliza-a-iran-de-ataques-en-el-golfo-y-embajada-iraqui\/","og_locale":"es_ES","og_type":"article","og_title":"Mossad responsabiliza a Ir\u00e1n de ataques en el Golfo y embajada iraqu\u00ed - Canal 7 SLP - 2019","og_description":"Jerusal\u00e9n.- Los atentados contra sedes petrol\u00edferas y embarcaciones iraquis en el Golfo P\u00e9rsico, en meses recientes, as\u00ed como la acometida contra la sede diplom\u00e1tica de Barein en Bagdad, la semana pasada, fueron realizados por Ir\u00e1n, asegur\u00f3 el jefe del Servicio de Inteligencia del Mossad, Yossi Cohen. \u201cLes digo, con certeza, sobre la base de las [&hellip;]","og_url":"https:\/\/canal7slp.tv\/2019\/mossad-responsabiliza-a-iran-de-ataques-en-el-golfo-y-embajada-iraqui\/","og_site_name":"Canal 7 SLP - 2019","article_publisher":"https:\/\/www.facebook.com\/CANAL7SLP\/","article_published_time":"2019-07-01T15:28:28+00:00","og_image":[{"width":549,"height":410,"url":"https:\/\/canal7slp.tv\/2019\/wp-content\/uploads\/2019\/07\/1100.jpg","type":"image\/jpeg"}],"author":"edicionweb","twitter_card":"summary_large_image","twitter_creator":"@canal7_slp","twitter_site":"@canal7_slp","twitter_misc":{"Escrito por":"edicionweb","Tiempo de lectura":"2 minutos"},"schema":{"@context":"https:\/\/schema.org","@graph":[{"@type":"Article","@id":"https:\/\/canal7slp.tv\/2019\/mossad-responsabiliza-a-iran-de-ataques-en-el-golfo-y-embajada-iraqui\/#article","isPartOf":{"@id":"https:\/\/canal7slp.tv\/2019\/mossad-responsabiliza-a-iran-de-ataques-en-el-golfo-y-embajada-iraqui\/"},"author":{"name":"edicionweb","@id":"https:\/\/canal7slp.tv\/2019\/#\/schema\/person\/11d941c1c6ca30ac0a46b95fa37aa2e3"},"headline":"Mossad responsabiliza a Ir\u00e1n de ataques en el Golfo y embajada iraqu\u00ed","datePublished":"2019-07-01T15:28:28+00:00","mainEntityOfPage":{"@id":"https:\/\/canal7slp.tv\/2019\/mossad-responsabiliza-a-iran-de-ataques-en-el-golfo-y-embajada-iraqui\/"},"wordCount":429,"commentCount":0,"publisher":{"@id":"https:\/\/canal7slp.tv\/2019\/#organization"},"image":{"@id":"https:\/\/canal7slp.tv\/2019\/mossad-responsabiliza-a-iran-de-ataques-en-el-golfo-y-embajada-iraqui\/#primaryimage"},"thumbnailUrl":"https:\/\/canal7slp.tv\/2019\/wp-content\/uploads\/2019\/07\/1100.jpg","articleSection":["INTERNACIONAL"],"inLanguage":"es","potentialAction":[{"@type":"CommentAction","name":"Comment","target":["https:\/\/canal7slp.tv\/2019\/mossad-responsabiliza-a-iran-de-ataques-en-el-golfo-y-embajada-iraqui\/#respond"]}]},{"@type":"WebPage","@id":"https:\/\/canal7slp.tv\/2019\/mossad-responsabiliza-a-iran-de-ataques-en-el-golfo-y-embajada-iraqui\/","url":"https:\/\/canal7slp.tv\/2019\/mossad-responsabiliza-a-iran-de-ataques-en-el-golfo-y-embajada-iraqui\/","name":"Mossad responsabiliza a Ir\u00e1n de ataques en el Golfo y embajada iraqu\u00ed - Canal 7 SLP - 2019","isPartOf":{"@id":"https:\/\/canal7slp.tv\/2019\/#website"},"primaryImageOfPage":{"@id":"https:\/\/canal7slp.tv\/2019\/mossad-responsabiliza-a-iran-de-ataques-en-el-golfo-y-embajada-iraqui\/#primaryimage"},"image":{"@id":"https:\/\/canal7slp.tv\/2019\/mossad-responsabiliza-a-iran-de-ataques-en-el-golfo-y-embajada-iraqui\/#primaryimage"},"thumbnailUrl":"https:\/\/canal7slp.tv\/2019\/wp-content\/uploads\/2019\/07\/1100.jpg","datePublished":"2019-07-01T15:28:28+00:00","breadcrumb":{"@id":"https:\/\/canal7slp.tv\/2019\/mossad-responsabiliza-a-iran-de-ataques-en-el-golfo-y-embajada-iraqui\/#breadcrumb"},"inLanguage":"es","potentialAction":[{"@type":"ReadAction","target":["https:\/\/canal7slp.tv\/2019\/mossad-responsabiliza-a-iran-de-ataques-en-el-golfo-y-embajada-iraqui\/"]}]},{"@type":"ImageObject","inLanguage":"es","@id":"https:\/\/canal7slp.tv\/2019\/mossad-responsabiliza-a-iran-de-ataques-en-el-golfo-y-embajada-iraqui\/#primaryimage","url":"https:\/\/canal7slp.tv\/2019\/wp-content\/uploads\/2019\/07\/1100.jpg","contentUrl":"https:\/\/canal7slp.tv\/2019\/wp-content\/uploads\/2019\/07\/1100.jpg","width":549,"height":410},{"@type":"BreadcrumbList","@id":"https:\/\/canal7slp.tv\/2019\/mossad-responsabiliza-a-iran-de-ataques-en-el-golfo-y-embajada-iraqui\/#breadcrumb","itemListElement":[{"@type":"ListItem","position":1,"name":"Home","item":"https:\/\/canal7slp.tv\/2019\/"},{"@type":"ListItem","position":2,"name":"Mossad responsabiliza a Ir\u00e1n de ataques en el Golfo y embajada iraqu\u00ed"}]},{"@type":"WebSite","@id":"https:\/\/canal7slp.tv\/2019\/#website","url":"https:\/\/canal7slp.tv\/2019\/","name":"Canal 7 SLP - Somos TV","description":"Somos un Canal de 10","publisher":{"@id":"https:\/\/canal7slp.tv\/2019\/#organization"},"potentialAction":[{"@type":"SearchAction","target":{"@type":"EntryPoint","urlTemplate":"https:\/\/canal7slp.tv\/2019\/?s={search_term_string}"},"query-input":{"@type":"PropertyValueSpecification","valueRequired":true,"valueName":"search_term_string"}}],"inLanguage":"es"},{"@type":"Organization","@id":"https:\/\/canal7slp.tv\/2019\/#organization","name":"Comunicaci\u00f3n 2000 S.A. de C.V.","url":"https:\/\/canal7slp.tv\/2019\/","logo":{"@type":"ImageObject","inLanguage":"es","@id":"https:\/\/canal7slp.tv\/2019\/#\/schema\/logo\/image\/","url":"https:\/\/canal7slp.tv\/2019\/wp-content\/uploads\/2019\/07\/logo-c7.png","contentUrl":"https:\/\/canal7slp.tv\/2019\/wp-content\/uploads\/2019\/07\/logo-c7.png","width":220,"height":60,"caption":"Comunicaci\u00f3n 2000 S.A. de C.V."},"image":{"@id":"https:\/\/canal7slp.tv\/2019\/#\/schema\/logo\/image\/"},"sameAs":["https:\/\/www.facebook.com\/CANAL7SLP\/","https:\/\/x.com\/canal7_slp","https:\/\/www.instagram.com\/canal7_slp","https:\/\/www.youtube.com\/user\/NOTICIEROSCANAL7SLP\/"]},{"@type":"Person","@id":"https:\/\/canal7slp.tv\/2019\/#\/schema\/person\/11d941c1c6ca30ac0a46b95fa37aa2e3","name":"edicionweb","image":{"@type":"ImageObject","inLanguage":"es","@id":"https:\/\/secure.gravatar.com\/avatar\/eee448fc3f7164808013b816ba91ac7e43bbe82a70bebac296f8bc6f0addaa1a?s=96&d=mm&r=g","url":"https:\/\/secure.gravatar.com\/avatar\/eee448fc3f7164808013b816ba91ac7e43bbe82a70bebac296f8bc6f0addaa1a?s=96&d=mm&r=g","contentUrl":"https:\/\/secure.gravatar.com\/avatar\/eee448fc3f7164808013b816ba91ac7e43bbe82a70bebac296f8bc6f0addaa1a?s=96&d=mm&r=g","caption":"edicionweb"}}]}},"amp_enabled":true,"cmb2":{"video_ids_in_playlist":{"vid_p_videos":""},"video_ids_in_channel":{"vid_c_videos":""},"playlist_ids_in_channel":{"vid_c_playlists":""},"series_ids_in_channel":{"vid_c_series":""},"channel_images":{"vid_c_logo":"","vid_c_banner":""},"poster_feature_image":{"vid_m_poster_image":""},"gif_feature_image":{"vid_m_gif_image":""},"video_movie_settings":{"vid_m_director":"","vid_m_actor":"","vid_m_imdb_ratings":"","vid_m_amazon_associates":""},"vid_youtube_broadcasts_settings":{"vid_yb_broadcast_title":"","vid_yb_q":"","vid_yb_channelid":"","vid_yb_videocategoryid":"","vid_yb_maxresults":"","vid_yb_order":"","vid_yb_regioncode":"","vid_yb_videosyndicated":"","vid_yb_style":"","vid_yb_reload_first":""},"video_series_settings":{"vid_m_director":"","vid_m_actor":"","vid_m_imdb_ratings":"","video_series_group":""},"amazon_associates_settings":{"amazon_associates":"","amazon_native_ad":""},"vid_youtube_automatic_settings":{"vid_ya_youtube_source":"","vid_ya_update_every":"","vid_ya_update_unit":"","vid_ya_categories":"","vid_ya_published_after":"","vid_ya_published_before":"","vid_ya_playlists":"","vid_ya_channels":"","vid_ya_director":"","vid_ya_actor":"","vid_ya_author":"","vid_ya_import_post_date":"","vid_ya_status":"","vid_ya_sub_api_key":""},"vid_ads_m_videoads_settings_post":{"vid_ads_m_video_ads":"","vid_ads_m_video_ads_type":"","vid_ads_m_group_google_ima":"","vid_ads_m_group_image":"","vid_ads_m_group_html5_video":"","vid_ads_m_group_html":"","vid_ads_m_vast_preroll":"","vid_ads_m_vast_postroll":"","vid_ads_m_vast_pauseroll":"","vid_ads_m_vast_midroll":[{"vid_ads_m_vast_timer_seconds":"50"}],"vid_ads_m_time_to_show_ads":"","vid_ads_m_time_skip_ads":"","vid_ads_m_time_to_hide_ads":""},"page_slider_settings":{"display_slider_group":"","page_slider_group":""},"blog_page_settings":{"blog_page_title":"","blog_page_heading":"","blog_page_ic":"","blog_page_it":"","blog_page_ec":"","blog_page_ip":"","archive_loop_style":"","blog_image_ratio":"","blog_show_categories":"","blog_show_excerpt":"","blog_show_author":"","blog_show_date":"","blog_show_comment_count":"","blog_show_view_count":"","blog_show_like_count":"","blog_show_dislike_count":"","blog_items_per_page":"","blog_pag_type":""},"page_options":{"get_page_template":"","color_mode":"","main_layout":"","main_layout_full_with":"","main_logo":"","main_logo_retina":"","main_logo_mobile":"","main_logo_mobile_retina":"","sticky_logo":"","sticky_logo_retina":"","main_nav_layout":"","ajax_search":"","header_background":"","theme_sidebar":"","instagram_feed":"","instagram_feed_position":"","popular_videos":"","popular_videos_title_1":"","popular_videos_title_2":"","popular_videos_ic":"","popular_videos_it":"","theme_background":"","page_custom_css":""},"feature_image_settings":{"feature_image_position":""},"video_player_settings":{"single_video_style":"","video_player_position":"","vm_video_url":"","video_player_library":"","video_streaming":"","vm_media_sources":"","vid_auto_play":"","vm_video_shortcode":"","vid_p_sync_playlist":"","vid_c_sync_channel":"","get_post_format":"","multiple_links_structure":"default","multi_links_title":"","vm_video_multi_links":"","vm_duration":"","vid_social_locker":"off","vid_social_locker_id":"","vid_membership_action":"content-video","vm_video_trailer_url":"","vid_download_type":"free","vid_download_target":"download","vid_woo_product":"","vm_media_download":"","user_rating":"","user_rating_position":"","user_rating_mode":"","user_rating_multi_sets":""},"video_auto_fetch_settings":{"vm_video_fetch":"on"},"video_fake_views_likes":{"vm_fake_views":"","vm_fake_likes":"","vm_fake_dislikes":""},"gallery_settings":{"gallery_position":""},"quote_settings":{"quote_position":""},"post_options":{"main_layout":"","main_logo":"","main_logo_retina":"","main_logo_mobile":"","main_logo_mobile_retina":"","sticky_logo":"","sticky_logo_retina":"","main_nav_layout":"","header_background":"","theme_sidebar":"","single_post_comment_type":"","theme_background":""}},"_links":{"self":[{"href":"https:\/\/canal7slp.tv\/2019\/wp-json\/wp\/v2\/posts\/24684","targetHints":{"allow":["GET"]}}],"collection":[{"href":"https:\/\/canal7slp.tv\/2019\/wp-json\/wp\/v2\/posts"}],"about":[{"href":"https:\/\/canal7slp.tv\/2019\/wp-json\/wp\/v2\/types\/post"}],"author":[{"embeddable":true,"href":"https:\/\/canal7slp.tv\/2019\/wp-json\/wp\/v2\/users\/2"}],"replies":[{"embeddable":true,"href":"https:\/\/canal7slp.tv\/2019\/wp-json\/wp\/v2\/comments?post=24684"}],"version-history":[{"count":0,"href":"https:\/\/canal7slp.tv\/2019\/wp-json\/wp\/v2\/posts\/24684\/revisions"}],"wp:featuredmedia":[{"embeddable":true,"href":"https:\/\/canal7slp.tv\/2019\/wp-json\/wp\/v2\/media\/24685"}],"wp:attachment":[{"href":"https:\/\/canal7slp.tv\/2019\/wp-json\/wp\/v2\/media?parent=24684"}],"wp:term":[{"taxonomy":"category","embeddable":true,"href":"https:\/\/canal7slp.tv\/2019\/wp-json\/wp\/v2\/categories?post=24684"},{"taxonomy":"post_tag","embeddable":true,"href":"https:\/\/canal7slp.tv\/2019\/wp-json\/wp\/v2\/tags?post=24684"}],"curies":[{"name":"wp","href":"https:\/\/api.w.org\/{rel}","templated":true}]}}