{"id":24658,"date":"2019-07-01T09:12:59","date_gmt":"2019-07-01T14:12:59","guid":{"rendered":"https:\/\/canal7slp.tv\/2019\/?p=24658"},"modified":"2019-07-01T09:12:59","modified_gmt":"2019-07-01T14:12:59","slug":"es-inhumana-politica-migratoria-de-trump-y-causa-muertes-orourke","status":"publish","type":"post","link":"https:\/\/canal7slp.tv\/2019\/es-inhumana-politica-migratoria-de-trump-y-causa-muertes-orourke\/","title":{"rendered":"Es inhumana pol\u00edtica migratoria de Trump y causa muertes: O&#8217;Rourke"},"content":{"rendered":"<p style=\"text-align: justify;\">Washington.- La pol\u00edtica migratoria del presidente estadunidense Donald Trump es inhumana, causa sufrimiento y muerte, como las del padre y su hija de El Salvador que fallecieron ahogados en el r\u00edo Bravo, dijo el aspirante presidencial dem\u00f3crata Beto O&#8217;Rourke.<\/p>\n<p style=\"text-align: justify;\">El exmiembro de la C\u00e1mara de Representantes se pronunci\u00f3 por aplicar las leyes estadunidenses en vigor, pues hay v\u00ednculos con los migrantes y tambi\u00e9n responsabilidad, dado el papel de Estados Unidos en el Hemisferio Occidental, a\u00f1adi\u00f3.<\/p>\n<p style=\"text-align: justify;\">Nacido en Texas, represent\u00f3 en el Congreso al distrito de ese estado, de 2013 a 2019, luego de que hab\u00eda sido miembro del cabildo de El Paso, en el periodo de 2005 hasta 2011. Antes fund\u00f3 la empresa de software y servicios de internet Stanton Street Technology Group, administrada ahora por su esposa.<\/p>\n<p style=\"text-align: justify;\">Cuando seguimos nuestras propias leyes de asilo, los extranjeros que vienen a Estados Unidos y lo demandan est\u00e1n seguros. De acuerdo a un documento que he propuesto, ninguna familia de migrantes ser\u00eda separada, dijo en entrevista con el programa dominical de la cadena CBS &#8220;Face the Nation&#8221;.<\/p>\n<p style=\"text-align: justify;\">O&#8217;Rourke habl\u00f3 mientras los restos de \u00d3scar Alberto Mart\u00ednez y su hija Valeria, de 23 meses de edad, llegaron a El Salvador este domingo, de donde salieron en la b\u00fasqueda de construir un nuevo proyecto de vida en Estados Unidos, pero murieron ahogados al tratar de cruzar el r\u00edo Bravo.<\/p>\n<p style=\"text-align: justify;\">Cuestionado acerca de lo que pasar\u00eda tras el ingreso si son detenidos por las autoridades migratorias estadunidenses, dijo que los migrantes deber\u00edan ser liberados dentro de la comunidad donde se encuentren y aplic\u00e1rseles las leyes migratorias.<\/p>\n<p style=\"text-align: justify;\">Agreg\u00f3 que quienes demandan asilo a Estados Unidos deben de poder hacerlo inclusive desde sus propios pa\u00edses de origen.<\/p>\n<p style=\"text-align: justify;\">A\u00f1adi\u00f3 que de ganar la candidatura presidencial del Partido Dem\u00f3crata y luego la Casa Blanca, desde el primer d\u00eda de su mandato detendr\u00eda la separaci\u00f3n de familias y reunir\u00eda a las que hayan sido separadas.<\/p>\n<p style=\"text-align: justify;\">Debemos asegurarnos de que esas familias que piden asilo y que se encuentran en un momento desesperado y vulnerable, no enfrenten miedo cuando lleguen a Estados Unidos.<\/p>\n<p style=\"text-align: justify;\">Los migrantes provenientes en su mayor\u00eda del llamado Tri\u00e1ngulo Norte, conformado por Guatemala, El Savador y Honduras, deben esperar en la frontera mexicana a que su caso sea revisado por las autoridades migratorias estadunidenses y s\u00f3lo de ser aprobado, ingresan.<\/p>\n<p style=\"text-align: justify;\">Luego de que fue transmitida la entrevista por la CBS, O&#8217;Rourke visit\u00f3 la estaci\u00f3n migratoria de Clint, en El Paso, Texas, donde m\u00e9dicos y abogados le describieron las p\u00e9simas condiciones en que se encuentran detenidos migrantes sin documentos, en particular menores de edad.<\/p>\n<p style=\"text-align: justify;\">A las afueras del centro de detenci\u00f3n migratoria se\u00f1al\u00f3 que se debe de hacer lo que es correcto en beneficio de los ni\u00f1os ah\u00ed encerrados. M\u00e1s tarde cruz\u00f3 la frontera y en la mexicana Ciudad Ju\u00e1rez se reuni\u00f3 con solicitantes de asilo provenientes de Am\u00e9rica Central.<\/p>\n","protected":false},"excerpt":{"rendered":"<p>Washington.- La pol\u00edtica migratoria del presidente estadunidense Donald Trump es inhumana, causa sufrimiento y muerte, como las del padre y su hija de El Salvador que fallecieron ahogados en el r\u00edo Bravo, dijo el aspirante presidencial dem\u00f3crata Beto O&#8217;Rourke. El exmiembro de la C\u00e1mara de Representantes se pronunci\u00f3 por aplicar las leyes estadunidenses en vigor, [&hellip;]<\/p>\n","protected":false},"author":2,"featured_media":24659,"comment_status":"open","ping_status":"closed","sticky":false,"template":"","format":"standard","meta":{"footnotes":""},"categories":[18],"tags":[],"class_list":["post-24658","post","type-post","status-publish","format-standard","has-post-thumbnail","hentry","category-internacional"],"yoast_head":"<!-- This site is optimized with the Yoast SEO plugin v27.5 - https:\/\/yoast.com\/product\/yoast-seo-wordpress\/ -->\n<title>Es inhumana pol\u00edtica migratoria de Trump y causa muertes: O&#039;Rourke - Canal 7 SLP - 2019<\/title>\n<meta name=\"robots\" content=\"index, follow, max-snippet:-1, max-image-preview:large, max-video-preview:-1\" \/>\n<link rel=\"canonical\" href=\"https:\/\/canal7slp.tv\/2019\/es-inhumana-politica-migratoria-de-trump-y-causa-muertes-orourke\/\" \/>\n<meta property=\"og:locale\" content=\"es_ES\" \/>\n<meta property=\"og:type\" content=\"article\" \/>\n<meta property=\"og:title\" content=\"Es inhumana pol\u00edtica migratoria de Trump y causa muertes: O&#039;Rourke - Canal 7 SLP - 2019\" \/>\n<meta property=\"og:description\" content=\"Washington.- La pol\u00edtica migratoria del presidente estadunidense Donald Trump es inhumana, causa sufrimiento y muerte, como las del padre y su hija de El Salvador que fallecieron ahogados en el r\u00edo Bravo, dijo el aspirante presidencial dem\u00f3crata Beto O&#8217;Rourke. El exmiembro de la C\u00e1mara de Representantes se pronunci\u00f3 por aplicar las leyes estadunidenses en vigor, [&hellip;]\" \/>\n<meta property=\"og:url\" content=\"https:\/\/canal7slp.tv\/2019\/es-inhumana-politica-migratoria-de-trump-y-causa-muertes-orourke\/\" \/>\n<meta property=\"og:site_name\" content=\"Canal 7 SLP - 2019\" \/>\n<meta property=\"article:publisher\" content=\"https:\/\/www.facebook.com\/CANAL7SLP\/\" \/>\n<meta property=\"article:published_time\" content=\"2019-07-01T14:12:59+00:00\" \/>\n<meta property=\"og:image\" content=\"https:\/\/canal7slp.tv\/2019\/wp-content\/uploads\/2019\/07\/940.jpg\" \/>\n\t<meta property=\"og:image:width\" content=\"728\" \/>\n\t<meta property=\"og:image:height\" content=\"410\" \/>\n\t<meta property=\"og:image:type\" content=\"image\/jpeg\" \/>\n<meta name=\"author\" content=\"edicionweb\" \/>\n<meta name=\"twitter:card\" content=\"summary_large_image\" \/>\n<meta name=\"twitter:creator\" content=\"@canal7_slp\" \/>\n<meta name=\"twitter:site\" content=\"@canal7_slp\" \/>\n<meta name=\"twitter:label1\" content=\"Escrito por\" \/>\n\t<meta name=\"twitter:data1\" content=\"edicionweb\" \/>\n\t<meta name=\"twitter:label2\" content=\"Tiempo de lectura\" \/>\n\t<meta name=\"twitter:data2\" content=\"3 minutos\" \/>\n<script type=\"application\/ld+json\" class=\"yoast-schema-graph\">{\"@context\":\"https:\\\/\\\/schema.org\",\"@graph\":[{\"@type\":\"Article\",\"@id\":\"https:\\\/\\\/canal7slp.tv\\\/2019\\\/es-inhumana-politica-migratoria-de-trump-y-causa-muertes-orourke\\\/#article\",\"isPartOf\":{\"@id\":\"https:\\\/\\\/canal7slp.tv\\\/2019\\\/es-inhumana-politica-migratoria-de-trump-y-causa-muertes-orourke\\\/\"},\"author\":{\"name\":\"edicionweb\",\"@id\":\"https:\\\/\\\/canal7slp.tv\\\/2019\\\/#\\\/schema\\\/person\\\/11d941c1c6ca30ac0a46b95fa37aa2e3\"},\"headline\":\"Es inhumana pol\u00edtica migratoria de Trump y causa muertes: O&#8217;Rourke\",\"datePublished\":\"2019-07-01T14:12:59+00:00\",\"mainEntityOfPage\":{\"@id\":\"https:\\\/\\\/canal7slp.tv\\\/2019\\\/es-inhumana-politica-migratoria-de-trump-y-causa-muertes-orourke\\\/\"},\"wordCount\":517,\"commentCount\":0,\"publisher\":{\"@id\":\"https:\\\/\\\/canal7slp.tv\\\/2019\\\/#organization\"},\"image\":{\"@id\":\"https:\\\/\\\/canal7slp.tv\\\/2019\\\/es-inhumana-politica-migratoria-de-trump-y-causa-muertes-orourke\\\/#primaryimage\"},\"thumbnailUrl\":\"https:\\\/\\\/canal7slp.tv\\\/2019\\\/wp-content\\\/uploads\\\/2019\\\/07\\\/940.jpg\",\"articleSection\":[\"INTERNACIONAL\"],\"inLanguage\":\"es\",\"potentialAction\":[{\"@type\":\"CommentAction\",\"name\":\"Comment\",\"target\":[\"https:\\\/\\\/canal7slp.tv\\\/2019\\\/es-inhumana-politica-migratoria-de-trump-y-causa-muertes-orourke\\\/#respond\"]}]},{\"@type\":\"WebPage\",\"@id\":\"https:\\\/\\\/canal7slp.tv\\\/2019\\\/es-inhumana-politica-migratoria-de-trump-y-causa-muertes-orourke\\\/\",\"url\":\"https:\\\/\\\/canal7slp.tv\\\/2019\\\/es-inhumana-politica-migratoria-de-trump-y-causa-muertes-orourke\\\/\",\"name\":\"Es inhumana pol\u00edtica migratoria de Trump y causa muertes: O'Rourke - Canal 7 SLP - 2019\",\"isPartOf\":{\"@id\":\"https:\\\/\\\/canal7slp.tv\\\/2019\\\/#website\"},\"primaryImageOfPage\":{\"@id\":\"https:\\\/\\\/canal7slp.tv\\\/2019\\\/es-inhumana-politica-migratoria-de-trump-y-causa-muertes-orourke\\\/#primaryimage\"},\"image\":{\"@id\":\"https:\\\/\\\/canal7slp.tv\\\/2019\\\/es-inhumana-politica-migratoria-de-trump-y-causa-muertes-orourke\\\/#primaryimage\"},\"thumbnailUrl\":\"https:\\\/\\\/canal7slp.tv\\\/2019\\\/wp-content\\\/uploads\\\/2019\\\/07\\\/940.jpg\",\"datePublished\":\"2019-07-01T14:12:59+00:00\",\"breadcrumb\":{\"@id\":\"https:\\\/\\\/canal7slp.tv\\\/2019\\\/es-inhumana-politica-migratoria-de-trump-y-causa-muertes-orourke\\\/#breadcrumb\"},\"inLanguage\":\"es\",\"potentialAction\":[{\"@type\":\"ReadAction\",\"target\":[\"https:\\\/\\\/canal7slp.tv\\\/2019\\\/es-inhumana-politica-migratoria-de-trump-y-causa-muertes-orourke\\\/\"]}]},{\"@type\":\"ImageObject\",\"inLanguage\":\"es\",\"@id\":\"https:\\\/\\\/canal7slp.tv\\\/2019\\\/es-inhumana-politica-migratoria-de-trump-y-causa-muertes-orourke\\\/#primaryimage\",\"url\":\"https:\\\/\\\/canal7slp.tv\\\/2019\\\/wp-content\\\/uploads\\\/2019\\\/07\\\/940.jpg\",\"contentUrl\":\"https:\\\/\\\/canal7slp.tv\\\/2019\\\/wp-content\\\/uploads\\\/2019\\\/07\\\/940.jpg\",\"width\":728,\"height\":410},{\"@type\":\"BreadcrumbList\",\"@id\":\"https:\\\/\\\/canal7slp.tv\\\/2019\\\/es-inhumana-politica-migratoria-de-trump-y-causa-muertes-orourke\\\/#breadcrumb\",\"itemListElement\":[{\"@type\":\"ListItem\",\"position\":1,\"name\":\"Home\",\"item\":\"https:\\\/\\\/canal7slp.tv\\\/2019\\\/\"},{\"@type\":\"ListItem\",\"position\":2,\"name\":\"Es inhumana pol\u00edtica migratoria de Trump y causa muertes: O&#8217;Rourke\"}]},{\"@type\":\"WebSite\",\"@id\":\"https:\\\/\\\/canal7slp.tv\\\/2019\\\/#website\",\"url\":\"https:\\\/\\\/canal7slp.tv\\\/2019\\\/\",\"name\":\"Canal 7 SLP - Somos TV\",\"description\":\"Somos un Canal de 10\",\"publisher\":{\"@id\":\"https:\\\/\\\/canal7slp.tv\\\/2019\\\/#organization\"},\"potentialAction\":[{\"@type\":\"SearchAction\",\"target\":{\"@type\":\"EntryPoint\",\"urlTemplate\":\"https:\\\/\\\/canal7slp.tv\\\/2019\\\/?s={search_term_string}\"},\"query-input\":{\"@type\":\"PropertyValueSpecification\",\"valueRequired\":true,\"valueName\":\"search_term_string\"}}],\"inLanguage\":\"es\"},{\"@type\":\"Organization\",\"@id\":\"https:\\\/\\\/canal7slp.tv\\\/2019\\\/#organization\",\"name\":\"Comunicaci\u00f3n 2000 S.A. de C.V.\",\"url\":\"https:\\\/\\\/canal7slp.tv\\\/2019\\\/\",\"logo\":{\"@type\":\"ImageObject\",\"inLanguage\":\"es\",\"@id\":\"https:\\\/\\\/canal7slp.tv\\\/2019\\\/#\\\/schema\\\/logo\\\/image\\\/\",\"url\":\"https:\\\/\\\/canal7slp.tv\\\/2019\\\/wp-content\\\/uploads\\\/2019\\\/07\\\/logo-c7.png\",\"contentUrl\":\"https:\\\/\\\/canal7slp.tv\\\/2019\\\/wp-content\\\/uploads\\\/2019\\\/07\\\/logo-c7.png\",\"width\":220,\"height\":60,\"caption\":\"Comunicaci\u00f3n 2000 S.A. de C.V.\"},\"image\":{\"@id\":\"https:\\\/\\\/canal7slp.tv\\\/2019\\\/#\\\/schema\\\/logo\\\/image\\\/\"},\"sameAs\":[\"https:\\\/\\\/www.facebook.com\\\/CANAL7SLP\\\/\",\"https:\\\/\\\/x.com\\\/canal7_slp\",\"https:\\\/\\\/www.instagram.com\\\/canal7_slp\",\"https:\\\/\\\/www.youtube.com\\\/user\\\/NOTICIEROSCANAL7SLP\\\/\"]},{\"@type\":\"Person\",\"@id\":\"https:\\\/\\\/canal7slp.tv\\\/2019\\\/#\\\/schema\\\/person\\\/11d941c1c6ca30ac0a46b95fa37aa2e3\",\"name\":\"edicionweb\",\"image\":{\"@type\":\"ImageObject\",\"inLanguage\":\"es\",\"@id\":\"https:\\\/\\\/secure.gravatar.com\\\/avatar\\\/eee448fc3f7164808013b816ba91ac7e43bbe82a70bebac296f8bc6f0addaa1a?s=96&d=mm&r=g\",\"url\":\"https:\\\/\\\/secure.gravatar.com\\\/avatar\\\/eee448fc3f7164808013b816ba91ac7e43bbe82a70bebac296f8bc6f0addaa1a?s=96&d=mm&r=g\",\"contentUrl\":\"https:\\\/\\\/secure.gravatar.com\\\/avatar\\\/eee448fc3f7164808013b816ba91ac7e43bbe82a70bebac296f8bc6f0addaa1a?s=96&d=mm&r=g\",\"caption\":\"edicionweb\"}}]}<\/script>\n<!-- \/ Yoast SEO plugin. -->","yoast_head_json":{"title":"Es inhumana pol\u00edtica migratoria de Trump y causa muertes: O'Rourke - Canal 7 SLP - 2019","robots":{"index":"index","follow":"follow","max-snippet":"max-snippet:-1","max-image-preview":"max-image-preview:large","max-video-preview":"max-video-preview:-1"},"canonical":"https:\/\/canal7slp.tv\/2019\/es-inhumana-politica-migratoria-de-trump-y-causa-muertes-orourke\/","og_locale":"es_ES","og_type":"article","og_title":"Es inhumana pol\u00edtica migratoria de Trump y causa muertes: O'Rourke - Canal 7 SLP - 2019","og_description":"Washington.- La pol\u00edtica migratoria del presidente estadunidense Donald Trump es inhumana, causa sufrimiento y muerte, como las del padre y su hija de El Salvador que fallecieron ahogados en el r\u00edo Bravo, dijo el aspirante presidencial dem\u00f3crata Beto O&#8217;Rourke. El exmiembro de la C\u00e1mara de Representantes se pronunci\u00f3 por aplicar las leyes estadunidenses en vigor, [&hellip;]","og_url":"https:\/\/canal7slp.tv\/2019\/es-inhumana-politica-migratoria-de-trump-y-causa-muertes-orourke\/","og_site_name":"Canal 7 SLP - 2019","article_publisher":"https:\/\/www.facebook.com\/CANAL7SLP\/","article_published_time":"2019-07-01T14:12:59+00:00","og_image":[{"width":728,"height":410,"url":"https:\/\/canal7slp.tv\/2019\/wp-content\/uploads\/2019\/07\/940.jpg","type":"image\/jpeg"}],"author":"edicionweb","twitter_card":"summary_large_image","twitter_creator":"@canal7_slp","twitter_site":"@canal7_slp","twitter_misc":{"Escrito por":"edicionweb","Tiempo de lectura":"3 minutos"},"schema":{"@context":"https:\/\/schema.org","@graph":[{"@type":"Article","@id":"https:\/\/canal7slp.tv\/2019\/es-inhumana-politica-migratoria-de-trump-y-causa-muertes-orourke\/#article","isPartOf":{"@id":"https:\/\/canal7slp.tv\/2019\/es-inhumana-politica-migratoria-de-trump-y-causa-muertes-orourke\/"},"author":{"name":"edicionweb","@id":"https:\/\/canal7slp.tv\/2019\/#\/schema\/person\/11d941c1c6ca30ac0a46b95fa37aa2e3"},"headline":"Es inhumana pol\u00edtica migratoria de Trump y causa muertes: O&#8217;Rourke","datePublished":"2019-07-01T14:12:59+00:00","mainEntityOfPage":{"@id":"https:\/\/canal7slp.tv\/2019\/es-inhumana-politica-migratoria-de-trump-y-causa-muertes-orourke\/"},"wordCount":517,"commentCount":0,"publisher":{"@id":"https:\/\/canal7slp.tv\/2019\/#organization"},"image":{"@id":"https:\/\/canal7slp.tv\/2019\/es-inhumana-politica-migratoria-de-trump-y-causa-muertes-orourke\/#primaryimage"},"thumbnailUrl":"https:\/\/canal7slp.tv\/2019\/wp-content\/uploads\/2019\/07\/940.jpg","articleSection":["INTERNACIONAL"],"inLanguage":"es","potentialAction":[{"@type":"CommentAction","name":"Comment","target":["https:\/\/canal7slp.tv\/2019\/es-inhumana-politica-migratoria-de-trump-y-causa-muertes-orourke\/#respond"]}]},{"@type":"WebPage","@id":"https:\/\/canal7slp.tv\/2019\/es-inhumana-politica-migratoria-de-trump-y-causa-muertes-orourke\/","url":"https:\/\/canal7slp.tv\/2019\/es-inhumana-politica-migratoria-de-trump-y-causa-muertes-orourke\/","name":"Es inhumana pol\u00edtica migratoria de Trump y causa muertes: O'Rourke - Canal 7 SLP - 2019","isPartOf":{"@id":"https:\/\/canal7slp.tv\/2019\/#website"},"primaryImageOfPage":{"@id":"https:\/\/canal7slp.tv\/2019\/es-inhumana-politica-migratoria-de-trump-y-causa-muertes-orourke\/#primaryimage"},"image":{"@id":"https:\/\/canal7slp.tv\/2019\/es-inhumana-politica-migratoria-de-trump-y-causa-muertes-orourke\/#primaryimage"},"thumbnailUrl":"https:\/\/canal7slp.tv\/2019\/wp-content\/uploads\/2019\/07\/940.jpg","datePublished":"2019-07-01T14:12:59+00:00","breadcrumb":{"@id":"https:\/\/canal7slp.tv\/2019\/es-inhumana-politica-migratoria-de-trump-y-causa-muertes-orourke\/#breadcrumb"},"inLanguage":"es","potentialAction":[{"@type":"ReadAction","target":["https:\/\/canal7slp.tv\/2019\/es-inhumana-politica-migratoria-de-trump-y-causa-muertes-orourke\/"]}]},{"@type":"ImageObject","inLanguage":"es","@id":"https:\/\/canal7slp.tv\/2019\/es-inhumana-politica-migratoria-de-trump-y-causa-muertes-orourke\/#primaryimage","url":"https:\/\/canal7slp.tv\/2019\/wp-content\/uploads\/2019\/07\/940.jpg","contentUrl":"https:\/\/canal7slp.tv\/2019\/wp-content\/uploads\/2019\/07\/940.jpg","width":728,"height":410},{"@type":"BreadcrumbList","@id":"https:\/\/canal7slp.tv\/2019\/es-inhumana-politica-migratoria-de-trump-y-causa-muertes-orourke\/#breadcrumb","itemListElement":[{"@type":"ListItem","position":1,"name":"Home","item":"https:\/\/canal7slp.tv\/2019\/"},{"@type":"ListItem","position":2,"name":"Es inhumana pol\u00edtica migratoria de Trump y causa muertes: O&#8217;Rourke"}]},{"@type":"WebSite","@id":"https:\/\/canal7slp.tv\/2019\/#website","url":"https:\/\/canal7slp.tv\/2019\/","name":"Canal 7 SLP - Somos TV","description":"Somos un Canal de 10","publisher":{"@id":"https:\/\/canal7slp.tv\/2019\/#organization"},"potentialAction":[{"@type":"SearchAction","target":{"@type":"EntryPoint","urlTemplate":"https:\/\/canal7slp.tv\/2019\/?s={search_term_string}"},"query-input":{"@type":"PropertyValueSpecification","valueRequired":true,"valueName":"search_term_string"}}],"inLanguage":"es"},{"@type":"Organization","@id":"https:\/\/canal7slp.tv\/2019\/#organization","name":"Comunicaci\u00f3n 2000 S.A. de C.V.","url":"https:\/\/canal7slp.tv\/2019\/","logo":{"@type":"ImageObject","inLanguage":"es","@id":"https:\/\/canal7slp.tv\/2019\/#\/schema\/logo\/image\/","url":"https:\/\/canal7slp.tv\/2019\/wp-content\/uploads\/2019\/07\/logo-c7.png","contentUrl":"https:\/\/canal7slp.tv\/2019\/wp-content\/uploads\/2019\/07\/logo-c7.png","width":220,"height":60,"caption":"Comunicaci\u00f3n 2000 S.A. de C.V."},"image":{"@id":"https:\/\/canal7slp.tv\/2019\/#\/schema\/logo\/image\/"},"sameAs":["https:\/\/www.facebook.com\/CANAL7SLP\/","https:\/\/x.com\/canal7_slp","https:\/\/www.instagram.com\/canal7_slp","https:\/\/www.youtube.com\/user\/NOTICIEROSCANAL7SLP\/"]},{"@type":"Person","@id":"https:\/\/canal7slp.tv\/2019\/#\/schema\/person\/11d941c1c6ca30ac0a46b95fa37aa2e3","name":"edicionweb","image":{"@type":"ImageObject","inLanguage":"es","@id":"https:\/\/secure.gravatar.com\/avatar\/eee448fc3f7164808013b816ba91ac7e43bbe82a70bebac296f8bc6f0addaa1a?s=96&d=mm&r=g","url":"https:\/\/secure.gravatar.com\/avatar\/eee448fc3f7164808013b816ba91ac7e43bbe82a70bebac296f8bc6f0addaa1a?s=96&d=mm&r=g","contentUrl":"https:\/\/secure.gravatar.com\/avatar\/eee448fc3f7164808013b816ba91ac7e43bbe82a70bebac296f8bc6f0addaa1a?s=96&d=mm&r=g","caption":"edicionweb"}}]}},"amp_enabled":true,"cmb2":{"video_ids_in_playlist":{"vid_p_videos":""},"video_ids_in_channel":{"vid_c_videos":""},"playlist_ids_in_channel":{"vid_c_playlists":""},"series_ids_in_channel":{"vid_c_series":""},"channel_images":{"vid_c_logo":"","vid_c_banner":""},"poster_feature_image":{"vid_m_poster_image":""},"gif_feature_image":{"vid_m_gif_image":""},"video_movie_settings":{"vid_m_director":"","vid_m_actor":"","vid_m_imdb_ratings":"","vid_m_amazon_associates":""},"vid_youtube_broadcasts_settings":{"vid_yb_broadcast_title":"","vid_yb_q":"","vid_yb_channelid":"","vid_yb_videocategoryid":"","vid_yb_maxresults":"","vid_yb_order":"","vid_yb_regioncode":"","vid_yb_videosyndicated":"","vid_yb_style":"","vid_yb_reload_first":""},"video_series_settings":{"vid_m_director":"","vid_m_actor":"","vid_m_imdb_ratings":"","video_series_group":""},"amazon_associates_settings":{"amazon_associates":"","amazon_native_ad":""},"vid_youtube_automatic_settings":{"vid_ya_youtube_source":"","vid_ya_update_every":"","vid_ya_update_unit":"","vid_ya_categories":"","vid_ya_published_after":"","vid_ya_published_before":"","vid_ya_playlists":"","vid_ya_channels":"","vid_ya_director":"","vid_ya_actor":"","vid_ya_author":"","vid_ya_import_post_date":"","vid_ya_status":"","vid_ya_sub_api_key":""},"vid_ads_m_videoads_settings_post":{"vid_ads_m_video_ads":"","vid_ads_m_video_ads_type":"","vid_ads_m_group_google_ima":"","vid_ads_m_group_image":"","vid_ads_m_group_html5_video":"","vid_ads_m_group_html":"","vid_ads_m_vast_preroll":"","vid_ads_m_vast_postroll":"","vid_ads_m_vast_pauseroll":"","vid_ads_m_vast_midroll":[{"vid_ads_m_vast_timer_seconds":"50"}],"vid_ads_m_time_to_show_ads":"","vid_ads_m_time_skip_ads":"","vid_ads_m_time_to_hide_ads":""},"page_slider_settings":{"display_slider_group":"","page_slider_group":""},"blog_page_settings":{"blog_page_title":"","blog_page_heading":"","blog_page_ic":"","blog_page_it":"","blog_page_ec":"","blog_page_ip":"","archive_loop_style":"","blog_image_ratio":"","blog_show_categories":"","blog_show_excerpt":"","blog_show_author":"","blog_show_date":"","blog_show_comment_count":"","blog_show_view_count":"","blog_show_like_count":"","blog_show_dislike_count":"","blog_items_per_page":"","blog_pag_type":""},"page_options":{"get_page_template":"","color_mode":"","main_layout":"","main_layout_full_with":"","main_logo":"","main_logo_retina":"","main_logo_mobile":"","main_logo_mobile_retina":"","sticky_logo":"","sticky_logo_retina":"","main_nav_layout":"","ajax_search":"","header_background":"","theme_sidebar":"","instagram_feed":"","instagram_feed_position":"","popular_videos":"","popular_videos_title_1":"","popular_videos_title_2":"","popular_videos_ic":"","popular_videos_it":"","theme_background":"","page_custom_css":""},"feature_image_settings":{"feature_image_position":""},"video_player_settings":{"single_video_style":"","video_player_position":"","vm_video_url":"","video_player_library":"","video_streaming":"","vm_media_sources":"","vid_auto_play":"","vm_video_shortcode":"","vid_p_sync_playlist":"","vid_c_sync_channel":"","get_post_format":"","multiple_links_structure":"default","multi_links_title":"","vm_video_multi_links":"","vm_duration":"","vid_social_locker":"off","vid_social_locker_id":"","vid_membership_action":"content-video","vm_video_trailer_url":"","vid_download_type":"free","vid_download_target":"download","vid_woo_product":"","vm_media_download":"","user_rating":"","user_rating_position":"","user_rating_mode":"","user_rating_multi_sets":""},"video_auto_fetch_settings":{"vm_video_fetch":"on"},"video_fake_views_likes":{"vm_fake_views":"","vm_fake_likes":"","vm_fake_dislikes":""},"gallery_settings":{"gallery_position":""},"quote_settings":{"quote_position":""},"post_options":{"main_layout":"","main_logo":"","main_logo_retina":"","main_logo_mobile":"","main_logo_mobile_retina":"","sticky_logo":"","sticky_logo_retina":"","main_nav_layout":"","header_background":"","theme_sidebar":"","single_post_comment_type":"","theme_background":""}},"_links":{"self":[{"href":"https:\/\/canal7slp.tv\/2019\/wp-json\/wp\/v2\/posts\/24658","targetHints":{"allow":["GET"]}}],"collection":[{"href":"https:\/\/canal7slp.tv\/2019\/wp-json\/wp\/v2\/posts"}],"about":[{"href":"https:\/\/canal7slp.tv\/2019\/wp-json\/wp\/v2\/types\/post"}],"author":[{"embeddable":true,"href":"https:\/\/canal7slp.tv\/2019\/wp-json\/wp\/v2\/users\/2"}],"replies":[{"embeddable":true,"href":"https:\/\/canal7slp.tv\/2019\/wp-json\/wp\/v2\/comments?post=24658"}],"version-history":[{"count":0,"href":"https:\/\/canal7slp.tv\/2019\/wp-json\/wp\/v2\/posts\/24658\/revisions"}],"wp:featuredmedia":[{"embeddable":true,"href":"https:\/\/canal7slp.tv\/2019\/wp-json\/wp\/v2\/media\/24659"}],"wp:attachment":[{"href":"https:\/\/canal7slp.tv\/2019\/wp-json\/wp\/v2\/media?parent=24658"}],"wp:term":[{"taxonomy":"category","embeddable":true,"href":"https:\/\/canal7slp.tv\/2019\/wp-json\/wp\/v2\/categories?post=24658"},{"taxonomy":"post_tag","embeddable":true,"href":"https:\/\/canal7slp.tv\/2019\/wp-json\/wp\/v2\/tags?post=24658"}],"curies":[{"name":"wp","href":"https:\/\/api.w.org\/{rel}","templated":true}]}}