{"id":24651,"date":"2019-07-01T08:58:19","date_gmt":"2019-07-01T13:58:19","guid":{"rendered":"https:\/\/canal7slp.tv\/2019\/?p=24651"},"modified":"2019-07-01T08:58:19","modified_gmt":"2019-07-01T13:58:19","slug":"alerta-la-onu-sobre-grave-emergencia-climatica-mundial","status":"publish","type":"post","link":"https:\/\/canal7slp.tv\/2019\/alerta-la-onu-sobre-grave-emergencia-climatica-mundial\/","title":{"rendered":"Alerta la ONU sobre \u201cgrave emergencia clim\u00e1tica\u201d mundial"},"content":{"rendered":"<p style=\"text-align: justify;\">Naciones Unidas.- El titular de Naciones Unidas, Antonio Gut\u00e9rres, dijo al participar en Abu Dhabi en una reuni\u00f3n preparatoria de la Cumbre sobre la Acci\u00f3n Clim\u00e1tica en septiembre pr\u00f3ximo en Nueva York, que el mundo enfrenta \u201cuna grave emergencia clim\u00e1tica\u201d.<\/p>\n<p style=\"text-align: justify;\">Durante una reuni\u00f3n preparatoria en v\u00edsperas de la Cumbre sobre la Acci\u00f3n Clim\u00e1tica en la capital de Emiratos \u00c1rabes Unidos, Gut\u00e9rres dijo que resulta preocupante que algunos dirigentes mundiales ni siquiera est\u00e9n al d\u00eda con sus compromisos del Acuerdo de Par\u00eds.<\/p>\n<p style=\"text-align: justify;\">El Secretario general de la ONU llam\u00f3 a todos los participantes a aprovechar esta oportunidad para emprender una acci\u00f3n audaz sobre el clima.<\/p>\n<p style=\"text-align: justify;\">&#8220;El cambio clim\u00e1tico ocurre ahora, y nos afectando a todos nosotros. Progresa incluso m\u00e1s r\u00e1pido de lo que los mejores cient\u00edficos del mundo han predicho&#8221;, alert\u00f3 seg\u00fan el sitio Noticias ONU.<\/p>\n<p style=\"text-align: justify;\">El titular de la ONU lament\u00f3 que el cambio clim\u00e1tico supere en estos momentos\u00a0 los esfuerzos para enfrentarlo con cada semana que trae nuevas devastaciones relacionadas con el clima como inundaciones, sequ\u00edas, olas de calor, incendios forestales y supertormentas.<\/p>\n<p style=\"text-align: justify;\">&#8220;En todo el mundo, las personas est\u00e1n perdiendo sus hogares y se ven obligadas a emigrar. La situaci\u00f3n &#8220;s\u00f3lo empeorar\u00e1 a menos que actuemos ahora con ambici\u00f3n y urgencia&#8221;, alert\u00f3.<\/p>\n<p style=\"text-align: justify;\">Reci\u00e9n la semana pasada, surgieron informes de que los glaciares del Himalaya se est\u00e1n derritiendo al doble de la tasa desde el comienzo de este siglo, lo que amenaza el suministro de agua en todo el centro, sur y este de Asia, dijo Guterres.<\/p>\n<p style=\"text-align: justify;\">Agreg\u00f3 que &#8220;el permafrost \u00e1rtico se est\u00e1 derritiendo d\u00e9cadas antes que en los peores escenarios&#8221;, amenazando con desbloquear grandes cantidades del poderoso metano de los gases de efecto invernadero.<\/p>\n<p style=\"text-align: justify;\">En consecuencia, dijo \u201ces claro para m\u00ed que no tenemos tiempo que perder. Lamentablemente, a\u00fan no est\u00e1 claro para todos los tomadores de decisiones que dirigen nuestro mundo&#8221;, dijo.<\/p>\n<p style=\"text-align: justify;\">Mantener el calentamiento global a 1.5 grados a finales de siglo requerir\u00e1 &#8220;transiciones r\u00e1pidas y de gran alcance&#8221; en la forma en que gestionamos la tierra, la energ\u00eda, la industria, los edificios, el transporte y las ciudades. Es por eso que estoy convocando la Cumbre sobre la Acci\u00f3n Clim\u00e1tica en septiembre&#8221;.<\/p>\n<p style=\"text-align: justify;\">La reuni\u00f3n de Abu Dhabi, que se encuentra en preparaci\u00f3n para esa Cumbre, tiene como objetivo hacer un balance del progreso en todas las \u00e1reas de acci\u00f3n, desde la transici\u00f3n industrial hasta las soluciones basadas en la naturaleza para el financiamiento clim\u00e1tico, tanto para la mitigaci\u00f3n como para la adaptaci\u00f3n.<\/p>\n<p style=\"text-align: justify;\">&#8220;La Cumbre sobre la Acci\u00f3n Clim\u00e1tica es una oportunidad para que los l\u00edderes pol\u00edticos, empresariales y de la sociedad civil den un ejemplo&#8221;, se\u00f1al\u00f3 el titular de la ONU, &#8220;y aqu\u00ed en Abu Dhabi, estamos se\u00f1alando la direcci\u00f3n correcta&#8221;.<\/p>\n","protected":false},"excerpt":{"rendered":"<p>Naciones Unidas.- El titular de Naciones Unidas, Antonio Gut\u00e9rres, dijo al participar en Abu Dhabi en una reuni\u00f3n preparatoria de la Cumbre sobre la Acci\u00f3n Clim\u00e1tica en septiembre pr\u00f3ximo en Nueva York, que el mundo enfrenta \u201cuna grave emergencia clim\u00e1tica\u201d. Durante una reuni\u00f3n preparatoria en v\u00edsperas de la Cumbre sobre la Acci\u00f3n Clim\u00e1tica en la [&hellip;]<\/p>\n","protected":false},"author":2,"featured_media":24652,"comment_status":"open","ping_status":"closed","sticky":false,"template":"","format":"standard","meta":{"footnotes":""},"categories":[18],"tags":[],"class_list":["post-24651","post","type-post","status-publish","format-standard","has-post-thumbnail","hentry","category-internacional"],"yoast_head":"<!-- This site is optimized with the Yoast SEO plugin v27.5 - https:\/\/yoast.com\/product\/yoast-seo-wordpress\/ -->\n<title>Alerta la ONU sobre \u201cgrave emergencia clim\u00e1tica\u201d mundial - Canal 7 SLP - 2019<\/title>\n<meta name=\"robots\" content=\"index, follow, max-snippet:-1, max-image-preview:large, max-video-preview:-1\" \/>\n<link rel=\"canonical\" href=\"https:\/\/canal7slp.tv\/2019\/alerta-la-onu-sobre-grave-emergencia-climatica-mundial\/\" \/>\n<meta property=\"og:locale\" content=\"es_ES\" \/>\n<meta property=\"og:type\" content=\"article\" \/>\n<meta property=\"og:title\" content=\"Alerta la ONU sobre \u201cgrave emergencia clim\u00e1tica\u201d mundial - Canal 7 SLP - 2019\" \/>\n<meta property=\"og:description\" content=\"Naciones Unidas.- El titular de Naciones Unidas, Antonio Gut\u00e9rres, dijo al participar en Abu Dhabi en una reuni\u00f3n preparatoria de la Cumbre sobre la Acci\u00f3n Clim\u00e1tica en septiembre pr\u00f3ximo en Nueva York, que el mundo enfrenta \u201cuna grave emergencia clim\u00e1tica\u201d. Durante una reuni\u00f3n preparatoria en v\u00edsperas de la Cumbre sobre la Acci\u00f3n Clim\u00e1tica en la [&hellip;]\" \/>\n<meta property=\"og:url\" content=\"https:\/\/canal7slp.tv\/2019\/alerta-la-onu-sobre-grave-emergencia-climatica-mundial\/\" \/>\n<meta property=\"og:site_name\" content=\"Canal 7 SLP - 2019\" \/>\n<meta property=\"article:publisher\" content=\"https:\/\/www.facebook.com\/CANAL7SLP\/\" \/>\n<meta property=\"article:published_time\" content=\"2019-07-01T13:58:19+00:00\" \/>\n<meta property=\"og:image\" content=\"https:\/\/canal7slp.tv\/2019\/wp-content\/uploads\/2019\/07\/920.jpeg\" \/>\n\t<meta property=\"og:image:width\" content=\"733\" \/>\n\t<meta property=\"og:image:height\" content=\"410\" \/>\n\t<meta property=\"og:image:type\" content=\"image\/jpeg\" \/>\n<meta name=\"author\" content=\"edicionweb\" \/>\n<meta name=\"twitter:card\" content=\"summary_large_image\" \/>\n<meta name=\"twitter:creator\" content=\"@canal7_slp\" \/>\n<meta name=\"twitter:site\" content=\"@canal7_slp\" \/>\n<meta name=\"twitter:label1\" content=\"Escrito por\" \/>\n\t<meta name=\"twitter:data1\" content=\"edicionweb\" \/>\n\t<meta name=\"twitter:label2\" content=\"Tiempo de lectura\" \/>\n\t<meta name=\"twitter:data2\" content=\"2 minutos\" \/>\n<script type=\"application\/ld+json\" class=\"yoast-schema-graph\">{\"@context\":\"https:\\\/\\\/schema.org\",\"@graph\":[{\"@type\":\"Article\",\"@id\":\"https:\\\/\\\/canal7slp.tv\\\/2019\\\/alerta-la-onu-sobre-grave-emergencia-climatica-mundial\\\/#article\",\"isPartOf\":{\"@id\":\"https:\\\/\\\/canal7slp.tv\\\/2019\\\/alerta-la-onu-sobre-grave-emergencia-climatica-mundial\\\/\"},\"author\":{\"name\":\"edicionweb\",\"@id\":\"https:\\\/\\\/canal7slp.tv\\\/2019\\\/#\\\/schema\\\/person\\\/11d941c1c6ca30ac0a46b95fa37aa2e3\"},\"headline\":\"Alerta la ONU sobre \u201cgrave emergencia clim\u00e1tica\u201d mundial\",\"datePublished\":\"2019-07-01T13:58:19+00:00\",\"mainEntityOfPage\":{\"@id\":\"https:\\\/\\\/canal7slp.tv\\\/2019\\\/alerta-la-onu-sobre-grave-emergencia-climatica-mundial\\\/\"},\"wordCount\":503,\"commentCount\":0,\"publisher\":{\"@id\":\"https:\\\/\\\/canal7slp.tv\\\/2019\\\/#organization\"},\"image\":{\"@id\":\"https:\\\/\\\/canal7slp.tv\\\/2019\\\/alerta-la-onu-sobre-grave-emergencia-climatica-mundial\\\/#primaryimage\"},\"thumbnailUrl\":\"https:\\\/\\\/canal7slp.tv\\\/2019\\\/wp-content\\\/uploads\\\/2019\\\/07\\\/920.jpeg\",\"articleSection\":[\"INTERNACIONAL\"],\"inLanguage\":\"es\",\"potentialAction\":[{\"@type\":\"CommentAction\",\"name\":\"Comment\",\"target\":[\"https:\\\/\\\/canal7slp.tv\\\/2019\\\/alerta-la-onu-sobre-grave-emergencia-climatica-mundial\\\/#respond\"]}]},{\"@type\":\"WebPage\",\"@id\":\"https:\\\/\\\/canal7slp.tv\\\/2019\\\/alerta-la-onu-sobre-grave-emergencia-climatica-mundial\\\/\",\"url\":\"https:\\\/\\\/canal7slp.tv\\\/2019\\\/alerta-la-onu-sobre-grave-emergencia-climatica-mundial\\\/\",\"name\":\"Alerta la ONU sobre \u201cgrave emergencia clim\u00e1tica\u201d mundial - Canal 7 SLP - 2019\",\"isPartOf\":{\"@id\":\"https:\\\/\\\/canal7slp.tv\\\/2019\\\/#website\"},\"primaryImageOfPage\":{\"@id\":\"https:\\\/\\\/canal7slp.tv\\\/2019\\\/alerta-la-onu-sobre-grave-emergencia-climatica-mundial\\\/#primaryimage\"},\"image\":{\"@id\":\"https:\\\/\\\/canal7slp.tv\\\/2019\\\/alerta-la-onu-sobre-grave-emergencia-climatica-mundial\\\/#primaryimage\"},\"thumbnailUrl\":\"https:\\\/\\\/canal7slp.tv\\\/2019\\\/wp-content\\\/uploads\\\/2019\\\/07\\\/920.jpeg\",\"datePublished\":\"2019-07-01T13:58:19+00:00\",\"breadcrumb\":{\"@id\":\"https:\\\/\\\/canal7slp.tv\\\/2019\\\/alerta-la-onu-sobre-grave-emergencia-climatica-mundial\\\/#breadcrumb\"},\"inLanguage\":\"es\",\"potentialAction\":[{\"@type\":\"ReadAction\",\"target\":[\"https:\\\/\\\/canal7slp.tv\\\/2019\\\/alerta-la-onu-sobre-grave-emergencia-climatica-mundial\\\/\"]}]},{\"@type\":\"ImageObject\",\"inLanguage\":\"es\",\"@id\":\"https:\\\/\\\/canal7slp.tv\\\/2019\\\/alerta-la-onu-sobre-grave-emergencia-climatica-mundial\\\/#primaryimage\",\"url\":\"https:\\\/\\\/canal7slp.tv\\\/2019\\\/wp-content\\\/uploads\\\/2019\\\/07\\\/920.jpeg\",\"contentUrl\":\"https:\\\/\\\/canal7slp.tv\\\/2019\\\/wp-content\\\/uploads\\\/2019\\\/07\\\/920.jpeg\",\"width\":733,\"height\":410},{\"@type\":\"BreadcrumbList\",\"@id\":\"https:\\\/\\\/canal7slp.tv\\\/2019\\\/alerta-la-onu-sobre-grave-emergencia-climatica-mundial\\\/#breadcrumb\",\"itemListElement\":[{\"@type\":\"ListItem\",\"position\":1,\"name\":\"Home\",\"item\":\"https:\\\/\\\/canal7slp.tv\\\/2019\\\/\"},{\"@type\":\"ListItem\",\"position\":2,\"name\":\"Alerta la ONU sobre \u201cgrave emergencia clim\u00e1tica\u201d mundial\"}]},{\"@type\":\"WebSite\",\"@id\":\"https:\\\/\\\/canal7slp.tv\\\/2019\\\/#website\",\"url\":\"https:\\\/\\\/canal7slp.tv\\\/2019\\\/\",\"name\":\"Canal 7 SLP - Somos TV\",\"description\":\"Somos un Canal de 10\",\"publisher\":{\"@id\":\"https:\\\/\\\/canal7slp.tv\\\/2019\\\/#organization\"},\"potentialAction\":[{\"@type\":\"SearchAction\",\"target\":{\"@type\":\"EntryPoint\",\"urlTemplate\":\"https:\\\/\\\/canal7slp.tv\\\/2019\\\/?s={search_term_string}\"},\"query-input\":{\"@type\":\"PropertyValueSpecification\",\"valueRequired\":true,\"valueName\":\"search_term_string\"}}],\"inLanguage\":\"es\"},{\"@type\":\"Organization\",\"@id\":\"https:\\\/\\\/canal7slp.tv\\\/2019\\\/#organization\",\"name\":\"Comunicaci\u00f3n 2000 S.A. de C.V.\",\"url\":\"https:\\\/\\\/canal7slp.tv\\\/2019\\\/\",\"logo\":{\"@type\":\"ImageObject\",\"inLanguage\":\"es\",\"@id\":\"https:\\\/\\\/canal7slp.tv\\\/2019\\\/#\\\/schema\\\/logo\\\/image\\\/\",\"url\":\"https:\\\/\\\/canal7slp.tv\\\/2019\\\/wp-content\\\/uploads\\\/2019\\\/07\\\/logo-c7.png\",\"contentUrl\":\"https:\\\/\\\/canal7slp.tv\\\/2019\\\/wp-content\\\/uploads\\\/2019\\\/07\\\/logo-c7.png\",\"width\":220,\"height\":60,\"caption\":\"Comunicaci\u00f3n 2000 S.A. de C.V.\"},\"image\":{\"@id\":\"https:\\\/\\\/canal7slp.tv\\\/2019\\\/#\\\/schema\\\/logo\\\/image\\\/\"},\"sameAs\":[\"https:\\\/\\\/www.facebook.com\\\/CANAL7SLP\\\/\",\"https:\\\/\\\/x.com\\\/canal7_slp\",\"https:\\\/\\\/www.instagram.com\\\/canal7_slp\",\"https:\\\/\\\/www.youtube.com\\\/user\\\/NOTICIEROSCANAL7SLP\\\/\"]},{\"@type\":\"Person\",\"@id\":\"https:\\\/\\\/canal7slp.tv\\\/2019\\\/#\\\/schema\\\/person\\\/11d941c1c6ca30ac0a46b95fa37aa2e3\",\"name\":\"edicionweb\",\"image\":{\"@type\":\"ImageObject\",\"inLanguage\":\"es\",\"@id\":\"https:\\\/\\\/secure.gravatar.com\\\/avatar\\\/eee448fc3f7164808013b816ba91ac7e43bbe82a70bebac296f8bc6f0addaa1a?s=96&d=mm&r=g\",\"url\":\"https:\\\/\\\/secure.gravatar.com\\\/avatar\\\/eee448fc3f7164808013b816ba91ac7e43bbe82a70bebac296f8bc6f0addaa1a?s=96&d=mm&r=g\",\"contentUrl\":\"https:\\\/\\\/secure.gravatar.com\\\/avatar\\\/eee448fc3f7164808013b816ba91ac7e43bbe82a70bebac296f8bc6f0addaa1a?s=96&d=mm&r=g\",\"caption\":\"edicionweb\"}}]}<\/script>\n<!-- \/ Yoast SEO plugin. -->","yoast_head_json":{"title":"Alerta la ONU sobre \u201cgrave emergencia clim\u00e1tica\u201d mundial - Canal 7 SLP - 2019","robots":{"index":"index","follow":"follow","max-snippet":"max-snippet:-1","max-image-preview":"max-image-preview:large","max-video-preview":"max-video-preview:-1"},"canonical":"https:\/\/canal7slp.tv\/2019\/alerta-la-onu-sobre-grave-emergencia-climatica-mundial\/","og_locale":"es_ES","og_type":"article","og_title":"Alerta la ONU sobre \u201cgrave emergencia clim\u00e1tica\u201d mundial - Canal 7 SLP - 2019","og_description":"Naciones Unidas.- El titular de Naciones Unidas, Antonio Gut\u00e9rres, dijo al participar en Abu Dhabi en una reuni\u00f3n preparatoria de la Cumbre sobre la Acci\u00f3n Clim\u00e1tica en septiembre pr\u00f3ximo en Nueva York, que el mundo enfrenta \u201cuna grave emergencia clim\u00e1tica\u201d. Durante una reuni\u00f3n preparatoria en v\u00edsperas de la Cumbre sobre la Acci\u00f3n Clim\u00e1tica en la [&hellip;]","og_url":"https:\/\/canal7slp.tv\/2019\/alerta-la-onu-sobre-grave-emergencia-climatica-mundial\/","og_site_name":"Canal 7 SLP - 2019","article_publisher":"https:\/\/www.facebook.com\/CANAL7SLP\/","article_published_time":"2019-07-01T13:58:19+00:00","og_image":[{"width":733,"height":410,"url":"https:\/\/canal7slp.tv\/2019\/wp-content\/uploads\/2019\/07\/920.jpeg","type":"image\/jpeg"}],"author":"edicionweb","twitter_card":"summary_large_image","twitter_creator":"@canal7_slp","twitter_site":"@canal7_slp","twitter_misc":{"Escrito por":"edicionweb","Tiempo de lectura":"2 minutos"},"schema":{"@context":"https:\/\/schema.org","@graph":[{"@type":"Article","@id":"https:\/\/canal7slp.tv\/2019\/alerta-la-onu-sobre-grave-emergencia-climatica-mundial\/#article","isPartOf":{"@id":"https:\/\/canal7slp.tv\/2019\/alerta-la-onu-sobre-grave-emergencia-climatica-mundial\/"},"author":{"name":"edicionweb","@id":"https:\/\/canal7slp.tv\/2019\/#\/schema\/person\/11d941c1c6ca30ac0a46b95fa37aa2e3"},"headline":"Alerta la ONU sobre \u201cgrave emergencia clim\u00e1tica\u201d mundial","datePublished":"2019-07-01T13:58:19+00:00","mainEntityOfPage":{"@id":"https:\/\/canal7slp.tv\/2019\/alerta-la-onu-sobre-grave-emergencia-climatica-mundial\/"},"wordCount":503,"commentCount":0,"publisher":{"@id":"https:\/\/canal7slp.tv\/2019\/#organization"},"image":{"@id":"https:\/\/canal7slp.tv\/2019\/alerta-la-onu-sobre-grave-emergencia-climatica-mundial\/#primaryimage"},"thumbnailUrl":"https:\/\/canal7slp.tv\/2019\/wp-content\/uploads\/2019\/07\/920.jpeg","articleSection":["INTERNACIONAL"],"inLanguage":"es","potentialAction":[{"@type":"CommentAction","name":"Comment","target":["https:\/\/canal7slp.tv\/2019\/alerta-la-onu-sobre-grave-emergencia-climatica-mundial\/#respond"]}]},{"@type":"WebPage","@id":"https:\/\/canal7slp.tv\/2019\/alerta-la-onu-sobre-grave-emergencia-climatica-mundial\/","url":"https:\/\/canal7slp.tv\/2019\/alerta-la-onu-sobre-grave-emergencia-climatica-mundial\/","name":"Alerta la ONU sobre \u201cgrave emergencia clim\u00e1tica\u201d mundial - Canal 7 SLP - 2019","isPartOf":{"@id":"https:\/\/canal7slp.tv\/2019\/#website"},"primaryImageOfPage":{"@id":"https:\/\/canal7slp.tv\/2019\/alerta-la-onu-sobre-grave-emergencia-climatica-mundial\/#primaryimage"},"image":{"@id":"https:\/\/canal7slp.tv\/2019\/alerta-la-onu-sobre-grave-emergencia-climatica-mundial\/#primaryimage"},"thumbnailUrl":"https:\/\/canal7slp.tv\/2019\/wp-content\/uploads\/2019\/07\/920.jpeg","datePublished":"2019-07-01T13:58:19+00:00","breadcrumb":{"@id":"https:\/\/canal7slp.tv\/2019\/alerta-la-onu-sobre-grave-emergencia-climatica-mundial\/#breadcrumb"},"inLanguage":"es","potentialAction":[{"@type":"ReadAction","target":["https:\/\/canal7slp.tv\/2019\/alerta-la-onu-sobre-grave-emergencia-climatica-mundial\/"]}]},{"@type":"ImageObject","inLanguage":"es","@id":"https:\/\/canal7slp.tv\/2019\/alerta-la-onu-sobre-grave-emergencia-climatica-mundial\/#primaryimage","url":"https:\/\/canal7slp.tv\/2019\/wp-content\/uploads\/2019\/07\/920.jpeg","contentUrl":"https:\/\/canal7slp.tv\/2019\/wp-content\/uploads\/2019\/07\/920.jpeg","width":733,"height":410},{"@type":"BreadcrumbList","@id":"https:\/\/canal7slp.tv\/2019\/alerta-la-onu-sobre-grave-emergencia-climatica-mundial\/#breadcrumb","itemListElement":[{"@type":"ListItem","position":1,"name":"Home","item":"https:\/\/canal7slp.tv\/2019\/"},{"@type":"ListItem","position":2,"name":"Alerta la ONU sobre \u201cgrave emergencia clim\u00e1tica\u201d mundial"}]},{"@type":"WebSite","@id":"https:\/\/canal7slp.tv\/2019\/#website","url":"https:\/\/canal7slp.tv\/2019\/","name":"Canal 7 SLP - Somos TV","description":"Somos un Canal de 10","publisher":{"@id":"https:\/\/canal7slp.tv\/2019\/#organization"},"potentialAction":[{"@type":"SearchAction","target":{"@type":"EntryPoint","urlTemplate":"https:\/\/canal7slp.tv\/2019\/?s={search_term_string}"},"query-input":{"@type":"PropertyValueSpecification","valueRequired":true,"valueName":"search_term_string"}}],"inLanguage":"es"},{"@type":"Organization","@id":"https:\/\/canal7slp.tv\/2019\/#organization","name":"Comunicaci\u00f3n 2000 S.A. de C.V.","url":"https:\/\/canal7slp.tv\/2019\/","logo":{"@type":"ImageObject","inLanguage":"es","@id":"https:\/\/canal7slp.tv\/2019\/#\/schema\/logo\/image\/","url":"https:\/\/canal7slp.tv\/2019\/wp-content\/uploads\/2019\/07\/logo-c7.png","contentUrl":"https:\/\/canal7slp.tv\/2019\/wp-content\/uploads\/2019\/07\/logo-c7.png","width":220,"height":60,"caption":"Comunicaci\u00f3n 2000 S.A. de C.V."},"image":{"@id":"https:\/\/canal7slp.tv\/2019\/#\/schema\/logo\/image\/"},"sameAs":["https:\/\/www.facebook.com\/CANAL7SLP\/","https:\/\/x.com\/canal7_slp","https:\/\/www.instagram.com\/canal7_slp","https:\/\/www.youtube.com\/user\/NOTICIEROSCANAL7SLP\/"]},{"@type":"Person","@id":"https:\/\/canal7slp.tv\/2019\/#\/schema\/person\/11d941c1c6ca30ac0a46b95fa37aa2e3","name":"edicionweb","image":{"@type":"ImageObject","inLanguage":"es","@id":"https:\/\/secure.gravatar.com\/avatar\/eee448fc3f7164808013b816ba91ac7e43bbe82a70bebac296f8bc6f0addaa1a?s=96&d=mm&r=g","url":"https:\/\/secure.gravatar.com\/avatar\/eee448fc3f7164808013b816ba91ac7e43bbe82a70bebac296f8bc6f0addaa1a?s=96&d=mm&r=g","contentUrl":"https:\/\/secure.gravatar.com\/avatar\/eee448fc3f7164808013b816ba91ac7e43bbe82a70bebac296f8bc6f0addaa1a?s=96&d=mm&r=g","caption":"edicionweb"}}]}},"amp_enabled":true,"cmb2":{"video_ids_in_playlist":{"vid_p_videos":""},"video_ids_in_channel":{"vid_c_videos":""},"playlist_ids_in_channel":{"vid_c_playlists":""},"series_ids_in_channel":{"vid_c_series":""},"channel_images":{"vid_c_logo":"","vid_c_banner":""},"poster_feature_image":{"vid_m_poster_image":""},"gif_feature_image":{"vid_m_gif_image":""},"video_movie_settings":{"vid_m_director":"","vid_m_actor":"","vid_m_imdb_ratings":"","vid_m_amazon_associates":""},"vid_youtube_broadcasts_settings":{"vid_yb_broadcast_title":"","vid_yb_q":"","vid_yb_channelid":"","vid_yb_videocategoryid":"","vid_yb_maxresults":"","vid_yb_order":"","vid_yb_regioncode":"","vid_yb_videosyndicated":"","vid_yb_style":"","vid_yb_reload_first":""},"video_series_settings":{"vid_m_director":"","vid_m_actor":"","vid_m_imdb_ratings":"","video_series_group":""},"amazon_associates_settings":{"amazon_associates":"","amazon_native_ad":""},"vid_youtube_automatic_settings":{"vid_ya_youtube_source":"","vid_ya_update_every":"","vid_ya_update_unit":"","vid_ya_categories":"","vid_ya_published_after":"","vid_ya_published_before":"","vid_ya_playlists":"","vid_ya_channels":"","vid_ya_director":"","vid_ya_actor":"","vid_ya_author":"","vid_ya_import_post_date":"","vid_ya_status":"","vid_ya_sub_api_key":""},"vid_ads_m_videoads_settings_post":{"vid_ads_m_video_ads":"","vid_ads_m_video_ads_type":"","vid_ads_m_group_google_ima":"","vid_ads_m_group_image":"","vid_ads_m_group_html5_video":"","vid_ads_m_group_html":"","vid_ads_m_vast_preroll":"","vid_ads_m_vast_postroll":"","vid_ads_m_vast_pauseroll":"","vid_ads_m_vast_midroll":[{"vid_ads_m_vast_timer_seconds":"50"}],"vid_ads_m_time_to_show_ads":"","vid_ads_m_time_skip_ads":"","vid_ads_m_time_to_hide_ads":""},"page_slider_settings":{"display_slider_group":"","page_slider_group":""},"blog_page_settings":{"blog_page_title":"","blog_page_heading":"","blog_page_ic":"","blog_page_it":"","blog_page_ec":"","blog_page_ip":"","archive_loop_style":"","blog_image_ratio":"","blog_show_categories":"","blog_show_excerpt":"","blog_show_author":"","blog_show_date":"","blog_show_comment_count":"","blog_show_view_count":"","blog_show_like_count":"","blog_show_dislike_count":"","blog_items_per_page":"","blog_pag_type":""},"page_options":{"get_page_template":"","color_mode":"","main_layout":"","main_layout_full_with":"","main_logo":"","main_logo_retina":"","main_logo_mobile":"","main_logo_mobile_retina":"","sticky_logo":"","sticky_logo_retina":"","main_nav_layout":"","ajax_search":"","header_background":"","theme_sidebar":"","instagram_feed":"","instagram_feed_position":"","popular_videos":"","popular_videos_title_1":"","popular_videos_title_2":"","popular_videos_ic":"","popular_videos_it":"","theme_background":"","page_custom_css":""},"feature_image_settings":{"feature_image_position":""},"video_player_settings":{"single_video_style":"","video_player_position":"","vm_video_url":"","video_player_library":"","video_streaming":"","vm_media_sources":"","vid_auto_play":"","vm_video_shortcode":"","vid_p_sync_playlist":"","vid_c_sync_channel":"","get_post_format":"","multiple_links_structure":"default","multi_links_title":"","vm_video_multi_links":"","vm_duration":"","vid_social_locker":"off","vid_social_locker_id":"","vid_membership_action":"content-video","vm_video_trailer_url":"","vid_download_type":"free","vid_download_target":"download","vid_woo_product":"","vm_media_download":"","user_rating":"","user_rating_position":"","user_rating_mode":"","user_rating_multi_sets":""},"video_auto_fetch_settings":{"vm_video_fetch":"on"},"video_fake_views_likes":{"vm_fake_views":"","vm_fake_likes":"","vm_fake_dislikes":""},"gallery_settings":{"gallery_position":""},"quote_settings":{"quote_position":""},"post_options":{"main_layout":"","main_logo":"","main_logo_retina":"","main_logo_mobile":"","main_logo_mobile_retina":"","sticky_logo":"","sticky_logo_retina":"","main_nav_layout":"","header_background":"","theme_sidebar":"","single_post_comment_type":"","theme_background":""}},"_links":{"self":[{"href":"https:\/\/canal7slp.tv\/2019\/wp-json\/wp\/v2\/posts\/24651","targetHints":{"allow":["GET"]}}],"collection":[{"href":"https:\/\/canal7slp.tv\/2019\/wp-json\/wp\/v2\/posts"}],"about":[{"href":"https:\/\/canal7slp.tv\/2019\/wp-json\/wp\/v2\/types\/post"}],"author":[{"embeddable":true,"href":"https:\/\/canal7slp.tv\/2019\/wp-json\/wp\/v2\/users\/2"}],"replies":[{"embeddable":true,"href":"https:\/\/canal7slp.tv\/2019\/wp-json\/wp\/v2\/comments?post=24651"}],"version-history":[{"count":0,"href":"https:\/\/canal7slp.tv\/2019\/wp-json\/wp\/v2\/posts\/24651\/revisions"}],"wp:featuredmedia":[{"embeddable":true,"href":"https:\/\/canal7slp.tv\/2019\/wp-json\/wp\/v2\/media\/24652"}],"wp:attachment":[{"href":"https:\/\/canal7slp.tv\/2019\/wp-json\/wp\/v2\/media?parent=24651"}],"wp:term":[{"taxonomy":"category","embeddable":true,"href":"https:\/\/canal7slp.tv\/2019\/wp-json\/wp\/v2\/categories?post=24651"},{"taxonomy":"post_tag","embeddable":true,"href":"https:\/\/canal7slp.tv\/2019\/wp-json\/wp\/v2\/tags?post=24651"}],"curies":[{"name":"wp","href":"https:\/\/api.w.org\/{rel}","templated":true}]}}