{"id":24621,"date":"2019-06-30T20:45:01","date_gmt":"2019-07-01T01:45:01","guid":{"rendered":"https:\/\/canal7slp.tv\/2019\/?p=24621"},"modified":"2019-06-30T20:45:01","modified_gmt":"2019-07-01T01:45:01","slug":"guardia-nacional-permitira-fortalecer-las-acciones-de-seguridad-para-san-luis-potosi-jmcl","status":"publish","type":"post","link":"https:\/\/canal7slp.tv\/2019\/guardia-nacional-permitira-fortalecer-las-acciones-de-seguridad-para-san-luis-potosi-jmcl\/","title":{"rendered":"Guardia Nacional permitir\u00e1 fortalecer las acciones de seguridad para San Luis Potos\u00ed: JMCL"},"content":{"rendered":"<p style=\"text-align: justify;\">Ciudad de M\u00e9xico.- Tras la ceremonia de arranque de inauguraci\u00f3n de la Guardia Nacional, encabezada por el Presidente de M\u00e9xico, Andr\u00e9s Manuel L\u00f3pez Obrador, el Gobernador del Estado, Juan Manuel Carreras L\u00f3pez, dijo que el inicio de operaciones de esta nueva instituci\u00f3n permitir\u00e1 fortalecer las acciones de seguridad para la entidad.<\/p>\n<p style=\"text-align: justify;\">\nEsta ma\u00f1ana, el Gobernador del Estado, Juan Manuel Carreras L\u00f3pez, asisti\u00f3 al campo Militar Marte, en donde se realiz\u00f3 el abanderamiento para el inicio formal del despliegue de 51 mil 915 elementos militares, 12 mil 837 marinos y 17 mil 995 polic\u00edas federales, que conforman la Guardia Nacional (GN) en 150 regiones del pa\u00eds en su etapa inicial, para posteriormente llegar al objetivo de cubrir 266 regiones en todo el territorio mexicano.<\/p>\n<p style=\"text-align: justify;\">\nCarreras L\u00f3pez destac\u00f3 la importancia del trabajo de coordinaci\u00f3n entre los tres niveles de Gobierno en materia de Seguridad, destacando las reuniones diarias que desde el mes de diciembre se celebran todos los d\u00edas a primera hora.<\/p>\n<p style=\"text-align: justify;\">\nAgreg\u00f3 que la consolidaci\u00f3n y llegada de la Guardia Nacional al estado, permitir\u00e1 tener un despliegue operativo m\u00e1s eficiente en el combate al delito, y que conf\u00eda que estas acciones contribuir\u00e1n a disminuir los \u00edndices de inseguridad en el pa\u00eds.<\/p>\n<p style=\"text-align: justify;\">\nPara San Luis Potos\u00ed, se espera el arribo de 800 elementos de la Guardia Nacional que se distribuir\u00e1n en la entidad, de acuerdo con los \u00edndices delictivos que se registren en cada regi\u00f3n, cabe destacar que la capital del estado contar\u00e1 con un mayor n\u00famero de elementos.<\/p>\n<p>La Coordinaci\u00f3n estatal tendr\u00e1 800 efectivos y 80 unidades, y se establecen nueve cargos o niveles que incluyen: Comisarios, Inspectores, Subinspectores, Oficiales, Agentes, Subagentes y Guardias.<\/p>\n<p style=\"text-align: justify;\">\nDurante la ceremonia, el Comandante de la Guardia Nacional, Luis Rodr\u00edguez Bucio, manifest\u00f3 que la Guardia Nacional es una instituci\u00f3n de car\u00e1cter civil disciplinada y profesional cuyo objetivo es realizar funciones de seguridad p\u00fablica con el fin de salvaguardar la seguridad de la poblaci\u00f3n.<\/p>\n<p style=\"text-align: justify;\">\nTambi\u00e9n tomaron la palabra el Secretario de la Defensa Nacional, Luis Crescencio Sandoval Gonz\u00e1lez y el Secretario de Marina, Jos\u00e9 Rafael Ojeda Dur\u00e1n, quienes se\u00f1alaron que realizar\u00edan su intervenci\u00f3n de manera conjunta, debido a la naturaleza de la concepci\u00f3n de la Guardia Nacional, pues conjunta es su visi\u00f3n sobre los avances del pa\u00eds y sobre los retos que est\u00e1n por venir.<\/p>\n<p style=\"text-align: justify;\">\nEl Presidente de M\u00e9xico, Andr\u00e9s Manuel L\u00f3pez Obrador, expres\u00f3 que el inicio de las labores de la Guardia Nacional es un hecho hist\u00f3rico, e invit\u00f3 a sus integrantes a velar por la seguridad de los mexicanos y conducirse siempre de manera profesional, y destac\u00f3 la importancia que tiene el trabajo que realizar\u00e1n \u201ces una causa noble en beneficio de la naci\u00f3n, ustedes forman parte del pueblo, los soldados, los marinos, saben bien lo que sucede en nuestro pa\u00eds, conocen la realidad desde las comunidades, las colonias, los barrios de M\u00e9xico, saben que es necesario que logremos la paz y la tranquilidad\u201d.<\/p>\n<p style=\"text-align: justify;\">\nCabe se\u00f1alar que para atender el territorio nacional la Guardia Nacional se organiz\u00f3 en batallones y 12 Coordinaciones Regionales.<\/p>\n<p style=\"text-align: justify;\">\nEntre los presentes a esta ceremonia estuvieron Beatriz Guti\u00e9rrez M\u00fcller, esposa del Presidente de M\u00e9xico Andr\u00e9s Manuel L\u00f3pez Obrador; Luis Crescencio Sandoval Gonz\u00e1lez, Secretario de la Defensa Nacional; Jos\u00e9 Rafael Ojeda Dur\u00e1n, Secretario de Marina; Alfonso Durazo Monta\u00f1o, Secretario de Seguridad y Protecci\u00f3n Ciudadana; Porfirio Mu\u00f1oz Ledo, Presidente de la Mesa Directiva de la C\u00e1mara de Diputados; Mart\u00ed Batres Guadarrama, Presidente de la Mesa Directiva de la C\u00e1mara de Senadores; Arturo Zald\u00edvar Lelo de Larrea, Presidente de la Suprema Corte de Justicia de la Naci\u00f3n; Luis Rodr\u00edguez Bucio, Comandante de la Guardia Nacional; Alejandro Hertz Manero, Fiscal General de la Rep\u00fablica; Olga S\u00e1nchez Cordero, Secretaria de Gobernaci\u00f3n, adem\u00e1s de todos los Gobernadores de los estados, y funcionarios de la Defensa Nacional y de la Marina.<\/p>\n","protected":false},"excerpt":{"rendered":"<p>Ciudad de M\u00e9xico.- Tras la ceremonia de arranque de inauguraci\u00f3n de la Guardia Nacional, encabezada por el Presidente de M\u00e9xico, Andr\u00e9s Manuel L\u00f3pez Obrador, el Gobernador del Estado, Juan Manuel Carreras L\u00f3pez, dijo que el inicio de operaciones de esta nueva instituci\u00f3n permitir\u00e1 fortalecer las acciones de seguridad para la entidad. Esta ma\u00f1ana, el Gobernador [&hellip;]<\/p>\n","protected":false},"author":2,"featured_media":24622,"comment_status":"open","ping_status":"closed","sticky":false,"template":"","format":"standard","meta":{"footnotes":""},"categories":[17],"tags":[],"class_list":["post-24621","post","type-post","status-publish","format-standard","has-post-thumbnail","hentry","category-localesyregionales"],"yoast_head":"<!-- This site is optimized with the Yoast SEO plugin v27.5 - https:\/\/yoast.com\/product\/yoast-seo-wordpress\/ -->\n<title>Guardia Nacional permitir\u00e1 fortalecer las acciones de seguridad para San Luis Potos\u00ed: JMCL - Canal 7 SLP - 2019<\/title>\n<meta name=\"robots\" content=\"index, follow, max-snippet:-1, max-image-preview:large, max-video-preview:-1\" \/>\n<link rel=\"canonical\" href=\"https:\/\/canal7slp.tv\/2019\/guardia-nacional-permitira-fortalecer-las-acciones-de-seguridad-para-san-luis-potosi-jmcl\/\" \/>\n<meta property=\"og:locale\" content=\"es_ES\" \/>\n<meta property=\"og:type\" content=\"article\" \/>\n<meta property=\"og:title\" content=\"Guardia Nacional permitir\u00e1 fortalecer las acciones de seguridad para San Luis Potos\u00ed: JMCL - Canal 7 SLP - 2019\" \/>\n<meta property=\"og:description\" content=\"Ciudad de M\u00e9xico.- Tras la ceremonia de arranque de inauguraci\u00f3n de la Guardia Nacional, encabezada por el Presidente de M\u00e9xico, Andr\u00e9s Manuel L\u00f3pez Obrador, el Gobernador del Estado, Juan Manuel Carreras L\u00f3pez, dijo que el inicio de operaciones de esta nueva instituci\u00f3n permitir\u00e1 fortalecer las acciones de seguridad para la entidad. Esta ma\u00f1ana, el Gobernador [&hellip;]\" \/>\n<meta property=\"og:url\" content=\"https:\/\/canal7slp.tv\/2019\/guardia-nacional-permitira-fortalecer-las-acciones-de-seguridad-para-san-luis-potosi-jmcl\/\" \/>\n<meta property=\"og:site_name\" content=\"Canal 7 SLP - 2019\" \/>\n<meta property=\"article:publisher\" content=\"https:\/\/www.facebook.com\/CANAL7SLP\/\" \/>\n<meta property=\"article:published_time\" content=\"2019-07-01T01:45:01+00:00\" \/>\n<meta property=\"og:image\" content=\"https:\/\/canal7slp.tv\/2019\/wp-content\/uploads\/2019\/06\/guardia-2.jpg\" \/>\n\t<meta property=\"og:image:width\" content=\"843\" \/>\n\t<meta property=\"og:image:height\" content=\"410\" \/>\n\t<meta property=\"og:image:type\" content=\"image\/jpeg\" \/>\n<meta name=\"author\" content=\"edicionweb\" \/>\n<meta name=\"twitter:card\" content=\"summary_large_image\" \/>\n<meta name=\"twitter:creator\" content=\"@canal7_slp\" \/>\n<meta name=\"twitter:site\" content=\"@canal7_slp\" \/>\n<meta name=\"twitter:label1\" content=\"Escrito por\" \/>\n\t<meta name=\"twitter:data1\" content=\"edicionweb\" \/>\n\t<meta name=\"twitter:label2\" content=\"Tiempo de lectura\" \/>\n\t<meta name=\"twitter:data2\" content=\"3 minutos\" \/>\n<script type=\"application\/ld+json\" class=\"yoast-schema-graph\">{\"@context\":\"https:\\\/\\\/schema.org\",\"@graph\":[{\"@type\":\"Article\",\"@id\":\"https:\\\/\\\/canal7slp.tv\\\/2019\\\/guardia-nacional-permitira-fortalecer-las-acciones-de-seguridad-para-san-luis-potosi-jmcl\\\/#article\",\"isPartOf\":{\"@id\":\"https:\\\/\\\/canal7slp.tv\\\/2019\\\/guardia-nacional-permitira-fortalecer-las-acciones-de-seguridad-para-san-luis-potosi-jmcl\\\/\"},\"author\":{\"name\":\"edicionweb\",\"@id\":\"https:\\\/\\\/canal7slp.tv\\\/2019\\\/#\\\/schema\\\/person\\\/11d941c1c6ca30ac0a46b95fa37aa2e3\"},\"headline\":\"Guardia Nacional permitir\u00e1 fortalecer las acciones de seguridad para San Luis Potos\u00ed: JMCL\",\"datePublished\":\"2019-07-01T01:45:01+00:00\",\"mainEntityOfPage\":{\"@id\":\"https:\\\/\\\/canal7slp.tv\\\/2019\\\/guardia-nacional-permitira-fortalecer-las-acciones-de-seguridad-para-san-luis-potosi-jmcl\\\/\"},\"wordCount\":691,\"commentCount\":0,\"publisher\":{\"@id\":\"https:\\\/\\\/canal7slp.tv\\\/2019\\\/#organization\"},\"image\":{\"@id\":\"https:\\\/\\\/canal7slp.tv\\\/2019\\\/guardia-nacional-permitira-fortalecer-las-acciones-de-seguridad-para-san-luis-potosi-jmcl\\\/#primaryimage\"},\"thumbnailUrl\":\"https:\\\/\\\/canal7slp.tv\\\/2019\\\/wp-content\\\/uploads\\\/2019\\\/06\\\/guardia-2.jpg\",\"articleSection\":[\"LOCALES Y REGIONALES\"],\"inLanguage\":\"es\",\"potentialAction\":[{\"@type\":\"CommentAction\",\"name\":\"Comment\",\"target\":[\"https:\\\/\\\/canal7slp.tv\\\/2019\\\/guardia-nacional-permitira-fortalecer-las-acciones-de-seguridad-para-san-luis-potosi-jmcl\\\/#respond\"]}]},{\"@type\":\"WebPage\",\"@id\":\"https:\\\/\\\/canal7slp.tv\\\/2019\\\/guardia-nacional-permitira-fortalecer-las-acciones-de-seguridad-para-san-luis-potosi-jmcl\\\/\",\"url\":\"https:\\\/\\\/canal7slp.tv\\\/2019\\\/guardia-nacional-permitira-fortalecer-las-acciones-de-seguridad-para-san-luis-potosi-jmcl\\\/\",\"name\":\"Guardia Nacional permitir\u00e1 fortalecer las acciones de seguridad para San Luis Potos\u00ed: JMCL - Canal 7 SLP - 2019\",\"isPartOf\":{\"@id\":\"https:\\\/\\\/canal7slp.tv\\\/2019\\\/#website\"},\"primaryImageOfPage\":{\"@id\":\"https:\\\/\\\/canal7slp.tv\\\/2019\\\/guardia-nacional-permitira-fortalecer-las-acciones-de-seguridad-para-san-luis-potosi-jmcl\\\/#primaryimage\"},\"image\":{\"@id\":\"https:\\\/\\\/canal7slp.tv\\\/2019\\\/guardia-nacional-permitira-fortalecer-las-acciones-de-seguridad-para-san-luis-potosi-jmcl\\\/#primaryimage\"},\"thumbnailUrl\":\"https:\\\/\\\/canal7slp.tv\\\/2019\\\/wp-content\\\/uploads\\\/2019\\\/06\\\/guardia-2.jpg\",\"datePublished\":\"2019-07-01T01:45:01+00:00\",\"breadcrumb\":{\"@id\":\"https:\\\/\\\/canal7slp.tv\\\/2019\\\/guardia-nacional-permitira-fortalecer-las-acciones-de-seguridad-para-san-luis-potosi-jmcl\\\/#breadcrumb\"},\"inLanguage\":\"es\",\"potentialAction\":[{\"@type\":\"ReadAction\",\"target\":[\"https:\\\/\\\/canal7slp.tv\\\/2019\\\/guardia-nacional-permitira-fortalecer-las-acciones-de-seguridad-para-san-luis-potosi-jmcl\\\/\"]}]},{\"@type\":\"ImageObject\",\"inLanguage\":\"es\",\"@id\":\"https:\\\/\\\/canal7slp.tv\\\/2019\\\/guardia-nacional-permitira-fortalecer-las-acciones-de-seguridad-para-san-luis-potosi-jmcl\\\/#primaryimage\",\"url\":\"https:\\\/\\\/canal7slp.tv\\\/2019\\\/wp-content\\\/uploads\\\/2019\\\/06\\\/guardia-2.jpg\",\"contentUrl\":\"https:\\\/\\\/canal7slp.tv\\\/2019\\\/wp-content\\\/uploads\\\/2019\\\/06\\\/guardia-2.jpg\",\"width\":843,\"height\":410},{\"@type\":\"BreadcrumbList\",\"@id\":\"https:\\\/\\\/canal7slp.tv\\\/2019\\\/guardia-nacional-permitira-fortalecer-las-acciones-de-seguridad-para-san-luis-potosi-jmcl\\\/#breadcrumb\",\"itemListElement\":[{\"@type\":\"ListItem\",\"position\":1,\"name\":\"Home\",\"item\":\"https:\\\/\\\/canal7slp.tv\\\/2019\\\/\"},{\"@type\":\"ListItem\",\"position\":2,\"name\":\"Guardia Nacional permitir\u00e1 fortalecer las acciones de seguridad para San Luis Potos\u00ed: JMCL\"}]},{\"@type\":\"WebSite\",\"@id\":\"https:\\\/\\\/canal7slp.tv\\\/2019\\\/#website\",\"url\":\"https:\\\/\\\/canal7slp.tv\\\/2019\\\/\",\"name\":\"Canal 7 SLP - Somos TV\",\"description\":\"Somos un Canal de 10\",\"publisher\":{\"@id\":\"https:\\\/\\\/canal7slp.tv\\\/2019\\\/#organization\"},\"potentialAction\":[{\"@type\":\"SearchAction\",\"target\":{\"@type\":\"EntryPoint\",\"urlTemplate\":\"https:\\\/\\\/canal7slp.tv\\\/2019\\\/?s={search_term_string}\"},\"query-input\":{\"@type\":\"PropertyValueSpecification\",\"valueRequired\":true,\"valueName\":\"search_term_string\"}}],\"inLanguage\":\"es\"},{\"@type\":\"Organization\",\"@id\":\"https:\\\/\\\/canal7slp.tv\\\/2019\\\/#organization\",\"name\":\"Comunicaci\u00f3n 2000 S.A. de C.V.\",\"url\":\"https:\\\/\\\/canal7slp.tv\\\/2019\\\/\",\"logo\":{\"@type\":\"ImageObject\",\"inLanguage\":\"es\",\"@id\":\"https:\\\/\\\/canal7slp.tv\\\/2019\\\/#\\\/schema\\\/logo\\\/image\\\/\",\"url\":\"https:\\\/\\\/canal7slp.tv\\\/2019\\\/wp-content\\\/uploads\\\/2019\\\/07\\\/logo-c7.png\",\"contentUrl\":\"https:\\\/\\\/canal7slp.tv\\\/2019\\\/wp-content\\\/uploads\\\/2019\\\/07\\\/logo-c7.png\",\"width\":220,\"height\":60,\"caption\":\"Comunicaci\u00f3n 2000 S.A. de C.V.\"},\"image\":{\"@id\":\"https:\\\/\\\/canal7slp.tv\\\/2019\\\/#\\\/schema\\\/logo\\\/image\\\/\"},\"sameAs\":[\"https:\\\/\\\/www.facebook.com\\\/CANAL7SLP\\\/\",\"https:\\\/\\\/x.com\\\/canal7_slp\",\"https:\\\/\\\/www.instagram.com\\\/canal7_slp\",\"https:\\\/\\\/www.youtube.com\\\/user\\\/NOTICIEROSCANAL7SLP\\\/\"]},{\"@type\":\"Person\",\"@id\":\"https:\\\/\\\/canal7slp.tv\\\/2019\\\/#\\\/schema\\\/person\\\/11d941c1c6ca30ac0a46b95fa37aa2e3\",\"name\":\"edicionweb\",\"image\":{\"@type\":\"ImageObject\",\"inLanguage\":\"es\",\"@id\":\"https:\\\/\\\/secure.gravatar.com\\\/avatar\\\/eee448fc3f7164808013b816ba91ac7e43bbe82a70bebac296f8bc6f0addaa1a?s=96&d=mm&r=g\",\"url\":\"https:\\\/\\\/secure.gravatar.com\\\/avatar\\\/eee448fc3f7164808013b816ba91ac7e43bbe82a70bebac296f8bc6f0addaa1a?s=96&d=mm&r=g\",\"contentUrl\":\"https:\\\/\\\/secure.gravatar.com\\\/avatar\\\/eee448fc3f7164808013b816ba91ac7e43bbe82a70bebac296f8bc6f0addaa1a?s=96&d=mm&r=g\",\"caption\":\"edicionweb\"}}]}<\/script>\n<!-- \/ Yoast SEO plugin. -->","yoast_head_json":{"title":"Guardia Nacional permitir\u00e1 fortalecer las acciones de seguridad para San Luis Potos\u00ed: JMCL - Canal 7 SLP - 2019","robots":{"index":"index","follow":"follow","max-snippet":"max-snippet:-1","max-image-preview":"max-image-preview:large","max-video-preview":"max-video-preview:-1"},"canonical":"https:\/\/canal7slp.tv\/2019\/guardia-nacional-permitira-fortalecer-las-acciones-de-seguridad-para-san-luis-potosi-jmcl\/","og_locale":"es_ES","og_type":"article","og_title":"Guardia Nacional permitir\u00e1 fortalecer las acciones de seguridad para San Luis Potos\u00ed: JMCL - Canal 7 SLP - 2019","og_description":"Ciudad de M\u00e9xico.- Tras la ceremonia de arranque de inauguraci\u00f3n de la Guardia Nacional, encabezada por el Presidente de M\u00e9xico, Andr\u00e9s Manuel L\u00f3pez Obrador, el Gobernador del Estado, Juan Manuel Carreras L\u00f3pez, dijo que el inicio de operaciones de esta nueva instituci\u00f3n permitir\u00e1 fortalecer las acciones de seguridad para la entidad. Esta ma\u00f1ana, el Gobernador [&hellip;]","og_url":"https:\/\/canal7slp.tv\/2019\/guardia-nacional-permitira-fortalecer-las-acciones-de-seguridad-para-san-luis-potosi-jmcl\/","og_site_name":"Canal 7 SLP - 2019","article_publisher":"https:\/\/www.facebook.com\/CANAL7SLP\/","article_published_time":"2019-07-01T01:45:01+00:00","og_image":[{"width":843,"height":410,"url":"https:\/\/canal7slp.tv\/2019\/wp-content\/uploads\/2019\/06\/guardia-2.jpg","type":"image\/jpeg"}],"author":"edicionweb","twitter_card":"summary_large_image","twitter_creator":"@canal7_slp","twitter_site":"@canal7_slp","twitter_misc":{"Escrito por":"edicionweb","Tiempo de lectura":"3 minutos"},"schema":{"@context":"https:\/\/schema.org","@graph":[{"@type":"Article","@id":"https:\/\/canal7slp.tv\/2019\/guardia-nacional-permitira-fortalecer-las-acciones-de-seguridad-para-san-luis-potosi-jmcl\/#article","isPartOf":{"@id":"https:\/\/canal7slp.tv\/2019\/guardia-nacional-permitira-fortalecer-las-acciones-de-seguridad-para-san-luis-potosi-jmcl\/"},"author":{"name":"edicionweb","@id":"https:\/\/canal7slp.tv\/2019\/#\/schema\/person\/11d941c1c6ca30ac0a46b95fa37aa2e3"},"headline":"Guardia Nacional permitir\u00e1 fortalecer las acciones de seguridad para San Luis Potos\u00ed: JMCL","datePublished":"2019-07-01T01:45:01+00:00","mainEntityOfPage":{"@id":"https:\/\/canal7slp.tv\/2019\/guardia-nacional-permitira-fortalecer-las-acciones-de-seguridad-para-san-luis-potosi-jmcl\/"},"wordCount":691,"commentCount":0,"publisher":{"@id":"https:\/\/canal7slp.tv\/2019\/#organization"},"image":{"@id":"https:\/\/canal7slp.tv\/2019\/guardia-nacional-permitira-fortalecer-las-acciones-de-seguridad-para-san-luis-potosi-jmcl\/#primaryimage"},"thumbnailUrl":"https:\/\/canal7slp.tv\/2019\/wp-content\/uploads\/2019\/06\/guardia-2.jpg","articleSection":["LOCALES Y REGIONALES"],"inLanguage":"es","potentialAction":[{"@type":"CommentAction","name":"Comment","target":["https:\/\/canal7slp.tv\/2019\/guardia-nacional-permitira-fortalecer-las-acciones-de-seguridad-para-san-luis-potosi-jmcl\/#respond"]}]},{"@type":"WebPage","@id":"https:\/\/canal7slp.tv\/2019\/guardia-nacional-permitira-fortalecer-las-acciones-de-seguridad-para-san-luis-potosi-jmcl\/","url":"https:\/\/canal7slp.tv\/2019\/guardia-nacional-permitira-fortalecer-las-acciones-de-seguridad-para-san-luis-potosi-jmcl\/","name":"Guardia Nacional permitir\u00e1 fortalecer las acciones de seguridad para San Luis Potos\u00ed: JMCL - Canal 7 SLP - 2019","isPartOf":{"@id":"https:\/\/canal7slp.tv\/2019\/#website"},"primaryImageOfPage":{"@id":"https:\/\/canal7slp.tv\/2019\/guardia-nacional-permitira-fortalecer-las-acciones-de-seguridad-para-san-luis-potosi-jmcl\/#primaryimage"},"image":{"@id":"https:\/\/canal7slp.tv\/2019\/guardia-nacional-permitira-fortalecer-las-acciones-de-seguridad-para-san-luis-potosi-jmcl\/#primaryimage"},"thumbnailUrl":"https:\/\/canal7slp.tv\/2019\/wp-content\/uploads\/2019\/06\/guardia-2.jpg","datePublished":"2019-07-01T01:45:01+00:00","breadcrumb":{"@id":"https:\/\/canal7slp.tv\/2019\/guardia-nacional-permitira-fortalecer-las-acciones-de-seguridad-para-san-luis-potosi-jmcl\/#breadcrumb"},"inLanguage":"es","potentialAction":[{"@type":"ReadAction","target":["https:\/\/canal7slp.tv\/2019\/guardia-nacional-permitira-fortalecer-las-acciones-de-seguridad-para-san-luis-potosi-jmcl\/"]}]},{"@type":"ImageObject","inLanguage":"es","@id":"https:\/\/canal7slp.tv\/2019\/guardia-nacional-permitira-fortalecer-las-acciones-de-seguridad-para-san-luis-potosi-jmcl\/#primaryimage","url":"https:\/\/canal7slp.tv\/2019\/wp-content\/uploads\/2019\/06\/guardia-2.jpg","contentUrl":"https:\/\/canal7slp.tv\/2019\/wp-content\/uploads\/2019\/06\/guardia-2.jpg","width":843,"height":410},{"@type":"BreadcrumbList","@id":"https:\/\/canal7slp.tv\/2019\/guardia-nacional-permitira-fortalecer-las-acciones-de-seguridad-para-san-luis-potosi-jmcl\/#breadcrumb","itemListElement":[{"@type":"ListItem","position":1,"name":"Home","item":"https:\/\/canal7slp.tv\/2019\/"},{"@type":"ListItem","position":2,"name":"Guardia Nacional permitir\u00e1 fortalecer las acciones de seguridad para San Luis Potos\u00ed: JMCL"}]},{"@type":"WebSite","@id":"https:\/\/canal7slp.tv\/2019\/#website","url":"https:\/\/canal7slp.tv\/2019\/","name":"Canal 7 SLP - Somos TV","description":"Somos un Canal de 10","publisher":{"@id":"https:\/\/canal7slp.tv\/2019\/#organization"},"potentialAction":[{"@type":"SearchAction","target":{"@type":"EntryPoint","urlTemplate":"https:\/\/canal7slp.tv\/2019\/?s={search_term_string}"},"query-input":{"@type":"PropertyValueSpecification","valueRequired":true,"valueName":"search_term_string"}}],"inLanguage":"es"},{"@type":"Organization","@id":"https:\/\/canal7slp.tv\/2019\/#organization","name":"Comunicaci\u00f3n 2000 S.A. de C.V.","url":"https:\/\/canal7slp.tv\/2019\/","logo":{"@type":"ImageObject","inLanguage":"es","@id":"https:\/\/canal7slp.tv\/2019\/#\/schema\/logo\/image\/","url":"https:\/\/canal7slp.tv\/2019\/wp-content\/uploads\/2019\/07\/logo-c7.png","contentUrl":"https:\/\/canal7slp.tv\/2019\/wp-content\/uploads\/2019\/07\/logo-c7.png","width":220,"height":60,"caption":"Comunicaci\u00f3n 2000 S.A. de C.V."},"image":{"@id":"https:\/\/canal7slp.tv\/2019\/#\/schema\/logo\/image\/"},"sameAs":["https:\/\/www.facebook.com\/CANAL7SLP\/","https:\/\/x.com\/canal7_slp","https:\/\/www.instagram.com\/canal7_slp","https:\/\/www.youtube.com\/user\/NOTICIEROSCANAL7SLP\/"]},{"@type":"Person","@id":"https:\/\/canal7slp.tv\/2019\/#\/schema\/person\/11d941c1c6ca30ac0a46b95fa37aa2e3","name":"edicionweb","image":{"@type":"ImageObject","inLanguage":"es","@id":"https:\/\/secure.gravatar.com\/avatar\/eee448fc3f7164808013b816ba91ac7e43bbe82a70bebac296f8bc6f0addaa1a?s=96&d=mm&r=g","url":"https:\/\/secure.gravatar.com\/avatar\/eee448fc3f7164808013b816ba91ac7e43bbe82a70bebac296f8bc6f0addaa1a?s=96&d=mm&r=g","contentUrl":"https:\/\/secure.gravatar.com\/avatar\/eee448fc3f7164808013b816ba91ac7e43bbe82a70bebac296f8bc6f0addaa1a?s=96&d=mm&r=g","caption":"edicionweb"}}]}},"amp_enabled":true,"cmb2":{"video_ids_in_playlist":{"vid_p_videos":""},"video_ids_in_channel":{"vid_c_videos":""},"playlist_ids_in_channel":{"vid_c_playlists":""},"series_ids_in_channel":{"vid_c_series":""},"channel_images":{"vid_c_logo":"","vid_c_banner":""},"poster_feature_image":{"vid_m_poster_image":""},"gif_feature_image":{"vid_m_gif_image":""},"video_movie_settings":{"vid_m_director":"","vid_m_actor":"","vid_m_imdb_ratings":"","vid_m_amazon_associates":""},"vid_youtube_broadcasts_settings":{"vid_yb_broadcast_title":"","vid_yb_q":"","vid_yb_channelid":"","vid_yb_videocategoryid":"","vid_yb_maxresults":"","vid_yb_order":"","vid_yb_regioncode":"","vid_yb_videosyndicated":"","vid_yb_style":"","vid_yb_reload_first":""},"video_series_settings":{"vid_m_director":"","vid_m_actor":"","vid_m_imdb_ratings":"","video_series_group":""},"amazon_associates_settings":{"amazon_associates":"","amazon_native_ad":""},"vid_youtube_automatic_settings":{"vid_ya_youtube_source":"","vid_ya_update_every":"","vid_ya_update_unit":"","vid_ya_categories":"","vid_ya_published_after":"","vid_ya_published_before":"","vid_ya_playlists":"","vid_ya_channels":"","vid_ya_director":"","vid_ya_actor":"","vid_ya_author":"","vid_ya_import_post_date":"","vid_ya_status":"","vid_ya_sub_api_key":""},"vid_ads_m_videoads_settings_post":{"vid_ads_m_video_ads":"","vid_ads_m_video_ads_type":"","vid_ads_m_group_google_ima":"","vid_ads_m_group_image":"","vid_ads_m_group_html5_video":"","vid_ads_m_group_html":"","vid_ads_m_vast_preroll":"","vid_ads_m_vast_postroll":"","vid_ads_m_vast_pauseroll":"","vid_ads_m_vast_midroll":[{"vid_ads_m_vast_timer_seconds":"50"}],"vid_ads_m_time_to_show_ads":"","vid_ads_m_time_skip_ads":"","vid_ads_m_time_to_hide_ads":""},"page_slider_settings":{"display_slider_group":"","page_slider_group":""},"blog_page_settings":{"blog_page_title":"","blog_page_heading":"","blog_page_ic":"","blog_page_it":"","blog_page_ec":"","blog_page_ip":"","archive_loop_style":"","blog_image_ratio":"","blog_show_categories":"","blog_show_excerpt":"","blog_show_author":"","blog_show_date":"","blog_show_comment_count":"","blog_show_view_count":"","blog_show_like_count":"","blog_show_dislike_count":"","blog_items_per_page":"","blog_pag_type":""},"page_options":{"get_page_template":"","color_mode":"","main_layout":"","main_layout_full_with":"","main_logo":"","main_logo_retina":"","main_logo_mobile":"","main_logo_mobile_retina":"","sticky_logo":"","sticky_logo_retina":"","main_nav_layout":"","ajax_search":"","header_background":"","theme_sidebar":"","instagram_feed":"","instagram_feed_position":"","popular_videos":"","popular_videos_title_1":"","popular_videos_title_2":"","popular_videos_ic":"","popular_videos_it":"","theme_background":"","page_custom_css":""},"feature_image_settings":{"feature_image_position":""},"video_player_settings":{"single_video_style":"","video_player_position":"","vm_video_url":"","video_player_library":"","video_streaming":"","vm_media_sources":"","vid_auto_play":"","vm_video_shortcode":"","vid_p_sync_playlist":"","vid_c_sync_channel":"","get_post_format":"","multiple_links_structure":"default","multi_links_title":"","vm_video_multi_links":"","vm_duration":"","vid_social_locker":"off","vid_social_locker_id":"","vid_membership_action":"content-video","vm_video_trailer_url":"","vid_download_type":"free","vid_download_target":"download","vid_woo_product":"","vm_media_download":"","user_rating":"","user_rating_position":"","user_rating_mode":"","user_rating_multi_sets":""},"video_auto_fetch_settings":{"vm_video_fetch":"on"},"video_fake_views_likes":{"vm_fake_views":"","vm_fake_likes":"","vm_fake_dislikes":""},"gallery_settings":{"gallery_position":""},"quote_settings":{"quote_position":""},"post_options":{"main_layout":"","main_logo":"","main_logo_retina":"","main_logo_mobile":"","main_logo_mobile_retina":"","sticky_logo":"","sticky_logo_retina":"","main_nav_layout":"","header_background":"","theme_sidebar":"","single_post_comment_type":"","theme_background":""}},"_links":{"self":[{"href":"https:\/\/canal7slp.tv\/2019\/wp-json\/wp\/v2\/posts\/24621","targetHints":{"allow":["GET"]}}],"collection":[{"href":"https:\/\/canal7slp.tv\/2019\/wp-json\/wp\/v2\/posts"}],"about":[{"href":"https:\/\/canal7slp.tv\/2019\/wp-json\/wp\/v2\/types\/post"}],"author":[{"embeddable":true,"href":"https:\/\/canal7slp.tv\/2019\/wp-json\/wp\/v2\/users\/2"}],"replies":[{"embeddable":true,"href":"https:\/\/canal7slp.tv\/2019\/wp-json\/wp\/v2\/comments?post=24621"}],"version-history":[{"count":0,"href":"https:\/\/canal7slp.tv\/2019\/wp-json\/wp\/v2\/posts\/24621\/revisions"}],"wp:featuredmedia":[{"embeddable":true,"href":"https:\/\/canal7slp.tv\/2019\/wp-json\/wp\/v2\/media\/24622"}],"wp:attachment":[{"href":"https:\/\/canal7slp.tv\/2019\/wp-json\/wp\/v2\/media?parent=24621"}],"wp:term":[{"taxonomy":"category","embeddable":true,"href":"https:\/\/canal7slp.tv\/2019\/wp-json\/wp\/v2\/categories?post=24621"},{"taxonomy":"post_tag","embeddable":true,"href":"https:\/\/canal7slp.tv\/2019\/wp-json\/wp\/v2\/tags?post=24621"}],"curies":[{"name":"wp","href":"https:\/\/api.w.org\/{rel}","templated":true}]}}