{"id":24590,"date":"2019-06-30T12:55:16","date_gmt":"2019-06-30T17:55:16","guid":{"rendered":"https:\/\/canal7slp.tv\/2019\/?p=24590"},"modified":"2019-06-30T12:55:16","modified_gmt":"2019-06-30T17:55:16","slug":"granizada-historica-causa-estragos-en-guadalajara","status":"publish","type":"post","link":"https:\/\/canal7slp.tv\/2019\/granizada-historica-causa-estragos-en-guadalajara\/","title":{"rendered":"Granizada hist\u00f3rica causa estragos en Guadalajara"},"content":{"rendered":"<p style=\"text-align: justify;\">Guadalajara.- Una granizada hist\u00f3rica registrada esta madrugada, que alcanz\u00f3 hasta un metro de altura en varias partes de la zona metropolitana de Guadalajara, dej\u00f3 inundaciones, ca\u00edda de \u00e1rboles y veh\u00edculos cubiertos de hielo, el cual, en algunas colonias se meti\u00f3 hasta en el drenaje.<\/p>\n<p>&nbsp;<\/p>\n<p><img fetchpriority=\"high\" decoding=\"async\" class=\"alignnone size-medium wp-image-24592\" src=\"https:\/\/canal7slp.tv\/2019\/wp-content\/uploads\/2019\/06\/granizo01-300x225.jpg\" alt=\"\" width=\"300\" height=\"225\" srcset=\"https:\/\/canal7slp.tv\/2019\/wp-content\/uploads\/2019\/06\/granizo01-300x225.jpg 300w, https:\/\/canal7slp.tv\/2019\/wp-content\/uploads\/2019\/06\/granizo01-282x212.jpg 282w, https:\/\/canal7slp.tv\/2019\/wp-content\/uploads\/2019\/06\/granizo01-568x426.jpg 568w, https:\/\/canal7slp.tv\/2019\/wp-content\/uploads\/2019\/06\/granizo01-360x270.jpg 360w, https:\/\/canal7slp.tv\/2019\/wp-content\/uploads\/2019\/06\/granizo01-720x540.jpg 720w, https:\/\/canal7slp.tv\/2019\/wp-content\/uploads\/2019\/06\/granizo01.jpg 750w\" sizes=\"(max-width: 300px) 100vw, 300px\" \/><img decoding=\"async\" class=\"alignnone size-medium wp-image-24593\" src=\"https:\/\/canal7slp.tv\/2019\/wp-content\/uploads\/2019\/06\/granizo02-300x225.jpg\" alt=\"\" width=\"300\" height=\"225\" srcset=\"https:\/\/canal7slp.tv\/2019\/wp-content\/uploads\/2019\/06\/granizo02-300x225.jpg 300w, https:\/\/canal7slp.tv\/2019\/wp-content\/uploads\/2019\/06\/granizo02-282x212.jpg 282w, https:\/\/canal7slp.tv\/2019\/wp-content\/uploads\/2019\/06\/granizo02-568x426.jpg 568w, https:\/\/canal7slp.tv\/2019\/wp-content\/uploads\/2019\/06\/granizo02-360x270.jpg 360w, https:\/\/canal7slp.tv\/2019\/wp-content\/uploads\/2019\/06\/granizo02-720x540.jpg 720w, https:\/\/canal7slp.tv\/2019\/wp-content\/uploads\/2019\/06\/granizo02.jpg 750w\" sizes=\"(max-width: 300px) 100vw, 300px\" \/><img decoding=\"async\" class=\"alignnone size-medium wp-image-24594\" src=\"https:\/\/canal7slp.tv\/2019\/wp-content\/uploads\/2019\/06\/granizo03-300x225.jpg\" alt=\"\" width=\"300\" height=\"225\" srcset=\"https:\/\/canal7slp.tv\/2019\/wp-content\/uploads\/2019\/06\/granizo03-300x225.jpg 300w, https:\/\/canal7slp.tv\/2019\/wp-content\/uploads\/2019\/06\/granizo03-282x212.jpg 282w, https:\/\/canal7slp.tv\/2019\/wp-content\/uploads\/2019\/06\/granizo03-568x426.jpg 568w, https:\/\/canal7slp.tv\/2019\/wp-content\/uploads\/2019\/06\/granizo03-360x270.jpg 360w, https:\/\/canal7slp.tv\/2019\/wp-content\/uploads\/2019\/06\/granizo03-720x540.jpg 720w, https:\/\/canal7slp.tv\/2019\/wp-content\/uploads\/2019\/06\/granizo03.jpg 750w\" sizes=\"(max-width: 300px) 100vw, 300px\" \/><\/p>\n<p>&nbsp;<\/p>\n<p style=\"text-align: justify;\">Esta ma\u00f1ana, en su cuenta de Twitter, Protecci\u00f3n Civil de Jalisco se\u00f1al\u00f3 que \u201ctrabajamos en coordinaci\u00f3n con autoridades municipales en la colonia Rancho Blanco, donde se registr\u00f3 gran cantidad de granizo, alcanzando hasta un metro de altura en algunas partes, nuestros oficiales trabajan en la remoci\u00f3n del material que est\u00e1 en las calles\u201d.<\/p>\n<p>&nbsp;<\/p>\n<p><img loading=\"lazy\" decoding=\"async\" class=\"alignnone size-medium wp-image-24595\" src=\"https:\/\/canal7slp.tv\/2019\/wp-content\/uploads\/2019\/06\/granizo04-300x225.jpg\" alt=\"\" width=\"300\" height=\"225\" srcset=\"https:\/\/canal7slp.tv\/2019\/wp-content\/uploads\/2019\/06\/granizo04-300x225.jpg 300w, https:\/\/canal7slp.tv\/2019\/wp-content\/uploads\/2019\/06\/granizo04-282x212.jpg 282w, https:\/\/canal7slp.tv\/2019\/wp-content\/uploads\/2019\/06\/granizo04-568x426.jpg 568w, https:\/\/canal7slp.tv\/2019\/wp-content\/uploads\/2019\/06\/granizo04-360x270.jpg 360w, https:\/\/canal7slp.tv\/2019\/wp-content\/uploads\/2019\/06\/granizo04-720x540.jpg 720w, https:\/\/canal7slp.tv\/2019\/wp-content\/uploads\/2019\/06\/granizo04.jpg 750w\" sizes=\"(max-width: 300px) 100vw, 300px\" \/><img loading=\"lazy\" decoding=\"async\" class=\"alignnone size-medium wp-image-24596\" src=\"https:\/\/canal7slp.tv\/2019\/wp-content\/uploads\/2019\/06\/granizo05-168x300.jpg\" alt=\"\" width=\"168\" height=\"300\" srcset=\"https:\/\/canal7slp.tv\/2019\/wp-content\/uploads\/2019\/06\/granizo05-168x300.jpg 168w, https:\/\/canal7slp.tv\/2019\/wp-content\/uploads\/2019\/06\/granizo05.jpg 421w\" sizes=\"(max-width: 168px) 100vw, 168px\" \/><img loading=\"lazy\" decoding=\"async\" class=\"alignnone size-medium wp-image-24597\" src=\"https:\/\/canal7slp.tv\/2019\/wp-content\/uploads\/2019\/06\/granizo06-148x300.jpg\" alt=\"\" width=\"148\" height=\"300\" srcset=\"https:\/\/canal7slp.tv\/2019\/wp-content\/uploads\/2019\/06\/granizo06-148x300.jpg 148w, https:\/\/canal7slp.tv\/2019\/wp-content\/uploads\/2019\/06\/granizo06.jpg 369w\" sizes=\"(max-width: 148px) 100vw, 148px\" \/><\/p>\n<p>&nbsp;<\/p>\n<p style=\"text-align: justify;\">Indic\u00f3 que otras de las colonias afectadas fueron la Atlas, Alamo Industrial y San Carlos.<\/p>\n<p>&nbsp;<\/p>\n<p><img loading=\"lazy\" decoding=\"async\" class=\"alignnone size-medium wp-image-24598\" src=\"https:\/\/canal7slp.tv\/2019\/wp-content\/uploads\/2019\/06\/granizo07-300x171.jpg\" alt=\"\" width=\"300\" height=\"171\" srcset=\"https:\/\/canal7slp.tv\/2019\/wp-content\/uploads\/2019\/06\/granizo07-300x171.jpg 300w, https:\/\/canal7slp.tv\/2019\/wp-content\/uploads\/2019\/06\/granizo07.jpg 750w\" sizes=\"(max-width: 300px) 100vw, 300px\" \/><img loading=\"lazy\" decoding=\"async\" class=\"alignnone size-medium wp-image-24599\" src=\"https:\/\/canal7slp.tv\/2019\/wp-content\/uploads\/2019\/06\/granizo08-300x165.jpg\" alt=\"\" width=\"300\" height=\"165\" srcset=\"https:\/\/canal7slp.tv\/2019\/wp-content\/uploads\/2019\/06\/granizo08-300x165.jpg 300w, https:\/\/canal7slp.tv\/2019\/wp-content\/uploads\/2019\/06\/granizo08.jpg 750w\" sizes=\"(max-width: 300px) 100vw, 300px\" \/><img loading=\"lazy\" decoding=\"async\" class=\"alignnone size-medium wp-image-24600\" src=\"https:\/\/canal7slp.tv\/2019\/wp-content\/uploads\/2019\/06\/granizo09-224x300.jpg\" alt=\"\" width=\"224\" height=\"300\" srcset=\"https:\/\/canal7slp.tv\/2019\/wp-content\/uploads\/2019\/06\/granizo09-224x300.jpg 224w, https:\/\/canal7slp.tv\/2019\/wp-content\/uploads\/2019\/06\/granizo09.jpg 559w\" sizes=\"(max-width: 224px) 100vw, 224px\" \/><\/p>\n<p>&nbsp;<\/p>\n<p style=\"text-align: justify;\">Por su parte, el gobernador Enrique Alfaro, en su red social, dijo que en varios puntos de la ciudad se registr\u00f3 una capa de granizo de decenas de cent\u00edmetros, lo que nunca se hab\u00eda visto en la ciudad.<\/p>\n<p>&nbsp;<\/p>\n<p><img loading=\"lazy\" decoding=\"async\" class=\"alignnone size-medium wp-image-24601\" src=\"https:\/\/canal7slp.tv\/2019\/wp-content\/uploads\/2019\/06\/granizo10-300x225.jpg\" alt=\"\" width=\"300\" height=\"225\" srcset=\"https:\/\/canal7slp.tv\/2019\/wp-content\/uploads\/2019\/06\/granizo10-300x225.jpg 300w, https:\/\/canal7slp.tv\/2019\/wp-content\/uploads\/2019\/06\/granizo10-282x212.jpg 282w, https:\/\/canal7slp.tv\/2019\/wp-content\/uploads\/2019\/06\/granizo10-568x426.jpg 568w, https:\/\/canal7slp.tv\/2019\/wp-content\/uploads\/2019\/06\/granizo10-360x270.jpg 360w, https:\/\/canal7slp.tv\/2019\/wp-content\/uploads\/2019\/06\/granizo10-720x540.jpg 720w, https:\/\/canal7slp.tv\/2019\/wp-content\/uploads\/2019\/06\/granizo10.jpg 750w\" sizes=\"(max-width: 300px) 100vw, 300px\" \/><img loading=\"lazy\" decoding=\"async\" class=\"alignnone size-medium wp-image-24602\" src=\"https:\/\/canal7slp.tv\/2019\/wp-content\/uploads\/2019\/06\/granizo11-300x168.jpg\" alt=\"\" width=\"300\" height=\"168\" srcset=\"https:\/\/canal7slp.tv\/2019\/wp-content\/uploads\/2019\/06\/granizo11-300x168.jpg 300w, https:\/\/canal7slp.tv\/2019\/wp-content\/uploads\/2019\/06\/granizo11-236x133.jpg 236w, https:\/\/canal7slp.tv\/2019\/wp-content\/uploads\/2019\/06\/granizo11-360x203.jpg 360w, https:\/\/canal7slp.tv\/2019\/wp-content\/uploads\/2019\/06\/granizo11.jpg 750w\" sizes=\"(max-width: 300px) 100vw, 300px\" \/><img loading=\"lazy\" decoding=\"async\" class=\"alignnone size-medium wp-image-24603\" src=\"https:\/\/canal7slp.tv\/2019\/wp-content\/uploads\/2019\/06\/granizo12-300x168.jpg\" alt=\"\" width=\"300\" height=\"168\" srcset=\"https:\/\/canal7slp.tv\/2019\/wp-content\/uploads\/2019\/06\/granizo12-300x168.jpg 300w, https:\/\/canal7slp.tv\/2019\/wp-content\/uploads\/2019\/06\/granizo12-236x133.jpg 236w, https:\/\/canal7slp.tv\/2019\/wp-content\/uploads\/2019\/06\/granizo12-360x203.jpg 360w, https:\/\/canal7slp.tv\/2019\/wp-content\/uploads\/2019\/06\/granizo12.jpg 750w\" sizes=\"(max-width: 300px) 100vw, 300px\" \/><\/p>\n<p>&nbsp;<\/p>\n<p style=\"text-align: justify;\">En tanto, elementos de varias dependencias municipales contin\u00faan trabajando en los distintos puntos de la capital jalisciense, que presentaron afectaciones por las lluvias y el granizo de esta madrugada, registrados alrededor de las 03:00 horas.<\/p>\n<p>&nbsp;<\/p>\n<p><img loading=\"lazy\" decoding=\"async\" class=\"alignnone size-medium wp-image-24604\" src=\"https:\/\/canal7slp.tv\/2019\/wp-content\/uploads\/2019\/06\/granizo13-300x168.jpg\" alt=\"\" width=\"300\" height=\"168\" srcset=\"https:\/\/canal7slp.tv\/2019\/wp-content\/uploads\/2019\/06\/granizo13-300x168.jpg 300w, https:\/\/canal7slp.tv\/2019\/wp-content\/uploads\/2019\/06\/granizo13-236x133.jpg 236w, https:\/\/canal7slp.tv\/2019\/wp-content\/uploads\/2019\/06\/granizo13-360x203.jpg 360w, https:\/\/canal7slp.tv\/2019\/wp-content\/uploads\/2019\/06\/granizo13.jpg 750w\" sizes=\"(max-width: 300px) 100vw, 300px\" \/><img loading=\"lazy\" decoding=\"async\" class=\"alignnone size-medium wp-image-24605\" src=\"https:\/\/canal7slp.tv\/2019\/wp-content\/uploads\/2019\/06\/granizo14-168x300.jpg\" alt=\"\" width=\"168\" height=\"300\" srcset=\"https:\/\/canal7slp.tv\/2019\/wp-content\/uploads\/2019\/06\/granizo14-168x300.jpg 168w, https:\/\/canal7slp.tv\/2019\/wp-content\/uploads\/2019\/06\/granizo14.jpg 421w\" sizes=\"(max-width: 168px) 100vw, 168px\" \/><\/p>\n<p>&nbsp;<\/p>\n<p style=\"text-align: justify;\">Importantes vialidades de la ciudad, como las laterales de L\u00e1zaro C\u00e1rdenas y Fuelle, se encuentran cerradas en ambos sentidos de circulaci\u00f3n por la acumulaci\u00f3n de hielo, por lo que personal de Protecci\u00f3n Civil y Bomberos se encuentra en el punto en labores de apoyo.<\/p>\n<p style=\"text-align: justify;\">En tanto, la circulaci\u00f3n de la avenida Mariano Otero, a la altura de Rinconada de las Praderas fue abierta a la circulaci\u00f3n, tras el retiro de un \u00e1rbol ca\u00eddo durante la tormenta de la madrugada.<\/p>\n","protected":false},"excerpt":{"rendered":"<p>Guadalajara.- Una granizada hist\u00f3rica registrada esta madrugada, que alcanz\u00f3 hasta un metro de altura en varias partes de la zona metropolitana de Guadalajara, dej\u00f3 inundaciones, ca\u00edda de \u00e1rboles y veh\u00edculos cubiertos de hielo, el cual, en algunas colonias se meti\u00f3 hasta en el drenaje. &nbsp; &nbsp; Esta ma\u00f1ana, en su cuenta de Twitter, Protecci\u00f3n Civil [&hellip;]<\/p>\n","protected":false},"author":2,"featured_media":24594,"comment_status":"open","ping_status":"closed","sticky":false,"template":"","format":"standard","meta":{"footnotes":""},"categories":[30],"tags":[],"class_list":["post-24590","post","type-post","status-publish","format-standard","has-post-thumbnail","hentry","category-nacional"],"yoast_head":"<!-- This site is optimized with the Yoast SEO plugin v27.5 - https:\/\/yoast.com\/product\/yoast-seo-wordpress\/ -->\n<title>Granizada hist\u00f3rica causa estragos en Guadalajara - Canal 7 SLP - 2019<\/title>\n<meta name=\"robots\" content=\"index, follow, max-snippet:-1, max-image-preview:large, max-video-preview:-1\" \/>\n<link rel=\"canonical\" href=\"https:\/\/canal7slp.tv\/2019\/granizada-historica-causa-estragos-en-guadalajara\/\" \/>\n<meta property=\"og:locale\" content=\"es_ES\" \/>\n<meta property=\"og:type\" content=\"article\" \/>\n<meta property=\"og:title\" content=\"Granizada hist\u00f3rica causa estragos en Guadalajara - Canal 7 SLP - 2019\" \/>\n<meta property=\"og:description\" content=\"Guadalajara.- Una granizada hist\u00f3rica registrada esta madrugada, que alcanz\u00f3 hasta un metro de altura en varias partes de la zona metropolitana de Guadalajara, dej\u00f3 inundaciones, ca\u00edda de \u00e1rboles y veh\u00edculos cubiertos de hielo, el cual, en algunas colonias se meti\u00f3 hasta en el drenaje. &nbsp; &nbsp; Esta ma\u00f1ana, en su cuenta de Twitter, Protecci\u00f3n Civil [&hellip;]\" \/>\n<meta property=\"og:url\" content=\"https:\/\/canal7slp.tv\/2019\/granizada-historica-causa-estragos-en-guadalajara\/\" \/>\n<meta property=\"og:site_name\" content=\"Canal 7 SLP - 2019\" \/>\n<meta property=\"article:publisher\" content=\"https:\/\/www.facebook.com\/CANAL7SLP\/\" \/>\n<meta property=\"article:published_time\" content=\"2019-06-30T17:55:16+00:00\" \/>\n<meta property=\"og:image\" content=\"https:\/\/canal7slp.tv\/2019\/wp-content\/uploads\/2019\/06\/granizo03.jpg\" \/>\n\t<meta property=\"og:image:width\" content=\"750\" \/>\n\t<meta property=\"og:image:height\" content=\"562\" \/>\n\t<meta property=\"og:image:type\" content=\"image\/jpeg\" \/>\n<meta name=\"author\" content=\"edicionweb\" \/>\n<meta name=\"twitter:card\" content=\"summary_large_image\" \/>\n<meta name=\"twitter:creator\" content=\"@canal7_slp\" \/>\n<meta name=\"twitter:site\" content=\"@canal7_slp\" \/>\n<meta name=\"twitter:label1\" content=\"Escrito por\" \/>\n\t<meta name=\"twitter:data1\" content=\"edicionweb\" \/>\n\t<meta name=\"twitter:label2\" content=\"Tiempo de lectura\" \/>\n\t<meta name=\"twitter:data2\" content=\"1 minuto\" \/>\n<script type=\"application\/ld+json\" class=\"yoast-schema-graph\">{\"@context\":\"https:\\\/\\\/schema.org\",\"@graph\":[{\"@type\":\"Article\",\"@id\":\"https:\\\/\\\/canal7slp.tv\\\/2019\\\/granizada-historica-causa-estragos-en-guadalajara\\\/#article\",\"isPartOf\":{\"@id\":\"https:\\\/\\\/canal7slp.tv\\\/2019\\\/granizada-historica-causa-estragos-en-guadalajara\\\/\"},\"author\":{\"name\":\"edicionweb\",\"@id\":\"https:\\\/\\\/canal7slp.tv\\\/2019\\\/#\\\/schema\\\/person\\\/11d941c1c6ca30ac0a46b95fa37aa2e3\"},\"headline\":\"Granizada hist\u00f3rica causa estragos en Guadalajara\",\"datePublished\":\"2019-06-30T17:55:16+00:00\",\"mainEntityOfPage\":{\"@id\":\"https:\\\/\\\/canal7slp.tv\\\/2019\\\/granizada-historica-causa-estragos-en-guadalajara\\\/\"},\"wordCount\":300,\"commentCount\":0,\"publisher\":{\"@id\":\"https:\\\/\\\/canal7slp.tv\\\/2019\\\/#organization\"},\"image\":{\"@id\":\"https:\\\/\\\/canal7slp.tv\\\/2019\\\/granizada-historica-causa-estragos-en-guadalajara\\\/#primaryimage\"},\"thumbnailUrl\":\"https:\\\/\\\/canal7slp.tv\\\/2019\\\/wp-content\\\/uploads\\\/2019\\\/06\\\/granizo03.jpg\",\"articleSection\":[\"NACIONAL\"],\"inLanguage\":\"es\",\"potentialAction\":[{\"@type\":\"CommentAction\",\"name\":\"Comment\",\"target\":[\"https:\\\/\\\/canal7slp.tv\\\/2019\\\/granizada-historica-causa-estragos-en-guadalajara\\\/#respond\"]}]},{\"@type\":\"WebPage\",\"@id\":\"https:\\\/\\\/canal7slp.tv\\\/2019\\\/granizada-historica-causa-estragos-en-guadalajara\\\/\",\"url\":\"https:\\\/\\\/canal7slp.tv\\\/2019\\\/granizada-historica-causa-estragos-en-guadalajara\\\/\",\"name\":\"Granizada hist\u00f3rica causa estragos en Guadalajara - Canal 7 SLP - 2019\",\"isPartOf\":{\"@id\":\"https:\\\/\\\/canal7slp.tv\\\/2019\\\/#website\"},\"primaryImageOfPage\":{\"@id\":\"https:\\\/\\\/canal7slp.tv\\\/2019\\\/granizada-historica-causa-estragos-en-guadalajara\\\/#primaryimage\"},\"image\":{\"@id\":\"https:\\\/\\\/canal7slp.tv\\\/2019\\\/granizada-historica-causa-estragos-en-guadalajara\\\/#primaryimage\"},\"thumbnailUrl\":\"https:\\\/\\\/canal7slp.tv\\\/2019\\\/wp-content\\\/uploads\\\/2019\\\/06\\\/granizo03.jpg\",\"datePublished\":\"2019-06-30T17:55:16+00:00\",\"breadcrumb\":{\"@id\":\"https:\\\/\\\/canal7slp.tv\\\/2019\\\/granizada-historica-causa-estragos-en-guadalajara\\\/#breadcrumb\"},\"inLanguage\":\"es\",\"potentialAction\":[{\"@type\":\"ReadAction\",\"target\":[\"https:\\\/\\\/canal7slp.tv\\\/2019\\\/granizada-historica-causa-estragos-en-guadalajara\\\/\"]}]},{\"@type\":\"ImageObject\",\"inLanguage\":\"es\",\"@id\":\"https:\\\/\\\/canal7slp.tv\\\/2019\\\/granizada-historica-causa-estragos-en-guadalajara\\\/#primaryimage\",\"url\":\"https:\\\/\\\/canal7slp.tv\\\/2019\\\/wp-content\\\/uploads\\\/2019\\\/06\\\/granizo03.jpg\",\"contentUrl\":\"https:\\\/\\\/canal7slp.tv\\\/2019\\\/wp-content\\\/uploads\\\/2019\\\/06\\\/granizo03.jpg\",\"width\":750,\"height\":562},{\"@type\":\"BreadcrumbList\",\"@id\":\"https:\\\/\\\/canal7slp.tv\\\/2019\\\/granizada-historica-causa-estragos-en-guadalajara\\\/#breadcrumb\",\"itemListElement\":[{\"@type\":\"ListItem\",\"position\":1,\"name\":\"Home\",\"item\":\"https:\\\/\\\/canal7slp.tv\\\/2019\\\/\"},{\"@type\":\"ListItem\",\"position\":2,\"name\":\"Granizada hist\u00f3rica causa estragos en Guadalajara\"}]},{\"@type\":\"WebSite\",\"@id\":\"https:\\\/\\\/canal7slp.tv\\\/2019\\\/#website\",\"url\":\"https:\\\/\\\/canal7slp.tv\\\/2019\\\/\",\"name\":\"Canal 7 SLP - Somos TV\",\"description\":\"Somos un Canal de 10\",\"publisher\":{\"@id\":\"https:\\\/\\\/canal7slp.tv\\\/2019\\\/#organization\"},\"potentialAction\":[{\"@type\":\"SearchAction\",\"target\":{\"@type\":\"EntryPoint\",\"urlTemplate\":\"https:\\\/\\\/canal7slp.tv\\\/2019\\\/?s={search_term_string}\"},\"query-input\":{\"@type\":\"PropertyValueSpecification\",\"valueRequired\":true,\"valueName\":\"search_term_string\"}}],\"inLanguage\":\"es\"},{\"@type\":\"Organization\",\"@id\":\"https:\\\/\\\/canal7slp.tv\\\/2019\\\/#organization\",\"name\":\"Comunicaci\u00f3n 2000 S.A. de C.V.\",\"url\":\"https:\\\/\\\/canal7slp.tv\\\/2019\\\/\",\"logo\":{\"@type\":\"ImageObject\",\"inLanguage\":\"es\",\"@id\":\"https:\\\/\\\/canal7slp.tv\\\/2019\\\/#\\\/schema\\\/logo\\\/image\\\/\",\"url\":\"https:\\\/\\\/canal7slp.tv\\\/2019\\\/wp-content\\\/uploads\\\/2019\\\/07\\\/logo-c7.png\",\"contentUrl\":\"https:\\\/\\\/canal7slp.tv\\\/2019\\\/wp-content\\\/uploads\\\/2019\\\/07\\\/logo-c7.png\",\"width\":220,\"height\":60,\"caption\":\"Comunicaci\u00f3n 2000 S.A. de C.V.\"},\"image\":{\"@id\":\"https:\\\/\\\/canal7slp.tv\\\/2019\\\/#\\\/schema\\\/logo\\\/image\\\/\"},\"sameAs\":[\"https:\\\/\\\/www.facebook.com\\\/CANAL7SLP\\\/\",\"https:\\\/\\\/x.com\\\/canal7_slp\",\"https:\\\/\\\/www.instagram.com\\\/canal7_slp\",\"https:\\\/\\\/www.youtube.com\\\/user\\\/NOTICIEROSCANAL7SLP\\\/\"]},{\"@type\":\"Person\",\"@id\":\"https:\\\/\\\/canal7slp.tv\\\/2019\\\/#\\\/schema\\\/person\\\/11d941c1c6ca30ac0a46b95fa37aa2e3\",\"name\":\"edicionweb\",\"image\":{\"@type\":\"ImageObject\",\"inLanguage\":\"es\",\"@id\":\"https:\\\/\\\/secure.gravatar.com\\\/avatar\\\/eee448fc3f7164808013b816ba91ac7e43bbe82a70bebac296f8bc6f0addaa1a?s=96&d=mm&r=g\",\"url\":\"https:\\\/\\\/secure.gravatar.com\\\/avatar\\\/eee448fc3f7164808013b816ba91ac7e43bbe82a70bebac296f8bc6f0addaa1a?s=96&d=mm&r=g\",\"contentUrl\":\"https:\\\/\\\/secure.gravatar.com\\\/avatar\\\/eee448fc3f7164808013b816ba91ac7e43bbe82a70bebac296f8bc6f0addaa1a?s=96&d=mm&r=g\",\"caption\":\"edicionweb\"}}]}<\/script>\n<!-- \/ Yoast SEO plugin. -->","yoast_head_json":{"title":"Granizada hist\u00f3rica causa estragos en Guadalajara - Canal 7 SLP - 2019","robots":{"index":"index","follow":"follow","max-snippet":"max-snippet:-1","max-image-preview":"max-image-preview:large","max-video-preview":"max-video-preview:-1"},"canonical":"https:\/\/canal7slp.tv\/2019\/granizada-historica-causa-estragos-en-guadalajara\/","og_locale":"es_ES","og_type":"article","og_title":"Granizada hist\u00f3rica causa estragos en Guadalajara - Canal 7 SLP - 2019","og_description":"Guadalajara.- Una granizada hist\u00f3rica registrada esta madrugada, que alcanz\u00f3 hasta un metro de altura en varias partes de la zona metropolitana de Guadalajara, dej\u00f3 inundaciones, ca\u00edda de \u00e1rboles y veh\u00edculos cubiertos de hielo, el cual, en algunas colonias se meti\u00f3 hasta en el drenaje. &nbsp; &nbsp; Esta ma\u00f1ana, en su cuenta de Twitter, Protecci\u00f3n Civil [&hellip;]","og_url":"https:\/\/canal7slp.tv\/2019\/granizada-historica-causa-estragos-en-guadalajara\/","og_site_name":"Canal 7 SLP - 2019","article_publisher":"https:\/\/www.facebook.com\/CANAL7SLP\/","article_published_time":"2019-06-30T17:55:16+00:00","og_image":[{"width":750,"height":562,"url":"https:\/\/canal7slp.tv\/2019\/wp-content\/uploads\/2019\/06\/granizo03.jpg","type":"image\/jpeg"}],"author":"edicionweb","twitter_card":"summary_large_image","twitter_creator":"@canal7_slp","twitter_site":"@canal7_slp","twitter_misc":{"Escrito por":"edicionweb","Tiempo de lectura":"1 minuto"},"schema":{"@context":"https:\/\/schema.org","@graph":[{"@type":"Article","@id":"https:\/\/canal7slp.tv\/2019\/granizada-historica-causa-estragos-en-guadalajara\/#article","isPartOf":{"@id":"https:\/\/canal7slp.tv\/2019\/granizada-historica-causa-estragos-en-guadalajara\/"},"author":{"name":"edicionweb","@id":"https:\/\/canal7slp.tv\/2019\/#\/schema\/person\/11d941c1c6ca30ac0a46b95fa37aa2e3"},"headline":"Granizada hist\u00f3rica causa estragos en Guadalajara","datePublished":"2019-06-30T17:55:16+00:00","mainEntityOfPage":{"@id":"https:\/\/canal7slp.tv\/2019\/granizada-historica-causa-estragos-en-guadalajara\/"},"wordCount":300,"commentCount":0,"publisher":{"@id":"https:\/\/canal7slp.tv\/2019\/#organization"},"image":{"@id":"https:\/\/canal7slp.tv\/2019\/granizada-historica-causa-estragos-en-guadalajara\/#primaryimage"},"thumbnailUrl":"https:\/\/canal7slp.tv\/2019\/wp-content\/uploads\/2019\/06\/granizo03.jpg","articleSection":["NACIONAL"],"inLanguage":"es","potentialAction":[{"@type":"CommentAction","name":"Comment","target":["https:\/\/canal7slp.tv\/2019\/granizada-historica-causa-estragos-en-guadalajara\/#respond"]}]},{"@type":"WebPage","@id":"https:\/\/canal7slp.tv\/2019\/granizada-historica-causa-estragos-en-guadalajara\/","url":"https:\/\/canal7slp.tv\/2019\/granizada-historica-causa-estragos-en-guadalajara\/","name":"Granizada hist\u00f3rica causa estragos en Guadalajara - Canal 7 SLP - 2019","isPartOf":{"@id":"https:\/\/canal7slp.tv\/2019\/#website"},"primaryImageOfPage":{"@id":"https:\/\/canal7slp.tv\/2019\/granizada-historica-causa-estragos-en-guadalajara\/#primaryimage"},"image":{"@id":"https:\/\/canal7slp.tv\/2019\/granizada-historica-causa-estragos-en-guadalajara\/#primaryimage"},"thumbnailUrl":"https:\/\/canal7slp.tv\/2019\/wp-content\/uploads\/2019\/06\/granizo03.jpg","datePublished":"2019-06-30T17:55:16+00:00","breadcrumb":{"@id":"https:\/\/canal7slp.tv\/2019\/granizada-historica-causa-estragos-en-guadalajara\/#breadcrumb"},"inLanguage":"es","potentialAction":[{"@type":"ReadAction","target":["https:\/\/canal7slp.tv\/2019\/granizada-historica-causa-estragos-en-guadalajara\/"]}]},{"@type":"ImageObject","inLanguage":"es","@id":"https:\/\/canal7slp.tv\/2019\/granizada-historica-causa-estragos-en-guadalajara\/#primaryimage","url":"https:\/\/canal7slp.tv\/2019\/wp-content\/uploads\/2019\/06\/granizo03.jpg","contentUrl":"https:\/\/canal7slp.tv\/2019\/wp-content\/uploads\/2019\/06\/granizo03.jpg","width":750,"height":562},{"@type":"BreadcrumbList","@id":"https:\/\/canal7slp.tv\/2019\/granizada-historica-causa-estragos-en-guadalajara\/#breadcrumb","itemListElement":[{"@type":"ListItem","position":1,"name":"Home","item":"https:\/\/canal7slp.tv\/2019\/"},{"@type":"ListItem","position":2,"name":"Granizada hist\u00f3rica causa estragos en Guadalajara"}]},{"@type":"WebSite","@id":"https:\/\/canal7slp.tv\/2019\/#website","url":"https:\/\/canal7slp.tv\/2019\/","name":"Canal 7 SLP - Somos TV","description":"Somos un Canal de 10","publisher":{"@id":"https:\/\/canal7slp.tv\/2019\/#organization"},"potentialAction":[{"@type":"SearchAction","target":{"@type":"EntryPoint","urlTemplate":"https:\/\/canal7slp.tv\/2019\/?s={search_term_string}"},"query-input":{"@type":"PropertyValueSpecification","valueRequired":true,"valueName":"search_term_string"}}],"inLanguage":"es"},{"@type":"Organization","@id":"https:\/\/canal7slp.tv\/2019\/#organization","name":"Comunicaci\u00f3n 2000 S.A. de C.V.","url":"https:\/\/canal7slp.tv\/2019\/","logo":{"@type":"ImageObject","inLanguage":"es","@id":"https:\/\/canal7slp.tv\/2019\/#\/schema\/logo\/image\/","url":"https:\/\/canal7slp.tv\/2019\/wp-content\/uploads\/2019\/07\/logo-c7.png","contentUrl":"https:\/\/canal7slp.tv\/2019\/wp-content\/uploads\/2019\/07\/logo-c7.png","width":220,"height":60,"caption":"Comunicaci\u00f3n 2000 S.A. de C.V."},"image":{"@id":"https:\/\/canal7slp.tv\/2019\/#\/schema\/logo\/image\/"},"sameAs":["https:\/\/www.facebook.com\/CANAL7SLP\/","https:\/\/x.com\/canal7_slp","https:\/\/www.instagram.com\/canal7_slp","https:\/\/www.youtube.com\/user\/NOTICIEROSCANAL7SLP\/"]},{"@type":"Person","@id":"https:\/\/canal7slp.tv\/2019\/#\/schema\/person\/11d941c1c6ca30ac0a46b95fa37aa2e3","name":"edicionweb","image":{"@type":"ImageObject","inLanguage":"es","@id":"https:\/\/secure.gravatar.com\/avatar\/eee448fc3f7164808013b816ba91ac7e43bbe82a70bebac296f8bc6f0addaa1a?s=96&d=mm&r=g","url":"https:\/\/secure.gravatar.com\/avatar\/eee448fc3f7164808013b816ba91ac7e43bbe82a70bebac296f8bc6f0addaa1a?s=96&d=mm&r=g","contentUrl":"https:\/\/secure.gravatar.com\/avatar\/eee448fc3f7164808013b816ba91ac7e43bbe82a70bebac296f8bc6f0addaa1a?s=96&d=mm&r=g","caption":"edicionweb"}}]}},"amp_enabled":true,"cmb2":{"video_ids_in_playlist":{"vid_p_videos":""},"video_ids_in_channel":{"vid_c_videos":""},"playlist_ids_in_channel":{"vid_c_playlists":""},"series_ids_in_channel":{"vid_c_series":""},"channel_images":{"vid_c_logo":"","vid_c_banner":""},"poster_feature_image":{"vid_m_poster_image":""},"gif_feature_image":{"vid_m_gif_image":""},"video_movie_settings":{"vid_m_director":"","vid_m_actor":"","vid_m_imdb_ratings":"","vid_m_amazon_associates":""},"vid_youtube_broadcasts_settings":{"vid_yb_broadcast_title":"","vid_yb_q":"","vid_yb_channelid":"","vid_yb_videocategoryid":"","vid_yb_maxresults":"","vid_yb_order":"","vid_yb_regioncode":"","vid_yb_videosyndicated":"","vid_yb_style":"","vid_yb_reload_first":""},"video_series_settings":{"vid_m_director":"","vid_m_actor":"","vid_m_imdb_ratings":"","video_series_group":""},"amazon_associates_settings":{"amazon_associates":"","amazon_native_ad":""},"vid_youtube_automatic_settings":{"vid_ya_youtube_source":"","vid_ya_update_every":"","vid_ya_update_unit":"","vid_ya_categories":"","vid_ya_published_after":"","vid_ya_published_before":"","vid_ya_playlists":"","vid_ya_channels":"","vid_ya_director":"","vid_ya_actor":"","vid_ya_author":"","vid_ya_import_post_date":"","vid_ya_status":"","vid_ya_sub_api_key":""},"vid_ads_m_videoads_settings_post":{"vid_ads_m_video_ads":"","vid_ads_m_video_ads_type":"","vid_ads_m_group_google_ima":"","vid_ads_m_group_image":"","vid_ads_m_group_html5_video":"","vid_ads_m_group_html":"","vid_ads_m_vast_preroll":"","vid_ads_m_vast_postroll":"","vid_ads_m_vast_pauseroll":"","vid_ads_m_vast_midroll":[{"vid_ads_m_vast_timer_seconds":"50"}],"vid_ads_m_time_to_show_ads":"","vid_ads_m_time_skip_ads":"","vid_ads_m_time_to_hide_ads":""},"page_slider_settings":{"display_slider_group":"","page_slider_group":""},"blog_page_settings":{"blog_page_title":"","blog_page_heading":"","blog_page_ic":"","blog_page_it":"","blog_page_ec":"","blog_page_ip":"","archive_loop_style":"","blog_image_ratio":"","blog_show_categories":"","blog_show_excerpt":"","blog_show_author":"","blog_show_date":"","blog_show_comment_count":"","blog_show_view_count":"","blog_show_like_count":"","blog_show_dislike_count":"","blog_items_per_page":"","blog_pag_type":""},"page_options":{"get_page_template":"","color_mode":"","main_layout":"","main_layout_full_with":"","main_logo":"","main_logo_retina":"","main_logo_mobile":"","main_logo_mobile_retina":"","sticky_logo":"","sticky_logo_retina":"","main_nav_layout":"","ajax_search":"","header_background":"","theme_sidebar":"","instagram_feed":"","instagram_feed_position":"","popular_videos":"","popular_videos_title_1":"","popular_videos_title_2":"","popular_videos_ic":"","popular_videos_it":"","theme_background":"","page_custom_css":""},"feature_image_settings":{"feature_image_position":""},"video_player_settings":{"single_video_style":"","video_player_position":"","vm_video_url":"","video_player_library":"","video_streaming":"","vm_media_sources":"","vid_auto_play":"","vm_video_shortcode":"","vid_p_sync_playlist":"","vid_c_sync_channel":"","get_post_format":"","multiple_links_structure":"default","multi_links_title":"","vm_video_multi_links":"","vm_duration":"","vid_social_locker":"off","vid_social_locker_id":"","vid_membership_action":"content-video","vm_video_trailer_url":"","vid_download_type":"free","vid_download_target":"download","vid_woo_product":"","vm_media_download":"","user_rating":"","user_rating_position":"","user_rating_mode":"","user_rating_multi_sets":""},"video_auto_fetch_settings":{"vm_video_fetch":"on"},"video_fake_views_likes":{"vm_fake_views":"","vm_fake_likes":"","vm_fake_dislikes":""},"gallery_settings":{"gallery_position":""},"quote_settings":{"quote_position":""},"post_options":{"main_layout":"","main_logo":"","main_logo_retina":"","main_logo_mobile":"","main_logo_mobile_retina":"","sticky_logo":"","sticky_logo_retina":"","main_nav_layout":"","header_background":"","theme_sidebar":"","single_post_comment_type":"","theme_background":""}},"_links":{"self":[{"href":"https:\/\/canal7slp.tv\/2019\/wp-json\/wp\/v2\/posts\/24590","targetHints":{"allow":["GET"]}}],"collection":[{"href":"https:\/\/canal7slp.tv\/2019\/wp-json\/wp\/v2\/posts"}],"about":[{"href":"https:\/\/canal7slp.tv\/2019\/wp-json\/wp\/v2\/types\/post"}],"author":[{"embeddable":true,"href":"https:\/\/canal7slp.tv\/2019\/wp-json\/wp\/v2\/users\/2"}],"replies":[{"embeddable":true,"href":"https:\/\/canal7slp.tv\/2019\/wp-json\/wp\/v2\/comments?post=24590"}],"version-history":[{"count":0,"href":"https:\/\/canal7slp.tv\/2019\/wp-json\/wp\/v2\/posts\/24590\/revisions"}],"wp:featuredmedia":[{"embeddable":true,"href":"https:\/\/canal7slp.tv\/2019\/wp-json\/wp\/v2\/media\/24594"}],"wp:attachment":[{"href":"https:\/\/canal7slp.tv\/2019\/wp-json\/wp\/v2\/media?parent=24590"}],"wp:term":[{"taxonomy":"category","embeddable":true,"href":"https:\/\/canal7slp.tv\/2019\/wp-json\/wp\/v2\/categories?post=24590"},{"taxonomy":"post_tag","embeddable":true,"href":"https:\/\/canal7slp.tv\/2019\/wp-json\/wp\/v2\/tags?post=24590"}],"curies":[{"name":"wp","href":"https:\/\/api.w.org\/{rel}","templated":true}]}}