{"id":24537,"date":"2019-06-30T09:49:26","date_gmt":"2019-06-30T14:49:26","guid":{"rendered":"https:\/\/canal7slp.tv\/2019\/?p=24537"},"modified":"2019-06-30T09:49:26","modified_gmt":"2019-06-30T14:49:26","slug":"lenia-ruvalcaba-y-eduardo-avila-listos-para-clasificatorio-de-judo-en-eu","status":"publish","type":"post","link":"https:\/\/canal7slp.tv\/2019\/lenia-ruvalcaba-y-eduardo-avila-listos-para-clasificatorio-de-judo-en-eu\/","title":{"rendered":"Lenia Ruvalcaba y Eduardo \u00c1vila listos para clasificatorio de judo en EU"},"content":{"rendered":"<p style=\"text-align: justify;\">M\u00e9xico.- Los campeones de los Juegos Paral\u00edmpicos R\u00edo 2016 Lenia Ruvalcaba y Eduardo \u00c1vila, as\u00ed como el colimense Bryan Aburto est\u00e1n listos para participar en el 2019 IBSA Judo International Qualifier que se realizar\u00e1 en Fort Wayne, Indiana, Estados Unidos, y que ser\u00e1 uno de los eventos mundiales que otorgar\u00e1 puntos en el ranking para Tokio 2020.<\/p>\n<p style=\"text-align: justify;\">Este certamen ser\u00e1 el segundo internacional clasificatorio a la\u00a0justa paral\u00edmpica del pr\u00f3ximo a\u00f1o para los tres judocas, tras su participaci\u00f3n en\u00a0el Grand Prix Mundial Judo IBSA Bak\u00fa 2019, en el que Lenia\u00a0conquist\u00f3 la presea dorada y Eduardo se adjudic\u00f3 el metal de bronce.<\/p>\n<p style=\"text-align: justify;\">\u201cVoy con el objetivo de sumar m\u00e1s puntos, mejorar en el ranking y\u00a0tambi\u00e9n de conocer m\u00e1s a los dem\u00e1s competidores que estar\u00e1n en los\u00a0Juegos Paral\u00edmpicos de Tokio, para conseguir otra medalla,\u201d se\u00f1al\u00f3 Ruvalcaba \u00c1lvarez.<\/p>\n<p style=\"text-align: justify;\">La medallista de oro en los Juegos Parapanamericanos Toronto 2015, quien tuvo\u00a0que enfrentar la presi\u00f3n de todo el p\u00fablico en contra en R\u00edo 2016 para\u00a0vencer a su rival brasile\u00f1a, destac\u00f3 el papel de la psic\u00f3loga Margarita Cervi\u00f1o en la\u00a0consecuci\u00f3n de sus objetivos.<\/p>\n<p style=\"text-align: justify;\">\u201cAgradezco el apoyo de la Conade, porque nos mandan con equipo\u00a0completo, con nuestro entrenador Hilario \u00c1vila, la fisiatra Karla Velasco\u00a0y nuestra psic\u00f3loga Margarita Cervi\u00f1o. Estoy muy contenta y\u00a0emocionada, me siento preparada, vamos con todo el \u00e1nimo\u201d, apunt\u00f3\u00a0la jalisciense.<\/p>\n<p style=\"text-align: justify;\">\u201cLa psic\u00f3loga es parte fundamental en la competencia, porque se hace\u00a0un trabajo previo, pero durante la competencia pueden pasar tantas\u00a0cosas y m\u00e1s en un deporte de combate, en el que se improvisa y no\u00a0llevas una rutina, entonces es s\u00faper importante contar con ese apoyo\u00a0en cada combate\u201d, resalt\u00f3 la poseedora de dos medallas paral\u00edmpicas.<\/p>\n<p style=\"text-align: justify;\">En Estados Unidos, el primero del equipo en ver acci\u00f3n ser\u00e1 Bryan\u00a0Gerardo Aburto Beltr\u00e1n, el mi\u00e9rcoles 3 de julio, en la categor\u00eda -60\u00a0kilogramos; mientras que Eduardo Adri\u00e1n \u00c1vila S\u00e1nchez, en la divisi\u00f3n\u00a0-81 kilogramos, y Lenia Ruvalcaba, en -70 kilogramos, competir\u00e1n el\u00a0jueves 4.<\/p>\n<p style=\"text-align: justify;\">A su regreso, el equipo iniciar\u00e1 con la \u00faltima fase de su preparaci\u00f3n para los Juegos Parapanamericanos, en los que Lenia buscar\u00e1 refrendar la\u00a0presea \u00e1urea de Toronto 2015, meta que no ser\u00e1 f\u00e1cil, debido a que\u00a0tres medallistas de R\u00edo 2016 de su categor\u00eda son del continente americano.<\/p>\n","protected":false},"excerpt":{"rendered":"<p>M\u00e9xico.- Los campeones de los Juegos Paral\u00edmpicos R\u00edo 2016 Lenia Ruvalcaba y Eduardo \u00c1vila, as\u00ed como el colimense Bryan Aburto est\u00e1n listos para participar en el 2019 IBSA Judo International Qualifier que se realizar\u00e1 en Fort Wayne, Indiana, Estados Unidos, y que ser\u00e1 uno de los eventos mundiales que otorgar\u00e1 puntos en el ranking para [&hellip;]<\/p>\n","protected":false},"author":2,"featured_media":24538,"comment_status":"open","ping_status":"closed","sticky":false,"template":"","format":"standard","meta":{"footnotes":""},"categories":[96],"tags":[],"class_list":["post-24537","post","type-post","status-publish","format-standard","has-post-thumbnail","hentry","category-deportes"],"yoast_head":"<!-- This site is optimized with the Yoast SEO plugin v27.5 - https:\/\/yoast.com\/product\/yoast-seo-wordpress\/ -->\n<title>Lenia Ruvalcaba y Eduardo \u00c1vila listos para clasificatorio de judo en EU - Canal 7 SLP - 2019<\/title>\n<meta name=\"robots\" content=\"index, follow, max-snippet:-1, max-image-preview:large, max-video-preview:-1\" \/>\n<link rel=\"canonical\" href=\"https:\/\/canal7slp.tv\/2019\/lenia-ruvalcaba-y-eduardo-avila-listos-para-clasificatorio-de-judo-en-eu\/\" \/>\n<meta property=\"og:locale\" content=\"es_ES\" \/>\n<meta property=\"og:type\" content=\"article\" \/>\n<meta property=\"og:title\" content=\"Lenia Ruvalcaba y Eduardo \u00c1vila listos para clasificatorio de judo en EU - Canal 7 SLP - 2019\" \/>\n<meta property=\"og:description\" content=\"M\u00e9xico.- Los campeones de los Juegos Paral\u00edmpicos R\u00edo 2016 Lenia Ruvalcaba y Eduardo \u00c1vila, as\u00ed como el colimense Bryan Aburto est\u00e1n listos para participar en el 2019 IBSA Judo International Qualifier que se realizar\u00e1 en Fort Wayne, Indiana, Estados Unidos, y que ser\u00e1 uno de los eventos mundiales que otorgar\u00e1 puntos en el ranking para [&hellip;]\" \/>\n<meta property=\"og:url\" content=\"https:\/\/canal7slp.tv\/2019\/lenia-ruvalcaba-y-eduardo-avila-listos-para-clasificatorio-de-judo-en-eu\/\" \/>\n<meta property=\"og:site_name\" content=\"Canal 7 SLP - 2019\" \/>\n<meta property=\"article:publisher\" content=\"https:\/\/www.facebook.com\/CANAL7SLP\/\" \/>\n<meta property=\"article:published_time\" content=\"2019-06-30T14:49:26+00:00\" \/>\n<meta property=\"og:image\" content=\"https:\/\/canal7slp.tv\/2019\/wp-content\/uploads\/2019\/06\/1120-20.jpg\" \/>\n\t<meta property=\"og:image:width\" content=\"501\" \/>\n\t<meta property=\"og:image:height\" content=\"410\" \/>\n\t<meta property=\"og:image:type\" content=\"image\/jpeg\" \/>\n<meta name=\"author\" content=\"edicionweb\" \/>\n<meta name=\"twitter:card\" content=\"summary_large_image\" \/>\n<meta name=\"twitter:creator\" content=\"@canal7_slp\" \/>\n<meta name=\"twitter:site\" content=\"@canal7_slp\" \/>\n<meta name=\"twitter:label1\" content=\"Escrito por\" \/>\n\t<meta name=\"twitter:data1\" content=\"edicionweb\" \/>\n\t<meta name=\"twitter:label2\" content=\"Tiempo de lectura\" \/>\n\t<meta name=\"twitter:data2\" content=\"2 minutos\" \/>\n<script type=\"application\/ld+json\" class=\"yoast-schema-graph\">{\"@context\":\"https:\\\/\\\/schema.org\",\"@graph\":[{\"@type\":\"Article\",\"@id\":\"https:\\\/\\\/canal7slp.tv\\\/2019\\\/lenia-ruvalcaba-y-eduardo-avila-listos-para-clasificatorio-de-judo-en-eu\\\/#article\",\"isPartOf\":{\"@id\":\"https:\\\/\\\/canal7slp.tv\\\/2019\\\/lenia-ruvalcaba-y-eduardo-avila-listos-para-clasificatorio-de-judo-en-eu\\\/\"},\"author\":{\"name\":\"edicionweb\",\"@id\":\"https:\\\/\\\/canal7slp.tv\\\/2019\\\/#\\\/schema\\\/person\\\/11d941c1c6ca30ac0a46b95fa37aa2e3\"},\"headline\":\"Lenia Ruvalcaba y Eduardo \u00c1vila listos para clasificatorio de judo en EU\",\"datePublished\":\"2019-06-30T14:49:26+00:00\",\"mainEntityOfPage\":{\"@id\":\"https:\\\/\\\/canal7slp.tv\\\/2019\\\/lenia-ruvalcaba-y-eduardo-avila-listos-para-clasificatorio-de-judo-en-eu\\\/\"},\"wordCount\":421,\"commentCount\":0,\"publisher\":{\"@id\":\"https:\\\/\\\/canal7slp.tv\\\/2019\\\/#organization\"},\"image\":{\"@id\":\"https:\\\/\\\/canal7slp.tv\\\/2019\\\/lenia-ruvalcaba-y-eduardo-avila-listos-para-clasificatorio-de-judo-en-eu\\\/#primaryimage\"},\"thumbnailUrl\":\"https:\\\/\\\/canal7slp.tv\\\/2019\\\/wp-content\\\/uploads\\\/2019\\\/06\\\/1120-20.jpg\",\"articleSection\":[\"DEPORTES\"],\"inLanguage\":\"es\",\"potentialAction\":[{\"@type\":\"CommentAction\",\"name\":\"Comment\",\"target\":[\"https:\\\/\\\/canal7slp.tv\\\/2019\\\/lenia-ruvalcaba-y-eduardo-avila-listos-para-clasificatorio-de-judo-en-eu\\\/#respond\"]}]},{\"@type\":\"WebPage\",\"@id\":\"https:\\\/\\\/canal7slp.tv\\\/2019\\\/lenia-ruvalcaba-y-eduardo-avila-listos-para-clasificatorio-de-judo-en-eu\\\/\",\"url\":\"https:\\\/\\\/canal7slp.tv\\\/2019\\\/lenia-ruvalcaba-y-eduardo-avila-listos-para-clasificatorio-de-judo-en-eu\\\/\",\"name\":\"Lenia Ruvalcaba y Eduardo \u00c1vila listos para clasificatorio de judo en EU - Canal 7 SLP - 2019\",\"isPartOf\":{\"@id\":\"https:\\\/\\\/canal7slp.tv\\\/2019\\\/#website\"},\"primaryImageOfPage\":{\"@id\":\"https:\\\/\\\/canal7slp.tv\\\/2019\\\/lenia-ruvalcaba-y-eduardo-avila-listos-para-clasificatorio-de-judo-en-eu\\\/#primaryimage\"},\"image\":{\"@id\":\"https:\\\/\\\/canal7slp.tv\\\/2019\\\/lenia-ruvalcaba-y-eduardo-avila-listos-para-clasificatorio-de-judo-en-eu\\\/#primaryimage\"},\"thumbnailUrl\":\"https:\\\/\\\/canal7slp.tv\\\/2019\\\/wp-content\\\/uploads\\\/2019\\\/06\\\/1120-20.jpg\",\"datePublished\":\"2019-06-30T14:49:26+00:00\",\"breadcrumb\":{\"@id\":\"https:\\\/\\\/canal7slp.tv\\\/2019\\\/lenia-ruvalcaba-y-eduardo-avila-listos-para-clasificatorio-de-judo-en-eu\\\/#breadcrumb\"},\"inLanguage\":\"es\",\"potentialAction\":[{\"@type\":\"ReadAction\",\"target\":[\"https:\\\/\\\/canal7slp.tv\\\/2019\\\/lenia-ruvalcaba-y-eduardo-avila-listos-para-clasificatorio-de-judo-en-eu\\\/\"]}]},{\"@type\":\"ImageObject\",\"inLanguage\":\"es\",\"@id\":\"https:\\\/\\\/canal7slp.tv\\\/2019\\\/lenia-ruvalcaba-y-eduardo-avila-listos-para-clasificatorio-de-judo-en-eu\\\/#primaryimage\",\"url\":\"https:\\\/\\\/canal7slp.tv\\\/2019\\\/wp-content\\\/uploads\\\/2019\\\/06\\\/1120-20.jpg\",\"contentUrl\":\"https:\\\/\\\/canal7slp.tv\\\/2019\\\/wp-content\\\/uploads\\\/2019\\\/06\\\/1120-20.jpg\",\"width\":501,\"height\":410},{\"@type\":\"BreadcrumbList\",\"@id\":\"https:\\\/\\\/canal7slp.tv\\\/2019\\\/lenia-ruvalcaba-y-eduardo-avila-listos-para-clasificatorio-de-judo-en-eu\\\/#breadcrumb\",\"itemListElement\":[{\"@type\":\"ListItem\",\"position\":1,\"name\":\"Home\",\"item\":\"https:\\\/\\\/canal7slp.tv\\\/2019\\\/\"},{\"@type\":\"ListItem\",\"position\":2,\"name\":\"Lenia Ruvalcaba y Eduardo \u00c1vila listos para clasificatorio de judo en EU\"}]},{\"@type\":\"WebSite\",\"@id\":\"https:\\\/\\\/canal7slp.tv\\\/2019\\\/#website\",\"url\":\"https:\\\/\\\/canal7slp.tv\\\/2019\\\/\",\"name\":\"Canal 7 SLP - Somos TV\",\"description\":\"Somos un Canal de 10\",\"publisher\":{\"@id\":\"https:\\\/\\\/canal7slp.tv\\\/2019\\\/#organization\"},\"potentialAction\":[{\"@type\":\"SearchAction\",\"target\":{\"@type\":\"EntryPoint\",\"urlTemplate\":\"https:\\\/\\\/canal7slp.tv\\\/2019\\\/?s={search_term_string}\"},\"query-input\":{\"@type\":\"PropertyValueSpecification\",\"valueRequired\":true,\"valueName\":\"search_term_string\"}}],\"inLanguage\":\"es\"},{\"@type\":\"Organization\",\"@id\":\"https:\\\/\\\/canal7slp.tv\\\/2019\\\/#organization\",\"name\":\"Comunicaci\u00f3n 2000 S.A. de C.V.\",\"url\":\"https:\\\/\\\/canal7slp.tv\\\/2019\\\/\",\"logo\":{\"@type\":\"ImageObject\",\"inLanguage\":\"es\",\"@id\":\"https:\\\/\\\/canal7slp.tv\\\/2019\\\/#\\\/schema\\\/logo\\\/image\\\/\",\"url\":\"https:\\\/\\\/canal7slp.tv\\\/2019\\\/wp-content\\\/uploads\\\/2019\\\/07\\\/logo-c7.png\",\"contentUrl\":\"https:\\\/\\\/canal7slp.tv\\\/2019\\\/wp-content\\\/uploads\\\/2019\\\/07\\\/logo-c7.png\",\"width\":220,\"height\":60,\"caption\":\"Comunicaci\u00f3n 2000 S.A. de C.V.\"},\"image\":{\"@id\":\"https:\\\/\\\/canal7slp.tv\\\/2019\\\/#\\\/schema\\\/logo\\\/image\\\/\"},\"sameAs\":[\"https:\\\/\\\/www.facebook.com\\\/CANAL7SLP\\\/\",\"https:\\\/\\\/x.com\\\/canal7_slp\",\"https:\\\/\\\/www.instagram.com\\\/canal7_slp\",\"https:\\\/\\\/www.youtube.com\\\/user\\\/NOTICIEROSCANAL7SLP\\\/\"]},{\"@type\":\"Person\",\"@id\":\"https:\\\/\\\/canal7slp.tv\\\/2019\\\/#\\\/schema\\\/person\\\/11d941c1c6ca30ac0a46b95fa37aa2e3\",\"name\":\"edicionweb\",\"image\":{\"@type\":\"ImageObject\",\"inLanguage\":\"es\",\"@id\":\"https:\\\/\\\/secure.gravatar.com\\\/avatar\\\/eee448fc3f7164808013b816ba91ac7e43bbe82a70bebac296f8bc6f0addaa1a?s=96&d=mm&r=g\",\"url\":\"https:\\\/\\\/secure.gravatar.com\\\/avatar\\\/eee448fc3f7164808013b816ba91ac7e43bbe82a70bebac296f8bc6f0addaa1a?s=96&d=mm&r=g\",\"contentUrl\":\"https:\\\/\\\/secure.gravatar.com\\\/avatar\\\/eee448fc3f7164808013b816ba91ac7e43bbe82a70bebac296f8bc6f0addaa1a?s=96&d=mm&r=g\",\"caption\":\"edicionweb\"}}]}<\/script>\n<!-- \/ Yoast SEO plugin. -->","yoast_head_json":{"title":"Lenia Ruvalcaba y Eduardo \u00c1vila listos para clasificatorio de judo en EU - Canal 7 SLP - 2019","robots":{"index":"index","follow":"follow","max-snippet":"max-snippet:-1","max-image-preview":"max-image-preview:large","max-video-preview":"max-video-preview:-1"},"canonical":"https:\/\/canal7slp.tv\/2019\/lenia-ruvalcaba-y-eduardo-avila-listos-para-clasificatorio-de-judo-en-eu\/","og_locale":"es_ES","og_type":"article","og_title":"Lenia Ruvalcaba y Eduardo \u00c1vila listos para clasificatorio de judo en EU - Canal 7 SLP - 2019","og_description":"M\u00e9xico.- Los campeones de los Juegos Paral\u00edmpicos R\u00edo 2016 Lenia Ruvalcaba y Eduardo \u00c1vila, as\u00ed como el colimense Bryan Aburto est\u00e1n listos para participar en el 2019 IBSA Judo International Qualifier que se realizar\u00e1 en Fort Wayne, Indiana, Estados Unidos, y que ser\u00e1 uno de los eventos mundiales que otorgar\u00e1 puntos en el ranking para [&hellip;]","og_url":"https:\/\/canal7slp.tv\/2019\/lenia-ruvalcaba-y-eduardo-avila-listos-para-clasificatorio-de-judo-en-eu\/","og_site_name":"Canal 7 SLP - 2019","article_publisher":"https:\/\/www.facebook.com\/CANAL7SLP\/","article_published_time":"2019-06-30T14:49:26+00:00","og_image":[{"width":501,"height":410,"url":"https:\/\/canal7slp.tv\/2019\/wp-content\/uploads\/2019\/06\/1120-20.jpg","type":"image\/jpeg"}],"author":"edicionweb","twitter_card":"summary_large_image","twitter_creator":"@canal7_slp","twitter_site":"@canal7_slp","twitter_misc":{"Escrito por":"edicionweb","Tiempo de lectura":"2 minutos"},"schema":{"@context":"https:\/\/schema.org","@graph":[{"@type":"Article","@id":"https:\/\/canal7slp.tv\/2019\/lenia-ruvalcaba-y-eduardo-avila-listos-para-clasificatorio-de-judo-en-eu\/#article","isPartOf":{"@id":"https:\/\/canal7slp.tv\/2019\/lenia-ruvalcaba-y-eduardo-avila-listos-para-clasificatorio-de-judo-en-eu\/"},"author":{"name":"edicionweb","@id":"https:\/\/canal7slp.tv\/2019\/#\/schema\/person\/11d941c1c6ca30ac0a46b95fa37aa2e3"},"headline":"Lenia Ruvalcaba y Eduardo \u00c1vila listos para clasificatorio de judo en EU","datePublished":"2019-06-30T14:49:26+00:00","mainEntityOfPage":{"@id":"https:\/\/canal7slp.tv\/2019\/lenia-ruvalcaba-y-eduardo-avila-listos-para-clasificatorio-de-judo-en-eu\/"},"wordCount":421,"commentCount":0,"publisher":{"@id":"https:\/\/canal7slp.tv\/2019\/#organization"},"image":{"@id":"https:\/\/canal7slp.tv\/2019\/lenia-ruvalcaba-y-eduardo-avila-listos-para-clasificatorio-de-judo-en-eu\/#primaryimage"},"thumbnailUrl":"https:\/\/canal7slp.tv\/2019\/wp-content\/uploads\/2019\/06\/1120-20.jpg","articleSection":["DEPORTES"],"inLanguage":"es","potentialAction":[{"@type":"CommentAction","name":"Comment","target":["https:\/\/canal7slp.tv\/2019\/lenia-ruvalcaba-y-eduardo-avila-listos-para-clasificatorio-de-judo-en-eu\/#respond"]}]},{"@type":"WebPage","@id":"https:\/\/canal7slp.tv\/2019\/lenia-ruvalcaba-y-eduardo-avila-listos-para-clasificatorio-de-judo-en-eu\/","url":"https:\/\/canal7slp.tv\/2019\/lenia-ruvalcaba-y-eduardo-avila-listos-para-clasificatorio-de-judo-en-eu\/","name":"Lenia Ruvalcaba y Eduardo \u00c1vila listos para clasificatorio de judo en EU - Canal 7 SLP - 2019","isPartOf":{"@id":"https:\/\/canal7slp.tv\/2019\/#website"},"primaryImageOfPage":{"@id":"https:\/\/canal7slp.tv\/2019\/lenia-ruvalcaba-y-eduardo-avila-listos-para-clasificatorio-de-judo-en-eu\/#primaryimage"},"image":{"@id":"https:\/\/canal7slp.tv\/2019\/lenia-ruvalcaba-y-eduardo-avila-listos-para-clasificatorio-de-judo-en-eu\/#primaryimage"},"thumbnailUrl":"https:\/\/canal7slp.tv\/2019\/wp-content\/uploads\/2019\/06\/1120-20.jpg","datePublished":"2019-06-30T14:49:26+00:00","breadcrumb":{"@id":"https:\/\/canal7slp.tv\/2019\/lenia-ruvalcaba-y-eduardo-avila-listos-para-clasificatorio-de-judo-en-eu\/#breadcrumb"},"inLanguage":"es","potentialAction":[{"@type":"ReadAction","target":["https:\/\/canal7slp.tv\/2019\/lenia-ruvalcaba-y-eduardo-avila-listos-para-clasificatorio-de-judo-en-eu\/"]}]},{"@type":"ImageObject","inLanguage":"es","@id":"https:\/\/canal7slp.tv\/2019\/lenia-ruvalcaba-y-eduardo-avila-listos-para-clasificatorio-de-judo-en-eu\/#primaryimage","url":"https:\/\/canal7slp.tv\/2019\/wp-content\/uploads\/2019\/06\/1120-20.jpg","contentUrl":"https:\/\/canal7slp.tv\/2019\/wp-content\/uploads\/2019\/06\/1120-20.jpg","width":501,"height":410},{"@type":"BreadcrumbList","@id":"https:\/\/canal7slp.tv\/2019\/lenia-ruvalcaba-y-eduardo-avila-listos-para-clasificatorio-de-judo-en-eu\/#breadcrumb","itemListElement":[{"@type":"ListItem","position":1,"name":"Home","item":"https:\/\/canal7slp.tv\/2019\/"},{"@type":"ListItem","position":2,"name":"Lenia Ruvalcaba y Eduardo \u00c1vila listos para clasificatorio de judo en EU"}]},{"@type":"WebSite","@id":"https:\/\/canal7slp.tv\/2019\/#website","url":"https:\/\/canal7slp.tv\/2019\/","name":"Canal 7 SLP - Somos TV","description":"Somos un Canal de 10","publisher":{"@id":"https:\/\/canal7slp.tv\/2019\/#organization"},"potentialAction":[{"@type":"SearchAction","target":{"@type":"EntryPoint","urlTemplate":"https:\/\/canal7slp.tv\/2019\/?s={search_term_string}"},"query-input":{"@type":"PropertyValueSpecification","valueRequired":true,"valueName":"search_term_string"}}],"inLanguage":"es"},{"@type":"Organization","@id":"https:\/\/canal7slp.tv\/2019\/#organization","name":"Comunicaci\u00f3n 2000 S.A. de C.V.","url":"https:\/\/canal7slp.tv\/2019\/","logo":{"@type":"ImageObject","inLanguage":"es","@id":"https:\/\/canal7slp.tv\/2019\/#\/schema\/logo\/image\/","url":"https:\/\/canal7slp.tv\/2019\/wp-content\/uploads\/2019\/07\/logo-c7.png","contentUrl":"https:\/\/canal7slp.tv\/2019\/wp-content\/uploads\/2019\/07\/logo-c7.png","width":220,"height":60,"caption":"Comunicaci\u00f3n 2000 S.A. de C.V."},"image":{"@id":"https:\/\/canal7slp.tv\/2019\/#\/schema\/logo\/image\/"},"sameAs":["https:\/\/www.facebook.com\/CANAL7SLP\/","https:\/\/x.com\/canal7_slp","https:\/\/www.instagram.com\/canal7_slp","https:\/\/www.youtube.com\/user\/NOTICIEROSCANAL7SLP\/"]},{"@type":"Person","@id":"https:\/\/canal7slp.tv\/2019\/#\/schema\/person\/11d941c1c6ca30ac0a46b95fa37aa2e3","name":"edicionweb","image":{"@type":"ImageObject","inLanguage":"es","@id":"https:\/\/secure.gravatar.com\/avatar\/eee448fc3f7164808013b816ba91ac7e43bbe82a70bebac296f8bc6f0addaa1a?s=96&d=mm&r=g","url":"https:\/\/secure.gravatar.com\/avatar\/eee448fc3f7164808013b816ba91ac7e43bbe82a70bebac296f8bc6f0addaa1a?s=96&d=mm&r=g","contentUrl":"https:\/\/secure.gravatar.com\/avatar\/eee448fc3f7164808013b816ba91ac7e43bbe82a70bebac296f8bc6f0addaa1a?s=96&d=mm&r=g","caption":"edicionweb"}}]}},"amp_enabled":true,"cmb2":{"video_ids_in_playlist":{"vid_p_videos":""},"video_ids_in_channel":{"vid_c_videos":""},"playlist_ids_in_channel":{"vid_c_playlists":""},"series_ids_in_channel":{"vid_c_series":""},"channel_images":{"vid_c_logo":"","vid_c_banner":""},"poster_feature_image":{"vid_m_poster_image":""},"gif_feature_image":{"vid_m_gif_image":""},"video_movie_settings":{"vid_m_director":"","vid_m_actor":"","vid_m_imdb_ratings":"","vid_m_amazon_associates":""},"vid_youtube_broadcasts_settings":{"vid_yb_broadcast_title":"","vid_yb_q":"","vid_yb_channelid":"","vid_yb_videocategoryid":"","vid_yb_maxresults":"","vid_yb_order":"","vid_yb_regioncode":"","vid_yb_videosyndicated":"","vid_yb_style":"","vid_yb_reload_first":""},"video_series_settings":{"vid_m_director":"","vid_m_actor":"","vid_m_imdb_ratings":"","video_series_group":""},"amazon_associates_settings":{"amazon_associates":"","amazon_native_ad":""},"vid_youtube_automatic_settings":{"vid_ya_youtube_source":"","vid_ya_update_every":"","vid_ya_update_unit":"","vid_ya_categories":"","vid_ya_published_after":"","vid_ya_published_before":"","vid_ya_playlists":"","vid_ya_channels":"","vid_ya_director":"","vid_ya_actor":"","vid_ya_author":"","vid_ya_import_post_date":"","vid_ya_status":"","vid_ya_sub_api_key":""},"vid_ads_m_videoads_settings_post":{"vid_ads_m_video_ads":"","vid_ads_m_video_ads_type":"","vid_ads_m_group_google_ima":"","vid_ads_m_group_image":"","vid_ads_m_group_html5_video":"","vid_ads_m_group_html":"","vid_ads_m_vast_preroll":"","vid_ads_m_vast_postroll":"","vid_ads_m_vast_pauseroll":"","vid_ads_m_vast_midroll":[{"vid_ads_m_vast_timer_seconds":"50"}],"vid_ads_m_time_to_show_ads":"","vid_ads_m_time_skip_ads":"","vid_ads_m_time_to_hide_ads":""},"page_slider_settings":{"display_slider_group":"","page_slider_group":""},"blog_page_settings":{"blog_page_title":"","blog_page_heading":"","blog_page_ic":"","blog_page_it":"","blog_page_ec":"","blog_page_ip":"","archive_loop_style":"","blog_image_ratio":"","blog_show_categories":"","blog_show_excerpt":"","blog_show_author":"","blog_show_date":"","blog_show_comment_count":"","blog_show_view_count":"","blog_show_like_count":"","blog_show_dislike_count":"","blog_items_per_page":"","blog_pag_type":""},"page_options":{"get_page_template":"","color_mode":"","main_layout":"","main_layout_full_with":"","main_logo":"","main_logo_retina":"","main_logo_mobile":"","main_logo_mobile_retina":"","sticky_logo":"","sticky_logo_retina":"","main_nav_layout":"","ajax_search":"","header_background":"","theme_sidebar":"","instagram_feed":"","instagram_feed_position":"","popular_videos":"","popular_videos_title_1":"","popular_videos_title_2":"","popular_videos_ic":"","popular_videos_it":"","theme_background":"","page_custom_css":""},"feature_image_settings":{"feature_image_position":""},"video_player_settings":{"single_video_style":"","video_player_position":"","vm_video_url":"","video_player_library":"","video_streaming":"","vm_media_sources":"","vid_auto_play":"","vm_video_shortcode":"","vid_p_sync_playlist":"","vid_c_sync_channel":"","get_post_format":"","multiple_links_structure":"default","multi_links_title":"","vm_video_multi_links":"","vm_duration":"","vid_social_locker":"off","vid_social_locker_id":"","vid_membership_action":"content-video","vm_video_trailer_url":"","vid_download_type":"free","vid_download_target":"download","vid_woo_product":"","vm_media_download":"","user_rating":"","user_rating_position":"","user_rating_mode":"","user_rating_multi_sets":""},"video_auto_fetch_settings":{"vm_video_fetch":"on"},"video_fake_views_likes":{"vm_fake_views":"","vm_fake_likes":"","vm_fake_dislikes":""},"gallery_settings":{"gallery_position":""},"quote_settings":{"quote_position":""},"post_options":{"main_layout":"","main_logo":"","main_logo_retina":"","main_logo_mobile":"","main_logo_mobile_retina":"","sticky_logo":"","sticky_logo_retina":"","main_nav_layout":"","header_background":"","theme_sidebar":"","single_post_comment_type":"","theme_background":""}},"_links":{"self":[{"href":"https:\/\/canal7slp.tv\/2019\/wp-json\/wp\/v2\/posts\/24537","targetHints":{"allow":["GET"]}}],"collection":[{"href":"https:\/\/canal7slp.tv\/2019\/wp-json\/wp\/v2\/posts"}],"about":[{"href":"https:\/\/canal7slp.tv\/2019\/wp-json\/wp\/v2\/types\/post"}],"author":[{"embeddable":true,"href":"https:\/\/canal7slp.tv\/2019\/wp-json\/wp\/v2\/users\/2"}],"replies":[{"embeddable":true,"href":"https:\/\/canal7slp.tv\/2019\/wp-json\/wp\/v2\/comments?post=24537"}],"version-history":[{"count":0,"href":"https:\/\/canal7slp.tv\/2019\/wp-json\/wp\/v2\/posts\/24537\/revisions"}],"wp:featuredmedia":[{"embeddable":true,"href":"https:\/\/canal7slp.tv\/2019\/wp-json\/wp\/v2\/media\/24538"}],"wp:attachment":[{"href":"https:\/\/canal7slp.tv\/2019\/wp-json\/wp\/v2\/media?parent=24537"}],"wp:term":[{"taxonomy":"category","embeddable":true,"href":"https:\/\/canal7slp.tv\/2019\/wp-json\/wp\/v2\/categories?post=24537"},{"taxonomy":"post_tag","embeddable":true,"href":"https:\/\/canal7slp.tv\/2019\/wp-json\/wp\/v2\/tags?post=24537"}],"curies":[{"name":"wp","href":"https:\/\/api.w.org\/{rel}","templated":true}]}}